{"id":104047,"date":"2023-10-27T11:16:00","date_gmt":"2023-10-27T14:16:00","guid":{"rendered":"https:\/\/vestibulares.estrategia.com\/portal\/?p=104047"},"modified":"2024-01-23T16:20:18","modified_gmt":"2024-01-23T19:20:18","slug":"democracia-desenvolva-repertorios-socioculturais-para-o-vestibular","status":"publish","type":"post","link":"https:\/\/vestibulares.estrategia.com\/portal\/atualidades-e-dicas\/democracia-desenvolva-repertorios-socioculturais-para-o-vestibular\/","title":{"rendered":"Democracia: desenvolva repert\u00f3rios socioculturais para o vestibular"},"content":{"rendered":"<p>O termo democracia surgiu na Gr&eacute;cia Antiga e vem do grego <em>demokratia<\/em>: demo significa povo, enquanto kratia, poder, ou seja, poder do povo. O conceito surgiu em Atenas, atual capital do pa&iacute;s, no ano de 510 a.C. e nele a popula&ccedil;&atilde;o do local pode escolher seus representantes por meio do voto.<p>Ainda assim, a democracia s&oacute; foi ressurgir na hist&oacute;ria no s&eacute;culo 18, com as revolu&ccedil;&otilde;es burguesas que come&ccedil;aram a se espalhar pelo mundo, como a Revolu&ccedil;&atilde;o Francesa e a Revolu&ccedil;&atilde;o Americana (processo de independ&ecirc;ncia dos Estados Unidos).<\/p><p>E para se construir uma democracia, &eacute; necess&aacute;rio estruturar todo um sistema que engloba pontos como ordem eleitoral, institui&ccedil;&otilde;es administrativas, fun&ccedil;&otilde;es dos poderes (Executivo, Legislativo e Judici&aacute;rio), Constitui&ccedil;&atilde;o e possibilidade de organiza&ccedil;&atilde;o pol&iacute;tica variada.<\/p><p>Em decorr&ecirc;ncia das diversas estruturas existentes no mundo, s&atilde;o alguns modelos distintos de democracia existentes, seja ao longo da hist&oacute;ria, ou atualmente. Ainda assim, o conceito e suas aplica&ccedil;&otilde;es s&atilde;o questionadas e at&eacute; mesmo confrontadas constantemente, geralmente por pessoas que desejam outros rumos pol&iacute;ticos e formam organiza&ccedil;&otilde;es consideradas antidemocr&aacute;ticas.<\/p><p>Confira no artigo abaixo mais quest&otilde;es e debates sobre a democracia que est&atilde;o em evid&ecirc;ncia nos &uacute;ltimos anos ou que tem valor hist&oacute;rico e podem aparecer nos vestibulares e no Enem, e construa um repert&oacute;rio sociocultural a partir dos temas apresentados.<\/p><p>+ <a href=\"https:\/\/vestibulares.estrategia.com\/portal\/atualidades-e-dicas\/11-questoes-sobre-revolucao-francesa-que-ja-cairam-nos-vestibulares-e-no-enem\/\">11 quest&otilde;es sobre Revolu&ccedil;&atilde;o Francesa que j&aacute; ca&iacute;ram nos vestibulares e no Enem<\/a><\/p><p>\n\n\n\n<div id=\"new-form\">\n\t<form id=\"forms_layout\">\n\t<input type=\"hidden\" id=\"chave_de\" name=\"chave_de\" value=\"01_EVEST_LEADS_TOTAIS\" \/>\n\t\t<input type=\"hidden\" id=\"mid\" name=\"mid\" value=\"515008983\" \/>\n\t\t<input type=\"hidden\" id=\"Objetivo\" name=\"Objetivo\" value=\"Vestibulares\" \/>\n\t\t<input type=\"hidden\" id=\"Estado_de_Origem_do_IP\" name=\"Estado_de_Origem_do_IP\"  value=\"\" \/>\n\t\t<input type=\"hidden\" id=\"Cidade_de_Origem_do_IP\" name=\"Cidade_de_Origem_do_IP\" value=\"\" \/>\n\t\t<input type=\"hidden\" id=\"Modo_de_entrada\" name=\"Modo_de_entrada\" value=\"Portal\" \/>\n\t\t<input type=\"hidden\" id=\"Pagina_Origem\" name=\"Pagina_Origem\" value=\"\" \/>\n\n\t\t<div class=\"texto\">\n\t\t\t<h3 class=\"news\">Inscreva-se em nossa newsletter\ud83e\udd89<\/h3>\n\t\t\t<p>Receba dicas de estudo gratuitas e saiba em primeira m\u00e3o as novidades sobre o Enem, Sisu, Encceja, Fuvest e outros vestibulares!<\/p>\n\t\t<\/div>\n\t\t<div class=\"campos\">\n\t\t\t<div class=\"first_name labels\">\n\t\t\t\t<input type=\"text\" class=\"input_labels\" id=\"first_name\" name=\"Nome_Completo\" placeholder=\"Nome\" required \/>\n\t\t\t<\/div>\n\t\t\t<div class=\"email labels\">\n\t\t\t\t<input type=\"email\" class=\"input_labels\" id=\"email\" name=\"Email\" placeholder=\"E-mail\" required \/>\n\t\t\t<\/div>\n\t\t\t<button type=\"submit\" class=\"button_layout\">\n\t\t\t\t<div id=\"lblBotao\">Inscreva-se<\/div>\n\t\t\t\t<span id=\"divSpiner\" class=\"loader\" role=\"status\" style=\"display: none;\"><\/span>\t\n\t\t\t<\/button>\n\t\t<\/div><!-- \/campos -->\n\t\t\n\t\t<label class=\"container_checkbox\">Voc\u00ea concorda com a nossa\n\t\t\t<a class=\"politics_privacy_ahref\" target=\"_blank\" href=\"https:\/\/gratis.estrategiaconcursos.com.br\/politica-de-privacidade\/\">Pol\u00edtica de Privacidade<\/a> e aceita receber informa\u00e7\u00f5es adicionais do Estrat\u00e9gia Educacional.\n\t\t\t<input id=\"checkbox_layout\" type=\"checkbox\" checked=\"checked\" required \/>\n\t\t\t<span class=\"checkbox\"><\/span>\n\t\t<\/label>\n\t\t<div id=\"msg\"><\/div>\n\t\t<div id=\"error\" class=\"error\">\n\t\t<\/div>\n\t<\/form>\n<\/div><!-- \/new-form -->\n\n\n\n<\/p><div id=\"ez-toc-container\" class=\"ez-toc-v2_0_76 counter-hierarchy ez-toc-counter ez-toc-transparent ez-toc-container-direction\">\n<div class=\"ez-toc-title-container\"><p class=\"ez-toc-title\" style=\"cursor:inherit\">Navegue pelo conte\u00fado<\/p>\n<\/div><nav><ul class='ez-toc-list ez-toc-list-level-1 ' ><li class='ez-toc-page-1 ez-toc-heading-level-2'><a class=\"ez-toc-link ez-toc-heading-1\" href=\"https:\/\/vestibulares.estrategia.com\/portal\/atualidades-e-dicas\/democracia-desenvolva-repertorios-socioculturais-para-o-vestibular\/#Conceitos-da-democracia\" >Conceitos da democracia<\/a><\/li><li class='ez-toc-page-1 ez-toc-heading-level-2'><a class=\"ez-toc-link ez-toc-heading-2\" href=\"https:\/\/vestibulares.estrategia.com\/portal\/atualidades-e-dicas\/democracia-desenvolva-repertorios-socioculturais-para-o-vestibular\/#Confira-temas-relacionados-a-democracia-que-podem-aparecer-nos-vestibulares\" >Confira temas relacionados &agrave; democracia que podem aparecer nos vestibulares<\/a><\/li><li class='ez-toc-page-1 ez-toc-heading-level-2'><a class=\"ez-toc-link ez-toc-heading-3\" href=\"https:\/\/vestibulares.estrategia.com\/portal\/atualidades-e-dicas\/democracia-desenvolva-repertorios-socioculturais-para-o-vestibular\/#Filmes-e-documentarios-sobre-democracia\" >Filmes e document&aacute;rios sobre democracia<\/a><\/li><li class='ez-toc-page-1 ez-toc-heading-level-2'><a class=\"ez-toc-link ez-toc-heading-4\" href=\"https:\/\/vestibulares.estrategia.com\/portal\/atualidades-e-dicas\/democracia-desenvolva-repertorios-socioculturais-para-o-vestibular\/#Questoes-sobre-democracia\" >Quest&otilde;es sobre democracia<\/a><\/li><li class='ez-toc-page-1 ez-toc-heading-level-2'><a class=\"ez-toc-link ez-toc-heading-5\" href=\"https:\/\/vestibulares.estrategia.com\/portal\/atualidades-e-dicas\/democracia-desenvolva-repertorios-socioculturais-para-o-vestibular\/#Escolha-democraticamente-o-Estrategia-Vestibulares\" >Escolha democraticamente o Estrat&eacute;gia Vestibulares<\/a><\/li><\/ul><\/nav><\/div>\n<h2 class=\"wp-block-heading\" id=\"h-conceitos-da-democracia\"><span class=\"ez-toc-section\" id=\"Conceitos-da-democracia\"><\/span>Conceitos da democracia<span class=\"ez-toc-section-end\"><\/span><\/h2><p>A democracia &eacute; um regime pol&iacute;tico, conceito que expressa a rela&ccedil;&atilde;o entre governantes e governados, ou seja, entre o funcionamento das institui&ccedil;&otilde;es e como afetam seus cidad&atilde;os.<\/p><p>O Brasil, por exemplo, tem como forma de governo a rep&uacute;blica, sua forma de estado &eacute; federada, que acontece quando ele &eacute; descentralizado, seu sistema de governo presidencialista e o regime pol&iacute;tico &eacute; o democr&aacute;tico. E esse regime &eacute; associado &agrave; participa&ccedil;&atilde;o da popula&ccedil;&atilde;o nas escolhas pol&iacute;ticas, seja dos seus representantes como at&eacute; mesmo de algumas decis&otilde;es de forma direta como referendos.<\/p><p>Outro ponto importante quando falamos de democracia &eacute; o direito dos cidad&atilde;os, que variam de acordo com o pa&iacute;s e o momento hist&oacute;rico. O fil&oacute;sofo italiano Norberto Bobbio aponta que &ldquo;os direitos n&atilde;o vieram todos de uma vez e nem de uma vez por todas&rdquo;, demonstrando a necessidade de se lutar para manter os direitos existentes e tamb&eacute;m para que novos surjam.<\/p><p>O cientista pol&iacute;tico estadunidense Robert Dahl afirma que o princ&iacute;pio da democracia &eacute; a igualdade pol&iacute;tica na disputa. Portanto, o regime pol&iacute;tico democr&aacute;tico envolve disputas pelo poder de forma justa, em que grupos distintos possam debater ideias nas esferas p&uacute;blicas.<\/p><h2 class=\"wp-block-heading\" id=\"h-confira-temas-relacionados-a-democracia-que-podem-aparecer-nos-vestibulares\"><span class=\"ez-toc-section\" id=\"Confira-temas-relacionados-a-democracia-que-podem-aparecer-nos-vestibulares\"><\/span>Confira temas relacionados &agrave; democracia que podem aparecer nos vestibulares<span class=\"ez-toc-section-end\"><\/span><\/h2><p>Temas como o funcionamento das democracias modernas, aumento da participa&ccedil;&atilde;o feminina, liberdade de express&atilde;o e como esse regime pol&iacute;tico evoluiu no Brasil podem aparecer nos vestibulares exigindo reflex&atilde;o e respostas assertivas dos candidatos. Confira abaixo.<\/p><h3 class=\"wp-block-heading\" id=\"h-democracia-no-mundo-contemporaneo\">Democracia no mundo contempor&acirc;neo<\/h3><p>As democracias contempor&acirc;neas t&ecirc;m como caracter&iacute;sticas elei&ccedil;&otilde;es peri&oacute;dicas de diversos n&iacute;veis para cargos executivos, legislativos e at&eacute; judici&aacute;rios em alguns pa&iacute;ses, com partidos pol&iacute;ticos diversificados e uma certa altern&acirc;ncia de poder, alicer&ccedil;ado na real possibilidade de que isso aconte&ccedil;a por meio de voto.<\/p><p>E a democracia moderna envolve a conquista de direitos de grupos espec&iacute;ficos ou parcelas da popula&ccedil;&atilde;o, sempre com rea&ccedil;&otilde;es contr&aacute;rias a elas e momentos em que tais direitos s&atilde;o questionados. No in&iacute;cio do processo democr&aacute;tico somente homens adultos letrados tinham o poder do voto. Mas com o passar do tempo, mais homens e, posteriormente, mulheres tamb&eacute;m conquistaram tal direito.<\/p><p>O pr&oacute;prio direito ao voto &eacute;, portanto, um exemplo da frase de Bobbio, citada acima, sobre luta por conquista e manuten&ccedil;&atilde;o de direitos. E isso se estende tamb&eacute;m a fazer com que tais direitos prevale&ccedil;am, j&aacute; que muitas vezes h&aacute; o direito, mas n&atilde;o h&aacute; a execu&ccedil;&atilde;o dele na realidade.<\/p><h3 class=\"wp-block-heading\" id=\"h-como-e-a-democracia-no-brasil\">Como &eacute; a democracia no Brasil<\/h3><p>A Proclama&ccedil;&atilde;o da Rep&uacute;blica, em 1889, institucionalizou os tr&ecirc;s poderes no pa&iacute;s. Cargos executivos como presidente e governadores, e executivos como vereadores e deputados, s&atilde;o eleitos por voto popular. J&aacute; o judici&aacute;rio conta com sistema que inclui aprova&ccedil;&atilde;o por concursos p&uacute;blicos e indica&ccedil;&otilde;es (em alguns cargos). Veja mais detalhes sobre o papel dos tr&ecirc;s poderes:<\/p><ul class=\"wp-block-list\">\n<li>Executivo: prop&otilde;e planos de a&ccedil;&atilde;o nacional, tem poder de veto e de san&ccedil;&atilde;o de leis aprovadas pelo congresso e executa as leis brasileiras;<\/li>\n\n\n\n<li>Legislativo: cria e aprova leis e fiscaliza o executivo, com fun&ccedil;&atilde;o de controle em &acirc;mbitos pol&iacute;ticos, administrativos e or&ccedil;ament&aacute;rio em regime bicameral (Senado e C&acirc;mara); e<\/li>\n\n\n\n<li>Judici&aacute;rio: interpreta e julga leis seguindo regras constitucionais e leis criadas pelo Legislativo.<\/li>\n<\/ul><p>As elei&ccedil;&otilde;es acontecem de dois em dois anos, revezando os &acirc;mbitos estadual e federal com municipal e o n&uacute;mero de vagas aos postos de deputados e vereadores varia de acordo com o n&uacute;mero de habitantes do munic&iacute;pio ou estado.<\/p><figure class=\"wp-block-embed is-type-video is-provider-youtube wp-block-embed-youtube wp-embed-aspect-16-9 wp-has-aspect-ratio\"><div class=\"wp-block-embed__wrapper\">\n<div class=\"cs-embed cs-embed-responsive\"><iframe title=\"Como funciona o Estado Brasileiro hoje?  | Elei&ccedil;&otilde;es 2022 - An&aacute;lise para ENEM e Vestibulares\" width=\"1200\" height=\"675\" src=\"https:\/\/www.youtube.com\/embed\/P_5I3rNGKgs?feature=oembed\" frameborder=\"0\" allow=\"accelerometer; autoplay; clipboard-write; encrypted-media; gyroscope; picture-in-picture; web-share\" allowfullscreen><\/iframe><\/div>\n<\/div><\/figure><h3 class=\"wp-block-heading\" id=\"h-tipos-de-democracia\">Tipos de democracia<\/h3><p>Existem diferentes formas de se construir uma democracia, advindas de teorias distintas e organiza&ccedil;&otilde;es que v&atilde;o se transformando ao longo do tempo. Confira quais s&atilde;o os tipos abaixo:<\/p><ul class=\"wp-block-list\">\n<li>Democracia direta: todas as decis&otilde;es pol&iacute;ticas s&atilde;o feitas atrav&eacute;s de vota&ccedil;&atilde;o, referendo ou assembleia;<\/li>\n\n\n\n<li>Democracia indireta: s&atilde;o eleitos representantes pol&iacute;ticos, respons&aacute;veis por tomar decis&otilde;es em nome da popula&ccedil;&atilde;o de acordo com a esfera em que atua. &Eacute; o modelo mais comum de democracia atualmente, tamb&eacute;m chamada de democracia representativa;<\/li>\n\n\n\n<li>Democracia semidireta: consiste em uma combina&ccedil;&atilde;o dos dois modelos acima. H&aacute; representa&ccedil;&atilde;o pol&iacute;tica e participa&ccedil;&atilde;o do povo em referendos, por exemplo, em algumas quest&otilde;es;<\/li>\n\n\n\n<li>Democracia liberal: o modelo prega uma diminui&ccedil;&atilde;o m&aacute;xima do Estado, valorizando o princ&iacute;pio da igualdade entre as pessoas, livre mercado e menor media&ccedil;&atilde;o do poder p&uacute;blico;<\/li>\n\n\n\n<li>Democracia social: busca a igualdade e justi&ccedil;a social entre as pessoas, com a interven&ccedil;&atilde;o do Estado em um papel de regula&ccedil;&atilde;o do funcionamento da m&aacute;quina p&uacute;blica em geral; e<\/li>\n\n\n\n<li>Democracia racial: conceito apresentado pelo soci&oacute;logo Gilberto Freyre em &ldquo;<em>Casa-Grande e Senzala<\/em>&rdquo; que conclu&iacute;a, de forma err&ocirc;nea, que o Brasil n&atilde;o tinha conflitos relacionados ao racismo e, por isso, cunhou-se a express&atilde;o &ldquo;mito da democracia racial&rdquo;. Esse tipo de democracia n&atilde;o &eacute; um regime pol&iacute;tico como os citados acima.<\/li>\n<\/ul><h3 class=\"wp-block-heading\" id=\"h-liberdade-de-expressao\">Liberdade de express&atilde;o<\/h3><p>Um dos pontos mais contestados atualmente quando falamos em democracia, mas tamb&eacute;m em pol&iacute;tica de forma geral &eacute; o conceito de liberdade de express&atilde;o. O direito de manifestar ideias e opini&otilde;es &eacute; uma das bases de estados democr&aacute;ticos, mas as interpreta&ccedil;&otilde;es desse conceito s&atilde;o conflitantes.<\/p><p>O artigo &ldquo;<a href=\"https:\/\/www.bbc.com\/portuguese\/geral-62550835\" target=\"_blank\" rel=\"noopener noreferrer\">O que &eacute; liberdade de Express&atilde;o<\/a>&rdquo;, da BBC, discute o assunto e pontua a dificuldade de definir os limites do conceito, suas origens e transforma&ccedil;&otilde;es, tra&ccedil;ando paralelos entre discursos de &oacute;dio e acusa&ccedil;&otilde;es de censura e como a internet potencializou n&atilde;o s&oacute; o debate, mas a radicaliza&ccedil;&atilde;o dele.<\/p><h3 class=\"wp-block-heading\" id=\"h-participacao-feminina-na-politica-e-sociedade\">Participa&ccedil;&atilde;o feminina na pol&iacute;tica e sociedade<\/h3><p>Em 2022 comemorou-se 90 anos do voto das mulheres no Brasil, mas elas representam apenas 15% da C&acirc;mara e 12% do Senado, mesmo sendo 52,5% da popula&ccedil;&atilde;o e tendo mais de 77 milh&otilde;es de eleitoras.<\/p><p>A Lei das Elei&ccedil;&otilde;es (n&ordm; 9.504\/1997), <a href=\"http:\/\/www.planalto.gov.br\/ccivil_03\/_Ato2007-2010\/2009\/Lei\/L12034.htm\" target=\"_blank\" rel=\"noopener noreferrer\">atualizada em 2009<\/a>, estabelece que todos os partidos devem preencher um percentual m&iacute;nimo de 30% de candidaturas femininas entre seus candidatos. Mas muitas vezes ou a lei n&atilde;o &eacute; cumprida ou &eacute; fraudada, com candidaturas laranjas.&nbsp;<\/p><p>O Nexo Jornal publicou a mat&eacute;ria &ldquo;<a href=\"https:\/\/pp.nexojornal.com.br\/perguntas-que-a-ciencia-ja-respondeu\/2020\/6-pontos-sobre-as-cotas-para-mulheres-na-pol%C3%ADtica\" target=\"_blank\" rel=\"noopener noreferrer\">6 pontos sobre as cotas para mulheres na pol&iacute;tica<\/a>&rdquo;, que traz reflex&otilde;es sobre a import&acirc;ncia da participa&ccedil;&atilde;o feminina, seus impactos sociais e os efeitos desse aumento na representatividade nos pap&eacute;is sociais de g&ecirc;nero&rdquo;.<\/p><p>+ <a href=\"https:\/\/vestibulares.estrategia.com\/portal\/materias\/redacao\/citacoes-sobre-igualdade-de-genero\/\">7 cita&ccedil;&otilde;es sobre igualdade de g&ecirc;nero para usar na reda&ccedil;&atilde;o<\/a><br>+ <a href=\"https:\/\/vestibulares.estrategia.com\/portal\/materias\/redacao\/7-citacoes-sobre-feminismo-para-usar-na-redacao\/\">7 cita&ccedil;&otilde;es sobre feminismo para usar na reda&ccedil;&atilde;o<\/a><br>+ <a href=\"https:\/\/vestibulares.estrategia.com\/portal\/materias\/redacao\/11-filmes-sobre-feminismo-para-usar-como-repertorio-sociocultural-na-redacao\/\">11 filmes sobre feminismo para usar como repert&oacute;rio sociocultural na reda&ccedil;&atilde;o<\/a><\/p><h3 class=\"wp-block-heading\" id=\"h-democracia-jovem-e-o-jovem-na-democracia\">Democracia jovem e o jovem na democracia<\/h3><p>Atualmente, o Brasil vive seu maior per&iacute;odo democr&aacute;tico: desde 1988 o Pa&iacute;s convive sem que haja um regime de exce&ccedil;&atilde;o, e isso exp&otilde;e o qu&atilde;o jovem &eacute; a nossa democracia. Isso demonstra, de certo modo, a fragilidade do regime pol&iacute;tico no pa&iacute;s, ponto que se repete em diversos lugares do mundo que, ou experimentam a democracia pela primeira vez nesse momento, ou at&eacute; mesmo est&atilde;o sofrendo com golpes e tomadas de poder.<\/p><p>Relacionado a isso est&aacute; tamb&eacute;m o aumento na descren&ccedil;a da democracia como melhor modelo pol&iacute;tico por parte dos jovens. Um <a href=\"https:\/\/www.estadao.com.br\/internacional\/jovens-tem-menos-fe-democracia-estudo-global-realizado-em-30-paises-nprei\/\" target=\"_blank\" rel=\"noopener noreferrer\">estudo realizado em 30 pa&iacute;ses<\/a> apontou que apenas 57% dos entrevistados entre 18 e 35 anos consideram a democracia prefer&iacute;vel a uma outra forma de governo. A porcentagem fica em 71% entre faixas et&aacute;rias mais velhas.<\/p><p>Nesse cen&aacute;rio, o artigo de Mark Malloch-Brown, presidente da Open Society Foundations e ex-vice-secret&aacute;rio-geral das Na&ccedil;&otilde;es Unidas, &ldquo;<a href=\"https:\/\/www1.folha.uol.com.br\/mundo\/2023\/09\/democracias-correm-risco-de-perder-apoio-dos-jovens-caso-nao-entreguem-mais.shtml\" target=\"_blank\" rel=\"noopener noreferrer\">Democracias correm risco de perder apoio dos jovens caso n&atilde;o entreguem mais<\/a>&rdquo;, comenta o tal estudo e aponta que parte dessa desilus&atilde;o vem da aus&ecirc;ncia de pol&iacute;ticas p&uacute;blicas que atendam as popula&ccedil;&otilde;es desses pa&iacute;ses, al&eacute;m da falta de efici&ecirc;ncia em um di&aacute;logo global em f&oacute;runs como da ONU, G20 e Banco Mundial.<\/p><p>+ <a href=\"https:\/\/vestibulares.estrategia.com\/portal\/materias\/redacao\/9-citacoes-sobre-democracia-para-usar-na-redacao\/\">9 cita&ccedil;&otilde;es sobre democracia para usar na reda&ccedil;&atilde;o<\/a><\/p><h2 class=\"wp-block-heading\" id=\"h-filmes-e-documentarios-sobre-democracia\"><span class=\"ez-toc-section\" id=\"Filmes-e-documentarios-sobre-democracia\"><\/span>Filmes e document&aacute;rios sobre democracia<span class=\"ez-toc-section-end\"><\/span><\/h2><p>Separamos alguns filmes e document&aacute;rios que abordam a democracia como um de seus temas principais. Confira!<\/p><h3 class=\"wp-block-heading\" id=\"h-democracia-em-vertigem-2019\">Democracia em Vertigem (2019)<\/h3><p>Na perspectiva de Petra Costa, diretora da obra, &ldquo;Democracia em Vertigem&rdquo; mostra a ascens&atilde;o e queda do Lulismo no Pa&iacute;s e a consequente polariza&ccedil;&atilde;o do Brasil. O document&aacute;rio concorreu ao Oscar de melhor document&aacute;rio em longa-metragem no ano de 2020.<\/p><figure class=\"wp-block-embed is-type-video is-provider-youtube wp-block-embed-youtube wp-embed-aspect-16-9 wp-has-aspect-ratio\"><div class=\"wp-block-embed__wrapper\">\n<div class=\"cs-embed cs-embed-responsive\"><iframe title=\"Democracia em Vertigem | Trailer oficial [HD] | Netflix\" width=\"1200\" height=\"675\" src=\"https:\/\/www.youtube.com\/embed\/vwZ5m10y1rQ?feature=oembed\" frameborder=\"0\" allow=\"accelerometer; autoplay; clipboard-write; encrypted-media; gyroscope; picture-in-picture; web-share\" allowfullscreen><\/iframe><\/div>\n<\/div><\/figure><h3 class=\"wp-block-heading\" id=\"h-argentina-1985-2022\">Argentina, 1985 (2022)<\/h3><p>Os hermanos entram na lista com &ldquo;Argentina, 1985&rdquo;, filme que mostra a hist&oacute;ria real dos promotores p&uacute;blicos J&uacute;lio Strassera e Luis Moreno Ocampo, que s&atilde;o designados para investigar e processar os principais nomes da ditadura militar argentina. Venceu o Globo de Ouro de melhor filme em l&iacute;ngua estrangeira em 2023.<\/p><figure class=\"wp-block-embed is-type-video is-provider-youtube wp-block-embed-youtube wp-embed-aspect-16-9 wp-has-aspect-ratio\"><div class=\"wp-block-embed__wrapper\">\n<div class=\"cs-embed cs-embed-responsive\"><iframe title=\"ARGENTINA, 1985 Trailer (2022)\" width=\"1200\" height=\"675\" src=\"https:\/\/www.youtube.com\/embed\/SUF8KAigiuw?feature=oembed\" frameborder=\"0\" allow=\"accelerometer; autoplay; clipboard-write; encrypted-media; gyroscope; picture-in-picture; web-share\" allowfullscreen><\/iframe><\/div>\n<\/div><\/figure><h3 class=\"wp-block-heading\" id=\"h-junho-o-mes-que-abalou-o-brasil-2014\">Junho &ndash; O M&ecirc;s Que Abalou o Brasil (2014)<\/h3><p>O document&aacute;rio &ldquo;Junho &ndash; O m&ecirc;s que abalou o Brasil&rdquo; mostra a escalada de protestos que tomaram conta do pa&iacute;s durante junho de 2013, iniciando no Movimento Passe Livre at&eacute; ganhar espa&ccedil;o na grande m&iacute;dia e seus desdobramentos.<\/p><figure class=\"wp-block-embed is-type-video is-provider-youtube wp-block-embed-youtube wp-embed-aspect-16-9 wp-has-aspect-ratio\"><div class=\"wp-block-embed__wrapper\">\n<div class=\"cs-embed cs-embed-responsive\"><iframe title=\"Junho: O M&ecirc;s que Abalou o Brasil\" width=\"1200\" height=\"675\" src=\"https:\/\/www.youtube.com\/embed\/MnIBgT4eBKc?feature=oembed\" frameborder=\"0\" allow=\"accelerometer; autoplay; clipboard-write; encrypted-media; gyroscope; picture-in-picture; web-share\" allowfullscreen><\/iframe><\/div>\n<\/div><\/figure><h3 class=\"wp-block-heading\" id=\"h-privacidade-hackeada-2019\">Privacidade Hackeada (2019)<\/h3><p>O document&aacute;rio &ldquo;Privacidade Hackeada&rdquo; mostra como a empresa de an&aacute;lise de dados Cambridge Analytica usou milh&otilde;es de dados pessoais para manipular eleitores na disputa presidencial dos Estados Unidos em 2016.<\/p><figure class=\"wp-block-embed is-type-video is-provider-youtube wp-block-embed-youtube wp-embed-aspect-16-9 wp-has-aspect-ratio\"><div class=\"wp-block-embed__wrapper\">\n<div class=\"cs-embed cs-embed-responsive\"><iframe title=\"Privacidade Hackeada | Trailer oficial | Netflix\" width=\"1200\" height=\"675\" src=\"https:\/\/www.youtube.com\/embed\/wjXYCrxRWqc?feature=oembed\" frameborder=\"0\" allow=\"accelerometer; autoplay; clipboard-write; encrypted-media; gyroscope; picture-in-picture; web-share\" allowfullscreen><\/iframe><\/div>\n<\/div><\/figure><p>+ <a href=\"https:\/\/vestibulares.estrategia.com\/portal\/noticias\/tema-de-redacao-uea-2023\/\">Tema de reda&ccedil;&atilde;o UEA 2023: &ldquo;&eacute; poss&iacute;vel viver a democracia em um pa&iacute;s t&atilde;o desigual como o Brasil?&rdquo;<\/a><br>+ <a href=\"https:\/\/vestibulares.estrategia.com\/portal\/noticias\/tema-de-redacao-ufgd-2023-democracia-e-cidadania-institutos-complementares-para-promocao-da-justica-social-e-consolidacao-da-dignidade-humana\/\">Tema de reda&ccedil;&atilde;o UFGD 2023: &ldquo;Democracia e cidadania, institutos complementares para promo&ccedil;&atilde;o da justi&ccedil;a social e consolida&ccedil;&atilde;o da dignidade humana&rdquo;<\/a><\/p><h2 class=\"wp-block-heading\" id=\"h-questoes-sobre-democracia\"><span class=\"ez-toc-section\" id=\"Questoes-sobre-democracia\"><\/span>Quest&otilde;es sobre democracia<span class=\"ez-toc-section-end\"><\/span><\/h2><h3 class=\"wp-block-heading\" id=\"h-enem-2018\">Enem (2018)<\/h3><p>Confira algumas quest&otilde;es que abordam a democracia e foram usadas em vestibulares brasileiros diversos e entenda como o tema pode aparecer nas provas no futuro.<\/p><p>Um dos te&oacute;ricos da democracia moderna, Hans Kelsen, considera elemento essencial da democracia real (n&atilde;o da democracia ideal, que n&atilde;o existe em lugar algum) o m&eacute;todo da sele&ccedil;&atilde;o dos l&iacute;deres, ou seja, a elei&ccedil;&atilde;o. Exemplar, neste sentido, &eacute; a afirma&ccedil;&atilde;o de um juiz da Corte Suprema dos Estados Unidos, por ocasi&atilde;o de uma elei&ccedil;&atilde;o de 1902: &ldquo;A cabine eleitoral &eacute; o templo das institui&ccedil;&otilde;es americanas, onde cada um de n&oacute;s &eacute; um sacerdote, ao qual &eacute; confiada a guarda da arca da alian&ccedil;a e cada um oficia do seu pr&oacute;prio altar&rdquo;.<br><em>BOBBIO, N. Teoria geral da pol&iacute;tica. Rio de Janeiro: Elsevier, 2000 (adaptado).<\/em><\/p><p>As met&aacute;foras utilizadas no teto referem-se a uma concep&ccedil;&atilde;o de democracia fundamentada no (a)<\/p><p><strong>A <\/strong>justifica&ccedil;&atilde;o te&iacute;sta do direito.<br><strong>B <\/strong>rigidez da hierarquia de classe.<br><strong>C <\/strong>&ecirc;nfase formalista na administra&ccedil;&atilde;o.<br><strong>D <\/strong>protagonismo do Executivo no poder.<br><strong>E <\/strong>centralidade do indiv&iacute;duo na sociedade.<\/p><p><strong>Resposta:<\/strong> Apesar de o comando da quest&atilde;o nos situar diante de um problema da Democracia, o conhecimento cobrado &eacute; mais filos&oacute;fico pol&iacute;tico do que em torno das regras da Democracia. Nesse sentido, os instrumentos que estudamos em torno da Poder, da Pol&iacute;tica e do Estado, nos ajudam a responder. Repare que o texto chama a aten&ccedil;&atilde;o para a import&acirc;ncia do indiv&iacute;duo, &ldquo;onde cada um de n&oacute;s &eacute; um sacerdote&rdquo;.&nbsp;<\/p><p>Assim, temos que proceder a an&aacute;lise da quest&atilde;o com o seguinte: 1 &ndash; aquilo que &eacute; real; 2 &ndash; baseado no indiv&iacute;duo.<\/p><p>Alternativa correta: <strong>E<\/strong><\/p><h3 class=\"wp-block-heading\" id=\"h-uerj-2020\">Uerj (2020)<\/h3><p>INTELIG&Ecirc;NCIA ARTIFICIAL ENTRA NO JOGO DA POL&Iacute;TICA<\/p><p>O uso de tecnologias para influenciar o debate pol&iacute;tico n&atilde;o &eacute; novidade. Na elei&ccedil;&atilde;o presidencial brasileira de 2014, 10% das intera&ccedil;&otilde;es no Twitter foram feitas por m&aacute;quinas. Desde ent&atilde;o, os cientistas encontraram evid&ecirc;ncias da influ&ecirc;ncia de rob&ocirc;s em todos os grandes debates. Uma pesquisa da USP, com participantes de um protesto em S&atilde;o Paulo contra o governo Dilma, em 2015, mostrou que 64% acreditavam que o PT queria implantar um regime comunista, 71% que o filho de Lula &eacute; um dos s&oacute;cios da Friboi e 53% que o PCC &eacute; um bra&ccedil;o armado do PT. J&aacute; em manifesta&ccedil;&atilde;o contra o impeachment, no ano seguinte, 56,7% afirmavam que os protestos contra a corrup&ccedil;&atilde;o foram articulados pelos E.U.A. e 55,7% diziam que o juiz S&eacute;rgio Moro &eacute; filiado ao PSDB. Nenhum dos pontos mencionados nas enquetes &eacute; fato.<br><em>FELIPE FLORESTI<\/em><br><em>Adaptado de revistagalileu.globo.com, 27\/02\/2018.<\/em><\/p><p>A influ&ecirc;ncia da intelig&ecirc;ncia artificial no debate pol&iacute;tico tornou-se eficaz ap&oacute;s a ocorr&ecirc;ncia do seguinte processo social:<\/p><p><strong>A <\/strong>amplia&ccedil;&atilde;o da inclus&atilde;o digital<br><strong>B <\/strong>enfraquecimento da a&ccedil;&atilde;o legal<br><strong>C <\/strong>elimina&ccedil;&atilde;o da regula&ccedil;&atilde;o estatal<br><strong>D <\/strong>crescimento da competi&ccedil;&atilde;o empresarial<\/p><p><strong>Resposta:<\/strong> A capacidade de impacto da intelig&ecirc;ncia artificial na vida real social e das pessoas est&aacute; diretamente relacionada &agrave; inclus&atilde;o digital, pois se as pessoas n&atilde;o estivessem nas &ldquo;redes&rdquo; de nada adiantaria o est&iacute;mulo direcionado dessa tecnologia.<\/p><p>Alternativa correta: <strong>A<\/strong><\/p><h3 class=\"wp-block-heading\" id=\"h-ufms-2018\">UFMS (2018)<\/h3><p>O ano de 2018 &eacute; um marco para a democracia brasileira, pois se comemoram os 30 anos de promulga&ccedil;&atilde;o da Constitui&ccedil;&atilde;o de 1988, conhecida como Constitui&ccedil;&atilde;o Cidad&atilde;. Acerca desse fato e da heran&ccedil;a deixada pelos povos da Antiguidade sobre a pol&iacute;tica, assinale a alternativa correta.<\/p><p><strong>A <\/strong>A democracia surgiu durante o auge da cidade de Roma como centro pol&iacute;tico mundial, pois ap&oacute;s o per&iacute;odo conhecido com Rep&uacute;blica Romana (res = coisa e publica = do povo) os cidad&atilde;os passaram a ter direitos de tomar as decis&otilde;es conjuntamente com seus governantes.<br><strong>B <\/strong>A primeira constitui&ccedil;&atilde;o democr&aacute;tica que surgiu para a hist&oacute;ria foi elaborada e promulgada pelos babil&ocirc;nicos e era conhecida como C&oacute;digo de Hamurabi. Esse texto versava sobre os direitos e os deveres dos cidad&atilde;os da Mesopot&acirc;mia.<br><strong>C <\/strong>A democracia ateniense foi uma forma de administra&ccedil;&atilde;o pol&iacute;tica na qual uma parcela da popula&ccedil;&atilde;o colaborava na tomada de decis&otilde;es, mas eram assistidos por esse direito apenas cidad&atilde;os atenienses, propriet&aacute;rios de terras e que desfrutavam de certo prest&iacute;gio social.<br><strong>D <\/strong>A democracia na Antiguidade foi a forma de administra&ccedil;&atilde;o pol&iacute;tica mais abrangente, sendo um dos maiores legados dos gregos, j&aacute; que todos os habitantes das cidades-estado contribu&iacute;am para a administra&ccedil;&atilde;o da cidade, bem como na aplica&ccedil;&atilde;o de impostos e na elei&ccedil;&atilde;o dos governantes.<br><strong>E <\/strong>A democracia espartana foi uma forma de administra&ccedil;&atilde;o pol&iacute;tica na qual uma parcela da popula&ccedil;&atilde;o colaborava na tomada de decis&otilde;es, mas eram assistidos por esse direito apenas cidad&atilde;os espartanos, propriet&aacute;rios de terras e que desfrutavam de certo prest&iacute;gio social.<\/p><p><strong>Resposta:<\/strong> &Eacute; a origem da democracia. Importante notar a ressalva que a alternativa faz sobre a desigualdade encontrada na democracia ateniense. Exclus&atilde;o de mulheres, estrangeiros, escravos, etc.<\/p><p>Alternativa correta:&nbsp;<strong>C<\/strong><\/p><figure class=\"wp-block-embed is-type-video is-provider-youtube wp-block-embed-youtube wp-embed-aspect-16-9 wp-has-aspect-ratio\"><div class=\"wp-block-embed__wrapper\">\n<div class=\"cs-embed cs-embed-responsive\"><iframe title=\"Democracia - Sociologia do zero para ENEM\" width=\"1200\" height=\"675\" src=\"https:\/\/www.youtube.com\/embed\/pcBn9n7JT9w?feature=oembed\" frameborder=\"0\" allow=\"accelerometer; autoplay; clipboard-write; encrypted-media; gyroscope; picture-in-picture; web-share\" allowfullscreen><\/iframe><\/div>\n<\/div><\/figure><h2 class=\"wp-block-heading\"><span class=\"ez-toc-section\" id=\"Escolha-democraticamente-o-Estrategia-Vestibulares\"><\/span>Escolha democraticamente o Estrat&eacute;gia Vestibulares<span class=\"ez-toc-section-end\"><\/span><\/h2><p>Com o Estrat&eacute;gia Vestibulares n&atilde;o tem tirania: voc&ecirc; pode escolher entre diversos cursos, desenvolvidos especialmente para cada prova e tamb&eacute;m tem a op&ccedil;&atilde;o de adquirir conhecimento por diversos formatos, sejam eles v&iacute;deos, PDF&rsquo;s, quest&otilde;es, f&oacute;rum de d&uacute;vidas e tamb&eacute;m tudo isso combinado com nossos Livros Digitais Interativos (LDI). N&atilde;o perca!<\/p><p>\n\n\n\n\n\n<a id=\"cta\" class=\"cta-imagem\" href=\"https:\/\/vestibulares.estrategia.com\/cursos\/\" target=\"blank\">\n                <img decoding=\"async\" width=\"100%\" src=\"https:\/\/vestibulares.estrategia.com\/portal\/wp-content\/uploads\/2021\/12\/EV4.jpg\" alt=\"CTA - Estrat\u00e9gia Vestibulares 4\" title=\"CTA - Estrat\u00e9gia Vestibulares 4\">\n        <\/a>\n\n\n<\/p><\/p>\n","protected":false},"excerpt":{"rendered":"Confira t\u00f3picos que podem aparecer nos vestibulares e no Enem sobre democracia e desenvolva mais seu repert\u00f3rio sociocultural\n","protected":false},"author":43,"featured_media":104048,"comment_status":"closed","ping_status":"closed","sticky":false,"template":"","format":"standard","meta":{"wl_entities_gutenberg":"","footnotes":""},"categories":[46],"tags":[],"wl_entity_type":[732],"class_list":{"0":"post-104047","1":"post","2":"type-post","3":"status-publish","4":"format-standard","5":"has-post-thumbnail","7":"category-atualidades-e-dicas","8":"wl_entity_type-article"},"acf":[],"yoast_head":"<!-- This site is optimized with the Yoast SEO Premium plugin v25.9 (Yoast SEO v25.9) - https:\/\/yoast.com\/wordpress\/plugins\/seo\/ -->\n<title>Democracia: desenvolva repert\u00f3rios socioculturais para o vestibular<\/title>\n<meta name=\"description\" content=\"Confira t\u00f3picos que podem aparecer nos vestibulares e no Enem sobre democracia e desenvolva mais seu repert\u00f3rio sociocultural.\" \/>\n<meta name=\"robots\" content=\"index, follow, max-snippet:-1, max-image-preview:large, max-video-preview:-1\" \/>\n<link rel=\"canonical\" href=\"https:\/\/vestibulares.estrategia.com\/portal\/atualidades-e-dicas\/democracia-desenvolva-repertorios-socioculturais-para-o-vestibular\/\" \/>\n<meta property=\"og:locale\" content=\"pt_BR\" \/>\n<meta property=\"og:type\" content=\"article\" \/>\n<meta property=\"og:title\" content=\"Democracia: desenvolva repert\u00f3rios socioculturais para o vestibular\" \/>\n<meta property=\"og:description\" content=\"Confira t\u00f3picos que podem aparecer nos vestibulares e no Enem sobre democracia e desenvolva mais seu repert\u00f3rio sociocultural.\" \/>\n<meta property=\"og:url\" content=\"https:\/\/vestibulares.estrategia.com\/portal\/atualidades-e-dicas\/democracia-desenvolva-repertorios-socioculturais-para-o-vestibular\/\" \/>\n<meta property=\"og:site_name\" content=\"Estrat\u00e9gia Vestibulares\" \/>\n<meta property=\"article:publisher\" content=\"https:\/\/facebook.com\/estrategiavestibulares\" \/>\n<meta property=\"article:published_time\" content=\"2023-10-27T14:16:00+00:00\" \/>\n<meta property=\"article:modified_time\" content=\"2024-01-23T19:20:18+00:00\" \/>\n<meta property=\"og:image\" content=\"https:\/\/vestibulares.estrategia.com\/portal\/wp-content\/uploads\/2023\/10\/shutterstock_2210425341-1-1.jpg\" \/>\n\t<meta property=\"og:image:width\" content=\"1300\" \/>\n\t<meta property=\"og:image:height\" content=\"867\" \/>\n\t<meta property=\"og:image:type\" content=\"image\/jpeg\" \/>\n<meta name=\"author\" content=\"Leonardo Del Sant\" \/>\n<meta name=\"twitter:card\" content=\"summary_large_image\" \/>\n<meta name=\"twitter:creator\" content=\"@Estrategiavest\" \/>\n<meta name=\"twitter:site\" content=\"@Estrategiavest\" \/>\n<meta name=\"twitter:label1\" content=\"Escrito por\" \/>\n\t<meta name=\"twitter:data1\" content=\"Leonardo Del Sant\" \/>\n\t<meta name=\"twitter:label2\" content=\"Est. tempo de leitura\" \/>\n\t<meta name=\"twitter:data2\" content=\"14 minutos\" \/>\n<script type=\"application\/ld+json\" class=\"yoast-schema-graph\">{\"@context\":\"https:\/\/schema.org\",\"@graph\":[{\"@type\":\"Article\",\"@id\":\"https:\/\/vestibulares.estrategia.com\/portal\/atualidades-e-dicas\/democracia-desenvolva-repertorios-socioculturais-para-o-vestibular\/#article\",\"isPartOf\":{\"@id\":\"https:\/\/vestibulares.estrategia.com\/portal\/atualidades-e-dicas\/democracia-desenvolva-repertorios-socioculturais-para-o-vestibular\/\"},\"author\":{\"name\":\"Leonardo Del Sant\",\"@id\":\"https:\/\/vestibulares.estrategia.com\/portal\/#\/schema\/person\/95532619fccae669187ec84703047908\"},\"headline\":\"Democracia: desenvolva repert\u00f3rios socioculturais para o vestibular\",\"datePublished\":\"2023-10-27T14:16:00+00:00\",\"dateModified\":\"2024-01-23T19:20:18+00:00\",\"mainEntityOfPage\":{\"@id\":\"https:\/\/vestibulares.estrategia.com\/portal\/atualidades-e-dicas\/democracia-desenvolva-repertorios-socioculturais-para-o-vestibular\/\"},\"wordCount\":2855,\"publisher\":{\"@id\":\"https:\/\/vestibulares.estrategia.com\/portal\/#organization\"},\"image\":{\"@id\":\"https:\/\/vestibulares.estrategia.com\/portal\/atualidades-e-dicas\/democracia-desenvolva-repertorios-socioculturais-para-o-vestibular\/#primaryimage\"},\"thumbnailUrl\":\"https:\/\/vestibulares.estrategia.com\/portal\/wp-content\/uploads\/2023\/10\/shutterstock_2210425341-1-1.jpg\",\"articleSection\":[\"Atualidades e Dicas\"],\"inLanguage\":\"pt-BR\"},{\"@type\":\"WebPage\",\"@id\":\"https:\/\/vestibulares.estrategia.com\/portal\/atualidades-e-dicas\/democracia-desenvolva-repertorios-socioculturais-para-o-vestibular\/\",\"url\":\"https:\/\/vestibulares.estrategia.com\/portal\/atualidades-e-dicas\/democracia-desenvolva-repertorios-socioculturais-para-o-vestibular\/\",\"name\":\"Democracia: desenvolva repert\u00f3rios socioculturais para o vestibular\",\"isPartOf\":{\"@id\":\"https:\/\/vestibulares.estrategia.com\/portal\/#website\"},\"primaryImageOfPage\":{\"@id\":\"https:\/\/vestibulares.estrategia.com\/portal\/atualidades-e-dicas\/democracia-desenvolva-repertorios-socioculturais-para-o-vestibular\/#primaryimage\"},\"image\":{\"@id\":\"https:\/\/vestibulares.estrategia.com\/portal\/atualidades-e-dicas\/democracia-desenvolva-repertorios-socioculturais-para-o-vestibular\/#primaryimage\"},\"thumbnailUrl\":\"https:\/\/vestibulares.estrategia.com\/portal\/wp-content\/uploads\/2023\/10\/shutterstock_2210425341-1-1.jpg\",\"datePublished\":\"2023-10-27T14:16:00+00:00\",\"dateModified\":\"2024-01-23T19:20:18+00:00\",\"description\":\"Confira t\u00f3picos que podem aparecer nos vestibulares e no Enem sobre democracia e desenvolva mais seu repert\u00f3rio sociocultural.\",\"breadcrumb\":{\"@id\":\"https:\/\/vestibulares.estrategia.com\/portal\/atualidades-e-dicas\/democracia-desenvolva-repertorios-socioculturais-para-o-vestibular\/#breadcrumb\"},\"inLanguage\":\"pt-BR\",\"potentialAction\":[{\"@type\":\"ReadAction\",\"target\":[\"https:\/\/vestibulares.estrategia.com\/portal\/atualidades-e-dicas\/democracia-desenvolva-repertorios-socioculturais-para-o-vestibular\/\"]}]},{\"@type\":\"ImageObject\",\"inLanguage\":\"pt-BR\",\"@id\":\"https:\/\/vestibulares.estrategia.com\/portal\/atualidades-e-dicas\/democracia-desenvolva-repertorios-socioculturais-para-o-vestibular\/#primaryimage\",\"url\":\"https:\/\/vestibulares.estrategia.com\/portal\/wp-content\/uploads\/2023\/10\/shutterstock_2210425341-1-1.jpg\",\"contentUrl\":\"https:\/\/vestibulares.estrategia.com\/portal\/wp-content\/uploads\/2023\/10\/shutterstock_2210425341-1-1.jpg\",\"width\":1300,\"height\":867,\"caption\":\"repertorio-sociocultural-democracia-vestibular-enem\"},{\"@type\":\"BreadcrumbList\",\"@id\":\"https:\/\/vestibulares.estrategia.com\/portal\/atualidades-e-dicas\/democracia-desenvolva-repertorios-socioculturais-para-o-vestibular\/#breadcrumb\",\"itemListElement\":[{\"@type\":\"ListItem\",\"position\":1,\"name\":\"Home\",\"item\":\"https:\/\/vestibulares.estrategia.com\/portal\/\"},{\"@type\":\"ListItem\",\"position\":2,\"name\":\"Atualidades e Dicas\",\"item\":\"https:\/\/vestibulares.estrategia.com\/portal\/atualidades-e-dicas\/\"},{\"@type\":\"ListItem\",\"position\":3,\"name\":\"Democracia: desenvolva repert\u00f3rios socioculturais para o vestibular\"}]},{\"@type\":\"WebSite\",\"@id\":\"https:\/\/vestibulares.estrategia.com\/portal\/#website\",\"url\":\"https:\/\/vestibulares.estrategia.com\/portal\/\",\"name\":\"Estrat\u00e9gia Vestibulares\",\"description\":\"\",\"publisher\":{\"@id\":\"https:\/\/vestibulares.estrategia.com\/portal\/#organization\"},\"potentialAction\":[{\"@type\":\"SearchAction\",\"target\":{\"@type\":\"EntryPoint\",\"urlTemplate\":\"https:\/\/vestibulares.estrategia.com\/portal\/?s={search_term_string}\"},\"query-input\":{\"@type\":\"PropertyValueSpecification\",\"valueRequired\":true,\"valueName\":\"search_term_string\"}}],\"inLanguage\":\"pt-BR\"},{\"@type\":\"Organization\",\"@id\":\"https:\/\/vestibulares.estrategia.com\/portal\/#organization\",\"name\":\"Estrat\u00e9gia Vestibulares\",\"url\":\"https:\/\/vestibulares.estrategia.com\/portal\/\",\"logo\":{\"@type\":\"ImageObject\",\"inLanguage\":\"pt-BR\",\"@id\":\"https:\/\/vestibulares.estrategia.com\/portal\/#\/schema\/logo\/image\/\",\"url\":\"https:\/\/vestibulares.estrategia.com\/portal\/wp-content\/uploads\/2021\/06\/Logo-Vestibulares@4x.png\",\"contentUrl\":\"https:\/\/vestibulares.estrategia.com\/portal\/wp-content\/uploads\/2021\/06\/Logo-Vestibulares@4x.png\",\"width\":250,\"height\":66,\"caption\":\"Estrat\u00e9gia Vestibulares\"},\"image\":{\"@id\":\"https:\/\/vestibulares.estrategia.com\/portal\/#\/schema\/logo\/image\/\"},\"sameAs\":[\"https:\/\/facebook.com\/estrategiavestibulares\",\"https:\/\/x.com\/Estrategiavest\",\"https:\/\/www.instagram.com\/estrategiavestibulares\",\"https:\/\/www.youtube.com\/channel\/UCGWdZy8ULI-7_5GrABa4vNA\"]},{\"@type\":\"Person\",\"@id\":\"https:\/\/vestibulares.estrategia.com\/portal\/#\/schema\/person\/95532619fccae669187ec84703047908\",\"name\":\"Leonardo Del Sant\",\"image\":{\"@type\":\"ImageObject\",\"inLanguage\":\"pt-BR\",\"@id\":\"https:\/\/vestibulares.estrategia.com\/portal\/#\/schema\/person\/image\/\",\"url\":\"https:\/\/vestibulares.estrategia.com\/portal\/wp-content\/uploads\/2026\/02\/1000082484-150x150.jpeg\",\"contentUrl\":\"https:\/\/vestibulares.estrategia.com\/portal\/wp-content\/uploads\/2026\/02\/1000082484-150x150.jpeg\",\"caption\":\"Leonardo Del Sant\"},\"description\":\"Coordenador de Jornalismo do Estrat\u00e9gia Vestibulares. Trabalhou com escrita para SEO em sites das \u00e1reas de economia, varejo, sa\u00fade, tecnologia e alimenta\u00e7\u00e3o. Formado em jornalismo pela Unesp\/Bauru.\",\"url\":\"https:\/\/vestibulares.estrategia.com\/portal\/author\/leonardo-del-sant\/\"}]}<\/script>\n<!-- \/ Yoast SEO Premium plugin. -->","yoast_head_json":{"title":"Democracia: desenvolva repert\u00f3rios socioculturais para o vestibular","description":"Confira t\u00f3picos que podem aparecer nos vestibulares e no Enem sobre democracia e desenvolva mais seu repert\u00f3rio sociocultural.","robots":{"index":"index","follow":"follow","max-snippet":"max-snippet:-1","max-image-preview":"max-image-preview:large","max-video-preview":"max-video-preview:-1"},"canonical":"https:\/\/vestibulares.estrategia.com\/portal\/atualidades-e-dicas\/democracia-desenvolva-repertorios-socioculturais-para-o-vestibular\/","og_locale":"pt_BR","og_type":"article","og_title":"Democracia: desenvolva repert\u00f3rios socioculturais para o vestibular","og_description":"Confira t\u00f3picos que podem aparecer nos vestibulares e no Enem sobre democracia e desenvolva mais seu repert\u00f3rio sociocultural.","og_url":"https:\/\/vestibulares.estrategia.com\/portal\/atualidades-e-dicas\/democracia-desenvolva-repertorios-socioculturais-para-o-vestibular\/","og_site_name":"Estrat\u00e9gia Vestibulares","article_publisher":"https:\/\/facebook.com\/estrategiavestibulares","article_published_time":"2023-10-27T14:16:00+00:00","article_modified_time":"2024-01-23T19:20:18+00:00","og_image":[{"width":1300,"height":867,"url":"https:\/\/vestibulares.estrategia.com\/portal\/wp-content\/uploads\/2023\/10\/shutterstock_2210425341-1-1.jpg","type":"image\/jpeg"}],"author":"Leonardo Del Sant","twitter_card":"summary_large_image","twitter_creator":"@Estrategiavest","twitter_site":"@Estrategiavest","twitter_misc":{"Escrito por":"Leonardo Del Sant","Est. tempo de leitura":"14 minutos"},"schema":{"@context":"https:\/\/schema.org","@graph":[{"@type":"Article","@id":"https:\/\/vestibulares.estrategia.com\/portal\/atualidades-e-dicas\/democracia-desenvolva-repertorios-socioculturais-para-o-vestibular\/#article","isPartOf":{"@id":"https:\/\/vestibulares.estrategia.com\/portal\/atualidades-e-dicas\/democracia-desenvolva-repertorios-socioculturais-para-o-vestibular\/"},"author":{"name":"Leonardo Del Sant","@id":"https:\/\/vestibulares.estrategia.com\/portal\/#\/schema\/person\/95532619fccae669187ec84703047908"},"headline":"Democracia: desenvolva repert\u00f3rios socioculturais para o vestibular","datePublished":"2023-10-27T14:16:00+00:00","dateModified":"2024-01-23T19:20:18+00:00","mainEntityOfPage":{"@id":"https:\/\/vestibulares.estrategia.com\/portal\/atualidades-e-dicas\/democracia-desenvolva-repertorios-socioculturais-para-o-vestibular\/"},"wordCount":2855,"publisher":{"@id":"https:\/\/vestibulares.estrategia.com\/portal\/#organization"},"image":{"@id":"https:\/\/vestibulares.estrategia.com\/portal\/atualidades-e-dicas\/democracia-desenvolva-repertorios-socioculturais-para-o-vestibular\/#primaryimage"},"thumbnailUrl":"https:\/\/vestibulares.estrategia.com\/portal\/wp-content\/uploads\/2023\/10\/shutterstock_2210425341-1-1.jpg","articleSection":["Atualidades e Dicas"],"inLanguage":"pt-BR"},{"@type":"WebPage","@id":"https:\/\/vestibulares.estrategia.com\/portal\/atualidades-e-dicas\/democracia-desenvolva-repertorios-socioculturais-para-o-vestibular\/","url":"https:\/\/vestibulares.estrategia.com\/portal\/atualidades-e-dicas\/democracia-desenvolva-repertorios-socioculturais-para-o-vestibular\/","name":"Democracia: desenvolva repert\u00f3rios socioculturais para o vestibular","isPartOf":{"@id":"https:\/\/vestibulares.estrategia.com\/portal\/#website"},"primaryImageOfPage":{"@id":"https:\/\/vestibulares.estrategia.com\/portal\/atualidades-e-dicas\/democracia-desenvolva-repertorios-socioculturais-para-o-vestibular\/#primaryimage"},"image":{"@id":"https:\/\/vestibulares.estrategia.com\/portal\/atualidades-e-dicas\/democracia-desenvolva-repertorios-socioculturais-para-o-vestibular\/#primaryimage"},"thumbnailUrl":"https:\/\/vestibulares.estrategia.com\/portal\/wp-content\/uploads\/2023\/10\/shutterstock_2210425341-1-1.jpg","datePublished":"2023-10-27T14:16:00+00:00","dateModified":"2024-01-23T19:20:18+00:00","description":"Confira t\u00f3picos que podem aparecer nos vestibulares e no Enem sobre democracia e desenvolva mais seu repert\u00f3rio sociocultural.","breadcrumb":{"@id":"https:\/\/vestibulares.estrategia.com\/portal\/atualidades-e-dicas\/democracia-desenvolva-repertorios-socioculturais-para-o-vestibular\/#breadcrumb"},"inLanguage":"pt-BR","potentialAction":[{"@type":"ReadAction","target":["https:\/\/vestibulares.estrategia.com\/portal\/atualidades-e-dicas\/democracia-desenvolva-repertorios-socioculturais-para-o-vestibular\/"]}]},{"@type":"ImageObject","inLanguage":"pt-BR","@id":"https:\/\/vestibulares.estrategia.com\/portal\/atualidades-e-dicas\/democracia-desenvolva-repertorios-socioculturais-para-o-vestibular\/#primaryimage","url":"https:\/\/vestibulares.estrategia.com\/portal\/wp-content\/uploads\/2023\/10\/shutterstock_2210425341-1-1.jpg","contentUrl":"https:\/\/vestibulares.estrategia.com\/portal\/wp-content\/uploads\/2023\/10\/shutterstock_2210425341-1-1.jpg","width":1300,"height":867,"caption":"repertorio-sociocultural-democracia-vestibular-enem"},{"@type":"BreadcrumbList","@id":"https:\/\/vestibulares.estrategia.com\/portal\/atualidades-e-dicas\/democracia-desenvolva-repertorios-socioculturais-para-o-vestibular\/#breadcrumb","itemListElement":[{"@type":"ListItem","position":1,"name":"Home","item":"https:\/\/vestibulares.estrategia.com\/portal\/"},{"@type":"ListItem","position":2,"name":"Atualidades e Dicas","item":"https:\/\/vestibulares.estrategia.com\/portal\/atualidades-e-dicas\/"},{"@type":"ListItem","position":3,"name":"Democracia: desenvolva repert\u00f3rios socioculturais para o vestibular"}]},{"@type":"WebSite","@id":"https:\/\/vestibulares.estrategia.com\/portal\/#website","url":"https:\/\/vestibulares.estrategia.com\/portal\/","name":"Estrat\u00e9gia Vestibulares","description":"","publisher":{"@id":"https:\/\/vestibulares.estrategia.com\/portal\/#organization"},"potentialAction":[{"@type":"SearchAction","target":{"@type":"EntryPoint","urlTemplate":"https:\/\/vestibulares.estrategia.com\/portal\/?s={search_term_string}"},"query-input":{"@type":"PropertyValueSpecification","valueRequired":true,"valueName":"search_term_string"}}],"inLanguage":"pt-BR"},{"@type":"Organization","@id":"https:\/\/vestibulares.estrategia.com\/portal\/#organization","name":"Estrat\u00e9gia Vestibulares","url":"https:\/\/vestibulares.estrategia.com\/portal\/","logo":{"@type":"ImageObject","inLanguage":"pt-BR","@id":"https:\/\/vestibulares.estrategia.com\/portal\/#\/schema\/logo\/image\/","url":"https:\/\/vestibulares.estrategia.com\/portal\/wp-content\/uploads\/2021\/06\/Logo-Vestibulares@4x.png","contentUrl":"https:\/\/vestibulares.estrategia.com\/portal\/wp-content\/uploads\/2021\/06\/Logo-Vestibulares@4x.png","width":250,"height":66,"caption":"Estrat\u00e9gia Vestibulares"},"image":{"@id":"https:\/\/vestibulares.estrategia.com\/portal\/#\/schema\/logo\/image\/"},"sameAs":["https:\/\/facebook.com\/estrategiavestibulares","https:\/\/x.com\/Estrategiavest","https:\/\/www.instagram.com\/estrategiavestibulares","https:\/\/www.youtube.com\/channel\/UCGWdZy8ULI-7_5GrABa4vNA"]},{"@type":"Person","@id":"https:\/\/vestibulares.estrategia.com\/portal\/#\/schema\/person\/95532619fccae669187ec84703047908","name":"Leonardo Del Sant","image":{"@type":"ImageObject","inLanguage":"pt-BR","@id":"https:\/\/vestibulares.estrategia.com\/portal\/#\/schema\/person\/image\/","url":"https:\/\/vestibulares.estrategia.com\/portal\/wp-content\/uploads\/2026\/02\/1000082484-150x150.jpeg","contentUrl":"https:\/\/vestibulares.estrategia.com\/portal\/wp-content\/uploads\/2026\/02\/1000082484-150x150.jpeg","caption":"Leonardo Del Sant"},"description":"Coordenador de Jornalismo do Estrat\u00e9gia Vestibulares. Trabalhou com escrita para SEO em sites das \u00e1reas de economia, varejo, sa\u00fade, tecnologia e alimenta\u00e7\u00e3o. Formado em jornalismo pela Unesp\/Bauru.","url":"https:\/\/vestibulares.estrategia.com\/portal\/author\/leonardo-del-sant\/"}]}},"_wl_alt_label":[],"wl:entity_url":"https:\/\/data.wordlift.io\/wl110249\/post\/democracia-desenvolva-repertorios-socioculturais-para-o-vestibular","_links":{"self":[{"href":"https:\/\/vestibulares.estrategia.com\/portal\/wp-json\/wp\/v2\/posts\/104047","targetHints":{"allow":["GET"]}}],"collection":[{"href":"https:\/\/vestibulares.estrategia.com\/portal\/wp-json\/wp\/v2\/posts"}],"about":[{"href":"https:\/\/vestibulares.estrategia.com\/portal\/wp-json\/wp\/v2\/types\/post"}],"author":[{"embeddable":true,"href":"https:\/\/vestibulares.estrategia.com\/portal\/wp-json\/wp\/v2\/users\/43"}],"replies":[{"embeddable":true,"href":"https:\/\/vestibulares.estrategia.com\/portal\/wp-json\/wp\/v2\/comments?post=104047"}],"version-history":[{"count":6,"href":"https:\/\/vestibulares.estrategia.com\/portal\/wp-json\/wp\/v2\/posts\/104047\/revisions"}],"predecessor-version":[{"id":111096,"href":"https:\/\/vestibulares.estrategia.com\/portal\/wp-json\/wp\/v2\/posts\/104047\/revisions\/111096"}],"wp:featuredmedia":[{"embeddable":true,"href":"https:\/\/vestibulares.estrategia.com\/portal\/wp-json\/wp\/v2\/media\/104048"}],"wp:attachment":[{"href":"https:\/\/vestibulares.estrategia.com\/portal\/wp-json\/wp\/v2\/media?parent=104047"}],"wp:term":[{"taxonomy":"category","embeddable":true,"href":"https:\/\/vestibulares.estrategia.com\/portal\/wp-json\/wp\/v2\/categories?post=104047"},{"taxonomy":"post_tag","embeddable":true,"href":"https:\/\/vestibulares.estrategia.com\/portal\/wp-json\/wp\/v2\/tags?post=104047"},{"taxonomy":"wl_entity_type","embeddable":true,"href":"https:\/\/vestibulares.estrategia.com\/portal\/wp-json\/wp\/v2\/wl_entity_type?post=104047"}],"curies":[{"name":"wp","href":"https:\/\/api.w.org\/{rel}","templated":true}]}}