{"id":104660,"date":"2023-11-01T18:34:25","date_gmt":"2023-11-01T21:34:25","guid":{"rendered":"https:\/\/vestibulares.estrategia.com\/portal\/?p=104660"},"modified":"2025-11-05T22:17:30","modified_gmt":"2025-11-06T01:17:30","slug":"o-que-levar-no-enem","status":"publish","type":"post","link":"https:\/\/vestibulares.estrategia.com\/portal\/enem-e-vestibulares\/enem\/o-que-levar-no-enem\/","title":{"rendered":"O que pode e o que n\u00e3o pode levar no Enem?"},"content":{"rendered":"<p>As provas do Exame Nacional do Ensino M&eacute;dio (<a href=\"https:\/\/vestibulares.estrategia.com\/portal\/enem\/enem\/\">Enem<\/a>) 2025 ocorrem em dois domingos consecutivos, sempre em novembro. <p>No primeiro dia, os candidatos devem responder a 90 quest&otilde;es objetivas sobre as disciplinas de Linguagens e C&oacute;digos e suas Tecnologias e Ci&ecirc;ncias Humanas e suas Tecnologias e realizar uma reda&ccedil;&atilde;o dissertativa-argumentativa. <\/p><p>J&aacute; no segundo dia, s&atilde;o cobradas 90 quest&otilde;es de Ci&ecirc;ncias da Natureza e suas Tecnologias e Matem&aacute;tica e suas Tecnologias.<\/p><p>Para realizar a prova, os candidatos precisam estar munidos de alguns itens obrigat&oacute;rios e outros recomendados. Al&eacute;m disso, existem certos objetos de entrada proibida. O Portal Estrat&eacute;gia Vestibulares preparou esse artigo para te informar sobre o que levar e o que n&atilde;o levar para o Enem. Vamos l&aacute;?<\/p><p>&#128226;<strong><em>&nbsp;<\/em>Saiba mais<\/strong><br><a href=\"https:\/\/vestibulares.estrategia.com\/portal\/noticias\/gabarito-enem-2025-correcao-do-1o-dia-de-prova\/\">+ Gabarito Enem 2025: corre&ccedil;&atilde;o do 1&ordm; dia de prova<\/a><strong><em><br><\/em><\/strong><a href=\"https:\/\/vestibulares.estrategia.com\/portal\/enem-e-vestibulares\/enem\/tema-de-redacao-enem-2025-palpites-professores\/\">+ Tema de reda&ccedil;&atilde;o Enem 2025: veja os palpites dos professores do Estrat&eacute;gia Vestibulares<\/a><br><a href=\"https:\/\/vestibulares.estrategia.com\/portal\/enem-e-vestibulares\/enem\/enem-2025-13-possiveis-temas-de-redacao-e-como-se-preparar-para-a-prova\/\">+ Enem 2025: 13 poss&iacute;veis temas de reda&ccedil;&atilde;o e como se preparar para a prova<\/a><br><a href=\"https:\/\/vestibulares.estrategia.com\/portal\/atualidades-e-dicas\/enem-2025-atualidades-e-acontecimentos\/\">+ Enem 2025: confira 68 atualidades e acontecimentos que podem cair nas provas<\/a><br><a href=\"https:\/\/vestibulares.estrategia.com\/portal\/noticias\/sisu-2026-candidatos-poderao-usar-notas-das-ultimas-tres-edicoes-do-enem\/\">+ Sisu 2026: candidatos poder&atilde;o usar notas das &uacute;ltimas tr&ecirc;s edi&ccedil;&otilde;es do Enem<\/a><\/p><p>\n\n\n\n<div class=\"cta-medio\" style=\"background-image: url(https:\/\/vestibulares.estrategia.com\/portal\/wp-content\/uploads\/2024\/08\/curso-enem-1-estrategia-vestibulares-ctamedio.jpg);\"><h3>Pacote Enem TOP <\/h3> <p>Estude com o Estrat\u00e9gia Vestibulares<\/p><div class=\"cta-botao\"><a id=\"cta-medio\" href=\"https:\/\/vestibulares.estrategia.com\/curso\/enem-top\/\" target=\"_blank\" style=\"background:rgb(255,150,0)\">Saiba mais<\/a><\/div><\/div>\n\n\n\n<\/p><div id=\"ez-toc-container\" class=\"ez-toc-v2_0_76 counter-hierarchy ez-toc-counter ez-toc-transparent ez-toc-container-direction\">\n<div class=\"ez-toc-title-container\"><p class=\"ez-toc-title\" style=\"cursor:inherit\">Navegue pelo conte\u00fado<\/p>\n<\/div><nav><ul class='ez-toc-list ez-toc-list-level-1 ' ><li class='ez-toc-page-1 ez-toc-heading-level-2'><a class=\"ez-toc-link ez-toc-heading-1\" href=\"https:\/\/vestibulares.estrategia.com\/portal\/enem-e-vestibulares\/enem\/o-que-levar-no-enem\/#Quais-itens-sao-obrigatorios-para-a-prova-do-Enem\" >Quais itens s&atilde;o obrigat&oacute;rios para a prova do Enem?<\/a><\/li><li class='ez-toc-page-1 ez-toc-heading-level-2'><a class=\"ez-toc-link ez-toc-heading-2\" href=\"https:\/\/vestibulares.estrategia.com\/portal\/enem-e-vestibulares\/enem\/o-que-levar-no-enem\/#Quais-sao-os-documentos-aceitos-no-Enem\" >Quais s&atilde;o os documentos aceitos no Enem?<\/a><\/li><li class='ez-toc-page-1 ez-toc-heading-level-2'><a class=\"ez-toc-link ez-toc-heading-3\" href=\"https:\/\/vestibulares.estrategia.com\/portal\/enem-e-vestibulares\/enem\/o-que-levar-no-enem\/#O-que-nao-pode-levar-para-a-prova-do-Enem\" >O que n&atilde;o pode levar para a prova do Enem?<\/a><\/li><li class='ez-toc-page-1 ez-toc-heading-level-2'><a class=\"ez-toc-link ez-toc-heading-4\" href=\"https:\/\/vestibulares.estrategia.com\/portal\/enem-e-vestibulares\/enem\/o-que-levar-no-enem\/#O-que-levar-para-comer-no-Enem\" >O que levar para comer no Enem?<\/a><\/li><li class='ez-toc-page-1 ez-toc-heading-level-2'><a class=\"ez-toc-link ez-toc-heading-5\" href=\"https:\/\/vestibulares.estrategia.com\/portal\/enem-e-vestibulares\/enem\/o-que-levar-no-enem\/#Perguntas-frequentes\" >Perguntas frequentes<\/a><\/li><li class='ez-toc-page-1 ez-toc-heading-level-2'><a class=\"ez-toc-link ez-toc-heading-6\" href=\"https:\/\/vestibulares.estrategia.com\/portal\/enem-e-vestibulares\/enem\/o-que-levar-no-enem\/#Como-estudar-para-o-Enem\" >Como estudar para o Enem?<\/a><\/li><\/ul><\/nav><\/div>\n<h2 class=\"wp-block-heading\" id=\"h-quais-itens-sao-obrigatorios-para-a-prova-do-enem\"><span class=\"ez-toc-section\" id=\"Quais-itens-sao-obrigatorios-para-a-prova-do-Enem\"><\/span>Quais itens s&atilde;o obrigat&oacute;rios para a prova do Enem?<span class=\"ez-toc-section-end\"><\/span><\/h2><p>O Minist&eacute;rio da Educa&ccedil;&atilde;o (MEC) e o Instituto Nacional de Estudos e Pesquisas Educacionais An&iacute;sio Teixeira (Inep) estabeleceram, por meio do edital do Enem, que no dia da prova, os candidatos devem portar os seguintes itens:<\/p><ul class=\"wp-block-list\">\n<li>Caneta esferogr&aacute;fica de tinta preta, em material transparente (obrigat&oacute;rio);<\/li>\n\n\n\n<li>Documento de identifica&ccedil;&atilde;o com foto (obrigat&oacute;rio);<\/li>\n\n\n\n<li>Cart&atilde;o de Confirma&ccedil;&atilde;o da Inscri&ccedil;&atilde;o (recomendado);<\/li>\n\n\n\n<li><a href=\"https:\/\/vestibulares.estrategia.com\/portal\/noticias\/enem-2024-declaracao-de-comparecimento-do-1o-dia-esta-disponivel\/\" target=\"_blank\">Declara&ccedil;&atilde;o de Comparecimento <\/a>impressa (para quem precisa comprovar a presen&ccedil;a no local de prova);<\/li>\n\n\n\n<li>M&aacute;scara de prote&ccedil;&atilde;o contra Covid-19 (em estados e munic&iacute;pios que o item ainda &eacute; obrigat&oacute;rio).<\/li>\n<\/ul><p>Vale ressaltar que o Cart&atilde;o de Confirma&ccedil;&atilde;o da Inscri&ccedil;&atilde;o e a Declara&ccedil;&atilde;o de Comparecimento impressos dever&atilde;o ser guardados no famoso &ldquo;saquinho do Enem&rdquo; na hora de come&ccedil;ar a prova.<\/p><h2 class=\"wp-block-heading\" id=\"h-quais-sao-os-documentos-aceitos-no-enem\"><span class=\"ez-toc-section\" id=\"Quais-sao-os-documentos-aceitos-no-Enem\"><\/span>Quais s&atilde;o os documentos aceitos no Enem?<span class=\"ez-toc-section-end\"><\/span><\/h2><p>Os documentos de identifica&ccedil;&atilde;o considerados v&aacute;lidos s&atilde;o:<\/p><ul class=\"wp-block-list\">\n<li>C&eacute;dulas de Identidade expedidas por Secretarias de Seguran&ccedil;a P&uacute;blica, For&ccedil;as Armadas, Pol&iacute;cia Militar e Pol&iacute;cia Federal;<\/li>\n\n\n\n<li>Identidade expedida pelo Minist&eacute;rio da Justi&ccedil;a para estrangeiros, inclusive aqueles reconhecidos como refugiados;<\/li>\n\n\n\n<li>Carteira de Registro Nacional Migrat&oacute;rio;<\/li>\n\n\n\n<li>Documento Provis&oacute;rio de Registro Nacional Migrat&oacute;rio;<\/li>\n\n\n\n<li>Passaporte;<\/li>\n\n\n\n<li>Carteira Nacional de Habilita&ccedil;&atilde;o;<\/li>\n\n\n\n<li>Carteira de Trabalho e Previd&ecirc;ncia Social emitida ap&oacute;s 27 de janeiro de 1997;<\/li>\n\n\n\n<li>Documentos digitais com foto (e-T&iacute;tulo, CNH digital e RG digital) apresentados nos aplicativos oficiais.<\/li>\n<\/ul><p>\n\n\n\n<div id=\"new-form\">\n\t<form id=\"forms_layout\">\n\t<input type=\"hidden\" id=\"chave_de\" name=\"chave_de\" value=\"01_EVEST_LEADS_TOTAIS\" \/>\n\t\t<input type=\"hidden\" id=\"mid\" name=\"mid\" value=\"515008983\" \/>\n\t\t<input type=\"hidden\" id=\"Objetivo\" name=\"Objetivo\" value=\"Vestibulares\" \/>\n\t\t<input type=\"hidden\" id=\"Estado_de_Origem_do_IP\" name=\"Estado_de_Origem_do_IP\"  value=\"\" \/>\n\t\t<input type=\"hidden\" id=\"Cidade_de_Origem_do_IP\" name=\"Cidade_de_Origem_do_IP\" value=\"\" \/>\n\t\t<input type=\"hidden\" id=\"Modo_de_entrada\" name=\"Modo_de_entrada\" value=\"Portal\" \/>\n\t\t<input type=\"hidden\" id=\"Pagina_Origem\" name=\"Pagina_Origem\" value=\"\" \/>\n\n\t\t<div class=\"texto\">\n\t\t\t<h3 class=\"news\">Inscreva-se em nossa newsletter\ud83e\udd89<\/h3>\n\t\t\t<p>Receba dicas de estudo gratuitas e saiba em primeira m\u00e3o as novidades sobre o Enem, Sisu, Encceja, Fuvest e outros vestibulares!<\/p>\n\t\t<\/div>\n\t\t<div class=\"campos\">\n\t\t\t<div class=\"first_name labels\">\n\t\t\t\t<input type=\"text\" class=\"input_labels\" id=\"first_name\" name=\"Nome_Completo\" placeholder=\"Nome\" required \/>\n\t\t\t<\/div>\n\t\t\t<div class=\"email labels\">\n\t\t\t\t<input type=\"email\" class=\"input_labels\" id=\"email\" name=\"Email\" placeholder=\"E-mail\" required \/>\n\t\t\t<\/div>\n\t\t\t<button type=\"submit\" class=\"button_layout\">\n\t\t\t\t<div id=\"lblBotao\">Inscreva-se<\/div>\n\t\t\t\t<span id=\"divSpiner\" class=\"loader\" role=\"status\" style=\"display: none;\"><\/span>\t\n\t\t\t<\/button>\n\t\t<\/div><!-- \/campos -->\n\t\t\n\t\t<label class=\"container_checkbox\">Voc\u00ea concorda com a nossa\n\t\t\t<a class=\"politics_privacy_ahref\" target=\"_blank\" href=\"https:\/\/gratis.estrategiaconcursos.com.br\/politica-de-privacidade\/\">Pol\u00edtica de Privacidade<\/a> e aceita receber informa\u00e7\u00f5es adicionais do Estrat\u00e9gia Educacional.\n\t\t\t<input id=\"checkbox_layout\" type=\"checkbox\" checked=\"checked\" required \/>\n\t\t\t<span class=\"checkbox\"><\/span>\n\t\t<\/label>\n\t\t<div id=\"msg\"><\/div>\n\t\t<div id=\"error\" class=\"error\">\n\t\t<\/div>\n\t<\/form>\n<\/div><!-- \/new-form -->\n\n\n\n<\/p><h2 class=\"wp-block-heading\" id=\"h-o-que-nao-pode-levar-para-a-prova-do-enem\"><span class=\"ez-toc-section\" id=\"O-que-nao-pode-levar-para-a-prova-do-Enem\"><\/span>O que n&atilde;o pode levar para a prova do Enem?<span class=\"ez-toc-section-end\"><\/span><\/h2><p>Ainda segundo o edital, alguns dos itens proibidos para a realiza&ccedil;&atilde;o da prova s&atilde;o:<\/p><ul class=\"wp-block-list\">\n<li>Caneta de material n&atilde;o transparente, l&aacute;pis, lapiseira, borrachas, r&eacute;guas ou corretivos;<\/li>\n\n\n\n<li>Garrafa de &aacute;gua de material n&atilde;o transparente;<\/li>\n\n\n\n<li>Livros, manuais, impressos e anota&ccedil;&otilde;es;<\/li>\n\n\n\n<li>&Oacute;culos escuros;<\/li>\n\n\n\n<li>Artigos de chapelaria, como bon&eacute;, chap&eacute;u, gorro, viseira ou similares;<\/li>\n\n\n\n<li>Protetor auricular;<\/li>\n\n\n\n<li>Dispositivos eletr&ocirc;nicos, como: rel&oacute;gios de qualquer tipo, celulares, calculadoras, agendas eletr&ocirc;nicas e\/ou similares, tablets, ipods, gravadores, pendrive, mp3 e\/ou similar, rel&oacute;gio, alarmes, chaves com alarme ou com qualquer outro componente eletr&ocirc;nico, fones de ouvido e\/ou qualquer transmissor, gravador e\/ou receptor de dados, imagens, v&iacute;deos e mensagens.<\/li>\n<\/ul><p>Caso o candidato leve algum desses itens, eles devem permanecer lacrados no envelope porta-objetos at&eacute; o t&eacute;rmino da prova. J&aacute; os itens estritamente proibidos, pass&iacute;veis de elimina&ccedil;&atilde;o, s&atilde;o:<\/p><ul class=\"wp-block-list\">\n<li>Bebidas alco&oacute;licas;<\/li>\n\n\n\n<li>Armas de qualquer esp&eacute;cie.<\/li>\n<\/ul><h2 class=\"wp-block-heading\" id=\"h-o-que-levar-para-comer-no-enem\"><span class=\"ez-toc-section\" id=\"O-que-levar-para-comer-no-Enem\"><\/span>O que levar para comer no Enem?<span class=\"ez-toc-section-end\"><\/span><\/h2><p>As provas do Enem t&ecirc;m dura&ccedil;&atilde;o de 5h30 no primeiro dia e 5h00 no segundo dia, por isso &eacute; essencial levar um lanchinho para disfar&ccedil;ar a fome e, claro, &aacute;gua para manter-se hidratado! Confira algumas dicas de alimentos pr&aacute;ticos:<\/p><ul class=\"wp-block-list\">\n<li>&Aacute;gua, sucos de fruta ou ch&aacute;s gelados em garrafas de material transparente;<\/li>\n\n\n\n<li>Lanches naturais;<\/li>\n\n\n\n<li>Biscoitos;<\/li>\n\n\n\n<li>Oleaginosas, como amendoim, nozes, sementes e castanhas;<\/li>\n\n\n\n<li>Frutas picadas (para facilitar);<\/li>\n\n\n\n<li>Chocolates, de prefer&ecirc;ncia com maior teor de cacau do que a&ccedil;&uacute;car, como os chocolates amargos e meio amargos;&nbsp;<\/li>\n\n\n\n<li>Balas e chicletes.<\/li>\n<\/ul><p>Vale ressaltar que para o transporte desses alimentos, tanto as garrafas, quanto os potes e tupperware devem ser de material transparente, a fim de f&aacute;cil visualiza&ccedil;&atilde;o do conte&uacute;do interno. Os alimentos que j&aacute; possuem embalagem pr&oacute;pria, como chocolate, biscoito e salgadinho, podem ser levados normalmente, mas, caso o fiscal de prova queira examin&aacute;-los, &eacute; permitido.<\/p><h2 class=\"wp-block-heading\" id=\"h-perguntas-frequentes\"><span class=\"ez-toc-section\" id=\"Perguntas-frequentes\"><\/span>Perguntas frequentes<span class=\"ez-toc-section-end\"><\/span><\/h2><p>Confira algumas perguntas frequentes dos candidatos em rela&ccedil;&atilde;o ao que pode ou n&atilde;o pode levar no Enem:<\/p><h3 class=\"wp-block-heading\" id=\"h-pode-levar-mochila-no-enem\">Pode levar mochila no Enem?<\/h3><p>Sim, &eacute; permitido levar mochilas e bolsas no Enem, j&aacute; que n&atilde;o existe nenhuma regra que pro&iacute;ba o porte desses itens. No entanto, o candidato est&aacute; proibido de vasculhar ou abrir sua bolsa durante a prova.&nbsp;<\/p><h3 class=\"wp-block-heading\" id=\"h-pode-levar-garrafa-de-agua\">Pode levar garrafa de &aacute;gua?<\/h3><p>Sim, desde que seja de material transparente e f&aacute;cil de observar o seu conte&uacute;do interno. Al&eacute;m disso, n&atilde;o &eacute; permitido levar garrafas com cron&ocirc;metro ou itens eletr&ocirc;nicos em geral.<\/p><h3 class=\"wp-block-heading\" id=\"h-pode-levar-tuppeware-no-enem\">Pode levar tuppeware no Enem?<\/h3><p>Sim, desde que seja de material transparente e f&aacute;cil de observar o seu conte&uacute;do interno.<\/p><h3 class=\"wp-block-heading\" id=\"h-pode-levar-chiclete-no-enem\">Pode levar chiclete no Enem?<\/h3><p>Sim, n&atilde;o h&aacute; nenhuma regra que pro&iacute;ba qualquer tipo de alimento, a n&atilde;o ser bebidas alco&oacute;licas.<\/p><h3 class=\"wp-block-heading\" id=\"h-pode-ir-de-short-ou-bermuda-no-enem\">Pode ir de short ou bermuda no Enem?<\/h3><p>Sim, n&atilde;o h&aacute; regras que definem as vestimentas dos candidatos do Enem. Os &uacute;nicos adere&ccedil;os proibidos s&atilde;o &oacute;culos escuros e artigos de chapelaria, como bon&eacute;, chap&eacute;u, gorro, viseira ou similares.<\/p><h3 class=\"wp-block-heading\" id=\"h-pode-ir-de-chinelo-no-enem\">Pode ir de chinelo no Enem?<\/h3><p>Sim, n&atilde;o h&aacute; regras que definem as vestimentas dos candidatos do Enem. Os &uacute;nicos adere&ccedil;os proibidos s&atilde;o &oacute;culos escuros e artigos de chapelaria, como bon&eacute;, chap&eacute;u, gorro, viseira ou similares.<\/p><h3 class=\"wp-block-heading\" id=\"h-enem-2025\">Enem 2025<\/h3><ul class=\"wp-block-list\">\n<li><strong>Divulga&ccedil;&atilde;o do edital<\/strong><br>23\/05\/2025 &ndash;&nbsp;<a href=\"https:\/\/vestibulares.estrategia.com\/portal\/noticias\/edital-enem-2024-completo-datas-inscricoes-provas-e-resultado\/\" target=\"_blank\">acesse o edital<\/a><\/li>\n\n\n\n<li><strong>Per&iacute;odo de solicita&ccedil;&atilde;o de isen&ccedil;&atilde;o e justificativa de aus&ecirc;ncia<br><\/strong>14 a 25\/04\/2025<\/li>\n\n\n\n<li><strong>Divulga&ccedil;&atilde;o do resultado do pedido de isen&ccedil;&atilde;o e da justificativa de aus&ecirc;ncia<br><\/strong>12\/05\/2025<\/li>\n\n\n\n<li><strong>Recurso da justificativa de aus&ecirc;ncia e permiss&atilde;o de isen&ccedil;&atilde;o da taxa de inscri&ccedil;&atilde;o<br><\/strong>12 a 16\/05\/2025<\/li>\n\n\n\n<li><strong>Resultados do recurso da justificativa de aus&ecirc;ncia e pedido de isen&ccedil;&atilde;o da taxa de inscri&ccedil;&atilde;o<br><\/strong>22\/05\/2025<\/li>\n\n\n\n<li><strong>Per&iacute;odo de inscri&ccedil;&otilde;es do Enem 2025<br><\/strong>26\/05 a 06\/06\/2025<\/li>\n\n\n\n<li><strong>Pagamento da taxa de inscri&ccedil;&atilde;o<\/strong><br>at&eacute; 11\/06\/2025<\/li>\n\n\n\n<li><strong>Divulga&ccedil;&atilde;o do local de prova do Enem 2025<\/strong><br><em>24\/10\/2025<\/em><\/li>\n\n\n\n<li><strong>Provas Enem 2025<\/strong>*<br>09 e 16\/11\/2025<\/li>\n\n\n\n<li><strong>Divulga&ccedil;&atilde;o do gabarito oficial<\/strong><br>at&eacute; o 10&deg; dia &uacute;til ap&oacute;s o 2&deg; dia de aplica&ccedil;&atilde;o<\/li>\n\n\n\n<li><strong>Divulga&ccedil;&atilde;o do resultado<\/strong><br>16\/01\/2026<\/li>\n\n\n\n<li><strong>*Aplica&ccedil;&atilde;o em Bel&eacute;m, Ananindeua e Marituba (PA)<br><\/strong>30\/11 e 07\/12\/2025<\/li>\n<\/ul><h3 class=\"wp-block-heading\" id=\"h-sisu-2026\">Sisu 2026<\/h3><ul class=\"wp-block-list\">\n<li><strong>Divulga&ccedil;&atilde;o do edital:<\/strong>&nbsp;23\/12\/2025;<\/li>\n\n\n\n<li><strong>Per&iacute;odo de inscri&ccedil;&atilde;o:&nbsp;<\/strong>19 a 23\/01\/2026;<\/li>\n\n\n\n<li><strong>Resultado da lista &uacute;nica:&nbsp;<\/strong>29\/01\/2026;<\/li>\n\n\n\n<li><strong>Matr&iacute;culas chamada regular:&nbsp;<\/strong>a partir de 02\/02\/2026;<\/li>\n\n\n\n<li><strong>Per&iacute;odo para participar da lista de espera:&nbsp;<\/strong>29\/01 a 02\/02\/2026.<\/li>\n<\/ul><h2 class=\"wp-block-heading\" id=\"h-como-estudar-para-o-enem\"><span class=\"ez-toc-section\" id=\"Como-estudar-para-o-Enem\"><\/span>Como estudar para o Enem?<span class=\"ez-toc-section-end\"><\/span><\/h2><p>Para te ajudar, o Estrat&eacute;gia Vestibulares oferece diariamente aulas gratuitas no YouTube sobre todas as mat&eacute;rias que caem no Enem e em diversos vestibulares brasileiros.<\/p><p>Al&eacute;m disso, para aqueles que querem investir nos estudos, a plataforma tamb&eacute;m oferece um curso preparat&oacute;rio exclusivo sobre o Enem 2024, com professores especialistas na prova e com diversos benef&iacute;cios. D&aacute; s&oacute; uma olhada:<\/p><ul class=\"wp-block-list\">\n<li>Curso com livros digitais;<\/li>\n\n\n\n<li>Corre&ccedil;&atilde;o ilimitada de&nbsp;<a href=\"https:\/\/vestibulares.estrategia.com\/portal\/enem-e-vestibulares\/vestibulares\/curso-de-redacao-para-o-vestibular-saiba-mais-detalhes-e-como-escolher-o-seu\/\" target=\"_blank\">reda&ccedil;&otilde;es<\/a>;<\/li>\n\n\n\n<li>F&oacute;rum de d&uacute;vidas;<\/li>\n\n\n\n<li><a href=\"https:\/\/vestibulares.estrategia.com\/portal\/eventos\/simulados-vestibulares\/\" target=\"_blank\">Simulados<\/a>&nbsp;com quest&otilde;es in&eacute;ditas;<\/li>\n\n\n\n<li>Quest&otilde;es comentadas;<\/li>\n\n\n\n<li>Mapas mentais; e<\/li>\n\n\n\n<li>Entre muitas outras vantagens.<\/li>\n<\/ul><p>Ficou interessado, assine o curso preparat&oacute;rio para o Enem do Estrat&eacute;gia Vestibulares!<\/p><p>\n\n\n\n<a id=\"cta\" class=\"cta-imagem\" href=\"https:\/\/vestibulares.estrategia.com\/curso\/pacote-enem\/\" target=\"blank\">\n                <img decoding=\"async\" width=\"100%\" src=\"https:\/\/vestibulares.estrategia.com\/portal\/wp-content\/uploads\/2021\/12\/Enem.jpg\" alt=\"CTA curso Enem\" title=\"CTA curso Enem\">\n        <\/a>\n<\/p><\/p>\n","protected":false},"excerpt":{"rendered":"O Portal Estrat\u00e9gia Vestibulares separou o que pode e o que n\u00e3o pode levar no Enem, desde documenta\u00e7\u00e3o, itens, acess\u00f3rios, alimentos e bebidas; confira\n","protected":false},"author":51,"featured_media":104661,"comment_status":"closed","ping_status":"closed","sticky":false,"template":"","format":"standard","meta":{"wl_entities_gutenberg":"","footnotes":""},"categories":[43],"tags":[],"wl_entity_type":[732],"class_list":{"0":"post-104660","1":"post","2":"type-post","3":"status-publish","4":"format-standard","5":"has-post-thumbnail","7":"category-enem","8":"wl_entity_type-article"},"acf":[],"yoast_head":"<!-- This site is optimized with the Yoast SEO Premium plugin v25.9 (Yoast SEO v25.9) - https:\/\/yoast.com\/wordpress\/plugins\/seo\/ -->\n<title>O que pode e o que n\u00e3o pode levar no Enem? | Portal EV<\/title>\n<meta name=\"description\" content=\"Confira o que pode e o que n\u00e3o pode levar no Enem, desde documenta\u00e7\u00e3o, itens, acess\u00f3rios, alimentos e bebidas.\" \/>\n<meta name=\"robots\" content=\"index, follow, max-snippet:-1, max-image-preview:large, max-video-preview:-1\" \/>\n<link rel=\"canonical\" href=\"https:\/\/vestibulares.estrategia.com\/portal\/enem-e-vestibulares\/enem\/o-que-levar-no-enem\/\" \/>\n<meta property=\"og:locale\" content=\"pt_BR\" \/>\n<meta property=\"og:type\" content=\"article\" \/>\n<meta property=\"og:title\" content=\"O que pode e o que n\u00e3o pode levar no Enem?\" \/>\n<meta property=\"og:description\" content=\"Confira o que pode e o que n\u00e3o pode levar no Enem, desde documenta\u00e7\u00e3o, itens, acess\u00f3rios, alimentos e bebidas.\" \/>\n<meta property=\"og:url\" content=\"https:\/\/vestibulares.estrategia.com\/portal\/enem-e-vestibulares\/enem\/o-que-levar-no-enem\/\" \/>\n<meta property=\"og:site_name\" content=\"Estrat\u00e9gia Vestibulares\" \/>\n<meta property=\"article:publisher\" content=\"https:\/\/facebook.com\/estrategiavestibulares\" \/>\n<meta property=\"article:published_time\" content=\"2023-11-01T21:34:25+00:00\" \/>\n<meta property=\"article:modified_time\" content=\"2025-11-06T01:17:30+00:00\" \/>\n<meta property=\"og:image\" content=\"https:\/\/vestibulares.estrategia.com\/portal\/wp-content\/uploads\/2023\/11\/bom-mas-nao-o-melhor-retrato-de-um-jovem-estudante-adolescente-desapontado-e-insatisfeito-fazendo-careta.jpg\" \/>\n\t<meta property=\"og:image:width\" content=\"1920\" \/>\n\t<meta property=\"og:image:height\" content=\"768\" \/>\n\t<meta property=\"og:image:type\" content=\"image\/jpeg\" \/>\n<meta name=\"author\" content=\"Larrani Ferreira\" \/>\n<meta name=\"twitter:card\" content=\"summary_large_image\" \/>\n<meta name=\"twitter:creator\" content=\"@Estrategiavest\" \/>\n<meta name=\"twitter:site\" content=\"@Estrategiavest\" \/>\n<meta name=\"twitter:label1\" content=\"Escrito por\" \/>\n\t<meta name=\"twitter:data1\" content=\"Larrani Ferreira\" \/>\n\t<meta name=\"twitter:label2\" content=\"Est. tempo de leitura\" \/>\n\t<meta name=\"twitter:data2\" content=\"6 minutos\" \/>\n<script type=\"application\/ld+json\" class=\"yoast-schema-graph\">{\"@context\":\"https:\/\/schema.org\",\"@graph\":[{\"@type\":\"NewsArticle\",\"@id\":\"https:\/\/vestibulares.estrategia.com\/portal\/enem-e-vestibulares\/enem\/o-que-levar-no-enem\/#article\",\"isPartOf\":{\"@id\":\"https:\/\/vestibulares.estrategia.com\/portal\/enem-e-vestibulares\/enem\/o-que-levar-no-enem\/\"},\"author\":{\"name\":\"Larrani Ferreira\",\"@id\":\"https:\/\/vestibulares.estrategia.com\/portal\/#\/schema\/person\/98d0c0e22d6d89b480aa1929f0e64ec5\"},\"headline\":\"O que pode e o que n\u00e3o pode levar no Enem?\",\"datePublished\":\"2023-11-01T21:34:25+00:00\",\"dateModified\":\"2025-11-06T01:17:30+00:00\",\"mainEntityOfPage\":{\"@id\":\"https:\/\/vestibulares.estrategia.com\/portal\/enem-e-vestibulares\/enem\/o-que-levar-no-enem\/\"},\"wordCount\":1129,\"publisher\":{\"@id\":\"https:\/\/vestibulares.estrategia.com\/portal\/#organization\"},\"image\":{\"@id\":\"https:\/\/vestibulares.estrategia.com\/portal\/enem-e-vestibulares\/enem\/o-que-levar-no-enem\/#primaryimage\"},\"thumbnailUrl\":\"https:\/\/vestibulares.estrategia.com\/portal\/wp-content\/uploads\/2023\/11\/bom-mas-nao-o-melhor-retrato-de-um-jovem-estudante-adolescente-desapontado-e-insatisfeito-fazendo-careta.jpg\",\"articleSection\":[\"Enem\"],\"inLanguage\":\"pt-BR\"},{\"@type\":\"WebPage\",\"@id\":\"https:\/\/vestibulares.estrategia.com\/portal\/enem-e-vestibulares\/enem\/o-que-levar-no-enem\/\",\"url\":\"https:\/\/vestibulares.estrategia.com\/portal\/enem-e-vestibulares\/enem\/o-que-levar-no-enem\/\",\"name\":\"O que pode e o que n\u00e3o pode levar no Enem? | Portal EV\",\"isPartOf\":{\"@id\":\"https:\/\/vestibulares.estrategia.com\/portal\/#website\"},\"primaryImageOfPage\":{\"@id\":\"https:\/\/vestibulares.estrategia.com\/portal\/enem-e-vestibulares\/enem\/o-que-levar-no-enem\/#primaryimage\"},\"image\":{\"@id\":\"https:\/\/vestibulares.estrategia.com\/portal\/enem-e-vestibulares\/enem\/o-que-levar-no-enem\/#primaryimage\"},\"thumbnailUrl\":\"https:\/\/vestibulares.estrategia.com\/portal\/wp-content\/uploads\/2023\/11\/bom-mas-nao-o-melhor-retrato-de-um-jovem-estudante-adolescente-desapontado-e-insatisfeito-fazendo-careta.jpg\",\"datePublished\":\"2023-11-01T21:34:25+00:00\",\"dateModified\":\"2025-11-06T01:17:30+00:00\",\"description\":\"Confira o que pode e o que n\u00e3o pode levar no Enem, desde documenta\u00e7\u00e3o, itens, acess\u00f3rios, alimentos e bebidas.\",\"breadcrumb\":{\"@id\":\"https:\/\/vestibulares.estrategia.com\/portal\/enem-e-vestibulares\/enem\/o-que-levar-no-enem\/#breadcrumb\"},\"inLanguage\":\"pt-BR\",\"potentialAction\":[{\"@type\":\"ReadAction\",\"target\":[\"https:\/\/vestibulares.estrategia.com\/portal\/enem-e-vestibulares\/enem\/o-que-levar-no-enem\/\"]}]},{\"@type\":\"ImageObject\",\"inLanguage\":\"pt-BR\",\"@id\":\"https:\/\/vestibulares.estrategia.com\/portal\/enem-e-vestibulares\/enem\/o-que-levar-no-enem\/#primaryimage\",\"url\":\"https:\/\/vestibulares.estrategia.com\/portal\/wp-content\/uploads\/2023\/11\/bom-mas-nao-o-melhor-retrato-de-um-jovem-estudante-adolescente-desapontado-e-insatisfeito-fazendo-careta.jpg\",\"contentUrl\":\"https:\/\/vestibulares.estrategia.com\/portal\/wp-content\/uploads\/2023\/11\/bom-mas-nao-o-melhor-retrato-de-um-jovem-estudante-adolescente-desapontado-e-insatisfeito-fazendo-careta.jpg\",\"width\":1920,\"height\":768,\"caption\":\"Foto: benzoix no Freepik\"},{\"@type\":\"BreadcrumbList\",\"@id\":\"https:\/\/vestibulares.estrategia.com\/portal\/enem-e-vestibulares\/enem\/o-que-levar-no-enem\/#breadcrumb\",\"itemListElement\":[{\"@type\":\"ListItem\",\"position\":1,\"name\":\"Home\",\"item\":\"https:\/\/vestibulares.estrategia.com\/portal\/\"},{\"@type\":\"ListItem\",\"position\":2,\"name\":\"Enem e Vestibulares\",\"item\":\"https:\/\/vestibulares.estrategia.com\/portal\/enem-e-vestibulares\/\"},{\"@type\":\"ListItem\",\"position\":3,\"name\":\"Enem\",\"item\":\"https:\/\/vestibulares.estrategia.com\/portal\/enem-e-vestibulares\/enem\/\"},{\"@type\":\"ListItem\",\"position\":4,\"name\":\"O que pode e o que n\u00e3o pode levar no Enem?\"}]},{\"@type\":\"WebSite\",\"@id\":\"https:\/\/vestibulares.estrategia.com\/portal\/#website\",\"url\":\"https:\/\/vestibulares.estrategia.com\/portal\/\",\"name\":\"Estrat\u00e9gia Vestibulares\",\"description\":\"\",\"publisher\":{\"@id\":\"https:\/\/vestibulares.estrategia.com\/portal\/#organization\"},\"potentialAction\":[{\"@type\":\"SearchAction\",\"target\":{\"@type\":\"EntryPoint\",\"urlTemplate\":\"https:\/\/vestibulares.estrategia.com\/portal\/?s={search_term_string}\"},\"query-input\":{\"@type\":\"PropertyValueSpecification\",\"valueRequired\":true,\"valueName\":\"search_term_string\"}}],\"inLanguage\":\"pt-BR\"},{\"@type\":\"Organization\",\"@id\":\"https:\/\/vestibulares.estrategia.com\/portal\/#organization\",\"name\":\"Estrat\u00e9gia Vestibulares\",\"url\":\"https:\/\/vestibulares.estrategia.com\/portal\/\",\"logo\":{\"@type\":\"ImageObject\",\"inLanguage\":\"pt-BR\",\"@id\":\"https:\/\/vestibulares.estrategia.com\/portal\/#\/schema\/logo\/image\/\",\"url\":\"https:\/\/vestibulares.estrategia.com\/portal\/wp-content\/uploads\/2021\/06\/Logo-Vestibulares@4x.png\",\"contentUrl\":\"https:\/\/vestibulares.estrategia.com\/portal\/wp-content\/uploads\/2021\/06\/Logo-Vestibulares@4x.png\",\"width\":250,\"height\":66,\"caption\":\"Estrat\u00e9gia Vestibulares\"},\"image\":{\"@id\":\"https:\/\/vestibulares.estrategia.com\/portal\/#\/schema\/logo\/image\/\"},\"sameAs\":[\"https:\/\/facebook.com\/estrategiavestibulares\",\"https:\/\/x.com\/Estrategiavest\",\"https:\/\/www.instagram.com\/estrategiavestibulares\",\"https:\/\/www.youtube.com\/channel\/UCGWdZy8ULI-7_5GrABa4vNA\"]},{\"@type\":\"Person\",\"@id\":\"https:\/\/vestibulares.estrategia.com\/portal\/#\/schema\/person\/98d0c0e22d6d89b480aa1929f0e64ec5\",\"name\":\"Larrani Ferreira\",\"image\":{\"@type\":\"ImageObject\",\"inLanguage\":\"pt-BR\",\"@id\":\"https:\/\/vestibulares.estrategia.com\/portal\/#\/schema\/person\/image\/\",\"url\":\"https:\/\/vestibulares.estrategia.com\/portal\/wp-content\/uploads\/2026\/02\/WhatsApp-Image-2026-02-05-at-14.26.13-150x150.jpeg\",\"contentUrl\":\"https:\/\/vestibulares.estrategia.com\/portal\/wp-content\/uploads\/2026\/02\/WhatsApp-Image-2026-02-05-at-14.26.13-150x150.jpeg\",\"caption\":\"Larrani Ferreira\"},\"description\":\"Jornalista e Mestranda em Comunica\u00e7\u00e3o Intercultural nas Organiza\u00e7\u00f5es\",\"url\":\"https:\/\/vestibulares.estrategia.com\/portal\/author\/larranioliveira\/\"}]}<\/script>\n<!-- \/ Yoast SEO Premium plugin. -->","yoast_head_json":{"title":"O que pode e o que n\u00e3o pode levar no Enem? | Portal EV","description":"Confira o que pode e o que n\u00e3o pode levar no Enem, desde documenta\u00e7\u00e3o, itens, acess\u00f3rios, alimentos e bebidas.","robots":{"index":"index","follow":"follow","max-snippet":"max-snippet:-1","max-image-preview":"max-image-preview:large","max-video-preview":"max-video-preview:-1"},"canonical":"https:\/\/vestibulares.estrategia.com\/portal\/enem-e-vestibulares\/enem\/o-que-levar-no-enem\/","og_locale":"pt_BR","og_type":"article","og_title":"O que pode e o que n\u00e3o pode levar no Enem?","og_description":"Confira o que pode e o que n\u00e3o pode levar no Enem, desde documenta\u00e7\u00e3o, itens, acess\u00f3rios, alimentos e bebidas.","og_url":"https:\/\/vestibulares.estrategia.com\/portal\/enem-e-vestibulares\/enem\/o-que-levar-no-enem\/","og_site_name":"Estrat\u00e9gia Vestibulares","article_publisher":"https:\/\/facebook.com\/estrategiavestibulares","article_published_time":"2023-11-01T21:34:25+00:00","article_modified_time":"2025-11-06T01:17:30+00:00","og_image":[{"width":1920,"height":768,"url":"https:\/\/vestibulares.estrategia.com\/portal\/wp-content\/uploads\/2023\/11\/bom-mas-nao-o-melhor-retrato-de-um-jovem-estudante-adolescente-desapontado-e-insatisfeito-fazendo-careta.jpg","type":"image\/jpeg"}],"author":"Larrani Ferreira","twitter_card":"summary_large_image","twitter_creator":"@Estrategiavest","twitter_site":"@Estrategiavest","twitter_misc":{"Escrito por":"Larrani Ferreira","Est. tempo de leitura":"6 minutos"},"schema":{"@context":"https:\/\/schema.org","@graph":[{"@type":"NewsArticle","@id":"https:\/\/vestibulares.estrategia.com\/portal\/enem-e-vestibulares\/enem\/o-que-levar-no-enem\/#article","isPartOf":{"@id":"https:\/\/vestibulares.estrategia.com\/portal\/enem-e-vestibulares\/enem\/o-que-levar-no-enem\/"},"author":{"name":"Larrani Ferreira","@id":"https:\/\/vestibulares.estrategia.com\/portal\/#\/schema\/person\/98d0c0e22d6d89b480aa1929f0e64ec5"},"headline":"O que pode e o que n\u00e3o pode levar no Enem?","datePublished":"2023-11-01T21:34:25+00:00","dateModified":"2025-11-06T01:17:30+00:00","mainEntityOfPage":{"@id":"https:\/\/vestibulares.estrategia.com\/portal\/enem-e-vestibulares\/enem\/o-que-levar-no-enem\/"},"wordCount":1129,"publisher":{"@id":"https:\/\/vestibulares.estrategia.com\/portal\/#organization"},"image":{"@id":"https:\/\/vestibulares.estrategia.com\/portal\/enem-e-vestibulares\/enem\/o-que-levar-no-enem\/#primaryimage"},"thumbnailUrl":"https:\/\/vestibulares.estrategia.com\/portal\/wp-content\/uploads\/2023\/11\/bom-mas-nao-o-melhor-retrato-de-um-jovem-estudante-adolescente-desapontado-e-insatisfeito-fazendo-careta.jpg","articleSection":["Enem"],"inLanguage":"pt-BR"},{"@type":"WebPage","@id":"https:\/\/vestibulares.estrategia.com\/portal\/enem-e-vestibulares\/enem\/o-que-levar-no-enem\/","url":"https:\/\/vestibulares.estrategia.com\/portal\/enem-e-vestibulares\/enem\/o-que-levar-no-enem\/","name":"O que pode e o que n\u00e3o pode levar no Enem? | Portal EV","isPartOf":{"@id":"https:\/\/vestibulares.estrategia.com\/portal\/#website"},"primaryImageOfPage":{"@id":"https:\/\/vestibulares.estrategia.com\/portal\/enem-e-vestibulares\/enem\/o-que-levar-no-enem\/#primaryimage"},"image":{"@id":"https:\/\/vestibulares.estrategia.com\/portal\/enem-e-vestibulares\/enem\/o-que-levar-no-enem\/#primaryimage"},"thumbnailUrl":"https:\/\/vestibulares.estrategia.com\/portal\/wp-content\/uploads\/2023\/11\/bom-mas-nao-o-melhor-retrato-de-um-jovem-estudante-adolescente-desapontado-e-insatisfeito-fazendo-careta.jpg","datePublished":"2023-11-01T21:34:25+00:00","dateModified":"2025-11-06T01:17:30+00:00","description":"Confira o que pode e o que n\u00e3o pode levar no Enem, desde documenta\u00e7\u00e3o, itens, acess\u00f3rios, alimentos e bebidas.","breadcrumb":{"@id":"https:\/\/vestibulares.estrategia.com\/portal\/enem-e-vestibulares\/enem\/o-que-levar-no-enem\/#breadcrumb"},"inLanguage":"pt-BR","potentialAction":[{"@type":"ReadAction","target":["https:\/\/vestibulares.estrategia.com\/portal\/enem-e-vestibulares\/enem\/o-que-levar-no-enem\/"]}]},{"@type":"ImageObject","inLanguage":"pt-BR","@id":"https:\/\/vestibulares.estrategia.com\/portal\/enem-e-vestibulares\/enem\/o-que-levar-no-enem\/#primaryimage","url":"https:\/\/vestibulares.estrategia.com\/portal\/wp-content\/uploads\/2023\/11\/bom-mas-nao-o-melhor-retrato-de-um-jovem-estudante-adolescente-desapontado-e-insatisfeito-fazendo-careta.jpg","contentUrl":"https:\/\/vestibulares.estrategia.com\/portal\/wp-content\/uploads\/2023\/11\/bom-mas-nao-o-melhor-retrato-de-um-jovem-estudante-adolescente-desapontado-e-insatisfeito-fazendo-careta.jpg","width":1920,"height":768,"caption":"Foto: benzoix no Freepik"},{"@type":"BreadcrumbList","@id":"https:\/\/vestibulares.estrategia.com\/portal\/enem-e-vestibulares\/enem\/o-que-levar-no-enem\/#breadcrumb","itemListElement":[{"@type":"ListItem","position":1,"name":"Home","item":"https:\/\/vestibulares.estrategia.com\/portal\/"},{"@type":"ListItem","position":2,"name":"Enem e Vestibulares","item":"https:\/\/vestibulares.estrategia.com\/portal\/enem-e-vestibulares\/"},{"@type":"ListItem","position":3,"name":"Enem","item":"https:\/\/vestibulares.estrategia.com\/portal\/enem-e-vestibulares\/enem\/"},{"@type":"ListItem","position":4,"name":"O que pode e o que n\u00e3o pode levar no Enem?"}]},{"@type":"WebSite","@id":"https:\/\/vestibulares.estrategia.com\/portal\/#website","url":"https:\/\/vestibulares.estrategia.com\/portal\/","name":"Estrat\u00e9gia Vestibulares","description":"","publisher":{"@id":"https:\/\/vestibulares.estrategia.com\/portal\/#organization"},"potentialAction":[{"@type":"SearchAction","target":{"@type":"EntryPoint","urlTemplate":"https:\/\/vestibulares.estrategia.com\/portal\/?s={search_term_string}"},"query-input":{"@type":"PropertyValueSpecification","valueRequired":true,"valueName":"search_term_string"}}],"inLanguage":"pt-BR"},{"@type":"Organization","@id":"https:\/\/vestibulares.estrategia.com\/portal\/#organization","name":"Estrat\u00e9gia Vestibulares","url":"https:\/\/vestibulares.estrategia.com\/portal\/","logo":{"@type":"ImageObject","inLanguage":"pt-BR","@id":"https:\/\/vestibulares.estrategia.com\/portal\/#\/schema\/logo\/image\/","url":"https:\/\/vestibulares.estrategia.com\/portal\/wp-content\/uploads\/2021\/06\/Logo-Vestibulares@4x.png","contentUrl":"https:\/\/vestibulares.estrategia.com\/portal\/wp-content\/uploads\/2021\/06\/Logo-Vestibulares@4x.png","width":250,"height":66,"caption":"Estrat\u00e9gia Vestibulares"},"image":{"@id":"https:\/\/vestibulares.estrategia.com\/portal\/#\/schema\/logo\/image\/"},"sameAs":["https:\/\/facebook.com\/estrategiavestibulares","https:\/\/x.com\/Estrategiavest","https:\/\/www.instagram.com\/estrategiavestibulares","https:\/\/www.youtube.com\/channel\/UCGWdZy8ULI-7_5GrABa4vNA"]},{"@type":"Person","@id":"https:\/\/vestibulares.estrategia.com\/portal\/#\/schema\/person\/98d0c0e22d6d89b480aa1929f0e64ec5","name":"Larrani Ferreira","image":{"@type":"ImageObject","inLanguage":"pt-BR","@id":"https:\/\/vestibulares.estrategia.com\/portal\/#\/schema\/person\/image\/","url":"https:\/\/vestibulares.estrategia.com\/portal\/wp-content\/uploads\/2026\/02\/WhatsApp-Image-2026-02-05-at-14.26.13-150x150.jpeg","contentUrl":"https:\/\/vestibulares.estrategia.com\/portal\/wp-content\/uploads\/2026\/02\/WhatsApp-Image-2026-02-05-at-14.26.13-150x150.jpeg","caption":"Larrani Ferreira"},"description":"Jornalista e Mestranda em Comunica\u00e7\u00e3o Intercultural nas Organiza\u00e7\u00f5es","url":"https:\/\/vestibulares.estrategia.com\/portal\/author\/larranioliveira\/"}]}},"_wl_alt_label":[],"wl:entity_url":"https:\/\/data.wordlift.io\/wl110249\/post\/o-que-levar-no-enem","_links":{"self":[{"href":"https:\/\/vestibulares.estrategia.com\/portal\/wp-json\/wp\/v2\/posts\/104660","targetHints":{"allow":["GET"]}}],"collection":[{"href":"https:\/\/vestibulares.estrategia.com\/portal\/wp-json\/wp\/v2\/posts"}],"about":[{"href":"https:\/\/vestibulares.estrategia.com\/portal\/wp-json\/wp\/v2\/types\/post"}],"author":[{"embeddable":true,"href":"https:\/\/vestibulares.estrategia.com\/portal\/wp-json\/wp\/v2\/users\/51"}],"replies":[{"embeddable":true,"href":"https:\/\/vestibulares.estrategia.com\/portal\/wp-json\/wp\/v2\/comments?post=104660"}],"version-history":[{"count":13,"href":"https:\/\/vestibulares.estrategia.com\/portal\/wp-json\/wp\/v2\/posts\/104660\/revisions"}],"predecessor-version":[{"id":148109,"href":"https:\/\/vestibulares.estrategia.com\/portal\/wp-json\/wp\/v2\/posts\/104660\/revisions\/148109"}],"wp:featuredmedia":[{"embeddable":true,"href":"https:\/\/vestibulares.estrategia.com\/portal\/wp-json\/wp\/v2\/media\/104661"}],"wp:attachment":[{"href":"https:\/\/vestibulares.estrategia.com\/portal\/wp-json\/wp\/v2\/media?parent=104660"}],"wp:term":[{"taxonomy":"category","embeddable":true,"href":"https:\/\/vestibulares.estrategia.com\/portal\/wp-json\/wp\/v2\/categories?post=104660"},{"taxonomy":"post_tag","embeddable":true,"href":"https:\/\/vestibulares.estrategia.com\/portal\/wp-json\/wp\/v2\/tags?post=104660"},{"taxonomy":"wl_entity_type","embeddable":true,"href":"https:\/\/vestibulares.estrategia.com\/portal\/wp-json\/wp\/v2\/wl_entity_type?post=104660"}],"curies":[{"name":"wp","href":"https:\/\/api.w.org\/{rel}","templated":true}]}}