{"id":104787,"date":"2023-11-03T16:00:37","date_gmt":"2023-11-03T19:00:37","guid":{"rendered":"https:\/\/vestibulares.estrategia.com\/portal\/?p=104787"},"modified":"2025-11-06T14:26:16","modified_gmt":"2025-11-06T17:26:16","slug":"redacao-enem-2023-o-que-mudou-na-correcao","status":"publish","type":"post","link":"https:\/\/vestibulares.estrategia.com\/portal\/enem-e-vestibulares\/enem\/redacao-enem-2023-o-que-mudou-na-correcao\/","title":{"rendered":"Reda\u00e7\u00e3o Enem 2023: o que mudou na corre\u00e7\u00e3o?"},"content":{"rendered":"<p>Todos os anos, o Instituto Nacional de Estudos e Pesquisas Educacionais An&iacute;sio Teixeira (Inep), &oacute;rg&atilde;o respons&aacute;vel pelo Exame Nacional do Ensino M&eacute;dio (<a href=\"https:\/\/vestibulares.estrategia.com\/portal\/enem-e-vestibulares\/enem\/enem\/\" target=\"_blank\">Enem<\/a>), divulga uma <a rel=\"nofollow\" href=\"https:\/\/cdn.blog.estrategiavestibulares.com.br\/vestibulares\/wp-content\/uploads\/2024\/10\/enem-2024-cartilha-de-redacao.pdf\" target=\"_blank\">cartilha com a Matriz de Refer&ecirc;ncia<\/a> da prova de reda&ccedil;&atilde;o, ou seja, os crit&eacute;rios que os corretores adotar&atilde;o para fazer as corre&ccedil;&otilde;es e atribuir as notas. Al&eacute;m disso, apresenta amostras comentadas de reda&ccedil;&otilde;es que receberam pontua&ccedil;&atilde;o m&aacute;xima (1000 pontos) na &uacute;ltima edi&ccedil;&atilde;o do Enem.<p>Ap&oacute;s a divulga&ccedil;&atilde;o da Matriz de Refer&ecirc;ncia de 2023, participantes manifestaram nas redes sociais algumas d&uacute;vidas sobre mudan&ccedil;as na corre&ccedil;&atilde;o da reda&ccedil;&atilde;o do Enem. Por isso, o professor de reda&ccedil;&atilde;o Fernando Andrade do Estrat&eacute;gia Vestibulares explicou o que, de fato, mudou na corre&ccedil;&atilde;o da reda&ccedil;&atilde;o do Enem, e trouxemos as respostas no texto a seguir:&nbsp;<\/p><p class=\"wp-block-verse\">&#128226;<strong><em>&nbsp;<\/em>Saiba mais<\/strong><br><a href=\"https:\/\/vestibulares.estrategia.com\/portal\/noticias\/gabarito-enem-2025-correcao-do-1o-dia-de-prova\/\">+ Gabarito Enem 2025: corre&ccedil;&atilde;o do 1&ordm; dia de prova<\/a><br><a href=\"https:\/\/vestibulares.estrategia.com\/portal\/noticias\/prova-enem-2025-o-que-levar-horarios-e-instrucoes-para-os-dias-do-exame\/\">+ Prova Enem 2025: o que levar, hor&aacute;rios e instru&ccedil;&otilde;es para os dias do exame<\/a><strong><br><\/strong><a href=\"https:\/\/vestibulares.estrategia.com\/portal\/enem-e-vestibulares\/enem\/tema-de-redacao-enem-2025-palpites-professores\/\">+ Tema de reda&ccedil;&atilde;o Enem 2025: veja os palpites dos professores do Estrat&eacute;gia Vestibulares<br><\/a><a href=\"https:\/\/vestibulares.estrategia.com\/portal\/enem-e-vestibulares\/enem\/enem-2025-13-possiveis-temas-de-redacao-e-como-se-preparar-para-a-prova\/\">+ Enem 2025: 13 poss&iacute;veis temas de reda&ccedil;&atilde;o e como se preparar para a prova<br><\/a><a href=\"https:\/\/vestibulares.estrategia.com\/portal\/atualidades-e-dicas\/enem-2025-atualidades-e-acontecimentos\/\">+ Enem 2025: confira 68 atualidades e acontecimentos que podem cair nas provas<br><\/a><a href=\"https:\/\/vestibulares.estrategia.com\/portal\/noticias\/sisu-2026-candidatos-poderao-usar-notas-das-ultimas-tres-edicoes-do-enem\/\">+ Sisu 2026: candidatos poder&atilde;o usar notas das &uacute;ltimas tr&ecirc;s edi&ccedil;&otilde;es do Enem<br><\/a><a href=\"https:\/\/vestibulares.estrategia.com\/portal\/materias\/redacao\/redacao-nota-1000-enem\/\">+ Reda&ccedil;&atilde;o Nota 1000 no Enem: leia 15 exemplos reais dos &uacute;ltimos anos<\/a><a href=\"https:\/\/vestibulares.estrategia.com\/portal\/enem-e-vestibulares\/enem\/enem-2024-7-possiveis-temas-de-redacao-e-como-se-preparar-para-a-prova\/\" target=\"_blank\"><br><\/a><\/p><figure class=\"wp-block-embed is-type-video is-provider-youtube wp-block-embed-youtube wp-embed-aspect-16-9 wp-has-aspect-ratio\"><div class=\"wp-block-embed__wrapper\">\n<div class=\"cs-embed cs-embed-responsive\"><iframe title=\"Mudan&ccedil;as na corre&ccedil;&atilde;o da reda&ccedil;&atilde;o do ENEM 2023\" width=\"1200\" height=\"675\" src=\"https:\/\/www.youtube.com\/embed\/-RPnF1RBlR0?start=140&amp;feature=oembed\" frameborder=\"0\" allow=\"accelerometer; autoplay; clipboard-write; encrypted-media; gyroscope; picture-in-picture; web-share\" referrerpolicy=\"strict-origin-when-cross-origin\" allowfullscreen><\/iframe><\/div>\n<\/div><\/figure><p>\n\n\n\n<div class=\"cta-medio\" style=\"background-image: url(https:\/\/vestibulares.estrategia.com\/portal\/wp-content\/uploads\/2024\/08\/curso-enem-1-estrategia-vestibulares-ctamedio.jpg);\"><h3>Pacote Enem TOP <\/h3> <p>Estude com o Estrat\u00e9gia Vestibulares<\/p><div class=\"cta-botao\"><a id=\"cta-medio\" href=\"https:\/\/vestibulares.estrategia.com\/curso\/enem-top\/\" target=\"_blank\" style=\"background:rgb(255,150,0)\">Saiba mais<\/a><\/div><\/div>\n\n\n\n<\/p><div id=\"ez-toc-container\" class=\"ez-toc-v2_0_76 counter-hierarchy ez-toc-counter ez-toc-transparent ez-toc-container-direction\">\n<div class=\"ez-toc-title-container\"><p class=\"ez-toc-title\" style=\"cursor:inherit\">Navegue pelo conte\u00fado<\/p>\n<\/div><nav><ul class='ez-toc-list ez-toc-list-level-1 ' ><li class='ez-toc-page-1 ez-toc-heading-level-2'><a class=\"ez-toc-link ez-toc-heading-1\" href=\"https:\/\/vestibulares.estrategia.com\/portal\/enem-e-vestibulares\/enem\/redacao-enem-2023-o-que-mudou-na-correcao\/#O-que-mudou-na-correcao-da-redacao-do-Enem\" >O que mudou na corre&ccedil;&atilde;o da reda&ccedil;&atilde;o do Enem?<\/a><\/li><li class='ez-toc-page-1 ez-toc-heading-level-2'><a class=\"ez-toc-link ez-toc-heading-2\" href=\"https:\/\/vestibulares.estrategia.com\/portal\/enem-e-vestibulares\/enem\/redacao-enem-2023-o-que-mudou-na-correcao\/#Sugestoes-do-professor-para-ir-bem-na-redacao-do-Enem\" >Sugest&otilde;es do professor para ir bem na reda&ccedil;&atilde;o do Enem<\/a><\/li><li class='ez-toc-page-1 ez-toc-heading-level-2'><a class=\"ez-toc-link ez-toc-heading-3\" href=\"https:\/\/vestibulares.estrategia.com\/portal\/enem-e-vestibulares\/enem\/redacao-enem-2023-o-que-mudou-na-correcao\/#Pontos-importantes-para-correcao-da-redacao-do-Enem\" >Pontos importantes para corre&ccedil;&atilde;o da reda&ccedil;&atilde;o do Enem<\/a><\/li><li class='ez-toc-page-1 ez-toc-heading-level-2'><a class=\"ez-toc-link ez-toc-heading-4\" href=\"https:\/\/vestibulares.estrategia.com\/portal\/enem-e-vestibulares\/enem\/redacao-enem-2023-o-que-mudou-na-correcao\/#Como-funciona-a-redacao-do-Enem\" >Como funciona a reda&ccedil;&atilde;o do Enem?<\/a><\/li><li class='ez-toc-page-1 ez-toc-heading-level-2'><a class=\"ez-toc-link ez-toc-heading-5\" href=\"https:\/\/vestibulares.estrategia.com\/portal\/enem-e-vestibulares\/enem\/redacao-enem-2023-o-que-mudou-na-correcao\/#Calendario-Enem-2023\" >Calend&aacute;rio Enem 2023<\/a><\/li><li class='ez-toc-page-1 ez-toc-heading-level-2'><a class=\"ez-toc-link ez-toc-heading-6\" href=\"https:\/\/vestibulares.estrategia.com\/portal\/enem-e-vestibulares\/enem\/redacao-enem-2023-o-que-mudou-na-correcao\/#Como-estudar-para-o-Enem\" >Como estudar para o Enem?<\/a><\/li><\/ul><\/nav><\/div>\n<h2 class=\"wp-block-heading\" id=\"h-o-que-mudou-na-correcao-da-redacao-do-enem\"><span class=\"ez-toc-section\" id=\"O-que-mudou-na-correcao-da-redacao-do-Enem\"><\/span>O que mudou na corre&ccedil;&atilde;o da reda&ccedil;&atilde;o do Enem?<span class=\"ez-toc-section-end\"><\/span><\/h2><p>Segundo o professor Fernando Andrade, as <strong>mudan&ccedil;as observadas foram de orienta&ccedil;&atilde;o dos profissionais corretores e da nomenclatura de t&oacute;picos da corre&ccedil;&atilde;o. <\/strong>Ainda assim, ele alerta que nada de muito relevante foi alterado, j&aacute; que a cartilha com a Matriz de Refer&ecirc;ncia n&atilde;o apresenta mudan&ccedil;as. &ldquo;Para haver mudan&ccedil;a de fato, mudan&ccedil;a s&eacute;ria, o Inep teria que mexer na Matriz de Refer&ecirc;ncia&rdquo;, explica.<\/p><p>Durante o treinamento, os corretores recebem cadernos com orienta&ccedil;&otilde;es de corre&ccedil;&atilde;o, incluindo o que deve conter&nbsp; no texto para que o participante possa receber a nota m&aacute;xima de 200 pontos em cada uma das cinco compet&ecirc;ncias avaliadas e assim atingir a nota final m&aacute;xima de 1000 pontos.<\/p><p class=\"wp-block-verse\"><strong>Saiba mais:<\/strong><br>+ <a href=\"https:\/\/vestibulares.estrategia.com\/portal\/materias\/redacao\/competencias-redacao-enem\/\" target=\"_blank\">Quais s&atilde;o as 5 compet&ecirc;ncias da reda&ccedil;&atilde;o do Enem?<\/a><\/p><h3 class=\"wp-block-heading\" id=\"h-mudancas-de-nomenclatura-na-correcao-da-redacao-do-enem\">Mudan&ccedil;as de nomenclatura na corre&ccedil;&atilde;o da reda&ccedil;&atilde;o do Enem<\/h3><p>A mudan&ccedil;a de nomenclatura nas orienta&ccedil;&otilde;es de corre&ccedil;&atilde;o aparece na Compet&ecirc;ncia 1, que avalia o &ldquo;Dom&iacute;nio da escrita formal da L&iacute;ngua Portuguesa&rdquo;.&nbsp; At&eacute; 2022, os erros de pontua&ccedil;&atilde;o se enquadravam como &ldquo;Desvios&rdquo; dessa Compet&ecirc;ncia, e a partir desse ano ser&atilde;o tratados como &ldquo;Falhas gramaticais&rdquo;. Entenda a diferen&ccedil;a na pr&aacute;tica:<\/p><figure class=\"wp-block-table is-style-stripes\"><table><tbody><tr><td><strong>Desvio<\/strong><\/td><td><strong>Falhas gramaticais&nbsp;<\/strong><\/td><\/tr><tr><td>Admite a atribui&ccedil;&atilde;o da nota m&aacute;xima da Compet&ecirc;ncia (200 pontos), mesmo que o texto apresente <strong>dois desvios<\/strong>. Exemplo: Se o participante escreve &ldquo;poblema&rdquo;, depois &ldquo;probrema&rdquo; e em seguida &ldquo;poblema&rdquo;, o corretor dever&aacute; considerar apenas um erro, j&aacute; que se trata da mesma palavra. Dessa forma, ainda &eacute; poss&iacute;vel errar um outro termo e conseguir a nota m&aacute;xima da Compet&ecirc;ncia 1.&nbsp;<\/td><td>Admite a atribui&ccedil;&atilde;o da nota m&aacute;xima da Compet&ecirc;ncia (200 pontos), quando o texto apresenta apenas <strong>uma falha gramatical<\/strong>, sem reincid&ecirc;ncia.&nbsp;<\/td><\/tr><\/tbody><\/table><\/figure><p>Sobre o quadro, o professor explica: &ldquo;Erros de pontua&ccedil;&atilde;o estavam em &lsquo;Desvio&rsquo; e isso significava que ela poderia ser um erro e que eu ainda poderia errar mais uma vez, al&eacute;m de poder ser reincidente na falha de pontua&ccedil;&atilde;o. &lsquo;Falhas gramaticais&rsquo; tem outra l&oacute;gica, voc&ecirc; s&oacute; pode errar uma vez, se voc&ecirc; errar duas vezes a v&iacute;rgula (reincid&ecirc;ncia do mesmo erro), por exemplo, n&atilde;o recebe 200 pontos.&rdquo;<\/p><p>&ldquo;Essa foi a maior mudan&ccedil;a, que n&atilde;o foi mudan&ccedil;a de fato porque n&atilde;o se mexeu na Matriz de Refer&ecirc;ncia. &Eacute; uma mudan&ccedil;a sutil que vai ter impacto, por que quem &eacute; que n&atilde;o erra v&iacute;rgula? Vai ser mais dif&iacute;cil tirar 200 pontos na Compet&ecirc;ncia 1&rdquo;, conclui.&nbsp;&nbsp;<\/p><h3 class=\"wp-block-heading\" id=\"h-mudancas-de-orientacao-na-correcao-da-redacao-do-enem\">Mudan&ccedil;as de orienta&ccedil;&atilde;o na corre&ccedil;&atilde;o da reda&ccedil;&atilde;o do Enem<\/h3><p>As altera&ccedil;&otilde;es de orienta&ccedil;&atilde;o aparecem na Compet&ecirc;ncia 2, que observa se o participante ir&aacute; &ldquo;Compreender o tema e n&atilde;o fugir da proposta da reda&ccedil;&atilde;o do Enem&rdquo;. Nessa parte, &eacute; avaliada a capacidade do candidato de compreender a proposta, redigir o texto dentro da estrutura dissertativa e utilizar repert&oacute;rios socioculturais.<\/p><p>&ldquo;Na verdade, o que a banca orientou, foi que os corretores ajam de acordo com o que se espera de uma boa reda&ccedil;&atilde;o&rdquo;, comenta Fernando. Isso ocorre porque, os t&oacute;picos de corre&ccedil;&atilde;o n&atilde;o s&atilde;o novos e j&aacute; existiam no material de corre&ccedil;&atilde;o, a novidade &eacute; a orienta&ccedil;&atilde;o de tratar os pontos de forma mais rigorosa.<\/p><p>Para atribuir a nota m&aacute;xima de 200 pontos na Compet&ecirc;ncia 2, o corretor dever&aacute; considerar os seguintes detalhes sobre o repert&oacute;rio apresentado:<\/p><ul class=\"wp-block-list\">\n<li>Se ele &eacute; <strong>legitimado<\/strong>: analisar se as informa&ccedil;&otilde;es, fatos, cita&ccedil;&otilde;es ou experi&ecirc;ncias vividas s&atilde;o ou n&atilde;o legitimadas pelas &Aacute;reas do Conhecimento. Exemplo: &ldquo;John Locke disse que &lsquo;o Estado deveria garantir o bem-estar social dos cidad&atilde;os&rsquo;, isso &eacute; mentira. Isso vai contra a teoria de Locke&rdquo;, afirma o professor Fernando.<\/li>\n<\/ul><ul class=\"wp-block-list\">\n<li>Se ele &eacute; <strong>pertinente<\/strong>: se o repert&oacute;rio &eacute; associado ao menos a um dos seus Elementos. O professor explica: &ldquo;A reda&ccedil;&atilde;o do Enem prop&otilde;e um tema sempre com um ou dois elementos. Por exemplo: o desprezo em rela&ccedil;&atilde;o aos povos tradicionais, ent&atilde;o temos &lsquo;desprezo&rsquo; e &lsquo;povos tradicionais&rsquo;, e o meu repert&oacute;rio tem que fazer rela&ccedil;&atilde;o com &lsquo;desprezo&rsquo; ou com &lsquo;povos tradicionais&rsquo;. Eu mostro que h&aacute; uma pertin&ecirc;ncia&rdquo;<\/li>\n<\/ul><ul class=\"wp-block-list\">\n<li>Se ele &eacute; <strong>produtivo<\/strong>: se o repert&oacute;rio vai al&eacute;m do campo da cita&ccedil;&atilde;o e ajuda a aprofundar a ideia defendida.&nbsp;<\/li>\n<\/ul><h2 class=\"wp-block-heading\" id=\"h-sugestoes-do-professor-para-ir-bem-na-redacao-do-enem\"><span class=\"ez-toc-section\" id=\"Sugestoes-do-professor-para-ir-bem-na-redacao-do-Enem\"><\/span>Sugest&otilde;es do professor para ir bem na reda&ccedil;&atilde;o do Enem<span class=\"ez-toc-section-end\"><\/span><\/h2><p>Na aula sobre o tema, o professor Fernando reuniu algumas sugest&otilde;es para auxiliar na hora de escrever a reda&ccedil;&atilde;o do Enem. Confira:<\/p><ul class=\"wp-block-list\">\n<li><strong>Compet&ecirc;ncia 1: <\/strong>&ldquo;Fa&ccedil;a uma boa revis&atilde;o, sobretudo relacionada &agrave;s v&iacute;rgulas e ora&ccedil;&atilde;o subordinada sem verbo. &Eacute; comum aparecerem reda&ccedil;&otilde;es com ora&ccedil;&otilde;es do tipo &lsquo;Isso porque&rsquo; ao inv&eacute;s de &lsquo;Isso ocorre porque.&rsquo;&rdquo;<\/li>\n\n\n\n<li><strong>Compet&ecirc;ncia 2: <\/strong>&ldquo;&Eacute; preciso deixar claro que o repert&oacute;rio &eacute; pertinente e que produz algo na argumenta&ccedil;&atilde;o, tornando-a melhor.&rdquo;<\/li>\n\n\n\n<li><strong>Compet&ecirc;ncia 5: <\/strong>&ldquo;Seja expl&iacute;cito ao atender cada um dos requisitos. Confira:<br><br>&ndash; Mostre que a proposta de interven&ccedil;&atilde;o final se liga com o resto do texto (fa&ccedil;a isso no primeiro per&iacute;odo);<br>&ndash; Introduza, o meio de interven&ccedil;&atilde;o com conectivos como &lsquo;por meio de&rsquo; ou &lsquo;atrav&eacute;s de&rsquo;. Evite o ger&uacute;ndio, ele causa confus&atilde;o;<br>&ndash; Para detalhar a proposta use exemplos ou justifica&ccedil;&otilde;es.&rdquo;<\/li>\n<\/ul><h2 class=\"wp-block-heading\" id=\"h-pontos-importantes-para-correcao-da-redacao-do-enem\"><span class=\"ez-toc-section\" id=\"Pontos-importantes-para-correcao-da-redacao-do-Enem\"><\/span>Pontos importantes para corre&ccedil;&atilde;o da reda&ccedil;&atilde;o do Enem<span class=\"ez-toc-section-end\"><\/span><\/h2><p>Relembre alguns detalhes que os corretores j&aacute; consideram na hora da corre&ccedil;&atilde;o da reda&ccedil;&atilde;o:<\/p><ul class=\"wp-block-list\">\n<li>Conte&uacute;dos que excedem o m&aacute;ximo de 30 linhas n&atilde;o s&atilde;o lidos;<\/li>\n\n\n\n<li>Textos inacabados e\/ou interrompidos abruptamente na &uacute;ltima linha n&atilde;o recebem mais que 80 pontos na Compet&ecirc;ncia 2;<\/li>\n\n\n\n<li>N&atilde;o &eacute; necess&aacute;rio dar um t&iacute;tulo &agrave; reda&ccedil;&atilde;o &mdash; Obs: Segundo o edital, reda&ccedil;&otilde;es com at&eacute; sete linhas n&atilde;o ser&atilde;o corrigidas, entretanto, se ela apresentar um t&iacute;tulo, conta com oito linhas e passa por corre&ccedil;&atilde;o.<\/li>\n<\/ul><h2 class=\"wp-block-heading\" id=\"h-como-funciona-a-redacao-do-enem\"><span class=\"ez-toc-section\" id=\"Como-funciona-a-redacao-do-Enem\"><\/span>Como funciona a reda&ccedil;&atilde;o do Enem?<span class=\"ez-toc-section-end\"><\/span><\/h2><p>Seguindo o g&ecirc;nero textual dissertativo-argumentativo, na reda&ccedil;&atilde;o do Enem os candidatos devem apresentar um ponto de vista por meio de argumentos. O texto dissertativo-argumentativo cobrado no Enem apresenta algumas regras, sendo elas:<\/p><ul class=\"wp-block-list\">\n<li>Uso da norma-padr&atilde;o da l&iacute;ngua portuguesa;<\/li>\n\n\n\n<li>Presen&ccedil;a de tese;<\/li>\n\n\n\n<li>Desenvolvimento argumentativo que comprove a tese e proposta de interven&ccedil;&atilde;o;<\/li>\n\n\n\n<li>M&iacute;nimo de oito linhas e m&aacute;ximo de 30 linhas;<\/li>\n\n\n\n<li>N&atilde;o &eacute; preciso t&iacute;tulo; e<\/li>\n\n\n\n<li>Respeitar os direitos humanos.<\/li>\n<\/ul><h2 class=\"wp-block-heading\" id=\"h-calendario-enem-2023\"><span class=\"ez-toc-section\" id=\"Calendario-Enem-2023\"><\/span>Calend&aacute;rio Enem 2023<span class=\"ez-toc-section-end\"><\/span><\/h2><ul class=\"wp-block-list\">\n<li><strong>Solicita&ccedil;&atilde;o de isen&ccedil;&atilde;o e justificativa de aus&ecirc;ncia:<\/strong> 17 a 28\/04\/2023;<\/li>\n\n\n\n<li><strong>Resultado da justificativa e isen&ccedil;&atilde;o:<\/strong> 08\/05\/2023;<\/li>\n\n\n\n<li><strong>Recurso da justificativa e isen&ccedil;&atilde;o: <\/strong>12\/05\/2023;<\/li>\n\n\n\n<li><strong>Resultado do recurso: <\/strong>19\/05\/2023;<\/li>\n\n\n\n<li><strong>Inscri&ccedil;&otilde;es: <\/strong>05\/06\/2023 a 16\/06\/2023<\/li>\n\n\n\n<li><strong>Pagamento da taxa de inscri&ccedil;&atilde;o:<\/strong> at&eacute; 21\/06\/2023;<\/li>\n\n\n\n<li><strong>Atendimento especial e tratamento por nome social:<\/strong> 05 a 16\/06\/2023;<\/li>\n\n\n\n<li><strong>Aplica&ccedil;&atilde;o do exame em:<\/strong> 05 e 12\/11\/2023;<\/li>\n\n\n\n<li><strong>Divulga&ccedil;&atilde;o do gabarito em:&nbsp;<\/strong>14\/11\/2023*<strong>; e<\/strong><\/li>\n\n\n\n<li><strong>Divulga&ccedil;&atilde;o dos resultados em:&nbsp;<\/strong>16\/01\/2024.<\/li>\n<\/ul><p><em>*A data de divulga&ccedil;&atilde;o do gabarito foi antecipada.<\/em><\/p><h2 class=\"wp-block-heading\" id=\"h-como-estudar-para-o-enem\"><span class=\"ez-toc-section\" id=\"Como-estudar-para-o-Enem\"><\/span>Como estudar para o Enem?<span class=\"ez-toc-section-end\"><\/span><\/h2><p>Para te ajudar, o Estrat&eacute;gia Vestibulares oferece diariamente aulas gratuitas no YouTube sobre todas as mat&eacute;rias que caem no Enem e em diversos vestibulares brasileiros.<\/p><p>Al&eacute;m disso, para aqueles que querem investir nos estudos, a plataforma tamb&eacute;m oferece um curso preparat&oacute;rio exclusivo sobre o Enem 2023, com professores especialistas na prova e com diversos benef&iacute;cios. D&aacute; s&oacute; uma olhada:<\/p><ul class=\"wp-block-list\">\n<li>Curso com livros digitais;<\/li>\n\n\n\n<li>Corre&ccedil;&atilde;o ilimitada de <a href=\"https:\/\/vestibulares.estrategia.com\/portal\/enem-e-vestibulares\/vestibulares\/curso-de-redacao-para-o-vestibular-saiba-mais-detalhes-e-como-escolher-o-seu\/\" target=\"_blank\">reda&ccedil;&otilde;es<\/a>;<\/li>\n\n\n\n<li>F&oacute;rum de d&uacute;vidas;<\/li>\n\n\n\n<li><a href=\"https:\/\/vestibulares.estrategia.com\/portal\/eventos\/simulados-vestibulares\/\" target=\"_blank\">Simulados<\/a> com quest&otilde;es in&eacute;ditas;<\/li>\n\n\n\n<li>Quest&otilde;es comentadas;<\/li>\n\n\n\n<li>Mapas mentais; e<\/li>\n\n\n\n<li>Entre muitas outras vantagens.<\/li>\n<\/ul><p>Ficou interessado, assine o curso preparat&oacute;rio para o Enem do Estrat&eacute;gia Vestibulares!<\/p><p>\n\n\n<a id=\"cta\" class=\"cta-imagem\" href=\"https:\/\/vestibulares.estrategia.com\/curso\/curso-interativo-enem-redaco-prof-fernando-andrade\/\" target=\"blank\">\n                <img decoding=\"async\" width=\"100%\" src=\"https:\/\/vestibulares.estrategia.com\/portal\/wp-content\/uploads\/2021\/07\/Redacao.jpg\" alt=\"Cursos de Reda\u00e7\u00e3o Estrat\u00e9gia Vestibulares\" title=\"Curso de Reda\u00e7\u00e3o Estrat\u00e9gia Vestibulares\">\n        <\/a>\n<\/p><\/p>\n","protected":false},"excerpt":{"rendered":"Se voc\u00ea soube de boatos sobre mudan\u00e7as na corre\u00e7\u00e3o e est\u00e1 com d\u00favidas, veio ao lugar certo. Listamos tudo o que voc\u00ea precisa saber para garantir a melhor nota na reda\u00e7\u00e3o\n","protected":false},"author":48,"featured_media":104788,"comment_status":"closed","ping_status":"closed","sticky":false,"template":"","format":"standard","meta":{"wl_entities_gutenberg":"","footnotes":""},"categories":[43],"tags":[],"wl_entity_type":[732],"class_list":{"0":"post-104787","1":"post","2":"type-post","3":"status-publish","4":"format-standard","5":"has-post-thumbnail","7":"category-enem","8":"wl_entity_type-article"},"acf":[],"yoast_head":"<!-- This site is optimized with the Yoast SEO Premium plugin v25.9 (Yoast SEO v25.9) - https:\/\/yoast.com\/wordpress\/plugins\/seo\/ -->\n<title>Reda\u00e7\u00e3o Enem 2023: o que mudou na corre\u00e7\u00e3o?<\/title>\n<meta name=\"description\" content=\"Se voc\u00ea est\u00e1 com d\u00favidas sobre mudan\u00e7as na corre\u00e7\u00e3o, veio ao lugar certo. Listamos tudo o que voc\u00ea precisa saber para uma boa nota\" \/>\n<meta name=\"robots\" content=\"index, follow, max-snippet:-1, max-image-preview:large, max-video-preview:-1\" \/>\n<link rel=\"canonical\" href=\"https:\/\/vestibulares.estrategia.com\/portal\/enem-e-vestibulares\/enem\/redacao-enem-2023-o-que-mudou-na-correcao\/\" \/>\n<meta property=\"og:locale\" content=\"pt_BR\" \/>\n<meta property=\"og:type\" content=\"article\" \/>\n<meta property=\"og:title\" content=\"Reda\u00e7\u00e3o Enem 2023: o que mudou na corre\u00e7\u00e3o?\" \/>\n<meta property=\"og:description\" content=\"Se voc\u00ea est\u00e1 com d\u00favidas sobre mudan\u00e7as na corre\u00e7\u00e3o, veio ao lugar certo. Listamos tudo o que voc\u00ea precisa saber para uma boa nota\" \/>\n<meta property=\"og:url\" content=\"https:\/\/vestibulares.estrategia.com\/portal\/enem-e-vestibulares\/enem\/redacao-enem-2023-o-que-mudou-na-correcao\/\" \/>\n<meta property=\"og:site_name\" content=\"Estrat\u00e9gia Vestibulares\" \/>\n<meta property=\"article:publisher\" content=\"https:\/\/facebook.com\/estrategiavestibulares\" \/>\n<meta property=\"article:published_time\" content=\"2023-11-03T19:00:37+00:00\" \/>\n<meta property=\"article:modified_time\" content=\"2025-11-06T17:26:16+00:00\" \/>\n<meta property=\"og:image\" content=\"https:\/\/vestibulares.estrategia.com\/portal\/wp-content\/uploads\/2023\/11\/o-que-mudou-na-correcao-do-enem.jpg\" \/>\n\t<meta property=\"og:image:width\" content=\"1200\" \/>\n\t<meta property=\"og:image:height\" content=\"800\" \/>\n\t<meta property=\"og:image:type\" content=\"image\/jpeg\" \/>\n<meta name=\"author\" content=\"Beatriz Santana\" \/>\n<meta name=\"twitter:card\" content=\"summary_large_image\" \/>\n<meta name=\"twitter:creator\" content=\"@Estrategiavest\" \/>\n<meta name=\"twitter:site\" content=\"@Estrategiavest\" \/>\n<meta name=\"twitter:label1\" content=\"Escrito por\" \/>\n\t<meta name=\"twitter:data1\" content=\"Beatriz Santana\" \/>\n\t<meta name=\"twitter:label2\" content=\"Est. tempo de leitura\" \/>\n\t<meta name=\"twitter:data2\" content=\"8 minutos\" \/>\n<script type=\"application\/ld+json\" class=\"yoast-schema-graph\">{\"@context\":\"https:\/\/schema.org\",\"@graph\":[{\"@type\":\"NewsArticle\",\"@id\":\"https:\/\/vestibulares.estrategia.com\/portal\/enem-e-vestibulares\/enem\/redacao-enem-2023-o-que-mudou-na-correcao\/#article\",\"isPartOf\":{\"@id\":\"https:\/\/vestibulares.estrategia.com\/portal\/enem-e-vestibulares\/enem\/redacao-enem-2023-o-que-mudou-na-correcao\/\"},\"author\":{\"name\":\"Beatriz Santana\",\"@id\":\"https:\/\/vestibulares.estrategia.com\/portal\/#\/schema\/person\/cdd941dcf53839374c0bc8d39bb0230f\"},\"headline\":\"Reda\u00e7\u00e3o Enem 2023: o que mudou na corre\u00e7\u00e3o?\",\"datePublished\":\"2023-11-03T19:00:37+00:00\",\"dateModified\":\"2025-11-06T17:26:16+00:00\",\"mainEntityOfPage\":{\"@id\":\"https:\/\/vestibulares.estrategia.com\/portal\/enem-e-vestibulares\/enem\/redacao-enem-2023-o-que-mudou-na-correcao\/\"},\"wordCount\":1529,\"publisher\":{\"@id\":\"https:\/\/vestibulares.estrategia.com\/portal\/#organization\"},\"image\":{\"@id\":\"https:\/\/vestibulares.estrategia.com\/portal\/enem-e-vestibulares\/enem\/redacao-enem-2023-o-que-mudou-na-correcao\/#primaryimage\"},\"thumbnailUrl\":\"https:\/\/vestibulares.estrategia.com\/portal\/wp-content\/uploads\/2023\/11\/o-que-mudou-na-correcao-do-enem.jpg\",\"articleSection\":[\"Enem\"],\"inLanguage\":\"pt-BR\"},{\"@type\":\"WebPage\",\"@id\":\"https:\/\/vestibulares.estrategia.com\/portal\/enem-e-vestibulares\/enem\/redacao-enem-2023-o-que-mudou-na-correcao\/\",\"url\":\"https:\/\/vestibulares.estrategia.com\/portal\/enem-e-vestibulares\/enem\/redacao-enem-2023-o-que-mudou-na-correcao\/\",\"name\":\"Reda\u00e7\u00e3o Enem 2023: o que mudou na corre\u00e7\u00e3o?\",\"isPartOf\":{\"@id\":\"https:\/\/vestibulares.estrategia.com\/portal\/#website\"},\"primaryImageOfPage\":{\"@id\":\"https:\/\/vestibulares.estrategia.com\/portal\/enem-e-vestibulares\/enem\/redacao-enem-2023-o-que-mudou-na-correcao\/#primaryimage\"},\"image\":{\"@id\":\"https:\/\/vestibulares.estrategia.com\/portal\/enem-e-vestibulares\/enem\/redacao-enem-2023-o-que-mudou-na-correcao\/#primaryimage\"},\"thumbnailUrl\":\"https:\/\/vestibulares.estrategia.com\/portal\/wp-content\/uploads\/2023\/11\/o-que-mudou-na-correcao-do-enem.jpg\",\"datePublished\":\"2023-11-03T19:00:37+00:00\",\"dateModified\":\"2025-11-06T17:26:16+00:00\",\"description\":\"Se voc\u00ea est\u00e1 com d\u00favidas sobre mudan\u00e7as na corre\u00e7\u00e3o, veio ao lugar certo. Listamos tudo o que voc\u00ea precisa saber para uma boa nota\",\"breadcrumb\":{\"@id\":\"https:\/\/vestibulares.estrategia.com\/portal\/enem-e-vestibulares\/enem\/redacao-enem-2023-o-que-mudou-na-correcao\/#breadcrumb\"},\"inLanguage\":\"pt-BR\",\"potentialAction\":[{\"@type\":\"ReadAction\",\"target\":[\"https:\/\/vestibulares.estrategia.com\/portal\/enem-e-vestibulares\/enem\/redacao-enem-2023-o-que-mudou-na-correcao\/\"]}]},{\"@type\":\"ImageObject\",\"inLanguage\":\"pt-BR\",\"@id\":\"https:\/\/vestibulares.estrategia.com\/portal\/enem-e-vestibulares\/enem\/redacao-enem-2023-o-que-mudou-na-correcao\/#primaryimage\",\"url\":\"https:\/\/vestibulares.estrategia.com\/portal\/wp-content\/uploads\/2023\/11\/o-que-mudou-na-correcao-do-enem.jpg\",\"contentUrl\":\"https:\/\/vestibulares.estrategia.com\/portal\/wp-content\/uploads\/2023\/11\/o-que-mudou-na-correcao-do-enem.jpg\",\"width\":1200,\"height\":800,\"caption\":\"o que mudou na corre\u00e7\u00e3o do enem?\"},{\"@type\":\"BreadcrumbList\",\"@id\":\"https:\/\/vestibulares.estrategia.com\/portal\/enem-e-vestibulares\/enem\/redacao-enem-2023-o-que-mudou-na-correcao\/#breadcrumb\",\"itemListElement\":[{\"@type\":\"ListItem\",\"position\":1,\"name\":\"Home\",\"item\":\"https:\/\/vestibulares.estrategia.com\/portal\/\"},{\"@type\":\"ListItem\",\"position\":2,\"name\":\"Enem e Vestibulares\",\"item\":\"https:\/\/vestibulares.estrategia.com\/portal\/enem-e-vestibulares\/\"},{\"@type\":\"ListItem\",\"position\":3,\"name\":\"Enem\",\"item\":\"https:\/\/vestibulares.estrategia.com\/portal\/enem-e-vestibulares\/enem\/\"},{\"@type\":\"ListItem\",\"position\":4,\"name\":\"Reda\u00e7\u00e3o Enem 2023: o que mudou na corre\u00e7\u00e3o?\"}]},{\"@type\":\"WebSite\",\"@id\":\"https:\/\/vestibulares.estrategia.com\/portal\/#website\",\"url\":\"https:\/\/vestibulares.estrategia.com\/portal\/\",\"name\":\"Estrat\u00e9gia Vestibulares\",\"description\":\"\",\"publisher\":{\"@id\":\"https:\/\/vestibulares.estrategia.com\/portal\/#organization\"},\"potentialAction\":[{\"@type\":\"SearchAction\",\"target\":{\"@type\":\"EntryPoint\",\"urlTemplate\":\"https:\/\/vestibulares.estrategia.com\/portal\/?s={search_term_string}\"},\"query-input\":{\"@type\":\"PropertyValueSpecification\",\"valueRequired\":true,\"valueName\":\"search_term_string\"}}],\"inLanguage\":\"pt-BR\"},{\"@type\":\"Organization\",\"@id\":\"https:\/\/vestibulares.estrategia.com\/portal\/#organization\",\"name\":\"Estrat\u00e9gia Vestibulares\",\"url\":\"https:\/\/vestibulares.estrategia.com\/portal\/\",\"logo\":{\"@type\":\"ImageObject\",\"inLanguage\":\"pt-BR\",\"@id\":\"https:\/\/vestibulares.estrategia.com\/portal\/#\/schema\/logo\/image\/\",\"url\":\"https:\/\/vestibulares.estrategia.com\/portal\/wp-content\/uploads\/2021\/06\/Logo-Vestibulares@4x.png\",\"contentUrl\":\"https:\/\/vestibulares.estrategia.com\/portal\/wp-content\/uploads\/2021\/06\/Logo-Vestibulares@4x.png\",\"width\":250,\"height\":66,\"caption\":\"Estrat\u00e9gia Vestibulares\"},\"image\":{\"@id\":\"https:\/\/vestibulares.estrategia.com\/portal\/#\/schema\/logo\/image\/\"},\"sameAs\":[\"https:\/\/facebook.com\/estrategiavestibulares\",\"https:\/\/x.com\/Estrategiavest\",\"https:\/\/www.instagram.com\/estrategiavestibulares\",\"https:\/\/www.youtube.com\/channel\/UCGWdZy8ULI-7_5GrABa4vNA\"]},{\"@type\":\"Person\",\"@id\":\"https:\/\/vestibulares.estrategia.com\/portal\/#\/schema\/person\/cdd941dcf53839374c0bc8d39bb0230f\",\"name\":\"Beatriz Santana\",\"image\":{\"@type\":\"ImageObject\",\"inLanguage\":\"pt-BR\",\"@id\":\"https:\/\/vestibulares.estrategia.com\/portal\/#\/schema\/person\/image\/\",\"url\":\"https:\/\/vestibulares.estrategia.com\/portal\/wp-content\/uploads\/2022\/01\/WhatsApp-Image-2021-10-21-at-10.19.09-1-150x150.webp\",\"contentUrl\":\"https:\/\/vestibulares.estrategia.com\/portal\/wp-content\/uploads\/2022\/01\/WhatsApp-Image-2021-10-21-at-10.19.09-1-150x150.webp\",\"caption\":\"Beatriz Santana\"},\"description\":\"Jornalista formada pela Unesp\",\"url\":\"https:\/\/vestibulares.estrategia.com\/portal\/author\/beatriz-santana\/\"}]}<\/script>\n<!-- \/ Yoast SEO Premium plugin. -->","yoast_head_json":{"title":"Reda\u00e7\u00e3o Enem 2023: o que mudou na corre\u00e7\u00e3o?","description":"Se voc\u00ea est\u00e1 com d\u00favidas sobre mudan\u00e7as na corre\u00e7\u00e3o, veio ao lugar certo. Listamos tudo o que voc\u00ea precisa saber para uma boa nota","robots":{"index":"index","follow":"follow","max-snippet":"max-snippet:-1","max-image-preview":"max-image-preview:large","max-video-preview":"max-video-preview:-1"},"canonical":"https:\/\/vestibulares.estrategia.com\/portal\/enem-e-vestibulares\/enem\/redacao-enem-2023-o-que-mudou-na-correcao\/","og_locale":"pt_BR","og_type":"article","og_title":"Reda\u00e7\u00e3o Enem 2023: o que mudou na corre\u00e7\u00e3o?","og_description":"Se voc\u00ea est\u00e1 com d\u00favidas sobre mudan\u00e7as na corre\u00e7\u00e3o, veio ao lugar certo. Listamos tudo o que voc\u00ea precisa saber para uma boa nota","og_url":"https:\/\/vestibulares.estrategia.com\/portal\/enem-e-vestibulares\/enem\/redacao-enem-2023-o-que-mudou-na-correcao\/","og_site_name":"Estrat\u00e9gia Vestibulares","article_publisher":"https:\/\/facebook.com\/estrategiavestibulares","article_published_time":"2023-11-03T19:00:37+00:00","article_modified_time":"2025-11-06T17:26:16+00:00","og_image":[{"width":1200,"height":800,"url":"https:\/\/vestibulares.estrategia.com\/portal\/wp-content\/uploads\/2023\/11\/o-que-mudou-na-correcao-do-enem.jpg","type":"image\/jpeg"}],"author":"Beatriz Santana","twitter_card":"summary_large_image","twitter_creator":"@Estrategiavest","twitter_site":"@Estrategiavest","twitter_misc":{"Escrito por":"Beatriz Santana","Est. tempo de leitura":"8 minutos"},"schema":{"@context":"https:\/\/schema.org","@graph":[{"@type":"NewsArticle","@id":"https:\/\/vestibulares.estrategia.com\/portal\/enem-e-vestibulares\/enem\/redacao-enem-2023-o-que-mudou-na-correcao\/#article","isPartOf":{"@id":"https:\/\/vestibulares.estrategia.com\/portal\/enem-e-vestibulares\/enem\/redacao-enem-2023-o-que-mudou-na-correcao\/"},"author":{"name":"Beatriz Santana","@id":"https:\/\/vestibulares.estrategia.com\/portal\/#\/schema\/person\/cdd941dcf53839374c0bc8d39bb0230f"},"headline":"Reda\u00e7\u00e3o Enem 2023: o que mudou na corre\u00e7\u00e3o?","datePublished":"2023-11-03T19:00:37+00:00","dateModified":"2025-11-06T17:26:16+00:00","mainEntityOfPage":{"@id":"https:\/\/vestibulares.estrategia.com\/portal\/enem-e-vestibulares\/enem\/redacao-enem-2023-o-que-mudou-na-correcao\/"},"wordCount":1529,"publisher":{"@id":"https:\/\/vestibulares.estrategia.com\/portal\/#organization"},"image":{"@id":"https:\/\/vestibulares.estrategia.com\/portal\/enem-e-vestibulares\/enem\/redacao-enem-2023-o-que-mudou-na-correcao\/#primaryimage"},"thumbnailUrl":"https:\/\/vestibulares.estrategia.com\/portal\/wp-content\/uploads\/2023\/11\/o-que-mudou-na-correcao-do-enem.jpg","articleSection":["Enem"],"inLanguage":"pt-BR"},{"@type":"WebPage","@id":"https:\/\/vestibulares.estrategia.com\/portal\/enem-e-vestibulares\/enem\/redacao-enem-2023-o-que-mudou-na-correcao\/","url":"https:\/\/vestibulares.estrategia.com\/portal\/enem-e-vestibulares\/enem\/redacao-enem-2023-o-que-mudou-na-correcao\/","name":"Reda\u00e7\u00e3o Enem 2023: o que mudou na corre\u00e7\u00e3o?","isPartOf":{"@id":"https:\/\/vestibulares.estrategia.com\/portal\/#website"},"primaryImageOfPage":{"@id":"https:\/\/vestibulares.estrategia.com\/portal\/enem-e-vestibulares\/enem\/redacao-enem-2023-o-que-mudou-na-correcao\/#primaryimage"},"image":{"@id":"https:\/\/vestibulares.estrategia.com\/portal\/enem-e-vestibulares\/enem\/redacao-enem-2023-o-que-mudou-na-correcao\/#primaryimage"},"thumbnailUrl":"https:\/\/vestibulares.estrategia.com\/portal\/wp-content\/uploads\/2023\/11\/o-que-mudou-na-correcao-do-enem.jpg","datePublished":"2023-11-03T19:00:37+00:00","dateModified":"2025-11-06T17:26:16+00:00","description":"Se voc\u00ea est\u00e1 com d\u00favidas sobre mudan\u00e7as na corre\u00e7\u00e3o, veio ao lugar certo. Listamos tudo o que voc\u00ea precisa saber para uma boa nota","breadcrumb":{"@id":"https:\/\/vestibulares.estrategia.com\/portal\/enem-e-vestibulares\/enem\/redacao-enem-2023-o-que-mudou-na-correcao\/#breadcrumb"},"inLanguage":"pt-BR","potentialAction":[{"@type":"ReadAction","target":["https:\/\/vestibulares.estrategia.com\/portal\/enem-e-vestibulares\/enem\/redacao-enem-2023-o-que-mudou-na-correcao\/"]}]},{"@type":"ImageObject","inLanguage":"pt-BR","@id":"https:\/\/vestibulares.estrategia.com\/portal\/enem-e-vestibulares\/enem\/redacao-enem-2023-o-que-mudou-na-correcao\/#primaryimage","url":"https:\/\/vestibulares.estrategia.com\/portal\/wp-content\/uploads\/2023\/11\/o-que-mudou-na-correcao-do-enem.jpg","contentUrl":"https:\/\/vestibulares.estrategia.com\/portal\/wp-content\/uploads\/2023\/11\/o-que-mudou-na-correcao-do-enem.jpg","width":1200,"height":800,"caption":"o que mudou na corre\u00e7\u00e3o do enem?"},{"@type":"BreadcrumbList","@id":"https:\/\/vestibulares.estrategia.com\/portal\/enem-e-vestibulares\/enem\/redacao-enem-2023-o-que-mudou-na-correcao\/#breadcrumb","itemListElement":[{"@type":"ListItem","position":1,"name":"Home","item":"https:\/\/vestibulares.estrategia.com\/portal\/"},{"@type":"ListItem","position":2,"name":"Enem e Vestibulares","item":"https:\/\/vestibulares.estrategia.com\/portal\/enem-e-vestibulares\/"},{"@type":"ListItem","position":3,"name":"Enem","item":"https:\/\/vestibulares.estrategia.com\/portal\/enem-e-vestibulares\/enem\/"},{"@type":"ListItem","position":4,"name":"Reda\u00e7\u00e3o Enem 2023: o que mudou na corre\u00e7\u00e3o?"}]},{"@type":"WebSite","@id":"https:\/\/vestibulares.estrategia.com\/portal\/#website","url":"https:\/\/vestibulares.estrategia.com\/portal\/","name":"Estrat\u00e9gia Vestibulares","description":"","publisher":{"@id":"https:\/\/vestibulares.estrategia.com\/portal\/#organization"},"potentialAction":[{"@type":"SearchAction","target":{"@type":"EntryPoint","urlTemplate":"https:\/\/vestibulares.estrategia.com\/portal\/?s={search_term_string}"},"query-input":{"@type":"PropertyValueSpecification","valueRequired":true,"valueName":"search_term_string"}}],"inLanguage":"pt-BR"},{"@type":"Organization","@id":"https:\/\/vestibulares.estrategia.com\/portal\/#organization","name":"Estrat\u00e9gia Vestibulares","url":"https:\/\/vestibulares.estrategia.com\/portal\/","logo":{"@type":"ImageObject","inLanguage":"pt-BR","@id":"https:\/\/vestibulares.estrategia.com\/portal\/#\/schema\/logo\/image\/","url":"https:\/\/vestibulares.estrategia.com\/portal\/wp-content\/uploads\/2021\/06\/Logo-Vestibulares@4x.png","contentUrl":"https:\/\/vestibulares.estrategia.com\/portal\/wp-content\/uploads\/2021\/06\/Logo-Vestibulares@4x.png","width":250,"height":66,"caption":"Estrat\u00e9gia Vestibulares"},"image":{"@id":"https:\/\/vestibulares.estrategia.com\/portal\/#\/schema\/logo\/image\/"},"sameAs":["https:\/\/facebook.com\/estrategiavestibulares","https:\/\/x.com\/Estrategiavest","https:\/\/www.instagram.com\/estrategiavestibulares","https:\/\/www.youtube.com\/channel\/UCGWdZy8ULI-7_5GrABa4vNA"]},{"@type":"Person","@id":"https:\/\/vestibulares.estrategia.com\/portal\/#\/schema\/person\/cdd941dcf53839374c0bc8d39bb0230f","name":"Beatriz Santana","image":{"@type":"ImageObject","inLanguage":"pt-BR","@id":"https:\/\/vestibulares.estrategia.com\/portal\/#\/schema\/person\/image\/","url":"https:\/\/vestibulares.estrategia.com\/portal\/wp-content\/uploads\/2022\/01\/WhatsApp-Image-2021-10-21-at-10.19.09-1-150x150.webp","contentUrl":"https:\/\/vestibulares.estrategia.com\/portal\/wp-content\/uploads\/2022\/01\/WhatsApp-Image-2021-10-21-at-10.19.09-1-150x150.webp","caption":"Beatriz Santana"},"description":"Jornalista formada pela Unesp","url":"https:\/\/vestibulares.estrategia.com\/portal\/author\/beatriz-santana\/"}]}},"_wl_alt_label":[],"wl:entity_url":"https:\/\/data.wordlift.io\/wl110249\/post\/redacao-enem-2023-o-que-mudou-na-correcao","_links":{"self":[{"href":"https:\/\/vestibulares.estrategia.com\/portal\/wp-json\/wp\/v2\/posts\/104787","targetHints":{"allow":["GET"]}}],"collection":[{"href":"https:\/\/vestibulares.estrategia.com\/portal\/wp-json\/wp\/v2\/posts"}],"about":[{"href":"https:\/\/vestibulares.estrategia.com\/portal\/wp-json\/wp\/v2\/types\/post"}],"author":[{"embeddable":true,"href":"https:\/\/vestibulares.estrategia.com\/portal\/wp-json\/wp\/v2\/users\/48"}],"replies":[{"embeddable":true,"href":"https:\/\/vestibulares.estrategia.com\/portal\/wp-json\/wp\/v2\/comments?post=104787"}],"version-history":[{"count":12,"href":"https:\/\/vestibulares.estrategia.com\/portal\/wp-json\/wp\/v2\/posts\/104787\/revisions"}],"predecessor-version":[{"id":148198,"href":"https:\/\/vestibulares.estrategia.com\/portal\/wp-json\/wp\/v2\/posts\/104787\/revisions\/148198"}],"wp:featuredmedia":[{"embeddable":true,"href":"https:\/\/vestibulares.estrategia.com\/portal\/wp-json\/wp\/v2\/media\/104788"}],"wp:attachment":[{"href":"https:\/\/vestibulares.estrategia.com\/portal\/wp-json\/wp\/v2\/media?parent=104787"}],"wp:term":[{"taxonomy":"category","embeddable":true,"href":"https:\/\/vestibulares.estrategia.com\/portal\/wp-json\/wp\/v2\/categories?post=104787"},{"taxonomy":"post_tag","embeddable":true,"href":"https:\/\/vestibulares.estrategia.com\/portal\/wp-json\/wp\/v2\/tags?post=104787"},{"taxonomy":"wl_entity_type","embeddable":true,"href":"https:\/\/vestibulares.estrategia.com\/portal\/wp-json\/wp\/v2\/wl_entity_type?post=104787"}],"curies":[{"name":"wp","href":"https:\/\/api.w.org\/{rel}","templated":true}]}}