{"id":105244,"date":"2023-11-08T09:54:18","date_gmt":"2023-11-08T12:54:18","guid":{"rendered":"https:\/\/vestibulares.estrategia.com\/portal\/?p=105244"},"modified":"2024-01-23T15:38:39","modified_gmt":"2024-01-23T18:38:39","slug":"11-questoes-sobre-agricultura-e-agronegocio-que-ja-cairam-no-enem-e-em-vestibulares","status":"publish","type":"post","link":"https:\/\/vestibulares.estrategia.com\/portal\/atualidades-e-dicas\/11-questoes-sobre-agricultura-e-agronegocio-que-ja-cairam-no-enem-e-em-vestibulares\/","title":{"rendered":"11 quest\u00f5es sobre agricultura e agroneg\u00f3cio que j\u00e1 ca\u00edram no Enem e em vestibulares"},"content":{"rendered":"<p>A agricultura &eacute; uma das atividades econ&ocirc;micas mais importantes do Brasil no que diz respeito &agrave; economia, cultura e compreens&atilde;o de como o pa&iacute;s funciona. O termo significa &ldquo;atividade que tem por objetivo a cultura do solo para produzir vegetais &uacute;teis ao homem ou para a cria&ccedil;&atilde;o de animais&rdquo;, segundo o dicion&aacute;rio Oxford.<p>Foi a partir dela que a popula&ccedil;&atilde;o humana deixou de ser n&ocirc;made e passou a fixar-se em locais espec&iacute;ficos, principalmente perto de rios, lagos e pontos com abund&acirc;ncia de &aacute;gua doce. E, com o passar do tempo, as atividades que envolviam as cadeias produtivas agr&iacute;colas e pecu&aacute;rias se tornaram o que chamamos de agroneg&oacute;cio.<\/p><p>\n\n\n\n<div id=\"new-form\">\n\t<form id=\"forms_layout\">\n\t<input type=\"hidden\" id=\"chave_de\" name=\"chave_de\" value=\"01_EVEST_LEADS_TOTAIS\" \/>\n\t\t<input type=\"hidden\" id=\"mid\" name=\"mid\" value=\"515008983\" \/>\n\t\t<input type=\"hidden\" id=\"Objetivo\" name=\"Objetivo\" value=\"Vestibulares\" \/>\n\t\t<input type=\"hidden\" id=\"Estado_de_Origem_do_IP\" name=\"Estado_de_Origem_do_IP\"  value=\"\" \/>\n\t\t<input type=\"hidden\" id=\"Cidade_de_Origem_do_IP\" name=\"Cidade_de_Origem_do_IP\" value=\"\" \/>\n\t\t<input type=\"hidden\" id=\"Modo_de_entrada\" name=\"Modo_de_entrada\" value=\"Portal\" \/>\n\t\t<input type=\"hidden\" id=\"Pagina_Origem\" name=\"Pagina_Origem\" value=\"\" \/>\n\n\t\t<div class=\"texto\">\n\t\t\t<h3 class=\"news\">Inscreva-se em nossa newsletter\ud83e\udd89<\/h3>\n\t\t\t<p>Receba dicas de estudo gratuitas e saiba em primeira m\u00e3o as novidades sobre o Enem, Sisu, Encceja, Fuvest e outros vestibulares!<\/p>\n\t\t<\/div>\n\t\t<div class=\"campos\">\n\t\t\t<div class=\"first_name labels\">\n\t\t\t\t<input type=\"text\" class=\"input_labels\" id=\"first_name\" name=\"Nome_Completo\" placeholder=\"Nome\" required \/>\n\t\t\t<\/div>\n\t\t\t<div class=\"email labels\">\n\t\t\t\t<input type=\"email\" class=\"input_labels\" id=\"email\" name=\"Email\" placeholder=\"E-mail\" required \/>\n\t\t\t<\/div>\n\t\t\t<button type=\"submit\" class=\"button_layout\">\n\t\t\t\t<div id=\"lblBotao\">Inscreva-se<\/div>\n\t\t\t\t<span id=\"divSpiner\" class=\"loader\" role=\"status\" style=\"display: none;\"><\/span>\t\n\t\t\t<\/button>\n\t\t<\/div><!-- \/campos -->\n\t\t\n\t\t<label class=\"container_checkbox\">Voc\u00ea concorda com a nossa\n\t\t\t<a class=\"politics_privacy_ahref\" target=\"_blank\" href=\"https:\/\/gratis.estrategiaconcursos.com.br\/politica-de-privacidade\/\">Pol\u00edtica de Privacidade<\/a> e aceita receber informa\u00e7\u00f5es adicionais do Estrat\u00e9gia Educacional.\n\t\t\t<input id=\"checkbox_layout\" type=\"checkbox\" checked=\"checked\" required \/>\n\t\t\t<span class=\"checkbox\"><\/span>\n\t\t<\/label>\n\t\t<div id=\"msg\"><\/div>\n\t\t<div id=\"error\" class=\"error\">\n\t\t<\/div>\n\t<\/form>\n<\/div><!-- \/new-form -->\n\n\n\n<\/p><p>Ou seja, tudo o que rodeia o mercado da agricultura &eacute; o agroneg&oacute;cio: maquin&aacute;rio agr&iacute;cola, desenvolvimento de tecnologias que ajudam a vida no campo, transporte de insumos e produtos variados, entre outros.<\/p><p>E o <a href=\"https:\/\/exame.com\/agro\/pib-do-agronegocio-avanca-no-trimestre-e-deve-ultrapassar-r-26-trilhoes-em-2023\/\" target=\"_blank\" rel=\"noopener noreferrer\">agroneg&oacute;cio representa em torno de 25% do PIB brasileiro<\/a>, o que ressalta sua import&acirc;ncia no campo econ&ocirc;mico do pa&iacute;s. Entretanto, muitas situa&ccedil;&otilde;es que englobam o agro no Brasil s&atilde;o alvos de cr&iacute;ticas de setores da sociedade. A aus&ecirc;ncia de uma reforma agr&aacute;ria, o desmatamento exacerbado de biomas como cerrado, pantanal e floresta amaz&ocirc;nica, a concentra&ccedil;&atilde;o de renda e o desperd&iacute;cio de &aacute;gua s&atilde;o alguns deles.<\/p><p>Listamos 11 quest&otilde;es sobre agricultura e o agroneg&oacute;cio em si que j&aacute; ca&iacute;ram no Enem e em vestibulares espalhados pelo Brasil para voc&ecirc; treinar e compreender melhor como o assunto pode pintar nas suas provas.<\/p><div id=\"ez-toc-container\" class=\"ez-toc-v2_0_76 counter-hierarchy ez-toc-counter ez-toc-transparent ez-toc-container-direction\">\n<div class=\"ez-toc-title-container\"><p class=\"ez-toc-title\" style=\"cursor:inherit\">Navegue pelo conte\u00fado<\/p>\n<\/div><nav><ul class='ez-toc-list ez-toc-list-level-1 ' ><li class='ez-toc-page-1 ez-toc-heading-level-2'><a class=\"ez-toc-link ez-toc-heading-1\" href=\"https:\/\/vestibulares.estrategia.com\/portal\/atualidades-e-dicas\/11-questoes-sobre-agricultura-e-agronegocio-que-ja-cairam-no-enem-e-em-vestibulares\/#Uefs-2017\" >Uefs (2017)<\/a><\/li><li class='ez-toc-page-1 ez-toc-heading-level-2'><a class=\"ez-toc-link ez-toc-heading-2\" href=\"https:\/\/vestibulares.estrategia.com\/portal\/atualidades-e-dicas\/11-questoes-sobre-agricultura-e-agronegocio-que-ja-cairam-no-enem-e-em-vestibulares\/#Enem-2016\" >Enem (2016)<\/a><\/li><li class='ez-toc-page-1 ez-toc-heading-level-2'><a class=\"ez-toc-link ez-toc-heading-3\" href=\"https:\/\/vestibulares.estrategia.com\/portal\/atualidades-e-dicas\/11-questoes-sobre-agricultura-e-agronegocio-que-ja-cairam-no-enem-e-em-vestibulares\/#UFPel-2016\" >UFPel (2016)<\/a><\/li><li class='ez-toc-page-1 ez-toc-heading-level-2'><a class=\"ez-toc-link ez-toc-heading-4\" href=\"https:\/\/vestibulares.estrategia.com\/portal\/atualidades-e-dicas\/11-questoes-sobre-agricultura-e-agronegocio-que-ja-cairam-no-enem-e-em-vestibulares\/#Unesp-2012\" >Unesp (2012)<\/a><\/li><li class='ez-toc-page-1 ez-toc-heading-level-2'><a class=\"ez-toc-link ez-toc-heading-5\" href=\"https:\/\/vestibulares.estrategia.com\/portal\/atualidades-e-dicas\/11-questoes-sobre-agricultura-e-agronegocio-que-ja-cairam-no-enem-e-em-vestibulares\/#Unitins-2018\" >Unitins (2018)<\/a><\/li><li class='ez-toc-page-1 ez-toc-heading-level-2'><a class=\"ez-toc-link ez-toc-heading-6\" href=\"https:\/\/vestibulares.estrategia.com\/portal\/atualidades-e-dicas\/11-questoes-sobre-agricultura-e-agronegocio-que-ja-cairam-no-enem-e-em-vestibulares\/#Fuvest-2023\" >Fuvest (2023)<\/a><\/li><li class='ez-toc-page-1 ez-toc-heading-level-2'><a class=\"ez-toc-link ez-toc-heading-7\" href=\"https:\/\/vestibulares.estrategia.com\/portal\/atualidades-e-dicas\/11-questoes-sobre-agricultura-e-agronegocio-que-ja-cairam-no-enem-e-em-vestibulares\/#Enem-2021\" >Enem (2021)<\/a><\/li><li class='ez-toc-page-1 ez-toc-heading-level-2'><a class=\"ez-toc-link ez-toc-heading-8\" href=\"https:\/\/vestibulares.estrategia.com\/portal\/atualidades-e-dicas\/11-questoes-sobre-agricultura-e-agronegocio-que-ja-cairam-no-enem-e-em-vestibulares\/#Urca-2021\" >Urca (2021)<\/a><\/li><li class='ez-toc-page-1 ez-toc-heading-level-2'><a class=\"ez-toc-link ez-toc-heading-9\" href=\"https:\/\/vestibulares.estrategia.com\/portal\/atualidades-e-dicas\/11-questoes-sobre-agricultura-e-agronegocio-que-ja-cairam-no-enem-e-em-vestibulares\/#Unicamp-2021\" >Unicamp (2021)<\/a><\/li><li class='ez-toc-page-1 ez-toc-heading-level-2'><a class=\"ez-toc-link ez-toc-heading-10\" href=\"https:\/\/vestibulares.estrategia.com\/portal\/atualidades-e-dicas\/11-questoes-sobre-agricultura-e-agronegocio-que-ja-cairam-no-enem-e-em-vestibulares\/#Enem-2020\" >Enem (2020)<\/a><\/li><li class='ez-toc-page-1 ez-toc-heading-level-2'><a class=\"ez-toc-link ez-toc-heading-11\" href=\"https:\/\/vestibulares.estrategia.com\/portal\/atualidades-e-dicas\/11-questoes-sobre-agricultura-e-agronegocio-que-ja-cairam-no-enem-e-em-vestibulares\/#Famerp-2020\" >Famerp (2020)<\/a><\/li><li class='ez-toc-page-1 ez-toc-heading-level-2'><a class=\"ez-toc-link ez-toc-heading-12\" href=\"https:\/\/vestibulares.estrategia.com\/portal\/atualidades-e-dicas\/11-questoes-sobre-agricultura-e-agronegocio-que-ja-cairam-no-enem-e-em-vestibulares\/#Confira-os-cursos-do-Estrategia-Vestibulares\" >Confira os cursos do Estrat&eacute;gia Vestibulares<\/a><\/li><\/ul><\/nav><\/div>\n<h2 class=\"wp-block-heading\" id=\"h-uefs-2017\"><span class=\"ez-toc-section\" id=\"Uefs-2017\"><\/span>Uefs (2017)<span class=\"ez-toc-section-end\"><\/span><\/h2><p>Focos de maior dinamismo econ&ocirc;mico no Nordeste brasileiro, 2000<\/p><figure class=\"wp-block-image is-resized\"><img decoding=\"async\" src=\"https:\/\/lh7-us.googleusercontent.com\/5vkL8o3rvMyGevs1S_JAZnpidycFkpRJi9Dsrxs_JBRbHlbx6_r7PSz4znjwjMWJY72SkYK3K073O6dTR87EzyZIuEzyvTD8YQem-MLbwRUthF6IDCxaLcFYK8SbPg-lpBoPWt71U0TMXdAwW0o2tb8\" alt=\"\" width=\"372\" height=\"452\"><\/figure><p><em>(www.clubemundo.com.br. Adaptado.)<\/em><\/p><p>As &aacute;reas 2, 4 e 5 indicadas no mapa correspondem, respectivamente,<\/p><p><strong>A <\/strong>ao complexo mineral, &agrave; agricultura irrigada e ao polo tur&iacute;stico.<br><strong>B <\/strong>&agrave; pecu&aacute;ria, ao complexo metal&uacute;rgico e ao polo tur&iacute;stico.<br><strong>C <\/strong>ao polo t&ecirc;xtil, ao complexo mineral e ao polo petroqu&iacute;mico.<br><strong>D <\/strong>&agrave; agricultura de gr&atilde;os, ao polo t&ecirc;xtil e ao complexo metal&uacute;rgico.<br><strong>E <\/strong>&agrave; agricultura de gr&atilde;os, &agrave; agricultura irrigada e ao polo petroqu&iacute;mico.<\/p><p>Alternativa correta: <strong>E<\/strong><\/p><h2 class=\"wp-block-heading\" id=\"h-enem-2016\"><span class=\"ez-toc-section\" id=\"Enem-2016\"><\/span>Enem (2016)<span class=\"ez-toc-section-end\"><\/span><\/h2><p>A caracter&iacute;stica fundamental &eacute; que ele n&atilde;o &eacute; mais somente um agricultor ou um pecuarista: ele combina atividades agropecu&aacute;rias com outras atividades n&atilde;o agr&iacute;colas dentro ou fora de seu estabelecimento, tanto nos ramos tradicionais urbano-industriais como nas novas atividades que v&ecirc;m se desenvolvendo no meio rural, como lazer, turismo, conserva&ccedil;&atilde;o da natureza, moradia e presta&ccedil;&atilde;o de servi&ccedil;os pessoais.<\/p><p><em>SILVA, J. G. O novo rural brasileiro. Revista Nova Economia, n. 1, maio 1997 (adaptado).<\/em><\/p><p>Essa nova forma de organiza&ccedil;&atilde;o social do trabalho &eacute; denominada<\/p><p><strong>A <\/strong>terceiriza&ccedil;&atilde;o.<br><strong>B <\/strong>pluriatividade.<br><strong>C <span id=\"urn:enhancement-cc726afa-78b4-4f0e-a819-7320efffd443\" class=\"textannotation disambiguated wl-thing\" itemid=\"https:\/\/data.wordlift.io\/wl110249\/entity\/agronegocio\"><\/span><\/strong>agroneg&oacute;cio.<br><strong>D <\/strong>cooperativismo.<br><strong>E <\/strong>associativismo.<\/p><p><strong>Resposta:<\/strong> A caracter&iacute;stica fundamental &eacute; que ele n&atilde;o &eacute; mais somente um agricultor ou um pecuarista: ele combina atividades agropecu&aacute;rias com outras atividades n&atilde;o agr&iacute;colas dentro ou fora de seu estabelecimento, tanto nos ramos tradicionais urbano-industriais como nas novas atividades que v&ecirc;m se desenvolvendo no meio rural, como lazer, turismo, conserva&ccedil;&atilde;o da natureza, moradia e presta&ccedil;&atilde;o de servi&ccedil;os pessoais.<\/p><p>Como podemos perceber, o texto relata a realidade de uma pessoa que passou a desempenhar m&uacute;ltiplas fun&ccedil;&otilde;es, logo, a &uacute;nica alternativa poss&iacute;vel &eacute; a letra b.<\/p><p>Alternativa correta: <strong>B<\/strong><\/p><h2 class=\"wp-block-heading\" id=\"h-ufpel-2016\"><span class=\"ez-toc-section\" id=\"UFPel-2016\"><\/span>UFPel (2016)<span class=\"ez-toc-section-end\"><\/span><\/h2><p>Leia o texto a seguir:<\/p><p>&ldquo;No Brasil, o setor engloba 4,3 milh&otilde;es de unidades produtivas (84% do total) e 14 milh&otilde;es de pessoas ocupadas, o que representa em torno de 74% do total das ocupa&ccedil;&otilde;es distribu&iacute;das em 80.250.453 hectares (25% da &aacute;rea total). A produ&ccedil;&atilde;o [&hellip;] se destina basicamente para as popula&ccedil;&otilde;es urbanas, locais, o que &eacute; essencial para a seguran&ccedil;a alimentar e nutricional&rdquo; (EMBRAPA, 2014).<\/p><p>A cita&ccedil;&atilde;o acima se refere a um setor produtivo do campo. Indique a alternativa que corresponde com os dados apresentados:<\/p><p><strong>A <\/strong>Plantation.<br><strong>B <span id=\"urn:enhancement-73b1a94b-c079-4973-a5c4-1887c9334a7f\" class=\"textannotation disambiguated wl-thing\" itemid=\"https:\/\/data.wordlift.io\/wl110249\/entity\/agronegocio\"><\/span><\/strong>Agroneg&oacute;cio.<br><strong>C <span id=\"urn:enhancement-ad3460b0-bd85-4784-be9e-2ebe92cc4266\" class=\"textannotation disambiguated wl-creative-work\" itemid=\"https:\/\/data.wordlift.io\/wl110249\/entity\/agricultura\"><\/span><\/strong>Agricultura Familiar.<br><strong>D <span id=\"urn:enhancement-a73cac22-b8b8-43d7-804e-91e512a7b6ac\" class=\"textannotation disambiguated wl-thing\" itemid=\"https:\/\/data.wordlift.io\/wl110249\/entity\/agronegocio\"><\/span><\/strong>Agroneg&oacute;cio familiar baseado no latif&uacute;ndio.<br><strong>E <\/strong>Monocultura.<br><strong>F <\/strong>I.R.<\/p><p>Alternativa correta: <strong>C<\/strong><\/p><h2 class=\"wp-block-heading\" id=\"h-unesp-2012\"><span class=\"ez-toc-section\" id=\"Unesp-2012\"><\/span>Unesp (2012)<span class=\"ez-toc-section-end\"><\/span><\/h2><p>Leia o texto.<\/p><p>A cada sopro de moderniza&ccedil;&atilde;o das for&ccedil;as produtivas agr&iacute;colas e agroindustriais, as cidades das &aacute;reas adjacentes se tornam respons&aacute;veis pelas demandas crescentes de uma s&eacute;rie de novos produtos e servi&ccedil;os, dos h&iacute;bridos &agrave; m&atilde;o de obra especializada, o que faz crescer a urbaniza&ccedil;&atilde;o, o tamanho e o n&uacute;mero das cidades. As casas de com&eacute;rcio de implementos agr&iacute;colas, sementes, gr&atilde;os, fertilizantes; os escrit&oacute;rios de marketing, de consultoria cont&aacute;bil; [&hellip;] as empresas de assist&ecirc;ncia t&eacute;cnica, de transportes; os servi&ccedil;os do especialista em engenharia gen&eacute;tica, veterin&aacute;ria, administra&ccedil;&atilde;o [&hellip;] se difundiram por todas as partes do Brasil agr&iacute;cola moderno.<\/p><p><em>(Maria Ad&eacute;lia de Souza (org.). Territ&oacute;rio Brasileiro: usos e abusos, 2003.)<\/em><\/p><p>O texto faz refer&ecirc;ncia a<\/p><p><strong>A <\/strong>cidades globais.<br><strong>B <\/strong>metr&oacute;poles nacionais.<br><strong>C <\/strong>cidades do agroneg&oacute;cio.<br><strong>D <\/strong>cidades planejadas.<br><strong>E <\/strong>metr&oacute;poles conurbadas.<\/p><p><strong>Resposta:<\/strong> A &mdash; Incorreto. Nem toda cidade majoritariamente do agroneg&oacute;cio &eacute; considerada global.<br>B &mdash; Incorreto. O texto n&atilde;o menciona uma influ&ecirc;ncia nacional.<br>C &mdash; Correto. V&aacute;rios termos apontam que a principal fun&ccedil;&atilde;o dessa cidade &eacute; o agroneg&oacute;cio, agroindustriais, &ldquo;h&iacute;bridos&rdquo;, &ldquo;m&atilde;o de obra especializada&rdquo;, &ldquo;implemento agr&iacute;cola&rdquo;, &ldquo;engenharia gen&eacute;tica&rdquo; etc.<br>D &mdash;&nbsp; Incorreto. O excerto n&atilde;o aponta para uma cidade planejada.<br>E &mdash; Incorreto. Conurba&ccedil;&atilde;o &eacute; a fus&atilde;o de 2 ou mais zonas urbanas. Em tese, toda metr&oacute;pole, pelo menos em parte, &eacute; conurbada.&nbsp;<\/p><p>Alternativa correta: <strong>C<\/strong><\/p><h2 class=\"wp-block-heading\" id=\"h-unitins-2018\"><span class=\"ez-toc-section\" id=\"Unitins-2018\"><\/span>Unitins (2018)<span class=\"ez-toc-section-end\"><\/span><\/h2><p>Envolve v&aacute;rios setores, como a agricultura de precis&atilde;o e a biotecnologia, nos quais s&atilde;o empregados capitais nacionais e estrangeiros. Quase sempre diz respeito &agrave; grande agricultura empresarial, produtora de gr&atilde;os e de itens voltados &agrave; exporta&ccedil;&atilde;o. No Brasil &eacute; dominado por transnacionais do ramo aliment&iacute;cio e de fabricantes de insumos para a agricultura brasileira. Podemos associar esse termo a toda cadeia voltada ao mercado agroindustrial. O texto refere-se:<\/p><p><strong>A <\/strong>&agrave; agricultura patronal.<br><strong>B <\/strong>&agrave; agricultura familiar.<br><strong>C <\/strong>ao agroneg&oacute;cio.<br><strong>D <\/strong>&agrave; agricultura sustent&aacute;vel.<br><strong>E <\/strong>&agrave; agricultura de subsist&ecirc;ncia.<\/p><p>Alternativa correta: <strong>C<\/strong><\/p><h2 class=\"wp-block-heading\" id=\"h-fuvest-2023\"><span class=\"ez-toc-section\" id=\"Fuvest-2023\"><\/span>Fuvest (2023)<span class=\"ez-toc-section-end\"><\/span><\/h2><figure class=\"wp-block-image\"><img decoding=\"async\" src=\"https:\/\/lh7-us.googleusercontent.com\/8oYJD80Y0lwtPnSn_yLV7_YAm1X3rfCMW4NOYCMfbNjzharoYyude0oVVb-DpX5_WslhVM1dcqwFLihvtNybVcLXuRmQ2hEkWe99iCnxhVrZlCRy7mDkslsTPCm4ToNxzDEchu8vyCkLR2oL3-fSiQ8\" alt=\"\"><\/figure><p><em>O Estado de S&atilde;o Paulo, mar&ccedil;o de 2022.&nbsp;<\/em><\/p><p>A partir do gr&aacute;fico e de seus conhecimentos sobre a din&acirc;mica do espa&ccedil;o agr&aacute;rio brasileiro, &eacute; correto afirmar que o uso de fertilizantes no Brasil ocorre, majoritariamente,<\/p><p><strong>A <\/strong>em lavouras intensivas, em pequenas propriedades, com baixa produtividade e pouco emprego de tecnologia, direcionadas ao mercado internacional de <em>commodities<\/em>, principalmente no Centro-Sul do pa&iacute;s.<br><strong>B <\/strong>em lavouras extensivas, com elevado emprego de m&atilde;o de obra, alt&iacute;ssima mecaniza&ccedil;&atilde;o, com predom&iacute;nio de ado&ccedil;&atilde;o de pr&aacute;ticas conservacionistas e baixo impacto ambiental, principalmente na regi&atilde;o Norte do pa&iacute;s.<br><strong>C <\/strong>em lavouras destinadas ao abastecimento do mercado interno, intensamente mecanizadas, com predom&iacute;nio de grandes propriedades e com baixo impacto ambiental, principalmente na regi&atilde;o Nordeste do pa&iacute;s.<br><strong>D <\/strong>em lavouras mecanizadas, destinadas ao mercado internacional, com predom&iacute;nio do emprego de m&atilde;o de obra especializada, principalmente no Centro-Sul do pa&iacute;s.<br><strong>E <\/strong>em lavouras extensivas, destinadas ao mercado externo, com alta mecaniza&ccedil;&atilde;o e emprego de m&atilde;o de obra especializada, principalmente nas regi&otilde;es Norte e Nordeste do pa&iacute;s.<\/p><p><strong>Resposta: <\/strong>A &mdash; Incorreto. Em grandes propriedades, com alta produtividade e com muita tecnologia.<br>B &mdash; Incorreto. Em lavouras intensivas, baixo emprego de m&atilde;o de obra, pr&aacute;ticas comerciais, elevado impacto ambiental e principalmente no Centro-Sul.<br>C &mdash; Incorreto. Mercado externo, elevado impacto ambiental e principalmente no Centro-Sul.<br>D &mdash; Correto. Essas caracter&iacute;sticas s&atilde;o fruto da Revolu&ccedil;&atilde;o Verde.<br>E &mdash; Incorreto. Em lavouras intensivas e principalmente no Centro-Sul.<\/p><p>Alternativa correta: <strong>D<\/strong><\/p><h2 class=\"wp-block-heading\" id=\"h-enem-2021\"><span class=\"ez-toc-section\" id=\"Enem-2021\"><\/span>Enem (2021)<span class=\"ez-toc-section-end\"><\/span><\/h2><p>A partir da d&eacute;cada de 1990, parte significativa da agricultura brasileira sofreu grandes transforma&ccedil;&otilde;es com a ado&ccedil;&atilde;o de novas tecnologias de informa&ccedil;&atilde;o, menor interven&ccedil;&atilde;o estatal e maior regula&ccedil;&atilde;o das empresas mundiais de insumos e com&eacute;rcio agr&iacute;cola. Trata-se da emerg&ecirc;ncia de uma agricultura cient&iacute;fica e globalizada.&nbsp;<\/p><p><em>FEDERICO, S. Agricultura cient&iacute;fica globalizada e fronteira agr&iacute;cola no mundo moderno. Dispon&iacute;vel em: www.confins.revues.org.Acesso em: 11 fev. 2015 (adaptado).&nbsp;<\/em><\/p><p>No campo brasileiro, as transforma&ccedil;&otilde;es descritas no texto tiveram como efeito o(a)<\/p><p><strong>A <\/strong>primazia do cultivo org&acirc;nico.<br><strong>B <\/strong>supera&ccedil;&atilde;o do modelo exportador.<br><strong>C <\/strong>valoriza&ccedil;&atilde;o de saberes tradicionais.<br><strong>D <\/strong>abrandamento dos conflitos violentos.<br><strong>E <\/strong>fortalecimento de atividades monocultoras.<\/p><p><strong>Resposta:<\/strong> &ldquo;novas tecnologias de informa&ccedil;&atilde;o, menor interven&ccedil;&atilde;o estatal e maior regula&ccedil;&atilde;o das empresas mundiais de insumos e com&eacute;rcio agr&iacute;cola&rdquo; fizeram com que a produtividade dos gr&atilde;os aumentasse para atender ao mercado internacional, principalmente.&nbsp;<\/p><p>Alternativa correta: <strong>E<\/strong><\/p><h2 class=\"wp-block-heading\" id=\"h-urca-2021\"><span class=\"ez-toc-section\" id=\"Urca-2021\"><\/span>Urca (2021)<span class=\"ez-toc-section-end\"><\/span><\/h2><p>&ldquo;A quest&atilde;o agr&aacute;ria no Brasil &eacute; bastante complexa, pois est&aacute; relacionada com a concentra&ccedil;&atilde;o fundi&aacute;ria, a desigualdade e a pobreza no meio rural. A atual conjuntura do campo brasileiro &eacute; resultado de um processo hist&oacute;rico que culminou no campo desigual&rdquo;<\/p><p><em>(ROCHA e CABRAL. 2016, p. 75. Dispon&iacute;vel em https:\/Sistemas.uftedu.br\/periadicos findex.php \/producacacademiea \/article \/ view \/ 2963. Acesso OI ago. 2421).<\/em><\/p><p>No que se refere &agrave; quest&atilde;o agr&aacute;ria no Brasil, &eacute; poss&iacute;vel afirmar:<\/p><p><strong>A <\/strong>Tem recebido grande aten&ccedil;&atilde;o das esferas de governo.<br><strong>B <\/strong>Os problemas no campo s&atilde;o causados pela baixa produtividade da agricultura familiar.<br><strong>C <\/strong>O meio rural no Brasil n&atilde;o tem sido historicamente marcado pela viol&ecirc;ncia.<br><strong>D <\/strong>O Brasil promoveu ao longo da d&eacute;cada de 2000 um amplo programa de Reforma Agr&aacute;ria.<br><strong>E <\/strong>A concentra&ccedil;&atilde;o fundi&aacute;ria e a aus&ecirc;ncia de uma Reforma Agr&aacute;ria profunda provocam grande desigualdade e viol&ecirc;ncia no meio rural brasileiro.<\/p><p><strong>Resposta:<\/strong> A &mdash; Incorreto. &ldquo;grande aten&ccedil;&atilde;o&rdquo; ficou exagerado.<br>B &mdash; Incorreto. O problema &eacute; que a massa n&atilde;o possui terra.<br>C &mdash; Incorreto. Muito pelo contr&aacute;rio, existem diversos conflitos entre agricultores, posseiros, madeireiros, mineradores etc.<br>D &mdash; Incorreto. &ldquo;amplo&rdquo; ficou exagerado.<br>E &mdash; Correto. A quest&atilde;o agr&aacute;ria &eacute; altamente concentradora.<\/p><p>Alternativa correta: <strong>E<\/strong><\/p><h2 class=\"wp-block-heading\" id=\"h-unicamp-2021\"><span class=\"ez-toc-section\" id=\"Unicamp-2021\"><\/span>Unicamp (2021)<span class=\"ez-toc-section-end\"><\/span><\/h2><p>Brasil &ndash; Produ&ccedil;&atilde;o Agr&iacute;cola Municipal &ndash; 2017 Cana-de-a&ccedil;&uacute;car<\/p><figure class=\"wp-block-image\"><img decoding=\"async\" src=\"https:\/\/lh7-us.googleusercontent.com\/oaGyHzGD3CKa7IzKiL6XLq4jAEYUSvP4VG_5u4EsyRE-yVUsDlNTcYZgVEqegNXnQkROZNerYhZjajBBx_v3JkALETSaHr655VNLMbLMiFVHo2ichhf4eG_yQvOwgbq1f9OUZnnc9WtZVHjJzNi8deg\" alt=\"\"><\/figure><p>Brasil &ndash; Produ&ccedil;&atilde;o Agr&iacute;cola Municipal &ndash; 2017 Manga<\/p><figure class=\"wp-block-image\"><img decoding=\"async\" src=\"https:\/\/lh7-us.googleusercontent.com\/Yn15IyAjyxm0pL0Tln4jnOFi3DHab_Em_Htp5yYkeq9-Z1RE1RjDb_CusuMzJqE9458NZusS0iqnd2AIquSVBALnl-DA9ban468x2yu9YfwTHz0DZBMQUWB42GOC5qmaLqHOa2N2BqrNzVwzrVaGUFk\" alt=\"\"><\/figure><p><em>(Fonte: Atlas Escolar do IBGE. Dispon&iacute;vel em https:\/\/mapas.ibge.gov.br\/ escolares\/ensino-medio\/brasil.html). Acessado em 10\/09\/2020.<\/em><\/p><p>A produ&ccedil;&atilde;o agr&iacute;cola nacional, para os mercados interno e externo, aparece como ponto fundamental para o Produto Interno Bruto nacional. Sobre as culturas de cana-de- a&ccedil;&uacute;car e manga &eacute; correto afirmar:<\/p><p><strong>A <\/strong>Pouco concentrada espacialmente, a cana-de-a&ccedil;&uacute;car &eacute; uma cultura permanente voltada para exporta&ccedil;&atilde;o.<br><strong>B <\/strong>A manga &eacute; uma cultura permanente, que tem importante produ&ccedil;&atilde;o nas &aacute;reas irrigadas no Nordeste.<br><strong>C <\/strong>A cana-de-a&ccedil;&uacute;car &eacute; uma cultura tempor&aacute;ria no litoral nordestino e permanente na regi&atilde;o Sudeste.<br><strong>D <\/strong>Inteiramente voltada para o mercado interno, a cultura da manga &eacute; uma cultura tempor&aacute;ria na regi&atilde;o Sudeste.<\/p><p><strong>Resposta:<\/strong> A &mdash; Incorreto. A cana est&aacute; concentrada em SP e &eacute; uma cultura tempor&aacute;ria (anual).<br>B &mdash; Correto. Com destaque para o Vale do S&atilde;o Francisco.<br>C &mdash; Incorreto. A cana &eacute; uma cultura tempor&aacute;ria (anual).<br>D &mdash; Incorreto. A manga &eacute; uma cultura permanente, pois n&atilde;o precisa tirar a &aacute;rvore para dar fruto novamente.<\/p><p>Alternativa correta: <strong>B<\/strong><\/p><h2 class=\"wp-block-heading\" id=\"h-enem-2020\"><span class=\"ez-toc-section\" id=\"Enem-2020\"><\/span>Enem (2020)<span class=\"ez-toc-section-end\"><\/span><\/h2><p>A soja &eacute; a cultura agr&iacute;cola brasileira que mais cresceu nas &uacute;ltimas tr&ecirc;s d&eacute;cadas e corresponde a 49% da &aacute;rea plantada em gr&atilde;os do pa&iacute;s. O aumento da produtividade est&aacute; associado aos avan&ccedil;os tecnol&oacute;gicos, ao manejo e &agrave; efici&ecirc;ncia dos produtores. O gr&atilde;o &eacute; componente essencial na fabrica&ccedil;&atilde;o de ra&ccedil;&otilde;es animais e, com uso crescente na alimenta&ccedil;&atilde;o humana, encontra-se em franco crescimento.<\/p><p><em>Dispon&iacute;vel em: www.agricultura.gov.br. Acesso em: 2 ago. 2012.<\/em><\/p><p>Uma causa para o crescimento, no Brasil, da produ&ccedil;&atilde;o agr&iacute;cola especificada no texto &eacute; o(a)<\/p><p><strong>A <\/strong>amplia&ccedil;&atilde;o da qualidade de vida no campo.<br><strong>B <\/strong>prioriza&ccedil;&atilde;o do cr&eacute;dito ao pequeno produtor.<br><strong>C <\/strong>aumento do emprego de m&atilde;o de obra informal.<br><strong>D <\/strong>aplica&ccedil;&atilde;o de leis que viabilizam a distribui&ccedil;&atilde;o de terras.<br><strong>E <\/strong>desenvolvimento de m&eacute;todos que incrementam o cultivo.<\/p><p>Resposta: A &mdash; Incorreto. A amplia&ccedil;&atilde;o da qualidade de vida no campo n&atilde;o &eacute; a causa do aumento da produtividade.<br>B &mdash; Incorreto. O grande produtor &eacute; mais beneficiado do que o pequeno.<br>C &mdash; Incorreto. O emprego diminui por causa da mecaniza&ccedil;&atilde;o<br>D &mdash; Incorreto. A reforma agr&aacute;ria &eacute; pouco difundida no nosso territ&oacute;rio.<br>E &mdash; Correto. Entre os m&eacute;todos, podemos destacar a mecaniza&ccedil;&atilde;o, os agroqu&iacute;micos e a biotecnologia.&nbsp;<\/p><p>Alternativa correta: <strong>E<\/strong><\/p><h2 class=\"wp-block-heading\" id=\"h-famerp-2020\"><span class=\"ez-toc-section\" id=\"Famerp-2020\"><\/span>Famerp (2020)<span class=\"ez-toc-section-end\"><\/span><\/h2><p>De acordo com o &uacute;ltimo Censo Agropecu&aacute;rio, esse modelo de agricultura &eacute; a base da economia de 90% dos munic&iacute;pios brasileiros com at&eacute; 20 mil habitantes. Al&eacute;m disso, &eacute; respons&aacute;vel pela renda de 40% da popula&ccedil;&atilde;o economicamente ativa do Pa&iacute;s e por mais de 70% dos brasileiros ocupados no campo &mdash; 84% dos estabelecimentos rurais respondem por essa l&oacute;gica. &ldquo;A tend&ecirc;ncia &eacute; esse n&uacute;mero crescer cada vez mais, principalmente com a procura por produtos agroecol&oacute; gicos&rdquo;, afirma o secret&aacute;rio Jefferson Coriteac, do Minist&eacute;rio da Agricultura, Pecu&aacute;ria e Abastecimento.&nbsp;<\/p><p><em>(www.mda.gov.br, 12.06.2018. Adaptado.)&nbsp;<\/em><\/p><p>O modelo de agricultura que re&uacute;ne as caracter&iacute;sticas apresentadas no excerto corresponde&nbsp;<\/p><p><strong>A <\/strong>&agrave; agricultura familiar, que se apresenta restrita em &aacute;rea, m&atilde;o de obra e capital investidos.&nbsp;<br><strong>B <\/strong>&agrave; agricultura org&acirc;nica, que se baseia no uso sustent&aacute;vel da terra e dos insumos utilizados.&nbsp;<br><strong>C <\/strong>&agrave; agricultura patronal, que se baseia na contrata&ccedil;&atilde;o de m&atilde;o de obra qualificada para seus cultivos.&nbsp;<br><strong>D <\/strong>ao agroneg&oacute;cio, que se baseia no uso de tecnologia nas diferentes etapas do processo produtivo.<br><strong>E <\/strong>ao sistema agroflorestal, que se pauta no extrativismo de mat&eacute;rias-primas com alto valor comercial.<\/p><p><strong>Resposta:<\/strong> &ldquo;base&thinsp;da&thinsp;economia&thinsp;de&thinsp;90%&thinsp;dos&thinsp;munic&iacute;pios brasileiros com at&eacute; 20 mil habitantes&rdquo;, &ldquo;mais&thinsp;de&thinsp;70% dos&thinsp;brasileiros&thinsp;ocupados&thinsp;no&thinsp;campo&rdquo;, &ldquo;84%&thinsp;dos&thinsp;estabelecimentos&thinsp;rurais&thinsp;respondem&thinsp;por&thinsp;essa l&oacute;gica&rdquo; e &ldquo;produtos agroecol&oacute;gicos&rdquo; remete &agrave; agricultura familiar. Lembrando que ela possui o maior n&uacute;mero de estabelecimentos e n&atilde;o as maiores &aacute;reas.<\/p><p>Alternativa correta: <strong>A<\/strong><\/p><h2 class=\"wp-block-heading\" id=\"h-confira-os-cursos-do-estrategia-vestibulares\"><span class=\"ez-toc-section\" id=\"Confira-os-cursos-do-Estrategia-Vestibulares\"><\/span>Confira os cursos do Estrat&eacute;gia Vestibulares<span class=\"ez-toc-section-end\"><\/span><\/h2><p>No Estrat&eacute;gia Vestibulares voc&ecirc; tem acesso a cursos variados e desenvolvidos especificamente para cada banca. Al&eacute;m disso, voc&ecirc; pode optar por materiais em formatos distintos e acessar as aulas e conte&uacute;dos de qualquer lugar e a qualquer hora. Confira!<\/p><p>\n\n\n\n\n\n<a id=\"cta\" class=\"cta-imagem\" href=\"https:\/\/vestibulares.estrategia.com\/cursos\/\" target=\"blank\">\n                <img decoding=\"async\" width=\"100%\" src=\"https:\/\/vestibulares.estrategia.com\/portal\/wp-content\/uploads\/2025\/07\/ESTRATEGIA.jpg\" alt=\"\" title=\"ESTRAT\u00c9GIA\">\n        <\/a>\n\n\n<\/p><\/p>\n","protected":false},"excerpt":{"rendered":"Separamos quest\u00f5es que falam sobre agricultura e tamb\u00e9m agroneg\u00f3cio direto do nosso banco de quest\u00f5es e que j\u00e1 ca\u00edram em vestibulares, inclusive no Enem\n","protected":false},"author":43,"featured_media":105290,"comment_status":"closed","ping_status":"closed","sticky":false,"template":"","format":"standard","meta":{"wl_entities_gutenberg":"","footnotes":""},"categories":[46],"tags":[],"wl_entity_type":[732],"class_list":{"0":"post-105244","1":"post","2":"type-post","3":"status-publish","4":"format-standard","5":"has-post-thumbnail","7":"category-atualidades-e-dicas","8":"wl_entity_type-article"},"acf":[],"yoast_head":"<!-- This site is optimized with the Yoast SEO Premium plugin v25.9 (Yoast SEO v25.9) - https:\/\/yoast.com\/wordpress\/plugins\/seo\/ -->\n<title>11 quest\u00f5es sobre agricultura e agroneg\u00f3cio que ca\u00edram em vestibulares<\/title>\n<meta name=\"description\" content=\"Separamos quest\u00f5es que falam sobre agricultura e tamb\u00e9m agroneg\u00f3cio direto do nosso banco de quest\u00f5es e que j\u00e1 ca\u00edram em vestibulares. Veja!\" \/>\n<meta name=\"robots\" content=\"index, follow, max-snippet:-1, max-image-preview:large, max-video-preview:-1\" \/>\n<link rel=\"canonical\" href=\"https:\/\/vestibulares.estrategia.com\/portal\/atualidades-e-dicas\/11-questoes-sobre-agricultura-e-agronegocio-que-ja-cairam-no-enem-e-em-vestibulares\/\" \/>\n<meta property=\"og:locale\" content=\"pt_BR\" \/>\n<meta property=\"og:type\" content=\"article\" \/>\n<meta property=\"og:title\" content=\"11 quest\u00f5es sobre agricultura e agroneg\u00f3cio que j\u00e1 ca\u00edram no Enem e em vestibulares\" \/>\n<meta property=\"og:description\" content=\"Separamos quest\u00f5es que falam sobre agricultura e tamb\u00e9m agroneg\u00f3cio direto do nosso banco de quest\u00f5es e que j\u00e1 ca\u00edram em vestibulares. Veja!\" \/>\n<meta property=\"og:url\" content=\"https:\/\/vestibulares.estrategia.com\/portal\/atualidades-e-dicas\/11-questoes-sobre-agricultura-e-agronegocio-que-ja-cairam-no-enem-e-em-vestibulares\/\" \/>\n<meta property=\"og:site_name\" content=\"Estrat\u00e9gia Vestibulares\" \/>\n<meta property=\"article:publisher\" content=\"https:\/\/facebook.com\/estrategiavestibulares\" \/>\n<meta property=\"article:published_time\" content=\"2023-11-08T12:54:18+00:00\" \/>\n<meta property=\"article:modified_time\" content=\"2024-01-23T18:38:39+00:00\" \/>\n<meta property=\"og:image\" content=\"https:\/\/vestibulares.estrategia.com\/portal\/wp-content\/uploads\/2023\/11\/shutterstock_473244196-1-1.jpg\" \/>\n\t<meta property=\"og:image:width\" content=\"1300\" \/>\n\t<meta property=\"og:image:height\" content=\"730\" \/>\n\t<meta property=\"og:image:type\" content=\"image\/jpeg\" \/>\n<meta name=\"author\" content=\"Leonardo Del Sant\" \/>\n<meta name=\"twitter:card\" content=\"summary_large_image\" \/>\n<meta name=\"twitter:creator\" content=\"@Estrategiavest\" \/>\n<meta name=\"twitter:site\" content=\"@Estrategiavest\" \/>\n<meta name=\"twitter:label1\" content=\"Escrito por\" \/>\n\t<meta name=\"twitter:data1\" content=\"Leonardo Del Sant\" \/>\n\t<meta name=\"twitter:label2\" content=\"Est. tempo de leitura\" \/>\n\t<meta name=\"twitter:data2\" content=\"12 minutos\" \/>\n<script type=\"application\/ld+json\" class=\"yoast-schema-graph\">{\"@context\":\"https:\/\/schema.org\",\"@graph\":[{\"@type\":\"Article\",\"@id\":\"https:\/\/vestibulares.estrategia.com\/portal\/atualidades-e-dicas\/11-questoes-sobre-agricultura-e-agronegocio-que-ja-cairam-no-enem-e-em-vestibulares\/#article\",\"isPartOf\":{\"@id\":\"https:\/\/vestibulares.estrategia.com\/portal\/atualidades-e-dicas\/11-questoes-sobre-agricultura-e-agronegocio-que-ja-cairam-no-enem-e-em-vestibulares\/\"},\"author\":{\"name\":\"Leonardo Del Sant\",\"@id\":\"https:\/\/vestibulares.estrategia.com\/portal\/#\/schema\/person\/95532619fccae669187ec84703047908\"},\"headline\":\"11 quest\u00f5es sobre agricultura e agroneg\u00f3cio que j\u00e1 ca\u00edram no Enem e em vestibulares\",\"datePublished\":\"2023-11-08T12:54:18+00:00\",\"dateModified\":\"2024-01-23T18:38:39+00:00\",\"mainEntityOfPage\":{\"@id\":\"https:\/\/vestibulares.estrategia.com\/portal\/atualidades-e-dicas\/11-questoes-sobre-agricultura-e-agronegocio-que-ja-cairam-no-enem-e-em-vestibulares\/\"},\"wordCount\":2373,\"publisher\":{\"@id\":\"https:\/\/vestibulares.estrategia.com\/portal\/#organization\"},\"image\":{\"@id\":\"https:\/\/vestibulares.estrategia.com\/portal\/atualidades-e-dicas\/11-questoes-sobre-agricultura-e-agronegocio-que-ja-cairam-no-enem-e-em-vestibulares\/#primaryimage\"},\"thumbnailUrl\":\"https:\/\/vestibulares.estrategia.com\/portal\/wp-content\/uploads\/2023\/11\/shutterstock_473244196-1-1.jpg\",\"articleSection\":[\"Atualidades e Dicas\"],\"inLanguage\":\"pt-BR\"},{\"@type\":\"WebPage\",\"@id\":\"https:\/\/vestibulares.estrategia.com\/portal\/atualidades-e-dicas\/11-questoes-sobre-agricultura-e-agronegocio-que-ja-cairam-no-enem-e-em-vestibulares\/\",\"url\":\"https:\/\/vestibulares.estrategia.com\/portal\/atualidades-e-dicas\/11-questoes-sobre-agricultura-e-agronegocio-que-ja-cairam-no-enem-e-em-vestibulares\/\",\"name\":\"11 quest\u00f5es sobre agricultura e agroneg\u00f3cio que ca\u00edram em vestibulares\",\"isPartOf\":{\"@id\":\"https:\/\/vestibulares.estrategia.com\/portal\/#website\"},\"primaryImageOfPage\":{\"@id\":\"https:\/\/vestibulares.estrategia.com\/portal\/atualidades-e-dicas\/11-questoes-sobre-agricultura-e-agronegocio-que-ja-cairam-no-enem-e-em-vestibulares\/#primaryimage\"},\"image\":{\"@id\":\"https:\/\/vestibulares.estrategia.com\/portal\/atualidades-e-dicas\/11-questoes-sobre-agricultura-e-agronegocio-que-ja-cairam-no-enem-e-em-vestibulares\/#primaryimage\"},\"thumbnailUrl\":\"https:\/\/vestibulares.estrategia.com\/portal\/wp-content\/uploads\/2023\/11\/shutterstock_473244196-1-1.jpg\",\"datePublished\":\"2023-11-08T12:54:18+00:00\",\"dateModified\":\"2024-01-23T18:38:39+00:00\",\"description\":\"Separamos quest\u00f5es que falam sobre agricultura e tamb\u00e9m agroneg\u00f3cio direto do nosso banco de quest\u00f5es e que j\u00e1 ca\u00edram em vestibulares. Veja!\",\"breadcrumb\":{\"@id\":\"https:\/\/vestibulares.estrategia.com\/portal\/atualidades-e-dicas\/11-questoes-sobre-agricultura-e-agronegocio-que-ja-cairam-no-enem-e-em-vestibulares\/#breadcrumb\"},\"inLanguage\":\"pt-BR\",\"potentialAction\":[{\"@type\":\"ReadAction\",\"target\":[\"https:\/\/vestibulares.estrategia.com\/portal\/atualidades-e-dicas\/11-questoes-sobre-agricultura-e-agronegocio-que-ja-cairam-no-enem-e-em-vestibulares\/\"]}]},{\"@type\":\"ImageObject\",\"inLanguage\":\"pt-BR\",\"@id\":\"https:\/\/vestibulares.estrategia.com\/portal\/atualidades-e-dicas\/11-questoes-sobre-agricultura-e-agronegocio-que-ja-cairam-no-enem-e-em-vestibulares\/#primaryimage\",\"url\":\"https:\/\/vestibulares.estrategia.com\/portal\/wp-content\/uploads\/2023\/11\/shutterstock_473244196-1-1.jpg\",\"contentUrl\":\"https:\/\/vestibulares.estrategia.com\/portal\/wp-content\/uploads\/2023\/11\/shutterstock_473244196-1-1.jpg\",\"width\":1300,\"height\":730,\"caption\":\"quest\u00f5es-sobre-agricultura-agroneg\u00f3cio-vestibulares-enem\"},{\"@type\":\"BreadcrumbList\",\"@id\":\"https:\/\/vestibulares.estrategia.com\/portal\/atualidades-e-dicas\/11-questoes-sobre-agricultura-e-agronegocio-que-ja-cairam-no-enem-e-em-vestibulares\/#breadcrumb\",\"itemListElement\":[{\"@type\":\"ListItem\",\"position\":1,\"name\":\"Home\",\"item\":\"https:\/\/vestibulares.estrategia.com\/portal\/\"},{\"@type\":\"ListItem\",\"position\":2,\"name\":\"Atualidades e Dicas\",\"item\":\"https:\/\/vestibulares.estrategia.com\/portal\/atualidades-e-dicas\/\"},{\"@type\":\"ListItem\",\"position\":3,\"name\":\"11 quest\u00f5es sobre agricultura e agroneg\u00f3cio que j\u00e1 ca\u00edram no Enem e em vestibulares\"}]},{\"@type\":\"WebSite\",\"@id\":\"https:\/\/vestibulares.estrategia.com\/portal\/#website\",\"url\":\"https:\/\/vestibulares.estrategia.com\/portal\/\",\"name\":\"Estrat\u00e9gia Vestibulares\",\"description\":\"\",\"publisher\":{\"@id\":\"https:\/\/vestibulares.estrategia.com\/portal\/#organization\"},\"potentialAction\":[{\"@type\":\"SearchAction\",\"target\":{\"@type\":\"EntryPoint\",\"urlTemplate\":\"https:\/\/vestibulares.estrategia.com\/portal\/?s={search_term_string}\"},\"query-input\":{\"@type\":\"PropertyValueSpecification\",\"valueRequired\":true,\"valueName\":\"search_term_string\"}}],\"inLanguage\":\"pt-BR\"},{\"@type\":\"Organization\",\"@id\":\"https:\/\/vestibulares.estrategia.com\/portal\/#organization\",\"name\":\"Estrat\u00e9gia Vestibulares\",\"url\":\"https:\/\/vestibulares.estrategia.com\/portal\/\",\"logo\":{\"@type\":\"ImageObject\",\"inLanguage\":\"pt-BR\",\"@id\":\"https:\/\/vestibulares.estrategia.com\/portal\/#\/schema\/logo\/image\/\",\"url\":\"https:\/\/vestibulares.estrategia.com\/portal\/wp-content\/uploads\/2021\/06\/Logo-Vestibulares@4x.png\",\"contentUrl\":\"https:\/\/vestibulares.estrategia.com\/portal\/wp-content\/uploads\/2021\/06\/Logo-Vestibulares@4x.png\",\"width\":250,\"height\":66,\"caption\":\"Estrat\u00e9gia Vestibulares\"},\"image\":{\"@id\":\"https:\/\/vestibulares.estrategia.com\/portal\/#\/schema\/logo\/image\/\"},\"sameAs\":[\"https:\/\/facebook.com\/estrategiavestibulares\",\"https:\/\/x.com\/Estrategiavest\",\"https:\/\/www.instagram.com\/estrategiavestibulares\",\"https:\/\/www.youtube.com\/channel\/UCGWdZy8ULI-7_5GrABa4vNA\"]},{\"@type\":\"Person\",\"@id\":\"https:\/\/vestibulares.estrategia.com\/portal\/#\/schema\/person\/95532619fccae669187ec84703047908\",\"name\":\"Leonardo Del Sant\",\"image\":{\"@type\":\"ImageObject\",\"inLanguage\":\"pt-BR\",\"@id\":\"https:\/\/vestibulares.estrategia.com\/portal\/#\/schema\/person\/image\/\",\"url\":\"https:\/\/vestibulares.estrategia.com\/portal\/wp-content\/uploads\/2026\/02\/1000082484-150x150.jpeg\",\"contentUrl\":\"https:\/\/vestibulares.estrategia.com\/portal\/wp-content\/uploads\/2026\/02\/1000082484-150x150.jpeg\",\"caption\":\"Leonardo Del Sant\"},\"description\":\"Coordenador de Jornalismo do Estrat\u00e9gia Vestibulares. Trabalhou com escrita para SEO em sites das \u00e1reas de economia, varejo, sa\u00fade, tecnologia e alimenta\u00e7\u00e3o. Formado em jornalismo pela Unesp\/Bauru.\",\"url\":\"https:\/\/vestibulares.estrategia.com\/portal\/author\/leonardo-del-sant\/\"}]}<\/script>\n<!-- \/ Yoast SEO Premium plugin. -->","yoast_head_json":{"title":"11 quest\u00f5es sobre agricultura e agroneg\u00f3cio que ca\u00edram em vestibulares","description":"Separamos quest\u00f5es que falam sobre agricultura e tamb\u00e9m agroneg\u00f3cio direto do nosso banco de quest\u00f5es e que j\u00e1 ca\u00edram em vestibulares. Veja!","robots":{"index":"index","follow":"follow","max-snippet":"max-snippet:-1","max-image-preview":"max-image-preview:large","max-video-preview":"max-video-preview:-1"},"canonical":"https:\/\/vestibulares.estrategia.com\/portal\/atualidades-e-dicas\/11-questoes-sobre-agricultura-e-agronegocio-que-ja-cairam-no-enem-e-em-vestibulares\/","og_locale":"pt_BR","og_type":"article","og_title":"11 quest\u00f5es sobre agricultura e agroneg\u00f3cio que j\u00e1 ca\u00edram no Enem e em vestibulares","og_description":"Separamos quest\u00f5es que falam sobre agricultura e tamb\u00e9m agroneg\u00f3cio direto do nosso banco de quest\u00f5es e que j\u00e1 ca\u00edram em vestibulares. Veja!","og_url":"https:\/\/vestibulares.estrategia.com\/portal\/atualidades-e-dicas\/11-questoes-sobre-agricultura-e-agronegocio-que-ja-cairam-no-enem-e-em-vestibulares\/","og_site_name":"Estrat\u00e9gia Vestibulares","article_publisher":"https:\/\/facebook.com\/estrategiavestibulares","article_published_time":"2023-11-08T12:54:18+00:00","article_modified_time":"2024-01-23T18:38:39+00:00","og_image":[{"width":1300,"height":730,"url":"https:\/\/vestibulares.estrategia.com\/portal\/wp-content\/uploads\/2023\/11\/shutterstock_473244196-1-1.jpg","type":"image\/jpeg"}],"author":"Leonardo Del Sant","twitter_card":"summary_large_image","twitter_creator":"@Estrategiavest","twitter_site":"@Estrategiavest","twitter_misc":{"Escrito por":"Leonardo Del Sant","Est. tempo de leitura":"12 minutos"},"schema":{"@context":"https:\/\/schema.org","@graph":[{"@type":"Article","@id":"https:\/\/vestibulares.estrategia.com\/portal\/atualidades-e-dicas\/11-questoes-sobre-agricultura-e-agronegocio-que-ja-cairam-no-enem-e-em-vestibulares\/#article","isPartOf":{"@id":"https:\/\/vestibulares.estrategia.com\/portal\/atualidades-e-dicas\/11-questoes-sobre-agricultura-e-agronegocio-que-ja-cairam-no-enem-e-em-vestibulares\/"},"author":{"name":"Leonardo Del Sant","@id":"https:\/\/vestibulares.estrategia.com\/portal\/#\/schema\/person\/95532619fccae669187ec84703047908"},"headline":"11 quest\u00f5es sobre agricultura e agroneg\u00f3cio que j\u00e1 ca\u00edram no Enem e em vestibulares","datePublished":"2023-11-08T12:54:18+00:00","dateModified":"2024-01-23T18:38:39+00:00","mainEntityOfPage":{"@id":"https:\/\/vestibulares.estrategia.com\/portal\/atualidades-e-dicas\/11-questoes-sobre-agricultura-e-agronegocio-que-ja-cairam-no-enem-e-em-vestibulares\/"},"wordCount":2373,"publisher":{"@id":"https:\/\/vestibulares.estrategia.com\/portal\/#organization"},"image":{"@id":"https:\/\/vestibulares.estrategia.com\/portal\/atualidades-e-dicas\/11-questoes-sobre-agricultura-e-agronegocio-que-ja-cairam-no-enem-e-em-vestibulares\/#primaryimage"},"thumbnailUrl":"https:\/\/vestibulares.estrategia.com\/portal\/wp-content\/uploads\/2023\/11\/shutterstock_473244196-1-1.jpg","articleSection":["Atualidades e Dicas"],"inLanguage":"pt-BR"},{"@type":"WebPage","@id":"https:\/\/vestibulares.estrategia.com\/portal\/atualidades-e-dicas\/11-questoes-sobre-agricultura-e-agronegocio-que-ja-cairam-no-enem-e-em-vestibulares\/","url":"https:\/\/vestibulares.estrategia.com\/portal\/atualidades-e-dicas\/11-questoes-sobre-agricultura-e-agronegocio-que-ja-cairam-no-enem-e-em-vestibulares\/","name":"11 quest\u00f5es sobre agricultura e agroneg\u00f3cio que ca\u00edram em vestibulares","isPartOf":{"@id":"https:\/\/vestibulares.estrategia.com\/portal\/#website"},"primaryImageOfPage":{"@id":"https:\/\/vestibulares.estrategia.com\/portal\/atualidades-e-dicas\/11-questoes-sobre-agricultura-e-agronegocio-que-ja-cairam-no-enem-e-em-vestibulares\/#primaryimage"},"image":{"@id":"https:\/\/vestibulares.estrategia.com\/portal\/atualidades-e-dicas\/11-questoes-sobre-agricultura-e-agronegocio-que-ja-cairam-no-enem-e-em-vestibulares\/#primaryimage"},"thumbnailUrl":"https:\/\/vestibulares.estrategia.com\/portal\/wp-content\/uploads\/2023\/11\/shutterstock_473244196-1-1.jpg","datePublished":"2023-11-08T12:54:18+00:00","dateModified":"2024-01-23T18:38:39+00:00","description":"Separamos quest\u00f5es que falam sobre agricultura e tamb\u00e9m agroneg\u00f3cio direto do nosso banco de quest\u00f5es e que j\u00e1 ca\u00edram em vestibulares. Veja!","breadcrumb":{"@id":"https:\/\/vestibulares.estrategia.com\/portal\/atualidades-e-dicas\/11-questoes-sobre-agricultura-e-agronegocio-que-ja-cairam-no-enem-e-em-vestibulares\/#breadcrumb"},"inLanguage":"pt-BR","potentialAction":[{"@type":"ReadAction","target":["https:\/\/vestibulares.estrategia.com\/portal\/atualidades-e-dicas\/11-questoes-sobre-agricultura-e-agronegocio-que-ja-cairam-no-enem-e-em-vestibulares\/"]}]},{"@type":"ImageObject","inLanguage":"pt-BR","@id":"https:\/\/vestibulares.estrategia.com\/portal\/atualidades-e-dicas\/11-questoes-sobre-agricultura-e-agronegocio-que-ja-cairam-no-enem-e-em-vestibulares\/#primaryimage","url":"https:\/\/vestibulares.estrategia.com\/portal\/wp-content\/uploads\/2023\/11\/shutterstock_473244196-1-1.jpg","contentUrl":"https:\/\/vestibulares.estrategia.com\/portal\/wp-content\/uploads\/2023\/11\/shutterstock_473244196-1-1.jpg","width":1300,"height":730,"caption":"quest\u00f5es-sobre-agricultura-agroneg\u00f3cio-vestibulares-enem"},{"@type":"BreadcrumbList","@id":"https:\/\/vestibulares.estrategia.com\/portal\/atualidades-e-dicas\/11-questoes-sobre-agricultura-e-agronegocio-que-ja-cairam-no-enem-e-em-vestibulares\/#breadcrumb","itemListElement":[{"@type":"ListItem","position":1,"name":"Home","item":"https:\/\/vestibulares.estrategia.com\/portal\/"},{"@type":"ListItem","position":2,"name":"Atualidades e Dicas","item":"https:\/\/vestibulares.estrategia.com\/portal\/atualidades-e-dicas\/"},{"@type":"ListItem","position":3,"name":"11 quest\u00f5es sobre agricultura e agroneg\u00f3cio que j\u00e1 ca\u00edram no Enem e em vestibulares"}]},{"@type":"WebSite","@id":"https:\/\/vestibulares.estrategia.com\/portal\/#website","url":"https:\/\/vestibulares.estrategia.com\/portal\/","name":"Estrat\u00e9gia Vestibulares","description":"","publisher":{"@id":"https:\/\/vestibulares.estrategia.com\/portal\/#organization"},"potentialAction":[{"@type":"SearchAction","target":{"@type":"EntryPoint","urlTemplate":"https:\/\/vestibulares.estrategia.com\/portal\/?s={search_term_string}"},"query-input":{"@type":"PropertyValueSpecification","valueRequired":true,"valueName":"search_term_string"}}],"inLanguage":"pt-BR"},{"@type":"Organization","@id":"https:\/\/vestibulares.estrategia.com\/portal\/#organization","name":"Estrat\u00e9gia Vestibulares","url":"https:\/\/vestibulares.estrategia.com\/portal\/","logo":{"@type":"ImageObject","inLanguage":"pt-BR","@id":"https:\/\/vestibulares.estrategia.com\/portal\/#\/schema\/logo\/image\/","url":"https:\/\/vestibulares.estrategia.com\/portal\/wp-content\/uploads\/2021\/06\/Logo-Vestibulares@4x.png","contentUrl":"https:\/\/vestibulares.estrategia.com\/portal\/wp-content\/uploads\/2021\/06\/Logo-Vestibulares@4x.png","width":250,"height":66,"caption":"Estrat\u00e9gia Vestibulares"},"image":{"@id":"https:\/\/vestibulares.estrategia.com\/portal\/#\/schema\/logo\/image\/"},"sameAs":["https:\/\/facebook.com\/estrategiavestibulares","https:\/\/x.com\/Estrategiavest","https:\/\/www.instagram.com\/estrategiavestibulares","https:\/\/www.youtube.com\/channel\/UCGWdZy8ULI-7_5GrABa4vNA"]},{"@type":"Person","@id":"https:\/\/vestibulares.estrategia.com\/portal\/#\/schema\/person\/95532619fccae669187ec84703047908","name":"Leonardo Del Sant","image":{"@type":"ImageObject","inLanguage":"pt-BR","@id":"https:\/\/vestibulares.estrategia.com\/portal\/#\/schema\/person\/image\/","url":"https:\/\/vestibulares.estrategia.com\/portal\/wp-content\/uploads\/2026\/02\/1000082484-150x150.jpeg","contentUrl":"https:\/\/vestibulares.estrategia.com\/portal\/wp-content\/uploads\/2026\/02\/1000082484-150x150.jpeg","caption":"Leonardo Del Sant"},"description":"Coordenador de Jornalismo do Estrat\u00e9gia Vestibulares. Trabalhou com escrita para SEO em sites das \u00e1reas de economia, varejo, sa\u00fade, tecnologia e alimenta\u00e7\u00e3o. Formado em jornalismo pela Unesp\/Bauru.","url":"https:\/\/vestibulares.estrategia.com\/portal\/author\/leonardo-del-sant\/"}]}},"_wl_alt_label":[],"wl:entity_url":"https:\/\/data.wordlift.io\/wl110249\/post\/11-questoes-sobre-agricultura-e-agronegocio-que-ja-cairam-no-enem-e-em-vestibulares","_links":{"self":[{"href":"https:\/\/vestibulares.estrategia.com\/portal\/wp-json\/wp\/v2\/posts\/105244","targetHints":{"allow":["GET"]}}],"collection":[{"href":"https:\/\/vestibulares.estrategia.com\/portal\/wp-json\/wp\/v2\/posts"}],"about":[{"href":"https:\/\/vestibulares.estrategia.com\/portal\/wp-json\/wp\/v2\/types\/post"}],"author":[{"embeddable":true,"href":"https:\/\/vestibulares.estrategia.com\/portal\/wp-json\/wp\/v2\/users\/43"}],"replies":[{"embeddable":true,"href":"https:\/\/vestibulares.estrategia.com\/portal\/wp-json\/wp\/v2\/comments?post=105244"}],"version-history":[{"count":3,"href":"https:\/\/vestibulares.estrategia.com\/portal\/wp-json\/wp\/v2\/posts\/105244\/revisions"}],"predecessor-version":[{"id":111071,"href":"https:\/\/vestibulares.estrategia.com\/portal\/wp-json\/wp\/v2\/posts\/105244\/revisions\/111071"}],"wp:featuredmedia":[{"embeddable":true,"href":"https:\/\/vestibulares.estrategia.com\/portal\/wp-json\/wp\/v2\/media\/105290"}],"wp:attachment":[{"href":"https:\/\/vestibulares.estrategia.com\/portal\/wp-json\/wp\/v2\/media?parent=105244"}],"wp:term":[{"taxonomy":"category","embeddable":true,"href":"https:\/\/vestibulares.estrategia.com\/portal\/wp-json\/wp\/v2\/categories?post=105244"},{"taxonomy":"post_tag","embeddable":true,"href":"https:\/\/vestibulares.estrategia.com\/portal\/wp-json\/wp\/v2\/tags?post=105244"},{"taxonomy":"wl_entity_type","embeddable":true,"href":"https:\/\/vestibulares.estrategia.com\/portal\/wp-json\/wp\/v2\/wl_entity_type?post=105244"}],"curies":[{"name":"wp","href":"https:\/\/api.w.org\/{rel}","templated":true}]}}