{"id":106400,"date":"2023-11-17T11:22:44","date_gmt":"2023-11-17T14:22:44","guid":{"rendered":"https:\/\/vestibulares.estrategia.com\/portal\/?p=106400"},"modified":"2024-10-04T12:15:00","modified_gmt":"2024-10-04T15:15:00","slug":"temas-de-redacao-da-unb","status":"publish","type":"post","link":"https:\/\/vestibulares.estrategia.com\/portal\/materias\/redacao\/temas-de-redacao-da-unb\/","title":{"rendered":"Temas de reda\u00e7\u00e3o da UnB dos \u00faltimos anos"},"content":{"rendered":"<p>A Universidade de Bras&iacute;lia (<a href=\"https:\/\/vestibulares.estrategia.com\/portal\/enem-e-vestibulares\/vestibulares\/vestibular-unb\/\">UnB<\/a>) possui vestibular pr&oacute;prio dividido em dois dias de aplica&ccedil;&atilde;o no mesmo final de semana. No primeiro dia os candidatos precisam escrever uma <strong>reda&ccedil;&atilde;o<\/strong>, com temas variados que permeiam a sociedade brasileira.<p>Ao longo do tempo, diversos temas compuseram as provas e foram solicitados nas reda&ccedil;&otilde;es e, para voc&ecirc; que quer treinar sua escrita e analisar possibilidades e l&oacute;gica aplicadas pela banca, preparamos este conte&uacute;do. <\/p><p>Vale destacar que n&atilde;o houve vestibular da UnB em 2020 e 2021, por conta da pandemia de Covid-19. Confira os temas de reda&ccedil;&atilde;o da UnB dos &uacute;ltimos anos e seus textos base, abaixo.<\/p><p>\n\n\n\n<div id=\"new-form\">\n\t<form id=\"forms_layout\">\n\t<input type=\"hidden\" id=\"chave_de\" name=\"chave_de\" value=\"01_EVEST_LEADS_TOTAIS\" \/>\n\t\t<input type=\"hidden\" id=\"mid\" name=\"mid\" value=\"515008983\" \/>\n\t\t<input type=\"hidden\" id=\"Objetivo\" name=\"Objetivo\" value=\"Vestibulares\" \/>\n\t\t<input type=\"hidden\" id=\"Estado_de_Origem_do_IP\" name=\"Estado_de_Origem_do_IP\"  value=\"\" \/>\n\t\t<input type=\"hidden\" id=\"Cidade_de_Origem_do_IP\" name=\"Cidade_de_Origem_do_IP\" value=\"\" \/>\n\t\t<input type=\"hidden\" id=\"Modo_de_entrada\" name=\"Modo_de_entrada\" value=\"Portal\" \/>\n\t\t<input type=\"hidden\" id=\"Pagina_Origem\" name=\"Pagina_Origem\" value=\"\" \/>\n\n\t\t<div class=\"texto\">\n\t\t\t<h3 class=\"news\">Inscreva-se em nossa newsletter\ud83e\udd89<\/h3>\n\t\t\t<p>Receba dicas de estudo gratuitas e saiba em primeira m\u00e3o as novidades sobre o Enem, Sisu, Encceja, Fuvest e outros vestibulares!<\/p>\n\t\t<\/div>\n\t\t<div class=\"campos\">\n\t\t\t<div class=\"first_name labels\">\n\t\t\t\t<input type=\"text\" class=\"input_labels\" id=\"first_name\" name=\"Nome_Completo\" placeholder=\"Nome\" required \/>\n\t\t\t<\/div>\n\t\t\t<div class=\"email labels\">\n\t\t\t\t<input type=\"email\" class=\"input_labels\" id=\"email\" name=\"Email\" placeholder=\"E-mail\" required \/>\n\t\t\t<\/div>\n\t\t\t<button type=\"submit\" class=\"button_layout\">\n\t\t\t\t<div id=\"lblBotao\">Inscreva-se<\/div>\n\t\t\t\t<span id=\"divSpiner\" class=\"loader\" role=\"status\" style=\"display: none;\"><\/span>\t\n\t\t\t<\/button>\n\t\t<\/div><!-- \/campos -->\n\t\t\n\t\t<label class=\"container_checkbox\">Voc\u00ea concorda com a nossa\n\t\t\t<a class=\"politics_privacy_ahref\" target=\"_blank\" href=\"https:\/\/gratis.estrategiaconcursos.com.br\/politica-de-privacidade\/\">Pol\u00edtica de Privacidade<\/a> e aceita receber informa\u00e7\u00f5es adicionais do Estrat\u00e9gia Educacional.\n\t\t\t<input id=\"checkbox_layout\" type=\"checkbox\" checked=\"checked\" required \/>\n\t\t\t<span class=\"checkbox\"><\/span>\n\t\t<\/label>\n\t\t<div id=\"msg\"><\/div>\n\t\t<div id=\"error\" class=\"error\">\n\t\t<\/div>\n\t<\/form>\n<\/div><!-- \/new-form -->\n\n\n\n<\/p><div id=\"ez-toc-container\" class=\"ez-toc-v2_0_76 counter-hierarchy ez-toc-counter ez-toc-transparent ez-toc-container-direction\">\n<div class=\"ez-toc-title-container\"><p class=\"ez-toc-title\" style=\"cursor:inherit\">Navegue pelo conte\u00fado<\/p>\n<\/div><nav><ul class='ez-toc-list ez-toc-list-level-1 ' ><li class='ez-toc-page-1 ez-toc-heading-level-2'><a class=\"ez-toc-link ez-toc-heading-1\" href=\"https:\/\/vestibulares.estrategia.com\/portal\/materias\/redacao\/temas-de-redacao-da-unb\/#2024-%E2%80%94-Demarcacao-de-terras-indigenas-no-Brasil-como-estrategia-de-enfrentamento-da-crise-climatica\" >2024 &mdash; Demarca&ccedil;&atilde;o de terras ind&iacute;genas no Brasil como estrat&eacute;gia de enfrentamento da crise clim&aacute;tica<\/a><\/li><li class='ez-toc-page-1 ez-toc-heading-level-2'><a class=\"ez-toc-link ez-toc-heading-2\" href=\"https:\/\/vestibulares.estrategia.com\/portal\/materias\/redacao\/temas-de-redacao-da-unb\/#2023-%E2%80%94-Concepcoes-de-mundo-dos-povos-indigenas-brasileiros\" >2023 &mdash; Concep&ccedil;&otilde;es de mundo dos povos ind&iacute;genas brasileiros<\/a><\/li><li class='ez-toc-page-1 ez-toc-heading-level-2'><a class=\"ez-toc-link ez-toc-heading-3\" href=\"https:\/\/vestibulares.estrategia.com\/portal\/materias\/redacao\/temas-de-redacao-da-unb\/#2022-%E2%80%94-A-cor-da-sua-pele-na-construcao-da-sua-identidade-e-das-suas-relacoes-com-o-outro\" >2022 &mdash; A cor da sua pele na constru&ccedil;&atilde;o da sua identidade e das suas rela&ccedil;&otilde;es com o outro<\/a><\/li><li class='ez-toc-page-1 ez-toc-heading-level-2'><a class=\"ez-toc-link ez-toc-heading-4\" href=\"https:\/\/vestibulares.estrategia.com\/portal\/materias\/redacao\/temas-de-redacao-da-unb\/#2019-%E2%80%94-Muros-um-simbolo-do-medo\" >2019 &mdash; Muros: um s&iacute;mbolo do medo<\/a><\/li><li class='ez-toc-page-1 ez-toc-heading-level-2'><a class=\"ez-toc-link ez-toc-heading-5\" href=\"https:\/\/vestibulares.estrategia.com\/portal\/materias\/redacao\/temas-de-redacao-da-unb\/#2018-%E2%80%94-A-pressa-nossa-de-cada-dia-o-tempo-na-contemporaneidade\" >2018 &mdash; A pressa nossa de cada dia: o tempo na contemporaneidade<\/a><\/li><li class='ez-toc-page-1 ez-toc-heading-level-2'><a class=\"ez-toc-link ez-toc-heading-6\" href=\"https:\/\/vestibulares.estrategia.com\/portal\/materias\/redacao\/temas-de-redacao-da-unb\/#2017-%E2%80%94-Entre-o-futuro-imaginario-e-o-passado-idealizado-o-presente%E2%80%A6\" >2017 &mdash; Entre o futuro imagin&aacute;rio e o passado idealizado, o presente&hellip;<\/a><\/li><li class='ez-toc-page-1 ez-toc-heading-level-2'><a class=\"ez-toc-link ez-toc-heading-7\" href=\"https:\/\/vestibulares.estrategia.com\/portal\/materias\/redacao\/temas-de-redacao-da-unb\/#2016-%E2%80%94-Guerras-derrota-para-a-humanidade\" >2016 &mdash; Guerras: derrota para a humanidade<\/a><\/li><li class='ez-toc-page-1 ez-toc-heading-level-2'><a class=\"ez-toc-link ez-toc-heading-8\" href=\"https:\/\/vestibulares.estrategia.com\/portal\/materias\/redacao\/temas-de-redacao-da-unb\/#2015-%E2%80%94-Relacao-entre-ciencia-e-arte\" >2015 &mdash; Rela&ccedil;&atilde;o entre ci&ecirc;ncia e arte<\/a><\/li><li class='ez-toc-page-1 ez-toc-heading-level-2'><a class=\"ez-toc-link ez-toc-heading-9\" href=\"https:\/\/vestibulares.estrategia.com\/portal\/materias\/redacao\/temas-de-redacao-da-unb\/#2014-%E2%80%94-Viagem-a-Marte-sem-volta\" >2014 &mdash; Viagem a Marte sem volta<\/a><\/li><li class='ez-toc-page-1 ez-toc-heading-level-2'><a class=\"ez-toc-link ez-toc-heading-10\" href=\"https:\/\/vestibulares.estrategia.com\/portal\/materias\/redacao\/temas-de-redacao-da-unb\/#Vestibular-UnB-redacao\" >Vestibular UnB: reda&ccedil;&atilde;o<\/a><\/li><li class='ez-toc-page-1 ez-toc-heading-level-2'><a class=\"ez-toc-link ez-toc-heading-11\" href=\"https:\/\/vestibulares.estrategia.com\/portal\/materias\/redacao\/temas-de-redacao-da-unb\/#Calendario-UnB-2024\" >Calend&aacute;rio UnB 2024<\/a><\/li><li class='ez-toc-page-1 ez-toc-heading-level-2'><a class=\"ez-toc-link ez-toc-heading-12\" href=\"https:\/\/vestibulares.estrategia.com\/portal\/materias\/redacao\/temas-de-redacao-da-unb\/#Como-estudar-para-o-vestibular-UnB\" >Como estudar para o vestibular UnB?<\/a><\/li><\/ul><\/nav><\/div>\n<h2 class=\"wp-block-heading\" id=\"h-2024-demarcacao-de-terras-indigenas-no-brasil-como-estrategia-de-enfrentamento-da-crise-climatica\"><span class=\"ez-toc-section\" id=\"2024-%E2%80%94-Demarcacao-de-terras-indigenas-no-Brasil-como-estrategia-de-enfrentamento-da-crise-climatica\"><\/span>2024 &mdash; Demarca&ccedil;&atilde;o de terras ind&iacute;genas no Brasil como estrat&eacute;gia de enfrentamento da crise clim&aacute;tica<span class=\"ez-toc-section-end\"><\/span><\/h2><p>O <a href=\"https:\/\/vestibulares.estrategia.com\/portal\/noticias\/tema-de-redacao-unb-2024\/\">tema de reda&ccedil;&atilde;o da UnB 2024<\/a> abordou a demarca&ccedil;&atilde;o de terras ind&iacute;genas como uma poss&iacute;vel estrat&eacute;gia de enfrentamento da crise clim&aacute;tica. Como textos base foram usados um trecho do livro &ldquo;<strong>A Queda do C&eacute;u: palavras de um Xam&atilde; Yanomami<\/strong>&ldquo;, de <strong>Davi Kopenawa e Bruce Albert<\/strong>, um trecho do livro &ldquo;<strong>A vida n&atilde;o &eacute; &uacute;til<\/strong>&ldquo;, de <strong>Ailton Krenak<\/strong> e uma tirinha do personagem <strong>Papa-Capim<\/strong>, de <strong>Maur&iacute;cio de Souza<\/strong>.<\/p><div data-wp-interactive=\"core\/file\" class=\"wp-block-file\"><object data-wp-bind--hidden=\"!state.hasPdfPreview\" hidden class=\"wp-block-file__embed\" data=\"https:\/\/vestibulares.estrategia.com\/portal\/wp-content\/uploads\/2023\/11\/unb2024.pdf\" type=\"application\/pdf\" style=\"width:100%;height:600px\" aria-label=\"Incorporado de unb2024.\"><\/object><a id=\"wp-block-file--media-9639ba29-19f1-4b5b-9e28-d244f5c19500\" rel=\"nofollow noopener noreferrer\" href=\"https:\/\/vestibulares.estrategia.com\/portal\/wp-content\/uploads\/2023\/11\/unb2024.pdf\" target=\"_blank\">unb2024<\/a><a rel=\"nofollow noopener noreferrer\" href=\"https:\/\/vestibulares.estrategia.com\/portal\/wp-content\/uploads\/2023\/11\/unb2024.pdf\" class=\"wp-block-file__button wp-element-button\" download aria-describedby=\"wp-block-file--media-9639ba29-19f1-4b5b-9e28-d244f5c19500\" target=\"_blank\">Baixar<\/a><\/div><h2 class=\"wp-block-heading\" id=\"h-2023-concepcoes-de-mundo-dos-povos-indigenas-brasileiros\"><span class=\"ez-toc-section\" id=\"2023-%E2%80%94-Concepcoes-de-mundo-dos-povos-indigenas-brasileiros\"><\/span>2023 &mdash; Concep&ccedil;&otilde;es de mundo dos povos ind&iacute;genas brasileiros<span class=\"ez-toc-section-end\"><\/span><\/h2><p>O <a href=\"https:\/\/vestibulares.estrategia.com\/portal\/noticias\/tema-de-redacao-unb-2023-concepcoes-de-mundo-dos-povos-indigenas-brasileiros\/\">tema de reda&ccedil;&atilde;o da UnB 2023<\/a> abordou a quest&atilde;o ind&iacute;gena brasileira e solicitou que o candidato fizesse um texto dissertativo comentando&nbsp;<strong>as concep&ccedil;&otilde;es de mundo dos povos ind&iacute;genas brasileiros<\/strong>, relacionando o conceito de independ&ecirc;ncia mostrado por cinco pontos de vista (veja mais abaixo) com a frase&nbsp;<strong>&ldquo;N&atilde;o conhe&ccedil;o nenhum sujeito de nenhum povo nosso que saiu sozinho pelo mundo. Andamos em constela&ccedil;&atilde;o&rdquo;<\/strong>, retirada do livro&nbsp;<strong>&ldquo;Sonhos Para Adiar o Fim do Mundo&rdquo;<\/strong>, de&nbsp;<strong>Ailton Krenak<\/strong>.<\/p><div data-wp-interactive=\"core\/file\" class=\"wp-block-file\"><object data-wp-bind--hidden=\"!state.hasPdfPreview\" hidden class=\"wp-block-file__embed\" data=\"https:\/\/vestibulares.estrategia.com\/portal\/wp-content\/uploads\/2023\/11\/UnB-2023-2.pdf\" type=\"application\/pdf\" style=\"width:100%;height:600px\" aria-label=\"Incorporado de UnB 2023.\"><\/object><a id=\"wp-block-file--media-70eb1f89-b9bf-471d-8ab2-0e8a60b84f6e\" rel=\"nofollow noopener noreferrer\" href=\"https:\/\/vestibulares.estrategia.com\/portal\/wp-content\/uploads\/2023\/11\/UnB-2023-2.pdf\" target=\"_blank\">UnB 2023<\/a><a rel=\"nofollow noopener noreferrer\" href=\"https:\/\/vestibulares.estrategia.com\/portal\/wp-content\/uploads\/2023\/11\/UnB-2023-2.pdf\" class=\"wp-block-file__button wp-element-button\" download aria-describedby=\"wp-block-file--media-70eb1f89-b9bf-471d-8ab2-0e8a60b84f6e\" target=\"_blank\">Baixar<\/a><\/div><h2 class=\"wp-block-heading\" id=\"h-2022-a-cor-da-sua-pele-na-construcao-da-sua-identidade-e-das-suas-relacoes-com-o-outro\"><span class=\"ez-toc-section\" id=\"2022-%E2%80%94-A-cor-da-sua-pele-na-construcao-da-sua-identidade-e-das-suas-relacoes-com-o-outro\"><\/span>2022 &mdash; A cor da sua pele na constru&ccedil;&atilde;o da sua identidade e das suas rela&ccedil;&otilde;es com o outro<span class=\"ez-toc-section-end\"><\/span><\/h2><p>O <a href=\"https:\/\/vestibulares.estrategia.com\/portal\/noticias\/tema-redacao-unb-2022\/\">tema de 2022<\/a> escolheu o relato pessoal sobre o colorismo nas rela&ccedil;&otilde;es entre as pessoas, o que pode envolver racismo, por exemplo, nos relatos dos candidatos. Seus textos base citam o filme &ldquo;Identidade&rdquo; e o texto &ldquo;Caracter&iacute;sticas &eacute;tnico-raciais da popula&ccedil;&atilde;o&rdquo;.<\/p><div data-wp-interactive=\"core\/file\" class=\"wp-block-file\"><object data-wp-bind--hidden=\"!state.hasPdfPreview\" hidden class=\"wp-block-file__embed\" data=\"https:\/\/vestibulares.estrategia.com\/portal\/wp-content\/uploads\/2023\/11\/UnB-2022.pdf\" type=\"application\/pdf\" style=\"width:100%;height:600px\" aria-label=\"Incorporado de UnB 2022.\"><\/object><a id=\"wp-block-file--media-f52d9a2f-0f89-4fde-a3df-2ca8e57ed4be\" rel=\"nofollow noopener noreferrer\" href=\"https:\/\/vestibulares.estrategia.com\/portal\/wp-content\/uploads\/2023\/11\/UnB-2022.pdf\" target=\"_blank\">UnB 2022<\/a><a rel=\"nofollow noopener noreferrer\" href=\"https:\/\/vestibulares.estrategia.com\/portal\/wp-content\/uploads\/2023\/11\/UnB-2022.pdf\" class=\"wp-block-file__button wp-element-button\" download aria-describedby=\"wp-block-file--media-f52d9a2f-0f89-4fde-a3df-2ca8e57ed4be\" target=\"_blank\">Baixar<\/a><\/div><h2 class=\"wp-block-heading\" id=\"h-2019-muros-um-simbolo-do-medo\"><span class=\"ez-toc-section\" id=\"2019-%E2%80%94-Muros-um-simbolo-do-medo\"><\/span>2019 &mdash; Muros: um s&iacute;mbolo do medo<span class=\"ez-toc-section-end\"><\/span><\/h2><p>A reda&ccedil;&atilde;o da UnB de 2019 solicitava um texto expositivo-argumentativo sobre como muros imp&otilde;e medo em diversos contextos sociais. Os textos base citam Mia Couto, em um fragmento do texto &ldquo;Murar o medo&rdquo;, Carlos Drummond de Andrade, com o poema &ldquo;O Medo&rdquo; e imagens de muros que separam pa&iacute;ses como Espanha e Marrocos e as duas Coreias.<\/p><div data-wp-interactive=\"core\/file\" class=\"wp-block-file\"><object data-wp-bind--hidden=\"!state.hasPdfPreview\" hidden class=\"wp-block-file__embed\" data=\"https:\/\/vestibulares.estrategia.com\/portal\/wp-content\/uploads\/2023\/11\/UnB-2019.pdf\" type=\"application\/pdf\" style=\"width:100%;height:600px\" aria-label=\"Incorporado de UnB 2019.\"><\/object><a id=\"wp-block-file--media-f3c4f911-295e-4224-965f-0a7699748067\" rel=\"nofollow noopener noreferrer\" href=\"https:\/\/vestibulares.estrategia.com\/portal\/wp-content\/uploads\/2023\/11\/UnB-2019.pdf\" target=\"_blank\">UnB 2019<\/a><a rel=\"nofollow noopener noreferrer\" href=\"https:\/\/vestibulares.estrategia.com\/portal\/wp-content\/uploads\/2023\/11\/UnB-2019.pdf\" class=\"wp-block-file__button wp-element-button\" download aria-describedby=\"wp-block-file--media-f3c4f911-295e-4224-965f-0a7699748067\" target=\"_blank\">Baixar<\/a><\/div><h2 class=\"wp-block-heading\" id=\"h-2018-a-pressa-nossa-de-cada-dia-o-tempo-na-contemporaneidade\"><span class=\"ez-toc-section\" id=\"2018-%E2%80%94-A-pressa-nossa-de-cada-dia-o-tempo-na-contemporaneidade\"><\/span>2018 &mdash; A pressa nossa de cada dia: o tempo na contemporaneidade<span class=\"ez-toc-section-end\"><\/span><\/h2><p>A discuss&atilde;o sobre o tempo e o como o usamos na atualidade foi tema da reda&ccedil;&atilde;o da UnB em 2018. Foram usados trechos dos textos &ldquo;A ditadura do rel&oacute;gio&rdquo;, de George Woodcock, &ldquo;Poemas inconjuntos&rdquo;, de Alberto Caeiro e do &ldquo;Kant e Prints&rdquo;, al&eacute;m de imagens de Elena Ferr&aacute;ndiz e Maur&iacute;cio Ricardo Chiminazzo.<\/p><div data-wp-interactive=\"core\/file\" class=\"wp-block-file\"><object data-wp-bind--hidden=\"!state.hasPdfPreview\" hidden class=\"wp-block-file__embed\" data=\"https:\/\/vestibulares.estrategia.com\/portal\/wp-content\/uploads\/2023\/11\/UnB-2018.pdf\" type=\"application\/pdf\" style=\"width:100%;height:600px\" aria-label=\"Incorporado de UnB 2018.\"><\/object><a id=\"wp-block-file--media-924f25e3-da55-48a9-9134-f6b5ad2f7007\" rel=\"nofollow noopener noreferrer\" href=\"https:\/\/vestibulares.estrategia.com\/portal\/wp-content\/uploads\/2023\/11\/UnB-2018.pdf\" target=\"_blank\">UnB 2018<\/a><a rel=\"nofollow noopener noreferrer\" href=\"https:\/\/vestibulares.estrategia.com\/portal\/wp-content\/uploads\/2023\/11\/UnB-2018.pdf\" class=\"wp-block-file__button wp-element-button\" download aria-describedby=\"wp-block-file--media-924f25e3-da55-48a9-9134-f6b5ad2f7007\" target=\"_blank\">Baixar<\/a><\/div><h2 class=\"wp-block-heading\" id=\"h-2017-entre-o-futuro-imaginario-e-o-passado-idealizado-o-presente\"><span class=\"ez-toc-section\" id=\"2017-%E2%80%94-Entre-o-futuro-imaginario-e-o-passado-idealizado-o-presente%E2%80%A6\"><\/span>2017 &mdash; Entre o futuro imagin&aacute;rio e o passado idealizado, o presente&hellip;<span class=\"ez-toc-section-end\"><\/span><\/h2><p>A prova da UnB de 2017 solicitou aos seus candidatos um artigo de opini&atilde;o na edi&ccedil;&atilde;o de domingo de um jornal de grande circula&ccedil;&atilde;o e o texto deveria come&ccedil;ar com a frase &ldquo;Entre o futuro imagin&aacute;rio e o passado idealizado, o presente&hellip;&rdquo;, abordando temas como utopia, o estado futuro da humanidade e a a&ccedil;&atilde;o pol&iacute;tica para que a proposta aconte&ccedil;a de fato.<\/p><div data-wp-interactive=\"core\/file\" class=\"wp-block-file\"><object data-wp-bind--hidden=\"!state.hasPdfPreview\" hidden class=\"wp-block-file__embed\" data=\"https:\/\/vestibulares.estrategia.com\/portal\/wp-content\/uploads\/2023\/11\/UnB-2017.pdf\" type=\"application\/pdf\" style=\"width:100%;height:600px\" aria-label=\"Incorporado de UnB 2017.\"><\/object><a id=\"wp-block-file--media-a479ea53-8bbd-4a65-93f0-eea05368d2db\" rel=\"nofollow noopener noreferrer\" href=\"https:\/\/vestibulares.estrategia.com\/portal\/wp-content\/uploads\/2023\/11\/UnB-2017.pdf\" target=\"_blank\">UnB 2017<\/a><a rel=\"nofollow noopener noreferrer\" href=\"https:\/\/vestibulares.estrategia.com\/portal\/wp-content\/uploads\/2023\/11\/UnB-2017.pdf\" class=\"wp-block-file__button wp-element-button\" download aria-describedby=\"wp-block-file--media-a479ea53-8bbd-4a65-93f0-eea05368d2db\" target=\"_blank\">Baixar<\/a><\/div><h2 class=\"wp-block-heading\" id=\"h-2016-guerras-derrota-para-a-humanidade\"><span class=\"ez-toc-section\" id=\"2016-%E2%80%94-Guerras-derrota-para-a-humanidade\"><\/span>2016 &mdash; Guerras: derrota para a humanidade<span class=\"ez-toc-section-end\"><\/span><\/h2><p>Em 2016, o vestibular da UnB solicitou um texto expositivo-argumentativo que precisava abordar tr&ecirc;s aspectos, dentro do tema citado: motiva&ccedil;&otilde;es para as guerras, o impacto da evolu&ccedil;&atilde;o do conhecimento nas guerras e a guerra como derrota para vencidos e para vencedores.<\/p><div data-wp-interactive=\"core\/file\" class=\"wp-block-file\"><object data-wp-bind--hidden=\"!state.hasPdfPreview\" hidden class=\"wp-block-file__embed\" data=\"https:\/\/vestibulares.estrategia.com\/portal\/wp-content\/uploads\/2023\/11\/UnB-2016.pdf\" type=\"application\/pdf\" style=\"width:100%;height:600px\" aria-label=\"Incorporado de UnB 2016.\"><\/object><a id=\"wp-block-file--media-5650277c-8358-46f2-b637-aa6d5eef7dee\" rel=\"nofollow noopener noreferrer\" href=\"https:\/\/vestibulares.estrategia.com\/portal\/wp-content\/uploads\/2023\/11\/UnB-2016.pdf\" target=\"_blank\">UnB 2016<\/a><a rel=\"nofollow noopener noreferrer\" href=\"https:\/\/vestibulares.estrategia.com\/portal\/wp-content\/uploads\/2023\/11\/UnB-2016.pdf\" class=\"wp-block-file__button wp-element-button\" download aria-describedby=\"wp-block-file--media-5650277c-8358-46f2-b637-aa6d5eef7dee\" target=\"_blank\">Baixar<\/a><\/div><h2 class=\"wp-block-heading\" id=\"h-2015-relacao-entre-ciencia-e-arte\"><span class=\"ez-toc-section\" id=\"2015-%E2%80%94-Relacao-entre-ciencia-e-arte\"><\/span>2015 &mdash; Rela&ccedil;&atilde;o entre ci&ecirc;ncia e arte<span class=\"ez-toc-section-end\"><\/span><\/h2><p>A banca da UnB preparou para o vestibular 2015 um tema que abordava a aproxima&ccedil;&atilde;o entre ci&ecirc;ncia e arte, utilizando a cartografia e obras de Leonardo da Vinci como exemplos, e uma sequ&ecirc;ncia de imagens que ilustram o tema. Na reda&ccedil;&atilde;o, os candidatos precisavam necessariamente abordar tr&ecirc;s aspectos: avan&ccedil;o da ci&ecirc;ncia e mudan&ccedil;a na produ&ccedil;&atilde;o de obras de arte; novas tecnologias e democratiza&ccedil;&atilde;o do acesso &agrave; arte; mudan&ccedil;as no conceito de arte.<\/p><div data-wp-interactive=\"core\/file\" class=\"wp-block-file\"><object data-wp-bind--hidden=\"!state.hasPdfPreview\" hidden class=\"wp-block-file__embed\" data=\"https:\/\/vestibulares.estrategia.com\/portal\/wp-content\/uploads\/2023\/11\/UnB-2015.pdf\" type=\"application\/pdf\" style=\"width:100%;height:600px\" aria-label=\"Incorporado de UnB 2015.\"><\/object><a id=\"wp-block-file--media-7cb9c18d-bf2b-4f00-9272-431768e57eab\" rel=\"nofollow noopener noreferrer\" href=\"https:\/\/vestibulares.estrategia.com\/portal\/wp-content\/uploads\/2023\/11\/UnB-2015.pdf\" target=\"_blank\">UnB 2015<\/a><a rel=\"nofollow noopener noreferrer\" href=\"https:\/\/vestibulares.estrategia.com\/portal\/wp-content\/uploads\/2023\/11\/UnB-2015.pdf\" class=\"wp-block-file__button wp-element-button\" download aria-describedby=\"wp-block-file--media-7cb9c18d-bf2b-4f00-9272-431768e57eab\" target=\"_blank\">Baixar<\/a><\/div><h2 class=\"wp-block-heading\" id=\"h-2014-viagem-a-marte-sem-volta\"><span class=\"ez-toc-section\" id=\"2014-%E2%80%94-Viagem-a-Marte-sem-volta\"><\/span>2014 &mdash; Viagem a Marte sem volta<span class=\"ez-toc-section-end\"><\/span><\/h2><p>Para a reda&ccedil;&atilde;o do vestibular 2014, a UnB solicitou um texto dissertativo opinativo sobre uma primeira expedi&ccedil;&atilde;o colonizadora de Marte sobre motivos que levam pessoas a querer participar dessa viagem. Dentre os textos base estavam um artigo da Revista Planeta sobre a pr&oacute;pria viagem ao planeta vermelho e os poemas &ldquo;Vou-me embora para Pas&aacute;rgada&rdquo;, de Manuel Bandeira e &ldquo;Mar Portugu&ecirc;s&rdquo;. de Fernando Pessoa.<\/p><div data-wp-interactive=\"core\/file\" class=\"wp-block-file\"><object data-wp-bind--hidden=\"!state.hasPdfPreview\" hidden class=\"wp-block-file__embed\" data=\"https:\/\/vestibulares.estrategia.com\/portal\/wp-content\/uploads\/2023\/11\/UnB-2014.pdf\" type=\"application\/pdf\" style=\"width:100%;height:600px\" aria-label=\"Incorporado de UnB 2014.\"><\/object><a id=\"wp-block-file--media-9d51b6ee-a06d-41fd-a5cc-8c20fab1d115\" rel=\"nofollow noopener noreferrer\" href=\"https:\/\/vestibulares.estrategia.com\/portal\/wp-content\/uploads\/2023\/11\/UnB-2014.pdf\" target=\"_blank\">UnB 2014<\/a><a rel=\"nofollow noopener noreferrer\" href=\"https:\/\/vestibulares.estrategia.com\/portal\/wp-content\/uploads\/2023\/11\/UnB-2014.pdf\" class=\"wp-block-file__button wp-element-button\" download aria-describedby=\"wp-block-file--media-9d51b6ee-a06d-41fd-a5cc-8c20fab1d115\" target=\"_blank\">Baixar<\/a><\/div><h2 class=\"wp-block-heading\" id=\"h-vestibular-unb-redacao\"><span class=\"ez-toc-section\" id=\"Vestibular-UnB-redacao\"><\/span>Vestibular UnB: reda&ccedil;&atilde;o<span class=\"ez-toc-section-end\"><\/span><\/h2><p>De acordo com o edital, o vestibulando precisa escrever um texto de no&nbsp;<strong>m&aacute;ximo 30 linhas<\/strong>. Precisa estar leg&iacute;vel, escrito de uma forma coerente e com coes&atilde;o.<\/p><p>Al&eacute;m das quest&otilde;es gramaticais e textuais, um fator muito importante na avalia&ccedil;&atilde;o &eacute; o desenvolvimento e abordagem do tema, respeitando uma das estruturas textuais:<\/p><ul class=\"wp-block-list\">\n<li>Descritivo;<\/li>\n\n\n\n<li>Narrativo;<\/li>\n\n\n\n<li>Expositivo-argumentativo; e<\/li>\n\n\n\n<li>Instrucional.<\/li>\n<\/ul><p>Os seguintes g&ecirc;neros textuais tamb&eacute;m podem ser abordados:<\/p><ul class=\"wp-block-list\">\n<li>Resumos;<\/li>\n\n\n\n<li>Cartas;<\/li>\n\n\n\n<li>Propagandas;&nbsp;<\/li>\n\n\n\n<li>Textos informativos; e&nbsp;<\/li>\n\n\n\n<li>Textos argumentativos.<\/li>\n<\/ul><h2 class=\"wp-block-heading\"><span class=\"ez-toc-section\" id=\"Calendario-UnB-2024\"><\/span>Calend&aacute;rio UnB 2024<span class=\"ez-toc-section-end\"><\/span><\/h2><ul class=\"wp-block-list\">\n<li><strong>Informa&ccedil;&otilde;es:<\/strong>&nbsp;<a rel=\"nofollow\" href=\"https:\/\/vestibulares.estrategia.com\/portal\/wp-content\/uploads\/2023\/08\/edital-UNB-2024.pdf\" target=\"_blank\">confira o edital<\/a><\/li>\n\n\n\n<li><strong>Inscri&ccedil;&otilde;es:&nbsp;<\/strong>22\/8 a 19\/9\/2023;<\/li>\n\n\n\n<li><strong>Per&iacute;odo de solicita&ccedil;&atilde;o de isen&ccedil;&atilde;o ou redu&ccedil;&atilde;o da taxa:&nbsp;<\/strong>22\/8 a 19\/9\/2023;<\/li>\n\n\n\n<li><strong>Resultado da solicita&ccedil;&atilde;o de isen&ccedil;&atilde;o ou redu&ccedil;&atilde;o:&nbsp;<\/strong>26\/9\/2023;<\/li>\n\n\n\n<li><strong>Data limite pagamento taxa de inscri&ccedil;&atilde;o:<\/strong>&nbsp;6\/10\/2023;<\/li>\n\n\n\n<li><strong>Divulga&ccedil;&atilde;o dos locais de prova:<\/strong>&nbsp;9\/11\/2023;<\/li>\n\n\n\n<li><strong>Provas:<\/strong>&nbsp;25 e 26\/11\/2023;<\/li>\n\n\n\n<li><strong>Gabarito:<\/strong>&nbsp;28\/11\/2023;<\/li>\n\n\n\n<li><strong>Resultado final:<\/strong>&nbsp;16\/1\/2024.<\/li>\n<\/ul><h2 class=\"wp-block-heading\" id=\"h-como-estudar-para-o-vestibular-unb\"><span class=\"ez-toc-section\" id=\"Como-estudar-para-o-vestibular-UnB\"><\/span>Como estudar para o vestibular UnB?<span class=\"ez-toc-section-end\"><\/span><\/h2><p>Se voc&ecirc; quer focar nos estudos e garantir uma vaga na UnB no pr&oacute;ximo ano, o Estrat&eacute;gia Vestibulares pode te ajudar!<\/p><p>Al&eacute;m de&nbsp;<strong>oferecer diariamente aulas gratuitas no&nbsp;<a href=\"https:\/\/www.youtube.com\/channel\/UCGWdZy8ULI-7_5GrABa4vNA\" target=\"_blank\">YouTube<\/a><\/strong>&nbsp;sobre todas as mat&eacute;rias que caem no vestibular da UnB, para aqueles que querem investir nos estudos, a plataforma tamb&eacute;m oferece um curso preparat&oacute;rio exclusivo sobre o vestibular da UnB, com professores especialistas na prova e com diversos benef&iacute;cios. D&aacute; s&oacute; uma olhada:&nbsp;<\/p><ul class=\"wp-block-list\">\n<li>Curso com livros digitais;<\/li>\n\n\n\n<li>Corre&ccedil;&atilde;o ilimitada de&nbsp;<a href=\"https:\/\/vestibulares.estrategia.com\/portal\/redacao\/enem-redacao\/\" target=\"_blank\">reda&ccedil;&otilde;es<\/a>;<\/li>\n\n\n\n<li>F&oacute;rum de d&uacute;vidas;<\/li>\n\n\n\n<li><a href=\"https:\/\/vestibulares.estrategia.com\/portal\/simulado\/simulado-enem\/\" target=\"_blank\">Simulados<\/a>&nbsp;com quest&otilde;es in&eacute;ditas;<\/li>\n\n\n\n<li>Quest&otilde;es comentadas;<\/li>\n\n\n\n<li>Mapas mentais; e<\/li>\n\n\n\n<li>Entre muitas outras vantagens.<\/li>\n<\/ul><p>Ficou interessado? Ent&atilde;o, clique no bot&atilde;o e veja tudo sobre os cursos oferecidos pelo Estrat&eacute;gia Vestibulares!<\/p><p>\n\n\n\n<a id=\"cta\" class=\"cta-imagem\" href=\"https:\/\/vestibulares.estrategia.com\/curso\/pacote-unb\/\" target=\"blank\">\n                <img decoding=\"async\" width=\"100%\" src=\"https:\/\/vestibulares.estrategia.com\/portal\/wp-content\/uploads\/2021\/07\/UnB.jpg\" alt=\"CTA Curso UNB\" title=\"CTA Curso UNB\">\n        <\/a>\n\n\n<\/p><\/p>\n","protected":false},"excerpt":{"rendered":"A UnB oferece diversas estruturas e g\u00eaneros textuais em seu edital; Confira os temas de reda\u00e7\u00e3o dos \u00faltimos anos e seus tipos de texto\n","protected":false},"author":43,"featured_media":106443,"comment_status":"closed","ping_status":"closed","sticky":false,"template":"","format":"standard","meta":{"wl_entities_gutenberg":"","footnotes":""},"categories":[2],"tags":[],"wl_entity_type":[732],"class_list":{"0":"post-106400","1":"post","2":"type-post","3":"status-publish","4":"format-standard","5":"has-post-thumbnail","7":"category-redacao","8":"wl_entity_type-article"},"acf":[],"yoast_head":"<!-- This site is optimized with the Yoast SEO Premium plugin v25.9 (Yoast SEO v25.9) - https:\/\/yoast.com\/wordpress\/plugins\/seo\/ -->\n<title>Temas de reda\u00e7\u00e3o da UnB dos \u00faltimos anos<\/title>\n<meta name=\"description\" content=\"A UnB oferece diversas estruturas e g\u00eaneros textuais em seu edital. Confira os temas de reda\u00e7\u00e3o dos \u00faltimos anos e seus tipos de texto.\" \/>\n<meta name=\"robots\" content=\"index, follow, max-snippet:-1, max-image-preview:large, max-video-preview:-1\" \/>\n<link rel=\"canonical\" href=\"https:\/\/vestibulares.estrategia.com\/portal\/materias\/redacao\/temas-de-redacao-da-unb\/\" \/>\n<meta property=\"og:locale\" content=\"pt_BR\" \/>\n<meta property=\"og:type\" content=\"article\" \/>\n<meta property=\"og:title\" content=\"Temas de reda\u00e7\u00e3o da UnB dos \u00faltimos anos\" \/>\n<meta property=\"og:description\" content=\"A UnB oferece diversas estruturas e g\u00eaneros textuais em seu edital. Confira os temas de reda\u00e7\u00e3o dos \u00faltimos anos e seus tipos de texto.\" \/>\n<meta property=\"og:url\" content=\"https:\/\/vestibulares.estrategia.com\/portal\/materias\/redacao\/temas-de-redacao-da-unb\/\" \/>\n<meta property=\"og:site_name\" content=\"Estrat\u00e9gia Vestibulares\" \/>\n<meta property=\"article:publisher\" content=\"https:\/\/facebook.com\/estrategiavestibulares\" \/>\n<meta property=\"article:published_time\" content=\"2023-11-17T14:22:44+00:00\" \/>\n<meta property=\"article:modified_time\" content=\"2024-10-04T15:15:00+00:00\" \/>\n<meta property=\"og:image\" content=\"https:\/\/vestibulares.estrategia.com\/portal\/wp-content\/uploads\/2023\/11\/20220103-reitoria-betomonteiro-3-1-1.jpg\" \/>\n\t<meta property=\"og:image:width\" content=\"1300\" \/>\n\t<meta property=\"og:image:height\" content=\"851\" \/>\n\t<meta property=\"og:image:type\" content=\"image\/jpeg\" \/>\n<meta name=\"author\" content=\"Leonardo Del Sant\" \/>\n<meta name=\"twitter:card\" content=\"summary_large_image\" \/>\n<meta name=\"twitter:creator\" content=\"@Estrategiavest\" \/>\n<meta name=\"twitter:site\" content=\"@Estrategiavest\" \/>\n<meta name=\"twitter:label1\" content=\"Escrito por\" \/>\n\t<meta name=\"twitter:data1\" content=\"Leonardo Del Sant\" \/>\n\t<meta name=\"twitter:label2\" content=\"Est. tempo de leitura\" \/>\n\t<meta name=\"twitter:data2\" content=\"5 minutos\" \/>\n<script type=\"application\/ld+json\" class=\"yoast-schema-graph\">{\"@context\":\"https:\/\/schema.org\",\"@graph\":[{\"@type\":\"Article\",\"@id\":\"https:\/\/vestibulares.estrategia.com\/portal\/materias\/redacao\/temas-de-redacao-da-unb\/#article\",\"isPartOf\":{\"@id\":\"https:\/\/vestibulares.estrategia.com\/portal\/materias\/redacao\/temas-de-redacao-da-unb\/\"},\"author\":{\"name\":\"Leonardo Del Sant\",\"@id\":\"https:\/\/vestibulares.estrategia.com\/portal\/#\/schema\/person\/95532619fccae669187ec84703047908\"},\"headline\":\"Temas de reda\u00e7\u00e3o da UnB dos \u00faltimos anos\",\"datePublished\":\"2023-11-17T14:22:44+00:00\",\"dateModified\":\"2024-10-04T15:15:00+00:00\",\"mainEntityOfPage\":{\"@id\":\"https:\/\/vestibulares.estrategia.com\/portal\/materias\/redacao\/temas-de-redacao-da-unb\/\"},\"wordCount\":1097,\"publisher\":{\"@id\":\"https:\/\/vestibulares.estrategia.com\/portal\/#organization\"},\"image\":{\"@id\":\"https:\/\/vestibulares.estrategia.com\/portal\/materias\/redacao\/temas-de-redacao-da-unb\/#primaryimage\"},\"thumbnailUrl\":\"https:\/\/vestibulares.estrategia.com\/portal\/wp-content\/uploads\/2023\/11\/20220103-reitoria-betomonteiro-3-1-1.jpg\",\"articleSection\":[\"Reda\u00e7\u00e3o\"],\"inLanguage\":\"pt-BR\"},{\"@type\":\"WebPage\",\"@id\":\"https:\/\/vestibulares.estrategia.com\/portal\/materias\/redacao\/temas-de-redacao-da-unb\/\",\"url\":\"https:\/\/vestibulares.estrategia.com\/portal\/materias\/redacao\/temas-de-redacao-da-unb\/\",\"name\":\"Temas de reda\u00e7\u00e3o da UnB dos \u00faltimos anos\",\"isPartOf\":{\"@id\":\"https:\/\/vestibulares.estrategia.com\/portal\/#website\"},\"primaryImageOfPage\":{\"@id\":\"https:\/\/vestibulares.estrategia.com\/portal\/materias\/redacao\/temas-de-redacao-da-unb\/#primaryimage\"},\"image\":{\"@id\":\"https:\/\/vestibulares.estrategia.com\/portal\/materias\/redacao\/temas-de-redacao-da-unb\/#primaryimage\"},\"thumbnailUrl\":\"https:\/\/vestibulares.estrategia.com\/portal\/wp-content\/uploads\/2023\/11\/20220103-reitoria-betomonteiro-3-1-1.jpg\",\"datePublished\":\"2023-11-17T14:22:44+00:00\",\"dateModified\":\"2024-10-04T15:15:00+00:00\",\"description\":\"A UnB oferece diversas estruturas e g\u00eaneros textuais em seu edital. Confira os temas de reda\u00e7\u00e3o dos \u00faltimos anos e seus tipos de texto.\",\"breadcrumb\":{\"@id\":\"https:\/\/vestibulares.estrategia.com\/portal\/materias\/redacao\/temas-de-redacao-da-unb\/#breadcrumb\"},\"inLanguage\":\"pt-BR\",\"potentialAction\":[{\"@type\":\"ReadAction\",\"target\":[\"https:\/\/vestibulares.estrategia.com\/portal\/materias\/redacao\/temas-de-redacao-da-unb\/\"]}]},{\"@type\":\"ImageObject\",\"inLanguage\":\"pt-BR\",\"@id\":\"https:\/\/vestibulares.estrategia.com\/portal\/materias\/redacao\/temas-de-redacao-da-unb\/#primaryimage\",\"url\":\"https:\/\/vestibulares.estrategia.com\/portal\/wp-content\/uploads\/2023\/11\/20220103-reitoria-betomonteiro-3-1-1.jpg\",\"contentUrl\":\"https:\/\/vestibulares.estrategia.com\/portal\/wp-content\/uploads\/2023\/11\/20220103-reitoria-betomonteiro-3-1-1.jpg\",\"width\":1300,\"height\":851,\"caption\":\"temas-de-reda\u00e7\u00e3o-unb-anos-anteriores\"},{\"@type\":\"BreadcrumbList\",\"@id\":\"https:\/\/vestibulares.estrategia.com\/portal\/materias\/redacao\/temas-de-redacao-da-unb\/#breadcrumb\",\"itemListElement\":[{\"@type\":\"ListItem\",\"position\":1,\"name\":\"Home\",\"item\":\"https:\/\/vestibulares.estrategia.com\/portal\/\"},{\"@type\":\"ListItem\",\"position\":2,\"name\":\"Mat\u00e9rias\",\"item\":\"https:\/\/vestibulares.estrategia.com\/portal\/materias\/\"},{\"@type\":\"ListItem\",\"position\":3,\"name\":\"Reda\u00e7\u00e3o\",\"item\":\"https:\/\/vestibulares.estrategia.com\/portal\/materias\/redacao\/\"},{\"@type\":\"ListItem\",\"position\":4,\"name\":\"Temas de reda\u00e7\u00e3o da UnB dos \u00faltimos anos\"}]},{\"@type\":\"WebSite\",\"@id\":\"https:\/\/vestibulares.estrategia.com\/portal\/#website\",\"url\":\"https:\/\/vestibulares.estrategia.com\/portal\/\",\"name\":\"Estrat\u00e9gia Vestibulares\",\"description\":\"\",\"publisher\":{\"@id\":\"https:\/\/vestibulares.estrategia.com\/portal\/#organization\"},\"potentialAction\":[{\"@type\":\"SearchAction\",\"target\":{\"@type\":\"EntryPoint\",\"urlTemplate\":\"https:\/\/vestibulares.estrategia.com\/portal\/?s={search_term_string}\"},\"query-input\":{\"@type\":\"PropertyValueSpecification\",\"valueRequired\":true,\"valueName\":\"search_term_string\"}}],\"inLanguage\":\"pt-BR\"},{\"@type\":\"Organization\",\"@id\":\"https:\/\/vestibulares.estrategia.com\/portal\/#organization\",\"name\":\"Estrat\u00e9gia Vestibulares\",\"url\":\"https:\/\/vestibulares.estrategia.com\/portal\/\",\"logo\":{\"@type\":\"ImageObject\",\"inLanguage\":\"pt-BR\",\"@id\":\"https:\/\/vestibulares.estrategia.com\/portal\/#\/schema\/logo\/image\/\",\"url\":\"https:\/\/vestibulares.estrategia.com\/portal\/wp-content\/uploads\/2021\/06\/Logo-Vestibulares@4x.png\",\"contentUrl\":\"https:\/\/vestibulares.estrategia.com\/portal\/wp-content\/uploads\/2021\/06\/Logo-Vestibulares@4x.png\",\"width\":250,\"height\":66,\"caption\":\"Estrat\u00e9gia Vestibulares\"},\"image\":{\"@id\":\"https:\/\/vestibulares.estrategia.com\/portal\/#\/schema\/logo\/image\/\"},\"sameAs\":[\"https:\/\/facebook.com\/estrategiavestibulares\",\"https:\/\/x.com\/Estrategiavest\",\"https:\/\/www.instagram.com\/estrategiavestibulares\",\"https:\/\/www.youtube.com\/channel\/UCGWdZy8ULI-7_5GrABa4vNA\"]},{\"@type\":\"Person\",\"@id\":\"https:\/\/vestibulares.estrategia.com\/portal\/#\/schema\/person\/95532619fccae669187ec84703047908\",\"name\":\"Leonardo Del Sant\",\"image\":{\"@type\":\"ImageObject\",\"inLanguage\":\"pt-BR\",\"@id\":\"https:\/\/vestibulares.estrategia.com\/portal\/#\/schema\/person\/image\/\",\"url\":\"https:\/\/vestibulares.estrategia.com\/portal\/wp-content\/uploads\/2026\/02\/1000082484-150x150.jpeg\",\"contentUrl\":\"https:\/\/vestibulares.estrategia.com\/portal\/wp-content\/uploads\/2026\/02\/1000082484-150x150.jpeg\",\"caption\":\"Leonardo Del Sant\"},\"description\":\"Coordenador de Jornalismo do Estrat\u00e9gia Vestibulares. Trabalhou com escrita para SEO em sites das \u00e1reas de economia, varejo, sa\u00fade, tecnologia e alimenta\u00e7\u00e3o. Formado em jornalismo pela Unesp\/Bauru.\",\"url\":\"https:\/\/vestibulares.estrategia.com\/portal\/author\/leonardo-del-sant\/\"}]}<\/script>\n<!-- \/ Yoast SEO Premium plugin. -->","yoast_head_json":{"title":"Temas de reda\u00e7\u00e3o da UnB dos \u00faltimos anos","description":"A UnB oferece diversas estruturas e g\u00eaneros textuais em seu edital. Confira os temas de reda\u00e7\u00e3o dos \u00faltimos anos e seus tipos de texto.","robots":{"index":"index","follow":"follow","max-snippet":"max-snippet:-1","max-image-preview":"max-image-preview:large","max-video-preview":"max-video-preview:-1"},"canonical":"https:\/\/vestibulares.estrategia.com\/portal\/materias\/redacao\/temas-de-redacao-da-unb\/","og_locale":"pt_BR","og_type":"article","og_title":"Temas de reda\u00e7\u00e3o da UnB dos \u00faltimos anos","og_description":"A UnB oferece diversas estruturas e g\u00eaneros textuais em seu edital. Confira os temas de reda\u00e7\u00e3o dos \u00faltimos anos e seus tipos de texto.","og_url":"https:\/\/vestibulares.estrategia.com\/portal\/materias\/redacao\/temas-de-redacao-da-unb\/","og_site_name":"Estrat\u00e9gia Vestibulares","article_publisher":"https:\/\/facebook.com\/estrategiavestibulares","article_published_time":"2023-11-17T14:22:44+00:00","article_modified_time":"2024-10-04T15:15:00+00:00","og_image":[{"width":1300,"height":851,"url":"https:\/\/vestibulares.estrategia.com\/portal\/wp-content\/uploads\/2023\/11\/20220103-reitoria-betomonteiro-3-1-1.jpg","type":"image\/jpeg"}],"author":"Leonardo Del Sant","twitter_card":"summary_large_image","twitter_creator":"@Estrategiavest","twitter_site":"@Estrategiavest","twitter_misc":{"Escrito por":"Leonardo Del Sant","Est. tempo de leitura":"5 minutos"},"schema":{"@context":"https:\/\/schema.org","@graph":[{"@type":"Article","@id":"https:\/\/vestibulares.estrategia.com\/portal\/materias\/redacao\/temas-de-redacao-da-unb\/#article","isPartOf":{"@id":"https:\/\/vestibulares.estrategia.com\/portal\/materias\/redacao\/temas-de-redacao-da-unb\/"},"author":{"name":"Leonardo Del Sant","@id":"https:\/\/vestibulares.estrategia.com\/portal\/#\/schema\/person\/95532619fccae669187ec84703047908"},"headline":"Temas de reda\u00e7\u00e3o da UnB dos \u00faltimos anos","datePublished":"2023-11-17T14:22:44+00:00","dateModified":"2024-10-04T15:15:00+00:00","mainEntityOfPage":{"@id":"https:\/\/vestibulares.estrategia.com\/portal\/materias\/redacao\/temas-de-redacao-da-unb\/"},"wordCount":1097,"publisher":{"@id":"https:\/\/vestibulares.estrategia.com\/portal\/#organization"},"image":{"@id":"https:\/\/vestibulares.estrategia.com\/portal\/materias\/redacao\/temas-de-redacao-da-unb\/#primaryimage"},"thumbnailUrl":"https:\/\/vestibulares.estrategia.com\/portal\/wp-content\/uploads\/2023\/11\/20220103-reitoria-betomonteiro-3-1-1.jpg","articleSection":["Reda\u00e7\u00e3o"],"inLanguage":"pt-BR"},{"@type":"WebPage","@id":"https:\/\/vestibulares.estrategia.com\/portal\/materias\/redacao\/temas-de-redacao-da-unb\/","url":"https:\/\/vestibulares.estrategia.com\/portal\/materias\/redacao\/temas-de-redacao-da-unb\/","name":"Temas de reda\u00e7\u00e3o da UnB dos \u00faltimos anos","isPartOf":{"@id":"https:\/\/vestibulares.estrategia.com\/portal\/#website"},"primaryImageOfPage":{"@id":"https:\/\/vestibulares.estrategia.com\/portal\/materias\/redacao\/temas-de-redacao-da-unb\/#primaryimage"},"image":{"@id":"https:\/\/vestibulares.estrategia.com\/portal\/materias\/redacao\/temas-de-redacao-da-unb\/#primaryimage"},"thumbnailUrl":"https:\/\/vestibulares.estrategia.com\/portal\/wp-content\/uploads\/2023\/11\/20220103-reitoria-betomonteiro-3-1-1.jpg","datePublished":"2023-11-17T14:22:44+00:00","dateModified":"2024-10-04T15:15:00+00:00","description":"A UnB oferece diversas estruturas e g\u00eaneros textuais em seu edital. Confira os temas de reda\u00e7\u00e3o dos \u00faltimos anos e seus tipos de texto.","breadcrumb":{"@id":"https:\/\/vestibulares.estrategia.com\/portal\/materias\/redacao\/temas-de-redacao-da-unb\/#breadcrumb"},"inLanguage":"pt-BR","potentialAction":[{"@type":"ReadAction","target":["https:\/\/vestibulares.estrategia.com\/portal\/materias\/redacao\/temas-de-redacao-da-unb\/"]}]},{"@type":"ImageObject","inLanguage":"pt-BR","@id":"https:\/\/vestibulares.estrategia.com\/portal\/materias\/redacao\/temas-de-redacao-da-unb\/#primaryimage","url":"https:\/\/vestibulares.estrategia.com\/portal\/wp-content\/uploads\/2023\/11\/20220103-reitoria-betomonteiro-3-1-1.jpg","contentUrl":"https:\/\/vestibulares.estrategia.com\/portal\/wp-content\/uploads\/2023\/11\/20220103-reitoria-betomonteiro-3-1-1.jpg","width":1300,"height":851,"caption":"temas-de-reda\u00e7\u00e3o-unb-anos-anteriores"},{"@type":"BreadcrumbList","@id":"https:\/\/vestibulares.estrategia.com\/portal\/materias\/redacao\/temas-de-redacao-da-unb\/#breadcrumb","itemListElement":[{"@type":"ListItem","position":1,"name":"Home","item":"https:\/\/vestibulares.estrategia.com\/portal\/"},{"@type":"ListItem","position":2,"name":"Mat\u00e9rias","item":"https:\/\/vestibulares.estrategia.com\/portal\/materias\/"},{"@type":"ListItem","position":3,"name":"Reda\u00e7\u00e3o","item":"https:\/\/vestibulares.estrategia.com\/portal\/materias\/redacao\/"},{"@type":"ListItem","position":4,"name":"Temas de reda\u00e7\u00e3o da UnB dos \u00faltimos anos"}]},{"@type":"WebSite","@id":"https:\/\/vestibulares.estrategia.com\/portal\/#website","url":"https:\/\/vestibulares.estrategia.com\/portal\/","name":"Estrat\u00e9gia Vestibulares","description":"","publisher":{"@id":"https:\/\/vestibulares.estrategia.com\/portal\/#organization"},"potentialAction":[{"@type":"SearchAction","target":{"@type":"EntryPoint","urlTemplate":"https:\/\/vestibulares.estrategia.com\/portal\/?s={search_term_string}"},"query-input":{"@type":"PropertyValueSpecification","valueRequired":true,"valueName":"search_term_string"}}],"inLanguage":"pt-BR"},{"@type":"Organization","@id":"https:\/\/vestibulares.estrategia.com\/portal\/#organization","name":"Estrat\u00e9gia Vestibulares","url":"https:\/\/vestibulares.estrategia.com\/portal\/","logo":{"@type":"ImageObject","inLanguage":"pt-BR","@id":"https:\/\/vestibulares.estrategia.com\/portal\/#\/schema\/logo\/image\/","url":"https:\/\/vestibulares.estrategia.com\/portal\/wp-content\/uploads\/2021\/06\/Logo-Vestibulares@4x.png","contentUrl":"https:\/\/vestibulares.estrategia.com\/portal\/wp-content\/uploads\/2021\/06\/Logo-Vestibulares@4x.png","width":250,"height":66,"caption":"Estrat\u00e9gia Vestibulares"},"image":{"@id":"https:\/\/vestibulares.estrategia.com\/portal\/#\/schema\/logo\/image\/"},"sameAs":["https:\/\/facebook.com\/estrategiavestibulares","https:\/\/x.com\/Estrategiavest","https:\/\/www.instagram.com\/estrategiavestibulares","https:\/\/www.youtube.com\/channel\/UCGWdZy8ULI-7_5GrABa4vNA"]},{"@type":"Person","@id":"https:\/\/vestibulares.estrategia.com\/portal\/#\/schema\/person\/95532619fccae669187ec84703047908","name":"Leonardo Del Sant","image":{"@type":"ImageObject","inLanguage":"pt-BR","@id":"https:\/\/vestibulares.estrategia.com\/portal\/#\/schema\/person\/image\/","url":"https:\/\/vestibulares.estrategia.com\/portal\/wp-content\/uploads\/2026\/02\/1000082484-150x150.jpeg","contentUrl":"https:\/\/vestibulares.estrategia.com\/portal\/wp-content\/uploads\/2026\/02\/1000082484-150x150.jpeg","caption":"Leonardo Del Sant"},"description":"Coordenador de Jornalismo do Estrat\u00e9gia Vestibulares. Trabalhou com escrita para SEO em sites das \u00e1reas de economia, varejo, sa\u00fade, tecnologia e alimenta\u00e7\u00e3o. Formado em jornalismo pela Unesp\/Bauru.","url":"https:\/\/vestibulares.estrategia.com\/portal\/author\/leonardo-del-sant\/"}]}},"_wl_alt_label":[],"wl:entity_url":"https:\/\/data.wordlift.io\/wl110249\/post\/temas-de-redacao-da-unb","_links":{"self":[{"href":"https:\/\/vestibulares.estrategia.com\/portal\/wp-json\/wp\/v2\/posts\/106400","targetHints":{"allow":["GET"]}}],"collection":[{"href":"https:\/\/vestibulares.estrategia.com\/portal\/wp-json\/wp\/v2\/posts"}],"about":[{"href":"https:\/\/vestibulares.estrategia.com\/portal\/wp-json\/wp\/v2\/types\/post"}],"author":[{"embeddable":true,"href":"https:\/\/vestibulares.estrategia.com\/portal\/wp-json\/wp\/v2\/users\/43"}],"replies":[{"embeddable":true,"href":"https:\/\/vestibulares.estrategia.com\/portal\/wp-json\/wp\/v2\/comments?post=106400"}],"version-history":[{"count":10,"href":"https:\/\/vestibulares.estrategia.com\/portal\/wp-json\/wp\/v2\/posts\/106400\/revisions"}],"predecessor-version":[{"id":126428,"href":"https:\/\/vestibulares.estrategia.com\/portal\/wp-json\/wp\/v2\/posts\/106400\/revisions\/126428"}],"wp:featuredmedia":[{"embeddable":true,"href":"https:\/\/vestibulares.estrategia.com\/portal\/wp-json\/wp\/v2\/media\/106443"}],"wp:attachment":[{"href":"https:\/\/vestibulares.estrategia.com\/portal\/wp-json\/wp\/v2\/media?parent=106400"}],"wp:term":[{"taxonomy":"category","embeddable":true,"href":"https:\/\/vestibulares.estrategia.com\/portal\/wp-json\/wp\/v2\/categories?post=106400"},{"taxonomy":"post_tag","embeddable":true,"href":"https:\/\/vestibulares.estrategia.com\/portal\/wp-json\/wp\/v2\/tags?post=106400"},{"taxonomy":"wl_entity_type","embeddable":true,"href":"https:\/\/vestibulares.estrategia.com\/portal\/wp-json\/wp\/v2\/wl_entity_type?post=106400"}],"curies":[{"name":"wp","href":"https:\/\/api.w.org\/{rel}","templated":true}]}}