{"id":107011,"date":"2023-11-23T17:38:47","date_gmt":"2023-11-23T20:38:47","guid":{"rendered":"https:\/\/vestibulares.estrategia.com\/portal\/?p=107011"},"modified":"2024-04-11T14:58:34","modified_gmt":"2024-04-11T17:58:34","slug":"19-famosos-que-estudaram-na-usp","status":"publish","type":"post","link":"https:\/\/vestibulares.estrategia.com\/portal\/profissoes\/graduacoes\/19-famosos-que-estudaram-na-usp\/","title":{"rendered":"19 famosos que estudaram na USP"},"content":{"rendered":"<p>A Universidade de S&atilde;o Paulo (<a href=\"https:\/\/vestibulares.estrategia.com\/portal\/enem-e-vestibulares\/vestibulares\/vestibular-fuvest\/\">USP<\/a>) &eacute; considerada uma das universidades mais tradicionais do Brasil e a melhor faculdade da Am&eacute;rica Latina, segundo o ranking Global Universities 2021, feito pela editora norte-americana US-News.&nbsp;<p>Para ingressar, &eacute; preciso realizar o vestibular produzido pela Funda&ccedil;&atilde;o Universit&aacute;ria para o Vestibular (Fuvest), utilizar a nota do Exame Nacional do Ensino M&eacute;dio (<a href=\"https:\/\/vestibulares.estrategia.com\/portal\/enem\/enem\">Enem<\/a>), por meio do Enem-USP, ou participar do <a href=\"https:\/\/vestibulares.estrategia.com\/portal\/noticias\/provao-paulista-seriado-e-autorizado-e-sera-aplicado-ainda-em-2023\/\">Prov&atilde;o Paulista<\/a>.<\/p><p>A Fuvest, que &eacute; o vestibular da USP, &eacute; presencial e composto por duas fases. Na primeira, o estudante deve responder 90 quest&otilde;es de m&uacute;ltipla escolha, enquanto na segunda, dividida em dois dias, resolve 22 quest&otilde;es dissertativas e realiza uma reda&ccedil;&atilde;o dissertativa-argumentativa.<\/p><p>Por sua tradi&ccedil;&atilde;o, muitas pessoas desejam ingressar na USP, inclusive personalidades conhecidas, como atores, cantores, pol&iacute;ticos e escritores. O <strong>Portal Estrat&eacute;gia Vestibulares<\/strong> listou 19 famosos que s&atilde;o uspianos. Acompanhe!<\/p><p>\n\n\n\n<div id=\"new-form\">\n\t<form id=\"forms_layout\">\n\t<input type=\"hidden\" id=\"chave_de\" name=\"chave_de\" value=\"01_EVEST_LEADS_TOTAIS\" \/>\n\t\t<input type=\"hidden\" id=\"mid\" name=\"mid\" value=\"515008983\" \/>\n\t\t<input type=\"hidden\" id=\"Objetivo\" name=\"Objetivo\" value=\"Vestibulares\" \/>\n\t\t<input type=\"hidden\" id=\"Estado_de_Origem_do_IP\" name=\"Estado_de_Origem_do_IP\"  value=\"\" \/>\n\t\t<input type=\"hidden\" id=\"Cidade_de_Origem_do_IP\" name=\"Cidade_de_Origem_do_IP\" value=\"\" \/>\n\t\t<input type=\"hidden\" id=\"Modo_de_entrada\" name=\"Modo_de_entrada\" value=\"Portal\" \/>\n\t\t<input type=\"hidden\" id=\"Pagina_Origem\" name=\"Pagina_Origem\" value=\"\" \/>\n\n\t\t<div class=\"texto\">\n\t\t\t<h3 class=\"news\">Inscreva-se em nossa newsletter\ud83e\udd89<\/h3>\n\t\t\t<p>Receba dicas de estudo gratuitas e saiba em primeira m\u00e3o as novidades sobre o Enem, Sisu, Encceja, Fuvest e outros vestibulares!<\/p>\n\t\t<\/div>\n\t\t<div class=\"campos\">\n\t\t\t<div class=\"first_name labels\">\n\t\t\t\t<input type=\"text\" class=\"input_labels\" id=\"first_name\" name=\"Nome_Completo\" placeholder=\"Nome\" required \/>\n\t\t\t<\/div>\n\t\t\t<div class=\"email labels\">\n\t\t\t\t<input type=\"email\" class=\"input_labels\" id=\"email\" name=\"Email\" placeholder=\"E-mail\" required \/>\n\t\t\t<\/div>\n\t\t\t<button type=\"submit\" class=\"button_layout\">\n\t\t\t\t<div id=\"lblBotao\">Inscreva-se<\/div>\n\t\t\t\t<span id=\"divSpiner\" class=\"loader\" role=\"status\" style=\"display: none;\"><\/span>\t\n\t\t\t<\/button>\n\t\t<\/div><!-- \/campos -->\n\t\t\n\t\t<label class=\"container_checkbox\">Voc\u00ea concorda com a nossa\n\t\t\t<a class=\"politics_privacy_ahref\" target=\"_blank\" href=\"https:\/\/gratis.estrategiaconcursos.com.br\/politica-de-privacidade\/\">Pol\u00edtica de Privacidade<\/a> e aceita receber informa\u00e7\u00f5es adicionais do Estrat\u00e9gia Educacional.\n\t\t\t<input id=\"checkbox_layout\" type=\"checkbox\" checked=\"checked\" required \/>\n\t\t\t<span class=\"checkbox\"><\/span>\n\t\t<\/label>\n\t\t<div id=\"msg\"><\/div>\n\t\t<div id=\"error\" class=\"error\">\n\t\t<\/div>\n\t<\/form>\n<\/div><!-- \/new-form -->\n\n\n\n<\/p><div id=\"ez-toc-container\" class=\"ez-toc-v2_0_76 counter-hierarchy ez-toc-counter ez-toc-transparent ez-toc-container-direction\">\n<div class=\"ez-toc-title-container\"><p class=\"ez-toc-title\" style=\"cursor:inherit\">Navegue pelo conte\u00fado<\/p>\n<\/div><nav><ul class='ez-toc-list ez-toc-list-level-1 ' ><li class='ez-toc-page-1 ez-toc-heading-level-2'><a class=\"ez-toc-link ez-toc-heading-1\" href=\"https:\/\/vestibulares.estrategia.com\/portal\/profissoes\/graduacoes\/19-famosos-que-estudaram-na-usp\/#Chico-Buarque\" >Chico Buarque<\/a><\/li><li class='ez-toc-page-1 ez-toc-heading-level-2'><a class=\"ez-toc-link ez-toc-heading-2\" href=\"https:\/\/vestibulares.estrategia.com\/portal\/profissoes\/graduacoes\/19-famosos-que-estudaram-na-usp\/#Lygia-Fagundes-Telles\" >Lygia Fagundes Telles<\/a><\/li><li class='ez-toc-page-1 ez-toc-heading-level-2'><a class=\"ez-toc-link ez-toc-heading-3\" href=\"https:\/\/vestibulares.estrategia.com\/portal\/profissoes\/graduacoes\/19-famosos-que-estudaram-na-usp\/#Monteiro-Lobato\" >Monteiro Lobato<\/a><\/li><li class='ez-toc-page-1 ez-toc-heading-level-2'><a class=\"ez-toc-link ez-toc-heading-4\" href=\"https:\/\/vestibulares.estrategia.com\/portal\/profissoes\/graduacoes\/19-famosos-que-estudaram-na-usp\/#Jose-de-Alencar\" >Jos&eacute; de Alencar<\/a><\/li><li class='ez-toc-page-1 ez-toc-heading-level-2'><a class=\"ez-toc-link ez-toc-heading-5\" href=\"https:\/\/vestibulares.estrategia.com\/portal\/profissoes\/graduacoes\/19-famosos-que-estudaram-na-usp\/#William-Bonner\" >William Bonner<\/a><\/li><li class='ez-toc-page-1 ez-toc-heading-level-2'><a class=\"ez-toc-link ez-toc-heading-6\" href=\"https:\/\/vestibulares.estrategia.com\/portal\/profissoes\/graduacoes\/19-famosos-que-estudaram-na-usp\/#Luciano-Huck\" >Luciano Huck<\/a><\/li><li class='ez-toc-page-1 ez-toc-heading-level-2'><a class=\"ez-toc-link ez-toc-heading-7\" href=\"https:\/\/vestibulares.estrategia.com\/portal\/profissoes\/graduacoes\/19-famosos-que-estudaram-na-usp\/#Marcos-Mion\" >Marcos Mion<\/a><\/li><li class='ez-toc-page-1 ez-toc-heading-level-2'><a class=\"ez-toc-link ez-toc-heading-8\" href=\"https:\/\/vestibulares.estrategia.com\/portal\/profissoes\/graduacoes\/19-famosos-que-estudaram-na-usp\/#Marcelo-Tas\" >Marcelo Tas<\/a><\/li><li class='ez-toc-page-1 ez-toc-heading-level-2'><a class=\"ez-toc-link ez-toc-heading-9\" href=\"https:\/\/vestibulares.estrategia.com\/portal\/profissoes\/graduacoes\/19-famosos-que-estudaram-na-usp\/#Tony-Ramos\" >Tony Ramos<\/a><\/li><li class='ez-toc-page-1 ez-toc-heading-level-2'><a class=\"ez-toc-link ez-toc-heading-10\" href=\"https:\/\/vestibulares.estrategia.com\/portal\/profissoes\/graduacoes\/19-famosos-que-estudaram-na-usp\/#Socrates\" >S&oacute;crates<\/a><\/li><li class='ez-toc-page-1 ez-toc-heading-level-2'><a class=\"ez-toc-link ez-toc-heading-11\" href=\"https:\/\/vestibulares.estrategia.com\/portal\/profissoes\/graduacoes\/19-famosos-que-estudaram-na-usp\/#Marisa-Orth\" >Marisa Orth<\/a><\/li><li class='ez-toc-page-1 ez-toc-heading-level-2'><a class=\"ez-toc-link ez-toc-heading-12\" href=\"https:\/\/vestibulares.estrategia.com\/portal\/profissoes\/graduacoes\/19-famosos-que-estudaram-na-usp\/#Rodrigo-Faro\" >Rodrigo Faro<\/a><\/li><li class='ez-toc-page-1 ez-toc-heading-level-2'><a class=\"ez-toc-link ez-toc-heading-13\" href=\"https:\/\/vestibulares.estrategia.com\/portal\/profissoes\/graduacoes\/19-famosos-que-estudaram-na-usp\/#Jose-Serra\" >Jos&eacute; Serra<\/a><\/li><li class='ez-toc-page-1 ez-toc-heading-level-2'><a class=\"ez-toc-link ez-toc-heading-14\" href=\"https:\/\/vestibulares.estrategia.com\/portal\/profissoes\/graduacoes\/19-famosos-que-estudaram-na-usp\/#Fernando-Henrique-Cardoso\" >Fernando Henrique Cardoso<\/a><\/li><li class='ez-toc-page-1 ez-toc-heading-level-2'><a class=\"ez-toc-link ez-toc-heading-15\" href=\"https:\/\/vestibulares.estrategia.com\/portal\/profissoes\/graduacoes\/19-famosos-que-estudaram-na-usp\/#Fernando-Meirelles\" >Fernando Meirelles<\/a><\/li><li class='ez-toc-page-1 ez-toc-heading-level-2'><a class=\"ez-toc-link ez-toc-heading-16\" href=\"https:\/\/vestibulares.estrategia.com\/portal\/profissoes\/graduacoes\/19-famosos-que-estudaram-na-usp\/#Mauro-Beting\" >Mauro Beting<\/a><\/li><li class='ez-toc-page-1 ez-toc-heading-level-2'><a class=\"ez-toc-link ez-toc-heading-17\" href=\"https:\/\/vestibulares.estrategia.com\/portal\/profissoes\/graduacoes\/19-famosos-que-estudaram-na-usp\/#Aracy-Balabanian\" >Aracy Balabanian<\/a><\/li><li class='ez-toc-page-1 ez-toc-heading-level-2'><a class=\"ez-toc-link ez-toc-heading-18\" href=\"https:\/\/vestibulares.estrategia.com\/portal\/profissoes\/graduacoes\/19-famosos-que-estudaram-na-usp\/#Lilia-Cabral\" >Lilia Cabral<\/a><\/li><li class='ez-toc-page-1 ez-toc-heading-level-2'><a class=\"ez-toc-link ez-toc-heading-19\" href=\"https:\/\/vestibulares.estrategia.com\/portal\/profissoes\/graduacoes\/19-famosos-que-estudaram-na-usp\/#Vera-Holtz\" >Vera Holtz<\/a><\/li><li class='ez-toc-page-1 ez-toc-heading-level-2'><a class=\"ez-toc-link ez-toc-heading-20\" href=\"https:\/\/vestibulares.estrategia.com\/portal\/profissoes\/graduacoes\/19-famosos-que-estudaram-na-usp\/#Quer-ser-aprovado-na-Fuvest\" >Quer ser aprovado na Fuvest?&nbsp;<\/a><\/li><\/ul><\/nav><\/div>\n<h2 class=\"wp-block-heading\" id=\"h-chico-buarque\"><span class=\"ez-toc-section\" id=\"Chico-Buarque\"><\/span>Chico Buarque<span class=\"ez-toc-section-end\"><\/span><\/h2><p>Al&eacute;m de cantor, compositor e escritor, Chico Buarque tentou tamb&eacute;m ser arquiteto. Ele ingressou no curso de Arquitetura e Urbanismo na USP, onde estudou entre 1963 e 1965, mas interrompeu a gradua&ccedil;&atilde;o a fim de seguir sua carreira no mundo da m&uacute;sica.<\/p><h2 class=\"wp-block-heading\" id=\"h-lygia-fagundes-telles\"><span class=\"ez-toc-section\" id=\"Lygia-Fagundes-Telles\"><\/span>Lygia Fagundes Telles<span class=\"ez-toc-section-end\"><\/span><\/h2><p>A escritora modernista, vencedora de pr&ecirc;mios como Jabuti, Cam&otilde;es e Guimar&atilde;es Rosa, estudou, n&atilde;o apenas uma, mas duas gradua&ccedil;&otilde;es na USP. Em 1939, ingressou na Escola Superior de Educa&ccedil;&atilde;o Physica, atual Escola de Educa&ccedil;&atilde;o F&iacute;sica e Esporte, ao mesmo tempo que cursava o pr&eacute;-jur&iacute;dico.<\/p><p>Mais tarde, formou-se em Direito pela Faculdade de Direito do Largo S&atilde;o Francisco. Hoje, a obra &ldquo;As Meninas&rdquo;, de Lygia Fagundes Telles, &eacute; <a href=\"https:\/\/vestibulares.estrategia.com\/portal\/noticias\/fuvest-obras-leitura-obrigatoria-2026-2027-2028-2029\/\">leitura obrigat&oacute;ria para a Fuvest 2026<\/a>, vestibular da USP.<\/p><h2 class=\"wp-block-heading\" id=\"h-monteiro-lobato\"><span class=\"ez-toc-section\" id=\"Monteiro-Lobato\"><\/span>Monteiro Lobato<span class=\"ez-toc-section-end\"><\/span><\/h2><p>O criador do S&iacute;tio do Picapau Amarelo iniciou, em 1900, a gradua&ccedil;&atilde;o em Direito na USP, por press&atilde;o de seu av&ocirc;. Apesar disso, durante seu tempo em S&atilde;o Paulo fez uma bela amizade com o, tamb&eacute;m escritor, Godofredo Rangel, com quem trocou cartas por 40 anos. Essas correspond&ecirc;ncias deram origem ao livro &ldquo;A Barca de Gleyre&rdquo;.<\/p><h2 class=\"wp-block-heading\" id=\"h-jose-de-alencar\"><span class=\"ez-toc-section\" id=\"Jose-de-Alencar\"><\/span>Jos&eacute; de Alencar<span class=\"ez-toc-section-end\"><\/span><\/h2><p>O romancista cearense formou-se em Direito pela Faculdade de Direito do Largo S&atilde;o Francisco. Algumas de suas obras mais famosas s&atilde;o &ldquo;Iracema&rdquo;, &ldquo;O Guarani&rdquo;, &ldquo;Ubirajara&rdquo; e &ldquo;Senhora&rdquo;.<\/p><h2 class=\"wp-block-heading\" id=\"h-william-bonner\"><span class=\"ez-toc-section\" id=\"William-Bonner\"><\/span>William Bonner<span class=\"ez-toc-section-end\"><\/span><\/h2><p>William Bonner, apresentador e editor-chefe do Jornal Nacional, formou-se em Comunica&ccedil;&atilde;o Social com &ecirc;nfase em Publicidade e Propaganda na Escola de Comunica&ccedil;&otilde;es e Artes (ECA). Ser&aacute; que foi l&aacute; que ele aprendeu a tornar o seu &ldquo;boa noite&rdquo; mais especial?<\/p><h2 class=\"wp-block-heading\" id=\"h-luciano-huck\"><span class=\"ez-toc-section\" id=\"Luciano-Huck\"><\/span>Luciano Huck<span class=\"ez-toc-section-end\"><\/span><\/h2><p>Luciano Huck, atual apresentador do Doming&atilde;o, ficou amplamente conhecido por seu programa Caldeir&atilde;o do Huck, hoje comandado por Marcos Mion. Luciano &eacute; formado em Direito pela Faculdade de Direito do Largo S&atilde;o Francisco.<\/p><h2 class=\"wp-block-heading\" id=\"h-marcos-mion\"><span class=\"ez-toc-section\" id=\"Marcos-Mion\"><\/span>Marcos Mion<span class=\"ez-toc-section-end\"><\/span><\/h2><p>Falando em Mion, ele tamb&eacute;m estudou na USP por um breve per&iacute;odo. O apresentador iniciou a gradua&ccedil;&atilde;o de Filosofia, mas n&atilde;o concluiu o curso.<\/p><h2 class=\"wp-block-heading\" id=\"h-marcelo-tas\"><span class=\"ez-toc-section\" id=\"Marcelo-Tas\"><\/span>Marcelo Tas<span class=\"ez-toc-section-end\"><\/span><\/h2><p>Marcelo Trist&atilde;o de Souza, conhecido como Marcelo Tas, fez sucesso como apresentador de TV, onde participou do Custe o Que Custar, famoso CQC e, atualmente, comanda o Provoca&ccedil;&otilde;es, antes apresentado por Ant&ocirc;nio Abujamra.<\/p><p>Tas iniciou o curso de R&aacute;dio e Televis&atilde;o, atual curso de Audiovisual, na Escola de Comunica&ccedil;&otilde;es e Artes (ECA) e, apesar de atuar na &aacute;rea, acabou n&atilde;o concluindo a gradua&ccedil;&atilde;o. No entanto, graduou-se em 1983, em Engenharia Civil, pela Escola Polit&eacute;cnica.<\/p><h2 class=\"wp-block-heading\" id=\"h-tony-ramos\"><span class=\"ez-toc-section\" id=\"Tony-Ramos\"><\/span>Tony Ramos<span class=\"ez-toc-section-end\"><\/span><\/h2><p>Tony Ramos, um dos atores mais influentes do Brasil, tamb&eacute;m foi aluno da Universidade de S&atilde;o Paulo, mas n&atilde;o cursou na Escola de Arte Dram&aacute;tica (EAD), como voc&ecirc; deve estar pensando. Ele se formou em Filosofia pela Faculdade de Filosofia, Letras e Ci&ecirc;ncias Humanas (FFLCH) da USP.&nbsp;<\/p><h2 class=\"wp-block-heading\" id=\"h-socrates\"><span class=\"ez-toc-section\" id=\"Socrates\"><\/span>S&oacute;crates<span class=\"ez-toc-section-end\"><\/span><\/h2><p>O jogador de futebol S&oacute;crates Brasileiro Sampaio de Souza Vieira de Oliveira, mais conhecido como Dr. S&oacute;crates, tamb&eacute;m j&aacute; foi um uspiano. Enquanto treinava para se tornar um craque da bola, formou-se na Faculdade de Medicina de Ribeir&atilde;o Preto (FMRP), cidade onde iniciou sua carreira no futebol, jogando pelo Botafogo.<\/p><h2 class=\"wp-block-heading\" id=\"h-marisa-orth\"><span class=\"ez-toc-section\" id=\"Marisa-Orth\"><\/span>Marisa Orth<span class=\"ez-toc-section-end\"><\/span><\/h2><p>A atriz, comediante, cantora e apresentadora Marisa Orth fez parte da turma de 1983 da Escola de Artes Dram&aacute;ticas (EAD) da USP. Sete anos depois, em 1990, ela estrelou seu primeiro papel na TV como Nicinha, na novela &ldquo;Rainha da Sucata&rdquo;. Sua atua&ccedil;&atilde;o rendeu o pr&ecirc;mio APCA (Associa&ccedil;&atilde;o Paulista de Cr&iacute;ticos de Arte) de Melhor Revela&ccedil;&atilde;o Feminina.<\/p><h2 class=\"wp-block-heading\" id=\"h-rodrigo-faro\"><span class=\"ez-toc-section\" id=\"Rodrigo-Faro\"><\/span>Rodrigo Faro<span class=\"ez-toc-section-end\"><\/span><\/h2><p>Rodrigo Faro tamb&eacute;m foi aluno de R&aacute;dio e TV na Escola de Comunica&ccedil;&otilde;es e Artes (ECA), mas ao contr&aacute;rio de Marcelo Tas, o apresentador da Hora do Faro concluiu sua gradua&ccedil;&atilde;o e formou-se em 1994.<\/p><h2 class=\"wp-block-heading\" id=\"h-jose-serra\"><span class=\"ez-toc-section\" id=\"Jose-Serra\"><\/span>Jos&eacute; Serra<span class=\"ez-toc-section-end\"><\/span><\/h2><p>O ex-governador do Estado de S&atilde;o Paulo ingressou, em 1960, no curso de Engenharia Civil na Escola Polit&eacute;cnica (Poli) da USP. Nessa mesma &eacute;poca, iniciou sua rela&ccedil;&atilde;o com a pol&iacute;tica, quando ajudou a fundar o A&ccedil;&atilde;o Popular (AP) e tornou-se presidente da Uni&atilde;o Nacional dos Estudantes (UNE).<\/p><h2 class=\"wp-block-heading\" id=\"h-fernando-henrique-cardoso\"><span class=\"ez-toc-section\" id=\"Fernando-Henrique-Cardoso\"><\/span>Fernando Henrique Cardoso<span class=\"ez-toc-section-end\"><\/span><\/h2><p>Em 1949, o ex-presidente do Brasil ingressou em Sociologia na antiga Faculdade de Filosofia, Ci&ecirc;ncias e Letras da USP, atual FFLCH. Formou-se em 1952 e, anos mais tarde, tornou-se professor em&eacute;rito da universidade.<\/p><h2 class=\"wp-block-heading\" id=\"h-fernando-meirelles\"><span class=\"ez-toc-section\" id=\"Fernando-Meirelles\"><\/span>Fernando Meirelles<span class=\"ez-toc-section-end\"><\/span><\/h2><p>Fernando Meirelles, diretor de filmes como Cidade de Deus (2002), Ensaio sobre a Cegueira (2008) e Dois Papas (2019), al&eacute;m de ser indicado ao Oscar como Melhor Diretor, formou-se em Arquitetura e Urbanismo pela FAU da USP.<\/p><h2 class=\"wp-block-heading\" id=\"h-mauro-beting\"><span class=\"ez-toc-section\" id=\"Mauro-Beting\"><\/span>Mauro Beting<span class=\"ez-toc-section-end\"><\/span><\/h2><p>O jornalista esportivo brasileiro graduou-se em Direito, pela Faculdade de Direito (FD) da USP, mas resolveu seguir os passos de seus pais e seguir carreira no Jornalismo.<\/p><h2 class=\"wp-block-heading\" id=\"h-aracy-balabanian\"><span class=\"ez-toc-section\" id=\"Aracy-Balabanian\"><\/span>Aracy Balabanian<span class=\"ez-toc-section-end\"><\/span><\/h2><p>Em 1962, a atriz brasileira prestou o vestibular para Ci&ecirc;ncias Sociais e para a Escola de Arte Dram&aacute;tica (EAD). Passou em ambos os processos seletivos e, com o tempo, abandonou Sociologia no 3&deg; ano para dedicar-se ao teatro. Ingressou na EAD contra a vontade de seu pai, que, na &eacute;poca, n&atilde;o apoiava a sua escolha em ser atriz.<\/p><h2 class=\"wp-block-heading\" id=\"h-lilia-cabral\"><span class=\"ez-toc-section\" id=\"Lilia-Cabral\"><\/span>Lilia Cabral<span class=\"ez-toc-section-end\"><\/span><\/h2><p>Lilia Cabral, indicada duas vezes ao Emmy Internacional de melhor atriz e vencedora de diversos pr&ecirc;mios, &eacute; formada pela EAD, na qual fez parte da turma de 1978.<\/p><h2 class=\"wp-block-heading\" id=\"h-vera-holtz\"><span class=\"ez-toc-section\" id=\"Vera-Holtz\"><\/span>Vera Holtz<span class=\"ez-toc-section-end\"><\/span><\/h2><p>A atriz Vera Holtz tamb&eacute;m estudou na Escola de Arte Dram&aacute;tica, fazendo parte da turma de 1974. Antes de mudar-se para a capital, ela era professora de matem&aacute;tica na cidade de Piracicaba, interior de S&atilde;o Paulo.<\/p><h2 class=\"wp-block-heading\" id=\"h-quer-ser-aprovado-na-fuvest-nbsp\"><span class=\"ez-toc-section\" id=\"Quer-ser-aprovado-na-Fuvest\"><\/span>Quer ser aprovado na Fuvest?&nbsp;<span class=\"ez-toc-section-end\"><\/span><\/h2><p>Se voc&ecirc;, assim como Chico Buarque, Lilia Cabral e S&oacute;crates, deseja ser um uspiano, conte com a ajuda do Estrat&eacute;gia Vestibulares!&nbsp;<\/p><p>Al&eacute;m de oferecer diariamente aulas gratuitas no <a href=\"https:\/\/www.youtube.com\/channel\/UCGWdZy8ULI-7_5GrABa4vNA\" target=\"_blank\" rel=\"noopener noreferrer\">YouTube<\/a> sobre todas as mat&eacute;rias que caem no vestibular da Fuvest, para aqueles que querem investir nos estudos, a plataforma tamb&eacute;m oferece um curso preparat&oacute;rio exclusivo sobre a sele&ccedil;&atilde;o da Fuvest 2024, com professores especialistas na prova e com diversos benef&iacute;cios. D&aacute; s&oacute; uma olhada:&nbsp;<\/p><ul class=\"wp-block-list\">\n<li>Curso com livros digitais;<\/li>\n\n\n\n<li>Corre&ccedil;&atilde;o ilimitada de <a href=\"https:\/\/vestibulares.estrategia.com\/portal\/redacao\/enem-redacao\/\">reda&ccedil;&otilde;es<\/a>;<\/li>\n\n\n\n<li>F&oacute;rum de d&uacute;vidas;<\/li>\n\n\n\n<li><a href=\"https:\/\/vestibulares.estrategia.com\/portal\/simulado\/simulado-enem\/\">Simulados<\/a> com quest&otilde;es in&eacute;ditas;<\/li>\n\n\n\n<li>Quest&otilde;es comentadas;<\/li>\n\n\n\n<li>Mapas mentais; e<\/li>\n\n\n\n<li>Entre muitas outras vantagens.<\/li>\n<\/ul><p>Ficou interessado? Ent&atilde;o, clique no banner e veja tudo sobre os cursos oferecidos pelo Estrat&eacute;gia Vestibulares!<\/p><p>\n\n\n\n\n\n<a id=\"cta\" class=\"cta-imagem\" href=\"https:\/\/vestibulares.estrategia.com\/curso\/pacote-para-fuvest\/\" target=\"blank\">\n                <img decoding=\"async\" width=\"100%\" src=\"https:\/\/vestibulares.estrategia.com\/portal\/wp-content\/uploads\/2021\/12\/Fuvest.jpg\" alt=\"CTA Curso Fuvest\" title=\"CTA Curso Fuvest\">\n        <\/a>\n<\/p><\/p>\n","protected":false},"excerpt":{"rendered":"O Portal Estrat\u00e9gia Vestibulares listou 19 personalidades, entre elas cantores, escritores, atores e pol\u00edticos que s\u00e3o uspianos; confira\n","protected":false},"author":51,"featured_media":107012,"comment_status":"closed","ping_status":"closed","sticky":false,"template":"","format":"standard","meta":{"wl_entities_gutenberg":"","footnotes":""},"categories":[820],"tags":[],"wl_entity_type":[732],"class_list":{"0":"post-107011","1":"post","2":"type-post","3":"status-publish","4":"format-standard","5":"has-post-thumbnail","7":"category-graduacoes","8":"wl_entity_type-article"},"acf":[],"yoast_head":"<!-- This site is optimized with the Yoast SEO Premium plugin v25.9 (Yoast SEO v25.9) - https:\/\/yoast.com\/wordpress\/plugins\/seo\/ -->\n<title>19 famosos que estudaram na USP<\/title>\n<meta name=\"description\" content=\"Voc\u00ea sabia que Chico Buarque \u00e9 um uspiano? Confira 19 famosos que j\u00e1 estudaram na USP e voc\u00ea talvez nem fa\u00e7a ideia.\" \/>\n<meta name=\"robots\" content=\"index, follow, max-snippet:-1, max-image-preview:large, max-video-preview:-1\" \/>\n<link rel=\"canonical\" href=\"https:\/\/vestibulares.estrategia.com\/portal\/profissoes\/graduacoes\/19-famosos-que-estudaram-na-usp\/\" \/>\n<meta property=\"og:locale\" content=\"pt_BR\" \/>\n<meta property=\"og:type\" content=\"article\" \/>\n<meta property=\"og:title\" content=\"19 famosos que estudaram na USP\" \/>\n<meta property=\"og:description\" content=\"Voc\u00ea sabia que Chico Buarque \u00e9 um uspiano? Confira 19 famosos que j\u00e1 estudaram na USP e voc\u00ea talvez nem fa\u00e7a ideia.\" \/>\n<meta property=\"og:url\" content=\"https:\/\/vestibulares.estrategia.com\/portal\/profissoes\/graduacoes\/19-famosos-que-estudaram-na-usp\/\" \/>\n<meta property=\"og:site_name\" content=\"Estrat\u00e9gia Vestibulares\" \/>\n<meta property=\"article:publisher\" content=\"https:\/\/facebook.com\/estrategiavestibulares\" \/>\n<meta property=\"article:published_time\" content=\"2023-11-23T20:38:47+00:00\" \/>\n<meta property=\"article:modified_time\" content=\"2024-04-11T17:58:34+00:00\" \/>\n<meta property=\"og:image\" content=\"https:\/\/vestibulares.estrategia.com\/portal\/wp-content\/uploads\/2023\/11\/famosos-usp.jpg\" \/>\n\t<meta property=\"og:image:width\" content=\"800\" \/>\n\t<meta property=\"og:image:height\" content=\"600\" \/>\n\t<meta property=\"og:image:type\" content=\"image\/jpeg\" \/>\n<meta name=\"author\" content=\"Larrani Ferreira\" \/>\n<meta name=\"twitter:card\" content=\"summary_large_image\" \/>\n<meta name=\"twitter:creator\" content=\"@Estrategiavest\" \/>\n<meta name=\"twitter:site\" content=\"@Estrategiavest\" \/>\n<meta name=\"twitter:label1\" content=\"Escrito por\" \/>\n\t<meta name=\"twitter:data1\" content=\"Larrani Ferreira\" \/>\n\t<meta name=\"twitter:label2\" content=\"Est. tempo de leitura\" \/>\n\t<meta name=\"twitter:data2\" content=\"6 minutos\" \/>\n<script type=\"application\/ld+json\" class=\"yoast-schema-graph\">{\"@context\":\"https:\/\/schema.org\",\"@graph\":[{\"@type\":\"Article\",\"@id\":\"https:\/\/vestibulares.estrategia.com\/portal\/profissoes\/graduacoes\/19-famosos-que-estudaram-na-usp\/#article\",\"isPartOf\":{\"@id\":\"https:\/\/vestibulares.estrategia.com\/portal\/profissoes\/graduacoes\/19-famosos-que-estudaram-na-usp\/\"},\"author\":{\"name\":\"Larrani Ferreira\",\"@id\":\"https:\/\/vestibulares.estrategia.com\/portal\/#\/schema\/person\/98d0c0e22d6d89b480aa1929f0e64ec5\"},\"headline\":\"19 famosos que estudaram na USP\",\"datePublished\":\"2023-11-23T20:38:47+00:00\",\"dateModified\":\"2024-04-11T17:58:34+00:00\",\"mainEntityOfPage\":{\"@id\":\"https:\/\/vestibulares.estrategia.com\/portal\/profissoes\/graduacoes\/19-famosos-que-estudaram-na-usp\/\"},\"wordCount\":1214,\"publisher\":{\"@id\":\"https:\/\/vestibulares.estrategia.com\/portal\/#organization\"},\"image\":{\"@id\":\"https:\/\/vestibulares.estrategia.com\/portal\/profissoes\/graduacoes\/19-famosos-que-estudaram-na-usp\/#primaryimage\"},\"thumbnailUrl\":\"https:\/\/vestibulares.estrategia.com\/portal\/wp-content\/uploads\/2023\/11\/famosos-usp.jpg\",\"articleSection\":[\"Gradua\u00e7\u00f5es\"],\"inLanguage\":\"pt-BR\"},{\"@type\":\"WebPage\",\"@id\":\"https:\/\/vestibulares.estrategia.com\/portal\/profissoes\/graduacoes\/19-famosos-que-estudaram-na-usp\/\",\"url\":\"https:\/\/vestibulares.estrategia.com\/portal\/profissoes\/graduacoes\/19-famosos-que-estudaram-na-usp\/\",\"name\":\"19 famosos que estudaram na USP\",\"isPartOf\":{\"@id\":\"https:\/\/vestibulares.estrategia.com\/portal\/#website\"},\"primaryImageOfPage\":{\"@id\":\"https:\/\/vestibulares.estrategia.com\/portal\/profissoes\/graduacoes\/19-famosos-que-estudaram-na-usp\/#primaryimage\"},\"image\":{\"@id\":\"https:\/\/vestibulares.estrategia.com\/portal\/profissoes\/graduacoes\/19-famosos-que-estudaram-na-usp\/#primaryimage\"},\"thumbnailUrl\":\"https:\/\/vestibulares.estrategia.com\/portal\/wp-content\/uploads\/2023\/11\/famosos-usp.jpg\",\"datePublished\":\"2023-11-23T20:38:47+00:00\",\"dateModified\":\"2024-04-11T17:58:34+00:00\",\"description\":\"Voc\u00ea sabia que Chico Buarque \u00e9 um uspiano? Confira 19 famosos que j\u00e1 estudaram na USP e voc\u00ea talvez nem fa\u00e7a ideia.\",\"breadcrumb\":{\"@id\":\"https:\/\/vestibulares.estrategia.com\/portal\/profissoes\/graduacoes\/19-famosos-que-estudaram-na-usp\/#breadcrumb\"},\"inLanguage\":\"pt-BR\",\"potentialAction\":[{\"@type\":\"ReadAction\",\"target\":[\"https:\/\/vestibulares.estrategia.com\/portal\/profissoes\/graduacoes\/19-famosos-que-estudaram-na-usp\/\"]}]},{\"@type\":\"ImageObject\",\"inLanguage\":\"pt-BR\",\"@id\":\"https:\/\/vestibulares.estrategia.com\/portal\/profissoes\/graduacoes\/19-famosos-que-estudaram-na-usp\/#primaryimage\",\"url\":\"https:\/\/vestibulares.estrategia.com\/portal\/wp-content\/uploads\/2023\/11\/famosos-usp.jpg\",\"contentUrl\":\"https:\/\/vestibulares.estrategia.com\/portal\/wp-content\/uploads\/2023\/11\/famosos-usp.jpg\",\"width\":800,\"height\":600,\"caption\":\"Foto: Instagram\/@realwbonner\"},{\"@type\":\"BreadcrumbList\",\"@id\":\"https:\/\/vestibulares.estrategia.com\/portal\/profissoes\/graduacoes\/19-famosos-que-estudaram-na-usp\/#breadcrumb\",\"itemListElement\":[{\"@type\":\"ListItem\",\"position\":1,\"name\":\"Home\",\"item\":\"https:\/\/vestibulares.estrategia.com\/portal\/\"},{\"@type\":\"ListItem\",\"position\":2,\"name\":\"Profiss\u00f5es\",\"item\":\"https:\/\/vestibulares.estrategia.com\/portal\/profissoes\/\"},{\"@type\":\"ListItem\",\"position\":3,\"name\":\"Gradua\u00e7\u00f5es\",\"item\":\"https:\/\/vestibulares.estrategia.com\/portal\/profissoes\/graduacoes\/\"},{\"@type\":\"ListItem\",\"position\":4,\"name\":\"19 famosos que estudaram na USP\"}]},{\"@type\":\"WebSite\",\"@id\":\"https:\/\/vestibulares.estrategia.com\/portal\/#website\",\"url\":\"https:\/\/vestibulares.estrategia.com\/portal\/\",\"name\":\"Estrat\u00e9gia Vestibulares\",\"description\":\"\",\"publisher\":{\"@id\":\"https:\/\/vestibulares.estrategia.com\/portal\/#organization\"},\"potentialAction\":[{\"@type\":\"SearchAction\",\"target\":{\"@type\":\"EntryPoint\",\"urlTemplate\":\"https:\/\/vestibulares.estrategia.com\/portal\/?s={search_term_string}\"},\"query-input\":{\"@type\":\"PropertyValueSpecification\",\"valueRequired\":true,\"valueName\":\"search_term_string\"}}],\"inLanguage\":\"pt-BR\"},{\"@type\":\"Organization\",\"@id\":\"https:\/\/vestibulares.estrategia.com\/portal\/#organization\",\"name\":\"Estrat\u00e9gia Vestibulares\",\"url\":\"https:\/\/vestibulares.estrategia.com\/portal\/\",\"logo\":{\"@type\":\"ImageObject\",\"inLanguage\":\"pt-BR\",\"@id\":\"https:\/\/vestibulares.estrategia.com\/portal\/#\/schema\/logo\/image\/\",\"url\":\"https:\/\/vestibulares.estrategia.com\/portal\/wp-content\/uploads\/2021\/06\/Logo-Vestibulares@4x.png\",\"contentUrl\":\"https:\/\/vestibulares.estrategia.com\/portal\/wp-content\/uploads\/2021\/06\/Logo-Vestibulares@4x.png\",\"width\":250,\"height\":66,\"caption\":\"Estrat\u00e9gia Vestibulares\"},\"image\":{\"@id\":\"https:\/\/vestibulares.estrategia.com\/portal\/#\/schema\/logo\/image\/\"},\"sameAs\":[\"https:\/\/facebook.com\/estrategiavestibulares\",\"https:\/\/x.com\/Estrategiavest\",\"https:\/\/www.instagram.com\/estrategiavestibulares\",\"https:\/\/www.youtube.com\/channel\/UCGWdZy8ULI-7_5GrABa4vNA\"]},{\"@type\":\"Person\",\"@id\":\"https:\/\/vestibulares.estrategia.com\/portal\/#\/schema\/person\/98d0c0e22d6d89b480aa1929f0e64ec5\",\"name\":\"Larrani Ferreira\",\"image\":{\"@type\":\"ImageObject\",\"inLanguage\":\"pt-BR\",\"@id\":\"https:\/\/vestibulares.estrategia.com\/portal\/#\/schema\/person\/image\/\",\"url\":\"https:\/\/vestibulares.estrategia.com\/portal\/wp-content\/uploads\/2026\/02\/WhatsApp-Image-2026-02-05-at-14.26.13-150x150.jpeg\",\"contentUrl\":\"https:\/\/vestibulares.estrategia.com\/portal\/wp-content\/uploads\/2026\/02\/WhatsApp-Image-2026-02-05-at-14.26.13-150x150.jpeg\",\"caption\":\"Larrani Ferreira\"},\"description\":\"Jornalista e Mestranda em Comunica\u00e7\u00e3o Intercultural nas Organiza\u00e7\u00f5es\",\"url\":\"https:\/\/vestibulares.estrategia.com\/portal\/author\/larranioliveira\/\"}]}<\/script>\n<!-- \/ Yoast SEO Premium plugin. -->","yoast_head_json":{"title":"19 famosos que estudaram na USP","description":"Voc\u00ea sabia que Chico Buarque \u00e9 um uspiano? Confira 19 famosos que j\u00e1 estudaram na USP e voc\u00ea talvez nem fa\u00e7a ideia.","robots":{"index":"index","follow":"follow","max-snippet":"max-snippet:-1","max-image-preview":"max-image-preview:large","max-video-preview":"max-video-preview:-1"},"canonical":"https:\/\/vestibulares.estrategia.com\/portal\/profissoes\/graduacoes\/19-famosos-que-estudaram-na-usp\/","og_locale":"pt_BR","og_type":"article","og_title":"19 famosos que estudaram na USP","og_description":"Voc\u00ea sabia que Chico Buarque \u00e9 um uspiano? Confira 19 famosos que j\u00e1 estudaram na USP e voc\u00ea talvez nem fa\u00e7a ideia.","og_url":"https:\/\/vestibulares.estrategia.com\/portal\/profissoes\/graduacoes\/19-famosos-que-estudaram-na-usp\/","og_site_name":"Estrat\u00e9gia Vestibulares","article_publisher":"https:\/\/facebook.com\/estrategiavestibulares","article_published_time":"2023-11-23T20:38:47+00:00","article_modified_time":"2024-04-11T17:58:34+00:00","og_image":[{"width":800,"height":600,"url":"https:\/\/vestibulares.estrategia.com\/portal\/wp-content\/uploads\/2023\/11\/famosos-usp.jpg","type":"image\/jpeg"}],"author":"Larrani Ferreira","twitter_card":"summary_large_image","twitter_creator":"@Estrategiavest","twitter_site":"@Estrategiavest","twitter_misc":{"Escrito por":"Larrani Ferreira","Est. tempo de leitura":"6 minutos"},"schema":{"@context":"https:\/\/schema.org","@graph":[{"@type":"Article","@id":"https:\/\/vestibulares.estrategia.com\/portal\/profissoes\/graduacoes\/19-famosos-que-estudaram-na-usp\/#article","isPartOf":{"@id":"https:\/\/vestibulares.estrategia.com\/portal\/profissoes\/graduacoes\/19-famosos-que-estudaram-na-usp\/"},"author":{"name":"Larrani Ferreira","@id":"https:\/\/vestibulares.estrategia.com\/portal\/#\/schema\/person\/98d0c0e22d6d89b480aa1929f0e64ec5"},"headline":"19 famosos que estudaram na USP","datePublished":"2023-11-23T20:38:47+00:00","dateModified":"2024-04-11T17:58:34+00:00","mainEntityOfPage":{"@id":"https:\/\/vestibulares.estrategia.com\/portal\/profissoes\/graduacoes\/19-famosos-que-estudaram-na-usp\/"},"wordCount":1214,"publisher":{"@id":"https:\/\/vestibulares.estrategia.com\/portal\/#organization"},"image":{"@id":"https:\/\/vestibulares.estrategia.com\/portal\/profissoes\/graduacoes\/19-famosos-que-estudaram-na-usp\/#primaryimage"},"thumbnailUrl":"https:\/\/vestibulares.estrategia.com\/portal\/wp-content\/uploads\/2023\/11\/famosos-usp.jpg","articleSection":["Gradua\u00e7\u00f5es"],"inLanguage":"pt-BR"},{"@type":"WebPage","@id":"https:\/\/vestibulares.estrategia.com\/portal\/profissoes\/graduacoes\/19-famosos-que-estudaram-na-usp\/","url":"https:\/\/vestibulares.estrategia.com\/portal\/profissoes\/graduacoes\/19-famosos-que-estudaram-na-usp\/","name":"19 famosos que estudaram na USP","isPartOf":{"@id":"https:\/\/vestibulares.estrategia.com\/portal\/#website"},"primaryImageOfPage":{"@id":"https:\/\/vestibulares.estrategia.com\/portal\/profissoes\/graduacoes\/19-famosos-que-estudaram-na-usp\/#primaryimage"},"image":{"@id":"https:\/\/vestibulares.estrategia.com\/portal\/profissoes\/graduacoes\/19-famosos-que-estudaram-na-usp\/#primaryimage"},"thumbnailUrl":"https:\/\/vestibulares.estrategia.com\/portal\/wp-content\/uploads\/2023\/11\/famosos-usp.jpg","datePublished":"2023-11-23T20:38:47+00:00","dateModified":"2024-04-11T17:58:34+00:00","description":"Voc\u00ea sabia que Chico Buarque \u00e9 um uspiano? Confira 19 famosos que j\u00e1 estudaram na USP e voc\u00ea talvez nem fa\u00e7a ideia.","breadcrumb":{"@id":"https:\/\/vestibulares.estrategia.com\/portal\/profissoes\/graduacoes\/19-famosos-que-estudaram-na-usp\/#breadcrumb"},"inLanguage":"pt-BR","potentialAction":[{"@type":"ReadAction","target":["https:\/\/vestibulares.estrategia.com\/portal\/profissoes\/graduacoes\/19-famosos-que-estudaram-na-usp\/"]}]},{"@type":"ImageObject","inLanguage":"pt-BR","@id":"https:\/\/vestibulares.estrategia.com\/portal\/profissoes\/graduacoes\/19-famosos-que-estudaram-na-usp\/#primaryimage","url":"https:\/\/vestibulares.estrategia.com\/portal\/wp-content\/uploads\/2023\/11\/famosos-usp.jpg","contentUrl":"https:\/\/vestibulares.estrategia.com\/portal\/wp-content\/uploads\/2023\/11\/famosos-usp.jpg","width":800,"height":600,"caption":"Foto: Instagram\/@realwbonner"},{"@type":"BreadcrumbList","@id":"https:\/\/vestibulares.estrategia.com\/portal\/profissoes\/graduacoes\/19-famosos-que-estudaram-na-usp\/#breadcrumb","itemListElement":[{"@type":"ListItem","position":1,"name":"Home","item":"https:\/\/vestibulares.estrategia.com\/portal\/"},{"@type":"ListItem","position":2,"name":"Profiss\u00f5es","item":"https:\/\/vestibulares.estrategia.com\/portal\/profissoes\/"},{"@type":"ListItem","position":3,"name":"Gradua\u00e7\u00f5es","item":"https:\/\/vestibulares.estrategia.com\/portal\/profissoes\/graduacoes\/"},{"@type":"ListItem","position":4,"name":"19 famosos que estudaram na USP"}]},{"@type":"WebSite","@id":"https:\/\/vestibulares.estrategia.com\/portal\/#website","url":"https:\/\/vestibulares.estrategia.com\/portal\/","name":"Estrat\u00e9gia Vestibulares","description":"","publisher":{"@id":"https:\/\/vestibulares.estrategia.com\/portal\/#organization"},"potentialAction":[{"@type":"SearchAction","target":{"@type":"EntryPoint","urlTemplate":"https:\/\/vestibulares.estrategia.com\/portal\/?s={search_term_string}"},"query-input":{"@type":"PropertyValueSpecification","valueRequired":true,"valueName":"search_term_string"}}],"inLanguage":"pt-BR"},{"@type":"Organization","@id":"https:\/\/vestibulares.estrategia.com\/portal\/#organization","name":"Estrat\u00e9gia Vestibulares","url":"https:\/\/vestibulares.estrategia.com\/portal\/","logo":{"@type":"ImageObject","inLanguage":"pt-BR","@id":"https:\/\/vestibulares.estrategia.com\/portal\/#\/schema\/logo\/image\/","url":"https:\/\/vestibulares.estrategia.com\/portal\/wp-content\/uploads\/2021\/06\/Logo-Vestibulares@4x.png","contentUrl":"https:\/\/vestibulares.estrategia.com\/portal\/wp-content\/uploads\/2021\/06\/Logo-Vestibulares@4x.png","width":250,"height":66,"caption":"Estrat\u00e9gia Vestibulares"},"image":{"@id":"https:\/\/vestibulares.estrategia.com\/portal\/#\/schema\/logo\/image\/"},"sameAs":["https:\/\/facebook.com\/estrategiavestibulares","https:\/\/x.com\/Estrategiavest","https:\/\/www.instagram.com\/estrategiavestibulares","https:\/\/www.youtube.com\/channel\/UCGWdZy8ULI-7_5GrABa4vNA"]},{"@type":"Person","@id":"https:\/\/vestibulares.estrategia.com\/portal\/#\/schema\/person\/98d0c0e22d6d89b480aa1929f0e64ec5","name":"Larrani Ferreira","image":{"@type":"ImageObject","inLanguage":"pt-BR","@id":"https:\/\/vestibulares.estrategia.com\/portal\/#\/schema\/person\/image\/","url":"https:\/\/vestibulares.estrategia.com\/portal\/wp-content\/uploads\/2026\/02\/WhatsApp-Image-2026-02-05-at-14.26.13-150x150.jpeg","contentUrl":"https:\/\/vestibulares.estrategia.com\/portal\/wp-content\/uploads\/2026\/02\/WhatsApp-Image-2026-02-05-at-14.26.13-150x150.jpeg","caption":"Larrani Ferreira"},"description":"Jornalista e Mestranda em Comunica\u00e7\u00e3o Intercultural nas Organiza\u00e7\u00f5es","url":"https:\/\/vestibulares.estrategia.com\/portal\/author\/larranioliveira\/"}]}},"_wl_alt_label":[],"wl:entity_url":"https:\/\/data.wordlift.io\/wl110249\/post\/19-famosos-que-estudaram-na-usp","_links":{"self":[{"href":"https:\/\/vestibulares.estrategia.com\/portal\/wp-json\/wp\/v2\/posts\/107011","targetHints":{"allow":["GET"]}}],"collection":[{"href":"https:\/\/vestibulares.estrategia.com\/portal\/wp-json\/wp\/v2\/posts"}],"about":[{"href":"https:\/\/vestibulares.estrategia.com\/portal\/wp-json\/wp\/v2\/types\/post"}],"author":[{"embeddable":true,"href":"https:\/\/vestibulares.estrategia.com\/portal\/wp-json\/wp\/v2\/users\/51"}],"replies":[{"embeddable":true,"href":"https:\/\/vestibulares.estrategia.com\/portal\/wp-json\/wp\/v2\/comments?post=107011"}],"version-history":[{"count":3,"href":"https:\/\/vestibulares.estrategia.com\/portal\/wp-json\/wp\/v2\/posts\/107011\/revisions"}],"predecessor-version":[{"id":115611,"href":"https:\/\/vestibulares.estrategia.com\/portal\/wp-json\/wp\/v2\/posts\/107011\/revisions\/115611"}],"wp:featuredmedia":[{"embeddable":true,"href":"https:\/\/vestibulares.estrategia.com\/portal\/wp-json\/wp\/v2\/media\/107012"}],"wp:attachment":[{"href":"https:\/\/vestibulares.estrategia.com\/portal\/wp-json\/wp\/v2\/media?parent=107011"}],"wp:term":[{"taxonomy":"category","embeddable":true,"href":"https:\/\/vestibulares.estrategia.com\/portal\/wp-json\/wp\/v2\/categories?post=107011"},{"taxonomy":"post_tag","embeddable":true,"href":"https:\/\/vestibulares.estrategia.com\/portal\/wp-json\/wp\/v2\/tags?post=107011"},{"taxonomy":"wl_entity_type","embeddable":true,"href":"https:\/\/vestibulares.estrategia.com\/portal\/wp-json\/wp\/v2\/wl_entity_type?post=107011"}],"curies":[{"name":"wp","href":"https:\/\/api.w.org\/{rel}","templated":true}]}}