{"id":107158,"date":"2023-11-24T18:35:39","date_gmt":"2023-11-24T21:35:39","guid":{"rendered":"https:\/\/vestibulares.estrategia.com\/portal\/?p=107158"},"modified":"2023-11-24T18:35:44","modified_gmt":"2023-11-24T21:35:44","slug":"udesc-2024-veja-os-locais-de-prova-do-vestibular-de-verao","status":"publish","type":"post","link":"https:\/\/vestibulares.estrategia.com\/portal\/noticias\/udesc-2024-veja-os-locais-de-prova-do-vestibular-de-verao\/","title":{"rendered":"Udesc 2024: veja os locais de prova do Vestibular de Ver\u00e3o"},"content":{"rendered":"<p>A Universidade do Estado de Santa Catarina (<a href=\"https:\/\/vestibulares.estrategia.com\/portal\/vestibulares\/vestibular-udesc\/\" target=\"_blank\">Udesc<\/a>) divulgou&nbsp;nesta sexta-feira (24) os locais de prova do Vestibular de Ver&atilde;o 2024, aplicada no dia 03 de dezembro. O acesso ao local de prova deve ser feito individualmente, com CPF e senha do candidato. Confira o ensalamento clicando no bot&atilde;o abaixo:<div class=\"wp-block-buttons is-content-justification-center is-layout-flex wp-container-core-buttons-is-layout-1 wp-block-buttons-is-layout-flex\">\n<div class=\"wp-block-button\"><a class=\"wp-block-button__link wp-element-button\" href=\"https:\/\/www.acafe.org.br\/concurso\/udesc\/2024\/1\/inscricao\/Login\/vLoginAcesso\" target=\"_blank\">locais de prova &ndash; udesc 2024<\/a><\/div>\n<\/div><div id=\"ez-toc-container\" class=\"ez-toc-v2_0_76 counter-hierarchy ez-toc-counter ez-toc-transparent ez-toc-container-direction\">\n<div class=\"ez-toc-title-container\"><p class=\"ez-toc-title\" style=\"cursor:inherit\">Navegue pelo conte\u00fado<\/p>\n<\/div><nav><ul class='ez-toc-list ez-toc-list-level-1 ' ><li class='ez-toc-page-1 ez-toc-heading-level-2'><a class=\"ez-toc-link ez-toc-heading-1\" href=\"https:\/\/vestibulares.estrategia.com\/portal\/noticias\/udesc-2024-veja-os-locais-de-prova-do-vestibular-de-verao\/#Cidades-que-aplicam-o-Vestibular-de-Verao-2024\" >Cidades que aplicam o Vestibular de Ver&atilde;o 2024<\/a><\/li><li class='ez-toc-page-1 ez-toc-heading-level-2'><a class=\"ez-toc-link ez-toc-heading-2\" href=\"https:\/\/vestibulares.estrategia.com\/portal\/noticias\/udesc-2024-veja-os-locais-de-prova-do-vestibular-de-verao\/#Calendario-Vestibular-Udesc-2024\" >Calend&aacute;rio Vestibular Udesc 2024<\/a><\/li><li class='ez-toc-page-1 ez-toc-heading-level-2'><a class=\"ez-toc-link ez-toc-heading-3\" href=\"https:\/\/vestibulares.estrategia.com\/portal\/noticias\/udesc-2024-veja-os-locais-de-prova-do-vestibular-de-verao\/#Garanta-sua-vaga-na-Udesc\" >Garanta sua vaga na Udesc!<\/a><\/li><\/ul><\/nav><\/div>\n<h2 class=\"wp-block-heading\" id=\"h-cidades-que-aplicam-o-vestibular-de-verao-2024\"><span class=\"ez-toc-section\" id=\"Cidades-que-aplicam-o-Vestibular-de-Verao-2024\"><\/span>Cidades que aplicam o Vestibular de Ver&atilde;o 2024<span class=\"ez-toc-section-end\"><\/span><\/h2><p>No momento da inscri&ccedil;&atilde;o, os candidatos puderam escolher a cidade onde desejavam realizar o exame. Confira as cidades dispon&iacute;veis:<\/p><ul class=\"wp-block-list\">\n<li>Balne&aacute;rio Barra do Sul;<\/li>\n\n\n\n<li>Balne&aacute;rio Cambori&uacute;;<\/li>\n\n\n\n<li>Bra&ccedil;o do Norte<\/li>\n\n\n\n<li>Ca&ccedil;ador;<\/li>\n\n\n\n<li>Crici&uacute;ma;<\/li>\n\n\n\n<li>Chapec&oacute;;<\/li>\n\n\n\n<li>Florian&oacute;polis;<\/li>\n\n\n\n<li>Ibirama;<\/li>\n\n\n\n<li>Indaial;<\/li>\n\n\n\n<li>Joinville;<\/li>\n\n\n\n<li>Lages;<\/li>\n\n\n\n<li>Laguna;<\/li>\n\n\n\n<li>Ponte Serrada;<\/li>\n\n\n\n<li>Pouso Redondo;<\/li>\n\n\n\n<li>S&atilde;o Bento do Sul; e<\/li>\n\n\n\n<li>Tubar&atilde;o.<\/li>\n<\/ul><h2 class=\"wp-block-heading\" id=\"h-calendario-vestibular-udesc-2024\"><span class=\"ez-toc-section\" id=\"Calendario-Vestibular-Udesc-2024\"><\/span>Calend&aacute;rio Vestibular Udesc 2024<span class=\"ez-toc-section-end\"><\/span><\/h2><ul class=\"wp-block-list\">\n<li><strong>Inscri&ccedil;&otilde;es:<\/strong>\n<ul class=\"wp-block-list\">\n<li>Vestibular tradicional: 02 a 31\/10\/2023;<\/li>\n\n\n\n<li>Hist&oacute;rico Escolar: 02\/10\/2023 a 10\/01\/2024;<\/li>\n<\/ul>\n<\/li>\n\n\n\n<li><strong>Pedidos de isen&ccedil;&atilde;o:<\/strong>&nbsp;02 a 13\/10\/2023;<\/li>\n\n\n\n<li><strong>Pagamento da taxa de inscri&ccedil;&atilde;o:<\/strong>&nbsp;at&eacute; 01\/11\/2023;<\/li>\n\n\n\n<li><strong>Locais de prova:&nbsp;<\/strong>a partir de 24\/11\/2023;<\/li>\n\n\n\n<li><strong>Prova:<\/strong>&nbsp;03\/12\/2023;<\/li>\n\n\n\n<li><strong>Resultado das duas modalidades:&nbsp;<\/strong>\n<ul class=\"wp-block-list\">\n<li>Vestibular tradicional: a partir de 20\/12\/2023;<\/li>\n\n\n\n<li>Hist&oacute;rico Escolar: a partir de 05\/02\/2024.<\/li>\n<\/ul>\n<\/li>\n<\/ul><h2 class=\"wp-block-heading\" id=\"h-garanta-sua-vaga-na-udesc\"><span class=\"ez-toc-section\" id=\"Garanta-sua-vaga-na-Udesc\"><\/span>Garanta sua vaga na Udesc!<span class=\"ez-toc-section-end\"><\/span><\/h2><p>O Estrat&eacute;gia Vestibulares oferece uma estrutura completa para te preparar para o vestibular. Conhe&ccedil;a o que a Coruja oferece:<\/p><ul class=\"wp-block-list\">\n<li>Professores especializados na banca;<\/li>\n\n\n\n<li>Banco de Quest&otilde;es;<\/li>\n\n\n\n<li>Aulas ao vivo, gravadas e gratuitas;<\/li>\n\n\n\n<li>PDFs;<\/li>\n\n\n\n<li>Corre&ccedil;&otilde;es ilimitadas de reda&ccedil;&otilde;es;<\/li>\n\n\n\n<li>Monitorias;<\/li>\n\n\n\n<li>Revis&otilde;es de v&eacute;spera; e<\/li>\n\n\n\n<li>Muito mais!<\/li>\n<\/ul><p>\n\n\n\n<a id=\"cta\" class=\"cta-imagem\" href=\"https:\/\/vestibulares.estrategia.com\/curso\/pacote-udesc\/\" target=\"blank\">\n                <img decoding=\"async\" width=\"100%\" src=\"https:\/\/vestibulares.estrategia.com\/portal\/wp-content\/uploads\/2021\/12\/Udesc.jpg\" alt=\"CTA Curso Udesc\" title=\"CTA Curso Udesc\">\n        <\/a>\n<\/p><\/p>\n","protected":false},"excerpt":{"rendered":"A prova do Vestibular de Ver\u00e3o 2024 ser\u00e1 realizada no dia 03 de dezembro; confira o ensalamento\n","protected":false},"author":51,"featured_media":107162,"comment_status":"closed","ping_status":"closed","sticky":false,"template":"","format":"standard","meta":{"wl_entities_gutenberg":"","footnotes":""},"categories":[47],"tags":[],"wl_entity_type":[732],"class_list":{"0":"post-107158","1":"post","2":"type-post","3":"status-publish","4":"format-standard","5":"has-post-thumbnail","7":"category-noticias","8":"wl_entity_type-article"},"acf":[],"yoast_head":"<!-- This site is optimized with the Yoast SEO Premium plugin v25.9 (Yoast SEO v25.9) - https:\/\/yoast.com\/wordpress\/plugins\/seo\/ -->\n<title>Udesc 2024: veja os locais de prova do Vestibular de Ver\u00e3o<\/title>\n<meta name=\"description\" content=\"A Universidade do Estado de Santa Catarina (Udesc) divulgou\u00a0nesta sexta-feira (24) os locais de prova do Vestibular de Ver\u00e3o 2024. Veja.\" \/>\n<meta name=\"robots\" content=\"index, follow, max-snippet:-1, max-image-preview:large, max-video-preview:-1\" \/>\n<link rel=\"canonical\" href=\"https:\/\/vestibulares.estrategia.com\/portal\/noticias\/udesc-2024-veja-os-locais-de-prova-do-vestibular-de-verao\/\" \/>\n<meta property=\"og:locale\" content=\"pt_BR\" \/>\n<meta property=\"og:type\" content=\"article\" \/>\n<meta property=\"og:title\" content=\"Udesc 2024: veja os locais de prova do Vestibular de Ver\u00e3o\" \/>\n<meta property=\"og:description\" content=\"A Universidade do Estado de Santa Catarina (Udesc) divulgou\u00a0nesta sexta-feira (24) os locais de prova do Vestibular de Ver\u00e3o 2024. Veja.\" \/>\n<meta property=\"og:url\" content=\"https:\/\/vestibulares.estrategia.com\/portal\/noticias\/udesc-2024-veja-os-locais-de-prova-do-vestibular-de-verao\/\" \/>\n<meta property=\"og:site_name\" content=\"Estrat\u00e9gia Vestibulares\" \/>\n<meta property=\"article:publisher\" content=\"https:\/\/facebook.com\/estrategiavestibulares\" \/>\n<meta property=\"article:published_time\" content=\"2023-11-24T21:35:39+00:00\" \/>\n<meta property=\"article:modified_time\" content=\"2023-11-24T21:35:44+00:00\" \/>\n<meta property=\"og:image\" content=\"https:\/\/vestibulares.estrategia.com\/portal\/wp-content\/uploads\/2023\/11\/vestibular-udesc-ev-2.jpg\" \/>\n\t<meta property=\"og:image:width\" content=\"960\" \/>\n\t<meta property=\"og:image:height\" content=\"540\" \/>\n\t<meta property=\"og:image:type\" content=\"image\/jpeg\" \/>\n<meta name=\"author\" content=\"Larrani Ferreira\" \/>\n<meta name=\"twitter:card\" content=\"summary_large_image\" \/>\n<meta name=\"twitter:creator\" content=\"@Estrategiavest\" \/>\n<meta name=\"twitter:site\" content=\"@Estrategiavest\" \/>\n<meta name=\"twitter:label1\" content=\"Escrito por\" \/>\n\t<meta name=\"twitter:data1\" content=\"Larrani Ferreira\" \/>\n\t<meta name=\"twitter:label2\" content=\"Est. tempo de leitura\" \/>\n\t<meta name=\"twitter:data2\" content=\"1 minuto\" \/>\n<script type=\"application\/ld+json\" class=\"yoast-schema-graph\">{\"@context\":\"https:\/\/schema.org\",\"@graph\":[{\"@type\":\"NewsArticle\",\"@id\":\"https:\/\/vestibulares.estrategia.com\/portal\/noticias\/udesc-2024-veja-os-locais-de-prova-do-vestibular-de-verao\/#article\",\"isPartOf\":{\"@id\":\"https:\/\/vestibulares.estrategia.com\/portal\/noticias\/udesc-2024-veja-os-locais-de-prova-do-vestibular-de-verao\/\"},\"author\":{\"name\":\"Larrani Ferreira\",\"@id\":\"https:\/\/vestibulares.estrategia.com\/portal\/#\/schema\/person\/98d0c0e22d6d89b480aa1929f0e64ec5\"},\"headline\":\"Udesc 2024: veja os locais de prova do Vestibular de Ver\u00e3o\",\"datePublished\":\"2023-11-24T21:35:39+00:00\",\"dateModified\":\"2023-11-24T21:35:44+00:00\",\"mainEntityOfPage\":{\"@id\":\"https:\/\/vestibulares.estrategia.com\/portal\/noticias\/udesc-2024-veja-os-locais-de-prova-do-vestibular-de-verao\/\"},\"wordCount\":238,\"publisher\":{\"@id\":\"https:\/\/vestibulares.estrategia.com\/portal\/#organization\"},\"image\":{\"@id\":\"https:\/\/vestibulares.estrategia.com\/portal\/noticias\/udesc-2024-veja-os-locais-de-prova-do-vestibular-de-verao\/#primaryimage\"},\"thumbnailUrl\":\"https:\/\/vestibulares.estrategia.com\/portal\/wp-content\/uploads\/2023\/11\/vestibular-udesc-ev-2.jpg\",\"articleSection\":[\"Not\u00edcias\"],\"inLanguage\":\"pt-BR\"},{\"@type\":\"WebPage\",\"@id\":\"https:\/\/vestibulares.estrategia.com\/portal\/noticias\/udesc-2024-veja-os-locais-de-prova-do-vestibular-de-verao\/\",\"url\":\"https:\/\/vestibulares.estrategia.com\/portal\/noticias\/udesc-2024-veja-os-locais-de-prova-do-vestibular-de-verao\/\",\"name\":\"Udesc 2024: veja os locais de prova do Vestibular de Ver\u00e3o\",\"isPartOf\":{\"@id\":\"https:\/\/vestibulares.estrategia.com\/portal\/#website\"},\"primaryImageOfPage\":{\"@id\":\"https:\/\/vestibulares.estrategia.com\/portal\/noticias\/udesc-2024-veja-os-locais-de-prova-do-vestibular-de-verao\/#primaryimage\"},\"image\":{\"@id\":\"https:\/\/vestibulares.estrategia.com\/portal\/noticias\/udesc-2024-veja-os-locais-de-prova-do-vestibular-de-verao\/#primaryimage\"},\"thumbnailUrl\":\"https:\/\/vestibulares.estrategia.com\/portal\/wp-content\/uploads\/2023\/11\/vestibular-udesc-ev-2.jpg\",\"datePublished\":\"2023-11-24T21:35:39+00:00\",\"dateModified\":\"2023-11-24T21:35:44+00:00\",\"description\":\"A Universidade do Estado de Santa Catarina (Udesc) divulgou\u00a0nesta sexta-feira (24) os locais de prova do Vestibular de Ver\u00e3o 2024. Veja.\",\"breadcrumb\":{\"@id\":\"https:\/\/vestibulares.estrategia.com\/portal\/noticias\/udesc-2024-veja-os-locais-de-prova-do-vestibular-de-verao\/#breadcrumb\"},\"inLanguage\":\"pt-BR\",\"potentialAction\":[{\"@type\":\"ReadAction\",\"target\":[\"https:\/\/vestibulares.estrategia.com\/portal\/noticias\/udesc-2024-veja-os-locais-de-prova-do-vestibular-de-verao\/\"]}]},{\"@type\":\"ImageObject\",\"inLanguage\":\"pt-BR\",\"@id\":\"https:\/\/vestibulares.estrategia.com\/portal\/noticias\/udesc-2024-veja-os-locais-de-prova-do-vestibular-de-verao\/#primaryimage\",\"url\":\"https:\/\/vestibulares.estrategia.com\/portal\/wp-content\/uploads\/2023\/11\/vestibular-udesc-ev-2.jpg\",\"contentUrl\":\"https:\/\/vestibulares.estrategia.com\/portal\/wp-content\/uploads\/2023\/11\/vestibular-udesc-ev-2.jpg\",\"width\":960,\"height\":540,\"caption\":\"Udesc Estrat\u00e9gia Vestibulares\"},{\"@type\":\"BreadcrumbList\",\"@id\":\"https:\/\/vestibulares.estrategia.com\/portal\/noticias\/udesc-2024-veja-os-locais-de-prova-do-vestibular-de-verao\/#breadcrumb\",\"itemListElement\":[{\"@type\":\"ListItem\",\"position\":1,\"name\":\"Home\",\"item\":\"https:\/\/vestibulares.estrategia.com\/portal\/\"},{\"@type\":\"ListItem\",\"position\":2,\"name\":\"Not\u00edcias\",\"item\":\"https:\/\/vestibulares.estrategia.com\/portal\/noticias\/\"},{\"@type\":\"ListItem\",\"position\":3,\"name\":\"Udesc 2024: veja os locais de prova do Vestibular de Ver\u00e3o\"}]},{\"@type\":\"WebSite\",\"@id\":\"https:\/\/vestibulares.estrategia.com\/portal\/#website\",\"url\":\"https:\/\/vestibulares.estrategia.com\/portal\/\",\"name\":\"Estrat\u00e9gia Vestibulares\",\"description\":\"\",\"publisher\":{\"@id\":\"https:\/\/vestibulares.estrategia.com\/portal\/#organization\"},\"potentialAction\":[{\"@type\":\"SearchAction\",\"target\":{\"@type\":\"EntryPoint\",\"urlTemplate\":\"https:\/\/vestibulares.estrategia.com\/portal\/?s={search_term_string}\"},\"query-input\":{\"@type\":\"PropertyValueSpecification\",\"valueRequired\":true,\"valueName\":\"search_term_string\"}}],\"inLanguage\":\"pt-BR\"},{\"@type\":\"Organization\",\"@id\":\"https:\/\/vestibulares.estrategia.com\/portal\/#organization\",\"name\":\"Estrat\u00e9gia Vestibulares\",\"url\":\"https:\/\/vestibulares.estrategia.com\/portal\/\",\"logo\":{\"@type\":\"ImageObject\",\"inLanguage\":\"pt-BR\",\"@id\":\"https:\/\/vestibulares.estrategia.com\/portal\/#\/schema\/logo\/image\/\",\"url\":\"https:\/\/vestibulares.estrategia.com\/portal\/wp-content\/uploads\/2021\/06\/Logo-Vestibulares@4x.png\",\"contentUrl\":\"https:\/\/vestibulares.estrategia.com\/portal\/wp-content\/uploads\/2021\/06\/Logo-Vestibulares@4x.png\",\"width\":250,\"height\":66,\"caption\":\"Estrat\u00e9gia Vestibulares\"},\"image\":{\"@id\":\"https:\/\/vestibulares.estrategia.com\/portal\/#\/schema\/logo\/image\/\"},\"sameAs\":[\"https:\/\/facebook.com\/estrategiavestibulares\",\"https:\/\/x.com\/Estrategiavest\",\"https:\/\/www.instagram.com\/estrategiavestibulares\",\"https:\/\/www.youtube.com\/channel\/UCGWdZy8ULI-7_5GrABa4vNA\"]},{\"@type\":\"Person\",\"@id\":\"https:\/\/vestibulares.estrategia.com\/portal\/#\/schema\/person\/98d0c0e22d6d89b480aa1929f0e64ec5\",\"name\":\"Larrani Ferreira\",\"image\":{\"@type\":\"ImageObject\",\"inLanguage\":\"pt-BR\",\"@id\":\"https:\/\/vestibulares.estrategia.com\/portal\/#\/schema\/person\/image\/\",\"url\":\"https:\/\/vestibulares.estrategia.com\/portal\/wp-content\/uploads\/2026\/02\/WhatsApp-Image-2026-02-05-at-14.26.13-150x150.jpeg\",\"contentUrl\":\"https:\/\/vestibulares.estrategia.com\/portal\/wp-content\/uploads\/2026\/02\/WhatsApp-Image-2026-02-05-at-14.26.13-150x150.jpeg\",\"caption\":\"Larrani Ferreira\"},\"description\":\"Jornalista e Mestranda em Comunica\u00e7\u00e3o Intercultural nas Organiza\u00e7\u00f5es\",\"url\":\"https:\/\/vestibulares.estrategia.com\/portal\/author\/larranioliveira\/\"}]}<\/script>\n<!-- \/ Yoast SEO Premium plugin. -->","yoast_head_json":{"title":"Udesc 2024: veja os locais de prova do Vestibular de Ver\u00e3o","description":"A Universidade do Estado de Santa Catarina (Udesc) divulgou\u00a0nesta sexta-feira (24) os locais de prova do Vestibular de Ver\u00e3o 2024. Veja.","robots":{"index":"index","follow":"follow","max-snippet":"max-snippet:-1","max-image-preview":"max-image-preview:large","max-video-preview":"max-video-preview:-1"},"canonical":"https:\/\/vestibulares.estrategia.com\/portal\/noticias\/udesc-2024-veja-os-locais-de-prova-do-vestibular-de-verao\/","og_locale":"pt_BR","og_type":"article","og_title":"Udesc 2024: veja os locais de prova do Vestibular de Ver\u00e3o","og_description":"A Universidade do Estado de Santa Catarina (Udesc) divulgou\u00a0nesta sexta-feira (24) os locais de prova do Vestibular de Ver\u00e3o 2024. Veja.","og_url":"https:\/\/vestibulares.estrategia.com\/portal\/noticias\/udesc-2024-veja-os-locais-de-prova-do-vestibular-de-verao\/","og_site_name":"Estrat\u00e9gia Vestibulares","article_publisher":"https:\/\/facebook.com\/estrategiavestibulares","article_published_time":"2023-11-24T21:35:39+00:00","article_modified_time":"2023-11-24T21:35:44+00:00","og_image":[{"width":960,"height":540,"url":"https:\/\/vestibulares.estrategia.com\/portal\/wp-content\/uploads\/2023\/11\/vestibular-udesc-ev-2.jpg","type":"image\/jpeg"}],"author":"Larrani Ferreira","twitter_card":"summary_large_image","twitter_creator":"@Estrategiavest","twitter_site":"@Estrategiavest","twitter_misc":{"Escrito por":"Larrani Ferreira","Est. tempo de leitura":"1 minuto"},"schema":{"@context":"https:\/\/schema.org","@graph":[{"@type":"NewsArticle","@id":"https:\/\/vestibulares.estrategia.com\/portal\/noticias\/udesc-2024-veja-os-locais-de-prova-do-vestibular-de-verao\/#article","isPartOf":{"@id":"https:\/\/vestibulares.estrategia.com\/portal\/noticias\/udesc-2024-veja-os-locais-de-prova-do-vestibular-de-verao\/"},"author":{"name":"Larrani Ferreira","@id":"https:\/\/vestibulares.estrategia.com\/portal\/#\/schema\/person\/98d0c0e22d6d89b480aa1929f0e64ec5"},"headline":"Udesc 2024: veja os locais de prova do Vestibular de Ver\u00e3o","datePublished":"2023-11-24T21:35:39+00:00","dateModified":"2023-11-24T21:35:44+00:00","mainEntityOfPage":{"@id":"https:\/\/vestibulares.estrategia.com\/portal\/noticias\/udesc-2024-veja-os-locais-de-prova-do-vestibular-de-verao\/"},"wordCount":238,"publisher":{"@id":"https:\/\/vestibulares.estrategia.com\/portal\/#organization"},"image":{"@id":"https:\/\/vestibulares.estrategia.com\/portal\/noticias\/udesc-2024-veja-os-locais-de-prova-do-vestibular-de-verao\/#primaryimage"},"thumbnailUrl":"https:\/\/vestibulares.estrategia.com\/portal\/wp-content\/uploads\/2023\/11\/vestibular-udesc-ev-2.jpg","articleSection":["Not\u00edcias"],"inLanguage":"pt-BR"},{"@type":"WebPage","@id":"https:\/\/vestibulares.estrategia.com\/portal\/noticias\/udesc-2024-veja-os-locais-de-prova-do-vestibular-de-verao\/","url":"https:\/\/vestibulares.estrategia.com\/portal\/noticias\/udesc-2024-veja-os-locais-de-prova-do-vestibular-de-verao\/","name":"Udesc 2024: veja os locais de prova do Vestibular de Ver\u00e3o","isPartOf":{"@id":"https:\/\/vestibulares.estrategia.com\/portal\/#website"},"primaryImageOfPage":{"@id":"https:\/\/vestibulares.estrategia.com\/portal\/noticias\/udesc-2024-veja-os-locais-de-prova-do-vestibular-de-verao\/#primaryimage"},"image":{"@id":"https:\/\/vestibulares.estrategia.com\/portal\/noticias\/udesc-2024-veja-os-locais-de-prova-do-vestibular-de-verao\/#primaryimage"},"thumbnailUrl":"https:\/\/vestibulares.estrategia.com\/portal\/wp-content\/uploads\/2023\/11\/vestibular-udesc-ev-2.jpg","datePublished":"2023-11-24T21:35:39+00:00","dateModified":"2023-11-24T21:35:44+00:00","description":"A Universidade do Estado de Santa Catarina (Udesc) divulgou\u00a0nesta sexta-feira (24) os locais de prova do Vestibular de Ver\u00e3o 2024. Veja.","breadcrumb":{"@id":"https:\/\/vestibulares.estrategia.com\/portal\/noticias\/udesc-2024-veja-os-locais-de-prova-do-vestibular-de-verao\/#breadcrumb"},"inLanguage":"pt-BR","potentialAction":[{"@type":"ReadAction","target":["https:\/\/vestibulares.estrategia.com\/portal\/noticias\/udesc-2024-veja-os-locais-de-prova-do-vestibular-de-verao\/"]}]},{"@type":"ImageObject","inLanguage":"pt-BR","@id":"https:\/\/vestibulares.estrategia.com\/portal\/noticias\/udesc-2024-veja-os-locais-de-prova-do-vestibular-de-verao\/#primaryimage","url":"https:\/\/vestibulares.estrategia.com\/portal\/wp-content\/uploads\/2023\/11\/vestibular-udesc-ev-2.jpg","contentUrl":"https:\/\/vestibulares.estrategia.com\/portal\/wp-content\/uploads\/2023\/11\/vestibular-udesc-ev-2.jpg","width":960,"height":540,"caption":"Udesc Estrat\u00e9gia Vestibulares"},{"@type":"BreadcrumbList","@id":"https:\/\/vestibulares.estrategia.com\/portal\/noticias\/udesc-2024-veja-os-locais-de-prova-do-vestibular-de-verao\/#breadcrumb","itemListElement":[{"@type":"ListItem","position":1,"name":"Home","item":"https:\/\/vestibulares.estrategia.com\/portal\/"},{"@type":"ListItem","position":2,"name":"Not\u00edcias","item":"https:\/\/vestibulares.estrategia.com\/portal\/noticias\/"},{"@type":"ListItem","position":3,"name":"Udesc 2024: veja os locais de prova do Vestibular de Ver\u00e3o"}]},{"@type":"WebSite","@id":"https:\/\/vestibulares.estrategia.com\/portal\/#website","url":"https:\/\/vestibulares.estrategia.com\/portal\/","name":"Estrat\u00e9gia Vestibulares","description":"","publisher":{"@id":"https:\/\/vestibulares.estrategia.com\/portal\/#organization"},"potentialAction":[{"@type":"SearchAction","target":{"@type":"EntryPoint","urlTemplate":"https:\/\/vestibulares.estrategia.com\/portal\/?s={search_term_string}"},"query-input":{"@type":"PropertyValueSpecification","valueRequired":true,"valueName":"search_term_string"}}],"inLanguage":"pt-BR"},{"@type":"Organization","@id":"https:\/\/vestibulares.estrategia.com\/portal\/#organization","name":"Estrat\u00e9gia Vestibulares","url":"https:\/\/vestibulares.estrategia.com\/portal\/","logo":{"@type":"ImageObject","inLanguage":"pt-BR","@id":"https:\/\/vestibulares.estrategia.com\/portal\/#\/schema\/logo\/image\/","url":"https:\/\/vestibulares.estrategia.com\/portal\/wp-content\/uploads\/2021\/06\/Logo-Vestibulares@4x.png","contentUrl":"https:\/\/vestibulares.estrategia.com\/portal\/wp-content\/uploads\/2021\/06\/Logo-Vestibulares@4x.png","width":250,"height":66,"caption":"Estrat\u00e9gia Vestibulares"},"image":{"@id":"https:\/\/vestibulares.estrategia.com\/portal\/#\/schema\/logo\/image\/"},"sameAs":["https:\/\/facebook.com\/estrategiavestibulares","https:\/\/x.com\/Estrategiavest","https:\/\/www.instagram.com\/estrategiavestibulares","https:\/\/www.youtube.com\/channel\/UCGWdZy8ULI-7_5GrABa4vNA"]},{"@type":"Person","@id":"https:\/\/vestibulares.estrategia.com\/portal\/#\/schema\/person\/98d0c0e22d6d89b480aa1929f0e64ec5","name":"Larrani Ferreira","image":{"@type":"ImageObject","inLanguage":"pt-BR","@id":"https:\/\/vestibulares.estrategia.com\/portal\/#\/schema\/person\/image\/","url":"https:\/\/vestibulares.estrategia.com\/portal\/wp-content\/uploads\/2026\/02\/WhatsApp-Image-2026-02-05-at-14.26.13-150x150.jpeg","contentUrl":"https:\/\/vestibulares.estrategia.com\/portal\/wp-content\/uploads\/2026\/02\/WhatsApp-Image-2026-02-05-at-14.26.13-150x150.jpeg","caption":"Larrani Ferreira"},"description":"Jornalista e Mestranda em Comunica\u00e7\u00e3o Intercultural nas Organiza\u00e7\u00f5es","url":"https:\/\/vestibulares.estrategia.com\/portal\/author\/larranioliveira\/"}]}},"_wl_alt_label":[],"wl:entity_url":"https:\/\/data.wordlift.io\/wl110249\/post\/udesc-2024-veja-os-locais-de-prova-do-vestibular-de-verao","_links":{"self":[{"href":"https:\/\/vestibulares.estrategia.com\/portal\/wp-json\/wp\/v2\/posts\/107158","targetHints":{"allow":["GET"]}}],"collection":[{"href":"https:\/\/vestibulares.estrategia.com\/portal\/wp-json\/wp\/v2\/posts"}],"about":[{"href":"https:\/\/vestibulares.estrategia.com\/portal\/wp-json\/wp\/v2\/types\/post"}],"author":[{"embeddable":true,"href":"https:\/\/vestibulares.estrategia.com\/portal\/wp-json\/wp\/v2\/users\/51"}],"replies":[{"embeddable":true,"href":"https:\/\/vestibulares.estrategia.com\/portal\/wp-json\/wp\/v2\/comments?post=107158"}],"version-history":[{"count":2,"href":"https:\/\/vestibulares.estrategia.com\/portal\/wp-json\/wp\/v2\/posts\/107158\/revisions"}],"predecessor-version":[{"id":107164,"href":"https:\/\/vestibulares.estrategia.com\/portal\/wp-json\/wp\/v2\/posts\/107158\/revisions\/107164"}],"wp:featuredmedia":[{"embeddable":true,"href":"https:\/\/vestibulares.estrategia.com\/portal\/wp-json\/wp\/v2\/media\/107162"}],"wp:attachment":[{"href":"https:\/\/vestibulares.estrategia.com\/portal\/wp-json\/wp\/v2\/media?parent=107158"}],"wp:term":[{"taxonomy":"category","embeddable":true,"href":"https:\/\/vestibulares.estrategia.com\/portal\/wp-json\/wp\/v2\/categories?post=107158"},{"taxonomy":"post_tag","embeddable":true,"href":"https:\/\/vestibulares.estrategia.com\/portal\/wp-json\/wp\/v2\/tags?post=107158"},{"taxonomy":"wl_entity_type","embeddable":true,"href":"https:\/\/vestibulares.estrategia.com\/portal\/wp-json\/wp\/v2\/wl_entity_type?post=107158"}],"curies":[{"name":"wp","href":"https:\/\/api.w.org\/{rel}","templated":true}]}}