{"id":107788,"date":"2023-11-28T18:21:07","date_gmt":"2023-11-28T21:21:07","guid":{"rendered":"https:\/\/vestibulares.estrategia.com\/portal\/?p=107788"},"modified":"2024-01-23T15:29:07","modified_gmt":"2024-01-23T18:29:07","slug":"7-questoes-sobre-relevos-brasileiros-que-ja-cairam-nos-vestibulares-e-no-enem","status":"publish","type":"post","link":"https:\/\/vestibulares.estrategia.com\/portal\/atualidades-e-dicas\/7-questoes-sobre-relevos-brasileiros-que-ja-cairam-nos-vestibulares-e-no-enem\/","title":{"rendered":"7 quest\u00f5es sobre relevos brasileiros que j\u00e1 ca\u00edram nos vestibulares e no Enem"},"content":{"rendered":"<p>Os relevos s&atilde;o o conjunto de formas existentes na superf&iacute;cie do planeta, geralmente caracterizados por planaltos, plan&iacute;cies, depress&otilde;es e montanhas como seus quatro principais formatos. Eles foram formados ao longo do tempo, de acordo com as movimenta&ccedil;&otilde;es das partes de terra em conjunto com suas placas tect&ocirc;nicas.<p>O relevo brasileiro conta com os tr&ecirc;s primeiros formatos, mas n&atilde;o apresenta cadeia de montanhas relevante, uma vez que o territ&oacute;rio n&atilde;o est&aacute; localizado em nenhuma faixa de encontro entre placas tect&ocirc;nicas.<\/p><p>Dentre as caracter&iacute;sticas do relevo do Brasil est&aacute; o fato de que ele &eacute; geologicamente antigo, com longa exposi&ccedil;&atilde;o aos efeitos dos agentes ex&oacute;genos de transforma&ccedil;&atilde;o da superf&iacute;cie, o que gera &aacute;reas com grande desgaste.&nbsp;<\/p><p>\n\n\n\n<div id=\"new-form\">\n\t<form id=\"forms_layout\">\n\t<input type=\"hidden\" id=\"chave_de\" name=\"chave_de\" value=\"01_EVEST_LEADS_TOTAIS\" \/>\n\t\t<input type=\"hidden\" id=\"mid\" name=\"mid\" value=\"515008983\" \/>\n\t\t<input type=\"hidden\" id=\"Objetivo\" name=\"Objetivo\" value=\"Vestibulares\" \/>\n\t\t<input type=\"hidden\" id=\"Estado_de_Origem_do_IP\" name=\"Estado_de_Origem_do_IP\"  value=\"\" \/>\n\t\t<input type=\"hidden\" id=\"Cidade_de_Origem_do_IP\" name=\"Cidade_de_Origem_do_IP\" value=\"\" \/>\n\t\t<input type=\"hidden\" id=\"Modo_de_entrada\" name=\"Modo_de_entrada\" value=\"Portal\" \/>\n\t\t<input type=\"hidden\" id=\"Pagina_Origem\" name=\"Pagina_Origem\" value=\"\" \/>\n\n\t\t<div class=\"texto\">\n\t\t\t<h3 class=\"news\">Inscreva-se em nossa newsletter\ud83e\udd89<\/h3>\n\t\t\t<p>Receba dicas de estudo gratuitas e saiba em primeira m\u00e3o as novidades sobre o Enem, Sisu, Encceja, Fuvest e outros vestibulares!<\/p>\n\t\t<\/div>\n\t\t<div class=\"campos\">\n\t\t\t<div class=\"first_name labels\">\n\t\t\t\t<input type=\"text\" class=\"input_labels\" id=\"first_name\" name=\"Nome_Completo\" placeholder=\"Nome\" required \/>\n\t\t\t<\/div>\n\t\t\t<div class=\"email labels\">\n\t\t\t\t<input type=\"email\" class=\"input_labels\" id=\"email\" name=\"Email\" placeholder=\"E-mail\" required \/>\n\t\t\t<\/div>\n\t\t\t<button type=\"submit\" class=\"button_layout\">\n\t\t\t\t<div id=\"lblBotao\">Inscreva-se<\/div>\n\t\t\t\t<span id=\"divSpiner\" class=\"loader\" role=\"status\" style=\"display: none;\"><\/span>\t\n\t\t\t<\/button>\n\t\t<\/div><!-- \/campos -->\n\t\t\n\t\t<label class=\"container_checkbox\">Voc\u00ea concorda com a nossa\n\t\t\t<a class=\"politics_privacy_ahref\" target=\"_blank\" href=\"https:\/\/gratis.estrategiaconcursos.com.br\/politica-de-privacidade\/\">Pol\u00edtica de Privacidade<\/a> e aceita receber informa\u00e7\u00f5es adicionais do Estrat\u00e9gia Educacional.\n\t\t\t<input id=\"checkbox_layout\" type=\"checkbox\" checked=\"checked\" required \/>\n\t\t\t<span class=\"checkbox\"><\/span>\n\t\t<\/label>\n\t\t<div id=\"msg\"><\/div>\n\t\t<div id=\"error\" class=\"error\">\n\t\t<\/div>\n\t<\/form>\n<\/div><!-- \/new-form -->\n\n\n\n<\/p><p>Os vestibulares costumam cobrar quest&otilde;es variadas de relevo e muitas t&ecirc;m como plano de fundo pontos e particularidades do Brasil. Para voc&ecirc; praticar e entender como isso pode aparecer nas provas, separamos 7 quest&otilde;es sobre relevos brasileiros que j&aacute; ca&iacute;ram em vestibulares variados, inclusive no Enem e est&atilde;o presentes em nosso Banco de Quest&otilde;es. Confira!<\/p><div id=\"ez-toc-container\" class=\"ez-toc-v2_0_76 counter-hierarchy ez-toc-counter ez-toc-transparent ez-toc-container-direction\">\n<div class=\"ez-toc-title-container\"><p class=\"ez-toc-title\" style=\"cursor:inherit\">Navegue pelo conte\u00fado<\/p>\n<\/div><nav><ul class='ez-toc-list ez-toc-list-level-1 ' ><li class='ez-toc-page-1 ez-toc-heading-level-2'><a class=\"ez-toc-link ez-toc-heading-1\" href=\"https:\/\/vestibulares.estrategia.com\/portal\/atualidades-e-dicas\/7-questoes-sobre-relevos-brasileiros-que-ja-cairam-nos-vestibulares-e-no-enem\/#Uece-2023\" >Uece (2023)<\/a><\/li><li class='ez-toc-page-1 ez-toc-heading-level-2'><a class=\"ez-toc-link ez-toc-heading-2\" href=\"https:\/\/vestibulares.estrategia.com\/portal\/atualidades-e-dicas\/7-questoes-sobre-relevos-brasileiros-que-ja-cairam-nos-vestibulares-e-no-enem\/#Unicamp-2022\" >Unicamp (2022)<\/a><\/li><li class='ez-toc-page-1 ez-toc-heading-level-2'><a class=\"ez-toc-link ez-toc-heading-3\" href=\"https:\/\/vestibulares.estrategia.com\/portal\/atualidades-e-dicas\/7-questoes-sobre-relevos-brasileiros-que-ja-cairam-nos-vestibulares-e-no-enem\/#Unesp-2022\" >Unesp (2022)<\/a><\/li><li class='ez-toc-page-1 ez-toc-heading-level-2'><a class=\"ez-toc-link ez-toc-heading-4\" href=\"https:\/\/vestibulares.estrategia.com\/portal\/atualidades-e-dicas\/7-questoes-sobre-relevos-brasileiros-que-ja-cairam-nos-vestibulares-e-no-enem\/#UEPG-2021\" >UEPG (2021)<\/a><\/li><li class='ez-toc-page-1 ez-toc-heading-level-2'><a class=\"ez-toc-link ez-toc-heading-5\" href=\"https:\/\/vestibulares.estrategia.com\/portal\/atualidades-e-dicas\/7-questoes-sobre-relevos-brasileiros-que-ja-cairam-nos-vestibulares-e-no-enem\/#Unitau-2021\" >Unitau (2021)<\/a><\/li><li class='ez-toc-page-1 ez-toc-heading-level-2'><a class=\"ez-toc-link ez-toc-heading-6\" href=\"https:\/\/vestibulares.estrategia.com\/portal\/atualidades-e-dicas\/7-questoes-sobre-relevos-brasileiros-que-ja-cairam-nos-vestibulares-e-no-enem\/#Enem-2020\" >Enem (2020)<\/a><\/li><li class='ez-toc-page-1 ez-toc-heading-level-2'><a class=\"ez-toc-link ez-toc-heading-7\" href=\"https:\/\/vestibulares.estrategia.com\/portal\/atualidades-e-dicas\/7-questoes-sobre-relevos-brasileiros-que-ja-cairam-nos-vestibulares-e-no-enem\/#Fuvest-2019\" >Fuvest (2019)<\/a><\/li><li class='ez-toc-page-1 ez-toc-heading-level-2'><a class=\"ez-toc-link ez-toc-heading-8\" href=\"https:\/\/vestibulares.estrategia.com\/portal\/atualidades-e-dicas\/7-questoes-sobre-relevos-brasileiros-que-ja-cairam-nos-vestibulares-e-no-enem\/#Estude-com-o-Estrategia-Vestibulares\" >Estude com o Estrat&eacute;gia Vestibulares<\/a><\/li><\/ul><\/nav><\/div>\n<h2 class=\"wp-block-heading\" id=\"h-uece-2023\"><span class=\"ez-toc-section\" id=\"Uece-2023\"><\/span>Uece (2023)<span class=\"ez-toc-section-end\"><\/span><\/h2><p>&ldquo;O relevo brasileiro s&oacute; pode ser entendido a partir dos processos geomorfol&oacute;gicos que afetaram o continente sul-americano. Os processos morfogen&eacute;ticos do Brasil est&atilde;o relacionados com a abertura do Oceano Atl&acirc;ntico e a forma&ccedil;&atilde;o da Cadeia Orogen&eacute;tica dos Andes. A epirog&ecirc;nese meso-cenoz&oacute;ica desencadeou os processos desnudacionais e estabeleceram a compartimenta&ccedil;&atilde;o do relevo. As macroformas associam-se &agrave;s megaestruturas dos Cr&aacute;tons, Cintur&otilde;es Orogen&eacute;ticos e Bacias Sedimentares herdadas do Gondwana, produzidas pelas fases erosivas pr&eacute; e p&oacute;s-Cret&aacute;ceo.&rdquo;&nbsp;<\/p><p><em>Ross. J. O Relevo Brasileiro no Contexto da Am&eacute;rica do Sul. R. Bras. Geogr., Rio de Janeiro, V. 61, n. 1. 2016. Dispon&iacute;vel em: https:\/\/web.archive.org\/web\/20160912095518id_\/http:\/\/rbg.ibge.gov.br:8 0\/index.php\/rbg\/article\/viewFile\/28\/9&nbsp;<\/em><\/p><p>Considerando os aspectos relacionados &agrave; forma&ccedil;&atilde;o e &agrave; evolu&ccedil;&atilde;o do relevo do Brasil, &eacute; correto afirmar que<\/p><p><strong>A <\/strong>o Brasil possui forma&ccedil;&otilde;es de relevo de origem cristalina, com a predomin&acirc;ncia de altimetrias altas e m&eacute;dias, principalmente em decorr&ecirc;ncia de dobramentos modernos e das atividade tect&ocirc;nicas de origem recente que caracterizam o relevo plan&aacute;ltico brasileiro.<br><strong>B <\/strong>os relevos plan&aacute;lticos no Brasil representam, espacialmente, as formas de relevo predominantes. Nessas forma&ccedil;&otilde;es, como no Planalto Central e no Planalto das Guianas, a a&ccedil;&atilde;o dos agentes externos ocorre de maneira significativa.<br><strong>C <\/strong>nas regi&otilde;es onde predominam os relevos de plan&iacute;cies, como na Amaz&ocirc;nia e no Pantanal, predominam os processos de eros&atilde;o sobre os processos de deposi&ccedil;&atilde;o de sedimentos, e essa condi&ccedil;&atilde;o de evolu&ccedil;&atilde;o do relevo &eacute; determinante para a forma&ccedil;&atilde;o da rede de drenagem.<br><strong>D <\/strong>as macroestruturas correspondentes aos cr&aacute;tons, aos cintur&otilde;es orogen&eacute;ticos e &agrave;s bacias sedimentares que comp&otilde;em o relevo brasileiro foram produzidas pelas diversas fases tect&ocirc;nicas e de deposi&ccedil;&atilde;o que ocorreram durante o holoceno e antropoceno.<\/p><p>Alternativa correta: <strong>B<\/strong><\/p><h2 class=\"wp-block-heading\" id=\"h-unicamp-2022\"><span class=\"ez-toc-section\" id=\"Unicamp-2022\"><\/span>Unicamp (2022)<span class=\"ez-toc-section-end\"><\/span><\/h2><p>A Serra do Mar se estende paralelamente ao litoral por cerca de 1.500 km, desde o vale do Rio Itaja&iacute; (SC) at&eacute; a regi&atilde;o de Campos dos Goytacazes (RJ). Trata-se de um conjunto de escarpas controladas por falhas e com graus diferenciados de disseca&ccedil;&atilde;o, que finaliza o Planalto Atl&acirc;ntico na linha de costa com um horst. A configura&ccedil;&atilde;o da Serra do Mar pode ser observada nos perfis a seguir, nos estados de S&atilde;o Paulo e Rio de Janeiro.<\/p><figure class=\"wp-block-image is-resized\"><img decoding=\"async\" src=\"https:\/\/lh7-us.googleusercontent.com\/ryte7TFUFvgC6YnUz29hozPKWLBE9JKdGrThEFHFWeX3W3ckAdj685YEDGcAucRwOMUSFyHpJHLL9tzpdalNHh_LbaGq0FJ2tnfp6e7LNaXvG9XFGAFVwBpzEKJ8PYILOLJTnDtM3_40powddC7hKT4\" alt=\"\" width=\"477\" height=\"278\"><\/figure><p><em>(Adaptado de Yociteru Hasui, Celso Dal R&eacute; Carneiro, Fernando Fl&aacute;vio Marques de Almeida e Andrea Bartorelli, Geologia do Brasil. S&atilde;o Paulo: Beca, 2012.)&nbsp;<\/em><\/p><p>A partir dos seus conhecimentos sobre os aspectos geol&oacute;gicos e geomorfol&oacute;gicos da Serra do Mar, indique a alternativa correta.<\/p><p><strong>A <\/strong>A Serra do Mar &eacute; formada predominantemente por &aacute;reas falhadas compostas por rochas bas&aacute;lticas. A origem dessas rochas est&aacute; relacionada &agrave; ruptura das placas tect&ocirc;nicas, o que resultou na abertura do Oceano Atl&acirc;ntico.<br><strong>B <\/strong>A Serra do Mar &eacute; formada por rochas sedimentares que apresentam, em sua estrutura, falhas e fraturas. No per&iacute;odo chuvoso, a infiltra&ccedil;&atilde;o aumenta o peso do material, desencadeando processos gravitacionais denominados movimentos de massa.<br><strong>C <\/strong>A Serra do Mar originou-se com a ruptura das placas tect&ocirc;nicas sul-americana e africana, que ocasionou um conjunto de blocos falhados (soerguidos e rebaixados), formando ilhas, pois os grabens foram recobertos pela &aacute;gua do mar.<br><strong>D <\/strong>A Serra do Mar tem sua g&ecirc;nese associada a processos similares &agrave; origem da Cordilheira dos Andes, que, com a converg&ecirc;ncia das placas sul-americana e africana, ocasionou a forma&ccedil;&atilde;o de dobramentos e falhamentos hoje estabilizados.<\/p><p><strong>Resposta:<\/strong> A &mdash; Incorreto. Seria granito.<br>B &mdash; Incorreto. S&atilde;o rochas cristalinas.<br>C &mdash; Correto. Graben, tamb&eacute;m conhecido como fossa tect&oacute;nica ou vale tect&oacute;nico, &eacute; a designa&ccedil;&atilde;o dada em geologia estrutural a uma depress&atilde;o de origem tect&oacute;nica, geralmente com a forma de um vale alongado com fundo plano, formada quando um bloco de territ&oacute;rio fica afundado em rela&ccedil;&atilde;o ao territ&oacute;rio circundante.<br>D &mdash; Incorreto. Houve diverg&ecirc;ncia entre a placa sul-americana e africana.<\/p><p>Alternativa correta: <strong>C<\/strong><\/p><h2 class=\"wp-block-heading\" id=\"h-unesp-2022\"><span class=\"ez-toc-section\" id=\"Unesp-2022\"><\/span>Unesp (2022)<span class=\"ez-toc-section-end\"><\/span><\/h2><p>Carlos Fioravanti: Se voc&ecirc; pudesse entrar agora em um helic&oacute;ptero e o piloto perguntasse &ldquo;Vamos para onde?&rdquo;, que lugares escolheria para revisitar ou conhecer?<\/p><p>Jurandyr L. S. Ross: Vou ser pragm&aacute;tico, estou precisando fazer um sobrevoo em um lugar em que nunca estive, e estou orientando um doutorado sobre essa regi&atilde;o. &Eacute; um lugar muito interessante porque, entre os relevos montanhosos, h&aacute; superf&iacute;cies baixas e planas, com um clima de transi&ccedil;&atilde;o do Cerrado para a Caatinga, solo f&eacute;rtil e uma intensa agricultura irrigada. Tenho muita curiosidade de conhecer esse lugar.<\/p><p><em>Carlos Fioravanti. https:\/\/revistapesquisa.fapesp.br. Adaptado.)<\/em><\/p><figure class=\"wp-block-image is-resized\"><img decoding=\"async\" src=\"https:\/\/lh7-us.googleusercontent.com\/spcI2k9uB85qIiB2AikInL7oqKcmGIb5fZ9YHuDebtlr3bnCeowqX86asxrGLBGcWGLQQUsdCrnoiVf6sraza4vnQTjzcDO0PmrZRDd01QvokpwSx-ZQehU3WuYgOaytMTR4R3Re0tr8q32SpP1UodA\" alt=\"\" width=\"362\" height=\"343\"><\/figure><p><em>(https:\/\/atlasescolar.ibge.gov.br. Adaptado.)&nbsp;<\/em><\/p><p>No mapa, o lugar descrito no excerto corresponde ao n&uacute;mero<\/p><p><strong>A <\/strong>1 &mdash; Chapada Diamantina.<br><strong>B <\/strong>4 &mdash; Planalto da Borborema.<br><strong>C <\/strong>2 &mdash; Chapada dos Parecis.<br><strong>D <\/strong>5 &mdash; Serra dos Caraj&aacute;s.<br><strong>E <\/strong>3 &mdash; Serra da Canastra.<\/p><p>Alternativa correta: <strong>A<\/strong><\/p><h2 class=\"wp-block-heading\" id=\"h-uepg-2021\"><span class=\"ez-toc-section\" id=\"UEPG-2021\"><\/span>UEPG (2021)<span class=\"ez-toc-section-end\"><\/span><\/h2><p><strong>(SOMAT&Oacute;RIO)<\/strong><\/p><p>Sobre o relevo no Brasil, assinale o que for correto.<\/p><p>01) A regi&atilde;o Norte do pa&iacute;s &eacute; cortada por uma grande &aacute;rea de plan&iacute;cie conhecida como Amaz&ocirc;nica.<br>02) O Planalto das Guianas possui rochas antigas, datadas do Arqueozoico.<br>04) As serras no pa&iacute;s s&atilde;o encontradas nas regi&otilde;es Sul, Sudeste e Nordeste, n&atilde;o tendo ocorr&ecirc;ncia nas regi&otilde;es Centro-Oeste e Norte do Brasil.<br>08) O Sul do pa&iacute;s possui &aacute;rea de derrames bas&aacute;lticos do Mesozoico, com deriva&ccedil;&atilde;o de latossolos, como ocorre no Terceiro Planalto Paranaense.<br>16) A Chapada Diamantina, que possui forma&ccedil;&atilde;o escarpada e de meseta, faz parte de um parque nacional localizado na regi&atilde;o Sul do pa&iacute;s.<\/p><p><strong>Resposta:<\/strong> Alternativa (01) &ndash; CORRETA: parte dela de forma&ccedil;&atilde;o recente<br>Alternativa (02) &ndash; CORRETA: tal estrutura circunda a por&ccedil;&atilde;o setentrional da plan&iacute;cie amaz&ocirc;nica.<br>Alternativa (04) &ndash; INCORRETA: h&aacute; serras na regi&atilde;o Norte do Brasil<br>Alternativa (08) &ndash; CORRETA: tal solo foi fundamental para a produ&ccedil;&atilde;o de caf&eacute;<br>Alternativa (16) &ndash; INCORRETA: a Chapada Diamantina n&atilde;o tem o formato padr&atilde;o de um chapada, t&atilde;o pouco est&aacute; no Sul do pa&iacute;s.<br><br>Gabarito: <strong>11<\/strong><\/p><h2 class=\"wp-block-heading\" id=\"h-unitau-2021\"><span class=\"ez-toc-section\" id=\"Unitau-2021\"><\/span>Unitau (2021)<span class=\"ez-toc-section-end\"><\/span><\/h2><figure class=\"wp-block-image is-resized\"><img decoding=\"async\" src=\"https:\/\/lh7-us.googleusercontent.com\/760gpTmzFIrIL8TsAC9zUpESu_mXvkhsViaBiThiT7llgEW6l2ZvZ_-0clOZhLsAjgGyprLpIktBODwrS-fT8-Rpz1N7DsSduC20gzZuZuaOxHiMbN3Jg78Ol_S5L7BQMfluq6YgTdjwIVH8YNjITbY\" alt=\"\" width=\"436\" height=\"442\"><\/figure><p>Sobre a classifica&ccedil;&atilde;o do ge&oacute;grafo Aziz Ab&acute;Saber acima, em rela&ccedil;&atilde;o ao relevo brasileiro, assinale a alternativa CORRETA.<\/p><p><strong>A <\/strong>As plan&iacute;cies s&atilde;o as &aacute;reas relativamente planas, onde os processos de sedimenta&ccedil;&atilde;o predominam sobre os de eros&atilde;o.<br><strong>B <\/strong>O conceito de &ldquo;mares-de-morro&rdquo; diz respeito ao relevo de terras baixas costeiras.<br><strong>C <\/strong>As plan&iacute;cies ocupam a maior parte do relevo do Brasil.<br><strong>D <\/strong>Os planaltos s&atilde;o &aacute;reas levemente acidentadas, onde os processos de sedimenta&ccedil;&atilde;o predominam sobre os de eros&atilde;o.<br><strong>E <\/strong>Plan&iacute;cies s&atilde;o superf&iacute;cies planas, com altimetria inferior a 500 m.<\/p><p><strong>Resposta:<\/strong> A &mdash; Correta. Tal alternativa descreve corretamente as plan&iacute;cies<br>B &mdash; Incorreta. S&atilde;o as Serras e planaltos que se estende na por&ccedil;&atilde;o leste do Brasil e em partes do interior de S&atilde;o Paulo<br>C &mdash; Incorreta. Os planaltos que se destacam<br>D &mdash; Incorreta. H&aacute; um predom&iacute;nio de eros&atilde;o<br>E &mdash; Incorreta. A altimetria n&atilde;o &eacute; o foco de tal regionaliza&ccedil;&atilde;o<\/p><p>Alternativa correta: <strong>A<\/strong><\/p><h2 class=\"wp-block-heading\" id=\"h-enem-2020\"><span class=\"ez-toc-section\" id=\"Enem-2020\"><\/span>Enem (2020)<span class=\"ez-toc-section-end\"><\/span><\/h2><p>Escudos antigos ou maci&ccedil;os cristalinos s&atilde;o blocos imensos de rochas antigas. Estes escudos s&atilde;o constitu&iacute;dos por rochas cristalinas (magm&aacute;tico-plut&ocirc;nicas), formadas em eras pr&eacute;-cambrianas, ou por rochas metam&oacute;rficas (material sedimentar) do Paleozoico. S&atilde;o resistentes, est&aacute;veis, por&eacute;m bastante desgastadas. Correspondem a 36% da &aacute;rea territorial e dividem-se em duas grandes por&ccedil;&otilde;es: O Escudo das Guianas (norte da Plan&iacute;cie Amaz&ocirc;nica) e o Escudo Brasileiro (por&ccedil;&atilde;o centro-oriental brasileira).<\/p><p><em>Dispon&iacute;vel em http\/\/ambientes.ambientebrasil.com br. Acesso em: 28 jun 2015.<\/em><\/p><p>As estruturas geol&oacute;gicas indicadas no texto s&atilde;o importantes economicamente para o Brasil por concentrarem<\/p><p><strong>A <\/strong>fontes de &aacute;guas termais.<br><strong>B <\/strong>afloramentos de sal-gema.<br><strong>C <\/strong>jazidas de minerais met&aacute;licos.<br><strong>D <\/strong>dep&oacute;sitos de calc&aacute;rio agr&iacute;cola.<br><strong>E <\/strong>reservas de combust&iacute;vel f&oacute;ssil.<\/p><p><strong>Resposta:<\/strong> as demais alternativas est&atilde;o concentradas em bacias sedimentares.<\/p><p>Alternativa correta: <strong>C<\/strong><\/p><h2 class=\"wp-block-heading\" id=\"h-fuvest-2019\"><span class=\"ez-toc-section\" id=\"Fuvest-2019\"><\/span>Fuvest (2019)<span class=\"ez-toc-section-end\"><\/span><\/h2><p>Examine a imagem e o gr&aacute;fico.<\/p><figure class=\"wp-block-image is-resized\"><img decoding=\"async\" src=\"https:\/\/lh7-us.googleusercontent.com\/tB_x_KA9Xy9c2_sM5y9GjUwbeTFMu_b9Fh96dtSreINeB7FEYRgJatn-HCr4EAYjJ9TgP5fuWPFygkoAN6x5cLPsvcvyiMgKNJzHRP2g4YnosTZGgwuvMqeaZvCAHPCJyicCEZ_C2Rqc-J4ZmlemmbU\" alt=\"\" width=\"431\" height=\"402\"><\/figure><p>A sequ&ecirc;ncia correta dos compartimentos geomorfol&oacute;gicos no tra&ccedil;ado A &ndash; B apresentados na imagem e no perfil &eacute;:<\/p><p><strong>A <\/strong>1 &ndash; planalto 2 &ndash; escarpa 3 &ndash; plan&iacute;cie litor&acirc;nea<br><strong>B <\/strong>1 &ndash; escarpa 2 &ndash; planalto 3 &ndash; depress&atilde;o perif&eacute;rica<br><strong>C <\/strong>1 &ndash; escarpa 2 &ndash; planalto 3 &ndash; plan&iacute;cie litor&acirc;nea<br><strong>D <\/strong>1 &ndash; planalto 2 &ndash; escarpa 3 &ndash; depress&atilde;o perif&eacute;rica<br><strong>E <\/strong>1 &ndash; depress&atilde;o perif&eacute;rica 2 &ndash; escarpa 3 &ndash; plan&iacute;cie litor&acirc;nea<\/p><p><strong>Resposta:<\/strong> &Eacute; mais f&aacute;cil come&ccedil;ar analisando o ponto B do perfil topogr&aacute;fico, pois &eacute; uma plan&iacute;cie litor&acirc;nea, dessa maneira, eliminamos as alternativas &ldquo;b&rdquo; e &ldquo;d&rdquo;. O ponto A &eacute; uma &aacute;rea de remo&ccedil;&atilde;o, logo, &eacute; um planalto.<\/p><p>A linha A-B mostra um caminho que se estende do Rio de Janeiro ao litoral de S&atilde;o Paulo. O perfil topogr&aacute;fico nesse trajeto &eacute;: Planalto Atl&acirc;ntico, escarpa (parte final e inclinada do planalto) e, por fim, a plan&iacute;cie litor&acirc;nea. Vamos retomar os conceitos desses compartimentos geomorfol&oacute;gicos:<\/p><p><strong>Planalto:<\/strong> s&atilde;o forma&ccedil;&otilde;es antigas, onde surgem serras, dobramentos e forma&ccedil;&otilde;es gran&iacute;ticas recobertas parcialmente por terrenos sedimentares. Os Planaltos e Serras do Atl&acirc;ntico Leste-Sudeste s&atilde;o formas de relevo importantes do Brasil.&nbsp;<br><strong>Escarpa:<\/strong> declive acentuado que aparece em bordas de planalto. Pode ser gerada por um movimento tect&ocirc;nico, que forma escarpas de falha, ou ser modelada pelos agentes externos, que geram escarpas de eros&atilde;o.<br><strong>Plan&iacute;cie Litor&acirc;nea:<\/strong> as plan&iacute;cies e tabuleiros litor&acirc;neos estendem-se do Maranh&atilde;o ao Rio Grande do Sul. De Norte para Sul, as plan&iacute;cies litor&acirc;neas tornam-se mais estreitas, chegando quase a desaparecer em trechos da costa sul e sudeste.<\/p><p>Alternativa correta:&nbsp;<strong>A<\/strong><\/p><h2 class=\"wp-block-heading\"><span class=\"ez-toc-section\" id=\"Estude-com-o-Estrategia-Vestibulares\"><\/span>Estude com o Estrat&eacute;gia Vestibulares<span class=\"ez-toc-section-end\"><\/span><\/h2><p>No Estrat&eacute;gia Vestibulares voc&ecirc; tem acesso a cursos espec&iacute;ficos de acordo com cada banca e edital, al&eacute;m de possuir materiais em diversos formatos: PDFs, v&iacute;deoaulas, &aacute;udios, mapas mentais e nosso Livro Digital Interativo, que integra todos esses formatos. Confira mais sobre o EV no banner abaixo.<\/p><p>\n\n\n\n<a id=\"cta\" class=\"cta-imagem\" href=\"https:\/\/vestibulares.estrategia.com\/cursos\/\" target=\"blank\">\n                <img decoding=\"async\" width=\"100%\" src=\"https:\/\/vestibulares.estrategia.com\/portal\/wp-content\/uploads\/2021\/12\/EV2.jpg\" alt=\"CTA - Estrat\u00e9gia Vestibulares 2\" title=\"CTA - Estrat\u00e9gia Vestibulares 2\">\n        <\/a>\n\n\n\n\n<\/p><\/p>\n","protected":false},"excerpt":{"rendered":"Levantamos quest\u00f5es sobre os relevos brasileiros que j\u00e1 ca\u00edram nos vestibulares e no Enem em nosso banco de quest\u00f5es para voc\u00ea treinar\n","protected":false},"author":43,"featured_media":107789,"comment_status":"closed","ping_status":"closed","sticky":false,"template":"","format":"standard","meta":{"wl_entities_gutenberg":"","footnotes":""},"categories":[46],"tags":[],"wl_entity_type":[732],"class_list":{"0":"post-107788","1":"post","2":"type-post","3":"status-publish","4":"format-standard","5":"has-post-thumbnail","7":"category-atualidades-e-dicas","8":"wl_entity_type-article"},"acf":[],"yoast_head":"<!-- This site is optimized with the Yoast SEO Premium plugin v25.9 (Yoast SEO v25.9) - https:\/\/yoast.com\/wordpress\/plugins\/seo\/ -->\n<title>7 quest\u00f5es sobre relevos brasileiros que j\u00e1 ca\u00edram nos vestibulares e no Enem<\/title>\n<meta name=\"description\" content=\"Levantamos quest\u00f5es sobre os relevos brasileiros que j\u00e1 ca\u00edram nos vestibulares e no Enem em nosso banco de quest\u00f5es. Confira!\" \/>\n<meta name=\"robots\" content=\"index, follow, max-snippet:-1, max-image-preview:large, max-video-preview:-1\" \/>\n<link rel=\"canonical\" href=\"https:\/\/vestibulares.estrategia.com\/portal\/atualidades-e-dicas\/7-questoes-sobre-relevos-brasileiros-que-ja-cairam-nos-vestibulares-e-no-enem\/\" \/>\n<meta property=\"og:locale\" content=\"pt_BR\" \/>\n<meta property=\"og:type\" content=\"article\" \/>\n<meta property=\"og:title\" content=\"7 quest\u00f5es sobre relevos brasileiros que j\u00e1 ca\u00edram nos vestibulares e no Enem\" \/>\n<meta property=\"og:description\" content=\"Levantamos quest\u00f5es sobre os relevos brasileiros que j\u00e1 ca\u00edram nos vestibulares e no Enem em nosso banco de quest\u00f5es. Confira!\" \/>\n<meta property=\"og:url\" content=\"https:\/\/vestibulares.estrategia.com\/portal\/atualidades-e-dicas\/7-questoes-sobre-relevos-brasileiros-que-ja-cairam-nos-vestibulares-e-no-enem\/\" \/>\n<meta property=\"og:site_name\" content=\"Estrat\u00e9gia Vestibulares\" \/>\n<meta property=\"article:publisher\" content=\"https:\/\/facebook.com\/estrategiavestibulares\" \/>\n<meta property=\"article:published_time\" content=\"2023-11-28T21:21:07+00:00\" \/>\n<meta property=\"article:modified_time\" content=\"2024-01-23T18:29:07+00:00\" \/>\n<meta property=\"og:image\" content=\"https:\/\/vestibulares.estrategia.com\/portal\/wp-content\/uploads\/2023\/11\/pico_da_neblina-1-1.jpg\" \/>\n\t<meta property=\"og:image:width\" content=\"1400\" \/>\n\t<meta property=\"og:image:height\" content=\"838\" \/>\n\t<meta property=\"og:image:type\" content=\"image\/jpeg\" \/>\n<meta name=\"author\" content=\"Leonardo Del Sant\" \/>\n<meta name=\"twitter:card\" content=\"summary_large_image\" \/>\n<meta name=\"twitter:creator\" content=\"@Estrategiavest\" \/>\n<meta name=\"twitter:site\" content=\"@Estrategiavest\" \/>\n<meta name=\"twitter:label1\" content=\"Escrito por\" \/>\n\t<meta name=\"twitter:data1\" content=\"Leonardo Del Sant\" \/>\n\t<meta name=\"twitter:label2\" content=\"Est. tempo de leitura\" \/>\n\t<meta name=\"twitter:data2\" content=\"9 minutos\" \/>\n<script type=\"application\/ld+json\" class=\"yoast-schema-graph\">{\"@context\":\"https:\/\/schema.org\",\"@graph\":[{\"@type\":\"Article\",\"@id\":\"https:\/\/vestibulares.estrategia.com\/portal\/atualidades-e-dicas\/7-questoes-sobre-relevos-brasileiros-que-ja-cairam-nos-vestibulares-e-no-enem\/#article\",\"isPartOf\":{\"@id\":\"https:\/\/vestibulares.estrategia.com\/portal\/atualidades-e-dicas\/7-questoes-sobre-relevos-brasileiros-que-ja-cairam-nos-vestibulares-e-no-enem\/\"},\"author\":{\"name\":\"Leonardo Del Sant\",\"@id\":\"https:\/\/vestibulares.estrategia.com\/portal\/#\/schema\/person\/95532619fccae669187ec84703047908\"},\"headline\":\"7 quest\u00f5es sobre relevos brasileiros que j\u00e1 ca\u00edram nos vestibulares e no Enem\",\"datePublished\":\"2023-11-28T21:21:07+00:00\",\"dateModified\":\"2024-01-23T18:29:07+00:00\",\"mainEntityOfPage\":{\"@id\":\"https:\/\/vestibulares.estrategia.com\/portal\/atualidades-e-dicas\/7-questoes-sobre-relevos-brasileiros-que-ja-cairam-nos-vestibulares-e-no-enem\/\"},\"wordCount\":1869,\"publisher\":{\"@id\":\"https:\/\/vestibulares.estrategia.com\/portal\/#organization\"},\"image\":{\"@id\":\"https:\/\/vestibulares.estrategia.com\/portal\/atualidades-e-dicas\/7-questoes-sobre-relevos-brasileiros-que-ja-cairam-nos-vestibulares-e-no-enem\/#primaryimage\"},\"thumbnailUrl\":\"https:\/\/vestibulares.estrategia.com\/portal\/wp-content\/uploads\/2023\/11\/pico_da_neblina-1-1.jpg\",\"articleSection\":[\"Atualidades e Dicas\"],\"inLanguage\":\"pt-BR\"},{\"@type\":\"WebPage\",\"@id\":\"https:\/\/vestibulares.estrategia.com\/portal\/atualidades-e-dicas\/7-questoes-sobre-relevos-brasileiros-que-ja-cairam-nos-vestibulares-e-no-enem\/\",\"url\":\"https:\/\/vestibulares.estrategia.com\/portal\/atualidades-e-dicas\/7-questoes-sobre-relevos-brasileiros-que-ja-cairam-nos-vestibulares-e-no-enem\/\",\"name\":\"7 quest\u00f5es sobre relevos brasileiros que j\u00e1 ca\u00edram nos vestibulares e no Enem\",\"isPartOf\":{\"@id\":\"https:\/\/vestibulares.estrategia.com\/portal\/#website\"},\"primaryImageOfPage\":{\"@id\":\"https:\/\/vestibulares.estrategia.com\/portal\/atualidades-e-dicas\/7-questoes-sobre-relevos-brasileiros-que-ja-cairam-nos-vestibulares-e-no-enem\/#primaryimage\"},\"image\":{\"@id\":\"https:\/\/vestibulares.estrategia.com\/portal\/atualidades-e-dicas\/7-questoes-sobre-relevos-brasileiros-que-ja-cairam-nos-vestibulares-e-no-enem\/#primaryimage\"},\"thumbnailUrl\":\"https:\/\/vestibulares.estrategia.com\/portal\/wp-content\/uploads\/2023\/11\/pico_da_neblina-1-1.jpg\",\"datePublished\":\"2023-11-28T21:21:07+00:00\",\"dateModified\":\"2024-01-23T18:29:07+00:00\",\"description\":\"Levantamos quest\u00f5es sobre os relevos brasileiros que j\u00e1 ca\u00edram nos vestibulares e no Enem em nosso banco de quest\u00f5es. Confira!\",\"breadcrumb\":{\"@id\":\"https:\/\/vestibulares.estrategia.com\/portal\/atualidades-e-dicas\/7-questoes-sobre-relevos-brasileiros-que-ja-cairam-nos-vestibulares-e-no-enem\/#breadcrumb\"},\"inLanguage\":\"pt-BR\",\"potentialAction\":[{\"@type\":\"ReadAction\",\"target\":[\"https:\/\/vestibulares.estrategia.com\/portal\/atualidades-e-dicas\/7-questoes-sobre-relevos-brasileiros-que-ja-cairam-nos-vestibulares-e-no-enem\/\"]}]},{\"@type\":\"ImageObject\",\"inLanguage\":\"pt-BR\",\"@id\":\"https:\/\/vestibulares.estrategia.com\/portal\/atualidades-e-dicas\/7-questoes-sobre-relevos-brasileiros-que-ja-cairam-nos-vestibulares-e-no-enem\/#primaryimage\",\"url\":\"https:\/\/vestibulares.estrategia.com\/portal\/wp-content\/uploads\/2023\/11\/pico_da_neblina-1-1.jpg\",\"contentUrl\":\"https:\/\/vestibulares.estrategia.com\/portal\/wp-content\/uploads\/2023\/11\/pico_da_neblina-1-1.jpg\",\"width\":1400,\"height\":838,\"caption\":\"Pico da Neblina Divulga\u00e7\u00e3o\/ICMBio\"},{\"@type\":\"BreadcrumbList\",\"@id\":\"https:\/\/vestibulares.estrategia.com\/portal\/atualidades-e-dicas\/7-questoes-sobre-relevos-brasileiros-que-ja-cairam-nos-vestibulares-e-no-enem\/#breadcrumb\",\"itemListElement\":[{\"@type\":\"ListItem\",\"position\":1,\"name\":\"Home\",\"item\":\"https:\/\/vestibulares.estrategia.com\/portal\/\"},{\"@type\":\"ListItem\",\"position\":2,\"name\":\"Atualidades e Dicas\",\"item\":\"https:\/\/vestibulares.estrategia.com\/portal\/atualidades-e-dicas\/\"},{\"@type\":\"ListItem\",\"position\":3,\"name\":\"7 quest\u00f5es sobre relevos brasileiros que j\u00e1 ca\u00edram nos vestibulares e no Enem\"}]},{\"@type\":\"WebSite\",\"@id\":\"https:\/\/vestibulares.estrategia.com\/portal\/#website\",\"url\":\"https:\/\/vestibulares.estrategia.com\/portal\/\",\"name\":\"Estrat\u00e9gia Vestibulares\",\"description\":\"\",\"publisher\":{\"@id\":\"https:\/\/vestibulares.estrategia.com\/portal\/#organization\"},\"potentialAction\":[{\"@type\":\"SearchAction\",\"target\":{\"@type\":\"EntryPoint\",\"urlTemplate\":\"https:\/\/vestibulares.estrategia.com\/portal\/?s={search_term_string}\"},\"query-input\":{\"@type\":\"PropertyValueSpecification\",\"valueRequired\":true,\"valueName\":\"search_term_string\"}}],\"inLanguage\":\"pt-BR\"},{\"@type\":\"Organization\",\"@id\":\"https:\/\/vestibulares.estrategia.com\/portal\/#organization\",\"name\":\"Estrat\u00e9gia Vestibulares\",\"url\":\"https:\/\/vestibulares.estrategia.com\/portal\/\",\"logo\":{\"@type\":\"ImageObject\",\"inLanguage\":\"pt-BR\",\"@id\":\"https:\/\/vestibulares.estrategia.com\/portal\/#\/schema\/logo\/image\/\",\"url\":\"https:\/\/vestibulares.estrategia.com\/portal\/wp-content\/uploads\/2021\/06\/Logo-Vestibulares@4x.png\",\"contentUrl\":\"https:\/\/vestibulares.estrategia.com\/portal\/wp-content\/uploads\/2021\/06\/Logo-Vestibulares@4x.png\",\"width\":250,\"height\":66,\"caption\":\"Estrat\u00e9gia Vestibulares\"},\"image\":{\"@id\":\"https:\/\/vestibulares.estrategia.com\/portal\/#\/schema\/logo\/image\/\"},\"sameAs\":[\"https:\/\/facebook.com\/estrategiavestibulares\",\"https:\/\/x.com\/Estrategiavest\",\"https:\/\/www.instagram.com\/estrategiavestibulares\",\"https:\/\/www.youtube.com\/channel\/UCGWdZy8ULI-7_5GrABa4vNA\"]},{\"@type\":\"Person\",\"@id\":\"https:\/\/vestibulares.estrategia.com\/portal\/#\/schema\/person\/95532619fccae669187ec84703047908\",\"name\":\"Leonardo Del Sant\",\"image\":{\"@type\":\"ImageObject\",\"inLanguage\":\"pt-BR\",\"@id\":\"https:\/\/vestibulares.estrategia.com\/portal\/#\/schema\/person\/image\/\",\"url\":\"https:\/\/vestibulares.estrategia.com\/portal\/wp-content\/uploads\/2026\/02\/1000082484-150x150.jpeg\",\"contentUrl\":\"https:\/\/vestibulares.estrategia.com\/portal\/wp-content\/uploads\/2026\/02\/1000082484-150x150.jpeg\",\"caption\":\"Leonardo Del Sant\"},\"description\":\"Coordenador de Jornalismo do Estrat\u00e9gia Vestibulares. Trabalhou com escrita para SEO em sites das \u00e1reas de economia, varejo, sa\u00fade, tecnologia e alimenta\u00e7\u00e3o. Formado em jornalismo pela Unesp\/Bauru.\",\"url\":\"https:\/\/vestibulares.estrategia.com\/portal\/author\/leonardo-del-sant\/\"}]}<\/script>\n<!-- \/ Yoast SEO Premium plugin. -->","yoast_head_json":{"title":"7 quest\u00f5es sobre relevos brasileiros que j\u00e1 ca\u00edram nos vestibulares e no Enem","description":"Levantamos quest\u00f5es sobre os relevos brasileiros que j\u00e1 ca\u00edram nos vestibulares e no Enem em nosso banco de quest\u00f5es. Confira!","robots":{"index":"index","follow":"follow","max-snippet":"max-snippet:-1","max-image-preview":"max-image-preview:large","max-video-preview":"max-video-preview:-1"},"canonical":"https:\/\/vestibulares.estrategia.com\/portal\/atualidades-e-dicas\/7-questoes-sobre-relevos-brasileiros-que-ja-cairam-nos-vestibulares-e-no-enem\/","og_locale":"pt_BR","og_type":"article","og_title":"7 quest\u00f5es sobre relevos brasileiros que j\u00e1 ca\u00edram nos vestibulares e no Enem","og_description":"Levantamos quest\u00f5es sobre os relevos brasileiros que j\u00e1 ca\u00edram nos vestibulares e no Enem em nosso banco de quest\u00f5es. Confira!","og_url":"https:\/\/vestibulares.estrategia.com\/portal\/atualidades-e-dicas\/7-questoes-sobre-relevos-brasileiros-que-ja-cairam-nos-vestibulares-e-no-enem\/","og_site_name":"Estrat\u00e9gia Vestibulares","article_publisher":"https:\/\/facebook.com\/estrategiavestibulares","article_published_time":"2023-11-28T21:21:07+00:00","article_modified_time":"2024-01-23T18:29:07+00:00","og_image":[{"width":1400,"height":838,"url":"https:\/\/vestibulares.estrategia.com\/portal\/wp-content\/uploads\/2023\/11\/pico_da_neblina-1-1.jpg","type":"image\/jpeg"}],"author":"Leonardo Del Sant","twitter_card":"summary_large_image","twitter_creator":"@Estrategiavest","twitter_site":"@Estrategiavest","twitter_misc":{"Escrito por":"Leonardo Del Sant","Est. tempo de leitura":"9 minutos"},"schema":{"@context":"https:\/\/schema.org","@graph":[{"@type":"Article","@id":"https:\/\/vestibulares.estrategia.com\/portal\/atualidades-e-dicas\/7-questoes-sobre-relevos-brasileiros-que-ja-cairam-nos-vestibulares-e-no-enem\/#article","isPartOf":{"@id":"https:\/\/vestibulares.estrategia.com\/portal\/atualidades-e-dicas\/7-questoes-sobre-relevos-brasileiros-que-ja-cairam-nos-vestibulares-e-no-enem\/"},"author":{"name":"Leonardo Del Sant","@id":"https:\/\/vestibulares.estrategia.com\/portal\/#\/schema\/person\/95532619fccae669187ec84703047908"},"headline":"7 quest\u00f5es sobre relevos brasileiros que j\u00e1 ca\u00edram nos vestibulares e no Enem","datePublished":"2023-11-28T21:21:07+00:00","dateModified":"2024-01-23T18:29:07+00:00","mainEntityOfPage":{"@id":"https:\/\/vestibulares.estrategia.com\/portal\/atualidades-e-dicas\/7-questoes-sobre-relevos-brasileiros-que-ja-cairam-nos-vestibulares-e-no-enem\/"},"wordCount":1869,"publisher":{"@id":"https:\/\/vestibulares.estrategia.com\/portal\/#organization"},"image":{"@id":"https:\/\/vestibulares.estrategia.com\/portal\/atualidades-e-dicas\/7-questoes-sobre-relevos-brasileiros-que-ja-cairam-nos-vestibulares-e-no-enem\/#primaryimage"},"thumbnailUrl":"https:\/\/vestibulares.estrategia.com\/portal\/wp-content\/uploads\/2023\/11\/pico_da_neblina-1-1.jpg","articleSection":["Atualidades e Dicas"],"inLanguage":"pt-BR"},{"@type":"WebPage","@id":"https:\/\/vestibulares.estrategia.com\/portal\/atualidades-e-dicas\/7-questoes-sobre-relevos-brasileiros-que-ja-cairam-nos-vestibulares-e-no-enem\/","url":"https:\/\/vestibulares.estrategia.com\/portal\/atualidades-e-dicas\/7-questoes-sobre-relevos-brasileiros-que-ja-cairam-nos-vestibulares-e-no-enem\/","name":"7 quest\u00f5es sobre relevos brasileiros que j\u00e1 ca\u00edram nos vestibulares e no Enem","isPartOf":{"@id":"https:\/\/vestibulares.estrategia.com\/portal\/#website"},"primaryImageOfPage":{"@id":"https:\/\/vestibulares.estrategia.com\/portal\/atualidades-e-dicas\/7-questoes-sobre-relevos-brasileiros-que-ja-cairam-nos-vestibulares-e-no-enem\/#primaryimage"},"image":{"@id":"https:\/\/vestibulares.estrategia.com\/portal\/atualidades-e-dicas\/7-questoes-sobre-relevos-brasileiros-que-ja-cairam-nos-vestibulares-e-no-enem\/#primaryimage"},"thumbnailUrl":"https:\/\/vestibulares.estrategia.com\/portal\/wp-content\/uploads\/2023\/11\/pico_da_neblina-1-1.jpg","datePublished":"2023-11-28T21:21:07+00:00","dateModified":"2024-01-23T18:29:07+00:00","description":"Levantamos quest\u00f5es sobre os relevos brasileiros que j\u00e1 ca\u00edram nos vestibulares e no Enem em nosso banco de quest\u00f5es. Confira!","breadcrumb":{"@id":"https:\/\/vestibulares.estrategia.com\/portal\/atualidades-e-dicas\/7-questoes-sobre-relevos-brasileiros-que-ja-cairam-nos-vestibulares-e-no-enem\/#breadcrumb"},"inLanguage":"pt-BR","potentialAction":[{"@type":"ReadAction","target":["https:\/\/vestibulares.estrategia.com\/portal\/atualidades-e-dicas\/7-questoes-sobre-relevos-brasileiros-que-ja-cairam-nos-vestibulares-e-no-enem\/"]}]},{"@type":"ImageObject","inLanguage":"pt-BR","@id":"https:\/\/vestibulares.estrategia.com\/portal\/atualidades-e-dicas\/7-questoes-sobre-relevos-brasileiros-que-ja-cairam-nos-vestibulares-e-no-enem\/#primaryimage","url":"https:\/\/vestibulares.estrategia.com\/portal\/wp-content\/uploads\/2023\/11\/pico_da_neblina-1-1.jpg","contentUrl":"https:\/\/vestibulares.estrategia.com\/portal\/wp-content\/uploads\/2023\/11\/pico_da_neblina-1-1.jpg","width":1400,"height":838,"caption":"Pico da Neblina Divulga\u00e7\u00e3o\/ICMBio"},{"@type":"BreadcrumbList","@id":"https:\/\/vestibulares.estrategia.com\/portal\/atualidades-e-dicas\/7-questoes-sobre-relevos-brasileiros-que-ja-cairam-nos-vestibulares-e-no-enem\/#breadcrumb","itemListElement":[{"@type":"ListItem","position":1,"name":"Home","item":"https:\/\/vestibulares.estrategia.com\/portal\/"},{"@type":"ListItem","position":2,"name":"Atualidades e Dicas","item":"https:\/\/vestibulares.estrategia.com\/portal\/atualidades-e-dicas\/"},{"@type":"ListItem","position":3,"name":"7 quest\u00f5es sobre relevos brasileiros que j\u00e1 ca\u00edram nos vestibulares e no Enem"}]},{"@type":"WebSite","@id":"https:\/\/vestibulares.estrategia.com\/portal\/#website","url":"https:\/\/vestibulares.estrategia.com\/portal\/","name":"Estrat\u00e9gia Vestibulares","description":"","publisher":{"@id":"https:\/\/vestibulares.estrategia.com\/portal\/#organization"},"potentialAction":[{"@type":"SearchAction","target":{"@type":"EntryPoint","urlTemplate":"https:\/\/vestibulares.estrategia.com\/portal\/?s={search_term_string}"},"query-input":{"@type":"PropertyValueSpecification","valueRequired":true,"valueName":"search_term_string"}}],"inLanguage":"pt-BR"},{"@type":"Organization","@id":"https:\/\/vestibulares.estrategia.com\/portal\/#organization","name":"Estrat\u00e9gia Vestibulares","url":"https:\/\/vestibulares.estrategia.com\/portal\/","logo":{"@type":"ImageObject","inLanguage":"pt-BR","@id":"https:\/\/vestibulares.estrategia.com\/portal\/#\/schema\/logo\/image\/","url":"https:\/\/vestibulares.estrategia.com\/portal\/wp-content\/uploads\/2021\/06\/Logo-Vestibulares@4x.png","contentUrl":"https:\/\/vestibulares.estrategia.com\/portal\/wp-content\/uploads\/2021\/06\/Logo-Vestibulares@4x.png","width":250,"height":66,"caption":"Estrat\u00e9gia Vestibulares"},"image":{"@id":"https:\/\/vestibulares.estrategia.com\/portal\/#\/schema\/logo\/image\/"},"sameAs":["https:\/\/facebook.com\/estrategiavestibulares","https:\/\/x.com\/Estrategiavest","https:\/\/www.instagram.com\/estrategiavestibulares","https:\/\/www.youtube.com\/channel\/UCGWdZy8ULI-7_5GrABa4vNA"]},{"@type":"Person","@id":"https:\/\/vestibulares.estrategia.com\/portal\/#\/schema\/person\/95532619fccae669187ec84703047908","name":"Leonardo Del Sant","image":{"@type":"ImageObject","inLanguage":"pt-BR","@id":"https:\/\/vestibulares.estrategia.com\/portal\/#\/schema\/person\/image\/","url":"https:\/\/vestibulares.estrategia.com\/portal\/wp-content\/uploads\/2026\/02\/1000082484-150x150.jpeg","contentUrl":"https:\/\/vestibulares.estrategia.com\/portal\/wp-content\/uploads\/2026\/02\/1000082484-150x150.jpeg","caption":"Leonardo Del Sant"},"description":"Coordenador de Jornalismo do Estrat\u00e9gia Vestibulares. Trabalhou com escrita para SEO em sites das \u00e1reas de economia, varejo, sa\u00fade, tecnologia e alimenta\u00e7\u00e3o. Formado em jornalismo pela Unesp\/Bauru.","url":"https:\/\/vestibulares.estrategia.com\/portal\/author\/leonardo-del-sant\/"}]}},"_wl_alt_label":[],"wl:entity_url":"https:\/\/data.wordlift.io\/wl110249\/post\/7-questoes-sobre-relevos-brasileiros-que-ja-cairam-nos-vestibulares-e-no-enem","_links":{"self":[{"href":"https:\/\/vestibulares.estrategia.com\/portal\/wp-json\/wp\/v2\/posts\/107788","targetHints":{"allow":["GET"]}}],"collection":[{"href":"https:\/\/vestibulares.estrategia.com\/portal\/wp-json\/wp\/v2\/posts"}],"about":[{"href":"https:\/\/vestibulares.estrategia.com\/portal\/wp-json\/wp\/v2\/types\/post"}],"author":[{"embeddable":true,"href":"https:\/\/vestibulares.estrategia.com\/portal\/wp-json\/wp\/v2\/users\/43"}],"replies":[{"embeddable":true,"href":"https:\/\/vestibulares.estrategia.com\/portal\/wp-json\/wp\/v2\/comments?post=107788"}],"version-history":[{"count":4,"href":"https:\/\/vestibulares.estrategia.com\/portal\/wp-json\/wp\/v2\/posts\/107788\/revisions"}],"predecessor-version":[{"id":111056,"href":"https:\/\/vestibulares.estrategia.com\/portal\/wp-json\/wp\/v2\/posts\/107788\/revisions\/111056"}],"wp:featuredmedia":[{"embeddable":true,"href":"https:\/\/vestibulares.estrategia.com\/portal\/wp-json\/wp\/v2\/media\/107789"}],"wp:attachment":[{"href":"https:\/\/vestibulares.estrategia.com\/portal\/wp-json\/wp\/v2\/media?parent=107788"}],"wp:term":[{"taxonomy":"category","embeddable":true,"href":"https:\/\/vestibulares.estrategia.com\/portal\/wp-json\/wp\/v2\/categories?post=107788"},{"taxonomy":"post_tag","embeddable":true,"href":"https:\/\/vestibulares.estrategia.com\/portal\/wp-json\/wp\/v2\/tags?post=107788"},{"taxonomy":"wl_entity_type","embeddable":true,"href":"https:\/\/vestibulares.estrategia.com\/portal\/wp-json\/wp\/v2\/wl_entity_type?post=107788"}],"curies":[{"name":"wp","href":"https:\/\/api.w.org\/{rel}","templated":true}]}}