{"id":108068,"date":"2023-12-01T07:00:00","date_gmt":"2023-12-01T10:00:00","guid":{"rendered":"https:\/\/vestibulares.estrategia.com\/portal\/?p=108068"},"modified":"2023-12-07T14:42:47","modified_gmt":"2023-12-07T17:42:47","slug":"silabas-poeticas","status":"publish","type":"post","link":"https:\/\/vestibulares.estrategia.com\/portal\/materias\/literatura\/silabas-poeticas\/","title":{"rendered":"S\u00edlabas po\u00e9ticas: o que s\u00e3o, como definir e contar"},"content":{"rendered":"<p class=\"wp-block-paragraph\">Os <span id=\"urn:enhancement-5009509f-781b-4368-b96a-79dbabfdc512\" class=\"textannotation disambiguated wl-thing\" itemid=\"https:\/\/data.wordlift.io\/wl110249\/entity\/versos\">versos<\/span> de <span id=\"urn:enhancement-64a04505-b585-4738-b61f-b02124028539\" class=\"textannotation disambiguated wl-thing\" itemid=\"https:\/\/data.wordlift.io\/wl110249\/entity\/poemas\">poemas<\/span> podem ser constru&iacute;dos para que tenham uma musicalidade na enuncia&ccedil;&atilde;o das palavras, conforme o desejo do autor. Em muitas <span id=\"urn:enhancement-3e7c93ca-d9f1-44d3-9dc3-1dfaef5c5ff1\" class=\"textannotation disambiguated wl-thing\" itemid=\"https:\/\/data.wordlift.io\/wl110249\/entity\/escolas-literarias\">escolas liter&aacute;rias<\/span>, em que h&aacute; valoriza&ccedil;&atilde;o da est&eacute;tica e da sonoridade, os escritores montam os <span id=\"urn:enhancement-4a0e1ea9-7626-4956-8f5a-7e05ab0fd922\" class=\"textannotation disambiguated wl-thing\" itemid=\"https:\/\/data.wordlift.io\/wl110249\/entity\/versos\">versos<\/span> contando <span id=\"urn:local-annotation-826763\" class=\"textannotation disambiguated\" itemid=\"https:\/\/data.wordlift.io\/wl110249\/entity\/silabas-poeticas\">s&iacute;labas po&eacute;ticas<\/span>, para desenvolver uma harmonia dentro do texto.<p class=\"wp-block-paragraph\">O conceito de s&iacute;labas po&eacute;ticas &eacute; pr&oacute;prio da literatura e muito explorado em poesias <span id=\"urn:enhancement-59d8ae3d-0290-4be7-bf2f-08d90a285681\" class=\"textannotation disambiguated wl-thing\" itemid=\"https:\/\/data.wordlift.io\/wl110249\/entity\/classicismo\">cl&aacute;ssicas<\/span>. Apesar disso, a separa&ccedil;&atilde;o sil&aacute;bica liter&aacute;ria &eacute; realizada a partir das caracter&iacute;sticas sonoras das palavras, diferentemente da divis&atilde;o de s&iacute;labas utilizadas durante o processo de alfabetiza&ccedil;&atilde;o.<\/p><p class=\"wp-block-paragraph\">Neste artigo, leia mais sobre o conceito e caracter&iacute;sticas das s&iacute;labas po&eacute;ticas. Aprenda tamb&eacute;m como fazer a separa&ccedil;&atilde;o delas em um verso e como eles podem ser classificados a partir do n&uacute;mero de s&iacute;labas que possuem.&nbsp;<\/p><div id=\"ez-toc-container\" class=\"ez-toc-v2_0_86 counter-hierarchy ez-toc-counter ez-toc-transparent ez-toc-container-direction\">\n<div class=\"ez-toc-title-container\"><p class=\"ez-toc-title\" style=\"cursor:inherit\">Navegue pelo conte\u00fado<\/p>\n<\/div><nav><ul class='ez-toc-list ez-toc-list-level-1 ' ><li class='ez-toc-page-1 ez-toc-heading-level-2'><a class=\"ez-toc-link ez-toc-heading-1\" href=\"https:\/\/vestibulares.estrategia.com\/portal\/materias\/literatura\/silabas-poeticas\/#O-que-sao-silabas-poeticas\" >O que s&atilde;o s&iacute;labas po&eacute;ticas?<\/a><\/li><li class='ez-toc-page-1 ez-toc-heading-level-2'><a class=\"ez-toc-link ez-toc-heading-2\" href=\"https:\/\/vestibulares.estrategia.com\/portal\/materias\/literatura\/silabas-poeticas\/#Como-contar-silabas-poeticas\" >Como contar s&iacute;labas po&eacute;ticas?<\/a><\/li><li class='ez-toc-page-1 ez-toc-heading-level-2'><a class=\"ez-toc-link ez-toc-heading-3\" href=\"https:\/\/vestibulares.estrategia.com\/portal\/materias\/literatura\/silabas-poeticas\/#Como-classificar-silabas-poeticas\" >Como classificar s&iacute;labas po&eacute;ticas?<\/a><\/li><li class='ez-toc-page-1 ez-toc-heading-level-2'><a class=\"ez-toc-link ez-toc-heading-4\" href=\"https:\/\/vestibulares.estrategia.com\/portal\/materias\/literatura\/silabas-poeticas\/#Questao-de-vestibular\" >Quest&atilde;o de vestibular<\/a><\/li><li class='ez-toc-page-1 ez-toc-heading-level-2'><a class=\"ez-toc-link ez-toc-heading-5\" href=\"https:\/\/vestibulares.estrategia.com\/portal\/materias\/literatura\/silabas-poeticas\/#Estude-para-o-vestibular-com-o-Estrategia\" >Estude para o vestibular com o Estrat&eacute;gia!<\/a><\/li><\/ul><\/nav><\/div>\n<h2 class=\"wp-block-heading\" id=\"h-o-que-sao-silabas-poeticas\"><span class=\"ez-toc-section\" id=\"O-que-sao-silabas-poeticas\"><\/span>O que s&atilde;o s&iacute;labas po&eacute;ticas?<span class=\"ez-toc-section-end\"><\/span><\/h2><p class=\"wp-block-paragraph\">S&iacute;labas po&eacute;ticas s&atilde;o entidades da <a href=\"https:\/\/www.youtube.com\/watch?v=JyBarGrXxtw&amp;pp=ygUecG9lc2kgYWVzdHJhdGVnaWEgdmVzdGlidWxhcmVz\" target=\"_blank\">literatura<\/a>, em que a separa&ccedil;&atilde;o entre as s&iacute;labas das palavras leva em considera&ccedil;&atilde;o a sonoridade entre elas. A contagem sil&aacute;bica, chamada de escans&atilde;o, garante uma rela&ccedil;&atilde;o matem&aacute;tica dentro dos <span id=\"urn:enhancement-d5efa79a-80ea-4624-94e3-54a3919e70cb\" class=\"textannotation disambiguated wl-thing\" itemid=\"https:\/\/data.wordlift.io\/wl110249\/entity\/poemas\">poemas<\/span>. &Eacute; poss&iacute;vel, tamb&eacute;m, definir as s&iacute;labas po&eacute;ticas como as menores unidades que comp&otilde;em os <span id=\"urn:enhancement-ef0d77d9-ae81-4bab-85d3-7c70fdc06118\" class=\"textannotation disambiguated wl-thing\" itemid=\"https:\/\/data.wordlift.io\/wl110249\/entity\/poemas\">poemas<\/span>, essenciais para a constru&ccedil;&atilde;o deles, especialmente entre os poetas mais cl&aacute;ssicos.&nbsp;<\/p><p class=\"wp-block-paragraph\">Por exemplo, um poeta pode definir que todos os <span id=\"urn:enhancement-2777f26b-b8ce-4d49-a2a7-215b75c3947e\" class=\"textannotation disambiguated wl-thing\" itemid=\"https:\/\/data.wordlift.io\/wl110249\/entity\/versos\">versos<\/span> de sua obra possuir&atilde;o 10 s&iacute;labas e, a partir disso, escrev&ecirc;-la. Nas academias liter&aacute;rias que prezam pela est&eacute;tica e sonoridade da obra de maneira perfeccionista, os autores utilizam esse recurso para enriquecer a estrutura, com padr&otilde;es bem definidos.&nbsp;<\/p><p class=\"wp-block-paragraph\">Inclusive, essas s&iacute;labas s&atilde;o consideradas verso a verso, considerando-se a marca&ccedil;&atilde;o do som entre elas. Por exemplo, existem sons mais fortes, que s&atilde;o chamados de t&ocirc;nicos, enquanto as s&iacute;labas po&eacute;ticas de sonoridade mais fraca e amena, s&atilde;o consideradas &aacute;tonas.<\/p><p class=\"wp-block-paragraph\">Com essa diferencia&ccedil;&atilde;o entre os sons, os poetas conseguem adicionar uma ritmicidade harm&ocirc;nica em uma obra de literatura. Ou seja, &eacute; um conceito que permite adicionar um novo sentido para os textos, al&eacute;m da perspectiva visual, tamb&eacute;m ser&aacute; atingida a parte auditiva.&nbsp;<\/p><h2 class=\"wp-block-heading\" id=\"h-como-contar-silabas-poeticas\"><span class=\"ez-toc-section\" id=\"Como-contar-silabas-poeticas\"><\/span>Como contar s&iacute;labas po&eacute;ticas?<span class=\"ez-toc-section-end\"><\/span><\/h2><p class=\"wp-block-paragraph\">Uma vez que as s&iacute;labas po&eacute;ticas s&atilde;o um conceito que considera a sonoridade dos <span id=\"urn:enhancement-45afcdf2-afd7-496e-ba9b-807ae3fa0368\" class=\"textannotation disambiguated wl-thing\" itemid=\"https:\/\/data.wordlift.io\/wl110249\/entity\/versos\">versos<\/span>, &eacute; importante que a contagem delas nos <span id=\"urn:enhancement-3462d88b-e535-4e64-8f5b-e8f2e50a4363\" class=\"textannotation disambiguated wl-thing\" itemid=\"https:\/\/data.wordlift.io\/wl110249\/entity\/versos\">versos<\/span> seja feita a partir de uma pron&uacute;ncia e audi&ccedil;&atilde;o atentas aos sons.&nbsp;<\/p><p class=\"wp-block-paragraph\">Em boa parte das vezes, as s&iacute;labas po&eacute;ticas coincidem com as s&iacute;labas gramaticais, entretanto a quest&atilde;o sonora deve predominar na divis&atilde;o. Deve ser observado se dois sons, mesmo que estejam em s&iacute;labas gramaticais diferentes, acabam se unindo quando pronunciados. Para facilitar a compreens&atilde;o, acompanhe o exemplo da frase a seguir:<\/p><p class=\"wp-block-paragraph\">&ldquo;Eu sa&iacute; da &aacute;gua sozinha&rdquo;&nbsp;<\/p><p class=\"wp-block-paragraph\">Ao pronunciar a ora&ccedil;&atilde;o anterior, note que com o som voc&aacute;lico da letra &ldquo;a&rdquo; se uniu entre a preposi&ccedil;&atilde;o &ldquo;da&rdquo; e a palavra &ldquo;&aacute;gua&rdquo;. Isso faz com que da+a estejam em uma &uacute;nica s&iacute;laba po&eacute;tica.&nbsp;<\/p><p class=\"wp-block-paragraph\">Outro ponto importante da escans&atilde;o &eacute; que a contagem termina exatamente na &uacute;ltima s&iacute;laba t&ocirc;nica do verso. Ou seja, n&atilde;o importa se existem outras s&iacute;labas gramaticais no fim da &uacute;ltima palavra, a &uacute;ltima que ser&aacute; contada &eacute; a t&ocirc;nica.&nbsp;<\/p><p class=\"wp-block-paragraph\">Tomando como exemplo a mesma frase (&ldquo;Eu sa&iacute; da &aacute;gua sozinha&rdquo;), note que &ldquo;sozinha&rdquo; &eacute; uma parox&iacute;tona, com a pen&uacute;ltima s&iacute;laba t&ocirc;nica. Ent&atilde;o, ao fazer a escans&atilde;o do verso, a &uacute;ltima s&iacute;laba a ser contada &eacute; &ldquo;zi&rdquo;, assim:<\/p><div class=\"wp-block-image\">\n<figure class=\"aligncenter size-full\"><img decoding=\"async\" width=\"271\" height=\"61\" src=\"https:\/\/vestibulares.estrategia.com\/portal\/wp-content\/uploads\/2023\/11\/image-20.png\" alt=\"encans&atilde;o de s&iacute;labas po&eacute;ticas\" class=\"wp-image-108069\"><\/figure>\n<\/div><p class=\"wp-block-paragraph\">Em alguns casos, quando a &uacute;ltima palavra do verso &eacute; uma ox&iacute;tona ou monoss&iacute;labo, a &uacute;ltima s&iacute;laba da palavra coincide com a &uacute;ltima s&iacute;laba t&ocirc;nica do verso. Ent&atilde;o, a contagem vai at&eacute; o fim da frase, como em:<\/p><div class=\"wp-block-image\">\n<figure class=\"aligncenter size-full\"><img decoding=\"async\" width=\"354\" height=\"54\" src=\"https:\/\/vestibulares.estrategia.com\/portal\/wp-content\/uploads\/2023\/11\/image-21.png\" alt=\"s&iacute;labas po&eacute;ticas em escans&atilde;o\" class=\"wp-image-108070\"><\/figure>\n<\/div><p class=\"wp-block-paragraph\">Em resumo, as principais regras para a escans&atilde;o de um verso ser&atilde;o:<\/p><ul class=\"wp-block-list\">\n<li>Os ditongos (encontro de duas vogais, da gram&aacute;tica cl&aacute;ssica, formam sempre uma &uacute;nica s&iacute;laba po&eacute;tica;<\/li>\n\n\n\n<li>Quando duas s&iacute;labas gramaticais se unem sonoramente, ser&atilde;o consideradas uma &uacute;nica s&iacute;laba po&eacute;tica; e<\/li>\n\n\n\n<li>A &uacute;ltima s&iacute;laba po&eacute;tica &eacute; a s&iacute;laba t&ocirc;nica da &uacute;ltima palavra do verso.&nbsp;<\/li>\n<\/ul><h2 class=\"wp-block-heading\" id=\"h-como-classificar-silabas-poeticas\"><span class=\"ez-toc-section\" id=\"Como-classificar-silabas-poeticas\"><\/span>Como classificar s&iacute;labas po&eacute;ticas?<span class=\"ez-toc-section-end\"><\/span><\/h2><p class=\"wp-block-paragraph\">Conforme foi mencionado anteriormente, as s&iacute;labas po&eacute;ticas, ou s&iacute;labas m&eacute;tricas, s&atilde;o utilizadas, principalmente, para a cria&ccedil;&atilde;o de textos bem estruturados, com uma cad&ecirc;ncia sonora. Para isso, foram criadas diferentes formas fixas de <span id=\"urn:enhancement-cc69bb92-1c8d-4df3-905a-866e9ee85a2b\" class=\"textannotation disambiguated wl-thing\" itemid=\"https:\/\/data.wordlift.io\/wl110249\/entity\/poemas\">poemas<\/span>, em que a estrutura &eacute; predefinida e o autor deve encaixar sua obra dentro daquele padr&atilde;o.<\/p><p class=\"wp-block-paragraph\">O exemplo mais cl&aacute;ssico s&atilde;o os <span id=\"urn:enhancement-cb4832a7-1ad7-4b34-9a07-2a332c72de18\" class=\"textannotation disambiguated wl-thing\" itemid=\"https:\/\/data.wordlift.io\/wl110249\/entity\/soneto\">sonetos<\/span>, <a href=\"https:\/\/vestibulares.estrategia.com\/portal\/materias\/literatura\/poesia\/\" target=\"_blank\">poesia <\/a>com exatas quatro estrofes, em que: duas estrofes possuem quatro <span id=\"urn:enhancement-d8b03f97-2b12-43e6-8b3d-a2491e764c5c\" class=\"textannotation disambiguated wl-thing\" itemid=\"https:\/\/data.wordlift.io\/wl110249\/entity\/versos\">versos<\/span> e duas estrofes cont&ecirc;m tr&ecirc;s <span id=\"urn:enhancement-c54c1c1f-594a-4316-9509-9c1efc42e890\" class=\"textannotation disambiguated wl-thing\" itemid=\"https:\/\/data.wordlift.io\/wl110249\/entity\/versos\">versos<\/span> cada. &Eacute; necess&aacute;rio, ainda que cada um dos <span id=\"urn:enhancement-0ac1f81c-983d-4d50-9ff4-733e72d4adeb\" class=\"textannotation disambiguated wl-thing\" itemid=\"https:\/\/data.wordlift.io\/wl110249\/entity\/versos\">versos<\/span> seja decass&iacute;labo, ou seja, tenham 10 s&iacute;labas m&eacute;tricas.&nbsp;<\/p><p class=\"has-text-align-center wp-block-paragraph\"><em>&ldquo;Ah! minha Dinamene! Assi deixaste<\/em><br><em>quem n&atilde;o deixara nunca de querer-te?<\/em><br><em>Ah! Ninfa minha! J&aacute; n&atilde;o posso ver-te,<\/em><br><em>t&atilde;o asinha esta vida desprezaste!<\/em><\/p><p class=\"has-text-align-center wp-block-paragraph\"><em>Como j&aacute; para sempre te apartaste<\/em><br><em>de quem t&atilde;o longe estava de perder-te?<\/em><br><em>Puderam estas ondas defender-te,<\/em><br><em>que n&atilde;o visses quem tanto magoaste?<\/em><\/p><p class=\"has-text-align-center wp-block-paragraph\"><em>Nem falar-te somente a dura morte<\/em><br><em>me deixou, que t&atilde;o cedo o negro manto<\/em><br><em>em teus olhos deitado consentiste!<\/em><\/p><p class=\"has-text-align-center wp-block-paragraph\"><em>&Oacute; mar, &oacute; C&eacute;u, &oacute; minha escura sorte!<\/em><br><em>Que pena sentirei, que valha tanto,<\/em><br>Q<em>ue inda tenho por pouco o viver triste?&rdquo;<\/em><\/p><p class=\"has-text-align-center wp-block-paragraph\"><a href=\"https:\/\/vestibulares.estrategia.com\/portal\/materias\/literatura\/soneto\/\" target=\"_blank\">Soneto <\/a>de <span id=\"urn:enhancement-92d7f2f0-9c02-4b8e-a6c3-3aa3a791c7ca\" class=\"textannotation disambiguated wl-person\" itemid=\"https:\/\/data.wordlift.io\/wl110249\/entity\/luis-de-camoes\">Lu&iacute;s de Cam&otilde;es<\/span><\/p><p class=\"wp-block-paragraph\">Para facilitar a constru&ccedil;&atilde;o dessas estruturas, os <span id=\"urn:enhancement-9534aff4-d188-4b24-8191-8da5c0773f93\" class=\"textannotation disambiguated wl-thing\" itemid=\"https:\/\/data.wordlift.io\/wl110249\/entity\/versos\">versos<\/span> foram classificados conforme o n&uacute;mero de <span id=\"urn:enhancement-670e5d3c-0751-43b5-b6c0-3774dc4d7377\" class=\"textannotation disambiguated wl-thing\" itemid=\"https:\/\/data.wordlift.io\/wl110249\/entity\/versos\">versos<\/span> que possuem. Basicamente, &eacute; adicionado um sufixo num&eacute;rico ao termo &ldquo;ss&iacute;labo&rdquo;:<\/p><ul class=\"wp-block-list\">\n<li>1 s&iacute;laba po&eacute;tica = Monoss&iacute;labo<\/li>\n\n\n\n<li>2 s&iacute;labas po&eacute;ticas = Diss&iacute;labo<\/li>\n\n\n\n<li>3 s&iacute;labas po&eacute;ticas = Triss&iacute;labo<\/li>\n\n\n\n<li>4 s&iacute;labas po&eacute;ticas = Quadriss&iacute;labo<\/li>\n\n\n\n<li>5 s&iacute;labas po&eacute;ticas = Pentass&iacute;labo (tamb&eacute;m chamado de Redondilha Menor)<\/li>\n\n\n\n<li>6 s&iacute;labas po&eacute;ticas = Hexass&iacute;labo<\/li>\n\n\n\n<li>7 s&iacute;labas po&eacute;ticas = Heptass&iacute;labo (tamb&eacute;m chamado de Redondilha Menor)<\/li>\n\n\n\n<li>8 s&iacute;labas po&eacute;ticas = Octoss&iacute;labo<\/li>\n\n\n\n<li>9 s&iacute;labas po&eacute;ticas = Eneass&iacute;labo<\/li>\n\n\n\n<li>10 s&iacute;labas po&eacute;ticas = Decass&iacute;labo<\/li>\n\n\n\n<li>11 s&iacute;labas po&eacute;ticas = Hendecass&iacute;labo<\/li>\n\n\n\n<li>12 s&iacute;labas po&eacute;ticas = Dodecas&iacute;labo<\/li>\n\n\n\n<li>13 s&iacute;labas po&eacute;ticas ou mais = B&aacute;rbaro<\/li>\n<\/ul><h2 class=\"wp-block-heading\" id=\"h-questao-de-vestibular\"><span class=\"ez-toc-section\" id=\"Questao-de-vestibular\"><\/span>Quest&atilde;o de vestibular<span class=\"ez-toc-section-end\"><\/span><\/h2><p class=\"wp-block-paragraph\">Na quest&atilde;o abaixo, h&aacute; uma correla&ccedil;&atilde;o entre s&iacute;labas po&eacute;ticas, escans&atilde;o e uma escola liter&aacute;ria. Acompanhe o enunciado e depois veja a resolu&ccedil;&atilde;o proposta pelo Estrat&eacute;gia Vestibulares.&nbsp;<\/p><p class=\"wp-block-paragraph\">Para responder &agrave; quest&atilde;o, leia o <span id=\"urn:enhancement-83d45903-9462-497f-8a6d-de8e8fe9db1f\" class=\"textannotation disambiguated wl-thing\" itemid=\"https:\/\/data.wordlift.io\/wl110249\/entity\/poemas\">poema<\/span> da escritora portuguesa Florbela Espanca, publicado originalmente em 1919.<\/p><p class=\"wp-block-paragraph\">Vaidade<\/p><p class=\"wp-block-paragraph\">Sonho que sou a Poetisa eleita,<br>Aquela que diz tudo e tudo sabe,<br>Que tem a inspira&ccedil;&atilde;o pura e perfeita,<br>Que re&uacute;ne num verso a imensidade!<\/p><p class=\"wp-block-paragraph\">Sonho que um verso meu tem claridade<br>Para encher todo o mundo! E que deleita<br>Mesmo aqueles que morrem de saudade!<br>Mesmo os de alma profunda e insatisfeita!<\/p><p class=\"wp-block-paragraph\">Sonho que sou Algu&eacute;m c&aacute; neste mundo&hellip;<br>Aquela de saber vasto e profundo<br>Aos p&eacute;s de quem a terra anda curvada!<\/p><p class=\"wp-block-paragraph\">E quando mais no c&eacute;u eu vou sonhando,<br>E quando mais no alto ando voando,<br>Acordo do meu sonho&hellip; E n&atilde;o sou nada!&hellip;<\/p><p class=\"wp-block-paragraph\">(Florbela Espanca. <span id=\"urn:enhancement-87ac12d3-a59a-4c5e-b32e-25236bc672b5\" class=\"textannotation disambiguated wl-thing\" itemid=\"https:\/\/data.wordlift.io\/wl110249\/entity\/poemas\">Poemas<\/span>, 1996.)<\/p><p class=\"wp-block-paragraph\">Tendo em vista as escolhas formais mobilizadas pela escritora, como o emprego do g&ecirc;nero <span id=\"urn:enhancement-9d95c7d1-37f9-4680-86dd-248083cbecbe\" class=\"textannotation disambiguated wl-thing\" itemid=\"https:\/\/data.wordlift.io\/wl110249\/entity\/soneto\">soneto<\/span> e de <span id=\"urn:enhancement-8ef0c5d7-30f0-4eec-bcdf-f50de8115c16\" class=\"textannotation disambiguated wl-thing\" itemid=\"https:\/\/data.wordlift.io\/wl110249\/entity\/versos\">versos<\/span> decass&iacute;labos, o <span id=\"urn:enhancement-5bd85756-9a84-4ac1-8c00-8c9555a126ea\" class=\"textannotation disambiguated wl-thing\" itemid=\"https:\/\/data.wordlift.io\/wl110249\/entity\/poemas\">poema<\/span> aproxima-se da est&eacute;tica<\/p><p class=\"wp-block-paragraph\">a) <span id=\"urn:enhancement-c2074cde-7ffa-4c17-9251-bdab785d235d\" class=\"textannotation disambiguated wl-thing\" itemid=\"https:\/\/data.wordlift.io\/wl110249\/entity\/modernistas\">modernista<\/span>.<\/p><p class=\"wp-block-paragraph\">b) realista.<\/p><p class=\"wp-block-paragraph\">c) naturalista.<\/p><p class=\"wp-block-paragraph\">d) parnasiana.<\/p><p class=\"wp-block-paragraph\">e) rom&acirc;ntica.<\/p><p class=\"wp-block-paragraph\">&Eacute; no <span id=\"urn:enhancement-f9db723e-b3ef-465b-98e9-2d46b7c152e1\" class=\"textannotation disambiguated wl-organization\" itemid=\"https:\/\/data.wordlift.io\/wl110249\/entity\/parnasianismo\">Parnasianismo<\/span> que se preza pelo rigor formal e os <span id=\"urn:enhancement-b8a15822-3e82-428d-9817-e1d7023cc494\" class=\"textannotation disambiguated wl-thing\" itemid=\"https:\/\/data.wordlift.io\/wl110249\/entity\/soneto\">sonetos<\/span>, com contagem padr&atilde;o de s&iacute;labas po&eacute;ticas faz men&ccedil;&atilde;o a essa preocupa&ccedil;&atilde;o com a est&eacute;tica.&nbsp;<\/p><p class=\"wp-block-paragraph\">Gabarito: <strong>D<\/strong>&nbsp;<\/p><h2 class=\"wp-block-heading\" id=\"h-estude-para-o-vestibular-com-o-estrategia\"><span class=\"ez-toc-section\" id=\"Estude-para-o-vestibular-com-o-Estrategia\"><\/span>Estude para o vestibular com o Estrat&eacute;gia!<span class=\"ez-toc-section-end\"><\/span><\/h2><p class=\"wp-block-paragraph\">Gostou do conte&uacute;do? Tenha acesso a diversos resumos e explica&ccedil;&otilde;es did&aacute;ticas sobre assuntos de gram&aacute;tica em Ingl&ecirc;s e Portugu&ecirc;s, al&eacute;m de um vasto material de todas as outras disciplinas importantes para os vestibulares. Tudo isso est&aacute; dispon&iacute;vel nos cursos da Coruja, em PDFs ou aulas. Conhe&ccedil;a mais agora mesmo!<\/p><p class=\"wp-block-paragraph\"><a id=\"cta\" class=\"cta-imagem\" href=\"https:\/\/vestibulares.estrategia.com\/cursos\/\" target=\"blank\">\n                <img decoding=\"async\" width=\"100%\" src=\"https:\/\/vestibulares.estrategia.com\/portal\/wp-content\/uploads\/2021\/12\/EV2.jpg\" alt=\"CTA - Estrat\u00e9gia Vestibulares 2\" title=\"CTA - Estrat\u00e9gia Vestibulares 2\">\n        <\/a>\n\n\n\n\n<\/p><\/p>\n","protected":false},"excerpt":{"rendered":"Os versos de poemas podem ser constru&iacute;dos para que tenham uma musicalidade na enuncia&ccedil;&atilde;o das palavras, conforme o&hellip;\n","protected":false},"author":23,"featured_media":108063,"comment_status":"closed","ping_status":"closed","sticky":false,"template":"","format":"standard","meta":{"footnotes":""},"categories":[37],"tags":[],"class_list":["post-108068","post","type-post","status-publish","format-standard","has-post-thumbnail","category-literatura"],"acf":[],"yoast_head":"<!-- This site is optimized with the Yoast SEO Premium plugin v25.9 (Yoast SEO v28.2) - https:\/\/yoast.com\/product\/yoast-seo-premium-wordpress\/ -->\n<title>S\u00edlabas po\u00e9ticas: o que s\u00e3o, como definir e contar<\/title>\n<meta name=\"description\" content=\"O conceito de s\u00edlabas po\u00e9ticas \u00e9 pr\u00f3prio da literatura e muito explorado em poesias cl\u00e1ssicas. Saiba mais neste artigo!\" \/>\n<meta name=\"robots\" content=\"index, follow, max-snippet:-1, max-image-preview:large, max-video-preview:-1\" \/>\n<link rel=\"canonical\" href=\"https:\/\/vestibulares.estrategia.com\/portal\/materias\/literatura\/silabas-poeticas\/\" \/>\n<meta property=\"og:locale\" content=\"pt_BR\" \/>\n<meta property=\"og:type\" content=\"article\" \/>\n<meta property=\"og:title\" content=\"S\u00edlabas po\u00e9ticas: o que s\u00e3o, como definir e contar\" \/>\n<meta property=\"og:description\" content=\"O conceito de s\u00edlabas po\u00e9ticas \u00e9 pr\u00f3prio da literatura e muito explorado em poesias cl\u00e1ssicas. Saiba mais neste artigo!\" \/>\n<meta property=\"og:url\" content=\"https:\/\/vestibulares.estrategia.com\/portal\/materias\/literatura\/silabas-poeticas\/\" \/>\n<meta property=\"og:site_name\" content=\"Estrat\u00e9gia Vestibulares\" \/>\n<meta property=\"article:publisher\" content=\"https:\/\/facebook.com\/estrategiavestibulares\" \/>\n<meta property=\"article:published_time\" content=\"2023-12-01T10:00:00+00:00\" \/>\n<meta property=\"article:modified_time\" content=\"2023-12-07T17:42:47+00:00\" \/>\n<meta property=\"og:image\" content=\"https:\/\/vestibulares.estrategia.com\/portal\/wp-content\/uploads\/2023\/11\/element5-digital-OyCl7Y4y0Bk-unsplash.jpg\" \/>\n\t<meta property=\"og:image:width\" content=\"1920\" \/>\n\t<meta property=\"og:image:height\" content=\"1356\" \/>\n\t<meta property=\"og:image:type\" content=\"image\/jpeg\" \/>\n<meta name=\"author\" content=\"Kauane Elias\" \/>\n<meta name=\"twitter:card\" content=\"summary_large_image\" \/>\n<meta name=\"twitter:creator\" content=\"@Estrategiavest\" \/>\n<meta name=\"twitter:site\" content=\"@Estrategiavest\" \/>\n<meta name=\"twitter:label1\" content=\"Escrito por\" \/>\n\t<meta name=\"twitter:data1\" content=\"Kauane Elias\" \/>\n\t<meta name=\"twitter:label2\" content=\"Est. tempo de leitura\" \/>\n\t<meta name=\"twitter:data2\" content=\"7 minutos\" \/>\n<script type=\"application\/ld+json\" class=\"yoast-schema-graph\">{\"@context\":\"https:\\\/\\\/schema.org\",\"@graph\":[{\"@type\":\"Article\",\"@id\":\"https:\\\/\\\/vestibulares.estrategia.com\\\/portal\\\/materias\\\/literatura\\\/silabas-poeticas\\\/#article\",\"isPartOf\":{\"@id\":\"https:\\\/\\\/vestibulares.estrategia.com\\\/portal\\\/materias\\\/literatura\\\/silabas-poeticas\\\/\"},\"author\":{\"name\":\"Kauane Elias\",\"@id\":\"https:\\\/\\\/vestibulares.estrategia.com\\\/portal\\\/#\\\/schema\\\/person\\\/c3c8aff2b0e78cda59fba186b818b7b1\"},\"headline\":\"S\u00edlabas po\u00e9ticas: o que s\u00e3o, como definir e contar\",\"datePublished\":\"2023-12-01T10:00:00+00:00\",\"dateModified\":\"2023-12-07T17:42:47+00:00\",\"mainEntityOfPage\":{\"@id\":\"https:\\\/\\\/vestibulares.estrategia.com\\\/portal\\\/materias\\\/literatura\\\/silabas-poeticas\\\/\"},\"wordCount\":1372,\"publisher\":{\"@id\":\"https:\\\/\\\/vestibulares.estrategia.com\\\/portal\\\/#organization\"},\"image\":{\"@id\":\"https:\\\/\\\/vestibulares.estrategia.com\\\/portal\\\/materias\\\/literatura\\\/silabas-poeticas\\\/#primaryimage\"},\"thumbnailUrl\":\"https:\\\/\\\/vestibulares.estrategia.com\\\/portal\\\/wp-content\\\/uploads\\\/2023\\\/11\\\/element5-digital-OyCl7Y4y0Bk-unsplash.jpg\",\"articleSection\":[\"Literatura\"],\"inLanguage\":\"pt-BR\"},{\"@type\":\"WebPage\",\"@id\":\"https:\\\/\\\/vestibulares.estrategia.com\\\/portal\\\/materias\\\/literatura\\\/silabas-poeticas\\\/\",\"url\":\"https:\\\/\\\/vestibulares.estrategia.com\\\/portal\\\/materias\\\/literatura\\\/silabas-poeticas\\\/\",\"name\":\"S\u00edlabas po\u00e9ticas: o que s\u00e3o, como definir e contar\",\"isPartOf\":{\"@id\":\"https:\\\/\\\/vestibulares.estrategia.com\\\/portal\\\/#website\"},\"primaryImageOfPage\":{\"@id\":\"https:\\\/\\\/vestibulares.estrategia.com\\\/portal\\\/materias\\\/literatura\\\/silabas-poeticas\\\/#primaryimage\"},\"image\":{\"@id\":\"https:\\\/\\\/vestibulares.estrategia.com\\\/portal\\\/materias\\\/literatura\\\/silabas-poeticas\\\/#primaryimage\"},\"thumbnailUrl\":\"https:\\\/\\\/vestibulares.estrategia.com\\\/portal\\\/wp-content\\\/uploads\\\/2023\\\/11\\\/element5-digital-OyCl7Y4y0Bk-unsplash.jpg\",\"datePublished\":\"2023-12-01T10:00:00+00:00\",\"dateModified\":\"2023-12-07T17:42:47+00:00\",\"description\":\"O conceito de s\u00edlabas po\u00e9ticas \u00e9 pr\u00f3prio da literatura e muito explorado em poesias cl\u00e1ssicas. Saiba mais neste artigo!\",\"breadcrumb\":{\"@id\":\"https:\\\/\\\/vestibulares.estrategia.com\\\/portal\\\/materias\\\/literatura\\\/silabas-poeticas\\\/#breadcrumb\"},\"inLanguage\":\"pt-BR\",\"potentialAction\":[{\"@type\":\"ReadAction\",\"target\":[\"https:\\\/\\\/vestibulares.estrategia.com\\\/portal\\\/materias\\\/literatura\\\/silabas-poeticas\\\/\"]}]},{\"@type\":\"ImageObject\",\"inLanguage\":\"pt-BR\",\"@id\":\"https:\\\/\\\/vestibulares.estrategia.com\\\/portal\\\/materias\\\/literatura\\\/silabas-poeticas\\\/#primaryimage\",\"url\":\"https:\\\/\\\/vestibulares.estrategia.com\\\/portal\\\/wp-content\\\/uploads\\\/2023\\\/11\\\/element5-digital-OyCl7Y4y0Bk-unsplash.jpg\",\"contentUrl\":\"https:\\\/\\\/vestibulares.estrategia.com\\\/portal\\\/wp-content\\\/uploads\\\/2023\\\/11\\\/element5-digital-OyCl7Y4y0Bk-unsplash.jpg\",\"width\":1920,\"height\":1356},{\"@type\":\"BreadcrumbList\",\"@id\":\"https:\\\/\\\/vestibulares.estrategia.com\\\/portal\\\/materias\\\/literatura\\\/silabas-poeticas\\\/#breadcrumb\",\"itemListElement\":[{\"@type\":\"ListItem\",\"position\":1,\"name\":\"Home\",\"item\":\"https:\\\/\\\/vestibulares.estrategia.com\\\/portal\\\/\"},{\"@type\":\"ListItem\",\"position\":2,\"name\":\"Mat\u00e9rias\",\"item\":\"https:\\\/\\\/vestibulares.estrategia.com\\\/portal\\\/materias\\\/\"},{\"@type\":\"ListItem\",\"position\":3,\"name\":\"Literatura\",\"item\":\"https:\\\/\\\/vestibulares.estrategia.com\\\/portal\\\/materias\\\/literatura\\\/\"},{\"@type\":\"ListItem\",\"position\":4,\"name\":\"S\u00edlabas po\u00e9ticas: o que s\u00e3o, como definir e contar\"}]},{\"@type\":\"WebSite\",\"@id\":\"https:\\\/\\\/vestibulares.estrategia.com\\\/portal\\\/#website\",\"url\":\"https:\\\/\\\/vestibulares.estrategia.com\\\/portal\\\/\",\"name\":\"Estrat\u00e9gia Vestibulares\",\"description\":\"\",\"publisher\":{\"@id\":\"https:\\\/\\\/vestibulares.estrategia.com\\\/portal\\\/#organization\"},\"potentialAction\":[{\"@type\":\"SearchAction\",\"target\":{\"@type\":\"EntryPoint\",\"urlTemplate\":\"https:\\\/\\\/vestibulares.estrategia.com\\\/portal\\\/?s={search_term_string}\"},\"query-input\":{\"@type\":\"PropertyValueSpecification\",\"valueRequired\":true,\"valueName\":\"search_term_string\"}}],\"inLanguage\":\"pt-BR\"},{\"@type\":\"Organization\",\"@id\":\"https:\\\/\\\/vestibulares.estrategia.com\\\/portal\\\/#organization\",\"name\":\"Estrat\u00e9gia Vestibulares\",\"url\":\"https:\\\/\\\/vestibulares.estrategia.com\\\/portal\\\/\",\"logo\":{\"@type\":\"ImageObject\",\"inLanguage\":\"pt-BR\",\"@id\":\"https:\\\/\\\/vestibulares.estrategia.com\\\/portal\\\/#\\\/schema\\\/logo\\\/image\\\/\",\"url\":\"https:\\\/\\\/vestibulares.estrategia.com\\\/portal\\\/wp-content\\\/uploads\\\/2021\\\/06\\\/Logo-Vestibulares@4x.png\",\"contentUrl\":\"https:\\\/\\\/vestibulares.estrategia.com\\\/portal\\\/wp-content\\\/uploads\\\/2021\\\/06\\\/Logo-Vestibulares@4x.png\",\"width\":250,\"height\":66,\"caption\":\"Estrat\u00e9gia Vestibulares\"},\"image\":{\"@id\":\"https:\\\/\\\/vestibulares.estrategia.com\\\/portal\\\/#\\\/schema\\\/logo\\\/image\\\/\"},\"sameAs\":[\"https:\\\/\\\/facebook.com\\\/estrategiavestibulares\",\"https:\\\/\\\/x.com\\\/Estrategiavest\",\"https:\\\/\\\/www.instagram.com\\\/estrategiavestibulares\",\"https:\\\/\\\/www.youtube.com\\\/channel\\\/UCGWdZy8ULI-7_5GrABa4vNA\"]},{\"@type\":\"Person\",\"@id\":\"https:\\\/\\\/vestibulares.estrategia.com\\\/portal\\\/#\\\/schema\\\/person\\\/c3c8aff2b0e78cda59fba186b818b7b1\",\"name\":\"Kauane Elias\",\"image\":{\"@type\":\"ImageObject\",\"inLanguage\":\"pt-BR\",\"@id\":\"https:\\\/\\\/secure.gravatar.com\\\/avatar\\\/8e80772bbad4df9736e04a57d5d9e7505912087da8ecb6278b4b7be123170e95?s=96&d=mm&r=g\",\"url\":\"https:\\\/\\\/secure.gravatar.com\\\/avatar\\\/8e80772bbad4df9736e04a57d5d9e7505912087da8ecb6278b4b7be123170e95?s=96&d=mm&r=g\",\"contentUrl\":\"https:\\\/\\\/secure.gravatar.com\\\/avatar\\\/8e80772bbad4df9736e04a57d5d9e7505912087da8ecb6278b4b7be123170e95?s=96&d=mm&r=g\",\"caption\":\"Kauane Elias\"},\"description\":\"Medicina - Unicamp. F\u00e9. \\\"Um mundo melhor come\u00e7a na transforma\u00e7\u00e3o do pr\u00f3prio mundo!\\\"\",\"url\":\"https:\\\/\\\/vestibulares.estrategia.com\\\/portal\\\/author\\\/kauane\\\/\"}]}<\/script>\n<!-- \/ Yoast SEO Premium plugin. -->","yoast_head_json":{"title":"S\u00edlabas po\u00e9ticas: o que s\u00e3o, como definir e contar","description":"O conceito de s\u00edlabas po\u00e9ticas \u00e9 pr\u00f3prio da literatura e muito explorado em poesias cl\u00e1ssicas. Saiba mais neste artigo!","robots":{"index":"index","follow":"follow","max-snippet":"max-snippet:-1","max-image-preview":"max-image-preview:large","max-video-preview":"max-video-preview:-1"},"canonical":"https:\/\/vestibulares.estrategia.com\/portal\/materias\/literatura\/silabas-poeticas\/","og_locale":"pt_BR","og_type":"article","og_title":"S\u00edlabas po\u00e9ticas: o que s\u00e3o, como definir e contar","og_description":"O conceito de s\u00edlabas po\u00e9ticas \u00e9 pr\u00f3prio da literatura e muito explorado em poesias cl\u00e1ssicas. Saiba mais neste artigo!","og_url":"https:\/\/vestibulares.estrategia.com\/portal\/materias\/literatura\/silabas-poeticas\/","og_site_name":"Estrat\u00e9gia Vestibulares","article_publisher":"https:\/\/facebook.com\/estrategiavestibulares","article_published_time":"2023-12-01T10:00:00+00:00","article_modified_time":"2023-12-07T17:42:47+00:00","og_image":[{"width":1920,"height":1356,"url":"https:\/\/vestibulares.estrategia.com\/portal\/wp-content\/uploads\/2023\/11\/element5-digital-OyCl7Y4y0Bk-unsplash.jpg","type":"image\/jpeg"}],"author":"Kauane Elias","twitter_card":"summary_large_image","twitter_creator":"@Estrategiavest","twitter_site":"@Estrategiavest","twitter_misc":{"Escrito por":"Kauane Elias","Est. tempo de leitura":"7 minutos"},"schema":{"@context":"https:\/\/schema.org","@graph":[{"@type":"Article","@id":"https:\/\/vestibulares.estrategia.com\/portal\/materias\/literatura\/silabas-poeticas\/#article","isPartOf":{"@id":"https:\/\/vestibulares.estrategia.com\/portal\/materias\/literatura\/silabas-poeticas\/"},"author":{"name":"Kauane Elias","@id":"https:\/\/vestibulares.estrategia.com\/portal\/#\/schema\/person\/c3c8aff2b0e78cda59fba186b818b7b1"},"headline":"S\u00edlabas po\u00e9ticas: o que s\u00e3o, como definir e contar","datePublished":"2023-12-01T10:00:00+00:00","dateModified":"2023-12-07T17:42:47+00:00","mainEntityOfPage":{"@id":"https:\/\/vestibulares.estrategia.com\/portal\/materias\/literatura\/silabas-poeticas\/"},"wordCount":1372,"publisher":{"@id":"https:\/\/vestibulares.estrategia.com\/portal\/#organization"},"image":{"@id":"https:\/\/vestibulares.estrategia.com\/portal\/materias\/literatura\/silabas-poeticas\/#primaryimage"},"thumbnailUrl":"https:\/\/vestibulares.estrategia.com\/portal\/wp-content\/uploads\/2023\/11\/element5-digital-OyCl7Y4y0Bk-unsplash.jpg","articleSection":["Literatura"],"inLanguage":"pt-BR"},{"@type":"WebPage","@id":"https:\/\/vestibulares.estrategia.com\/portal\/materias\/literatura\/silabas-poeticas\/","url":"https:\/\/vestibulares.estrategia.com\/portal\/materias\/literatura\/silabas-poeticas\/","name":"S\u00edlabas po\u00e9ticas: o que s\u00e3o, como definir e contar","isPartOf":{"@id":"https:\/\/vestibulares.estrategia.com\/portal\/#website"},"primaryImageOfPage":{"@id":"https:\/\/vestibulares.estrategia.com\/portal\/materias\/literatura\/silabas-poeticas\/#primaryimage"},"image":{"@id":"https:\/\/vestibulares.estrategia.com\/portal\/materias\/literatura\/silabas-poeticas\/#primaryimage"},"thumbnailUrl":"https:\/\/vestibulares.estrategia.com\/portal\/wp-content\/uploads\/2023\/11\/element5-digital-OyCl7Y4y0Bk-unsplash.jpg","datePublished":"2023-12-01T10:00:00+00:00","dateModified":"2023-12-07T17:42:47+00:00","description":"O conceito de s\u00edlabas po\u00e9ticas \u00e9 pr\u00f3prio da literatura e muito explorado em poesias cl\u00e1ssicas. Saiba mais neste artigo!","breadcrumb":{"@id":"https:\/\/vestibulares.estrategia.com\/portal\/materias\/literatura\/silabas-poeticas\/#breadcrumb"},"inLanguage":"pt-BR","potentialAction":[{"@type":"ReadAction","target":["https:\/\/vestibulares.estrategia.com\/portal\/materias\/literatura\/silabas-poeticas\/"]}]},{"@type":"ImageObject","inLanguage":"pt-BR","@id":"https:\/\/vestibulares.estrategia.com\/portal\/materias\/literatura\/silabas-poeticas\/#primaryimage","url":"https:\/\/vestibulares.estrategia.com\/portal\/wp-content\/uploads\/2023\/11\/element5-digital-OyCl7Y4y0Bk-unsplash.jpg","contentUrl":"https:\/\/vestibulares.estrategia.com\/portal\/wp-content\/uploads\/2023\/11\/element5-digital-OyCl7Y4y0Bk-unsplash.jpg","width":1920,"height":1356},{"@type":"BreadcrumbList","@id":"https:\/\/vestibulares.estrategia.com\/portal\/materias\/literatura\/silabas-poeticas\/#breadcrumb","itemListElement":[{"@type":"ListItem","position":1,"name":"Home","item":"https:\/\/vestibulares.estrategia.com\/portal\/"},{"@type":"ListItem","position":2,"name":"Mat\u00e9rias","item":"https:\/\/vestibulares.estrategia.com\/portal\/materias\/"},{"@type":"ListItem","position":3,"name":"Literatura","item":"https:\/\/vestibulares.estrategia.com\/portal\/materias\/literatura\/"},{"@type":"ListItem","position":4,"name":"S\u00edlabas po\u00e9ticas: o que s\u00e3o, como definir e contar"}]},{"@type":"WebSite","@id":"https:\/\/vestibulares.estrategia.com\/portal\/#website","url":"https:\/\/vestibulares.estrategia.com\/portal\/","name":"Estrat\u00e9gia Vestibulares","description":"","publisher":{"@id":"https:\/\/vestibulares.estrategia.com\/portal\/#organization"},"potentialAction":[{"@type":"SearchAction","target":{"@type":"EntryPoint","urlTemplate":"https:\/\/vestibulares.estrategia.com\/portal\/?s={search_term_string}"},"query-input":{"@type":"PropertyValueSpecification","valueRequired":true,"valueName":"search_term_string"}}],"inLanguage":"pt-BR"},{"@type":"Organization","@id":"https:\/\/vestibulares.estrategia.com\/portal\/#organization","name":"Estrat\u00e9gia Vestibulares","url":"https:\/\/vestibulares.estrategia.com\/portal\/","logo":{"@type":"ImageObject","inLanguage":"pt-BR","@id":"https:\/\/vestibulares.estrategia.com\/portal\/#\/schema\/logo\/image\/","url":"https:\/\/vestibulares.estrategia.com\/portal\/wp-content\/uploads\/2021\/06\/Logo-Vestibulares@4x.png","contentUrl":"https:\/\/vestibulares.estrategia.com\/portal\/wp-content\/uploads\/2021\/06\/Logo-Vestibulares@4x.png","width":250,"height":66,"caption":"Estrat\u00e9gia Vestibulares"},"image":{"@id":"https:\/\/vestibulares.estrategia.com\/portal\/#\/schema\/logo\/image\/"},"sameAs":["https:\/\/facebook.com\/estrategiavestibulares","https:\/\/x.com\/Estrategiavest","https:\/\/www.instagram.com\/estrategiavestibulares","https:\/\/www.youtube.com\/channel\/UCGWdZy8ULI-7_5GrABa4vNA"]},{"@type":"Person","@id":"https:\/\/vestibulares.estrategia.com\/portal\/#\/schema\/person\/c3c8aff2b0e78cda59fba186b818b7b1","name":"Kauane Elias","image":{"@type":"ImageObject","inLanguage":"pt-BR","@id":"https:\/\/secure.gravatar.com\/avatar\/8e80772bbad4df9736e04a57d5d9e7505912087da8ecb6278b4b7be123170e95?s=96&d=mm&r=g","url":"https:\/\/secure.gravatar.com\/avatar\/8e80772bbad4df9736e04a57d5d9e7505912087da8ecb6278b4b7be123170e95?s=96&d=mm&r=g","contentUrl":"https:\/\/secure.gravatar.com\/avatar\/8e80772bbad4df9736e04a57d5d9e7505912087da8ecb6278b4b7be123170e95?s=96&d=mm&r=g","caption":"Kauane Elias"},"description":"Medicina - Unicamp. F\u00e9. \"Um mundo melhor come\u00e7a na transforma\u00e7\u00e3o do pr\u00f3prio mundo!\"","url":"https:\/\/vestibulares.estrategia.com\/portal\/author\/kauane\/"}]}},"_links":{"self":[{"href":"https:\/\/vestibulares.estrategia.com\/portal\/wp-json\/wp\/v2\/posts\/108068","targetHints":{"allow":["GET"]}}],"collection":[{"href":"https:\/\/vestibulares.estrategia.com\/portal\/wp-json\/wp\/v2\/posts"}],"about":[{"href":"https:\/\/vestibulares.estrategia.com\/portal\/wp-json\/wp\/v2\/types\/post"}],"author":[{"embeddable":true,"href":"https:\/\/vestibulares.estrategia.com\/portal\/wp-json\/wp\/v2\/users\/23"}],"replies":[{"embeddable":true,"href":"https:\/\/vestibulares.estrategia.com\/portal\/wp-json\/wp\/v2\/comments?post=108068"}],"version-history":[{"count":2,"href":"https:\/\/vestibulares.estrategia.com\/portal\/wp-json\/wp\/v2\/posts\/108068\/revisions"}],"predecessor-version":[{"id":108567,"href":"https:\/\/vestibulares.estrategia.com\/portal\/wp-json\/wp\/v2\/posts\/108068\/revisions\/108567"}],"wp:featuredmedia":[{"embeddable":true,"href":"https:\/\/vestibulares.estrategia.com\/portal\/wp-json\/wp\/v2\/media\/108063"}],"wp:attachment":[{"href":"https:\/\/vestibulares.estrategia.com\/portal\/wp-json\/wp\/v2\/media?parent=108068"}],"wp:term":[{"taxonomy":"category","embeddable":true,"href":"https:\/\/vestibulares.estrategia.com\/portal\/wp-json\/wp\/v2\/categories?post=108068"},{"taxonomy":"post_tag","embeddable":true,"href":"https:\/\/vestibulares.estrategia.com\/portal\/wp-json\/wp\/v2\/tags?post=108068"}],"curies":[{"name":"wp","href":"https:\/\/api.w.org\/{rel}","templated":true}]}}