{"id":108074,"date":"2023-11-30T17:18:17","date_gmt":"2023-11-30T20:18:17","guid":{"rendered":"https:\/\/vestibulares.estrategia.com\/portal\/?p=108074"},"modified":"2023-12-07T15:37:09","modified_gmt":"2023-12-07T18:37:09","slug":"modernismo-de-1922","status":"publish","type":"post","link":"https:\/\/vestibulares.estrategia.com\/portal\/materias\/literatura\/modernismo-de-1922\/","title":{"rendered":"Modernismo de 1922: contexto hist\u00f3rico, caracter\u00edsticas e obras"},"content":{"rendered":"<p class=\"wp-block-paragraph\">O <span id=\"urn:local-annotation-317007\" class=\"textannotation disambiguated\" itemid=\"https:\/\/data.wordlift.io\/wl110249\/entity\/modernismo-de-1922\">modernismo de 1922<\/span> &eacute; a abertura das inova&ccedil;&otilde;es art&iacute;sticas no Brasil. Artistas revolucion&aacute;rios de todo o Brasil uniram-se para trazer novas caracter&iacute;sticas para a <span id=\"urn:enhancement-f7fffbce-82d4-48b5-8d73-ec0cfcc8eb74\" class=\"textannotation disambiguated wl-creative-work\" itemid=\"https:\/\/data.wordlift.io\/wl110249\/entity\/arte\">arte<\/span> brasileira, tanto no campo das <span id=\"urn:enhancement-fd737f58-136e-4e07-9d35-01ab8ce6ae3f\" class=\"textannotation disambiguated wl-creative-work\" itemid=\"https:\/\/data.wordlift.io\/wl110249\/entity\/arte\">artes<\/span> pl&aacute;sticas, m&uacute;sica, dramaturgia e literatura.&nbsp;<p class=\"wp-block-paragraph\">S&atilde;o obras inovadoras em sua estrutura, forma de ser constru&iacute;da, os temas escolhidos, as cores e palavras empregadas, al&eacute;m de ter uma preocupa&ccedil;&atilde;o com a identidade da na&ccedil;&atilde;o brasileira. Por isso, foi um grande choque para as academias de <span id=\"urn:enhancement-64ab80f2-e087-4610-80fe-779a8b3c7b7d\" class=\"textannotation disambiguated wl-creative-work\" itemid=\"https:\/\/data.wordlift.io\/wl110249\/entity\/arte\">artes<\/span> e cr&iacute;ticos.&nbsp;<\/p><p class=\"wp-block-paragraph\">Neste artigo, ser&atilde;o abordados o contexto hist&oacute;rico, conceitos e caracter&iacute;sticas do Modernismo de 1922. Continue lendo e conhe&ccedil;a mais sobre essa corrente art&iacute;stica e sua influ&ecirc;ncia sobre a literatura e obras art&iacute;sticas brasileiras.&nbsp;<\/p><div id=\"ez-toc-container\" class=\"ez-toc-v2_0_86 counter-hierarchy ez-toc-counter ez-toc-transparent ez-toc-container-direction\">\n<div class=\"ez-toc-title-container\"><p class=\"ez-toc-title\" style=\"cursor:inherit\">Navegue pelo conte\u00fado<\/p>\n<\/div><nav><ul class='ez-toc-list ez-toc-list-level-1 ' ><li class='ez-toc-page-1 ez-toc-heading-level-2'><a class=\"ez-toc-link ez-toc-heading-1\" href=\"https:\/\/vestibulares.estrategia.com\/portal\/materias\/literatura\/modernismo-de-1922\/#Contexto-historico-do-modernismo-de-1922\" >Contexto hist&oacute;rico do modernismo de 1922<\/a><\/li><li class='ez-toc-page-1 ez-toc-heading-level-2'><a class=\"ez-toc-link ez-toc-heading-2\" href=\"https:\/\/vestibulares.estrategia.com\/portal\/materias\/literatura\/modernismo-de-1922\/#Semana-de-Arte-Moderna-de-1922\" >Semana de Arte Moderna de 1922<\/a><\/li><li class='ez-toc-page-1 ez-toc-heading-level-2'><a class=\"ez-toc-link ez-toc-heading-3\" href=\"https:\/\/vestibulares.estrategia.com\/portal\/materias\/literatura\/modernismo-de-1922\/#Caracteristicas-do-modernismo-de-1922\" >Caracter&iacute;sticas do modernismo de 1922<\/a><\/li><li class='ez-toc-page-1 ez-toc-heading-level-2'><a class=\"ez-toc-link ez-toc-heading-4\" href=\"https:\/\/vestibulares.estrategia.com\/portal\/materias\/literatura\/modernismo-de-1922\/#Artistas-e-obras-do-modernismo-de-1922\" >Artistas e obras do modernismo de 1922<\/a><\/li><li class='ez-toc-page-1 ez-toc-heading-level-2'><a class=\"ez-toc-link ez-toc-heading-5\" href=\"https:\/\/vestibulares.estrategia.com\/portal\/materias\/literatura\/modernismo-de-1922\/#Estude-para-o-vestibular-com-o-Estrategia\" >Estude para o vestibular com o Estrat&eacute;gia!<\/a><\/li><\/ul><\/nav><\/div>\n<h2 class=\"wp-block-heading\" id=\"h-contexto-historico-do-modernismo-de-1922\"><span class=\"ez-toc-section\" id=\"Contexto-historico-do-modernismo-de-1922\"><\/span>Contexto hist&oacute;rico do modernismo de 1922<span class=\"ez-toc-section-end\"><\/span><\/h2><p class=\"wp-block-paragraph\">A primeira metade do s&eacute;culo XX foi intensa historicamente, diversos eventos de grande magnitude e in&eacute;ditos na hist&oacute;ria da humanidade aconteceram nesse per&iacute;odo, como as duas guerras mundiais, a <a href=\"https:\/\/vestibulares.estrategia.com\/portal\/materias\/historia\/revolucao-industrial\/\" target=\"_blank\">Revolu&ccedil;&atilde;o Industrial <\/a>que crescia a todo vapor, ao mesmo tempo em que a organiza&ccedil;&atilde;o das sociedades era cada vez mais modificada e inova&ccedil;&otilde;es cient&iacute;ficas surgiam.&nbsp;<\/p><p class=\"wp-block-paragraph\">Inclusive, a industrializa&ccedil;&atilde;o intensa favoreceu o fortalecimento do <a href=\"https:\/\/vestibulares.estrategia.com\/portal\/materias\/geografia\/capitalismo\/\" target=\"_blank\">capitalismo<\/a>, com mudan&ccedil;as no estilo de vida,&nbsp; <a href=\"https:\/\/vestibulares.estrategia.com\/portal\/materias\/geografia\/urbanizacao-no-enem\/\" target=\"_blank\">urbaniza&ccedil;&atilde;o<\/a>, altera&ccedil;&otilde;es no modelo de trabalho e outras transforma&ccedil;&otilde;es. Foi uma grande efervesc&ecirc;ncia de acontecimentos que ocorriam sequencialmente, de forma a afetar a sociedade, a forma de pensar entre os intelectuais e sua leitura sobre as quest&otilde;es sociopol&iacute;ticas.&nbsp;<\/p><p class=\"wp-block-paragraph\">Ent&atilde;o, buscavam cada vez mais liberdade para expressar suas ang&uacute;stias com o cen&aacute;rio social. Muitos gostariam de representar o caos e transforma&ccedil;&otilde;es mundiais dentro de suas obras, para isso, utilizavam meios, cores, t&eacute;cnicas e vocabul&aacute;rios n&atilde;o tradicionais para o fazer art&iacute;stico.&nbsp;<\/p><p class=\"wp-block-paragraph\">Devido &agrave;s diversas inova&ccedil;&otilde;es propostas, as <span id=\"urn:enhancement-2e53deeb-da69-44e9-a4af-ec86baa00696\" class=\"textannotation disambiguated wl-creative-work\" itemid=\"https:\/\/data.wordlift.io\/wl110249\/entity\/arte\">artes<\/span> modernistas n&atilde;o eram aceitas nas academias liter&aacute;rias. Ent&atilde;o, diversos artistas brasileiros que compartilhavam dos ideais modernistas, uniram-se para estabelecer o movimento e desenvolveram a <a href=\"https:\/\/vestibulares.estrategia.com\/portal\/materias\/artes\/semana-de-arte-moderna\/\" target=\"_blank\">Semana de Arte Moderna<\/a>, que ser&aacute; debatida em seguida.&nbsp;<\/p><h2 class=\"wp-block-heading\" id=\"h-semana-de-arte-moderna-de-1922\"><span class=\"ez-toc-section\" id=\"Semana-de-Arte-Moderna-de-1922\"><\/span>Semana de Arte Moderna de 1922<span class=\"ez-toc-section-end\"><\/span><\/h2><p class=\"wp-block-paragraph\">O modernismo de 1922 foi um movimento art&iacute;stico plural, que une conceitos diferentes, diversas express&otilde;es art&iacute;sticas, em que artistas com posicionamentos semelhantes e &uacute;nicos uniram-se para criar oposi&ccedil;&atilde;o aos padr&otilde;es est&eacute;ticos academicistas.<\/p><p class=\"wp-block-paragraph\">Foi uma grande efervesc&ecirc;ncia de acontecimentos que ocorriam sequencialmente, de forma a afetar a sociedade, a forma de pensar entre os intelectuais e sua leitura sobre as quest&otilde;es sociopol&iacute;ticas.&nbsp;<\/p><p class=\"wp-block-paragraph\">Para iniciar esse movimento foi importante a a&ccedil;&atilde;o de artistas como <span id=\"urn:enhancement-decc5fae-18e3-4e84-91ee-8b339f116c27\" class=\"textannotation disambiguated wl-person\" itemid=\"https:\/\/data.wordlift.io\/wl110249\/entity\/mario-de-andrade\">M&aacute;rio de Andrade<\/span>, <span id=\"urn:enhancement-3612da8b-e28c-4286-8c8e-072f67c719a5\" class=\"textannotation disambiguated wl-person\" itemid=\"https:\/\/data.wordlift.io\/wl110249\/entity\/oswald-de-andrade\">Oswald de Andrade<\/span>, Manuel Bandeira, Gra&ccedil;a Aranha, Vin&iacute;cius de Moraes, <span id=\"urn:enhancement-78fcd287-735b-4105-8a40-a6bf508ee0e2\" class=\"textannotation disambiguated wl-person\" itemid=\"https:\/\/data.wordlift.io\/wl110249\/entity\/tarsila-do-amaral\">Tarsila do Amaral<\/span>, entre outros escritores, m&uacute;sicos e pintores.<\/p><p class=\"wp-block-paragraph\">Em uni&atilde;o, eles criaram um evento chamado de <span id=\"urn:enhancement-1b15a9e5-ec20-4f4c-9e41-9443670357a7\" class=\"textannotation disambiguated wl-thing\" itemid=\"https:\/\/data.wordlift.io\/wl110249\/entity\/semana-de-arte-moderna-de-1922\">Semana de Arte Moderna de 1922<\/span>. Os espectadores compunham a elite paulistana, mas as obras apresentadas iam na contram&atilde;o daquilo que era bem aceito socialmente. Ent&atilde;o, houve um grande choque cultural dentro da sociedade brasileira e os modernistas chamaram a aten&ccedil;&atilde;o da popula&ccedil;&atilde;o.<\/p><h2 class=\"wp-block-heading\" id=\"h-caracteristicas-do-modernismo-de-1922\"><span class=\"ez-toc-section\" id=\"Caracteristicas-do-modernismo-de-1922\"><\/span>Caracter&iacute;sticas do modernismo de 1922<span class=\"ez-toc-section-end\"><\/span><\/h2><p class=\"wp-block-paragraph\">Como o modernismo iniciou-se em 1922, mas perdurou como movimento ao longo do s&eacute;culo, diferentes fases art&iacute;sticas ocorreram nesse tempo. O chamado &ldquo;modernismo de 1922&rdquo; refere-se &agrave; <a href=\"https:\/\/www.youtube.com\/watch?v=Gu469dVmQDg&amp;pp=ygUibW9kZXJuaXNtbyBlc3RyYXRlZ2lhIHZlc3RpYnVsYXJlcw%3D%3D\" target=\"_blank\" rel=\"noopener noreferrer\">Primeira Fas<\/a><a href=\"https:\/\/www.youtube.com\/watch?v=Gu469dVmQDg&amp;pp=ygUibW9kZXJuaXNtbyBlc3RyYXRlZ2lhIHZlc3RpYnVsYXJlcw%3D%3D\" target=\"_blank\">e<\/a><a href=\"https:\/\/www.youtube.com\/watch?v=Gu469dVmQDg&amp;pp=ygUibW9kZXJuaXNtbyBlc3RyYXRlZ2lhIHZlc3RpYnVsYXJlcw%3D%3D\" target=\"_blank\" rel=\"noopener noreferrer\"> do Modernismo<\/a>, composta por esses artistas envolvidos na Semana de <span id=\"urn:enhancement-8e6f4449-9ae4-4b29-aaad-b914a6c13c6a\" class=\"textannotation disambiguated wl-creative-work\" itemid=\"https:\/\/data.wordlift.io\/wl110249\/entity\/arte\">Arte<\/span> Moderna.<\/p><p class=\"wp-block-paragraph\">O aspecto principal dessas obras era a ruptura radical com os padr&otilde;es est&eacute;ticos e liter&aacute;rios. Parte dessa oposi&ccedil;&atilde;o tamb&eacute;m era um posicionamento contra o perfeccionismo formal proposto em movimentos anteriores, como o <span id=\"urn:enhancement-b1f62d7f-c501-4e22-98ae-b46f9799f91d\" class=\"textannotation disambiguated wl-organization\" itemid=\"https:\/\/data.wordlift.io\/wl110249\/entity\/parnasianismo\">parnasianismo<\/span>. Diante dessa postura de afastamento do original, o per&iacute;odo tamb&eacute;m ficou conhecido como &ldquo;fase da destrui&ccedil;&atilde;o&rdquo;.<\/p><p class=\"wp-block-paragraph\">Um dos t&oacute;picos principais levantados pelos modernistas de 1922 foi a necessidade de construir uma identidade art&iacute;stica brasileira, evidenciando t&oacute;picos da cultura que eram deixados de lado dentro da <span id=\"urn:enhancement-29c0170a-a6e4-479f-afb4-9528a926e54c\" class=\"textannotation disambiguated wl-creative-work\" itemid=\"https:\/\/data.wordlift.io\/wl110249\/entity\/arte\">arte<\/span> estritamente academicista. Afinal, grande parte das academias art&iacute;sticas eram inspiradas nos movimentos europeus e isso se refletia em uma <span id=\"urn:enhancement-1e2e739a-4092-448b-880a-8c9239a82d9e\" class=\"textannotation disambiguated wl-creative-work\" itemid=\"https:\/\/data.wordlift.io\/wl110249\/entity\/arte\">arte<\/span> completamente &ldquo;europeizada&rdquo;.<\/p><p class=\"wp-block-paragraph\">Nesse sentido, artistas como <span id=\"urn:enhancement-7ba084cb-c9ce-44aa-a3a9-db842f3bca7d\" class=\"textannotation disambiguated wl-person\" itemid=\"https:\/\/data.wordlift.io\/wl110249\/entity\/tarsila-do-amaral\">Tarsila do Amaral<\/span> optaram por adicionar elementos do folclore, cultura, fauna e flora brasileira dentro de suas obras. Al&eacute;m disso, os textos, nomes e vocabul&aacute;rios escolhidos tinham um teor ind&iacute;gena, como forma de refor&ccedil;ar as origens brasileiras e consolidar a ideia do &ldquo;ser brasileiro&rdquo;.<\/p><p class=\"wp-block-paragraph\">Como o objetivo principal era expressar essa subvers&atilde;o radical pelas <span id=\"urn:enhancement-dce5b22a-f2a3-4d3d-9f48-0daa6fa4e279\" class=\"textannotation disambiguated wl-creative-work\" itemid=\"https:\/\/data.wordlift.io\/wl110249\/entity\/arte\">artes<\/span> acad&ecirc;micas, os artistas criaram novas formas de pintar, escrever e se expressar para fugir do comum e dos padr&otilde;es tradicionais.&nbsp;<\/p><p class=\"wp-block-paragraph\">Na literatura, por exemplo, as poesias eram escritas sem m&eacute;tricas (<a href=\"https:\/\/vestibulares.estrategia.com\/portal\/materias\/literatura\/verso-livre\/\" target=\"_blank\">versos livres<\/a>) e sem rima (<a href=\"https:\/\/vestibulares.estrategia.com\/portal\/materias\/literatura\/verso-branco\/\" target=\"_blank\">versos brancos<\/a>), com uma organiza&ccedil;&atilde;o mais rand&ocirc;mica, se afastando dos modelos cl&aacute;ssicos como os <span id=\"urn:enhancement-b3c3da95-b519-4fc1-ba54-777d5ea434fb\" class=\"textannotation disambiguated wl-thing\" itemid=\"https:\/\/data.wordlift.io\/wl110249\/entity\/soneto\">sonetos<\/span>. A tem&aacute;tica dos textos tamb&eacute;m recorria a certo tom sagaz, sarc&aacute;stico e ir&ocirc;nico, com provoca&ccedil;&otilde;es e novamente retomando o assunto nacionalidade.<\/p><h2 class=\"wp-block-heading\" id=\"h-artistas-e-obras-do-modernismo-de-1922\"><span class=\"ez-toc-section\" id=\"Artistas-e-obras-do-modernismo-de-1922\"><\/span>Artistas e obras do modernismo de 1922<span class=\"ez-toc-section-end\"><\/span><\/h2><h3 class=\"wp-block-heading\" id=\"h-oswald-andrade-1890-1954\">Oswald Andrade (1890-1954)<\/h3><p class=\"wp-block-paragraph\">Paulistano, advogado, dramaturgo, escritor, com interesse pelas quest&otilde;es pol&iacute;ticas e sociais, s&atilde;o algumas das caracter&iacute;sticas que definem <span id=\"urn:enhancement-6ea4966f-bb6f-4c18-b12d-7bff9a4fed11\" class=\"textannotation disambiguated wl-person\" itemid=\"https:\/\/data.wordlift.io\/wl110249\/entity\/oswald-de-andrade\">Oswald de Andrade<\/span>. Um autor modernista conhecido por produzir obras irreverentes, ir&ocirc;nicas e marcantes que foram essenciais para o estabelecimento do modernismo no Brasil, &eacute; considerado um dos principais nomes do movimento.<\/p><p class=\"wp-block-paragraph\">Essas s&atilde;o algumas das caracter&iacute;sticas deste autor que, conjuntamente com <span id=\"urn:enhancement-d7bc50f1-468e-4665-b162-6fe72eab806b\" class=\"textannotation disambiguated wl-person\" itemid=\"https:\/\/data.wordlift.io\/wl110249\/entity\/tarsila-do-amaral\">Tarsila do Amaral<\/span>, desenvolveu o Movimento Antrop&oacute;fago, que propunha que a <span id=\"urn:enhancement-7f939f05-b73c-447b-82b9-69fb5335ac11\" class=\"textannotation disambiguated wl-creative-work\" itemid=\"https:\/\/data.wordlift.io\/wl110249\/entity\/arte\">arte<\/span> brasileira deveria devorar toda a cultura estrangeira em prol de construir algo novo, pr&oacute;prio e identit&aacute;rio do Brasil.<\/p><p class=\"has-text-align-center wp-block-paragraph\"><em>&ldquo;A <span id=\"urn:enhancement-c72a4f60-f76f-4d20-91c0-126aeac2f9a7\" class=\"textannotation disambiguated wl-thing\" itemid=\"https:\/\/data.wordlift.io\/wl110249\/entity\/poesia\">Poesia<\/span> para os poetas. Alegria dos que n&atilde;o sabem e descobrem.<br>Tinha havido a invers&atilde;o de tudo, a invas&atilde;o de tudo: o teatro de tese e a luta no palco entre morais e imorais. A tese deve ser decidida em guerra de soci&oacute;logos, de homens de lei, gordos e dourados como Corpus Juris.<br>&Aacute;gil o teatro, filho do saltimbanco. Agil e il&oacute;gico. &Aacute;gil o romance, nascido da inven&ccedil;&atilde;o. &Aacute;gil a <span id=\"urn:enhancement-4c6348c1-85b2-4906-8bf2-409c5adef1c1\" class=\"textannotation disambiguated wl-thing\" itemid=\"https:\/\/data.wordlift.io\/wl110249\/entity\/poesia\">poesia<\/span>.<br>A <span id=\"urn:enhancement-c9ec957c-fac4-495c-91de-8820dcac5fee\" class=\"textannotation disambiguated wl-thing\" itemid=\"https:\/\/data.wordlift.io\/wl110249\/entity\/poesia\">poesia<\/span> Pau-Brasil. &Aacute;gil e c&acirc;ndida. Como uma crian&ccedil;a.&rdquo;<br>Oswald Andrade &ndash; Manifesto da <span id=\"urn:enhancement-e003f87b-8df8-4b8c-9f47-4a5e90b7aff7\" class=\"textannotation disambiguated wl-thing\" itemid=\"https:\/\/data.wordlift.io\/wl110249\/entity\/poesia\">poesia<\/span> pau-brasil<\/em><\/p><h3 class=\"wp-block-heading\" id=\"h-mario-de-andrade-1893-1945\">M&aacute;rio de Andrade (1893-1945)<\/h3><p class=\"wp-block-paragraph\"><span id=\"urn:enhancement-30c44038-c2b9-43bc-b572-48dfa583300d\" class=\"textannotation disambiguated wl-person\" itemid=\"https:\/\/data.wordlift.io\/wl110249\/entity\/mario-de-andrade\">M&aacute;rio de Andrade<\/span> &eacute; outra pe&ccedil;a fundamental para o modernismo brasileiro, que tamb&eacute;m atuou no campo da cr&iacute;tica art&iacute;stica, m&uacute;sica e na interface entre pol&iacute;tica e <span id=\"urn:enhancement-59c84349-b73f-447b-a8b0-f55323cbc3a5\" class=\"textannotation disambiguated wl-creative-work\" itemid=\"https:\/\/data.wordlift.io\/wl110249\/entity\/arte\">arte<\/span>. Tamb&eacute;m paulistano, o escritor tornou-se amigo de <span id=\"urn:enhancement-a39094d6-4f63-47e4-8dd2-b79260b7d2cf\" class=\"textannotation disambiguated wl-person\" itemid=\"https:\/\/data.wordlift.io\/wl110249\/entity\/oswald-de-andrade\">Oswald de Andrade<\/span> e <span id=\"urn:enhancement-ce540457-99c7-4c7e-b6d4-b444d6c7144a\" class=\"textannotation disambiguated wl-person\" itemid=\"https:\/\/data.wordlift.io\/wl110249\/entity\/tarsila-do-amaral\">Tarsila do Amaral<\/span>, com contribui&ccedil;&atilde;o relevante para a exposi&ccedil;&atilde;o do movimento na Semana de <span id=\"urn:enhancement-8cfc958f-8ab5-4d56-9193-0bd7571ab2a4\" class=\"textannotation disambiguated wl-creative-work\" itemid=\"https:\/\/data.wordlift.io\/wl110249\/entity\/arte\">Arte<\/span> Moderna.&nbsp;<\/p><p class=\"has-text-align-center wp-block-paragraph\"><em>&ldquo;Cidade &eacute; bel&iacute;ssima, e grato o seu conv&iacute;vio. Toda cortada de ruas habilmente estreitas e tomadas por est&aacute;tuas e lampi&otilde;es gracios&iacute;ssimos e de rara escultura; tudo diminuindo com ast&uacute;cia o espa&ccedil;o de forma tal, que nessas art&eacute;rias n&atilde;o cabe a popula&ccedil;&atilde;o. Assim se obt&eacute;m o efeito dum grande ac&uacute;mulo de gentes, cuja estimativa pode ser aumentada &agrave; vontade, o que &eacute; prop&iacute;cio &aacute;s elei&ccedil;&otilde;es que s&atilde;o inven&ccedil;&atilde;o dos inimit&aacute;veis mineiros; ao mesmo tempo que os edis disp&otilde;em de largo assunto com que ganhem dias honrados e a admira&ccedil;&atilde;o de todos, com surtos de eloqu&ecirc;ncia do mais puro estilo e sublimado valor.<\/em><\/p><p class=\"has-text-align-center wp-block-paragraph\"><em>As ditas art&eacute;rias s&atilde;o todas recumadas de ricocheteantes papeizinhos e vel&iacute;volas cascas de fruitos; e em principal duma fin&iacute;ssima poeira, e mui dan&ccedil;arina, em que se despargem diariamente mil e uma esp&eacute;cimens de vorazes macr&oacute;bios, que dizimam a popula&ccedil;&atilde;o. Por essa forma resolveram, os nossos maiores, o problema da circula&ccedil;&atilde;o; pois que tais insetos devoram as mesquinhas vidas da ral&eacute; e impedem o ac&uacute;mulo de desocupados e oper&aacute;rios; e assim se conservam sempre as gentes em n&uacute;mero igual.&rdquo;<\/em><\/p><p class=\"has-text-align-center wp-block-paragraph\"><em><span id=\"urn:enhancement-10340871-56c1-4885-94c5-55be8787fddd\" class=\"textannotation disambiguated wl-person\" itemid=\"https:\/\/data.wordlift.io\/wl110249\/entity\/mario-de-andrade\">M&aacute;rio de Andrade<\/span> &ndash; Macuna&iacute;ma<\/em><\/p><h3 class=\"wp-block-heading\" id=\"h-tarsila-do-amaral-1886-1973\">Tarsila do Amaral (1886-1973)<\/h3><p class=\"wp-block-paragraph\">Pintora e desenhista nascida no interior paulista, <span id=\"urn:enhancement-4fd839dd-d379-4c91-b36b-c1cd8acfdf2b\" class=\"textannotation disambiguated wl-person\" itemid=\"https:\/\/data.wordlift.io\/wl110249\/entity\/tarsila-do-amaral\">Tarsila do Amaral<\/span> teve um papel importante no estabelecimento do modernismo de 1922 dentro das <span id=\"urn:enhancement-48269dd5-9b92-4b8a-89ad-ad036e686db6\" class=\"textannotation disambiguated wl-creative-work\" itemid=\"https:\/\/data.wordlift.io\/wl110249\/entity\/arte\">artes<\/span> pl&aacute;sticas. Como foi mencionado anteriormente, foi cofundadora do movimento antropof&aacute;gico, juntamente com seu marido (posteriormente se divorciaram). Seu quadro mais expressivo dentro deste contexto foi Abaporu, que est&aacute; demonstrado abaixo.<\/p><div class=\"wp-block-image\">\n<figure class=\"aligncenter\"><img decoding=\"async\" src=\"https:\/\/lh7-us.googleusercontent.com\/t8T4Bc2x0ROx3AvqTKZhR0bxptQD9jg2TvqE9IyuAfl-rqA-J74gkBxFG-b_J5tsFoZKXX9fIQgGOO-QNgOLJBxJW1Fsdf8-zA6T-RDtoPGuZXYxxkBjvmoL4hDqhhA5AJY7lN3n_CcFUh9b-SW0DsQ\" alt=\"Modernismo de 22: Tarsila do Amaral\"><figcaption class=\"wp-element-caption\">Imagem: Reprodu&ccedil;&atilde;o\/Wikimedia<\/figcaption><\/figure>\n<\/div><h3 class=\"wp-block-heading\" id=\"h-anita-malfatti-1889-1964\">Anita Malfatti (1889-1964)<\/h3><p class=\"wp-block-paragraph\">Outra paulistana entre os modernistas da Primeira Fase, Anita Malfatti tamb&eacute;m &eacute; pintora de relev&acirc;ncia gigantesca para a Semana de <span id=\"urn:enhancement-689870aa-2e61-42f9-a602-9adc55ded72d\" class=\"textannotation disambiguated wl-creative-work\" itemid=\"https:\/\/data.wordlift.io\/wl110249\/entity\/arte\">Arte<\/span> Moderna de 22 e o crescimento do modernismo dentro do Brasil.<\/p><p class=\"wp-block-paragraph\">Sua <span id=\"urn:enhancement-2e84c147-e6a8-49ec-aba8-b294f089c368\" class=\"textannotation disambiguated wl-creative-work\" itemid=\"https:\/\/data.wordlift.io\/wl110249\/entity\/arte\">arte<\/span> inovadora foi amplamente criticada em tabloides voltados para a cr&iacute;tica art&iacute;stica, mas ela ganhou espa&ccedil;o dentro de suas propostas inovadoras e &eacute; um dos nomes mais citados quando o tema s&atilde;o as pinturas do modernismo brasileiro.&nbsp;<\/p><div class=\"wp-block-image\">\n<figure class=\"aligncenter\"><img decoding=\"async\" src=\"https:\/\/lh7-us.googleusercontent.com\/SzEeTITomzDXsjwQrCrcwSFh43wsi42eJgWsqJWNAwQ3eCtqbQPQ9IqgeP9yUzrfmdhCbFPZEHnSHpns42Is4CJ6RWgqZmoOxwxOVHy643AfpaNAb-8_00rvcMwk0slwUFp5SzN9YajzCx4SwZNm_XA\" alt=\"Anita Malfatii - quadro modernismo 22\"><figcaption class=\"wp-element-caption\">Imagem: Reprodu&ccedil;&atilde;o\/Enciclopedia Cultural Ita&uacute;<\/figcaption><\/figure>\n<\/div><h2 class=\"wp-block-heading\" id=\"h-estude-para-o-vestibular-com-o-estrategia\"><span class=\"ez-toc-section\" id=\"Estude-para-o-vestibular-com-o-Estrategia\"><\/span>Estude para o vestibular com o Estrat&eacute;gia!<span class=\"ez-toc-section-end\"><\/span><\/h2><p class=\"wp-block-paragraph\">Gostou do conte&uacute;do? Tenha acesso a diversos resumos e explica&ccedil;&otilde;es did&aacute;ticas sobre assuntos de Hist&oacute;ria e todas as outras disciplinas. Tudo isso est&aacute; dispon&iacute;vel nos cursos da Coruja, em PDFs ou aulas. Conhe&ccedil;a mais agora mesmo!<\/p><p class=\"wp-block-paragraph\"><a id=\"cta\" class=\"cta-imagem\" href=\"https:\/\/vestibulares.estrategia.com\/cursos\/\" target=\"blank\">\n                <img decoding=\"async\" width=\"100%\" src=\"https:\/\/vestibulares.estrategia.com\/portal\/wp-content\/uploads\/2021\/12\/EV2.jpg\" alt=\"CTA - Estrat\u00e9gia Vestibulares 2\" title=\"CTA - Estrat\u00e9gia Vestibulares 2\">\n        <\/a>\n\n\n\n\n<\/p><\/p>\n","protected":false},"excerpt":{"rendered":"O modernismo de 1922 &eacute; a abertura das inova&ccedil;&otilde;es art&iacute;sticas no Brasil. Artistas revolucion&aacute;rios de todo o Brasil&hellip;\n","protected":false},"author":23,"featured_media":108066,"comment_status":"closed","ping_status":"closed","sticky":false,"template":"","format":"standard","meta":{"footnotes":""},"categories":[37],"tags":[],"class_list":["post-108074","post","type-post","status-publish","format-standard","has-post-thumbnail","category-literatura"],"acf":[],"yoast_head":"<!-- This site is optimized with the Yoast SEO Premium plugin v25.9 (Yoast SEO v28.2) - https:\/\/yoast.com\/product\/yoast-seo-premium-wordpress\/ -->\n<title>Modernismo de 1922: contexto hist\u00f3rico, caracter\u00edsticas e obras<\/title>\n<meta name=\"description\" content=\"Leia sobre o contexto hist\u00f3rico, conceitos e caracter\u00edsticas do Modernismo de 1922, com os principais artistas e relev\u00e2ncia.\" \/>\n<meta name=\"robots\" content=\"index, follow, max-snippet:-1, max-image-preview:large, max-video-preview:-1\" \/>\n<link rel=\"canonical\" href=\"https:\/\/vestibulares.estrategia.com\/portal\/materias\/literatura\/modernismo-de-1922\/\" \/>\n<meta property=\"og:locale\" content=\"pt_BR\" \/>\n<meta property=\"og:type\" content=\"article\" \/>\n<meta property=\"og:title\" content=\"Modernismo de 1922: contexto hist\u00f3rico, caracter\u00edsticas e obras\" \/>\n<meta property=\"og:description\" content=\"Leia sobre o contexto hist\u00f3rico, conceitos e caracter\u00edsticas do Modernismo de 1922, com os principais artistas e relev\u00e2ncia.\" \/>\n<meta property=\"og:url\" content=\"https:\/\/vestibulares.estrategia.com\/portal\/materias\/literatura\/modernismo-de-1922\/\" \/>\n<meta property=\"og:site_name\" content=\"Estrat\u00e9gia Vestibulares\" \/>\n<meta property=\"article:publisher\" content=\"https:\/\/facebook.com\/estrategiavestibulares\" \/>\n<meta property=\"article:published_time\" content=\"2023-11-30T20:18:17+00:00\" \/>\n<meta property=\"article:modified_time\" content=\"2023-12-07T18:37:09+00:00\" \/>\n<meta property=\"og:image\" content=\"https:\/\/vestibulares.estrategia.com\/portal\/wp-content\/uploads\/2023\/11\/kazuend-DHk_mju83z0-unsplash.jpg\" \/>\n\t<meta property=\"og:image:width\" content=\"1920\" \/>\n\t<meta property=\"og:image:height\" content=\"1280\" \/>\n\t<meta property=\"og:image:type\" content=\"image\/jpeg\" \/>\n<meta name=\"author\" content=\"Kauane Elias\" \/>\n<meta name=\"twitter:card\" content=\"summary_large_image\" \/>\n<meta name=\"twitter:creator\" content=\"@Estrategiavest\" \/>\n<meta name=\"twitter:site\" content=\"@Estrategiavest\" \/>\n<meta name=\"twitter:label1\" content=\"Escrito por\" \/>\n\t<meta name=\"twitter:data1\" content=\"Kauane Elias\" \/>\n\t<meta name=\"twitter:label2\" content=\"Est. tempo de leitura\" \/>\n\t<meta name=\"twitter:data2\" content=\"8 minutos\" \/>\n<script type=\"application\/ld+json\" class=\"yoast-schema-graph\">{\"@context\":\"https:\\\/\\\/schema.org\",\"@graph\":[{\"@type\":\"Article\",\"@id\":\"https:\\\/\\\/vestibulares.estrategia.com\\\/portal\\\/materias\\\/literatura\\\/modernismo-de-1922\\\/#article\",\"isPartOf\":{\"@id\":\"https:\\\/\\\/vestibulares.estrategia.com\\\/portal\\\/materias\\\/literatura\\\/modernismo-de-1922\\\/\"},\"author\":{\"name\":\"Kauane Elias\",\"@id\":\"https:\\\/\\\/vestibulares.estrategia.com\\\/portal\\\/#\\\/schema\\\/person\\\/c3c8aff2b0e78cda59fba186b818b7b1\"},\"headline\":\"Modernismo de 1922: contexto hist\u00f3rico, caracter\u00edsticas e obras\",\"datePublished\":\"2023-11-30T20:18:17+00:00\",\"dateModified\":\"2023-12-07T18:37:09+00:00\",\"mainEntityOfPage\":{\"@id\":\"https:\\\/\\\/vestibulares.estrategia.com\\\/portal\\\/materias\\\/literatura\\\/modernismo-de-1922\\\/\"},\"wordCount\":1521,\"publisher\":{\"@id\":\"https:\\\/\\\/vestibulares.estrategia.com\\\/portal\\\/#organization\"},\"image\":{\"@id\":\"https:\\\/\\\/vestibulares.estrategia.com\\\/portal\\\/materias\\\/literatura\\\/modernismo-de-1922\\\/#primaryimage\"},\"thumbnailUrl\":\"https:\\\/\\\/vestibulares.estrategia.com\\\/portal\\\/wp-content\\\/uploads\\\/2023\\\/11\\\/kazuend-DHk_mju83z0-unsplash.jpg\",\"articleSection\":[\"Literatura\"],\"inLanguage\":\"pt-BR\"},{\"@type\":\"WebPage\",\"@id\":\"https:\\\/\\\/vestibulares.estrategia.com\\\/portal\\\/materias\\\/literatura\\\/modernismo-de-1922\\\/\",\"url\":\"https:\\\/\\\/vestibulares.estrategia.com\\\/portal\\\/materias\\\/literatura\\\/modernismo-de-1922\\\/\",\"name\":\"Modernismo de 1922: contexto hist\u00f3rico, caracter\u00edsticas e obras\",\"isPartOf\":{\"@id\":\"https:\\\/\\\/vestibulares.estrategia.com\\\/portal\\\/#website\"},\"primaryImageOfPage\":{\"@id\":\"https:\\\/\\\/vestibulares.estrategia.com\\\/portal\\\/materias\\\/literatura\\\/modernismo-de-1922\\\/#primaryimage\"},\"image\":{\"@id\":\"https:\\\/\\\/vestibulares.estrategia.com\\\/portal\\\/materias\\\/literatura\\\/modernismo-de-1922\\\/#primaryimage\"},\"thumbnailUrl\":\"https:\\\/\\\/vestibulares.estrategia.com\\\/portal\\\/wp-content\\\/uploads\\\/2023\\\/11\\\/kazuend-DHk_mju83z0-unsplash.jpg\",\"datePublished\":\"2023-11-30T20:18:17+00:00\",\"dateModified\":\"2023-12-07T18:37:09+00:00\",\"description\":\"Leia sobre o contexto hist\u00f3rico, conceitos e caracter\u00edsticas do Modernismo de 1922, com os principais artistas e relev\u00e2ncia.\",\"breadcrumb\":{\"@id\":\"https:\\\/\\\/vestibulares.estrategia.com\\\/portal\\\/materias\\\/literatura\\\/modernismo-de-1922\\\/#breadcrumb\"},\"inLanguage\":\"pt-BR\",\"potentialAction\":[{\"@type\":\"ReadAction\",\"target\":[\"https:\\\/\\\/vestibulares.estrategia.com\\\/portal\\\/materias\\\/literatura\\\/modernismo-de-1922\\\/\"]}]},{\"@type\":\"ImageObject\",\"inLanguage\":\"pt-BR\",\"@id\":\"https:\\\/\\\/vestibulares.estrategia.com\\\/portal\\\/materias\\\/literatura\\\/modernismo-de-1922\\\/#primaryimage\",\"url\":\"https:\\\/\\\/vestibulares.estrategia.com\\\/portal\\\/wp-content\\\/uploads\\\/2023\\\/11\\\/kazuend-DHk_mju83z0-unsplash.jpg\",\"contentUrl\":\"https:\\\/\\\/vestibulares.estrategia.com\\\/portal\\\/wp-content\\\/uploads\\\/2023\\\/11\\\/kazuend-DHk_mju83z0-unsplash.jpg\",\"width\":1920,\"height\":1280},{\"@type\":\"BreadcrumbList\",\"@id\":\"https:\\\/\\\/vestibulares.estrategia.com\\\/portal\\\/materias\\\/literatura\\\/modernismo-de-1922\\\/#breadcrumb\",\"itemListElement\":[{\"@type\":\"ListItem\",\"position\":1,\"name\":\"Home\",\"item\":\"https:\\\/\\\/vestibulares.estrategia.com\\\/portal\\\/\"},{\"@type\":\"ListItem\",\"position\":2,\"name\":\"Mat\u00e9rias\",\"item\":\"https:\\\/\\\/vestibulares.estrategia.com\\\/portal\\\/materias\\\/\"},{\"@type\":\"ListItem\",\"position\":3,\"name\":\"Literatura\",\"item\":\"https:\\\/\\\/vestibulares.estrategia.com\\\/portal\\\/materias\\\/literatura\\\/\"},{\"@type\":\"ListItem\",\"position\":4,\"name\":\"Modernismo de 1922: contexto hist\u00f3rico, caracter\u00edsticas e obras\"}]},{\"@type\":\"WebSite\",\"@id\":\"https:\\\/\\\/vestibulares.estrategia.com\\\/portal\\\/#website\",\"url\":\"https:\\\/\\\/vestibulares.estrategia.com\\\/portal\\\/\",\"name\":\"Estrat\u00e9gia Vestibulares\",\"description\":\"\",\"publisher\":{\"@id\":\"https:\\\/\\\/vestibulares.estrategia.com\\\/portal\\\/#organization\"},\"potentialAction\":[{\"@type\":\"SearchAction\",\"target\":{\"@type\":\"EntryPoint\",\"urlTemplate\":\"https:\\\/\\\/vestibulares.estrategia.com\\\/portal\\\/?s={search_term_string}\"},\"query-input\":{\"@type\":\"PropertyValueSpecification\",\"valueRequired\":true,\"valueName\":\"search_term_string\"}}],\"inLanguage\":\"pt-BR\"},{\"@type\":\"Organization\",\"@id\":\"https:\\\/\\\/vestibulares.estrategia.com\\\/portal\\\/#organization\",\"name\":\"Estrat\u00e9gia Vestibulares\",\"url\":\"https:\\\/\\\/vestibulares.estrategia.com\\\/portal\\\/\",\"logo\":{\"@type\":\"ImageObject\",\"inLanguage\":\"pt-BR\",\"@id\":\"https:\\\/\\\/vestibulares.estrategia.com\\\/portal\\\/#\\\/schema\\\/logo\\\/image\\\/\",\"url\":\"https:\\\/\\\/vestibulares.estrategia.com\\\/portal\\\/wp-content\\\/uploads\\\/2021\\\/06\\\/Logo-Vestibulares@4x.png\",\"contentUrl\":\"https:\\\/\\\/vestibulares.estrategia.com\\\/portal\\\/wp-content\\\/uploads\\\/2021\\\/06\\\/Logo-Vestibulares@4x.png\",\"width\":250,\"height\":66,\"caption\":\"Estrat\u00e9gia Vestibulares\"},\"image\":{\"@id\":\"https:\\\/\\\/vestibulares.estrategia.com\\\/portal\\\/#\\\/schema\\\/logo\\\/image\\\/\"},\"sameAs\":[\"https:\\\/\\\/facebook.com\\\/estrategiavestibulares\",\"https:\\\/\\\/x.com\\\/Estrategiavest\",\"https:\\\/\\\/www.instagram.com\\\/estrategiavestibulares\",\"https:\\\/\\\/www.youtube.com\\\/channel\\\/UCGWdZy8ULI-7_5GrABa4vNA\"]},{\"@type\":\"Person\",\"@id\":\"https:\\\/\\\/vestibulares.estrategia.com\\\/portal\\\/#\\\/schema\\\/person\\\/c3c8aff2b0e78cda59fba186b818b7b1\",\"name\":\"Kauane Elias\",\"image\":{\"@type\":\"ImageObject\",\"inLanguage\":\"pt-BR\",\"@id\":\"https:\\\/\\\/secure.gravatar.com\\\/avatar\\\/8e80772bbad4df9736e04a57d5d9e7505912087da8ecb6278b4b7be123170e95?s=96&d=mm&r=g\",\"url\":\"https:\\\/\\\/secure.gravatar.com\\\/avatar\\\/8e80772bbad4df9736e04a57d5d9e7505912087da8ecb6278b4b7be123170e95?s=96&d=mm&r=g\",\"contentUrl\":\"https:\\\/\\\/secure.gravatar.com\\\/avatar\\\/8e80772bbad4df9736e04a57d5d9e7505912087da8ecb6278b4b7be123170e95?s=96&d=mm&r=g\",\"caption\":\"Kauane Elias\"},\"description\":\"Medicina - Unicamp. F\u00e9. \\\"Um mundo melhor come\u00e7a na transforma\u00e7\u00e3o do pr\u00f3prio mundo!\\\"\",\"url\":\"https:\\\/\\\/vestibulares.estrategia.com\\\/portal\\\/author\\\/kauane\\\/\"}]}<\/script>\n<!-- \/ Yoast SEO Premium plugin. -->","yoast_head_json":{"title":"Modernismo de 1922: contexto hist\u00f3rico, caracter\u00edsticas e obras","description":"Leia sobre o contexto hist\u00f3rico, conceitos e caracter\u00edsticas do Modernismo de 1922, com os principais artistas e relev\u00e2ncia.","robots":{"index":"index","follow":"follow","max-snippet":"max-snippet:-1","max-image-preview":"max-image-preview:large","max-video-preview":"max-video-preview:-1"},"canonical":"https:\/\/vestibulares.estrategia.com\/portal\/materias\/literatura\/modernismo-de-1922\/","og_locale":"pt_BR","og_type":"article","og_title":"Modernismo de 1922: contexto hist\u00f3rico, caracter\u00edsticas e obras","og_description":"Leia sobre o contexto hist\u00f3rico, conceitos e caracter\u00edsticas do Modernismo de 1922, com os principais artistas e relev\u00e2ncia.","og_url":"https:\/\/vestibulares.estrategia.com\/portal\/materias\/literatura\/modernismo-de-1922\/","og_site_name":"Estrat\u00e9gia Vestibulares","article_publisher":"https:\/\/facebook.com\/estrategiavestibulares","article_published_time":"2023-11-30T20:18:17+00:00","article_modified_time":"2023-12-07T18:37:09+00:00","og_image":[{"width":1920,"height":1280,"url":"https:\/\/vestibulares.estrategia.com\/portal\/wp-content\/uploads\/2023\/11\/kazuend-DHk_mju83z0-unsplash.jpg","type":"image\/jpeg"}],"author":"Kauane Elias","twitter_card":"summary_large_image","twitter_creator":"@Estrategiavest","twitter_site":"@Estrategiavest","twitter_misc":{"Escrito por":"Kauane Elias","Est. tempo de leitura":"8 minutos"},"schema":{"@context":"https:\/\/schema.org","@graph":[{"@type":"Article","@id":"https:\/\/vestibulares.estrategia.com\/portal\/materias\/literatura\/modernismo-de-1922\/#article","isPartOf":{"@id":"https:\/\/vestibulares.estrategia.com\/portal\/materias\/literatura\/modernismo-de-1922\/"},"author":{"name":"Kauane Elias","@id":"https:\/\/vestibulares.estrategia.com\/portal\/#\/schema\/person\/c3c8aff2b0e78cda59fba186b818b7b1"},"headline":"Modernismo de 1922: contexto hist\u00f3rico, caracter\u00edsticas e obras","datePublished":"2023-11-30T20:18:17+00:00","dateModified":"2023-12-07T18:37:09+00:00","mainEntityOfPage":{"@id":"https:\/\/vestibulares.estrategia.com\/portal\/materias\/literatura\/modernismo-de-1922\/"},"wordCount":1521,"publisher":{"@id":"https:\/\/vestibulares.estrategia.com\/portal\/#organization"},"image":{"@id":"https:\/\/vestibulares.estrategia.com\/portal\/materias\/literatura\/modernismo-de-1922\/#primaryimage"},"thumbnailUrl":"https:\/\/vestibulares.estrategia.com\/portal\/wp-content\/uploads\/2023\/11\/kazuend-DHk_mju83z0-unsplash.jpg","articleSection":["Literatura"],"inLanguage":"pt-BR"},{"@type":"WebPage","@id":"https:\/\/vestibulares.estrategia.com\/portal\/materias\/literatura\/modernismo-de-1922\/","url":"https:\/\/vestibulares.estrategia.com\/portal\/materias\/literatura\/modernismo-de-1922\/","name":"Modernismo de 1922: contexto hist\u00f3rico, caracter\u00edsticas e obras","isPartOf":{"@id":"https:\/\/vestibulares.estrategia.com\/portal\/#website"},"primaryImageOfPage":{"@id":"https:\/\/vestibulares.estrategia.com\/portal\/materias\/literatura\/modernismo-de-1922\/#primaryimage"},"image":{"@id":"https:\/\/vestibulares.estrategia.com\/portal\/materias\/literatura\/modernismo-de-1922\/#primaryimage"},"thumbnailUrl":"https:\/\/vestibulares.estrategia.com\/portal\/wp-content\/uploads\/2023\/11\/kazuend-DHk_mju83z0-unsplash.jpg","datePublished":"2023-11-30T20:18:17+00:00","dateModified":"2023-12-07T18:37:09+00:00","description":"Leia sobre o contexto hist\u00f3rico, conceitos e caracter\u00edsticas do Modernismo de 1922, com os principais artistas e relev\u00e2ncia.","breadcrumb":{"@id":"https:\/\/vestibulares.estrategia.com\/portal\/materias\/literatura\/modernismo-de-1922\/#breadcrumb"},"inLanguage":"pt-BR","potentialAction":[{"@type":"ReadAction","target":["https:\/\/vestibulares.estrategia.com\/portal\/materias\/literatura\/modernismo-de-1922\/"]}]},{"@type":"ImageObject","inLanguage":"pt-BR","@id":"https:\/\/vestibulares.estrategia.com\/portal\/materias\/literatura\/modernismo-de-1922\/#primaryimage","url":"https:\/\/vestibulares.estrategia.com\/portal\/wp-content\/uploads\/2023\/11\/kazuend-DHk_mju83z0-unsplash.jpg","contentUrl":"https:\/\/vestibulares.estrategia.com\/portal\/wp-content\/uploads\/2023\/11\/kazuend-DHk_mju83z0-unsplash.jpg","width":1920,"height":1280},{"@type":"BreadcrumbList","@id":"https:\/\/vestibulares.estrategia.com\/portal\/materias\/literatura\/modernismo-de-1922\/#breadcrumb","itemListElement":[{"@type":"ListItem","position":1,"name":"Home","item":"https:\/\/vestibulares.estrategia.com\/portal\/"},{"@type":"ListItem","position":2,"name":"Mat\u00e9rias","item":"https:\/\/vestibulares.estrategia.com\/portal\/materias\/"},{"@type":"ListItem","position":3,"name":"Literatura","item":"https:\/\/vestibulares.estrategia.com\/portal\/materias\/literatura\/"},{"@type":"ListItem","position":4,"name":"Modernismo de 1922: contexto hist\u00f3rico, caracter\u00edsticas e obras"}]},{"@type":"WebSite","@id":"https:\/\/vestibulares.estrategia.com\/portal\/#website","url":"https:\/\/vestibulares.estrategia.com\/portal\/","name":"Estrat\u00e9gia Vestibulares","description":"","publisher":{"@id":"https:\/\/vestibulares.estrategia.com\/portal\/#organization"},"potentialAction":[{"@type":"SearchAction","target":{"@type":"EntryPoint","urlTemplate":"https:\/\/vestibulares.estrategia.com\/portal\/?s={search_term_string}"},"query-input":{"@type":"PropertyValueSpecification","valueRequired":true,"valueName":"search_term_string"}}],"inLanguage":"pt-BR"},{"@type":"Organization","@id":"https:\/\/vestibulares.estrategia.com\/portal\/#organization","name":"Estrat\u00e9gia Vestibulares","url":"https:\/\/vestibulares.estrategia.com\/portal\/","logo":{"@type":"ImageObject","inLanguage":"pt-BR","@id":"https:\/\/vestibulares.estrategia.com\/portal\/#\/schema\/logo\/image\/","url":"https:\/\/vestibulares.estrategia.com\/portal\/wp-content\/uploads\/2021\/06\/Logo-Vestibulares@4x.png","contentUrl":"https:\/\/vestibulares.estrategia.com\/portal\/wp-content\/uploads\/2021\/06\/Logo-Vestibulares@4x.png","width":250,"height":66,"caption":"Estrat\u00e9gia Vestibulares"},"image":{"@id":"https:\/\/vestibulares.estrategia.com\/portal\/#\/schema\/logo\/image\/"},"sameAs":["https:\/\/facebook.com\/estrategiavestibulares","https:\/\/x.com\/Estrategiavest","https:\/\/www.instagram.com\/estrategiavestibulares","https:\/\/www.youtube.com\/channel\/UCGWdZy8ULI-7_5GrABa4vNA"]},{"@type":"Person","@id":"https:\/\/vestibulares.estrategia.com\/portal\/#\/schema\/person\/c3c8aff2b0e78cda59fba186b818b7b1","name":"Kauane Elias","image":{"@type":"ImageObject","inLanguage":"pt-BR","@id":"https:\/\/secure.gravatar.com\/avatar\/8e80772bbad4df9736e04a57d5d9e7505912087da8ecb6278b4b7be123170e95?s=96&d=mm&r=g","url":"https:\/\/secure.gravatar.com\/avatar\/8e80772bbad4df9736e04a57d5d9e7505912087da8ecb6278b4b7be123170e95?s=96&d=mm&r=g","contentUrl":"https:\/\/secure.gravatar.com\/avatar\/8e80772bbad4df9736e04a57d5d9e7505912087da8ecb6278b4b7be123170e95?s=96&d=mm&r=g","caption":"Kauane Elias"},"description":"Medicina - Unicamp. F\u00e9. \"Um mundo melhor come\u00e7a na transforma\u00e7\u00e3o do pr\u00f3prio mundo!\"","url":"https:\/\/vestibulares.estrategia.com\/portal\/author\/kauane\/"}]}},"_links":{"self":[{"href":"https:\/\/vestibulares.estrategia.com\/portal\/wp-json\/wp\/v2\/posts\/108074","targetHints":{"allow":["GET"]}}],"collection":[{"href":"https:\/\/vestibulares.estrategia.com\/portal\/wp-json\/wp\/v2\/posts"}],"about":[{"href":"https:\/\/vestibulares.estrategia.com\/portal\/wp-json\/wp\/v2\/types\/post"}],"author":[{"embeddable":true,"href":"https:\/\/vestibulares.estrategia.com\/portal\/wp-json\/wp\/v2\/users\/23"}],"replies":[{"embeddable":true,"href":"https:\/\/vestibulares.estrategia.com\/portal\/wp-json\/wp\/v2\/comments?post=108074"}],"version-history":[{"count":2,"href":"https:\/\/vestibulares.estrategia.com\/portal\/wp-json\/wp\/v2\/posts\/108074\/revisions"}],"predecessor-version":[{"id":108596,"href":"https:\/\/vestibulares.estrategia.com\/portal\/wp-json\/wp\/v2\/posts\/108074\/revisions\/108596"}],"wp:featuredmedia":[{"embeddable":true,"href":"https:\/\/vestibulares.estrategia.com\/portal\/wp-json\/wp\/v2\/media\/108066"}],"wp:attachment":[{"href":"https:\/\/vestibulares.estrategia.com\/portal\/wp-json\/wp\/v2\/media?parent=108074"}],"wp:term":[{"taxonomy":"category","embeddable":true,"href":"https:\/\/vestibulares.estrategia.com\/portal\/wp-json\/wp\/v2\/categories?post=108074"},{"taxonomy":"post_tag","embeddable":true,"href":"https:\/\/vestibulares.estrategia.com\/portal\/wp-json\/wp\/v2\/tags?post=108074"}],"curies":[{"name":"wp","href":"https:\/\/api.w.org\/{rel}","templated":true}]}}