{"id":108076,"date":"2023-12-02T08:00:00","date_gmt":"2023-12-02T11:00:00","guid":{"rendered":"https:\/\/vestibulares.estrategia.com\/portal\/?p=108076"},"modified":"2023-12-07T14:32:14","modified_gmt":"2023-12-07T17:32:14","slug":"modernismo-de-1930","status":"publish","type":"post","link":"https:\/\/vestibulares.estrategia.com\/portal\/materias\/literatura\/modernismo-de-1930\/","title":{"rendered":"Modernismo de 1930: hist\u00f3ria, caracter\u00edsticas e obras"},"content":{"rendered":"<p>O modernismo de 1930 &eacute; a segunda fase do movimento modernista no Brasil. &Eacute; o per&iacute;odo em que autores com vis&otilde;es t&atilde;o inovadoras quanto a anterior, passam a escrever sobre temas novos e em uma estrutura diferente do que foi visto com os artistas de 1922.&nbsp;<p>&Eacute; uma gera&ccedil;&atilde;o art&iacute;stica que durou 15 anos, entre 1930 e 1945, contemplando grandes acontecimentos do cen&aacute;rio mundial, como a descren&ccedil;a com o capitalismo e a ascens&atilde;o de movimentos nazifascistas ao redor do mundo.&nbsp;<\/p><p>Continue lendo este artigo para conhecer mais sobre o contexto hist&oacute;rico e como ele influenciou na cria&ccedil;&atilde;o desses artistas. Veja tamb&eacute;m as caracter&iacute;sticas dessas obras, a tem&aacute;tica, a estrutura e as escolhas lingu&iacute;sticas empregadas durante o modernismo de 1930.&nbsp;<\/p><div id=\"ez-toc-container\" class=\"ez-toc-v2_0_76 counter-hierarchy ez-toc-counter ez-toc-transparent ez-toc-container-direction\">\n<div class=\"ez-toc-title-container\"><p class=\"ez-toc-title\" style=\"cursor:inherit\">Navegue pelo conte\u00fado<\/p>\n<\/div><nav><ul class='ez-toc-list ez-toc-list-level-1 ' ><li class='ez-toc-page-1 ez-toc-heading-level-2'><a class=\"ez-toc-link ez-toc-heading-1\" href=\"https:\/\/vestibulares.estrategia.com\/portal\/materias\/literatura\/modernismo-de-1930\/#Contexto-historico-do-modernismo-de-1930\" >Contexto hist&oacute;rico do modernismo de 1930<\/a><\/li><li class='ez-toc-page-1 ez-toc-heading-level-2'><a class=\"ez-toc-link ez-toc-heading-2\" href=\"https:\/\/vestibulares.estrategia.com\/portal\/materias\/literatura\/modernismo-de-1930\/#Caracteristicas-do-Modernismo-de-1930\" >Caracter&iacute;sticas do Modernismo de 1930<\/a><\/li><li class='ez-toc-page-1 ez-toc-heading-level-2'><a class=\"ez-toc-link ez-toc-heading-3\" href=\"https:\/\/vestibulares.estrategia.com\/portal\/materias\/literatura\/modernismo-de-1930\/#Exemplos-de-autores-e-obras-do-Modernismo-de-1930\" >Exemplos de autores e obras do Modernismo de 1930&nbsp;<\/a><\/li><li class='ez-toc-page-1 ez-toc-heading-level-2'><a class=\"ez-toc-link ez-toc-heading-4\" href=\"https:\/\/vestibulares.estrategia.com\/portal\/materias\/literatura\/modernismo-de-1930\/#Estude-online-com-a-Coruja\" >Estude online com a Coruja!<\/a><\/li><\/ul><\/nav><\/div>\n<h2 class=\"wp-block-heading\" id=\"h-contexto-historico-do-modernismo-de-1930\"><span class=\"ez-toc-section\" id=\"Contexto-historico-do-modernismo-de-1930\"><\/span>Contexto hist&oacute;rico do modernismo de 1930<span class=\"ez-toc-section-end\"><\/span><\/h2><p>O modernismo iniciou-se no Brasil, oficialmente, no ano de 1922, durante a famosa <a href=\"https:\/\/vestibulares.estrategia.com\/portal\/materias\/artes\/semana-de-arte-moderna\/\" target=\"_blank\">Semana de Arte Moderna de 22<\/a>. Os artistas que se uniram e organizaram o evento propuseram que a arte brasileira, como um todo, deveria refletir a personalidade e identidade do povo.&nbsp;<\/p><p>&Eacute; importante ressaltar que a ess&ecirc;ncia do modernismo, em todas as suas fases &eacute; construir uma arte que fuja dos padr&otilde;es tradicionais, em que os artistas t&ecirc;m maior liberdade de express&atilde;o, organiza&ccedil;&atilde;o e desenvolvimento de suas obras.<\/p><p>Ent&atilde;o, a primeira fase &eacute; constitu&iacute;da por esse movimento mais nacionalista. Entretanto, o fim da d&eacute;cada de 20 e os anos seguintes foram extremamente ca&oacute;ticos no cen&aacute;rio mundial, atingindo os pa&iacute;ses em diferentes escalas, inclusive interferindo na economia do Brasil.<\/p><h3 class=\"wp-block-heading\" id=\"h-contexto-no-brasil\">Contexto no Brasil<\/h3><p>Em termos pol&iacute;ticos, o modernismo de 1930 est&aacute; inserido, quase que completamente, no governo de Get&uacute;lio Vargas. O presidente destituiu uma antiga pol&iacute;tica econ&ocirc;mica presente no sudeste, a Pol&iacute;tica do Caf&eacute;-com-leite, e ent&atilde;o enfrentou repres&aacute;lias, sendo contraposto por diferentes grupos sociais. Em 1937, Vargas foi inspirado pelo fascismo que crescia ao redor do mundo e instaurou o &ldquo;Estado Novo&rdquo;, a fase ditatorial de seu governo.&nbsp;<\/p><h3 class=\"wp-block-heading\" id=\"h-contexto-mundial\">Contexto mundial<\/h3><p>A Crise de 1929 &eacute; um cl&aacute;ssico exemplo do colapso do capitalismo durante o s&eacute;culo XX, principalmente nos Estados Unidos, diversos cidad&atilde;os vivenciaram condi&ccedil;&otilde;es de vida prec&aacute;rias, com fome intensa, falta de moradia e acentua&ccedil;&atilde;o das necessidades b&aacute;sicas.<\/p><p>Esse cen&aacute;rio contribuiu para que o <a href=\"https:\/\/vestibulares.estrategia.com\/portal\/materias\/geografia\/capitalismo\/\" target=\"_blank\">capitalismo <\/a>fosse questionado entre alguns pol&iacute;ticos e grupos sociais, afinal, essa crise demonstrou a fragilidade do sistema diante das altera&ccedil;&otilde;es de mercado. Com isso, surgiram novas propostas pol&iacute;tico-sociais, entre elas as campanhas totalitaristas.<\/p><p>Ao longo dos anos, esses governos ditatoriais crescem em diversas na&ccedil;&otilde;es da Europa, com destaque para It&aacute;lia e Alemanha. At&eacute; que eclodiu-se a <a href=\"https:\/\/vestibulares.estrategia.com\/portal\/materias\/historia\/segunda-guerra-mundial\/\" target=\"_blank\">Segunda Guerra Mundial<\/a>, em 1939, um conflito que abrangia pa&iacute;ses europeus, mas repercutiu em todos os continentes.<\/p><h2 class=\"wp-block-heading\" id=\"h-caracteristicas-do-modernismo-de-1930\"><span class=\"ez-toc-section\" id=\"Caracteristicas-do-Modernismo-de-1930\"><\/span>Caracter&iacute;sticas do Modernismo de 1930<span class=\"ez-toc-section-end\"><\/span><\/h2><p>Uma vez inseridos em um contexto hist&oacute;rico marcado pela eclos&atilde;o de novas ideologias pol&iacute;ticas, crescimento do fascismo, desenrolar de guerras, crises econ&ocirc;micas e sociais, os autores da Segunda Fase do Modernismo n&atilde;o sentiam-se confort&aacute;veis em escrever textos dissociados da realidade.&nbsp;<\/p><p>Ent&atilde;o, seus textos davam relev&acirc;ncia para os eventos do mundo contempor&acirc;neos, as not&iacute;cias que chamavam aten&ccedil;&atilde;o de todos. Eram obras constru&iacute;das em uma perspectiva realista, sem um idealismo ou tentativas de mascarar as obscuridades da vida e das rela&ccedil;&otilde;es humanas, especialmente no contexto social e pol&iacute;tico.&nbsp;<\/p><p>Ao mesmo tempo, o cen&aacute;rio tamb&eacute;m influenciou a forma de enxergar o mundo e a si mesmo. Afinal, com tantos conflitos, guerras, fome, mis&eacute;ria e autoritarismo, a ess&ecirc;ncia da vida humana perdeu parte do sentido para esses autores, e algumas obras destacam essa percep&ccedil;&atilde;o. Inclusive, a quest&atilde;o da espiritualidade era abordada para questionar a rela&ccedil;&atilde;o entre a f&eacute; e a desesperan&ccedil;a de observar o mundo como ele realmente &eacute;.&nbsp;<\/p><p>N&atilde;o se pode esquecer que, apesar da tem&aacute;tica mais tensa, esses autores ainda s&atilde;o modernistas da d&eacute;cada de 1930. Ent&atilde;o, os textos eram escritos em plena liberdade estrutural, sem uma forma fixa, de forma que a linguagem utilizada era mais livre, sem a necessidade de formalidades ou padr&otilde;es espec&iacute;ficos.&nbsp;<\/p><p>Outro ponto importante no modernismo de 1930 &eacute; que, diferentemente de seus antecessores, a maior parte dos escritores desenvolveram <a href=\"https:\/\/vestibulares.estrategia.com\/portal\/materias\/portugues\/prosa\/\" target=\"_blank\">prosas <\/a>politicamente engajadas. Inclusive, h&aacute; uma tend&ecirc;ncia em abordar criar prosas regionalistas, que abordavam o contexto social de diferentes regi&otilde;es do Brasil, tra&ccedil;ando uma rela&ccedil;&atilde;o entre o ambiente em que se vive e o comportamento dos moradores.&nbsp;<\/p><h2 class=\"wp-block-heading\" id=\"h-exemplos-de-autores-e-obras-do-modernismo-de-1930-nbsp\"><span class=\"ez-toc-section\" id=\"Exemplos-de-autores-e-obras-do-Modernismo-de-1930\"><\/span>Exemplos de autores e obras do Modernismo de 1930&nbsp;<span class=\"ez-toc-section-end\"><\/span><\/h2><p>Entre os principais nomes do modernismo de 1930, ou Segunda Fase do Modernismo s&atilde;o Graciliano Ramos (1892-1953), &Eacute;rico Ver&iacute;ssimo (1905-1975), Jos&eacute; Lins do Rego (1901-1957), Rachel de Queiroz (1910-2003), Cec&iacute;lia Meireles (1901-1964) e outros.<\/p><p>Muitos dos autores que compuseram a <a href=\"https:\/\/www.youtube.com\/watch?v=gqiTr7uRBus&amp;pp=ygUibW9kZXJuaXNtbyBlc3RyYXRlZ2lhIHZlc3RpYnVsYXJlcw%3D%3D\" target=\"_blank\">Primeira Fase<\/a>, tamb&eacute;m constru&iacute;ram textos com caracter&iacute;sticas do Modernismo de 1930. O principal exemplo foi Carlos Drummond de Andrade, artista de refer&ecirc;ncia na literatura brasileira, que contribuiu com sua arte em diferentes contextos hist&oacute;ricos.&nbsp;<\/p><h3 class=\"wp-block-heading\" id=\"h-vidas-secas-de-graciliano-ramos\">Vidas Secas de Graciliano Ramos<\/h3><p>Uma das obras mais conhecidas do Modernismo de 1930 foi &ldquo;Vidas Secas&rdquo;, escrita por Graciliano Ramos e publicada em 1938. O ambiente da narrativa &eacute; o sert&atilde;o nordestino, em que os personagens s&atilde;o sertanejos e retirantes, que migram constantemente conforme a seca avan&ccedil;a pelo sert&atilde;o, em busca de encontrar condi&ccedil;&otilde;es de sobreviv&ecirc;ncia, como fuga da mis&eacute;ria, fome e seca vivenciados nesse cen&aacute;rio. Acompanhe o excerto abaixo:&nbsp;<\/p><p class=\"has-text-align-center\"><em>&ldquo;Tinham deixado os caminhos, cheios de espinho e seixos, fazia horas que pisavam a margem do rio, a lama seca e rachada que escaldava os p&eacute;s.<\/em><\/p><p class=\"has-text-align-center\"><em>Pelo esp&iacute;rito atribulado do sertanejo passou a id&eacute;ia de abandonar o filho naquele descampado. Pensou nos urubus, nas ossadas, co&ccedil;ou a barba ruiva e suja, irresoluto, examinou os arredores. Sinha Vit&oacute;ria estirou o bei&ccedil;o indicando vagamente uma dire&ccedil;&atilde;o e afirmou com alguns sons guturais que estavam perto. Fabiano meteu a faca na bainha, guardou-a no cintur&atilde;o, acocorou-se, pegou no pulso do menino, que se encolhia, os joelhos encostados no est&ocirc;mago, frio como um defunto. A&iacute; a c&oacute;lera desapareceu e Fabiano teve pena. Imposs&iacute;vel abandonar o anjinho aos bichos do mato. Entregou a espingarda a Sinha Vit&oacute;ria, p&ocirc;s o filho no cangote, levantou-se, agarrou os bracinhos que lhe ca&iacute;am sobre o peito, moles, finos como cambitos. Sinha Vit&oacute;ria aprovou esse arranjo, lan&ccedil;ou de novo a interjei&ccedil;&atilde;o gutural, designou os juazeiros invis&iacute;veis.<\/em><\/p><p class=\"has-text-align-center\"><em>E a viagem prosseguiu, mais lenta, mais arrastada, num silencio grande.<\/em><\/p><p class=\"has-text-align-center\"><em>Ausente do companheiro, a cachorra Baleia tomou a frente do grupo. Arqueada, as costelas &agrave; mostra, corria ofegando, a l&iacute;ngua fora da boca. E de quando em quando se detinha, esperando as pessoas, que se retardavam.<\/em><\/p><p class=\"has-text-align-center\"><em>Ainda na v&eacute;spera eram seis viventes, contando com o papagaio. Coitado, morrera na areia do rio, onde haviam descansado, a beira de uma po&ccedil;a: a fome apertara demais os retirantes e por ali n&atilde;o existia sinal de comida. Baleia jantara os p&eacute;s, a cabe&ccedil;a, os ossos do amigo, e n&atilde;o guardava lembran&ccedil;a disto.&rdquo;<\/em><\/p><h2 class=\"wp-block-heading\" id=\"h-estude-online-com-a-coruja\"><span class=\"ez-toc-section\" id=\"Estude-online-com-a-Coruja\"><\/span>Estude online com a Coruja!<span class=\"ez-toc-section-end\"><\/span><\/h2><p>Os estudos online favorecem uma rotina mais equilibrada para o vestibulando, adequada &agrave;s suas necessidades e hor&aacute;rios. Com os cursos do Estrat&eacute;gia, voc&ecirc; pode tra&ccedil;ar trilhas de aprendizagem que dividem os assuntos ao longo do tempo, para estudar todo o conte&uacute;do que precisa at&eacute; o dia da sua prova. Tudo isso com conforto, por meio de materiais did&aacute;ticos dispon&iacute;veis em diversos formatos (PDF, v&iacute;deo, &aacute;udio e etc) pelos Livros Digitais Interativos (LDI). Clique no banner e estude do seu jeito com o Estrat&eacute;gia Vestibulares!<\/p><p>\n\n\n\n\n\n<a id=\"cta\" class=\"cta-imagem\" href=\"https:\/\/vestibulares.estrategia.com\/cursos\/\" target=\"blank\">\n                <img decoding=\"async\" width=\"100%\" src=\"https:\/\/vestibulares.estrategia.com\/portal\/wp-content\/uploads\/2021\/12\/EV4.jpg\" alt=\"CTA - Estrat\u00e9gia Vestibulares 4\" title=\"CTA - Estrat\u00e9gia Vestibulares 4\">\n        <\/a>\n\n\n<\/p><\/p>\n","protected":false},"excerpt":{"rendered":"O modernismo de 1930 &eacute; a segunda fase do movimento modernista no Brasil. &Eacute; o per&iacute;odo em que&hellip;\n","protected":false},"author":23,"featured_media":108065,"comment_status":"closed","ping_status":"closed","sticky":false,"template":"","format":"standard","meta":{"wl_entities_gutenberg":"","footnotes":""},"categories":[37],"tags":[],"wl_entity_type":[732],"class_list":{"0":"post-108076","1":"post","2":"type-post","3":"status-publish","4":"format-standard","5":"has-post-thumbnail","7":"category-literatura","8":"wl_entity_type-article"},"acf":[],"yoast_head":"<!-- This site is optimized with the Yoast SEO Premium plugin v25.9 (Yoast SEO v25.9) - https:\/\/yoast.com\/wordpress\/plugins\/seo\/ -->\n<title>Modernismo de 1930: hist\u00f3ria, caracter\u00edsticas e obras<\/title>\n<meta name=\"description\" content=\"O modernismo de 1930 \u00e9 a segunda fase do movimento modernista no Brasil: conhe\u00e7a caracter\u00edsticas, contexto hist\u00f3rico e artistas.\" \/>\n<meta name=\"robots\" content=\"index, follow, max-snippet:-1, max-image-preview:large, max-video-preview:-1\" \/>\n<link rel=\"canonical\" href=\"https:\/\/vestibulares.estrategia.com\/portal\/materias\/literatura\/modernismo-de-1930\/\" \/>\n<meta property=\"og:locale\" content=\"pt_BR\" \/>\n<meta property=\"og:type\" content=\"article\" \/>\n<meta property=\"og:title\" content=\"Modernismo de 1930: hist\u00f3ria, caracter\u00edsticas e obras\" \/>\n<meta property=\"og:description\" content=\"O modernismo de 1930 \u00e9 a segunda fase do movimento modernista no Brasil: conhe\u00e7a caracter\u00edsticas, contexto hist\u00f3rico e artistas.\" \/>\n<meta property=\"og:url\" content=\"https:\/\/vestibulares.estrategia.com\/portal\/materias\/literatura\/modernismo-de-1930\/\" \/>\n<meta property=\"og:site_name\" content=\"Estrat\u00e9gia Vestibulares\" \/>\n<meta property=\"article:publisher\" content=\"https:\/\/facebook.com\/estrategiavestibulares\" \/>\n<meta property=\"article:published_time\" content=\"2023-12-02T11:00:00+00:00\" \/>\n<meta property=\"article:modified_time\" content=\"2023-12-07T17:32:14+00:00\" \/>\n<meta property=\"og:image\" content=\"https:\/\/vestibulares.estrategia.com\/portal\/wp-content\/uploads\/2023\/11\/aaron-burden-xG8IQMqMITM-unsplash.jpg\" \/>\n\t<meta property=\"og:image:width\" content=\"1920\" \/>\n\t<meta property=\"og:image:height\" content=\"1442\" \/>\n\t<meta property=\"og:image:type\" content=\"image\/jpeg\" \/>\n<meta name=\"author\" content=\"Kauane Elias\" \/>\n<meta name=\"twitter:card\" content=\"summary_large_image\" \/>\n<meta name=\"twitter:creator\" content=\"@Estrategiavest\" \/>\n<meta name=\"twitter:site\" content=\"@Estrategiavest\" \/>\n<meta name=\"twitter:label1\" content=\"Escrito por\" \/>\n\t<meta name=\"twitter:data1\" content=\"Kauane Elias\" \/>\n\t<meta name=\"twitter:label2\" content=\"Est. tempo de leitura\" \/>\n\t<meta name=\"twitter:data2\" content=\"7 minutos\" \/>\n<script type=\"application\/ld+json\" class=\"yoast-schema-graph\">{\"@context\":\"https:\/\/schema.org\",\"@graph\":[{\"@type\":\"Article\",\"@id\":\"https:\/\/vestibulares.estrategia.com\/portal\/materias\/literatura\/modernismo-de-1930\/#article\",\"isPartOf\":{\"@id\":\"https:\/\/vestibulares.estrategia.com\/portal\/materias\/literatura\/modernismo-de-1930\/\"},\"author\":{\"name\":\"Kauane Elias\",\"@id\":\"https:\/\/vestibulares.estrategia.com\/portal\/#\/schema\/person\/c3c8aff2b0e78cda59fba186b818b7b1\"},\"headline\":\"Modernismo de 1930: hist\u00f3ria, caracter\u00edsticas e obras\",\"datePublished\":\"2023-12-02T11:00:00+00:00\",\"dateModified\":\"2023-12-07T17:32:14+00:00\",\"mainEntityOfPage\":{\"@id\":\"https:\/\/vestibulares.estrategia.com\/portal\/materias\/literatura\/modernismo-de-1930\/\"},\"wordCount\":1317,\"publisher\":{\"@id\":\"https:\/\/vestibulares.estrategia.com\/portal\/#organization\"},\"image\":{\"@id\":\"https:\/\/vestibulares.estrategia.com\/portal\/materias\/literatura\/modernismo-de-1930\/#primaryimage\"},\"thumbnailUrl\":\"https:\/\/vestibulares.estrategia.com\/portal\/wp-content\/uploads\/2023\/11\/aaron-burden-xG8IQMqMITM-unsplash.jpg\",\"articleSection\":[\"Literatura\"],\"inLanguage\":\"pt-BR\"},{\"@type\":\"WebPage\",\"@id\":\"https:\/\/vestibulares.estrategia.com\/portal\/materias\/literatura\/modernismo-de-1930\/\",\"url\":\"https:\/\/vestibulares.estrategia.com\/portal\/materias\/literatura\/modernismo-de-1930\/\",\"name\":\"Modernismo de 1930: hist\u00f3ria, caracter\u00edsticas e obras\",\"isPartOf\":{\"@id\":\"https:\/\/vestibulares.estrategia.com\/portal\/#website\"},\"primaryImageOfPage\":{\"@id\":\"https:\/\/vestibulares.estrategia.com\/portal\/materias\/literatura\/modernismo-de-1930\/#primaryimage\"},\"image\":{\"@id\":\"https:\/\/vestibulares.estrategia.com\/portal\/materias\/literatura\/modernismo-de-1930\/#primaryimage\"},\"thumbnailUrl\":\"https:\/\/vestibulares.estrategia.com\/portal\/wp-content\/uploads\/2023\/11\/aaron-burden-xG8IQMqMITM-unsplash.jpg\",\"datePublished\":\"2023-12-02T11:00:00+00:00\",\"dateModified\":\"2023-12-07T17:32:14+00:00\",\"description\":\"O modernismo de 1930 \u00e9 a segunda fase do movimento modernista no Brasil: conhe\u00e7a caracter\u00edsticas, contexto hist\u00f3rico e artistas.\",\"breadcrumb\":{\"@id\":\"https:\/\/vestibulares.estrategia.com\/portal\/materias\/literatura\/modernismo-de-1930\/#breadcrumb\"},\"inLanguage\":\"pt-BR\",\"potentialAction\":[{\"@type\":\"ReadAction\",\"target\":[\"https:\/\/vestibulares.estrategia.com\/portal\/materias\/literatura\/modernismo-de-1930\/\"]}]},{\"@type\":\"ImageObject\",\"inLanguage\":\"pt-BR\",\"@id\":\"https:\/\/vestibulares.estrategia.com\/portal\/materias\/literatura\/modernismo-de-1930\/#primaryimage\",\"url\":\"https:\/\/vestibulares.estrategia.com\/portal\/wp-content\/uploads\/2023\/11\/aaron-burden-xG8IQMqMITM-unsplash.jpg\",\"contentUrl\":\"https:\/\/vestibulares.estrategia.com\/portal\/wp-content\/uploads\/2023\/11\/aaron-burden-xG8IQMqMITM-unsplash.jpg\",\"width\":1920,\"height\":1442},{\"@type\":\"BreadcrumbList\",\"@id\":\"https:\/\/vestibulares.estrategia.com\/portal\/materias\/literatura\/modernismo-de-1930\/#breadcrumb\",\"itemListElement\":[{\"@type\":\"ListItem\",\"position\":1,\"name\":\"Home\",\"item\":\"https:\/\/vestibulares.estrategia.com\/portal\/\"},{\"@type\":\"ListItem\",\"position\":2,\"name\":\"Mat\u00e9rias\",\"item\":\"https:\/\/vestibulares.estrategia.com\/portal\/materias\/\"},{\"@type\":\"ListItem\",\"position\":3,\"name\":\"Literatura\",\"item\":\"https:\/\/vestibulares.estrategia.com\/portal\/materias\/literatura\/\"},{\"@type\":\"ListItem\",\"position\":4,\"name\":\"Modernismo de 1930: hist\u00f3ria, caracter\u00edsticas e obras\"}]},{\"@type\":\"WebSite\",\"@id\":\"https:\/\/vestibulares.estrategia.com\/portal\/#website\",\"url\":\"https:\/\/vestibulares.estrategia.com\/portal\/\",\"name\":\"Estrat\u00e9gia Vestibulares\",\"description\":\"\",\"publisher\":{\"@id\":\"https:\/\/vestibulares.estrategia.com\/portal\/#organization\"},\"potentialAction\":[{\"@type\":\"SearchAction\",\"target\":{\"@type\":\"EntryPoint\",\"urlTemplate\":\"https:\/\/vestibulares.estrategia.com\/portal\/?s={search_term_string}\"},\"query-input\":{\"@type\":\"PropertyValueSpecification\",\"valueRequired\":true,\"valueName\":\"search_term_string\"}}],\"inLanguage\":\"pt-BR\"},{\"@type\":\"Organization\",\"@id\":\"https:\/\/vestibulares.estrategia.com\/portal\/#organization\",\"name\":\"Estrat\u00e9gia Vestibulares\",\"url\":\"https:\/\/vestibulares.estrategia.com\/portal\/\",\"logo\":{\"@type\":\"ImageObject\",\"inLanguage\":\"pt-BR\",\"@id\":\"https:\/\/vestibulares.estrategia.com\/portal\/#\/schema\/logo\/image\/\",\"url\":\"https:\/\/vestibulares.estrategia.com\/portal\/wp-content\/uploads\/2021\/06\/Logo-Vestibulares@4x.png\",\"contentUrl\":\"https:\/\/vestibulares.estrategia.com\/portal\/wp-content\/uploads\/2021\/06\/Logo-Vestibulares@4x.png\",\"width\":250,\"height\":66,\"caption\":\"Estrat\u00e9gia Vestibulares\"},\"image\":{\"@id\":\"https:\/\/vestibulares.estrategia.com\/portal\/#\/schema\/logo\/image\/\"},\"sameAs\":[\"https:\/\/facebook.com\/estrategiavestibulares\",\"https:\/\/x.com\/Estrategiavest\",\"https:\/\/www.instagram.com\/estrategiavestibulares\",\"https:\/\/www.youtube.com\/channel\/UCGWdZy8ULI-7_5GrABa4vNA\"]},{\"@type\":\"Person\",\"@id\":\"https:\/\/vestibulares.estrategia.com\/portal\/#\/schema\/person\/c3c8aff2b0e78cda59fba186b818b7b1\",\"name\":\"Kauane Elias\",\"image\":{\"@type\":\"ImageObject\",\"inLanguage\":\"pt-BR\",\"@id\":\"https:\/\/vestibulares.estrategia.com\/portal\/#\/schema\/person\/image\/\",\"url\":\"https:\/\/secure.gravatar.com\/avatar\/81836e2e844ccd58ea28aa1cf206f0c2?s=96&d=mm&r=g\",\"contentUrl\":\"https:\/\/secure.gravatar.com\/avatar\/81836e2e844ccd58ea28aa1cf206f0c2?s=96&d=mm&r=g\",\"caption\":\"Kauane Elias\"},\"description\":\"Medicina - Unicamp. F\u00e9. \\\"Um mundo melhor come\u00e7a na transforma\u00e7\u00e3o do pr\u00f3prio mundo!\\\"\",\"url\":\"https:\/\/vestibulares.estrategia.com\/portal\/author\/kauane\/\"}]}<\/script>\n<!-- \/ Yoast SEO Premium plugin. -->","yoast_head_json":{"title":"Modernismo de 1930: hist\u00f3ria, caracter\u00edsticas e obras","description":"O modernismo de 1930 \u00e9 a segunda fase do movimento modernista no Brasil: conhe\u00e7a caracter\u00edsticas, contexto hist\u00f3rico e artistas.","robots":{"index":"index","follow":"follow","max-snippet":"max-snippet:-1","max-image-preview":"max-image-preview:large","max-video-preview":"max-video-preview:-1"},"canonical":"https:\/\/vestibulares.estrategia.com\/portal\/materias\/literatura\/modernismo-de-1930\/","og_locale":"pt_BR","og_type":"article","og_title":"Modernismo de 1930: hist\u00f3ria, caracter\u00edsticas e obras","og_description":"O modernismo de 1930 \u00e9 a segunda fase do movimento modernista no Brasil: conhe\u00e7a caracter\u00edsticas, contexto hist\u00f3rico e artistas.","og_url":"https:\/\/vestibulares.estrategia.com\/portal\/materias\/literatura\/modernismo-de-1930\/","og_site_name":"Estrat\u00e9gia Vestibulares","article_publisher":"https:\/\/facebook.com\/estrategiavestibulares","article_published_time":"2023-12-02T11:00:00+00:00","article_modified_time":"2023-12-07T17:32:14+00:00","og_image":[{"width":1920,"height":1442,"url":"https:\/\/vestibulares.estrategia.com\/portal\/wp-content\/uploads\/2023\/11\/aaron-burden-xG8IQMqMITM-unsplash.jpg","type":"image\/jpeg"}],"author":"Kauane Elias","twitter_card":"summary_large_image","twitter_creator":"@Estrategiavest","twitter_site":"@Estrategiavest","twitter_misc":{"Escrito por":"Kauane Elias","Est. tempo de leitura":"7 minutos"},"schema":{"@context":"https:\/\/schema.org","@graph":[{"@type":"Article","@id":"https:\/\/vestibulares.estrategia.com\/portal\/materias\/literatura\/modernismo-de-1930\/#article","isPartOf":{"@id":"https:\/\/vestibulares.estrategia.com\/portal\/materias\/literatura\/modernismo-de-1930\/"},"author":{"name":"Kauane Elias","@id":"https:\/\/vestibulares.estrategia.com\/portal\/#\/schema\/person\/c3c8aff2b0e78cda59fba186b818b7b1"},"headline":"Modernismo de 1930: hist\u00f3ria, caracter\u00edsticas e obras","datePublished":"2023-12-02T11:00:00+00:00","dateModified":"2023-12-07T17:32:14+00:00","mainEntityOfPage":{"@id":"https:\/\/vestibulares.estrategia.com\/portal\/materias\/literatura\/modernismo-de-1930\/"},"wordCount":1317,"publisher":{"@id":"https:\/\/vestibulares.estrategia.com\/portal\/#organization"},"image":{"@id":"https:\/\/vestibulares.estrategia.com\/portal\/materias\/literatura\/modernismo-de-1930\/#primaryimage"},"thumbnailUrl":"https:\/\/vestibulares.estrategia.com\/portal\/wp-content\/uploads\/2023\/11\/aaron-burden-xG8IQMqMITM-unsplash.jpg","articleSection":["Literatura"],"inLanguage":"pt-BR"},{"@type":"WebPage","@id":"https:\/\/vestibulares.estrategia.com\/portal\/materias\/literatura\/modernismo-de-1930\/","url":"https:\/\/vestibulares.estrategia.com\/portal\/materias\/literatura\/modernismo-de-1930\/","name":"Modernismo de 1930: hist\u00f3ria, caracter\u00edsticas e obras","isPartOf":{"@id":"https:\/\/vestibulares.estrategia.com\/portal\/#website"},"primaryImageOfPage":{"@id":"https:\/\/vestibulares.estrategia.com\/portal\/materias\/literatura\/modernismo-de-1930\/#primaryimage"},"image":{"@id":"https:\/\/vestibulares.estrategia.com\/portal\/materias\/literatura\/modernismo-de-1930\/#primaryimage"},"thumbnailUrl":"https:\/\/vestibulares.estrategia.com\/portal\/wp-content\/uploads\/2023\/11\/aaron-burden-xG8IQMqMITM-unsplash.jpg","datePublished":"2023-12-02T11:00:00+00:00","dateModified":"2023-12-07T17:32:14+00:00","description":"O modernismo de 1930 \u00e9 a segunda fase do movimento modernista no Brasil: conhe\u00e7a caracter\u00edsticas, contexto hist\u00f3rico e artistas.","breadcrumb":{"@id":"https:\/\/vestibulares.estrategia.com\/portal\/materias\/literatura\/modernismo-de-1930\/#breadcrumb"},"inLanguage":"pt-BR","potentialAction":[{"@type":"ReadAction","target":["https:\/\/vestibulares.estrategia.com\/portal\/materias\/literatura\/modernismo-de-1930\/"]}]},{"@type":"ImageObject","inLanguage":"pt-BR","@id":"https:\/\/vestibulares.estrategia.com\/portal\/materias\/literatura\/modernismo-de-1930\/#primaryimage","url":"https:\/\/vestibulares.estrategia.com\/portal\/wp-content\/uploads\/2023\/11\/aaron-burden-xG8IQMqMITM-unsplash.jpg","contentUrl":"https:\/\/vestibulares.estrategia.com\/portal\/wp-content\/uploads\/2023\/11\/aaron-burden-xG8IQMqMITM-unsplash.jpg","width":1920,"height":1442},{"@type":"BreadcrumbList","@id":"https:\/\/vestibulares.estrategia.com\/portal\/materias\/literatura\/modernismo-de-1930\/#breadcrumb","itemListElement":[{"@type":"ListItem","position":1,"name":"Home","item":"https:\/\/vestibulares.estrategia.com\/portal\/"},{"@type":"ListItem","position":2,"name":"Mat\u00e9rias","item":"https:\/\/vestibulares.estrategia.com\/portal\/materias\/"},{"@type":"ListItem","position":3,"name":"Literatura","item":"https:\/\/vestibulares.estrategia.com\/portal\/materias\/literatura\/"},{"@type":"ListItem","position":4,"name":"Modernismo de 1930: hist\u00f3ria, caracter\u00edsticas e obras"}]},{"@type":"WebSite","@id":"https:\/\/vestibulares.estrategia.com\/portal\/#website","url":"https:\/\/vestibulares.estrategia.com\/portal\/","name":"Estrat\u00e9gia Vestibulares","description":"","publisher":{"@id":"https:\/\/vestibulares.estrategia.com\/portal\/#organization"},"potentialAction":[{"@type":"SearchAction","target":{"@type":"EntryPoint","urlTemplate":"https:\/\/vestibulares.estrategia.com\/portal\/?s={search_term_string}"},"query-input":{"@type":"PropertyValueSpecification","valueRequired":true,"valueName":"search_term_string"}}],"inLanguage":"pt-BR"},{"@type":"Organization","@id":"https:\/\/vestibulares.estrategia.com\/portal\/#organization","name":"Estrat\u00e9gia Vestibulares","url":"https:\/\/vestibulares.estrategia.com\/portal\/","logo":{"@type":"ImageObject","inLanguage":"pt-BR","@id":"https:\/\/vestibulares.estrategia.com\/portal\/#\/schema\/logo\/image\/","url":"https:\/\/vestibulares.estrategia.com\/portal\/wp-content\/uploads\/2021\/06\/Logo-Vestibulares@4x.png","contentUrl":"https:\/\/vestibulares.estrategia.com\/portal\/wp-content\/uploads\/2021\/06\/Logo-Vestibulares@4x.png","width":250,"height":66,"caption":"Estrat\u00e9gia Vestibulares"},"image":{"@id":"https:\/\/vestibulares.estrategia.com\/portal\/#\/schema\/logo\/image\/"},"sameAs":["https:\/\/facebook.com\/estrategiavestibulares","https:\/\/x.com\/Estrategiavest","https:\/\/www.instagram.com\/estrategiavestibulares","https:\/\/www.youtube.com\/channel\/UCGWdZy8ULI-7_5GrABa4vNA"]},{"@type":"Person","@id":"https:\/\/vestibulares.estrategia.com\/portal\/#\/schema\/person\/c3c8aff2b0e78cda59fba186b818b7b1","name":"Kauane Elias","image":{"@type":"ImageObject","inLanguage":"pt-BR","@id":"https:\/\/vestibulares.estrategia.com\/portal\/#\/schema\/person\/image\/","url":"https:\/\/secure.gravatar.com\/avatar\/81836e2e844ccd58ea28aa1cf206f0c2?s=96&d=mm&r=g","contentUrl":"https:\/\/secure.gravatar.com\/avatar\/81836e2e844ccd58ea28aa1cf206f0c2?s=96&d=mm&r=g","caption":"Kauane Elias"},"description":"Medicina - Unicamp. F\u00e9. \"Um mundo melhor come\u00e7a na transforma\u00e7\u00e3o do pr\u00f3prio mundo!\"","url":"https:\/\/vestibulares.estrategia.com\/portal\/author\/kauane\/"}]}},"_wl_alt_label":[],"wl:entity_url":"https:\/\/data.wordlift.io\/wl110249\/post\/modernismo-de-1930","_links":{"self":[{"href":"https:\/\/vestibulares.estrategia.com\/portal\/wp-json\/wp\/v2\/posts\/108076","targetHints":{"allow":["GET"]}}],"collection":[{"href":"https:\/\/vestibulares.estrategia.com\/portal\/wp-json\/wp\/v2\/posts"}],"about":[{"href":"https:\/\/vestibulares.estrategia.com\/portal\/wp-json\/wp\/v2\/types\/post"}],"author":[{"embeddable":true,"href":"https:\/\/vestibulares.estrategia.com\/portal\/wp-json\/wp\/v2\/users\/23"}],"replies":[{"embeddable":true,"href":"https:\/\/vestibulares.estrategia.com\/portal\/wp-json\/wp\/v2\/comments?post=108076"}],"version-history":[{"count":2,"href":"https:\/\/vestibulares.estrategia.com\/portal\/wp-json\/wp\/v2\/posts\/108076\/revisions"}],"predecessor-version":[{"id":108556,"href":"https:\/\/vestibulares.estrategia.com\/portal\/wp-json\/wp\/v2\/posts\/108076\/revisions\/108556"}],"wp:featuredmedia":[{"embeddable":true,"href":"https:\/\/vestibulares.estrategia.com\/portal\/wp-json\/wp\/v2\/media\/108065"}],"wp:attachment":[{"href":"https:\/\/vestibulares.estrategia.com\/portal\/wp-json\/wp\/v2\/media?parent=108076"}],"wp:term":[{"taxonomy":"category","embeddable":true,"href":"https:\/\/vestibulares.estrategia.com\/portal\/wp-json\/wp\/v2\/categories?post=108076"},{"taxonomy":"post_tag","embeddable":true,"href":"https:\/\/vestibulares.estrategia.com\/portal\/wp-json\/wp\/v2\/tags?post=108076"},{"taxonomy":"wl_entity_type","embeddable":true,"href":"https:\/\/vestibulares.estrategia.com\/portal\/wp-json\/wp\/v2\/wl_entity_type?post=108076"}],"curies":[{"name":"wp","href":"https:\/\/api.w.org\/{rel}","templated":true}]}}