{"id":108112,"date":"2023-12-01T15:52:06","date_gmt":"2023-12-01T18:52:06","guid":{"rendered":"https:\/\/vestibulares.estrategia.com\/portal\/?p=108112"},"modified":"2024-01-15T14:20:49","modified_gmt":"2024-01-15T17:20:49","slug":"prova-ufpr-2024-saiba-o-que-levar-horarios-e-instrucoes-para-a-2a-fase","status":"publish","type":"post","link":"https:\/\/vestibulares.estrategia.com\/portal\/noticias\/prova-ufpr-2024-saiba-o-que-levar-horarios-e-instrucoes-para-a-2a-fase\/","title":{"rendered":"Prova UFPR 2024: saiba o que levar, hor\u00e1rios e instru\u00e7\u00f5es para a 2\u00aa fase"},"content":{"rendered":"<p>A Universidade Federal do Paran&aacute; (<a href=\"https:\/\/vestibulares.estrategia.com\/portal\/vestibulares\/vestibular-ufpr\/\">UFPR<\/a>) aplica no domingo e segunda-feira, 03 e 04 de dezembro, as provas da 2&ordf; fase do vestibular 2024. Nesta etapa, 10.240 candidatos concorrem &agrave;s 5.317 vagas ofertadas pela UFPR.<div class=\"wp-block-buttons is-content-justification-center is-layout-flex wp-container-core-buttons-is-layout-1 wp-block-buttons-is-layout-flex\">\n<div class=\"wp-block-button\"><a class=\"wp-block-button__link wp-element-button\" rel=\"nofollow\" href=\"https:\/\/cdn.blog.estrategiavestibulares.com.br\/vestibulares\/wp-content\/uploads\/2023\/05\/PublicacaoDocumento.pdf\" target=\"_blank\">Confira o edital<\/a><\/div>\n<\/div><p>O<strong> Portal Estrat&eacute;gia Vestibulares<\/strong> preparou este artigo com as informa&ccedil;&otilde;es fundamentais para voc&ecirc; realizar uma boa prova. Confira!<\/p><p>\n\n\n\n<div id=\"new-form\">\n\t<form id=\"forms_layout\">\n\t<input type=\"hidden\" id=\"chave_de\" name=\"chave_de\" value=\"01_EVEST_LEADS_TOTAIS\" \/>\n\t\t<input type=\"hidden\" id=\"mid\" name=\"mid\" value=\"515008983\" \/>\n\t\t<input type=\"hidden\" id=\"Objetivo\" name=\"Objetivo\" value=\"Vestibulares\" \/>\n\t\t<input type=\"hidden\" id=\"Estado_de_Origem_do_IP\" name=\"Estado_de_Origem_do_IP\"  value=\"\" \/>\n\t\t<input type=\"hidden\" id=\"Cidade_de_Origem_do_IP\" name=\"Cidade_de_Origem_do_IP\" value=\"\" \/>\n\t\t<input type=\"hidden\" id=\"Modo_de_entrada\" name=\"Modo_de_entrada\" value=\"Portal\" \/>\n\t\t<input type=\"hidden\" id=\"Pagina_Origem\" name=\"Pagina_Origem\" value=\"\" \/>\n\n\t\t<div class=\"texto\">\n\t\t\t<h3 class=\"news\">Inscreva-se em nossa newsletter\ud83e\udd89<\/h3>\n\t\t\t<p>Receba dicas de estudo gratuitas e saiba em primeira m\u00e3o as novidades sobre o Enem, Sisu, Encceja, Fuvest e outros vestibulares!<\/p>\n\t\t<\/div>\n\t\t<div class=\"campos\">\n\t\t\t<div class=\"first_name labels\">\n\t\t\t\t<input type=\"text\" class=\"input_labels\" id=\"first_name\" name=\"Nome_Completo\" placeholder=\"Nome\" required \/>\n\t\t\t<\/div>\n\t\t\t<div class=\"email labels\">\n\t\t\t\t<input type=\"email\" class=\"input_labels\" id=\"email\" name=\"Email\" placeholder=\"E-mail\" required \/>\n\t\t\t<\/div>\n\t\t\t<button type=\"submit\" class=\"button_layout\">\n\t\t\t\t<div id=\"lblBotao\">Inscreva-se<\/div>\n\t\t\t\t<span id=\"divSpiner\" class=\"loader\" role=\"status\" style=\"display: none;\"><\/span>\t\n\t\t\t<\/button>\n\t\t<\/div><!-- \/campos -->\n\t\t\n\t\t<label class=\"container_checkbox\">Voc\u00ea concorda com a nossa\n\t\t\t<a class=\"politics_privacy_ahref\" target=\"_blank\" href=\"https:\/\/gratis.estrategiaconcursos.com.br\/politica-de-privacidade\/\">Pol\u00edtica de Privacidade<\/a> e aceita receber informa\u00e7\u00f5es adicionais do Estrat\u00e9gia Educacional.\n\t\t\t<input id=\"checkbox_layout\" type=\"checkbox\" checked=\"checked\" required \/>\n\t\t\t<span class=\"checkbox\"><\/span>\n\t\t<\/label>\n\t\t<div id=\"msg\"><\/div>\n\t\t<div id=\"error\" class=\"error\">\n\t\t<\/div>\n\t<\/form>\n<\/div><!-- \/new-form -->\n\n\n\n<\/p><div id=\"ez-toc-container\" class=\"ez-toc-v2_0_76 counter-hierarchy ez-toc-counter ez-toc-transparent ez-toc-container-direction\">\n<div class=\"ez-toc-title-container\"><p class=\"ez-toc-title\" style=\"cursor:inherit\">Navegue pelo conte\u00fado<\/p>\n<\/div><nav><ul class='ez-toc-list ez-toc-list-level-1 ' ><li class='ez-toc-page-1 ez-toc-heading-level-2'><a class=\"ez-toc-link ez-toc-heading-1\" href=\"https:\/\/vestibulares.estrategia.com\/portal\/noticias\/prova-ufpr-2024-saiba-o-que-levar-horarios-e-instrucoes-para-a-2a-fase\/#Qual-e-o-horario-do-vestibular-UFPR-2024\" >Qual &eacute; o hor&aacute;rio do vestibular UFPR 2024?<\/a><\/li><li class='ez-toc-page-1 ez-toc-heading-level-2'><a class=\"ez-toc-link ez-toc-heading-2\" href=\"https:\/\/vestibulares.estrategia.com\/portal\/noticias\/prova-ufpr-2024-saiba-o-que-levar-horarios-e-instrucoes-para-a-2a-fase\/#Qual-e-o-formato-das-provas-da-UFPR-2024\" >Qual &eacute; o formato das provas da UFPR 2024?<\/a><\/li><li class='ez-toc-page-1 ez-toc-heading-level-2'><a class=\"ez-toc-link ez-toc-heading-3\" href=\"https:\/\/vestibulares.estrategia.com\/portal\/noticias\/prova-ufpr-2024-saiba-o-que-levar-horarios-e-instrucoes-para-a-2a-fase\/#O-que-levar-nas-provas-da-UFPR-2024\" >O que levar nas provas da UFPR 2024?<\/a><\/li><li class='ez-toc-page-1 ez-toc-heading-level-2'><a class=\"ez-toc-link ez-toc-heading-4\" href=\"https:\/\/vestibulares.estrategia.com\/portal\/noticias\/prova-ufpr-2024-saiba-o-que-levar-horarios-e-instrucoes-para-a-2a-fase\/#Quando-sai-o-gabarito-e-resultado-da-UFPR-2024\" >Quando sai o gabarito e resultado da UFPR 2024?<\/a><\/li><li class='ez-toc-page-1 ez-toc-heading-level-2'><a class=\"ez-toc-link ez-toc-heading-5\" href=\"https:\/\/vestibulares.estrategia.com\/portal\/noticias\/prova-ufpr-2024-saiba-o-que-levar-horarios-e-instrucoes-para-a-2a-fase\/#Cidades-que-aplicam-a-prova\" >Cidades que aplicam a prova<\/a><\/li><li class='ez-toc-page-1 ez-toc-heading-level-2'><a class=\"ez-toc-link ez-toc-heading-6\" href=\"https:\/\/vestibulares.estrategia.com\/portal\/noticias\/prova-ufpr-2024-saiba-o-que-levar-horarios-e-instrucoes-para-a-2a-fase\/#UFPR-principais-cursos\" >UFPR: principais cursos<\/a><\/li><li class='ez-toc-page-1 ez-toc-heading-level-2'><a class=\"ez-toc-link ez-toc-heading-7\" href=\"https:\/\/vestibulares.estrategia.com\/portal\/noticias\/prova-ufpr-2024-saiba-o-que-levar-horarios-e-instrucoes-para-a-2a-fase\/#Cronograma-UFPR-2024\" >Cronograma UFPR 2024<\/a><\/li><li class='ez-toc-page-1 ez-toc-heading-level-2'><a class=\"ez-toc-link ez-toc-heading-8\" href=\"https:\/\/vestibulares.estrategia.com\/portal\/noticias\/prova-ufpr-2024-saiba-o-que-levar-horarios-e-instrucoes-para-a-2a-fase\/#Como-ingressar-na-UFPR-em-2024\" >Como ingressar na UFPR em 2024?<\/a><\/li><\/ul><\/nav><\/div>\n<h2 class=\"wp-block-heading\" id=\"h-qual-e-o-horario-do-vestibular-ufpr-2024\"><span class=\"ez-toc-section\" id=\"Qual-e-o-horario-do-vestibular-UFPR-2024\"><\/span>Qual &eacute; o hor&aacute;rio do vestibular UFPR 2024?<span class=\"ez-toc-section-end\"><\/span><\/h2><p>A segunda fase do vestibular UFPR 2024 &eacute; realizada em dois dias. No domingo, 03 de dezembro, &eacute; aplicada a prova de Compreens&atilde;o e Produ&ccedil;&atilde;o de Textos, comum a todos os candidatos, com in&iacute;cio &agrave;s 14h00 e t&eacute;rmino &agrave;s 18h30.<\/p><p>J&aacute; na segunda-feira, 04 de dezembro, s&atilde;o aplicadas as provas espec&iacute;ficas de Biologia, F&iacute;sica, Qu&iacute;mica, Matem&aacute;tica, Geografia, Hist&oacute;ria, Sociologia e Filosofia, a partir das 14h00. Os candidatos que concorrem aos cursos que optaram por apenas uma prova espec&iacute;fica, t&ecirc;m at&eacute; 2h30 para realizar a prova. Enquanto aqueles cujos cursos optaram por duas provas espec&iacute;ficas, possuem at&eacute; 5h00.<\/p><p>Em ambos os dias, os port&otilde;es de acesso aos locais de prova ser&atilde;o abertos &agrave;s 12h40 e fechados &agrave;s 13h30.<\/p><h2 class=\"wp-block-heading\" id=\"h-qual-e-o-formato-das-provas-da-ufpr-2024\"><span class=\"ez-toc-section\" id=\"Qual-e-o-formato-das-provas-da-UFPR-2024\"><\/span>Qual &eacute; o formato das provas da UFPR 2024?<span class=\"ez-toc-section-end\"><\/span><\/h2><p>A segunda fase do Vestibular UFPR 2024 &eacute; composta por uma prova de Compreens&atilde;o e Produ&ccedil;&atilde;o de Textos, comum a todos os candidatos, e at&eacute; duas provas espec&iacute;ficas, de acordo com o curso escolhido pelo participante. Veja a configura&ccedil;&atilde;o das quest&otilde;es:<\/p><ul class=\"wp-block-list\">\n<li><strong>Prova de Compreens&atilde;o e Produ&ccedil;&atilde;o de Textos: <\/strong>composta por tr&ecirc;s quest&otilde;es discursivas; e<\/li>\n\n\n\n<li><strong>Provas espec&iacute;ficas: <\/strong>compostas por sete quest&otilde;es discursivas, que podem ser sobre as disciplinas de Biologia, F&iacute;sica, Qu&iacute;mica, Matem&aacute;tica, Geografia, Hist&oacute;ria, Sociologia e Filosofia, de acordo com o curso escolhido pelo candidato.<\/li>\n<\/ul><h2 class=\"wp-block-heading\" id=\"h-o-que-levar-nas-provas-da-ufpr-2024\"><span class=\"ez-toc-section\" id=\"O-que-levar-nas-provas-da-UFPR-2024\"><\/span>O que levar nas provas da UFPR 2024?<span class=\"ez-toc-section-end\"><\/span><\/h2><p>De acordo com o edital, nos dias das provas, o candidato deve estar munido de l&aacute;pis, borracha, apontador, caneta esferogr&aacute;fica transparente de tinta preta e escrita grossa (no m&iacute;nimo 0.7mm) e o original do documento oficial de identidade com foto (recente). Os documentos aceitos pela UFPR s&atilde;o:<\/p><ul class=\"wp-block-list\">\n<li>Carteiras e\/ou C&eacute;dulas de Identidade expedidas pelas Secretarias de Seguran&ccedil;a, pelas For&ccedil;as Armadas, pela Pol&iacute;cia Militar, pelo Minist&eacute;rio das Rela&ccedil;&otilde;es Exteriores;&nbsp;<\/li>\n<\/ul><ul class=\"wp-block-list\">\n<li>c&eacute;dulas de identifica&ccedil;&atilde;o profissional emitidas por Ordens ou Conselhos de Classe, como por exemplo OAB e CREA, entre outras;&nbsp;<\/li>\n<\/ul><ul class=\"wp-block-list\">\n<li>Carteira de Trabalho e Previd&ecirc;ncia Social, bem como a Carteira Nacional de Habilita&ccedil;&atilde;o (com fotografia), na forma da Lei n&ordm; 9.053\/97, o Passaporte ou ainda o RNE (Registro Nacional de Estrangeiro), no caso de estrangeiros;<\/li>\n<\/ul><ul class=\"wp-block-list\">\n<li>documentos apresentados por meio eletr&ocirc;nico para fins de identifica&ccedil;&atilde;o: a Carteira Nacional de Habilita&ccedil;&atilde;o Digital com foto, o T&iacute;tulo de Eleitor Digital (e-T&iacute;tulo) e o RG Digital (dos Estados que j&aacute; implementaram a funcionalidade).<\/li>\n<\/ul><p>Ainda segundo o edital, durante a realiza&ccedil;&atilde;o das provas n&atilde;o ser&aacute; permitido:<\/p><ul class=\"wp-block-list\">\n<li>Manter em seu poder rel&oacute;gios, armas e aparelhos eletr&ocirc;nicos ou qualquer objeto identific&aacute;vel pelo detector de metais;<\/li>\n\n\n\n<li>Usar bon&eacute;s, gorros, chap&eacute;us ou quaisquer outros acess&oacute;rios que cubram as orelhas;<\/li>\n\n\n\n<li>Usar fone ou qualquer outro dispositivo no ouvido, exceto quando autorizado por meio de solicita&ccedil;&atilde;o de Atendimento Especial;<\/li>\n\n\n\n<li>Portar l&iacute;quidos, exceto se o recipiente for transparente e sem r&oacute;tulo;<\/li>\n\n\n\n<li>Comunicar-se com outro candidato, usar calculadora e dispositivos similares, livros, anota&ccedil;&otilde;es, r&eacute;guas de c&aacute;lculo, lapiseiras, impressos ou qualquer outro material de consulta;<\/li>\n\n\n\n<li>Portar carteira de documentos\/dinheiro ou similares;<\/li>\n\n\n\n<li>Usar &oacute;culos escuros, exceto quando autorizado por meio de solicita&ccedil;&atilde;o de Atendimento Especial; e<\/li>\n\n\n\n<li>Receber de outros candidatos quaisquer materiais para realiza&ccedil;&atilde;o da prova.<\/li>\n<\/ul><h2 class=\"wp-block-heading\" id=\"h-quando-sai-o-gabarito-e-resultado-da-ufpr-2024\"><span class=\"ez-toc-section\" id=\"Quando-sai-o-gabarito-e-resultado-da-UFPR-2024\"><\/span>Quando sai o gabarito e resultado da UFPR 2024?<span class=\"ez-toc-section-end\"><\/span><\/h2><p>O espelho da Prova de Compreens&atilde;o e Produ&ccedil;&atilde;o de Texto e das Provas Espec&iacute;ficas ser&aacute; divulgado no dia 20 de dezembro, &agrave;s 12h00. J&aacute; o resultado final do Vestibular UFPR 2024 estar&aacute; dispon&iacute;vel no dia 19 de janeiro de 2024, &agrave;s 14h00.<\/p><h2 class=\"wp-block-heading\" id=\"h-cidades-que-aplicam-a-prova\"><span class=\"ez-toc-section\" id=\"Cidades-que-aplicam-a-prova\"><\/span>Cidades que aplicam a prova<span class=\"ez-toc-section-end\"><\/span><\/h2><p>As provas da segunda fase do Vestibular UFPR 2024&nbsp; ser&atilde;o aplicadas nas cidades de Curitiba, Jandaia do Sul, Matinhos, Palotina e Toledo.<\/p><p>+ <a href=\"https:\/\/vestibulares.estrategia.com\/portal\/noticias\/ufpr-2024-locais-de-prova-2024\/\">Vestibular UFPR 2024: locais de prova da 2&ordf; fase est&atilde;o dispon&iacute;veis<\/a><\/p><h2 class=\"wp-block-heading\" id=\"h-ufpr-principais-cursos\"><span class=\"ez-toc-section\" id=\"UFPR-principais-cursos\"><\/span>UFPR: principais cursos<span class=\"ez-toc-section-end\"><\/span><\/h2><p>Confira os 10 cursos que mais receberam inscri&ccedil;&otilde;es no Vestibular UFPR 2024:<\/p><ol class=\"wp-block-list\">\n<li>Medicina &ndash; Curitiba &ndash; 10.950 inscritos<\/li>\n\n\n\n<li>Medicina &ndash; Toledo &ndash; 2.413 inscritos<\/li>\n\n\n\n<li>Direito (matutino) &ndash; 1.912 inscritos<\/li>\n\n\n\n<li>Psicologia &ndash; 1.910 inscritos<\/li>\n\n\n\n<li>Ci&ecirc;ncia da Computa&ccedil;&atilde;o &ndash; 1.313 inscritos<\/li>\n\n\n\n<li>Direito (noturno) &ndash; 1.112 inscritos<\/li>\n\n\n\n<li>Arquitetura e Urbanismo &ndash; 998 inscritos<\/li>\n\n\n\n<li>Medicina Veterin&aacute;ria &ndash; Curitiba &ndash; 978 inscritos<\/li>\n\n\n\n<li>Odontologia &ndash; 667 inscritos<\/li>\n\n\n\n<li>An&aacute;lise e Desenvolvimento de Sistema &ndash; tecnol&oacute;gico (noturno) &ndash; 653 inscritos<\/li>\n<\/ol><h2 class=\"wp-block-heading\" id=\"h-cronograma-ufpr-2024\"><span class=\"ez-toc-section\" id=\"Cronograma-UFPR-2024\"><\/span>Cronograma UFPR 2024<span class=\"ez-toc-section-end\"><\/span><\/h2><ul class=\"wp-block-list\">\n<li><strong>Inscri&ccedil;&otilde;es:<\/strong>&nbsp;01\/06 a 23\/08\/2023;<\/li>\n\n\n\n<li><strong>Solicita&ccedil;&atilde;o de isen&ccedil;&atilde;o da taxa:<\/strong>&nbsp;01\/06 a 14\/07 para inscritos no Cad&Uacute;nico e 01\/06 a 21\/07 para n&atilde;o inscritos no Cad&Uacute;nico, mas que possuem renda de at&eacute; 1,5 sal&aacute;rio m&iacute;nimo;<\/li>\n\n\n\n<li><strong>Pagamento da taxa de inscri&ccedil;&atilde;o:<\/strong>&nbsp;at&eacute; 24\/08\/2023 &ndash; R$ 195,00<\/li>\n\n\n\n<li><strong>Local de prova primeira fase:&nbsp;<\/strong>16\/10\/2023;<\/li>\n\n\n\n<li><strong>Primeira fase:<\/strong>&nbsp;22\/10\/2023;<\/li>\n\n\n\n<li><strong>Gabarito primeira fase:<\/strong>&nbsp;23\/10\/2023;<\/li>\n\n\n\n<li><strong>Lista de classificados para segunda fase:<\/strong>&nbsp;08\/11\/2023;<\/li>\n\n\n\n<li><strong>Local de prova segunda fase:<\/strong>&nbsp;29\/11\/2023;<\/li>\n\n\n\n<li><strong>Segunda fase:<\/strong>&nbsp;03 e 04\/12\/2023; e<\/li>\n\n\n\n<li><strong>Resultado final:<\/strong>&nbsp;17\/01\/2024.<\/li>\n<\/ul><h2 class=\"wp-block-heading\" id=\"h-como-ingressar-na-ufpr-em-2024\"><span class=\"ez-toc-section\" id=\"Como-ingressar-na-UFPR-em-2024\"><\/span>Como ingressar na UFPR em 2024?<span class=\"ez-toc-section-end\"><\/span><\/h2><p>Se o seu sonho &eacute; ser aluno da UFPR, conte com a ajuda do Estrat&eacute;gia Vestibulares!&nbsp;<\/p><p>Al&eacute;m de oferecer diariamente aulas gratuitas no <a href=\"https:\/\/www.youtube.com\/channel\/UCGWdZy8ULI-7_5GrABa4vNA\" target=\"_blank\" rel=\"noopener noreferrer\">YouTube<\/a> sobre todas as mat&eacute;rias que caem no vestibular da UFPR, a plataforma tamb&eacute;m oferece um curso preparat&oacute;rio exclusivo sobre o Vestibular UFPR, com professores especialistas na prova e com diversos benef&iacute;cios. D&aacute; s&oacute; uma olhada:&nbsp;<\/p><ul class=\"wp-block-list\">\n<li>Curso com livros digitais;<\/li>\n\n\n\n<li>Corre&ccedil;&atilde;o ilimitada de <a href=\"https:\/\/vestibulares.estrategia.com\/portal\/redacao\/enem-redacao\/\">reda&ccedil;&otilde;es<\/a>;<\/li>\n\n\n\n<li>F&oacute;rum de d&uacute;vidas;<\/li>\n\n\n\n<li><a href=\"https:\/\/vestibulares.estrategia.com\/portal\/simulado\/simulado-enem\/\">Simulados<\/a> com quest&otilde;es in&eacute;ditas;<\/li>\n\n\n\n<li>Quest&otilde;es comentadas;<\/li>\n\n\n\n<li>Mapas mentais; e<\/li>\n\n\n\n<li>Entre muitas outras vantagens.<\/li>\n<\/ul><p>Ficou interessado? Ent&atilde;o, clique no banner e veja tudo sobre os cursos oferecidos pelo Estrat&eacute;gia Vestibulares!<\/p><p><strong><a id=\"cta\" class=\"cta-imagem\" href=\"https:\/\/vestibulares.estrategia.com\/curso\/pacote-para-ufpr\/\" target=\"blank\">\n                <img decoding=\"async\" width=\"100%\" src=\"https:\/\/vestibulares.estrategia.com\/portal\/wp-content\/uploads\/2021\/07\/UFPR.jpg\" alt=\"CTA Curso UFPR\" title=\"CTA Curso UFPR\">\n        <\/a><\/strong><\/p><\/p>\n","protected":false},"excerpt":{"rendered":"O Portal EV separou as principais informa\u00e7\u00f5es sobre as provas do Vestibular UFPR 2024, que acontecem nos dias 03 e 04 de dezembro; confira\n","protected":false},"author":51,"featured_media":108113,"comment_status":"closed","ping_status":"closed","sticky":false,"template":"","format":"standard","meta":{"wl_entities_gutenberg":"","footnotes":""},"categories":[47],"tags":[],"wl_entity_type":[732],"class_list":{"0":"post-108112","1":"post","2":"type-post","3":"status-publish","4":"format-standard","5":"has-post-thumbnail","7":"category-noticias","8":"wl_entity_type-article"},"acf":[],"yoast_head":"<!-- This site is optimized with the Yoast SEO Premium plugin v25.9 (Yoast SEO v25.9) - https:\/\/yoast.com\/wordpress\/plugins\/seo\/ -->\n<title>Prova UFPR 2024: saiba o que levar, hor\u00e1rios e instru\u00e7\u00f5es para a 2\u00aa fase<\/title>\n<meta name=\"description\" content=\"O Portal EV separou as principais instru\u00e7\u00f5es sobre as provas do Vestibular UFPR 2024, que acontecem nos dias 03 e 04 de dezembro. Confira!\" \/>\n<meta name=\"robots\" content=\"index, follow, max-snippet:-1, max-image-preview:large, max-video-preview:-1\" \/>\n<link rel=\"canonical\" href=\"https:\/\/vestibulares.estrategia.com\/portal\/noticias\/prova-ufpr-2024-saiba-o-que-levar-horarios-e-instrucoes-para-a-2a-fase\/\" \/>\n<meta property=\"og:locale\" content=\"pt_BR\" \/>\n<meta property=\"og:type\" content=\"article\" \/>\n<meta property=\"og:title\" content=\"Prova UFPR 2024: saiba o que levar, hor\u00e1rios e instru\u00e7\u00f5es para a 2\u00aa fase\" \/>\n<meta property=\"og:description\" content=\"O Portal EV separou as principais instru\u00e7\u00f5es sobre as provas do Vestibular UFPR 2024, que acontecem nos dias 03 e 04 de dezembro. Confira!\" \/>\n<meta property=\"og:url\" content=\"https:\/\/vestibulares.estrategia.com\/portal\/noticias\/prova-ufpr-2024-saiba-o-que-levar-horarios-e-instrucoes-para-a-2a-fase\/\" \/>\n<meta property=\"og:site_name\" content=\"Estrat\u00e9gia Vestibulares\" \/>\n<meta property=\"article:publisher\" content=\"https:\/\/facebook.com\/estrategiavestibulares\" \/>\n<meta property=\"article:published_time\" content=\"2023-12-01T18:52:06+00:00\" \/>\n<meta property=\"article:modified_time\" content=\"2024-01-15T17:20:49+00:00\" \/>\n<meta property=\"og:image\" content=\"https:\/\/vestibulares.estrategia.com\/portal\/wp-content\/uploads\/2023\/12\/pre-prova-ufpr-divulgacao.jpg\" \/>\n\t<meta property=\"og:image:width\" content=\"910\" \/>\n\t<meta property=\"og:image:height\" content=\"512\" \/>\n\t<meta property=\"og:image:type\" content=\"image\/jpeg\" \/>\n<meta name=\"author\" content=\"Larrani Ferreira\" \/>\n<meta name=\"twitter:card\" content=\"summary_large_image\" \/>\n<meta name=\"twitter:creator\" content=\"@Estrategiavest\" \/>\n<meta name=\"twitter:site\" content=\"@Estrategiavest\" \/>\n<meta name=\"twitter:label1\" content=\"Escrito por\" \/>\n\t<meta name=\"twitter:data1\" content=\"Larrani Ferreira\" \/>\n\t<meta name=\"twitter:label2\" content=\"Est. tempo de leitura\" \/>\n\t<meta name=\"twitter:data2\" content=\"5 minutos\" \/>\n<script type=\"application\/ld+json\" class=\"yoast-schema-graph\">{\"@context\":\"https:\/\/schema.org\",\"@graph\":[{\"@type\":\"NewsArticle\",\"@id\":\"https:\/\/vestibulares.estrategia.com\/portal\/noticias\/prova-ufpr-2024-saiba-o-que-levar-horarios-e-instrucoes-para-a-2a-fase\/#article\",\"isPartOf\":{\"@id\":\"https:\/\/vestibulares.estrategia.com\/portal\/noticias\/prova-ufpr-2024-saiba-o-que-levar-horarios-e-instrucoes-para-a-2a-fase\/\"},\"author\":{\"name\":\"Larrani Ferreira\",\"@id\":\"https:\/\/vestibulares.estrategia.com\/portal\/#\/schema\/person\/98d0c0e22d6d89b480aa1929f0e64ec5\"},\"headline\":\"Prova UFPR 2024: saiba o que levar, hor\u00e1rios e instru\u00e7\u00f5es para a 2\u00aa fase\",\"datePublished\":\"2023-12-01T18:52:06+00:00\",\"dateModified\":\"2024-01-15T17:20:49+00:00\",\"mainEntityOfPage\":{\"@id\":\"https:\/\/vestibulares.estrategia.com\/portal\/noticias\/prova-ufpr-2024-saiba-o-que-levar-horarios-e-instrucoes-para-a-2a-fase\/\"},\"wordCount\":975,\"publisher\":{\"@id\":\"https:\/\/vestibulares.estrategia.com\/portal\/#organization\"},\"image\":{\"@id\":\"https:\/\/vestibulares.estrategia.com\/portal\/noticias\/prova-ufpr-2024-saiba-o-que-levar-horarios-e-instrucoes-para-a-2a-fase\/#primaryimage\"},\"thumbnailUrl\":\"https:\/\/vestibulares.estrategia.com\/portal\/wp-content\/uploads\/2023\/12\/pre-prova-ufpr-divulgacao.jpg\",\"articleSection\":[\"Not\u00edcias\"],\"inLanguage\":\"pt-BR\"},{\"@type\":\"WebPage\",\"@id\":\"https:\/\/vestibulares.estrategia.com\/portal\/noticias\/prova-ufpr-2024-saiba-o-que-levar-horarios-e-instrucoes-para-a-2a-fase\/\",\"url\":\"https:\/\/vestibulares.estrategia.com\/portal\/noticias\/prova-ufpr-2024-saiba-o-que-levar-horarios-e-instrucoes-para-a-2a-fase\/\",\"name\":\"Prova UFPR 2024: saiba o que levar, hor\u00e1rios e instru\u00e7\u00f5es para a 2\u00aa fase\",\"isPartOf\":{\"@id\":\"https:\/\/vestibulares.estrategia.com\/portal\/#website\"},\"primaryImageOfPage\":{\"@id\":\"https:\/\/vestibulares.estrategia.com\/portal\/noticias\/prova-ufpr-2024-saiba-o-que-levar-horarios-e-instrucoes-para-a-2a-fase\/#primaryimage\"},\"image\":{\"@id\":\"https:\/\/vestibulares.estrategia.com\/portal\/noticias\/prova-ufpr-2024-saiba-o-que-levar-horarios-e-instrucoes-para-a-2a-fase\/#primaryimage\"},\"thumbnailUrl\":\"https:\/\/vestibulares.estrategia.com\/portal\/wp-content\/uploads\/2023\/12\/pre-prova-ufpr-divulgacao.jpg\",\"datePublished\":\"2023-12-01T18:52:06+00:00\",\"dateModified\":\"2024-01-15T17:20:49+00:00\",\"description\":\"O Portal EV separou as principais instru\u00e7\u00f5es sobre as provas do Vestibular UFPR 2024, que acontecem nos dias 03 e 04 de dezembro. Confira!\",\"breadcrumb\":{\"@id\":\"https:\/\/vestibulares.estrategia.com\/portal\/noticias\/prova-ufpr-2024-saiba-o-que-levar-horarios-e-instrucoes-para-a-2a-fase\/#breadcrumb\"},\"inLanguage\":\"pt-BR\",\"potentialAction\":[{\"@type\":\"ReadAction\",\"target\":[\"https:\/\/vestibulares.estrategia.com\/portal\/noticias\/prova-ufpr-2024-saiba-o-que-levar-horarios-e-instrucoes-para-a-2a-fase\/\"]}]},{\"@type\":\"ImageObject\",\"inLanguage\":\"pt-BR\",\"@id\":\"https:\/\/vestibulares.estrategia.com\/portal\/noticias\/prova-ufpr-2024-saiba-o-que-levar-horarios-e-instrucoes-para-a-2a-fase\/#primaryimage\",\"url\":\"https:\/\/vestibulares.estrategia.com\/portal\/wp-content\/uploads\/2023\/12\/pre-prova-ufpr-divulgacao.jpg\",\"contentUrl\":\"https:\/\/vestibulares.estrategia.com\/portal\/wp-content\/uploads\/2023\/12\/pre-prova-ufpr-divulgacao.jpg\",\"width\":910,\"height\":512,\"caption\":\"Foto: UFPR\/Divulga\u00e7\u00e3o\"},{\"@type\":\"BreadcrumbList\",\"@id\":\"https:\/\/vestibulares.estrategia.com\/portal\/noticias\/prova-ufpr-2024-saiba-o-que-levar-horarios-e-instrucoes-para-a-2a-fase\/#breadcrumb\",\"itemListElement\":[{\"@type\":\"ListItem\",\"position\":1,\"name\":\"Home\",\"item\":\"https:\/\/vestibulares.estrategia.com\/portal\/\"},{\"@type\":\"ListItem\",\"position\":2,\"name\":\"Not\u00edcias\",\"item\":\"https:\/\/vestibulares.estrategia.com\/portal\/noticias\/\"},{\"@type\":\"ListItem\",\"position\":3,\"name\":\"Prova UFPR 2024: saiba o que levar, hor\u00e1rios e instru\u00e7\u00f5es para a 2\u00aa fase\"}]},{\"@type\":\"WebSite\",\"@id\":\"https:\/\/vestibulares.estrategia.com\/portal\/#website\",\"url\":\"https:\/\/vestibulares.estrategia.com\/portal\/\",\"name\":\"Estrat\u00e9gia Vestibulares\",\"description\":\"\",\"publisher\":{\"@id\":\"https:\/\/vestibulares.estrategia.com\/portal\/#organization\"},\"potentialAction\":[{\"@type\":\"SearchAction\",\"target\":{\"@type\":\"EntryPoint\",\"urlTemplate\":\"https:\/\/vestibulares.estrategia.com\/portal\/?s={search_term_string}\"},\"query-input\":{\"@type\":\"PropertyValueSpecification\",\"valueRequired\":true,\"valueName\":\"search_term_string\"}}],\"inLanguage\":\"pt-BR\"},{\"@type\":\"Organization\",\"@id\":\"https:\/\/vestibulares.estrategia.com\/portal\/#organization\",\"name\":\"Estrat\u00e9gia Vestibulares\",\"url\":\"https:\/\/vestibulares.estrategia.com\/portal\/\",\"logo\":{\"@type\":\"ImageObject\",\"inLanguage\":\"pt-BR\",\"@id\":\"https:\/\/vestibulares.estrategia.com\/portal\/#\/schema\/logo\/image\/\",\"url\":\"https:\/\/vestibulares.estrategia.com\/portal\/wp-content\/uploads\/2021\/06\/Logo-Vestibulares@4x.png\",\"contentUrl\":\"https:\/\/vestibulares.estrategia.com\/portal\/wp-content\/uploads\/2021\/06\/Logo-Vestibulares@4x.png\",\"width\":250,\"height\":66,\"caption\":\"Estrat\u00e9gia Vestibulares\"},\"image\":{\"@id\":\"https:\/\/vestibulares.estrategia.com\/portal\/#\/schema\/logo\/image\/\"},\"sameAs\":[\"https:\/\/facebook.com\/estrategiavestibulares\",\"https:\/\/x.com\/Estrategiavest\",\"https:\/\/www.instagram.com\/estrategiavestibulares\",\"https:\/\/www.youtube.com\/channel\/UCGWdZy8ULI-7_5GrABa4vNA\"]},{\"@type\":\"Person\",\"@id\":\"https:\/\/vestibulares.estrategia.com\/portal\/#\/schema\/person\/98d0c0e22d6d89b480aa1929f0e64ec5\",\"name\":\"Larrani Ferreira\",\"image\":{\"@type\":\"ImageObject\",\"inLanguage\":\"pt-BR\",\"@id\":\"https:\/\/vestibulares.estrategia.com\/portal\/#\/schema\/person\/image\/\",\"url\":\"https:\/\/vestibulares.estrategia.com\/portal\/wp-content\/uploads\/2026\/02\/WhatsApp-Image-2026-02-05-at-14.26.13-150x150.jpeg\",\"contentUrl\":\"https:\/\/vestibulares.estrategia.com\/portal\/wp-content\/uploads\/2026\/02\/WhatsApp-Image-2026-02-05-at-14.26.13-150x150.jpeg\",\"caption\":\"Larrani Ferreira\"},\"description\":\"Jornalista e Mestranda em Comunica\u00e7\u00e3o Intercultural nas Organiza\u00e7\u00f5es\",\"url\":\"https:\/\/vestibulares.estrategia.com\/portal\/author\/larranioliveira\/\"}]}<\/script>\n<!-- \/ Yoast SEO Premium plugin. -->","yoast_head_json":{"title":"Prova UFPR 2024: saiba o que levar, hor\u00e1rios e instru\u00e7\u00f5es para a 2\u00aa fase","description":"O Portal EV separou as principais instru\u00e7\u00f5es sobre as provas do Vestibular UFPR 2024, que acontecem nos dias 03 e 04 de dezembro. Confira!","robots":{"index":"index","follow":"follow","max-snippet":"max-snippet:-1","max-image-preview":"max-image-preview:large","max-video-preview":"max-video-preview:-1"},"canonical":"https:\/\/vestibulares.estrategia.com\/portal\/noticias\/prova-ufpr-2024-saiba-o-que-levar-horarios-e-instrucoes-para-a-2a-fase\/","og_locale":"pt_BR","og_type":"article","og_title":"Prova UFPR 2024: saiba o que levar, hor\u00e1rios e instru\u00e7\u00f5es para a 2\u00aa fase","og_description":"O Portal EV separou as principais instru\u00e7\u00f5es sobre as provas do Vestibular UFPR 2024, que acontecem nos dias 03 e 04 de dezembro. Confira!","og_url":"https:\/\/vestibulares.estrategia.com\/portal\/noticias\/prova-ufpr-2024-saiba-o-que-levar-horarios-e-instrucoes-para-a-2a-fase\/","og_site_name":"Estrat\u00e9gia Vestibulares","article_publisher":"https:\/\/facebook.com\/estrategiavestibulares","article_published_time":"2023-12-01T18:52:06+00:00","article_modified_time":"2024-01-15T17:20:49+00:00","og_image":[{"width":910,"height":512,"url":"https:\/\/vestibulares.estrategia.com\/portal\/wp-content\/uploads\/2023\/12\/pre-prova-ufpr-divulgacao.jpg","type":"image\/jpeg"}],"author":"Larrani Ferreira","twitter_card":"summary_large_image","twitter_creator":"@Estrategiavest","twitter_site":"@Estrategiavest","twitter_misc":{"Escrito por":"Larrani Ferreira","Est. tempo de leitura":"5 minutos"},"schema":{"@context":"https:\/\/schema.org","@graph":[{"@type":"NewsArticle","@id":"https:\/\/vestibulares.estrategia.com\/portal\/noticias\/prova-ufpr-2024-saiba-o-que-levar-horarios-e-instrucoes-para-a-2a-fase\/#article","isPartOf":{"@id":"https:\/\/vestibulares.estrategia.com\/portal\/noticias\/prova-ufpr-2024-saiba-o-que-levar-horarios-e-instrucoes-para-a-2a-fase\/"},"author":{"name":"Larrani Ferreira","@id":"https:\/\/vestibulares.estrategia.com\/portal\/#\/schema\/person\/98d0c0e22d6d89b480aa1929f0e64ec5"},"headline":"Prova UFPR 2024: saiba o que levar, hor\u00e1rios e instru\u00e7\u00f5es para a 2\u00aa fase","datePublished":"2023-12-01T18:52:06+00:00","dateModified":"2024-01-15T17:20:49+00:00","mainEntityOfPage":{"@id":"https:\/\/vestibulares.estrategia.com\/portal\/noticias\/prova-ufpr-2024-saiba-o-que-levar-horarios-e-instrucoes-para-a-2a-fase\/"},"wordCount":975,"publisher":{"@id":"https:\/\/vestibulares.estrategia.com\/portal\/#organization"},"image":{"@id":"https:\/\/vestibulares.estrategia.com\/portal\/noticias\/prova-ufpr-2024-saiba-o-que-levar-horarios-e-instrucoes-para-a-2a-fase\/#primaryimage"},"thumbnailUrl":"https:\/\/vestibulares.estrategia.com\/portal\/wp-content\/uploads\/2023\/12\/pre-prova-ufpr-divulgacao.jpg","articleSection":["Not\u00edcias"],"inLanguage":"pt-BR"},{"@type":"WebPage","@id":"https:\/\/vestibulares.estrategia.com\/portal\/noticias\/prova-ufpr-2024-saiba-o-que-levar-horarios-e-instrucoes-para-a-2a-fase\/","url":"https:\/\/vestibulares.estrategia.com\/portal\/noticias\/prova-ufpr-2024-saiba-o-que-levar-horarios-e-instrucoes-para-a-2a-fase\/","name":"Prova UFPR 2024: saiba o que levar, hor\u00e1rios e instru\u00e7\u00f5es para a 2\u00aa fase","isPartOf":{"@id":"https:\/\/vestibulares.estrategia.com\/portal\/#website"},"primaryImageOfPage":{"@id":"https:\/\/vestibulares.estrategia.com\/portal\/noticias\/prova-ufpr-2024-saiba-o-que-levar-horarios-e-instrucoes-para-a-2a-fase\/#primaryimage"},"image":{"@id":"https:\/\/vestibulares.estrategia.com\/portal\/noticias\/prova-ufpr-2024-saiba-o-que-levar-horarios-e-instrucoes-para-a-2a-fase\/#primaryimage"},"thumbnailUrl":"https:\/\/vestibulares.estrategia.com\/portal\/wp-content\/uploads\/2023\/12\/pre-prova-ufpr-divulgacao.jpg","datePublished":"2023-12-01T18:52:06+00:00","dateModified":"2024-01-15T17:20:49+00:00","description":"O Portal EV separou as principais instru\u00e7\u00f5es sobre as provas do Vestibular UFPR 2024, que acontecem nos dias 03 e 04 de dezembro. Confira!","breadcrumb":{"@id":"https:\/\/vestibulares.estrategia.com\/portal\/noticias\/prova-ufpr-2024-saiba-o-que-levar-horarios-e-instrucoes-para-a-2a-fase\/#breadcrumb"},"inLanguage":"pt-BR","potentialAction":[{"@type":"ReadAction","target":["https:\/\/vestibulares.estrategia.com\/portal\/noticias\/prova-ufpr-2024-saiba-o-que-levar-horarios-e-instrucoes-para-a-2a-fase\/"]}]},{"@type":"ImageObject","inLanguage":"pt-BR","@id":"https:\/\/vestibulares.estrategia.com\/portal\/noticias\/prova-ufpr-2024-saiba-o-que-levar-horarios-e-instrucoes-para-a-2a-fase\/#primaryimage","url":"https:\/\/vestibulares.estrategia.com\/portal\/wp-content\/uploads\/2023\/12\/pre-prova-ufpr-divulgacao.jpg","contentUrl":"https:\/\/vestibulares.estrategia.com\/portal\/wp-content\/uploads\/2023\/12\/pre-prova-ufpr-divulgacao.jpg","width":910,"height":512,"caption":"Foto: UFPR\/Divulga\u00e7\u00e3o"},{"@type":"BreadcrumbList","@id":"https:\/\/vestibulares.estrategia.com\/portal\/noticias\/prova-ufpr-2024-saiba-o-que-levar-horarios-e-instrucoes-para-a-2a-fase\/#breadcrumb","itemListElement":[{"@type":"ListItem","position":1,"name":"Home","item":"https:\/\/vestibulares.estrategia.com\/portal\/"},{"@type":"ListItem","position":2,"name":"Not\u00edcias","item":"https:\/\/vestibulares.estrategia.com\/portal\/noticias\/"},{"@type":"ListItem","position":3,"name":"Prova UFPR 2024: saiba o que levar, hor\u00e1rios e instru\u00e7\u00f5es para a 2\u00aa fase"}]},{"@type":"WebSite","@id":"https:\/\/vestibulares.estrategia.com\/portal\/#website","url":"https:\/\/vestibulares.estrategia.com\/portal\/","name":"Estrat\u00e9gia Vestibulares","description":"","publisher":{"@id":"https:\/\/vestibulares.estrategia.com\/portal\/#organization"},"potentialAction":[{"@type":"SearchAction","target":{"@type":"EntryPoint","urlTemplate":"https:\/\/vestibulares.estrategia.com\/portal\/?s={search_term_string}"},"query-input":{"@type":"PropertyValueSpecification","valueRequired":true,"valueName":"search_term_string"}}],"inLanguage":"pt-BR"},{"@type":"Organization","@id":"https:\/\/vestibulares.estrategia.com\/portal\/#organization","name":"Estrat\u00e9gia Vestibulares","url":"https:\/\/vestibulares.estrategia.com\/portal\/","logo":{"@type":"ImageObject","inLanguage":"pt-BR","@id":"https:\/\/vestibulares.estrategia.com\/portal\/#\/schema\/logo\/image\/","url":"https:\/\/vestibulares.estrategia.com\/portal\/wp-content\/uploads\/2021\/06\/Logo-Vestibulares@4x.png","contentUrl":"https:\/\/vestibulares.estrategia.com\/portal\/wp-content\/uploads\/2021\/06\/Logo-Vestibulares@4x.png","width":250,"height":66,"caption":"Estrat\u00e9gia Vestibulares"},"image":{"@id":"https:\/\/vestibulares.estrategia.com\/portal\/#\/schema\/logo\/image\/"},"sameAs":["https:\/\/facebook.com\/estrategiavestibulares","https:\/\/x.com\/Estrategiavest","https:\/\/www.instagram.com\/estrategiavestibulares","https:\/\/www.youtube.com\/channel\/UCGWdZy8ULI-7_5GrABa4vNA"]},{"@type":"Person","@id":"https:\/\/vestibulares.estrategia.com\/portal\/#\/schema\/person\/98d0c0e22d6d89b480aa1929f0e64ec5","name":"Larrani Ferreira","image":{"@type":"ImageObject","inLanguage":"pt-BR","@id":"https:\/\/vestibulares.estrategia.com\/portal\/#\/schema\/person\/image\/","url":"https:\/\/vestibulares.estrategia.com\/portal\/wp-content\/uploads\/2026\/02\/WhatsApp-Image-2026-02-05-at-14.26.13-150x150.jpeg","contentUrl":"https:\/\/vestibulares.estrategia.com\/portal\/wp-content\/uploads\/2026\/02\/WhatsApp-Image-2026-02-05-at-14.26.13-150x150.jpeg","caption":"Larrani Ferreira"},"description":"Jornalista e Mestranda em Comunica\u00e7\u00e3o Intercultural nas Organiza\u00e7\u00f5es","url":"https:\/\/vestibulares.estrategia.com\/portal\/author\/larranioliveira\/"}]}},"_wl_alt_label":[],"wl:entity_url":"https:\/\/data.wordlift.io\/wl110249\/post\/prova-ufpr-2024-saiba-o-que-levar-horarios-e-instrucoes-para-a-2a-fase","_links":{"self":[{"href":"https:\/\/vestibulares.estrategia.com\/portal\/wp-json\/wp\/v2\/posts\/108112","targetHints":{"allow":["GET"]}}],"collection":[{"href":"https:\/\/vestibulares.estrategia.com\/portal\/wp-json\/wp\/v2\/posts"}],"about":[{"href":"https:\/\/vestibulares.estrategia.com\/portal\/wp-json\/wp\/v2\/types\/post"}],"author":[{"embeddable":true,"href":"https:\/\/vestibulares.estrategia.com\/portal\/wp-json\/wp\/v2\/users\/51"}],"replies":[{"embeddable":true,"href":"https:\/\/vestibulares.estrategia.com\/portal\/wp-json\/wp\/v2\/comments?post=108112"}],"version-history":[{"count":4,"href":"https:\/\/vestibulares.estrategia.com\/portal\/wp-json\/wp\/v2\/posts\/108112\/revisions"}],"predecessor-version":[{"id":110617,"href":"https:\/\/vestibulares.estrategia.com\/portal\/wp-json\/wp\/v2\/posts\/108112\/revisions\/110617"}],"wp:featuredmedia":[{"embeddable":true,"href":"https:\/\/vestibulares.estrategia.com\/portal\/wp-json\/wp\/v2\/media\/108113"}],"wp:attachment":[{"href":"https:\/\/vestibulares.estrategia.com\/portal\/wp-json\/wp\/v2\/media?parent=108112"}],"wp:term":[{"taxonomy":"category","embeddable":true,"href":"https:\/\/vestibulares.estrategia.com\/portal\/wp-json\/wp\/v2\/categories?post=108112"},{"taxonomy":"post_tag","embeddable":true,"href":"https:\/\/vestibulares.estrategia.com\/portal\/wp-json\/wp\/v2\/tags?post=108112"},{"taxonomy":"wl_entity_type","embeddable":true,"href":"https:\/\/vestibulares.estrategia.com\/portal\/wp-json\/wp\/v2\/wl_entity_type?post=108112"}],"curies":[{"name":"wp","href":"https:\/\/api.w.org\/{rel}","templated":true}]}}