{"id":108257,"date":"2023-12-03T21:30:11","date_gmt":"2023-12-04T00:30:11","guid":{"rendered":"https:\/\/vestibulares.estrategia.com\/portal\/?p=108257"},"modified":"2023-12-04T10:00:59","modified_gmt":"2023-12-04T13:00:59","slug":"tema-de-redacao-unemat-2024-aborda-o-projeto-de-lei-do-marco-temporal","status":"publish","type":"post","link":"https:\/\/vestibulares.estrategia.com\/portal\/noticias\/tema-de-redacao-unemat-2024-aborda-o-projeto-de-lei-do-marco-temporal\/","title":{"rendered":"Tema de reda\u00e7\u00e3o Unemat 2024 aborda o projeto de lei do Marco Temporal"},"content":{"rendered":"<p>A Universidade do Estado do Mato Grosso (<a href=\"https:\/\/vestibulares.estrategia.com\/portal\/vestibulares\/vestibular-unemat\/\" target=\"_blank\">Unemat<\/a>) realizou o vestibular 2024 da institui&ccedil;&atilde;o neste domingo (03). Foram 35 quest&otilde;es objetivas e uma reda&ccedil;&atilde;o, que contou com surpresa no g&ecirc;nero escolhido pela banca.<p>\n\n\n\n<div id=\"new-form\">\n\t<form id=\"forms_layout\">\n\t<input type=\"hidden\" id=\"chave_de\" name=\"chave_de\" value=\"01_EVEST_LEADS_TOTAIS\" \/>\n\t\t<input type=\"hidden\" id=\"mid\" name=\"mid\" value=\"515008983\" \/>\n\t\t<input type=\"hidden\" id=\"Objetivo\" name=\"Objetivo\" value=\"Vestibulares\" \/>\n\t\t<input type=\"hidden\" id=\"Estado_de_Origem_do_IP\" name=\"Estado_de_Origem_do_IP\"  value=\"\" \/>\n\t\t<input type=\"hidden\" id=\"Cidade_de_Origem_do_IP\" name=\"Cidade_de_Origem_do_IP\" value=\"\" \/>\n\t\t<input type=\"hidden\" id=\"Modo_de_entrada\" name=\"Modo_de_entrada\" value=\"Portal\" \/>\n\t\t<input type=\"hidden\" id=\"Pagina_Origem\" name=\"Pagina_Origem\" value=\"\" \/>\n\n\t\t<div class=\"texto\">\n\t\t\t<h3 class=\"news\">Inscreva-se em nossa newsletter\ud83e\udd89<\/h3>\n\t\t\t<p>Receba dicas de estudo gratuitas e saiba em primeira m\u00e3o as novidades sobre o Enem, Sisu, Encceja, Fuvest e outros vestibulares!<\/p>\n\t\t<\/div>\n\t\t<div class=\"campos\">\n\t\t\t<div class=\"first_name labels\">\n\t\t\t\t<input type=\"text\" class=\"input_labels\" id=\"first_name\" name=\"Nome_Completo\" placeholder=\"Nome\" required \/>\n\t\t\t<\/div>\n\t\t\t<div class=\"email labels\">\n\t\t\t\t<input type=\"email\" class=\"input_labels\" id=\"email\" name=\"Email\" placeholder=\"E-mail\" required \/>\n\t\t\t<\/div>\n\t\t\t<button type=\"submit\" class=\"button_layout\">\n\t\t\t\t<div id=\"lblBotao\">Inscreva-se<\/div>\n\t\t\t\t<span id=\"divSpiner\" class=\"loader\" role=\"status\" style=\"display: none;\"><\/span>\t\n\t\t\t<\/button>\n\t\t<\/div><!-- \/campos -->\n\t\t\n\t\t<label class=\"container_checkbox\">Voc\u00ea concorda com a nossa\n\t\t\t<a class=\"politics_privacy_ahref\" target=\"_blank\" href=\"https:\/\/gratis.estrategiaconcursos.com.br\/politica-de-privacidade\/\">Pol\u00edtica de Privacidade<\/a> e aceita receber informa\u00e7\u00f5es adicionais do Estrat\u00e9gia Educacional.\n\t\t\t<input id=\"checkbox_layout\" type=\"checkbox\" checked=\"checked\" required \/>\n\t\t\t<span class=\"checkbox\"><\/span>\n\t\t<\/label>\n\t\t<div id=\"msg\"><\/div>\n\t\t<div id=\"error\" class=\"error\">\n\t\t<\/div>\n\t<\/form>\n<\/div><!-- \/new-form -->\n\n\n\n<\/p><div id=\"ez-toc-container\" class=\"ez-toc-v2_0_76 counter-hierarchy ez-toc-counter ez-toc-transparent ez-toc-container-direction\">\n<div class=\"ez-toc-title-container\"><p class=\"ez-toc-title\" style=\"cursor:inherit\">Navegue pelo conte\u00fado<\/p>\n<\/div><nav><ul class='ez-toc-list ez-toc-list-level-1 ' ><li class='ez-toc-page-1 ez-toc-heading-level-2'><a class=\"ez-toc-link ez-toc-heading-1\" href=\"https:\/\/vestibulares.estrategia.com\/portal\/noticias\/tema-de-redacao-unemat-2024-aborda-o-projeto-de-lei-do-marco-temporal\/#Tema-de-redacao-Unemat-2024\" >Tema de reda&ccedil;&atilde;o Unemat 2024<\/a><\/li><li class='ez-toc-page-1 ez-toc-heading-level-2'><a class=\"ez-toc-link ez-toc-heading-2\" href=\"https:\/\/vestibulares.estrategia.com\/portal\/noticias\/tema-de-redacao-unemat-2024-aborda-o-projeto-de-lei-do-marco-temporal\/#Calendario-Unemat-20241\" >Calend&aacute;rio Unemat 2024\/1<\/a><\/li><li class='ez-toc-page-1 ez-toc-heading-level-2'><a class=\"ez-toc-link ez-toc-heading-3\" href=\"https:\/\/vestibulares.estrategia.com\/portal\/noticias\/tema-de-redacao-unemat-2024-aborda-o-projeto-de-lei-do-marco-temporal\/#Conquiste-sua-vaga-na-Unemat-com-o-Estrategia\" >Conquiste sua vaga na Unemat com o Estrat&eacute;gia<\/a><\/li><\/ul><\/nav><\/div>\n<h2 class=\"wp-block-heading\" id=\"h-tema-de-redacao-unemat-2024\"><span class=\"ez-toc-section\" id=\"Tema-de-redacao-Unemat-2024\"><\/span>Tema de reda&ccedil;&atilde;o Unemat 2024<span class=\"ez-toc-section-end\"><\/span><\/h2><p>O tema de reda&ccedil;&atilde;o escolhido pela Unemat em 2024 abordou o <strong>projeto de lei do Marco Temporal, que discute principalmente a demarca&ccedil;&atilde;o de terras ind&iacute;genas<\/strong>. O destaque, entretanto, foi a troca do g&ecirc;nero dissertativo-argumentativo, comum em reda&ccedil;&otilde;es de vestibulares brasileiros por uma <strong>carta aberta<\/strong>, que deveria ser <strong>endera&ccedil;ada a um jornal e que defendesse um ponto de vista sobre o tema<\/strong>. Veja os textos base abaixo:<\/p><div data-wp-interactive=\"core\/file\" class=\"wp-block-file\"><object data-wp-bind--hidden=\"!state.hasPdfPreview\" hidden class=\"wp-block-file__embed\" data=\"https:\/\/vestibulares.estrategia.com\/portal\/wp-content\/uploads\/2023\/12\/unemat2024.pdf\" type=\"application\/pdf\" style=\"width:100%;height:590px\" aria-label=\"Incorporado de unemat2024.\"><\/object><a id=\"wp-block-file--media-4dc579a5-3bf8-471f-8dea-23d1b354e537\" rel=\"nofollow noopener noreferrer\" href=\"https:\/\/vestibulares.estrategia.com\/portal\/wp-content\/uploads\/2023\/12\/unemat2024.pdf\" target=\"_blank\">unemat2024<\/a><a rel=\"nofollow noopener noreferrer\" href=\"https:\/\/vestibulares.estrategia.com\/portal\/wp-content\/uploads\/2023\/12\/unemat2024.pdf\" class=\"wp-block-file__button wp-element-button\" download aria-describedby=\"wp-block-file--media-4dc579a5-3bf8-471f-8dea-23d1b354e537\" target=\"_blank\">Baixar<\/a><\/div><h2 class=\"wp-block-heading\"><span class=\"ez-toc-section\" id=\"Calendario-Unemat-20241\"><\/span>Calend&aacute;rio Unemat 2024\/1<span class=\"ez-toc-section-end\"><\/span><\/h2><ul class=\"wp-block-list\">\n<li><strong>Inscri&ccedil;&otilde;es:<\/strong>&nbsp;14\/09 a 30\/10\/2023;<\/li>\n\n\n\n<li><strong>Isen&ccedil;&atilde;o:&nbsp;<\/strong>14 a 22\/09\/2023;<\/li>\n\n\n\n<li><strong>Pagamento da taxa:<\/strong>&nbsp;14\/09 a 30\/10\/2023 &ndash; R$ 100,00;<\/li>\n\n\n\n<li><strong>Provas<\/strong>: 03\/12\/2023;<\/li>\n\n\n\n<li><strong>Gabarito preliminar:&nbsp;<\/strong>03\/12\/2023;<\/li>\n\n\n\n<li><strong>Desempenho preliminar:<\/strong>\n<ul class=\"wp-block-list\">\n<li><strong>Primeira fase:<\/strong>&nbsp;18\/12\/2023;<\/li>\n\n\n\n<li><strong>Segunda fase:&nbsp;<\/strong>18\/01\/2024; e<\/li>\n<\/ul>\n<\/li>\n\n\n\n<li><strong>Resultado:&nbsp;<\/strong>31\/01\/2024.<\/li>\n<\/ul><h2 class=\"wp-block-heading\" id=\"h-conquiste-sua-vaga-na-unemat-com-o-estrategia\"><span class=\"ez-toc-section\" id=\"Conquiste-sua-vaga-na-Unemat-com-o-Estrategia\"><\/span>Conquiste sua vaga na Unemat com o Estrat&eacute;gia<span class=\"ez-toc-section-end\"><\/span><\/h2><p>Quer estudar em uma das melhores universidades do Mato Grosso? Estude com a Coruja e aproveite os benef&iacute;cios que s&oacute; o Estrat&eacute;gia oferece: banco de quest&otilde;es, simulados, corre&ccedil;&otilde;es ilimitadas de reda&ccedil;&otilde;es, material completo e um time de professores especializados nas maiores bancas de vestibular.<\/p><p>\n\n\n\n<a id=\"cta\" class=\"cta-imagem\" href=\"https:\/\/vestibulares.estrategia.com\/curso\/pacote-unemat\/\" target=\"blank\">\n                <img decoding=\"async\" width=\"100%\" src=\"https:\/\/vestibulares.estrategia.com\/portal\/wp-content\/uploads\/2021\/12\/Unemat_2.jpg\" alt=\"CTA Curso Unemat\" title=\"CTA Curso Unemat\">\n        <\/a>\n\n\n<\/p><\/p>\n","protected":false},"excerpt":{"rendered":"A Unemat escolheu o projeto de lei do Marco Temporal como tema de reda\u00e7\u00e3o no vestibular 2024; a banca surpreendeu no g\u00eanero textual; Confira!\n","protected":false},"author":43,"featured_media":105988,"comment_status":"closed","ping_status":"closed","sticky":false,"template":"","format":"standard","meta":{"wl_entities_gutenberg":"","footnotes":""},"categories":[47],"tags":[],"wl_entity_type":[732],"class_list":{"0":"post-108257","1":"post","2":"type-post","3":"status-publish","4":"format-standard","5":"has-post-thumbnail","7":"category-noticias","8":"wl_entity_type-article"},"acf":[],"yoast_head":"<!-- This site is optimized with the Yoast SEO Premium plugin v25.9 (Yoast SEO v25.9) - https:\/\/yoast.com\/wordpress\/plugins\/seo\/ -->\n<title>Tema de reda\u00e7\u00e3o Unemat 2024 aborda o projeto de lei do Marco Temporal<\/title>\n<meta name=\"description\" content=\"A Unemat escolheu o projeto de lei do Marco Temporal como tema de reda\u00e7\u00e3o no vestibular 2024; a banca surpreendeu no g\u00eanero textual; Confira!\" \/>\n<meta name=\"robots\" content=\"index, follow, max-snippet:-1, max-image-preview:large, max-video-preview:-1\" \/>\n<link rel=\"canonical\" href=\"https:\/\/vestibulares.estrategia.com\/portal\/noticias\/tema-de-redacao-unemat-2024-aborda-o-projeto-de-lei-do-marco-temporal\/\" \/>\n<meta property=\"og:locale\" content=\"pt_BR\" \/>\n<meta property=\"og:type\" content=\"article\" \/>\n<meta property=\"og:title\" content=\"Tema de reda\u00e7\u00e3o Unemat 2024 aborda o projeto de lei do Marco Temporal\" \/>\n<meta property=\"og:description\" content=\"A Unemat escolheu o projeto de lei do Marco Temporal como tema de reda\u00e7\u00e3o no vestibular 2024; a banca surpreendeu no g\u00eanero textual; Confira!\" \/>\n<meta property=\"og:url\" content=\"https:\/\/vestibulares.estrategia.com\/portal\/noticias\/tema-de-redacao-unemat-2024-aborda-o-projeto-de-lei-do-marco-temporal\/\" \/>\n<meta property=\"og:site_name\" content=\"Estrat\u00e9gia Vestibulares\" \/>\n<meta property=\"article:publisher\" content=\"https:\/\/facebook.com\/estrategiavestibulares\" \/>\n<meta property=\"article:published_time\" content=\"2023-12-04T00:30:11+00:00\" \/>\n<meta property=\"article:modified_time\" content=\"2023-12-04T13:00:59+00:00\" \/>\n<meta property=\"og:image\" content=\"https:\/\/vestibulares.estrategia.com\/portal\/wp-content\/uploads\/2023\/11\/vestibular-unemat-ev.jpg\" \/>\n\t<meta property=\"og:image:width\" content=\"1280\" \/>\n\t<meta property=\"og:image:height\" content=\"720\" \/>\n\t<meta property=\"og:image:type\" content=\"image\/jpeg\" \/>\n<meta name=\"author\" content=\"Leonardo Del Sant\" \/>\n<meta name=\"twitter:card\" content=\"summary_large_image\" \/>\n<meta name=\"twitter:creator\" content=\"@Estrategiavest\" \/>\n<meta name=\"twitter:site\" content=\"@Estrategiavest\" \/>\n<meta name=\"twitter:label1\" content=\"Escrito por\" \/>\n\t<meta name=\"twitter:data1\" content=\"Leonardo Del Sant\" \/>\n\t<meta name=\"twitter:label2\" content=\"Est. tempo de leitura\" \/>\n\t<meta name=\"twitter:data2\" content=\"1 minuto\" \/>\n<script type=\"application\/ld+json\" class=\"yoast-schema-graph\">{\"@context\":\"https:\/\/schema.org\",\"@graph\":[{\"@type\":\"NewsArticle\",\"@id\":\"https:\/\/vestibulares.estrategia.com\/portal\/noticias\/tema-de-redacao-unemat-2024-aborda-o-projeto-de-lei-do-marco-temporal\/#article\",\"isPartOf\":{\"@id\":\"https:\/\/vestibulares.estrategia.com\/portal\/noticias\/tema-de-redacao-unemat-2024-aborda-o-projeto-de-lei-do-marco-temporal\/\"},\"author\":{\"name\":\"Leonardo Del Sant\",\"@id\":\"https:\/\/vestibulares.estrategia.com\/portal\/#\/schema\/person\/95532619fccae669187ec84703047908\"},\"headline\":\"Tema de reda\u00e7\u00e3o Unemat 2024 aborda o projeto de lei do Marco Temporal\",\"datePublished\":\"2023-12-04T00:30:11+00:00\",\"dateModified\":\"2023-12-04T13:00:59+00:00\",\"mainEntityOfPage\":{\"@id\":\"https:\/\/vestibulares.estrategia.com\/portal\/noticias\/tema-de-redacao-unemat-2024-aborda-o-projeto-de-lei-do-marco-temporal\/\"},\"wordCount\":217,\"publisher\":{\"@id\":\"https:\/\/vestibulares.estrategia.com\/portal\/#organization\"},\"image\":{\"@id\":\"https:\/\/vestibulares.estrategia.com\/portal\/noticias\/tema-de-redacao-unemat-2024-aborda-o-projeto-de-lei-do-marco-temporal\/#primaryimage\"},\"thumbnailUrl\":\"https:\/\/vestibulares.estrategia.com\/portal\/wp-content\/uploads\/2023\/11\/vestibular-unemat-ev.jpg\",\"articleSection\":[\"Not\u00edcias\"],\"inLanguage\":\"pt-BR\"},{\"@type\":\"WebPage\",\"@id\":\"https:\/\/vestibulares.estrategia.com\/portal\/noticias\/tema-de-redacao-unemat-2024-aborda-o-projeto-de-lei-do-marco-temporal\/\",\"url\":\"https:\/\/vestibulares.estrategia.com\/portal\/noticias\/tema-de-redacao-unemat-2024-aborda-o-projeto-de-lei-do-marco-temporal\/\",\"name\":\"Tema de reda\u00e7\u00e3o Unemat 2024 aborda o projeto de lei do Marco Temporal\",\"isPartOf\":{\"@id\":\"https:\/\/vestibulares.estrategia.com\/portal\/#website\"},\"primaryImageOfPage\":{\"@id\":\"https:\/\/vestibulares.estrategia.com\/portal\/noticias\/tema-de-redacao-unemat-2024-aborda-o-projeto-de-lei-do-marco-temporal\/#primaryimage\"},\"image\":{\"@id\":\"https:\/\/vestibulares.estrategia.com\/portal\/noticias\/tema-de-redacao-unemat-2024-aborda-o-projeto-de-lei-do-marco-temporal\/#primaryimage\"},\"thumbnailUrl\":\"https:\/\/vestibulares.estrategia.com\/portal\/wp-content\/uploads\/2023\/11\/vestibular-unemat-ev.jpg\",\"datePublished\":\"2023-12-04T00:30:11+00:00\",\"dateModified\":\"2023-12-04T13:00:59+00:00\",\"description\":\"A Unemat escolheu o projeto de lei do Marco Temporal como tema de reda\u00e7\u00e3o no vestibular 2024; a banca surpreendeu no g\u00eanero textual; Confira!\",\"breadcrumb\":{\"@id\":\"https:\/\/vestibulares.estrategia.com\/portal\/noticias\/tema-de-redacao-unemat-2024-aborda-o-projeto-de-lei-do-marco-temporal\/#breadcrumb\"},\"inLanguage\":\"pt-BR\",\"potentialAction\":[{\"@type\":\"ReadAction\",\"target\":[\"https:\/\/vestibulares.estrategia.com\/portal\/noticias\/tema-de-redacao-unemat-2024-aborda-o-projeto-de-lei-do-marco-temporal\/\"]}]},{\"@type\":\"ImageObject\",\"inLanguage\":\"pt-BR\",\"@id\":\"https:\/\/vestibulares.estrategia.com\/portal\/noticias\/tema-de-redacao-unemat-2024-aborda-o-projeto-de-lei-do-marco-temporal\/#primaryimage\",\"url\":\"https:\/\/vestibulares.estrategia.com\/portal\/wp-content\/uploads\/2023\/11\/vestibular-unemat-ev.jpg\",\"contentUrl\":\"https:\/\/vestibulares.estrategia.com\/portal\/wp-content\/uploads\/2023\/11\/vestibular-unemat-ev.jpg\",\"width\":1280,\"height\":720,\"caption\":\"vestibular unemat\"},{\"@type\":\"BreadcrumbList\",\"@id\":\"https:\/\/vestibulares.estrategia.com\/portal\/noticias\/tema-de-redacao-unemat-2024-aborda-o-projeto-de-lei-do-marco-temporal\/#breadcrumb\",\"itemListElement\":[{\"@type\":\"ListItem\",\"position\":1,\"name\":\"Home\",\"item\":\"https:\/\/vestibulares.estrategia.com\/portal\/\"},{\"@type\":\"ListItem\",\"position\":2,\"name\":\"Not\u00edcias\",\"item\":\"https:\/\/vestibulares.estrategia.com\/portal\/noticias\/\"},{\"@type\":\"ListItem\",\"position\":3,\"name\":\"Tema de reda\u00e7\u00e3o Unemat 2024 aborda o projeto de lei do Marco Temporal\"}]},{\"@type\":\"WebSite\",\"@id\":\"https:\/\/vestibulares.estrategia.com\/portal\/#website\",\"url\":\"https:\/\/vestibulares.estrategia.com\/portal\/\",\"name\":\"Estrat\u00e9gia Vestibulares\",\"description\":\"\",\"publisher\":{\"@id\":\"https:\/\/vestibulares.estrategia.com\/portal\/#organization\"},\"potentialAction\":[{\"@type\":\"SearchAction\",\"target\":{\"@type\":\"EntryPoint\",\"urlTemplate\":\"https:\/\/vestibulares.estrategia.com\/portal\/?s={search_term_string}\"},\"query-input\":{\"@type\":\"PropertyValueSpecification\",\"valueRequired\":true,\"valueName\":\"search_term_string\"}}],\"inLanguage\":\"pt-BR\"},{\"@type\":\"Organization\",\"@id\":\"https:\/\/vestibulares.estrategia.com\/portal\/#organization\",\"name\":\"Estrat\u00e9gia Vestibulares\",\"url\":\"https:\/\/vestibulares.estrategia.com\/portal\/\",\"logo\":{\"@type\":\"ImageObject\",\"inLanguage\":\"pt-BR\",\"@id\":\"https:\/\/vestibulares.estrategia.com\/portal\/#\/schema\/logo\/image\/\",\"url\":\"https:\/\/vestibulares.estrategia.com\/portal\/wp-content\/uploads\/2021\/06\/Logo-Vestibulares@4x.png\",\"contentUrl\":\"https:\/\/vestibulares.estrategia.com\/portal\/wp-content\/uploads\/2021\/06\/Logo-Vestibulares@4x.png\",\"width\":250,\"height\":66,\"caption\":\"Estrat\u00e9gia Vestibulares\"},\"image\":{\"@id\":\"https:\/\/vestibulares.estrategia.com\/portal\/#\/schema\/logo\/image\/\"},\"sameAs\":[\"https:\/\/facebook.com\/estrategiavestibulares\",\"https:\/\/x.com\/Estrategiavest\",\"https:\/\/www.instagram.com\/estrategiavestibulares\",\"https:\/\/www.youtube.com\/channel\/UCGWdZy8ULI-7_5GrABa4vNA\"]},{\"@type\":\"Person\",\"@id\":\"https:\/\/vestibulares.estrategia.com\/portal\/#\/schema\/person\/95532619fccae669187ec84703047908\",\"name\":\"Leonardo Del Sant\",\"image\":{\"@type\":\"ImageObject\",\"inLanguage\":\"pt-BR\",\"@id\":\"https:\/\/vestibulares.estrategia.com\/portal\/#\/schema\/person\/image\/\",\"url\":\"https:\/\/vestibulares.estrategia.com\/portal\/wp-content\/uploads\/2026\/02\/1000082484-150x150.jpeg\",\"contentUrl\":\"https:\/\/vestibulares.estrategia.com\/portal\/wp-content\/uploads\/2026\/02\/1000082484-150x150.jpeg\",\"caption\":\"Leonardo Del Sant\"},\"description\":\"Coordenador de Jornalismo do Estrat\u00e9gia Vestibulares. Trabalhou com escrita para SEO em sites das \u00e1reas de economia, varejo, sa\u00fade, tecnologia e alimenta\u00e7\u00e3o. Formado em jornalismo pela Unesp\/Bauru.\",\"url\":\"https:\/\/vestibulares.estrategia.com\/portal\/author\/leonardo-del-sant\/\"}]}<\/script>\n<!-- \/ Yoast SEO Premium plugin. -->","yoast_head_json":{"title":"Tema de reda\u00e7\u00e3o Unemat 2024 aborda o projeto de lei do Marco Temporal","description":"A Unemat escolheu o projeto de lei do Marco Temporal como tema de reda\u00e7\u00e3o no vestibular 2024; a banca surpreendeu no g\u00eanero textual; Confira!","robots":{"index":"index","follow":"follow","max-snippet":"max-snippet:-1","max-image-preview":"max-image-preview:large","max-video-preview":"max-video-preview:-1"},"canonical":"https:\/\/vestibulares.estrategia.com\/portal\/noticias\/tema-de-redacao-unemat-2024-aborda-o-projeto-de-lei-do-marco-temporal\/","og_locale":"pt_BR","og_type":"article","og_title":"Tema de reda\u00e7\u00e3o Unemat 2024 aborda o projeto de lei do Marco Temporal","og_description":"A Unemat escolheu o projeto de lei do Marco Temporal como tema de reda\u00e7\u00e3o no vestibular 2024; a banca surpreendeu no g\u00eanero textual; Confira!","og_url":"https:\/\/vestibulares.estrategia.com\/portal\/noticias\/tema-de-redacao-unemat-2024-aborda-o-projeto-de-lei-do-marco-temporal\/","og_site_name":"Estrat\u00e9gia Vestibulares","article_publisher":"https:\/\/facebook.com\/estrategiavestibulares","article_published_time":"2023-12-04T00:30:11+00:00","article_modified_time":"2023-12-04T13:00:59+00:00","og_image":[{"width":1280,"height":720,"url":"https:\/\/vestibulares.estrategia.com\/portal\/wp-content\/uploads\/2023\/11\/vestibular-unemat-ev.jpg","type":"image\/jpeg"}],"author":"Leonardo Del Sant","twitter_card":"summary_large_image","twitter_creator":"@Estrategiavest","twitter_site":"@Estrategiavest","twitter_misc":{"Escrito por":"Leonardo Del Sant","Est. tempo de leitura":"1 minuto"},"schema":{"@context":"https:\/\/schema.org","@graph":[{"@type":"NewsArticle","@id":"https:\/\/vestibulares.estrategia.com\/portal\/noticias\/tema-de-redacao-unemat-2024-aborda-o-projeto-de-lei-do-marco-temporal\/#article","isPartOf":{"@id":"https:\/\/vestibulares.estrategia.com\/portal\/noticias\/tema-de-redacao-unemat-2024-aborda-o-projeto-de-lei-do-marco-temporal\/"},"author":{"name":"Leonardo Del Sant","@id":"https:\/\/vestibulares.estrategia.com\/portal\/#\/schema\/person\/95532619fccae669187ec84703047908"},"headline":"Tema de reda\u00e7\u00e3o Unemat 2024 aborda o projeto de lei do Marco Temporal","datePublished":"2023-12-04T00:30:11+00:00","dateModified":"2023-12-04T13:00:59+00:00","mainEntityOfPage":{"@id":"https:\/\/vestibulares.estrategia.com\/portal\/noticias\/tema-de-redacao-unemat-2024-aborda-o-projeto-de-lei-do-marco-temporal\/"},"wordCount":217,"publisher":{"@id":"https:\/\/vestibulares.estrategia.com\/portal\/#organization"},"image":{"@id":"https:\/\/vestibulares.estrategia.com\/portal\/noticias\/tema-de-redacao-unemat-2024-aborda-o-projeto-de-lei-do-marco-temporal\/#primaryimage"},"thumbnailUrl":"https:\/\/vestibulares.estrategia.com\/portal\/wp-content\/uploads\/2023\/11\/vestibular-unemat-ev.jpg","articleSection":["Not\u00edcias"],"inLanguage":"pt-BR"},{"@type":"WebPage","@id":"https:\/\/vestibulares.estrategia.com\/portal\/noticias\/tema-de-redacao-unemat-2024-aborda-o-projeto-de-lei-do-marco-temporal\/","url":"https:\/\/vestibulares.estrategia.com\/portal\/noticias\/tema-de-redacao-unemat-2024-aborda-o-projeto-de-lei-do-marco-temporal\/","name":"Tema de reda\u00e7\u00e3o Unemat 2024 aborda o projeto de lei do Marco Temporal","isPartOf":{"@id":"https:\/\/vestibulares.estrategia.com\/portal\/#website"},"primaryImageOfPage":{"@id":"https:\/\/vestibulares.estrategia.com\/portal\/noticias\/tema-de-redacao-unemat-2024-aborda-o-projeto-de-lei-do-marco-temporal\/#primaryimage"},"image":{"@id":"https:\/\/vestibulares.estrategia.com\/portal\/noticias\/tema-de-redacao-unemat-2024-aborda-o-projeto-de-lei-do-marco-temporal\/#primaryimage"},"thumbnailUrl":"https:\/\/vestibulares.estrategia.com\/portal\/wp-content\/uploads\/2023\/11\/vestibular-unemat-ev.jpg","datePublished":"2023-12-04T00:30:11+00:00","dateModified":"2023-12-04T13:00:59+00:00","description":"A Unemat escolheu o projeto de lei do Marco Temporal como tema de reda\u00e7\u00e3o no vestibular 2024; a banca surpreendeu no g\u00eanero textual; Confira!","breadcrumb":{"@id":"https:\/\/vestibulares.estrategia.com\/portal\/noticias\/tema-de-redacao-unemat-2024-aborda-o-projeto-de-lei-do-marco-temporal\/#breadcrumb"},"inLanguage":"pt-BR","potentialAction":[{"@type":"ReadAction","target":["https:\/\/vestibulares.estrategia.com\/portal\/noticias\/tema-de-redacao-unemat-2024-aborda-o-projeto-de-lei-do-marco-temporal\/"]}]},{"@type":"ImageObject","inLanguage":"pt-BR","@id":"https:\/\/vestibulares.estrategia.com\/portal\/noticias\/tema-de-redacao-unemat-2024-aborda-o-projeto-de-lei-do-marco-temporal\/#primaryimage","url":"https:\/\/vestibulares.estrategia.com\/portal\/wp-content\/uploads\/2023\/11\/vestibular-unemat-ev.jpg","contentUrl":"https:\/\/vestibulares.estrategia.com\/portal\/wp-content\/uploads\/2023\/11\/vestibular-unemat-ev.jpg","width":1280,"height":720,"caption":"vestibular unemat"},{"@type":"BreadcrumbList","@id":"https:\/\/vestibulares.estrategia.com\/portal\/noticias\/tema-de-redacao-unemat-2024-aborda-o-projeto-de-lei-do-marco-temporal\/#breadcrumb","itemListElement":[{"@type":"ListItem","position":1,"name":"Home","item":"https:\/\/vestibulares.estrategia.com\/portal\/"},{"@type":"ListItem","position":2,"name":"Not\u00edcias","item":"https:\/\/vestibulares.estrategia.com\/portal\/noticias\/"},{"@type":"ListItem","position":3,"name":"Tema de reda\u00e7\u00e3o Unemat 2024 aborda o projeto de lei do Marco Temporal"}]},{"@type":"WebSite","@id":"https:\/\/vestibulares.estrategia.com\/portal\/#website","url":"https:\/\/vestibulares.estrategia.com\/portal\/","name":"Estrat\u00e9gia Vestibulares","description":"","publisher":{"@id":"https:\/\/vestibulares.estrategia.com\/portal\/#organization"},"potentialAction":[{"@type":"SearchAction","target":{"@type":"EntryPoint","urlTemplate":"https:\/\/vestibulares.estrategia.com\/portal\/?s={search_term_string}"},"query-input":{"@type":"PropertyValueSpecification","valueRequired":true,"valueName":"search_term_string"}}],"inLanguage":"pt-BR"},{"@type":"Organization","@id":"https:\/\/vestibulares.estrategia.com\/portal\/#organization","name":"Estrat\u00e9gia Vestibulares","url":"https:\/\/vestibulares.estrategia.com\/portal\/","logo":{"@type":"ImageObject","inLanguage":"pt-BR","@id":"https:\/\/vestibulares.estrategia.com\/portal\/#\/schema\/logo\/image\/","url":"https:\/\/vestibulares.estrategia.com\/portal\/wp-content\/uploads\/2021\/06\/Logo-Vestibulares@4x.png","contentUrl":"https:\/\/vestibulares.estrategia.com\/portal\/wp-content\/uploads\/2021\/06\/Logo-Vestibulares@4x.png","width":250,"height":66,"caption":"Estrat\u00e9gia Vestibulares"},"image":{"@id":"https:\/\/vestibulares.estrategia.com\/portal\/#\/schema\/logo\/image\/"},"sameAs":["https:\/\/facebook.com\/estrategiavestibulares","https:\/\/x.com\/Estrategiavest","https:\/\/www.instagram.com\/estrategiavestibulares","https:\/\/www.youtube.com\/channel\/UCGWdZy8ULI-7_5GrABa4vNA"]},{"@type":"Person","@id":"https:\/\/vestibulares.estrategia.com\/portal\/#\/schema\/person\/95532619fccae669187ec84703047908","name":"Leonardo Del Sant","image":{"@type":"ImageObject","inLanguage":"pt-BR","@id":"https:\/\/vestibulares.estrategia.com\/portal\/#\/schema\/person\/image\/","url":"https:\/\/vestibulares.estrategia.com\/portal\/wp-content\/uploads\/2026\/02\/1000082484-150x150.jpeg","contentUrl":"https:\/\/vestibulares.estrategia.com\/portal\/wp-content\/uploads\/2026\/02\/1000082484-150x150.jpeg","caption":"Leonardo Del Sant"},"description":"Coordenador de Jornalismo do Estrat\u00e9gia Vestibulares. Trabalhou com escrita para SEO em sites das \u00e1reas de economia, varejo, sa\u00fade, tecnologia e alimenta\u00e7\u00e3o. Formado em jornalismo pela Unesp\/Bauru.","url":"https:\/\/vestibulares.estrategia.com\/portal\/author\/leonardo-del-sant\/"}]}},"_wl_alt_label":[],"wl:entity_url":"https:\/\/data.wordlift.io\/wl110249\/post\/tema-de-redacao-unemat-2024-aborda-o-projeto-de-lei-do-marco-temporal","_links":{"self":[{"href":"https:\/\/vestibulares.estrategia.com\/portal\/wp-json\/wp\/v2\/posts\/108257","targetHints":{"allow":["GET"]}}],"collection":[{"href":"https:\/\/vestibulares.estrategia.com\/portal\/wp-json\/wp\/v2\/posts"}],"about":[{"href":"https:\/\/vestibulares.estrategia.com\/portal\/wp-json\/wp\/v2\/types\/post"}],"author":[{"embeddable":true,"href":"https:\/\/vestibulares.estrategia.com\/portal\/wp-json\/wp\/v2\/users\/43"}],"replies":[{"embeddable":true,"href":"https:\/\/vestibulares.estrategia.com\/portal\/wp-json\/wp\/v2\/comments?post=108257"}],"version-history":[{"count":6,"href":"https:\/\/vestibulares.estrategia.com\/portal\/wp-json\/wp\/v2\/posts\/108257\/revisions"}],"predecessor-version":[{"id":108304,"href":"https:\/\/vestibulares.estrategia.com\/portal\/wp-json\/wp\/v2\/posts\/108257\/revisions\/108304"}],"wp:featuredmedia":[{"embeddable":true,"href":"https:\/\/vestibulares.estrategia.com\/portal\/wp-json\/wp\/v2\/media\/105988"}],"wp:attachment":[{"href":"https:\/\/vestibulares.estrategia.com\/portal\/wp-json\/wp\/v2\/media?parent=108257"}],"wp:term":[{"taxonomy":"category","embeddable":true,"href":"https:\/\/vestibulares.estrategia.com\/portal\/wp-json\/wp\/v2\/categories?post=108257"},{"taxonomy":"post_tag","embeddable":true,"href":"https:\/\/vestibulares.estrategia.com\/portal\/wp-json\/wp\/v2\/tags?post=108257"},{"taxonomy":"wl_entity_type","embeddable":true,"href":"https:\/\/vestibulares.estrategia.com\/portal\/wp-json\/wp\/v2\/wl_entity_type?post=108257"}],"curies":[{"name":"wp","href":"https:\/\/api.w.org\/{rel}","templated":true}]}}