{"id":109853,"date":"2023-12-26T17:47:32","date_gmt":"2023-12-26T20:47:32","guid":{"rendered":"https:\/\/vestibulares.estrategia.com\/portal\/?p=109853"},"modified":"2025-10-29T11:34:50","modified_gmt":"2025-10-29T14:34:50","slug":"21-citacoes-de-friedrich-nietzsche-para-usar-na-redacao","status":"publish","type":"post","link":"https:\/\/vestibulares.estrategia.com\/portal\/materias\/redacao\/21-citacoes-de-friedrich-nietzsche-para-usar-na-redacao\/","title":{"rendered":"21 cita\u00e7\u00f5es de Friedrich Nietzsche para usar na reda\u00e7\u00e3o"},"content":{"rendered":"<p class=\"wp-block-paragraph\">Friedrich <span id=\"urn:enhancement-46ca772d-fe52-43fa-b23b-9ee483f906a7\" class=\"textannotation disambiguated wl-person\" itemid=\"https:\/\/data.wordlift.io\/wl110249\/entity\/nietzsche\">Nietzsche<\/span> nasceu em 1844, na Alemanha, e foi <span id=\"urn:enhancement-7020d84f-f4ae-4468-82b3-55b7bb4f134e\" class=\"textannotation disambiguated wl-thing\" itemid=\"https:\/\/data.wordlift.io\/wl110249\/entity\/filosofo\">fil&oacute;sofo<\/span>, cr&iacute;tico cultural e poeta, considerado um dos mais influentes da sua &eacute;poca. Seus livros criticam a moral, a religi&atilde;o e discutem a cultura contempor&acirc;nea e a <span id=\"urn:enhancement-7bfa3d73-8d10-46f4-aa6c-0796d6a954fa\" class=\"textannotation disambiguated wl-person\" itemid=\"https:\/\/data.wordlift.io\/wl110249\/entity\/filosofia\">Filosofia<\/span>, com o costume de utilizar met&aacute;foras, aforismos e ironias sempre que poss&iacute;vel.<p class=\"wp-block-paragraph\">Tornou-se professor na Universidade da Basileia, na Su&iacute;&ccedil;a, com 24 anos de idade, sendo um conhecedor da <span id=\"urn:enhancement-c39ac761-4228-4401-ac52-d98518c36aae\" class=\"textannotation disambiguated wl-thing\" itemid=\"https:\/\/data.wordlift.io\/wl110249\/entity\/literatura-alema\">literatura alem&atilde;<\/span> contempor&acirc;nea e da Gr&eacute;cia Cl&aacute;ssica. Criticava o niilismo existencial e prop&ocirc;s um novo modelo de niilismo para a liberta&ccedil;&atilde;o dos homens.<\/p><p class=\"wp-block-paragraph\">Dentre os estudos do autor est&atilde;o, portanto, a moral judaico-crist&atilde;, em que questiona sobre os ensinamentos religiosos, pontos vistos em obras como &ldquo;<span id=\"urn:enhancement-6fbcdfff-7717-4b40-8fbd-ad5500bf6537\" class=\"textannotation disambiguated wl-creative-work\" itemid=\"https:\/\/data.wordlift.io\/wl110249\/entity\/o-nascimento-da-tragedia\">O Nascimento da Trag&eacute;dia<\/span>&rdquo;, &ldquo;<span id=\"urn:enhancement-276ad9e3-c05e-4c18-9474-ebda145303d6\" class=\"textannotation disambiguated wl-creative-work\" itemid=\"https:\/\/data.wordlift.io\/wl110249\/entity\/o-anticristo\">O Anticristo<\/span>&rdquo; e &ldquo;<span id=\"urn:enhancement-babe9e66-70a7-43ca-b428-ab2ad4a1e2e6\" class=\"textannotation disambiguated wl-creative-work\" itemid=\"https:\/\/data.wordlift.io\/wl110249\/entity\/alem-do-bem-e-do-mal\">Al&eacute;m do bem e do mal<\/span>&rdquo;.<\/p><p class=\"wp-block-paragraph\">Friedrich <span id=\"urn:enhancement-08547dbb-919c-42cb-b1b9-15f26c9e866a\" class=\"textannotation disambiguated wl-person\" itemid=\"https:\/\/data.wordlift.io\/wl110249\/entity\/nietzsche\">Nietzsche<\/span> foi um <span id=\"urn:enhancement-3e2ab168-1f94-4917-bd17-e18f3f931a5f\" class=\"textannotation disambiguated wl-thing\" itemid=\"https:\/\/data.wordlift.io\/wl110249\/entity\/filosofo\">fil&oacute;sofo<\/span> que trouxe tamb&eacute;m outros diversos temas em suas obras como psicologia da religi&atilde;o, cr&iacute;tica da moralidade, desenvolvimento da ci&ecirc;ncia, as defini&ccedil;&otilde;es de um tipo de homem nobre e o perspectivismo.<\/p><p class=\"wp-block-paragraph\"><span id=\"urn:enhancement-d88c7f0d-d497-4d12-8e81-0cd9cf92dc33\" class=\"textannotation disambiguated wl-person\" itemid=\"https:\/\/data.wordlift.io\/wl110249\/entity\/nietzsche\">Nietzsche<\/span> escreveu tamb&eacute;m &ldquo;Assim falou Zaratustra&rdquo;, &ldquo;Genealogia da Moral&rdquo; e &ldquo;Deus Est&aacute; Morto&rdquo;, entre outros. Como um defensor da ruptura de tradi&ccedil;&otilde;es e cren&ccedil;as socialmente impostas, v&aacute;rias das suas frases mais c&eacute;lebres cabem perfeitamente nos dias atuais e geram reflex&otilde;es sobre o que &eacute; visto como moral e &eacute;tica dentro de grupos extremistas e fundamentalistas, por exemplo.<\/p><p class=\"wp-block-paragraph\"><a href=\"https:\/\/vestibulares.estrategia.com\/portal\/atualidades-e-dicas\/9-questoes-sobre-iluminismo-que-ja-cairam-nos-vestibulares-e-no-enem\/\">+ 9 quest&otilde;es sobre iluminismo que j&aacute; ca&iacute;ram nos vestibulares e no Enem<\/a><br><a href=\"https:\/\/vestibulares.estrategia.com\/portal\/materias\/redacao\/citacoes-coringa-diversos-temas-de-redacao\/\">+ 41 cita&ccedil;&otilde;es coringas para usar em diversos temas de reda&ccedil;&atilde;o<\/a><br><a href=\"https:\/\/vestibulares.estrategia.com\/portal\/materias\/redacao\/citacoes-por-temas-para-usar-na-redacao\/\">+ 180 cita&ccedil;&otilde;es por temas para usar na reda&ccedil;&atilde;o<\/a><\/p><p class=\"wp-block-paragraph\"><div id=\"new-form\">\n\t<form id=\"forms_layout\">\n\t<input type=\"hidden\" id=\"chave_de\" name=\"chave_de\" value=\"01_EVEST_LEADS_TOTAIS\" \/>\n\t\t<input type=\"hidden\" id=\"mid\" name=\"mid\" value=\"515008983\" \/>\n\t\t<input type=\"hidden\" id=\"Objetivo\" name=\"Objetivo\" value=\"Vestibulares\" \/>\n\t\t<input type=\"hidden\" id=\"Estado_de_Origem_do_IP\" name=\"Estado_de_Origem_do_IP\"  value=\"\" \/>\n\t\t<input type=\"hidden\" id=\"Cidade_de_Origem_do_IP\" name=\"Cidade_de_Origem_do_IP\" value=\"\" \/>\n\t\t<input type=\"hidden\" id=\"Modo_de_entrada\" name=\"Modo_de_entrada\" value=\"Portal\" \/>\n\t\t<input type=\"hidden\" id=\"Pagina_Origem\" name=\"Pagina_Origem\" value=\"\" \/>\n\n\t\t<div class=\"texto\">\n\t\t\t<h3 class=\"news\">Inscreva-se em nossa newsletter\ud83e\udd89<\/h3>\n\t\t\t<p>Receba dicas de estudo gratuitas e saiba em primeira m\u00e3o as novidades sobre o Enem, Sisu, Encceja, Fuvest e outros vestibulares!<\/p>\n\t\t<\/div>\n\t\t<div class=\"campos\">\n\t\t\t<div class=\"first_name labels\">\n\t\t\t\t<input type=\"text\" class=\"input_labels\" id=\"first_name\" name=\"Nome_Completo\" placeholder=\"Nome\" required \/>\n\t\t\t<\/div>\n\t\t\t<div class=\"email labels\">\n\t\t\t\t<input type=\"email\" class=\"input_labels\" id=\"email\" name=\"Email\" placeholder=\"E-mail\" required \/>\n\t\t\t<\/div>\n\t\t\t<button type=\"submit\" class=\"button_layout\">\n\t\t\t\t<div id=\"lblBotao\">Inscreva-se<\/div>\n\t\t\t\t<span id=\"divSpiner\" class=\"loader\" role=\"status\" style=\"display: none;\"><\/span>\t\n\t\t\t<\/button>\n\t\t<\/div><!-- \/campos -->\n\t\t\n\t\t<label class=\"container_checkbox\">Voc\u00ea concorda com a nossa\n\t\t\t<a class=\"politics_privacy_ahref\" target=\"_blank\" href=\"https:\/\/gratis.estrategiaconcursos.com.br\/politica-de-privacidade\/\">Pol\u00edtica de Privacidade<\/a> e aceita receber informa\u00e7\u00f5es adicionais do Estrat\u00e9gia Educacional.\n\t\t\t<input id=\"checkbox_layout\" type=\"checkbox\" checked=\"checked\" required \/>\n\t\t\t<span class=\"checkbox\"><\/span>\n\t\t<\/label>\n\t\t<div id=\"msg\"><\/div>\n\t\t<div id=\"error\" class=\"error\">\n\t\t<\/div>\n\t<\/form>\n<\/div><!-- \/new-form -->\n\n\n\n<\/p><div id=\"ez-toc-container\" class=\"ez-toc-v2_0_86 counter-hierarchy ez-toc-counter ez-toc-transparent ez-toc-container-direction\">\n<div class=\"ez-toc-title-container\"><p class=\"ez-toc-title\" style=\"cursor:inherit\">Navegue pelo conte\u00fado<\/p>\n<\/div><nav><ul class='ez-toc-list ez-toc-list-level-1 ' ><li class='ez-toc-page-1 ez-toc-heading-level-2'><a class=\"ez-toc-link ez-toc-heading-1\" href=\"https:\/\/vestibulares.estrategia.com\/portal\/materias\/redacao\/21-citacoes-de-friedrich-nietzsche-para-usar-na-redacao\/#Citacoes-de-Friedrich-Nietzsche\" >Cita&ccedil;&otilde;es de Friedrich Nietzsche<\/a><\/li><li class='ez-toc-page-1 ez-toc-heading-level-2'><a class=\"ez-toc-link ez-toc-heading-2\" href=\"https:\/\/vestibulares.estrategia.com\/portal\/materias\/redacao\/21-citacoes-de-friedrich-nietzsche-para-usar-na-redacao\/#1-%E2%80%94-%E2%80%9CA-moral-nao-passa-de-uma-interpretacao-%E2%80%93-ou-mais-exatamente-de-uma-falsa-interpretacao-%E2%80%93-de-certos-fenomenos%E2%80%9D-%E2%80%94-Crepusculo-dos-Idolos-1888\" >1 &mdash; &ldquo;A moral n&atilde;o passa de uma interpreta&ccedil;&atilde;o &ndash; ou mais exatamente de uma falsa interpreta&ccedil;&atilde;o &ndash; de certos fen&ocirc;menos.&rdquo; &mdash; Crep&uacute;sculo dos &Iacute;dolos, 1888.<\/a><\/li><li class='ez-toc-page-1 ez-toc-heading-level-2'><a class=\"ez-toc-link ez-toc-heading-3\" href=\"https:\/\/vestibulares.estrategia.com\/portal\/materias\/redacao\/21-citacoes-de-friedrich-nietzsche-para-usar-na-redacao\/#2-%E2%80%94-%E2%80%9CEm-ultima-analise-amam-se-os-nossos-desejos-e-nao-o-objeto-desses-desejos%E2%80%9D-%E2%80%94-Alem-do-bem-e-do-mal-1886\" >2 &mdash; &ldquo;Em &uacute;ltima an&aacute;lise, amam-se os nossos desejos, e n&atilde;o o objeto desses desejos.&rdquo; &mdash; Al&eacute;m do bem e do mal, 1886.<\/a><\/li><li class='ez-toc-page-1 ez-toc-heading-level-2'><a class=\"ez-toc-link ez-toc-heading-4\" href=\"https:\/\/vestibulares.estrategia.com\/portal\/materias\/redacao\/21-citacoes-de-friedrich-nietzsche-para-usar-na-redacao\/#3-%E2%80%94-%E2%80%9CAs-conviccoes-sao-inimigas-mais-perigosas-da-verdade-do-que-as-mentiras%E2%80%9D-%E2%80%94-Humano-Demasiado-Humano-I-1878\" >3 &mdash; &ldquo;As convic&ccedil;&otilde;es s&atilde;o inimigas mais perigosas da verdade do que as mentiras.&rdquo; &mdash; Humano Demasiado Humano I, 1878.<\/a><\/li><li class='ez-toc-page-1 ez-toc-heading-level-2'><a class=\"ez-toc-link ez-toc-heading-5\" href=\"https:\/\/vestibulares.estrategia.com\/portal\/materias\/redacao\/21-citacoes-de-friedrich-nietzsche-para-usar-na-redacao\/#4-%E2%80%94-%E2%80%9CNos-individuos-a-loucura-e-algo-raro-%E2%80%94-mas-nos-grupos-nos-partidos-nos-povos-nas-epocas-e-regra%E2%80%9D-%E2%80%94-Alem-do-bem-e-do-mal-1886\" >4 &mdash; &ldquo;Nos indiv&iacute;duos, a loucura &eacute; algo raro &mdash; mas nos grupos, nos partidos, nos povos, nas &eacute;pocas, &eacute; regra.&rdquo; &mdash; Al&eacute;m do bem e do mal, 1886.<\/a><\/li><li class='ez-toc-page-1 ez-toc-heading-level-2'><a class=\"ez-toc-link ez-toc-heading-6\" href=\"https:\/\/vestibulares.estrategia.com\/portal\/materias\/redacao\/21-citacoes-de-friedrich-nietzsche-para-usar-na-redacao\/#5-%E2%80%94-%E2%80%9CDeus-esta-morto%E2%80%9D-%E2%80%94-Assim-Falou-Zaratustra-1883\" >5 &mdash; &ldquo;Deus est&aacute; morto.&rdquo; &mdash; Assim Falou Zaratustra, 1883.<\/a><\/li><li class='ez-toc-page-1 ez-toc-heading-level-2'><a class=\"ez-toc-link ez-toc-heading-7\" href=\"https:\/\/vestibulares.estrategia.com\/portal\/materias\/redacao\/21-citacoes-de-friedrich-nietzsche-para-usar-na-redacao\/#6-%E2%80%94-%E2%80%9CA-vantagem-de-uma-memoria-ruim-e-poder-desfrutar-varias-vezes-as-mesmas-coisas-boas-como-se-fosse-primeira-vez%E2%80%9D-%E2%80%94-Humano-Demasiado-Humano-I-1878\" >6 &mdash; &ldquo;A vantagem de uma mem&oacute;ria ruim &eacute; poder desfrutar v&aacute;rias vezes as mesmas coisas boas como se fosse primeira vez.&rdquo; &mdash; Humano Demasiado Humano I, 1878.<\/a><\/li><li class='ez-toc-page-1 ez-toc-heading-level-2'><a class=\"ez-toc-link ez-toc-heading-8\" href=\"https:\/\/vestibulares.estrategia.com\/portal\/materias\/redacao\/21-citacoes-de-friedrich-nietzsche-para-usar-na-redacao\/#7-%E2%80%94-%E2%80%9CO-que-significa-Niilismo-Que-os-valores-supremos-se-desvalorizam%E2%80%9D-%E2%80%94-Fragmentos-Postumos-1887\" >7 &mdash; &ldquo;O que significa Niilismo? Que os valores supremos se desvalorizam.&rdquo; &mdash; Fragmentos P&oacute;stumos, 1887.<\/a><\/li><li class='ez-toc-page-1 ez-toc-heading-level-2'><a class=\"ez-toc-link ez-toc-heading-9\" href=\"https:\/\/vestibulares.estrategia.com\/portal\/materias\/redacao\/21-citacoes-de-friedrich-nietzsche-para-usar-na-redacao\/#8-%E2%80%94-%E2%80%9CUma-coisa-e-necessario-ter-um-espirito-leve-por-natureza-ou-um-espirito-tornado-leve-pela-arte-e-pela-ciencia%E2%80%9D-%E2%80%94-Humano-Demasiado-Humano-I-1878\" >8 &mdash; &ldquo;Uma coisa &eacute; necess&aacute;rio ter: um esp&iacute;rito leve por natureza ou um esp&iacute;rito tornado leve pela arte e pela ci&ecirc;ncia.&rdquo; &mdash; Humano Demasiado Humano I, 1878.<\/a><\/li><li class='ez-toc-page-1 ez-toc-heading-level-2'><a class=\"ez-toc-link ez-toc-heading-10\" href=\"https:\/\/vestibulares.estrategia.com\/portal\/materias\/redacao\/21-citacoes-de-friedrich-nietzsche-para-usar-na-redacao\/#9-%E2%80%94-%E2%80%9CO-que-diz-sua-consciencia-Torne-se-aquilo-que-voce-e%E2%80%9D-%E2%80%94-A-Gaia-Ciencia-1882\" >9 &mdash; &ldquo;O que diz sua consci&ecirc;ncia? Torne-se aquilo que voc&ecirc; &eacute;.&rdquo; &mdash; A Gaia Ci&ecirc;ncia, 1882.<\/a><\/li><li class='ez-toc-page-1 ez-toc-heading-level-2'><a class=\"ez-toc-link ez-toc-heading-11\" href=\"https:\/\/vestibulares.estrategia.com\/portal\/materias\/redacao\/21-citacoes-de-friedrich-nietzsche-para-usar-na-redacao\/#10-%E2%80%94-%E2%80%9CA-felicidade-do-homem-que-conhece-aumenta-a-beleza-do-mundo-e-torna-mais-ensolarado-tudo-o-que-ha-o-conhecimento-poe-sua-beleza-nao-so-em-torno-das-coisas-mas-com-o-tempo-nas-coisas-que-a-humanidade-vindoura-de-testemunho-dessa-afirmacao%E2%80%9D-%E2%80%94-Aurora-1881\" >10 &mdash; &ldquo;A felicidade do homem que conhece aumenta a beleza do mundo e torna mais ensolarado tudo o que h&aacute;; o conhecimento p&otilde;e sua beleza n&atilde;o s&oacute; em torno das coisas, mas, com o tempo, nas coisas; que a humanidade vindoura d&ecirc; testemunho dessa afirma&ccedil;&atilde;o!&rdquo; &mdash;  Aurora, 1881.<\/a><\/li><li class='ez-toc-page-1 ez-toc-heading-level-2'><a class=\"ez-toc-link ez-toc-heading-12\" href=\"https:\/\/vestibulares.estrategia.com\/portal\/materias\/redacao\/21-citacoes-de-friedrich-nietzsche-para-usar-na-redacao\/#11-%E2%80%94-%E2%80%9CA-chama-nao-e-tao-luminosa-para-si-como-para-as-outras-que-ela-ilumina-da-mesma-forma-o-sabio%E2%80%9D-%E2%80%94-Humano-Demasiado-Humano-I-1878\" >11 &mdash; &ldquo;A chama n&atilde;o &eacute; t&atilde;o luminosa para si como para as outras que ela ilumina: da mesma forma o s&aacute;bio.&rdquo; &mdash; Humano Demasiado Humano I, 1878.<\/a><\/li><li class='ez-toc-page-1 ez-toc-heading-level-2'><a class=\"ez-toc-link ez-toc-heading-13\" href=\"https:\/\/vestibulares.estrategia.com\/portal\/materias\/redacao\/21-citacoes-de-friedrich-nietzsche-para-usar-na-redacao\/#12-%E2%80%94-%E2%80%9CMuitos-sao-obstinados-no-tocante-ao-caminho-uma-vez-tomado-pouco-no-tocante-aos-objetivos%E2%80%9D-%E2%80%94-Humano-Demasiado-Humano-I-1878\" >12 &mdash; &ldquo;Muitos s&atilde;o obstinados no tocante ao caminho uma vez tomado, pouco no tocante aos objetivos.&rdquo; &mdash; Humano Demasiado Humano I, 1878.<\/a><\/li><li class='ez-toc-page-1 ez-toc-heading-level-2'><a class=\"ez-toc-link ez-toc-heading-14\" href=\"https:\/\/vestibulares.estrategia.com\/portal\/materias\/redacao\/21-citacoes-de-friedrich-nietzsche-para-usar-na-redacao\/#13-%E2%80%94-%E2%80%9CTodos-vos-que-amais-o-trabalho-desenfreado-%E2%80%A6-o-vosso-labor-e-maldicao-e-desejo-de-esquecerdes-quem-sois%E2%80%9D-%E2%80%94-Assim-Falou-Zaratustra-1883\" >13 &mdash; &ldquo;Todos v&oacute;s, que amais o trabalho desenfreado (&hellip;), o vosso labor &eacute; maldi&ccedil;&atilde;o e desejo de esquecerdes quem sois.&rdquo; &mdash; Assim Falou Zaratustra, 1883.<\/a><\/li><li class='ez-toc-page-1 ez-toc-heading-level-2'><a class=\"ez-toc-link ez-toc-heading-15\" href=\"https:\/\/vestibulares.estrategia.com\/portal\/materias\/redacao\/21-citacoes-de-friedrich-nietzsche-para-usar-na-redacao\/#14-%E2%80%94-%E2%80%9CQuando-uma-religiao-comeca-a-dominar-tem-como-adversarios-os-que-foram-seus-primeiros-adeptos%E2%80%9D-%E2%80%94-Humano-Demasiado-Humano-I-1878\" >14 &mdash; &ldquo;Quando uma religi&atilde;o come&ccedil;a a dominar, tem como advers&aacute;rios os que foram seus primeiros adeptos.&rdquo; &mdash; Humano Demasiado Humano I, 1878.<\/a><\/li><li class='ez-toc-page-1 ez-toc-heading-level-2'><a class=\"ez-toc-link ez-toc-heading-16\" href=\"https:\/\/vestibulares.estrategia.com\/portal\/materias\/redacao\/21-citacoes-de-friedrich-nietzsche-para-usar-na-redacao\/#15-%E2%80%94-%E2%80%9CO-advento-do-deus-cristao-o-deus-maximo-ate-agora-alcancado-trouxe-tambem-ao-mundo-o-maximo-de-sentimento-de-culpa%E2%80%9D-%E2%80%94-Genealogia-da-Moral-1887\" >15 &mdash; &ldquo;O advento do deus crist&atilde;o, o deus m&aacute;ximo at&eacute; agora alcan&ccedil;ado, trouxe tamb&eacute;m ao mundo o m&aacute;ximo de sentimento de culpa&rdquo;, &mdash; Genealogia da Moral, 1887.<\/a><\/li><li class='ez-toc-page-1 ez-toc-heading-level-2'><a class=\"ez-toc-link ez-toc-heading-17\" href=\"https:\/\/vestibulares.estrategia.com\/portal\/materias\/redacao\/21-citacoes-de-friedrich-nietzsche-para-usar-na-redacao\/#16-%E2%80%94-%E2%80%9CQuem-luta-contra-monstros-deve-garantir-que-no-processo-ele-nao-se-torne-um-monstro-E-se-voce-olhar-o-suficiente-para-um-abismo-o-abismo-voltara-a-olhar-para-voce%E2%80%9D-%E2%80%94-Alem-do-bem-e-do-mal-1886\" >16 &mdash; &ldquo;Quem luta contra monstros deve garantir que, no processo, ele n&atilde;o se torne um monstro. E se voc&ecirc; olhar o suficiente para um abismo, o abismo voltar&aacute; a olhar para voc&ecirc;.&rdquo; &mdash; Al&eacute;m do bem e do mal, 1886.<\/a><\/li><li class='ez-toc-page-1 ez-toc-heading-level-2'><a class=\"ez-toc-link ez-toc-heading-18\" href=\"https:\/\/vestibulares.estrategia.com\/portal\/materias\/redacao\/21-citacoes-de-friedrich-nietzsche-para-usar-na-redacao\/#17-%E2%80%94-%E2%80%9CNao-estou-chateado-porque-voce-mentiu-para-mim-Estou-chateado-porque-a-partir-de-agora-nao-posso-mais-acreditar-em-voce%E2%80%9D-%E2%80%94-Alem-do-bem-e-do-mal-1886\" >17 &mdash; &ldquo;N&atilde;o estou chateado porque voc&ecirc; mentiu para mim. Estou chateado porque, a partir de agora, n&atilde;o posso mais acreditar em voc&ecirc;.&rdquo; &mdash; Al&eacute;m do bem e do mal, 1886.<\/a><\/li><li class='ez-toc-page-1 ez-toc-heading-level-2'><a class=\"ez-toc-link ez-toc-heading-19\" href=\"https:\/\/vestibulares.estrategia.com\/portal\/materias\/redacao\/21-citacoes-de-friedrich-nietzsche-para-usar-na-redacao\/#18-%E2%80%94-%E2%80%9CO-homem-e-definido-como-um-ser-que-evolui-como-o-animal-e-imaturo-por-excelencia%E2%80%9D-%E2%80%94-Assim-Falou-Zaratustra-1883\" >18 &mdash; &ldquo;O homem &eacute; definido como um ser que evolui, como o animal &eacute; imaturo por excel&ecirc;ncia.&rdquo; &mdash; Assim Falou Zaratustra, 1883.<\/a><\/li><li class='ez-toc-page-1 ez-toc-heading-level-2'><a class=\"ez-toc-link ez-toc-heading-20\" href=\"https:\/\/vestibulares.estrategia.com\/portal\/materias\/redacao\/21-citacoes-de-friedrich-nietzsche-para-usar-na-redacao\/#19-%E2%80%94-%E2%80%9CA-ciencia-inteira-ganhou-continuidade-e-estabilidade-apenas-quando-a-arte-da-boa-leitura-isto-e-a-filologia-atingiu-seu-apogeu%E2%80%9D-%E2%80%94-Humano-Demasiado-Humano-I-1878\" >19 &mdash; &ldquo;A ci&ecirc;ncia inteira ganhou continuidade e estabilidade apenas quando a arte da boa leitura, isto &eacute;, a filologia, atingiu seu apogeu.&rdquo; &mdash; Humano Demasiado Humano I, 1878.<\/a><\/li><li class='ez-toc-page-1 ez-toc-heading-level-2'><a class=\"ez-toc-link ez-toc-heading-21\" href=\"https:\/\/vestibulares.estrategia.com\/portal\/materias\/redacao\/21-citacoes-de-friedrich-nietzsche-para-usar-na-redacao\/#20-%E2%80%94-%E2%80%9CO-corpo-flexivel-e-convincente-o-dancarino-cujo-simbolo-e-epitome-e-a-alma-que-se-compraz-em-si-O-prazer-consigo-desses-corpos-e-almas-chama-a-si-mesmo-%E2%80%98virtude%E2%80%9D-%E2%80%94-Assim-Falou-Zaratustra-1883\" >20 &mdash; &ldquo;O corpo flex&iacute;vel e convincente, o dan&ccedil;arino cujo s&iacute;mbolo e ep&iacute;tome &eacute; a alma que se compraz em si. O prazer consigo desses corpos e almas chama a si mesmo &lsquo;virtude&rsquo;.&rdquo; &mdash; Assim Falou Zaratustra, 1883.<\/a><\/li><li class='ez-toc-page-1 ez-toc-heading-level-2'><a class=\"ez-toc-link ez-toc-heading-22\" href=\"https:\/\/vestibulares.estrategia.com\/portal\/materias\/redacao\/21-citacoes-de-friedrich-nietzsche-para-usar-na-redacao\/#21-%E2%80%94-%E2%80%9CNao-se-odeia-quando-pouco-se-preza-odeia-se-so-o-que-esta-a-nossa-altura-ou-e-superior-a-nos%E2%80%9D-%E2%80%94-Alem-do-bem-e-do-mal-1886\" >21 &mdash; &ldquo;N&atilde;o se odeia quando pouco se preza, odeia-se s&oacute; o que est&aacute; &agrave; nossa altura ou &eacute; superior a n&oacute;s.&rdquo; &mdash; Al&eacute;m do bem e do mal, 1886.<\/a><\/li><li class='ez-toc-page-1 ez-toc-heading-level-2'><a class=\"ez-toc-link ez-toc-heading-23\" href=\"https:\/\/vestibulares.estrategia.com\/portal\/materias\/redacao\/21-citacoes-de-friedrich-nietzsche-para-usar-na-redacao\/#Confira-os-cursos-do-Estrategia-Vestibulares\" >Confira os cursos do Estrat&eacute;gia Vestibulares<\/a><\/li><\/ul><\/nav><\/div>\n<h2 class=\"wp-block-heading\" id=\"h-citacoes-de-friedrich-nietzsche\"><span class=\"ez-toc-section\" id=\"Citacoes-de-Friedrich-Nietzsche\"><\/span>Cita&ccedil;&otilde;es de Friedrich Nietzsche<span class=\"ez-toc-section-end\"><\/span><\/h2><h2 class=\"wp-block-heading\" id=\"h-1-a-moral-nao-passa-de-uma-interpretacao-ou-mais-exatamente-de-uma-falsa-interpretacao-de-certos-fenomenos-crepusculo-dos-idolos-1888\"><span class=\"ez-toc-section\" id=\"1-%E2%80%94-%E2%80%9CA-moral-nao-passa-de-uma-interpretacao-%E2%80%93-ou-mais-exatamente-de-uma-falsa-interpretacao-%E2%80%93-de-certos-fenomenos%E2%80%9D-%E2%80%94-Crepusculo-dos-Idolos-1888\"><\/span>1 &mdash; &ldquo;A moral n&atilde;o passa de uma interpreta&ccedil;&atilde;o &ndash; ou mais exatamente de uma falsa interpreta&ccedil;&atilde;o &ndash; de certos fen&ocirc;menos.&rdquo; &mdash; Crep&uacute;sculo dos &Iacute;dolos, 1888.<span class=\"ez-toc-section-end\"><\/span><\/h2><p class=\"wp-block-paragraph\">O nome da obra &eacute; uma par&oacute;dia da &oacute;pera &ldquo;Crep&uacute;sculo dos Deuses&rdquo; de Wagner, em que <span id=\"urn:enhancement-1adaed97-4efa-4bd8-940b-1b16f79b82f9\" class=\"textannotation disambiguated wl-person\" itemid=\"https:\/\/data.wordlift.io\/wl110249\/entity\/nietzsche\">Nietzsche<\/span> ataca as ilus&otilde;es metaf&iacute;sicas do ocidente, que seriam os &ldquo;&iacute;dolos&rdquo;, na perspectiva da moral crist&atilde;.<\/p><h2 class=\"wp-block-heading\" id=\"h-2-em-ultima-analise-amam-se-os-nossos-desejos-e-nao-o-objeto-desses-desejos-alem-do-bem-e-do-mal-1886\"><span class=\"ez-toc-section\" id=\"2-%E2%80%94-%E2%80%9CEm-ultima-analise-amam-se-os-nossos-desejos-e-nao-o-objeto-desses-desejos%E2%80%9D-%E2%80%94-Alem-do-bem-e-do-mal-1886\"><\/span>2 &mdash; &ldquo;Em &uacute;ltima an&aacute;lise, amam-se os nossos desejos, e n&atilde;o o objeto desses desejos.&rdquo; &mdash; <span id=\"urn:enhancement-e45a0308-80e9-4c19-a973-9979eb55b558\" class=\"textannotation disambiguated wl-creative-work\" itemid=\"https:\/\/data.wordlift.io\/wl110249\/entity\/alem-do-bem-e-do-mal\">Al&eacute;m do bem e do mal<\/span>, 1886.<span class=\"ez-toc-section-end\"><\/span><\/h2><p class=\"wp-block-paragraph\">O autor discorre sobre arte, sexualidade, psicologia da religi&atilde;o, com opini&otilde;es sobre personalidades art&iacute;sticas e hist&oacute;ricas. A obra traz motivos que tornaram <span id=\"urn:enhancement-d1a13135-de0e-46ea-8923-dda9d4490e65\" class=\"textannotation disambiguated wl-person\" itemid=\"https:\/\/data.wordlift.io\/wl110249\/entity\/nietzsche\">Nietzsche<\/span> um precursor de correntes como a <span id=\"urn:enhancement-8e7e47e2-06ea-4c1f-9d12-537726ff9ffd\" class=\"textannotation disambiguated wl-person\" itemid=\"https:\/\/data.wordlift.io\/wl110249\/entity\/filosofia\">filosofia<\/span> anal&iacute;tica, a psican&aacute;lise e o existencialismo.<\/p><h2 class=\"wp-block-heading\" id=\"h-3-as-conviccoes-sao-inimigas-mais-perigosas-da-verdade-do-que-as-mentiras-humano-demasiado-humano-i-1878\"><span class=\"ez-toc-section\" id=\"3-%E2%80%94-%E2%80%9CAs-conviccoes-sao-inimigas-mais-perigosas-da-verdade-do-que-as-mentiras%E2%80%9D-%E2%80%94-Humano-Demasiado-Humano-I-1878\"><\/span>3 &mdash; &ldquo;As convic&ccedil;&otilde;es s&atilde;o inimigas mais perigosas da verdade do que as mentiras.&rdquo; &mdash; Humano Demasiado Humano I, 1878.<span class=\"ez-toc-section-end\"><\/span><\/h2><p class=\"wp-block-paragraph\">A obra aborda moral, religi&atilde;o, pol&iacute;tica, metaf&iacute;sica, rela&ccedil;&otilde;es sociais, literatura, arte e amor, rompendo com o romantismo de Wagner e o pessimismo de Schopenhauer. Foi um fracasso de vendas no primeiro ano de publica&ccedil;&atilde;o, mas se tornou um cl&aacute;ssico ao passar dos anos.<\/p><h2 class=\"wp-block-heading\" id=\"h-4-nos-individuos-a-loucura-e-algo-raro-mas-nos-grupos-nos-partidos-nos-povos-nas-epocas-e-regra-alem-do-bem-e-do-mal-1886\"><span class=\"ez-toc-section\" id=\"4-%E2%80%94-%E2%80%9CNos-individuos-a-loucura-e-algo-raro-%E2%80%94-mas-nos-grupos-nos-partidos-nos-povos-nas-epocas-e-regra%E2%80%9D-%E2%80%94-Alem-do-bem-e-do-mal-1886\"><\/span>4 &mdash; &ldquo;Nos indiv&iacute;duos, a loucura &eacute; algo raro &mdash; mas nos grupos, nos partidos, nos povos, nas &eacute;pocas, &eacute; regra.&rdquo; &mdash; <span id=\"urn:enhancement-56917965-ad35-4274-ae5b-d161a93e855c\" class=\"textannotation disambiguated wl-creative-work\" itemid=\"https:\/\/data.wordlift.io\/wl110249\/entity\/alem-do-bem-e-do-mal\">Al&eacute;m do bem e do mal<\/span>, 1886.<span class=\"ez-toc-section-end\"><\/span><\/h2><h2 class=\"wp-block-heading\" id=\"h-5-deus-esta-morto-assim-falou-zaratustra-1883\"><span class=\"ez-toc-section\" id=\"5-%E2%80%94-%E2%80%9CDeus-esta-morto%E2%80%9D-%E2%80%94-Assim-Falou-Zaratustra-1883\"><\/span>5 &mdash; &ldquo;Deus est&aacute; morto.&rdquo; &mdash; Assim Falou Zaratustra, 1883.<span class=\"ez-toc-section-end\"><\/span><\/h2><p class=\"wp-block-paragraph\">O romance filos&oacute;fico usa o nome do s&aacute;bio persa criador do zoroastrismo para abordar a necessidade do homem de se libertar de qualquer for&ccedil;a que iniba ou limite sua vida ou suas vontades a partir da autossupera&ccedil;&atilde;o.<\/p><h2 class=\"wp-block-heading\" id=\"h-6-a-vantagem-de-uma-memoria-ruim-e-poder-desfrutar-varias-vezes-as-mesmas-coisas-boas-como-se-fosse-primeira-vez-humano-demasiado-humano-i-1878\"><span class=\"ez-toc-section\" id=\"6-%E2%80%94-%E2%80%9CA-vantagem-de-uma-memoria-ruim-e-poder-desfrutar-varias-vezes-as-mesmas-coisas-boas-como-se-fosse-primeira-vez%E2%80%9D-%E2%80%94-Humano-Demasiado-Humano-I-1878\"><\/span>6 &mdash; &ldquo;A vantagem de uma mem&oacute;ria ruim &eacute; poder desfrutar v&aacute;rias vezes as mesmas coisas boas como se fosse primeira vez.&rdquo; &mdash; Humano Demasiado Humano I, 1878.<span class=\"ez-toc-section-end\"><\/span><\/h2><h2 class=\"wp-block-heading\" id=\"h-7-o-que-significa-niilismo-que-os-valores-supremos-se-desvalorizam-fragmentos-postumos-1887\"><span class=\"ez-toc-section\" id=\"7-%E2%80%94-%E2%80%9CO-que-significa-Niilismo-Que-os-valores-supremos-se-desvalorizam%E2%80%9D-%E2%80%94-Fragmentos-Postumos-1887\"><\/span>7 &mdash; &ldquo;O que significa Niilismo? Que os valores supremos se desvalorizam.&rdquo; &mdash; Fragmentos P&oacute;stumos, 1887.<span class=\"ez-toc-section-end\"><\/span><\/h2><p class=\"wp-block-paragraph\">Como dito no t&iacute;tulo, a obra traz trechos escritos por <span id=\"urn:enhancement-73576170-958c-4ea3-9eca-744c716d5f55\" class=\"textannotation disambiguated wl-person\" itemid=\"https:\/\/data.wordlift.io\/wl110249\/entity\/nietzsche\">Nietzsche<\/span> que n&atilde;o foram utilizados em suas obras, mas foram aproveitados ap&oacute;s a morte do autor. Aborda principalmente os &uacute;ltimos cinco anos do per&iacute;odo em que ele escreveu com lucidez.<\/p><h2 class=\"wp-block-heading\" id=\"h-8-uma-coisa-e-necessario-ter-um-espirito-leve-por-natureza-ou-um-espirito-tornado-leve-pela-arte-e-pela-ciencia-humano-demasiado-humano-i-1878\"><span class=\"ez-toc-section\" id=\"8-%E2%80%94-%E2%80%9CUma-coisa-e-necessario-ter-um-espirito-leve-por-natureza-ou-um-espirito-tornado-leve-pela-arte-e-pela-ciencia%E2%80%9D-%E2%80%94-Humano-Demasiado-Humano-I-1878\"><\/span>8 &mdash; &ldquo;Uma coisa &eacute; necess&aacute;rio ter: um esp&iacute;rito leve por natureza ou um esp&iacute;rito tornado leve pela arte e pela ci&ecirc;ncia.&rdquo; &mdash; Humano Demasiado Humano I, 1878.<span class=\"ez-toc-section-end\"><\/span><\/h2><h2 class=\"wp-block-heading\" id=\"h-9-o-que-diz-sua-consciencia-torne-se-aquilo-que-voce-e-a-gaia-ciencia-1882\"><span class=\"ez-toc-section\" id=\"9-%E2%80%94-%E2%80%9CO-que-diz-sua-consciencia-Torne-se-aquilo-que-voce-e%E2%80%9D-%E2%80%94-A-Gaia-Ciencia-1882\"><\/span>9 &mdash; &ldquo;O que diz sua consci&ecirc;ncia? Torne-se aquilo que voc&ecirc; &eacute;.&rdquo; &mdash; A Gaia Ci&ecirc;ncia, 1882.<span class=\"ez-toc-section-end\"><\/span><\/h2><p class=\"wp-block-paragraph\">Teses como &ldquo;a morte de Deus&rdquo; e do &ldquo;eterno retorno&rdquo; s&atilde;o apresentadas em &ldquo;A Gaia Ci&ecirc;ncia&rdquo;, que re&uacute;ne 383 textos, al&eacute;m de muitos poemas, abordando a moral, a arte, a teoria do conhecimento e a hist&oacute;ria como um todo.<\/p><h2 class=\"wp-block-heading\" id=\"h-10-a-felicidade-do-homem-que-conhece-aumenta-a-beleza-do-mundo-e-torna-mais-ensolarado-tudo-o-que-ha-o-conhecimento-poe-sua-beleza-nao-so-em-torno-das-coisas-mas-com-o-tempo-nas-coisas-que-a-humanidade-vindoura-de-testemunho-dessa-afirmacao-aurora-1881\"><span class=\"ez-toc-section\" id=\"10-%E2%80%94-%E2%80%9CA-felicidade-do-homem-que-conhece-aumenta-a-beleza-do-mundo-e-torna-mais-ensolarado-tudo-o-que-ha-o-conhecimento-poe-sua-beleza-nao-so-em-torno-das-coisas-mas-com-o-tempo-nas-coisas-que-a-humanidade-vindoura-de-testemunho-dessa-afirmacao%E2%80%9D-%E2%80%94-Aurora-1881\"><\/span>10 &mdash; &ldquo;A felicidade do homem que conhece aumenta a beleza do mundo e torna mais ensolarado tudo o que h&aacute;; o conhecimento p&otilde;e sua beleza n&atilde;o s&oacute; em torno das coisas, mas, com o tempo, nas coisas; que a humanidade vindoura d&ecirc; testemunho dessa afirma&ccedil;&atilde;o!&rdquo; &mdash;  Aurora, 1881.<span class=\"ez-toc-section-end\"><\/span><\/h2><p class=\"wp-block-paragraph\">O livro conta com mais de 500 aforismos de tamanhos variados e descrevem a cr&iacute;tica do autor sobre a moral crist&atilde; e conceitos como alma, Deus, pecado, sujeito e livre-arb&iacute;trio, fic&ccedil;&otilde;es ditas prejudiciais &agrave; vida, segundo o autor.<\/p><h2 class=\"wp-block-heading\" id=\"h-11-a-chama-nao-e-tao-luminosa-para-si-como-para-as-outras-que-ela-ilumina-da-mesma-forma-o-sabio-humano-demasiado-humano-i-1878\"><span class=\"ez-toc-section\" id=\"11-%E2%80%94-%E2%80%9CA-chama-nao-e-tao-luminosa-para-si-como-para-as-outras-que-ela-ilumina-da-mesma-forma-o-sabio%E2%80%9D-%E2%80%94-Humano-Demasiado-Humano-I-1878\"><\/span>11 &mdash; &ldquo;A chama n&atilde;o &eacute; t&atilde;o luminosa para si como para as outras que ela ilumina: da mesma forma o s&aacute;bio.&rdquo; &mdash; Humano Demasiado Humano I, 1878.<span class=\"ez-toc-section-end\"><\/span><\/h2><p class=\"wp-block-paragraph\"><a href=\"https:\/\/vestibulares.estrategia.com\/portal\/materias\/redacao\/9-citacoes-sobre-cultura-do-cancelamento-e-tolerancia-para-usar-na-redacao\/\">+ 9 cita&ccedil;&otilde;es sobre cultura do cancelamento e toler&acirc;ncia para usar na reda&ccedil;&atilde;o<\/a><br><a href=\"https:\/\/vestibulares.estrategia.com\/portal\/materias\/redacao\/9-citacoes-sobre-etica-e-moral-para-usar-na-redacao\/\">+ 9 cita&ccedil;&otilde;es sobre &eacute;tica e moral para usar na reda&ccedil;&atilde;o<\/a><\/p><h2 class=\"wp-block-heading\" id=\"h-12-muitos-sao-obstinados-no-tocante-ao-caminho-uma-vez-tomado-pouco-no-tocante-aos-objetivos-humano-demasiado-humano-i-1878\"><span class=\"ez-toc-section\" id=\"12-%E2%80%94-%E2%80%9CMuitos-sao-obstinados-no-tocante-ao-caminho-uma-vez-tomado-pouco-no-tocante-aos-objetivos%E2%80%9D-%E2%80%94-Humano-Demasiado-Humano-I-1878\"><\/span>12 &mdash; &ldquo;Muitos s&atilde;o obstinados no tocante ao caminho uma vez tomado, pouco no tocante aos objetivos.&rdquo; &mdash; Humano Demasiado Humano I, 1878.<span class=\"ez-toc-section-end\"><\/span><\/h2><h2 class=\"wp-block-heading\" id=\"h-13-todos-vos-que-amais-o-trabalho-desenfreado-o-vosso-labor-e-maldicao-e-desejo-de-esquecerdes-quem-sois-assim-falou-zaratustra-1883\"><span class=\"ez-toc-section\" id=\"13-%E2%80%94-%E2%80%9CTodos-vos-que-amais-o-trabalho-desenfreado-%E2%80%A6-o-vosso-labor-e-maldicao-e-desejo-de-esquecerdes-quem-sois%E2%80%9D-%E2%80%94-Assim-Falou-Zaratustra-1883\"><\/span>13 &mdash; &ldquo;Todos v&oacute;s, que amais o trabalho desenfreado (&hellip;), o vosso labor &eacute; maldi&ccedil;&atilde;o e desejo de esquecerdes quem sois.&rdquo; &mdash; Assim Falou Zaratustra, 1883.<span class=\"ez-toc-section-end\"><\/span><\/h2><h2 class=\"wp-block-heading\" id=\"h-14-quando-uma-religiao-comeca-a-dominar-tem-como-adversarios-os-que-foram-seus-primeiros-adeptos-humano-demasiado-humano-i-1878\"><span class=\"ez-toc-section\" id=\"14-%E2%80%94-%E2%80%9CQuando-uma-religiao-comeca-a-dominar-tem-como-adversarios-os-que-foram-seus-primeiros-adeptos%E2%80%9D-%E2%80%94-Humano-Demasiado-Humano-I-1878\"><\/span>14 &mdash; &ldquo;Quando uma religi&atilde;o come&ccedil;a a dominar, tem como advers&aacute;rios os que foram seus primeiros adeptos.&rdquo; &mdash; Humano Demasiado Humano I, 1878.<span class=\"ez-toc-section-end\"><\/span><\/h2><h2 class=\"wp-block-heading\" id=\"h-15-o-advento-do-deus-cristao-o-deus-maximo-ate-agora-alcancado-trouxe-tambem-ao-mundo-o-maximo-de-sentimento-de-culpa-genealogia-da-moral-1887\"><span class=\"ez-toc-section\" id=\"15-%E2%80%94-%E2%80%9CO-advento-do-deus-cristao-o-deus-maximo-ate-agora-alcancado-trouxe-tambem-ao-mundo-o-maximo-de-sentimento-de-culpa%E2%80%9D-%E2%80%94-Genealogia-da-Moral-1887\"><\/span>15 &mdash; &ldquo;O advento do deus crist&atilde;o, o deus m&aacute;ximo at&eacute; agora alcan&ccedil;ado, trouxe tamb&eacute;m ao mundo o m&aacute;ximo de sentimento de culpa&rdquo;, &mdash; Genealogia da Moral, 1887.<span class=\"ez-toc-section-end\"><\/span><\/h2><p class=\"wp-block-paragraph\">A obra conta com tr&ecirc;s ensaios que abordam a origem dos conceitos morais humanos, com perspectivas variadas. No livro h&aacute; a cr&iacute;tica que aponta a evolu&ccedil;&atilde;o da &eacute;tica como uma hist&oacute;ria da crueldade, e <span id=\"urn:enhancement-1ad9278d-7665-4f7a-9b05-495a6c4cfe58\" class=\"textannotation disambiguated wl-person\" itemid=\"https:\/\/data.wordlift.io\/wl110249\/entity\/nietzsche\">Nietzsche<\/span> critica muitos dos temas citados acima no que para muitos &eacute; a obra prima do autor.<\/p><h2 class=\"wp-block-heading\" id=\"h-16-quem-luta-contra-monstros-deve-garantir-que-no-processo-ele-nao-se-torne-um-monstro-e-se-voce-olhar-o-suficiente-para-um-abismo-o-abismo-voltara-a-olhar-para-voce-alem-do-bem-e-do-mal-1886\"><span class=\"ez-toc-section\" id=\"16-%E2%80%94-%E2%80%9CQuem-luta-contra-monstros-deve-garantir-que-no-processo-ele-nao-se-torne-um-monstro-E-se-voce-olhar-o-suficiente-para-um-abismo-o-abismo-voltara-a-olhar-para-voce%E2%80%9D-%E2%80%94-Alem-do-bem-e-do-mal-1886\"><\/span>16 &mdash; &ldquo;Quem luta contra monstros deve garantir que, no processo, ele n&atilde;o se torne um monstro. E se voc&ecirc; olhar o suficiente para um abismo, o abismo voltar&aacute; a olhar para voc&ecirc;.&rdquo; &mdash; <span id=\"urn:enhancement-c3646ab1-d023-4fcd-a880-4baefcbc0fd1\" class=\"textannotation disambiguated wl-creative-work\" itemid=\"https:\/\/data.wordlift.io\/wl110249\/entity\/alem-do-bem-e-do-mal\">Al&eacute;m do bem e do mal<\/span>, 1886.<span class=\"ez-toc-section-end\"><\/span><\/h2><h2 class=\"wp-block-heading\" id=\"h-17-nao-estou-chateado-porque-voce-mentiu-para-mim-estou-chateado-porque-a-partir-de-agora-nao-posso-mais-acreditar-em-voce-alem-do-bem-e-do-mal-1886\"><span class=\"ez-toc-section\" id=\"17-%E2%80%94-%E2%80%9CNao-estou-chateado-porque-voce-mentiu-para-mim-Estou-chateado-porque-a-partir-de-agora-nao-posso-mais-acreditar-em-voce%E2%80%9D-%E2%80%94-Alem-do-bem-e-do-mal-1886\"><\/span>17 &mdash; &ldquo;N&atilde;o estou chateado porque voc&ecirc; mentiu para mim. Estou chateado porque, a partir de agora, n&atilde;o posso mais acreditar em voc&ecirc;.&rdquo; &mdash; <span id=\"urn:enhancement-47d58640-88c3-4f2b-96e8-cf0408cece85\" class=\"textannotation disambiguated wl-creative-work\" itemid=\"https:\/\/data.wordlift.io\/wl110249\/entity\/alem-do-bem-e-do-mal\">Al&eacute;m do bem e do mal<\/span>, 1886.<span class=\"ez-toc-section-end\"><\/span><\/h2><h2 class=\"wp-block-heading\" id=\"h-18-o-homem-e-definido-como-um-ser-que-evolui-como-o-animal-e-imaturo-por-excelencia-assim-falou-zaratustra-1883\"><span class=\"ez-toc-section\" id=\"18-%E2%80%94-%E2%80%9CO-homem-e-definido-como-um-ser-que-evolui-como-o-animal-e-imaturo-por-excelencia%E2%80%9D-%E2%80%94-Assim-Falou-Zaratustra-1883\"><\/span>18 &mdash; &ldquo;O homem &eacute; definido como um ser que evolui, como o animal &eacute; imaturo por excel&ecirc;ncia.&rdquo; &mdash; Assim Falou Zaratustra, 1883.<span class=\"ez-toc-section-end\"><\/span><\/h2><p class=\"wp-block-paragraph\"><a href=\"https:\/\/vestibulares.estrategia.com\/portal\/materias\/redacao\/13-citacoes-sobre-trabalho-para-usar-na-redacao\/\">+ 13 cita&ccedil;&otilde;es sobre trabalho para usar na reda&ccedil;&atilde;o<\/a><br><a href=\"https:\/\/vestibulares.estrategia.com\/portal\/materias\/redacao\/citacoes-filosoficas-redacao\/\">+ 9 cita&ccedil;&otilde;es filos&oacute;ficas para usar na reda&ccedil;&atilde;o<\/a><\/p><h2 class=\"wp-block-heading\" id=\"h-19-a-ciencia-inteira-ganhou-continuidade-e-estabilidade-apenas-quando-a-arte-da-boa-leitura-isto-e-a-filologia-atingiu-seu-apogeu-humano-demasiado-humano-i-1878\"><span class=\"ez-toc-section\" id=\"19-%E2%80%94-%E2%80%9CA-ciencia-inteira-ganhou-continuidade-e-estabilidade-apenas-quando-a-arte-da-boa-leitura-isto-e-a-filologia-atingiu-seu-apogeu%E2%80%9D-%E2%80%94-Humano-Demasiado-Humano-I-1878\"><\/span>19 &mdash; &ldquo;A ci&ecirc;ncia inteira ganhou continuidade e estabilidade apenas quando a arte da boa leitura, isto &eacute;, a filologia, atingiu seu apogeu.&rdquo; &mdash; Humano Demasiado Humano I, 1878.<span class=\"ez-toc-section-end\"><\/span><\/h2><h2 class=\"wp-block-heading\" id=\"h-20-o-corpo-flexivel-e-convincente-o-dancarino-cujo-simbolo-e-epitome-e-a-alma-que-se-compraz-em-si-o-prazer-consigo-desses-corpos-e-almas-chama-a-si-mesmo-virtude-assim-falou-zaratustra-1883\"><span class=\"ez-toc-section\" id=\"20-%E2%80%94-%E2%80%9CO-corpo-flexivel-e-convincente-o-dancarino-cujo-simbolo-e-epitome-e-a-alma-que-se-compraz-em-si-O-prazer-consigo-desses-corpos-e-almas-chama-a-si-mesmo-%E2%80%98virtude%E2%80%9D-%E2%80%94-Assim-Falou-Zaratustra-1883\"><\/span>20 &mdash; &ldquo;O corpo flex&iacute;vel e convincente, o dan&ccedil;arino cujo s&iacute;mbolo e ep&iacute;tome &eacute; a alma que se compraz em si. O prazer consigo desses corpos e almas chama a si mesmo &lsquo;virtude&rsquo;.&rdquo; &mdash; Assim Falou Zaratustra, 1883.<span class=\"ez-toc-section-end\"><\/span><\/h2><h2 class=\"wp-block-heading\" id=\"h-21-nao-se-odeia-quando-pouco-se-preza-odeia-se-so-o-que-esta-a-nossa-altura-ou-e-superior-a-nos-alem-do-bem-e-do-mal-1886\"><span class=\"ez-toc-section\" id=\"21-%E2%80%94-%E2%80%9CNao-se-odeia-quando-pouco-se-preza-odeia-se-so-o-que-esta-a-nossa-altura-ou-e-superior-a-nos%E2%80%9D-%E2%80%94-Alem-do-bem-e-do-mal-1886\"><\/span>21 &mdash; &ldquo;N&atilde;o se odeia quando pouco se preza, odeia-se s&oacute; o que est&aacute; &agrave; nossa altura ou &eacute; superior a n&oacute;s.&rdquo; &mdash; <span id=\"urn:enhancement-6965c22c-6219-4b79-89c9-d6dc9d2db527\" class=\"textannotation disambiguated wl-creative-work\" itemid=\"https:\/\/data.wordlift.io\/wl110249\/entity\/alem-do-bem-e-do-mal\">Al&eacute;m do bem e do mal<\/span>, 1886.<span class=\"ez-toc-section-end\"><\/span><\/h2><h2 class=\"wp-block-heading\" id=\"h-confira-os-cursos-do-estrategia-vestibulares\"><span class=\"ez-toc-section\" id=\"Confira-os-cursos-do-Estrategia-Vestibulares\"><\/span>Confira os cursos do Estrat&eacute;gia Vestibulares<span class=\"ez-toc-section-end\"><\/span><\/h2><p class=\"wp-block-paragraph\">No Estrat&eacute;gia Vestibulares voc&ecirc; tem acesso a cursos diversos que te ajudam a conquistar a sua vaga nos principais vestibulares e institui&ccedil;&otilde;es de ensino do pa&iacute;s. Confira nossos materiais exclusivos, servi&ccedil;os variados e tenha o melhor suporte poss&iacute;vel at&eacute; a sua aprova&ccedil;&atilde;o.<\/p><p class=\"wp-block-paragraph\"><a id=\"cta\" class=\"cta-imagem\" href=\"https:\/\/vestibulares.estrategia.com\/cursos\/\" target=\"blank\">\n                <img decoding=\"async\" width=\"100%\" src=\"https:\/\/vestibulares.estrategia.com\/portal\/wp-content\/uploads\/2021\/12\/EV2.jpg\" alt=\"CTA - Estrat\u00e9gia Vestibulares 2\" title=\"CTA - Estrat\u00e9gia Vestibulares 2\">\n        <\/a>\n\n\n\n\n<\/p><\/p>\n","protected":false},"excerpt":{"rendered":"Friedrich Nietzsche \u00e9 considerado um dos maiores fil\u00f3sofos da hist\u00f3ria, discutindo temas como moral, religi\u00e3o e conduta humana; confira algumas cita\u00e7\u00f5es abaixo\n","protected":false},"author":43,"featured_media":109858,"comment_status":"closed","ping_status":"closed","sticky":false,"template":"","format":"standard","meta":{"footnotes":""},"categories":[2],"tags":[],"class_list":["post-109853","post","type-post","status-publish","format-standard","has-post-thumbnail","category-redacao"],"acf":[],"yoast_head":"<!-- This site is optimized with the Yoast SEO Premium plugin v25.9 (Yoast SEO v28.2) - https:\/\/yoast.com\/product\/yoast-seo-premium-wordpress\/ -->\n<title>21 cita\u00e7\u00f5es de Friedrich Nietzsche para usar na reda\u00e7\u00e3o<\/title>\n<meta name=\"description\" content=\"Friedrich Nietzsche \u00e9 considerado um dos maiores fil\u00f3sofos da hist\u00f3ria, com in\u00fameras contribui\u00e7\u00f5es \u00e0 Filosofia. Confira cita\u00e7\u00f5es do autor.\" \/>\n<meta name=\"robots\" content=\"index, follow, max-snippet:-1, max-image-preview:large, max-video-preview:-1\" \/>\n<link rel=\"canonical\" href=\"https:\/\/vestibulares.estrategia.com\/portal\/materias\/redacao\/21-citacoes-de-friedrich-nietzsche-para-usar-na-redacao\/\" \/>\n<meta property=\"og:locale\" content=\"pt_BR\" \/>\n<meta property=\"og:type\" content=\"article\" \/>\n<meta property=\"og:title\" content=\"21 cita\u00e7\u00f5es de Friedrich Nietzsche para usar na reda\u00e7\u00e3o\" \/>\n<meta property=\"og:description\" content=\"Friedrich Nietzsche \u00e9 considerado um dos maiores fil\u00f3sofos da hist\u00f3ria, com in\u00fameras contribui\u00e7\u00f5es \u00e0 Filosofia. Confira cita\u00e7\u00f5es do autor.\" \/>\n<meta property=\"og:url\" content=\"https:\/\/vestibulares.estrategia.com\/portal\/materias\/redacao\/21-citacoes-de-friedrich-nietzsche-para-usar-na-redacao\/\" \/>\n<meta property=\"og:site_name\" content=\"Estrat\u00e9gia Vestibulares\" \/>\n<meta property=\"article:publisher\" content=\"https:\/\/facebook.com\/estrategiavestibulares\" \/>\n<meta property=\"article:published_time\" content=\"2023-12-26T20:47:32+00:00\" \/>\n<meta property=\"article:modified_time\" content=\"2025-10-29T14:34:50+00:00\" \/>\n<meta property=\"og:image\" content=\"https:\/\/vestibulares.estrategia.com\/portal\/wp-content\/uploads\/2023\/12\/shutterstock_1219455733-1-1.jpg\" \/>\n\t<meta property=\"og:image:width\" content=\"1300\" \/>\n\t<meta property=\"og:image:height\" content=\"861\" \/>\n\t<meta property=\"og:image:type\" content=\"image\/jpeg\" \/>\n<meta name=\"author\" content=\"Leonardo Del Sant\" \/>\n<meta name=\"twitter:card\" content=\"summary_large_image\" \/>\n<meta name=\"twitter:creator\" content=\"@Estrategiavest\" \/>\n<meta name=\"twitter:site\" content=\"@Estrategiavest\" \/>\n<meta name=\"twitter:label1\" content=\"Escrito por\" \/>\n\t<meta name=\"twitter:data1\" content=\"Leonardo Del Sant\" \/>\n\t<meta name=\"twitter:label2\" content=\"Est. tempo de leitura\" \/>\n\t<meta name=\"twitter:data2\" content=\"6 minutos\" \/>\n<script type=\"application\/ld+json\" class=\"yoast-schema-graph\">{\"@context\":\"https:\\\/\\\/schema.org\",\"@graph\":[{\"@type\":\"Article\",\"@id\":\"https:\\\/\\\/vestibulares.estrategia.com\\\/portal\\\/materias\\\/redacao\\\/21-citacoes-de-friedrich-nietzsche-para-usar-na-redacao\\\/#article\",\"isPartOf\":{\"@id\":\"https:\\\/\\\/vestibulares.estrategia.com\\\/portal\\\/materias\\\/redacao\\\/21-citacoes-de-friedrich-nietzsche-para-usar-na-redacao\\\/\"},\"author\":{\"name\":\"Leonardo Del Sant\",\"@id\":\"https:\\\/\\\/vestibulares.estrategia.com\\\/portal\\\/#\\\/schema\\\/person\\\/95532619fccae669187ec84703047908\"},\"headline\":\"21 cita\u00e7\u00f5es de Friedrich Nietzsche para usar na reda\u00e7\u00e3o\",\"datePublished\":\"2023-12-26T20:47:32+00:00\",\"dateModified\":\"2025-10-29T14:34:50+00:00\",\"mainEntityOfPage\":{\"@id\":\"https:\\\/\\\/vestibulares.estrategia.com\\\/portal\\\/materias\\\/redacao\\\/21-citacoes-de-friedrich-nietzsche-para-usar-na-redacao\\\/\"},\"wordCount\":1252,\"publisher\":{\"@id\":\"https:\\\/\\\/vestibulares.estrategia.com\\\/portal\\\/#organization\"},\"image\":{\"@id\":\"https:\\\/\\\/vestibulares.estrategia.com\\\/portal\\\/materias\\\/redacao\\\/21-citacoes-de-friedrich-nietzsche-para-usar-na-redacao\\\/#primaryimage\"},\"thumbnailUrl\":\"https:\\\/\\\/vestibulares.estrategia.com\\\/portal\\\/wp-content\\\/uploads\\\/2023\\\/12\\\/shutterstock_1219455733-1-1.jpg\",\"articleSection\":[\"Reda\u00e7\u00e3o\"],\"inLanguage\":\"pt-BR\"},{\"@type\":\"WebPage\",\"@id\":\"https:\\\/\\\/vestibulares.estrategia.com\\\/portal\\\/materias\\\/redacao\\\/21-citacoes-de-friedrich-nietzsche-para-usar-na-redacao\\\/\",\"url\":\"https:\\\/\\\/vestibulares.estrategia.com\\\/portal\\\/materias\\\/redacao\\\/21-citacoes-de-friedrich-nietzsche-para-usar-na-redacao\\\/\",\"name\":\"21 cita\u00e7\u00f5es de Friedrich Nietzsche para usar na reda\u00e7\u00e3o\",\"isPartOf\":{\"@id\":\"https:\\\/\\\/vestibulares.estrategia.com\\\/portal\\\/#website\"},\"primaryImageOfPage\":{\"@id\":\"https:\\\/\\\/vestibulares.estrategia.com\\\/portal\\\/materias\\\/redacao\\\/21-citacoes-de-friedrich-nietzsche-para-usar-na-redacao\\\/#primaryimage\"},\"image\":{\"@id\":\"https:\\\/\\\/vestibulares.estrategia.com\\\/portal\\\/materias\\\/redacao\\\/21-citacoes-de-friedrich-nietzsche-para-usar-na-redacao\\\/#primaryimage\"},\"thumbnailUrl\":\"https:\\\/\\\/vestibulares.estrategia.com\\\/portal\\\/wp-content\\\/uploads\\\/2023\\\/12\\\/shutterstock_1219455733-1-1.jpg\",\"datePublished\":\"2023-12-26T20:47:32+00:00\",\"dateModified\":\"2025-10-29T14:34:50+00:00\",\"description\":\"Friedrich Nietzsche \u00e9 considerado um dos maiores fil\u00f3sofos da hist\u00f3ria, com in\u00fameras contribui\u00e7\u00f5es \u00e0 Filosofia. Confira cita\u00e7\u00f5es do autor.\",\"breadcrumb\":{\"@id\":\"https:\\\/\\\/vestibulares.estrategia.com\\\/portal\\\/materias\\\/redacao\\\/21-citacoes-de-friedrich-nietzsche-para-usar-na-redacao\\\/#breadcrumb\"},\"inLanguage\":\"pt-BR\",\"potentialAction\":[{\"@type\":\"ReadAction\",\"target\":[\"https:\\\/\\\/vestibulares.estrategia.com\\\/portal\\\/materias\\\/redacao\\\/21-citacoes-de-friedrich-nietzsche-para-usar-na-redacao\\\/\"]}]},{\"@type\":\"ImageObject\",\"inLanguage\":\"pt-BR\",\"@id\":\"https:\\\/\\\/vestibulares.estrategia.com\\\/portal\\\/materias\\\/redacao\\\/21-citacoes-de-friedrich-nietzsche-para-usar-na-redacao\\\/#primaryimage\",\"url\":\"https:\\\/\\\/vestibulares.estrategia.com\\\/portal\\\/wp-content\\\/uploads\\\/2023\\\/12\\\/shutterstock_1219455733-1-1.jpg\",\"contentUrl\":\"https:\\\/\\\/vestibulares.estrategia.com\\\/portal\\\/wp-content\\\/uploads\\\/2023\\\/12\\\/shutterstock_1219455733-1-1.jpg\",\"width\":1300,\"height\":861,\"caption\":\"Friedrich-Nietzsche-cita\u00e7\u00f5es-fil\u00f3sofo-reda\u00e7\u00e3o-vestibular-enem\"},{\"@type\":\"BreadcrumbList\",\"@id\":\"https:\\\/\\\/vestibulares.estrategia.com\\\/portal\\\/materias\\\/redacao\\\/21-citacoes-de-friedrich-nietzsche-para-usar-na-redacao\\\/#breadcrumb\",\"itemListElement\":[{\"@type\":\"ListItem\",\"position\":1,\"name\":\"Home\",\"item\":\"https:\\\/\\\/vestibulares.estrategia.com\\\/portal\\\/\"},{\"@type\":\"ListItem\",\"position\":2,\"name\":\"Mat\u00e9rias\",\"item\":\"https:\\\/\\\/vestibulares.estrategia.com\\\/portal\\\/materias\\\/\"},{\"@type\":\"ListItem\",\"position\":3,\"name\":\"Reda\u00e7\u00e3o\",\"item\":\"https:\\\/\\\/vestibulares.estrategia.com\\\/portal\\\/materias\\\/redacao\\\/\"},{\"@type\":\"ListItem\",\"position\":4,\"name\":\"21 cita\u00e7\u00f5es de Friedrich Nietzsche para usar na reda\u00e7\u00e3o\"}]},{\"@type\":\"WebSite\",\"@id\":\"https:\\\/\\\/vestibulares.estrategia.com\\\/portal\\\/#website\",\"url\":\"https:\\\/\\\/vestibulares.estrategia.com\\\/portal\\\/\",\"name\":\"Estrat\u00e9gia Vestibulares\",\"description\":\"\",\"publisher\":{\"@id\":\"https:\\\/\\\/vestibulares.estrategia.com\\\/portal\\\/#organization\"},\"potentialAction\":[{\"@type\":\"SearchAction\",\"target\":{\"@type\":\"EntryPoint\",\"urlTemplate\":\"https:\\\/\\\/vestibulares.estrategia.com\\\/portal\\\/?s={search_term_string}\"},\"query-input\":{\"@type\":\"PropertyValueSpecification\",\"valueRequired\":true,\"valueName\":\"search_term_string\"}}],\"inLanguage\":\"pt-BR\"},{\"@type\":\"Organization\",\"@id\":\"https:\\\/\\\/vestibulares.estrategia.com\\\/portal\\\/#organization\",\"name\":\"Estrat\u00e9gia Vestibulares\",\"url\":\"https:\\\/\\\/vestibulares.estrategia.com\\\/portal\\\/\",\"logo\":{\"@type\":\"ImageObject\",\"inLanguage\":\"pt-BR\",\"@id\":\"https:\\\/\\\/vestibulares.estrategia.com\\\/portal\\\/#\\\/schema\\\/logo\\\/image\\\/\",\"url\":\"https:\\\/\\\/vestibulares.estrategia.com\\\/portal\\\/wp-content\\\/uploads\\\/2021\\\/06\\\/Logo-Vestibulares@4x.png\",\"contentUrl\":\"https:\\\/\\\/vestibulares.estrategia.com\\\/portal\\\/wp-content\\\/uploads\\\/2021\\\/06\\\/Logo-Vestibulares@4x.png\",\"width\":250,\"height\":66,\"caption\":\"Estrat\u00e9gia Vestibulares\"},\"image\":{\"@id\":\"https:\\\/\\\/vestibulares.estrategia.com\\\/portal\\\/#\\\/schema\\\/logo\\\/image\\\/\"},\"sameAs\":[\"https:\\\/\\\/facebook.com\\\/estrategiavestibulares\",\"https:\\\/\\\/x.com\\\/Estrategiavest\",\"https:\\\/\\\/www.instagram.com\\\/estrategiavestibulares\",\"https:\\\/\\\/www.youtube.com\\\/channel\\\/UCGWdZy8ULI-7_5GrABa4vNA\"]},{\"@type\":\"Person\",\"@id\":\"https:\\\/\\\/vestibulares.estrategia.com\\\/portal\\\/#\\\/schema\\\/person\\\/95532619fccae669187ec84703047908\",\"name\":\"Leonardo Del Sant\",\"image\":{\"@type\":\"ImageObject\",\"inLanguage\":\"pt-BR\",\"@id\":\"https:\\\/\\\/vestibulares.estrategia.com\\\/portal\\\/wp-content\\\/uploads\\\/2026\\\/02\\\/1000082484-150x150.jpeg\",\"url\":\"https:\\\/\\\/vestibulares.estrategia.com\\\/portal\\\/wp-content\\\/uploads\\\/2026\\\/02\\\/1000082484-150x150.jpeg\",\"contentUrl\":\"https:\\\/\\\/vestibulares.estrategia.com\\\/portal\\\/wp-content\\\/uploads\\\/2026\\\/02\\\/1000082484-150x150.jpeg\",\"caption\":\"Leonardo Del Sant\"},\"description\":\"Coordenador de Jornalismo do Estrat\u00e9gia Vestibulares. Trabalhou com escrita para SEO em sites das \u00e1reas de economia, varejo, sa\u00fade, tecnologia e alimenta\u00e7\u00e3o. Formado em jornalismo pela Unesp\\\/Bauru.\",\"url\":\"https:\\\/\\\/vestibulares.estrategia.com\\\/portal\\\/author\\\/leonardo-del-sant\\\/\"}]}<\/script>\n<!-- \/ Yoast SEO Premium plugin. -->","yoast_head_json":{"title":"21 cita\u00e7\u00f5es de Friedrich Nietzsche para usar na reda\u00e7\u00e3o","description":"Friedrich Nietzsche \u00e9 considerado um dos maiores fil\u00f3sofos da hist\u00f3ria, com in\u00fameras contribui\u00e7\u00f5es \u00e0 Filosofia. Confira cita\u00e7\u00f5es do autor.","robots":{"index":"index","follow":"follow","max-snippet":"max-snippet:-1","max-image-preview":"max-image-preview:large","max-video-preview":"max-video-preview:-1"},"canonical":"https:\/\/vestibulares.estrategia.com\/portal\/materias\/redacao\/21-citacoes-de-friedrich-nietzsche-para-usar-na-redacao\/","og_locale":"pt_BR","og_type":"article","og_title":"21 cita\u00e7\u00f5es de Friedrich Nietzsche para usar na reda\u00e7\u00e3o","og_description":"Friedrich Nietzsche \u00e9 considerado um dos maiores fil\u00f3sofos da hist\u00f3ria, com in\u00fameras contribui\u00e7\u00f5es \u00e0 Filosofia. Confira cita\u00e7\u00f5es do autor.","og_url":"https:\/\/vestibulares.estrategia.com\/portal\/materias\/redacao\/21-citacoes-de-friedrich-nietzsche-para-usar-na-redacao\/","og_site_name":"Estrat\u00e9gia Vestibulares","article_publisher":"https:\/\/facebook.com\/estrategiavestibulares","article_published_time":"2023-12-26T20:47:32+00:00","article_modified_time":"2025-10-29T14:34:50+00:00","og_image":[{"width":1300,"height":861,"url":"https:\/\/vestibulares.estrategia.com\/portal\/wp-content\/uploads\/2023\/12\/shutterstock_1219455733-1-1.jpg","type":"image\/jpeg"}],"author":"Leonardo Del Sant","twitter_card":"summary_large_image","twitter_creator":"@Estrategiavest","twitter_site":"@Estrategiavest","twitter_misc":{"Escrito por":"Leonardo Del Sant","Est. tempo de leitura":"6 minutos"},"schema":{"@context":"https:\/\/schema.org","@graph":[{"@type":"Article","@id":"https:\/\/vestibulares.estrategia.com\/portal\/materias\/redacao\/21-citacoes-de-friedrich-nietzsche-para-usar-na-redacao\/#article","isPartOf":{"@id":"https:\/\/vestibulares.estrategia.com\/portal\/materias\/redacao\/21-citacoes-de-friedrich-nietzsche-para-usar-na-redacao\/"},"author":{"name":"Leonardo Del Sant","@id":"https:\/\/vestibulares.estrategia.com\/portal\/#\/schema\/person\/95532619fccae669187ec84703047908"},"headline":"21 cita\u00e7\u00f5es de Friedrich Nietzsche para usar na reda\u00e7\u00e3o","datePublished":"2023-12-26T20:47:32+00:00","dateModified":"2025-10-29T14:34:50+00:00","mainEntityOfPage":{"@id":"https:\/\/vestibulares.estrategia.com\/portal\/materias\/redacao\/21-citacoes-de-friedrich-nietzsche-para-usar-na-redacao\/"},"wordCount":1252,"publisher":{"@id":"https:\/\/vestibulares.estrategia.com\/portal\/#organization"},"image":{"@id":"https:\/\/vestibulares.estrategia.com\/portal\/materias\/redacao\/21-citacoes-de-friedrich-nietzsche-para-usar-na-redacao\/#primaryimage"},"thumbnailUrl":"https:\/\/vestibulares.estrategia.com\/portal\/wp-content\/uploads\/2023\/12\/shutterstock_1219455733-1-1.jpg","articleSection":["Reda\u00e7\u00e3o"],"inLanguage":"pt-BR"},{"@type":"WebPage","@id":"https:\/\/vestibulares.estrategia.com\/portal\/materias\/redacao\/21-citacoes-de-friedrich-nietzsche-para-usar-na-redacao\/","url":"https:\/\/vestibulares.estrategia.com\/portal\/materias\/redacao\/21-citacoes-de-friedrich-nietzsche-para-usar-na-redacao\/","name":"21 cita\u00e7\u00f5es de Friedrich Nietzsche para usar na reda\u00e7\u00e3o","isPartOf":{"@id":"https:\/\/vestibulares.estrategia.com\/portal\/#website"},"primaryImageOfPage":{"@id":"https:\/\/vestibulares.estrategia.com\/portal\/materias\/redacao\/21-citacoes-de-friedrich-nietzsche-para-usar-na-redacao\/#primaryimage"},"image":{"@id":"https:\/\/vestibulares.estrategia.com\/portal\/materias\/redacao\/21-citacoes-de-friedrich-nietzsche-para-usar-na-redacao\/#primaryimage"},"thumbnailUrl":"https:\/\/vestibulares.estrategia.com\/portal\/wp-content\/uploads\/2023\/12\/shutterstock_1219455733-1-1.jpg","datePublished":"2023-12-26T20:47:32+00:00","dateModified":"2025-10-29T14:34:50+00:00","description":"Friedrich Nietzsche \u00e9 considerado um dos maiores fil\u00f3sofos da hist\u00f3ria, com in\u00fameras contribui\u00e7\u00f5es \u00e0 Filosofia. Confira cita\u00e7\u00f5es do autor.","breadcrumb":{"@id":"https:\/\/vestibulares.estrategia.com\/portal\/materias\/redacao\/21-citacoes-de-friedrich-nietzsche-para-usar-na-redacao\/#breadcrumb"},"inLanguage":"pt-BR","potentialAction":[{"@type":"ReadAction","target":["https:\/\/vestibulares.estrategia.com\/portal\/materias\/redacao\/21-citacoes-de-friedrich-nietzsche-para-usar-na-redacao\/"]}]},{"@type":"ImageObject","inLanguage":"pt-BR","@id":"https:\/\/vestibulares.estrategia.com\/portal\/materias\/redacao\/21-citacoes-de-friedrich-nietzsche-para-usar-na-redacao\/#primaryimage","url":"https:\/\/vestibulares.estrategia.com\/portal\/wp-content\/uploads\/2023\/12\/shutterstock_1219455733-1-1.jpg","contentUrl":"https:\/\/vestibulares.estrategia.com\/portal\/wp-content\/uploads\/2023\/12\/shutterstock_1219455733-1-1.jpg","width":1300,"height":861,"caption":"Friedrich-Nietzsche-cita\u00e7\u00f5es-fil\u00f3sofo-reda\u00e7\u00e3o-vestibular-enem"},{"@type":"BreadcrumbList","@id":"https:\/\/vestibulares.estrategia.com\/portal\/materias\/redacao\/21-citacoes-de-friedrich-nietzsche-para-usar-na-redacao\/#breadcrumb","itemListElement":[{"@type":"ListItem","position":1,"name":"Home","item":"https:\/\/vestibulares.estrategia.com\/portal\/"},{"@type":"ListItem","position":2,"name":"Mat\u00e9rias","item":"https:\/\/vestibulares.estrategia.com\/portal\/materias\/"},{"@type":"ListItem","position":3,"name":"Reda\u00e7\u00e3o","item":"https:\/\/vestibulares.estrategia.com\/portal\/materias\/redacao\/"},{"@type":"ListItem","position":4,"name":"21 cita\u00e7\u00f5es de Friedrich Nietzsche para usar na reda\u00e7\u00e3o"}]},{"@type":"WebSite","@id":"https:\/\/vestibulares.estrategia.com\/portal\/#website","url":"https:\/\/vestibulares.estrategia.com\/portal\/","name":"Estrat\u00e9gia Vestibulares","description":"","publisher":{"@id":"https:\/\/vestibulares.estrategia.com\/portal\/#organization"},"potentialAction":[{"@type":"SearchAction","target":{"@type":"EntryPoint","urlTemplate":"https:\/\/vestibulares.estrategia.com\/portal\/?s={search_term_string}"},"query-input":{"@type":"PropertyValueSpecification","valueRequired":true,"valueName":"search_term_string"}}],"inLanguage":"pt-BR"},{"@type":"Organization","@id":"https:\/\/vestibulares.estrategia.com\/portal\/#organization","name":"Estrat\u00e9gia Vestibulares","url":"https:\/\/vestibulares.estrategia.com\/portal\/","logo":{"@type":"ImageObject","inLanguage":"pt-BR","@id":"https:\/\/vestibulares.estrategia.com\/portal\/#\/schema\/logo\/image\/","url":"https:\/\/vestibulares.estrategia.com\/portal\/wp-content\/uploads\/2021\/06\/Logo-Vestibulares@4x.png","contentUrl":"https:\/\/vestibulares.estrategia.com\/portal\/wp-content\/uploads\/2021\/06\/Logo-Vestibulares@4x.png","width":250,"height":66,"caption":"Estrat\u00e9gia Vestibulares"},"image":{"@id":"https:\/\/vestibulares.estrategia.com\/portal\/#\/schema\/logo\/image\/"},"sameAs":["https:\/\/facebook.com\/estrategiavestibulares","https:\/\/x.com\/Estrategiavest","https:\/\/www.instagram.com\/estrategiavestibulares","https:\/\/www.youtube.com\/channel\/UCGWdZy8ULI-7_5GrABa4vNA"]},{"@type":"Person","@id":"https:\/\/vestibulares.estrategia.com\/portal\/#\/schema\/person\/95532619fccae669187ec84703047908","name":"Leonardo Del Sant","image":{"@type":"ImageObject","inLanguage":"pt-BR","@id":"https:\/\/vestibulares.estrategia.com\/portal\/wp-content\/uploads\/2026\/02\/1000082484-150x150.jpeg","url":"https:\/\/vestibulares.estrategia.com\/portal\/wp-content\/uploads\/2026\/02\/1000082484-150x150.jpeg","contentUrl":"https:\/\/vestibulares.estrategia.com\/portal\/wp-content\/uploads\/2026\/02\/1000082484-150x150.jpeg","caption":"Leonardo Del Sant"},"description":"Coordenador de Jornalismo do Estrat\u00e9gia Vestibulares. Trabalhou com escrita para SEO em sites das \u00e1reas de economia, varejo, sa\u00fade, tecnologia e alimenta\u00e7\u00e3o. Formado em jornalismo pela Unesp\/Bauru.","url":"https:\/\/vestibulares.estrategia.com\/portal\/author\/leonardo-del-sant\/"}]}},"_links":{"self":[{"href":"https:\/\/vestibulares.estrategia.com\/portal\/wp-json\/wp\/v2\/posts\/109853","targetHints":{"allow":["GET"]}}],"collection":[{"href":"https:\/\/vestibulares.estrategia.com\/portal\/wp-json\/wp\/v2\/posts"}],"about":[{"href":"https:\/\/vestibulares.estrategia.com\/portal\/wp-json\/wp\/v2\/types\/post"}],"author":[{"embeddable":true,"href":"https:\/\/vestibulares.estrategia.com\/portal\/wp-json\/wp\/v2\/users\/43"}],"replies":[{"embeddable":true,"href":"https:\/\/vestibulares.estrategia.com\/portal\/wp-json\/wp\/v2\/comments?post=109853"}],"version-history":[{"count":7,"href":"https:\/\/vestibulares.estrategia.com\/portal\/wp-json\/wp\/v2\/posts\/109853\/revisions"}],"predecessor-version":[{"id":147359,"href":"https:\/\/vestibulares.estrategia.com\/portal\/wp-json\/wp\/v2\/posts\/109853\/revisions\/147359"}],"wp:featuredmedia":[{"embeddable":true,"href":"https:\/\/vestibulares.estrategia.com\/portal\/wp-json\/wp\/v2\/media\/109858"}],"wp:attachment":[{"href":"https:\/\/vestibulares.estrategia.com\/portal\/wp-json\/wp\/v2\/media?parent=109853"}],"wp:term":[{"taxonomy":"category","embeddable":true,"href":"https:\/\/vestibulares.estrategia.com\/portal\/wp-json\/wp\/v2\/categories?post=109853"},{"taxonomy":"post_tag","embeddable":true,"href":"https:\/\/vestibulares.estrategia.com\/portal\/wp-json\/wp\/v2\/tags?post=109853"}],"curies":[{"name":"wp","href":"https:\/\/api.w.org\/{rel}","templated":true}]}}