{"id":109955,"date":"2023-12-31T15:00:00","date_gmt":"2023-12-31T18:00:00","guid":{"rendered":"https:\/\/vestibulares.estrategia.com\/portal\/?p=109955"},"modified":"2024-01-23T10:28:26","modified_gmt":"2024-01-23T13:28:26","slug":"sociologia-classica","status":"publish","type":"post","link":"https:\/\/vestibulares.estrategia.com\/portal\/materias\/sociologia\/sociologia-classica\/","title":{"rendered":"Sociologia cl\u00e1ssica: grandes pensadores e suas teorias"},"content":{"rendered":"<p class=\"wp-block-paragraph\"><span id=\"urn:enhancement-55a0a91a-0634-4362-8512-2c16055d68d3\" class=\"textannotation disambiguated wl-thing\" itemid=\"https:\/\/data.wordlift.io\/wl110249\/entity\/sociologia\">Sociologia<\/span> cl&aacute;ssica &eacute; a nomenclatura utilizada para designar os estudos sobre a sociedade desenvolvidos pelos primeiros pensadores do ramo: Auguste Comte, como idealizador dessas pesquisas, <span id=\"urn:enhancement-4da29a83-ddbc-4634-a583-5a41d0404a23\" class=\"textannotation disambiguated wl-person\" itemid=\"https:\/\/data.wordlift.io\/wl110249\/entity\/emile-durkheim\">&Eacute;mile Durkheim<\/span>, que consolidou os dados sociol&oacute;gicos como ci&ecirc;ncia, al&eacute;m de <span id=\"urn:enhancement-ee4a0382-b3ba-4700-8dc9-da0ff75f5585\" class=\"textannotation disambiguated wl-person\" itemid=\"https:\/\/data.wordlift.io\/wl110249\/entity\/max-weber\">Max Weber<\/span> e <span id=\"urn:enhancement-5e01d948-c232-4184-8b89-4e695679f8d0\" class=\"textannotation disambiguated wl-person\" itemid=\"https:\/\/data.wordlift.io\/wl110249\/entity\/karl-marx\">Karl Marx<\/span>, que discorreram sobre as rela&ccedil;&otilde;es individuais e coletivas ao longo da <span id=\"urn:enhancement-a7608c2a-8fba-42ab-a400-754770bcff92\" class=\"textannotation disambiguated wl-thing\" itemid=\"https:\/\/data.wordlift.io\/wl110249\/entity\/historia\">hist&oacute;ria<\/span>.<p class=\"wp-block-paragraph\">Neste artigo, voc&ecirc; encontra um resumo sobre o pensamento destes quatro grandes pensadores da <span id=\"urn:enhancement-63d27c07-0083-47b6-9076-561f70d4fd64\" class=\"textannotation disambiguated wl-thing\" itemid=\"https:\/\/data.wordlift.io\/wl110249\/entity\/sociologia\">sociologia<\/span> cl&aacute;ssica. Ainda, veja a resolu&ccedil;&atilde;o de uma quest&atilde;o de vestibulares sobre o tema, comentada por um dos professores especialistas em <span id=\"urn:enhancement-02830982-6fe6-41db-a91a-e6f221db3633\" class=\"textannotation disambiguated wl-thing\" itemid=\"https:\/\/data.wordlift.io\/wl110249\/entity\/ciencias-sociais\">ci&ecirc;ncias sociais<\/span> do Estrat&eacute;gia Vestibulares.&nbsp;<\/p><div id=\"ez-toc-container\" class=\"ez-toc-v2_0_86 counter-hierarchy ez-toc-counter ez-toc-transparent ez-toc-container-direction\">\n<div class=\"ez-toc-title-container\"><p class=\"ez-toc-title\" style=\"cursor:inherit\">Navegue pelo conte\u00fado<\/p>\n<\/div><nav><ul class='ez-toc-list ez-toc-list-level-1 ' ><li class='ez-toc-page-1 ez-toc-heading-level-2'><a class=\"ez-toc-link ez-toc-heading-1\" href=\"https:\/\/vestibulares.estrategia.com\/portal\/materias\/sociologia\/sociologia-classica\/#O-que-e-sociologia\" >O que &eacute; sociologia?<\/a><\/li><li class='ez-toc-page-1 ez-toc-heading-level-2'><a class=\"ez-toc-link ez-toc-heading-2\" href=\"https:\/\/vestibulares.estrategia.com\/portal\/materias\/sociologia\/sociologia-classica\/#Auguste-Comte\" >Auguste Comte<\/a><\/li><li class='ez-toc-page-1 ez-toc-heading-level-2'><a class=\"ez-toc-link ez-toc-heading-3\" href=\"https:\/\/vestibulares.estrategia.com\/portal\/materias\/sociologia\/sociologia-classica\/#Emile-Durkheim\" >&Eacute;mile Durkheim<\/a><\/li><li class='ez-toc-page-1 ez-toc-heading-level-2'><a class=\"ez-toc-link ez-toc-heading-4\" href=\"https:\/\/vestibulares.estrategia.com\/portal\/materias\/sociologia\/sociologia-classica\/#Max-Weber\" >Max Weber<\/a><\/li><li class='ez-toc-page-1 ez-toc-heading-level-2'><a class=\"ez-toc-link ez-toc-heading-5\" href=\"https:\/\/vestibulares.estrategia.com\/portal\/materias\/sociologia\/sociologia-classica\/#Karl-Marx\" >Karl Marx<\/a><\/li><li class='ez-toc-page-1 ez-toc-heading-level-2'><a class=\"ez-toc-link ez-toc-heading-6\" href=\"https:\/\/vestibulares.estrategia.com\/portal\/materias\/sociologia\/sociologia-classica\/#Questao-sobre-sociologia-classica\" >Quest&atilde;o sobre sociologia cl&aacute;ssica<\/a><\/li><li class='ez-toc-page-1 ez-toc-heading-level-2'><a class=\"ez-toc-link ez-toc-heading-7\" href=\"https:\/\/vestibulares.estrategia.com\/portal\/materias\/sociologia\/sociologia-classica\/#Estude-para-o-vestibular-com-o-Estrategia\" >Estude para o vestibular com o Estrat&eacute;gia!<\/a><\/li><\/ul><\/nav><\/div>\n<h2 class=\"wp-block-heading\" id=\"h-o-que-e-sociologia\"><span class=\"ez-toc-section\" id=\"O-que-e-sociologia\"><\/span>O que &eacute; sociologia?<span class=\"ez-toc-section-end\"><\/span><\/h2><p class=\"wp-block-paragraph\">A <span id=\"urn:enhancement-901419c9-7507-449e-9c70-f9c81181c976\" class=\"textannotation disambiguated wl-thing\" itemid=\"https:\/\/data.wordlift.io\/wl110249\/entity\/sociologia\">sociologia<\/span> &eacute; uma ci&ecirc;ncia criada e popularizada no s&eacute;culo XIX, durante o desenvolvimento da sociedade moderna, com a <span id=\"urn:enhancement-5dc3f5fd-6186-490c-b216-cb177b93dcd2\" class=\"textannotation disambiguated wl-creative-work\" itemid=\"https:\/\/data.wordlift.io\/wl110249\/entity\/revolucao-industrial\">Revolu&ccedil;&atilde;o Industrial<\/span>, transforma&ccedil;&otilde;es do estilo de vida e moradia, al&eacute;m das altera&ccedil;&otilde;es nas rela&ccedil;&otilde;es pessoais e profissionais.&nbsp;<\/p><p class=\"wp-block-paragraph\">Com o passar do tempo, teorias foram desenvolvidas para compreender as sociedades por meio de dados demogr&aacute;ficos, estat&iacute;sticas econ&ocirc;micas, al&eacute;m de uma correla&ccedil;&atilde;o com as quest&otilde;es hist&oacute;ricas, que influenciam na forma&ccedil;&atilde;o, estrutura e cultura de qualquer povo.<\/p><p class=\"wp-block-paragraph\">Trata-se de uma &aacute;rea de estudo das <span id=\"urn:enhancement-2b59a4e9-2ad4-4d7d-9a92-c9f1d8d09748\" class=\"textannotation disambiguated wl-thing\" itemid=\"https:\/\/data.wordlift.io\/wl110249\/entity\/ciencias-humanas\">ci&ecirc;ncias humanas<\/span>, especificamente no subgrupo das <span id=\"urn:enhancement-8c5165a3-1b4d-4aee-be2f-dcbd698617c3\" class=\"textannotation disambiguated wl-thing\" itemid=\"https:\/\/data.wordlift.io\/wl110249\/entity\/ciencias-sociais\">ci&ecirc;ncias sociais<\/span>, com grande contribui&ccedil;&atilde;o para a compreens&atilde;o do mundo atual e suas rela&ccedil;&otilde;es. Al&eacute;m de ter uma correspond&ecirc;ncia com as <span id=\"urn:enhancement-6cfcc8a5-85f9-4e8d-8e19-e7ad3c6863d8\" class=\"textannotation disambiguated wl-person\" itemid=\"https:\/\/data.wordlift.io\/wl110249\/entity\/ciencias-politicas\">ci&ecirc;ncias pol&iacute;ticas<\/span>, uma vez que sociedade e pol&iacute;tica est&atilde;o intimamente relacionadas.&nbsp;<\/p><p class=\"wp-block-paragraph\">O tema deste artigo &eacute;, em espec&iacute;fico, a <span id=\"urn:enhancement-1b2c0bf1-bddf-48b5-a9ab-6ee6dc3eda1f\" class=\"textannotation disambiguated wl-thing\" itemid=\"https:\/\/data.wordlift.io\/wl110249\/entity\/sociologia\">sociologia<\/span> cl&aacute;ssica. &Eacute; o esqueleto fundamental das ci&ecirc;ncias sociol&oacute;gicas, o primeiro passo na <span id=\"urn:enhancement-0bcb6404-cee0-420b-b0d4-a1245b7fbb79\" class=\"textannotation disambiguated wl-thing\" itemid=\"https:\/\/data.wordlift.io\/wl110249\/entity\/historia\">Hist&oacute;ria<\/span> para a compreens&atilde;o das sociedades por um olhar cient&iacute;fico, embasado por dados, estudado metodologicamente.&nbsp;<\/p><p class=\"wp-block-paragraph\">+ Veja tamb&eacute;m: <a href=\"https:\/\/vestibulares.estrategia.com\/portal\/materias\/sociologia\/introducao-as-ciencias-sociais\/\" target=\"_blank\">Introdu&ccedil;&atilde;o &agrave;s ci&ecirc;ncias sociais: rela&ccedil;&atilde;o entre homem e sociedade<\/a><\/p><h2 class=\"wp-block-heading\" id=\"h-auguste-comte\"><span class=\"ez-toc-section\" id=\"Auguste-Comte\"><\/span>Auguste Comte<span class=\"ez-toc-section-end\"><\/span><\/h2><p class=\"wp-block-paragraph\"><span id=\"urn:local-annotation-260451\" class=\"textannotation disambiguated\" itemid=\"https:\/\/data.wordlift.io\/wl110249\/entity\/auguste-comte\">Auguste Comte <\/span>(1978-1857) &eacute; um fil&oacute;sofo franc&ecirc;s conhecido por ser o primeiro estudioso a nota que a sociedade deveria ser estudada por meio de uma ci&ecirc;ncia bem consolidada, porque as caracter&iacute;sticas dos povos e sua organiza&ccedil;&atilde;o eram &uacute;nicas frente a outros objetos de estudos daquela &eacute;poca.&nbsp;<\/p><h3 class=\"wp-block-heading\" id=\"h-positivismo\">Positivismo<\/h3><p class=\"wp-block-paragraph\">A principal teoria do intelectual franc&ecirc;s foi o <span id=\"urn:local-annotation-622606\" class=\"textannotation disambiguated\" itemid=\"https:\/\/data.wordlift.io\/wl110249\/entity\/positivismo\">positivismo<\/span>, que prop&ocirc;s a evolu&ccedil;&atilde;o da sociedade em est&aacute;gios. Segundo esse estudo, conforme o conhecimento cient&iacute;fico &eacute; inserido nas civiliza&ccedil;&otilde;es, ocorre uma evolu&ccedil;&atilde;o coletiva, no &acirc;mbito pol&iacute;tico e intelectual, por exemplo. Ent&atilde;o, cada civiliza&ccedil;&atilde;o estaria em uma marcha progressiva constante, como se a ci&ecirc;ncia fosse uma forma de tornar os indiv&iacute;duos mais perfeitos e independentes.&nbsp;<\/p><h3 class=\"wp-block-heading\" id=\"h-por-que-comte-nao-criou-a-ciencia-sociologica\">Por que Comte n&atilde;o criou a ci&ecirc;ncia sociol&oacute;gica?<\/h3><p class=\"wp-block-paragraph\">Embora tenha sido um dos primeiros pensadores a estudar a sociedade moderna, e propor uma ci&ecirc;ncia somente para essa tem&aacute;tica, suas teorias n&atilde;o eram s&oacute;lidas e constru&iacute;das a partir de um modelo cient&iacute;fico claro, que confere mais credibilidade aos dados obtidos. Assim, n&atilde;o pode-se afirmar que Comte criou uma ci&ecirc;ncia, mas foi o idealizador de uma ideia cient&iacute;fica que foi aperfei&ccedil;oada por seus sucessores, de forma que muitos preferem o chamar de &ldquo;pai da <span id=\"urn:enhancement-5d8b6f07-39da-4e57-9330-ec775f6cebd6\" class=\"textannotation disambiguated wl-thing\" itemid=\"https:\/\/data.wordlift.io\/wl110249\/entity\/sociologia\">sociologia<\/span>&rdquo;.<\/p><h2 class=\"wp-block-heading\" id=\"h-emile-durkheim\"><span class=\"ez-toc-section\" id=\"Emile-Durkheim\"><\/span>&Eacute;mile Durkheim<span class=\"ez-toc-section-end\"><\/span><\/h2><p class=\"wp-block-paragraph\">Nascido na Fran&ccedil;a em 1858, <a href=\"https:\/\/vestibulares.estrategia.com\/portal\/materias\/sociologia\/emile-durkheim\/\" target=\"_blank\">&Eacute;mile Durkheim <\/a>foi um fil&oacute;sofo e antrop&oacute;logo judeu, que foi&nbsp;respons&aacute;vel por constituir as ideias de Comte em uma ci&ecirc;ncia real e metodol&oacute;gica. O intelectual franc&ecirc;s criou uma t&eacute;cnica espec&iacute;fica para o estudo das <span id=\"urn:enhancement-e391383c-168a-4166-b443-099f49c0ef90\" class=\"textannotation disambiguated wl-thing\" itemid=\"https:\/\/data.wordlift.io\/wl110249\/entity\/ciencias-sociais\">ci&ecirc;ncias sociais<\/span>, com isso, os dados ganharam mais notoriedade na comunidade acad&ecirc;mica e o tema adentrou as universidades.<\/p><h3 class=\"wp-block-heading\" id=\"h-fatos-sociais\">Fatos sociais<\/h3><p class=\"wp-block-paragraph\">Entre todos os estudos de <span id=\"urn:enhancement-031c8af6-7c28-48c5-8adb-0ec9b19d335d\" class=\"textannotation disambiguated wl-person\" itemid=\"https:\/\/data.wordlift.io\/wl110249\/entity\/emile-durkheim\">Durkheim<\/span>, os mais not&aacute;veis s&atilde;o os fatos <span id=\"urn:enhancement-fd5492c9-2258-427e-8bc4-c62c336de814\" class=\"textannotation disambiguated wl-thing\" itemid=\"https:\/\/data.wordlift.io\/wl110249\/entity\/ciencias-sociais\">sociais<\/span>. Nessa teoria, implica-se que existem elementos externos aos indiv&iacute;duos que influenciam, direta ou indiretamente em suas a&ccedil;&otilde;es.<\/p><p class=\"wp-block-paragraph\">Tais elementos s&atilde;o chamados de fatos <span id=\"urn:enhancement-610f4411-695b-430b-aa81-6f9bdf446cde\" class=\"textannotation disambiguated wl-thing\" itemid=\"https:\/\/data.wordlift.io\/wl110249\/entity\/ciencias-sociais\">sociais<\/span> e al&eacute;m de serem externos, tamb&eacute;m s&atilde;o universais, atingindo a toda a sociedade, bem como s&atilde;o coercitivos, ou seja, existe um car&aacute;ter de &ldquo;press&atilde;o&rdquo; ou &ldquo;obriga&ccedil;&atilde;o&rdquo; do indiv&iacute;duo em cumprir determinado comportamento.&nbsp;<\/p><p class=\"wp-block-paragraph\">Por exemplo, institui&ccedil;&otilde;es <span id=\"urn:enhancement-e4f07da1-4bca-44b1-9ce9-d1c678f72d6c\" class=\"textannotation disambiguated wl-thing\" itemid=\"https:\/\/data.wordlift.io\/wl110249\/entity\/ciencias-sociais\">sociais<\/span> s&atilde;o uma forma espec&iacute;fica desses&nbsp; fatos <span id=\"urn:enhancement-7d7f172e-4c34-406b-b105-91d4f636fa8a\" class=\"textannotation disambiguated wl-thing\" itemid=\"https:\/\/data.wordlift.io\/wl110249\/entity\/ciencias-sociais\">sociais<\/span>. Em uma igreja, por exemplo, h&aacute; um conjunto de regras pr&eacute; estabelecidas, que s&atilde;o externas ao indiv&iacute;duo e s&atilde;o necess&aacute;rias que todos os membros as cumpram para garantir uma conviv&ecirc;ncia harm&ocirc;nica na comunidade.&nbsp;<\/p><h3 class=\"wp-block-heading\" id=\"h-metodo-sociologico\">M&eacute;todo sociol&oacute;gico<\/h3><p class=\"wp-block-paragraph\">Os fatos <span id=\"urn:enhancement-9608065d-e5f3-4928-8a24-02cf41e834a7\" class=\"textannotation disambiguated wl-thing\" itemid=\"https:\/\/data.wordlift.io\/wl110249\/entity\/ciencias-sociais\">sociais<\/span> eram, ent&atilde;o, o objeto de estudo de <span id=\"urn:enhancement-3b9274d3-27f2-46c2-bd46-82e5a9016ec8\" class=\"textannotation disambiguated wl-person\" itemid=\"https:\/\/data.wordlift.io\/wl110249\/entity\/emile-durkheim\">Durkheim<\/span>. Assim como no m&eacute;todo cartesiano, <span id=\"urn:enhancement-18ebf33e-75ff-4415-9bbe-c22d416c2ba5\" class=\"textannotation disambiguated wl-person\" itemid=\"https:\/\/data.wordlift.io\/wl110249\/entity\/emile-durkheim\">Durkheim<\/span> prop&ocirc;s que a <span id=\"urn:enhancement-ed0a422e-7b8b-4f5f-842a-d282fd8135c4\" class=\"textannotation disambiguated wl-thing\" itemid=\"https:\/\/data.wordlift.io\/wl110249\/entity\/sociologia\">sociologia<\/span> se baseasse em observar fen&ocirc;menos <span id=\"urn:enhancement-afd400a9-0b51-4ea1-a1d6-8e3261fbae5f\" class=\"textannotation disambiguated wl-thing\" itemid=\"https:\/\/data.wordlift.io\/wl110249\/entity\/ciencias-sociais\">sociais<\/span>, criar hip&oacute;teses e relacionar com conhecimentos pr&eacute;-existentes, que ser&atilde;o ou n&atilde;o validados por meio de ferramentas.<\/p><p class=\"wp-block-paragraph\">Para essa valida&ccedil;&atilde;o, era necess&aacute;rio atrelar conhecimentos de outras &aacute;reas para chegar a uma conclus&atilde;o. Assim, o estudioso lan&ccedil;ava m&atilde;o de f&oacute;rmulas, estat&iacute;sticas e gr&aacute;ficos para analisar os aspectos da sociedade de forma objetiva.<\/p><h4 class=\"wp-block-heading\" id=\"h-durkheim-pai-da-sociologia\">Durkheim: pai da sociologia?<\/h4><p class=\"wp-block-paragraph\">A discuss&atilde;o sobre quem criou a <span id=\"urn:enhancement-6c10da46-0b2d-4d79-a150-3dcb92dfc9d8\" class=\"textannotation disambiguated wl-thing\" itemid=\"https:\/\/data.wordlift.io\/wl110249\/entity\/sociologia\">sociologia<\/span> tamb&eacute;m envolve <span id=\"urn:enhancement-2e26dda0-615f-4f5f-b6cb-7546ce202121\" class=\"textannotation disambiguated wl-person\" itemid=\"https:\/\/data.wordlift.io\/wl110249\/entity\/emile-durkheim\">&Eacute;mile Durkheim<\/span>. Uma vez que esse te&oacute;rico &eacute; o primeiro a desenvolver um m&eacute;todo fixo, anal&iacute;tico e objetivo para estudar a sociedade. Ent&atilde;o, alguns estudiosos optam por consider&aacute;-lo, tamb&eacute;m, como um pai da <span id=\"urn:enhancement-48c8468c-b6f3-4ab7-95c9-38f1785d54d8\" class=\"textannotation disambiguated wl-thing\" itemid=\"https:\/\/data.wordlift.io\/wl110249\/entity\/sociologia\">sociologia<\/span>.&nbsp;<\/p><p class=\"wp-block-paragraph\">Pode-se afirmar, ainda, que a soma entre os conhecimentos produzidos por Comte e por <span id=\"urn:enhancement-db3f058e-8cef-4b92-b70a-a64e5f400800\" class=\"textannotation disambiguated wl-person\" itemid=\"https:\/\/data.wordlift.io\/wl110249\/entity\/emile-durkheim\">Durkheim<\/span> constituem o in&iacute;cio do estudo das sociedades. Ent&atilde;o, &eacute; poss&iacute;vel dizer que ambos s&atilde;o &ldquo;pais da <span id=\"urn:enhancement-eb1e24be-5b73-44db-b2ec-2392215a268a\" class=\"textannotation disambiguated wl-thing\" itemid=\"https:\/\/data.wordlift.io\/wl110249\/entity\/sociologia\">sociologia<\/span>&rdquo;, com implica&ccedil;&otilde;es diferentes sobre cada um.&nbsp;<\/p><h2 class=\"wp-block-heading\" id=\"h-max-weber\"><span class=\"ez-toc-section\" id=\"Max-Weber\"><\/span>Max Weber<span class=\"ez-toc-section-end\"><\/span><\/h2><p class=\"wp-block-paragraph\">Karl Emil Maximilian Weber (1864 &ndash; 1920) foi um soci&oacute;logo alem&atilde;o, que tamb&eacute;m atuou em &aacute;reas como economia e direito. De religi&atilde;o protestante, o estudioso ficou conhecido n&atilde;o somente por estudar a sociedade, mas tamb&eacute;m por avaliar o sistema capitalista do ponto de vista religioso, como ser&aacute; debatido a seguir.<\/p><h3 class=\"wp-block-heading\" id=\"h-acoes-sociais\">A&ccedil;&otilde;es sociais<\/h3><p class=\"wp-block-paragraph\">Como contraponto &agrave;s teorias de <span id=\"urn:enhancement-6a65806d-a5a1-4a5c-baf4-7a3f5dff60b4\" class=\"textannotation disambiguated wl-person\" itemid=\"https:\/\/data.wordlift.io\/wl110249\/entity\/emile-durkheim\">Durkheim<\/span>, o soci&oacute;logo alem&atilde;o propunha que n&atilde;o s&atilde;o elementos externos que moldam o indiv&iacute;duo, mas que as a&ccedil;&otilde;es <span id=\"urn:enhancement-2812803f-586d-4abd-b840-37abf49f278b\" class=\"textannotation disambiguated wl-thing\" itemid=\"https:\/\/data.wordlift.io\/wl110249\/entity\/ciencias-sociais\">sociais<\/span> de cada indiv&iacute;duo constroem uma sociedade.<\/p><p class=\"wp-block-paragraph\">Ent&atilde;o, existem diferentes padr&otilde;es de comportamento social esperado para os indiv&iacute;duos e, a depender da escolha individual, o resultado coletivo ser&aacute; diferente, afetando toda a estrutura da&nbsp; sociedade.<\/p><p class=\"wp-block-paragraph\">Diante disso, criou quatro <a href=\"https:\/\/vestibulares.estrategia.com\/portal\/materias\/sociologia\/acao-social\/\" target=\"_blank\">a&ccedil;&otilde;es sociais<\/a>, em que o indiv&iacute;duo pode escolher uma a&ccedil;&atilde;o porque:<\/p><ul class=\"wp-block-list\">\n<li>almeja cumprir um objetivo espec&iacute;fico (a&ccedil;&atilde;o social racional com rela&ccedil;&atilde;o a fins);<\/li>\n\n\n\n<li>deseja manter rela&ccedil;&otilde;es afetivas (a&ccedil;&atilde;o social afetiva);<\/li>\n\n\n\n<li>&eacute; fiel a uma tradi&ccedil;&atilde;o cultural, familiar, religiosa (a&ccedil;&atilde;o social tradicional); e<\/li>\n\n\n\n<li>possui valores sociais bem determinados e deseja mant&ecirc;-los (a&ccedil;&atilde;o social racional com rela&ccedil;&atilde;o a valores).<\/li>\n<\/ul><h3 class=\"wp-block-heading\" id=\"h-protestantismo-e-capitalismo\">Protestantismo e capitalismo<\/h3><p class=\"wp-block-paragraph\">Weber viveu em um per&iacute;odo de desenvolvimento e ascens&atilde;o do capitalismo. Ao mesmo tempo, tinha valores religiosos protestantes, a partir disso, criou teorias que relacionam teologia e <span id=\"urn:enhancement-91074b9c-640d-46dc-a471-18ea14f2fae7\" class=\"textannotation disambiguated wl-thing\" itemid=\"https:\/\/data.wordlift.io\/wl110249\/entity\/sociologia\">sociologia<\/span>, principalmente na an&aacute;lise conjunta do protestantismo e do capitalismo.&nbsp;<\/p><p class=\"wp-block-paragraph\">Seu texto marcante nesse assunto foi &ldquo;A &eacute;tica protestante e o esp&iacute;rito do capitalismo&rdquo;. Nessa obra, o autor debate que, no protestantismo, especificamente no calvinismo, h&aacute; uma ideia de que a prosperidade na vida &eacute; um sinal de que a pessoa foi escolhida por Deus. Ent&atilde;o, quanto mais talentoso e desenvolvido um profissional for, maior a chance daquele indiv&iacute;duo ser o indicado para viver no para&iacute;so ap&oacute;s a morte.&nbsp;<\/p><p class=\"wp-block-paragraph\">Segundo Weber, essa mentalidade fortaleceu o capitalismo, uma vez que os homens tinham o desejo de trabalhar muito e angariar bastantes bens, para indicar que eram escolhidos por Deus. Ao mesmo tempo, evitavam o pecado, como prazeres f&uacute;teis, lux&uacute;ria, ostenta&ccedil;&atilde;o. Com isso, ainda, o ac&uacute;mulo de riquezas era maior, fortalecendo cada vez mais as bases capitalistas.&nbsp;<\/p><h2 class=\"wp-block-heading\" id=\"h-karl-marx\"><span class=\"ez-toc-section\" id=\"Karl-Marx\"><\/span>Karl Marx<span class=\"ez-toc-section-end\"><\/span><\/h2><p class=\"wp-block-paragraph\">O pensador alem&atilde;o <span id=\"urn:enhancement-65412231-2457-48e8-a6ce-ffb763376ed0\" class=\"textannotation disambiguated wl-person\" itemid=\"https:\/\/data.wordlift.io\/wl110249\/entity\/karl-marx\">Karl Marx<\/span> (1818-1883), conhecido por desenvolver o socialismo cient&iacute;fico, tamb&eacute;m est&aacute; entre os intelectuais da <span id=\"urn:enhancement-4dea1c66-26dc-4621-b263-c9d74bd19604\" class=\"textannotation disambiguated wl-thing\" itemid=\"https:\/\/data.wordlift.io\/wl110249\/entity\/sociologia\">sociologia<\/span> cl&aacute;ssica. Tendo passado pelo curso de Direito, afei&ccedil;oou-se pela filosofia, ci&ecirc;ncia para a qual se dedicou e, posteriormente, se envolveria com os estudos sociol&oacute;gicos.&nbsp;<\/p><h3 class=\"wp-block-heading\" id=\"h-luta-de-classes-e-oposicao-ao-capitalismo\">Luta de classes e oposi&ccedil;&atilde;o ao capitalismo<\/h3><p class=\"wp-block-paragraph\">A teoria b&aacute;sica de <a href=\"https:\/\/www.youtube.com\/watch?v=x2YZqkosQnE&amp;pp=ygUcbWFyeCBlc3RyYXRlZ2lhIHZlc3RpYnVsYXJlcw%3D%3D\" target=\"_blank\" rel=\"noopener noreferrer\">Marx <\/a>traz uma rela&ccedil;&atilde;o do panorama hist&oacute;rico-social, uma vez que o autor estudou a <span id=\"urn:enhancement-4474faf9-b881-417e-86c7-0381dfa768a3\" class=\"textannotation disambiguated wl-thing\" itemid=\"https:\/\/data.wordlift.io\/wl110249\/entity\/historia\">hist&oacute;ria<\/span> da humanidade e observou que, em diferentes momentos e sociedades, havia uma luta entre duas classes <span id=\"urn:enhancement-19ac37c8-5e2e-4952-847e-efb563a725b9\" class=\"textannotation disambiguated wl-thing\" itemid=\"https:\/\/data.wordlift.io\/wl110249\/entity\/ciencias-sociais\">sociais<\/span>. Esse pensamento ficou conhecido como materialismo hist&oacute;rico-dial&eacute;tico.<\/p><p class=\"wp-block-paragraph\"><span id=\"urn:enhancement-5d25b6d2-c2cc-4483-8697-605ed4e018f3\" class=\"textannotation disambiguated wl-person\" itemid=\"https:\/\/data.wordlift.io\/wl110249\/entity\/karl-marx\">Marx<\/span> discorreu sobre essa configura&ccedil;&atilde;o social e considerava-a injusta, uma vez que uma classe social sempre admitia vantagens sobre a outra. Por exemplo, no capitalismo da Era Industrial, havia um embate socioecon&ocirc;mico entre burguesia e proletariado.&nbsp;<\/p><h3 class=\"wp-block-heading\" id=\"h-socialismo-cientifico-e-comunismo\">Socialismo cient&iacute;fico e comunismo<\/h3><p class=\"wp-block-paragraph\">Conforme estudava as desigualdades <span id=\"urn:enhancement-dbcd04f3-2c51-421c-8dc4-bb5ea6dc2efe\" class=\"textannotation disambiguated wl-thing\" itemid=\"https:\/\/data.wordlift.io\/wl110249\/entity\/ciencias-sociais\">sociais<\/span> entre burguesia e proletariado, <span id=\"urn:enhancement-ef305b17-2814-4a86-a9f6-ed64adeecb52\" class=\"textannotation disambiguated wl-person\" itemid=\"https:\/\/data.wordlift.io\/wl110249\/entity\/karl-marx\">Marx<\/span> propagou a ideia de que, para vencer a t&iacute;pica luta de classes, era necess&aacute;rio que o grupo dominado atacasse os dominadores. Ent&atilde;o a a&ccedil;&atilde;o do proletariado, do ponto de vista pol&iacute;tico, era essencial para criar uma nova ordem social. A esse movimento ele deu o nome de revolu&ccedil;&atilde;o socialista.<\/p><p class=\"wp-block-paragraph\">A nova organiza&ccedil;&atilde;o seria comandada pelos prolet&aacute;rios, que criariam uma ditadura. Nesse novo governo, o socialismo, a propriedade privada seria extinta. O pr&oacute;ximo passo seria eliminar a divis&atilde;o da sociedade em classes, tornando todos os indiv&iacute;duos iguais perante o Estado, abolindo privil&eacute;gios econ&ocirc;micos e <span id=\"urn:enhancement-80d8e247-4336-47cc-85b9-8e585231c1ce\" class=\"textannotation disambiguated wl-thing\" itemid=\"https:\/\/data.wordlift.io\/wl110249\/entity\/ciencias-sociais\">sociais<\/span>, esse seria o comunismo.&nbsp;<\/p><h3 class=\"wp-block-heading\" id=\"h-marxismo\">Marxismo<\/h3><p class=\"wp-block-paragraph\">Uma vez que <span id=\"urn:enhancement-eb6b378c-c635-4303-aeb0-9ed91b44ef3c\" class=\"textannotation disambiguated wl-person\" itemid=\"https:\/\/data.wordlift.io\/wl110249\/entity\/karl-marx\">Karl Marx<\/span> desenvolveu ideias t&atilde;o revolucion&aacute;rias para sua &eacute;poca, essas teorias, juntas, ficaram conhecidas como <a href=\"https:\/\/vestibulares.estrategia.com\/portal\/materias\/sociologia\/marxismo\/\" target=\"_blank\">marxismo<\/a>. Elas influenciam pessoas ao redor do mundo, de forma que outros te&oacute;ricos compactuam com o socialismo, inclusive, muitos pol&iacute;ticos buscaram aplic&aacute;-las durante seus governos, como Vladimir Ilyich Ulianov (L&ecirc;nin) na URSS, Joseph Stalin na URSS, Che Guevara em Cuba, entre outros.<\/p><h2 class=\"wp-block-heading\" id=\"h-questao-sobre-sociologia-classica\"><span class=\"ez-toc-section\" id=\"Questao-sobre-sociologia-classica\"><\/span>Quest&atilde;o sobre sociologia cl&aacute;ssica<span class=\"ez-toc-section-end\"><\/span><\/h2><p class=\"wp-block-paragraph\">A quest&atilde;o abaixo esteve no vestibular da Universidade Federal de Uberl&acirc;ndia (UFU) em 2017, acompanhe a resolu&ccedil;&atilde;o proposta pela professora de <span id=\"urn:enhancement-93cf1ea5-560e-4119-bf17-2c54c9ccf570\" class=\"textannotation disambiguated wl-thing\" itemid=\"https:\/\/data.wordlift.io\/wl110249\/entity\/historia\">hist&oacute;ria<\/span> e <span id=\"urn:enhancement-79f8137b-a3b3-4fa2-910b-f8aacbece391\" class=\"textannotation disambiguated wl-thing\" itemid=\"https:\/\/data.wordlift.io\/wl110249\/entity\/sociologia\">sociologia<\/span> Ale Lopes, que constitui a equipe did&aacute;tica do Estrat&eacute;gia Vestibulares.<\/p><p class=\"wp-block-paragraph\"><span id=\"urn:enhancement-1c742262-4445-487b-9695-20450ecf9772\" class=\"textannotation disambiguated wl-person\" itemid=\"https:\/\/data.wordlift.io\/wl110249\/entity\/emile-durkheim\">&Eacute;mile Durkheim<\/span> foi um dos pensadores que mais contribuiu para a consolida&ccedil;&atilde;o da <span id=\"urn:enhancement-80981a70-0c94-45c9-b51e-407236a7aec5\" class=\"textannotation disambiguated wl-thing\" itemid=\"https:\/\/data.wordlift.io\/wl110249\/entity\/sociologia\">Sociologia<\/span> como ci&ecirc;ncia emp&iacute;rica e para sua instaura&ccedil;&atilde;o no meio acad&ecirc;mico, tornando-se o primeiro professor universit&aacute;rio dessa disciplina.<\/p><p class=\"wp-block-paragraph\"><em>QUINTANEIRO, T&acirc;nia; BARBOSA, Maria Ligia de Oliveira e OLIVEIRA, M&aacute;rcia Gard&ecirc;nia de. Um toque de cl&aacute;ssicos. Belo Horizonte: EdUFMG, 1995. p. 15.<\/em><\/p><p class=\"wp-block-paragraph\">Leia com aten&ccedil;&atilde;o e responda:<\/p><p class=\"wp-block-paragraph\">A) Quais as refer&ecirc;ncias hist&oacute;ricas, econ&ocirc;micas e <span id=\"urn:enhancement-b8d0f0c6-b0b9-4a05-a33e-b8d5bd6892a3\" class=\"textannotation disambiguated wl-thing\" itemid=\"https:\/\/data.wordlift.io\/wl110249\/entity\/ciencias-sociais\">sociais<\/span> que <span id=\"urn:enhancement-a392a892-a9ea-4558-8b48-0500542fabcc\" class=\"textannotation disambiguated wl-person\" itemid=\"https:\/\/data.wordlift.io\/wl110249\/entity\/emile-durkheim\">Durkheim<\/span> utilizou para constituir a <span id=\"urn:enhancement-2eedc4ac-2eea-473e-a4f2-910422147489\" class=\"textannotation disambiguated wl-thing\" itemid=\"https:\/\/data.wordlift.io\/wl110249\/entity\/sociologia\">Sociologia<\/span> como ci&ecirc;ncia. Exemplifique e comente, no m&iacute;nimo, duas delas.<\/p><p class=\"wp-block-paragraph\"><strong>Coment&aacute;rio (item A)<\/strong>: <span id=\"urn:enhancement-0515d154-2015-489e-a4c2-10881bbda66a\" class=\"textannotation disambiguated wl-person\" itemid=\"https:\/\/data.wordlift.io\/wl110249\/entity\/emile-durkheim\">Durkheim<\/span> se baseou no pensamento positivista de Auguste Comte, principalmente, porque Comte forneceu uma maneira de enxergar a desordem social como um problema de pesquisa. Do ponto de vista hist&oacute;rico e econ&ocirc;mico, podemos lembrar que E. <span id=\"urn:enhancement-39f58e4c-51ca-46dc-9aeb-d944685e2912\" class=\"textannotation disambiguated wl-person\" itemid=\"https:\/\/data.wordlift.io\/wl110249\/entity\/emile-durkheim\">Durkheim<\/span> refletia as influ&ecirc;ncias dos acontecimentos da Revolu&ccedil;&atilde;o Francesa e <span id=\"urn:enhancement-03088d8e-2a6e-451d-98c5-cca7fed98643\" class=\"textannotation disambiguated wl-creative-work\" itemid=\"https:\/\/data.wordlift.io\/wl110249\/entity\/revolucao-industrial\">Revolu&ccedil;&atilde;o Industrial<\/span>. Foi nesse contexto que novas quest&otilde;es <span id=\"urn:enhancement-502e1a01-9004-4fcb-a43a-b0e878c12f52\" class=\"textannotation disambiguated wl-thing\" itemid=\"https:\/\/data.wordlift.io\/wl110249\/entity\/ciencias-sociais\">sociais<\/span> emergiram, pois as rela&ccedil;&otilde;es <span id=\"urn:enhancement-6205fad4-b256-4d44-89a3-4c8c394f61c7\" class=\"textannotation disambiguated wl-thing\" itemid=\"https:\/\/data.wordlift.io\/wl110249\/entity\/ciencias-sociais\">sociais<\/span> passaram a ser mais complexas.&nbsp;<\/p><p class=\"wp-block-paragraph\">B) A grande preocupa&ccedil;&atilde;o de <span id=\"urn:enhancement-ffdf1b4e-4f1f-4e59-a2e5-2a819f0d4b75\" class=\"textannotation disambiguated wl-person\" itemid=\"https:\/\/data.wordlift.io\/wl110249\/entity\/emile-durkheim\">Durkheim<\/span> era estudar a vida social como realidade objetiva. Para tal, ele elaborou um objeto de estudo da <span id=\"urn:enhancement-55e900fd-7852-4053-a9c9-d9328b723fa1\" class=\"textannotation disambiguated wl-thing\" itemid=\"https:\/\/data.wordlift.io\/wl110249\/entity\/sociologia\">Sociologia<\/span>, o fato social. Qual o objetivo metodol&oacute;gico de <span id=\"urn:enhancement-b583e7a5-37ee-4eda-9784-f0e588d08f9e\" class=\"textannotation disambiguated wl-person\" itemid=\"https:\/\/data.wordlift.io\/wl110249\/entity\/emile-durkheim\">Durkheim<\/span> ao elaborar o conceito de fato social? Comente ao menos duas de suas caracter&iacute;sticas.<\/p><p class=\"wp-block-paragraph\"><strong>Coment&aacute;rio (item B)<\/strong>: <span id=\"urn:enhancement-e8862384-586f-4eab-aec9-07419c697763\" class=\"textannotation disambiguated wl-person\" itemid=\"https:\/\/data.wordlift.io\/wl110249\/entity\/emile-durkheim\">&Eacute;mile Durkheim<\/span> pretendeu delimitar o problema sociol&oacute;gico, que deveria ser analisado exteriormente, de forma imparcial e objetiva pelo cientista social. Isso porque, o fato social era apreendido como uma &ldquo;coisa&rdquo;. tratando-o como uma &ldquo;coisa&rdquo;. Dentre as caracter&iacute;sticas do fato social, podemos lembrar:&nbsp;<\/p><ul class=\"wp-block-list\">\n<li>Generalidade, por atingir a todos ou a maioria dos indiv&iacute;duos e\/ou estar presente universalmente como uma lei.&nbsp;<\/li>\n\n\n\n<li>Exterioridade, uma vez que sua manifesta&ccedil;&atilde;o n&atilde;o depende das consci&ecirc;ncias individuais.<\/li>\n\n\n\n<li>Coercitividade, pois s&atilde;o for&ccedil;as morais que se imp&otilde;em &agrave;s consci&ecirc;ncias dos indiv&iacute;duos, levando-os &agrave; adequa&ccedil;&atilde;o e conforma&ccedil;&atilde;o social (adapta&ccedil;&atilde;o &agrave;s normas e &agrave; vida em coletividade).&nbsp;<\/li>\n<\/ul><h2 class=\"wp-block-heading\" id=\"h-estude-para-o-vestibular-com-o-estrategia\"><span class=\"ez-toc-section\" id=\"Estude-para-o-vestibular-com-o-Estrategia\"><\/span>Estude para o vestibular com o Estrat&eacute;gia!<span class=\"ez-toc-section-end\"><\/span><\/h2><p class=\"wp-block-paragraph\">Gostou do conte&uacute;do? Tenha acesso a diversos resumos e explica&ccedil;&otilde;es did&aacute;ticas sobre assuntos de <span id=\"urn:enhancement-5427af43-b4a9-4bf8-bf70-826dc7b28605\" class=\"textannotation disambiguated wl-thing\" itemid=\"https:\/\/data.wordlift.io\/wl110249\/entity\/sociologia\">Sociologia<\/span>, <span id=\"urn:enhancement-d5d2e977-e01b-48f1-85fb-6c28e32f20dd\" class=\"textannotation disambiguated wl-thing\" itemid=\"https:\/\/data.wordlift.io\/wl110249\/entity\/historia\">Hist&oacute;ria<\/span> e todas as outras disciplinas. Tudo isso est&aacute; dispon&iacute;vel nos cursos da Coruja, em PDFs ou aulas. Conhe&ccedil;a mais agora mesmo!<\/p><p class=\"wp-block-paragraph\"><a id=\"cta\" class=\"cta-imagem\" href=\"https:\/\/vestibulares.estrategia.com\/cursos\/\" target=\"blank\">\n                <img decoding=\"async\" width=\"100%\" src=\"https:\/\/vestibulares.estrategia.com\/portal\/wp-content\/uploads\/2021\/12\/EV4.jpg\" alt=\"CTA - Estrat\u00e9gia Vestibulares 4\" title=\"CTA - Estrat\u00e9gia Vestibulares 4\">\n        <\/a>\n\n\n<\/p><\/p>\n","protected":false},"excerpt":{"rendered":"Sociologia cl&aacute;ssica &eacute; a nomenclatura utilizada para designar os estudos sobre a sociedade desenvolvidos pelos primeiros pensadores do&hellip;\n","protected":false},"author":23,"featured_media":109911,"comment_status":"closed","ping_status":"closed","sticky":false,"template":"","format":"standard","meta":{"footnotes":""},"categories":[30],"tags":[],"class_list":["post-109955","post","type-post","status-publish","format-standard","has-post-thumbnail","category-sociologia"],"acf":[],"yoast_head":"<!-- This site is optimized with the Yoast SEO Premium plugin v25.9 (Yoast SEO v28.2) - https:\/\/yoast.com\/product\/yoast-seo-premium-wordpress\/ -->\n<title>Sociologia cl\u00e1ssica: grandes pensadores e suas teorias<\/title>\n<meta name=\"description\" content=\"Neste artigo, voc\u00ea encontra um resumo sobre o pensamento dos quatro grandes pensadores da sociologia cl\u00e1ssica: Comte, Durkheim, Marx e Weber.\" \/>\n<meta name=\"robots\" content=\"index, follow, max-snippet:-1, max-image-preview:large, max-video-preview:-1\" \/>\n<link rel=\"canonical\" href=\"https:\/\/vestibulares.estrategia.com\/portal\/materias\/sociologia\/sociologia-classica\/\" \/>\n<meta property=\"og:locale\" content=\"pt_BR\" \/>\n<meta property=\"og:type\" content=\"article\" \/>\n<meta property=\"og:title\" content=\"Sociologia cl\u00e1ssica: grandes pensadores e suas teorias\" \/>\n<meta property=\"og:description\" content=\"Neste artigo, voc\u00ea encontra um resumo sobre o pensamento dos quatro grandes pensadores da sociologia cl\u00e1ssica: Comte, Durkheim, Marx e Weber.\" \/>\n<meta property=\"og:url\" content=\"https:\/\/vestibulares.estrategia.com\/portal\/materias\/sociologia\/sociologia-classica\/\" \/>\n<meta property=\"og:site_name\" content=\"Estrat\u00e9gia Vestibulares\" \/>\n<meta property=\"article:publisher\" content=\"https:\/\/facebook.com\/estrategiavestibulares\" \/>\n<meta property=\"article:published_time\" content=\"2023-12-31T18:00:00+00:00\" \/>\n<meta property=\"article:modified_time\" content=\"2024-01-23T13:28:26+00:00\" \/>\n<meta property=\"og:image\" content=\"https:\/\/vestibulares.estrategia.com\/portal\/wp-content\/uploads\/2023\/12\/pexels-krizjohn-rosales-761295.jpg\" \/>\n\t<meta property=\"og:image:width\" content=\"1280\" \/>\n\t<meta property=\"og:image:height\" content=\"799\" \/>\n\t<meta property=\"og:image:type\" content=\"image\/jpeg\" \/>\n<meta name=\"author\" content=\"Kauane Elias\" \/>\n<meta name=\"twitter:card\" content=\"summary_large_image\" \/>\n<meta name=\"twitter:creator\" content=\"@Estrategiavest\" \/>\n<meta name=\"twitter:site\" content=\"@Estrategiavest\" \/>\n<meta name=\"twitter:label1\" content=\"Escrito por\" \/>\n\t<meta name=\"twitter:data1\" content=\"Kauane Elias\" \/>\n\t<meta name=\"twitter:label2\" content=\"Est. tempo de leitura\" \/>\n\t<meta name=\"twitter:data2\" content=\"10 minutos\" \/>\n<script type=\"application\/ld+json\" class=\"yoast-schema-graph\">{\"@context\":\"https:\\\/\\\/schema.org\",\"@graph\":[{\"@type\":\"Article\",\"@id\":\"https:\\\/\\\/vestibulares.estrategia.com\\\/portal\\\/materias\\\/sociologia\\\/sociologia-classica\\\/#article\",\"isPartOf\":{\"@id\":\"https:\\\/\\\/vestibulares.estrategia.com\\\/portal\\\/materias\\\/sociologia\\\/sociologia-classica\\\/\"},\"author\":{\"name\":\"Kauane Elias\",\"@id\":\"https:\\\/\\\/vestibulares.estrategia.com\\\/portal\\\/#\\\/schema\\\/person\\\/c3c8aff2b0e78cda59fba186b818b7b1\"},\"headline\":\"Sociologia cl\u00e1ssica: grandes pensadores e suas teorias\",\"datePublished\":\"2023-12-31T18:00:00+00:00\",\"dateModified\":\"2024-01-23T13:28:26+00:00\",\"mainEntityOfPage\":{\"@id\":\"https:\\\/\\\/vestibulares.estrategia.com\\\/portal\\\/materias\\\/sociologia\\\/sociologia-classica\\\/\"},\"wordCount\":2101,\"publisher\":{\"@id\":\"https:\\\/\\\/vestibulares.estrategia.com\\\/portal\\\/#organization\"},\"image\":{\"@id\":\"https:\\\/\\\/vestibulares.estrategia.com\\\/portal\\\/materias\\\/sociologia\\\/sociologia-classica\\\/#primaryimage\"},\"thumbnailUrl\":\"https:\\\/\\\/vestibulares.estrategia.com\\\/portal\\\/wp-content\\\/uploads\\\/2023\\\/12\\\/pexels-krizjohn-rosales-761295.jpg\",\"articleSection\":[\"Sociologia\"],\"inLanguage\":\"pt-BR\"},{\"@type\":\"WebPage\",\"@id\":\"https:\\\/\\\/vestibulares.estrategia.com\\\/portal\\\/materias\\\/sociologia\\\/sociologia-classica\\\/\",\"url\":\"https:\\\/\\\/vestibulares.estrategia.com\\\/portal\\\/materias\\\/sociologia\\\/sociologia-classica\\\/\",\"name\":\"Sociologia cl\u00e1ssica: grandes pensadores e suas teorias\",\"isPartOf\":{\"@id\":\"https:\\\/\\\/vestibulares.estrategia.com\\\/portal\\\/#website\"},\"primaryImageOfPage\":{\"@id\":\"https:\\\/\\\/vestibulares.estrategia.com\\\/portal\\\/materias\\\/sociologia\\\/sociologia-classica\\\/#primaryimage\"},\"image\":{\"@id\":\"https:\\\/\\\/vestibulares.estrategia.com\\\/portal\\\/materias\\\/sociologia\\\/sociologia-classica\\\/#primaryimage\"},\"thumbnailUrl\":\"https:\\\/\\\/vestibulares.estrategia.com\\\/portal\\\/wp-content\\\/uploads\\\/2023\\\/12\\\/pexels-krizjohn-rosales-761295.jpg\",\"datePublished\":\"2023-12-31T18:00:00+00:00\",\"dateModified\":\"2024-01-23T13:28:26+00:00\",\"description\":\"Neste artigo, voc\u00ea encontra um resumo sobre o pensamento dos quatro grandes pensadores da sociologia cl\u00e1ssica: Comte, Durkheim, Marx e Weber.\",\"breadcrumb\":{\"@id\":\"https:\\\/\\\/vestibulares.estrategia.com\\\/portal\\\/materias\\\/sociologia\\\/sociologia-classica\\\/#breadcrumb\"},\"inLanguage\":\"pt-BR\",\"potentialAction\":[{\"@type\":\"ReadAction\",\"target\":[\"https:\\\/\\\/vestibulares.estrategia.com\\\/portal\\\/materias\\\/sociologia\\\/sociologia-classica\\\/\"]}]},{\"@type\":\"ImageObject\",\"inLanguage\":\"pt-BR\",\"@id\":\"https:\\\/\\\/vestibulares.estrategia.com\\\/portal\\\/materias\\\/sociologia\\\/sociologia-classica\\\/#primaryimage\",\"url\":\"https:\\\/\\\/vestibulares.estrategia.com\\\/portal\\\/wp-content\\\/uploads\\\/2023\\\/12\\\/pexels-krizjohn-rosales-761295.jpg\",\"contentUrl\":\"https:\\\/\\\/vestibulares.estrategia.com\\\/portal\\\/wp-content\\\/uploads\\\/2023\\\/12\\\/pexels-krizjohn-rosales-761295.jpg\",\"width\":1280,\"height\":799},{\"@type\":\"BreadcrumbList\",\"@id\":\"https:\\\/\\\/vestibulares.estrategia.com\\\/portal\\\/materias\\\/sociologia\\\/sociologia-classica\\\/#breadcrumb\",\"itemListElement\":[{\"@type\":\"ListItem\",\"position\":1,\"name\":\"Home\",\"item\":\"https:\\\/\\\/vestibulares.estrategia.com\\\/portal\\\/\"},{\"@type\":\"ListItem\",\"position\":2,\"name\":\"Mat\u00e9rias\",\"item\":\"https:\\\/\\\/vestibulares.estrategia.com\\\/portal\\\/materias\\\/\"},{\"@type\":\"ListItem\",\"position\":3,\"name\":\"Sociologia\",\"item\":\"https:\\\/\\\/vestibulares.estrategia.com\\\/portal\\\/materias\\\/sociologia\\\/\"},{\"@type\":\"ListItem\",\"position\":4,\"name\":\"Sociologia cl\u00e1ssica: grandes pensadores e suas teorias\"}]},{\"@type\":\"WebSite\",\"@id\":\"https:\\\/\\\/vestibulares.estrategia.com\\\/portal\\\/#website\",\"url\":\"https:\\\/\\\/vestibulares.estrategia.com\\\/portal\\\/\",\"name\":\"Estrat\u00e9gia Vestibulares\",\"description\":\"\",\"publisher\":{\"@id\":\"https:\\\/\\\/vestibulares.estrategia.com\\\/portal\\\/#organization\"},\"potentialAction\":[{\"@type\":\"SearchAction\",\"target\":{\"@type\":\"EntryPoint\",\"urlTemplate\":\"https:\\\/\\\/vestibulares.estrategia.com\\\/portal\\\/?s={search_term_string}\"},\"query-input\":{\"@type\":\"PropertyValueSpecification\",\"valueRequired\":true,\"valueName\":\"search_term_string\"}}],\"inLanguage\":\"pt-BR\"},{\"@type\":\"Organization\",\"@id\":\"https:\\\/\\\/vestibulares.estrategia.com\\\/portal\\\/#organization\",\"name\":\"Estrat\u00e9gia Vestibulares\",\"url\":\"https:\\\/\\\/vestibulares.estrategia.com\\\/portal\\\/\",\"logo\":{\"@type\":\"ImageObject\",\"inLanguage\":\"pt-BR\",\"@id\":\"https:\\\/\\\/vestibulares.estrategia.com\\\/portal\\\/#\\\/schema\\\/logo\\\/image\\\/\",\"url\":\"https:\\\/\\\/vestibulares.estrategia.com\\\/portal\\\/wp-content\\\/uploads\\\/2021\\\/06\\\/Logo-Vestibulares@4x.png\",\"contentUrl\":\"https:\\\/\\\/vestibulares.estrategia.com\\\/portal\\\/wp-content\\\/uploads\\\/2021\\\/06\\\/Logo-Vestibulares@4x.png\",\"width\":250,\"height\":66,\"caption\":\"Estrat\u00e9gia Vestibulares\"},\"image\":{\"@id\":\"https:\\\/\\\/vestibulares.estrategia.com\\\/portal\\\/#\\\/schema\\\/logo\\\/image\\\/\"},\"sameAs\":[\"https:\\\/\\\/facebook.com\\\/estrategiavestibulares\",\"https:\\\/\\\/x.com\\\/Estrategiavest\",\"https:\\\/\\\/www.instagram.com\\\/estrategiavestibulares\",\"https:\\\/\\\/www.youtube.com\\\/channel\\\/UCGWdZy8ULI-7_5GrABa4vNA\"]},{\"@type\":\"Person\",\"@id\":\"https:\\\/\\\/vestibulares.estrategia.com\\\/portal\\\/#\\\/schema\\\/person\\\/c3c8aff2b0e78cda59fba186b818b7b1\",\"name\":\"Kauane Elias\",\"image\":{\"@type\":\"ImageObject\",\"inLanguage\":\"pt-BR\",\"@id\":\"https:\\\/\\\/secure.gravatar.com\\\/avatar\\\/8e80772bbad4df9736e04a57d5d9e7505912087da8ecb6278b4b7be123170e95?s=96&d=mm&r=g\",\"url\":\"https:\\\/\\\/secure.gravatar.com\\\/avatar\\\/8e80772bbad4df9736e04a57d5d9e7505912087da8ecb6278b4b7be123170e95?s=96&d=mm&r=g\",\"contentUrl\":\"https:\\\/\\\/secure.gravatar.com\\\/avatar\\\/8e80772bbad4df9736e04a57d5d9e7505912087da8ecb6278b4b7be123170e95?s=96&d=mm&r=g\",\"caption\":\"Kauane Elias\"},\"description\":\"Medicina - Unicamp. F\u00e9. \\\"Um mundo melhor come\u00e7a na transforma\u00e7\u00e3o do pr\u00f3prio mundo!\\\"\",\"url\":\"https:\\\/\\\/vestibulares.estrategia.com\\\/portal\\\/author\\\/kauane\\\/\"}]}<\/script>\n<!-- \/ Yoast SEO Premium plugin. -->","yoast_head_json":{"title":"Sociologia cl\u00e1ssica: grandes pensadores e suas teorias","description":"Neste artigo, voc\u00ea encontra um resumo sobre o pensamento dos quatro grandes pensadores da sociologia cl\u00e1ssica: Comte, Durkheim, Marx e Weber.","robots":{"index":"index","follow":"follow","max-snippet":"max-snippet:-1","max-image-preview":"max-image-preview:large","max-video-preview":"max-video-preview:-1"},"canonical":"https:\/\/vestibulares.estrategia.com\/portal\/materias\/sociologia\/sociologia-classica\/","og_locale":"pt_BR","og_type":"article","og_title":"Sociologia cl\u00e1ssica: grandes pensadores e suas teorias","og_description":"Neste artigo, voc\u00ea encontra um resumo sobre o pensamento dos quatro grandes pensadores da sociologia cl\u00e1ssica: Comte, Durkheim, Marx e Weber.","og_url":"https:\/\/vestibulares.estrategia.com\/portal\/materias\/sociologia\/sociologia-classica\/","og_site_name":"Estrat\u00e9gia Vestibulares","article_publisher":"https:\/\/facebook.com\/estrategiavestibulares","article_published_time":"2023-12-31T18:00:00+00:00","article_modified_time":"2024-01-23T13:28:26+00:00","og_image":[{"width":1280,"height":799,"url":"https:\/\/vestibulares.estrategia.com\/portal\/wp-content\/uploads\/2023\/12\/pexels-krizjohn-rosales-761295.jpg","type":"image\/jpeg"}],"author":"Kauane Elias","twitter_card":"summary_large_image","twitter_creator":"@Estrategiavest","twitter_site":"@Estrategiavest","twitter_misc":{"Escrito por":"Kauane Elias","Est. tempo de leitura":"10 minutos"},"schema":{"@context":"https:\/\/schema.org","@graph":[{"@type":"Article","@id":"https:\/\/vestibulares.estrategia.com\/portal\/materias\/sociologia\/sociologia-classica\/#article","isPartOf":{"@id":"https:\/\/vestibulares.estrategia.com\/portal\/materias\/sociologia\/sociologia-classica\/"},"author":{"name":"Kauane Elias","@id":"https:\/\/vestibulares.estrategia.com\/portal\/#\/schema\/person\/c3c8aff2b0e78cda59fba186b818b7b1"},"headline":"Sociologia cl\u00e1ssica: grandes pensadores e suas teorias","datePublished":"2023-12-31T18:00:00+00:00","dateModified":"2024-01-23T13:28:26+00:00","mainEntityOfPage":{"@id":"https:\/\/vestibulares.estrategia.com\/portal\/materias\/sociologia\/sociologia-classica\/"},"wordCount":2101,"publisher":{"@id":"https:\/\/vestibulares.estrategia.com\/portal\/#organization"},"image":{"@id":"https:\/\/vestibulares.estrategia.com\/portal\/materias\/sociologia\/sociologia-classica\/#primaryimage"},"thumbnailUrl":"https:\/\/vestibulares.estrategia.com\/portal\/wp-content\/uploads\/2023\/12\/pexels-krizjohn-rosales-761295.jpg","articleSection":["Sociologia"],"inLanguage":"pt-BR"},{"@type":"WebPage","@id":"https:\/\/vestibulares.estrategia.com\/portal\/materias\/sociologia\/sociologia-classica\/","url":"https:\/\/vestibulares.estrategia.com\/portal\/materias\/sociologia\/sociologia-classica\/","name":"Sociologia cl\u00e1ssica: grandes pensadores e suas teorias","isPartOf":{"@id":"https:\/\/vestibulares.estrategia.com\/portal\/#website"},"primaryImageOfPage":{"@id":"https:\/\/vestibulares.estrategia.com\/portal\/materias\/sociologia\/sociologia-classica\/#primaryimage"},"image":{"@id":"https:\/\/vestibulares.estrategia.com\/portal\/materias\/sociologia\/sociologia-classica\/#primaryimage"},"thumbnailUrl":"https:\/\/vestibulares.estrategia.com\/portal\/wp-content\/uploads\/2023\/12\/pexels-krizjohn-rosales-761295.jpg","datePublished":"2023-12-31T18:00:00+00:00","dateModified":"2024-01-23T13:28:26+00:00","description":"Neste artigo, voc\u00ea encontra um resumo sobre o pensamento dos quatro grandes pensadores da sociologia cl\u00e1ssica: Comte, Durkheim, Marx e Weber.","breadcrumb":{"@id":"https:\/\/vestibulares.estrategia.com\/portal\/materias\/sociologia\/sociologia-classica\/#breadcrumb"},"inLanguage":"pt-BR","potentialAction":[{"@type":"ReadAction","target":["https:\/\/vestibulares.estrategia.com\/portal\/materias\/sociologia\/sociologia-classica\/"]}]},{"@type":"ImageObject","inLanguage":"pt-BR","@id":"https:\/\/vestibulares.estrategia.com\/portal\/materias\/sociologia\/sociologia-classica\/#primaryimage","url":"https:\/\/vestibulares.estrategia.com\/portal\/wp-content\/uploads\/2023\/12\/pexels-krizjohn-rosales-761295.jpg","contentUrl":"https:\/\/vestibulares.estrategia.com\/portal\/wp-content\/uploads\/2023\/12\/pexels-krizjohn-rosales-761295.jpg","width":1280,"height":799},{"@type":"BreadcrumbList","@id":"https:\/\/vestibulares.estrategia.com\/portal\/materias\/sociologia\/sociologia-classica\/#breadcrumb","itemListElement":[{"@type":"ListItem","position":1,"name":"Home","item":"https:\/\/vestibulares.estrategia.com\/portal\/"},{"@type":"ListItem","position":2,"name":"Mat\u00e9rias","item":"https:\/\/vestibulares.estrategia.com\/portal\/materias\/"},{"@type":"ListItem","position":3,"name":"Sociologia","item":"https:\/\/vestibulares.estrategia.com\/portal\/materias\/sociologia\/"},{"@type":"ListItem","position":4,"name":"Sociologia cl\u00e1ssica: grandes pensadores e suas teorias"}]},{"@type":"WebSite","@id":"https:\/\/vestibulares.estrategia.com\/portal\/#website","url":"https:\/\/vestibulares.estrategia.com\/portal\/","name":"Estrat\u00e9gia Vestibulares","description":"","publisher":{"@id":"https:\/\/vestibulares.estrategia.com\/portal\/#organization"},"potentialAction":[{"@type":"SearchAction","target":{"@type":"EntryPoint","urlTemplate":"https:\/\/vestibulares.estrategia.com\/portal\/?s={search_term_string}"},"query-input":{"@type":"PropertyValueSpecification","valueRequired":true,"valueName":"search_term_string"}}],"inLanguage":"pt-BR"},{"@type":"Organization","@id":"https:\/\/vestibulares.estrategia.com\/portal\/#organization","name":"Estrat\u00e9gia Vestibulares","url":"https:\/\/vestibulares.estrategia.com\/portal\/","logo":{"@type":"ImageObject","inLanguage":"pt-BR","@id":"https:\/\/vestibulares.estrategia.com\/portal\/#\/schema\/logo\/image\/","url":"https:\/\/vestibulares.estrategia.com\/portal\/wp-content\/uploads\/2021\/06\/Logo-Vestibulares@4x.png","contentUrl":"https:\/\/vestibulares.estrategia.com\/portal\/wp-content\/uploads\/2021\/06\/Logo-Vestibulares@4x.png","width":250,"height":66,"caption":"Estrat\u00e9gia Vestibulares"},"image":{"@id":"https:\/\/vestibulares.estrategia.com\/portal\/#\/schema\/logo\/image\/"},"sameAs":["https:\/\/facebook.com\/estrategiavestibulares","https:\/\/x.com\/Estrategiavest","https:\/\/www.instagram.com\/estrategiavestibulares","https:\/\/www.youtube.com\/channel\/UCGWdZy8ULI-7_5GrABa4vNA"]},{"@type":"Person","@id":"https:\/\/vestibulares.estrategia.com\/portal\/#\/schema\/person\/c3c8aff2b0e78cda59fba186b818b7b1","name":"Kauane Elias","image":{"@type":"ImageObject","inLanguage":"pt-BR","@id":"https:\/\/secure.gravatar.com\/avatar\/8e80772bbad4df9736e04a57d5d9e7505912087da8ecb6278b4b7be123170e95?s=96&d=mm&r=g","url":"https:\/\/secure.gravatar.com\/avatar\/8e80772bbad4df9736e04a57d5d9e7505912087da8ecb6278b4b7be123170e95?s=96&d=mm&r=g","contentUrl":"https:\/\/secure.gravatar.com\/avatar\/8e80772bbad4df9736e04a57d5d9e7505912087da8ecb6278b4b7be123170e95?s=96&d=mm&r=g","caption":"Kauane Elias"},"description":"Medicina - Unicamp. F\u00e9. \"Um mundo melhor come\u00e7a na transforma\u00e7\u00e3o do pr\u00f3prio mundo!\"","url":"https:\/\/vestibulares.estrategia.com\/portal\/author\/kauane\/"}]}},"_links":{"self":[{"href":"https:\/\/vestibulares.estrategia.com\/portal\/wp-json\/wp\/v2\/posts\/109955","targetHints":{"allow":["GET"]}}],"collection":[{"href":"https:\/\/vestibulares.estrategia.com\/portal\/wp-json\/wp\/v2\/posts"}],"about":[{"href":"https:\/\/vestibulares.estrategia.com\/portal\/wp-json\/wp\/v2\/types\/post"}],"author":[{"embeddable":true,"href":"https:\/\/vestibulares.estrategia.com\/portal\/wp-json\/wp\/v2\/users\/23"}],"replies":[{"embeddable":true,"href":"https:\/\/vestibulares.estrategia.com\/portal\/wp-json\/wp\/v2\/comments?post=109955"}],"version-history":[{"count":3,"href":"https:\/\/vestibulares.estrategia.com\/portal\/wp-json\/wp\/v2\/posts\/109955\/revisions"}],"predecessor-version":[{"id":110984,"href":"https:\/\/vestibulares.estrategia.com\/portal\/wp-json\/wp\/v2\/posts\/109955\/revisions\/110984"}],"wp:featuredmedia":[{"embeddable":true,"href":"https:\/\/vestibulares.estrategia.com\/portal\/wp-json\/wp\/v2\/media\/109911"}],"wp:attachment":[{"href":"https:\/\/vestibulares.estrategia.com\/portal\/wp-json\/wp\/v2\/media?parent=109955"}],"wp:term":[{"taxonomy":"category","embeddable":true,"href":"https:\/\/vestibulares.estrategia.com\/portal\/wp-json\/wp\/v2\/categories?post=109955"},{"taxonomy":"post_tag","embeddable":true,"href":"https:\/\/vestibulares.estrategia.com\/portal\/wp-json\/wp\/v2\/tags?post=109955"}],"curies":[{"name":"wp","href":"https:\/\/api.w.org\/{rel}","templated":true}]}}