{"id":110579,"date":"2024-01-12T17:48:15","date_gmt":"2024-01-12T20:48:15","guid":{"rendered":"https:\/\/vestibulares.estrategia.com\/portal\/?p=110579"},"modified":"2026-01-19T10:19:22","modified_gmt":"2026-01-19T13:19:22","slug":"notas-de-corte-psicologia-sisu","status":"publish","type":"post","link":"https:\/\/vestibulares.estrategia.com\/portal\/enem-e-vestibulares\/sisu\/notas-de-corte-psicologia-sisu\/","title":{"rendered":"Notas de corte de Psicologia no Sisu: veja as notas m\u00ednimas para ingresso no curso"},"content":{"rendered":"<p>O curso de Psicologia est&aacute; em evid&ecirc;ncia: houve um salto na procura pelo curso nos &uacute;ltimos anos, impulsionado pelo aumento da preocupa&ccedil;&atilde;o da sociedade com a sa&uacute;de mental. A gradua&ccedil;&atilde;o tem vasta &aacute;rea de atua&ccedil;&atilde;o e campos de pesquisa distintos, o que traz flexibilidade de escolha durante e ap&oacute;s o per&iacute;odo universit&aacute;rio.<p>A ci&ecirc;ncia tem como objetivo tratar fen&ocirc;menos, estados e processos mentais, analisando tamb&eacute;m o comportamento humano e suas rela&ccedil;&otilde;es com o meio social e f&iacute;sico. A partir disso, compreende sentimentos, ideias, atitudes e pensamentos humanos, com a inten&ccedil;&atilde;o de identificar padr&otilde;es e poss&iacute;veis dist&uacute;rbios que afetam a sa&uacute;de mental do indiv&iacute;duo.<\/p><p>H&aacute; atua&ccedil;&atilde;o de formados em Psicologia em muitas &aacute;reas no mercado de trabalho indo desde empresas, escolas e hospitais at&eacute; mesmo &oacute;rg&atilde;os p&uacute;blicos, institui&ccedil;&otilde;es esportivas e cl&iacute;nicas particulares. O Portal Estrat&eacute;gia Vestibulares separou as notas de corte do curso de todas as universidades que oferecem a gradua&ccedil;&atilde;o pelo Sisu. Confira abaixo!<\/p><p class=\"wp-block-verse\"><strong>Veja tamb&eacute;m:<br><\/strong><a href=\"https:\/\/vestibulares.estrategia.com\/portal\/profissoes\/11-filmes-para-quem-quer-estudar-psicologia\/\">+ 11 filmes para quem quer estudar Psicologia<br><\/a><a href=\"https:\/\/vestibulares.estrategia.com\/portal\/atualidades-e-dicas\/7-livros-psicologia\/\">+ 7 indica&ccedil;&otilde;es de livros para quem quer estudar Psicologia<br><\/a><a href=\"https:\/\/vestibulares.estrategia.com\/portal\/noticias\/tema-de-redacao-uece-2024\/\">+ Tema de reda&ccedil;&atilde;o Uece 2024 aborda import&acirc;ncia de psic&oacute;logos nas escolas<\/a><\/p><p>\n\n\n\n<div class=\"cta-medio\" style=\"background-image: url(https:\/\/vestibulares.estrategia.com\/portal\/wp-content\/uploads\/2024\/08\/curso-enem-e-vestibulares-2-estrategia-vestibulares-ctamedio.png.jpg);\"><h3>Pacote Vestibulares Platinum<\/h3><p>Conhe\u00e7a nosso curso<\/p><div class=\"cta-botao\"><a id=\"cta-medio\" href=\"https:\/\/vestibulares.estrategia.com\/curso\/vestibulares-platinum\/\" target=\"_blank\" style=\"background:rgb(255,150,0)\">Compre agora<\/a><\/div><\/div>\n\n\n\n<\/p><div id=\"ez-toc-container\" class=\"ez-toc-v2_0_76 counter-hierarchy ez-toc-counter ez-toc-transparent ez-toc-container-direction\">\n<div class=\"ez-toc-title-container\"><p class=\"ez-toc-title\" style=\"cursor:inherit\">Navegue pelo conte\u00fado<\/p>\n<\/div><nav><ul class='ez-toc-list ez-toc-list-level-1 ' ><li class='ez-toc-page-1 ez-toc-heading-level-2'><a class=\"ez-toc-link ez-toc-heading-1\" href=\"https:\/\/vestibulares.estrategia.com\/portal\/enem-e-vestibulares\/sisu\/notas-de-corte-psicologia-sisu\/#O-que-e-nota-de-corte\" >O que &eacute; nota de corte?<\/a><\/li><li class='ez-toc-page-1 ez-toc-heading-level-2'><a class=\"ez-toc-link ez-toc-heading-2\" href=\"https:\/\/vestibulares.estrategia.com\/portal\/enem-e-vestibulares\/sisu\/notas-de-corte-psicologia-sisu\/#Como-funcionam-as-concorrencias-no-Sisu\" >Como funcionam as concorr&ecirc;ncias no Sisu?<\/a><\/li><li class='ez-toc-page-1 ez-toc-heading-level-2'><a class=\"ez-toc-link ez-toc-heading-3\" href=\"https:\/\/vestibulares.estrategia.com\/portal\/enem-e-vestibulares\/sisu\/notas-de-corte-psicologia-sisu\/#Notas-de-corte-de-Psicologia-no-Sisu\" >Notas de corte de Psicologia no Sisu<\/a><\/li><li class='ez-toc-page-1 ez-toc-heading-level-2'><a class=\"ez-toc-link ez-toc-heading-4\" href=\"https:\/\/vestibulares.estrategia.com\/portal\/enem-e-vestibulares\/sisu\/notas-de-corte-psicologia-sisu\/#Mais-informacoes-sobre-o-curso-de-Psicologia\" >Mais informa&ccedil;&otilde;es sobre o curso de Psicologia<\/a><\/li><li class='ez-toc-page-1 ez-toc-heading-level-2'><a class=\"ez-toc-link ez-toc-heading-5\" href=\"https:\/\/vestibulares.estrategia.com\/portal\/enem-e-vestibulares\/sisu\/notas-de-corte-psicologia-sisu\/#Como-funciona-o-Sisu\" >Como funciona o Sisu?<\/a><\/li><li class='ez-toc-page-1 ez-toc-heading-level-2'><a class=\"ez-toc-link ez-toc-heading-6\" href=\"https:\/\/vestibulares.estrategia.com\/portal\/enem-e-vestibulares\/sisu\/notas-de-corte-psicologia-sisu\/#Minha-nota-nao-e-suficiente-E-agora\" >Minha nota n&atilde;o &eacute; suficiente. E agora?<\/a><\/li><\/ul><\/nav><\/div>\n<h2 class=\"wp-block-heading\" id=\"h-o-que-e-nota-de-corte\"><span class=\"ez-toc-section\" id=\"O-que-e-nota-de-corte\"><\/span>O que &eacute; nota de corte?<span class=\"ez-toc-section-end\"><\/span><\/h2><p>As notas de corte s&atilde;o estimadas com base na pontua&ccedil;&atilde;o m&iacute;nima necess&aacute;ria para que um candidato ingresse no curso selecionado. O &iacute;ndice &eacute; vari&aacute;vel pelo fato de que ele &eacute; medido a partir da nota do &uacute;ltimo candidato aprovado em primeira chamada.<\/p><p>Isso faz com que seja poss&iacute;vel conferir as notas de corte de acordo com diferentes par&acirc;metros como institui&ccedil;&atilde;o e curso, ajudando os candidatos a terem uma vis&atilde;o sobre a nota que ser&aacute; necess&aacute;ria para a aprova&ccedil;&atilde;o na gradua&ccedil;&atilde;o escolhida.<\/p><p class=\"wp-block-verse\"><strong>Saiba mais:<br><\/strong><a href=\"https:\/\/vestibulares.estrategia.com\/portal\/enem-e-vestibulares\/sisu\/nota-corte-sisu\/\">+ Nota de corte do Sisu: veja o que &eacute; e como funciona<\/a><\/p><h2 class=\"wp-block-heading\" id=\"h-como-funcionam-as-concorrencias-no-sisu\"><span class=\"ez-toc-section\" id=\"Como-funcionam-as-concorrencias-no-Sisu\"><\/span>Como funcionam as concorr&ecirc;ncias no Sisu?<span class=\"ez-toc-section-end\"><\/span><\/h2><p>O Sisu aplica a Lei de Cotas, que teve altera&ccedil;&otilde;es em 2023, e distribui suas vagas em modalidades diferentes, que contam tamb&eacute;m com a&ccedil;&otilde;es afirmativas e a ampla concorr&ecirc;ncia.<\/p><p>A Lei de cotas reserva um n&uacute;mero determinado de vagas (50% do total) para grupos espec&iacute;ficos de forma racial e social. J&aacute; a Ampla Concorr&ecirc;ncia s&atilde;o as vagas abertas a qualquer grupo, inclusive pessoas que possam participar da sele&ccedil;&atilde;o pela Lei de Cotas, diferentemente dos anos anteriores.<\/p><p>Anteriormente uma pessoa que se aplicava a Lei de Cotas participava dessa &ldquo;fila&rdquo; mesmo se sua nota permitisse o acesso por meio das notas de Ampla Concorr&ecirc;ncia. A partir do Sisu 2024 a Ampla Concorr&ecirc;ncia abrigar&aacute; todas as pessoas com nota suficiente para tal e somente a partir dessa sele&ccedil;&atilde;o que ser&aacute; aplicada a Lei de Cotas.<\/p><p class=\"wp-block-verse\"><strong>Acesse tamb&eacute;m:<br><\/strong><a href=\"https:\/\/vestibulares.estrategia.com\/portal\/enem-e-vestibulares\/sisu\/modalidades-sisu\/\">+ Modalidades do Sisu: quais s&atilde;o as diferen&ccedil;as entre ampla concorr&ecirc;ncia, a&ccedil;&otilde;es afirmativas e Lei de Cotas?<\/a><br><a href=\"https:\/\/vestibulares.estrategia.com\/portal\/enem-e-vestibulares\/vestibulares\/lei-de-cotas-o-que-muda-com-a-atualizacao\/\">+ Lei de Cotas: o que muda com a atualiza&ccedil;&atilde;o?<\/a><\/p><h2 class=\"wp-block-heading\" id=\"h-notas-de-corte-de-psicologia-no-sisu\"><span class=\"ez-toc-section\" id=\"Notas-de-corte-de-Psicologia-no-Sisu\"><\/span>Notas de corte de Psicologia no Sisu<span class=\"ez-toc-section-end\"><\/span><\/h2><p>Confira, abaixo, as notas de corte de Psicologia presentes no Sisu 2025 (&uacute;ltima edi&ccedil;&atilde;o divulgada) na modalidade Ampla Concorr&ecirc;ncia (AC):<\/p><figure class=\"wp-block-table is-style-stripes\"><table><tbody><tr><td class=\"has-text-align-center\" data-align=\"center\"><strong>UNIVERSIDADE<\/strong><\/td><td class=\"has-text-align-center\" data-align=\"center\"><strong>CIDADE\/CAMPUS<\/strong><\/td><td class=\"has-text-align-center\" data-align=\"center\"><strong>TURNO<\/strong><\/td><td class=\"has-text-align-center\" data-align=\"center\"><strong>VAGAS AMPLA CONCORR&Ecirc;NCIA<\/strong><\/td><td class=\"has-text-align-center\" data-align=\"center\"><strong>NOTA DE CORTE<\/strong><\/td><\/tr><tr><td class=\"has-text-align-center\" data-align=\"center\">UNIVERSIDADE FEDERAL DE SANTA CATARINA (UFSC)<\/td><td class=\"has-text-align-center\" data-align=\"center\">Florian&oacute;polis<\/td><td class=\"has-text-align-center\" data-align=\"center\">Integral<\/td><td class=\"has-text-align-center\" data-align=\"center\">11<\/td><td class=\"has-text-align-center\" data-align=\"center\">773,80<\/td><\/tr><tr><td class=\"has-text-align-center\" data-align=\"center\">UNIVERSIDADE FEDERAL DE MATO GROSSO DO SUL (UFMS)<\/td><td class=\"has-text-align-center\" data-align=\"center\">Campo Grande<\/td><td class=\"has-text-align-center\" data-align=\"center\">Integral<\/td><td class=\"has-text-align-center\" data-align=\"center\">1<\/td><td class=\"has-text-align-center\" data-align=\"center\">772,74<\/td><\/tr><tr><td class=\"has-text-align-center\" data-align=\"center\">UNIVERSIDADE FEDERAL DO RIO DE JANEIRO (UFRJ)<\/td><td class=\"has-text-align-center\" data-align=\"center\">Rio de Janeiro<\/td><td class=\"has-text-align-center\" data-align=\"center\">Integral<\/td><td class=\"has-text-align-center\" data-align=\"center\">90<\/td><td class=\"has-text-align-center\" data-align=\"center\">770,43<\/td><\/tr><tr><td class=\"has-text-align-center\" data-align=\"center\">UNIVERSIDADE FEDERAL DO RIO GRANDE DO SUL (UFRGS)<\/td><td class=\"has-text-align-center\" data-align=\"center\">Porto Alegre<\/td><td class=\"has-text-align-center\" data-align=\"center\">Noturno<\/td><td class=\"has-text-align-center\" data-align=\"center\">2<\/td><td class=\"has-text-align-center\" data-align=\"center\">768,00<\/td><\/tr><tr><td class=\"has-text-align-center\" data-align=\"center\">UNIVERSIDADE FEDERAL DO PARAN&Aacute; (UFPR)<\/td><td class=\"has-text-align-center\" data-align=\"center\">Curitiba<\/td><td class=\"has-text-align-center\" data-align=\"center\">Integral<\/td><td class=\"has-text-align-center\" data-align=\"center\">7<\/td><td class=\"has-text-align-center\" data-align=\"center\">764,94<\/td><\/tr><tr><td class=\"has-text-align-center\" data-align=\"center\">UNIVERSIDADE FEDERAL DE MINAS GERAIS (UFMG)<\/td><td class=\"has-text-align-center\" data-align=\"center\">Belo Horizonte<\/td><td class=\"has-text-align-center\" data-align=\"center\">Matutino<\/td><td class=\"has-text-align-center\" data-align=\"center\">66<\/td><td class=\"has-text-align-center\" data-align=\"center\">761,90<\/td><\/tr><tr><td class=\"has-text-align-center\" data-align=\"center\">UNIVERSIDADE FEDERAL DO RIO GRANDE DO SUL (UFRGS)<\/td><td class=\"has-text-align-center\" data-align=\"center\">Porto Alegre<\/td><td class=\"has-text-align-center\" data-align=\"center\">Integral<\/td><td class=\"has-text-align-center\" data-align=\"center\">5<\/td><td class=\"has-text-align-center\" data-align=\"center\">761,62<\/td><\/tr><tr><td class=\"has-text-align-center\" data-align=\"center\">UNIVERSIDADE FEDERAL DE MATO GROSSO DO SUL (UFMS)<\/td><td class=\"has-text-align-center\" data-align=\"center\">Parana&iacute;ba<\/td><td class=\"has-text-align-center\" data-align=\"center\">Integral<\/td><td class=\"has-text-align-center\" data-align=\"center\">1<\/td><td class=\"has-text-align-center\" data-align=\"center\">760,56<\/td><\/tr><tr><td class=\"has-text-align-center\" data-align=\"center\">UNIVERSIDADE FEDERAL DE JUIZ DE FORA (UFJF)<\/td><td class=\"has-text-align-center\" data-align=\"center\">Juiz de Fora<\/td><td class=\"has-text-align-center\" data-align=\"center\">Integral<\/td><td class=\"has-text-align-center\" data-align=\"center\">11<\/td><td class=\"has-text-align-center\" data-align=\"center\">756,62<\/td><\/tr><tr><td class=\"has-text-align-center\" data-align=\"center\">UNIVERSIDADE FEDERAL DE SERGIPE (UFS)<\/td><td class=\"has-text-align-center\" data-align=\"center\">S&atilde;o Crist&oacute;v&atilde;o<\/td><td class=\"has-text-align-center\" data-align=\"center\">Vespertino<\/td><td class=\"has-text-align-center\" data-align=\"center\">20<\/td><td class=\"has-text-align-center\" data-align=\"center\">755,87<\/td><\/tr><tr><td class=\"has-text-align-center\" data-align=\"center\">UNIVERSIDADE FEDERAL DE S&Atilde;O PAULO (UNIFESP)<\/td><td class=\"has-text-align-center\" data-align=\"center\">Santos<\/td><td class=\"has-text-align-center\" data-align=\"center\">Integral<\/td><td class=\"has-text-align-center\" data-align=\"center\">23<\/td><td class=\"has-text-align-center\" data-align=\"center\">755,05<\/td><\/tr><tr><td class=\"has-text-align-center\" data-align=\"center\">UNIVERSIDADE FEDERAL DE S&Atilde;O CARLOS (UFSCAR)<\/td><td class=\"has-text-align-center\" data-align=\"center\">S&atilde;o Carlos<\/td><td class=\"has-text-align-center\" data-align=\"center\">Integral<\/td><td class=\"has-text-align-center\" data-align=\"center\">20<\/td><td class=\"has-text-align-center\" data-align=\"center\">754,84<\/td><\/tr><tr><td class=\"has-text-align-center\" data-align=\"center\">UNIVERSIDADE FEDERAL FLUMINENSE (UFF)<\/td><td class=\"has-text-align-center\" data-align=\"center\">Niter&oacute;i<\/td><td class=\"has-text-align-center\" data-align=\"center\">Integral<\/td><td class=\"has-text-align-center\" data-align=\"center\">41<\/td><td class=\"has-text-align-center\" data-align=\"center\">754,00<\/td><\/tr><tr><td class=\"has-text-align-center\" data-align=\"center\">UNIVERSIDADE FEDERAL DE MATO GROSSO DO SUL (UFMS)<\/td><td class=\"has-text-align-center\" data-align=\"center\">Corumb&aacute;<\/td><td class=\"has-text-align-center\" data-align=\"center\">Integral<\/td><td class=\"has-text-align-center\" data-align=\"center\">1<\/td><td class=\"has-text-align-center\" data-align=\"center\">753,59<\/td><\/tr><tr><td class=\"has-text-align-center\" data-align=\"center\">UNIVERSIDADE FEDERAL DE GOI&Aacute;S (UFG)<\/td><td class=\"has-text-align-center\" data-align=\"center\">Goi&acirc;nia<\/td><td class=\"has-text-align-center\" data-align=\"center\">Integral<\/td><td class=\"has-text-align-center\" data-align=\"center\">17<\/td><td class=\"has-text-align-center\" data-align=\"center\">751,42<\/td><\/tr><tr><td class=\"has-text-align-center\" data-align=\"center\">FUNDA&Ccedil;&Atilde;O UNIVERSIDADE FEDERAL DE CI&Ecirc;NCIAS DA SA&Uacute;DE DE PORTO ALEGRE (UFCSPA)<\/td><td class=\"has-text-align-center\" data-align=\"center\">Porto Alegre<\/td><td class=\"has-text-align-center\" data-align=\"center\">Noturno<\/td><td class=\"has-text-align-center\" data-align=\"center\">20<\/td><td class=\"has-text-align-center\" data-align=\"center\">750,40<\/td><\/tr><tr><td class=\"has-text-align-center\" data-align=\"center\">UNIVERSIDADE ESTADUAL DE LONDRINA (UEL)<\/td><td class=\"has-text-align-center\" data-align=\"center\">Londrina<\/td><td class=\"has-text-align-center\" data-align=\"center\">Integral<\/td><td class=\"has-text-align-center\" data-align=\"center\">10<\/td><td class=\"has-text-align-center\" data-align=\"center\">749,48<\/td><\/tr><tr><td class=\"has-text-align-center\" data-align=\"center\">UNIVERSIDADE ESTADUAL DE MARING&Aacute; (UEM)<\/td><td class=\"has-text-align-center\" data-align=\"center\">Maring&aacute;<\/td><td class=\"has-text-align-center\" data-align=\"center\">Integral<\/td><td class=\"has-text-align-center\" data-align=\"center\">5<\/td><td class=\"has-text-align-center\" data-align=\"center\">748,86<\/td><\/tr><tr><td class=\"has-text-align-center\" data-align=\"center\">UNIVERSIDADE FEDERAL DO ESP&Iacute;RITO SANTO (UFES)<\/td><td class=\"has-text-align-center\" data-align=\"center\">Vit&oacute;ria<\/td><td class=\"has-text-align-center\" data-align=\"center\">Integral<\/td><td class=\"has-text-align-center\" data-align=\"center\">30<\/td><td class=\"has-text-align-center\" data-align=\"center\">746,63<\/td><\/tr><tr><td class=\"has-text-align-center\" data-align=\"center\">UNIVERSIDADE FEDERAL DO CEAR&Aacute; (UFC)<\/td><td class=\"has-text-align-center\" data-align=\"center\">Fortaleza<\/td><td class=\"has-text-align-center\" data-align=\"center\">Integral<\/td><td class=\"has-text-align-center\" data-align=\"center\">40<\/td><td class=\"has-text-align-center\" data-align=\"center\">744,36<\/td><\/tr><tr><td class=\"has-text-align-center\" data-align=\"center\">UNIVERSIDADE FEDERAL RURAL DO RIO DE JANEIRO (UFRRJ)<\/td><td class=\"has-text-align-center\" data-align=\"center\">Serop&eacute;dica<\/td><td class=\"has-text-align-center\" data-align=\"center\">Integral<\/td><td class=\"has-text-align-center\" data-align=\"center\">22<\/td><td class=\"has-text-align-center\" data-align=\"center\">742,70<\/td><\/tr><tr><td class=\"has-text-align-center\" data-align=\"center\">UNIVERSIDADE FEDERAL DO TRI&Acirc;NGULO MINEIRO (UFTM)<\/td><td class=\"has-text-align-center\" data-align=\"center\">Uberaba<\/td><td class=\"has-text-align-center\" data-align=\"center\">Integral<\/td><td class=\"has-text-align-center\" data-align=\"center\">15<\/td><td class=\"has-text-align-center\" data-align=\"center\">742,51<\/td><\/tr><tr><td class=\"has-text-align-center\" data-align=\"center\">UNIVERSIDADE DO ESTADO DE MINAS GERAIS (UEMG)<\/td><td class=\"has-text-align-center\" data-align=\"center\">Belo Horizonte<\/td><td class=\"has-text-align-center\" data-align=\"center\">Matutino<\/td><td class=\"has-text-align-center\" data-align=\"center\">10<\/td><td class=\"has-text-align-center\" data-align=\"center\">741,76<\/td><\/tr><tr><td class=\"has-text-align-center\" data-align=\"center\">UNIVERSIDADE FEDERAL DE UBERL&Acirc;NDIA (UFU)<\/td><td class=\"has-text-align-center\" data-align=\"center\">Uberl&acirc;ndia<\/td><td class=\"has-text-align-center\" data-align=\"center\">Integral<\/td><td class=\"has-text-align-center\" data-align=\"center\">20<\/td><td class=\"has-text-align-center\" data-align=\"center\">740,78<\/td><\/tr><tr><td class=\"has-text-align-center\" data-align=\"center\">UNIVERSIDADE FEDERAL DE SANTA MARIA (UFSM)<\/td><td class=\"has-text-align-center\" data-align=\"center\">Santa Maria<\/td><td class=\"has-text-align-center\" data-align=\"center\">Integral<\/td><td class=\"has-text-align-center\" data-align=\"center\">10<\/td><td class=\"has-text-align-center\" data-align=\"center\">736,63<\/td><\/tr><tr><td class=\"has-text-align-center\" data-align=\"center\">UNIVERSIDADE FEDERAL DA BAHIA (UFBA)<\/td><td class=\"has-text-align-center\" data-align=\"center\">Salvador<\/td><td class=\"has-text-align-center\" data-align=\"center\">Integral<\/td><td class=\"has-text-align-center\" data-align=\"center\">28<\/td><td class=\"has-text-align-center\" data-align=\"center\">736,39<\/td><\/tr><tr><td class=\"has-text-align-center\" data-align=\"center\">UNIVERSIDADE DO ESTADO DA BAHIA (UNEB)<\/td><td class=\"has-text-align-center\" data-align=\"center\">Salvador<\/td><td class=\"has-text-align-center\" data-align=\"center\">Vespertino<\/td><td class=\"has-text-align-center\" data-align=\"center\">4<\/td><td class=\"has-text-align-center\" data-align=\"center\">735,72<\/td><\/tr><tr><td class=\"has-text-align-center\" data-align=\"center\">UNIVERSIDADE ESTADUAL DA PARA&Iacute;BA (UEPB)<\/td><td class=\"has-text-align-center\" data-align=\"center\">Campina Grande<\/td><td class=\"has-text-align-center\" data-align=\"center\">Integral<\/td><td class=\"has-text-align-center\" data-align=\"center\">38<\/td><td class=\"has-text-align-center\" data-align=\"center\">735,31<\/td><\/tr><tr><td class=\"has-text-align-center\" data-align=\"center\">UNIVERSIDADE FEDERAL DO SUL DA BAHIA (UFSB)<\/td><td class=\"has-text-align-center\" data-align=\"center\">Teixeira de Freitas<\/td><td class=\"has-text-align-center\" data-align=\"center\">Integral<\/td><td class=\"has-text-align-center\" data-align=\"center\">1<\/td><td class=\"has-text-align-center\" data-align=\"center\">734,74<\/td><\/tr><tr><td class=\"has-text-align-center\" data-align=\"center\">UNIVERSIDADE FEDERAL DO AMAZONAS (UFAM)<\/td><td class=\"has-text-align-center\" data-align=\"center\">Manaus<\/td><td class=\"has-text-align-center\" data-align=\"center\">Noturno<\/td><td class=\"has-text-align-center\" data-align=\"center\">9<\/td><td class=\"has-text-align-center\" data-align=\"center\">734,46<\/td><\/tr><tr><td class=\"has-text-align-center\" data-align=\"center\">UNIVERSIDADE FEDERAL DE PERNAMBUCO (UFPE)<\/td><td class=\"has-text-align-center\" data-align=\"center\">Recife<\/td><td class=\"has-text-align-center\" data-align=\"center\">Integral<\/td><td class=\"has-text-align-center\" data-align=\"center\">40<\/td><td class=\"has-text-align-center\" data-align=\"center\">733,73<\/td><\/tr><tr><td class=\"has-text-align-center\" data-align=\"center\">UNIVERSIDADE ESTADUAL DE MATO GROSSO DO SUL (UEMS)<\/td><td class=\"has-text-align-center\" data-align=\"center\">Campo Grande<\/td><td class=\"has-text-align-center\" data-align=\"center\">Matutino<\/td><td class=\"has-text-align-center\" data-align=\"center\">13<\/td><td class=\"has-text-align-center\" data-align=\"center\">733,39<\/td><\/tr><tr><td class=\"has-text-align-center\" data-align=\"center\">UNIVERSIDADE ESTADUAL DO SUDOESTE DA BAHIA (UESB)<\/td><td class=\"has-text-align-center\" data-align=\"center\">Vit&oacute;ria da Conquista<\/td><td class=\"has-text-align-center\" data-align=\"center\">Integral<\/td><td class=\"has-text-align-center\" data-align=\"center\">10<\/td><td class=\"has-text-align-center\" data-align=\"center\">731,63<\/td><\/tr><tr><td class=\"has-text-align-center\" data-align=\"center\">UNIVERSIDADE FEDERAL FLUMINENSE (UFF)<\/td><td class=\"has-text-align-center\" data-align=\"center\">Rio das Ostras<\/td><td class=\"has-text-align-center\" data-align=\"center\">Integral<\/td><td class=\"has-text-align-center\" data-align=\"center\">36<\/td><td class=\"has-text-align-center\" data-align=\"center\">730,66<\/td><\/tr><tr><td class=\"has-text-align-center\" data-align=\"center\">UNIVERSIDADE FEDERAL DO SUL E SUDESTE DO PAR&Aacute; (UNIFESSPA)<\/td><td class=\"has-text-align-center\" data-align=\"center\">Marab&aacute;<\/td><td class=\"has-text-align-center\" data-align=\"center\">Integral<\/td><td class=\"has-text-align-center\" data-align=\"center\">10<\/td><td class=\"has-text-align-center\" data-align=\"center\">727,88<\/td><\/tr><tr><td class=\"has-text-align-center\" data-align=\"center\">UNIVERSIDADE FEDERAL DO RIO GRANDE DO NORTE (UFRN)<\/td><td class=\"has-text-align-center\" data-align=\"center\">Natal<\/td><td class=\"has-text-align-center\" data-align=\"center\">Integral<\/td><td class=\"has-text-align-center\" data-align=\"center\">22<\/td><td class=\"has-text-align-center\" data-align=\"center\">726,78<\/td><\/tr><tr><td class=\"has-text-align-center\" data-align=\"center\">UNIVERSIDADE FEDERAL FLUMINENSE (UFF)<\/td><td class=\"has-text-align-center\" data-align=\"center\">Campos dos Goytacazes<\/td><td class=\"has-text-align-center\" data-align=\"center\">Integral<\/td><td class=\"has-text-align-center\" data-align=\"center\">50<\/td><td class=\"has-text-align-center\" data-align=\"center\">726,51<\/td><\/tr><tr><td class=\"has-text-align-center\" data-align=\"center\">UNIVERSIDADE FEDERAL DO RIO GRANDE (FURG)<\/td><td class=\"has-text-align-center\" data-align=\"center\">Rio Grande<\/td><td class=\"has-text-align-center\" data-align=\"center\">Noturno<\/td><td class=\"has-text-align-center\" data-align=\"center\">15<\/td><td class=\"has-text-align-center\" data-align=\"center\">725,86<\/td><\/tr><tr><td class=\"has-text-align-center\" data-align=\"center\">UNIVERSIDADE FEDERAL DO CEAR&Aacute; (UFC)<\/td><td class=\"has-text-align-center\" data-align=\"center\">Sobral<\/td><td class=\"has-text-align-center\" data-align=\"center\">Integral<\/td><td class=\"has-text-align-center\" data-align=\"center\">24<\/td><td class=\"has-text-align-center\" data-align=\"center\">722,46<\/td><\/tr><tr><td class=\"has-text-align-center\" data-align=\"center\">UNIVERSIDADE ESTADUAL DE MONTES CLAROS (UNIMONTES)<\/td><td class=\"has-text-align-center\" data-align=\"center\">Montes Claros<\/td><td class=\"has-text-align-center\" data-align=\"center\">Integral<\/td><td class=\"has-text-align-center\" data-align=\"center\">12<\/td><td class=\"has-text-align-center\" data-align=\"center\">721,59<\/td><\/tr><tr><td class=\"has-text-align-center\" data-align=\"center\">UNIVERSIDADE FEDERAL DE ALAGOAS (UFAL)<\/td><td class=\"has-text-align-center\" data-align=\"center\">Macei&oacute;<\/td><td class=\"has-text-align-center\" data-align=\"center\">Matutino<\/td><td class=\"has-text-align-center\" data-align=\"center\">17<\/td><td class=\"has-text-align-center\" data-align=\"center\">721,58<\/td><\/tr><tr><td class=\"has-text-align-center\" data-align=\"center\">UNIVERSIDADE DO ESTADO DE MINAS GERAIS (UEMG)<\/td><td class=\"has-text-align-center\" data-align=\"center\">Divin&oacute;polis<\/td><td class=\"has-text-align-center\" data-align=\"center\">Integral<\/td><td class=\"has-text-align-center\" data-align=\"center\">20<\/td><td class=\"has-text-align-center\" data-align=\"center\">721,08<\/td><\/tr><tr><td class=\"has-text-align-center\" data-align=\"center\">UNIVERSIDADE FEDERAL DE PELOTAS (UFPEL)<\/td><td class=\"has-text-align-center\" data-align=\"center\">Pelotas<\/td><td class=\"has-text-align-center\" data-align=\"center\">Noturno<\/td><td class=\"has-text-align-center\" data-align=\"center\">22<\/td><td class=\"has-text-align-center\" data-align=\"center\">720,72<\/td><\/tr><tr><td class=\"has-text-align-center\" data-align=\"center\">UNIVERSIDADE FEDERAL FLUMINENSE (UFF)<\/td><td class=\"has-text-align-center\" data-align=\"center\">Volta Redonda<\/td><td class=\"has-text-align-center\" data-align=\"center\">Integral<\/td><td class=\"has-text-align-center\" data-align=\"center\">36<\/td><td class=\"has-text-align-center\" data-align=\"center\">718,43<\/td><\/tr><tr><td class=\"has-text-align-center\" data-align=\"center\">UNIVERSIDADE FEDERAL DE S&Atilde;O JO&Atilde;O DEL REI (UFSJ)<\/td><td class=\"has-text-align-center\" data-align=\"center\">S&atilde;o Jo&atilde;o del Rei<\/td><td class=\"has-text-align-center\" data-align=\"center\">Integral<\/td><td class=\"has-text-align-center\" data-align=\"center\">16<\/td><td class=\"has-text-align-center\" data-align=\"center\">718,35<\/td><\/tr><tr><td class=\"has-text-align-center\" data-align=\"center\">UNIVERSIDADE FEDERAL DE JATA&Iacute; (UFJ)<\/td><td class=\"has-text-align-center\" data-align=\"center\">Jata&iacute;<\/td><td class=\"has-text-align-center\" data-align=\"center\">Integral<\/td><td class=\"has-text-align-center\" data-align=\"center\">20<\/td><td class=\"has-text-align-center\" data-align=\"center\">717,72<\/td><\/tr><tr><td class=\"has-text-align-center\" data-align=\"center\">UNIVERSIDADE FEDERAL DO MARANH&Atilde;O (UFMA)<\/td><td class=\"has-text-align-center\" data-align=\"center\">S&atilde;o Lu&iacute;s<\/td><td class=\"has-text-align-center\" data-align=\"center\">Integral<\/td><td class=\"has-text-align-center\" data-align=\"center\">40<\/td><td class=\"has-text-align-center\" data-align=\"center\">717,30<\/td><\/tr><tr><td class=\"has-text-align-center\" data-align=\"center\">UNIVERSIDADE FEDERAL DA BAHIA (UFBA)<\/td><td class=\"has-text-align-center\" data-align=\"center\">Vit&oacute;ria da Conquista<\/td><td class=\"has-text-align-center\" data-align=\"center\">Integral<\/td><td class=\"has-text-align-center\" data-align=\"center\">15<\/td><td class=\"has-text-align-center\" data-align=\"center\">715,39<\/td><\/tr><tr><td class=\"has-text-align-center\" data-align=\"center\">UNIVERSIDADE FEDERAL DA PARA&Iacute;BA (UFPB)<\/td><td class=\"has-text-align-center\" data-align=\"center\">Jo&atilde;o Pessoa<\/td><td class=\"has-text-align-center\" data-align=\"center\">Integral<\/td><td class=\"has-text-align-center\" data-align=\"center\">55<\/td><td class=\"has-text-align-center\" data-align=\"center\">714,44<\/td><\/tr><tr><td class=\"has-text-align-center\" data-align=\"center\">UNIVERSIDADE DO ESTADO DE MINAS GERAIS (UEMG)<\/td><td class=\"has-text-align-center\" data-align=\"center\">Ituiutaba<\/td><td class=\"has-text-align-center\" data-align=\"center\">Integral<\/td><td class=\"has-text-align-center\" data-align=\"center\">10<\/td><td class=\"has-text-align-center\" data-align=\"center\">713,12<\/td><\/tr><tr><td class=\"has-text-align-center\" data-align=\"center\">UNIVERSIDADE ESTADUAL DE SANTA CRUZ (UESC)<\/td><td class=\"has-text-align-center\" data-align=\"center\">Ilh&eacute;us<\/td><td class=\"has-text-align-center\" data-align=\"center\">Integral<\/td><td class=\"has-text-align-center\" data-align=\"center\">20<\/td><td class=\"has-text-align-center\" data-align=\"center\">711,77<\/td><\/tr><tr><td class=\"has-text-align-center\" data-align=\"center\">UNIVERSIDADE FEDERAL DE S&Atilde;O JO&Atilde;O DEL REI (UFSJ)<\/td><td class=\"has-text-align-center\" data-align=\"center\">S&atilde;o Jo&atilde;o del Rei<\/td><td class=\"has-text-align-center\" data-align=\"center\">Noturno<\/td><td class=\"has-text-align-center\" data-align=\"center\">16<\/td><td class=\"has-text-align-center\" data-align=\"center\">711,23<\/td><\/tr><tr><td class=\"has-text-align-center\" data-align=\"center\">UNIVERSIDADE FEDERAL DE CATAL&Atilde;O (UFCAT)<\/td><td class=\"has-text-align-center\" data-align=\"center\">Catal&atilde;o<\/td><td class=\"has-text-align-center\" data-align=\"center\">Integral<\/td><td class=\"has-text-align-center\" data-align=\"center\">25<\/td><td class=\"has-text-align-center\" data-align=\"center\">706,58<\/td><\/tr><tr><td class=\"has-text-align-center\" data-align=\"center\">UNIVERSIDADE ESTADUAL DE FEIRA DE SANTANA (UEFS)<\/td><td class=\"has-text-align-center\" data-align=\"center\">Feira de Santana<\/td><td class=\"has-text-align-center\" data-align=\"center\">Integral<\/td><td class=\"has-text-align-center\" data-align=\"center\">30<\/td><td class=\"has-text-align-center\" data-align=\"center\">705,21<\/td><\/tr><tr><td class=\"has-text-align-center\" data-align=\"center\">FUNDA&Ccedil;&Atilde;O UNIVERSIDADE FEDERAL DO TOCANTINS (UFT)<\/td><td class=\"has-text-align-center\" data-align=\"center\">Miracema do Tocantins<\/td><td class=\"has-text-align-center\" data-align=\"center\">Integral<\/td><td class=\"has-text-align-center\" data-align=\"center\">5<\/td><td class=\"has-text-align-center\" data-align=\"center\">704,36<\/td><\/tr><tr><td class=\"has-text-align-center\" data-align=\"center\">UNIVERSIDADE FEDERAL DE MATO GROSSO (UFMT)<\/td><td class=\"has-text-align-center\" data-align=\"center\">Cuiab&aacute;<\/td><td class=\"has-text-align-center\" data-align=\"center\">Integral<\/td><td class=\"has-text-align-center\" data-align=\"center\">43<\/td><td class=\"has-text-align-center\" data-align=\"center\">703,68<\/td><\/tr><tr><td class=\"has-text-align-center\" data-align=\"center\">FUNDA&Ccedil;&Atilde;O UNIVERSIDADE FEDERAL DA GRANDE DOURADOS (UFGD)<\/td><td class=\"has-text-align-center\" data-align=\"center\">Dourados<\/td><td class=\"has-text-align-center\" data-align=\"center\">Integral<\/td><td class=\"has-text-align-center\" data-align=\"center\">20<\/td><td class=\"has-text-align-center\" data-align=\"center\">702,24<\/td><\/tr><tr><td class=\"has-text-align-center\" data-align=\"center\">UNIVERSIDADE DE PERNAMBUCO (UPE)<\/td><td class=\"has-text-align-center\" data-align=\"center\">Garanhuns<\/td><td class=\"has-text-align-center\" data-align=\"center\">Integral<\/td><td class=\"has-text-align-center\" data-align=\"center\">15<\/td><td class=\"has-text-align-center\" data-align=\"center\">701,04<\/td><\/tr><tr><td class=\"has-text-align-center\" data-align=\"center\">UNIVERSIDADE ESTADUAL DE MATO GROSSO DO SUL (UEMS)<\/td><td class=\"has-text-align-center\" data-align=\"center\">Coxim<\/td><td class=\"has-text-align-center\" data-align=\"center\">Noturno<\/td><td class=\"has-text-align-center\" data-align=\"center\">13<\/td><td class=\"has-text-align-center\" data-align=\"center\">700,24<\/td><\/tr><tr><td class=\"has-text-align-center\" data-align=\"center\">UNIVERSIDADE ESTADUAL DO PIAU&Iacute; (UESPI)<\/td><td class=\"has-text-align-center\" data-align=\"center\">Teresina<\/td><td class=\"has-text-align-center\" data-align=\"center\">Integral<\/td><td class=\"has-text-align-center\" data-align=\"center\">30<\/td><td class=\"has-text-align-center\" data-align=\"center\">699,61<\/td><\/tr><tr><td class=\"has-text-align-center\" data-align=\"center\">UNIVERSIDADE FEDERAL DO REC&Ocirc;NCAVO DA BAHIA (UFRB)<\/td><td class=\"has-text-align-center\" data-align=\"center\">Santo Ant&ocirc;nio de Jesus<\/td><td class=\"has-text-align-center\" data-align=\"center\">Integral<\/td><td class=\"has-text-align-center\" data-align=\"center\">26<\/td><td class=\"has-text-align-center\" data-align=\"center\">697,78<\/td><\/tr><tr><td class=\"has-text-align-center\" data-align=\"center\">UNIVERSIDADE FEDERAL DE CAMPINA GRANDE (UFCG)<\/td><td class=\"has-text-align-center\" data-align=\"center\">Campina Grande<\/td><td class=\"has-text-align-center\" data-align=\"center\">Integral<\/td><td class=\"has-text-align-center\" data-align=\"center\">45<\/td><td class=\"has-text-align-center\" data-align=\"center\">697,46<\/td><\/tr><tr><td class=\"has-text-align-center\" data-align=\"center\">FUNDA&Ccedil;&Atilde;O UNIVERSIDADE FEDERAL DO VALE DO S&Atilde;O FRANCISCO (UNIVASF)<\/td><td class=\"has-text-align-center\" data-align=\"center\">Petrolina<\/td><td class=\"has-text-align-center\" data-align=\"center\">Integral<\/td><td class=\"has-text-align-center\" data-align=\"center\">40<\/td><td class=\"has-text-align-center\" data-align=\"center\">696,68<\/td><\/tr><tr><td class=\"has-text-align-center\" data-align=\"center\">UNIVERSIDADE ESTADUAL DO CENTRO OESTE (UNICENTRO)<\/td><td class=\"has-text-align-center\" data-align=\"center\">Irati<\/td><td class=\"has-text-align-center\" data-align=\"center\">Integral<\/td><td class=\"has-text-align-center\" data-align=\"center\">6<\/td><td class=\"has-text-align-center\" data-align=\"center\">692,69<\/td><\/tr><tr><td class=\"has-text-align-center\" data-align=\"center\">UNIVERSIDADE FEDERAL DE ALAGOAS (UFAL)<\/td><td class=\"has-text-align-center\" data-align=\"center\">Palmeira dos &Iacute;ndios<\/td><td class=\"has-text-align-center\" data-align=\"center\">Matutino<\/td><td class=\"has-text-align-center\" data-align=\"center\">24<\/td><td class=\"has-text-align-center\" data-align=\"center\">691,82<\/td><\/tr><tr><td class=\"has-text-align-center\" data-align=\"center\">UNIVERSIDADE FEDERAL DE RORAIMA (UFRR)<\/td><td class=\"has-text-align-center\" data-align=\"center\">Boa Vista<\/td><td class=\"has-text-align-center\" data-align=\"center\">Integral<\/td><td class=\"has-text-align-center\" data-align=\"center\">6<\/td><td class=\"has-text-align-center\" data-align=\"center\">688,57<\/td><\/tr><tr><td class=\"has-text-align-center\" data-align=\"center\">UNIVERSIDADE FEDERAL DO RIO GRANDE DO NORTE (UFRN)<\/td><td class=\"has-text-align-center\" data-align=\"center\">Santa Cruz<\/td><td class=\"has-text-align-center\" data-align=\"center\">Integral<\/td><td class=\"has-text-align-center\" data-align=\"center\">21<\/td><td class=\"has-text-align-center\" data-align=\"center\">681,92<\/td><\/tr><tr><td class=\"has-text-align-center\" data-align=\"center\">UNIVERSIDADE FEDERAL DO DELTA DO PARNAIBA (UFDPAR)<\/td><td class=\"has-text-align-center\" data-align=\"center\">Parna&iacute;ba<\/td><td class=\"has-text-align-center\" data-align=\"center\">Integral<\/td><td class=\"has-text-align-center\" data-align=\"center\">50<\/td><td class=\"has-text-align-center\" data-align=\"center\">678,18<\/td><\/tr><tr><td class=\"has-text-align-center\" data-align=\"center\">UNIVERSIDADE FEDERAL DO ACRE (UFAC)<\/td><td class=\"has-text-align-center\" data-align=\"center\">Rio Branco<\/td><td class=\"has-text-align-center\" data-align=\"center\">Integral<\/td><td class=\"has-text-align-center\" data-align=\"center\">22<\/td><td class=\"has-text-align-center\" data-align=\"center\">659,78<\/td><\/tr><\/tbody><\/table><\/figure><h2 class=\"wp-block-heading\" id=\"h-mais-informacoes-sobre-o-curso-de-psicologia\"><span class=\"ez-toc-section\" id=\"Mais-informacoes-sobre-o-curso-de-Psicologia\"><\/span>Mais informa&ccedil;&otilde;es sobre o curso de Psicologia<span class=\"ez-toc-section-end\"><\/span><\/h2><p>Com cinco anos de curso, a grade curricular inclui conceitos de gen&eacute;tica, neuroci&ecirc;ncia, hist&oacute;ria e filosofia da Psicologia, linguagem e pensamento, psicologia institucional e demais conceitos que envolvem a mente humana, com linhas de abordagem distintas e possibilidades diferentes de pesquisa.<\/p><p>Dentro da gradua&ccedil;&atilde;o, os alunos tem contato com conceitos que envolvem psican&aacute;lise, psicopatologias, comportamento coletivo e neuroanatomia. Al&eacute;m disso, as universidades tem tend&ecirc;ncias distintas para a Psicologia, podendo se encaixar mais em uma abordagem pr&oacute;xima a Humanas, Sa&uacute;de e a Ci&ecirc;ncias de forma geral. Portanto, vale a pena conhecer a grade curricular e os pontos fortes de cada institui&ccedil;&atilde;o.<\/p><p>\n\n\n\n<div id=\"new-form\">\n\t<form id=\"forms_layout\">\n\t<input type=\"hidden\" id=\"chave_de\" name=\"chave_de\" value=\"01_EVEST_LEADS_TOTAIS\" \/>\n\t\t<input type=\"hidden\" id=\"mid\" name=\"mid\" value=\"515008983\" \/>\n\t\t<input type=\"hidden\" id=\"Objetivo\" name=\"Objetivo\" value=\"Vestibulares\" \/>\n\t\t<input type=\"hidden\" id=\"Estado_de_Origem_do_IP\" name=\"Estado_de_Origem_do_IP\"  value=\"\" \/>\n\t\t<input type=\"hidden\" id=\"Cidade_de_Origem_do_IP\" name=\"Cidade_de_Origem_do_IP\" value=\"\" \/>\n\t\t<input type=\"hidden\" id=\"Modo_de_entrada\" name=\"Modo_de_entrada\" value=\"Portal\" \/>\n\t\t<input type=\"hidden\" id=\"Pagina_Origem\" name=\"Pagina_Origem\" value=\"\" \/>\n\n\t\t<div class=\"texto\">\n\t\t\t<h3 class=\"news\">Inscreva-se em nossa newsletter\ud83e\udd89<\/h3>\n\t\t\t<p>Receba dicas de estudo gratuitas e saiba em primeira m\u00e3o as novidades sobre o Enem, Sisu, Encceja, Fuvest e outros vestibulares!<\/p>\n\t\t<\/div>\n\t\t<div class=\"campos\">\n\t\t\t<div class=\"first_name labels\">\n\t\t\t\t<input type=\"text\" class=\"input_labels\" id=\"first_name\" name=\"Nome_Completo\" placeholder=\"Nome\" required \/>\n\t\t\t<\/div>\n\t\t\t<div class=\"email labels\">\n\t\t\t\t<input type=\"email\" class=\"input_labels\" id=\"email\" name=\"Email\" placeholder=\"E-mail\" required \/>\n\t\t\t<\/div>\n\t\t\t<button type=\"submit\" class=\"button_layout\">\n\t\t\t\t<div id=\"lblBotao\">Inscreva-se<\/div>\n\t\t\t\t<span id=\"divSpiner\" class=\"loader\" role=\"status\" style=\"display: none;\"><\/span>\t\n\t\t\t<\/button>\n\t\t<\/div><!-- \/campos -->\n\t\t\n\t\t<label class=\"container_checkbox\">Voc\u00ea concorda com a nossa\n\t\t\t<a class=\"politics_privacy_ahref\" target=\"_blank\" href=\"https:\/\/gratis.estrategiaconcursos.com.br\/politica-de-privacidade\/\">Pol\u00edtica de Privacidade<\/a> e aceita receber informa\u00e7\u00f5es adicionais do Estrat\u00e9gia Educacional.\n\t\t\t<input id=\"checkbox_layout\" type=\"checkbox\" checked=\"checked\" required \/>\n\t\t\t<span class=\"checkbox\"><\/span>\n\t\t<\/label>\n\t\t<div id=\"msg\"><\/div>\n\t\t<div id=\"error\" class=\"error\">\n\t\t<\/div>\n\t<\/form>\n<\/div><!-- \/new-form -->\n\n\n\n<\/p><h2 class=\"wp-block-heading\" id=\"h-como-funciona-o-sisu\"><span class=\"ez-toc-section\" id=\"Como-funciona-o-Sisu\"><\/span>Como funciona o Sisu?<span class=\"ez-toc-section-end\"><\/span><\/h2><p>O Sisu &eacute; um programa que seleciona estudantes para ingressarem em institui&ccedil;&otilde;es federais e estaduais de Ensino Superior. Al&eacute;m disso, &eacute; um sistema online que re&uacute;ne candidatos e institui&ccedil;&otilde;es em uma mesma plataforma, auxiliando na escolha dos candidatos.<\/p><p>Para realizar a inscri&ccedil;&atilde;o, o candidato deve ter em m&atilde;os o n&uacute;mero de inscri&ccedil;&atilde;o do Enem e a senha utilizada para acesso ao sistema. Ao entrar no site, deve escolher o curso e a institui&ccedil;&atilde;o que deseja concorrer &agrave;s vagas, atentando-se aos prazos e atualiza&ccedil;&otilde;es nos sites das pr&oacute;prias universidades.<\/p><p>A sele&ccedil;&atilde;o ocorre uma vez ao ano, ofertando vagas para os dois semestres, e os candidatos podem concorrer usando as notas das &uacute;ltimas tr&ecirc;s edi&ccedil;&otilde;es do Enem, sem necessidade de pagamento de taxa de inscri&ccedil;&atilde;o. Ao decorrer da semana em que as inscri&ccedil;&otilde;es est&atilde;o abertas, as notas de corte dos cursos costumam sofrer altera&ccedil;&otilde;es conforme a demanda e escolha dos candidatos. Ap&oacute;s o encerramento das inscri&ccedil;&otilde;es, &eacute; divulgada uma lista com os aprovados.<\/p><p class=\"wp-block-verse\"><strong>Leia tamb&eacute;m:<br><\/strong><a href=\"https:\/\/vestibulares.estrategia.com\/portal\/profissoes\/graduacoes\/faculdade-de-psicologia\/\">+ Psicologia: curso, carreira, mercado, sal&aacute;rios e mais<\/a><br><a href=\"https:\/\/vestibulares.estrategia.com\/portal\/profissoes\/graduacoes\/50-melhores-cursos-de-psicologia-segundo-o-mec\/\">+ 50 melhores cursos de Psicologia, segundo o MEC<\/a><br><a href=\"https:\/\/vestibulares.estrategia.com\/portal\/atualidades-e-dicas\/5-filmes-repertorio-sociocultural-saude\/\">+ 5 filmes sobre o tema de sa&uacute;de para aumentar o seu repert&oacute;rio sociocultural<\/a><br><a href=\"https:\/\/vestibulares.estrategia.com\/portal\/materias\/redacao\/9-filmes-e-series-sobre-saude-mental-para-usar-como-repertorio-sociocultural-na-redacao\/\">+ 9 filmes e s&eacute;ries sobre sa&uacute;de mental para usar como repert&oacute;rio sociocultural na reda&ccedil;&atilde;o<\/a><\/p><h2 class=\"wp-block-heading\" id=\"h-minha-nota-nao-e-suficiente-e-agora\"><span class=\"ez-toc-section\" id=\"Minha-nota-nao-e-suficiente-E-agora\"><\/span>Minha nota n&atilde;o &eacute; suficiente. E agora?<span class=\"ez-toc-section-end\"><\/span><\/h2><p>O Estrat&eacute;gia Vestibulares oferece cursos e simulados preparat&oacute;rios para o Enem e desenvolvidos exclusivamente para a banca do exame, o que potencializa o aproveitamento dos conte&uacute;dos estudados. Acesse abaixo e saiba mais sobre nossos benef&iacute;cios para te ajudar a ingressar na universidade dos seus sonhos!<\/p><p>\n\n\n\n<a id=\"cta\" class=\"cta-imagem\" href=\"https:\/\/vestibulares.estrategia.com\/curso\/pacote-enem\/\" target=\"blank\">\n                <img decoding=\"async\" width=\"100%\" src=\"https:\/\/vestibulares.estrategia.com\/portal\/wp-content\/uploads\/2021\/12\/Enem.jpg\" alt=\"CTA curso Enem\" title=\"CTA curso Enem\">\n        <\/a>\n<\/p><\/p>\n","protected":false},"excerpt":{"rendered":"A gradua\u00e7\u00e3o de Psicologia conta com ampla \u00e1rea de atua\u00e7\u00e3o e est\u00e1 em alta; Confira as notas de corte do curso no Sisu\n","protected":false},"author":43,"featured_media":110593,"comment_status":"closed","ping_status":"closed","sticky":false,"template":"","format":"standard","meta":{"wl_entities_gutenberg":"","footnotes":""},"categories":[822],"tags":[],"wl_entity_type":[732],"class_list":{"0":"post-110579","1":"post","2":"type-post","3":"status-publish","4":"format-standard","5":"has-post-thumbnail","7":"category-sisu","8":"wl_entity_type-article"},"acf":[],"yoast_head":"<!-- This site is optimized with the Yoast SEO Premium plugin v25.9 (Yoast SEO v25.9) - https:\/\/yoast.com\/wordpress\/plugins\/seo\/ -->\n<title>Notas de corte de Psicologia no Sisu: veja as notas m\u00ednimas para ingresso no curso<\/title>\n<meta name=\"description\" content=\"A gradua\u00e7\u00e3o de Psicologia conta com ampla \u00e1rea de atua\u00e7\u00e3o e est\u00e1 em alta; Confira as notas de corte do curso no Sisu agora mesmo!\" \/>\n<meta name=\"robots\" content=\"index, follow, max-snippet:-1, max-image-preview:large, max-video-preview:-1\" \/>\n<link rel=\"canonical\" href=\"https:\/\/vestibulares.estrategia.com\/portal\/enem-e-vestibulares\/sisu\/notas-de-corte-psicologia-sisu\/\" \/>\n<meta property=\"og:locale\" content=\"pt_BR\" \/>\n<meta property=\"og:type\" content=\"article\" \/>\n<meta property=\"og:title\" content=\"Notas de corte de Psicologia no Sisu: veja as notas m\u00ednimas para ingresso no curso\" \/>\n<meta property=\"og:description\" content=\"A gradua\u00e7\u00e3o de Psicologia conta com ampla \u00e1rea de atua\u00e7\u00e3o e est\u00e1 em alta; Confira as notas de corte do curso no Sisu agora mesmo!\" \/>\n<meta property=\"og:url\" content=\"https:\/\/vestibulares.estrategia.com\/portal\/enem-e-vestibulares\/sisu\/notas-de-corte-psicologia-sisu\/\" \/>\n<meta property=\"og:site_name\" content=\"Estrat\u00e9gia Vestibulares\" \/>\n<meta property=\"article:publisher\" content=\"https:\/\/facebook.com\/estrategiavestibulares\" \/>\n<meta property=\"article:published_time\" content=\"2024-01-12T20:48:15+00:00\" \/>\n<meta property=\"article:modified_time\" content=\"2026-01-19T13:19:22+00:00\" \/>\n<meta property=\"og:image\" content=\"https:\/\/vestibulares.estrategia.com\/portal\/wp-content\/uploads\/2024\/01\/shutterstock_2067560870-1-1.jpg\" \/>\n\t<meta property=\"og:image:width\" content=\"1300\" \/>\n\t<meta property=\"og:image:height\" content=\"867\" \/>\n\t<meta property=\"og:image:type\" content=\"image\/jpeg\" \/>\n<meta name=\"author\" content=\"Leonardo Del Sant\" \/>\n<meta name=\"twitter:card\" content=\"summary_large_image\" \/>\n<meta name=\"twitter:creator\" content=\"@Estrategiavest\" \/>\n<meta name=\"twitter:site\" content=\"@Estrategiavest\" \/>\n<meta name=\"twitter:label1\" content=\"Escrito por\" \/>\n\t<meta name=\"twitter:data1\" content=\"Leonardo Del Sant\" \/>\n\t<meta name=\"twitter:label2\" content=\"Est. tempo de leitura\" \/>\n\t<meta name=\"twitter:data2\" content=\"8 minutos\" \/>\n<script type=\"application\/ld+json\" class=\"yoast-schema-graph\">{\"@context\":\"https:\/\/schema.org\",\"@graph\":[{\"@type\":\"Article\",\"@id\":\"https:\/\/vestibulares.estrategia.com\/portal\/enem-e-vestibulares\/sisu\/notas-de-corte-psicologia-sisu\/#article\",\"isPartOf\":{\"@id\":\"https:\/\/vestibulares.estrategia.com\/portal\/enem-e-vestibulares\/sisu\/notas-de-corte-psicologia-sisu\/\"},\"author\":{\"name\":\"Leonardo Del Sant\",\"@id\":\"https:\/\/vestibulares.estrategia.com\/portal\/#\/schema\/person\/95532619fccae669187ec84703047908\"},\"headline\":\"Notas de corte de Psicologia no Sisu: veja as notas m\u00ednimas para ingresso no curso\",\"datePublished\":\"2024-01-12T20:48:15+00:00\",\"dateModified\":\"2026-01-19T13:19:22+00:00\",\"mainEntityOfPage\":{\"@id\":\"https:\/\/vestibulares.estrategia.com\/portal\/enem-e-vestibulares\/sisu\/notas-de-corte-psicologia-sisu\/\"},\"wordCount\":1629,\"publisher\":{\"@id\":\"https:\/\/vestibulares.estrategia.com\/portal\/#organization\"},\"image\":{\"@id\":\"https:\/\/vestibulares.estrategia.com\/portal\/enem-e-vestibulares\/sisu\/notas-de-corte-psicologia-sisu\/#primaryimage\"},\"thumbnailUrl\":\"https:\/\/vestibulares.estrategia.com\/portal\/wp-content\/uploads\/2024\/01\/shutterstock_2067560870-1-1.jpg\",\"articleSection\":[\"Sisu\"],\"inLanguage\":\"pt-BR\"},{\"@type\":\"WebPage\",\"@id\":\"https:\/\/vestibulares.estrategia.com\/portal\/enem-e-vestibulares\/sisu\/notas-de-corte-psicologia-sisu\/\",\"url\":\"https:\/\/vestibulares.estrategia.com\/portal\/enem-e-vestibulares\/sisu\/notas-de-corte-psicologia-sisu\/\",\"name\":\"Notas de corte de Psicologia no Sisu: veja as notas m\u00ednimas para ingresso no curso\",\"isPartOf\":{\"@id\":\"https:\/\/vestibulares.estrategia.com\/portal\/#website\"},\"primaryImageOfPage\":{\"@id\":\"https:\/\/vestibulares.estrategia.com\/portal\/enem-e-vestibulares\/sisu\/notas-de-corte-psicologia-sisu\/#primaryimage\"},\"image\":{\"@id\":\"https:\/\/vestibulares.estrategia.com\/portal\/enem-e-vestibulares\/sisu\/notas-de-corte-psicologia-sisu\/#primaryimage\"},\"thumbnailUrl\":\"https:\/\/vestibulares.estrategia.com\/portal\/wp-content\/uploads\/2024\/01\/shutterstock_2067560870-1-1.jpg\",\"datePublished\":\"2024-01-12T20:48:15+00:00\",\"dateModified\":\"2026-01-19T13:19:22+00:00\",\"description\":\"A gradua\u00e7\u00e3o de Psicologia conta com ampla \u00e1rea de atua\u00e7\u00e3o e est\u00e1 em alta; Confira as notas de corte do curso no Sisu agora mesmo!\",\"breadcrumb\":{\"@id\":\"https:\/\/vestibulares.estrategia.com\/portal\/enem-e-vestibulares\/sisu\/notas-de-corte-psicologia-sisu\/#breadcrumb\"},\"inLanguage\":\"pt-BR\",\"potentialAction\":[{\"@type\":\"ReadAction\",\"target\":[\"https:\/\/vestibulares.estrategia.com\/portal\/enem-e-vestibulares\/sisu\/notas-de-corte-psicologia-sisu\/\"]}]},{\"@type\":\"ImageObject\",\"inLanguage\":\"pt-BR\",\"@id\":\"https:\/\/vestibulares.estrategia.com\/portal\/enem-e-vestibulares\/sisu\/notas-de-corte-psicologia-sisu\/#primaryimage\",\"url\":\"https:\/\/vestibulares.estrategia.com\/portal\/wp-content\/uploads\/2024\/01\/shutterstock_2067560870-1-1.jpg\",\"contentUrl\":\"https:\/\/vestibulares.estrategia.com\/portal\/wp-content\/uploads\/2024\/01\/shutterstock_2067560870-1-1.jpg\",\"width\":1300,\"height\":867,\"caption\":\"notas-de-corte-psicologia-sisu-enem-vestibular\"},{\"@type\":\"BreadcrumbList\",\"@id\":\"https:\/\/vestibulares.estrategia.com\/portal\/enem-e-vestibulares\/sisu\/notas-de-corte-psicologia-sisu\/#breadcrumb\",\"itemListElement\":[{\"@type\":\"ListItem\",\"position\":1,\"name\":\"Home\",\"item\":\"https:\/\/vestibulares.estrategia.com\/portal\/\"},{\"@type\":\"ListItem\",\"position\":2,\"name\":\"Enem e Vestibulares\",\"item\":\"https:\/\/vestibulares.estrategia.com\/portal\/enem-e-vestibulares\/\"},{\"@type\":\"ListItem\",\"position\":3,\"name\":\"Sisu\",\"item\":\"https:\/\/vestibulares.estrategia.com\/portal\/enem-e-vestibulares\/sisu\/\"},{\"@type\":\"ListItem\",\"position\":4,\"name\":\"Notas de corte de Psicologia no Sisu: veja as notas m\u00ednimas para ingresso no curso\"}]},{\"@type\":\"WebSite\",\"@id\":\"https:\/\/vestibulares.estrategia.com\/portal\/#website\",\"url\":\"https:\/\/vestibulares.estrategia.com\/portal\/\",\"name\":\"Estrat\u00e9gia Vestibulares\",\"description\":\"\",\"publisher\":{\"@id\":\"https:\/\/vestibulares.estrategia.com\/portal\/#organization\"},\"potentialAction\":[{\"@type\":\"SearchAction\",\"target\":{\"@type\":\"EntryPoint\",\"urlTemplate\":\"https:\/\/vestibulares.estrategia.com\/portal\/?s={search_term_string}\"},\"query-input\":{\"@type\":\"PropertyValueSpecification\",\"valueRequired\":true,\"valueName\":\"search_term_string\"}}],\"inLanguage\":\"pt-BR\"},{\"@type\":\"Organization\",\"@id\":\"https:\/\/vestibulares.estrategia.com\/portal\/#organization\",\"name\":\"Estrat\u00e9gia Vestibulares\",\"url\":\"https:\/\/vestibulares.estrategia.com\/portal\/\",\"logo\":{\"@type\":\"ImageObject\",\"inLanguage\":\"pt-BR\",\"@id\":\"https:\/\/vestibulares.estrategia.com\/portal\/#\/schema\/logo\/image\/\",\"url\":\"https:\/\/vestibulares.estrategia.com\/portal\/wp-content\/uploads\/2021\/06\/Logo-Vestibulares@4x.png\",\"contentUrl\":\"https:\/\/vestibulares.estrategia.com\/portal\/wp-content\/uploads\/2021\/06\/Logo-Vestibulares@4x.png\",\"width\":250,\"height\":66,\"caption\":\"Estrat\u00e9gia Vestibulares\"},\"image\":{\"@id\":\"https:\/\/vestibulares.estrategia.com\/portal\/#\/schema\/logo\/image\/\"},\"sameAs\":[\"https:\/\/facebook.com\/estrategiavestibulares\",\"https:\/\/x.com\/Estrategiavest\",\"https:\/\/www.instagram.com\/estrategiavestibulares\",\"https:\/\/www.youtube.com\/channel\/UCGWdZy8ULI-7_5GrABa4vNA\"]},{\"@type\":\"Person\",\"@id\":\"https:\/\/vestibulares.estrategia.com\/portal\/#\/schema\/person\/95532619fccae669187ec84703047908\",\"name\":\"Leonardo Del Sant\",\"image\":{\"@type\":\"ImageObject\",\"inLanguage\":\"pt-BR\",\"@id\":\"https:\/\/vestibulares.estrategia.com\/portal\/#\/schema\/person\/image\/\",\"url\":\"https:\/\/vestibulares.estrategia.com\/portal\/wp-content\/uploads\/2026\/02\/1000082484-150x150.jpeg\",\"contentUrl\":\"https:\/\/vestibulares.estrategia.com\/portal\/wp-content\/uploads\/2026\/02\/1000082484-150x150.jpeg\",\"caption\":\"Leonardo Del Sant\"},\"description\":\"Coordenador de Jornalismo do Estrat\u00e9gia Vestibulares. Trabalhou com escrita para SEO em sites das \u00e1reas de economia, varejo, sa\u00fade, tecnologia e alimenta\u00e7\u00e3o. Formado em jornalismo pela Unesp\/Bauru.\",\"url\":\"https:\/\/vestibulares.estrategia.com\/portal\/author\/leonardo-del-sant\/\"}]}<\/script>\n<!-- \/ Yoast SEO Premium plugin. -->","yoast_head_json":{"title":"Notas de corte de Psicologia no Sisu: veja as notas m\u00ednimas para ingresso no curso","description":"A gradua\u00e7\u00e3o de Psicologia conta com ampla \u00e1rea de atua\u00e7\u00e3o e est\u00e1 em alta; Confira as notas de corte do curso no Sisu agora mesmo!","robots":{"index":"index","follow":"follow","max-snippet":"max-snippet:-1","max-image-preview":"max-image-preview:large","max-video-preview":"max-video-preview:-1"},"canonical":"https:\/\/vestibulares.estrategia.com\/portal\/enem-e-vestibulares\/sisu\/notas-de-corte-psicologia-sisu\/","og_locale":"pt_BR","og_type":"article","og_title":"Notas de corte de Psicologia no Sisu: veja as notas m\u00ednimas para ingresso no curso","og_description":"A gradua\u00e7\u00e3o de Psicologia conta com ampla \u00e1rea de atua\u00e7\u00e3o e est\u00e1 em alta; Confira as notas de corte do curso no Sisu agora mesmo!","og_url":"https:\/\/vestibulares.estrategia.com\/portal\/enem-e-vestibulares\/sisu\/notas-de-corte-psicologia-sisu\/","og_site_name":"Estrat\u00e9gia Vestibulares","article_publisher":"https:\/\/facebook.com\/estrategiavestibulares","article_published_time":"2024-01-12T20:48:15+00:00","article_modified_time":"2026-01-19T13:19:22+00:00","og_image":[{"width":1300,"height":867,"url":"https:\/\/vestibulares.estrategia.com\/portal\/wp-content\/uploads\/2024\/01\/shutterstock_2067560870-1-1.jpg","type":"image\/jpeg"}],"author":"Leonardo Del Sant","twitter_card":"summary_large_image","twitter_creator":"@Estrategiavest","twitter_site":"@Estrategiavest","twitter_misc":{"Escrito por":"Leonardo Del Sant","Est. tempo de leitura":"8 minutos"},"schema":{"@context":"https:\/\/schema.org","@graph":[{"@type":"Article","@id":"https:\/\/vestibulares.estrategia.com\/portal\/enem-e-vestibulares\/sisu\/notas-de-corte-psicologia-sisu\/#article","isPartOf":{"@id":"https:\/\/vestibulares.estrategia.com\/portal\/enem-e-vestibulares\/sisu\/notas-de-corte-psicologia-sisu\/"},"author":{"name":"Leonardo Del Sant","@id":"https:\/\/vestibulares.estrategia.com\/portal\/#\/schema\/person\/95532619fccae669187ec84703047908"},"headline":"Notas de corte de Psicologia no Sisu: veja as notas m\u00ednimas para ingresso no curso","datePublished":"2024-01-12T20:48:15+00:00","dateModified":"2026-01-19T13:19:22+00:00","mainEntityOfPage":{"@id":"https:\/\/vestibulares.estrategia.com\/portal\/enem-e-vestibulares\/sisu\/notas-de-corte-psicologia-sisu\/"},"wordCount":1629,"publisher":{"@id":"https:\/\/vestibulares.estrategia.com\/portal\/#organization"},"image":{"@id":"https:\/\/vestibulares.estrategia.com\/portal\/enem-e-vestibulares\/sisu\/notas-de-corte-psicologia-sisu\/#primaryimage"},"thumbnailUrl":"https:\/\/vestibulares.estrategia.com\/portal\/wp-content\/uploads\/2024\/01\/shutterstock_2067560870-1-1.jpg","articleSection":["Sisu"],"inLanguage":"pt-BR"},{"@type":"WebPage","@id":"https:\/\/vestibulares.estrategia.com\/portal\/enem-e-vestibulares\/sisu\/notas-de-corte-psicologia-sisu\/","url":"https:\/\/vestibulares.estrategia.com\/portal\/enem-e-vestibulares\/sisu\/notas-de-corte-psicologia-sisu\/","name":"Notas de corte de Psicologia no Sisu: veja as notas m\u00ednimas para ingresso no curso","isPartOf":{"@id":"https:\/\/vestibulares.estrategia.com\/portal\/#website"},"primaryImageOfPage":{"@id":"https:\/\/vestibulares.estrategia.com\/portal\/enem-e-vestibulares\/sisu\/notas-de-corte-psicologia-sisu\/#primaryimage"},"image":{"@id":"https:\/\/vestibulares.estrategia.com\/portal\/enem-e-vestibulares\/sisu\/notas-de-corte-psicologia-sisu\/#primaryimage"},"thumbnailUrl":"https:\/\/vestibulares.estrategia.com\/portal\/wp-content\/uploads\/2024\/01\/shutterstock_2067560870-1-1.jpg","datePublished":"2024-01-12T20:48:15+00:00","dateModified":"2026-01-19T13:19:22+00:00","description":"A gradua\u00e7\u00e3o de Psicologia conta com ampla \u00e1rea de atua\u00e7\u00e3o e est\u00e1 em alta; Confira as notas de corte do curso no Sisu agora mesmo!","breadcrumb":{"@id":"https:\/\/vestibulares.estrategia.com\/portal\/enem-e-vestibulares\/sisu\/notas-de-corte-psicologia-sisu\/#breadcrumb"},"inLanguage":"pt-BR","potentialAction":[{"@type":"ReadAction","target":["https:\/\/vestibulares.estrategia.com\/portal\/enem-e-vestibulares\/sisu\/notas-de-corte-psicologia-sisu\/"]}]},{"@type":"ImageObject","inLanguage":"pt-BR","@id":"https:\/\/vestibulares.estrategia.com\/portal\/enem-e-vestibulares\/sisu\/notas-de-corte-psicologia-sisu\/#primaryimage","url":"https:\/\/vestibulares.estrategia.com\/portal\/wp-content\/uploads\/2024\/01\/shutterstock_2067560870-1-1.jpg","contentUrl":"https:\/\/vestibulares.estrategia.com\/portal\/wp-content\/uploads\/2024\/01\/shutterstock_2067560870-1-1.jpg","width":1300,"height":867,"caption":"notas-de-corte-psicologia-sisu-enem-vestibular"},{"@type":"BreadcrumbList","@id":"https:\/\/vestibulares.estrategia.com\/portal\/enem-e-vestibulares\/sisu\/notas-de-corte-psicologia-sisu\/#breadcrumb","itemListElement":[{"@type":"ListItem","position":1,"name":"Home","item":"https:\/\/vestibulares.estrategia.com\/portal\/"},{"@type":"ListItem","position":2,"name":"Enem e Vestibulares","item":"https:\/\/vestibulares.estrategia.com\/portal\/enem-e-vestibulares\/"},{"@type":"ListItem","position":3,"name":"Sisu","item":"https:\/\/vestibulares.estrategia.com\/portal\/enem-e-vestibulares\/sisu\/"},{"@type":"ListItem","position":4,"name":"Notas de corte de Psicologia no Sisu: veja as notas m\u00ednimas para ingresso no curso"}]},{"@type":"WebSite","@id":"https:\/\/vestibulares.estrategia.com\/portal\/#website","url":"https:\/\/vestibulares.estrategia.com\/portal\/","name":"Estrat\u00e9gia Vestibulares","description":"","publisher":{"@id":"https:\/\/vestibulares.estrategia.com\/portal\/#organization"},"potentialAction":[{"@type":"SearchAction","target":{"@type":"EntryPoint","urlTemplate":"https:\/\/vestibulares.estrategia.com\/portal\/?s={search_term_string}"},"query-input":{"@type":"PropertyValueSpecification","valueRequired":true,"valueName":"search_term_string"}}],"inLanguage":"pt-BR"},{"@type":"Organization","@id":"https:\/\/vestibulares.estrategia.com\/portal\/#organization","name":"Estrat\u00e9gia Vestibulares","url":"https:\/\/vestibulares.estrategia.com\/portal\/","logo":{"@type":"ImageObject","inLanguage":"pt-BR","@id":"https:\/\/vestibulares.estrategia.com\/portal\/#\/schema\/logo\/image\/","url":"https:\/\/vestibulares.estrategia.com\/portal\/wp-content\/uploads\/2021\/06\/Logo-Vestibulares@4x.png","contentUrl":"https:\/\/vestibulares.estrategia.com\/portal\/wp-content\/uploads\/2021\/06\/Logo-Vestibulares@4x.png","width":250,"height":66,"caption":"Estrat\u00e9gia Vestibulares"},"image":{"@id":"https:\/\/vestibulares.estrategia.com\/portal\/#\/schema\/logo\/image\/"},"sameAs":["https:\/\/facebook.com\/estrategiavestibulares","https:\/\/x.com\/Estrategiavest","https:\/\/www.instagram.com\/estrategiavestibulares","https:\/\/www.youtube.com\/channel\/UCGWdZy8ULI-7_5GrABa4vNA"]},{"@type":"Person","@id":"https:\/\/vestibulares.estrategia.com\/portal\/#\/schema\/person\/95532619fccae669187ec84703047908","name":"Leonardo Del Sant","image":{"@type":"ImageObject","inLanguage":"pt-BR","@id":"https:\/\/vestibulares.estrategia.com\/portal\/#\/schema\/person\/image\/","url":"https:\/\/vestibulares.estrategia.com\/portal\/wp-content\/uploads\/2026\/02\/1000082484-150x150.jpeg","contentUrl":"https:\/\/vestibulares.estrategia.com\/portal\/wp-content\/uploads\/2026\/02\/1000082484-150x150.jpeg","caption":"Leonardo Del Sant"},"description":"Coordenador de Jornalismo do Estrat\u00e9gia Vestibulares. Trabalhou com escrita para SEO em sites das \u00e1reas de economia, varejo, sa\u00fade, tecnologia e alimenta\u00e7\u00e3o. Formado em jornalismo pela Unesp\/Bauru.","url":"https:\/\/vestibulares.estrategia.com\/portal\/author\/leonardo-del-sant\/"}]}},"_wl_alt_label":[],"wl:entity_url":"https:\/\/data.wordlift.io\/wl110249\/post\/notas-de-corte-psicologia-sisu","_links":{"self":[{"href":"https:\/\/vestibulares.estrategia.com\/portal\/wp-json\/wp\/v2\/posts\/110579","targetHints":{"allow":["GET"]}}],"collection":[{"href":"https:\/\/vestibulares.estrategia.com\/portal\/wp-json\/wp\/v2\/posts"}],"about":[{"href":"https:\/\/vestibulares.estrategia.com\/portal\/wp-json\/wp\/v2\/types\/post"}],"author":[{"embeddable":true,"href":"https:\/\/vestibulares.estrategia.com\/portal\/wp-json\/wp\/v2\/users\/43"}],"replies":[{"embeddable":true,"href":"https:\/\/vestibulares.estrategia.com\/portal\/wp-json\/wp\/v2\/comments?post=110579"}],"version-history":[{"count":3,"href":"https:\/\/vestibulares.estrategia.com\/portal\/wp-json\/wp\/v2\/posts\/110579\/revisions"}],"predecessor-version":[{"id":153279,"href":"https:\/\/vestibulares.estrategia.com\/portal\/wp-json\/wp\/v2\/posts\/110579\/revisions\/153279"}],"wp:featuredmedia":[{"embeddable":true,"href":"https:\/\/vestibulares.estrategia.com\/portal\/wp-json\/wp\/v2\/media\/110593"}],"wp:attachment":[{"href":"https:\/\/vestibulares.estrategia.com\/portal\/wp-json\/wp\/v2\/media?parent=110579"}],"wp:term":[{"taxonomy":"category","embeddable":true,"href":"https:\/\/vestibulares.estrategia.com\/portal\/wp-json\/wp\/v2\/categories?post=110579"},{"taxonomy":"post_tag","embeddable":true,"href":"https:\/\/vestibulares.estrategia.com\/portal\/wp-json\/wp\/v2\/tags?post=110579"},{"taxonomy":"wl_entity_type","embeddable":true,"href":"https:\/\/vestibulares.estrategia.com\/portal\/wp-json\/wp\/v2\/wl_entity_type?post=110579"}],"curies":[{"name":"wp","href":"https:\/\/api.w.org\/{rel}","templated":true}]}}