{"id":111696,"date":"2024-02-02T17:09:09","date_gmt":"2024-02-02T20:09:09","guid":{"rendered":"https:\/\/vestibulares.estrategia.com\/portal\/?p=111696"},"modified":"2025-04-16T10:46:17","modified_gmt":"2025-04-16T13:46:17","slug":"festival-folclorico-de-parintins-desenvolva-repertorios-socioculturais-para-o-vestibular","status":"publish","type":"post","link":"https:\/\/vestibulares.estrategia.com\/portal\/atualidades-e-dicas\/festival-folclorico-de-parintins-desenvolva-repertorios-socioculturais-para-o-vestibular\/","title":{"rendered":"Festival Folcl\u00f3rico de Parintins: desenvolva repert\u00f3rios socioculturais para o vestibular"},"content":{"rendered":"<p>O Festival Folcl&oacute;rico de Parintins acontece anualmente, no m&ecirc;s de junho, na cidade de Parintins, conhecida como ilha da magia, no estado do Amazonas. A festividade, que celebra a figura do boi-bumb&aacute;, foi criada em 1965, com o objetivo inicial de arrecadar fundos para a constru&ccedil;&atilde;o da Catedral de Nossa Senhora do Carmo, padroeira da cidade.<p>A festa &eacute; marcada pela rivalidade entre o Boi Garantido, representado pela cor vermelha, e o Boi Caprichoso, de cor azul, que se apresentam no Bumb&oacute;dromo, arena constru&iacute;da especialmente para a apresenta&ccedil;&atilde;o dos bois, entregando muitas cores,dan&ccedil;a, m&uacute;sica, rituais e tradi&ccedil;&atilde;o.&nbsp;<\/p><p>O Festival de Parintins &eacute; conhecido internacionalmente e recebe milhares de turistas para fazerem parte da festa que celebra e valoriza a cultura popular brasileira. Inclusive, a participa&ccedil;&atilde;o da personagem cunh&atilde;-poranga do Boi Garantido no reality show Big Brother Brasil 2024 deu maior visibilidade &agrave; celebra&ccedil;&atilde;o, que passou a ser muito falada nas redes sociais, como Twitter e Instagram.<\/p><p>O <strong>Portal Estrat&eacute;gia Vestibulares <\/strong>preparou este artigo para te explicar como o Festival Folcl&oacute;rico de Parintins pode ser cobrado nos vestibulares e at&eacute; usado como repert&oacute;rio sociocultural nas reda&ccedil;&otilde;es. Acompanhe esta viagem cultural!&nbsp;<\/p><p>\n\n\n\n<div id=\"new-form\">\n\t<form id=\"forms_layout\">\n\t<input type=\"hidden\" id=\"chave_de\" name=\"chave_de\" value=\"01_EVEST_LEADS_TOTAIS\" \/>\n\t\t<input type=\"hidden\" id=\"mid\" name=\"mid\" value=\"515008983\" \/>\n\t\t<input type=\"hidden\" id=\"Objetivo\" name=\"Objetivo\" value=\"Vestibulares\" \/>\n\t\t<input type=\"hidden\" id=\"Estado_de_Origem_do_IP\" name=\"Estado_de_Origem_do_IP\"  value=\"\" \/>\n\t\t<input type=\"hidden\" id=\"Cidade_de_Origem_do_IP\" name=\"Cidade_de_Origem_do_IP\" value=\"\" \/>\n\t\t<input type=\"hidden\" id=\"Modo_de_entrada\" name=\"Modo_de_entrada\" value=\"Portal\" \/>\n\t\t<input type=\"hidden\" id=\"Pagina_Origem\" name=\"Pagina_Origem\" value=\"\" \/>\n\n\t\t<div class=\"texto\">\n\t\t\t<h3 class=\"news\">Inscreva-se em nossa newsletter\ud83e\udd89<\/h3>\n\t\t\t<p>Receba dicas de estudo gratuitas e saiba em primeira m\u00e3o as novidades sobre o Enem, Sisu, Encceja, Fuvest e outros vestibulares!<\/p>\n\t\t<\/div>\n\t\t<div class=\"campos\">\n\t\t\t<div class=\"first_name labels\">\n\t\t\t\t<input type=\"text\" class=\"input_labels\" id=\"first_name\" name=\"Nome_Completo\" placeholder=\"Nome\" required \/>\n\t\t\t<\/div>\n\t\t\t<div class=\"email labels\">\n\t\t\t\t<input type=\"email\" class=\"input_labels\" id=\"email\" name=\"Email\" placeholder=\"E-mail\" required \/>\n\t\t\t<\/div>\n\t\t\t<button type=\"submit\" class=\"button_layout\">\n\t\t\t\t<div id=\"lblBotao\">Inscreva-se<\/div>\n\t\t\t\t<span id=\"divSpiner\" class=\"loader\" role=\"status\" style=\"display: none;\"><\/span>\t\n\t\t\t<\/button>\n\t\t<\/div><!-- \/campos -->\n\t\t\n\t\t<label class=\"container_checkbox\">Voc\u00ea concorda com a nossa\n\t\t\t<a class=\"politics_privacy_ahref\" target=\"_blank\" href=\"https:\/\/gratis.estrategiaconcursos.com.br\/politica-de-privacidade\/\">Pol\u00edtica de Privacidade<\/a> e aceita receber informa\u00e7\u00f5es adicionais do Estrat\u00e9gia Educacional.\n\t\t\t<input id=\"checkbox_layout\" type=\"checkbox\" checked=\"checked\" required \/>\n\t\t\t<span class=\"checkbox\"><\/span>\n\t\t<\/label>\n\t\t<div id=\"msg\"><\/div>\n\t\t<div id=\"error\" class=\"error\">\n\t\t<\/div>\n\t<\/form>\n<\/div><!-- \/new-form -->\n\n\n\n<\/p><div id=\"ez-toc-container\" class=\"ez-toc-v2_0_76 counter-hierarchy ez-toc-counter ez-toc-transparent ez-toc-container-direction\">\n<div class=\"ez-toc-title-container\"><p class=\"ez-toc-title\" style=\"cursor:inherit\">Navegue pelo conte\u00fado<\/p>\n<\/div><nav><ul class='ez-toc-list ez-toc-list-level-1 ' ><li class='ez-toc-page-1 ez-toc-heading-level-2'><a class=\"ez-toc-link ez-toc-heading-1\" href=\"https:\/\/vestibulares.estrategia.com\/portal\/atualidades-e-dicas\/festival-folclorico-de-parintins-desenvolva-repertorios-socioculturais-para-o-vestibular\/#O-que-celebra-o-Festival-de-Parintins\" >O que celebra o Festival de Parintins?<\/a><\/li><li class='ez-toc-page-1 ez-toc-heading-level-2'><a class=\"ez-toc-link ez-toc-heading-2\" href=\"https:\/\/vestibulares.estrategia.com\/portal\/atualidades-e-dicas\/festival-folclorico-de-parintins-desenvolva-repertorios-socioculturais-para-o-vestibular\/#Veja-temas-relacionados-ao-Festival-de-Parintins-que-podem-aparecer-nos-vestibulares\" >Veja temas relacionados ao Festival de Parintins que podem aparecer nos vestibulares<\/a><\/li><li class='ez-toc-page-1 ez-toc-heading-level-2'><a class=\"ez-toc-link ez-toc-heading-3\" href=\"https:\/\/vestibulares.estrategia.com\/portal\/atualidades-e-dicas\/festival-folclorico-de-parintins-desenvolva-repertorios-socioculturais-para-o-vestibular\/#Filmes-series-e-documentarios-sobre-o-Festival-de-Parintins-e-a-cultura-brasileira\" >Filmes, s&eacute;ries e document&aacute;rios sobre o Festival de Parintins e a cultura brasileira<\/a><\/li><li class='ez-toc-page-1 ez-toc-heading-level-2'><a class=\"ez-toc-link ez-toc-heading-4\" href=\"https:\/\/vestibulares.estrategia.com\/portal\/atualidades-e-dicas\/festival-folclorico-de-parintins-desenvolva-repertorios-socioculturais-para-o-vestibular\/#Arrase-na-redacao-com-o-Estrategia-Vestibulares\" >Arrase na reda&ccedil;&atilde;o com o Estrat&eacute;gia Vestibulares<\/a><\/li><\/ul><\/nav><\/div>\n<h2 class=\"wp-block-heading\" id=\"h-o-que-celebra-o-festival-de-parintins\"><span class=\"ez-toc-section\" id=\"O-que-celebra-o-Festival-de-Parintins\"><\/span>O que celebra o Festival de Parintins?<span class=\"ez-toc-section-end\"><\/span><\/h2><p>O Festival Folcl&oacute;rico de Parintins celebra a figura do boi-bumb&aacute;, que, segundo o folclore brasileiro, ap&oacute;s ser morto, volta &agrave; vida pela interven&ccedil;&atilde;o do paj&eacute;, curandeiro e l&iacute;der espiritual ind&iacute;gena. A morte e ressurrei&ccedil;&atilde;o do boi-bumb&aacute; &eacute; representada na festa pelo <strong>auto do boi<\/strong>.<\/p><p>Para cada ano, as duas equipes escolhem um tema para sua apresenta&ccedil;&atilde;o, assim como as escolas de samba no carnaval. Al&eacute;m disso, tal qual o Samb&oacute;dromo, a festa &eacute; realizada a c&eacute;u aberto no <strong>Bumb&oacute;dromo<\/strong>.&nbsp;<\/p><p>Algumas figuras importantes da festividade s&atilde;o a <strong>cunh&atilde;-poranga<\/strong>, rainha da festa; o <strong>porta-estandarte<\/strong>, que carrega o estandarte do boi; o <strong>porta-bandeira<\/strong>; o <strong>caboclo de lan&ccedil;a<\/strong>; a <strong>sinhazinha<\/strong>; o <strong>paj&eacute;<\/strong>; o <strong>levantador de toadas<\/strong>, cantor que interpreta as toadas; e o <strong>amo do boi<\/strong>, que conduz o boi-bumb&aacute;.<\/p><p>Para a decis&atilde;o do campe&atilde;o, a comiss&atilde;o organizadora seleciona nove jurados, com conhecimento em cultura popular, folclore e antropologia, que avaliam os itens individuais e coletivos de cada equipe.<\/p><h2 class=\"wp-block-heading\" id=\"h-veja-temas-relacionados-ao-festival-de-parintins-que-podem-aparecer-nos-vestibulares\"><span class=\"ez-toc-section\" id=\"Veja-temas-relacionados-ao-Festival-de-Parintins-que-podem-aparecer-nos-vestibulares\"><\/span>Veja temas relacionados ao Festival de Parintins que podem aparecer nos vestibulares<span class=\"ez-toc-section-end\"><\/span><\/h2><h3 class=\"wp-block-heading\" id=\"h-festivais-folcloricos-e-o-fomento-ao-turismo\">Festivais folcl&oacute;ricos e o fomento ao turismo<\/h3><p>S&atilde;o diversos os festivais folcl&oacute;ricos celebrados no Brasil, como as festas juninas, comuns no m&ecirc;s de junho, o carnaval, uma das festas brasileiras mais populares, a Folia de Reis, comemorada ap&oacute;s o Natal, o C&iacute;rio de Nazar&eacute;, considerado patrim&ocirc;nio hist&oacute;rico, a Lavagem do Bonfim, uma das maiores festividades da Bahia, o Oktoberfest, popular no Sul do Pa&iacute;s e a festa do Bumba Meu Boi, t&iacute;pica no Norte e Nordeste brasileiros.<\/p><p>Todas essas festividades, al&eacute;m de celebrarem o folclore e preservarem a cultura brasileira, fomentam o turismo local. Muitas vezes, elas s&atilde;o respons&aacute;veis pelo desenvolvimento social, cultural e econ&ocirc;mico da regi&atilde;o.&nbsp;<\/p><p>Os escritores do artigo &ldquo;<a href=\"https:\/\/periodicos.unifesp.br\/index.php\/ecoturismo\/article\/view\/6424\" target=\"_blank\" rel=\"noopener noreferrer\">Eventos Culturais como estrat&eacute;gia de fomento do turismo: an&aacute;lise do Festival Folcl&oacute;rico de Parintins\/AM<\/a>&rdquo; afirmam que existe uma rela&ccedil;&atilde;o entre a festa, o evento cultural e o turismo, porque &ldquo;o turismo se serve e apreende os eventos culturais festivos ao mesmo tempo em que torna poss&iacute;vel a participa&ccedil;&atilde;o de um p&uacute;blico maior nessas festas&rdquo;.<\/p><p>O Festival de Parintins celebra o Boi-Bumb&aacute;, ou seja, o Bumba Meu Boi da regi&atilde;o Norte. Segundo a Empresa Estadual do Turismo do Amazonas (Amazonastur), em 2023, Parintins recebeu mais de 120.000 turistas para assistir &agrave; competi&ccedil;&atilde;o entre o Boi Garantido e o Boi Caprichoso.<\/p><h3 class=\"wp-block-heading\" id=\"h-rivalidade-entre-o-boi-garantido-e-boi-caprichoso\">Rivalidade entre o Boi Garantido e Boi Caprichoso<\/h3><p>O Festival Folcl&oacute;rico de Parintins&nbsp;&eacute; marcado pela rivalidade entre o Boi Garantido, com sua cor vermelha, e o Boi Caprichoso, representado pela cor azul. As equipes de cada um dos bois-bumb&aacute;s se apresentam no Bumb&oacute;dromo, arena feita especialmente para a festa, e a plateia &eacute; dividida na arquibancada de acordo com sua torcida.<\/p><p>A rivalidade entre eles &eacute; t&atilde;o grande que muitas marcas precisam se adequar &agrave;s cores durante o festival para que possam ser consumidas. A partir de 2010, a Coca-Cola, al&eacute;m do tradicional vermelho, passou a produzir latas azuis para que os torcedores do Caprichoso comprassem os refrigerantes. A mesma coisa acontece com as latas personalizadas da cerveja Brahma, produzida pela Ambev.<\/p><p>Em 2019, a Uber tamb&eacute;m aderiu ao festival e fez algumas modifica&ccedil;&otilde;es no aplicativo. Na hora de solicitar a corrida, o passageiro podia escolher, al&eacute;m do comum UberX, o UberCaprichoso ou o UberGarantido. Isso mostra que a rivalidade vai al&eacute;m do festival, sendo usada pelas marcas como ferramenta de publicidade e marketing.&nbsp;<\/p><p>No entanto, apesar do antagonismo entre as torcidas, a participante do BBB 24, Isabelle Nogueira, cunh&atilde;-poranga do Boi Garantido, foi respons&aacute;vel pela uni&atilde;o do vermelho e azul. Quando a sister estava no pared&atilde;o, o instagram oficial do Boi Caprichoso fez uma <a href=\"https:\/\/www.instagram.com\/p\/C2sI6s4LpF9\/\" target=\"_blank\" rel=\"noopener noreferrer\">publica&ccedil;&atilde;o<\/a> pedindo a perman&ecirc;ncia de Isabelle, com a legenda &ldquo;Pelo nosso Amazonas, pela nossa cultura&rdquo;.<\/p><h3 class=\"wp-block-heading\" id=\"h-cultura-popular-brasileira\">Cultura popular brasileira<\/h3><p>A cultura brasileira &eacute;, a todo momento, exaltada no Festival de Parintins. N&atilde;o apenas durante as apresenta&ccedil;&otilde;es dos bois Garantido e Caprichoso, mas tamb&eacute;m al&eacute;m do Bumb&oacute;dromo, onde a cultura ganha forma por meio das lendas, da m&uacute;sica, do artesanato, da literatura, do cinema e da fotografia.<\/p><p>At&eacute; mesmo as intera&ccedil;&otilde;es entre os turistas e os moradores locais &eacute; uma forma de valorizar a cultura brasileira. Como o folclorista Lu&iacute;s da C&acirc;mara Cascudo destaca: &ldquo;Nascemos e vivemos mergulhados na cultura de nossa fam&iacute;lia, dos amigos, das rela&ccedil;&otilde;es mais cont&iacute;nuas e &iacute;ntimas, do nosso mundo afetuoso&rdquo;.&nbsp;<\/p><p>Ou seja, a cultura popular est&aacute; presente em todas as camadas da sociedade, n&atilde;o importa a classe social ou a faixa et&aacute;ria, o folclore &eacute; respons&aacute;vel pela constru&ccedil;&atilde;o da identidade brasileira.<\/p><p><a href=\"https:\/\/vestibulares.estrategia.com\/portal\/atualidades-e-dicas\/folclore-brasileiro-desenvolva-repertorios-socioculturais-para-o-vestibular\/\">+ Folclore brasileiro: desenvolva repert&oacute;rios socioculturais para o vestibular<\/a><\/p><h3 class=\"wp-block-heading\" id=\"h-iphan\">IPHAN<\/h3><p>O Instituto do Patrim&ocirc;nio Hist&oacute;rico e Art&iacute;stico Nacional (IPHAN) &eacute; uma institui&ccedil;&atilde;o brasileira vinculada ao Minist&eacute;rio do Turismo, dedicada &agrave; preserva&ccedil;&atilde;o e promo&ccedil;&atilde;o do patrim&ocirc;nio cultural do Pa&iacute;s.&nbsp;<\/p><p>Fundado em 1937, o IPHAN desempenha um papel crucial na identifica&ccedil;&atilde;o, prote&ccedil;&atilde;o e valoriza&ccedil;&atilde;o de bens culturais, que incluem desde monumentos hist&oacute;ricos e s&iacute;tios arqueol&oacute;gicos at&eacute; express&otilde;es culturais imateriais, como festas e manifesta&ccedil;&otilde;es folcl&oacute;ricas.&nbsp;<\/p><p>Al&eacute;m disso, o IPHAN trabalha para conscientizar a sociedade sobre a import&acirc;ncia da preserva&ccedil;&atilde;o do patrim&ocirc;nio, contribuindo para a constru&ccedil;&atilde;o da identidade e mem&oacute;ria coletiva do povo brasileiro.<\/p><h3 class=\"wp-block-heading\" id=\"h-patrimonio-cultural\">Patrim&ocirc;nio Cultural<\/h3><p>Um patrim&ocirc;nio cultural pode ser definido como material ou imaterial. Os bens culturais de natureza material s&atilde;o classificados de acordo com os quatro Livros do Tombo, entre eles:<\/p><ul class=\"wp-block-list\">\n<li>Arqueol&oacute;gico, paisag&iacute;stico e etnogr&aacute;fico;<\/li>\n\n\n\n<li>Hist&oacute;rico;<\/li>\n\n\n\n<li>Belas artes; e<\/li>\n\n\n\n<li>Artes aplicadas<\/li>\n<\/ul><p>Os <a href=\"https:\/\/vestibulares.estrategia.com\/portal\/atualidades-e-dicas\/saiba-quais-sao-os-22-patrimonios-historicos-do-brasil\/\">bens culturais materiais<\/a> de podem ser im&oacute;veis de bem individual, cidades hist&oacute;ricas, s&iacute;tios arqueol&oacute;gicos e paisag&iacute;sticos, cole&ccedil;&otilde;es arqueol&oacute;gicas, acervos documentais, bibliogr&aacute;ficos, fotogr&aacute;ficos e cinematogr&aacute;ficos. Um exemplo &eacute; a cidade de Ouro Preto, em Minas Gerais, um conjunto arquitet&ocirc;nico e urban&iacute;stico, tombada como Patrim&ocirc;nio Cultural Material do Brasil pelos seguintes dados: arqueol&oacute;gico, etnogr&aacute;fico e paisag&iacute;stico; hist&oacute;rico e Belas Artes.<\/p><p>J&aacute; os bens culturais imateriais referem-se &agrave;s pr&aacute;ticas, representa&ccedil;&otilde;es, express&otilde;es, conhecimentos e t&eacute;cnicas da vida social, manifestados de gera&ccedil;&atilde;o para gera&ccedil;&atilde;o nas comunidades. Alguns exemplos de Patrim&ocirc;nio Cultural Imaterial incluem tradi&ccedil;&otilde;es orais, festivais, pr&aacute;ticas de artesanato, express&otilde;es musicais, dan&ccedil;as, rituais religiosos e t&eacute;cnicas de cultivo agr&iacute;cola.&nbsp;<\/p><p>O Festival Folcl&oacute;rico de Parintins &eacute; considerado pelo IPHAN um Patrim&ocirc;nio Cultural Imaterial do Brasil. Isso significa que ele possui elementos n&atilde;o materiais da cultura que desempenham um papel significativo na identidade das comunidades e na preserva&ccedil;&atilde;o da diversidade cultural brasileira.<\/p><h2 class=\"wp-block-heading\" id=\"h-filmes-series-e-documentarios-sobre-o-festival-de-parintins-e-a-cultura-brasileira\"><span class=\"ez-toc-section\" id=\"Filmes-series-e-documentarios-sobre-o-Festival-de-Parintins-e-a-cultura-brasileira\"><\/span>Filmes, s&eacute;ries e document&aacute;rios sobre o Festival de Parintins e a cultura brasileira<span class=\"ez-toc-section-end\"><\/span><\/h2><h3 class=\"wp-block-heading\" id=\"h-balanceia\">Balanceia<\/h3><p>Neste&nbsp; curta-metragem, Juraci J&uacute;nior e Thiago Oliveiro retratam uma viagem de barco at&eacute; Parintins, para a celebra&ccedil;&atilde;o do festival do Boi Garantido e Boi Caprichoso.<\/p><figure class=\"wp-block-embed is-type-video is-provider-youtube wp-block-embed-youtube wp-embed-aspect-16-9 wp-has-aspect-ratio\"><div class=\"wp-block-embed__wrapper\">\n<div class=\"cs-embed cs-embed-responsive\"><iframe title=\"Balanceia Curta-metragem\" width=\"1200\" height=\"675\" src=\"https:\/\/www.youtube.com\/embed\/bCuIvJ9OKzM?feature=oembed\" frameborder=\"0\" allow=\"accelerometer; autoplay; clipboard-write; encrypted-media; gyroscope; picture-in-picture; web-share\" referrerpolicy=\"strict-origin-when-cross-origin\" allowfullscreen><\/iframe><\/div>\n<\/div><\/figure><h3 class=\"wp-block-heading\" id=\"h-o-festival-e-a-vida-do-povo-que-vive\">O Festival &eacute; a Vida do Povo Que Vive<\/h3><p>O document&aacute;rio gravado durante a pandemia da Covid-19 conta as hist&oacute;rias das pessoas que dedicam suas vidas para fazer o Festival de Parintins acontecer, desde a arte, a gastronomia, o com&eacute;rcio, a hotelaria e o transporte.<\/p><figure class=\"wp-block-embed is-type-video is-provider-youtube wp-block-embed-youtube wp-embed-aspect-16-9 wp-has-aspect-ratio\"><div class=\"wp-block-embed__wrapper\">\n<div class=\"cs-embed cs-embed-responsive\"><iframe title=\"Document&aacute;rio: O Festival &eacute; a Vida do Povo Que Vive\" width=\"1200\" height=\"675\" src=\"https:\/\/www.youtube.com\/embed\/PQagXOeq7E0?feature=oembed\" frameborder=\"0\" allow=\"accelerometer; autoplay; clipboard-write; encrypted-media; gyroscope; picture-in-picture; web-share\" referrerpolicy=\"strict-origin-when-cross-origin\" allowfullscreen><\/iframe><\/div>\n<\/div><\/figure><h3 class=\"wp-block-heading\" id=\"h-parintins-vem-conhecer-o-festival\">Parintins: Vem conhecer o Festival<\/h3><p>O document&aacute;rio realizado pela &ldquo;TV A Cr&iacute;tica&rdquo; mostra a import&acirc;ncia do Festival de Parintins e seu movimento cultural para a ilha e para o estado do Amazonas.<\/p><figure class=\"wp-block-embed is-type-video is-provider-youtube wp-block-embed-youtube wp-embed-aspect-16-9 wp-has-aspect-ratio\"><div class=\"wp-block-embed__wrapper\">\n<div class=\"cs-embed cs-embed-responsive\"><iframe title=\"DOCUMENT&Aacute;RIO 'PARINTINS: VEM CONHECER O FESTIVAL'\" width=\"1200\" height=\"675\" src=\"https:\/\/www.youtube.com\/embed\/nubrzZ4SBvE?feature=oembed\" frameborder=\"0\" allow=\"accelerometer; autoplay; clipboard-write; encrypted-media; gyroscope; picture-in-picture; web-share\" referrerpolicy=\"strict-origin-when-cross-origin\" allowfullscreen><\/iframe><\/div>\n<\/div><\/figure><h3 class=\"wp-block-heading\" id=\"h-mestres-da-toada\">Mestres da Toada<\/h3><p>Mestres da Toada &eacute; um document&aacute;rio em s&eacute;rie idealizado pelo m&uacute;sico Edson Azevedo. Nele, s&atilde;o contadas as hist&oacute;rias dos artistas respons&aacute;veis por traduzir e interpretar os mitos e tradi&ccedil;&otilde;es da cultura do boi-bumb&aacute; por meio das toadas.<\/p><figure class=\"wp-block-embed is-type-video is-provider-youtube wp-block-embed-youtube wp-embed-aspect-16-9 wp-has-aspect-ratio\"><div class=\"wp-block-embed__wrapper\">\n<div class=\"cs-embed cs-embed-responsive\"><iframe title=\"Mestres da Toada\" width=\"1200\" height=\"675\" src=\"https:\/\/www.youtube.com\/embed\/zNj2S-hAQT4?feature=oembed\" frameborder=\"0\" allow=\"accelerometer; autoplay; clipboard-write; encrypted-media; gyroscope; picture-in-picture; web-share\" referrerpolicy=\"strict-origin-when-cross-origin\" allowfullscreen><\/iframe><\/div>\n<\/div><\/figure><h2 class=\"wp-block-heading\" id=\"h-arrase-na-redacao-com-o-estrategia-vestibulares\"><span class=\"ez-toc-section\" id=\"Arrase-na-redacao-com-o-Estrategia-Vestibulares\"><\/span>Arrase na reda&ccedil;&atilde;o com o Estrat&eacute;gia Vestibulares<span class=\"ez-toc-section-end\"><\/span><\/h2><p>Voc&ecirc; quer ter todas as suas reda&ccedil;&otilde;es corrigidas e com feedback? Saiba que o Estrat&eacute;gia Vestibulares oferece isso! Aqui voc&ecirc; pode enviar um n&uacute;mero ilimitado de reda&ccedil;&otilde;es para serem corrigidas por nossos professores, que respondem com dicas de onde e como melhorar.<\/p><p>Al&eacute;m disso, a Coruja oferece aulas din&acirc;micas, um Banco de Quest&otilde;es super completo, salas VIP, monitorias e cursos focados em diversas bancas de vestibulares do Brasil. Clique no banner e conhe&ccedil;a melhor o Estrat&eacute;gia Vestibulares!<\/p><p>\n\n\n\n\n\n<a id=\"cta\" class=\"cta-imagem\" href=\"https:\/\/vestibulares.estrategia.com\/cursos\/\" target=\"blank\">\n                <img decoding=\"async\" width=\"100%\" src=\"https:\/\/vestibulares.estrategia.com\/portal\/wp-content\/uploads\/2021\/12\/EV4.jpg\" alt=\"CTA - Estrat\u00e9gia Vestibulares 4\" title=\"CTA - Estrat\u00e9gia Vestibulares 4\">\n        <\/a>\n<\/p><\/p>\n","protected":false},"excerpt":{"rendered":"O festival \u00e9 marcado pela rivalidade entre os bois-bumb\u00e1s Caprichoso e Garantido, descubra mais sobre a festa popular #PodeCairNoVestibular\n","protected":false},"author":51,"featured_media":111697,"comment_status":"closed","ping_status":"closed","sticky":false,"template":"","format":"standard","meta":{"wl_entities_gutenberg":"","footnotes":""},"categories":[46],"tags":[],"wl_entity_type":[732],"class_list":{"0":"post-111696","1":"post","2":"type-post","3":"status-publish","4":"format-standard","5":"has-post-thumbnail","7":"category-atualidades-e-dicas","8":"wl_entity_type-article"},"acf":[],"yoast_head":"<!-- This site is optimized with the Yoast SEO Premium plugin v25.9 (Yoast SEO v25.9) - https:\/\/yoast.com\/wordpress\/plugins\/seo\/ -->\n<title>Repert\u00f3rio sociocultural sobre o Festival de Parintins: entenda o tema<\/title>\n<meta name=\"description\" content=\"Desenvolva repert\u00f3rios socioculturais sobre o Festival Folcl\u00f3rico de Parintins, festa tradicional do Amazonas e conhecida internacionalmente.\" \/>\n<meta name=\"robots\" content=\"index, follow, max-snippet:-1, max-image-preview:large, max-video-preview:-1\" \/>\n<link rel=\"canonical\" href=\"https:\/\/vestibulares.estrategia.com\/portal\/atualidades-e-dicas\/festival-folclorico-de-parintins-desenvolva-repertorios-socioculturais-para-o-vestibular\/\" \/>\n<meta property=\"og:locale\" content=\"pt_BR\" \/>\n<meta property=\"og:type\" content=\"article\" \/>\n<meta property=\"og:title\" content=\"Festival Folcl\u00f3rico de Parintins: desenvolva repert\u00f3rios socioculturais para o vestibular\" \/>\n<meta property=\"og:description\" content=\"Desenvolva repert\u00f3rios socioculturais sobre o Festival Folcl\u00f3rico de Parintins, festa tradicional do Amazonas e conhecida internacionalmente.\" \/>\n<meta property=\"og:url\" content=\"https:\/\/vestibulares.estrategia.com\/portal\/atualidades-e-dicas\/festival-folclorico-de-parintins-desenvolva-repertorios-socioculturais-para-o-vestibular\/\" \/>\n<meta property=\"og:site_name\" content=\"Estrat\u00e9gia Vestibulares\" \/>\n<meta property=\"article:publisher\" content=\"https:\/\/facebook.com\/estrategiavestibulares\" \/>\n<meta property=\"article:published_time\" content=\"2024-02-02T20:09:09+00:00\" \/>\n<meta property=\"article:modified_time\" content=\"2025-04-16T13:46:17+00:00\" \/>\n<meta property=\"og:image\" content=\"https:\/\/vestibulares.estrategia.com\/portal\/wp-content\/uploads\/2024\/02\/festival-de-parintins-repertorio-sociocultural.jpg\" \/>\n\t<meta property=\"og:image:width\" content=\"1310\" \/>\n\t<meta property=\"og:image:height\" content=\"874\" \/>\n\t<meta property=\"og:image:type\" content=\"image\/jpeg\" \/>\n<meta name=\"author\" content=\"Larrani Ferreira\" \/>\n<meta name=\"twitter:card\" content=\"summary_large_image\" \/>\n<meta name=\"twitter:creator\" content=\"@Estrategiavest\" \/>\n<meta name=\"twitter:site\" content=\"@Estrategiavest\" \/>\n<meta name=\"twitter:label1\" content=\"Escrito por\" \/>\n\t<meta name=\"twitter:data1\" content=\"Larrani Ferreira\" \/>\n\t<meta name=\"twitter:label2\" content=\"Est. tempo de leitura\" \/>\n\t<meta name=\"twitter:data2\" content=\"8 minutos\" \/>\n<script type=\"application\/ld+json\" class=\"yoast-schema-graph\">{\"@context\":\"https:\/\/schema.org\",\"@graph\":[{\"@type\":\"Article\",\"@id\":\"https:\/\/vestibulares.estrategia.com\/portal\/atualidades-e-dicas\/festival-folclorico-de-parintins-desenvolva-repertorios-socioculturais-para-o-vestibular\/#article\",\"isPartOf\":{\"@id\":\"https:\/\/vestibulares.estrategia.com\/portal\/atualidades-e-dicas\/festival-folclorico-de-parintins-desenvolva-repertorios-socioculturais-para-o-vestibular\/\"},\"author\":{\"name\":\"Larrani Ferreira\",\"@id\":\"https:\/\/vestibulares.estrategia.com\/portal\/#\/schema\/person\/98d0c0e22d6d89b480aa1929f0e64ec5\"},\"headline\":\"Festival Folcl\u00f3rico de Parintins: desenvolva repert\u00f3rios socioculturais para o vestibular\",\"datePublished\":\"2024-02-02T20:09:09+00:00\",\"dateModified\":\"2025-04-16T13:46:17+00:00\",\"mainEntityOfPage\":{\"@id\":\"https:\/\/vestibulares.estrategia.com\/portal\/atualidades-e-dicas\/festival-folclorico-de-parintins-desenvolva-repertorios-socioculturais-para-o-vestibular\/\"},\"wordCount\":1669,\"publisher\":{\"@id\":\"https:\/\/vestibulares.estrategia.com\/portal\/#organization\"},\"image\":{\"@id\":\"https:\/\/vestibulares.estrategia.com\/portal\/atualidades-e-dicas\/festival-folclorico-de-parintins-desenvolva-repertorios-socioculturais-para-o-vestibular\/#primaryimage\"},\"thumbnailUrl\":\"https:\/\/vestibulares.estrategia.com\/portal\/wp-content\/uploads\/2024\/02\/festival-de-parintins-repertorio-sociocultural.jpg\",\"articleSection\":[\"Atualidades e Dicas\"],\"inLanguage\":\"pt-BR\"},{\"@type\":\"WebPage\",\"@id\":\"https:\/\/vestibulares.estrategia.com\/portal\/atualidades-e-dicas\/festival-folclorico-de-parintins-desenvolva-repertorios-socioculturais-para-o-vestibular\/\",\"url\":\"https:\/\/vestibulares.estrategia.com\/portal\/atualidades-e-dicas\/festival-folclorico-de-parintins-desenvolva-repertorios-socioculturais-para-o-vestibular\/\",\"name\":\"Repert\u00f3rio sociocultural sobre o Festival de Parintins: entenda o tema\",\"isPartOf\":{\"@id\":\"https:\/\/vestibulares.estrategia.com\/portal\/#website\"},\"primaryImageOfPage\":{\"@id\":\"https:\/\/vestibulares.estrategia.com\/portal\/atualidades-e-dicas\/festival-folclorico-de-parintins-desenvolva-repertorios-socioculturais-para-o-vestibular\/#primaryimage\"},\"image\":{\"@id\":\"https:\/\/vestibulares.estrategia.com\/portal\/atualidades-e-dicas\/festival-folclorico-de-parintins-desenvolva-repertorios-socioculturais-para-o-vestibular\/#primaryimage\"},\"thumbnailUrl\":\"https:\/\/vestibulares.estrategia.com\/portal\/wp-content\/uploads\/2024\/02\/festival-de-parintins-repertorio-sociocultural.jpg\",\"datePublished\":\"2024-02-02T20:09:09+00:00\",\"dateModified\":\"2025-04-16T13:46:17+00:00\",\"description\":\"Desenvolva repert\u00f3rios socioculturais sobre o Festival Folcl\u00f3rico de Parintins, festa tradicional do Amazonas e conhecida internacionalmente.\",\"breadcrumb\":{\"@id\":\"https:\/\/vestibulares.estrategia.com\/portal\/atualidades-e-dicas\/festival-folclorico-de-parintins-desenvolva-repertorios-socioculturais-para-o-vestibular\/#breadcrumb\"},\"inLanguage\":\"pt-BR\",\"potentialAction\":[{\"@type\":\"ReadAction\",\"target\":[\"https:\/\/vestibulares.estrategia.com\/portal\/atualidades-e-dicas\/festival-folclorico-de-parintins-desenvolva-repertorios-socioculturais-para-o-vestibular\/\"]}]},{\"@type\":\"ImageObject\",\"inLanguage\":\"pt-BR\",\"@id\":\"https:\/\/vestibulares.estrategia.com\/portal\/atualidades-e-dicas\/festival-folclorico-de-parintins-desenvolva-repertorios-socioculturais-para-o-vestibular\/#primaryimage\",\"url\":\"https:\/\/vestibulares.estrategia.com\/portal\/wp-content\/uploads\/2024\/02\/festival-de-parintins-repertorio-sociocultural.jpg\",\"contentUrl\":\"https:\/\/vestibulares.estrategia.com\/portal\/wp-content\/uploads\/2024\/02\/festival-de-parintins-repertorio-sociocultural.jpg\",\"width\":1310,\"height\":874,\"caption\":\"Foto: Amazonastur\/Divulga\u00e7\u00e3o\"},{\"@type\":\"BreadcrumbList\",\"@id\":\"https:\/\/vestibulares.estrategia.com\/portal\/atualidades-e-dicas\/festival-folclorico-de-parintins-desenvolva-repertorios-socioculturais-para-o-vestibular\/#breadcrumb\",\"itemListElement\":[{\"@type\":\"ListItem\",\"position\":1,\"name\":\"Home\",\"item\":\"https:\/\/vestibulares.estrategia.com\/portal\/\"},{\"@type\":\"ListItem\",\"position\":2,\"name\":\"Atualidades e Dicas\",\"item\":\"https:\/\/vestibulares.estrategia.com\/portal\/atualidades-e-dicas\/\"},{\"@type\":\"ListItem\",\"position\":3,\"name\":\"Festival Folcl\u00f3rico de Parintins: desenvolva repert\u00f3rios socioculturais para o vestibular\"}]},{\"@type\":\"WebSite\",\"@id\":\"https:\/\/vestibulares.estrategia.com\/portal\/#website\",\"url\":\"https:\/\/vestibulares.estrategia.com\/portal\/\",\"name\":\"Estrat\u00e9gia Vestibulares\",\"description\":\"\",\"publisher\":{\"@id\":\"https:\/\/vestibulares.estrategia.com\/portal\/#organization\"},\"potentialAction\":[{\"@type\":\"SearchAction\",\"target\":{\"@type\":\"EntryPoint\",\"urlTemplate\":\"https:\/\/vestibulares.estrategia.com\/portal\/?s={search_term_string}\"},\"query-input\":{\"@type\":\"PropertyValueSpecification\",\"valueRequired\":true,\"valueName\":\"search_term_string\"}}],\"inLanguage\":\"pt-BR\"},{\"@type\":\"Organization\",\"@id\":\"https:\/\/vestibulares.estrategia.com\/portal\/#organization\",\"name\":\"Estrat\u00e9gia Vestibulares\",\"url\":\"https:\/\/vestibulares.estrategia.com\/portal\/\",\"logo\":{\"@type\":\"ImageObject\",\"inLanguage\":\"pt-BR\",\"@id\":\"https:\/\/vestibulares.estrategia.com\/portal\/#\/schema\/logo\/image\/\",\"url\":\"https:\/\/vestibulares.estrategia.com\/portal\/wp-content\/uploads\/2021\/06\/Logo-Vestibulares@4x.png\",\"contentUrl\":\"https:\/\/vestibulares.estrategia.com\/portal\/wp-content\/uploads\/2021\/06\/Logo-Vestibulares@4x.png\",\"width\":250,\"height\":66,\"caption\":\"Estrat\u00e9gia Vestibulares\"},\"image\":{\"@id\":\"https:\/\/vestibulares.estrategia.com\/portal\/#\/schema\/logo\/image\/\"},\"sameAs\":[\"https:\/\/facebook.com\/estrategiavestibulares\",\"https:\/\/x.com\/Estrategiavest\",\"https:\/\/www.instagram.com\/estrategiavestibulares\",\"https:\/\/www.youtube.com\/channel\/UCGWdZy8ULI-7_5GrABa4vNA\"]},{\"@type\":\"Person\",\"@id\":\"https:\/\/vestibulares.estrategia.com\/portal\/#\/schema\/person\/98d0c0e22d6d89b480aa1929f0e64ec5\",\"name\":\"Larrani Ferreira\",\"image\":{\"@type\":\"ImageObject\",\"inLanguage\":\"pt-BR\",\"@id\":\"https:\/\/vestibulares.estrategia.com\/portal\/#\/schema\/person\/image\/\",\"url\":\"https:\/\/vestibulares.estrategia.com\/portal\/wp-content\/uploads\/2026\/02\/WhatsApp-Image-2026-02-05-at-14.26.13-150x150.jpeg\",\"contentUrl\":\"https:\/\/vestibulares.estrategia.com\/portal\/wp-content\/uploads\/2026\/02\/WhatsApp-Image-2026-02-05-at-14.26.13-150x150.jpeg\",\"caption\":\"Larrani Ferreira\"},\"description\":\"Jornalista e Mestranda em Comunica\u00e7\u00e3o Intercultural nas Organiza\u00e7\u00f5es\",\"url\":\"https:\/\/vestibulares.estrategia.com\/portal\/author\/larranioliveira\/\"}]}<\/script>\n<!-- \/ Yoast SEO Premium plugin. -->","yoast_head_json":{"title":"Repert\u00f3rio sociocultural sobre o Festival de Parintins: entenda o tema","description":"Desenvolva repert\u00f3rios socioculturais sobre o Festival Folcl\u00f3rico de Parintins, festa tradicional do Amazonas e conhecida internacionalmente.","robots":{"index":"index","follow":"follow","max-snippet":"max-snippet:-1","max-image-preview":"max-image-preview:large","max-video-preview":"max-video-preview:-1"},"canonical":"https:\/\/vestibulares.estrategia.com\/portal\/atualidades-e-dicas\/festival-folclorico-de-parintins-desenvolva-repertorios-socioculturais-para-o-vestibular\/","og_locale":"pt_BR","og_type":"article","og_title":"Festival Folcl\u00f3rico de Parintins: desenvolva repert\u00f3rios socioculturais para o vestibular","og_description":"Desenvolva repert\u00f3rios socioculturais sobre o Festival Folcl\u00f3rico de Parintins, festa tradicional do Amazonas e conhecida internacionalmente.","og_url":"https:\/\/vestibulares.estrategia.com\/portal\/atualidades-e-dicas\/festival-folclorico-de-parintins-desenvolva-repertorios-socioculturais-para-o-vestibular\/","og_site_name":"Estrat\u00e9gia Vestibulares","article_publisher":"https:\/\/facebook.com\/estrategiavestibulares","article_published_time":"2024-02-02T20:09:09+00:00","article_modified_time":"2025-04-16T13:46:17+00:00","og_image":[{"width":1310,"height":874,"url":"https:\/\/vestibulares.estrategia.com\/portal\/wp-content\/uploads\/2024\/02\/festival-de-parintins-repertorio-sociocultural.jpg","type":"image\/jpeg"}],"author":"Larrani Ferreira","twitter_card":"summary_large_image","twitter_creator":"@Estrategiavest","twitter_site":"@Estrategiavest","twitter_misc":{"Escrito por":"Larrani Ferreira","Est. tempo de leitura":"8 minutos"},"schema":{"@context":"https:\/\/schema.org","@graph":[{"@type":"Article","@id":"https:\/\/vestibulares.estrategia.com\/portal\/atualidades-e-dicas\/festival-folclorico-de-parintins-desenvolva-repertorios-socioculturais-para-o-vestibular\/#article","isPartOf":{"@id":"https:\/\/vestibulares.estrategia.com\/portal\/atualidades-e-dicas\/festival-folclorico-de-parintins-desenvolva-repertorios-socioculturais-para-o-vestibular\/"},"author":{"name":"Larrani Ferreira","@id":"https:\/\/vestibulares.estrategia.com\/portal\/#\/schema\/person\/98d0c0e22d6d89b480aa1929f0e64ec5"},"headline":"Festival Folcl\u00f3rico de Parintins: desenvolva repert\u00f3rios socioculturais para o vestibular","datePublished":"2024-02-02T20:09:09+00:00","dateModified":"2025-04-16T13:46:17+00:00","mainEntityOfPage":{"@id":"https:\/\/vestibulares.estrategia.com\/portal\/atualidades-e-dicas\/festival-folclorico-de-parintins-desenvolva-repertorios-socioculturais-para-o-vestibular\/"},"wordCount":1669,"publisher":{"@id":"https:\/\/vestibulares.estrategia.com\/portal\/#organization"},"image":{"@id":"https:\/\/vestibulares.estrategia.com\/portal\/atualidades-e-dicas\/festival-folclorico-de-parintins-desenvolva-repertorios-socioculturais-para-o-vestibular\/#primaryimage"},"thumbnailUrl":"https:\/\/vestibulares.estrategia.com\/portal\/wp-content\/uploads\/2024\/02\/festival-de-parintins-repertorio-sociocultural.jpg","articleSection":["Atualidades e Dicas"],"inLanguage":"pt-BR"},{"@type":"WebPage","@id":"https:\/\/vestibulares.estrategia.com\/portal\/atualidades-e-dicas\/festival-folclorico-de-parintins-desenvolva-repertorios-socioculturais-para-o-vestibular\/","url":"https:\/\/vestibulares.estrategia.com\/portal\/atualidades-e-dicas\/festival-folclorico-de-parintins-desenvolva-repertorios-socioculturais-para-o-vestibular\/","name":"Repert\u00f3rio sociocultural sobre o Festival de Parintins: entenda o tema","isPartOf":{"@id":"https:\/\/vestibulares.estrategia.com\/portal\/#website"},"primaryImageOfPage":{"@id":"https:\/\/vestibulares.estrategia.com\/portal\/atualidades-e-dicas\/festival-folclorico-de-parintins-desenvolva-repertorios-socioculturais-para-o-vestibular\/#primaryimage"},"image":{"@id":"https:\/\/vestibulares.estrategia.com\/portal\/atualidades-e-dicas\/festival-folclorico-de-parintins-desenvolva-repertorios-socioculturais-para-o-vestibular\/#primaryimage"},"thumbnailUrl":"https:\/\/vestibulares.estrategia.com\/portal\/wp-content\/uploads\/2024\/02\/festival-de-parintins-repertorio-sociocultural.jpg","datePublished":"2024-02-02T20:09:09+00:00","dateModified":"2025-04-16T13:46:17+00:00","description":"Desenvolva repert\u00f3rios socioculturais sobre o Festival Folcl\u00f3rico de Parintins, festa tradicional do Amazonas e conhecida internacionalmente.","breadcrumb":{"@id":"https:\/\/vestibulares.estrategia.com\/portal\/atualidades-e-dicas\/festival-folclorico-de-parintins-desenvolva-repertorios-socioculturais-para-o-vestibular\/#breadcrumb"},"inLanguage":"pt-BR","potentialAction":[{"@type":"ReadAction","target":["https:\/\/vestibulares.estrategia.com\/portal\/atualidades-e-dicas\/festival-folclorico-de-parintins-desenvolva-repertorios-socioculturais-para-o-vestibular\/"]}]},{"@type":"ImageObject","inLanguage":"pt-BR","@id":"https:\/\/vestibulares.estrategia.com\/portal\/atualidades-e-dicas\/festival-folclorico-de-parintins-desenvolva-repertorios-socioculturais-para-o-vestibular\/#primaryimage","url":"https:\/\/vestibulares.estrategia.com\/portal\/wp-content\/uploads\/2024\/02\/festival-de-parintins-repertorio-sociocultural.jpg","contentUrl":"https:\/\/vestibulares.estrategia.com\/portal\/wp-content\/uploads\/2024\/02\/festival-de-parintins-repertorio-sociocultural.jpg","width":1310,"height":874,"caption":"Foto: Amazonastur\/Divulga\u00e7\u00e3o"},{"@type":"BreadcrumbList","@id":"https:\/\/vestibulares.estrategia.com\/portal\/atualidades-e-dicas\/festival-folclorico-de-parintins-desenvolva-repertorios-socioculturais-para-o-vestibular\/#breadcrumb","itemListElement":[{"@type":"ListItem","position":1,"name":"Home","item":"https:\/\/vestibulares.estrategia.com\/portal\/"},{"@type":"ListItem","position":2,"name":"Atualidades e Dicas","item":"https:\/\/vestibulares.estrategia.com\/portal\/atualidades-e-dicas\/"},{"@type":"ListItem","position":3,"name":"Festival Folcl\u00f3rico de Parintins: desenvolva repert\u00f3rios socioculturais para o vestibular"}]},{"@type":"WebSite","@id":"https:\/\/vestibulares.estrategia.com\/portal\/#website","url":"https:\/\/vestibulares.estrategia.com\/portal\/","name":"Estrat\u00e9gia Vestibulares","description":"","publisher":{"@id":"https:\/\/vestibulares.estrategia.com\/portal\/#organization"},"potentialAction":[{"@type":"SearchAction","target":{"@type":"EntryPoint","urlTemplate":"https:\/\/vestibulares.estrategia.com\/portal\/?s={search_term_string}"},"query-input":{"@type":"PropertyValueSpecification","valueRequired":true,"valueName":"search_term_string"}}],"inLanguage":"pt-BR"},{"@type":"Organization","@id":"https:\/\/vestibulares.estrategia.com\/portal\/#organization","name":"Estrat\u00e9gia Vestibulares","url":"https:\/\/vestibulares.estrategia.com\/portal\/","logo":{"@type":"ImageObject","inLanguage":"pt-BR","@id":"https:\/\/vestibulares.estrategia.com\/portal\/#\/schema\/logo\/image\/","url":"https:\/\/vestibulares.estrategia.com\/portal\/wp-content\/uploads\/2021\/06\/Logo-Vestibulares@4x.png","contentUrl":"https:\/\/vestibulares.estrategia.com\/portal\/wp-content\/uploads\/2021\/06\/Logo-Vestibulares@4x.png","width":250,"height":66,"caption":"Estrat\u00e9gia Vestibulares"},"image":{"@id":"https:\/\/vestibulares.estrategia.com\/portal\/#\/schema\/logo\/image\/"},"sameAs":["https:\/\/facebook.com\/estrategiavestibulares","https:\/\/x.com\/Estrategiavest","https:\/\/www.instagram.com\/estrategiavestibulares","https:\/\/www.youtube.com\/channel\/UCGWdZy8ULI-7_5GrABa4vNA"]},{"@type":"Person","@id":"https:\/\/vestibulares.estrategia.com\/portal\/#\/schema\/person\/98d0c0e22d6d89b480aa1929f0e64ec5","name":"Larrani Ferreira","image":{"@type":"ImageObject","inLanguage":"pt-BR","@id":"https:\/\/vestibulares.estrategia.com\/portal\/#\/schema\/person\/image\/","url":"https:\/\/vestibulares.estrategia.com\/portal\/wp-content\/uploads\/2026\/02\/WhatsApp-Image-2026-02-05-at-14.26.13-150x150.jpeg","contentUrl":"https:\/\/vestibulares.estrategia.com\/portal\/wp-content\/uploads\/2026\/02\/WhatsApp-Image-2026-02-05-at-14.26.13-150x150.jpeg","caption":"Larrani Ferreira"},"description":"Jornalista e Mestranda em Comunica\u00e7\u00e3o Intercultural nas Organiza\u00e7\u00f5es","url":"https:\/\/vestibulares.estrategia.com\/portal\/author\/larranioliveira\/"}]}},"_wl_alt_label":[],"wl:entity_url":"https:\/\/data.wordlift.io\/wl110249\/post\/festival-folclorico-de-parintins-desenvolva-repertorios-socioculturais-para-o-vestibular","_links":{"self":[{"href":"https:\/\/vestibulares.estrategia.com\/portal\/wp-json\/wp\/v2\/posts\/111696","targetHints":{"allow":["GET"]}}],"collection":[{"href":"https:\/\/vestibulares.estrategia.com\/portal\/wp-json\/wp\/v2\/posts"}],"about":[{"href":"https:\/\/vestibulares.estrategia.com\/portal\/wp-json\/wp\/v2\/types\/post"}],"author":[{"embeddable":true,"href":"https:\/\/vestibulares.estrategia.com\/portal\/wp-json\/wp\/v2\/users\/51"}],"replies":[{"embeddable":true,"href":"https:\/\/vestibulares.estrategia.com\/portal\/wp-json\/wp\/v2\/comments?post=111696"}],"version-history":[{"count":3,"href":"https:\/\/vestibulares.estrategia.com\/portal\/wp-json\/wp\/v2\/posts\/111696\/revisions"}],"predecessor-version":[{"id":137708,"href":"https:\/\/vestibulares.estrategia.com\/portal\/wp-json\/wp\/v2\/posts\/111696\/revisions\/137708"}],"wp:featuredmedia":[{"embeddable":true,"href":"https:\/\/vestibulares.estrategia.com\/portal\/wp-json\/wp\/v2\/media\/111697"}],"wp:attachment":[{"href":"https:\/\/vestibulares.estrategia.com\/portal\/wp-json\/wp\/v2\/media?parent=111696"}],"wp:term":[{"taxonomy":"category","embeddable":true,"href":"https:\/\/vestibulares.estrategia.com\/portal\/wp-json\/wp\/v2\/categories?post=111696"},{"taxonomy":"post_tag","embeddable":true,"href":"https:\/\/vestibulares.estrategia.com\/portal\/wp-json\/wp\/v2\/tags?post=111696"},{"taxonomy":"wl_entity_type","embeddable":true,"href":"https:\/\/vestibulares.estrategia.com\/portal\/wp-json\/wp\/v2\/wl_entity_type?post=111696"}],"curies":[{"name":"wp","href":"https:\/\/api.w.org\/{rel}","templated":true}]}}