{"id":112857,"date":"2024-02-20T15:36:29","date_gmt":"2024-02-20T18:36:29","guid":{"rendered":"https:\/\/vestibulares.estrategia.com\/portal\/?p=112857"},"modified":"2025-10-28T15:39:12","modified_gmt":"2025-10-28T18:39:12","slug":"9-citacoes-de-conceicao-evaristo-para-usar-na-redacao","status":"publish","type":"post","link":"https:\/\/vestibulares.estrategia.com\/portal\/materias\/redacao\/9-citacoes-de-conceicao-evaristo-para-usar-na-redacao\/","title":{"rendered":"9 cita\u00e7\u00f5es de Concei\u00e7\u00e3o Evaristo para usar na reda\u00e7\u00e3o"},"content":{"rendered":"<p>Concei&ccedil;&atilde;o Evaristo, um dos nomes mais importantes da literatura brasileira contempor&acirc;nea, foi eleita nova imortal da Academia Mineira de Letras, ao ocupar a cadeira de n&ordm; 40.&nbsp;<p>A escritora de obras como &ldquo;Ponci&aacute; Vic&ecirc;ncio&rdquo; (2003), &ldquo;Becos da Mem&oacute;ria&rdquo; (2006), &ldquo;Poemas de recorda&ccedil;&atilde;o e outros movimentos&rdquo; (2008), &ldquo;Insubmissas l&aacute;grimas de mulheres&rdquo; (2011) e &ldquo;Can&ccedil;&atilde;o para Ninar Menino Grande&rdquo; (2018), aborda, na maioria de seus textos, o universo da mulher negra.<\/p><p>Em 2015, ganhou o Pr&ecirc;mio Jabuti de Literatura, na categoria Contos e Cr&ocirc;nicas, por seu livro &ldquo;Olhos d&rsquo;&aacute;gua&rdquo; (2015), que aborda a hist&oacute;ria de mulheres e homens negros e as diversas viol&ecirc;ncias sofridas por eles. J&aacute; em 2019, a poeta foi a homenageada do 61&deg; Pr&ecirc;mio Jabuti como personalidade liter&aacute;ria.<\/p><p>O <strong>Portal Estrat&eacute;gia Vestibulares<\/strong> preparou este artigo para voc&ecirc; conhecer mais sobre a trajet&oacute;ria de Concei&ccedil;&atilde;o Evaristo e aprender algumas de suas cita&ccedil;&otilde;es para usar nas reda&ccedil;&otilde;es dos vestibulares. Acompanhe!<\/p><p>\n\n\n\n<div id=\"new-form\">\n\t<form id=\"forms_layout\">\n\t<input type=\"hidden\" id=\"chave_de\" name=\"chave_de\" value=\"01_EVEST_LEADS_TOTAIS\" \/>\n\t\t<input type=\"hidden\" id=\"mid\" name=\"mid\" value=\"515008983\" \/>\n\t\t<input type=\"hidden\" id=\"Objetivo\" name=\"Objetivo\" value=\"Vestibulares\" \/>\n\t\t<input type=\"hidden\" id=\"Estado_de_Origem_do_IP\" name=\"Estado_de_Origem_do_IP\"  value=\"\" \/>\n\t\t<input type=\"hidden\" id=\"Cidade_de_Origem_do_IP\" name=\"Cidade_de_Origem_do_IP\" value=\"\" \/>\n\t\t<input type=\"hidden\" id=\"Modo_de_entrada\" name=\"Modo_de_entrada\" value=\"Portal\" \/>\n\t\t<input type=\"hidden\" id=\"Pagina_Origem\" name=\"Pagina_Origem\" value=\"\" \/>\n\n\t\t<div class=\"texto\">\n\t\t\t<h3 class=\"news\">Inscreva-se em nossa newsletter\ud83e\udd89<\/h3>\n\t\t\t<p>Receba dicas de estudo gratuitas e saiba em primeira m\u00e3o as novidades sobre o Enem, Sisu, Encceja, Fuvest e outros vestibulares!<\/p>\n\t\t<\/div>\n\t\t<div class=\"campos\">\n\t\t\t<div class=\"first_name labels\">\n\t\t\t\t<input type=\"text\" class=\"input_labels\" id=\"first_name\" name=\"Nome_Completo\" placeholder=\"Nome\" required \/>\n\t\t\t<\/div>\n\t\t\t<div class=\"email labels\">\n\t\t\t\t<input type=\"email\" class=\"input_labels\" id=\"email\" name=\"Email\" placeholder=\"E-mail\" required \/>\n\t\t\t<\/div>\n\t\t\t<button type=\"submit\" class=\"button_layout\">\n\t\t\t\t<div id=\"lblBotao\">Inscreva-se<\/div>\n\t\t\t\t<span id=\"divSpiner\" class=\"loader\" role=\"status\" style=\"display: none;\"><\/span>\t\n\t\t\t<\/button>\n\t\t<\/div><!-- \/campos -->\n\t\t\n\t\t<label class=\"container_checkbox\">Voc\u00ea concorda com a nossa\n\t\t\t<a class=\"politics_privacy_ahref\" target=\"_blank\" href=\"https:\/\/gratis.estrategiaconcursos.com.br\/politica-de-privacidade\/\">Pol\u00edtica de Privacidade<\/a> e aceita receber informa\u00e7\u00f5es adicionais do Estrat\u00e9gia Educacional.\n\t\t\t<input id=\"checkbox_layout\" type=\"checkbox\" checked=\"checked\" required \/>\n\t\t\t<span class=\"checkbox\"><\/span>\n\t\t<\/label>\n\t\t<div id=\"msg\"><\/div>\n\t\t<div id=\"error\" class=\"error\">\n\t\t<\/div>\n\t<\/form>\n<\/div><!-- \/new-form -->\n\n\n\n<\/p><div id=\"ez-toc-container\" class=\"ez-toc-v2_0_76 counter-hierarchy ez-toc-counter ez-toc-transparent ez-toc-container-direction\">\n<div class=\"ez-toc-title-container\"><p class=\"ez-toc-title\" style=\"cursor:inherit\">Navegue pelo conte\u00fado<\/p>\n<\/div><nav><ul class='ez-toc-list ez-toc-list-level-1 ' ><li class='ez-toc-page-1 ez-toc-heading-level-2'><a class=\"ez-toc-link ez-toc-heading-1\" href=\"https:\/\/vestibulares.estrategia.com\/portal\/materias\/redacao\/9-citacoes-de-conceicao-evaristo-para-usar-na-redacao\/#Quem-e-Conceicao-Evaristo\" >Quem &eacute; Concei&ccedil;&atilde;o Evaristo?<\/a><\/li><li class='ez-toc-page-1 ez-toc-heading-level-2'><a class=\"ez-toc-link ez-toc-heading-2\" href=\"https:\/\/vestibulares.estrategia.com\/portal\/materias\/redacao\/9-citacoes-de-conceicao-evaristo-para-usar-na-redacao\/#1-%E2%80%93-%E2%80%9CO-fato-de-eu-ser-escritora-e-ter-um-doutorado-nao-me-deixa-imune-ao-racismo-brasileiro%E2%80%9D-%E2%80%93-entrevista-para-o-Correio-do-Povo\" >1 &ndash; &ldquo;O fato de eu ser escritora e ter um doutorado n&atilde;o me deixa imune ao racismo brasileiro.&rdquo; &ndash; entrevista para o Correio do Povo<\/a><\/li><li class='ez-toc-page-1 ez-toc-heading-level-2'><a class=\"ez-toc-link ez-toc-heading-3\" href=\"https:\/\/vestibulares.estrategia.com\/portal\/materias\/redacao\/9-citacoes-de-conceicao-evaristo-para-usar-na-redacao\/#2-%E2%80%93-%E2%80%9CA-voz-de-minha-filha-recolhe-todas-as-nossas-vozes-recolhe-em-si-as-vozes-mudas-caladas-engasgadas-nas-gargantas%E2%80%9D-%E2%80%93-Poemas-de-recordacao-e-outros-movimentos-p-10-11\" >2 &ndash; &ldquo;A voz de minha filha recolhe todas as nossas vozes, recolhe em si as vozes mudas caladas, engasgadas nas gargantas.&rdquo; &ndash; Poemas de recorda&ccedil;&atilde;o e outros movimentos, p. 10-11<\/a><\/li><li class='ez-toc-page-1 ez-toc-heading-level-2'><a class=\"ez-toc-link ez-toc-heading-4\" href=\"https:\/\/vestibulares.estrategia.com\/portal\/materias\/redacao\/9-citacoes-de-conceicao-evaristo-para-usar-na-redacao\/#3-%E2%80%93-%E2%81%A0%E2%80%9DO-importante-nao-e-ser-o-primeiro-ou-primeira-o-importante-e-abrir-caminhos%E2%80%9D-%E2%80%93-entrevista-para-o-programa-Roda-Viva\" >3 &ndash; &#8288;&rdquo;O importante n&atilde;o &eacute; ser o primeiro ou primeira, o importante &eacute; abrir caminhos.&rdquo; &ndash; entrevista para o programa Roda Viva<\/a><\/li><li class='ez-toc-page-1 ez-toc-heading-level-2'><a class=\"ez-toc-link ez-toc-heading-5\" href=\"https:\/\/vestibulares.estrategia.com\/portal\/materias\/redacao\/9-citacoes-de-conceicao-evaristo-para-usar-na-redacao\/#4-%E2%80%93-%E2%80%9CNossa-fala-estilhaca-a-mascara-do-silencio-Penso-nos-feminismos-negros-como-sendo-esse-estilhacar-romper-desestabilizar-falar-pelos-orificios-da-mascara%E2%80%9D-%E2%80%93-entrevista-para-Carta-Capital\" >4 &ndash; &ldquo;Nossa fala estilha&ccedil;a a m&aacute;scara do sil&ecirc;ncio. Penso nos feminismos negros como sendo esse estilha&ccedil;ar, romper, desestabilizar, falar pelos orif&iacute;cios da m&aacute;scara.&rdquo; &ndash; entrevista para Carta Capital<\/a><\/li><li class='ez-toc-page-1 ez-toc-heading-level-2'><a class=\"ez-toc-link ez-toc-heading-6\" href=\"https:\/\/vestibulares.estrategia.com\/portal\/materias\/redacao\/9-citacoes-de-conceicao-evaristo-para-usar-na-redacao\/#5-%E2%80%93-%E2%80%9CMas-reconhecer-que-as-mulheres-negras-sao-intelectuais-em-varios-campos-do-pensamento-produzem-artes-em-varias-modalidades-o-imaginario-brasileiro-pelo-racismo-nao-concebe-Para-uma-mulher-negra-ser-escritora-e-preciso-fazer-muito-carnaval-primeiro%E2%80%9D-%E2%80%93-entrevista-para-Carta-Capital\" >5 &ndash; &ldquo;Mas reconhecer que as mulheres negras s&atilde;o intelectuais em v&aacute;rios campos do pensamento, produzem artes em v&aacute;rias modalidades, o imagin&aacute;rio brasileiro pelo racismo n&atilde;o concebe. Para uma mulher negra ser escritora, &eacute; preciso fazer muito carnaval primeiro.&rdquo; &ndash; entrevista para Carta Capital<\/a><\/li><li class='ez-toc-page-1 ez-toc-heading-level-2'><a class=\"ez-toc-link ez-toc-heading-7\" href=\"https:\/\/vestibulares.estrategia.com\/portal\/materias\/redacao\/9-citacoes-de-conceicao-evaristo-para-usar-na-redacao\/#6-%E2%80%93-%E2%80%9CA-nossa-escrevivencia-nao-pode-ser-lida-como-historia-de-ninar-os-da-casa-grande-mas-sim-para-incomoda-los-em-seus-sonhos-injustos%E2%80%9D-%E2%80%93-Becos-da-Memoria\" >6 &ndash; &ldquo;A nossa escreviv&ecirc;ncia n&atilde;o pode ser lida como hist&oacute;ria de ninar os da casa-grande, mas sim para incomod&aacute;-los em seus sonhos injustos.&rdquo; &ndash; Becos da Mem&oacute;ria<\/a><\/li><li class='ez-toc-page-1 ez-toc-heading-level-2'><a class=\"ez-toc-link ez-toc-heading-8\" href=\"https:\/\/vestibulares.estrategia.com\/portal\/materias\/redacao\/9-citacoes-de-conceicao-evaristo-para-usar-na-redacao\/#7-%E2%80%93-%E2%80%9CSe-ao-menos-o-medo-me-fizesse-recuar-pelo-contrario-avanco-mais-e-mais-na-mesma-proporcao-desse-medo-E-como-se-o-medo-fosse-uma-coragem-ao-contrario%E2%80%9D-%E2%80%93-Olhos-dagua\" >7 &ndash; &ldquo;Se ao menos o medo me fizesse recuar, pelo contr&aacute;rio, avan&ccedil;o mais e mais na mesma propor&ccedil;&atilde;o desse medo. &Eacute; como se o medo fosse uma coragem ao contr&aacute;rio.&rdquo; &ndash; Olhos d&rsquo;&aacute;gua<\/a><\/li><li class='ez-toc-page-1 ez-toc-heading-level-2'><a class=\"ez-toc-link ez-toc-heading-9\" href=\"https:\/\/vestibulares.estrategia.com\/portal\/materias\/redacao\/9-citacoes-de-conceicao-evaristo-para-usar-na-redacao\/#8-%E2%80%93-%E2%80%9CAchava-tambem-que-qualquer-vida-era-um-risco-e-o-risco-maior-era-o-de-nao-tentar-viver%E2%80%9D-%E2%80%93-Olhos-dagua\" >8 &ndash; &ldquo;Achava tamb&eacute;m que qualquer vida era um risco e o risco maior era o de n&atilde;o tentar viver.&rdquo; &ndash; Olhos d&rsquo;&aacute;gua<\/a><\/li><li class='ez-toc-page-1 ez-toc-heading-level-2'><a class=\"ez-toc-link ez-toc-heading-10\" href=\"https:\/\/vestibulares.estrategia.com\/portal\/materias\/redacao\/9-citacoes-de-conceicao-evaristo-para-usar-na-redacao\/#9-%E2%80%93-%E2%80%9CTem-acoes-que-o-sujeito-branco-pode-fazer-no-cotidiano-para-mexer-na-estrutura-A-questao-do-negro-nao-e-para-o-negro-resolver-e-para-a-nacao-brasileira%E2%80%9D-%E2%80%93-entrevista-para-Marie-Claire\" >9 &ndash; &ldquo;Tem a&ccedil;&otilde;es que o sujeito branco pode fazer no cotidiano para mexer na estrutura. A quest&atilde;o do negro n&atilde;o &eacute; para o negro resolver, &eacute; para a na&ccedil;&atilde;o brasileira.&rdquo; &ndash; entrevista para Marie Claire<\/a><\/li><li class='ez-toc-page-1 ez-toc-heading-level-2'><a class=\"ez-toc-link ez-toc-heading-11\" href=\"https:\/\/vestibulares.estrategia.com\/portal\/materias\/redacao\/9-citacoes-de-conceicao-evaristo-para-usar-na-redacao\/#Arrase-na-redacao-com-o-Estrategia-Vestibulares\" >Arrase na reda&ccedil;&atilde;o com o Estrat&eacute;gia Vestibulares<\/a><\/li><\/ul><\/nav><\/div>\n<h2 class=\"wp-block-heading\" id=\"h-quem-e-conceicao-evaristo\"><span class=\"ez-toc-section\" id=\"Quem-e-Conceicao-Evaristo\"><\/span>Quem &eacute; Concei&ccedil;&atilde;o Evaristo?<span class=\"ez-toc-section-end\"><\/span><\/h2><p>Maria da Concei&ccedil;&atilde;o Evaristo de Brito nasceu na favela do Pindura Saia, na regi&atilde;o centro-sul de Belo Horizonte (MG), em 29 de novembro de 1946. Na d&eacute;cada de 1970, mudou-se para o Rio de Janeiro, onde graduou-se em Letras pela Universidade Federal do Rio de Janeiro (UFRJ).&nbsp;<\/p><p>Em 1996, concluiu seu mestrado em Literatura Brasileira pela Pontif&iacute;cia Universidade Cat&oacute;lica do Rio de Janeiro (PUC-RJ), com a disserta&ccedil;&atilde;o &ldquo;Literatura Negra: uma po&eacute;tica de nossa afro-brasilidade&rdquo;. J&aacute; em 2011, tornou-se Doutora em Literatura Comparada pela Universidade Federal Fluminense (UFF), com a tese &ldquo;Poemas malungos, c&acirc;nticos irm&atilde;os&rdquo;.<\/p><p>Concei&ccedil;&atilde;o Evaristo escreve desde jovem, mas seus primeiros textos textos foram publicados apenas em 1990, nos Cadernos Negros, s&eacute;rie de antalogias editada pelo coletivo Quilombhoje. Atualmente, possui diversos pr&ecirc;mios por seus livros, como o Pr&ecirc;mio Jabuti de Literatura (2015), o Pr&ecirc;mio Cl&aacute;udia (2017), o Pr&ecirc;mio Faz a Diferen&ccedil;a (2017) e o pr&ecirc;mio de Literatura do Governo do Estado de Minas Gerais (2017).<\/p><p>Evaristo &eacute; a criadora do estilo de escrita batizado de <em>escreviv&ecirc;ncia, <\/em>ou seja, escrita que nasce das experi&ecirc;ncias da pr&oacute;pria escritora, mulher negra e nascida na favela, que transforma essas mem&oacute;rias em romances, contos e fic&ccedil;&atilde;o os quais revelam a realidade do povo negro brasileiro.<\/p><p>Al&eacute;m disso, os vestibulandos devem se dedicar ao aprofundamento das obras da poeta,que s&atilde;o cobradas por algumas universidades como leitura obrigat&oacute;ria para a realiza&ccedil;&atilde;o do vestibular. S&atilde;o elas:&nbsp;<\/p><ul class=\"wp-block-list\">\n<li>Universidade de S&atilde;o Paulo (<a href=\"https:\/\/vestibulares.estrategia.com\/portal\/enem-e-vestibulares\/vestibulares\/vestibular-fuvest\/\">USP<\/a>);<\/li>\n\n\n\n<li>Universidade Federal do Rio Grande do Sul (<a href=\"https:\/\/vestibulares.estrategia.com\/portal\/enem-e-vestibulares\/vestibulares\/vestibular-ufrgs\/\">UFRGS<\/a>);<\/li>\n\n\n\n<li>Universidade Estadual de Campinas (<a href=\"https:\/\/vestibulares.estrategia.com\/portal\/vestibulares\/vestibular-unicamp\/\">Unicamp<\/a>);<\/li>\n\n\n\n<li>Universidade Estadual do Maranh&atilde;o (<a href=\"https:\/\/vestibulares.estrategia.com\/portal\/vestibulares\/vestibular-uema\/\">Uema<\/a>);<\/li>\n\n\n\n<li>Universidade Estadual de Maring&aacute; (<a href=\"https:\/\/vestibulares.estrategia.com\/portal\/vestibulares\/vestibular-uem\/\">UEM<\/a>);<\/li>\n\n\n\n<li>Associa&ccedil;&atilde;o Catarinense das Funda&ccedil;&otilde;es Educacionais (<a href=\"https:\/\/vestibulares.estrategia.com\/portal\/vestibulares\/vestibular-acafe\/\">Acafe<\/a>);<\/li>\n\n\n\n<li>Universidade Estadual de Ponta Grossa (<a href=\"https:\/\/vestibulares.estrategia.com\/portal\/vestibulares\/vestibular-uepg\/\">UEPG<\/a>);<\/li>\n\n\n\n<li>Pontif&iacute;cia Universidade Cat&oacute;lica do Paran&aacute; (<a href=\"https:\/\/vestibulares.estrategia.com\/portal\/vestibulares\/vestibular-puc\/\">PUC-PR<\/a>); e&nbsp;<\/li>\n\n\n\n<li>Universidade Federal do Tocantins (<a href=\"https:\/\/vestibulares.estrategia.com\/portal\/vestibulares\/vestibular-uft\/#Como-ingressar-na-UFT\">UFT<\/a>).<\/li>\n<\/ul><p>Atualmente, a escritora &eacute; imortal pela Academia Mineira de Letras, ocupando a cadeira de n&ordm; 40. Confira abaixo nove cita&ccedil;&otilde;es de Concei&ccedil;&atilde;o Evaristo em suas obras e entrevistas, que podem ser usadas na reda&ccedil;&atilde;o dos vestibulares e do Enem.<\/p><p><a href=\"https:\/\/vestibulares.estrategia.com\/portal\/enem-e-vestibulares\/vestibulares\/obras-obrigatorias-vestibulares-2024\/\">+ Quais s&atilde;o as obras obrigat&oacute;rias dos vestibulares 2024?<\/a><br><a href=\"https:\/\/vestibulares.estrategia.com\/portal\/enem-e-vestibulares\/vestibulares\/obras-obrigatorias-vestibulares-2025\/\">+ Quais s&atilde;o as obras obrigat&oacute;rias dos vestibulares 2025?<\/a><br><a href=\"https:\/\/vestibulares.estrategia.com\/portal\/noticias\/fuvest-obras-leitura-obrigatoria-2026-2027-2028-2029\/\">+ Fuvest divulga lista de obras de leitura obrigat&oacute;ria de 2026, 2027, 2028 e 2029<\/a><br><a href=\"https:\/\/vestibulares.estrategia.com\/portal\/enem-e-vestibulares\/vestibulares\/autoras-lista-de-obras-obrigatorias-fuvest\/\">+ Quem s&atilde;o as autoras da nova lista de obras obrigat&oacute;rias da Fuvest?<\/a><\/p><h2 class=\"wp-block-heading\" id=\"h-1-o-fato-de-eu-ser-escritora-e-ter-um-doutorado-nao-me-deixa-imune-ao-racismo-brasileiro-entrevista-para-o-correio-do-povo\"><span class=\"ez-toc-section\" id=\"1-%E2%80%93-%E2%80%9CO-fato-de-eu-ser-escritora-e-ter-um-doutorado-nao-me-deixa-imune-ao-racismo-brasileiro%E2%80%9D-%E2%80%93-entrevista-para-o-Correio-do-Povo\"><\/span>1 &ndash; &ldquo;O fato de eu ser escritora e ter um doutorado n&atilde;o me deixa imune ao racismo brasileiro.&rdquo; &ndash; <a href=\"https:\/\/www.correiodopovo.com.br\/blogs\/juremirmachado\/entrevista-com-concei%C3%A7%C3%A3o-evaristo-1.601898\" target=\"_blank\" rel=\"noopener noreferrer\">entrevista<\/a> para o Correio do Povo<span class=\"ez-toc-section-end\"><\/span><\/h2><h2 class=\"wp-block-heading\" id=\"h-2-a-voz-de-minha-filha-recolhe-todas-as-nossas-vozes-recolhe-em-si-as-vozes-mudas-caladas-engasgadas-nas-gargantas-poemas-de-recordacao-e-outros-movimentos-p-10-11\"><span class=\"ez-toc-section\" id=\"2-%E2%80%93-%E2%80%9CA-voz-de-minha-filha-recolhe-todas-as-nossas-vozes-recolhe-em-si-as-vozes-mudas-caladas-engasgadas-nas-gargantas%E2%80%9D-%E2%80%93-Poemas-de-recordacao-e-outros-movimentos-p-10-11\"><\/span>2 &ndash; &ldquo;A voz de minha filha recolhe todas as nossas vozes, recolhe em si as vozes mudas caladas, engasgadas nas gargantas.&rdquo; &ndash; Poemas de recorda&ccedil;&atilde;o e outros movimentos, p. 10-11<span class=\"ez-toc-section-end\"><\/span><\/h2><p>Esta &eacute; uma frase retirada das p&aacute;ginas 10-11 do livro &ldquo;Poemas de recorda&ccedil;&atilde;o e outros movimentos&rdquo;, publicado pela escritora em 2008.<\/p><h2 class=\"wp-block-heading\" id=\"h-3-o-importante-nao-e-ser-o-primeiro-ou-primeira-o-importante-e-abrir-caminhos-entrevista-para-o-programa-roda-viva\"><span class=\"ez-toc-section\" id=\"3-%E2%80%93-%E2%81%A0%E2%80%9DO-importante-nao-e-ser-o-primeiro-ou-primeira-o-importante-e-abrir-caminhos%E2%80%9D-%E2%80%93-entrevista-para-o-programa-Roda-Viva\"><\/span>3 &ndash; &#8288;&rdquo;O importante n&atilde;o &eacute; ser o primeiro ou primeira, o importante &eacute; abrir caminhos.&rdquo; &ndash; <a href=\"https:\/\/twitter.com\/rodaviva\/status\/1435049805294735362\" target=\"_blank\" rel=\"noopener noreferrer\">entrevista<\/a> para o programa Roda Viva<span class=\"ez-toc-section-end\"><\/span><\/h2><h2 class=\"wp-block-heading\" id=\"h-4-nossa-fala-estilhaca-a-mascara-do-silencio-penso-nos-feminismos-negros-como-sendo-esse-estilhacar-romper-desestabilizar-falar-pelos-orificios-da-mascara-entrevista-para-carta-capital\"><span class=\"ez-toc-section\" id=\"4-%E2%80%93-%E2%80%9CNossa-fala-estilhaca-a-mascara-do-silencio-Penso-nos-feminismos-negros-como-sendo-esse-estilhacar-romper-desestabilizar-falar-pelos-orificios-da-mascara%E2%80%9D-%E2%80%93-entrevista-para-Carta-Capital\"><\/span>4 &ndash; &ldquo;Nossa fala estilha&ccedil;a a m&aacute;scara do sil&ecirc;ncio. Penso nos feminismos negros como sendo esse estilha&ccedil;ar, romper, desestabilizar, falar pelos orif&iacute;cios da m&aacute;scara.&rdquo; &ndash; <a href=\"https:\/\/www.cartacapital.com.br\/sociedade\/conceicao-evaristo-201cnossa-fala-estilhaca-a-mascara-do-silencio201d\/\" target=\"_blank\" rel=\"noopener noreferrer\">entrevista <\/a>para Carta Capital<span class=\"ez-toc-section-end\"><\/span><\/h2><h2 class=\"wp-block-heading\" id=\"h-5-mas-reconhecer-que-as-mulheres-negras-sao-intelectuais-em-varios-campos-do-pensamento-produzem-artes-em-varias-modalidades-o-imaginario-brasileiro-pelo-racismo-nao-concebe-para-uma-mulher-negra-ser-escritora-e-preciso-fazer-muito-carnaval-primeiro-entrevista-para-carta-capital\"><span class=\"ez-toc-section\" id=\"5-%E2%80%93-%E2%80%9CMas-reconhecer-que-as-mulheres-negras-sao-intelectuais-em-varios-campos-do-pensamento-produzem-artes-em-varias-modalidades-o-imaginario-brasileiro-pelo-racismo-nao-concebe-Para-uma-mulher-negra-ser-escritora-e-preciso-fazer-muito-carnaval-primeiro%E2%80%9D-%E2%80%93-entrevista-para-Carta-Capital\"><\/span>5 &ndash; &ldquo;Mas reconhecer que as mulheres negras s&atilde;o intelectuais em v&aacute;rios campos do pensamento, produzem artes em v&aacute;rias modalidades, o imagin&aacute;rio brasileiro pelo racismo n&atilde;o concebe. Para uma mulher negra ser escritora, &eacute; preciso fazer muito carnaval primeiro.&rdquo; &ndash; <a href=\"https:\/\/www.cartacapital.com.br\/sociedade\/conceicao-evaristo-201cnossa-fala-estilhaca-a-mascara-do-silencio201d\/\" target=\"_blank\" rel=\"noopener noreferrer\">entrevista <\/a>para Carta Capital<span class=\"ez-toc-section-end\"><\/span><\/h2><h2 class=\"wp-block-heading\" id=\"h-6-a-nossa-escrevivencia-nao-pode-ser-lida-como-historia-de-ninar-os-da-casa-grande-mas-sim-para-incomoda-los-em-seus-sonhos-injustos-becos-da-memoria\"><span class=\"ez-toc-section\" id=\"6-%E2%80%93-%E2%80%9CA-nossa-escrevivencia-nao-pode-ser-lida-como-historia-de-ninar-os-da-casa-grande-mas-sim-para-incomoda-los-em-seus-sonhos-injustos%E2%80%9D-%E2%80%93-Becos-da-Memoria\"><\/span>6 &ndash; &ldquo;A nossa escreviv&ecirc;ncia n&atilde;o pode ser lida como hist&oacute;ria de ninar os da casa-grande, mas sim para incomod&aacute;-los em seus sonhos injustos.&rdquo; &ndash; Becos da Mem&oacute;ria<span class=\"ez-toc-section-end\"><\/span><\/h2><p>O termo <em>escreviv&ecirc;ncia <\/em>foi criado por Concei&ccedil;&atilde;o Evaristo e simboliza o tipo de escrita que nasce das viv&ecirc;ncias do autor misturado com fic&ccedil;&atilde;o. A frase &eacute; citada pela poeta no livro &ldquo;Becos da Mem&oacute;ria&rdquo;, romance iniciado na d&eacute;cada de 1980 e publicado em 2006.<\/p><h2 class=\"wp-block-heading\" id=\"h-7-se-ao-menos-o-medo-me-fizesse-recuar-pelo-contrario-avanco-mais-e-mais-na-mesma-proporcao-desse-medo-e-como-se-o-medo-fosse-uma-coragem-ao-contrario-olhos-d-agua\"><span class=\"ez-toc-section\" id=\"7-%E2%80%93-%E2%80%9CSe-ao-menos-o-medo-me-fizesse-recuar-pelo-contrario-avanco-mais-e-mais-na-mesma-proporcao-desse-medo-E-como-se-o-medo-fosse-uma-coragem-ao-contrario%E2%80%9D-%E2%80%93-Olhos-dagua\"><\/span>7 &ndash; &ldquo;Se ao menos o medo me fizesse recuar, pelo contr&aacute;rio, avan&ccedil;o mais e mais na mesma propor&ccedil;&atilde;o desse medo. &Eacute; como se o medo fosse uma coragem ao contr&aacute;rio.&rdquo; &ndash; Olhos d&rsquo;&aacute;gua<span class=\"ez-toc-section-end\"><\/span><\/h2><p>Esta frase &eacute; citada por Concei&ccedil;&atilde;o Evaristo em seu livro &ldquo;Olhos d&rsquo;&aacute;gua&rdquo;, publicado em 2014 e vencedor do Pr&ecirc;mio Jabuti de Literatura, na categoria Contos e Cr&ocirc;nicas.<\/p><h2 class=\"wp-block-heading\" id=\"h-8-achava-tambem-que-qualquer-vida-era-um-risco-e-o-risco-maior-era-o-de-nao-tentar-viver-olhos-d-agua\"><span class=\"ez-toc-section\" id=\"8-%E2%80%93-%E2%80%9CAchava-tambem-que-qualquer-vida-era-um-risco-e-o-risco-maior-era-o-de-nao-tentar-viver%E2%80%9D-%E2%80%93-Olhos-dagua\"><\/span>8 &ndash; &ldquo;Achava tamb&eacute;m que qualquer vida era um risco e o risco maior era o de n&atilde;o tentar viver.&rdquo; &ndash; Olhos d&rsquo;&aacute;gua<span class=\"ez-toc-section-end\"><\/span><\/h2><p>Esta frase &eacute; citada por Concei&ccedil;&atilde;o Evaristo em seu livro &ldquo;Olhos d&rsquo;&aacute;gua&rdquo;, publicado em 2014 e vencedor do Pr&ecirc;mio Jabuti de Literatura, na categoria Contos e Cr&ocirc;nicas.<\/p><h2 class=\"wp-block-heading\" id=\"h-9-tem-acoes-que-o-sujeito-branco-pode-fazer-no-cotidiano-para-mexer-na-estrutura-a-questao-do-negro-nao-e-para-o-negro-resolver-e-para-a-nacao-brasileira-entrevista-para-marie-claire\"><span class=\"ez-toc-section\" id=\"9-%E2%80%93-%E2%80%9CTem-acoes-que-o-sujeito-branco-pode-fazer-no-cotidiano-para-mexer-na-estrutura-A-questao-do-negro-nao-e-para-o-negro-resolver-e-para-a-nacao-brasileira%E2%80%9D-%E2%80%93-entrevista-para-Marie-Claire\"><\/span>9 &ndash; &ldquo;Tem a&ccedil;&otilde;es que o sujeito branco pode fazer no cotidiano para mexer na estrutura. A quest&atilde;o do negro n&atilde;o &eacute; para o negro resolver, &eacute; para a na&ccedil;&atilde;o brasileira.&rdquo; &ndash; <a href=\"https:\/\/revistamarieclaire.globo.com\/Cultura\/noticia\/2019\/11\/conceicao-evaristo-questao-do-negro-nao-e-para-nos-resolvermos-e-para-nacao.html\" target=\"_blank\" rel=\"noopener noreferrer\">entrevista<\/a> para Marie Claire<span class=\"ez-toc-section-end\"><\/span><\/h2><h2 class=\"wp-block-heading\" id=\"h-arrase-na-redacao-com-o-estrategia-vestibulares\"><span class=\"ez-toc-section\" id=\"Arrase-na-redacao-com-o-Estrategia-Vestibulares\"><\/span>Arrase na reda&ccedil;&atilde;o com o Estrat&eacute;gia Vestibulares<span class=\"ez-toc-section-end\"><\/span><\/h2><p>Voc&ecirc; quer ter todas as suas reda&ccedil;&otilde;es corrigidas e com feedback? Saiba que o Estrat&eacute;gia Vestibulares oferece isso! Aqui voc&ecirc; pode enviar um n&uacute;mero ilimitado de reda&ccedil;&otilde;es para serem corrigidas por nossos professores, que respondem com dicas de onde e como melhorar.<\/p><p>Al&eacute;m disso, a Coruja oferece aulas din&acirc;micas, um Banco de Quest&otilde;es super completo, salas VIP, monitorias e cursos focados em diversas bancas de vestibulares do Brasil. Clique no banner e conhe&ccedil;a melhor o Estrat&eacute;gia Vestibulares!<\/p><p>\n\n\n<a id=\"cta\" class=\"cta-imagem\" href=\"https:\/\/vestibulares.estrategia.com\/curso\/curso-interativo-enem-redaco-prof-fernando-andrade\/\" target=\"blank\">\n                <img decoding=\"async\" width=\"100%\" src=\"https:\/\/vestibulares.estrategia.com\/portal\/wp-content\/uploads\/2021\/07\/Redacao.jpg\" alt=\"Cursos de Reda\u00e7\u00e3o Estrat\u00e9gia Vestibulares\" title=\"Curso de Reda\u00e7\u00e3o Estrat\u00e9gia Vestibulares\">\n        <\/a>\n\n\n<\/p><\/p>\n","protected":false},"excerpt":{"rendered":"Conhe\u00e7a a trajet\u00f3ria de Concei\u00e7\u00e3o Evaristo, um dos nomes mais importantes da literatura brasileira contempor\u00e2nea\n","protected":false},"author":51,"featured_media":112876,"comment_status":"closed","ping_status":"closed","sticky":false,"template":"","format":"standard","meta":{"wl_entities_gutenberg":"","footnotes":""},"categories":[2],"tags":[],"wl_entity_type":[732],"class_list":{"0":"post-112857","1":"post","2":"type-post","3":"status-publish","4":"format-standard","5":"has-post-thumbnail","7":"category-redacao","8":"wl_entity_type-article"},"acf":[],"yoast_head":"<!-- This site is optimized with the Yoast SEO Premium plugin v25.9 (Yoast SEO v25.9) - https:\/\/yoast.com\/wordpress\/plugins\/seo\/ -->\n<title>9 cita\u00e7\u00f5es de Concei\u00e7\u00e3o Evaristo para usar na reda\u00e7\u00e3o<\/title>\n<meta name=\"description\" content=\"Concei\u00e7\u00e3o Evaristo \u00e9 a nova imortal da Academia Mineira de Letras, ao ocupar a cadeira de n\u00ba 40.\u00a0Confira algumas de suas cita\u00e7\u00f5es!\" \/>\n<meta name=\"robots\" content=\"index, follow, max-snippet:-1, max-image-preview:large, max-video-preview:-1\" \/>\n<link rel=\"canonical\" href=\"https:\/\/vestibulares.estrategia.com\/portal\/materias\/redacao\/9-citacoes-de-conceicao-evaristo-para-usar-na-redacao\/\" \/>\n<meta property=\"og:locale\" content=\"pt_BR\" \/>\n<meta property=\"og:type\" content=\"article\" \/>\n<meta property=\"og:title\" content=\"9 cita\u00e7\u00f5es de Concei\u00e7\u00e3o Evaristo para usar na reda\u00e7\u00e3o\" \/>\n<meta property=\"og:description\" content=\"Concei\u00e7\u00e3o Evaristo \u00e9 a nova imortal da Academia Mineira de Letras, ao ocupar a cadeira de n\u00ba 40.\u00a0Confira algumas de suas cita\u00e7\u00f5es!\" \/>\n<meta property=\"og:url\" content=\"https:\/\/vestibulares.estrategia.com\/portal\/materias\/redacao\/9-citacoes-de-conceicao-evaristo-para-usar-na-redacao\/\" \/>\n<meta property=\"og:site_name\" content=\"Estrat\u00e9gia Vestibulares\" \/>\n<meta property=\"article:publisher\" content=\"https:\/\/facebook.com\/estrategiavestibulares\" \/>\n<meta property=\"article:published_time\" content=\"2024-02-20T18:36:29+00:00\" \/>\n<meta property=\"article:modified_time\" content=\"2025-10-28T18:39:12+00:00\" \/>\n<meta property=\"og:image\" content=\"https:\/\/vestibulares.estrategia.com\/portal\/wp-content\/uploads\/2024\/02\/citacoes-conceicao-evaristo.webp\" \/>\n\t<meta property=\"og:image:width\" content=\"1170\" \/>\n\t<meta property=\"og:image:height\" content=\"700\" \/>\n\t<meta property=\"og:image:type\" content=\"image\/webp\" \/>\n<meta name=\"author\" content=\"Larrani Ferreira\" \/>\n<meta name=\"twitter:card\" content=\"summary_large_image\" \/>\n<meta name=\"twitter:creator\" content=\"@Estrategiavest\" \/>\n<meta name=\"twitter:site\" content=\"@Estrategiavest\" \/>\n<meta name=\"twitter:label1\" content=\"Escrito por\" \/>\n\t<meta name=\"twitter:data1\" content=\"Larrani Ferreira\" \/>\n\t<meta name=\"twitter:label2\" content=\"Est. tempo de leitura\" \/>\n\t<meta name=\"twitter:data2\" content=\"5 minutos\" \/>\n<script type=\"application\/ld+json\" class=\"yoast-schema-graph\">{\"@context\":\"https:\/\/schema.org\",\"@graph\":[{\"@type\":\"Article\",\"@id\":\"https:\/\/vestibulares.estrategia.com\/portal\/materias\/redacao\/9-citacoes-de-conceicao-evaristo-para-usar-na-redacao\/#article\",\"isPartOf\":{\"@id\":\"https:\/\/vestibulares.estrategia.com\/portal\/materias\/redacao\/9-citacoes-de-conceicao-evaristo-para-usar-na-redacao\/\"},\"author\":{\"name\":\"Larrani Ferreira\",\"@id\":\"https:\/\/vestibulares.estrategia.com\/portal\/#\/schema\/person\/98d0c0e22d6d89b480aa1929f0e64ec5\"},\"headline\":\"9 cita\u00e7\u00f5es de Concei\u00e7\u00e3o Evaristo para usar na reda\u00e7\u00e3o\",\"datePublished\":\"2024-02-20T18:36:29+00:00\",\"dateModified\":\"2025-10-28T18:39:12+00:00\",\"mainEntityOfPage\":{\"@id\":\"https:\/\/vestibulares.estrategia.com\/portal\/materias\/redacao\/9-citacoes-de-conceicao-evaristo-para-usar-na-redacao\/\"},\"wordCount\":1067,\"publisher\":{\"@id\":\"https:\/\/vestibulares.estrategia.com\/portal\/#organization\"},\"image\":{\"@id\":\"https:\/\/vestibulares.estrategia.com\/portal\/materias\/redacao\/9-citacoes-de-conceicao-evaristo-para-usar-na-redacao\/#primaryimage\"},\"thumbnailUrl\":\"https:\/\/vestibulares.estrategia.com\/portal\/wp-content\/uploads\/2024\/02\/citacoes-conceicao-evaristo.webp\",\"articleSection\":[\"Reda\u00e7\u00e3o\"],\"inLanguage\":\"pt-BR\"},{\"@type\":\"WebPage\",\"@id\":\"https:\/\/vestibulares.estrategia.com\/portal\/materias\/redacao\/9-citacoes-de-conceicao-evaristo-para-usar-na-redacao\/\",\"url\":\"https:\/\/vestibulares.estrategia.com\/portal\/materias\/redacao\/9-citacoes-de-conceicao-evaristo-para-usar-na-redacao\/\",\"name\":\"9 cita\u00e7\u00f5es de Concei\u00e7\u00e3o Evaristo para usar na reda\u00e7\u00e3o\",\"isPartOf\":{\"@id\":\"https:\/\/vestibulares.estrategia.com\/portal\/#website\"},\"primaryImageOfPage\":{\"@id\":\"https:\/\/vestibulares.estrategia.com\/portal\/materias\/redacao\/9-citacoes-de-conceicao-evaristo-para-usar-na-redacao\/#primaryimage\"},\"image\":{\"@id\":\"https:\/\/vestibulares.estrategia.com\/portal\/materias\/redacao\/9-citacoes-de-conceicao-evaristo-para-usar-na-redacao\/#primaryimage\"},\"thumbnailUrl\":\"https:\/\/vestibulares.estrategia.com\/portal\/wp-content\/uploads\/2024\/02\/citacoes-conceicao-evaristo.webp\",\"datePublished\":\"2024-02-20T18:36:29+00:00\",\"dateModified\":\"2025-10-28T18:39:12+00:00\",\"description\":\"Concei\u00e7\u00e3o Evaristo \u00e9 a nova imortal da Academia Mineira de Letras, ao ocupar a cadeira de n\u00ba 40.\u00a0Confira algumas de suas cita\u00e7\u00f5es!\",\"breadcrumb\":{\"@id\":\"https:\/\/vestibulares.estrategia.com\/portal\/materias\/redacao\/9-citacoes-de-conceicao-evaristo-para-usar-na-redacao\/#breadcrumb\"},\"inLanguage\":\"pt-BR\",\"potentialAction\":[{\"@type\":\"ReadAction\",\"target\":[\"https:\/\/vestibulares.estrategia.com\/portal\/materias\/redacao\/9-citacoes-de-conceicao-evaristo-para-usar-na-redacao\/\"]}]},{\"@type\":\"ImageObject\",\"inLanguage\":\"pt-BR\",\"@id\":\"https:\/\/vestibulares.estrategia.com\/portal\/materias\/redacao\/9-citacoes-de-conceicao-evaristo-para-usar-na-redacao\/#primaryimage\",\"url\":\"https:\/\/vestibulares.estrategia.com\/portal\/wp-content\/uploads\/2024\/02\/citacoes-conceicao-evaristo.webp\",\"contentUrl\":\"https:\/\/vestibulares.estrategia.com\/portal\/wp-content\/uploads\/2024\/02\/citacoes-conceicao-evaristo.webp\",\"width\":1170,\"height\":700,\"caption\":\"Foto: Fernando Fraz\u00e3o\/Ag\u00eancia Brasil\/Arquivo\"},{\"@type\":\"BreadcrumbList\",\"@id\":\"https:\/\/vestibulares.estrategia.com\/portal\/materias\/redacao\/9-citacoes-de-conceicao-evaristo-para-usar-na-redacao\/#breadcrumb\",\"itemListElement\":[{\"@type\":\"ListItem\",\"position\":1,\"name\":\"Home\",\"item\":\"https:\/\/vestibulares.estrategia.com\/portal\/\"},{\"@type\":\"ListItem\",\"position\":2,\"name\":\"Mat\u00e9rias\",\"item\":\"https:\/\/vestibulares.estrategia.com\/portal\/materias\/\"},{\"@type\":\"ListItem\",\"position\":3,\"name\":\"Reda\u00e7\u00e3o\",\"item\":\"https:\/\/vestibulares.estrategia.com\/portal\/materias\/redacao\/\"},{\"@type\":\"ListItem\",\"position\":4,\"name\":\"9 cita\u00e7\u00f5es de Concei\u00e7\u00e3o Evaristo para usar na reda\u00e7\u00e3o\"}]},{\"@type\":\"WebSite\",\"@id\":\"https:\/\/vestibulares.estrategia.com\/portal\/#website\",\"url\":\"https:\/\/vestibulares.estrategia.com\/portal\/\",\"name\":\"Estrat\u00e9gia Vestibulares\",\"description\":\"\",\"publisher\":{\"@id\":\"https:\/\/vestibulares.estrategia.com\/portal\/#organization\"},\"potentialAction\":[{\"@type\":\"SearchAction\",\"target\":{\"@type\":\"EntryPoint\",\"urlTemplate\":\"https:\/\/vestibulares.estrategia.com\/portal\/?s={search_term_string}\"},\"query-input\":{\"@type\":\"PropertyValueSpecification\",\"valueRequired\":true,\"valueName\":\"search_term_string\"}}],\"inLanguage\":\"pt-BR\"},{\"@type\":\"Organization\",\"@id\":\"https:\/\/vestibulares.estrategia.com\/portal\/#organization\",\"name\":\"Estrat\u00e9gia Vestibulares\",\"url\":\"https:\/\/vestibulares.estrategia.com\/portal\/\",\"logo\":{\"@type\":\"ImageObject\",\"inLanguage\":\"pt-BR\",\"@id\":\"https:\/\/vestibulares.estrategia.com\/portal\/#\/schema\/logo\/image\/\",\"url\":\"https:\/\/vestibulares.estrategia.com\/portal\/wp-content\/uploads\/2021\/06\/Logo-Vestibulares@4x.png\",\"contentUrl\":\"https:\/\/vestibulares.estrategia.com\/portal\/wp-content\/uploads\/2021\/06\/Logo-Vestibulares@4x.png\",\"width\":250,\"height\":66,\"caption\":\"Estrat\u00e9gia Vestibulares\"},\"image\":{\"@id\":\"https:\/\/vestibulares.estrategia.com\/portal\/#\/schema\/logo\/image\/\"},\"sameAs\":[\"https:\/\/facebook.com\/estrategiavestibulares\",\"https:\/\/x.com\/Estrategiavest\",\"https:\/\/www.instagram.com\/estrategiavestibulares\",\"https:\/\/www.youtube.com\/channel\/UCGWdZy8ULI-7_5GrABa4vNA\"]},{\"@type\":\"Person\",\"@id\":\"https:\/\/vestibulares.estrategia.com\/portal\/#\/schema\/person\/98d0c0e22d6d89b480aa1929f0e64ec5\",\"name\":\"Larrani Ferreira\",\"image\":{\"@type\":\"ImageObject\",\"inLanguage\":\"pt-BR\",\"@id\":\"https:\/\/vestibulares.estrategia.com\/portal\/#\/schema\/person\/image\/\",\"url\":\"https:\/\/vestibulares.estrategia.com\/portal\/wp-content\/uploads\/2026\/02\/WhatsApp-Image-2026-02-05-at-14.26.13-150x150.jpeg\",\"contentUrl\":\"https:\/\/vestibulares.estrategia.com\/portal\/wp-content\/uploads\/2026\/02\/WhatsApp-Image-2026-02-05-at-14.26.13-150x150.jpeg\",\"caption\":\"Larrani Ferreira\"},\"description\":\"Jornalista e Mestranda em Comunica\u00e7\u00e3o Intercultural nas Organiza\u00e7\u00f5es\",\"url\":\"https:\/\/vestibulares.estrategia.com\/portal\/author\/larranioliveira\/\"}]}<\/script>\n<!-- \/ Yoast SEO Premium plugin. -->","yoast_head_json":{"title":"9 cita\u00e7\u00f5es de Concei\u00e7\u00e3o Evaristo para usar na reda\u00e7\u00e3o","description":"Concei\u00e7\u00e3o Evaristo \u00e9 a nova imortal da Academia Mineira de Letras, ao ocupar a cadeira de n\u00ba 40.\u00a0Confira algumas de suas cita\u00e7\u00f5es!","robots":{"index":"index","follow":"follow","max-snippet":"max-snippet:-1","max-image-preview":"max-image-preview:large","max-video-preview":"max-video-preview:-1"},"canonical":"https:\/\/vestibulares.estrategia.com\/portal\/materias\/redacao\/9-citacoes-de-conceicao-evaristo-para-usar-na-redacao\/","og_locale":"pt_BR","og_type":"article","og_title":"9 cita\u00e7\u00f5es de Concei\u00e7\u00e3o Evaristo para usar na reda\u00e7\u00e3o","og_description":"Concei\u00e7\u00e3o Evaristo \u00e9 a nova imortal da Academia Mineira de Letras, ao ocupar a cadeira de n\u00ba 40.\u00a0Confira algumas de suas cita\u00e7\u00f5es!","og_url":"https:\/\/vestibulares.estrategia.com\/portal\/materias\/redacao\/9-citacoes-de-conceicao-evaristo-para-usar-na-redacao\/","og_site_name":"Estrat\u00e9gia Vestibulares","article_publisher":"https:\/\/facebook.com\/estrategiavestibulares","article_published_time":"2024-02-20T18:36:29+00:00","article_modified_time":"2025-10-28T18:39:12+00:00","og_image":[{"width":1170,"height":700,"url":"https:\/\/vestibulares.estrategia.com\/portal\/wp-content\/uploads\/2024\/02\/citacoes-conceicao-evaristo.webp","type":"image\/webp"}],"author":"Larrani Ferreira","twitter_card":"summary_large_image","twitter_creator":"@Estrategiavest","twitter_site":"@Estrategiavest","twitter_misc":{"Escrito por":"Larrani Ferreira","Est. tempo de leitura":"5 minutos"},"schema":{"@context":"https:\/\/schema.org","@graph":[{"@type":"Article","@id":"https:\/\/vestibulares.estrategia.com\/portal\/materias\/redacao\/9-citacoes-de-conceicao-evaristo-para-usar-na-redacao\/#article","isPartOf":{"@id":"https:\/\/vestibulares.estrategia.com\/portal\/materias\/redacao\/9-citacoes-de-conceicao-evaristo-para-usar-na-redacao\/"},"author":{"name":"Larrani Ferreira","@id":"https:\/\/vestibulares.estrategia.com\/portal\/#\/schema\/person\/98d0c0e22d6d89b480aa1929f0e64ec5"},"headline":"9 cita\u00e7\u00f5es de Concei\u00e7\u00e3o Evaristo para usar na reda\u00e7\u00e3o","datePublished":"2024-02-20T18:36:29+00:00","dateModified":"2025-10-28T18:39:12+00:00","mainEntityOfPage":{"@id":"https:\/\/vestibulares.estrategia.com\/portal\/materias\/redacao\/9-citacoes-de-conceicao-evaristo-para-usar-na-redacao\/"},"wordCount":1067,"publisher":{"@id":"https:\/\/vestibulares.estrategia.com\/portal\/#organization"},"image":{"@id":"https:\/\/vestibulares.estrategia.com\/portal\/materias\/redacao\/9-citacoes-de-conceicao-evaristo-para-usar-na-redacao\/#primaryimage"},"thumbnailUrl":"https:\/\/vestibulares.estrategia.com\/portal\/wp-content\/uploads\/2024\/02\/citacoes-conceicao-evaristo.webp","articleSection":["Reda\u00e7\u00e3o"],"inLanguage":"pt-BR"},{"@type":"WebPage","@id":"https:\/\/vestibulares.estrategia.com\/portal\/materias\/redacao\/9-citacoes-de-conceicao-evaristo-para-usar-na-redacao\/","url":"https:\/\/vestibulares.estrategia.com\/portal\/materias\/redacao\/9-citacoes-de-conceicao-evaristo-para-usar-na-redacao\/","name":"9 cita\u00e7\u00f5es de Concei\u00e7\u00e3o Evaristo para usar na reda\u00e7\u00e3o","isPartOf":{"@id":"https:\/\/vestibulares.estrategia.com\/portal\/#website"},"primaryImageOfPage":{"@id":"https:\/\/vestibulares.estrategia.com\/portal\/materias\/redacao\/9-citacoes-de-conceicao-evaristo-para-usar-na-redacao\/#primaryimage"},"image":{"@id":"https:\/\/vestibulares.estrategia.com\/portal\/materias\/redacao\/9-citacoes-de-conceicao-evaristo-para-usar-na-redacao\/#primaryimage"},"thumbnailUrl":"https:\/\/vestibulares.estrategia.com\/portal\/wp-content\/uploads\/2024\/02\/citacoes-conceicao-evaristo.webp","datePublished":"2024-02-20T18:36:29+00:00","dateModified":"2025-10-28T18:39:12+00:00","description":"Concei\u00e7\u00e3o Evaristo \u00e9 a nova imortal da Academia Mineira de Letras, ao ocupar a cadeira de n\u00ba 40.\u00a0Confira algumas de suas cita\u00e7\u00f5es!","breadcrumb":{"@id":"https:\/\/vestibulares.estrategia.com\/portal\/materias\/redacao\/9-citacoes-de-conceicao-evaristo-para-usar-na-redacao\/#breadcrumb"},"inLanguage":"pt-BR","potentialAction":[{"@type":"ReadAction","target":["https:\/\/vestibulares.estrategia.com\/portal\/materias\/redacao\/9-citacoes-de-conceicao-evaristo-para-usar-na-redacao\/"]}]},{"@type":"ImageObject","inLanguage":"pt-BR","@id":"https:\/\/vestibulares.estrategia.com\/portal\/materias\/redacao\/9-citacoes-de-conceicao-evaristo-para-usar-na-redacao\/#primaryimage","url":"https:\/\/vestibulares.estrategia.com\/portal\/wp-content\/uploads\/2024\/02\/citacoes-conceicao-evaristo.webp","contentUrl":"https:\/\/vestibulares.estrategia.com\/portal\/wp-content\/uploads\/2024\/02\/citacoes-conceicao-evaristo.webp","width":1170,"height":700,"caption":"Foto: Fernando Fraz\u00e3o\/Ag\u00eancia Brasil\/Arquivo"},{"@type":"BreadcrumbList","@id":"https:\/\/vestibulares.estrategia.com\/portal\/materias\/redacao\/9-citacoes-de-conceicao-evaristo-para-usar-na-redacao\/#breadcrumb","itemListElement":[{"@type":"ListItem","position":1,"name":"Home","item":"https:\/\/vestibulares.estrategia.com\/portal\/"},{"@type":"ListItem","position":2,"name":"Mat\u00e9rias","item":"https:\/\/vestibulares.estrategia.com\/portal\/materias\/"},{"@type":"ListItem","position":3,"name":"Reda\u00e7\u00e3o","item":"https:\/\/vestibulares.estrategia.com\/portal\/materias\/redacao\/"},{"@type":"ListItem","position":4,"name":"9 cita\u00e7\u00f5es de Concei\u00e7\u00e3o Evaristo para usar na reda\u00e7\u00e3o"}]},{"@type":"WebSite","@id":"https:\/\/vestibulares.estrategia.com\/portal\/#website","url":"https:\/\/vestibulares.estrategia.com\/portal\/","name":"Estrat\u00e9gia Vestibulares","description":"","publisher":{"@id":"https:\/\/vestibulares.estrategia.com\/portal\/#organization"},"potentialAction":[{"@type":"SearchAction","target":{"@type":"EntryPoint","urlTemplate":"https:\/\/vestibulares.estrategia.com\/portal\/?s={search_term_string}"},"query-input":{"@type":"PropertyValueSpecification","valueRequired":true,"valueName":"search_term_string"}}],"inLanguage":"pt-BR"},{"@type":"Organization","@id":"https:\/\/vestibulares.estrategia.com\/portal\/#organization","name":"Estrat\u00e9gia Vestibulares","url":"https:\/\/vestibulares.estrategia.com\/portal\/","logo":{"@type":"ImageObject","inLanguage":"pt-BR","@id":"https:\/\/vestibulares.estrategia.com\/portal\/#\/schema\/logo\/image\/","url":"https:\/\/vestibulares.estrategia.com\/portal\/wp-content\/uploads\/2021\/06\/Logo-Vestibulares@4x.png","contentUrl":"https:\/\/vestibulares.estrategia.com\/portal\/wp-content\/uploads\/2021\/06\/Logo-Vestibulares@4x.png","width":250,"height":66,"caption":"Estrat\u00e9gia Vestibulares"},"image":{"@id":"https:\/\/vestibulares.estrategia.com\/portal\/#\/schema\/logo\/image\/"},"sameAs":["https:\/\/facebook.com\/estrategiavestibulares","https:\/\/x.com\/Estrategiavest","https:\/\/www.instagram.com\/estrategiavestibulares","https:\/\/www.youtube.com\/channel\/UCGWdZy8ULI-7_5GrABa4vNA"]},{"@type":"Person","@id":"https:\/\/vestibulares.estrategia.com\/portal\/#\/schema\/person\/98d0c0e22d6d89b480aa1929f0e64ec5","name":"Larrani Ferreira","image":{"@type":"ImageObject","inLanguage":"pt-BR","@id":"https:\/\/vestibulares.estrategia.com\/portal\/#\/schema\/person\/image\/","url":"https:\/\/vestibulares.estrategia.com\/portal\/wp-content\/uploads\/2026\/02\/WhatsApp-Image-2026-02-05-at-14.26.13-150x150.jpeg","contentUrl":"https:\/\/vestibulares.estrategia.com\/portal\/wp-content\/uploads\/2026\/02\/WhatsApp-Image-2026-02-05-at-14.26.13-150x150.jpeg","caption":"Larrani Ferreira"},"description":"Jornalista e Mestranda em Comunica\u00e7\u00e3o Intercultural nas Organiza\u00e7\u00f5es","url":"https:\/\/vestibulares.estrategia.com\/portal\/author\/larranioliveira\/"}]}},"_wl_alt_label":[],"wl:entity_url":"https:\/\/data.wordlift.io\/wl110249\/post\/9-citacoes-de-conceicao-evaristo-para-usar-na-redacao","_links":{"self":[{"href":"https:\/\/vestibulares.estrategia.com\/portal\/wp-json\/wp\/v2\/posts\/112857","targetHints":{"allow":["GET"]}}],"collection":[{"href":"https:\/\/vestibulares.estrategia.com\/portal\/wp-json\/wp\/v2\/posts"}],"about":[{"href":"https:\/\/vestibulares.estrategia.com\/portal\/wp-json\/wp\/v2\/types\/post"}],"author":[{"embeddable":true,"href":"https:\/\/vestibulares.estrategia.com\/portal\/wp-json\/wp\/v2\/users\/51"}],"replies":[{"embeddable":true,"href":"https:\/\/vestibulares.estrategia.com\/portal\/wp-json\/wp\/v2\/comments?post=112857"}],"version-history":[{"count":4,"href":"https:\/\/vestibulares.estrategia.com\/portal\/wp-json\/wp\/v2\/posts\/112857\/revisions"}],"predecessor-version":[{"id":147322,"href":"https:\/\/vestibulares.estrategia.com\/portal\/wp-json\/wp\/v2\/posts\/112857\/revisions\/147322"}],"wp:featuredmedia":[{"embeddable":true,"href":"https:\/\/vestibulares.estrategia.com\/portal\/wp-json\/wp\/v2\/media\/112876"}],"wp:attachment":[{"href":"https:\/\/vestibulares.estrategia.com\/portal\/wp-json\/wp\/v2\/media?parent=112857"}],"wp:term":[{"taxonomy":"category","embeddable":true,"href":"https:\/\/vestibulares.estrategia.com\/portal\/wp-json\/wp\/v2\/categories?post=112857"},{"taxonomy":"post_tag","embeddable":true,"href":"https:\/\/vestibulares.estrategia.com\/portal\/wp-json\/wp\/v2\/tags?post=112857"},{"taxonomy":"wl_entity_type","embeddable":true,"href":"https:\/\/vestibulares.estrategia.com\/portal\/wp-json\/wp\/v2\/wl_entity_type?post=112857"}],"curies":[{"name":"wp","href":"https:\/\/api.w.org\/{rel}","templated":true}]}}