{"id":112881,"date":"2024-02-20T19:21:50","date_gmt":"2024-02-20T22:21:50","guid":{"rendered":"https:\/\/vestibulares.estrategia.com\/portal\/?p=112881"},"modified":"2024-12-01T16:55:14","modified_gmt":"2024-12-01T19:55:14","slug":"temas-de-redacao-do-vestibular-da-uerj-nos-ultimos-anos","status":"publish","type":"post","link":"https:\/\/vestibulares.estrategia.com\/portal\/materias\/redacao\/temas-de-redacao-do-vestibular-da-uerj-nos-ultimos-anos\/","title":{"rendered":"Temas de reda\u00e7\u00e3o do vestibular da Uerj nos \u00faltimos anos"},"content":{"rendered":"<p>A Universidade do Estado do Rio de Janeiro (<a href=\"https:\/\/vestibulares.estrategia.com\/portal\/vestibulares\/vestibular-uerj\/\" target=\"_blank\">Uerj<\/a>) conta com vestibular pr&oacute;prio para selecionar novos alunos todos os anos. O processo conta com dois exames de qualifica&ccedil;&atilde;o que classificam estudantes para o exame discursivo, que &eacute; considerado a segunda fase da prova.<p>&Eacute; no exame discursivo que &eacute; aplicada a reda&ccedil;&atilde;o, al&eacute;m de mais duas provas espec&iacute;ficas de acordo com o curso escolhido na inscri&ccedil;&atilde;o. A Uerj seleciona uma obra obrigat&oacute;ria exclusiva para a reda&ccedil;&atilde;o todo ano desde a edi&ccedil;&atilde;o 2018, e ela &eacute; explorada no tema final, em uma reda&ccedil;&atilde;o dissertativa-argumentativa, g&ecirc;nero mantido h&aacute; mais de uma d&eacute;cada pela banca. <\/p><p>Vale mencionar que, por conta da pandemia, a institui&ccedil;&atilde;o optou por realizar apenas um exame de qualifica&ccedil;&atilde;o nas <strong>edi&ccedil;&otilde;es<\/strong> <strong>2021, 2022 e 2023<\/strong>, mas as provas contavam tamb&eacute;m com reda&ccedil;&atilde;o.<\/p><p>Dentre os &uacute;ltimos temas apresentados pela Uerj est&atilde;o a &eacute;tica da verdade, crimes de vingan&ccedil;a, viol&ecirc;ncia e opress&atilde;o, leitura de literatura na forma&ccedil;&atilde;o de valores e debates sobre interesses e usos das pesquisas cient&iacute;ficas. Confira esses e mais temas abaixo.<\/p><p>\n\n\n\n<div id=\"new-form\">\n\t<form id=\"forms_layout\">\n\t<input type=\"hidden\" id=\"chave_de\" name=\"chave_de\" value=\"01_EVEST_LEADS_TOTAIS\" \/>\n\t\t<input type=\"hidden\" id=\"mid\" name=\"mid\" value=\"515008983\" \/>\n\t\t<input type=\"hidden\" id=\"Objetivo\" name=\"Objetivo\" value=\"Vestibulares\" \/>\n\t\t<input type=\"hidden\" id=\"Estado_de_Origem_do_IP\" name=\"Estado_de_Origem_do_IP\"  value=\"\" \/>\n\t\t<input type=\"hidden\" id=\"Cidade_de_Origem_do_IP\" name=\"Cidade_de_Origem_do_IP\" value=\"\" \/>\n\t\t<input type=\"hidden\" id=\"Modo_de_entrada\" name=\"Modo_de_entrada\" value=\"Portal\" \/>\n\t\t<input type=\"hidden\" id=\"Pagina_Origem\" name=\"Pagina_Origem\" value=\"\" \/>\n\n\t\t<div class=\"texto\">\n\t\t\t<h3 class=\"news\">Inscreva-se em nossa newsletter\ud83e\udd89<\/h3>\n\t\t\t<p>Receba dicas de estudo gratuitas e saiba em primeira m\u00e3o as novidades sobre o Enem, Sisu, Encceja, Fuvest e outros vestibulares!<\/p>\n\t\t<\/div>\n\t\t<div class=\"campos\">\n\t\t\t<div class=\"first_name labels\">\n\t\t\t\t<input type=\"text\" class=\"input_labels\" id=\"first_name\" name=\"Nome_Completo\" placeholder=\"Nome\" required \/>\n\t\t\t<\/div>\n\t\t\t<div class=\"email labels\">\n\t\t\t\t<input type=\"email\" class=\"input_labels\" id=\"email\" name=\"Email\" placeholder=\"E-mail\" required \/>\n\t\t\t<\/div>\n\t\t\t<button type=\"submit\" class=\"button_layout\">\n\t\t\t\t<div id=\"lblBotao\">Inscreva-se<\/div>\n\t\t\t\t<span id=\"divSpiner\" class=\"loader\" role=\"status\" style=\"display: none;\"><\/span>\t\n\t\t\t<\/button>\n\t\t<\/div><!-- \/campos -->\n\t\t\n\t\t<label class=\"container_checkbox\">Voc\u00ea concorda com a nossa\n\t\t\t<a class=\"politics_privacy_ahref\" target=\"_blank\" href=\"https:\/\/gratis.estrategiaconcursos.com.br\/politica-de-privacidade\/\">Pol\u00edtica de Privacidade<\/a> e aceita receber informa\u00e7\u00f5es adicionais do Estrat\u00e9gia Educacional.\n\t\t\t<input id=\"checkbox_layout\" type=\"checkbox\" checked=\"checked\" required \/>\n\t\t\t<span class=\"checkbox\"><\/span>\n\t\t<\/label>\n\t\t<div id=\"msg\"><\/div>\n\t\t<div id=\"error\" class=\"error\">\n\t\t<\/div>\n\t<\/form>\n<\/div><!-- \/new-form -->\n\n\n\n<\/p><div id=\"ez-toc-container\" class=\"ez-toc-v2_0_76 counter-hierarchy ez-toc-counter ez-toc-transparent ez-toc-container-direction\">\n<div class=\"ez-toc-title-container\"><p class=\"ez-toc-title\" style=\"cursor:inherit\">Navegue pelo conte\u00fado<\/p>\n<\/div><nav><ul class='ez-toc-list ez-toc-list-level-1 ' ><li class='ez-toc-page-1 ez-toc-heading-level-2'><a class=\"ez-toc-link ez-toc-heading-1\" href=\"https:\/\/vestibulares.estrategia.com\/portal\/materias\/redacao\/temas-de-redacao-do-vestibular-da-uerj-nos-ultimos-anos\/#2025-%E2%80%94-O-governo-de-uma-nacao-pode-exercer-controle-sobre-o-corpo-feminino-com-base-em-principios-religiosos\" >2025 &mdash; O governo de uma na&ccedil;&atilde;o pode exercer controle sobre o corpo feminino com base em princ&iacute;pios religiosos?<\/a><\/li><li class='ez-toc-page-1 ez-toc-heading-level-2'><a class=\"ez-toc-link ez-toc-heading-2\" href=\"https:\/\/vestibulares.estrategia.com\/portal\/materias\/redacao\/temas-de-redacao-do-vestibular-da-uerj-nos-ultimos-anos\/#2024-%E2%80%94-Qual-seria-para-voce-a-moral-da-historia-narrada-em-%E2%80%9CO-menino-do-pijama-listrado%E2%80%9D\" >2024 &mdash; Qual seria, para voc&ecirc;, a moral da hist&oacute;ria narrada em &ldquo;O menino do pijama listrado&rdquo;?<\/a><\/li><li class='ez-toc-page-1 ez-toc-heading-level-2'><a class=\"ez-toc-link ez-toc-heading-3\" href=\"https:\/\/vestibulares.estrategia.com\/portal\/materias\/redacao\/temas-de-redacao-do-vestibular-da-uerj-nos-ultimos-anos\/#2023-%E2%80%94-A-capacidade-de-se-opor-a-um-destino-socialmente-estabelecido-fortalece-nossa-humanidade\" >2023 &mdash; A capacidade de se opor a um destino socialmente estabelecido fortalece nossa humanidade?<\/a><\/li><li class='ez-toc-page-1 ez-toc-heading-level-2'><a class=\"ez-toc-link ez-toc-heading-4\" href=\"https:\/\/vestibulares.estrategia.com\/portal\/materias\/redacao\/temas-de-redacao-do-vestibular-da-uerj-nos-ultimos-anos\/#2022-%E2%80%94-O-principio-%E2%80%9Ccerteza-nao-e-verdade%E2%80%9D-deve-orientar-as-pessoas-na-conducao-de-suas-vidas-publicas-e-privadas\" >2022 &mdash; O princ&iacute;pio &ldquo;certeza n&atilde;o &eacute; verdade&rdquo; deve orientar as pessoas na condu&ccedil;&atilde;o de suas vidas p&uacute;blicas e privadas?<\/a><\/li><li class='ez-toc-page-1 ez-toc-heading-level-2'><a class=\"ez-toc-link ez-toc-heading-5\" href=\"https:\/\/vestibulares.estrategia.com\/portal\/materias\/redacao\/temas-de-redacao-do-vestibular-da-uerj-nos-ultimos-anos\/#2021-%E2%80%94-A-mentira-programada-e-uma-arma-politica-valida-para-conquistar-o-poder-e-sustenta-lo\" >2021 &mdash; A mentira programada &eacute; uma arma pol&iacute;tica v&aacute;lida para conquistar o poder e sustent&aacute;-lo?<\/a><\/li><li class='ez-toc-page-1 ez-toc-heading-level-2'><a class=\"ez-toc-link ez-toc-heading-6\" href=\"https:\/\/vestibulares.estrategia.com\/portal\/materias\/redacao\/temas-de-redacao-do-vestibular-da-uerj-nos-ultimos-anos\/#2020-%E2%80%94-O-que-leva-pessoas-em-condicoes-semelhantes-as-de-Fabiano-a-se-considerarem-inferiores-as-demais\" >2020 &mdash; O que leva pessoas, em condi&ccedil;&otilde;es semelhantes &agrave;s de Fabiano, a se considerarem inferiores &agrave;s demais?<\/a><\/li><li class='ez-toc-page-1 ez-toc-heading-level-2'><a class=\"ez-toc-link ez-toc-heading-7\" href=\"https:\/\/vestibulares.estrategia.com\/portal\/materias\/redacao\/temas-de-redacao-do-vestibular-da-uerj-nos-ultimos-anos\/#2019-%E2%80%94-E-justificavel-cometer-um-crime-para-vingar-outro-crime\" >2019 &mdash; &Eacute; justific&aacute;vel cometer um crime para vingar outro crime?<\/a><\/li><li class='ez-toc-page-1 ez-toc-heading-level-2'><a class=\"ez-toc-link ez-toc-heading-8\" href=\"https:\/\/vestibulares.estrategia.com\/portal\/materias\/redacao\/temas-de-redacao-do-vestibular-da-uerj-nos-ultimos-anos\/#2018-%E2%80%94-A-verdade-pode-ser-estabelecida-com-base-em-uma-unica-perspectiva\" >2018 &mdash; A verdade pode ser estabelecida com base em uma &uacute;nica perspectiva?<\/a><\/li><li class='ez-toc-page-1 ez-toc-heading-level-2'><a class=\"ez-toc-link ez-toc-heading-9\" href=\"https:\/\/vestibulares.estrategia.com\/portal\/materias\/redacao\/temas-de-redacao-do-vestibular-da-uerj-nos-ultimos-anos\/#2017-%E2%80%94-Cidade-maravilhosa-para-quem\" >2017 &mdash; Cidade maravilhosa: para quem?<\/a><\/li><li class='ez-toc-page-1 ez-toc-heading-level-2'><a class=\"ez-toc-link ez-toc-heading-10\" href=\"https:\/\/vestibulares.estrategia.com\/portal\/materias\/redacao\/temas-de-redacao-do-vestibular-da-uerj-nos-ultimos-anos\/#2016-%E2%80%94-Necessidade-de-conhecer-experiencias-historicas-de-violencia-e-opressao-para-a-construcao-de-uma-sociedade-mais-democratica\" >2016 &mdash; Necessidade de conhecer experi&ecirc;ncias hist&oacute;ricas de viol&ecirc;ncia e opress&atilde;o, para a constru&ccedil;&atilde;o de uma sociedade mais democr&aacute;tica<\/a><\/li><li class='ez-toc-page-1 ez-toc-heading-level-2'><a class=\"ez-toc-link ez-toc-heading-11\" href=\"https:\/\/vestibulares.estrategia.com\/portal\/materias\/redacao\/temas-de-redacao-do-vestibular-da-uerj-nos-ultimos-anos\/#2015-%E2%80%94-E-preciso-levar-em-conta-a-leitura-de-literatura-para-avaliar-a-formacao-e-os-valores-de-uma-pessoa\" >2015 &mdash; &Eacute; preciso levar em conta a leitura de literatura para avaliar a forma&ccedil;&atilde;o e os valores de uma pessoa<\/a><\/li><li class='ez-toc-page-1 ez-toc-heading-level-2'><a class=\"ez-toc-link ez-toc-heading-12\" href=\"https:\/\/vestibulares.estrategia.com\/portal\/materias\/redacao\/temas-de-redacao-do-vestibular-da-uerj-nos-ultimos-anos\/#2014-%E2%80%94-A-necessidade-de-que-a-sociedade-conheca-e-debata-as-motivacoes-interesses-e-usos-das-pesquisas-cientificas\" >2014 &mdash; A necessidade de que a sociedade conhe&ccedil;a e debata as motiva&ccedil;&otilde;es, interesses e usos das pesquisas cient&iacute;ficas<\/a><\/li><li class='ez-toc-page-1 ez-toc-heading-level-2'><a class=\"ez-toc-link ez-toc-heading-13\" href=\"https:\/\/vestibulares.estrategia.com\/portal\/materias\/redacao\/temas-de-redacao-do-vestibular-da-uerj-nos-ultimos-anos\/#2013-%E2%80%94-Tempo-e-dinheiro-porque-deve-ser-empregado-em-produzir-riqueza-ou-nao-pode-ser-resumido-ao-dinheiro-porque-isso-e-uma-brutalidade\" >2013 &mdash; Tempo &eacute; dinheiro, porque deve ser empregado em produzir riqueza ou n&atilde;o pode ser resumido ao dinheiro, porque isso &eacute; uma brutalidade?<\/a><\/li><li class='ez-toc-page-1 ez-toc-heading-level-2'><a class=\"ez-toc-link ez-toc-heading-14\" href=\"https:\/\/vestibulares.estrategia.com\/portal\/materias\/redacao\/temas-de-redacao-do-vestibular-da-uerj-nos-ultimos-anos\/#Vestibular-Uerj-redacao-formato-atual\" >Vestibular Uerj: reda&ccedil;&atilde;o (formato atual)<\/a><\/li><li class='ez-toc-page-1 ez-toc-heading-level-2'><a class=\"ez-toc-link ez-toc-heading-15\" href=\"https:\/\/vestibulares.estrategia.com\/portal\/materias\/redacao\/temas-de-redacao-do-vestibular-da-uerj-nos-ultimos-anos\/#Como-estudar-para-a-Uerj\" >Como estudar para a Uerj?<\/a><\/li><\/ul><\/nav><\/div>\n<h2 class=\"wp-block-heading\" id=\"h-2025-o-governo-de-uma-nacao-pode-exercer-controle-sobre-o-corpo-feminino-com-base-em-principios-religiosos\"><span class=\"ez-toc-section\" id=\"2025-%E2%80%94-O-governo-de-uma-nacao-pode-exercer-controle-sobre-o-corpo-feminino-com-base-em-principios-religiosos\"><\/span>2025 &mdash; O governo de uma na&ccedil;&atilde;o pode exercer controle sobre o corpo feminino com base em princ&iacute;pios religiosos?<span class=\"ez-toc-section-end\"><\/span><\/h2><p>Utilizando o livro &ldquo;O Conto da Aia&rdquo;, que tamb&eacute;m conta com adapta&ccedil;&atilde;o para a s&eacute;rie de mesmo nome, a Uerj questionou os limites da religi&atilde;o no papel de g&ecirc;nero das mulheres, um dos assuntos mais presentes na obra, como <a href=\"https:\/\/vestibulares.estrategia.com\/portal\/noticias\/tema-de-redacao-uerj-2025-o-governo-de-uma-nacao-pode-exercer-controle-sobre-o-corpo-feminino-com-base-em-principios-religiosos\/\">tema de reda&ccedil;&atilde;o da edi&ccedil;&atilde;o 2025<\/a>.<\/p><div data-wp-interactive=\"core\/file\" class=\"wp-block-file\"><object data-wp-bind--hidden=\"!state.hasPdfPreview\" hidden class=\"wp-block-file__embed\" data=\"https:\/\/vestibulares.estrategia.com\/portal\/wp-content\/uploads\/2024\/02\/Redacaouerj2025tema.pdf\" type=\"application\/pdf\" style=\"width:100%;height:600px\" aria-label=\"Incorporado de Redacaouerj2025tema.\"><\/object><a id=\"wp-block-file--media-f90d7f40-e50f-4e6c-8e1e-033af0d743ed\" rel=\"nofollow noopener noreferrer\" href=\"https:\/\/vestibulares.estrategia.com\/portal\/wp-content\/uploads\/2024\/02\/Redacaouerj2025tema.pdf\" target=\"_blank\">Redacaouerj2025tema<\/a><a rel=\"nofollow noopener noreferrer\" href=\"https:\/\/vestibulares.estrategia.com\/portal\/wp-content\/uploads\/2024\/02\/Redacaouerj2025tema.pdf\" class=\"wp-block-file__button wp-element-button\" download aria-describedby=\"wp-block-file--media-f90d7f40-e50f-4e6c-8e1e-033af0d743ed\" target=\"_blank\">Baixar<\/a><\/div><h2 class=\"wp-block-heading\" id=\"h-2024-qual-seria-para-voce-a-moral-da-historia-narrada-em-o-menino-do-pijama-listrado\"><span class=\"ez-toc-section\" id=\"2024-%E2%80%94-Qual-seria-para-voce-a-moral-da-historia-narrada-em-%E2%80%9CO-menino-do-pijama-listrado%E2%80%9D\"><\/span>2024 &mdash; Qual seria, para voc&ecirc;, a moral da hist&oacute;ria narrada em &ldquo;O menino do pijama listrado&rdquo;?<span class=\"ez-toc-section-end\"><\/span><\/h2><p>O <a href=\"https:\/\/vestibulares.estrategia.com\/portal\/noticias\/tema-redacao-exame-discursivo-uerj-2024\/\">tema de reda&ccedil;&atilde;o da Uerj 2024<\/a> aborda a f&aacute;bula &ldquo;O menino do pijama listrado&rdquo;, do escritor irland&ecirc;s John Boyne e que foi adaptado em diversas linguagens art&iacute;sticas, inclusive para o cinema. A reda&ccedil;&atilde;o dissertativa-argumentativa, em prosa, precisava discutir a moral por tr&aacute;s do livro, utilizando argumentos compat&iacute;veis com a obra.<\/p><div data-wp-interactive=\"core\/file\" class=\"wp-block-file\"><object data-wp-bind--hidden=\"!state.hasPdfPreview\" hidden class=\"wp-block-file__embed\" data=\"https:\/\/vestibulares.estrategia.com\/portal\/wp-content\/uploads\/2024\/02\/2024-1.pdf\" type=\"application\/pdf\" style=\"width:100%;height:600px\" aria-label=\"Incorporado de 2024.\"><\/object><a id=\"wp-block-file--media-0a23047b-e3e7-4b84-a6c9-afa4fdeeb2b1\" rel=\"nofollow noopener noreferrer\" href=\"https:\/\/vestibulares.estrategia.com\/portal\/wp-content\/uploads\/2024\/02\/2024-1.pdf\" target=\"_blank\">2024<\/a><a rel=\"nofollow noopener noreferrer\" href=\"https:\/\/vestibulares.estrategia.com\/portal\/wp-content\/uploads\/2024\/02\/2024-1.pdf\" class=\"wp-block-file__button wp-element-button\" download aria-describedby=\"wp-block-file--media-0a23047b-e3e7-4b84-a6c9-afa4fdeeb2b1\" target=\"_blank\">Baixar<\/a><\/div><h2 class=\"wp-block-heading\" id=\"h-2023-a-capacidade-de-se-opor-a-um-destino-socialmente-estabelecido-fortalece-nossa-humanidade\"><span class=\"ez-toc-section\" id=\"2023-%E2%80%94-A-capacidade-de-se-opor-a-um-destino-socialmente-estabelecido-fortalece-nossa-humanidade\"><\/span>2023 &mdash; A capacidade de se opor a um destino socialmente estabelecido fortalece nossa humanidade?<span class=\"ez-toc-section-end\"><\/span><\/h2><p>A discuss&atilde;o em torno do <a href=\"https:\/\/vestibulares.estrategia.com\/portal\/noticias\/tema-de-redacao-uerj-2023\/\">tema de reda&ccedil;&atilde;o da Uerj 2023<\/a> era a capacidade de se opor ao destino, assunto debatido na obra &ldquo;N&atilde;o me abandone jamais&rdquo;, de Kazuo Ishiguro, escritor nipo-brit&acirc;nico vencedor do Nobel de Literatura de 2017.  A fic&ccedil;&atilde;o desenvolve, ao longo do livro, temas como solid&atilde;o, ingenuidade, desilus&atilde;o, humanidade e destino, os &uacute;ltimos dois mais explorados pela banca na composi&ccedil;&atilde;o do argumento da reda&ccedil;&atilde;o.<\/p><div data-wp-interactive=\"core\/file\" class=\"wp-block-file\"><object data-wp-bind--hidden=\"!state.hasPdfPreview\" hidden class=\"wp-block-file__embed\" data=\"https:\/\/vestibulares.estrategia.com\/portal\/wp-content\/uploads\/2024\/02\/2023.pdf\" type=\"application\/pdf\" style=\"width:100%;height:600px\" aria-label=\"Incorporado de 2023.\"><\/object><a id=\"wp-block-file--media-646741fc-ef4f-431f-8f61-4e8477bb7178\" rel=\"nofollow noopener noreferrer\" href=\"https:\/\/vestibulares.estrategia.com\/portal\/wp-content\/uploads\/2024\/02\/2023.pdf\" target=\"_blank\">2023<\/a><a rel=\"nofollow noopener noreferrer\" href=\"https:\/\/vestibulares.estrategia.com\/portal\/wp-content\/uploads\/2024\/02\/2023.pdf\" class=\"wp-block-file__button wp-element-button\" download aria-describedby=\"wp-block-file--media-646741fc-ef4f-431f-8f61-4e8477bb7178\" target=\"_blank\">Baixar<\/a><\/div><h2 class=\"wp-block-heading\" id=\"h-2022-o-principio-certeza-nao-e-verdade-deve-orientar-as-pessoas-na-conducao-de-suas-vidas-publicas-e-privadas\"><span class=\"ez-toc-section\" id=\"2022-%E2%80%94-O-principio-%E2%80%9Ccerteza-nao-e-verdade%E2%80%9D-deve-orientar-as-pessoas-na-conducao-de-suas-vidas-publicas-e-privadas\"><\/span>2022 &mdash; O princ&iacute;pio &ldquo;certeza n&atilde;o &eacute; verdade&rdquo; deve orientar as pessoas na condu&ccedil;&atilde;o de suas vidas p&uacute;blicas e privadas?<span class=\"ez-toc-section-end\"><\/span><\/h2><p>A discuss&atilde;o sobre certeza n&atilde;o ser verdade foi explorada no <a href=\"https:\/\/vestibulares.estrategia.com\/portal\/noticias\/tema-de-redacao-uerj-2022\/\">tema de reda&ccedil;&atilde;o da Uerj 2022<\/a>, que tinha como obra norteadora o livro &ldquo;Uma janela em Copacabana&rdquo;, de Luiz Alfredo Garcia-Roza, brasileiro e carioca. O livro policial que explora dois assassinatos em Copacabana, foi pano de fundo para o texto ao trazer um trecho da obra em que personagens discutem a subjetividade da certeza, utilizando termos que se parecem, mas se distanciam, como verdade, fatos, conclus&atilde;o, a pr&oacute;pria palavra certeza e uma express&atilde;o: &ldquo;certeza &iacute;ntima&rdquo;.<\/p><div data-wp-interactive=\"core\/file\" class=\"wp-block-file\"><object data-wp-bind--hidden=\"!state.hasPdfPreview\" hidden class=\"wp-block-file__embed\" data=\"https:\/\/vestibulares.estrategia.com\/portal\/wp-content\/uploads\/2024\/02\/2022.pdf\" type=\"application\/pdf\" style=\"width:100%;height:600px\" aria-label=\"Incorporado de 2022.\"><\/object><a id=\"wp-block-file--media-4aae3bd0-26c8-41ee-87f8-6821ad3213e1\" rel=\"nofollow noopener noreferrer\" href=\"https:\/\/vestibulares.estrategia.com\/portal\/wp-content\/uploads\/2024\/02\/2022.pdf\" target=\"_blank\">2022<\/a><a rel=\"nofollow noopener noreferrer\" href=\"https:\/\/vestibulares.estrategia.com\/portal\/wp-content\/uploads\/2024\/02\/2022.pdf\" class=\"wp-block-file__button wp-element-button\" download aria-describedby=\"wp-block-file--media-4aae3bd0-26c8-41ee-87f8-6821ad3213e1\" target=\"_blank\">Baixar<\/a><\/div><h2 class=\"wp-block-heading\" id=\"h-2021-a-mentira-programada-e-uma-arma-politica-valida-para-conquistar-o-poder-e-sustenta-lo\"><span class=\"ez-toc-section\" id=\"2021-%E2%80%94-A-mentira-programada-e-uma-arma-politica-valida-para-conquistar-o-poder-e-sustenta-lo\"><\/span>2021 &mdash; A mentira programada &eacute; uma arma pol&iacute;tica v&aacute;lida para conquistar o poder e sustent&aacute;-lo?<span class=\"ez-toc-section-end\"><\/span><\/h2><p>A discuss&atilde;o sobre fake news como arma pol&iacute;tica est&aacute; presente tamb&eacute;m como &ldquo;mentiras programadas&rdquo;, na obra &ldquo;1984&rdquo;, do escritor ingl&ecirc;s George Orwell, que escreveu a obra na d&eacute;cada de 40. A discuss&atilde;o sobre poder pol&iacute;tico e as armas para conquist&aacute;-lo est&aacute; presente no tema de reda&ccedil;&atilde;o da Uerj 2021.<\/p><div data-wp-interactive=\"core\/file\" class=\"wp-block-file\"><object data-wp-bind--hidden=\"!state.hasPdfPreview\" hidden class=\"wp-block-file__embed\" data=\"https:\/\/vestibulares.estrategia.com\/portal\/wp-content\/uploads\/2024\/02\/2021.pdf\" type=\"application\/pdf\" style=\"width:100%;height:600px\" aria-label=\"Incorporado de 2021.\"><\/object><a id=\"wp-block-file--media-d4033a2f-6cd5-48da-8b40-91340c81bbc9\" rel=\"nofollow noopener noreferrer\" href=\"https:\/\/vestibulares.estrategia.com\/portal\/wp-content\/uploads\/2024\/02\/2021.pdf\" target=\"_blank\">2021<\/a><a rel=\"nofollow noopener noreferrer\" href=\"https:\/\/vestibulares.estrategia.com\/portal\/wp-content\/uploads\/2024\/02\/2021.pdf\" class=\"wp-block-file__button wp-element-button\" download aria-describedby=\"wp-block-file--media-d4033a2f-6cd5-48da-8b40-91340c81bbc9\" target=\"_blank\">Baixar<\/a><\/div><h2 class=\"wp-block-heading\" id=\"h-2020-o-que-leva-pessoas-em-condicoes-semelhantes-as-de-fabiano-a-se-considerarem-inferiores-as-demais\"><span class=\"ez-toc-section\" id=\"2020-%E2%80%94-O-que-leva-pessoas-em-condicoes-semelhantes-as-de-Fabiano-a-se-considerarem-inferiores-as-demais\"><\/span>2020 &mdash; O que leva pessoas, em condi&ccedil;&otilde;es semelhantes &agrave;s de Fabiano, a se considerarem inferiores &agrave;s demais?<span class=\"ez-toc-section-end\"><\/span><\/h2><p>&ldquo;Vidas secas&rdquo;, de Graciliano Ramos, foi o livro utilizado no tema de reda&ccedil;&atilde;o da Uerj 2020. A banca explorou o personagem Fabiano, que se v&ecirc; como bicho, em atitudes de servid&atilde;o e de inferioridade, para discutir tais assuntos e as motiva&ccedil;&otilde;es que tornam, ou podem tornar, pessoas sucet&iacute;veis a tais condi&ccedil;&otilde;es.<\/p><div data-wp-interactive=\"core\/file\" class=\"wp-block-file\"><object data-wp-bind--hidden=\"!state.hasPdfPreview\" hidden class=\"wp-block-file__embed\" data=\"https:\/\/vestibulares.estrategia.com\/portal\/wp-content\/uploads\/2024\/02\/2020.pdf\" type=\"application\/pdf\" style=\"width:100%;height:600px\" aria-label=\"Incorporado de 2020.\"><\/object><a id=\"wp-block-file--media-95b484b8-4e89-43c2-a72c-61794b28f028\" rel=\"nofollow noopener noreferrer\" href=\"https:\/\/vestibulares.estrategia.com\/portal\/wp-content\/uploads\/2024\/02\/2020.pdf\" target=\"_blank\">2020<\/a><a rel=\"nofollow noopener noreferrer\" href=\"https:\/\/vestibulares.estrategia.com\/portal\/wp-content\/uploads\/2024\/02\/2020.pdf\" class=\"wp-block-file__button wp-element-button\" download aria-describedby=\"wp-block-file--media-95b484b8-4e89-43c2-a72c-61794b28f028\" target=\"_blank\">Baixar<\/a><\/div><h2 class=\"wp-block-heading\" id=\"h-2019-e-justificavel-cometer-um-crime-para-vingar-outro-crime\"><span class=\"ez-toc-section\" id=\"2019-%E2%80%94-E-justificavel-cometer-um-crime-para-vingar-outro-crime\"><\/span>2019 &mdash; &Eacute; justific&aacute;vel cometer um crime para vingar outro crime?<span class=\"ez-toc-section-end\"><\/span><\/h2><p>Rubem Fonseca, por sua obra &ldquo;O seminarista&rdquo;, foi o autor escolhido para compor o tema de reda&ccedil;&atilde;o da uerj 2019. O personagem principal &eacute; um matador de aluguel, que conta em primeira pessoa algumas de suas hist&oacute;rias de vida e como ele se vinga de outro matador, respons&aacute;vel pelo assassinato de sua namorada. A pergunta criada pela banca discute a justificativa dada por grupos ou pessoas que se vingam de algu&eacute;m ou de outro grupo cometendo crimes, e qual &eacute; a &eacute;tica e moral de tais atos.<\/p><div data-wp-interactive=\"core\/file\" class=\"wp-block-file\"><object data-wp-bind--hidden=\"!state.hasPdfPreview\" hidden class=\"wp-block-file__embed\" data=\"https:\/\/vestibulares.estrategia.com\/portal\/wp-content\/uploads\/2024\/02\/2019.pdf\" type=\"application\/pdf\" style=\"width:100%;height:600px\" aria-label=\"Incorporado de 2019.\"><\/object><a id=\"wp-block-file--media-6d386c95-9ab1-43c8-9638-4cf33f0de939\" rel=\"nofollow noopener noreferrer\" href=\"https:\/\/vestibulares.estrategia.com\/portal\/wp-content\/uploads\/2024\/02\/2019.pdf\" target=\"_blank\">2019<\/a><a rel=\"nofollow noopener noreferrer\" href=\"https:\/\/vestibulares.estrategia.com\/portal\/wp-content\/uploads\/2024\/02\/2019.pdf\" class=\"wp-block-file__button wp-element-button\" download aria-describedby=\"wp-block-file--media-6d386c95-9ab1-43c8-9638-4cf33f0de939\" target=\"_blank\">Baixar<\/a><\/div><h2 class=\"wp-block-heading\" id=\"h-2018-a-verdade-pode-ser-estabelecida-com-base-em-uma-unica-perspectiva\"><span class=\"ez-toc-section\" id=\"2018-%E2%80%94-A-verdade-pode-ser-estabelecida-com-base-em-uma-unica-perspectiva\"><\/span>2018 &mdash; A verdade pode ser estabelecida com base em uma &uacute;nica perspectiva?<span class=\"ez-toc-section-end\"><\/span><\/h2><p>Capitu traiu Bentinho? A talvez maior d&uacute;vida da literatura brasileira foi tema da reda&ccedil;&atilde;o da Uerj 2018. A obra &ldquo;Dom Casmurro&rdquo;, de Machado de Assis, traz um narrador-personagem que apresenta aos leitores apenas a sua vers&atilde;o da hist&oacute;ria, cabendo a quem est&aacute; com o livro nas m&atilde;os escolher acreditar ou n&atilde;o. E, nesse cen&aacute;rio, a verdade a partir de uma perspectiva &eacute; verdade mesmo?<\/p><div data-wp-interactive=\"core\/file\" class=\"wp-block-file\"><object data-wp-bind--hidden=\"!state.hasPdfPreview\" hidden class=\"wp-block-file__embed\" data=\"https:\/\/vestibulares.estrategia.com\/portal\/wp-content\/uploads\/2024\/02\/2018.pdf\" type=\"application\/pdf\" style=\"width:100%;height:600px\" aria-label=\"Incorporado de 2018.\"><\/object><a id=\"wp-block-file--media-3f8b5cbc-5e81-4562-88ed-14a53851da4a\" rel=\"nofollow noopener noreferrer\" href=\"https:\/\/vestibulares.estrategia.com\/portal\/wp-content\/uploads\/2024\/02\/2018.pdf\" target=\"_blank\">2018<\/a><a rel=\"nofollow noopener noreferrer\" href=\"https:\/\/vestibulares.estrategia.com\/portal\/wp-content\/uploads\/2024\/02\/2018.pdf\" class=\"wp-block-file__button wp-element-button\" download aria-describedby=\"wp-block-file--media-3f8b5cbc-5e81-4562-88ed-14a53851da4a\" target=\"_blank\">Baixar<\/a><\/div><h2 class=\"wp-block-heading\" id=\"h-2017-cidade-maravilhosa-para-quem\"><span class=\"ez-toc-section\" id=\"2017-%E2%80%94-Cidade-maravilhosa-para-quem\"><\/span>2017 &mdash; Cidade maravilhosa: para quem?<span class=\"ez-toc-section-end\"><\/span><\/h2><p>O tema de reda&ccedil;&atilde;o Uerj 2017 utilizou um quadro de 1822 do pintor ingl&ecirc;s Augustus Earle para ilustrar o espanto das pessoas da &eacute;poca com a beleza do local em que fica a cidade do Rio de Janeiro. A express&atilde;o &ldquo;cidade maravilhosa&rdquo; surgiu apenas em 1900, e a banca trouxe tamb&eacute;m um fragmento do livro &ldquo;Cidade Partida&rdquo;, de Zuenir Ventura, para discutir a segrega&ccedil;&atilde;o radical existente na cidade, a partir da expuls&atilde;o de parte da popula&ccedil;&atilde;o para morros e periferias.<\/p><div data-wp-interactive=\"core\/file\" class=\"wp-block-file\"><object data-wp-bind--hidden=\"!state.hasPdfPreview\" hidden class=\"wp-block-file__embed\" data=\"https:\/\/vestibulares.estrategia.com\/portal\/wp-content\/uploads\/2024\/02\/2017.pdf\" type=\"application\/pdf\" style=\"width:100%;height:600px\" aria-label=\"Incorporado de 2017.\"><\/object><a id=\"wp-block-file--media-ec8a7f78-1801-4bf2-a057-2ba5511db207\" rel=\"nofollow noopener noreferrer\" href=\"https:\/\/vestibulares.estrategia.com\/portal\/wp-content\/uploads\/2024\/02\/2017.pdf\" target=\"_blank\">2017<\/a><a rel=\"nofollow noopener noreferrer\" href=\"https:\/\/vestibulares.estrategia.com\/portal\/wp-content\/uploads\/2024\/02\/2017.pdf\" class=\"wp-block-file__button wp-element-button\" download aria-describedby=\"wp-block-file--media-ec8a7f78-1801-4bf2-a057-2ba5511db207\" target=\"_blank\">Baixar<\/a><\/div><h2 class=\"wp-block-heading\" id=\"h-2016-necessidade-de-conhecer-experiencias-historicas-de-violencia-e-opressao-para-a-construcao-de-uma-sociedade-mais-democratica\"><span class=\"ez-toc-section\" id=\"2016-%E2%80%94-Necessidade-de-conhecer-experiencias-historicas-de-violencia-e-opressao-para-a-construcao-de-uma-sociedade-mais-democratica\"><\/span>2016 &mdash; Necessidade de conhecer experi&ecirc;ncias hist&oacute;ricas de viol&ecirc;ncia e opress&atilde;o, para a constru&ccedil;&atilde;o de uma sociedade mais democr&aacute;tica<span class=\"ez-toc-section-end\"><\/span><\/h2><p>Ao utilizar uma ilustra&ccedil;&atilde;o sobre a comiss&atilde;o nacional da verdade e um fragmento do livro &ldquo;Magia e t&eacute;cnica, arte e pol&iacute;tica: ensaios sobre literatura e hist&oacute;ria da cultura&rdquo;, do escritor alem&atilde;o Walter Benjamin, para falar sobre experi&ecirc;ncias desumanizadoras do passado e como elas podem auxiliar na constru&ccedil;&atilde;o de um futuro menos opressor. O tema de reda&ccedil;&atilde;o da Uerj 2016 solicitou, portanto, aos estudantes, um posicionamento sobre o assunto e como ele pode contribuir para uma experi&ecirc;ncia mais democr&aacute;tica.<\/p><div data-wp-interactive=\"core\/file\" class=\"wp-block-file\"><object data-wp-bind--hidden=\"!state.hasPdfPreview\" hidden class=\"wp-block-file__embed\" data=\"https:\/\/vestibulares.estrategia.com\/portal\/wp-content\/uploads\/2024\/02\/2016-1.pdf\" type=\"application\/pdf\" style=\"width:100%;height:600px\" aria-label=\"Incorporado de 2016.\"><\/object><a id=\"wp-block-file--media-bf8e0634-e7d8-4c17-a8c4-6969c0b3986b\" rel=\"nofollow noopener noreferrer\" href=\"https:\/\/vestibulares.estrategia.com\/portal\/wp-content\/uploads\/2024\/02\/2016-1.pdf\" target=\"_blank\">2016<\/a><a rel=\"nofollow noopener noreferrer\" href=\"https:\/\/vestibulares.estrategia.com\/portal\/wp-content\/uploads\/2024\/02\/2016-1.pdf\" class=\"wp-block-file__button wp-element-button\" download aria-describedby=\"wp-block-file--media-bf8e0634-e7d8-4c17-a8c4-6969c0b3986b\" target=\"_blank\">Baixar<\/a><\/div><h2 class=\"wp-block-heading\" id=\"h-2015-e-preciso-levar-em-conta-a-leitura-de-literatura-para-avaliar-a-formacao-e-os-valores-de-uma-pessoa\"><span class=\"ez-toc-section\" id=\"2015-%E2%80%94-E-preciso-levar-em-conta-a-leitura-de-literatura-para-avaliar-a-formacao-e-os-valores-de-uma-pessoa\"><\/span>2015 &mdash; &Eacute; preciso levar em conta a leitura de literatura para avaliar a forma&ccedil;&atilde;o e os valores de uma pessoa<span class=\"ez-toc-section-end\"><\/span><\/h2><p>O argumento feito pelo psicanalista e escritor italiano Contardo Calligaris &eacute; o tema da reda&ccedil;&atilde;o da Uerj 2015. Foi solicitado aos estudantes um posicionamento acerca do ponto de vista defendido pelo intelectual no texto &ldquo;Qual romance voc&ecirc; est&aacute; lendo?&rdquo;, adaptado e exposto como texto base para a reda&ccedil;&atilde;o.<\/p><div data-wp-interactive=\"core\/file\" class=\"wp-block-file\"><object data-wp-bind--hidden=\"!state.hasPdfPreview\" hidden class=\"wp-block-file__embed\" data=\"https:\/\/vestibulares.estrategia.com\/portal\/wp-content\/uploads\/2024\/02\/2015.pdf\" type=\"application\/pdf\" style=\"width:100%;height:600px\" aria-label=\"Incorporado de 2015.\"><\/object><a id=\"wp-block-file--media-009854df-ed52-40fa-8b71-0ade0e0956e1\" rel=\"nofollow noopener noreferrer\" href=\"https:\/\/vestibulares.estrategia.com\/portal\/wp-content\/uploads\/2024\/02\/2015.pdf\" target=\"_blank\">2015<\/a><a rel=\"nofollow noopener noreferrer\" href=\"https:\/\/vestibulares.estrategia.com\/portal\/wp-content\/uploads\/2024\/02\/2015.pdf\" class=\"wp-block-file__button wp-element-button\" download aria-describedby=\"wp-block-file--media-009854df-ed52-40fa-8b71-0ade0e0956e1\" target=\"_blank\">Baixar<\/a><\/div><h2 class=\"wp-block-heading\" id=\"h-2014-a-necessidade-de-que-a-sociedade-conheca-e-debata-as-motivacoes-interesses-e-usos-das-pesquisas-cientificas\"><span class=\"ez-toc-section\" id=\"2014-%E2%80%94-A-necessidade-de-que-a-sociedade-conheca-e-debata-as-motivacoes-interesses-e-usos-das-pesquisas-cientificas\"><\/span>2014 &mdash; A necessidade de que a sociedade conhe&ccedil;a e debata as motiva&ccedil;&otilde;es, interesses e usos das pesquisas cient&iacute;ficas<span class=\"ez-toc-section-end\"><\/span><\/h2><p>Um trecho do artigo &ldquo;Ci&ecirc;ncia na educa&ccedil;&atilde;o popular&rdquo;, publicado por Ennio Candotti para o site da Casa da Ci&ecirc;ncia, da UFRJ, foi utilizado pela banca que formulou o tema de reda&ccedil;&atilde;o da Uerj 2014. A discuss&atilde;o levantada pelo texto trata sobre a divulga&ccedil;&atilde;o da ci&ecirc;ncia e como ela deveria ser feita, segundo o autor. A proposta de reda&ccedil;&atilde;o solicitou aos estudantes que discutissem o assunto e sua import&acirc;ncia para a sociedade.<\/p><div data-wp-interactive=\"core\/file\" class=\"wp-block-file\"><object data-wp-bind--hidden=\"!state.hasPdfPreview\" hidden class=\"wp-block-file__embed\" data=\"https:\/\/vestibulares.estrategia.com\/portal\/wp-content\/uploads\/2024\/02\/2014.pdf\" type=\"application\/pdf\" style=\"width:100%;height:600px\" aria-label=\"Incorporado de 2014.\"><\/object><a id=\"wp-block-file--media-70a59cf4-c310-483a-83eb-256161c2d280\" rel=\"nofollow noopener noreferrer\" href=\"https:\/\/vestibulares.estrategia.com\/portal\/wp-content\/uploads\/2024\/02\/2014.pdf\" target=\"_blank\">2014<\/a><a rel=\"nofollow noopener noreferrer\" href=\"https:\/\/vestibulares.estrategia.com\/portal\/wp-content\/uploads\/2024\/02\/2014.pdf\" class=\"wp-block-file__button wp-element-button\" download aria-describedby=\"wp-block-file--media-70a59cf4-c310-483a-83eb-256161c2d280\" target=\"_blank\">Baixar<\/a><\/div><h2 class=\"wp-block-heading\" id=\"h-2013-tempo-e-dinheiro-porque-deve-ser-empregado-em-produzir-riqueza-ou-nao-pode-ser-resumido-ao-dinheiro-porque-isso-e-uma-brutalidade\"><span class=\"ez-toc-section\" id=\"2013-%E2%80%94-Tempo-e-dinheiro-porque-deve-ser-empregado-em-produzir-riqueza-ou-nao-pode-ser-resumido-ao-dinheiro-porque-isso-e-uma-brutalidade\"><\/span>2013 &mdash; Tempo &eacute; dinheiro, porque deve ser empregado em produzir riqueza ou n&atilde;o pode ser resumido ao dinheiro, porque isso &eacute; uma brutalidade?<span class=\"ez-toc-section-end\"><\/span><\/h2><p>Em 2013, a discuss&atilde;o que rondou o tema de reda&ccedil;&atilde;o da Uerj foi o tempo, o dinheiro e como os dois conceitos se relacionam. De um lado, um trecho do estadunidense Benjamin Franklin, considerado um dos pais fundadores dos Estados Unidos, defende que tempo &eacute; dinheiro e que deve ser utilizado para produzir riqueza; do outro lado, um trecho de um artigo de autoria da psicanalista brasileira Maria Rita Kehl, defende que resumir o tempo ao dinheiro &eacute; uma brutalidade. Coube aos estudantes escolher uma das posi&ccedil;&otilde;es e defend&ecirc;-la em seu texto.<\/p><div data-wp-interactive=\"core\/file\" class=\"wp-block-file\"><object data-wp-bind--hidden=\"!state.hasPdfPreview\" hidden class=\"wp-block-file__embed\" data=\"https:\/\/vestibulares.estrategia.com\/portal\/wp-content\/uploads\/2024\/02\/2013.pdf\" type=\"application\/pdf\" style=\"width:100%;height:600px\" aria-label=\"Incorporado de 2013.\"><\/object><a id=\"wp-block-file--media-b8b272a9-2bf5-4974-9760-2fdef54998d0\" rel=\"nofollow noopener noreferrer\" href=\"https:\/\/vestibulares.estrategia.com\/portal\/wp-content\/uploads\/2024\/02\/2013.pdf\" target=\"_blank\">2013<\/a><a rel=\"nofollow noopener noreferrer\" href=\"https:\/\/vestibulares.estrategia.com\/portal\/wp-content\/uploads\/2024\/02\/2013.pdf\" class=\"wp-block-file__button wp-element-button\" download aria-describedby=\"wp-block-file--media-b8b272a9-2bf5-4974-9760-2fdef54998d0\" target=\"_blank\">Baixar<\/a><\/div><h2 class=\"wp-block-heading\"><span class=\"ez-toc-section\" id=\"Vestibular-Uerj-redacao-formato-atual\"><\/span>Vestibular Uerj: reda&ccedil;&atilde;o (formato atual)<span class=\"ez-toc-section-end\"><\/span><\/h2><p>A Uerj seleciona um livro para que os estudantes leiam e debatam em seus textos, algum assunto existente na obra. &Eacute; importante lembrar que n&atilde;o se trata de uma resenha ou resumo sobre a produ&ccedil;&atilde;o escolhida, o que pode levar o candidato a ter a prova zerada. A banca vai avaliar a capacidade de argumenta&ccedil;&atilde;o, articula&ccedil;&atilde;o de ideias a partir de recursos expositivos e persuasivos.<\/p><p>Trata-se portanto de uma disserta&ccedil;&atilde;o sobre o problema levantado a partir da obra, sendo de crucial import&acirc;ncia a leitura do livro e uma an&aacute;lise cr&iacute;tica do aspectos sociais, culturais e econ&ocirc;micos levantados pelo autor.<\/p><h2 class=\"wp-block-heading\" id=\"block-44150511-980e-4e4a-992b-f4e7898de3d3\"><span class=\"ez-toc-section\" id=\"Como-estudar-para-a-Uerj\"><\/span>Como estudar para a Uerj?<span class=\"ez-toc-section-end\"><\/span><\/h2><p id=\"block-81971608-df49-4198-b481-1c14f735d035\">Se voc&ecirc; quer focar nos estudos e garantir uma vaga na&nbsp;<strong>Uerj,&nbsp;<\/strong>o Estrat&eacute;gia Vestibulares pode te ajudar!<\/p><p id=\"block-3e93e761-7c22-4d6f-8e7e-0cd8afd7a4a3\">Al&eacute;m de&nbsp;<strong>oferecer diariamente aulas gratuitas no&nbsp;<a href=\"https:\/\/www.youtube.com\/channel\/UCGWdZy8ULI-7_5GrABa4vNA\" target=\"_blank\">YouTube<\/a><\/strong>&nbsp;sobre todas as mat&eacute;rias que caem no vestibular da Universidade do Estado do Rio de Janeiro, para aqueles que querem investir nos estudos, a plataforma tamb&eacute;m oferece um curso preparat&oacute;rio exclusivo sobre a Uerj, com professores especialistas na prova e com diversos benef&iacute;cios. D&aacute; s&oacute; uma olhada:&nbsp;<\/p><ul class=\"wp-block-list\" id=\"block-87838c4b-aeb6-4565-9c0d-edf714fb4481\">\n<li>Curso com livros digitais;<\/li>\n\n\n\n<li>Corre&ccedil;&atilde;o ilimitada de&nbsp;<a href=\"https:\/\/vestibulares.estrategia.com\/portal\/redacao\/enem-redacao\/\" target=\"_blank\">reda&ccedil;&otilde;es<\/a>;<\/li>\n\n\n\n<li>F&oacute;rum de d&uacute;vidas;<\/li>\n\n\n\n<li><a href=\"https:\/\/vestibulares.estrategia.com\/portal\/simulado\/simulado-enem\/\" target=\"_blank\">Simulados<\/a>&nbsp;com quest&otilde;es in&eacute;ditas;<\/li>\n\n\n\n<li>Quest&otilde;es comentadas;<\/li>\n\n\n\n<li>Mapas mentais; e<\/li>\n\n\n\n<li>Entre muitas outras vantagens.<\/li>\n<\/ul><p id=\"block-a713b34c-8c27-480d-bda1-addf7592acd7\">Ficou interessado? Ent&atilde;o, clique no bot&atilde;o e veja tudo sobre os cursos oferecidos pelo Estrat&eacute;gia Vestibulares!<\/p><p>\n\n\n\n<a id=\"cta\" class=\"cta-imagem\" href=\"https:\/\/vestibulares.estrategia.com\/curso\/pacote-para-uerj\/\" target=\"blank\">\n                <img decoding=\"async\" width=\"100%\" src=\"https:\/\/vestibulares.estrategia.com\/portal\/wp-content\/uploads\/2021\/07\/UERJ.jpg\" alt=\"CTA Curso UERJ\" title=\"CTA Curso UERJ\">\n        <\/a>\n\n\n<\/p><\/p>\n","protected":false},"excerpt":{"rendered":"Reunimos os temas de reda\u00e7\u00e3o do vestibular da Uerj dos \u00faltimos anos para voc\u00ea conhecer e explorar as possibilidades e caracter\u00edsticas da prova\n","protected":false},"author":43,"featured_media":112900,"comment_status":"closed","ping_status":"closed","sticky":false,"template":"","format":"standard","meta":{"wl_entities_gutenberg":"","footnotes":""},"categories":[2],"tags":[],"wl_entity_type":[732],"class_list":{"0":"post-112881","1":"post","2":"type-post","3":"status-publish","4":"format-standard","5":"has-post-thumbnail","7":"category-redacao","8":"wl_entity_type-article"},"acf":[],"yoast_head":"<!-- This site is optimized with the Yoast SEO Premium plugin v25.9 (Yoast SEO v25.9) - https:\/\/yoast.com\/wordpress\/plugins\/seo\/ -->\n<title>Temas de reda\u00e7\u00e3o do vestibular da Uerj nos \u00faltimos anos<\/title>\n<meta name=\"description\" content=\"Reunimos os temas de reda\u00e7\u00e3o do vestibular da Uerj dos \u00faltimos anos para voc\u00ea explorar as possibilidades e caracter\u00edsticas da prova. Veja!\" \/>\n<meta name=\"robots\" content=\"index, follow, max-snippet:-1, max-image-preview:large, max-video-preview:-1\" \/>\n<link rel=\"canonical\" href=\"https:\/\/vestibulares.estrategia.com\/portal\/materias\/redacao\/temas-de-redacao-do-vestibular-da-uerj-nos-ultimos-anos\/\" \/>\n<meta property=\"og:locale\" content=\"pt_BR\" \/>\n<meta property=\"og:type\" content=\"article\" \/>\n<meta property=\"og:title\" content=\"Temas de reda\u00e7\u00e3o do vestibular da Uerj nos \u00faltimos anos\" \/>\n<meta property=\"og:description\" content=\"Reunimos os temas de reda\u00e7\u00e3o do vestibular da Uerj dos \u00faltimos anos para voc\u00ea explorar as possibilidades e caracter\u00edsticas da prova. Veja!\" \/>\n<meta property=\"og:url\" content=\"https:\/\/vestibulares.estrategia.com\/portal\/materias\/redacao\/temas-de-redacao-do-vestibular-da-uerj-nos-ultimos-anos\/\" \/>\n<meta property=\"og:site_name\" content=\"Estrat\u00e9gia Vestibulares\" \/>\n<meta property=\"article:publisher\" content=\"https:\/\/facebook.com\/estrategiavestibulares\" \/>\n<meta property=\"article:published_time\" content=\"2024-02-20T22:21:50+00:00\" \/>\n<meta property=\"article:modified_time\" content=\"2024-12-01T19:55:14+00:00\" \/>\n<meta property=\"og:image\" content=\"https:\/\/vestibulares.estrategia.com\/portal\/wp-content\/uploads\/2024\/02\/cropped-UERJ_Fachada.jpg\" \/>\n\t<meta property=\"og:image:width\" content=\"1620\" \/>\n\t<meta property=\"og:image:height\" content=\"1080\" \/>\n\t<meta property=\"og:image:type\" content=\"image\/jpeg\" \/>\n<meta name=\"author\" content=\"Leonardo Del Sant\" \/>\n<meta name=\"twitter:card\" content=\"summary_large_image\" \/>\n<meta name=\"twitter:creator\" content=\"@Estrategiavest\" \/>\n<meta name=\"twitter:site\" content=\"@Estrategiavest\" \/>\n<meta name=\"twitter:label1\" content=\"Escrito por\" \/>\n\t<meta name=\"twitter:data1\" content=\"Leonardo Del Sant\" \/>\n\t<meta name=\"twitter:label2\" content=\"Est. tempo de leitura\" \/>\n\t<meta name=\"twitter:data2\" content=\"8 minutos\" \/>\n<script type=\"application\/ld+json\" class=\"yoast-schema-graph\">{\"@context\":\"https:\/\/schema.org\",\"@graph\":[{\"@type\":\"Article\",\"@id\":\"https:\/\/vestibulares.estrategia.com\/portal\/materias\/redacao\/temas-de-redacao-do-vestibular-da-uerj-nos-ultimos-anos\/#article\",\"isPartOf\":{\"@id\":\"https:\/\/vestibulares.estrategia.com\/portal\/materias\/redacao\/temas-de-redacao-do-vestibular-da-uerj-nos-ultimos-anos\/\"},\"author\":{\"name\":\"Leonardo Del Sant\",\"@id\":\"https:\/\/vestibulares.estrategia.com\/portal\/#\/schema\/person\/95532619fccae669187ec84703047908\"},\"headline\":\"Temas de reda\u00e7\u00e3o do vestibular da Uerj nos \u00faltimos anos\",\"datePublished\":\"2024-02-20T22:21:50+00:00\",\"dateModified\":\"2024-12-01T19:55:14+00:00\",\"mainEntityOfPage\":{\"@id\":\"https:\/\/vestibulares.estrategia.com\/portal\/materias\/redacao\/temas-de-redacao-do-vestibular-da-uerj-nos-ultimos-anos\/\"},\"wordCount\":1610,\"publisher\":{\"@id\":\"https:\/\/vestibulares.estrategia.com\/portal\/#organization\"},\"image\":{\"@id\":\"https:\/\/vestibulares.estrategia.com\/portal\/materias\/redacao\/temas-de-redacao-do-vestibular-da-uerj-nos-ultimos-anos\/#primaryimage\"},\"thumbnailUrl\":\"https:\/\/vestibulares.estrategia.com\/portal\/wp-content\/uploads\/2024\/02\/cropped-UERJ_Fachada.jpg\",\"articleSection\":[\"Reda\u00e7\u00e3o\"],\"inLanguage\":\"pt-BR\"},{\"@type\":\"WebPage\",\"@id\":\"https:\/\/vestibulares.estrategia.com\/portal\/materias\/redacao\/temas-de-redacao-do-vestibular-da-uerj-nos-ultimos-anos\/\",\"url\":\"https:\/\/vestibulares.estrategia.com\/portal\/materias\/redacao\/temas-de-redacao-do-vestibular-da-uerj-nos-ultimos-anos\/\",\"name\":\"Temas de reda\u00e7\u00e3o do vestibular da Uerj nos \u00faltimos anos\",\"isPartOf\":{\"@id\":\"https:\/\/vestibulares.estrategia.com\/portal\/#website\"},\"primaryImageOfPage\":{\"@id\":\"https:\/\/vestibulares.estrategia.com\/portal\/materias\/redacao\/temas-de-redacao-do-vestibular-da-uerj-nos-ultimos-anos\/#primaryimage\"},\"image\":{\"@id\":\"https:\/\/vestibulares.estrategia.com\/portal\/materias\/redacao\/temas-de-redacao-do-vestibular-da-uerj-nos-ultimos-anos\/#primaryimage\"},\"thumbnailUrl\":\"https:\/\/vestibulares.estrategia.com\/portal\/wp-content\/uploads\/2024\/02\/cropped-UERJ_Fachada.jpg\",\"datePublished\":\"2024-02-20T22:21:50+00:00\",\"dateModified\":\"2024-12-01T19:55:14+00:00\",\"description\":\"Reunimos os temas de reda\u00e7\u00e3o do vestibular da Uerj dos \u00faltimos anos para voc\u00ea explorar as possibilidades e caracter\u00edsticas da prova. Veja!\",\"breadcrumb\":{\"@id\":\"https:\/\/vestibulares.estrategia.com\/portal\/materias\/redacao\/temas-de-redacao-do-vestibular-da-uerj-nos-ultimos-anos\/#breadcrumb\"},\"inLanguage\":\"pt-BR\",\"potentialAction\":[{\"@type\":\"ReadAction\",\"target\":[\"https:\/\/vestibulares.estrategia.com\/portal\/materias\/redacao\/temas-de-redacao-do-vestibular-da-uerj-nos-ultimos-anos\/\"]}]},{\"@type\":\"ImageObject\",\"inLanguage\":\"pt-BR\",\"@id\":\"https:\/\/vestibulares.estrategia.com\/portal\/materias\/redacao\/temas-de-redacao-do-vestibular-da-uerj-nos-ultimos-anos\/#primaryimage\",\"url\":\"https:\/\/vestibulares.estrategia.com\/portal\/wp-content\/uploads\/2024\/02\/cropped-UERJ_Fachada.jpg\",\"contentUrl\":\"https:\/\/vestibulares.estrategia.com\/portal\/wp-content\/uploads\/2024\/02\/cropped-UERJ_Fachada.jpg\",\"width\":1620,\"height\":1080,\"caption\":\"temas-de-reda\u00e7\u00e3o-uerj-\u00faltimos-anos-vestibular\"},{\"@type\":\"BreadcrumbList\",\"@id\":\"https:\/\/vestibulares.estrategia.com\/portal\/materias\/redacao\/temas-de-redacao-do-vestibular-da-uerj-nos-ultimos-anos\/#breadcrumb\",\"itemListElement\":[{\"@type\":\"ListItem\",\"position\":1,\"name\":\"Home\",\"item\":\"https:\/\/vestibulares.estrategia.com\/portal\/\"},{\"@type\":\"ListItem\",\"position\":2,\"name\":\"Mat\u00e9rias\",\"item\":\"https:\/\/vestibulares.estrategia.com\/portal\/materias\/\"},{\"@type\":\"ListItem\",\"position\":3,\"name\":\"Reda\u00e7\u00e3o\",\"item\":\"https:\/\/vestibulares.estrategia.com\/portal\/materias\/redacao\/\"},{\"@type\":\"ListItem\",\"position\":4,\"name\":\"Temas de reda\u00e7\u00e3o do vestibular da Uerj nos \u00faltimos anos\"}]},{\"@type\":\"WebSite\",\"@id\":\"https:\/\/vestibulares.estrategia.com\/portal\/#website\",\"url\":\"https:\/\/vestibulares.estrategia.com\/portal\/\",\"name\":\"Estrat\u00e9gia Vestibulares\",\"description\":\"\",\"publisher\":{\"@id\":\"https:\/\/vestibulares.estrategia.com\/portal\/#organization\"},\"potentialAction\":[{\"@type\":\"SearchAction\",\"target\":{\"@type\":\"EntryPoint\",\"urlTemplate\":\"https:\/\/vestibulares.estrategia.com\/portal\/?s={search_term_string}\"},\"query-input\":{\"@type\":\"PropertyValueSpecification\",\"valueRequired\":true,\"valueName\":\"search_term_string\"}}],\"inLanguage\":\"pt-BR\"},{\"@type\":\"Organization\",\"@id\":\"https:\/\/vestibulares.estrategia.com\/portal\/#organization\",\"name\":\"Estrat\u00e9gia Vestibulares\",\"url\":\"https:\/\/vestibulares.estrategia.com\/portal\/\",\"logo\":{\"@type\":\"ImageObject\",\"inLanguage\":\"pt-BR\",\"@id\":\"https:\/\/vestibulares.estrategia.com\/portal\/#\/schema\/logo\/image\/\",\"url\":\"https:\/\/vestibulares.estrategia.com\/portal\/wp-content\/uploads\/2021\/06\/Logo-Vestibulares@4x.png\",\"contentUrl\":\"https:\/\/vestibulares.estrategia.com\/portal\/wp-content\/uploads\/2021\/06\/Logo-Vestibulares@4x.png\",\"width\":250,\"height\":66,\"caption\":\"Estrat\u00e9gia Vestibulares\"},\"image\":{\"@id\":\"https:\/\/vestibulares.estrategia.com\/portal\/#\/schema\/logo\/image\/\"},\"sameAs\":[\"https:\/\/facebook.com\/estrategiavestibulares\",\"https:\/\/x.com\/Estrategiavest\",\"https:\/\/www.instagram.com\/estrategiavestibulares\",\"https:\/\/www.youtube.com\/channel\/UCGWdZy8ULI-7_5GrABa4vNA\"]},{\"@type\":\"Person\",\"@id\":\"https:\/\/vestibulares.estrategia.com\/portal\/#\/schema\/person\/95532619fccae669187ec84703047908\",\"name\":\"Leonardo Del Sant\",\"image\":{\"@type\":\"ImageObject\",\"inLanguage\":\"pt-BR\",\"@id\":\"https:\/\/vestibulares.estrategia.com\/portal\/#\/schema\/person\/image\/\",\"url\":\"https:\/\/vestibulares.estrategia.com\/portal\/wp-content\/uploads\/2026\/02\/1000082484-150x150.jpeg\",\"contentUrl\":\"https:\/\/vestibulares.estrategia.com\/portal\/wp-content\/uploads\/2026\/02\/1000082484-150x150.jpeg\",\"caption\":\"Leonardo Del Sant\"},\"description\":\"Coordenador de Jornalismo do Estrat\u00e9gia Vestibulares. Trabalhou com escrita para SEO em sites das \u00e1reas de economia, varejo, sa\u00fade, tecnologia e alimenta\u00e7\u00e3o. Formado em jornalismo pela Unesp\/Bauru.\",\"url\":\"https:\/\/vestibulares.estrategia.com\/portal\/author\/leonardo-del-sant\/\"}]}<\/script>\n<!-- \/ Yoast SEO Premium plugin. -->","yoast_head_json":{"title":"Temas de reda\u00e7\u00e3o do vestibular da Uerj nos \u00faltimos anos","description":"Reunimos os temas de reda\u00e7\u00e3o do vestibular da Uerj dos \u00faltimos anos para voc\u00ea explorar as possibilidades e caracter\u00edsticas da prova. Veja!","robots":{"index":"index","follow":"follow","max-snippet":"max-snippet:-1","max-image-preview":"max-image-preview:large","max-video-preview":"max-video-preview:-1"},"canonical":"https:\/\/vestibulares.estrategia.com\/portal\/materias\/redacao\/temas-de-redacao-do-vestibular-da-uerj-nos-ultimos-anos\/","og_locale":"pt_BR","og_type":"article","og_title":"Temas de reda\u00e7\u00e3o do vestibular da Uerj nos \u00faltimos anos","og_description":"Reunimos os temas de reda\u00e7\u00e3o do vestibular da Uerj dos \u00faltimos anos para voc\u00ea explorar as possibilidades e caracter\u00edsticas da prova. Veja!","og_url":"https:\/\/vestibulares.estrategia.com\/portal\/materias\/redacao\/temas-de-redacao-do-vestibular-da-uerj-nos-ultimos-anos\/","og_site_name":"Estrat\u00e9gia Vestibulares","article_publisher":"https:\/\/facebook.com\/estrategiavestibulares","article_published_time":"2024-02-20T22:21:50+00:00","article_modified_time":"2024-12-01T19:55:14+00:00","og_image":[{"width":1620,"height":1080,"url":"https:\/\/vestibulares.estrategia.com\/portal\/wp-content\/uploads\/2024\/02\/cropped-UERJ_Fachada.jpg","type":"image\/jpeg"}],"author":"Leonardo Del Sant","twitter_card":"summary_large_image","twitter_creator":"@Estrategiavest","twitter_site":"@Estrategiavest","twitter_misc":{"Escrito por":"Leonardo Del Sant","Est. tempo de leitura":"8 minutos"},"schema":{"@context":"https:\/\/schema.org","@graph":[{"@type":"Article","@id":"https:\/\/vestibulares.estrategia.com\/portal\/materias\/redacao\/temas-de-redacao-do-vestibular-da-uerj-nos-ultimos-anos\/#article","isPartOf":{"@id":"https:\/\/vestibulares.estrategia.com\/portal\/materias\/redacao\/temas-de-redacao-do-vestibular-da-uerj-nos-ultimos-anos\/"},"author":{"name":"Leonardo Del Sant","@id":"https:\/\/vestibulares.estrategia.com\/portal\/#\/schema\/person\/95532619fccae669187ec84703047908"},"headline":"Temas de reda\u00e7\u00e3o do vestibular da Uerj nos \u00faltimos anos","datePublished":"2024-02-20T22:21:50+00:00","dateModified":"2024-12-01T19:55:14+00:00","mainEntityOfPage":{"@id":"https:\/\/vestibulares.estrategia.com\/portal\/materias\/redacao\/temas-de-redacao-do-vestibular-da-uerj-nos-ultimos-anos\/"},"wordCount":1610,"publisher":{"@id":"https:\/\/vestibulares.estrategia.com\/portal\/#organization"},"image":{"@id":"https:\/\/vestibulares.estrategia.com\/portal\/materias\/redacao\/temas-de-redacao-do-vestibular-da-uerj-nos-ultimos-anos\/#primaryimage"},"thumbnailUrl":"https:\/\/vestibulares.estrategia.com\/portal\/wp-content\/uploads\/2024\/02\/cropped-UERJ_Fachada.jpg","articleSection":["Reda\u00e7\u00e3o"],"inLanguage":"pt-BR"},{"@type":"WebPage","@id":"https:\/\/vestibulares.estrategia.com\/portal\/materias\/redacao\/temas-de-redacao-do-vestibular-da-uerj-nos-ultimos-anos\/","url":"https:\/\/vestibulares.estrategia.com\/portal\/materias\/redacao\/temas-de-redacao-do-vestibular-da-uerj-nos-ultimos-anos\/","name":"Temas de reda\u00e7\u00e3o do vestibular da Uerj nos \u00faltimos anos","isPartOf":{"@id":"https:\/\/vestibulares.estrategia.com\/portal\/#website"},"primaryImageOfPage":{"@id":"https:\/\/vestibulares.estrategia.com\/portal\/materias\/redacao\/temas-de-redacao-do-vestibular-da-uerj-nos-ultimos-anos\/#primaryimage"},"image":{"@id":"https:\/\/vestibulares.estrategia.com\/portal\/materias\/redacao\/temas-de-redacao-do-vestibular-da-uerj-nos-ultimos-anos\/#primaryimage"},"thumbnailUrl":"https:\/\/vestibulares.estrategia.com\/portal\/wp-content\/uploads\/2024\/02\/cropped-UERJ_Fachada.jpg","datePublished":"2024-02-20T22:21:50+00:00","dateModified":"2024-12-01T19:55:14+00:00","description":"Reunimos os temas de reda\u00e7\u00e3o do vestibular da Uerj dos \u00faltimos anos para voc\u00ea explorar as possibilidades e caracter\u00edsticas da prova. Veja!","breadcrumb":{"@id":"https:\/\/vestibulares.estrategia.com\/portal\/materias\/redacao\/temas-de-redacao-do-vestibular-da-uerj-nos-ultimos-anos\/#breadcrumb"},"inLanguage":"pt-BR","potentialAction":[{"@type":"ReadAction","target":["https:\/\/vestibulares.estrategia.com\/portal\/materias\/redacao\/temas-de-redacao-do-vestibular-da-uerj-nos-ultimos-anos\/"]}]},{"@type":"ImageObject","inLanguage":"pt-BR","@id":"https:\/\/vestibulares.estrategia.com\/portal\/materias\/redacao\/temas-de-redacao-do-vestibular-da-uerj-nos-ultimos-anos\/#primaryimage","url":"https:\/\/vestibulares.estrategia.com\/portal\/wp-content\/uploads\/2024\/02\/cropped-UERJ_Fachada.jpg","contentUrl":"https:\/\/vestibulares.estrategia.com\/portal\/wp-content\/uploads\/2024\/02\/cropped-UERJ_Fachada.jpg","width":1620,"height":1080,"caption":"temas-de-reda\u00e7\u00e3o-uerj-\u00faltimos-anos-vestibular"},{"@type":"BreadcrumbList","@id":"https:\/\/vestibulares.estrategia.com\/portal\/materias\/redacao\/temas-de-redacao-do-vestibular-da-uerj-nos-ultimos-anos\/#breadcrumb","itemListElement":[{"@type":"ListItem","position":1,"name":"Home","item":"https:\/\/vestibulares.estrategia.com\/portal\/"},{"@type":"ListItem","position":2,"name":"Mat\u00e9rias","item":"https:\/\/vestibulares.estrategia.com\/portal\/materias\/"},{"@type":"ListItem","position":3,"name":"Reda\u00e7\u00e3o","item":"https:\/\/vestibulares.estrategia.com\/portal\/materias\/redacao\/"},{"@type":"ListItem","position":4,"name":"Temas de reda\u00e7\u00e3o do vestibular da Uerj nos \u00faltimos anos"}]},{"@type":"WebSite","@id":"https:\/\/vestibulares.estrategia.com\/portal\/#website","url":"https:\/\/vestibulares.estrategia.com\/portal\/","name":"Estrat\u00e9gia Vestibulares","description":"","publisher":{"@id":"https:\/\/vestibulares.estrategia.com\/portal\/#organization"},"potentialAction":[{"@type":"SearchAction","target":{"@type":"EntryPoint","urlTemplate":"https:\/\/vestibulares.estrategia.com\/portal\/?s={search_term_string}"},"query-input":{"@type":"PropertyValueSpecification","valueRequired":true,"valueName":"search_term_string"}}],"inLanguage":"pt-BR"},{"@type":"Organization","@id":"https:\/\/vestibulares.estrategia.com\/portal\/#organization","name":"Estrat\u00e9gia Vestibulares","url":"https:\/\/vestibulares.estrategia.com\/portal\/","logo":{"@type":"ImageObject","inLanguage":"pt-BR","@id":"https:\/\/vestibulares.estrategia.com\/portal\/#\/schema\/logo\/image\/","url":"https:\/\/vestibulares.estrategia.com\/portal\/wp-content\/uploads\/2021\/06\/Logo-Vestibulares@4x.png","contentUrl":"https:\/\/vestibulares.estrategia.com\/portal\/wp-content\/uploads\/2021\/06\/Logo-Vestibulares@4x.png","width":250,"height":66,"caption":"Estrat\u00e9gia Vestibulares"},"image":{"@id":"https:\/\/vestibulares.estrategia.com\/portal\/#\/schema\/logo\/image\/"},"sameAs":["https:\/\/facebook.com\/estrategiavestibulares","https:\/\/x.com\/Estrategiavest","https:\/\/www.instagram.com\/estrategiavestibulares","https:\/\/www.youtube.com\/channel\/UCGWdZy8ULI-7_5GrABa4vNA"]},{"@type":"Person","@id":"https:\/\/vestibulares.estrategia.com\/portal\/#\/schema\/person\/95532619fccae669187ec84703047908","name":"Leonardo Del Sant","image":{"@type":"ImageObject","inLanguage":"pt-BR","@id":"https:\/\/vestibulares.estrategia.com\/portal\/#\/schema\/person\/image\/","url":"https:\/\/vestibulares.estrategia.com\/portal\/wp-content\/uploads\/2026\/02\/1000082484-150x150.jpeg","contentUrl":"https:\/\/vestibulares.estrategia.com\/portal\/wp-content\/uploads\/2026\/02\/1000082484-150x150.jpeg","caption":"Leonardo Del Sant"},"description":"Coordenador de Jornalismo do Estrat\u00e9gia Vestibulares. Trabalhou com escrita para SEO em sites das \u00e1reas de economia, varejo, sa\u00fade, tecnologia e alimenta\u00e7\u00e3o. Formado em jornalismo pela Unesp\/Bauru.","url":"https:\/\/vestibulares.estrategia.com\/portal\/author\/leonardo-del-sant\/"}]}},"_wl_alt_label":[],"wl:entity_url":"https:\/\/data.wordlift.io\/wl110249\/post\/temas-de-redacao-do-vestibular-da-uerj-nos-ultimos-anos","_links":{"self":[{"href":"https:\/\/vestibulares.estrategia.com\/portal\/wp-json\/wp\/v2\/posts\/112881","targetHints":{"allow":["GET"]}}],"collection":[{"href":"https:\/\/vestibulares.estrategia.com\/portal\/wp-json\/wp\/v2\/posts"}],"about":[{"href":"https:\/\/vestibulares.estrategia.com\/portal\/wp-json\/wp\/v2\/types\/post"}],"author":[{"embeddable":true,"href":"https:\/\/vestibulares.estrategia.com\/portal\/wp-json\/wp\/v2\/users\/43"}],"replies":[{"embeddable":true,"href":"https:\/\/vestibulares.estrategia.com\/portal\/wp-json\/wp\/v2\/comments?post=112881"}],"version-history":[{"count":5,"href":"https:\/\/vestibulares.estrategia.com\/portal\/wp-json\/wp\/v2\/posts\/112881\/revisions"}],"predecessor-version":[{"id":131375,"href":"https:\/\/vestibulares.estrategia.com\/portal\/wp-json\/wp\/v2\/posts\/112881\/revisions\/131375"}],"wp:featuredmedia":[{"embeddable":true,"href":"https:\/\/vestibulares.estrategia.com\/portal\/wp-json\/wp\/v2\/media\/112900"}],"wp:attachment":[{"href":"https:\/\/vestibulares.estrategia.com\/portal\/wp-json\/wp\/v2\/media?parent=112881"}],"wp:term":[{"taxonomy":"category","embeddable":true,"href":"https:\/\/vestibulares.estrategia.com\/portal\/wp-json\/wp\/v2\/categories?post=112881"},{"taxonomy":"post_tag","embeddable":true,"href":"https:\/\/vestibulares.estrategia.com\/portal\/wp-json\/wp\/v2\/tags?post=112881"},{"taxonomy":"wl_entity_type","embeddable":true,"href":"https:\/\/vestibulares.estrategia.com\/portal\/wp-json\/wp\/v2\/wl_entity_type?post=112881"}],"curies":[{"name":"wp","href":"https:\/\/api.w.org\/{rel}","templated":true}]}}