{"id":113706,"date":"2024-03-07T08:23:13","date_gmt":"2024-03-07T11:23:13","guid":{"rendered":"https:\/\/vestibulares.estrategia.com\/portal\/?p=113706"},"modified":"2024-03-07T12:07:59","modified_gmt":"2024-03-07T15:07:59","slug":"edital-fies-2024-1-na-integra","status":"publish","type":"post","link":"https:\/\/vestibulares.estrategia.com\/portal\/enem-e-vestibulares\/fies\/edital-fies-2024-1-na-integra\/","title":{"rendered":"Edital Fies 2024\/1 na \u00edntegra: datas, inscri\u00e7\u00f5es, vagas, resultado e mais"},"content":{"rendered":"<p>O Minist&eacute;rio da Educa&ccedil;&atilde;o (MEC) divulgou nesta quinta-feira (07) o edital do <a href=\"https:\/\/vestibulares.estrategia.com\/portal\/guias\/fies\/\" target=\"_blank\">Fies<\/a> 2024\/1, programa de financiamento estudantil do governo federal. Veja as informa&ccedil;&otilde;es mais importantes da sele&ccedil;&atilde;o:<p>\n\n\n\n<div id=\"new-form\">\n\t<form id=\"forms_layout\">\n\t<input type=\"hidden\" id=\"chave_de\" name=\"chave_de\" value=\"01_EVEST_LEADS_TOTAIS\" \/>\n\t\t<input type=\"hidden\" id=\"mid\" name=\"mid\" value=\"515008983\" \/>\n\t\t<input type=\"hidden\" id=\"Objetivo\" name=\"Objetivo\" value=\"Vestibulares\" \/>\n\t\t<input type=\"hidden\" id=\"Estado_de_Origem_do_IP\" name=\"Estado_de_Origem_do_IP\"  value=\"\" \/>\n\t\t<input type=\"hidden\" id=\"Cidade_de_Origem_do_IP\" name=\"Cidade_de_Origem_do_IP\" value=\"\" \/>\n\t\t<input type=\"hidden\" id=\"Modo_de_entrada\" name=\"Modo_de_entrada\" value=\"Portal\" \/>\n\t\t<input type=\"hidden\" id=\"Pagina_Origem\" name=\"Pagina_Origem\" value=\"\" \/>\n\n\t\t<div class=\"texto\">\n\t\t\t<h3 class=\"news\">Inscreva-se em nossa newsletter\ud83e\udd89<\/h3>\n\t\t\t<p>Receba dicas de estudo gratuitas e saiba em primeira m\u00e3o as novidades sobre o Enem, Sisu, Encceja, Fuvest e outros vestibulares!<\/p>\n\t\t<\/div>\n\t\t<div class=\"campos\">\n\t\t\t<div class=\"first_name labels\">\n\t\t\t\t<input type=\"text\" class=\"input_labels\" id=\"first_name\" name=\"Nome_Completo\" placeholder=\"Nome\" required \/>\n\t\t\t<\/div>\n\t\t\t<div class=\"email labels\">\n\t\t\t\t<input type=\"email\" class=\"input_labels\" id=\"email\" name=\"Email\" placeholder=\"E-mail\" required \/>\n\t\t\t<\/div>\n\t\t\t<button type=\"submit\" class=\"button_layout\">\n\t\t\t\t<div id=\"lblBotao\">Inscreva-se<\/div>\n\t\t\t\t<span id=\"divSpiner\" class=\"loader\" role=\"status\" style=\"display: none;\"><\/span>\t\n\t\t\t<\/button>\n\t\t<\/div><!-- \/campos -->\n\t\t\n\t\t<label class=\"container_checkbox\">Voc\u00ea concorda com a nossa\n\t\t\t<a class=\"politics_privacy_ahref\" target=\"_blank\" href=\"https:\/\/gratis.estrategiaconcursos.com.br\/politica-de-privacidade\/\">Pol\u00edtica de Privacidade<\/a> e aceita receber informa\u00e7\u00f5es adicionais do Estrat\u00e9gia Educacional.\n\t\t\t<input id=\"checkbox_layout\" type=\"checkbox\" checked=\"checked\" required \/>\n\t\t\t<span class=\"checkbox\"><\/span>\n\t\t<\/label>\n\t\t<div id=\"msg\"><\/div>\n\t\t<div id=\"error\" class=\"error\">\n\t\t<\/div>\n\t<\/form>\n<\/div><!-- \/new-form -->\n\n\n\n<\/p><div id=\"ez-toc-container\" class=\"ez-toc-v2_0_76 counter-hierarchy ez-toc-counter ez-toc-transparent ez-toc-container-direction\">\n<div class=\"ez-toc-title-container\"><p class=\"ez-toc-title\" style=\"cursor:inherit\">Navegue pelo conte\u00fado<\/p>\n<\/div><nav><ul class='ez-toc-list ez-toc-list-level-1 ' ><li class='ez-toc-page-1 ez-toc-heading-level-2'><a class=\"ez-toc-link ez-toc-heading-1\" href=\"https:\/\/vestibulares.estrategia.com\/portal\/enem-e-vestibulares\/fies\/edital-fies-2024-1-na-integra\/#Quais-sao-os-pre-requisitos-para-participar-do-Fies-20241\" >Quais s&atilde;o os pr&eacute;-requisitos para participar do Fies 2024\/1?<\/a><\/li><li class='ez-toc-page-1 ez-toc-heading-level-2'><a class=\"ez-toc-link ez-toc-heading-2\" href=\"https:\/\/vestibulares.estrategia.com\/portal\/enem-e-vestibulares\/fies\/edital-fies-2024-1-na-integra\/#Quando-comecam-as-inscricoes-do-Fies\" >Quando come&ccedil;am as inscri&ccedil;&otilde;es do Fies?<\/a><\/li><li class='ez-toc-page-1 ez-toc-heading-level-2'><a class=\"ez-toc-link ez-toc-heading-3\" href=\"https:\/\/vestibulares.estrategia.com\/portal\/enem-e-vestibulares\/fies\/edital-fies-2024-1-na-integra\/#Quando-sai-o-resultado-do-Fies-20241\" >Quando sai o resultado do Fies 2024\/1?<\/a><\/li><li class='ez-toc-page-1 ez-toc-heading-level-2'><a class=\"ez-toc-link ez-toc-heading-4\" href=\"https:\/\/vestibulares.estrategia.com\/portal\/enem-e-vestibulares\/fies\/edital-fies-2024-1-na-integra\/#Calendario-Fies-20241\" >Calend&aacute;rio Fies 2024\/1<\/a><\/li><li class='ez-toc-page-1 ez-toc-heading-level-2'><a class=\"ez-toc-link ez-toc-heading-5\" href=\"https:\/\/vestibulares.estrategia.com\/portal\/enem-e-vestibulares\/fies\/edital-fies-2024-1-na-integra\/#Edital-Fies-20241-na-integra\" >Edital Fies 2024\/1 na &iacute;ntegra<\/a><\/li><li class='ez-toc-page-1 ez-toc-heading-level-2'><a class=\"ez-toc-link ez-toc-heading-6\" href=\"https:\/\/vestibulares.estrategia.com\/portal\/enem-e-vestibulares\/fies\/edital-fies-2024-1-na-integra\/#1-DAS-DISPOSICOES-GERAIS\" >1. DAS DISPOSI&Ccedil;&Otilde;ES GERAIS<\/a><\/li><li class='ez-toc-page-1 ez-toc-heading-level-2'><a class=\"ez-toc-link ez-toc-heading-7\" href=\"https:\/\/vestibulares.estrategia.com\/portal\/enem-e-vestibulares\/fies\/edital-fies-2024-1-na-integra\/#2-DA-INSCRICAO-DOS-CANDIDATOS\" >2. DA INSCRI&Ccedil;&Atilde;O DOS CANDIDATOS<\/a><\/li><li class='ez-toc-page-1 ez-toc-heading-level-2'><a class=\"ez-toc-link ez-toc-heading-8\" href=\"https:\/\/vestibulares.estrategia.com\/portal\/enem-e-vestibulares\/fies\/edital-fies-2024-1-na-integra\/#3-DA-CLASSIFICACAO\" >3. DA CLASSIFICA&Ccedil;&Atilde;O<\/a><\/li><li class='ez-toc-page-1 ez-toc-heading-level-2'><a class=\"ez-toc-link ez-toc-heading-9\" href=\"https:\/\/vestibulares.estrategia.com\/portal\/enem-e-vestibulares\/fies\/edital-fies-2024-1-na-integra\/#4-DA-DIVULGACAO-DO-RESULTADO-%E2%80%93-PRE-SELECAO\" >4. DA DIVULGA&Ccedil;&Atilde;O DO RESULTADO &ndash; PR&Eacute;-SELE&Ccedil;&Atilde;O<\/a><\/li><li class='ez-toc-page-1 ez-toc-heading-level-2'><a class=\"ez-toc-link ez-toc-heading-10\" href=\"https:\/\/vestibulares.estrategia.com\/portal\/enem-e-vestibulares\/fies\/edital-fies-2024-1-na-integra\/#5-DAS-ETAPAS-COMPLEMENTARES-APOS-A-PRE-SELECAO-NO-FIESSELECAO\" >5. DAS ETAPAS COMPLEMENTARES AP&Oacute;S A PR&Eacute;-SELE&Ccedil;&Atilde;O NO FIESSELE&Ccedil;&Atilde;O<\/a><\/li><li class='ez-toc-page-1 ez-toc-heading-level-2'><a class=\"ez-toc-link ez-toc-heading-11\" href=\"https:\/\/vestibulares.estrategia.com\/portal\/enem-e-vestibulares\/fies\/edital-fies-2024-1-na-integra\/#6-DA-LISTA-DE-ESPERA-DO-FIES\" >6. DA LISTA DE ESPERA DO FIES<\/a><\/li><li class='ez-toc-page-1 ez-toc-heading-level-2'><a class=\"ez-toc-link ez-toc-heading-12\" href=\"https:\/\/vestibulares.estrategia.com\/portal\/enem-e-vestibulares\/fies\/edital-fies-2024-1-na-integra\/#7-DOS-CRITERIOS-PARA-A-SELECAO-DAS-VAGAS-PELA-SESUMEC\" >7. DOS CRIT&Eacute;RIOS PARA A SELE&Ccedil;&Atilde;O DAS VAGAS PELA SESU\/MEC<\/a><\/li><li class='ez-toc-page-1 ez-toc-heading-level-2'><a class=\"ez-toc-link ez-toc-heading-13\" href=\"https:\/\/vestibulares.estrategia.com\/portal\/enem-e-vestibulares\/fies\/edital-fies-2024-1-na-integra\/#8-DA-REDISTRIBUICAO-DAS-VAGAS\" >8. DA REDISTRIBUI&Ccedil;&Atilde;O DAS VAGAS<\/a><\/li><li class='ez-toc-page-1 ez-toc-heading-level-2'><a class=\"ez-toc-link ez-toc-heading-14\" href=\"https:\/\/vestibulares.estrategia.com\/portal\/enem-e-vestibulares\/fies\/edital-fies-2024-1-na-integra\/#9-DAS-DISPOSICOES-FINAIS\" >9. DAS DISPOSI&Ccedil;&Otilde;ES FINAIS<\/a><\/li><li class='ez-toc-page-1 ez-toc-heading-level-2'><a class=\"ez-toc-link ez-toc-heading-15\" href=\"https:\/\/vestibulares.estrategia.com\/portal\/enem-e-vestibulares\/fies\/edital-fies-2024-1-na-integra\/#ANEXO-I\" >ANEXO I<\/a><\/li><li class='ez-toc-page-1 ez-toc-heading-level-2'><a class=\"ez-toc-link ez-toc-heading-16\" href=\"https:\/\/vestibulares.estrategia.com\/portal\/enem-e-vestibulares\/fies\/edital-fies-2024-1-na-integra\/#ANEXO-II\" >ANEXO II<\/a><\/li><li class='ez-toc-page-1 ez-toc-heading-level-2'><a class=\"ez-toc-link ez-toc-heading-17\" href=\"https:\/\/vestibulares.estrategia.com\/portal\/enem-e-vestibulares\/fies\/edital-fies-2024-1-na-integra\/#Como-conseguir-uma-vaga-no-Fies\" >Como conseguir uma vaga no Fies?<\/a><\/li><\/ul><\/nav><\/div>\n<h2 class=\"wp-block-heading\" id=\"h-quais-sao-os-pre-requisitos-para-participar-do-fies-2024-1\"><span class=\"ez-toc-section\" id=\"Quais-sao-os-pre-requisitos-para-participar-do-Fies-20241\"><\/span>Quais s&atilde;o os pr&eacute;-requisitos para participar do Fies 2024\/1?<span class=\"ez-toc-section-end\"><\/span><\/h2><p>Para participar do Fies 2024\/1, os interessados precisam cumprir os requisitos abaixo:<\/p><ul class=\"wp-block-list\">\n<li>Ter participado do Enem&nbsp;<strong>a partir da edi&ccedil;&atilde;o de 2010&nbsp;<\/strong>e obtido&nbsp;<strong>m&eacute;dia aritm&eacute;tica igual ou superior a 450 pontos<\/strong> n&atilde;o ter zerado a Reda&ccedil;&atilde;o e n&atilde;o ter participado do Enem como treineiro; e<\/li>\n\n\n\n<li>Possuir renda familiar mensal bruta per capita de&nbsp;<strong>at&eacute; tr&ecirc;s sal&aacute;rios m&iacute;nimos<\/strong>.<\/li>\n<\/ul><h2 class=\"wp-block-heading\" id=\"h-quando-comecam-as-inscricoes-do-fies\"><span class=\"ez-toc-section\" id=\"Quando-comecam-as-inscricoes-do-Fies\"><\/span>Quando come&ccedil;am as inscri&ccedil;&otilde;es do Fies?<span class=\"ez-toc-section-end\"><\/span><\/h2><p>As inscri&ccedil;&otilde;es para o Fies podem ser realizadas entre os dias 12 e 15 de mar&ccedil;o. Para realizar a inscri&ccedil;&atilde;o s&atilde;o necess&aacute;rios os seguintes documentos:<\/p><ul class=\"wp-block-list\">\n<li>O n&uacute;mero de registro no Cadastro de Pessoa F&iacute;sica (CPF);&nbsp;<\/li>\n\n\n\n<li>E-mail pessoal v&aacute;lido;&nbsp;<\/li>\n\n\n\n<li>Os nomes dos membros do seu grupo familiar, o n&uacute;mero de registro do CPF dos membros do seu grupo familiar com idade igual ou superior a 14 anos, as respectivas datas de nascimento que constam no referido Cadastro de Pessoa F&iacute;sica, e, se for o caso, a renda bruta mensal de cada componente do grupo familiar;<\/li>\n\n\n\n<li>Demais exig&ecirc;ncias solicitadas no &acirc;mbito do Fies Sele&ccedil;&atilde;o.<\/li>\n<\/ul><p>No momento da inscri&ccedil;&atilde;o, o candidato realizar&aacute; uma pesquisa que define o local, a institui&ccedil;&atilde;o e o curso a que deseja concorrer. Assim, dentre as op&ccedil;&otilde;es apresentadas, o estudante pode escolher at&eacute; tr&ecirc;s delas.<\/p><h2 class=\"wp-block-heading\" id=\"h-quando-sai-o-resultado-do-fies-2024-1\"><span class=\"ez-toc-section\" id=\"Quando-sai-o-resultado-do-Fies-20241\"><\/span>Quando sai o resultado do Fies 2024\/1?<span class=\"ez-toc-section-end\"><\/span><\/h2><p>O Fies 2024\/1 ter&aacute; apenas uma chamada, que ser&aacute; divulgada no dia 21 de mar&ccedil;o. Ap&oacute;s a divulga&ccedil;&atilde;o do resultado da pr&eacute;-sele&ccedil;&atilde;o, os participantes pr&eacute;-selecionados dever&atilde;o acessar o Portal Acesso &Uacute;nico e complementar sua inscri&ccedil;&atilde;o no referido sistema. O prazo para complementar a inscri&ccedil;&atilde;o vai de 22 de mar&ccedil;o at&eacute; as 23h59 de 26 de mar&ccedil;o de 2024, observado o hor&aacute;rio oficial de Bras&iacute;lia.<\/p><h2 class=\"wp-block-heading\" id=\"h-calendario-fies-2024-1\"><span class=\"ez-toc-section\" id=\"Calendario-Fies-20241\"><\/span>Calend&aacute;rio Fies 2024\/1<span class=\"ez-toc-section-end\"><\/span><\/h2><ul class=\"wp-block-list\">\n<li><strong>Divulga&ccedil;&atilde;o do edital:<\/strong>&nbsp;07\/03\/2024;<\/li>\n\n\n\n<li><strong>Inscri&ccedil;&otilde;es:<\/strong>&nbsp;12 a 15\/03\/2024;<\/li>\n\n\n\n<li><strong>Resultado chamada &uacute;nica:<\/strong>&nbsp;21\/03\/2024;<\/li>\n\n\n\n<li><strong>Prazo para complementar inscri&ccedil;&atilde;o:<\/strong>&nbsp;22 a 26\/03\/2024;<\/li>\n\n\n\n<li><strong>Chamadas da lista de espera:<\/strong>&nbsp;28\/03 a 30\/04\/2024.<\/li>\n<\/ul><h2 class=\"wp-block-heading\" id=\"h-edital-fies-2024-1-na-integra\"><span class=\"ez-toc-section\" id=\"Edital-Fies-20241-na-integra\"><\/span>Edital Fies 2024\/1 na &iacute;ntegra<span class=\"ez-toc-section-end\"><\/span><\/h2><p class=\"has-text-align-center\"><em>EDITAL N&ordm; 10, DE 6 DE MAR&Ccedil;O DE 2024<\/em><\/p><p class=\"has-text-align-center\"><em>FUNDO DE FINANCIAMENTO ESTUDANTIL &ndash; FIESPROCESSO SELETIVO &ndash; PRIMEIRO SEMESTRE DE 2024<\/em><\/p><p>O SECRET&Aacute;RIO DE EDUCA&Ccedil;&Atilde;O SUPERIOR, no uso da atribui&ccedil;&atilde;o que lhe confere os incisos II a VI do art. 5&ordm; e os &sect;&sect; 1&ordm; e 2&ordm; do art. 29 da Portaria MEC n&ordm; 209, de 7 de mar&ccedil;o de 2018, torna p&uacute;blico o cronograma e demais procedimentos relativos ao processo seletivo do Fundo de Financiamento Estudantil &ndash; Fies referente ao primeiro semestre de 2024.<\/p><h2 class=\"wp-block-heading\" id=\"h-1-das-disposicoes-gerais\"><span class=\"ez-toc-section\" id=\"1-DAS-DISPOSICOES-GERAIS\"><\/span>1. DAS DISPOSI&Ccedil;&Otilde;ES GERAIS<span class=\"ez-toc-section-end\"><\/span><\/h2><p>1.1. Este Edital disp&otilde;e sobre o processo seletivo do Fundo de Financiamento Estudantil &ndash; Fies referente ao primeiro semestre de 2024, e tratar&aacute; sobre as regras e os procedimentos de:<\/p><p>I &ndash; inscri&ccedil;&atilde;o;<\/p><p>II &ndash; classifica&ccedil;&atilde;o;<\/p><p>III &ndash; pr&eacute;-sele&ccedil;&atilde;o;<\/p><p>IV &ndash; participa&ccedil;&atilde;o em lista de espera;<\/p><p>V &ndash; complementa&ccedil;&atilde;o da inscri&ccedil;&atilde;o;<\/p><p>VI &ndash; comparecimento dos CANDIDATOS pr&eacute;-selecionados &agrave; Comiss&atilde;o Permanente de Supervis&atilde;o e Acompanhamento &ndash; CPSA das Institui&ccedil;&otilde;es de Educa&ccedil;&atilde;o Superior &ndash; IES; e<\/p><p>VII &ndash; comparecimento dos CANDIDATOS ao agente financeiro ap&oacute;s a realiza&ccedil;&atilde;o dos procedimentos junto &agrave; CPSA das IES.<\/p><p>1.2. A classifica&ccedil;&atilde;o e a pr&eacute;-sele&ccedil;&atilde;o de CANDIDATOS a que se refere o subitem 1.1 deste Edital dar-se-&atilde;o por meio de processo seletivo realizado em sistema informatizado pr&oacute;prio, denominado Sistema de Sele&ccedil;&atilde;o do Fies &ndash; FiesSele&ccedil;&atilde;o, gerenciado pela Secretaria de Educa&ccedil;&atilde;o Superior do Minist&eacute;rio da Educa&ccedil;&atilde;o &ndash; SESu\/MEC.<\/p><p>1.2.1. A classifica&ccedil;&atilde;o e a pr&eacute;-sele&ccedil;&atilde;o de que trata o subitem 1.2. independe de aprova&ccedil;&atilde;o em processo seletivo pr&oacute;prio da institui&ccedil;&atilde;o para a qual o CANDIDATO pleiteia uma vaga.<\/p><p>1.3. A inscri&ccedil;&atilde;o, a classifica&ccedil;&atilde;o, a pr&eacute;-sele&ccedil;&atilde;o, a participa&ccedil;&atilde;o em lista de espera e a complementa&ccedil;&atilde;o da inscri&ccedil;&atilde;o pelo CANDIDATO pr&eacute;-selecionado, por meio do FiesSele&ccedil;&atilde;o, constituem procedimentos que asseguram apenas a expectativa de direito &agrave; vaga para a qual o CANDIDATO se inscreveu, observadas as regras de classifica&ccedil;&atilde;o e pr&eacute;-sele&ccedil;&atilde;o dispostas nos itens 3 e 4, estando a contrata&ccedil;&atilde;o do financiamento condicionada ao cumprimento das demais regras e dos procedimentos constantes deste Edital e dos demais normativos vigentes do Fies.<\/p><p>1.4. No processo seletivo de que trata este Edital, ser&aacute; reservada 50% (cinquenta por cento) das vagas para os CANDIDATOS com renda familiar per capita de at&eacute; 0,5 (meio) sal&aacute;rio-m&iacute;nimo inscritos no Cadastro &Uacute;nico para Programas Sociais do Governo Federal &ndash; Cad&Uacute;nico, denominadas &ldquo;vagas Fies Social&rdquo;.<\/p><p>1.4.1. O CANDIDATO de que trata o subitem 1.4 ser&aacute; identificado automaticamente pelo FiesSele&ccedil;&atilde;o, a partir de base de dados do Cad&Uacute;nico fornecida ao Minist&eacute;rio da Educa&ccedil;&atilde;o &ndash; MEC pelo Minist&eacute;rio do Desenvolvimento e Assist&ecirc;ncia Social, Fam&iacute;lia e Combate &agrave; Fome &ndash; MDS.<\/p><p>1.4.1.1. A base de dados referida no subitem 1.4.1. corresponde &agrave; situa&ccedil;&atilde;o do Cadastro na data de 10 de fevereiro de 2024.<\/p><p>1.5. O CANDIDATO com renda familiar per capita de at&eacute; 0,5 (meio) sal&aacute;rio-m&iacute;nimo inscrito no Cad&Uacute;nico, identificado na forma do subitem 1.4.1, poder&aacute; solicitar a contrata&ccedil;&atilde;o de financiamento de at&eacute; 100% (cem por cento) dos encargos educacionais cobrados pela IES, observados os valores m&aacute;ximos e m&iacute;nimos estabelecidos pelo CG-Fies, nos termos do art. 4&ordm;-B da Lei n&ordm; 10.260, de 12 de julho de 2001.<\/p><h2 class=\"wp-block-heading\" id=\"h-2-da-inscricao-dos-candidatos\"><span class=\"ez-toc-section\" id=\"2-DA-INSCRICAO-DOS-CANDIDATOS\"><\/span>2. DA INSCRI&Ccedil;&Atilde;O DOS CANDIDATOS<span class=\"ez-toc-section-end\"><\/span><\/h2><p>2.1. As inscri&ccedil;&otilde;es dos CANDIDATOS interessados em participar do processo seletivo do Fies referente ao primeiro semestre de 2024 dever&atilde;o ser efetuadas, exclusivamente pela internet, por meio do FiesSele&ccedil;&atilde;o, dispon&iacute;vel para acesso no Portal Acesso &Uacute;nico do MEC, no endere&ccedil;o eletr&ocirc;nico https:\/\/acessounico.mec.gov.br\/fies.<\/p><p>2.1.1. O FiesSele&ccedil;&atilde;o ficar&aacute; dispon&iacute;vel para inscri&ccedil;&atilde;o dos CANDIDATOS no per&iacute;odo de 12 de mar&ccedil;o de 2024 at&eacute; as 23 horas e 59 minutos do dia 15 de mar&ccedil;o de 2024, observado o hor&aacute;rio oficial de Bras&iacute;lia\/DF.<\/p><p>2.2. Ao acessar o Portal Acesso &Uacute;nico do MEC para realizar a inscri&ccedil;&atilde;o, o CANDIDATO dever&aacute;:<\/p><p>I &ndash; efetuar seu cadastro no &ldquo;Login &Uacute;nico&rdquo; do governo federal e criar uma conta gov.br, meio de acesso digital do usu&aacute;rio aos servi&ccedil;os p&uacute;blicos digitais, caso seja o seu primeiro acesso nessa plataforma de acesso digital; ou<\/p><p>II &ndash; inserir o seu n&uacute;mero de Cadastro de Pessoa F&iacute;sica &ndash; CPF e senha, caso j&aacute; possua uma conta gov.br.<\/p><p>2.2.1. Ap&oacute;s realizar o procedimento informado no inciso I do subitem 2.2, o CANDIDATO ser&aacute; retornado ao FiesSele&ccedil;&atilde;o para proceder conforme o disposto no inciso II do subitem 2.2.<\/p><p>2.3. Poder&aacute; se inscrever no processo seletivo do Fies referente ao primeiro semestre de 2024 o CANDIDATO que, cumulativamente, atenda &agrave;s seguintes condi&ccedil;&otilde;es:<\/p><p>I &ndash; tenha participado do Exame Nacional do Ensino M&eacute;dio &ndash; Enem a partir da edi&ccedil;&atilde;o de 2010, com nota no Exame v&aacute;lida at&eacute; o momento anterior &agrave; abertura das inscri&ccedil;&otilde;es prevista neste Edital, e tenha obtido m&eacute;dia aritm&eacute;tica das notas nas 5 (cinco) provas igual ou superior a 450 (quatrocentos e cinquenta) pontos, e nota na prova de reda&ccedil;&atilde;o superior a 0 (zero), assim como n&atilde;o tenha participado no referido Exame como &ldquo;treineiro&rdquo;; e<\/p><p>II &ndash; possua renda familiar mensal bruta per capita de at&eacute; 3 (tr&ecirc;s) sal&aacute;rios m&iacute;nimos.<\/p><p>2.4. A obten&ccedil;&atilde;o de m&eacute;dia m&iacute;nima de notas no Enem e de observ&acirc;ncia ao limite de renda nos termos do subitem 2.3 constituem apenas crit&eacute;rios para a inscri&ccedil;&atilde;o aos processos seletivos do Fies, estando a realiza&ccedil;&atilde;o dos demais procedimentos tendentes &agrave; contrata&ccedil;&atilde;o do financiamento do programa, obrigatoriamente condicionados &agrave; classifica&ccedil;&atilde;o e eventual pr&eacute;-sele&ccedil;&atilde;o do CANDIDATO, observado o disposto neste Edital e nos demais atos que regulamentam o Fies.<\/p><p>2.5. O CANDIDATO que tenha inscri&ccedil;&atilde;o com conclus&atilde;o postergada de processos seletivos anteriores somente poder&aacute; concluir a inscri&ccedil;&atilde;o no processo seletivo de que trata este Edital ap&oacute;s concordar com o cancelamento da inscri&ccedil;&atilde;o postergada.<\/p><p>2.6. Ao realizar sua inscri&ccedil;&atilde;o no processo seletivo do Fies do primeiro semestre de 2024, o CANDIDATO dever&aacute; obrigatoriamente informar:<\/p><p>I &ndash; correio eletr&ocirc;nico (e-mail) pessoal v&aacute;lido;<\/p><p>II &ndash; os nomes dos membros do seu grupo familiar, o n&uacute;mero de registro no CPF dos membros do seu grupo familiar com idade igual ou superior a 14 (quatorze) anos, as respectivas datas de nascimento consoante constam do referido Cadastro de Pessoa F&iacute;sica e, se for o caso, a renda bruta mensal de cada componente do grupo familiar;<\/p><p>III &ndash; at&eacute; 3 (tr&ecirc;s) op&ccedil;&otilde;es de curso\/turno\/local de oferta\/IES entre as dispon&iacute;veis para inscri&ccedil;&atilde;o, no mesmo Grupo de Prefer&ecirc;ncia ou em Grupos de Prefer&ecirc;ncia distintos, indicando a ordem de prioridade entre as suas op&ccedil;&otilde;es;<\/p><p>IV &ndash; demais exig&ecirc;ncias solicitadas no &acirc;mbito do FiesSele&ccedil;&atilde;o.<\/p><p>2.6.1. Entende-se por Grupo de Prefer&ecirc;ncia o agrupamento de cursos\/turnos\/locais de oferta\/IES que compartilham as seguintes caracter&iacute;sticas:<\/p><p>a) est&atilde;o localizados em uma mesma mesorregi&atilde;o;<\/p><p>b) possuem o mesmo conceito atribu&iacute;do pelo Sistema Nacional de Avalia&ccedil;&atilde;o da Educa&ccedil;&atilde;o Superior &ndash; Sinaes;<\/p><p>c) est&atilde;o classificados em uma mesma &aacute;rea detalhada, conforme Classifica&ccedil;&atilde;o Internacional Normalizada da Educa&ccedil;&atilde;o Adaptada para Cursos de Gradua&ccedil;&atilde;o e Sequenciais de Forma&ccedil;&atilde;o Espec&iacute;fica &ndash; Cine Brasil.<\/p><p>2.6.2. Para realizar a inscri&ccedil;&atilde;o na sua op&ccedil;&atilde;o de curso, o CANDIDATO dever&aacute;:<\/p><p>I &ndash; indicar o estado, munic&iacute;pio e nomenclatura do curso, podendo ainda indicar, alternativamente, o conceito do curso e a IES; e<\/p><p>II &ndash; selecionar o curso\/turno\/local de oferta\/IES de sua prefer&ecirc;ncia.<\/p><p>2.6.3. O CANDIDATO dever&aacute; realizar o procedimento de que trata o subitem 2.6.2 para cada uma de suas op&ccedil;&otilde;es de curso\/turno\/local de oferta\/IES, podendo as op&ccedil;&otilde;es serem realizadas para Grupos de Prefer&ecirc;ncia distintos.<\/p><p>2.6.4. O CANDIDATO concorrer&aacute; &agrave;s vagas do Grupo de Prefer&ecirc;ncia, distribu&iacute;das pela SESu\/MEC na forma do item 7 deste Edital, observado o limite das vagas ofertadas no curso\/turno\/local de oferta\/IES de sua prefer&ecirc;ncia, definido no Termo de Participa&ccedil;&atilde;o da mantenedora, sendo:<\/p><p>I &ndash; 50% (cinquenta por cento) das vagas Fies Social, reservadas para CANDIDATO com renda familiar per capita de at&eacute; 0,5 (meio) sal&aacute;rio-m&iacute;nimo inscrito no Cad&Uacute;nico, identificado na forma do subitem 1.4.1; e<\/p><p>II &ndash; 50% (cinquenta por cento) das vagas para os demais CANDIDATOS.<\/p><p>2.6.5. A inscri&ccedil;&atilde;o do CANDIDATO com renda familiar per capita de at&eacute; 0,5 (meio) sal&aacute;rio-m&iacute;nimo inscrito no Cad&Uacute;nico, identificado na forma do subitem 1.4.1, ser&aacute; realizada no &acirc;mbito das vagas Fies Social.<\/p><p>2.7. Durante o per&iacute;odo de inscri&ccedil;&atilde;o, o CANDIDATO poder&aacute; alterar as suas op&ccedil;&otilde;es de curso\/turno\/local de oferta\/IES, bem como efetuar o seu cancelamento.<\/p><p>2.7.1. Nos termos do disposto no subitem 2.7, caso o CANDIDATO altere ou cancele a inscri&ccedil;&atilde;o ap&oacute;s ter sido finalizada, dever&aacute; proceder novamente &agrave; conclus&atilde;o da inscri&ccedil;&atilde;o alterada ou efetuar nova inscri&ccedil;&atilde;o, sob pena de sua inscri&ccedil;&atilde;o n&atilde;o ser considerada v&aacute;lida.<\/p><p>2.8. Para fins do disposto nos subitens 2.7 e 2.7.1, a classifica&ccedil;&atilde;o e a pr&eacute;-sele&ccedil;&atilde;o no presente processo seletivo ser&atilde;o efetuadas com base na &uacute;ltima altera&ccedil;&atilde;o realizada e confirmada pelo CANDIDATO no FiesSele&ccedil;&atilde;o no per&iacute;odo de inscri&ccedil;&atilde;o.<\/p><p>2.9. Compete exclusivamente ao CANDIDATO certificar-se de que cumpre os requisitos estabelecidos para concorrer no processo seletivo referente ao primeiro semestre de 2024, observadas as veda&ccedil;&otilde;es previstas neste Edital, nos demais normativos do Fies e nas Resolu&ccedil;&otilde;es do Comit&ecirc;-Gestor do Fies &ndash; CG-Fies.<\/p><p>2.10. Os cursos para os quais a institui&ccedil;&atilde;o informou em seus Termos de Participa&ccedil;&atilde;o que n&atilde;o haver&aacute; realiza&ccedil;&atilde;o de processo seletivo no primeiro semestre de 2024 para ingresso de candidatos no per&iacute;odo inicial estar&atilde;o dispon&iacute;veis somente para CANDIDATOS veteranos, ou seja, que estejam vinculados ao curso da institui&ccedil;&atilde;o em raz&atilde;o de j&aacute; o estar cursando desde semestre(s) anterior(es).<\/p><p>2.10.1. O CANDIDATO que for ingressante (calouro) no per&iacute;odo inicial do curso no primeiro semestre de 2024 e se inscrever para os cursos informados no subitem 2.10, caso seja pr&eacute;-selecionado, ter&aacute; sua inscri&ccedil;&atilde;o rejeitada pela CPSA da IES em raz&atilde;o da impossibilidade de continua&ccedil;&atilde;o da inscri&ccedil;&atilde;o e por presta&ccedil;&atilde;o de informa&ccedil;&atilde;o inver&iacute;dica no ato da inscri&ccedil;&atilde;o.<\/p><p>2.11. A inscri&ccedil;&atilde;o dos CANDIDATOS no processo seletivo do Fies implica:<\/p><p>I &ndash; a concord&acirc;ncia expressa e irretrat&aacute;vel com o disposto neste Edital e nos demais atos normativos do Fies;<\/p><p>II &ndash; o consentimento para a utiliza&ccedil;&atilde;o e a divulga&ccedil;&atilde;o de suas notas no Enem e das informa&ccedil;&otilde;es prestadas no Exame, inclusive aquelas constantes do question&aacute;rio socioecon&ocirc;mico, dos dados relacionados ao seu CPF no Censo da Educa&ccedil;&atilde;o Superior e &agrave; sua participa&ccedil;&atilde;o no processo seletivo do Fies de que trata este Edital, observado o disposto na Lei n&ordm; 13.709, de 14 de agosto de 2018; e<\/p><p>III &ndash; na responsabilidade das informa&ccedil;&otilde;es prestadas junto ao Cad&Uacute;nico, no caso do CANDIDATO identificado na forma do subitem 1.4.1.<\/p><p>2.12. O MEC n&atilde;o se responsabilizar&aacute; por:<\/p><p>I &ndash; inscri&ccedil;&atilde;o via internet n&atilde;o recebida por quaisquer motivos de ordem t&eacute;cnica de computadores, falhas de comunica&ccedil;&atilde;o, congestionamentos das linhas de comunica&ccedil;&atilde;o, por procedimento indevido, bem como por outros fatores que impossibilitem a transfer&ecirc;ncia de dados, sendo de responsabilidade do CANDIDATO acompanhar a situa&ccedil;&atilde;o de sua inscri&ccedil;&atilde;o, devendo inclusive certificar-se de que sua inscri&ccedil;&atilde;o consta finalizada ap&oacute;s as altera&ccedil;&otilde;es realizadas;<\/p><p>II &ndash; inscri&ccedil;&atilde;o via internet realizada ou alterada por terceiros por meio da coleta de informa&ccedil;&otilde;es do CANDIDATO mediante engenharia social ou informa&ccedil;&otilde;es publicadas em sites que n&atilde;o sejam do MEC;<\/p><p>III &ndash; falta, erro ou n&atilde;o divulga&ccedil;&atilde;o de informa&ccedil;&otilde;es por parte das IES participantes; e<\/p><p>IV &ndash; aus&ecirc;ncia ou inconsist&ecirc;ncia de informa&ccedil;&otilde;es em rela&ccedil;&atilde;o &agrave; base de dados do Cad&Uacute;nico.<\/p><p>2.12.1. Nos termos do inciso II do subitem 2.12, compete exclusivamente ao CANDIDATO a responsabilidade pela guarda e pelo sigilo de sua senha para inscri&ccedil;&atilde;o e participa&ccedil;&atilde;o no processo seletivo de que trata este Edital.<\/p><p>2.12.1.1. O CANDIDATO n&atilde;o dever&aacute; compartilhar sua senha e seus dados cadastrais com outras pessoas ou realizar qualquer outra a&ccedil;&atilde;o que possa comprometer a seguran&ccedil;a de sua inscri&ccedil;&atilde;o.<\/p><p>2.12.2. Entende-se por engenharia social, constante do inciso II do subitem 2.12, os m&eacute;todos de ataque, geralmente eletr&ocirc;nicos, em que algu&eacute;m faz uso de persuas&atilde;o para obter informa&ccedil;&otilde;es de outro indiv&iacute;duo, as quais podem ser utilizadas para ter acesso n&atilde;o autorizado a computadores ou informa&ccedil;&otilde;es.<\/p><p>2.13. O FiesSele&ccedil;&atilde;o disponibilizar&aacute; ao CANDIDATO, em car&aacute;ter exclusivamente informativo, a nota de corte para o Grupo de Prefer&ecirc;ncia e modalidade de vaga, a qual ser&aacute; atualizada periodicamente conforme o processamento das inscri&ccedil;&otilde;es efetuadas, n&atilde;o constituindo qualquer garantia de pr&eacute;-sele&ccedil;&atilde;o para a(s) vaga(s) ofertada(s), mas t&atilde;o somente mera refer&ecirc;ncia de aux&iacute;lio no monitoramento de sua inscri&ccedil;&atilde;o.<\/p><h2 class=\"wp-block-heading\" id=\"h-3-da-classificacao\"><span class=\"ez-toc-section\" id=\"3-DA-CLASSIFICACAO\"><\/span>3. DA CLASSIFICA&Ccedil;&Atilde;O<span class=\"ez-toc-section-end\"><\/span><\/h2><p>3.1. A classifica&ccedil;&atilde;o no processo seletivo do Fies no primeiro semestre de 2024 ser&aacute; realizada conforme a modalidade de vaga referente &agrave; inscri&ccedil;&atilde;o do CANDIDATO, de acordo com os incisos I e II do subitem 2.6.4 deste Edital.<\/p><p>3.2. Observado o disposto no subitem 3.1, a classifica&ccedil;&atilde;o ocorrer&aacute; no Grupo de Prefer&ecirc;ncia e modalidade de vaga para o qual os CANDIDATOS se inscreveram, respeitando a sequ&ecirc;ncia disposta no &sect; 6&ordm; do art. 1&ordm; da Lei n&ordm; 10.260, de 2001, e a ordem decrescente das notas obtidas pelos CANDIDATOS no Enem, de acordo com o seguinte:<\/p><p>I &ndash; vagas Fies Social:<\/p><p>a) CANDIDATOS que n&atilde;o tenham conclu&iacute;do o ensino superior e n&atilde;o tenham sido beneficiados pelo financiamento estudantil;<\/p><p>b) CANDIDATOS que n&atilde;o tenham conclu&iacute;do o ensino superior e tenham sido beneficiados pelo financiamento estudantil e o tenham quitado;<\/p><p>c) CANDIDATOS que j&aacute; tenham conclu&iacute;do o ensino superior e n&atilde;o tenham sido beneficiados pelo financiamento estudantil; e<\/p><p>d) CANDIDATOS que j&aacute; tenham conclu&iacute;do o ensino superior e tenham sido beneficiados pelo financiamento estudantil e o tenham quitado;<\/p><p>II &ndash; vagas para os demais CANDIDATOS:<\/p><p>a) CANDIDATOS que n&atilde;o tenham conclu&iacute;do o ensino superior e n&atilde;o tenham sido beneficiados pelo financiamento estudantil;<\/p><p>b) CANDIDATOS que n&atilde;o tenham conclu&iacute;do o ensino superior e tenham sido beneficiados pelo financiamento estudantil e o tenham quitado;<\/p><p>c) CANDIDATOS que j&aacute; tenham conclu&iacute;do o ensino superior e n&atilde;o tenham sido beneficiados pelo financiamento estudantil; e<\/p><p>d) CANDIDATOS que j&aacute; tenham conclu&iacute;do o ensino superior e tenham sido beneficiados pelo financiamento estudantil e o tenham quitado.<\/p><p>3.3. A nota de que trata o subitem 3.2 ser&aacute; igual &agrave; m&eacute;dia aritm&eacute;tica das notas obtidas nas 5 (cinco) provas do Enem em cuja edi&ccedil;&atilde;o o CANDIDATO tenha obtido a maior m&eacute;dia.<\/p><p>3.3.1. No caso de notas id&ecirc;nticas obtidas pelos CANDIDATOS de que trata o subitem 3.2, o desempate ser&aacute; efetuado em observ&acirc;ncia &agrave; seguinte ordem de crit&eacute;rios:<\/p><p>I &ndash; maior nota obtida na reda&ccedil;&atilde;o;<\/p><p>II &ndash; maior nota obtida na prova de Linguagens, C&oacute;digos e suas Tecnologias;<\/p><p>III &ndash; maior nota obtida na prova de Matem&aacute;tica e suas Tecnologias;<\/p><p>IV &ndash; maior nota obtida na prova de Ci&ecirc;ncias da Natureza e suas Tecnologias; e<\/p><p>V &ndash; maior nota obtida na prova de Ci&ecirc;ncias Humanas e suas Tecnologias.<\/p><p>3.4. Ser&aacute; vedada a concess&atilde;o de novo financiamento do Fies, nos termos do &sect; 6&ordm; do art. 1&ordm; da Lei n&ordm; 10.260, de 2001, a candidato:<\/p><p>I &ndash; que n&atilde;o tenha quitado o financiamento anterior pelo Fies ou pelo Programa de Cr&eacute;dito Educativo de que trata a Lei n&ordm; 8.436, de 25 de junho de 1992; ou<\/p><p>II &ndash; que se encontre em per&iacute;odo de utiliza&ccedil;&atilde;o do financiamento.<\/p><p>3.4.1. Entende-se por n&atilde;o quitado o financiamento do Fies anteriormente usufru&iacute;do pelo CANDIDATO e que ainda se encontre em fase de amortiza&ccedil;&atilde;o ou de execu&ccedil;&atilde;o.<\/p><h2 class=\"wp-block-heading\" id=\"h-4-da-divulgacao-do-resultado-pre-selecao\"><span class=\"ez-toc-section\" id=\"4-DA-DIVULGACAO-DO-RESULTADO-%E2%80%93-PRE-SELECAO\"><\/span>4. DA DIVULGA&Ccedil;&Atilde;O DO RESULTADO &ndash; PR&Eacute;-SELE&Ccedil;&Atilde;O<span class=\"ez-toc-section-end\"><\/span><\/h2><p>4.1. O processo seletivo do Fies de que trata este Edital ser&aacute; constitu&iacute;do de chamada &uacute;nica e de lista de espera.<\/p><p>4.2. O resultado da pr&eacute;-sele&ccedil;&atilde;o na chamada &uacute;nica ser&aacute; divulgado no dia 21 de mar&ccedil;o de 2024.<\/p><p>4.3. O CANDIDATO ser&aacute; pr&eacute;-selecionado em apenas uma de suas op&ccedil;&otilde;es de curso\/turno\/local de oferta\/IES realizadas na inscri&ccedil;&atilde;o, respeitada a ordem de prioridade informada.<\/p><p>4.4. Considerado o disposto no subitem 2.6.4, a pr&eacute;-sele&ccedil;&atilde;o ocorrer&aacute; de acordo com a modalidade de vaga, observado o limite de vagas dispon&iacute;veis no Grupo de Prefer&ecirc;ncia e aquelas ofertadas no curso\/turno\/local de oferta\/IES, conforme definido no Termo de Participa&ccedil;&atilde;o da mantenedora.<\/p><p>4.4.1. Caso a oferta no curso\/turno\/local de oferta\/IES seja de apenas 1 (uma) vaga, ser&aacute; priorizada a pr&eacute;-sele&ccedil;&atilde;o do CANDIDATO inscrito &agrave;s vagas de que trata o inciso I do subitem 2.6.4.<\/p><p>4.5. No per&iacute;odo entre a pr&eacute;-sele&ccedil;&atilde;o do CANDIDATO e o prazo para a complementa&ccedil;&atilde;o de suas informa&ccedil;&otilde;es no FiesSele&ccedil;&atilde;o, caso ocorra a situa&ccedil;&atilde;o prevista no inciso II do subitem 4.1 e no subitem 4.2 do Edital SESu n&ordm; 18, de 27 de novembro de 2023, ocasionando a exclus&atilde;o da vaga objeto da pr&eacute;-sele&ccedil;&atilde;o, o CANDIDATO poder&aacute; ser pr&eacute;-selecionado na melhor op&ccedil;&atilde;o dispon&iacute;vel, desde que haja vaga em alguma das demais op&ccedil;&otilde;es de curso\/turno\/local de oferta\/IES que tenha indicado em sua inscri&ccedil;&atilde;o, respeitada a ordem de prioridade.<\/p><p>4.6. O CANDIDATO pr&eacute;-selecionado identificado como ingressante que seja reprovado por n&atilde;o forma&ccedil;&atilde;o de turma no per&iacute;odo inicial do curso continuar&aacute; concorrendo no processo seletivo, em lista de espera, podendo ser pr&eacute;-selecionado na hip&oacute;tese de exist&ecirc;ncia de vaga em alguma das suas outras op&ccedil;&otilde;es, respeitada a prioridade indicada quando da inscri&ccedil;&atilde;o.<\/p><p>4.7. A pr&eacute;-sele&ccedil;&atilde;o do CANDIDATO na chamada &uacute;nica assegura apenas a expectativa de direito a uma das vagas para as quais se inscreveu neste processo seletivo do Fies, estando a contrata&ccedil;&atilde;o do financiamento condicionada &agrave; observ&acirc;ncia das regras constantes deste Edital e dos demais normativos do Fies.<\/p><h2 class=\"wp-block-heading\" id=\"h-5-das-etapas-complementares-apos-a-pre-selecao-no-fiesselecao\"><span class=\"ez-toc-section\" id=\"5-DAS-ETAPAS-COMPLEMENTARES-APOS-A-PRE-SELECAO-NO-FIESSELECAO\"><\/span>5. DAS ETAPAS COMPLEMENTARES AP&Oacute;S A PR&Eacute;-SELE&Ccedil;&Atilde;O NO FIESSELE&Ccedil;&Atilde;O<span class=\"ez-toc-section-end\"><\/span><\/h2><p>5.1. Os CANDIDATOS pr&eacute;-selecionados, nos termos do item 4 deste Edital, dever&atilde;o acessar o FiesSele&ccedil;&atilde;o, no endere&ccedil;o eletr&ocirc;nico https:\/\/acessounico.mec.gov.br\/fies, e complementar sua inscri&ccedil;&atilde;o no referido sistema, no per&iacute;odo de 22 de mar&ccedil;o de 2024 at&eacute; as 23 horas e 59 minutos de 26 de mar&ccedil;o de 2024, observado o hor&aacute;rio oficial de Bras&iacute;lia\/DF.<\/p><p>5.2. No per&iacute;odo da complementa&ccedil;&atilde;o da inscri&ccedil;&atilde;o, o CANDIDATO pr&eacute;-selecionado &agrave; vaga Fies Social poder&aacute; solicitar a contrata&ccedil;&atilde;o de financiamento de at&eacute; 100% (cem por cento) dos encargos educacionais cobrados pela IES, observados os valores m&aacute;ximos e m&iacute;nimos estabelecidos pelo CG-Fies, nos termos do art. 4&ordm;-B da Lei n&ordm; 10.260, de 2001.<\/p><p>5.3. Ap&oacute;s a complementa&ccedil;&atilde;o da inscri&ccedil;&atilde;o, o CANDIDATO pr&eacute;-selecionado dever&aacute;:<\/p><p>I &ndash; validar suas informa&ccedil;&otilde;es em at&eacute; 5 (cinco) dias &uacute;teis na CPSA da IES, por meio da entrega f&iacute;sica ou digital\/eletr&ocirc;nica de documenta&ccedil;&atilde;o exigida, contados a partir do dia imediatamente subsequente ao da complementa&ccedil;&atilde;o da sua inscri&ccedil;&atilde;o no Fies; e<\/p><p>II &ndash; validar suas informa&ccedil;&otilde;es em um agente financeiro em at&eacute; 10 (dez) dias, contados a partir do terceiro dia &uacute;til imediatamente subsequente &agrave; data da valida&ccedil;&atilde;o da inscri&ccedil;&atilde;o pela CPSA, por meio da entrega f&iacute;sica ou digital\/eletr&ocirc;nica de documenta&ccedil;&atilde;o exigida, e especificada nos normativos vigentes para fins de contrata&ccedil;&atilde;o e, uma vez aprovada pelo agente financeiro, formalizar a contrata&ccedil;&atilde;o do financiamento.<\/p><p>5.3.1. O CANDIDATO pr&eacute;-selecionado &agrave; vaga Fies Social, fica dispensado da comprova&ccedil;&atilde;o da renda familiar junto &agrave; CPSA, devendo comparecer &agrave; Comiss&atilde;o para valida&ccedil;&atilde;o das demais informa&ccedil;&otilde;es no prazo referido no inciso I do subitem 5.3.<\/p><p>5.4. O local de oferta da CPSA da IES, no caso de entrega f&iacute;sica dos documentos no procedimento referido no inciso I do subitem 5.3, dever&aacute; corresponder ao local de oferta constante do Termo de Participa&ccedil;&atilde;o assinado pela IES, por meio de sua mantenedora.<\/p><p>5.4.1. No caso de altera&ccedil;&atilde;o de endere&ccedil;o de local de oferta da CPSA constante do Cadastro e-MEC ap&oacute;s assinatura do Termo de Participa&ccedil;&atilde;o, as IES dever&atilde;o comunicar formalmente aos CANDIDATOS pr&eacute;-selecionados o novo endere&ccedil;o de atendimento no prazo m&aacute;ximo de 24 (vinte e quatro) horas da divulga&ccedil;&atilde;o dos resultados da chamada regular e da lista de espera, inclusive informando meio digital\/eletr&ocirc;nico para a realiza&ccedil;&atilde;o dos referidos procedimentos, sob pena de instaura&ccedil;&atilde;o de processo administrativo para apurar as responsabilidades da IES quanto ao cumprimento da legisla&ccedil;&atilde;o do Fies.<\/p><p>5.5. O prazo para comparecimento ao agente financeiro previsto no inciso II do subitem 5.3 deste Edital:<\/p><p>I &ndash; n&atilde;o ser&aacute; interrompido ou suspenso nos finais de semana ou feriados; e<\/p><p>II &ndash; ser&aacute; prorrogado para o primeiro dia &uacute;til imediatamente subsequente, caso o seu vencimento ocorra em final de semana ou feriado nacional.<\/p><p>5.6. Caso haja anu&ecirc;ncia da IES e do agente financeiro, os atos de suas respectivas compet&ecirc;ncias poder&atilde;o ser realizados por meio digital\/eletr&ocirc;nico, nos termos dos normativos do Fies, ficando o CANDIDATO dispensado de comparecimento presencial para a assinatura de documentos referentes ao contrato de financiamento, sem preju&iacute;zo de revis&atilde;o futura do ato, com a repeti&ccedil;&atilde;o ou complementa&ccedil;&atilde;o dos atos praticados por meio digital.<\/p><p>5.6.1. Ficar&aacute; dispensada a apresenta&ccedil;&atilde;o do Documento de Regularidade de Inscri&ccedil;&atilde;o &ndash; DRI pelo CANDIDATO junto ao agente financeiro, nos termos dos atos normativos do Fies, valendo-se o agente financeiro das informa&ccedil;&otilde;es e dos dados dispon&iacute;veis nos sistemas eletr&ocirc;nicos para processos de confer&ecirc;ncia e integridade necess&aacute;rios.<\/p><p>5.6.2. No caso em que o agente financeiro e as IES, por meio de suas CPSAs, n&atilde;o realizem atendimento presencial, dever&atilde;o disponibilizar meio digital e\/ou sistema eletr&ocirc;nico apropriado para envio de documenta&ccedil;&atilde;o e intera&ccedil;&atilde;o com os CANDIDATOS nas hip&oacute;teses necess&aacute;rias e autorizadas pelos normativos do Fies.<\/p><p>5.7. A aus&ecirc;ncia de realiza&ccedil;&atilde;o dos procedimentos de que trata o subitem 5.3 pelo CANDIDATO pr&eacute;-selecionado, nos prazos determinados, resultar&aacute; no vencimento de sua inscri&ccedil;&atilde;o para que se proceda &agrave; pr&eacute;-sele&ccedil;&atilde;o dos demais candidatos em lista de espera, na modalidade de vagas e ordem de classifica&ccedil;&atilde;o, observada a exist&ecirc;ncia de vagas dispon&iacute;veis no Grupo de Prefer&ecirc;ncia e no curso\/turno\/local de oferta\/IES.<\/p><h2 class=\"wp-block-heading\" id=\"h-6-da-lista-de-espera-do-fies\"><span class=\"ez-toc-section\" id=\"6-DA-LISTA-DE-ESPERA-DO-FIES\"><\/span>6. DA LISTA DE ESPERA DO FIES<span class=\"ez-toc-section-end\"><\/span><\/h2><p>6.1. Os CANDIDATOS n&atilde;o pr&eacute;-selecionados na chamada &uacute;nica deste processo seletivo do Fies constar&atilde;o automaticamente de lista de espera a ser utilizada para fins de preenchimento das vagas eventualmente n&atilde;o ocupadas, observada a modalidade de vaga e a ordem de classifica&ccedil;&atilde;o nos termos do disposto no item 3 deste Edital.<\/p><p>6.2. A eventual pr&eacute;-sele&ccedil;&atilde;o dos CANDIDATOS participantes da lista de espera ocorrer&aacute; no per&iacute;odo de 28 de mar&ccedil;o de 2024 at&eacute; as 23 horas e 59 minutos de 30 de abril de 2024, observado o hor&aacute;rio oficial de Bras&iacute;lia\/DF.<\/p><p>6.3. Os CANDIDATOS constantes da lista de espera do Fies dever&atilde;o acompanhar o resultado de eventual pr&eacute;-sele&ccedil;&atilde;o por meio do FiesSele&ccedil;&atilde;o, observadas as regras, os procedimentos e os prazos previstos nos itens 4 e 5 deste Edital.<\/p><p>6.3.1. Os CANDIDATOS pr&eacute;-selecionados na lista de espera, nos termos dos subitens 6.1 e 6.2 deste Edital, dever&atilde;o acessar o FiesSele&ccedil;&atilde;o, no endere&ccedil;o eletr&ocirc;nico https:\/\/acessounico.mec.gov.br\/fies, e complementar sua inscri&ccedil;&atilde;o para contrata&ccedil;&atilde;o do financiamento no referido sistema, no per&iacute;odo de 3 (tr&ecirc;s) dias &uacute;teis, contados do dia subsequente ao da pr&eacute;-sele&ccedil;&atilde;o.<\/p><p>6.4. O CANDIDATO pr&eacute;-selecionado identificado como ingressante que seja reprovado por n&atilde;o forma&ccedil;&atilde;o de turma no per&iacute;odo inicial do curso continuar&aacute; concorrendo em lista de espera, podendo ser pr&eacute;-selecionado na hip&oacute;tese de exist&ecirc;ncia de vaga em alguma das suas outras op&ccedil;&otilde;es, respeitada a prioridade indicada quando da inscri&ccedil;&atilde;o.<\/p><p>6.4.1. A reprova&ccedil;&atilde;o por n&atilde;o forma&ccedil;&atilde;o de turma no per&iacute;odo inicial de curso do CANDIDATO ingressante n&atilde;o constituir&aacute; impedimento &agrave; manuten&ccedil;&atilde;o na lista de espera e eventual pr&eacute;-sele&ccedil;&atilde;o de candidato que tenha indicado, em sua inscri&ccedil;&atilde;o, estar matriculado em per&iacute;odo distinto do inicial.<\/p><p>6.5. A participa&ccedil;&atilde;o do CANDIDATO na lista de espera assegura apenas a expectativa de direito de ser pr&eacute;-selecionado &agrave;s vagas para as quais se inscreveu neste processo seletivo do Fies, estando a pr&eacute;-sele&ccedil;&atilde;o condicionada &agrave; disponibilidade de vaga no Grupo de Prefer&ecirc;ncia e no curso\/turno\/local de oferta\/IES, observada a modalidade de vaga.<\/p><p>6.6. A aus&ecirc;ncia de realiza&ccedil;&atilde;o pelo CANDIDATO pr&eacute;-selecionado dos procedimentos junto &agrave; CPSA e ao agente financeiro, de que trata o subitem 5.3, nos prazos determinados, resultar&aacute; no vencimento de sua inscri&ccedil;&atilde;o para que se proceda &agrave; pr&eacute;-sele&ccedil;&atilde;o dos demais candidatos em lista de espera, na modalidade de vaga e ordem de classifica&ccedil;&atilde;o, observada a exist&ecirc;ncia de vagas dispon&iacute;veis no Grupo de Prefer&ecirc;ncia e no curso\/turno\/local de oferta\/IES.<\/p><h2 class=\"wp-block-heading\" id=\"h-7-dos-criterios-para-a-selecao-das-vagas-pela-sesu-mec\"><span class=\"ez-toc-section\" id=\"7-DOS-CRITERIOS-PARA-A-SELECAO-DAS-VAGAS-PELA-SESUMEC\"><\/span>7. DOS CRIT&Eacute;RIOS PARA A SELE&Ccedil;&Atilde;O DAS VAGAS PELA SESU\/MEC<span class=\"ez-toc-section-end\"><\/span><\/h2><p>7.1. Os procedimentos para sele&ccedil;&atilde;o das vagas no &acirc;mbito do processo seletivo do Fies no primeiro semestre de 2024 observar&aacute;:<\/p><p>I &ndash; as informa&ccedil;&otilde;es prestadas pelas mantenedoras de IES nos Termos de Participa&ccedil;&atilde;o, de acordo com o disposto no item 2 do Edital n&ordm; 18, de 2023;<\/p><p>II &ndash; os crit&eacute;rios estabelecidos no item 4 do Edital n&ordm; 18, de 2023;<\/p><p>III -o &Iacute;ndice de Desenvolvimento Humano Municipal &ndash; IDHM da mesorregi&atilde;o, calculado a partir da m&eacute;dia dos IDHMs dos munic&iacute;pios que a comp&otilde;em, conforme estudos desenvolvidos pelo Programa das Na&ccedil;&otilde;es Unidas para o Desenvolvimento do Brasil &ndash; PnudBrasil, pelo Instituto de Pesquisa Econ&ocirc;mica Aplicada &ndash; Ipea e pela Funda&ccedil;&atilde;o Jo&atilde;o Pinheiro;<\/p><p>IV &ndash; a &Aacute;rea detalhada, conforme defini&ccedil;&atilde;o da Cine Brasil; e<\/p><p>V &ndash; o detalhamento dos crit&eacute;rios para sele&ccedil;&atilde;o e desempate, que consta do Anexo I deste Edital.<\/p><p>7.2. Tendo por base o crit&eacute;rio de oferta concretizada nos cursos de Medicina, nos termos do subitem 4.1, inciso III, do Edital n&ordm; 18, de 2023, ser&atilde;o disponibilizadas todas as vagas que forem ofertadas nesse curso, observados os limites definidos no Termo de Participa&ccedil;&atilde;o de cada mantenedora.<\/p><p>7.3. A sele&ccedil;&atilde;o das vagas no &acirc;mbito do processo seletivo do Fies referente ao primeiro semestre de 2024 priorizar&aacute;, em cada Grupo de Prefer&ecirc;ncia, primeiramente, todos os cursos com conceito cinco; posteriormente, os cursos com conceito quatro e, ap&oacute;s, havendo vagas, os cursos com conceito tr&ecirc;s, obtidos no &acirc;mbito do Sinaes.<\/p><h2 class=\"wp-block-heading\" id=\"h-8-da-redistribuicao-das-vagas\"><span class=\"ez-toc-section\" id=\"8-DA-REDISTRIBUICAO-DAS-VAGAS\"><\/span>8. DA REDISTRIBUI&Ccedil;&Atilde;O DAS VAGAS<span class=\"ez-toc-section-end\"><\/span><\/h2><p>8.1. As vagas selecionadas e n&atilde;o ocupadas no decorrer do processo seletivo de que trata este Edital, em grupos da &aacute;rea detalhada da Cine Brasil cujo n&uacute;mero de classificados seja menor que a quantidade de vagas disponibilizadas no momento da pr&eacute;-sele&ccedil;&atilde;o ou durante o prazo de convoca&ccedil;&atilde;o de lista de espera, poder&atilde;o ser redistribu&iacute;das entre as demais &Aacute;reas Detalhadas, conforme o disposto no Anexo II deste Edital.<\/p><p>8.1.1. A redistribui&ccedil;&atilde;o das vagas dever&aacute; observar os seguintes procedimentos:<\/p><p>I &ndash; vencimento das inscri&ccedil;&otilde;es dos candidatos pr&eacute;-selecionados no Fies cujos prazos de complementa&ccedil;&atilde;o de inscri&ccedil;&atilde;o, de comparecimento &agrave; CPSA ou de comparecimento ao agente financeiro se esgotaram;<\/p><p>II &ndash; identifica&ccedil;&atilde;o das inscri&ccedil;&otilde;es dos candidatos pr&eacute;-selecionados no Fies que foram canceladas;<\/p><p>III &ndash; identifica&ccedil;&atilde;o dos Grupos de Prefer&ecirc;ncia cujo n&uacute;mero de classificados seja menor que a quantidade de vagas disponibilizadas, computadas as vagas excedentes;<\/p><p>IV &ndash; identifica&ccedil;&atilde;o dos Grupos de Prefer&ecirc;ncia cujo n&uacute;mero de classificados seja maior que a quantidade de vagas disponibilizadas, computado o espa&ccedil;o dispon&iacute;vel de outros Grupos em cada curso\/turno\/local de oferta\/IES para a redistribui&ccedil;&atilde;o das vagas excedentes, nos termos do inciso III deste subitem; e<\/p><p>V &ndash; redistribui&ccedil;&atilde;o das vagas excedentes, considerando o disposto nos incisos III e IV deste subitem, em conformidade com as regras estipuladas no Anexo II deste Edital.<\/p><h2 class=\"wp-block-heading\" id=\"h-9-das-disposicoes-finais\"><span class=\"ez-toc-section\" id=\"9-DAS-DISPOSICOES-FINAIS\"><\/span>9. DAS DISPOSI&Ccedil;&Otilde;ES FINAIS<span class=\"ez-toc-section-end\"><\/span><\/h2><p>9.1. Os financiamentos decorrentes das vagas ofertadas no processo seletivo do Fies de que trata este Edital dever&atilde;o ser contratados somente no primeiro semestre de 2024.<\/p><p>9.1.1. Excepcionalmente, nos casos em que a matr&iacute;cula do CANDIDATO pr&eacute;-selecionado for incompat&iacute;vel com o per&iacute;odo letivo da IES, o que pode resultar em sua reprova&ccedil;&atilde;o por faltas, observados os prazos e procedimentos definidos neste Edital e atendidas as condi&ccedil;&otilde;es de financiamento apuradas pela CPSA, essa Comiss&atilde;o dever&aacute; registrar a referida inscri&ccedil;&atilde;o no sistema SisFies para sua conclus&atilde;o no semestre ou ano letivo seguinte, considerada a organiza&ccedil;&atilde;o dos ciclos acad&ecirc;micos adotada para o respectivo curso\/turno\/local de oferta\/IES.<\/p><p>9.1.2. Na hip&oacute;tese prevista no subitem 9.1.1 deste Edital, a conclus&atilde;o da inscri&ccedil;&atilde;o no FiesSele&ccedil;&atilde;o dever&aacute; ocorrer em per&iacute;odos identificados nos Editais dos processos seletivos do segundo semestre de 2024 ou no primeiro semestre de 2025 e estar&aacute; condicionada ao atendimento dos demais requisitos, prazos e procedimentos para concess&atilde;o do financiamento, nos termos dos normativos vigentes do Fies, no momento da contrata&ccedil;&atilde;o.<\/p><p>9.2. Em caso de erros ou da exist&ecirc;ncia de &oacute;bices operacionais por parte da IES, da CPSA, do agente financeiro ou dos gestores do Fies, que resultem em preju&iacute;zo ao CANDIDATO inscrito ou na perda de prazo, a SESu\/MEC ou o agente operador do Fies, a depender do momento em que o erro ou &oacute;bice operacional for identificado, poder&atilde;o adotar as provid&ecirc;ncias necess&aacute;rias &agrave; prorroga&ccedil;&atilde;o dos respectivos prazos, nos termos dos normativos vigentes do Fies, ap&oacute;s o recebimento e a avalia&ccedil;&atilde;o das justificativas apresentadas pela parte interessada e, se for o caso, a autoriza&ccedil;&atilde;o da SESu\/MEC sobre a exist&ecirc;ncia de vagas.<\/p><p>9.2.1. Para fins do disposto no subitem 9.2, a parte interessada dever&aacute; comunicar o erro ou a exist&ecirc;ncia de &oacute;bice operacional at&eacute; o dia 30 de junho de 2024, sob pena de perda do direito de contrata&ccedil;&atilde;o do financiamento pelo Fies.<\/p><p>9.3. N&atilde;o haver&aacute; cobran&ccedil;a de taxa de inscri&ccedil;&atilde;o dos CANDIDATOS &agrave;s vagas ofertadas neste processo seletivo do Fies.<\/p><p>9.4. As IES participantes dever&atilde;o:<\/p><p>I &ndash; disponibilizar acesso gratuito &agrave; internet em cada local de oferta para a inscri&ccedil;&atilde;o de CANDIDATOS ao processo seletivo do Fies de que trata este Edital;<\/p><p>II &ndash; divulgar, em suas p&aacute;ginas eletr&ocirc;nicas na internet e mediante afixa&ccedil;&atilde;o em local de grande circula&ccedil;&atilde;o de estudantes, a rela&ccedil;&atilde;o dos estudantes pr&eacute;-selecionados e demais CANDIDATOS em lista de espera por cursos e turnos de cada local de oferta, observado o disposto na Lei n&ordm; 13.709, de 2018.<\/p><p>9.5. &Eacute; de exclusiva responsabilidade do CANDIDATO observar:<\/p><p>I &ndash; os prazos e os procedimentos estabelecidos neste Edital e nos demais atos normativos do Fies, assim como suas eventuais altera&ccedil;&otilde;es, divulgadas eletronicamente, no endere&ccedil;o https:\/\/acessounico.mec.gov.br\/fies, ou pela Central de Atendimento do MEC (0800 616161); e<\/p><p>II &ndash; os requisitos e os documentos exigidos para a contrata&ccedil;&atilde;o do financiamento, previstos no normativo vigente no per&iacute;odo da contrata&ccedil;&atilde;o.<\/p><p>9.6. O CANDIDATO responder&aacute; administrativa, civil e penalmente pela veracidade e pela autenticidade das informa&ccedil;&otilde;es por ele prestadas em sua inscri&ccedil;&atilde;o e no momento da comprova&ccedil;&atilde;o das informa&ccedil;&otilde;es junto &agrave; CPSA e ao agente financeiro, inclu&iacute;dos os dados socioecon&ocirc;micos pessoais e dos componentes do seu grupo familiar, e dos documentos que as comprovam.<\/p><p>9.7. Eventuais comunicados do MEC sobre o processo seletivo do Fies de que trata este Edital t&ecirc;m car&aacute;ter meramente complementar, n&atilde;o afastando a responsabilidade do CANDIDATO de se manter informado acerca dos prazos, das regras e dos procedimentos.<\/p><p>9.8. As condi&ccedil;&otilde;es, as regras e os procedimentos de financiamento pelo Fies, para os CANDIDATOS pr&eacute;-selecionados no processo seletivo de que trata este Edital, ser&atilde;o os vigentes na data de contrata&ccedil;&atilde;o do financiamento, nos termos das disposi&ccedil;&otilde;es legais constantes da Lei n&ordm; 10.260, de 2001, e nos demais normativos do Fies.<\/p><p>9.9. A Secretaria de Educa&ccedil;&atilde;o Superior, nos termos do disposto na Portaria MEC n&ordm; 209, de 7 de mar&ccedil;o de 2018, inclusive por meio da sua Diretoria de Pol&iacute;ticas e Programas de Educa&ccedil;&atilde;o Superior, poder&aacute; proceder &agrave; altera&ccedil;&atilde;o do cronograma informado neste Edital por meio de ato normativo pr&oacute;prio, caso seja necess&aacute;rio.<\/p><p>9.10. Este Edital entra em vigor na data de sua publica&ccedil;&atilde;o.<\/p><p class=\"has-text-align-right\"><em>ALEXANDRE BRASIL CARVALHO DA FONSECA<\/em><\/p><h2 class=\"wp-block-heading\" id=\"h-anexo-i\"><span class=\"ez-toc-section\" id=\"ANEXO-I\"><\/span>ANEXO I<span class=\"ez-toc-section-end\"><\/span><\/h2><h3 class=\"wp-block-heading\" id=\"h-detalhamento-dos-criterios-de-selecao-das-vagas-e-de-desempate\">DETALHAMENTO DOS CRIT&Eacute;RIOS DE SELE&Ccedil;&Atilde;O DAS VAGAS E DE DESEMPATE<\/h3><p>Considerando os crit&eacute;rios constantes do item 7 deste Edital, a sele&ccedil;&atilde;o de vagas pela Secretaria de Educa&ccedil;&atilde;o Superior do Minist&eacute;rio da Educa&ccedil;&atilde;o &ndash; SESu\/MEC dar-se-&aacute; observada a seguinte sequ&ecirc;ncia:<\/p><p>1) Tendo por base o crit&eacute;rio de disponibilidade or&ccedil;ament&aacute;ria e financeira do Fies, nos termos do inciso I do subitem 4.1 do Edital n&ordm; 18, de 2023, e de acordo com as delibera&ccedil;&otilde;es do CG-Fies e do Plano Trienal do programa, define-se o n&uacute;mero total de vagas iniciais a serem ofertadas no processo seletivo do Fies referente ao primeiro semestre de 2024.<\/p><p>2) Tendo por base o crit&eacute;rio de oferta concretizada nos cursos de Medicina, nos termos do subitem 4.1, inciso III, do Edital n&ordm; 18, de 2023, disponibiliza-se todas as vagas que forem ofertadas nesse curso, observados os limites definidos no Termo de Participa&ccedil;&atilde;o de cada mantenedora, deduzindo a oferta em Medicina do n&uacute;mero total de vagas iniciais a serem ofertadas referidas no item 1, observada a reserva de vagas prevista no subitem 2.6.4.<\/p><p>3) Tendo por base o total de inscritos nos processos seletivos do Fies do ano de 2023, calcula-se o Coeficiente de Demanda por Financiamento Estudantil &ndash; CDFE, dividindo-se o total de inscritos em cada mesorregi&atilde;o pelo total geral de inscritos.<\/p><p>4) Calcula-se o Coeficiente Final da Mesorregi&atilde;o &ndash; CFM, pela multiplica&ccedil;&atilde;o do CDFE pelo peso respectivo da mesorregi&atilde;o, de modo que a soma dos coeficientes das mesorregi&otilde;es seja igual a 1, c&aacute;lculo expresso na equa&ccedil;&atilde;o CFM = CDFE x Peso referente ao &Iacute;ndice de Desenvolvimento Humano Municipal &ndash; IDHM, observando os valores da tabela a seguir:<\/p><p>Faixas IDHM Pesos<\/p><p>Muito baixo &ndash; 0 a 0,499 1,3<\/p><p>Baixo &ndash; 0,500 a 0,599 1,2<\/p><p>M&eacute;dio &ndash; 0,600 a 0,699 1,1<\/p><p>Alto &ndash; 0,700 a 0,799 0,9<\/p><p>Muito alto &ndash; a partir de 0,800 0,7<\/p><p>4.1) Para os c&aacute;lculos do CFM e CDFE, ser&atilde;o consideradas somente as mesorregi&otilde;es em que houver oferta de vagas pelas mantenedoras para o processo seletivo do primeiro semestre de 2024, conforme os seus Termos de Participa&ccedil;&atilde;o.<\/p><p>5) Calcula-se o n&uacute;mero de vagas a serem ofertadas por mesorregi&atilde;o, por meio da multiplica&ccedil;&atilde;o do CFM pela quantidade total de vagas disponibilizadas, deduzidas as vagas referentes ao item 2 deste Anexo I.<\/p><p>6) Uma vez calculado o n&uacute;mero de vagas da mesorregi&atilde;o, computa-se a quantidade de vagas destinadas &agrave;s &aacute;reas priorit&aacute;rias, que corresponder&aacute; a 60% do total das vagas da mesorregi&atilde;o, divididas entre os subgrupos a seguir, nos seguintes percentuais:<\/p><p>&Aacute;reas Priorit&aacute;rias:<\/p><figure class=\"wp-block-table\"><table><tbody><tr><td>Engenharias, Ci&ecirc;ncias F&iacute;sicas e Computa&ccedil;&atilde;o e TIC<\/td><\/tr><tr><td>50%<\/td><\/tr><tr><td>&Aacute;rea Detalhada e Curso<\/td><\/tr><tr><td>Minera&ccedil;&atilde;o e extra&ccedil;&atilde;o<\/td><\/tr><tr><td>Engenharia qu&iacute;mica e de processos<\/td><\/tr><tr><td>Materiais<\/td><\/tr><tr><td>Engenharia e profiss&otilde;es correlatas sem defini&ccedil;&atilde;o precisa<\/td><\/tr><tr><td>Produ&ccedil;&atilde;o e processos de fabrica&ccedil;&atilde;o<\/td><\/tr><tr><td>Programas interdisciplinares abrangendo engenharia, produ&ccedil;&atilde;o e constru&ccedil;&atilde;o<\/td><\/tr><tr><td>Eletricidade e energia<\/td><\/tr><tr><td>Produ&ccedil;&atilde;o de software<\/td><\/tr><tr><td>Solu&ccedil;&otilde;es computacionais para dom&iacute;nios espec&iacute;ficos<\/td><\/tr><tr><td>F&iacute;sica<\/td><\/tr><tr><td>Eletr&ocirc;nica e automa&ccedil;&atilde;o<\/td><\/tr><tr><td>Infraestrutura e gest&atilde;o de TIC<\/td><\/tr><tr><td>Desenvolvimento de sistemas que integram software e hardware<\/td><\/tr><tr><td>Gest&atilde;o e desenvolvimento de sistemas de informa&ccedil;&atilde;o<\/td><\/tr><tr><td>Ci&ecirc;ncia da computa&ccedil;&atilde;o<\/td><\/tr><\/tbody><\/table><\/figure><figure class=\"wp-block-table\"><table><tbody><tr><td>Educa&ccedil;&atilde;o<\/td><\/tr><tr><td>35%<\/td><\/tr><tr><td>&Aacute;rea Detalhada e Curso<\/td><\/tr><tr><td>Forma&ccedil;&atilde;o de professores em &aacute;reas espec&iacute;ficas (exceto Letras)<\/td><\/tr><tr><td>Forma&ccedil;&atilde;o de professores sem &aacute;reas espec&iacute;ficas<\/td><\/tr><tr><td>Forma&ccedil;&atilde;o de professores de educa&ccedil;&atilde;o infantil<\/td><\/tr><tr><td>Forma&ccedil;&atilde;o de professores de letras<\/td><\/tr><\/tbody><\/table><\/figure><figure class=\"wp-block-table\"><table><tbody><tr><td>Sa&uacute;de<\/td><\/tr><tr><td>15%<\/td><\/tr><tr><td>&Aacute;rea Detalhada e Curso<\/td><\/tr><tr><td>Sa&uacute;de p&uacute;blica e sa&uacute;de coletiva<\/td><\/tr><tr><td>Farm&aacute;cia<\/td><\/tr><tr><td>Odontologia<\/td><\/tr><tr><td>Enfermagem<\/td><\/tr><tr><td>Tecnologia de diagn&oacute;stico e tratamento m&eacute;dico<\/td><\/tr><tr><td>Medicina e terapia tradicional e complementar<\/td><\/tr><tr><td>Promo&ccedil;&atilde;o, preven&ccedil;&atilde;o, terapia e reabilita&ccedil;&atilde;o<\/td><\/tr><\/tbody><\/table><\/figure><p>7) Aplicados os procedimentos de sele&ccedil;&atilde;o definidos nos itens anteriores, calcula-se o n&uacute;mero de vagas a serem selecionadas por &aacute;rea detalhada, observando-se os crit&eacute;rios descritos no subitem 7.3.<\/p><p>7.1 O c&aacute;lculo do n&uacute;mero de vagas destinadas a cada &aacute;rea detalhada, tanto nas &aacute;reas priorit&aacute;rias quanto nas n&atilde;o-priorit&aacute;rias, ser&aacute; feito com base na demanda por financiamento do Fies no ano de 2023.<\/p><p>8) Ap&oacute;s a defini&ccedil;&atilde;o do n&uacute;mero de vagas por grupo de &aacute;rea detalhada, realiza-se a divis&atilde;o de acordo com o seguinte:<\/p><p>I &ndash; 50% (cinquenta por cento) das vagas s&atilde;o reservadas para CANDIDATO com renda familiar per capita de at&eacute; 0,5 (meio) sal&aacute;rio-m&iacute;nimo inscrito no Cad&Uacute;nico, identificado na forma do subitem 1.4.1 deste Edital; e<\/p><p>II &ndash; 50% (cinquenta por cento) das vagas a serem destinadas para os demais CANDIDATOS.<\/p><p>8.1) Sempre que o resultado da divis&atilde;o do n&uacute;mero de vagas por grupo de &aacute;rea detalhada resultar em decimais, ser&aacute; adotado o n&uacute;mero inteiro imediatamente superior para o inciso I do item 8 deste Anexo.<\/p><p>9) A rela&ccedil;&atilde;o completa das nomenclaturas dos cursos do Cadastro e-MEC e a sua classifica&ccedil;&atilde;o nas &aacute;reas detalhadas da Cine Brasil constar&atilde;o no Portal Acesso &Uacute;nico do MEC, no endere&ccedil;o eletr&ocirc;nico https:\/\/acessounico.mec.gov.br\/fies.<\/p><h2 class=\"wp-block-heading\" id=\"h-anexo-ii\"><span class=\"ez-toc-section\" id=\"ANEXO-II\"><\/span>ANEXO II<span class=\"ez-toc-section-end\"><\/span><\/h2><h3 class=\"wp-block-heading\" id=\"h-criterios-de-redistribuicao-das-vagas\">CRIT&Eacute;RIOS DE REDISTRIBUI&Ccedil;&Atilde;O DAS VAGAS<\/h3><p>Considerando os crit&eacute;rios constantes do item 8 deste Edital, a redistribui&ccedil;&atilde;o das vagas em Grupo de Prefer&ecirc;ncia cujo n&uacute;mero de classificados seja menor que a quantidade de vagas disponibilizadas no referido Grupo dar-se-&aacute;, no momento da pr&eacute;-sele&ccedil;&atilde;o ou durante o prazo de convoca&ccedil;&atilde;o de lista de espera, observada a sequ&ecirc;ncia descrita no item supracitado, em conformidade com os seguintes procedimentos:<\/p><p>1) Primeiramente na &aacute;rea priorit&aacute;ria e, ap&oacute;s, na &aacute;rea n&atilde;o priorit&aacute;ria:<\/p><p>I &ndash; nos subgrupos dos Grupos de Prefer&ecirc;ncia destinados ao Fies Social, verificar se h&aacute; exist&ecirc;ncia de subgrupo em que a demanda seja menor que a quantidade de vagas disponibilizadas e subgrupo com demanda al&eacute;m das vagas disponibilizadas e, ap&oacute;s, redistribuir as vagas n&atilde;o demandadas proporcionalmente &agrave; demanda n&atilde;o atendida;<\/p><p>II &ndash; ap&oacute;s o procedimento do inciso I deste item, caso ainda restem vagas n&atilde;o ocupadas, reservar o saldo, para redistribui&ccedil;&atilde;o nos subgrupos n&atilde;o Fies Social, na forma do inciso III;<\/p><p>III &ndash; nos subgrupos do Grupo de Prefer&ecirc;ncia n&atilde;o destinados ao Fies Social, verificar se h&aacute; subgrupo em que a demanda seja menor que a quantidade de vagas disponibilizadas e subgrupo com demanda al&eacute;m das vagas disponibilizadas, somar o saldo calculado no inciso II com a quantidade de vagas restantes nestes subgrupos e redistribuir o montante de vagas n&atilde;o demandadas proporcionalmente &agrave; demanda n&atilde;o atendida;<\/p><p>2) Aplicar o procedimento descrito no item 1 em cada um dos grupos de Conceito Sinaes, respeitando a ordem decrescente.<\/p><p>3) Ap&oacute;s os procedimentos realizados nos itens 1 e 2, caso sobrem vagas n&atilde;o ocupadas na mesorregi&atilde;o, acumular e redistribuir na forma do Anexo I.<\/p><p>4) Prevalecendo o que for menor, o Grupo de Prefer&ecirc;ncia de destino poder&aacute; receber at&eacute; o limite:<\/p><p>I &ndash; do n&uacute;mero de vagas ofertadas pelas mantenedoras nos Termos de Participa&ccedil;&atilde;o em todos os cursos que comp&otilde;em aquele Grupo de Prefer&ecirc;ncia; e<\/p><p>II &ndash; do n&uacute;mero de candidatos classificados no processo seletivo regular ou em lista de espera, se for o caso, no Grupo de Prefer&ecirc;ncia.<\/p><p>5) Considerados a sequ&ecirc;ncia constante do item 1 e os limites dispostos no item 2, n&atilde;o havendo vagas dispon&iacute;veis para serem redistribu&iacute;das igualmente entre todos os Grupos de Prefer&ecirc;ncia, ser&atilde;o priorizados os grupos de prefer&ecirc;ncia com maior n&uacute;mero de candidatos inscritos.<\/p><h2 class=\"wp-block-heading\" id=\"como-estudar-para-o-enem-2021\"><span class=\"ez-toc-section\" id=\"Como-conseguir-uma-vaga-no-Fies\"><\/span>Como conseguir uma vaga no Fies?<span class=\"ez-toc-section-end\"><\/span><\/h2><p>Para ingressar em qualquer um dos programas de governo de acesso ao Ensino Superior, &eacute; necess&aacute;rio realizar o Enem!<\/p><p>E, para te ajudar, o Estrat&eacute;gia Vestibulares oferece diariamente aulas gratuitas no YouTube sobre todas as mat&eacute;rias que caem no Enem e em diversos vestibulares<\/p><p>Al&eacute;m disso, para aqueles que querem investir nos estudos, a plataforma tamb&eacute;m oferece um curso preparat&oacute;rio exclusivo sobre o Enem 2023, com professores especialistas na prova e com diversos benef&iacute;cios. D&aacute; s&oacute; uma olhada:&nbsp;<\/p><ul class=\"wp-block-list\">\n<li>Curso com livros digitais;<\/li>\n\n\n\n<li>Corre&ccedil;&atilde;o ilimitada de reda&ccedil;&otilde;es;<\/li>\n\n\n\n<li>F&oacute;rum de d&uacute;vidas;<\/li>\n\n\n\n<li>Simulados com quest&otilde;es in&eacute;ditas;<\/li>\n\n\n\n<li>Quest&otilde;es comentadas;<\/li>\n\n\n\n<li>Mapas mentais; e<\/li>\n\n\n\n<li>Entre muitas outras vantagens.<\/li>\n<\/ul><p>\n\n\n\n<a id=\"cta\" class=\"cta-imagem\" href=\"https:\/\/vestibulares.estrategia.com\/curso\/pacote-enem\/\" target=\"blank\">\n                <img decoding=\"async\" width=\"100%\" src=\"https:\/\/vestibulares.estrategia.com\/portal\/wp-content\/uploads\/2021\/12\/Enem.jpg\" alt=\"CTA curso Enem\" title=\"CTA curso Enem\">\n        <\/a>\n<\/p><\/p>\n","protected":false},"excerpt":{"rendered":"Confira as informa\u00e7\u00f5es mais importantes do edital do Fies 2024\/1; sele\u00e7\u00e3o \u00e9 voltada para o financiamento estudantil\n","protected":false},"author":48,"featured_media":113707,"comment_status":"closed","ping_status":"closed","sticky":false,"template":"","format":"standard","meta":{"wl_entities_gutenberg":"","footnotes":""},"categories":[824],"tags":[],"wl_entity_type":[732],"class_list":{"0":"post-113706","1":"post","2":"type-post","3":"status-publish","4":"format-standard","5":"has-post-thumbnail","7":"category-fies","8":"wl_entity_type-article"},"acf":[],"yoast_head":"<!-- This site is optimized with the Yoast SEO Premium plugin v25.9 (Yoast SEO v25.9) - https:\/\/yoast.com\/wordpress\/plugins\/seo\/ -->\n<title>Edital Fies 2024\/1 na \u00edntegra: datas, inscri\u00e7\u00f5es, vagas, resultado e mais<\/title>\n<meta name=\"description\" content=\"Confira as informa\u00e7\u00f5es mais importantes do edital do Fies 2024\/1; sele\u00e7\u00e3o \u00e9 voltada para o financiamento estudantil\" \/>\n<meta name=\"robots\" content=\"index, follow, max-snippet:-1, max-image-preview:large, max-video-preview:-1\" \/>\n<link rel=\"canonical\" href=\"https:\/\/vestibulares.estrategia.com\/portal\/enem-e-vestibulares\/fies\/edital-fies-2024-1-na-integra\/\" \/>\n<meta property=\"og:locale\" content=\"pt_BR\" \/>\n<meta property=\"og:type\" content=\"article\" \/>\n<meta property=\"og:title\" content=\"Edital Fies 2024\/1 na \u00edntegra: datas, inscri\u00e7\u00f5es, vagas, resultado e mais\" \/>\n<meta property=\"og:description\" content=\"Confira as informa\u00e7\u00f5es mais importantes do edital do Fies 2024\/1; sele\u00e7\u00e3o \u00e9 voltada para o financiamento estudantil\" \/>\n<meta property=\"og:url\" content=\"https:\/\/vestibulares.estrategia.com\/portal\/enem-e-vestibulares\/fies\/edital-fies-2024-1-na-integra\/\" \/>\n<meta property=\"og:site_name\" content=\"Estrat\u00e9gia Vestibulares\" \/>\n<meta property=\"article:publisher\" content=\"https:\/\/facebook.com\/estrategiavestibulares\" \/>\n<meta property=\"article:published_time\" content=\"2024-03-07T11:23:13+00:00\" \/>\n<meta property=\"article:modified_time\" content=\"2024-03-07T15:07:59+00:00\" \/>\n<meta property=\"og:image\" content=\"https:\/\/vestibulares.estrategia.com\/portal\/wp-content\/uploads\/2024\/03\/edital-fies-2024.1-na-integra.jpeg\" \/>\n\t<meta property=\"og:image:width\" content=\"768\" \/>\n\t<meta property=\"og:image:height\" content=\"459\" \/>\n\t<meta property=\"og:image:type\" content=\"image\/jpeg\" \/>\n<meta name=\"author\" content=\"Beatriz Santana\" \/>\n<meta name=\"twitter:card\" content=\"summary_large_image\" \/>\n<meta name=\"twitter:creator\" content=\"@Estrategiavest\" \/>\n<meta name=\"twitter:site\" content=\"@Estrategiavest\" \/>\n<meta name=\"twitter:label1\" content=\"Escrito por\" \/>\n\t<meta name=\"twitter:data1\" content=\"Beatriz Santana\" \/>\n\t<meta name=\"twitter:label2\" content=\"Est. tempo de leitura\" \/>\n\t<meta name=\"twitter:data2\" content=\"36 minutos\" \/>\n<script type=\"application\/ld+json\" class=\"yoast-schema-graph\">{\"@context\":\"https:\/\/schema.org\",\"@graph\":[{\"@type\":\"NewsArticle\",\"@id\":\"https:\/\/vestibulares.estrategia.com\/portal\/enem-e-vestibulares\/fies\/edital-fies-2024-1-na-integra\/#article\",\"isPartOf\":{\"@id\":\"https:\/\/vestibulares.estrategia.com\/portal\/enem-e-vestibulares\/fies\/edital-fies-2024-1-na-integra\/\"},\"author\":{\"name\":\"Beatriz Santana\",\"@id\":\"https:\/\/vestibulares.estrategia.com\/portal\/#\/schema\/person\/cdd941dcf53839374c0bc8d39bb0230f\"},\"headline\":\"Edital Fies 2024\/1 na \u00edntegra: datas, inscri\u00e7\u00f5es, vagas, resultado e mais\",\"datePublished\":\"2024-03-07T11:23:13+00:00\",\"dateModified\":\"2024-03-07T15:07:59+00:00\",\"mainEntityOfPage\":{\"@id\":\"https:\/\/vestibulares.estrategia.com\/portal\/enem-e-vestibulares\/fies\/edital-fies-2024-1-na-integra\/\"},\"wordCount\":7147,\"publisher\":{\"@id\":\"https:\/\/vestibulares.estrategia.com\/portal\/#organization\"},\"image\":{\"@id\":\"https:\/\/vestibulares.estrategia.com\/portal\/enem-e-vestibulares\/fies\/edital-fies-2024-1-na-integra\/#primaryimage\"},\"thumbnailUrl\":\"https:\/\/vestibulares.estrategia.com\/portal\/wp-content\/uploads\/2024\/03\/edital-fies-2024.1-na-integra.jpeg\",\"articleSection\":[\"Fies\"],\"inLanguage\":\"pt-BR\"},{\"@type\":\"WebPage\",\"@id\":\"https:\/\/vestibulares.estrategia.com\/portal\/enem-e-vestibulares\/fies\/edital-fies-2024-1-na-integra\/\",\"url\":\"https:\/\/vestibulares.estrategia.com\/portal\/enem-e-vestibulares\/fies\/edital-fies-2024-1-na-integra\/\",\"name\":\"Edital Fies 2024\/1 na \u00edntegra: datas, inscri\u00e7\u00f5es, vagas, resultado e mais\",\"isPartOf\":{\"@id\":\"https:\/\/vestibulares.estrategia.com\/portal\/#website\"},\"primaryImageOfPage\":{\"@id\":\"https:\/\/vestibulares.estrategia.com\/portal\/enem-e-vestibulares\/fies\/edital-fies-2024-1-na-integra\/#primaryimage\"},\"image\":{\"@id\":\"https:\/\/vestibulares.estrategia.com\/portal\/enem-e-vestibulares\/fies\/edital-fies-2024-1-na-integra\/#primaryimage\"},\"thumbnailUrl\":\"https:\/\/vestibulares.estrategia.com\/portal\/wp-content\/uploads\/2024\/03\/edital-fies-2024.1-na-integra.jpeg\",\"datePublished\":\"2024-03-07T11:23:13+00:00\",\"dateModified\":\"2024-03-07T15:07:59+00:00\",\"description\":\"Confira as informa\u00e7\u00f5es mais importantes do edital do Fies 2024\/1; sele\u00e7\u00e3o \u00e9 voltada para o financiamento estudantil\",\"breadcrumb\":{\"@id\":\"https:\/\/vestibulares.estrategia.com\/portal\/enem-e-vestibulares\/fies\/edital-fies-2024-1-na-integra\/#breadcrumb\"},\"inLanguage\":\"pt-BR\",\"potentialAction\":[{\"@type\":\"ReadAction\",\"target\":[\"https:\/\/vestibulares.estrategia.com\/portal\/enem-e-vestibulares\/fies\/edital-fies-2024-1-na-integra\/\"]}]},{\"@type\":\"ImageObject\",\"inLanguage\":\"pt-BR\",\"@id\":\"https:\/\/vestibulares.estrategia.com\/portal\/enem-e-vestibulares\/fies\/edital-fies-2024-1-na-integra\/#primaryimage\",\"url\":\"https:\/\/vestibulares.estrategia.com\/portal\/wp-content\/uploads\/2024\/03\/edital-fies-2024.1-na-integra.jpeg\",\"contentUrl\":\"https:\/\/vestibulares.estrategia.com\/portal\/wp-content\/uploads\/2024\/03\/edital-fies-2024.1-na-integra.jpeg\",\"width\":768,\"height\":459,\"caption\":\"Foto: Marcello Casal\/ Ag\u00eancia Brasil\"},{\"@type\":\"BreadcrumbList\",\"@id\":\"https:\/\/vestibulares.estrategia.com\/portal\/enem-e-vestibulares\/fies\/edital-fies-2024-1-na-integra\/#breadcrumb\",\"itemListElement\":[{\"@type\":\"ListItem\",\"position\":1,\"name\":\"Home\",\"item\":\"https:\/\/vestibulares.estrategia.com\/portal\/\"},{\"@type\":\"ListItem\",\"position\":2,\"name\":\"Enem e Vestibulares\",\"item\":\"https:\/\/vestibulares.estrategia.com\/portal\/enem-e-vestibulares\/\"},{\"@type\":\"ListItem\",\"position\":3,\"name\":\"Fies\",\"item\":\"https:\/\/vestibulares.estrategia.com\/portal\/enem-e-vestibulares\/fies\/\"},{\"@type\":\"ListItem\",\"position\":4,\"name\":\"Edital Fies 2024\/1 na \u00edntegra: datas, inscri\u00e7\u00f5es, vagas, resultado e mais\"}]},{\"@type\":\"WebSite\",\"@id\":\"https:\/\/vestibulares.estrategia.com\/portal\/#website\",\"url\":\"https:\/\/vestibulares.estrategia.com\/portal\/\",\"name\":\"Estrat\u00e9gia Vestibulares\",\"description\":\"\",\"publisher\":{\"@id\":\"https:\/\/vestibulares.estrategia.com\/portal\/#organization\"},\"potentialAction\":[{\"@type\":\"SearchAction\",\"target\":{\"@type\":\"EntryPoint\",\"urlTemplate\":\"https:\/\/vestibulares.estrategia.com\/portal\/?s={search_term_string}\"},\"query-input\":{\"@type\":\"PropertyValueSpecification\",\"valueRequired\":true,\"valueName\":\"search_term_string\"}}],\"inLanguage\":\"pt-BR\"},{\"@type\":\"Organization\",\"@id\":\"https:\/\/vestibulares.estrategia.com\/portal\/#organization\",\"name\":\"Estrat\u00e9gia Vestibulares\",\"url\":\"https:\/\/vestibulares.estrategia.com\/portal\/\",\"logo\":{\"@type\":\"ImageObject\",\"inLanguage\":\"pt-BR\",\"@id\":\"https:\/\/vestibulares.estrategia.com\/portal\/#\/schema\/logo\/image\/\",\"url\":\"https:\/\/vestibulares.estrategia.com\/portal\/wp-content\/uploads\/2021\/06\/Logo-Vestibulares@4x.png\",\"contentUrl\":\"https:\/\/vestibulares.estrategia.com\/portal\/wp-content\/uploads\/2021\/06\/Logo-Vestibulares@4x.png\",\"width\":250,\"height\":66,\"caption\":\"Estrat\u00e9gia Vestibulares\"},\"image\":{\"@id\":\"https:\/\/vestibulares.estrategia.com\/portal\/#\/schema\/logo\/image\/\"},\"sameAs\":[\"https:\/\/facebook.com\/estrategiavestibulares\",\"https:\/\/x.com\/Estrategiavest\",\"https:\/\/www.instagram.com\/estrategiavestibulares\",\"https:\/\/www.youtube.com\/channel\/UCGWdZy8ULI-7_5GrABa4vNA\"]},{\"@type\":\"Person\",\"@id\":\"https:\/\/vestibulares.estrategia.com\/portal\/#\/schema\/person\/cdd941dcf53839374c0bc8d39bb0230f\",\"name\":\"Beatriz Santana\",\"image\":{\"@type\":\"ImageObject\",\"inLanguage\":\"pt-BR\",\"@id\":\"https:\/\/vestibulares.estrategia.com\/portal\/#\/schema\/person\/image\/\",\"url\":\"https:\/\/vestibulares.estrategia.com\/portal\/wp-content\/uploads\/2022\/01\/WhatsApp-Image-2021-10-21-at-10.19.09-1-150x150.webp\",\"contentUrl\":\"https:\/\/vestibulares.estrategia.com\/portal\/wp-content\/uploads\/2022\/01\/WhatsApp-Image-2021-10-21-at-10.19.09-1-150x150.webp\",\"caption\":\"Beatriz Santana\"},\"description\":\"Jornalista formada pela Unesp\",\"url\":\"https:\/\/vestibulares.estrategia.com\/portal\/author\/beatriz-santana\/\"}]}<\/script>\n<!-- \/ Yoast SEO Premium plugin. -->","yoast_head_json":{"title":"Edital Fies 2024\/1 na \u00edntegra: datas, inscri\u00e7\u00f5es, vagas, resultado e mais","description":"Confira as informa\u00e7\u00f5es mais importantes do edital do Fies 2024\/1; sele\u00e7\u00e3o \u00e9 voltada para o financiamento estudantil","robots":{"index":"index","follow":"follow","max-snippet":"max-snippet:-1","max-image-preview":"max-image-preview:large","max-video-preview":"max-video-preview:-1"},"canonical":"https:\/\/vestibulares.estrategia.com\/portal\/enem-e-vestibulares\/fies\/edital-fies-2024-1-na-integra\/","og_locale":"pt_BR","og_type":"article","og_title":"Edital Fies 2024\/1 na \u00edntegra: datas, inscri\u00e7\u00f5es, vagas, resultado e mais","og_description":"Confira as informa\u00e7\u00f5es mais importantes do edital do Fies 2024\/1; sele\u00e7\u00e3o \u00e9 voltada para o financiamento estudantil","og_url":"https:\/\/vestibulares.estrategia.com\/portal\/enem-e-vestibulares\/fies\/edital-fies-2024-1-na-integra\/","og_site_name":"Estrat\u00e9gia Vestibulares","article_publisher":"https:\/\/facebook.com\/estrategiavestibulares","article_published_time":"2024-03-07T11:23:13+00:00","article_modified_time":"2024-03-07T15:07:59+00:00","og_image":[{"width":768,"height":459,"url":"https:\/\/vestibulares.estrategia.com\/portal\/wp-content\/uploads\/2024\/03\/edital-fies-2024.1-na-integra.jpeg","type":"image\/jpeg"}],"author":"Beatriz Santana","twitter_card":"summary_large_image","twitter_creator":"@Estrategiavest","twitter_site":"@Estrategiavest","twitter_misc":{"Escrito por":"Beatriz Santana","Est. tempo de leitura":"36 minutos"},"schema":{"@context":"https:\/\/schema.org","@graph":[{"@type":"NewsArticle","@id":"https:\/\/vestibulares.estrategia.com\/portal\/enem-e-vestibulares\/fies\/edital-fies-2024-1-na-integra\/#article","isPartOf":{"@id":"https:\/\/vestibulares.estrategia.com\/portal\/enem-e-vestibulares\/fies\/edital-fies-2024-1-na-integra\/"},"author":{"name":"Beatriz Santana","@id":"https:\/\/vestibulares.estrategia.com\/portal\/#\/schema\/person\/cdd941dcf53839374c0bc8d39bb0230f"},"headline":"Edital Fies 2024\/1 na \u00edntegra: datas, inscri\u00e7\u00f5es, vagas, resultado e mais","datePublished":"2024-03-07T11:23:13+00:00","dateModified":"2024-03-07T15:07:59+00:00","mainEntityOfPage":{"@id":"https:\/\/vestibulares.estrategia.com\/portal\/enem-e-vestibulares\/fies\/edital-fies-2024-1-na-integra\/"},"wordCount":7147,"publisher":{"@id":"https:\/\/vestibulares.estrategia.com\/portal\/#organization"},"image":{"@id":"https:\/\/vestibulares.estrategia.com\/portal\/enem-e-vestibulares\/fies\/edital-fies-2024-1-na-integra\/#primaryimage"},"thumbnailUrl":"https:\/\/vestibulares.estrategia.com\/portal\/wp-content\/uploads\/2024\/03\/edital-fies-2024.1-na-integra.jpeg","articleSection":["Fies"],"inLanguage":"pt-BR"},{"@type":"WebPage","@id":"https:\/\/vestibulares.estrategia.com\/portal\/enem-e-vestibulares\/fies\/edital-fies-2024-1-na-integra\/","url":"https:\/\/vestibulares.estrategia.com\/portal\/enem-e-vestibulares\/fies\/edital-fies-2024-1-na-integra\/","name":"Edital Fies 2024\/1 na \u00edntegra: datas, inscri\u00e7\u00f5es, vagas, resultado e mais","isPartOf":{"@id":"https:\/\/vestibulares.estrategia.com\/portal\/#website"},"primaryImageOfPage":{"@id":"https:\/\/vestibulares.estrategia.com\/portal\/enem-e-vestibulares\/fies\/edital-fies-2024-1-na-integra\/#primaryimage"},"image":{"@id":"https:\/\/vestibulares.estrategia.com\/portal\/enem-e-vestibulares\/fies\/edital-fies-2024-1-na-integra\/#primaryimage"},"thumbnailUrl":"https:\/\/vestibulares.estrategia.com\/portal\/wp-content\/uploads\/2024\/03\/edital-fies-2024.1-na-integra.jpeg","datePublished":"2024-03-07T11:23:13+00:00","dateModified":"2024-03-07T15:07:59+00:00","description":"Confira as informa\u00e7\u00f5es mais importantes do edital do Fies 2024\/1; sele\u00e7\u00e3o \u00e9 voltada para o financiamento estudantil","breadcrumb":{"@id":"https:\/\/vestibulares.estrategia.com\/portal\/enem-e-vestibulares\/fies\/edital-fies-2024-1-na-integra\/#breadcrumb"},"inLanguage":"pt-BR","potentialAction":[{"@type":"ReadAction","target":["https:\/\/vestibulares.estrategia.com\/portal\/enem-e-vestibulares\/fies\/edital-fies-2024-1-na-integra\/"]}]},{"@type":"ImageObject","inLanguage":"pt-BR","@id":"https:\/\/vestibulares.estrategia.com\/portal\/enem-e-vestibulares\/fies\/edital-fies-2024-1-na-integra\/#primaryimage","url":"https:\/\/vestibulares.estrategia.com\/portal\/wp-content\/uploads\/2024\/03\/edital-fies-2024.1-na-integra.jpeg","contentUrl":"https:\/\/vestibulares.estrategia.com\/portal\/wp-content\/uploads\/2024\/03\/edital-fies-2024.1-na-integra.jpeg","width":768,"height":459,"caption":"Foto: Marcello Casal\/ Ag\u00eancia Brasil"},{"@type":"BreadcrumbList","@id":"https:\/\/vestibulares.estrategia.com\/portal\/enem-e-vestibulares\/fies\/edital-fies-2024-1-na-integra\/#breadcrumb","itemListElement":[{"@type":"ListItem","position":1,"name":"Home","item":"https:\/\/vestibulares.estrategia.com\/portal\/"},{"@type":"ListItem","position":2,"name":"Enem e Vestibulares","item":"https:\/\/vestibulares.estrategia.com\/portal\/enem-e-vestibulares\/"},{"@type":"ListItem","position":3,"name":"Fies","item":"https:\/\/vestibulares.estrategia.com\/portal\/enem-e-vestibulares\/fies\/"},{"@type":"ListItem","position":4,"name":"Edital Fies 2024\/1 na \u00edntegra: datas, inscri\u00e7\u00f5es, vagas, resultado e mais"}]},{"@type":"WebSite","@id":"https:\/\/vestibulares.estrategia.com\/portal\/#website","url":"https:\/\/vestibulares.estrategia.com\/portal\/","name":"Estrat\u00e9gia Vestibulares","description":"","publisher":{"@id":"https:\/\/vestibulares.estrategia.com\/portal\/#organization"},"potentialAction":[{"@type":"SearchAction","target":{"@type":"EntryPoint","urlTemplate":"https:\/\/vestibulares.estrategia.com\/portal\/?s={search_term_string}"},"query-input":{"@type":"PropertyValueSpecification","valueRequired":true,"valueName":"search_term_string"}}],"inLanguage":"pt-BR"},{"@type":"Organization","@id":"https:\/\/vestibulares.estrategia.com\/portal\/#organization","name":"Estrat\u00e9gia Vestibulares","url":"https:\/\/vestibulares.estrategia.com\/portal\/","logo":{"@type":"ImageObject","inLanguage":"pt-BR","@id":"https:\/\/vestibulares.estrategia.com\/portal\/#\/schema\/logo\/image\/","url":"https:\/\/vestibulares.estrategia.com\/portal\/wp-content\/uploads\/2021\/06\/Logo-Vestibulares@4x.png","contentUrl":"https:\/\/vestibulares.estrategia.com\/portal\/wp-content\/uploads\/2021\/06\/Logo-Vestibulares@4x.png","width":250,"height":66,"caption":"Estrat\u00e9gia Vestibulares"},"image":{"@id":"https:\/\/vestibulares.estrategia.com\/portal\/#\/schema\/logo\/image\/"},"sameAs":["https:\/\/facebook.com\/estrategiavestibulares","https:\/\/x.com\/Estrategiavest","https:\/\/www.instagram.com\/estrategiavestibulares","https:\/\/www.youtube.com\/channel\/UCGWdZy8ULI-7_5GrABa4vNA"]},{"@type":"Person","@id":"https:\/\/vestibulares.estrategia.com\/portal\/#\/schema\/person\/cdd941dcf53839374c0bc8d39bb0230f","name":"Beatriz Santana","image":{"@type":"ImageObject","inLanguage":"pt-BR","@id":"https:\/\/vestibulares.estrategia.com\/portal\/#\/schema\/person\/image\/","url":"https:\/\/vestibulares.estrategia.com\/portal\/wp-content\/uploads\/2022\/01\/WhatsApp-Image-2021-10-21-at-10.19.09-1-150x150.webp","contentUrl":"https:\/\/vestibulares.estrategia.com\/portal\/wp-content\/uploads\/2022\/01\/WhatsApp-Image-2021-10-21-at-10.19.09-1-150x150.webp","caption":"Beatriz Santana"},"description":"Jornalista formada pela Unesp","url":"https:\/\/vestibulares.estrategia.com\/portal\/author\/beatriz-santana\/"}]}},"_wl_alt_label":[],"wl:entity_url":"https:\/\/data.wordlift.io\/wl110249\/post\/edital-fies-2024-1-na-integra","_links":{"self":[{"href":"https:\/\/vestibulares.estrategia.com\/portal\/wp-json\/wp\/v2\/posts\/113706","targetHints":{"allow":["GET"]}}],"collection":[{"href":"https:\/\/vestibulares.estrategia.com\/portal\/wp-json\/wp\/v2\/posts"}],"about":[{"href":"https:\/\/vestibulares.estrategia.com\/portal\/wp-json\/wp\/v2\/types\/post"}],"author":[{"embeddable":true,"href":"https:\/\/vestibulares.estrategia.com\/portal\/wp-json\/wp\/v2\/users\/48"}],"replies":[{"embeddable":true,"href":"https:\/\/vestibulares.estrategia.com\/portal\/wp-json\/wp\/v2\/comments?post=113706"}],"version-history":[{"count":4,"href":"https:\/\/vestibulares.estrategia.com\/portal\/wp-json\/wp\/v2\/posts\/113706\/revisions"}],"predecessor-version":[{"id":123519,"href":"https:\/\/vestibulares.estrategia.com\/portal\/wp-json\/wp\/v2\/posts\/113706\/revisions\/123519"}],"wp:featuredmedia":[{"embeddable":true,"href":"https:\/\/vestibulares.estrategia.com\/portal\/wp-json\/wp\/v2\/media\/113707"}],"wp:attachment":[{"href":"https:\/\/vestibulares.estrategia.com\/portal\/wp-json\/wp\/v2\/media?parent=113706"}],"wp:term":[{"taxonomy":"category","embeddable":true,"href":"https:\/\/vestibulares.estrategia.com\/portal\/wp-json\/wp\/v2\/categories?post=113706"},{"taxonomy":"post_tag","embeddable":true,"href":"https:\/\/vestibulares.estrategia.com\/portal\/wp-json\/wp\/v2\/tags?post=113706"},{"taxonomy":"wl_entity_type","embeddable":true,"href":"https:\/\/vestibulares.estrategia.com\/portal\/wp-json\/wp\/v2\/wl_entity_type?post=113706"}],"curies":[{"name":"wp","href":"https:\/\/api.w.org\/{rel}","templated":true}]}}