{"id":114817,"date":"2024-03-28T18:00:00","date_gmt":"2024-03-28T21:00:00","guid":{"rendered":"https:\/\/vestibulares.estrategia.com\/portal\/?p=114817"},"modified":"2024-04-01T17:05:42","modified_gmt":"2024-04-01T20:05:42","slug":"raca-e-etnia","status":"publish","type":"post","link":"https:\/\/vestibulares.estrategia.com\/portal\/materias\/sociologia\/raca-e-etnia\/","title":{"rendered":"Ra\u00e7a e etnia: qual a diferen\u00e7a entre esses conceitos?"},"content":{"rendered":"<p>Os conceitos de ra&ccedil;a e etnia est&atilde;o em destaque na sociedade atual, com diversos debates sobre desigualdade &eacute;tnica, quest&otilde;es socioculturais, vis&otilde;es hist&oacute;ricas, estruturas institucionais, projetos pol&iacute;ticos, entre outros temas relacionados. Todas essas nuances que se embasam na sociologia para o estudo do racismo e das constru&ccedil;&otilde;es hist&oacute;rico-sociais ao longo do tempo.&nbsp;<p>Embora, muitas vezes, utilizados como sin&ocirc;nimos, os termos ra&ccedil;a e etnia podem ser compreendidos de maneiras diferentes e, a depender do contexto, podem expressar um palavreado pejorativo.<\/p><p>Seja em conversas informais, na interpreta&ccedil;&atilde;o de um texto ou na escrita de uma reda&ccedil;&atilde;o no vestibular, &eacute; importante compreender as diferen&ccedil;as e semelhan&ccedil;as entre ra&ccedil;a e etnia, para garantir uma comunica&ccedil;&atilde;o assertiva. Para te ajudar nessa compreens&atilde;o, acompanhe este artigo do Estrat&eacute;gia Vestibulares que aborda ambos os conceitos.<\/p><div id=\"ez-toc-container\" class=\"ez-toc-v2_0_76 counter-hierarchy ez-toc-counter ez-toc-transparent ez-toc-container-direction\">\n<div class=\"ez-toc-title-container\"><p class=\"ez-toc-title\" style=\"cursor:inherit\">Navegue pelo conte\u00fado<\/p>\n<\/div><nav><ul class='ez-toc-list ez-toc-list-level-1 ' ><li class='ez-toc-page-1 ez-toc-heading-level-2'><a class=\"ez-toc-link ez-toc-heading-1\" href=\"https:\/\/vestibulares.estrategia.com\/portal\/materias\/sociologia\/raca-e-etnia\/#Diferencas-e-semelhancas-raca-e-etnia\" >Diferen&ccedil;as e semelhan&ccedil;as: ra&ccedil;a e etnia<\/a><\/li><li class='ez-toc-page-1 ez-toc-heading-level-2'><a class=\"ez-toc-link ez-toc-heading-2\" href=\"https:\/\/vestibulares.estrategia.com\/portal\/materias\/sociologia\/raca-e-etnia\/#Linguagem-historia-e-preconceitos-raca-e-etnia\" >Linguagem, hist&oacute;ria e preconceitos: ra&ccedil;a e etnia<\/a><\/li><li class='ez-toc-page-1 ez-toc-heading-level-2'><a class=\"ez-toc-link ez-toc-heading-3\" href=\"https:\/\/vestibulares.estrategia.com\/portal\/materias\/sociologia\/raca-e-etnia\/#Questoes-sobre-raca-e-etnia-no-Enem\" >Quest&otilde;es sobre ra&ccedil;a e etnia no Enem&nbsp;<\/a><\/li><li class='ez-toc-page-1 ez-toc-heading-level-2'><a class=\"ez-toc-link ez-toc-heading-4\" href=\"https:\/\/vestibulares.estrategia.com\/portal\/materias\/sociologia\/raca-e-etnia\/#Estude-mais-com-o-Estrategia-Vestibulares\" >Estude mais com o Estrat&eacute;gia Vestibulares!<\/a><\/li><\/ul><\/nav><\/div>\n<h2 class=\"wp-block-heading\" id=\"h-diferencas-e-semelhancas-raca-e-etnia\"><span class=\"ez-toc-section\" id=\"Diferencas-e-semelhancas-raca-e-etnia\"><\/span>Diferen&ccedil;as e semelhan&ccedil;as: ra&ccedil;a e etnia<span class=\"ez-toc-section-end\"><\/span><\/h2><h3 class=\"wp-block-heading\" id=\"h-raca\">Ra&ccedil;a<\/h3><p>O conceito de ra&ccedil;a remonta ao s&eacute;culo XIX, quando o estudo do ser humano enquanto esp&eacute;cie tinha um importante car&aacute;ter euroc&ecirc;ntrico. Grande parte dos pesquisadores da &eacute;poca tinha origem caucasiana e\/ou pele branca, com predomin&acirc;ncia dos olhos e cabelos claros.&nbsp;<\/p><p>Ao mesmo tempo, desenvolveram-se teorias que comparavam as civiliza&ccedil;&otilde;es de outros continentes com as popula&ccedil;&otilde;es europeias. Como os recursos naturais, o curso hist&oacute;rico, as culturas, os h&aacute;bitos e outros aspectos eram muito diferentes, muitos desses estudiosos come&ccedil;aram a classificar os povos e sociedades europeias como superiores a outros povos.&nbsp;<\/p><p>Do ponto de vista biol&oacute;gico, ent&atilde;o, cientistas queriam entender se havia uma diferen&ccedil;a significativa na forma&ccedil;&atilde;o de diferentes grupos humanos espalhados ao redor da Terra. Foi assim que surgiu a ideia de diferentes &ldquo;ra&ccedil;as&rdquo; de seres humanos, como se houvesse uma categoriza&ccedil;&atilde;o e hierarquiza&ccedil;&atilde;o dos humanos. Nesses casos, povos que vivenciavam uma civiliza&ccedil;&atilde;o que n&atilde;o estivesse nos moldes europeus eram considerados inferiores, principalmente negros, ind&iacute;genas e asi&aacute;ticos.<\/p><p>O evento que mais destaca essa vis&atilde;o euroc&ecirc;ntrica e etnoc&ecirc;ntrica da ci&ecirc;ncia foi a Segunda Guerra Mundial. As motiva&ccedil;&otilde;es de Hitler e outros participantes do partido nazista inclu&iacute;am quest&otilde;es raciais.&nbsp;<\/p><p>Para contextualizar, ent&atilde;o, independentemente das origens do termo, a palavra ra&ccedil;a faz refer&ecirc;ncia aos fen&oacute;tipos encontrados entre os humanos, dividindo-os conforme suas caracter&iacute;sticas f&iacute;sicas.&nbsp;<\/p><p>Atualmente, &eacute; um termo em desuso porque os estudos cient&iacute;ficos mais atuais demonstram que n&atilde;o h&aacute; altera&ccedil;&otilde;es significativas no desenvolvimento e forma&ccedil;&atilde;o gen&eacute;tica dos humanos distribu&iacute;dos em todos os continentes. Assim, a esp&eacute;cie humana &eacute; &uacute;nica, sem ra&ccedil;as, apesar de existirem dezenas de cores de olhos, variadas cores de pele, tipos de cabelo, alturas, formatos de cr&acirc;nio e corpo, entre outros atributos t&atilde;o diversos entre os indiv&iacute;duos.&nbsp;<\/p><h3 class=\"wp-block-heading\" id=\"h-etnia\">Etnia<\/h3><p>O conceito de etnia, por sua vez, surgiu em um contexto sociol&oacute;gico. Trata-se de um texto de ampla utiliza&ccedil;&atilde;o nas ci&ecirc;ncias humanas, porque abrange os diferentes grupos humanos com base em caracter&iacute;sticas que consideram o ser humano em sua integralidade.&nbsp;<\/p><p>A ideia de etnia abrange, al&eacute;m de apar&ecirc;ncia f&iacute;sica, as diferentes nuances de cultura, comportamentos, nacionalidade, religi&atilde;o, l&iacute;ngua, culin&aacute;ria, tradi&ccedil;&otilde;es m&iacute;sticas e familiares de cada grupo humano. H&aacute; uma tend&ecirc;ncia em abandonar o ponto de vista biol&oacute;gico, racional e objetivo para uma compreens&atilde;o mais sociol&oacute;gica, subjetiva, inclusiva.&nbsp;<\/p><p>Em um grupo &eacute;tnico h&aacute; uma no&ccedil;&atilde;o de pertencimento, em que indiv&iacute;duos compartilham de elos s&oacute;cio-culturais, inclusive a linguagem. No Brasil, por exemplo, existem mais de 300 etnias ind&iacute;genas, que falam, juntas, mais de 250 l&iacute;nguas.<\/p><p>Uma das formas de marcar uma etnia, por exemplo, s&atilde;o as tradi&ccedil;&otilde;es religiosas. Seja por meio de batismos, dan&ccedil;as espec&iacute;ficas, festas de celebra&ccedil;&atilde;o ou rituais de passagem da vida infantil para a vida adulta. Esses eventos unem os indiv&iacute;duos de cada etnia, diferenciando-os do mundo.&nbsp;<\/p><p>Na compreens&atilde;o de etnia, abandona-se a ideia de hierarquia entre os grupos humanos. Adota-se, ent&atilde;o, uma vis&atilde;o de que cada c&iacute;rculo social apresenta uma complexidade &uacute;nica e valiosa em si mesma, o que confere um olhar social menos enviesado sobre essas pessoas.&nbsp;<\/p><p>Em geral, uma etnia tamb&eacute;m n&atilde;o deve ser considerada um grupo r&iacute;gido, que deve seguir inquestionavelmente as mesmas tradi&ccedil;&otilde;es. Por vezes, o contato com outras culturas e formas de organiza&ccedil;&atilde;o resulta em troca de experi&ecirc;ncias, que influenciam ambas as popula&ccedil;&otilde;es que se comunicaram &mdash; assim, uma adota ou adapta costumes da outra e, dessa forma, os conceitos &eacute;tnicos tamb&eacute;m s&atilde;o mut&aacute;veis.&nbsp;<\/p><p>+ Veja tamb&eacute;m: <a href=\"https:\/\/vestibulares.estrategia.com\/portal\/materias\/sociologia\/etnocentrismo\/\" target=\"_blank\">Etnocentrismo: conceito, caracter&iacute;sticas e como &eacute; cobrado no Vestibular<\/a><br><a href=\"https:\/\/vestibulares.estrategia.com\/portal\/materias\/sociologia\/problemas-sociais-urbanos\/\" target=\"_blank\">Problemas sociais urbanos: quais s&atilde;o e como afetam a realidade<\/a><\/p><h2 class=\"wp-block-heading\" id=\"h-linguagem-historia-e-preconceitos-raca-e-etnia\"><span class=\"ez-toc-section\" id=\"Linguagem-historia-e-preconceitos-raca-e-etnia\"><\/span>Linguagem, hist&oacute;ria e preconceitos: ra&ccedil;a e etnia<span class=\"ez-toc-section-end\"><\/span><\/h2><p>A compreens&atilde;o desses termos, permite um racioc&iacute;nio sobre a import&acirc;ncia da l&iacute;ngua ser uma ferramenta din&acirc;mica de comunica&ccedil;&atilde;o entre os povos. Por vezes, um termo n&atilde;o &eacute; suficiente para expressar a magnitude e diferentes aspectos de conceito que parece muito parecido, como podemos ver com ra&ccedil;a, que aborda um ponto de vista mais biol&oacute;gico, e etnia, que transmite uma vis&atilde;o mais ampla sobre a quest&atilde;o.&nbsp;<\/p><p>Al&eacute;m disso, o hist&oacute;rico associado aos termos permite compreender porque ainda s&atilde;o empregadas palavras como &ldquo;racismo&rdquo; e &ldquo;preconceito racial&rdquo;: se ra&ccedil;a trata-se da hierarquiza&ccedil;&atilde;o dos seres humanos conforme suas caracter&iacute;sticas f&iacute;sicas, ent&atilde;o o preconceito associado a elas deve ser derivado dessa ideia.<\/p><figure class=\"wp-block-embed is-type-video is-provider-youtube wp-block-embed-youtube wp-embed-aspect-16-9 wp-has-aspect-ratio\"><div class=\"wp-block-embed__wrapper\">\n<div class=\"cs-embed cs-embed-responsive\"><iframe title=\"Do stand-up ao futebol: existe racismo recreativo? - Profa. Ale Lopes\" width=\"1200\" height=\"675\" src=\"https:\/\/www.youtube.com\/embed\/Yl2Albl2OmA?feature=oembed\" frameborder=\"0\" allow=\"accelerometer; autoplay; clipboard-write; encrypted-media; gyroscope; picture-in-picture; web-share\" referrerpolicy=\"strict-origin-when-cross-origin\" allowfullscreen><\/iframe><\/div>\n<\/div><\/figure><h2 class=\"wp-block-heading\" id=\"h-questoes-sobre-raca-e-etnia-no-enem-nbsp\"><span class=\"ez-toc-section\" id=\"Questoes-sobre-raca-e-etnia-no-Enem\"><\/span>Quest&otilde;es sobre ra&ccedil;a e etnia no Enem&nbsp;<span class=\"ez-toc-section-end\"><\/span><\/h2><p>Na quest&atilde;o abaixo, &eacute; explorada a tem&aacute;tica do colonialismo, preconceito e constru&ccedil;&atilde;o social do negro em meio a uma sociedade centrada na ideia de ra&ccedil;a como hierarquia, que inferiorizava&nbsp; pessoas com pele escura, cabelos crepos, l&aacute;bios e narizes mais protuberantes. Tente resolver sozinho e depois acompanhe a resolu&ccedil;&atilde;o proposta pela Coruja.<\/p><p>Enem (2017)<\/p><p>TEXTO I<\/p><p>Frantz Fanon publicou pela primeira vez, em 1952, seu estudo sobre colonialismo e racismo, Pele negra, m&aacute;scaras brancas. Ao dizer que &ldquo;para o negro, h&aacute; somente um destino&rdquo; e que esse destino &eacute; branco, Fanon revelou que as aspira&ccedil;&otilde;es de muitos povos colonizados foram formadas pelo pensamento colonial predominante.<\/p><p><em>BUCKINGHAM, W. et al. O livro da filosofia. S&atilde;o Paulo: Globo, 2011 (adaptado).<\/em><\/p><p>TEXTO II<\/p><p>Mesmo que n&atilde;o queiramos cobrar desses estabelecimentos (sal&otilde;es de beleza) uma efic&aacute;cia pol&iacute;tica nos moldes tradicionais da milit&acirc;ncia, uma vez que s&atilde;o estabelecimentos comerciais e n&atilde;o entidades do movimento negro, o fato &eacute; que, ao se autodenominarem &ldquo;&eacute;tnicos&rdquo; e se apregoarem como divulgadores de uma autoimagem positiva do negro em uma sociedade racista, os sal&otilde;es se colocam no cerne de uma luta pol&iacute;tica e ideol&oacute;gica.<\/p><p><em>GOMES, N. Corpo e cabelo como s&iacute;mbolos da identidade negra. Dispon&iacute;vel em: www.rizoma.ufsc.br. Acesso em: 13 fev. 2013.<\/em><\/p><p>Os textos apresentam uma mudan&ccedil;a relevante na constitui&ccedil;&atilde;o identit&aacute;ria frente &agrave; discrimina&ccedil;&atilde;o racial. No Brasil, o desdobramento dessa mudan&ccedil;a revela o(a)<\/p><p><strong>A) <\/strong>valoriza&ccedil;&atilde;o de tra&ccedil;os culturais.&nbsp;&nbsp;<br><strong>B) <\/strong>utiliza&ccedil;&atilde;o de resist&ecirc;ncia violenta.&nbsp;&nbsp;<br><strong>C) <\/strong>fortalecimento da organiza&ccedil;&atilde;o partid&aacute;ria.&nbsp;&nbsp;<br><strong>D) <\/strong>enfraquecimento dos v&iacute;nculos comunit&aacute;rios.&nbsp;<br><strong>E) <\/strong>aceita&ccedil;&atilde;o de estruturas de submiss&atilde;o social.<\/p><p><strong>Resposta: <\/strong>Os textos apresentam movimentos que se chocam, pois, de um lado, h&aacute; a &ecirc;nfase hist&oacute;rica do pensamento colonialista &ndash;ou seja, a imposi&ccedil;&atilde;o de um padr&atilde;o branco europeu -, do outro, a busca por uma &ldquo;autoimagem positiva&rdquo;. Isso porque, o &ldquo;padr&atilde;o branco europeu&rdquo; em quest&atilde;o afirma que negros seriam inferiores. Assim, estamos diante de um confronto, sendo que a identidade racial negra, a partir da imagem, busca reconstruir sua imagem cultural. A alternativa correta demonstra j&aacute; que o tipo de atitude apresentada Texto II, que visa a valoriza&ccedil;&atilde;o de tra&ccedil;os culturais.<\/p><h2 class=\"wp-block-heading\" id=\"h-estude-mais-com-o-estrategia-vestibulares\"><span class=\"ez-toc-section\" id=\"Estude-mais-com-o-Estrategia-Vestibulares\"><\/span>Estude mais com o Estrat&eacute;gia Vestibulares!<span class=\"ez-toc-section-end\"><\/span><\/h2><p>No Estrat&eacute;gia, durante seu per&iacute;odo de prepara&ccedil;&atilde;o, al&eacute;m das aulas e materiais did&aacute;ticos exclusivos, voc&ecirc; tem acesso a muitos testes e resolu&ccedil;&atilde;o de quest&otilde;es, para tirar suas d&uacute;vidas e expor suas habilidades e pontos a serem aprimorados. Tudo isso fortalece seu conhecimento e te ajuda na jornada rumo &agrave; aprova&ccedil;&atilde;o. Clique no banner abaixo e saiba mais!<\/p><p>\n\n\n\n<a id=\"cta\" class=\"cta-imagem\" href=\"https:\/\/vestibulares.estrategia.com\/cursos\/\" target=\"blank\">\n                <img decoding=\"async\" width=\"100%\" src=\"https:\/\/vestibulares.estrategia.com\/portal\/wp-content\/uploads\/2021\/12\/EV1.jpg\" alt=\"CTA - Estrat\u00e9gia Vestibulares 1\" title=\"CTA - Estrat\u00e9gia Vestibulares 1\">\n        <\/a>\n\n\n\n\n<\/p><\/p>\n","protected":false},"excerpt":{"rendered":"Os conceitos de ra&ccedil;a e etnia est&atilde;o em destaque na sociedade atual, com diversos debates sobre desigualdade &eacute;tnica,&hellip;\n","protected":false},"author":23,"featured_media":114794,"comment_status":"closed","ping_status":"closed","sticky":false,"template":"","format":"standard","meta":{"wl_entities_gutenberg":"","footnotes":""},"categories":[30],"tags":[],"wl_entity_type":[732],"class_list":{"0":"post-114817","1":"post","2":"type-post","3":"status-publish","4":"format-standard","5":"has-post-thumbnail","7":"category-sociologia","8":"wl_entity_type-article"},"acf":[],"yoast_head":"<!-- This site is optimized with the Yoast SEO Premium plugin v25.9 (Yoast SEO v25.9) - https:\/\/yoast.com\/wordpress\/plugins\/seo\/ -->\n<title>Ra\u00e7a e etnia: qual a diferen\u00e7a entre esses conceitos?<\/title>\n<meta name=\"description\" content=\"Os conceitos de ra\u00e7a e etnia est\u00e3o em destaque na sociedade, com debates sobre desigualdade \u00e9tnica e quest\u00f5es socioculturais. Conhe\u00e7a-os!\" \/>\n<meta name=\"robots\" content=\"index, follow, max-snippet:-1, max-image-preview:large, max-video-preview:-1\" \/>\n<link rel=\"canonical\" href=\"https:\/\/vestibulares.estrategia.com\/portal\/materias\/sociologia\/raca-e-etnia\/\" \/>\n<meta property=\"og:locale\" content=\"pt_BR\" \/>\n<meta property=\"og:type\" content=\"article\" \/>\n<meta property=\"og:title\" content=\"Ra\u00e7a e etnia: qual a diferen\u00e7a entre esses conceitos?\" \/>\n<meta property=\"og:description\" content=\"Os conceitos de ra\u00e7a e etnia est\u00e3o em destaque na sociedade, com debates sobre desigualdade \u00e9tnica e quest\u00f5es socioculturais. Conhe\u00e7a-os!\" \/>\n<meta property=\"og:url\" content=\"https:\/\/vestibulares.estrategia.com\/portal\/materias\/sociologia\/raca-e-etnia\/\" \/>\n<meta property=\"og:site_name\" content=\"Estrat\u00e9gia Vestibulares\" \/>\n<meta property=\"article:publisher\" content=\"https:\/\/facebook.com\/estrategiavestibulares\" \/>\n<meta property=\"article:published_time\" content=\"2024-03-28T21:00:00+00:00\" \/>\n<meta property=\"article:modified_time\" content=\"2024-04-01T20:05:42+00:00\" \/>\n<meta property=\"og:image\" content=\"https:\/\/vestibulares.estrategia.com\/portal\/wp-content\/uploads\/2024\/03\/clay-banks-LjqARJaJotc-unsplash.jpg\" \/>\n\t<meta property=\"og:image:width\" content=\"1920\" \/>\n\t<meta property=\"og:image:height\" content=\"1440\" \/>\n\t<meta property=\"og:image:type\" content=\"image\/jpeg\" \/>\n<meta name=\"author\" content=\"Kauane Elias\" \/>\n<meta name=\"twitter:card\" content=\"summary_large_image\" \/>\n<meta name=\"twitter:creator\" content=\"@Estrategiavest\" \/>\n<meta name=\"twitter:site\" content=\"@Estrategiavest\" \/>\n<meta name=\"twitter:label1\" content=\"Escrito por\" \/>\n\t<meta name=\"twitter:data1\" content=\"Kauane Elias\" \/>\n\t<meta name=\"twitter:label2\" content=\"Est. tempo de leitura\" \/>\n\t<meta name=\"twitter:data2\" content=\"7 minutos\" \/>\n<script type=\"application\/ld+json\" class=\"yoast-schema-graph\">{\"@context\":\"https:\/\/schema.org\",\"@graph\":[{\"@type\":\"Article\",\"@id\":\"https:\/\/vestibulares.estrategia.com\/portal\/materias\/sociologia\/raca-e-etnia\/#article\",\"isPartOf\":{\"@id\":\"https:\/\/vestibulares.estrategia.com\/portal\/materias\/sociologia\/raca-e-etnia\/\"},\"author\":{\"name\":\"Kauane Elias\",\"@id\":\"https:\/\/vestibulares.estrategia.com\/portal\/#\/schema\/person\/c3c8aff2b0e78cda59fba186b818b7b1\"},\"headline\":\"Ra\u00e7a e etnia: qual a diferen\u00e7a entre esses conceitos?\",\"datePublished\":\"2024-03-28T21:00:00+00:00\",\"dateModified\":\"2024-04-01T20:05:42+00:00\",\"mainEntityOfPage\":{\"@id\":\"https:\/\/vestibulares.estrategia.com\/portal\/materias\/sociologia\/raca-e-etnia\/\"},\"wordCount\":1453,\"publisher\":{\"@id\":\"https:\/\/vestibulares.estrategia.com\/portal\/#organization\"},\"image\":{\"@id\":\"https:\/\/vestibulares.estrategia.com\/portal\/materias\/sociologia\/raca-e-etnia\/#primaryimage\"},\"thumbnailUrl\":\"https:\/\/vestibulares.estrategia.com\/portal\/wp-content\/uploads\/2024\/03\/clay-banks-LjqARJaJotc-unsplash.jpg\",\"articleSection\":[\"Sociologia\"],\"inLanguage\":\"pt-BR\"},{\"@type\":\"WebPage\",\"@id\":\"https:\/\/vestibulares.estrategia.com\/portal\/materias\/sociologia\/raca-e-etnia\/\",\"url\":\"https:\/\/vestibulares.estrategia.com\/portal\/materias\/sociologia\/raca-e-etnia\/\",\"name\":\"Ra\u00e7a e etnia: qual a diferen\u00e7a entre esses conceitos?\",\"isPartOf\":{\"@id\":\"https:\/\/vestibulares.estrategia.com\/portal\/#website\"},\"primaryImageOfPage\":{\"@id\":\"https:\/\/vestibulares.estrategia.com\/portal\/materias\/sociologia\/raca-e-etnia\/#primaryimage\"},\"image\":{\"@id\":\"https:\/\/vestibulares.estrategia.com\/portal\/materias\/sociologia\/raca-e-etnia\/#primaryimage\"},\"thumbnailUrl\":\"https:\/\/vestibulares.estrategia.com\/portal\/wp-content\/uploads\/2024\/03\/clay-banks-LjqARJaJotc-unsplash.jpg\",\"datePublished\":\"2024-03-28T21:00:00+00:00\",\"dateModified\":\"2024-04-01T20:05:42+00:00\",\"description\":\"Os conceitos de ra\u00e7a e etnia est\u00e3o em destaque na sociedade, com debates sobre desigualdade \u00e9tnica e quest\u00f5es socioculturais. Conhe\u00e7a-os!\",\"breadcrumb\":{\"@id\":\"https:\/\/vestibulares.estrategia.com\/portal\/materias\/sociologia\/raca-e-etnia\/#breadcrumb\"},\"inLanguage\":\"pt-BR\",\"potentialAction\":[{\"@type\":\"ReadAction\",\"target\":[\"https:\/\/vestibulares.estrategia.com\/portal\/materias\/sociologia\/raca-e-etnia\/\"]}]},{\"@type\":\"ImageObject\",\"inLanguage\":\"pt-BR\",\"@id\":\"https:\/\/vestibulares.estrategia.com\/portal\/materias\/sociologia\/raca-e-etnia\/#primaryimage\",\"url\":\"https:\/\/vestibulares.estrategia.com\/portal\/wp-content\/uploads\/2024\/03\/clay-banks-LjqARJaJotc-unsplash.jpg\",\"contentUrl\":\"https:\/\/vestibulares.estrategia.com\/portal\/wp-content\/uploads\/2024\/03\/clay-banks-LjqARJaJotc-unsplash.jpg\",\"width\":1920,\"height\":1440},{\"@type\":\"BreadcrumbList\",\"@id\":\"https:\/\/vestibulares.estrategia.com\/portal\/materias\/sociologia\/raca-e-etnia\/#breadcrumb\",\"itemListElement\":[{\"@type\":\"ListItem\",\"position\":1,\"name\":\"Home\",\"item\":\"https:\/\/vestibulares.estrategia.com\/portal\/\"},{\"@type\":\"ListItem\",\"position\":2,\"name\":\"Mat\u00e9rias\",\"item\":\"https:\/\/vestibulares.estrategia.com\/portal\/materias\/\"},{\"@type\":\"ListItem\",\"position\":3,\"name\":\"Sociologia\",\"item\":\"https:\/\/vestibulares.estrategia.com\/portal\/materias\/sociologia\/\"},{\"@type\":\"ListItem\",\"position\":4,\"name\":\"Ra\u00e7a e etnia: qual a diferen\u00e7a entre esses conceitos?\"}]},{\"@type\":\"WebSite\",\"@id\":\"https:\/\/vestibulares.estrategia.com\/portal\/#website\",\"url\":\"https:\/\/vestibulares.estrategia.com\/portal\/\",\"name\":\"Estrat\u00e9gia Vestibulares\",\"description\":\"\",\"publisher\":{\"@id\":\"https:\/\/vestibulares.estrategia.com\/portal\/#organization\"},\"potentialAction\":[{\"@type\":\"SearchAction\",\"target\":{\"@type\":\"EntryPoint\",\"urlTemplate\":\"https:\/\/vestibulares.estrategia.com\/portal\/?s={search_term_string}\"},\"query-input\":{\"@type\":\"PropertyValueSpecification\",\"valueRequired\":true,\"valueName\":\"search_term_string\"}}],\"inLanguage\":\"pt-BR\"},{\"@type\":\"Organization\",\"@id\":\"https:\/\/vestibulares.estrategia.com\/portal\/#organization\",\"name\":\"Estrat\u00e9gia Vestibulares\",\"url\":\"https:\/\/vestibulares.estrategia.com\/portal\/\",\"logo\":{\"@type\":\"ImageObject\",\"inLanguage\":\"pt-BR\",\"@id\":\"https:\/\/vestibulares.estrategia.com\/portal\/#\/schema\/logo\/image\/\",\"url\":\"https:\/\/vestibulares.estrategia.com\/portal\/wp-content\/uploads\/2021\/06\/Logo-Vestibulares@4x.png\",\"contentUrl\":\"https:\/\/vestibulares.estrategia.com\/portal\/wp-content\/uploads\/2021\/06\/Logo-Vestibulares@4x.png\",\"width\":250,\"height\":66,\"caption\":\"Estrat\u00e9gia Vestibulares\"},\"image\":{\"@id\":\"https:\/\/vestibulares.estrategia.com\/portal\/#\/schema\/logo\/image\/\"},\"sameAs\":[\"https:\/\/facebook.com\/estrategiavestibulares\",\"https:\/\/x.com\/Estrategiavest\",\"https:\/\/www.instagram.com\/estrategiavestibulares\",\"https:\/\/www.youtube.com\/channel\/UCGWdZy8ULI-7_5GrABa4vNA\"]},{\"@type\":\"Person\",\"@id\":\"https:\/\/vestibulares.estrategia.com\/portal\/#\/schema\/person\/c3c8aff2b0e78cda59fba186b818b7b1\",\"name\":\"Kauane Elias\",\"image\":{\"@type\":\"ImageObject\",\"inLanguage\":\"pt-BR\",\"@id\":\"https:\/\/vestibulares.estrategia.com\/portal\/#\/schema\/person\/image\/\",\"url\":\"https:\/\/secure.gravatar.com\/avatar\/81836e2e844ccd58ea28aa1cf206f0c2?s=96&d=mm&r=g\",\"contentUrl\":\"https:\/\/secure.gravatar.com\/avatar\/81836e2e844ccd58ea28aa1cf206f0c2?s=96&d=mm&r=g\",\"caption\":\"Kauane Elias\"},\"description\":\"Medicina - Unicamp. F\u00e9. \\\"Um mundo melhor come\u00e7a na transforma\u00e7\u00e3o do pr\u00f3prio mundo!\\\"\",\"url\":\"https:\/\/vestibulares.estrategia.com\/portal\/author\/kauane\/\"}]}<\/script>\n<!-- \/ Yoast SEO Premium plugin. -->","yoast_head_json":{"title":"Ra\u00e7a e etnia: qual a diferen\u00e7a entre esses conceitos?","description":"Os conceitos de ra\u00e7a e etnia est\u00e3o em destaque na sociedade, com debates sobre desigualdade \u00e9tnica e quest\u00f5es socioculturais. Conhe\u00e7a-os!","robots":{"index":"index","follow":"follow","max-snippet":"max-snippet:-1","max-image-preview":"max-image-preview:large","max-video-preview":"max-video-preview:-1"},"canonical":"https:\/\/vestibulares.estrategia.com\/portal\/materias\/sociologia\/raca-e-etnia\/","og_locale":"pt_BR","og_type":"article","og_title":"Ra\u00e7a e etnia: qual a diferen\u00e7a entre esses conceitos?","og_description":"Os conceitos de ra\u00e7a e etnia est\u00e3o em destaque na sociedade, com debates sobre desigualdade \u00e9tnica e quest\u00f5es socioculturais. Conhe\u00e7a-os!","og_url":"https:\/\/vestibulares.estrategia.com\/portal\/materias\/sociologia\/raca-e-etnia\/","og_site_name":"Estrat\u00e9gia Vestibulares","article_publisher":"https:\/\/facebook.com\/estrategiavestibulares","article_published_time":"2024-03-28T21:00:00+00:00","article_modified_time":"2024-04-01T20:05:42+00:00","og_image":[{"width":1920,"height":1440,"url":"https:\/\/vestibulares.estrategia.com\/portal\/wp-content\/uploads\/2024\/03\/clay-banks-LjqARJaJotc-unsplash.jpg","type":"image\/jpeg"}],"author":"Kauane Elias","twitter_card":"summary_large_image","twitter_creator":"@Estrategiavest","twitter_site":"@Estrategiavest","twitter_misc":{"Escrito por":"Kauane Elias","Est. tempo de leitura":"7 minutos"},"schema":{"@context":"https:\/\/schema.org","@graph":[{"@type":"Article","@id":"https:\/\/vestibulares.estrategia.com\/portal\/materias\/sociologia\/raca-e-etnia\/#article","isPartOf":{"@id":"https:\/\/vestibulares.estrategia.com\/portal\/materias\/sociologia\/raca-e-etnia\/"},"author":{"name":"Kauane Elias","@id":"https:\/\/vestibulares.estrategia.com\/portal\/#\/schema\/person\/c3c8aff2b0e78cda59fba186b818b7b1"},"headline":"Ra\u00e7a e etnia: qual a diferen\u00e7a entre esses conceitos?","datePublished":"2024-03-28T21:00:00+00:00","dateModified":"2024-04-01T20:05:42+00:00","mainEntityOfPage":{"@id":"https:\/\/vestibulares.estrategia.com\/portal\/materias\/sociologia\/raca-e-etnia\/"},"wordCount":1453,"publisher":{"@id":"https:\/\/vestibulares.estrategia.com\/portal\/#organization"},"image":{"@id":"https:\/\/vestibulares.estrategia.com\/portal\/materias\/sociologia\/raca-e-etnia\/#primaryimage"},"thumbnailUrl":"https:\/\/vestibulares.estrategia.com\/portal\/wp-content\/uploads\/2024\/03\/clay-banks-LjqARJaJotc-unsplash.jpg","articleSection":["Sociologia"],"inLanguage":"pt-BR"},{"@type":"WebPage","@id":"https:\/\/vestibulares.estrategia.com\/portal\/materias\/sociologia\/raca-e-etnia\/","url":"https:\/\/vestibulares.estrategia.com\/portal\/materias\/sociologia\/raca-e-etnia\/","name":"Ra\u00e7a e etnia: qual a diferen\u00e7a entre esses conceitos?","isPartOf":{"@id":"https:\/\/vestibulares.estrategia.com\/portal\/#website"},"primaryImageOfPage":{"@id":"https:\/\/vestibulares.estrategia.com\/portal\/materias\/sociologia\/raca-e-etnia\/#primaryimage"},"image":{"@id":"https:\/\/vestibulares.estrategia.com\/portal\/materias\/sociologia\/raca-e-etnia\/#primaryimage"},"thumbnailUrl":"https:\/\/vestibulares.estrategia.com\/portal\/wp-content\/uploads\/2024\/03\/clay-banks-LjqARJaJotc-unsplash.jpg","datePublished":"2024-03-28T21:00:00+00:00","dateModified":"2024-04-01T20:05:42+00:00","description":"Os conceitos de ra\u00e7a e etnia est\u00e3o em destaque na sociedade, com debates sobre desigualdade \u00e9tnica e quest\u00f5es socioculturais. Conhe\u00e7a-os!","breadcrumb":{"@id":"https:\/\/vestibulares.estrategia.com\/portal\/materias\/sociologia\/raca-e-etnia\/#breadcrumb"},"inLanguage":"pt-BR","potentialAction":[{"@type":"ReadAction","target":["https:\/\/vestibulares.estrategia.com\/portal\/materias\/sociologia\/raca-e-etnia\/"]}]},{"@type":"ImageObject","inLanguage":"pt-BR","@id":"https:\/\/vestibulares.estrategia.com\/portal\/materias\/sociologia\/raca-e-etnia\/#primaryimage","url":"https:\/\/vestibulares.estrategia.com\/portal\/wp-content\/uploads\/2024\/03\/clay-banks-LjqARJaJotc-unsplash.jpg","contentUrl":"https:\/\/vestibulares.estrategia.com\/portal\/wp-content\/uploads\/2024\/03\/clay-banks-LjqARJaJotc-unsplash.jpg","width":1920,"height":1440},{"@type":"BreadcrumbList","@id":"https:\/\/vestibulares.estrategia.com\/portal\/materias\/sociologia\/raca-e-etnia\/#breadcrumb","itemListElement":[{"@type":"ListItem","position":1,"name":"Home","item":"https:\/\/vestibulares.estrategia.com\/portal\/"},{"@type":"ListItem","position":2,"name":"Mat\u00e9rias","item":"https:\/\/vestibulares.estrategia.com\/portal\/materias\/"},{"@type":"ListItem","position":3,"name":"Sociologia","item":"https:\/\/vestibulares.estrategia.com\/portal\/materias\/sociologia\/"},{"@type":"ListItem","position":4,"name":"Ra\u00e7a e etnia: qual a diferen\u00e7a entre esses conceitos?"}]},{"@type":"WebSite","@id":"https:\/\/vestibulares.estrategia.com\/portal\/#website","url":"https:\/\/vestibulares.estrategia.com\/portal\/","name":"Estrat\u00e9gia Vestibulares","description":"","publisher":{"@id":"https:\/\/vestibulares.estrategia.com\/portal\/#organization"},"potentialAction":[{"@type":"SearchAction","target":{"@type":"EntryPoint","urlTemplate":"https:\/\/vestibulares.estrategia.com\/portal\/?s={search_term_string}"},"query-input":{"@type":"PropertyValueSpecification","valueRequired":true,"valueName":"search_term_string"}}],"inLanguage":"pt-BR"},{"@type":"Organization","@id":"https:\/\/vestibulares.estrategia.com\/portal\/#organization","name":"Estrat\u00e9gia Vestibulares","url":"https:\/\/vestibulares.estrategia.com\/portal\/","logo":{"@type":"ImageObject","inLanguage":"pt-BR","@id":"https:\/\/vestibulares.estrategia.com\/portal\/#\/schema\/logo\/image\/","url":"https:\/\/vestibulares.estrategia.com\/portal\/wp-content\/uploads\/2021\/06\/Logo-Vestibulares@4x.png","contentUrl":"https:\/\/vestibulares.estrategia.com\/portal\/wp-content\/uploads\/2021\/06\/Logo-Vestibulares@4x.png","width":250,"height":66,"caption":"Estrat\u00e9gia Vestibulares"},"image":{"@id":"https:\/\/vestibulares.estrategia.com\/portal\/#\/schema\/logo\/image\/"},"sameAs":["https:\/\/facebook.com\/estrategiavestibulares","https:\/\/x.com\/Estrategiavest","https:\/\/www.instagram.com\/estrategiavestibulares","https:\/\/www.youtube.com\/channel\/UCGWdZy8ULI-7_5GrABa4vNA"]},{"@type":"Person","@id":"https:\/\/vestibulares.estrategia.com\/portal\/#\/schema\/person\/c3c8aff2b0e78cda59fba186b818b7b1","name":"Kauane Elias","image":{"@type":"ImageObject","inLanguage":"pt-BR","@id":"https:\/\/vestibulares.estrategia.com\/portal\/#\/schema\/person\/image\/","url":"https:\/\/secure.gravatar.com\/avatar\/81836e2e844ccd58ea28aa1cf206f0c2?s=96&d=mm&r=g","contentUrl":"https:\/\/secure.gravatar.com\/avatar\/81836e2e844ccd58ea28aa1cf206f0c2?s=96&d=mm&r=g","caption":"Kauane Elias"},"description":"Medicina - Unicamp. F\u00e9. \"Um mundo melhor come\u00e7a na transforma\u00e7\u00e3o do pr\u00f3prio mundo!\"","url":"https:\/\/vestibulares.estrategia.com\/portal\/author\/kauane\/"}]}},"_wl_alt_label":[],"wl:entity_url":"https:\/\/data.wordlift.io\/wl110249\/post\/raca-e-etnia","_links":{"self":[{"href":"https:\/\/vestibulares.estrategia.com\/portal\/wp-json\/wp\/v2\/posts\/114817","targetHints":{"allow":["GET"]}}],"collection":[{"href":"https:\/\/vestibulares.estrategia.com\/portal\/wp-json\/wp\/v2\/posts"}],"about":[{"href":"https:\/\/vestibulares.estrategia.com\/portal\/wp-json\/wp\/v2\/types\/post"}],"author":[{"embeddable":true,"href":"https:\/\/vestibulares.estrategia.com\/portal\/wp-json\/wp\/v2\/users\/23"}],"replies":[{"embeddable":true,"href":"https:\/\/vestibulares.estrategia.com\/portal\/wp-json\/wp\/v2\/comments?post=114817"}],"version-history":[{"count":2,"href":"https:\/\/vestibulares.estrategia.com\/portal\/wp-json\/wp\/v2\/posts\/114817\/revisions"}],"predecessor-version":[{"id":114964,"href":"https:\/\/vestibulares.estrategia.com\/portal\/wp-json\/wp\/v2\/posts\/114817\/revisions\/114964"}],"wp:featuredmedia":[{"embeddable":true,"href":"https:\/\/vestibulares.estrategia.com\/portal\/wp-json\/wp\/v2\/media\/114794"}],"wp:attachment":[{"href":"https:\/\/vestibulares.estrategia.com\/portal\/wp-json\/wp\/v2\/media?parent=114817"}],"wp:term":[{"taxonomy":"category","embeddable":true,"href":"https:\/\/vestibulares.estrategia.com\/portal\/wp-json\/wp\/v2\/categories?post=114817"},{"taxonomy":"post_tag","embeddable":true,"href":"https:\/\/vestibulares.estrategia.com\/portal\/wp-json\/wp\/v2\/tags?post=114817"},{"taxonomy":"wl_entity_type","embeddable":true,"href":"https:\/\/vestibulares.estrategia.com\/portal\/wp-json\/wp\/v2\/wl_entity_type?post=114817"}],"curies":[{"name":"wp","href":"https:\/\/api.w.org\/{rel}","templated":true}]}}