{"id":115938,"date":"2024-04-19T08:00:00","date_gmt":"2024-04-19T11:00:00","guid":{"rendered":"https:\/\/vestibulares.estrategia.com\/portal\/?p=115938"},"modified":"2024-05-08T10:52:24","modified_gmt":"2024-05-08T13:52:24","slug":"flexao-verbal","status":"publish","type":"post","link":"https:\/\/vestibulares.estrategia.com\/portal\/materias\/portugues\/flexao-verbal\/","title":{"rendered":"Flex\u00e3o verbal: conceito, aplica\u00e7\u00e3o e import\u00e2ncia"},"content":{"rendered":"<p>A flex&atilde;o verbal &eacute; um processo da lingu&iacute;stica que permite fazer uma rela&ccedil;&atilde;o coerente entre as diferentes palavras da ora&ccedil;&atilde;o. Quando os verbos est&atilde;o adequados para o tempo, modo, pessoa e n&uacute;mero presentes no texto, a escrita torna-se mais coerente e a leitura mais flu&iacute;da, o que garante uma comunica&ccedil;&atilde;o melhor entre locutor e interlocutor.&nbsp;<p>Neste artigo, aprenda mais sobre flex&otilde;es verbais, as caracter&iacute;sticas desse processo da linguagem, e como aplic&aacute;-lo no cotidiano. Depois, acompanhe a import&acirc;ncia desse tema do ponto de vista da escrita e tamb&eacute;m da leitura. Para isso, s&atilde;o apresentadas quest&otilde;es de vestibulares que falam sobre a flex&atilde;o verbal, comentadas e com gabarito completo. Leia mais!<\/p><div id=\"ez-toc-container\" class=\"ez-toc-v2_0_76 counter-hierarchy ez-toc-counter ez-toc-transparent ez-toc-container-direction\">\n<div class=\"ez-toc-title-container\"><p class=\"ez-toc-title\" style=\"cursor:inherit\">Navegue pelo conte\u00fado<\/p>\n<\/div><nav><ul class='ez-toc-list ez-toc-list-level-1 ' ><li class='ez-toc-page-1 ez-toc-heading-level-2'><a class=\"ez-toc-link ez-toc-heading-1\" href=\"https:\/\/vestibulares.estrategia.com\/portal\/materias\/portugues\/flexao-verbal\/#O-que-e-flexao-verbal\" >O que &eacute; flex&atilde;o verbal?<\/a><\/li><li class='ez-toc-page-1 ez-toc-heading-level-2'><a class=\"ez-toc-link ez-toc-heading-2\" href=\"https:\/\/vestibulares.estrategia.com\/portal\/materias\/portugues\/flexao-verbal\/#Aplicacao-do-conceito-de-flexao-verbal\" >Aplica&ccedil;&atilde;o do conceito de flex&atilde;o verbal&nbsp;<\/a><\/li><li class='ez-toc-page-1 ez-toc-heading-level-2'><a class=\"ez-toc-link ez-toc-heading-3\" href=\"https:\/\/vestibulares.estrategia.com\/portal\/materias\/portugues\/flexao-verbal\/#Questoes-sobre-flexao-verbal\" >Quest&otilde;es sobre flex&atilde;o verbal&nbsp;<\/a><\/li><li class='ez-toc-page-1 ez-toc-heading-level-2'><a class=\"ez-toc-link ez-toc-heading-4\" href=\"https:\/\/vestibulares.estrategia.com\/portal\/materias\/portugues\/flexao-verbal\/#Estude-com-a-Coruja\" >Estude com a Coruja!<\/a><\/li><\/ul><\/nav><\/div>\n<h2 class=\"wp-block-heading\" id=\"h-o-que-e-flexao-verbal\"><span class=\"ez-toc-section\" id=\"O-que-e-flexao-verbal\"><\/span>O que &eacute; flex&atilde;o verbal?<span class=\"ez-toc-section-end\"><\/span><\/h2><p>A flex&atilde;o verbal &eacute; altera&ccedil;&atilde;o realizada no verbo para que haja <a href=\"https:\/\/vestibulares.estrategia.com\/portal\/materias\/portugues\/concordancia-verbal\/\" target=\"_blank\">concord&acirc;ncia <\/a>entre as palavras presentes na ora&ccedil;&atilde;o, de forma que a a&ccedil;&atilde;o descrita pelo verbo esteja em concord&acirc;ncia com o sujeito que a realiza, por exemplo.<\/p><p>Em grande parte dos idiomas, os <a href=\"https:\/\/vestibulares.estrategia.com\/portal\/materias\/portugues\/verbo\/\" target=\"_blank\">verbos <\/a>s&atilde;o essenciais para a constru&ccedil;&atilde;o de senten&ccedil;as coerentes, que transmitem uma mensagem. Em geral, &eacute; necess&aacute;rio que os textos sejam escritos com base em um contexto temporal (passado, presente, futuro), uma forma de a&ccedil;&atilde;o (a&ccedil;&atilde;o cont&iacute;nua, a&ccedil;&atilde;o que ainda est&aacute; acontecendo, a&ccedil;&atilde;o que j&aacute; foi encerrada), entre outros t&oacute;picos importantes que situam o texto no espa&ccedil;o e\/ou no tempo.<\/p><p>A correta escolha da flex&atilde;o verbal pode tornar o texto mais narrativo, objetivo, subjetivo ou adicionar outros aspectos, al&eacute;m de permitir melhor coer&ecirc;ncia entre os temas apresentados.&nbsp;<\/p><h2 class=\"wp-block-heading\" id=\"h-aplicacao-do-conceito-de-flexao-verbal-nbsp\"><span class=\"ez-toc-section\" id=\"Aplicacao-do-conceito-de-flexao-verbal\"><\/span>Aplica&ccedil;&atilde;o do conceito de flex&atilde;o verbal&nbsp;<span class=\"ez-toc-section-end\"><\/span><\/h2><h3 class=\"wp-block-heading\" id=\"h-flexao-de-pessoa-e-numero\">Flex&atilde;o de pessoa e n&uacute;mero<\/h3><p>As flex&otilde;es do verbo em pessoa e n&uacute;mero s&atilde;o relacionadas com a pessoa do discurso, o <a href=\"https:\/\/vestibulares.estrategia.com\/portal\/materias\/portugues\/sujeito\/\" target=\"_blank\">sujeito <\/a>a que o verbo se refere. Em geral, a pessoa pode ser classificada como singular ou plural a depender do pronome pessoal utilizado, como: eu, tu, ele (a), n&oacute;s, v&oacute;s, eles (as).&nbsp;<\/p><p>A flex&atilde;o em pessoa trata-se das diferentes formas de escrever o mesmo verbo &agrave; medida que o pronome pessoal que representa esse sujeito se altera, mesmo que o tempo do discurso seja o mesmo, como em:<\/p><ul class=\"wp-block-list\">\n<li>Eu <strong>como <\/strong>ma&ccedil;&atilde;; e<\/li>\n\n\n\n<li>Tu <strong>comes <\/strong>ma&ccedil;&atilde;.<\/li>\n<\/ul><p>Por outro lado, a medida que os sujeitos tornam-se plurais, o verbo tamb&eacute;m &eacute; flexionado em n&uacute;mero, de maneira que:<\/p><ul class=\"wp-block-list\">\n<li>Eu desejo seu amor;<\/li>\n\n\n\n<li>N&oacute;s <strong>desejamos <\/strong>seu amor.<\/li>\n<\/ul><figure class=\"wp-block-table\"><table><tbody><tr><td class=\"has-text-align-center\" data-align=\"center\"><strong>Pessoa do discurso<\/strong><\/td><td class=\"has-text-align-center\" data-align=\"center\"><strong>Pronome reto<\/strong><\/td><td class=\"has-text-align-center\" data-align=\"center\"><strong>Exemplo de flex&atilde;o de pessoa e n&uacute;mero<\/strong><\/td><\/tr><tr><td class=\"has-text-align-center\" data-align=\"center\">1&ordf; pessoa do singular<\/td><td class=\"has-text-align-center\" data-align=\"center\">eu<\/td><td class=\"has-text-align-center\" data-align=\"center\">pego<\/td><\/tr><tr><td class=\"has-text-align-center\" data-align=\"center\">2&ordf; pessoa do singular<\/td><td class=\"has-text-align-center\" data-align=\"center\">tu<\/td><td class=\"has-text-align-center\" data-align=\"center\">pegas<\/td><\/tr><tr><td class=\"has-text-align-center\" data-align=\"center\">3&ordf; pessoa do singular<\/td><td class=\"has-text-align-center\" data-align=\"center\">ele ou ela<\/td><td class=\"has-text-align-center\" data-align=\"center\">pega<\/td><\/tr><tr><td class=\"has-text-align-center\" data-align=\"center\">1&ordf; pessoa do plural<\/td><td class=\"has-text-align-center\" data-align=\"center\">n&oacute;s<\/td><td class=\"has-text-align-center\" data-align=\"center\">pegamos<\/td><\/tr><tr><td class=\"has-text-align-center\" data-align=\"center\">2&ordf; pessoa do plural<\/td><td class=\"has-text-align-center\" data-align=\"center\">v&oacute;s<\/td><td class=\"has-text-align-center\" data-align=\"center\">pegais<\/td><\/tr><tr><td class=\"has-text-align-center\" data-align=\"center\">3&ordf; pessoa do plural<\/td><td class=\"has-text-align-center\" data-align=\"center\">eles ou elas<\/td><td class=\"has-text-align-center\" data-align=\"center\">pegam<\/td><\/tr><\/tbody><\/table><\/figure><h3 class=\"wp-block-heading\" id=\"h-flexao-de-tempo\">Flex&atilde;o de tempo<\/h3><p>A flex&atilde;o de tempo diz respeito &agrave; adequa&ccedil;&atilde;o do <a href=\"https:\/\/www.youtube.com\/watch?v=JzTgDT_2pGM&amp;pp=ygUedmVyYm9zIGVzdHJhdGVnaWEgdmVzdGlidWxhcmVz\" target=\"_blank\">verbo <\/a>ao tempo em que o discurso &eacute; contado, para que as ora&ccedil;&otilde;es tenham uma rela&ccedil;&atilde;o temporal entre si. Seja para graduar eventos sequenciais, seja para contar hist&oacute;rias do passado, ou projetar ideias para o futuro.&nbsp;<\/p><p>De modo geral,o tempo presente &eacute; aquele que fala sobre o momento atual, sobre o que est&aacute; acontecendo nesse momento. Como em &ldquo;eu estou na faculdade agora&rdquo;, &ldquo;preciso viajar agora&rdquo;, &ldquo;gosto de voc&ecirc;&rdquo;.&nbsp;<\/p><p>O tempo passado traz os verbos para situa&ccedil;&otilde;es que aconteceram ou aconteceriam em um per&iacute;odo da hist&oacute;ria que j&aacute; passou, que n&atilde;o pode ser alterado. Essa cronologia tamb&eacute;m pode ser chamada de pret&eacute;rito e, conhecer as diferentes formas de conjuga&ccedil;&atilde;o verbal, permite estabelecer uma ordem de tempo at&eacute; mesmo para situa&ccedil;&otilde;es do passado que aconteceram sequencialmente.&nbsp;&nbsp;<\/p><p>Um exemplo dessa estrutura seria: &ldquo;chorara durante toda a noite, depois sorriu e agora est&aacute; bem&rdquo;. A frase indica que o choro foi anterior ao riso, e depois explica como o sujeito est&aacute; no momento presente. No caso do futuro, ele pode ser utilizado para indicar os planos &ldquo;Eu comemorarei essa data ao seu lado&rdquo;. Al&eacute;m dessas classifica&ccedil;&otilde;es simples, existem diversas outras formas de flex&atilde;o verbal de tempo, que dependem do modo e do contexto de escrita.<\/p><h3 class=\"wp-block-heading\" id=\"h-flexao-verbal-na-voz-do-discurso\">Flex&atilde;o verbal na voz do discurso<\/h3><p>O verbo tamb&eacute;m pode ser fletido para que esteja em uma voz ativa, quando h&aacute; um agente que est&aacute; efetuando a a&ccedil;&atilde;o que o verbo representa. Como est&aacute; exemplificado em &ldquo;eu estudei muito o material desta prova durante a &uacute;ltima semana&rdquo;.&nbsp;<\/p><p>Por outro lado, existe a voz passiva, em que o sujeito assume o papel de paciente, ele sofre a a&ccedil;&atilde;o do verbo, como mostra essa frase: &ldquo;o material desta prova foi muito estudado por mim durante a &uacute;ltima semana&rdquo;.<\/p><p>Por fim, o verbo tamb&eacute;m pode ser flexionado na voz reflexiva, quando o sujeito gramatical da ora&ccedil;&atilde;o sofre e efetua a a&ccedil;&atilde;o ao mesmo tempo, e o exemplo mais cl&aacute;ssico &eacute; com o verbo pentear: &ldquo;Maria penteou-se rapidamente antes de sair para o evento&rdquo;.&nbsp;<\/p><h3 class=\"wp-block-heading\" id=\"h-flexao-de-modo-nbsp\">Flex&atilde;o de modo&nbsp;<\/h3><p>Na L&iacute;ngua Portuguesa, existem tr&ecirc;s modos verbais: <em>indicativo, subjuntivo e imperativo<\/em>. Cada um deles cumpre uma fun&ccedil;&atilde;o no texto conforme o que est&aacute; descrito a seguir:<\/p><ol class=\"wp-block-list\">\n<li>O modo subjuntivo predomina para indicar a possibilidade de uma a&ccedil;&atilde;o, como em &ldquo;Tomara que viajemos em julho deste ano&rdquo;;<\/li>\n\n\n\n<li>O modo indicativo &eacute; utilizado para afirmar a informa&ccedil;&atilde;o, trazer certeza sobre a mensagem, transmitida, a exemplo da frase &ldquo;Viajaremos juntos em julho deste ano&rdquo;; e&nbsp;<\/li>\n\n\n\n<li>O modo imperativo serve para indicar ordem, pedidos, orienta&ccedil;&otilde;es, sugest&otilde;es como mostra a frase &ldquo;Viaje em julho desde ano!&rdquo;.&nbsp;<\/li>\n<\/ol><p>Cada modo verbal tem sua utilidade em diferentes espa&ccedil;os da sociedade, o modo subjuntivo geralmente &eacute; utilizado em textos ou enuncia&ccedil;&otilde;es que tratam sobre possibilidades, ideias e proje&ccedil;&otilde;es de futuro. J&aacute; o indicativo transmite uma concep&ccedil;&atilde;o de certeza, de objetividade, de veracidade para os dados apresentados. Enquanto que o modo imperativo &eacute; muito explorado para instigar consumidores no ramo publicit&aacute;rio, orientar passos em manuais de instru&ccedil;&otilde;es ou em posi&ccedil;&otilde;es de hierarquia, como o di&aacute;logo entre pais e filhos.&nbsp;<\/p><h2 class=\"wp-block-heading\" id=\"h-questoes-sobre-flexao-verbal-nbsp\"><span class=\"ez-toc-section\" id=\"Questoes-sobre-flexao-verbal\"><\/span>Quest&otilde;es sobre flex&atilde;o verbal&nbsp;<span class=\"ez-toc-section-end\"><\/span><\/h2><p><a href=\"https:\/\/vestibulares.estrategia.com\/portal\/enem-e-vestibulares\/vestibulares\/vestibular-fuvest\/\" target=\"_blank\">Fuvest <\/a>(2012)<\/p><p>N&atilde;o era e n&atilde;o podia o pequeno reino lusitano ser uma pot&ecirc;ncia colonizadora &agrave; fei&ccedil;&atilde;o da antiga Gr&eacute;cia. O surto mar&iacute;timo que enche sua hist&oacute;ria do s&eacute;culo XV n&atilde;o resultara do extravasamento de nenhum excesso de popula&ccedil;&atilde;o, mas fora apenas provocado por uma burguesia comercial sedenta de lucros, e que n&atilde;o encontrava no reduzido territ&oacute;rio p&aacute;trio satisfa&ccedil;&atilde;o &agrave; sua desmedida ambi&ccedil;&atilde;o. A ascens&atilde;o do fundador da Casa de Avis ao trono portugu&ecirc;s trouxe esta burguesia para um primeiro plano. Fora ela quem, para se livrar da amea&ccedil;a castelhana e do poder da nobreza, representado pela Rainha Leonor Teles, cingira o Mestre de Avis com a coroa lusitana. Era ela, portanto, quem devia merecer do novo rei o melhor das suas aten&ccedil;&otilde;es. Esgotadas as possibilidades do reino com as pr&oacute;digas d&aacute;divas reais, restou apenas o recurso da expans&atilde;o externa para contentar os insaci&aacute;veis companheiros de D. Jo&atilde;o I.&nbsp;<\/p><p>Caio Prado J&uacute;nior, Evolu&ccedil;&atilde;o pol&iacute;tica do Brasil. Adaptado.<\/p><p>No contexto, o verbo &ldquo;enche&rdquo; indica<\/p><p><strong>A) <\/strong>habitualidade no passado.<br><strong>B) <\/strong>simultaneidade em rela&ccedil;&atilde;o ao termo &ldquo;ascens&atilde;o&rdquo;.&nbsp;<br><strong>C) <\/strong>ideia de atemporalidade.<br><strong>D) <\/strong>presente hist&oacute;rico.<br><strong>E) <\/strong>anterioridade temporal em rela&ccedil;&atilde;o a &ldquo;reino lusitano&rdquo;.<\/p><p><strong>Resposta: <\/strong>&Eacute; uma pergunta sobre o presente hist&oacute;rico, inclusive, &eacute; O presente hist&oacute;rico &eacute; quando usamos o presente do indicativo para representar fatos hist&oacute;ricos.&nbsp;&nbsp;<\/p><p>O verbo &ldquo;encher&rdquo; pode denotar preencher, corresponder. Por&eacute;m, aqui, ele n&atilde;o est&aacute; no seu sentido denotativo, o que tamb&eacute;m n&atilde;o significa dizer que est&aacute; no sentido conotativo, liter&aacute;rio, figurativo. &Eacute; um pouco da mistura dos dois.<strong>&nbsp;<\/strong><\/p><p><strong>Alternativa correta: <\/strong>D.&nbsp;<\/p><p>+ Veja tamb&eacute;m: <a href=\"http:\/\/vestibulares.estrategia.com\/portal\/materias\/portugues\/flexao-nominal\/\" target=\"_blank\" rel=\"noopener noreferrer\">Flex&atilde;o nominal: conceito, aplica&ccedil;&atilde;o e import&acirc;ncia<\/a><\/p><h2 class=\"wp-block-heading\" id=\"h-estude-com-a-coruja\"><span class=\"ez-toc-section\" id=\"Estude-com-a-Coruja\"><\/span>Estude com a Coruja!<span class=\"ez-toc-section-end\"><\/span><\/h2><p>Para um vestibulando, al&eacute;m de estudar todas as disciplinas e resolver quest&otilde;es, &eacute; importante estar atualizado sobre os principais acontecimentos no mundo, eventos hist&oacute;ricos e marcos relevantes que podem ser utilizados para a contextualiza&ccedil;&atilde;o nos vestibulares.<\/p><p>Nos cursos preparat&oacute;rios da Coruja, voc&ecirc; encontra material did&aacute;tico de qualidade, professores especialistas, aulas claras e objetivas, al&eacute;m de atualiza&ccedil;&otilde;es constantes sobre tecnologias e avan&ccedil;os biol&oacute;gicos importantes para a humanidade. Quer conhecer mais? Clique no banner abaixo!<\/p><p>\n\n\n\n<a id=\"cta\" class=\"cta-imagem\" href=\"https:\/\/vestibulares.estrategia.com\/cursos\/\" target=\"blank\">\n                <img decoding=\"async\" width=\"100%\" src=\"https:\/\/vestibulares.estrategia.com\/portal\/wp-content\/uploads\/2021\/12\/EV2.jpg\" alt=\"CTA - Estrat\u00e9gia Vestibulares 2\" title=\"CTA - Estrat\u00e9gia Vestibulares 2\">\n        <\/a>\n\n\n\n\n<\/p><\/p>\n","protected":false},"excerpt":{"rendered":"A flex&atilde;o verbal &eacute; um processo da lingu&iacute;stica que permite fazer uma rela&ccedil;&atilde;o coerente entre as diferentes palavras&hellip;\n","protected":false},"author":23,"featured_media":115933,"comment_status":"closed","ping_status":"closed","sticky":false,"template":"","format":"standard","meta":{"wl_entities_gutenberg":"","footnotes":""},"categories":[27],"tags":[],"wl_entity_type":[732],"class_list":{"0":"post-115938","1":"post","2":"type-post","3":"status-publish","4":"format-standard","5":"has-post-thumbnail","7":"category-portugues","8":"wl_entity_type-article"},"acf":[],"yoast_head":"<!-- This site is optimized with the Yoast SEO Premium plugin v25.9 (Yoast SEO v25.9) - https:\/\/yoast.com\/wordpress\/plugins\/seo\/ -->\n<title>Flex\u00e3o verbal: conceito, aplica\u00e7\u00e3o e import\u00e2ncia<\/title>\n<meta name=\"description\" content=\"A flex\u00e3o verbal \u00e9 altera\u00e7\u00e3o realizada no verbo para que haja concord\u00e2ncia entre as palavras presentes na ora\u00e7\u00e3o, aprenda mais!\" \/>\n<meta name=\"robots\" content=\"index, follow, max-snippet:-1, max-image-preview:large, max-video-preview:-1\" \/>\n<link rel=\"canonical\" href=\"https:\/\/vestibulares.estrategia.com\/portal\/materias\/portugues\/flexao-verbal\/\" \/>\n<meta property=\"og:locale\" content=\"pt_BR\" \/>\n<meta property=\"og:type\" content=\"article\" \/>\n<meta property=\"og:title\" content=\"Flex\u00e3o verbal: conceito, aplica\u00e7\u00e3o e import\u00e2ncia\" \/>\n<meta property=\"og:description\" content=\"A flex\u00e3o verbal \u00e9 altera\u00e7\u00e3o realizada no verbo para que haja concord\u00e2ncia entre as palavras presentes na ora\u00e7\u00e3o, aprenda mais!\" \/>\n<meta property=\"og:url\" content=\"https:\/\/vestibulares.estrategia.com\/portal\/materias\/portugues\/flexao-verbal\/\" \/>\n<meta property=\"og:site_name\" content=\"Estrat\u00e9gia Vestibulares\" \/>\n<meta property=\"article:publisher\" content=\"https:\/\/facebook.com\/estrategiavestibulares\" \/>\n<meta property=\"article:published_time\" content=\"2024-04-19T11:00:00+00:00\" \/>\n<meta property=\"article:modified_time\" content=\"2024-05-08T13:52:24+00:00\" \/>\n<meta property=\"og:image\" content=\"https:\/\/vestibulares.estrategia.com\/portal\/wp-content\/uploads\/2024\/04\/pexels-ds-stories-8099503.jpg\" \/>\n\t<meta property=\"og:image:width\" content=\"1280\" \/>\n\t<meta property=\"og:image:height\" content=\"853\" \/>\n\t<meta property=\"og:image:type\" content=\"image\/jpeg\" \/>\n<meta name=\"author\" content=\"Kauane Elias\" \/>\n<meta name=\"twitter:card\" content=\"summary_large_image\" \/>\n<meta name=\"twitter:creator\" content=\"@Estrategiavest\" \/>\n<meta name=\"twitter:site\" content=\"@Estrategiavest\" \/>\n<meta name=\"twitter:label1\" content=\"Escrito por\" \/>\n\t<meta name=\"twitter:data1\" content=\"Kauane Elias\" \/>\n\t<meta name=\"twitter:label2\" content=\"Est. tempo de leitura\" \/>\n\t<meta name=\"twitter:data2\" content=\"7 minutos\" \/>\n<script type=\"application\/ld+json\" class=\"yoast-schema-graph\">{\"@context\":\"https:\/\/schema.org\",\"@graph\":[{\"@type\":\"Article\",\"@id\":\"https:\/\/vestibulares.estrategia.com\/portal\/materias\/portugues\/flexao-verbal\/#article\",\"isPartOf\":{\"@id\":\"https:\/\/vestibulares.estrategia.com\/portal\/materias\/portugues\/flexao-verbal\/\"},\"author\":{\"name\":\"Kauane Elias\",\"@id\":\"https:\/\/vestibulares.estrategia.com\/portal\/#\/schema\/person\/c3c8aff2b0e78cda59fba186b818b7b1\"},\"headline\":\"Flex\u00e3o verbal: conceito, aplica\u00e7\u00e3o e import\u00e2ncia\",\"datePublished\":\"2024-04-19T11:00:00+00:00\",\"dateModified\":\"2024-05-08T13:52:24+00:00\",\"mainEntityOfPage\":{\"@id\":\"https:\/\/vestibulares.estrategia.com\/portal\/materias\/portugues\/flexao-verbal\/\"},\"wordCount\":1438,\"publisher\":{\"@id\":\"https:\/\/vestibulares.estrategia.com\/portal\/#organization\"},\"image\":{\"@id\":\"https:\/\/vestibulares.estrategia.com\/portal\/materias\/portugues\/flexao-verbal\/#primaryimage\"},\"thumbnailUrl\":\"https:\/\/vestibulares.estrategia.com\/portal\/wp-content\/uploads\/2024\/04\/pexels-ds-stories-8099503.jpg\",\"articleSection\":[\"Portugu\u00eas\"],\"inLanguage\":\"pt-BR\"},{\"@type\":\"WebPage\",\"@id\":\"https:\/\/vestibulares.estrategia.com\/portal\/materias\/portugues\/flexao-verbal\/\",\"url\":\"https:\/\/vestibulares.estrategia.com\/portal\/materias\/portugues\/flexao-verbal\/\",\"name\":\"Flex\u00e3o verbal: conceito, aplica\u00e7\u00e3o e import\u00e2ncia\",\"isPartOf\":{\"@id\":\"https:\/\/vestibulares.estrategia.com\/portal\/#website\"},\"primaryImageOfPage\":{\"@id\":\"https:\/\/vestibulares.estrategia.com\/portal\/materias\/portugues\/flexao-verbal\/#primaryimage\"},\"image\":{\"@id\":\"https:\/\/vestibulares.estrategia.com\/portal\/materias\/portugues\/flexao-verbal\/#primaryimage\"},\"thumbnailUrl\":\"https:\/\/vestibulares.estrategia.com\/portal\/wp-content\/uploads\/2024\/04\/pexels-ds-stories-8099503.jpg\",\"datePublished\":\"2024-04-19T11:00:00+00:00\",\"dateModified\":\"2024-05-08T13:52:24+00:00\",\"description\":\"A flex\u00e3o verbal \u00e9 altera\u00e7\u00e3o realizada no verbo para que haja concord\u00e2ncia entre as palavras presentes na ora\u00e7\u00e3o, aprenda mais!\",\"breadcrumb\":{\"@id\":\"https:\/\/vestibulares.estrategia.com\/portal\/materias\/portugues\/flexao-verbal\/#breadcrumb\"},\"inLanguage\":\"pt-BR\",\"potentialAction\":[{\"@type\":\"ReadAction\",\"target\":[\"https:\/\/vestibulares.estrategia.com\/portal\/materias\/portugues\/flexao-verbal\/\"]}]},{\"@type\":\"ImageObject\",\"inLanguage\":\"pt-BR\",\"@id\":\"https:\/\/vestibulares.estrategia.com\/portal\/materias\/portugues\/flexao-verbal\/#primaryimage\",\"url\":\"https:\/\/vestibulares.estrategia.com\/portal\/wp-content\/uploads\/2024\/04\/pexels-ds-stories-8099503.jpg\",\"contentUrl\":\"https:\/\/vestibulares.estrategia.com\/portal\/wp-content\/uploads\/2024\/04\/pexels-ds-stories-8099503.jpg\",\"width\":1280,\"height\":853,\"caption\":\"Flex\u00e3o verbal\"},{\"@type\":\"BreadcrumbList\",\"@id\":\"https:\/\/vestibulares.estrategia.com\/portal\/materias\/portugues\/flexao-verbal\/#breadcrumb\",\"itemListElement\":[{\"@type\":\"ListItem\",\"position\":1,\"name\":\"Home\",\"item\":\"https:\/\/vestibulares.estrategia.com\/portal\/\"},{\"@type\":\"ListItem\",\"position\":2,\"name\":\"Mat\u00e9rias\",\"item\":\"https:\/\/vestibulares.estrategia.com\/portal\/materias\/\"},{\"@type\":\"ListItem\",\"position\":3,\"name\":\"Portugu\u00eas\",\"item\":\"https:\/\/vestibulares.estrategia.com\/portal\/materias\/portugues\/\"},{\"@type\":\"ListItem\",\"position\":4,\"name\":\"Flex\u00e3o verbal: conceito, aplica\u00e7\u00e3o e import\u00e2ncia\"}]},{\"@type\":\"WebSite\",\"@id\":\"https:\/\/vestibulares.estrategia.com\/portal\/#website\",\"url\":\"https:\/\/vestibulares.estrategia.com\/portal\/\",\"name\":\"Estrat\u00e9gia Vestibulares\",\"description\":\"\",\"publisher\":{\"@id\":\"https:\/\/vestibulares.estrategia.com\/portal\/#organization\"},\"potentialAction\":[{\"@type\":\"SearchAction\",\"target\":{\"@type\":\"EntryPoint\",\"urlTemplate\":\"https:\/\/vestibulares.estrategia.com\/portal\/?s={search_term_string}\"},\"query-input\":{\"@type\":\"PropertyValueSpecification\",\"valueRequired\":true,\"valueName\":\"search_term_string\"}}],\"inLanguage\":\"pt-BR\"},{\"@type\":\"Organization\",\"@id\":\"https:\/\/vestibulares.estrategia.com\/portal\/#organization\",\"name\":\"Estrat\u00e9gia Vestibulares\",\"url\":\"https:\/\/vestibulares.estrategia.com\/portal\/\",\"logo\":{\"@type\":\"ImageObject\",\"inLanguage\":\"pt-BR\",\"@id\":\"https:\/\/vestibulares.estrategia.com\/portal\/#\/schema\/logo\/image\/\",\"url\":\"https:\/\/vestibulares.estrategia.com\/portal\/wp-content\/uploads\/2021\/06\/Logo-Vestibulares@4x.png\",\"contentUrl\":\"https:\/\/vestibulares.estrategia.com\/portal\/wp-content\/uploads\/2021\/06\/Logo-Vestibulares@4x.png\",\"width\":250,\"height\":66,\"caption\":\"Estrat\u00e9gia Vestibulares\"},\"image\":{\"@id\":\"https:\/\/vestibulares.estrategia.com\/portal\/#\/schema\/logo\/image\/\"},\"sameAs\":[\"https:\/\/facebook.com\/estrategiavestibulares\",\"https:\/\/x.com\/Estrategiavest\",\"https:\/\/www.instagram.com\/estrategiavestibulares\",\"https:\/\/www.youtube.com\/channel\/UCGWdZy8ULI-7_5GrABa4vNA\"]},{\"@type\":\"Person\",\"@id\":\"https:\/\/vestibulares.estrategia.com\/portal\/#\/schema\/person\/c3c8aff2b0e78cda59fba186b818b7b1\",\"name\":\"Kauane Elias\",\"image\":{\"@type\":\"ImageObject\",\"inLanguage\":\"pt-BR\",\"@id\":\"https:\/\/vestibulares.estrategia.com\/portal\/#\/schema\/person\/image\/\",\"url\":\"https:\/\/secure.gravatar.com\/avatar\/81836e2e844ccd58ea28aa1cf206f0c2?s=96&d=mm&r=g\",\"contentUrl\":\"https:\/\/secure.gravatar.com\/avatar\/81836e2e844ccd58ea28aa1cf206f0c2?s=96&d=mm&r=g\",\"caption\":\"Kauane Elias\"},\"description\":\"Medicina - Unicamp. F\u00e9. \\\"Um mundo melhor come\u00e7a na transforma\u00e7\u00e3o do pr\u00f3prio mundo!\\\"\",\"url\":\"https:\/\/vestibulares.estrategia.com\/portal\/author\/kauane\/\"}]}<\/script>\n<!-- \/ Yoast SEO Premium plugin. -->","yoast_head_json":{"title":"Flex\u00e3o verbal: conceito, aplica\u00e7\u00e3o e import\u00e2ncia","description":"A flex\u00e3o verbal \u00e9 altera\u00e7\u00e3o realizada no verbo para que haja concord\u00e2ncia entre as palavras presentes na ora\u00e7\u00e3o, aprenda mais!","robots":{"index":"index","follow":"follow","max-snippet":"max-snippet:-1","max-image-preview":"max-image-preview:large","max-video-preview":"max-video-preview:-1"},"canonical":"https:\/\/vestibulares.estrategia.com\/portal\/materias\/portugues\/flexao-verbal\/","og_locale":"pt_BR","og_type":"article","og_title":"Flex\u00e3o verbal: conceito, aplica\u00e7\u00e3o e import\u00e2ncia","og_description":"A flex\u00e3o verbal \u00e9 altera\u00e7\u00e3o realizada no verbo para que haja concord\u00e2ncia entre as palavras presentes na ora\u00e7\u00e3o, aprenda mais!","og_url":"https:\/\/vestibulares.estrategia.com\/portal\/materias\/portugues\/flexao-verbal\/","og_site_name":"Estrat\u00e9gia Vestibulares","article_publisher":"https:\/\/facebook.com\/estrategiavestibulares","article_published_time":"2024-04-19T11:00:00+00:00","article_modified_time":"2024-05-08T13:52:24+00:00","og_image":[{"width":1280,"height":853,"url":"https:\/\/vestibulares.estrategia.com\/portal\/wp-content\/uploads\/2024\/04\/pexels-ds-stories-8099503.jpg","type":"image\/jpeg"}],"author":"Kauane Elias","twitter_card":"summary_large_image","twitter_creator":"@Estrategiavest","twitter_site":"@Estrategiavest","twitter_misc":{"Escrito por":"Kauane Elias","Est. tempo de leitura":"7 minutos"},"schema":{"@context":"https:\/\/schema.org","@graph":[{"@type":"Article","@id":"https:\/\/vestibulares.estrategia.com\/portal\/materias\/portugues\/flexao-verbal\/#article","isPartOf":{"@id":"https:\/\/vestibulares.estrategia.com\/portal\/materias\/portugues\/flexao-verbal\/"},"author":{"name":"Kauane Elias","@id":"https:\/\/vestibulares.estrategia.com\/portal\/#\/schema\/person\/c3c8aff2b0e78cda59fba186b818b7b1"},"headline":"Flex\u00e3o verbal: conceito, aplica\u00e7\u00e3o e import\u00e2ncia","datePublished":"2024-04-19T11:00:00+00:00","dateModified":"2024-05-08T13:52:24+00:00","mainEntityOfPage":{"@id":"https:\/\/vestibulares.estrategia.com\/portal\/materias\/portugues\/flexao-verbal\/"},"wordCount":1438,"publisher":{"@id":"https:\/\/vestibulares.estrategia.com\/portal\/#organization"},"image":{"@id":"https:\/\/vestibulares.estrategia.com\/portal\/materias\/portugues\/flexao-verbal\/#primaryimage"},"thumbnailUrl":"https:\/\/vestibulares.estrategia.com\/portal\/wp-content\/uploads\/2024\/04\/pexels-ds-stories-8099503.jpg","articleSection":["Portugu\u00eas"],"inLanguage":"pt-BR"},{"@type":"WebPage","@id":"https:\/\/vestibulares.estrategia.com\/portal\/materias\/portugues\/flexao-verbal\/","url":"https:\/\/vestibulares.estrategia.com\/portal\/materias\/portugues\/flexao-verbal\/","name":"Flex\u00e3o verbal: conceito, aplica\u00e7\u00e3o e import\u00e2ncia","isPartOf":{"@id":"https:\/\/vestibulares.estrategia.com\/portal\/#website"},"primaryImageOfPage":{"@id":"https:\/\/vestibulares.estrategia.com\/portal\/materias\/portugues\/flexao-verbal\/#primaryimage"},"image":{"@id":"https:\/\/vestibulares.estrategia.com\/portal\/materias\/portugues\/flexao-verbal\/#primaryimage"},"thumbnailUrl":"https:\/\/vestibulares.estrategia.com\/portal\/wp-content\/uploads\/2024\/04\/pexels-ds-stories-8099503.jpg","datePublished":"2024-04-19T11:00:00+00:00","dateModified":"2024-05-08T13:52:24+00:00","description":"A flex\u00e3o verbal \u00e9 altera\u00e7\u00e3o realizada no verbo para que haja concord\u00e2ncia entre as palavras presentes na ora\u00e7\u00e3o, aprenda mais!","breadcrumb":{"@id":"https:\/\/vestibulares.estrategia.com\/portal\/materias\/portugues\/flexao-verbal\/#breadcrumb"},"inLanguage":"pt-BR","potentialAction":[{"@type":"ReadAction","target":["https:\/\/vestibulares.estrategia.com\/portal\/materias\/portugues\/flexao-verbal\/"]}]},{"@type":"ImageObject","inLanguage":"pt-BR","@id":"https:\/\/vestibulares.estrategia.com\/portal\/materias\/portugues\/flexao-verbal\/#primaryimage","url":"https:\/\/vestibulares.estrategia.com\/portal\/wp-content\/uploads\/2024\/04\/pexels-ds-stories-8099503.jpg","contentUrl":"https:\/\/vestibulares.estrategia.com\/portal\/wp-content\/uploads\/2024\/04\/pexels-ds-stories-8099503.jpg","width":1280,"height":853,"caption":"Flex\u00e3o verbal"},{"@type":"BreadcrumbList","@id":"https:\/\/vestibulares.estrategia.com\/portal\/materias\/portugues\/flexao-verbal\/#breadcrumb","itemListElement":[{"@type":"ListItem","position":1,"name":"Home","item":"https:\/\/vestibulares.estrategia.com\/portal\/"},{"@type":"ListItem","position":2,"name":"Mat\u00e9rias","item":"https:\/\/vestibulares.estrategia.com\/portal\/materias\/"},{"@type":"ListItem","position":3,"name":"Portugu\u00eas","item":"https:\/\/vestibulares.estrategia.com\/portal\/materias\/portugues\/"},{"@type":"ListItem","position":4,"name":"Flex\u00e3o verbal: conceito, aplica\u00e7\u00e3o e import\u00e2ncia"}]},{"@type":"WebSite","@id":"https:\/\/vestibulares.estrategia.com\/portal\/#website","url":"https:\/\/vestibulares.estrategia.com\/portal\/","name":"Estrat\u00e9gia Vestibulares","description":"","publisher":{"@id":"https:\/\/vestibulares.estrategia.com\/portal\/#organization"},"potentialAction":[{"@type":"SearchAction","target":{"@type":"EntryPoint","urlTemplate":"https:\/\/vestibulares.estrategia.com\/portal\/?s={search_term_string}"},"query-input":{"@type":"PropertyValueSpecification","valueRequired":true,"valueName":"search_term_string"}}],"inLanguage":"pt-BR"},{"@type":"Organization","@id":"https:\/\/vestibulares.estrategia.com\/portal\/#organization","name":"Estrat\u00e9gia Vestibulares","url":"https:\/\/vestibulares.estrategia.com\/portal\/","logo":{"@type":"ImageObject","inLanguage":"pt-BR","@id":"https:\/\/vestibulares.estrategia.com\/portal\/#\/schema\/logo\/image\/","url":"https:\/\/vestibulares.estrategia.com\/portal\/wp-content\/uploads\/2021\/06\/Logo-Vestibulares@4x.png","contentUrl":"https:\/\/vestibulares.estrategia.com\/portal\/wp-content\/uploads\/2021\/06\/Logo-Vestibulares@4x.png","width":250,"height":66,"caption":"Estrat\u00e9gia Vestibulares"},"image":{"@id":"https:\/\/vestibulares.estrategia.com\/portal\/#\/schema\/logo\/image\/"},"sameAs":["https:\/\/facebook.com\/estrategiavestibulares","https:\/\/x.com\/Estrategiavest","https:\/\/www.instagram.com\/estrategiavestibulares","https:\/\/www.youtube.com\/channel\/UCGWdZy8ULI-7_5GrABa4vNA"]},{"@type":"Person","@id":"https:\/\/vestibulares.estrategia.com\/portal\/#\/schema\/person\/c3c8aff2b0e78cda59fba186b818b7b1","name":"Kauane Elias","image":{"@type":"ImageObject","inLanguage":"pt-BR","@id":"https:\/\/vestibulares.estrategia.com\/portal\/#\/schema\/person\/image\/","url":"https:\/\/secure.gravatar.com\/avatar\/81836e2e844ccd58ea28aa1cf206f0c2?s=96&d=mm&r=g","contentUrl":"https:\/\/secure.gravatar.com\/avatar\/81836e2e844ccd58ea28aa1cf206f0c2?s=96&d=mm&r=g","caption":"Kauane Elias"},"description":"Medicina - Unicamp. F\u00e9. \"Um mundo melhor come\u00e7a na transforma\u00e7\u00e3o do pr\u00f3prio mundo!\"","url":"https:\/\/vestibulares.estrategia.com\/portal\/author\/kauane\/"}]}},"_wl_alt_label":[],"wl:entity_url":"https:\/\/data.wordlift.io\/wl110249\/post\/flexao-verbal","_links":{"self":[{"href":"https:\/\/vestibulares.estrategia.com\/portal\/wp-json\/wp\/v2\/posts\/115938","targetHints":{"allow":["GET"]}}],"collection":[{"href":"https:\/\/vestibulares.estrategia.com\/portal\/wp-json\/wp\/v2\/posts"}],"about":[{"href":"https:\/\/vestibulares.estrategia.com\/portal\/wp-json\/wp\/v2\/types\/post"}],"author":[{"embeddable":true,"href":"https:\/\/vestibulares.estrategia.com\/portal\/wp-json\/wp\/v2\/users\/23"}],"replies":[{"embeddable":true,"href":"https:\/\/vestibulares.estrategia.com\/portal\/wp-json\/wp\/v2\/comments?post=115938"}],"version-history":[{"count":3,"href":"https:\/\/vestibulares.estrategia.com\/portal\/wp-json\/wp\/v2\/posts\/115938\/revisions"}],"predecessor-version":[{"id":117231,"href":"https:\/\/vestibulares.estrategia.com\/portal\/wp-json\/wp\/v2\/posts\/115938\/revisions\/117231"}],"wp:featuredmedia":[{"embeddable":true,"href":"https:\/\/vestibulares.estrategia.com\/portal\/wp-json\/wp\/v2\/media\/115933"}],"wp:attachment":[{"href":"https:\/\/vestibulares.estrategia.com\/portal\/wp-json\/wp\/v2\/media?parent=115938"}],"wp:term":[{"taxonomy":"category","embeddable":true,"href":"https:\/\/vestibulares.estrategia.com\/portal\/wp-json\/wp\/v2\/categories?post=115938"},{"taxonomy":"post_tag","embeddable":true,"href":"https:\/\/vestibulares.estrategia.com\/portal\/wp-json\/wp\/v2\/tags?post=115938"},{"taxonomy":"wl_entity_type","embeddable":true,"href":"https:\/\/vestibulares.estrategia.com\/portal\/wp-json\/wp\/v2\/wl_entity_type?post=115938"}],"curies":[{"name":"wp","href":"https:\/\/api.w.org\/{rel}","templated":true}]}}