{"id":116009,"date":"2024-04-19T13:22:34","date_gmt":"2024-04-19T16:22:34","guid":{"rendered":"https:\/\/vestibulares.estrategia.com\/portal\/?p=116009"},"modified":"2025-10-28T13:44:21","modified_gmt":"2025-10-28T16:44:21","slug":"citacoes-de-pensadores-indigenas-para-usar-na-redacao","status":"publish","type":"post","link":"https:\/\/vestibulares.estrategia.com\/portal\/materias\/redacao\/citacoes-de-pensadores-indigenas-para-usar-na-redacao\/","title":{"rendered":"Dia dos Povos Ind\u00edgenas: conhe\u00e7a 9 cita\u00e7\u00f5es de pensadores ind\u00edgenas para usar na reda\u00e7\u00e3o"},"content":{"rendered":"<p>Desde 2022, o dia 19 de abril ficou institu&iacute;do, pela <a href=\"https:\/\/presrepublica.jusbrasil.com.br\/legislacao\/1569003997\/lei-14402-22\" target=\"_blank\">Lei 14.402<\/a>, como &ldquo;Dia dos Povos Ind&iacute;genas&rdquo;, substituindo o antigo &ldquo;Dia do &Iacute;ndio&rdquo;. A mudan&ccedil;a na nomenclatura da data veio da ideia de abranger e respeitar as diferen&ccedil;as &eacute;tnicas, culturais, de idiomas e etc. dos diversos povos origin&aacute;rios que vivem no Brasil.&nbsp;<p>A data celebra a exist&ecirc;ncia de 305 etnias, falantes de 274 l&iacute;nguas diferentes, que juntos somam 1,7 milh&otilde;es dos mais de 203 milh&otilde;es de brasileiros contabilizados pelo <a href=\"https:\/\/vestibulares.estrategia.com\/portal\/atualidades-e-dicas\/dados-do-censo-que-podem-cair-no-vestibular\/\" target=\"_blank\">Censo do Instituto Brasileiro de Geografia e Estat&iacute;stica (IBGE) em 2022<\/a>.<\/p><p>No texto a seguir, o <strong>Portal Estrat&eacute;gia Vestibulares<\/strong> reuniu cita&ccedil;&otilde;es dos principais pensadores ind&iacute;genas brasileiros da atualidade, que integram oito etnias diferentes, e podem contribuir para o repert&oacute;rio sociocultural da sua reda&ccedil;&atilde;o no vestibular. Confira:<\/p><p class=\"wp-block-verse\"><strong>Leia tamb&eacute;m:<\/strong><br>+ <a href=\"https:\/\/vestibulares.estrategia.com\/portal\/enem-e-vestibulares\/vestibulares\/universidade-para-indigenas-conheca-cursos-vestibulares-e-politicas-de-permanencia-estudantil\/\" target=\"_blank\">Universidade para ind&iacute;genas: conhe&ccedil;a cursos, vestibulares e pol&iacute;ticas de perman&ecirc;ncia estudantil<br><\/a>+ <a href=\"https:\/\/vestibulares.estrategia.com\/portal\/noticias\/7-citacoes-sobre-povos-indigenas-para-usar-na-redacao\/\" target=\"_blank\">7 cita&ccedil;&otilde;es sobre povos ind&iacute;genas para usar na reda&ccedil;&atilde;o<\/a><br>+ <a href=\"https:\/\/vestibulares.estrategia.com\/portal\/materias\/portugues\/indio-ou-indigena\/\" target=\"_blank\">15 quest&otilde;es sobre povos ind&iacute;genas que j&aacute; ca&iacute;ram nos vestibulares<\/a><br>+<a href=\"https:\/\/vestibulares.estrategia.com\/portal\/materias\/portugues\/indio-ou-indigena\/\"> &Iacute;ndio ou ind&iacute;gena: qual &eacute; a diferen&ccedil;a?<\/a><br>+ <a href=\"https:\/\/vestibulares.estrategia.com\/portal\/atualidades-e-dicas\/garimpo-ilegal-no-brasil-o-que-e-como-acontece-e-quais-conflitos-sao-gerados\/\" target=\"_blank\">Garimpo ilegal no Brasil: o que &eacute;, como acontece e quais conflitos s&atilde;o gerados<\/a><a href=\"https:\/\/vestibulares.estrategia.com\/portal\/materias\/portugues\/indio-ou-indigena\/\" target=\"_blank\"><br><\/a><\/p><p>\n\n\n\n<div id=\"new-form\">\n\t<form id=\"forms_layout\">\n\t<input type=\"hidden\" id=\"chave_de\" name=\"chave_de\" value=\"01_EVEST_LEADS_TOTAIS\" \/>\n\t\t<input type=\"hidden\" id=\"mid\" name=\"mid\" value=\"515008983\" \/>\n\t\t<input type=\"hidden\" id=\"Objetivo\" name=\"Objetivo\" value=\"Vestibulares\" \/>\n\t\t<input type=\"hidden\" id=\"Estado_de_Origem_do_IP\" name=\"Estado_de_Origem_do_IP\"  value=\"\" \/>\n\t\t<input type=\"hidden\" id=\"Cidade_de_Origem_do_IP\" name=\"Cidade_de_Origem_do_IP\" value=\"\" \/>\n\t\t<input type=\"hidden\" id=\"Modo_de_entrada\" name=\"Modo_de_entrada\" value=\"Portal\" \/>\n\t\t<input type=\"hidden\" id=\"Pagina_Origem\" name=\"Pagina_Origem\" value=\"\" \/>\n\n\t\t<div class=\"texto\">\n\t\t\t<h3 class=\"news\">Inscreva-se em nossa newsletter\ud83e\udd89<\/h3>\n\t\t\t<p>Receba dicas de estudo gratuitas e saiba em primeira m\u00e3o as novidades sobre o Enem, Sisu, Encceja, Fuvest e outros vestibulares!<\/p>\n\t\t<\/div>\n\t\t<div class=\"campos\">\n\t\t\t<div class=\"first_name labels\">\n\t\t\t\t<input type=\"text\" class=\"input_labels\" id=\"first_name\" name=\"Nome_Completo\" placeholder=\"Nome\" required \/>\n\t\t\t<\/div>\n\t\t\t<div class=\"email labels\">\n\t\t\t\t<input type=\"email\" class=\"input_labels\" id=\"email\" name=\"Email\" placeholder=\"E-mail\" required \/>\n\t\t\t<\/div>\n\t\t\t<button type=\"submit\" class=\"button_layout\">\n\t\t\t\t<div id=\"lblBotao\">Inscreva-se<\/div>\n\t\t\t\t<span id=\"divSpiner\" class=\"loader\" role=\"status\" style=\"display: none;\"><\/span>\t\n\t\t\t<\/button>\n\t\t<\/div><!-- \/campos -->\n\t\t\n\t\t<label class=\"container_checkbox\">Voc\u00ea concorda com a nossa\n\t\t\t<a class=\"politics_privacy_ahref\" target=\"_blank\" href=\"https:\/\/gratis.estrategiaconcursos.com.br\/politica-de-privacidade\/\">Pol\u00edtica de Privacidade<\/a> e aceita receber informa\u00e7\u00f5es adicionais do Estrat\u00e9gia Educacional.\n\t\t\t<input id=\"checkbox_layout\" type=\"checkbox\" checked=\"checked\" required \/>\n\t\t\t<span class=\"checkbox\"><\/span>\n\t\t<\/label>\n\t\t<div id=\"msg\"><\/div>\n\t\t<div id=\"error\" class=\"error\">\n\t\t<\/div>\n\t<\/form>\n<\/div><!-- \/new-form -->\n\n\n\n<\/p><div id=\"ez-toc-container\" class=\"ez-toc-v2_0_76 counter-hierarchy ez-toc-counter ez-toc-transparent ez-toc-container-direction\">\n<div class=\"ez-toc-title-container\"><p class=\"ez-toc-title\" style=\"cursor:inherit\">Navegue pelo conte\u00fado<\/p>\n<\/div><nav><ul class='ez-toc-list ez-toc-list-level-1 ' ><li class='ez-toc-page-1 ez-toc-heading-level-2'><a class=\"ez-toc-link ez-toc-heading-1\" href=\"https:\/\/vestibulares.estrategia.com\/portal\/materias\/redacao\/citacoes-de-pensadores-indigenas-para-usar-na-redacao\/#1-%E2%80%9CEsse-olhar-para-o-futuro-aliena-as-pessoas-para-a-necessidade-mais-imediata-de-construirmos-nossa-existencia-no-presente%E2%80%9D-%E2%80%94-Daniel-Munduruku\" >1- &ldquo;Esse olhar para o futuro aliena as pessoas para a necessidade mais imediata de construirmos nossa exist&ecirc;ncia no presente&rdquo; &mdash; Daniel Munduruku<\/a><\/li><li class='ez-toc-page-1 ez-toc-heading-level-2'><a class=\"ez-toc-link ez-toc-heading-2\" href=\"https:\/\/vestibulares.estrategia.com\/portal\/materias\/redacao\/citacoes-de-pensadores-indigenas-para-usar-na-redacao\/#2-%E2%80%9CEstamos-a-tal-ponto-dopados-por-essa-realidade-nefasta-de-consumo-e-entretenimento-que-nos-desconectamos-do-organismo-vivo-da-Terra%E2%80%9D-%E2%80%94-Ailton-Krenak\" >2- &ldquo;Estamos a tal ponto dopados por essa realidade nefasta de consumo e entretenimento que nos desconectamos do organismo vivo da Terra&rdquo;&nbsp; &mdash; Ailton Krenak<\/a><\/li><li class='ez-toc-page-1 ez-toc-heading-level-2'><a class=\"ez-toc-link ez-toc-heading-3\" href=\"https:\/\/vestibulares.estrategia.com\/portal\/materias\/redacao\/citacoes-de-pensadores-indigenas-para-usar-na-redacao\/#3-%E2%80%9CNao-tem-uma-politica-publica-para-esses-povos-indigenas-que-sao-jogados-nos-centros-urbanos-e-eles-saem-das-comunidades-por-conta-da-violencia%E2%80%9D-%E2%80%94-Eliane-Potiguara\" >3- &ldquo;N&atilde;o tem uma pol&iacute;tica p&uacute;blica para esses povos ind&iacute;genas que s&atilde;o jogados nos centros urbanos e eles saem das comunidades por conta da viol&ecirc;ncia&rdquo; &mdash;&nbsp; Eliane Potiguara<\/a><\/li><li class='ez-toc-page-1 ez-toc-heading-level-2'><a class=\"ez-toc-link ez-toc-heading-4\" href=\"https:\/\/vestibulares.estrategia.com\/portal\/materias\/redacao\/citacoes-de-pensadores-indigenas-para-usar-na-redacao\/#4-%E2%80%9CSomos-mais-do-que-as-pessoas-pensam-somos-seres-sociais-e-por-tanto-diferentes-e-complexos-tambem-nao-somos-a-caricatura-do-%E2%80%98indio-que-conhecemos-no-Brasil%E2%80%9D-%E2%80%94-Alice-Pataxo\" >4- &ldquo;Somos mais do que as pessoas pensam, somos seres sociais e, por tanto, diferentes, e complexos tamb&eacute;m, n&atilde;o somos a caricatura do &lsquo;&iacute;ndio&rsquo; que conhecemos no Brasil&rdquo; &mdash; Alice Patax&oacute;<\/a><\/li><li class='ez-toc-page-1 ez-toc-heading-level-2'><a class=\"ez-toc-link ez-toc-heading-5\" href=\"https:\/\/vestibulares.estrategia.com\/portal\/materias\/redacao\/citacoes-de-pensadores-indigenas-para-usar-na-redacao\/#5-%E2%80%9CMulheres-especialmente-as-nao-brancas-maes-empobrecidas-trabalham-gratuitamente-para-a-%E2%80%98familia-garantindo-servicos-diarios-de-limpeza-alimentacao-cuidado-das-criancas-etc%E2%80%9D-%E2%80%94-Geni-Nunez\" >5- &ldquo;Mulheres, especialmente as n&atilde;o brancas, m&atilde;es, empobrecidas, trabalham gratuitamente para a &lsquo;fam&iacute;lia&rsquo;, garantindo servi&ccedil;os di&aacute;rios de limpeza, alimenta&ccedil;&atilde;o, cuidado das crian&ccedil;as etc.&rdquo; &mdash; Geni N&uacute;&ntilde;ez<\/a><\/li><li class='ez-toc-page-1 ez-toc-heading-level-2'><a class=\"ez-toc-link ez-toc-heading-6\" href=\"https:\/\/vestibulares.estrategia.com\/portal\/materias\/redacao\/citacoes-de-pensadores-indigenas-para-usar-na-redacao\/#6-%E2%80%9CO-pensamento-vazio-dos-brancos-nao-consegue-conviver-com-a-ideia-de-viver-a-toa-no-mundo-acham-que-o-trabalho-e-a-razao-da-existencia%E2%80%9D-%E2%80%94-Ailton-Krenak\" >6- &ldquo;O pensamento vazio dos brancos n&atilde;o consegue conviver com a ideia de viver &agrave; toa no mundo, acham que o trabalho &eacute; a raz&atilde;o da exist&ecirc;ncia&rdquo; &mdash; Ailton Krenak<\/a><\/li><li class='ez-toc-page-1 ez-toc-heading-level-2'><a class=\"ez-toc-link ez-toc-heading-7\" href=\"https:\/\/vestibulares.estrategia.com\/portal\/materias\/redacao\/citacoes-de-pensadores-indigenas-para-usar-na-redacao\/#7-%E2%80%9CA-Terra-esta-falando-ela-nos-diz-que-nao-temos-mais-tempo%E2%80%9D-%E2%80%94-Txai-Surui\" >7- &ldquo;A Terra est&aacute; falando, ela nos diz que n&atilde;o temos mais tempo&rdquo; &mdash; Txai Suru&iacute;<\/a><\/li><li class='ez-toc-page-1 ez-toc-heading-level-2'><a class=\"ez-toc-link ez-toc-heading-8\" href=\"https:\/\/vestibulares.estrategia.com\/portal\/materias\/redacao\/citacoes-de-pensadores-indigenas-para-usar-na-redacao\/#8-%E2%80%93-%E2%80%9CNo-Brasil-a-maioria-renega-as-suas-raizes-e-desconhece-a-sua-cultura-Riqueza-nao-e-soja-nao-e-ouro-que-sai-do-territorio%E2%80%9D-%E2%80%94-Juma-Xipaia\" >8 &ndash; &ldquo;No Brasil, a maioria renega as suas ra&iacute;zes e desconhece a sua cultura. Riqueza n&atilde;o &eacute; soja, n&atilde;o &eacute; ouro que sai do territ&oacute;rio&rdquo; &mdash; Juma Xipaia<\/a><\/li><li class='ez-toc-page-1 ez-toc-heading-level-2'><a class=\"ez-toc-link ez-toc-heading-9\" href=\"https:\/\/vestibulares.estrategia.com\/portal\/materias\/redacao\/citacoes-de-pensadores-indigenas-para-usar-na-redacao\/#9-%E2%80%9CA-ancestralidade-sempre-ensinou-que-o-sentido-da-vida-e-o-coletivo%E2%80%9D-%E2%80%94-Sonia-Guajajara\" >9- &ldquo;A ancestralidade sempre ensinou que o sentido da vida &eacute; o coletivo&rdquo; &mdash; S&ocirc;nia Guajajara<\/a><\/li><li class='ez-toc-page-1 ez-toc-heading-level-2'><a class=\"ez-toc-link ez-toc-heading-10\" href=\"https:\/\/vestibulares.estrategia.com\/portal\/materias\/redacao\/citacoes-de-pensadores-indigenas-para-usar-na-redacao\/#Confira-mais-citacoes\" >Confira mais cita&ccedil;&otilde;es<\/a><\/li><li class='ez-toc-page-1 ez-toc-heading-level-2'><a class=\"ez-toc-link ez-toc-heading-11\" href=\"https:\/\/vestibulares.estrategia.com\/portal\/materias\/redacao\/citacoes-de-pensadores-indigenas-para-usar-na-redacao\/#Prepare-se-para-a-redacao-com-o-Estrategia-Vestibulares\" >Prepare-se para a reda&ccedil;&atilde;o com o Estrat&eacute;gia Vestibulares<\/a><\/li><\/ul><\/nav><\/div>\n<h2 class=\"wp-block-heading\" id=\"h-1-esse-olhar-para-o-futuro-aliena-as-pessoas-para-a-necessidade-mais-imediata-de-construirmos-nossa-existencia-no-presente-daniel-munduruku\"><span class=\"ez-toc-section\" id=\"1-%E2%80%9CEsse-olhar-para-o-futuro-aliena-as-pessoas-para-a-necessidade-mais-imediata-de-construirmos-nossa-existencia-no-presente%E2%80%9D-%E2%80%94-Daniel-Munduruku\"><\/span>1- &ldquo;Esse olhar para o futuro aliena as pessoas para a necessidade mais imediata de construirmos nossa exist&ecirc;ncia no presente&rdquo; &mdash; Daniel Munduruku<span class=\"ez-toc-section-end\"><\/span><\/h2><p>Nascido no povo ind&iacute;gena <em>Munduruku<\/em>, no Par&aacute;, Daniel &eacute; professor, escritor, ativista filiado ao Partido Democr&aacute;tico Trabalhista (PDT) e ator. Seu trabalho como autor j&aacute; rendeu 62 livros publicados e suas obras s&atilde;o voltadas para o p&uacute;blico infanto-juvenil, tendo como tema principal a diversidade cultural ind&iacute;gena.&nbsp;<\/p><p>A cita&ccedil;&atilde;o escolhida vem de uma <a href=\"https:\/\/www.folhape.com.br\/noticias\/modo-nao-indigena-de-pensar-futuro-e-alienante-diz-daniel-munduruku\/330043\/\" target=\"_blank\">entrevista<\/a> de Daniel para Ag&ecirc;ncia Brasil, em comemora&ccedil;&atilde;o ao Dia dos Povos Ind&iacute;genas, em 2024. Na ocasi&atilde;o, o autor foi convidado a imaginar o futuro dos povos origin&aacute;rios e criticou a ideia, vinda de povos n&atilde;o ind&iacute;genas, de pensar apenas no futuro.<\/p><h2 class=\"wp-block-heading\" id=\"h-2-estamos-a-tal-ponto-dopados-por-essa-realidade-nefasta-de-consumo-e-entretenimento-que-nos-desconectamos-do-organismo-vivo-da-terra-nbsp-ailton-krenak\"><span class=\"ez-toc-section\" id=\"2-%E2%80%9CEstamos-a-tal-ponto-dopados-por-essa-realidade-nefasta-de-consumo-e-entretenimento-que-nos-desconectamos-do-organismo-vivo-da-Terra%E2%80%9D-%E2%80%94-Ailton-Krenak\"><\/span>2- &ldquo;Estamos a tal ponto dopados por essa realidade nefasta de consumo e entretenimento que nos desconectamos do organismo vivo da Terra&rdquo;&nbsp; &mdash; Ailton Krenak<span class=\"ez-toc-section-end\"><\/span><\/h2><p>Ailton Alves Lacerda Krenak nasceu na comunidade ind&iacute;gena dos <em>Krenak<\/em>, na regi&atilde;o do M&eacute;dio Rio Doce, em Minas Gerais. Al&eacute;m de ser um fil&oacute;sofo, ambientalista e escritor, Ailton participou das funda&ccedil;&otilde;es da Alian&ccedil;a dos Povos da Floresta e da Uni&atilde;o das Na&ccedil;&otilde;es Ind&iacute;genas (UNI) e militou pela inclus&atilde;o dos Direitos Ind&iacute;genas na <a href=\"https:\/\/vestibulares.estrategia.com\/portal\/materias\/historia\/constituicoes-federais-do-brasil\/\" target=\"_blank\">Constitui&ccedil;&atilde;o Federal de 1988<\/a>, tendo, inclusive, discursado durante a Assembleia Constituinte.<\/p><p>A frase de Krenak vem de seu livro &ldquo;A Vida N&atilde;o &Eacute; &Uacute;til&rdquo;, que re&uacute;ne cinco textos: &ldquo;N&atilde;o se come dinheiro&rdquo;, &ldquo;Sonhos para adiar o fim do mundo&rdquo;, &ldquo;A m&aacute;quina de fazer coisas&rdquo;, &ldquo;O amanh&atilde; n&atilde;o est&aacute; &agrave; venda&rdquo; e &ldquo;A vida n&atilde;o &eacute; &uacute;til&rdquo;. De acordo com a sinopse da obra, o autor aponta as &ldquo;tend&ecirc;ncias destrutivas da chamada &lsquo;civiliza&ccedil;&atilde;o&rsquo;: consumismo desenfreado, devasta&ccedil;&atilde;o ambiental e uma vis&atilde;o estreita e excludente do que &eacute; a humanidade&rdquo;.<\/p><figure class=\"wp-block-embed is-type-video is-provider-youtube wp-block-embed-youtube wp-embed-aspect-16-9 wp-has-aspect-ratio\"><div class=\"wp-block-embed__wrapper\">\n<div class=\"cs-embed cs-embed-responsive\"><iframe title=\"Discurso Ailton Krenak Assembl&eacute;ia Nacional Constituinte - 1987.\" width=\"1200\" height=\"675\" src=\"https:\/\/www.youtube.com\/embed\/ildN6lyXDNE?feature=oembed\" frameborder=\"0\" allow=\"accelerometer; autoplay; clipboard-write; encrypted-media; gyroscope; picture-in-picture; web-share\" referrerpolicy=\"strict-origin-when-cross-origin\" allowfullscreen><\/iframe><\/div>\n<\/div><figcaption class=\"wp-element-caption\">Discurso de Ailton Krenak durante a Assembleia Constituinte, em 1987. <\/figcaption><\/figure><h2 class=\"wp-block-heading\" id=\"h-3-nao-tem-uma-politica-publica-para-esses-povos-indigenas-que-sao-jogados-nos-centros-urbanos-e-eles-saem-das-comunidades-por-conta-da-violencia-nbsp-eliane-potiguara\"><span class=\"ez-toc-section\" id=\"3-%E2%80%9CNao-tem-uma-politica-publica-para-esses-povos-indigenas-que-sao-jogados-nos-centros-urbanos-e-eles-saem-das-comunidades-por-conta-da-violencia%E2%80%9D-%E2%80%94-Eliane-Potiguara\"><\/span>3- &ldquo;N&atilde;o tem uma pol&iacute;tica p&uacute;blica para esses povos ind&iacute;genas que s&atilde;o jogados nos centros urbanos e eles saem das comunidades por conta da viol&ecirc;ncia&rdquo; &mdash;&nbsp; Eliane Potiguara<span class=\"ez-toc-section-end\"><\/span><\/h2><p>Eliane Lima dos Santos, nascida no Rio de Janeiro, mas pertencente ao grupo &eacute;tnico <em>Potiguara<\/em>, da Para&iacute;ba, &eacute; considerada a primeira escritora ind&iacute;gena do Brasil. Al&eacute;m de escritora, Eliane &eacute; professora formada pela UFRJ, onde tamb&eacute;m recebeu o t&iacute;tulo de doutora <em>&ldquo;honoris causa&rdquo; <\/em>e &eacute; criadora da Rede Grumin de Mulheres Ind&iacute;genas, que busca desenvolver consci&ecirc;ncia cr&iacute;tica sobre o exerc&iacute;cio dos direitos humanos e a preserva&ccedil;&atilde;o e desenvolvimento da cultura ind&iacute;gena.<\/p><p>Em 2021, a escritora concedeu uma <a href=\"https:\/\/auniao.pb.gov.br\/noticias\/entrevistas\/eliane-potiguara-o-agronegocio-e-um-projeto-para-destruir-e-entrar-nas-areas-indigenas\" target=\"_blank\">entrevista<\/a> ao Portal do jornal estatal da Para&iacute;ba, &lsquo;&rsquo;A Uni&atilde;o&rdquo;, na qual falou sobre sua vida, sobre pol&iacute;tica e sobre os povos ind&iacute;genas, utilizando a frase de cita&ccedil;&atilde;o.<\/p><h2 class=\"wp-block-heading\" id=\"h-4-somos-mais-do-que-as-pessoas-pensam-somos-seres-sociais-e-por-tanto-diferentes-e-complexos-tambem-nao-somos-a-caricatura-do-indio-que-conhecemos-no-brasil-alice-pataxo\"><span class=\"ez-toc-section\" id=\"4-%E2%80%9CSomos-mais-do-que-as-pessoas-pensam-somos-seres-sociais-e-por-tanto-diferentes-e-complexos-tambem-nao-somos-a-caricatura-do-%E2%80%98indio-que-conhecemos-no-Brasil%E2%80%9D-%E2%80%94-Alice-Pataxo\"><\/span>4- &ldquo;Somos mais do que as pessoas pensam, somos seres sociais e, por tanto, diferentes, e complexos tamb&eacute;m, n&atilde;o somos a caricatura do &lsquo;&iacute;ndio&rsquo; que conhecemos no Brasil&rdquo; &mdash; Alice Patax&oacute;<span class=\"ez-toc-section-end\"><\/span><\/h2><p>Um dos nomes mais jovens na luta pelo direito dos povos ind&iacute;genas, Alice nasceu em 2001, na comunidade <em>Patax&oacute;<\/em> da cidade de Prado, no Sul da Bahia. Al&eacute;m de cursar bacharelado em humanidades, com especializa&ccedil;&atilde;o em Direito, Alice tamb&eacute;m atua como comunicadora no YouTube e escrevendo para o Projeto Colabora, para o Yahoo Not&iacute;cia e &eacute; colunista nos blogs Fontes BR e Tucum Brasil.<\/p><p>A cita&ccedil;&atilde;o vem de uma <a href=\"https:\/\/oglobo.globo.com\/brasil\/alice-pataxo-que-encantou-malala-com-discurso-na-coy16-diz-que-foi-conferencia-desmentir-bolsonaro-eles-ficam-dizendo-que-esta-tudo-bem-no-brasil-sao-absurdos-1-25266299\" target=\"_blank\">entrevista<\/a> concedida ap&oacute;s virar not&iacute;cia pela presen&ccedil;a na Confer&ecirc;ncia das Na&ccedil;&otilde;es Unidas sobre as Mudan&ccedil;as Clim&aacute;ticas (COP26), em 2021. Sua participa&ccedil;&atilde;o no evento lhe rendeu a admira&ccedil;&atilde;o da ativista <a href=\"https:\/\/vestibulares.estrategia.com\/portal\/materias\/redacao\/citacoes-malala-redacao\/\" target=\"_blank\">Malala Yousafzai<\/a>, que a indicou para receber o pr&ecirc;mio&nbsp; &ldquo;100 mulheres mais inspiradoras e influentes do mundo em 2022&rdquo;, da rede de comunica&ccedil;&atilde;o inglesa BBC.<\/p><h2 class=\"wp-block-heading\" id=\"h-5-mulheres-especialmente-as-nao-brancas-maes-empobrecidas-trabalham-gratuitamente-para-a-familia-garantindo-servicos-diarios-de-limpeza-alimentacao-cuidado-das-criancas-etc-geni-nunez\"><span class=\"ez-toc-section\" id=\"5-%E2%80%9CMulheres-especialmente-as-nao-brancas-maes-empobrecidas-trabalham-gratuitamente-para-a-%E2%80%98familia-garantindo-servicos-diarios-de-limpeza-alimentacao-cuidado-das-criancas-etc%E2%80%9D-%E2%80%94-Geni-Nunez\"><\/span>5- &ldquo;Mulheres, especialmente as n&atilde;o brancas, m&atilde;es, empobrecidas, trabalham gratuitamente para a &lsquo;fam&iacute;lia&rsquo;, garantindo servi&ccedil;os di&aacute;rios de limpeza, alimenta&ccedil;&atilde;o, cuidado das crian&ccedil;as etc.&rdquo; &mdash; Geni N&uacute;&ntilde;ez<span class=\"ez-toc-section-end\"><\/span><\/h2><p>Famosa por seu trabalho no Instagram @genipapos, Geni N&uacute;&ntilde;ez &eacute; psic&oacute;loga, escritora e ativista de origem <em>Guarani<\/em>. Sua atua&ccedil;&atilde;o &eacute; voltada para a discuss&atilde;o sobre monogamia, sob uma perspectiva que afirma que o processo de coloniza&ccedil;&atilde;o europeu no Brasil imp&ocirc;s uma &ldquo;monocultura dos afetos&rdquo; .<\/p><p>Em seu livro &ldquo;Descolonizando Afetos: experimenta&ccedil;&otilde;es sobre outras formas de amar&rdquo;, publicado em 2023, est&aacute; a frase citada. No trecho, Geni discute como a monogamia tamb&eacute;m &eacute; parte da explora&ccedil;&atilde;o, inclusive financeira, da mulher, e n&atilde;o restringe o debate apenas &agrave; exclusividade afetivo-sexual.<\/p><p class=\"wp-block-verse\"><strong>Saiba mais:<\/strong><br>+ <a href=\"https:\/\/vestibulares.estrategia.com\/portal\/enem-e-vestibulares\/enem\/7-citacoes-que-poderiam-ser-usadas-na-redacao-do-enem-2023\/\" target=\"_blank\">7 cita&ccedil;&otilde;es que poderiam ser usadas na reda&ccedil;&atilde;o do Enem 2023<\/a><br>+<a href=\"https:\/\/vestibulares.estrategia.com\/portal\/enem-e-vestibulares\/enem\/13-dados-que-poderiam-ser-usados-como-repertorio-na-redacao-do-enem-2023\/\" target=\"_blank\"> 13 dados que poderiam ser usados como repert&oacute;rio na reda&ccedil;&atilde;o do Enem 2023<\/a><\/p><h2 class=\"wp-block-heading\" id=\"h-6-o-pensamento-vazio-dos-brancos-nao-consegue-conviver-com-a-ideia-de-viver-a-toa-no-mundo-acham-que-o-trabalho-e-a-razao-da-existencia-ailton-krenak\"><span class=\"ez-toc-section\" id=\"6-%E2%80%9CO-pensamento-vazio-dos-brancos-nao-consegue-conviver-com-a-ideia-de-viver-a-toa-no-mundo-acham-que-o-trabalho-e-a-razao-da-existencia%E2%80%9D-%E2%80%94-Ailton-Krenak\"><\/span>6- &ldquo;O pensamento vazio dos brancos n&atilde;o consegue conviver com a ideia de viver &agrave; toa no mundo, acham que o trabalho &eacute; a raz&atilde;o da exist&ecirc;ncia&rdquo; &mdash; Ailton Krenak<span class=\"ez-toc-section-end\"><\/span><\/h2><p>A segunda cita&ccedil;&atilde;o de Ailton Krenak tamb&eacute;m foi retirada de seu livro &ldquo;A Vida N&atilde;o &Eacute; &Uacute;til&rdquo;. Com um t&iacute;tulo amb&iacute;guo, que chama aten&ccedil;&atilde;o, o autor discute na obra a cren&ccedil;a de que a realiza&ccedil;&atilde;o pessoal vem atrav&eacute;s da constante produ&ccedil;&atilde;o e do consumo desenfreado.<\/p><p>&ldquo;A vida &eacute; t&atilde;o maravilhosa que a nossa mente tenta dar uma utilidade a ela, mas isso &eacute; uma besteira. A vida &eacute; frut&iacute;fera, &eacute; uma dan&ccedil;a, s&oacute; que &eacute; uma dan&ccedil;a c&oacute;smica, e a gente quer reduzir a uma coreografia rid&iacute;cula e utilit&aacute;ria&rdquo;, defende Krenak.<\/p><h2 class=\"wp-block-heading\" id=\"h-7-a-terra-esta-falando-ela-nos-diz-que-nao-temos-mais-tempo-txai-surui\"><span class=\"ez-toc-section\" id=\"7-%E2%80%9CA-Terra-esta-falando-ela-nos-diz-que-nao-temos-mais-tempo%E2%80%9D-%E2%80%94-Txai-Surui\"><\/span>7- &ldquo;A Terra est&aacute; falando, ela nos diz que n&atilde;o temos mais tempo&rdquo; &mdash; Txai Suru&iacute;<span class=\"ez-toc-section-end\"><\/span><\/h2><p>Txai Suru&iacute;, do povo <em>Suru&iacute;<\/em>, de Rond&ocirc;nia, foi uma das ind&iacute;genas brasileiras a discursar na Confer&ecirc;ncia das Na&ccedil;&otilde;es Unidas sobre as Mudan&ccedil;as Clim&aacute;ticas (COP26), em 2021. Em sua fala, a ativista chamou aten&ccedil;&atilde;o para a necessidade de medidas urgentes para frear as mudan&ccedil;as clim&aacute;ticas e tratou da import&acirc;ncia que os povos ind&iacute;genas t&ecirc;m na conserva&ccedil;&atilde;o da Floresta Amaz&ocirc;nica.<\/p><p>Txai &eacute; formada em Direito pela Universidade Federal de Rond&ocirc;nia (Unir), &eacute; coordenadora do Movimento da Juventude Ind&iacute;gena e trabalha na organiza&ccedil;&atilde;o n&atilde;o governamental de defesa dos direitos ind&iacute;genas <em>Kanind&eacute;.<\/em><\/p><figure class=\"wp-block-embed aligncenter is-type-video is-provider-youtube wp-block-embed-youtube wp-embed-aspect-16-9 wp-has-aspect-ratio\"><div class=\"wp-block-embed__wrapper\">\n<div class=\"cs-embed cs-embed-responsive\"><iframe title='\"Devemos estar nos centros das decis&otilde;es\", diz Txai Suru&iacute; na COP26' width=\"1200\" height=\"675\" src=\"https:\/\/www.youtube.com\/embed\/1gnUH7HNBAU?start=25&amp;feature=oembed\" frameborder=\"0\" allow=\"accelerometer; autoplay; clipboard-write; encrypted-media; gyroscope; picture-in-picture; web-share\" referrerpolicy=\"strict-origin-when-cross-origin\" allowfullscreen><\/iframe><\/div>\n<\/div><figcaption class=\"wp-element-caption\">Discurso de Txai Suru&iacute; na abertura da COP26, em 2021.<\/figcaption><\/figure><p class=\"wp-block-verse\"><strong>Veja tamb&eacute;m:<\/strong><br>+ <a href=\"https:\/\/vestibulares.estrategia.com\/portal\/materias\/redacao\/7-citacoes-sobre-meio-ambiente-para-usar-na-redacao\/\" target=\"_blank\">7 cita&ccedil;&otilde;es sobre meio ambiente para usar na reda&ccedil;&atilde;o<\/a><br>+ <a href=\"https:\/\/vestibulares.estrategia.com\/portal\/materias\/redacao\/11-documentarios-e-filmes-sobre-meio-ambiente\/\" target=\"_blank\">11 document&aacute;rios e filmes sobre meio ambiente para usar na reda&ccedil;&atilde;o e como repert&oacute;rio<\/a><\/p><h2 class=\"wp-block-heading\" id=\"h-8-no-brasil-a-maioria-renega-as-suas-raizes-e-desconhece-a-sua-cultura-riqueza-nao-e-soja-nao-e-ouro-que-sai-do-territorio-juma-xipaia\"><span class=\"ez-toc-section\" id=\"8-%E2%80%93-%E2%80%9CNo-Brasil-a-maioria-renega-as-suas-raizes-e-desconhece-a-sua-cultura-Riqueza-nao-e-soja-nao-e-ouro-que-sai-do-territorio%E2%80%9D-%E2%80%94-Juma-Xipaia\"><\/span>8 &ndash; &ldquo;No Brasil, a maioria renega as suas ra&iacute;zes e desconhece a sua cultura. Riqueza n&atilde;o &eacute; soja, n&atilde;o &eacute; ouro que sai do territ&oacute;rio&rdquo; &mdash; Juma Xipaia<span class=\"ez-toc-section-end\"><\/span><\/h2><p>Nascida no povo <em>Xipaia<\/em>, que vive &agrave; beira do Rio Iriri, Juma foi a primeira mulher a se tornar cacique na regi&atilde;o do M&eacute;dio Xingu, liderando a aldeia Tukam&atilde;, sua terra natal. Al&eacute;m de ser ativista e ambientalista, Juma atualmente ocupa o cargo de secret&aacute;ria de Articula&ccedil;&atilde;o e Promo&ccedil;&atilde;o de Direitos Ind&iacute;genas (Seart), no Minist&eacute;rio dos Povos Ind&iacute;genas.<\/p><p>No final de 2023, a ativista se tornou, ao lado da Ministra dos Povos Ind&iacute;genas S&ocirc;nia Guajajara, imortal pela Academia Brasileira de Cultura (ABC). Na ocasi&atilde;o, a cita&ccedil;&atilde;o fez parte de seu discurso de agradecimento.<\/p><h2 class=\"wp-block-heading\" id=\"h-9-a-ancestralidade-sempre-ensinou-que-o-sentido-da-vida-e-o-coletivo-sonia-guajajara\"><span class=\"ez-toc-section\" id=\"9-%E2%80%9CA-ancestralidade-sempre-ensinou-que-o-sentido-da-vida-e-o-coletivo%E2%80%9D-%E2%80%94-Sonia-Guajajara\"><\/span>9- &ldquo;A ancestralidade sempre ensinou que o sentido da vida &eacute; o coletivo&rdquo; &mdash; S&ocirc;nia Guajajara<span class=\"ez-toc-section-end\"><\/span><\/h2><p>S&ocirc;nia Bone de Sousa Silva Santos, ind&iacute;gena da etnia <em>Guajajara<\/em>, do Maranh&atilde;o, &eacute; formada em Letras e em Enfermagem, especialista em Educa&ccedil;&atilde;o Especial pela Universidade Estadual do Maranh&atilde;o (Uema), filiada ao Partido Socialismo e Liberdade (PSOL) &mdash; legenda pela qual concorreu &agrave; vice-presid&ecirc;ncia, ao lado de Guilherme Boulos (PSOL), em 2018 &mdash; e atual Ministra dos Povos Ind&iacute;genas.<\/p><p>Em 2020, ao ser <a href=\"https:\/\/shifter.pt\/2020\/05\/sonia-guajajara-entrevista\/?doing_wp_cron=1713451269.4346020221710205078125\" target=\"_blank\">entrevistada pela revista portuguesa Shifter<\/a>, S&ocirc;nia ainda era coordenadora da Articula&ccedil;&atilde;o dos Povos Ind&iacute;genas do Brasil (APIB), e al&eacute;m de falar sobre os efeitos da pandemia de Covid-19 sobre os povos ind&iacute;genas, usou a cita&ccedil;&atilde;o para tratar da import&acirc;ncia da ideia de coletividade em torno da conserva&ccedil;&atilde;o do meio ambiente.<\/p><h2 class=\"wp-block-heading\" id=\"h-confira-mais-citacoes\"><span class=\"ez-toc-section\" id=\"Confira-mais-citacoes\"><\/span>Confira mais cita&ccedil;&otilde;es<span class=\"ez-toc-section-end\"><\/span><\/h2><ul class=\"wp-block-list\">\n<li><a href=\"https:\/\/vestibulares.estrategia.com\/portal\/materias\/redacao\/citacoes-maria-da-penha\/\" target=\"_blank\">7 cita&ccedil;&otilde;es de Maria da Penha para usar como repert&oacute;rio na reda&ccedil;&atilde;o<\/a><\/li>\n\n\n\n<li><a href=\"https:\/\/vestibulares.estrategia.com\/portal\/materias\/redacao\/citacoes-malala-redacao\/\" target=\"_blank\">11 cita&ccedil;&otilde;es de Malala Yousafzai para usar na reda&ccedil;&atilde;o<\/a><\/li>\n\n\n\n<li><a href=\"https:\/\/vestibulares.estrategia.com\/portal\/materias\/redacao\/23-citacoes-de-simone-de-beauvoir-para-usar-na-redacao\/\" target=\"_blank\">23 cita&ccedil;&otilde;es de Simone de Beauvoir para usar na reda&ccedil;&atilde;o<\/a><\/li>\n\n\n\n<li><a href=\"https:\/\/vestibulares.estrategia.com\/portal\/materias\/redacao\/17-citacoes-de-karl-marx-para-usar-na-redacao\/\" target=\"_blank\">17 cita&ccedil;&otilde;es de Karl Marx para usar na reda&ccedil;&atilde;o<\/a><\/li>\n\n\n\n<li><a href=\"https:\/\/vestibulares.estrategia.com\/portal\/materias\/redacao\/citacoes-carolina-maria-de-jesus\/\" target=\"_blank\">7 cita&ccedil;&otilde;es de Carolina Maria de Jesus para usar na reda&ccedil;&atilde;o<\/a><\/li>\n\n\n\n<li><a href=\"https:\/\/vestibulares.estrategia.com\/portal\/materias\/redacao\/7-citacoes-sobre-desemprego-para-usar-na-redacao\/\" target=\"_blank\">7 cita&ccedil;&otilde;es sobre desemprego para usar na reda&ccedil;&atilde;o<\/a><\/li>\n\n\n\n<li><a href=\"https:\/\/vestibulares.estrategia.com\/portal\/materias\/redacao\/11-citacoes-sobre-economia-para-usar-na-redacao\/\" target=\"_blank\">11 cita&ccedil;&otilde;es sobre economia para usar na reda&ccedil;&atilde;o<\/a><\/li>\n\n\n\n<li><a href=\"https:\/\/vestibulares.estrategia.com\/portal\/materias\/redacao\/citacoes-sobre-igualdade-de-genero\/\" target=\"_blank\">7 cita&ccedil;&otilde;es sobre igualdade de g&ecirc;nero para usar na reda&ccedil;&atilde;o<\/a><\/li>\n\n\n\n<li><a href=\"https:\/\/vestibulares.estrategia.com\/portal\/materias\/redacao\/9-citacoes-sobre-inclusao-social-para-usar-na-redacao\/\" target=\"_blank\">9 cita&ccedil;&otilde;es sobre inclus&atilde;o social para usar na reda&ccedil;&atilde;o<\/a><\/li>\n\n\n\n<li><a href=\"https:\/\/vestibulares.estrategia.com\/portal\/materias\/redacao\/citacoes-desigualdade-social-redacao\/\" target=\"_blank\">15 cita&ccedil;&otilde;es sobre desigualdade social para usar na reda&ccedil;&atilde;o<\/a><\/li>\n\n\n\n<li><a href=\"https:\/\/vestibulares.estrategia.com\/portal\/materias\/redacao\/9-citacoes-sobre-arte-para-usar-como-repertorio-sociocultural-na-redacao\/\" target=\"_blank\">9 cita&ccedil;&otilde;es sobre arte para usar como repert&oacute;rio sociocultural na reda&ccedil;&atilde;o&nbsp;<\/a><\/li>\n\n\n\n<li><a href=\"https:\/\/vestibulares.estrategia.com\/portal\/materias\/redacao\/7-citacoes-sobre-discriminacao-racial-para-usar-na-redacao\/\" target=\"_blank\">7 cita&ccedil;&otilde;es sobre discrimina&ccedil;&atilde;o racial para usar na reda&ccedil;&atilde;o<\/a><\/li>\n\n\n\n<li><a href=\"https:\/\/vestibulares.estrategia.com\/portal\/materias\/redacao\/9-citacoes-de-mulheres-importantes-para-usar-na-redacao\/\" target=\"_blank\">9 cita&ccedil;&otilde;es de mulheres importantes para usar na reda&ccedil;&atilde;o<\/a><\/li>\n<\/ul><h2 class=\"wp-block-heading\" id=\"h-prepare-se-para-a-redacao-com-o-estrategia-vestibulares\"><span class=\"ez-toc-section\" id=\"Prepare-se-para-a-redacao-com-o-Estrategia-Vestibulares\"><\/span>Prepare-se para a reda&ccedil;&atilde;o com o Estrat&eacute;gia Vestibulares<span class=\"ez-toc-section-end\"><\/span><\/h2><p>Sabia que o Estrat&eacute;gia Vestibulares oferece corre&ccedil;&otilde;es ilimitadas de reda&ccedil;&otilde;es? Voc&ecirc; estuda com nosso material e treina quantas vezes quiser, sempre recebendo o feedback sobre suas produ&ccedil;&otilde;es. N&atilde;o &eacute; incr&iacute;vel?<\/p><p>Com os cursos da Coruja voc&ecirc; se prepara para o vestibular com um material completo e atualizado, aulas din&acirc;micas e funcionais, al&eacute;m de contar com Banco de Quest&otilde;es, revis&otilde;es de v&eacute;spera, salas VIP, monitorias e muito mais.<\/p><p>\n\n\n<a id=\"cta\" class=\"cta-imagem\" href=\"https:\/\/vestibulares.estrategia.com\/curso\/curso-interativo-enem-redaco-prof-fernando-andrade\/\" target=\"blank\">\n                <img decoding=\"async\" width=\"100%\" src=\"https:\/\/vestibulares.estrategia.com\/portal\/wp-content\/uploads\/2021\/07\/Redacao.jpg\" alt=\"Cursos de Reda\u00e7\u00e3o Estrat\u00e9gia Vestibulares\" title=\"Curso de Reda\u00e7\u00e3o Estrat\u00e9gia Vestibulares\">\n        <\/a>\n\n\n<\/p><\/p>\n","protected":false},"excerpt":{"rendered":"A data celebra a exist\u00eancia de 305 etnias, com 274 idiomas diferentes, que juntas somam 1,7 milh\u00f5es de brasileiros\n","protected":false},"author":48,"featured_media":116010,"comment_status":"closed","ping_status":"closed","sticky":false,"template":"","format":"standard","meta":{"wl_entities_gutenberg":"","footnotes":""},"categories":[2],"tags":[],"wl_entity_type":[732],"class_list":{"0":"post-116009","1":"post","2":"type-post","3":"status-publish","4":"format-standard","5":"has-post-thumbnail","7":"category-redacao","8":"wl_entity_type-article"},"acf":[],"yoast_head":"<!-- This site is optimized with the Yoast SEO Premium plugin v25.9 (Yoast SEO v25.9) - https:\/\/yoast.com\/wordpress\/plugins\/seo\/ -->\n<title>Dia dos Povos Ind\u00edgenas: conhe\u00e7a 9 cita\u00e7\u00f5es de pensadores ind\u00edgenas para usar na reda\u00e7\u00e3o<\/title>\n<meta name=\"description\" content=\"A data celebra a exist\u00eancia de 305 etnias, com 274 idiomas diferentes, que juntas somam 1,7 milh\u00f5es de brasileiros\" \/>\n<meta name=\"robots\" content=\"index, follow, max-snippet:-1, max-image-preview:large, max-video-preview:-1\" \/>\n<link rel=\"canonical\" href=\"https:\/\/vestibulares.estrategia.com\/portal\/materias\/redacao\/citacoes-de-pensadores-indigenas-para-usar-na-redacao\/\" \/>\n<meta property=\"og:locale\" content=\"pt_BR\" \/>\n<meta property=\"og:type\" content=\"article\" \/>\n<meta property=\"og:title\" content=\"Dia dos Povos Ind\u00edgenas: conhe\u00e7a 9 cita\u00e7\u00f5es de pensadores ind\u00edgenas para usar na reda\u00e7\u00e3o\" \/>\n<meta property=\"og:description\" content=\"A data celebra a exist\u00eancia de 305 etnias, com 274 idiomas diferentes, que juntas somam 1,7 milh\u00f5es de brasileiros\" \/>\n<meta property=\"og:url\" content=\"https:\/\/vestibulares.estrategia.com\/portal\/materias\/redacao\/citacoes-de-pensadores-indigenas-para-usar-na-redacao\/\" \/>\n<meta property=\"og:site_name\" content=\"Estrat\u00e9gia Vestibulares\" \/>\n<meta property=\"article:publisher\" content=\"https:\/\/facebook.com\/estrategiavestibulares\" \/>\n<meta property=\"article:published_time\" content=\"2024-04-19T16:22:34+00:00\" \/>\n<meta property=\"article:modified_time\" content=\"2025-10-28T16:44:21+00:00\" \/>\n<meta property=\"og:image\" content=\"https:\/\/vestibulares.estrategia.com\/portal\/wp-content\/uploads\/2024\/04\/citacoes-de-pensadores-indigenas.jpg\" \/>\n\t<meta property=\"og:image:width\" content=\"1200\" \/>\n\t<meta property=\"og:image:height\" content=\"543\" \/>\n\t<meta property=\"og:image:type\" content=\"image\/jpeg\" \/>\n<meta name=\"author\" content=\"Beatriz Santana\" \/>\n<meta name=\"twitter:card\" content=\"summary_large_image\" \/>\n<meta name=\"twitter:creator\" content=\"@Estrategiavest\" \/>\n<meta name=\"twitter:site\" content=\"@Estrategiavest\" \/>\n<meta name=\"twitter:label1\" content=\"Escrito por\" \/>\n\t<meta name=\"twitter:data1\" content=\"Beatriz Santana\" \/>\n\t<meta name=\"twitter:label2\" content=\"Est. tempo de leitura\" \/>\n\t<meta name=\"twitter:data2\" content=\"9 minutos\" \/>\n<script type=\"application\/ld+json\" class=\"yoast-schema-graph\">{\"@context\":\"https:\/\/schema.org\",\"@graph\":[{\"@type\":\"Article\",\"@id\":\"https:\/\/vestibulares.estrategia.com\/portal\/materias\/redacao\/citacoes-de-pensadores-indigenas-para-usar-na-redacao\/#article\",\"isPartOf\":{\"@id\":\"https:\/\/vestibulares.estrategia.com\/portal\/materias\/redacao\/citacoes-de-pensadores-indigenas-para-usar-na-redacao\/\"},\"author\":{\"name\":\"Beatriz Santana\",\"@id\":\"https:\/\/vestibulares.estrategia.com\/portal\/#\/schema\/person\/cdd941dcf53839374c0bc8d39bb0230f\"},\"headline\":\"Dia dos Povos Ind\u00edgenas: conhe\u00e7a 9 cita\u00e7\u00f5es de pensadores ind\u00edgenas para usar na reda\u00e7\u00e3o\",\"datePublished\":\"2024-04-19T16:22:34+00:00\",\"dateModified\":\"2025-10-28T16:44:21+00:00\",\"mainEntityOfPage\":{\"@id\":\"https:\/\/vestibulares.estrategia.com\/portal\/materias\/redacao\/citacoes-de-pensadores-indigenas-para-usar-na-redacao\/\"},\"wordCount\":1817,\"publisher\":{\"@id\":\"https:\/\/vestibulares.estrategia.com\/portal\/#organization\"},\"image\":{\"@id\":\"https:\/\/vestibulares.estrategia.com\/portal\/materias\/redacao\/citacoes-de-pensadores-indigenas-para-usar-na-redacao\/#primaryimage\"},\"thumbnailUrl\":\"https:\/\/vestibulares.estrategia.com\/portal\/wp-content\/uploads\/2024\/04\/citacoes-de-pensadores-indigenas.jpg\",\"articleSection\":[\"Reda\u00e7\u00e3o\"],\"inLanguage\":\"pt-BR\"},{\"@type\":\"WebPage\",\"@id\":\"https:\/\/vestibulares.estrategia.com\/portal\/materias\/redacao\/citacoes-de-pensadores-indigenas-para-usar-na-redacao\/\",\"url\":\"https:\/\/vestibulares.estrategia.com\/portal\/materias\/redacao\/citacoes-de-pensadores-indigenas-para-usar-na-redacao\/\",\"name\":\"Dia dos Povos Ind\u00edgenas: conhe\u00e7a 9 cita\u00e7\u00f5es de pensadores ind\u00edgenas para usar na reda\u00e7\u00e3o\",\"isPartOf\":{\"@id\":\"https:\/\/vestibulares.estrategia.com\/portal\/#website\"},\"primaryImageOfPage\":{\"@id\":\"https:\/\/vestibulares.estrategia.com\/portal\/materias\/redacao\/citacoes-de-pensadores-indigenas-para-usar-na-redacao\/#primaryimage\"},\"image\":{\"@id\":\"https:\/\/vestibulares.estrategia.com\/portal\/materias\/redacao\/citacoes-de-pensadores-indigenas-para-usar-na-redacao\/#primaryimage\"},\"thumbnailUrl\":\"https:\/\/vestibulares.estrategia.com\/portal\/wp-content\/uploads\/2024\/04\/citacoes-de-pensadores-indigenas.jpg\",\"datePublished\":\"2024-04-19T16:22:34+00:00\",\"dateModified\":\"2025-10-28T16:44:21+00:00\",\"description\":\"A data celebra a exist\u00eancia de 305 etnias, com 274 idiomas diferentes, que juntas somam 1,7 milh\u00f5es de brasileiros\",\"breadcrumb\":{\"@id\":\"https:\/\/vestibulares.estrategia.com\/portal\/materias\/redacao\/citacoes-de-pensadores-indigenas-para-usar-na-redacao\/#breadcrumb\"},\"inLanguage\":\"pt-BR\",\"potentialAction\":[{\"@type\":\"ReadAction\",\"target\":[\"https:\/\/vestibulares.estrategia.com\/portal\/materias\/redacao\/citacoes-de-pensadores-indigenas-para-usar-na-redacao\/\"]}]},{\"@type\":\"ImageObject\",\"inLanguage\":\"pt-BR\",\"@id\":\"https:\/\/vestibulares.estrategia.com\/portal\/materias\/redacao\/citacoes-de-pensadores-indigenas-para-usar-na-redacao\/#primaryimage\",\"url\":\"https:\/\/vestibulares.estrategia.com\/portal\/wp-content\/uploads\/2024\/04\/citacoes-de-pensadores-indigenas.jpg\",\"contentUrl\":\"https:\/\/vestibulares.estrategia.com\/portal\/wp-content\/uploads\/2024\/04\/citacoes-de-pensadores-indigenas.jpg\",\"width\":1200,\"height\":543,\"caption\":\"Txai Suru\u00ed discursando na abertura da COP26, em 2021. \/ Foto: ONU News\"},{\"@type\":\"BreadcrumbList\",\"@id\":\"https:\/\/vestibulares.estrategia.com\/portal\/materias\/redacao\/citacoes-de-pensadores-indigenas-para-usar-na-redacao\/#breadcrumb\",\"itemListElement\":[{\"@type\":\"ListItem\",\"position\":1,\"name\":\"Home\",\"item\":\"https:\/\/vestibulares.estrategia.com\/portal\/\"},{\"@type\":\"ListItem\",\"position\":2,\"name\":\"Mat\u00e9rias\",\"item\":\"https:\/\/vestibulares.estrategia.com\/portal\/materias\/\"},{\"@type\":\"ListItem\",\"position\":3,\"name\":\"Reda\u00e7\u00e3o\",\"item\":\"https:\/\/vestibulares.estrategia.com\/portal\/materias\/redacao\/\"},{\"@type\":\"ListItem\",\"position\":4,\"name\":\"Dia dos Povos Ind\u00edgenas: conhe\u00e7a 9 cita\u00e7\u00f5es de pensadores ind\u00edgenas para usar na reda\u00e7\u00e3o\"}]},{\"@type\":\"WebSite\",\"@id\":\"https:\/\/vestibulares.estrategia.com\/portal\/#website\",\"url\":\"https:\/\/vestibulares.estrategia.com\/portal\/\",\"name\":\"Estrat\u00e9gia Vestibulares\",\"description\":\"\",\"publisher\":{\"@id\":\"https:\/\/vestibulares.estrategia.com\/portal\/#organization\"},\"potentialAction\":[{\"@type\":\"SearchAction\",\"target\":{\"@type\":\"EntryPoint\",\"urlTemplate\":\"https:\/\/vestibulares.estrategia.com\/portal\/?s={search_term_string}\"},\"query-input\":{\"@type\":\"PropertyValueSpecification\",\"valueRequired\":true,\"valueName\":\"search_term_string\"}}],\"inLanguage\":\"pt-BR\"},{\"@type\":\"Organization\",\"@id\":\"https:\/\/vestibulares.estrategia.com\/portal\/#organization\",\"name\":\"Estrat\u00e9gia Vestibulares\",\"url\":\"https:\/\/vestibulares.estrategia.com\/portal\/\",\"logo\":{\"@type\":\"ImageObject\",\"inLanguage\":\"pt-BR\",\"@id\":\"https:\/\/vestibulares.estrategia.com\/portal\/#\/schema\/logo\/image\/\",\"url\":\"https:\/\/vestibulares.estrategia.com\/portal\/wp-content\/uploads\/2021\/06\/Logo-Vestibulares@4x.png\",\"contentUrl\":\"https:\/\/vestibulares.estrategia.com\/portal\/wp-content\/uploads\/2021\/06\/Logo-Vestibulares@4x.png\",\"width\":250,\"height\":66,\"caption\":\"Estrat\u00e9gia Vestibulares\"},\"image\":{\"@id\":\"https:\/\/vestibulares.estrategia.com\/portal\/#\/schema\/logo\/image\/\"},\"sameAs\":[\"https:\/\/facebook.com\/estrategiavestibulares\",\"https:\/\/x.com\/Estrategiavest\",\"https:\/\/www.instagram.com\/estrategiavestibulares\",\"https:\/\/www.youtube.com\/channel\/UCGWdZy8ULI-7_5GrABa4vNA\"]},{\"@type\":\"Person\",\"@id\":\"https:\/\/vestibulares.estrategia.com\/portal\/#\/schema\/person\/cdd941dcf53839374c0bc8d39bb0230f\",\"name\":\"Beatriz Santana\",\"image\":{\"@type\":\"ImageObject\",\"inLanguage\":\"pt-BR\",\"@id\":\"https:\/\/vestibulares.estrategia.com\/portal\/#\/schema\/person\/image\/\",\"url\":\"https:\/\/vestibulares.estrategia.com\/portal\/wp-content\/uploads\/2022\/01\/WhatsApp-Image-2021-10-21-at-10.19.09-1-150x150.webp\",\"contentUrl\":\"https:\/\/vestibulares.estrategia.com\/portal\/wp-content\/uploads\/2022\/01\/WhatsApp-Image-2021-10-21-at-10.19.09-1-150x150.webp\",\"caption\":\"Beatriz Santana\"},\"description\":\"Jornalista formada pela Unesp\",\"url\":\"https:\/\/vestibulares.estrategia.com\/portal\/author\/beatriz-santana\/\"}]}<\/script>\n<!-- \/ Yoast SEO Premium plugin. -->","yoast_head_json":{"title":"Dia dos Povos Ind\u00edgenas: conhe\u00e7a 9 cita\u00e7\u00f5es de pensadores ind\u00edgenas para usar na reda\u00e7\u00e3o","description":"A data celebra a exist\u00eancia de 305 etnias, com 274 idiomas diferentes, que juntas somam 1,7 milh\u00f5es de brasileiros","robots":{"index":"index","follow":"follow","max-snippet":"max-snippet:-1","max-image-preview":"max-image-preview:large","max-video-preview":"max-video-preview:-1"},"canonical":"https:\/\/vestibulares.estrategia.com\/portal\/materias\/redacao\/citacoes-de-pensadores-indigenas-para-usar-na-redacao\/","og_locale":"pt_BR","og_type":"article","og_title":"Dia dos Povos Ind\u00edgenas: conhe\u00e7a 9 cita\u00e7\u00f5es de pensadores ind\u00edgenas para usar na reda\u00e7\u00e3o","og_description":"A data celebra a exist\u00eancia de 305 etnias, com 274 idiomas diferentes, que juntas somam 1,7 milh\u00f5es de brasileiros","og_url":"https:\/\/vestibulares.estrategia.com\/portal\/materias\/redacao\/citacoes-de-pensadores-indigenas-para-usar-na-redacao\/","og_site_name":"Estrat\u00e9gia Vestibulares","article_publisher":"https:\/\/facebook.com\/estrategiavestibulares","article_published_time":"2024-04-19T16:22:34+00:00","article_modified_time":"2025-10-28T16:44:21+00:00","og_image":[{"width":1200,"height":543,"url":"https:\/\/vestibulares.estrategia.com\/portal\/wp-content\/uploads\/2024\/04\/citacoes-de-pensadores-indigenas.jpg","type":"image\/jpeg"}],"author":"Beatriz Santana","twitter_card":"summary_large_image","twitter_creator":"@Estrategiavest","twitter_site":"@Estrategiavest","twitter_misc":{"Escrito por":"Beatriz Santana","Est. tempo de leitura":"9 minutos"},"schema":{"@context":"https:\/\/schema.org","@graph":[{"@type":"Article","@id":"https:\/\/vestibulares.estrategia.com\/portal\/materias\/redacao\/citacoes-de-pensadores-indigenas-para-usar-na-redacao\/#article","isPartOf":{"@id":"https:\/\/vestibulares.estrategia.com\/portal\/materias\/redacao\/citacoes-de-pensadores-indigenas-para-usar-na-redacao\/"},"author":{"name":"Beatriz Santana","@id":"https:\/\/vestibulares.estrategia.com\/portal\/#\/schema\/person\/cdd941dcf53839374c0bc8d39bb0230f"},"headline":"Dia dos Povos Ind\u00edgenas: conhe\u00e7a 9 cita\u00e7\u00f5es de pensadores ind\u00edgenas para usar na reda\u00e7\u00e3o","datePublished":"2024-04-19T16:22:34+00:00","dateModified":"2025-10-28T16:44:21+00:00","mainEntityOfPage":{"@id":"https:\/\/vestibulares.estrategia.com\/portal\/materias\/redacao\/citacoes-de-pensadores-indigenas-para-usar-na-redacao\/"},"wordCount":1817,"publisher":{"@id":"https:\/\/vestibulares.estrategia.com\/portal\/#organization"},"image":{"@id":"https:\/\/vestibulares.estrategia.com\/portal\/materias\/redacao\/citacoes-de-pensadores-indigenas-para-usar-na-redacao\/#primaryimage"},"thumbnailUrl":"https:\/\/vestibulares.estrategia.com\/portal\/wp-content\/uploads\/2024\/04\/citacoes-de-pensadores-indigenas.jpg","articleSection":["Reda\u00e7\u00e3o"],"inLanguage":"pt-BR"},{"@type":"WebPage","@id":"https:\/\/vestibulares.estrategia.com\/portal\/materias\/redacao\/citacoes-de-pensadores-indigenas-para-usar-na-redacao\/","url":"https:\/\/vestibulares.estrategia.com\/portal\/materias\/redacao\/citacoes-de-pensadores-indigenas-para-usar-na-redacao\/","name":"Dia dos Povos Ind\u00edgenas: conhe\u00e7a 9 cita\u00e7\u00f5es de pensadores ind\u00edgenas para usar na reda\u00e7\u00e3o","isPartOf":{"@id":"https:\/\/vestibulares.estrategia.com\/portal\/#website"},"primaryImageOfPage":{"@id":"https:\/\/vestibulares.estrategia.com\/portal\/materias\/redacao\/citacoes-de-pensadores-indigenas-para-usar-na-redacao\/#primaryimage"},"image":{"@id":"https:\/\/vestibulares.estrategia.com\/portal\/materias\/redacao\/citacoes-de-pensadores-indigenas-para-usar-na-redacao\/#primaryimage"},"thumbnailUrl":"https:\/\/vestibulares.estrategia.com\/portal\/wp-content\/uploads\/2024\/04\/citacoes-de-pensadores-indigenas.jpg","datePublished":"2024-04-19T16:22:34+00:00","dateModified":"2025-10-28T16:44:21+00:00","description":"A data celebra a exist\u00eancia de 305 etnias, com 274 idiomas diferentes, que juntas somam 1,7 milh\u00f5es de brasileiros","breadcrumb":{"@id":"https:\/\/vestibulares.estrategia.com\/portal\/materias\/redacao\/citacoes-de-pensadores-indigenas-para-usar-na-redacao\/#breadcrumb"},"inLanguage":"pt-BR","potentialAction":[{"@type":"ReadAction","target":["https:\/\/vestibulares.estrategia.com\/portal\/materias\/redacao\/citacoes-de-pensadores-indigenas-para-usar-na-redacao\/"]}]},{"@type":"ImageObject","inLanguage":"pt-BR","@id":"https:\/\/vestibulares.estrategia.com\/portal\/materias\/redacao\/citacoes-de-pensadores-indigenas-para-usar-na-redacao\/#primaryimage","url":"https:\/\/vestibulares.estrategia.com\/portal\/wp-content\/uploads\/2024\/04\/citacoes-de-pensadores-indigenas.jpg","contentUrl":"https:\/\/vestibulares.estrategia.com\/portal\/wp-content\/uploads\/2024\/04\/citacoes-de-pensadores-indigenas.jpg","width":1200,"height":543,"caption":"Txai Suru\u00ed discursando na abertura da COP26, em 2021. \/ Foto: ONU News"},{"@type":"BreadcrumbList","@id":"https:\/\/vestibulares.estrategia.com\/portal\/materias\/redacao\/citacoes-de-pensadores-indigenas-para-usar-na-redacao\/#breadcrumb","itemListElement":[{"@type":"ListItem","position":1,"name":"Home","item":"https:\/\/vestibulares.estrategia.com\/portal\/"},{"@type":"ListItem","position":2,"name":"Mat\u00e9rias","item":"https:\/\/vestibulares.estrategia.com\/portal\/materias\/"},{"@type":"ListItem","position":3,"name":"Reda\u00e7\u00e3o","item":"https:\/\/vestibulares.estrategia.com\/portal\/materias\/redacao\/"},{"@type":"ListItem","position":4,"name":"Dia dos Povos Ind\u00edgenas: conhe\u00e7a 9 cita\u00e7\u00f5es de pensadores ind\u00edgenas para usar na reda\u00e7\u00e3o"}]},{"@type":"WebSite","@id":"https:\/\/vestibulares.estrategia.com\/portal\/#website","url":"https:\/\/vestibulares.estrategia.com\/portal\/","name":"Estrat\u00e9gia Vestibulares","description":"","publisher":{"@id":"https:\/\/vestibulares.estrategia.com\/portal\/#organization"},"potentialAction":[{"@type":"SearchAction","target":{"@type":"EntryPoint","urlTemplate":"https:\/\/vestibulares.estrategia.com\/portal\/?s={search_term_string}"},"query-input":{"@type":"PropertyValueSpecification","valueRequired":true,"valueName":"search_term_string"}}],"inLanguage":"pt-BR"},{"@type":"Organization","@id":"https:\/\/vestibulares.estrategia.com\/portal\/#organization","name":"Estrat\u00e9gia Vestibulares","url":"https:\/\/vestibulares.estrategia.com\/portal\/","logo":{"@type":"ImageObject","inLanguage":"pt-BR","@id":"https:\/\/vestibulares.estrategia.com\/portal\/#\/schema\/logo\/image\/","url":"https:\/\/vestibulares.estrategia.com\/portal\/wp-content\/uploads\/2021\/06\/Logo-Vestibulares@4x.png","contentUrl":"https:\/\/vestibulares.estrategia.com\/portal\/wp-content\/uploads\/2021\/06\/Logo-Vestibulares@4x.png","width":250,"height":66,"caption":"Estrat\u00e9gia Vestibulares"},"image":{"@id":"https:\/\/vestibulares.estrategia.com\/portal\/#\/schema\/logo\/image\/"},"sameAs":["https:\/\/facebook.com\/estrategiavestibulares","https:\/\/x.com\/Estrategiavest","https:\/\/www.instagram.com\/estrategiavestibulares","https:\/\/www.youtube.com\/channel\/UCGWdZy8ULI-7_5GrABa4vNA"]},{"@type":"Person","@id":"https:\/\/vestibulares.estrategia.com\/portal\/#\/schema\/person\/cdd941dcf53839374c0bc8d39bb0230f","name":"Beatriz Santana","image":{"@type":"ImageObject","inLanguage":"pt-BR","@id":"https:\/\/vestibulares.estrategia.com\/portal\/#\/schema\/person\/image\/","url":"https:\/\/vestibulares.estrategia.com\/portal\/wp-content\/uploads\/2022\/01\/WhatsApp-Image-2021-10-21-at-10.19.09-1-150x150.webp","contentUrl":"https:\/\/vestibulares.estrategia.com\/portal\/wp-content\/uploads\/2022\/01\/WhatsApp-Image-2021-10-21-at-10.19.09-1-150x150.webp","caption":"Beatriz Santana"},"description":"Jornalista formada pela Unesp","url":"https:\/\/vestibulares.estrategia.com\/portal\/author\/beatriz-santana\/"}]}},"_wl_alt_label":[],"wl:entity_url":"https:\/\/data.wordlift.io\/wl110249\/post\/citacoes-de-pensadores-indigenas-para-usar-na-redacao","_links":{"self":[{"href":"https:\/\/vestibulares.estrategia.com\/portal\/wp-json\/wp\/v2\/posts\/116009","targetHints":{"allow":["GET"]}}],"collection":[{"href":"https:\/\/vestibulares.estrategia.com\/portal\/wp-json\/wp\/v2\/posts"}],"about":[{"href":"https:\/\/vestibulares.estrategia.com\/portal\/wp-json\/wp\/v2\/types\/post"}],"author":[{"embeddable":true,"href":"https:\/\/vestibulares.estrategia.com\/portal\/wp-json\/wp\/v2\/users\/48"}],"replies":[{"embeddable":true,"href":"https:\/\/vestibulares.estrategia.com\/portal\/wp-json\/wp\/v2\/comments?post=116009"}],"version-history":[{"count":8,"href":"https:\/\/vestibulares.estrategia.com\/portal\/wp-json\/wp\/v2\/posts\/116009\/revisions"}],"predecessor-version":[{"id":147303,"href":"https:\/\/vestibulares.estrategia.com\/portal\/wp-json\/wp\/v2\/posts\/116009\/revisions\/147303"}],"wp:featuredmedia":[{"embeddable":true,"href":"https:\/\/vestibulares.estrategia.com\/portal\/wp-json\/wp\/v2\/media\/116010"}],"wp:attachment":[{"href":"https:\/\/vestibulares.estrategia.com\/portal\/wp-json\/wp\/v2\/media?parent=116009"}],"wp:term":[{"taxonomy":"category","embeddable":true,"href":"https:\/\/vestibulares.estrategia.com\/portal\/wp-json\/wp\/v2\/categories?post=116009"},{"taxonomy":"post_tag","embeddable":true,"href":"https:\/\/vestibulares.estrategia.com\/portal\/wp-json\/wp\/v2\/tags?post=116009"},{"taxonomy":"wl_entity_type","embeddable":true,"href":"https:\/\/vestibulares.estrategia.com\/portal\/wp-json\/wp\/v2\/wl_entity_type?post=116009"}],"curies":[{"name":"wp","href":"https:\/\/api.w.org\/{rel}","templated":true}]}}