{"id":116394,"date":"2024-04-24T16:09:02","date_gmt":"2024-04-24T19:09:02","guid":{"rendered":"https:\/\/vestibulares.estrategia.com\/portal\/?p=116394"},"modified":"2024-04-24T16:09:07","modified_gmt":"2024-04-24T19:09:07","slug":"metade-dos-alunos-matriculados-na-unicamp-em-2024-sao-oriundos-da-rede-publica-de-ensino","status":"publish","type":"post","link":"https:\/\/vestibulares.estrategia.com\/portal\/noticias\/metade-dos-alunos-matriculados-na-unicamp-em-2024-sao-oriundos-da-rede-publica-de-ensino\/","title":{"rendered":"Metade dos alunos matriculados na Unicamp em 2024 s\u00e3o oriundos da rede p\u00fablica de ensino"},"content":{"rendered":"<p>A Comiss&atilde;o Permanente para os Vestibulares da Unicamp (Comvest) divulgou os &iacute;ndices de inclus&atilde;o social alcan&ccedil;ados no ingresso dos novos estudantes em 2024. O percentual dos alunos matriculados oriundos do Ensino M&eacute;dio p&uacute;blico aumentou de 50,1% para 50,8%. Ou seja, dos 3.516 ingressantes em 2024, 1.787 vieram da rede p&uacute;blica de ensino. <p>O percentual de estudantes pretos e pardos matriculados tamb&eacute;m subiu, mesmo que ligeiramente, de 2023 para 2024. Ano passado, foram registrados 1.019 matriculados, o que correspondia a 30% do total. Hoje, 1.071 alunos ingressantes s&atilde;o pretos e pardos, ou seja, 30,5% do total.<\/p><p>J&aacute; o registro de matr&iacute;culas de estudantes em vulnerabilidade socioecon&ocirc;mica que receberam a isen&ccedil;&atilde;o da taxa diminuiu. O &iacute;ndice de matriculados ficou em 14% contra 14,7% em 2023. <\/p><p>Vale destacar que os &iacute;ndices de inclus&atilde;o social s&atilde;o feitos a partir dos matriculados em todas modalidades de ingresso, entre elas: Vestibular Unicamp, Enem-Unicamp, ProFis, Vestibular Ind&iacute;gena e Vagas Ol&iacute;mpicas. Apenas o percentual dos matriculados isentos no vestibular que &eacute; feito somente pelas modalidades Vestibular Unicamp e Enem-Unicamp, que possuem isen&ccedil;&atilde;o da taxa.<\/p><h2 class=\"wp-block-heading\" id=\"h-como-estudar-para-o-vestibular-unicamp\">Como estudar para o Vestibular Unicamp?<\/h2><p>Agora que sabe o calend&aacute;rio Unicamp, &eacute; a hora de focar nos estudos e, para te ajudar, o<strong>&nbsp;Estrat&eacute;gia Vestibulares oferece diariamente aulas gratuitas no&nbsp;<a href=\"https:\/\/www.youtube.com\/channel\/UCGWdZy8ULI-7_5GrABa4vNA\" target=\"_blank\">YouTube<\/a><\/strong>&nbsp;sobre todas as mat&eacute;rias que caem no vestibular da Unicamp!<\/p><p>Al&eacute;m disso, para aqueles que querem investir nos estudos, a plataforma tamb&eacute;m oferece um curso preparat&oacute;rio exclusivo sobre o vestibular Unicamp, com professores especialistas na prova e com diversos benef&iacute;cios. D&aacute; s&oacute; uma olhada:&nbsp;<\/p><ul class=\"wp-block-list\">\n<li>Curso com livros digitais;<\/li>\n\n\n\n<li>Corre&ccedil;&atilde;o ilimitada de&nbsp;<a href=\"https:\/\/vestibulares.estrategia.com\/portal\/redacao\/enem-redacao\/\" target=\"_blank\">reda&ccedil;&otilde;es<\/a>;<\/li>\n\n\n\n<li>F&oacute;rum de d&uacute;vidas;<\/li>\n\n\n\n<li><a href=\"https:\/\/vestibulares.estrategia.com\/portal\/simulado\/simulado-enem\/\" target=\"_blank\">Simulados<\/a>&nbsp;com quest&otilde;es in&eacute;ditas;<\/li>\n\n\n\n<li>Quest&otilde;es comentadas;<\/li>\n\n\n\n<li>Mapas mentais; e<\/li>\n\n\n\n<li>Entre muitas outras vantagens.<\/li>\n<\/ul><p>Ficou interessado? Ent&atilde;o, clique no banner e saiba tudo sobre os cursos oferecidos pelo Estrat&eacute;gia Vestibulares!<\/p><p>\n\n\n\n\n\n<a id=\"cta\" class=\"cta-imagem\" href=\"https:\/\/vestibulares.estrategia.com\/curso\/pacote-para-unicamp\/\" target=\"blank\">\n                <img decoding=\"async\" width=\"100%\" src=\"https:\/\/vestibulares.estrategia.com\/portal\/wp-content\/uploads\/2021\/12\/Unicamp.jpg\" alt=\"CTA Curso Vestibular Unicamp\" title=\"CTA Curso Vestibular Unicamp\">\n        <\/a>\n<\/p><\/p>\n","protected":false},"excerpt":{"rendered":"Dos 3.516 ingressantes na Unicamp em 2024, 1.787 s\u00e3o provenientes do Ensino M\u00e9dio P\u00fablico; confira outros \u00edndices de inclus\u00e3o social da Unicamp\n","protected":false},"author":51,"featured_media":109324,"comment_status":"closed","ping_status":"closed","sticky":false,"template":"","format":"standard","meta":{"wl_entities_gutenberg":"","footnotes":""},"categories":[47],"tags":[],"wl_entity_type":[732],"class_list":{"0":"post-116394","1":"post","2":"type-post","3":"status-publish","4":"format-standard","5":"has-post-thumbnail","7":"category-noticias","8":"wl_entity_type-article"},"acf":[],"yoast_head":"<!-- This site is optimized with the Yoast SEO Premium plugin v25.9 (Yoast SEO v25.9) - https:\/\/yoast.com\/wordpress\/plugins\/seo\/ -->\n<title>Metade dos alunos matriculados na Unicamp em 2024 s\u00e3o oriundos da rede p\u00fablica de ensino<\/title>\n<meta name=\"description\" content=\"Mais de 50% dos matriculados da Unicamp em 2024 s\u00e3o oriundos da rede p\u00fablica. Confira o \u00edndice de inclus\u00e3o social da Unicamp em 2024.\" \/>\n<meta name=\"robots\" content=\"index, follow, max-snippet:-1, max-image-preview:large, max-video-preview:-1\" \/>\n<link rel=\"canonical\" href=\"https:\/\/vestibulares.estrategia.com\/portal\/noticias\/metade-dos-alunos-matriculados-na-unicamp-em-2024-sao-oriundos-da-rede-publica-de-ensino\/\" \/>\n<meta property=\"og:locale\" content=\"pt_BR\" \/>\n<meta property=\"og:type\" content=\"article\" \/>\n<meta property=\"og:title\" content=\"Metade dos alunos matriculados na Unicamp em 2024 s\u00e3o oriundos da rede p\u00fablica de ensino\" \/>\n<meta property=\"og:description\" content=\"Mais de 50% dos matriculados da Unicamp em 2024 s\u00e3o oriundos da rede p\u00fablica. Confira o \u00edndice de inclus\u00e3o social da Unicamp em 2024.\" \/>\n<meta property=\"og:url\" content=\"https:\/\/vestibulares.estrategia.com\/portal\/noticias\/metade-dos-alunos-matriculados-na-unicamp-em-2024-sao-oriundos-da-rede-publica-de-ensino\/\" \/>\n<meta property=\"og:site_name\" content=\"Estrat\u00e9gia Vestibulares\" \/>\n<meta property=\"article:publisher\" content=\"https:\/\/facebook.com\/estrategiavestibulares\" \/>\n<meta property=\"article:published_time\" content=\"2024-04-24T19:09:02+00:00\" \/>\n<meta property=\"article:modified_time\" content=\"2024-04-24T19:09:07+00:00\" \/>\n<meta property=\"og:image\" content=\"https:\/\/vestibulares.estrategia.com\/portal\/wp-content\/uploads\/2023\/12\/vestibular-unicamp-ev-1.jpg.webp\" \/>\n\t<meta property=\"og:image:width\" content=\"1280\" \/>\n\t<meta property=\"og:image:height\" content=\"720\" \/>\n\t<meta property=\"og:image:type\" content=\"image\/webp\" \/>\n<meta name=\"author\" content=\"Larrani Ferreira\" \/>\n<meta name=\"twitter:card\" content=\"summary_large_image\" \/>\n<meta name=\"twitter:creator\" content=\"@Estrategiavest\" \/>\n<meta name=\"twitter:site\" content=\"@Estrategiavest\" \/>\n<meta name=\"twitter:label1\" content=\"Escrito por\" \/>\n\t<meta name=\"twitter:data1\" content=\"Larrani Ferreira\" \/>\n\t<meta name=\"twitter:label2\" content=\"Est. tempo de leitura\" \/>\n\t<meta name=\"twitter:data2\" content=\"2 minutos\" \/>\n<script type=\"application\/ld+json\" class=\"yoast-schema-graph\">{\"@context\":\"https:\/\/schema.org\",\"@graph\":[{\"@type\":\"NewsArticle\",\"@id\":\"https:\/\/vestibulares.estrategia.com\/portal\/noticias\/metade-dos-alunos-matriculados-na-unicamp-em-2024-sao-oriundos-da-rede-publica-de-ensino\/#article\",\"isPartOf\":{\"@id\":\"https:\/\/vestibulares.estrategia.com\/portal\/noticias\/metade-dos-alunos-matriculados-na-unicamp-em-2024-sao-oriundos-da-rede-publica-de-ensino\/\"},\"author\":{\"name\":\"Larrani Ferreira\",\"@id\":\"https:\/\/vestibulares.estrategia.com\/portal\/#\/schema\/person\/98d0c0e22d6d89b480aa1929f0e64ec5\"},\"headline\":\"Metade dos alunos matriculados na Unicamp em 2024 s\u00e3o oriundos da rede p\u00fablica de ensino\",\"datePublished\":\"2024-04-24T19:09:02+00:00\",\"dateModified\":\"2024-04-24T19:09:07+00:00\",\"mainEntityOfPage\":{\"@id\":\"https:\/\/vestibulares.estrategia.com\/portal\/noticias\/metade-dos-alunos-matriculados-na-unicamp-em-2024-sao-oriundos-da-rede-publica-de-ensino\/\"},\"wordCount\":329,\"publisher\":{\"@id\":\"https:\/\/vestibulares.estrategia.com\/portal\/#organization\"},\"image\":{\"@id\":\"https:\/\/vestibulares.estrategia.com\/portal\/noticias\/metade-dos-alunos-matriculados-na-unicamp-em-2024-sao-oriundos-da-rede-publica-de-ensino\/#primaryimage\"},\"thumbnailUrl\":\"https:\/\/vestibulares.estrategia.com\/portal\/wp-content\/uploads\/2023\/12\/vestibular-unicamp-ev-1.jpg.webp\",\"articleSection\":[\"Not\u00edcias\"],\"inLanguage\":\"pt-BR\"},{\"@type\":\"WebPage\",\"@id\":\"https:\/\/vestibulares.estrategia.com\/portal\/noticias\/metade-dos-alunos-matriculados-na-unicamp-em-2024-sao-oriundos-da-rede-publica-de-ensino\/\",\"url\":\"https:\/\/vestibulares.estrategia.com\/portal\/noticias\/metade-dos-alunos-matriculados-na-unicamp-em-2024-sao-oriundos-da-rede-publica-de-ensino\/\",\"name\":\"Metade dos alunos matriculados na Unicamp em 2024 s\u00e3o oriundos da rede p\u00fablica de ensino\",\"isPartOf\":{\"@id\":\"https:\/\/vestibulares.estrategia.com\/portal\/#website\"},\"primaryImageOfPage\":{\"@id\":\"https:\/\/vestibulares.estrategia.com\/portal\/noticias\/metade-dos-alunos-matriculados-na-unicamp-em-2024-sao-oriundos-da-rede-publica-de-ensino\/#primaryimage\"},\"image\":{\"@id\":\"https:\/\/vestibulares.estrategia.com\/portal\/noticias\/metade-dos-alunos-matriculados-na-unicamp-em-2024-sao-oriundos-da-rede-publica-de-ensino\/#primaryimage\"},\"thumbnailUrl\":\"https:\/\/vestibulares.estrategia.com\/portal\/wp-content\/uploads\/2023\/12\/vestibular-unicamp-ev-1.jpg.webp\",\"datePublished\":\"2024-04-24T19:09:02+00:00\",\"dateModified\":\"2024-04-24T19:09:07+00:00\",\"description\":\"Mais de 50% dos matriculados da Unicamp em 2024 s\u00e3o oriundos da rede p\u00fablica. Confira o \u00edndice de inclus\u00e3o social da Unicamp em 2024.\",\"breadcrumb\":{\"@id\":\"https:\/\/vestibulares.estrategia.com\/portal\/noticias\/metade-dos-alunos-matriculados-na-unicamp-em-2024-sao-oriundos-da-rede-publica-de-ensino\/#breadcrumb\"},\"inLanguage\":\"pt-BR\",\"potentialAction\":[{\"@type\":\"ReadAction\",\"target\":[\"https:\/\/vestibulares.estrategia.com\/portal\/noticias\/metade-dos-alunos-matriculados-na-unicamp-em-2024-sao-oriundos-da-rede-publica-de-ensino\/\"]}]},{\"@type\":\"ImageObject\",\"inLanguage\":\"pt-BR\",\"@id\":\"https:\/\/vestibulares.estrategia.com\/portal\/noticias\/metade-dos-alunos-matriculados-na-unicamp-em-2024-sao-oriundos-da-rede-publica-de-ensino\/#primaryimage\",\"url\":\"https:\/\/vestibulares.estrategia.com\/portal\/wp-content\/uploads\/2023\/12\/vestibular-unicamp-ev-1.jpg.webp\",\"contentUrl\":\"https:\/\/vestibulares.estrategia.com\/portal\/wp-content\/uploads\/2023\/12\/vestibular-unicamp-ev-1.jpg.webp\",\"width\":1280,\"height\":720,\"caption\":\"Unicamp Estrat\u00e9gia Vestibulares\"},{\"@type\":\"BreadcrumbList\",\"@id\":\"https:\/\/vestibulares.estrategia.com\/portal\/noticias\/metade-dos-alunos-matriculados-na-unicamp-em-2024-sao-oriundos-da-rede-publica-de-ensino\/#breadcrumb\",\"itemListElement\":[{\"@type\":\"ListItem\",\"position\":1,\"name\":\"Home\",\"item\":\"https:\/\/vestibulares.estrategia.com\/portal\/\"},{\"@type\":\"ListItem\",\"position\":2,\"name\":\"Not\u00edcias\",\"item\":\"https:\/\/vestibulares.estrategia.com\/portal\/noticias\/\"},{\"@type\":\"ListItem\",\"position\":3,\"name\":\"Metade dos alunos matriculados na Unicamp em 2024 s\u00e3o oriundos da rede p\u00fablica de ensino\"}]},{\"@type\":\"WebSite\",\"@id\":\"https:\/\/vestibulares.estrategia.com\/portal\/#website\",\"url\":\"https:\/\/vestibulares.estrategia.com\/portal\/\",\"name\":\"Estrat\u00e9gia Vestibulares\",\"description\":\"\",\"publisher\":{\"@id\":\"https:\/\/vestibulares.estrategia.com\/portal\/#organization\"},\"potentialAction\":[{\"@type\":\"SearchAction\",\"target\":{\"@type\":\"EntryPoint\",\"urlTemplate\":\"https:\/\/vestibulares.estrategia.com\/portal\/?s={search_term_string}\"},\"query-input\":{\"@type\":\"PropertyValueSpecification\",\"valueRequired\":true,\"valueName\":\"search_term_string\"}}],\"inLanguage\":\"pt-BR\"},{\"@type\":\"Organization\",\"@id\":\"https:\/\/vestibulares.estrategia.com\/portal\/#organization\",\"name\":\"Estrat\u00e9gia Vestibulares\",\"url\":\"https:\/\/vestibulares.estrategia.com\/portal\/\",\"logo\":{\"@type\":\"ImageObject\",\"inLanguage\":\"pt-BR\",\"@id\":\"https:\/\/vestibulares.estrategia.com\/portal\/#\/schema\/logo\/image\/\",\"url\":\"https:\/\/vestibulares.estrategia.com\/portal\/wp-content\/uploads\/2021\/06\/Logo-Vestibulares@4x.png\",\"contentUrl\":\"https:\/\/vestibulares.estrategia.com\/portal\/wp-content\/uploads\/2021\/06\/Logo-Vestibulares@4x.png\",\"width\":250,\"height\":66,\"caption\":\"Estrat\u00e9gia Vestibulares\"},\"image\":{\"@id\":\"https:\/\/vestibulares.estrategia.com\/portal\/#\/schema\/logo\/image\/\"},\"sameAs\":[\"https:\/\/facebook.com\/estrategiavestibulares\",\"https:\/\/x.com\/Estrategiavest\",\"https:\/\/www.instagram.com\/estrategiavestibulares\",\"https:\/\/www.youtube.com\/channel\/UCGWdZy8ULI-7_5GrABa4vNA\"]},{\"@type\":\"Person\",\"@id\":\"https:\/\/vestibulares.estrategia.com\/portal\/#\/schema\/person\/98d0c0e22d6d89b480aa1929f0e64ec5\",\"name\":\"Larrani Ferreira\",\"image\":{\"@type\":\"ImageObject\",\"inLanguage\":\"pt-BR\",\"@id\":\"https:\/\/vestibulares.estrategia.com\/portal\/#\/schema\/person\/image\/\",\"url\":\"https:\/\/vestibulares.estrategia.com\/portal\/wp-content\/uploads\/2026\/02\/WhatsApp-Image-2026-02-05-at-14.26.13-150x150.jpeg\",\"contentUrl\":\"https:\/\/vestibulares.estrategia.com\/portal\/wp-content\/uploads\/2026\/02\/WhatsApp-Image-2026-02-05-at-14.26.13-150x150.jpeg\",\"caption\":\"Larrani Ferreira\"},\"description\":\"Jornalista e Mestranda em Comunica\u00e7\u00e3o Intercultural nas Organiza\u00e7\u00f5es\",\"url\":\"https:\/\/vestibulares.estrategia.com\/portal\/author\/larranioliveira\/\"}]}<\/script>\n<!-- \/ Yoast SEO Premium plugin. -->","yoast_head_json":{"title":"Metade dos alunos matriculados na Unicamp em 2024 s\u00e3o oriundos da rede p\u00fablica de ensino","description":"Mais de 50% dos matriculados da Unicamp em 2024 s\u00e3o oriundos da rede p\u00fablica. Confira o \u00edndice de inclus\u00e3o social da Unicamp em 2024.","robots":{"index":"index","follow":"follow","max-snippet":"max-snippet:-1","max-image-preview":"max-image-preview:large","max-video-preview":"max-video-preview:-1"},"canonical":"https:\/\/vestibulares.estrategia.com\/portal\/noticias\/metade-dos-alunos-matriculados-na-unicamp-em-2024-sao-oriundos-da-rede-publica-de-ensino\/","og_locale":"pt_BR","og_type":"article","og_title":"Metade dos alunos matriculados na Unicamp em 2024 s\u00e3o oriundos da rede p\u00fablica de ensino","og_description":"Mais de 50% dos matriculados da Unicamp em 2024 s\u00e3o oriundos da rede p\u00fablica. Confira o \u00edndice de inclus\u00e3o social da Unicamp em 2024.","og_url":"https:\/\/vestibulares.estrategia.com\/portal\/noticias\/metade-dos-alunos-matriculados-na-unicamp-em-2024-sao-oriundos-da-rede-publica-de-ensino\/","og_site_name":"Estrat\u00e9gia Vestibulares","article_publisher":"https:\/\/facebook.com\/estrategiavestibulares","article_published_time":"2024-04-24T19:09:02+00:00","article_modified_time":"2024-04-24T19:09:07+00:00","og_image":[{"width":1280,"height":720,"url":"https:\/\/vestibulares.estrategia.com\/portal\/wp-content\/uploads\/2023\/12\/vestibular-unicamp-ev-1.jpg.webp","type":"image\/webp"}],"author":"Larrani Ferreira","twitter_card":"summary_large_image","twitter_creator":"@Estrategiavest","twitter_site":"@Estrategiavest","twitter_misc":{"Escrito por":"Larrani Ferreira","Est. tempo de leitura":"2 minutos"},"schema":{"@context":"https:\/\/schema.org","@graph":[{"@type":"NewsArticle","@id":"https:\/\/vestibulares.estrategia.com\/portal\/noticias\/metade-dos-alunos-matriculados-na-unicamp-em-2024-sao-oriundos-da-rede-publica-de-ensino\/#article","isPartOf":{"@id":"https:\/\/vestibulares.estrategia.com\/portal\/noticias\/metade-dos-alunos-matriculados-na-unicamp-em-2024-sao-oriundos-da-rede-publica-de-ensino\/"},"author":{"name":"Larrani Ferreira","@id":"https:\/\/vestibulares.estrategia.com\/portal\/#\/schema\/person\/98d0c0e22d6d89b480aa1929f0e64ec5"},"headline":"Metade dos alunos matriculados na Unicamp em 2024 s\u00e3o oriundos da rede p\u00fablica de ensino","datePublished":"2024-04-24T19:09:02+00:00","dateModified":"2024-04-24T19:09:07+00:00","mainEntityOfPage":{"@id":"https:\/\/vestibulares.estrategia.com\/portal\/noticias\/metade-dos-alunos-matriculados-na-unicamp-em-2024-sao-oriundos-da-rede-publica-de-ensino\/"},"wordCount":329,"publisher":{"@id":"https:\/\/vestibulares.estrategia.com\/portal\/#organization"},"image":{"@id":"https:\/\/vestibulares.estrategia.com\/portal\/noticias\/metade-dos-alunos-matriculados-na-unicamp-em-2024-sao-oriundos-da-rede-publica-de-ensino\/#primaryimage"},"thumbnailUrl":"https:\/\/vestibulares.estrategia.com\/portal\/wp-content\/uploads\/2023\/12\/vestibular-unicamp-ev-1.jpg.webp","articleSection":["Not\u00edcias"],"inLanguage":"pt-BR"},{"@type":"WebPage","@id":"https:\/\/vestibulares.estrategia.com\/portal\/noticias\/metade-dos-alunos-matriculados-na-unicamp-em-2024-sao-oriundos-da-rede-publica-de-ensino\/","url":"https:\/\/vestibulares.estrategia.com\/portal\/noticias\/metade-dos-alunos-matriculados-na-unicamp-em-2024-sao-oriundos-da-rede-publica-de-ensino\/","name":"Metade dos alunos matriculados na Unicamp em 2024 s\u00e3o oriundos da rede p\u00fablica de ensino","isPartOf":{"@id":"https:\/\/vestibulares.estrategia.com\/portal\/#website"},"primaryImageOfPage":{"@id":"https:\/\/vestibulares.estrategia.com\/portal\/noticias\/metade-dos-alunos-matriculados-na-unicamp-em-2024-sao-oriundos-da-rede-publica-de-ensino\/#primaryimage"},"image":{"@id":"https:\/\/vestibulares.estrategia.com\/portal\/noticias\/metade-dos-alunos-matriculados-na-unicamp-em-2024-sao-oriundos-da-rede-publica-de-ensino\/#primaryimage"},"thumbnailUrl":"https:\/\/vestibulares.estrategia.com\/portal\/wp-content\/uploads\/2023\/12\/vestibular-unicamp-ev-1.jpg.webp","datePublished":"2024-04-24T19:09:02+00:00","dateModified":"2024-04-24T19:09:07+00:00","description":"Mais de 50% dos matriculados da Unicamp em 2024 s\u00e3o oriundos da rede p\u00fablica. Confira o \u00edndice de inclus\u00e3o social da Unicamp em 2024.","breadcrumb":{"@id":"https:\/\/vestibulares.estrategia.com\/portal\/noticias\/metade-dos-alunos-matriculados-na-unicamp-em-2024-sao-oriundos-da-rede-publica-de-ensino\/#breadcrumb"},"inLanguage":"pt-BR","potentialAction":[{"@type":"ReadAction","target":["https:\/\/vestibulares.estrategia.com\/portal\/noticias\/metade-dos-alunos-matriculados-na-unicamp-em-2024-sao-oriundos-da-rede-publica-de-ensino\/"]}]},{"@type":"ImageObject","inLanguage":"pt-BR","@id":"https:\/\/vestibulares.estrategia.com\/portal\/noticias\/metade-dos-alunos-matriculados-na-unicamp-em-2024-sao-oriundos-da-rede-publica-de-ensino\/#primaryimage","url":"https:\/\/vestibulares.estrategia.com\/portal\/wp-content\/uploads\/2023\/12\/vestibular-unicamp-ev-1.jpg.webp","contentUrl":"https:\/\/vestibulares.estrategia.com\/portal\/wp-content\/uploads\/2023\/12\/vestibular-unicamp-ev-1.jpg.webp","width":1280,"height":720,"caption":"Unicamp Estrat\u00e9gia Vestibulares"},{"@type":"BreadcrumbList","@id":"https:\/\/vestibulares.estrategia.com\/portal\/noticias\/metade-dos-alunos-matriculados-na-unicamp-em-2024-sao-oriundos-da-rede-publica-de-ensino\/#breadcrumb","itemListElement":[{"@type":"ListItem","position":1,"name":"Home","item":"https:\/\/vestibulares.estrategia.com\/portal\/"},{"@type":"ListItem","position":2,"name":"Not\u00edcias","item":"https:\/\/vestibulares.estrategia.com\/portal\/noticias\/"},{"@type":"ListItem","position":3,"name":"Metade dos alunos matriculados na Unicamp em 2024 s\u00e3o oriundos da rede p\u00fablica de ensino"}]},{"@type":"WebSite","@id":"https:\/\/vestibulares.estrategia.com\/portal\/#website","url":"https:\/\/vestibulares.estrategia.com\/portal\/","name":"Estrat\u00e9gia Vestibulares","description":"","publisher":{"@id":"https:\/\/vestibulares.estrategia.com\/portal\/#organization"},"potentialAction":[{"@type":"SearchAction","target":{"@type":"EntryPoint","urlTemplate":"https:\/\/vestibulares.estrategia.com\/portal\/?s={search_term_string}"},"query-input":{"@type":"PropertyValueSpecification","valueRequired":true,"valueName":"search_term_string"}}],"inLanguage":"pt-BR"},{"@type":"Organization","@id":"https:\/\/vestibulares.estrategia.com\/portal\/#organization","name":"Estrat\u00e9gia Vestibulares","url":"https:\/\/vestibulares.estrategia.com\/portal\/","logo":{"@type":"ImageObject","inLanguage":"pt-BR","@id":"https:\/\/vestibulares.estrategia.com\/portal\/#\/schema\/logo\/image\/","url":"https:\/\/vestibulares.estrategia.com\/portal\/wp-content\/uploads\/2021\/06\/Logo-Vestibulares@4x.png","contentUrl":"https:\/\/vestibulares.estrategia.com\/portal\/wp-content\/uploads\/2021\/06\/Logo-Vestibulares@4x.png","width":250,"height":66,"caption":"Estrat\u00e9gia Vestibulares"},"image":{"@id":"https:\/\/vestibulares.estrategia.com\/portal\/#\/schema\/logo\/image\/"},"sameAs":["https:\/\/facebook.com\/estrategiavestibulares","https:\/\/x.com\/Estrategiavest","https:\/\/www.instagram.com\/estrategiavestibulares","https:\/\/www.youtube.com\/channel\/UCGWdZy8ULI-7_5GrABa4vNA"]},{"@type":"Person","@id":"https:\/\/vestibulares.estrategia.com\/portal\/#\/schema\/person\/98d0c0e22d6d89b480aa1929f0e64ec5","name":"Larrani Ferreira","image":{"@type":"ImageObject","inLanguage":"pt-BR","@id":"https:\/\/vestibulares.estrategia.com\/portal\/#\/schema\/person\/image\/","url":"https:\/\/vestibulares.estrategia.com\/portal\/wp-content\/uploads\/2026\/02\/WhatsApp-Image-2026-02-05-at-14.26.13-150x150.jpeg","contentUrl":"https:\/\/vestibulares.estrategia.com\/portal\/wp-content\/uploads\/2026\/02\/WhatsApp-Image-2026-02-05-at-14.26.13-150x150.jpeg","caption":"Larrani Ferreira"},"description":"Jornalista e Mestranda em Comunica\u00e7\u00e3o Intercultural nas Organiza\u00e7\u00f5es","url":"https:\/\/vestibulares.estrategia.com\/portal\/author\/larranioliveira\/"}]}},"_wl_alt_label":[],"wl:entity_url":"https:\/\/data.wordlift.io\/wl110249\/post\/metade-dos-alunos-matriculados-na-unicamp-em-2024-sao-oriundos-da-rede-publica-de-ensino","_links":{"self":[{"href":"https:\/\/vestibulares.estrategia.com\/portal\/wp-json\/wp\/v2\/posts\/116394","targetHints":{"allow":["GET"]}}],"collection":[{"href":"https:\/\/vestibulares.estrategia.com\/portal\/wp-json\/wp\/v2\/posts"}],"about":[{"href":"https:\/\/vestibulares.estrategia.com\/portal\/wp-json\/wp\/v2\/types\/post"}],"author":[{"embeddable":true,"href":"https:\/\/vestibulares.estrategia.com\/portal\/wp-json\/wp\/v2\/users\/51"}],"replies":[{"embeddable":true,"href":"https:\/\/vestibulares.estrategia.com\/portal\/wp-json\/wp\/v2\/comments?post=116394"}],"version-history":[{"count":2,"href":"https:\/\/vestibulares.estrategia.com\/portal\/wp-json\/wp\/v2\/posts\/116394\/revisions"}],"predecessor-version":[{"id":116400,"href":"https:\/\/vestibulares.estrategia.com\/portal\/wp-json\/wp\/v2\/posts\/116394\/revisions\/116400"}],"wp:featuredmedia":[{"embeddable":true,"href":"https:\/\/vestibulares.estrategia.com\/portal\/wp-json\/wp\/v2\/media\/109324"}],"wp:attachment":[{"href":"https:\/\/vestibulares.estrategia.com\/portal\/wp-json\/wp\/v2\/media?parent=116394"}],"wp:term":[{"taxonomy":"category","embeddable":true,"href":"https:\/\/vestibulares.estrategia.com\/portal\/wp-json\/wp\/v2\/categories?post=116394"},{"taxonomy":"post_tag","embeddable":true,"href":"https:\/\/vestibulares.estrategia.com\/portal\/wp-json\/wp\/v2\/tags?post=116394"},{"taxonomy":"wl_entity_type","embeddable":true,"href":"https:\/\/vestibulares.estrategia.com\/portal\/wp-json\/wp\/v2\/wl_entity_type?post=116394"}],"curies":[{"name":"wp","href":"https:\/\/api.w.org\/{rel}","templated":true}]}}