{"id":116395,"date":"2024-04-24T15:44:12","date_gmt":"2024-04-24T18:44:12","guid":{"rendered":"https:\/\/vestibulares.estrategia.com\/portal\/?p=116395"},"modified":"2025-12-17T18:14:04","modified_gmt":"2025-12-17T21:14:04","slug":"notas-de-corte-ufrb","status":"publish","type":"post","link":"https:\/\/vestibulares.estrategia.com\/portal\/enem-e-vestibulares\/sisu\/notas-de-corte-ufrb\/","title":{"rendered":"Notas de corte da UFRB no Sisu: saiba a nota m\u00ednima para ingresso"},"content":{"rendered":"<p>A Universidade Federal do Rec&ocirc;ncavo da Bahia (<a href=\"https:\/\/vestibulares.estrategia.com\/portal\/enem-e-vestibulares\/ufrb-sisu-cursos-vagas-como-ingressar-e-muito-mais\/\" target=\"_blank\">UFRB<\/a>) tem seis de seus sete campi localizados em cidades que ficam na regi&atilde;o do entorno da Ba&iacute;a de Todos-os-Santos &mdash; forma&ccedil;&atilde;o geogr&aacute;fica no litoral da Bahia onde est&aacute; localizada Salvador, a capital do estado. <p>Fundada em 2005, a institui&ccedil;&atilde;o oferta 55 cursos de gradua&ccedil;&atilde;o presencial e a dist&acirc;ncia (no caso das licenciaturas), com ingresso no primeiro e no segundo semestre do ano, exclusivamente pelo Sistema de Sele&ccedil;&atilde;o Unificada (<a href=\"https:\/\/vestibulares.estrategia.com\/portal\/enem-e-vestibulares\/sisu\/sisu-o-que-e\/\" target=\"_blank\">Sisu<\/a>).<\/p><p>Na edi&ccedil;&atilde;o 2024 do Sisu, a UFRB ofertou 2.720 vagas para ingresso no primeiro per&iacute;odo do ano. Todas as vagas dispon&iacute;veis foram preenchidas a partir da aprova&ccedil;&atilde;o dos candidatos que tiveram as melhores m&eacute;dias nas provas do Exame Nacional do Ensino M&eacute;dio (<a href=\"https:\/\/vestibulares.estrategia.com\/portal\/enem\/enem\/\" target=\"_blank\">Enem<\/a>), e &eacute; assim que s&atilde;o formadas as notas de corte.&nbsp;<\/p><p>Confira, no texto a seguir, as notas de corte da UFRB no Sisu 2024 e saiba qual a nota m&iacute;nima necess&aacute;ria para se tornar um calouro na institui&ccedil;&atilde;o:<\/p><p>\n\n\n\n<div id=\"new-form\">\n\t<form id=\"forms_layout\">\n\t<input type=\"hidden\" id=\"chave_de\" name=\"chave_de\" value=\"01_EVEST_LEADS_TOTAIS\" \/>\n\t\t<input type=\"hidden\" id=\"mid\" name=\"mid\" value=\"515008983\" \/>\n\t\t<input type=\"hidden\" id=\"Objetivo\" name=\"Objetivo\" value=\"Vestibulares\" \/>\n\t\t<input type=\"hidden\" id=\"Estado_de_Origem_do_IP\" name=\"Estado_de_Origem_do_IP\"  value=\"\" \/>\n\t\t<input type=\"hidden\" id=\"Cidade_de_Origem_do_IP\" name=\"Cidade_de_Origem_do_IP\" value=\"\" \/>\n\t\t<input type=\"hidden\" id=\"Modo_de_entrada\" name=\"Modo_de_entrada\" value=\"Portal\" \/>\n\t\t<input type=\"hidden\" id=\"Pagina_Origem\" name=\"Pagina_Origem\" value=\"\" \/>\n\n\t\t<div class=\"texto\">\n\t\t\t<h3 class=\"news\">Inscreva-se em nossa newsletter\ud83e\udd89<\/h3>\n\t\t\t<p>Receba dicas de estudo gratuitas e saiba em primeira m\u00e3o as novidades sobre o Enem, Sisu, Encceja, Fuvest e outros vestibulares!<\/p>\n\t\t<\/div>\n\t\t<div class=\"campos\">\n\t\t\t<div class=\"first_name labels\">\n\t\t\t\t<input type=\"text\" class=\"input_labels\" id=\"first_name\" name=\"Nome_Completo\" placeholder=\"Nome\" required \/>\n\t\t\t<\/div>\n\t\t\t<div class=\"email labels\">\n\t\t\t\t<input type=\"email\" class=\"input_labels\" id=\"email\" name=\"Email\" placeholder=\"E-mail\" required \/>\n\t\t\t<\/div>\n\t\t\t<button type=\"submit\" class=\"button_layout\">\n\t\t\t\t<div id=\"lblBotao\">Inscreva-se<\/div>\n\t\t\t\t<span id=\"divSpiner\" class=\"loader\" role=\"status\" style=\"display: none;\"><\/span>\t\n\t\t\t<\/button>\n\t\t<\/div><!-- \/campos -->\n\t\t\n\t\t<label class=\"container_checkbox\">Voc\u00ea concorda com a nossa\n\t\t\t<a class=\"politics_privacy_ahref\" target=\"_blank\" href=\"https:\/\/gratis.estrategiaconcursos.com.br\/politica-de-privacidade\/\">Pol\u00edtica de Privacidade<\/a> e aceita receber informa\u00e7\u00f5es adicionais do Estrat\u00e9gia Educacional.\n\t\t\t<input id=\"checkbox_layout\" type=\"checkbox\" checked=\"checked\" required \/>\n\t\t\t<span class=\"checkbox\"><\/span>\n\t\t<\/label>\n\t\t<div id=\"msg\"><\/div>\n\t\t<div id=\"error\" class=\"error\">\n\t\t<\/div>\n\t<\/form>\n<\/div><!-- \/new-form -->\n\n\n\n<\/p><div id=\"ez-toc-container\" class=\"ez-toc-v2_0_76 counter-hierarchy ez-toc-counter ez-toc-transparent ez-toc-container-direction\">\n<div class=\"ez-toc-title-container\"><p class=\"ez-toc-title\" style=\"cursor:inherit\">Navegue pelo conte\u00fado<\/p>\n<\/div><nav><ul class='ez-toc-list ez-toc-list-level-1 ' ><li class='ez-toc-page-1 ez-toc-heading-level-2'><a class=\"ez-toc-link ez-toc-heading-1\" href=\"https:\/\/vestibulares.estrategia.com\/portal\/enem-e-vestibulares\/sisu\/notas-de-corte-ufrb\/#O-que-e-nota-de-corte\" >O que &eacute; nota de corte?<\/a><\/li><li class='ez-toc-page-1 ez-toc-heading-level-2'><a class=\"ez-toc-link ez-toc-heading-2\" href=\"https:\/\/vestibulares.estrategia.com\/portal\/enem-e-vestibulares\/sisu\/notas-de-corte-ufrb\/#Como-funcionam-as-concorrencias-no-Sisu\" >Como funcionam as concorr&ecirc;ncias no Sisu?<\/a><\/li><li class='ez-toc-page-1 ez-toc-heading-level-2'><a class=\"ez-toc-link ez-toc-heading-3\" href=\"https:\/\/vestibulares.estrategia.com\/portal\/enem-e-vestibulares\/sisu\/notas-de-corte-ufrb\/#Notas-de-corte-UFRB-no-Sisu\" >Notas de corte UFRB no Sisu<\/a><\/li><li class='ez-toc-page-1 ez-toc-heading-level-2'><a class=\"ez-toc-link ez-toc-heading-4\" href=\"https:\/\/vestibulares.estrategia.com\/portal\/enem-e-vestibulares\/sisu\/notas-de-corte-ufrb\/#Como-ingressar-na-UFRB\" >Como ingressar na UFRB?<\/a><\/li><li class='ez-toc-page-1 ez-toc-heading-level-2'><a class=\"ez-toc-link ez-toc-heading-5\" href=\"https:\/\/vestibulares.estrategia.com\/portal\/enem-e-vestibulares\/sisu\/notas-de-corte-ufrb\/#Como-funciona-o-Sisu\" >Como funciona o Sisu?<\/a><\/li><li class='ez-toc-page-1 ez-toc-heading-level-2'><a class=\"ez-toc-link ez-toc-heading-6\" href=\"https:\/\/vestibulares.estrategia.com\/portal\/enem-e-vestibulares\/sisu\/notas-de-corte-ufrb\/#Calendario-Enem-e-Sisu\" >Calend&aacute;rio Enem e Sisu<\/a><\/li><li class='ez-toc-page-1 ez-toc-heading-level-2'><a class=\"ez-toc-link ez-toc-heading-7\" href=\"https:\/\/vestibulares.estrategia.com\/portal\/enem-e-vestibulares\/sisu\/notas-de-corte-ufrb\/#Minha-nota-nao-e-suficiente-E-agora\" >Minha nota n&atilde;o &eacute; suficiente. E agora?<\/a><\/li><\/ul><\/nav><\/div>\n<h2 class=\"wp-block-heading\" id=\"h-o-que-e-nota-de-corte\"><span class=\"ez-toc-section\" id=\"O-que-e-nota-de-corte\"><\/span>O que &eacute; nota de corte?<span class=\"ez-toc-section-end\"><\/span><\/h2><p>A nota de corte &eacute; formada a partir da menor pontua&ccedil;&atilde;o alcan&ccedil;ada por um participante que conquistou uma das vagas dispon&iacute;veis em um curso no Sisu. Dessa forma, se a nota de corte de um curso &eacute; 600,00, significa que essa foi a menor nota tirada por um ingressante para conquistar a vaga.<\/p><p>Assim, as notas de corte variam de acordo com a edi&ccedil;&atilde;o do Sisu, e tamb&eacute;m dependem da institui&ccedil;&atilde;o de Ensino Superior e do curso escolhido. Al&eacute;m disso, analisando as notas de corte de anos anteriores, &eacute; poss&iacute;vel estimar o desempenho necess&aacute;rio no Enem.<\/p><p class=\"wp-block-verse\"><strong>Veja tamb&eacute;m:<\/strong><br>+<a href=\"https:\/\/vestibulares.estrategia.com\/portal\/enem-e-vestibulares\/sisu\/nota-corte-sisu\/\" target=\"_blank\"> Nota de corte do Sisu: veja o que &eacute; e como funciona<\/a><\/p><h2 class=\"wp-block-heading\" id=\"h-como-funcionam-as-concorrencias-no-sisu\"><span class=\"ez-toc-section\" id=\"Como-funcionam-as-concorrencias-no-Sisu\"><\/span>Como funcionam as concorr&ecirc;ncias no Sisu?<span class=\"ez-toc-section-end\"><\/span><\/h2><p>Os participantes do Sisu concorrem &agrave;s vagas dispon&iacute;veis pela modalidade de Ampla Concorr&ecirc;ncia (AC) ou pela Lei de Cotas &mdash; h&aacute; ainda institui&ccedil;&otilde;es de Ensino Superior que oferecem a&ccedil;&otilde;es afirmativas pr&oacute;prias para ingresso.<\/p><p>Com as <a href=\"https:\/\/vestibulares.estrategia.com\/portal\/enem-e-vestibulares\/vestibulares\/lei-de-cotas-o-que-muda-com-a-atualizacao\/\" target=\"_blank\">altera&ccedil;&otilde;es sancionadas no fim de 2023<\/a>, a Lei de Cotas estabelece que todas as universidades e institutos federais reservem, obrigatoriamente, 50% das vagas de cada curso para pessoas que cursaram todo o Ensino M&eacute;dio em escolas p&uacute;blicas.<\/p><p>Desse percentual, 25% das vagas devem ser destinadas para pessoas que al&eacute;m de terem cursado todo o Ensino M&eacute;dio em escola p&uacute;blica, possuem renda per capta de at&eacute; 1 sal&aacute;rio m&iacute;nimo. Os outros 25% das vagas s&atilde;o para formados em escola p&uacute;blica que possuem renda per capita de mais de 1 sal&aacute;rio m&iacute;nimo.<\/p><p>Al&eacute;m disso, a distribui&ccedil;&atilde;o das vagas deve ser feita entre candidatos pretos, pardos e ind&iacute;genas (PPI), pessoas com defici&ecirc;ncia (PCDs) e quilombolas. A divis&atilde;o precisa ser proporcional ao perfil dos habitantes da regi&atilde;o em que a institui&ccedil;&atilde;o est&aacute; localizada, seguindo uma nova metodologia, que ainda ser&aacute; divulgada pelo governo federal, e ser&aacute; usada tr&ecirc;s anos ap&oacute;s a divulga&ccedil;&atilde;o de cada edi&ccedil;&atilde;o do Censo do Instituto Brasileiro de Geografia e Estat&iacute;stica (IBGE).<\/p><p>Anteriormente uma pessoa que se aplicava a Lei de Cotas participava dessa &ldquo;fila&rdquo; mesmo se sua nota permitisse o acesso por meio das notas de Ampla Concorr&ecirc;ncia. A partir do Sisu 2024 a Ampla Concorr&ecirc;ncia abriga todas as pessoas com nota suficiente para tal e somente a partir dessa sele&ccedil;&atilde;o que passou a ser aplicada a nova Lei de Cotas.<\/p><p>Caso o participante com direito &agrave;s cotas n&atilde;o atinja a nota necess&aacute;ria para ingressar em um curso pela Ampla Concorr&ecirc;ncia, ele ser&aacute; automaticamente direcionado pelo sistema para a reserva de vagas.<\/p><p class=\"wp-block-verse\"><strong>Saiba mais:<\/strong><br><a href=\"https:\/\/vestibulares.estrategia.com\/portal\/enem-e-vestibulares\/sisu\/modalidades-sisu\/\" target=\"_blank\">+ Modalidades do Sisu: quais s&atilde;o as diferen&ccedil;as entre ampla concorr&ecirc;ncia, a&ccedil;&otilde;es afirmativas e Lei de Cotas?<\/a><\/p><h2 class=\"wp-block-heading\" id=\"h-notas-de-corte-ufrb-no-sisu\"><span class=\"ez-toc-section\" id=\"Notas-de-corte-UFRB-no-Sisu\"><\/span>Notas de corte UFRB no Sisu<span class=\"ez-toc-section-end\"><\/span><\/h2><p>Confira, na tabela, as notas de corte de todos os cursos de gradua&ccedil;&atilde;o da UFRB na edi&ccedil;&atilde;o 2025 do Sisu, na modalidade Ampla Concorr&ecirc;ncia (AC):<\/p><figure class=\"wp-block-table is-style-stripes\"><table><thead><tr><th>Curso<\/th><th class=\"has-text-align-center\" data-align=\"center\">Cidade<\/th><th class=\"has-text-align-center\" data-align=\"center\">Turno<\/th><th class=\"has-text-align-center\" data-align=\"center\">Nota de corte<\/th><\/tr><\/thead><tbody><tr><td>MEDICINA<\/td><td class=\"has-text-align-center\" data-align=\"center\">Santo Ant&ocirc;nio de Jesus<\/td><td class=\"has-text-align-center\" data-align=\"center\">Integral<\/td><td class=\"has-text-align-center\" data-align=\"center\">787,06<\/td><\/tr><tr><td>ENGENHARIA CIVIL<\/td><td class=\"has-text-align-center\" data-align=\"center\">Cruz das Almas<\/td><td class=\"has-text-align-center\" data-align=\"center\">Integral<\/td><td class=\"has-text-align-center\" data-align=\"center\">720,94<\/td><\/tr><tr><td>PSICOLOGIA<\/td><td class=\"has-text-align-center\" data-align=\"center\">Santo Ant&ocirc;nio de Jesus<\/td><td class=\"has-text-align-center\" data-align=\"center\">Integral<\/td><td class=\"has-text-align-center\" data-align=\"center\">697,78<\/td><\/tr><tr><td>ENGENHARIA DE COMPUTA&Ccedil;&Atilde;O<\/td><td class=\"has-text-align-center\" data-align=\"center\">Cruz das Almas<\/td><td class=\"has-text-align-center\" data-align=\"center\">Integral<\/td><td class=\"has-text-align-center\" data-align=\"center\">688,62<\/td><\/tr><tr><td>ENFERMAGEM<\/td><td class=\"has-text-align-center\" data-align=\"center\">Santo Ant&ocirc;nio de Jesus<\/td><td class=\"has-text-align-center\" data-align=\"center\">Integral<\/td><td class=\"has-text-align-center\" data-align=\"center\">682,38<\/td><\/tr><tr><td>MEDICINA VETERIN&Aacute;RIA<\/td><td class=\"has-text-align-center\" data-align=\"center\">Cruz das Almas<\/td><td class=\"has-text-align-center\" data-align=\"center\">Integral<\/td><td class=\"has-text-align-center\" data-align=\"center\">678,68<\/td><\/tr><tr><td>NUTRI&Ccedil;&Atilde;O<\/td><td class=\"has-text-align-center\" data-align=\"center\">Santo Ant&ocirc;nio de Jesus<\/td><td class=\"has-text-align-center\" data-align=\"center\">Integral<\/td><td class=\"has-text-align-center\" data-align=\"center\">668,50<\/td><\/tr><tr><td>PUBLICIDADE E PROPAGANDA<\/td><td class=\"has-text-align-center\" data-align=\"center\">Cachoeira<\/td><td class=\"has-text-align-center\" data-align=\"center\">Matutino<\/td><td class=\"has-text-align-center\" data-align=\"center\">664,44<\/td><\/tr><tr><td>CINEMA E AUDIOVISUAL<\/td><td class=\"has-text-align-center\" data-align=\"center\">Cachoeira<\/td><td class=\"has-text-align-center\" data-align=\"center\">Integral<\/td><td class=\"has-text-align-center\" data-align=\"center\">659,96<\/td><\/tr><tr><td>ENGENHARIA EL&Eacute;TRICA<\/td><td class=\"has-text-align-center\" data-align=\"center\">Cruz das Almas<\/td><td class=\"has-text-align-center\" data-align=\"center\">Integral<\/td><td class=\"has-text-align-center\" data-align=\"center\">653,36<\/td><\/tr><tr><td>ENGENHARIA MEC&Acirc;NICA<\/td><td class=\"has-text-align-center\" data-align=\"center\">Cruz das Almas<\/td><td class=\"has-text-align-center\" data-align=\"center\">Integral<\/td><td class=\"has-text-align-center\" data-align=\"center\">648,70<\/td><\/tr><tr><td>BIOLOGIA<\/td><td class=\"has-text-align-center\" data-align=\"center\">Cruz das Almas<\/td><td class=\"has-text-align-center\" data-align=\"center\">Integral<\/td><td class=\"has-text-align-center\" data-align=\"center\">637,38<\/td><\/tr><tr><td>COMUNICA&Ccedil;&Atilde;O SOCIAL &ndash; JORNALISMO<\/td><td class=\"has-text-align-center\" data-align=\"center\">Cachoeira<\/td><td class=\"has-text-align-center\" data-align=\"center\">Integral<\/td><td class=\"has-text-align-center\" data-align=\"center\">637,24<\/td><\/tr><tr><td>ENGENHARIA DE PRODU&Ccedil;&Atilde;O<\/td><td class=\"has-text-align-center\" data-align=\"center\">Feira de Santana<\/td><td class=\"has-text-align-center\" data-align=\"center\">Integral<\/td><td class=\"has-text-align-center\" data-align=\"center\">623,62<\/td><\/tr><tr><td>ENGENHARIA DE ENERGIAS<\/td><td class=\"has-text-align-center\" data-align=\"center\">Feira de Santana<\/td><td class=\"has-text-align-center\" data-align=\"center\">Integral<\/td><td class=\"has-text-align-center\" data-align=\"center\">615,34<\/td><\/tr><tr><td>ARTES VISUAIS<\/td><td class=\"has-text-align-center\" data-align=\"center\">Cachoeira<\/td><td class=\"has-text-align-center\" data-align=\"center\">Noturno<\/td><td class=\"has-text-align-center\" data-align=\"center\">609,86<\/td><\/tr><tr><td>BIOLOGIA<\/td><td class=\"has-text-align-center\" data-align=\"center\">Cruz das Almas<\/td><td class=\"has-text-align-center\" data-align=\"center\">Noturno<\/td><td class=\"has-text-align-center\" data-align=\"center\">606,38<\/td><\/tr><tr><td>PRODU&Ccedil;&Atilde;O MUSICAL<\/td><td class=\"has-text-align-center\" data-align=\"center\">Santo Amaro<\/td><td class=\"has-text-align-center\" data-align=\"center\">Vespertino<\/td><td class=\"has-text-align-center\" data-align=\"center\">602,88<\/td><\/tr><tr><td>AGRONOMIA<\/td><td class=\"has-text-align-center\" data-align=\"center\">Cruz das Almas<\/td><td class=\"has-text-align-center\" data-align=\"center\">Integral<\/td><td class=\"has-text-align-center\" data-align=\"center\">595,60<\/td><\/tr><tr><td>M&Uacute;SICA &ndash; M&Uacute;SICA POPULAR BRASILEIRA<\/td><td class=\"has-text-align-center\" data-align=\"center\">Santo Amaro<\/td><td class=\"has-text-align-center\" data-align=\"center\">Vespertino<\/td><td class=\"has-text-align-center\" data-align=\"center\">589,92<\/td><\/tr><tr><td>EDUCA&Ccedil;&Atilde;O F&Iacute;SICA<\/td><td class=\"has-text-align-center\" data-align=\"center\">Amargosa<\/td><td class=\"has-text-align-center\" data-align=\"center\">Noturno<\/td><td class=\"has-text-align-center\" data-align=\"center\">587,46<\/td><\/tr><tr><td>ZOOTECNIA<\/td><td class=\"has-text-align-center\" data-align=\"center\">Cruz das Almas<\/td><td class=\"has-text-align-center\" data-align=\"center\">Integral<\/td><td class=\"has-text-align-center\" data-align=\"center\">584,12<\/td><\/tr><tr><td>PEDAGOGIA<\/td><td class=\"has-text-align-center\" data-align=\"center\">Amargosa<\/td><td class=\"has-text-align-center\" data-align=\"center\">Noturno<\/td><td class=\"has-text-align-center\" data-align=\"center\">569,58<\/td><\/tr><tr><td>ARTES VISUAIS<\/td><td class=\"has-text-align-center\" data-align=\"center\">Cachoeira<\/td><td class=\"has-text-align-center\" data-align=\"center\">Integral<\/td><td class=\"has-text-align-center\" data-align=\"center\">568,14<\/td><\/tr><tr><td>ENGENHARIA DE PESCA<\/td><td class=\"has-text-align-center\" data-align=\"center\">Cruz das Almas<\/td><td class=\"has-text-align-center\" data-align=\"center\">Integral<\/td><td class=\"has-text-align-center\" data-align=\"center\">556,20<\/td><\/tr><tr><td>CI&Ecirc;NCIAS SOCIAIS<\/td><td class=\"has-text-align-center\" data-align=\"center\">Cachoeira<\/td><td class=\"has-text-align-center\" data-align=\"center\">Integral<\/td><td class=\"has-text-align-center\" data-align=\"center\">555,74<\/td><\/tr><tr><td>CI&Ecirc;NCIAS SOCIAIS<\/td><td class=\"has-text-align-center\" data-align=\"center\">Cachoeira<\/td><td class=\"has-text-align-center\" data-align=\"center\">Integral<\/td><td class=\"has-text-align-center\" data-align=\"center\">555,20<\/td><\/tr><tr><td>HIST&Oacute;RIA<\/td><td class=\"has-text-align-center\" data-align=\"center\">Cachoeira<\/td><td class=\"has-text-align-center\" data-align=\"center\">Noturno<\/td><td class=\"has-text-align-center\" data-align=\"center\">553,98<\/td><\/tr><tr><td>PEDAGOGIA<\/td><td class=\"has-text-align-center\" data-align=\"center\">Amargosa<\/td><td class=\"has-text-align-center\" data-align=\"center\">Matutino<\/td><td class=\"has-text-align-center\" data-align=\"center\">546,68<\/td><\/tr><tr><td>GEST&Atilde;O P&Uacute;BLICA<\/td><td class=\"has-text-align-center\" data-align=\"center\">Cachoeira<\/td><td class=\"has-text-align-center\" data-align=\"center\">Noturno<\/td><td class=\"has-text-align-center\" data-align=\"center\">529,62<\/td><\/tr><tr><td>LETRAS &ndash; LIBRAS\/L&Iacute;NGUA ESTRANGEIRA<\/td><td class=\"has-text-align-center\" data-align=\"center\">Amargosa<\/td><td class=\"has-text-align-center\" data-align=\"center\">Noturno<\/td><td class=\"has-text-align-center\" data-align=\"center\">524,82<\/td><\/tr><tr><td>SERVI&Ccedil;O SOCIAL<\/td><td class=\"has-text-align-center\" data-align=\"center\">Cachoeira<\/td><td class=\"has-text-align-center\" data-align=\"center\">Noturno<\/td><td class=\"has-text-align-center\" data-align=\"center\">523,52<\/td><\/tr><tr><td>ENGENHARIA DE MATERIAIS<\/td><td class=\"has-text-align-center\" data-align=\"center\">Feira de Santana<\/td><td class=\"has-text-align-center\" data-align=\"center\">Integral<\/td><td class=\"has-text-align-center\" data-align=\"center\">519,48<\/td><\/tr><tr><td>FILOSOFIA<\/td><td class=\"has-text-align-center\" data-align=\"center\">Amargosa<\/td><td class=\"has-text-align-center\" data-align=\"center\">Noturno<\/td><td class=\"has-text-align-center\" data-align=\"center\">515,94<\/td><\/tr><tr><td>GEST&Atilde;O DE COOPERATIVAS<\/td><td class=\"has-text-align-center\" data-align=\"center\">Cruz das Almas<\/td><td class=\"has-text-align-center\" data-align=\"center\">Noturno<\/td><td class=\"has-text-align-center\" data-align=\"center\">514,70<\/td><\/tr><tr><td>SERVI&Ccedil;O SOCIAL<\/td><td class=\"has-text-align-center\" data-align=\"center\">Cachoeira<\/td><td class=\"has-text-align-center\" data-align=\"center\">Integral<\/td><td class=\"has-text-align-center\" data-align=\"center\">513,96<\/td><\/tr><tr><td>AGROECOLOGIA<\/td><td class=\"has-text-align-center\" data-align=\"center\">Cruz das Almas<\/td><td class=\"has-text-align-center\" data-align=\"center\">Integral<\/td><td class=\"has-text-align-center\" data-align=\"center\">509,44<\/td><\/tr><tr><td>LETRAS &ndash; LIBRAS\/L&Iacute;NGUA ESTRANGEIRA<\/td><td class=\"has-text-align-center\" data-align=\"center\">Amargosa<\/td><td class=\"has-text-align-center\" data-align=\"center\">Vespertino<\/td><td class=\"has-text-align-center\" data-align=\"center\">489,98<\/td><\/tr><tr><td>MUSEOLOGIA<\/td><td class=\"has-text-align-center\" data-align=\"center\">Cachoeira<\/td><td class=\"has-text-align-center\" data-align=\"center\">Integral<\/td><td class=\"has-text-align-center\" data-align=\"center\">413,82<\/td><\/tr><tr><td>ENGENHARIA DE TECNOLOGIA ASSISTIVA E ACESSIBILIDADE<\/td><td class=\"has-text-align-center\" data-align=\"center\">Feira de Santana<\/td><td class=\"has-text-align-center\" data-align=\"center\">Integral<\/td><td class=\"has-text-align-center\" data-align=\"center\">410,60<\/td><\/tr><tr><td>ENGENHARIA FLORESTAL<\/td><td class=\"has-text-align-center\" data-align=\"center\">Cruz das Almas<\/td><td class=\"has-text-align-center\" data-align=\"center\">Integral<\/td><td class=\"has-text-align-center\" data-align=\"center\">0,00<\/td><\/tr><tr><td>ENGENHARIA SANIT&Aacute;RIA E AMBIENTAL<\/td><td class=\"has-text-align-center\" data-align=\"center\">Cruz das Almas<\/td><td class=\"has-text-align-center\" data-align=\"center\">Integral<\/td><td class=\"has-text-align-center\" data-align=\"center\">0,00<\/td><\/tr><tr><td>CI&Ecirc;NCIAS EXATAS E TECNOL&Oacute;GICAS &ndash; BI\/LI<\/td><td class=\"has-text-align-center\" data-align=\"center\">Cruz das Almas<\/td><td class=\"has-text-align-center\" data-align=\"center\">Integral<\/td><td class=\"has-text-align-center\" data-align=\"center\">0,00<\/td><\/tr><tr><td>MATEM&Aacute;TICA<\/td><td class=\"has-text-align-center\" data-align=\"center\">Cruz das Almas<\/td><td class=\"has-text-align-center\" data-align=\"center\">Integral<\/td><td class=\"has-text-align-center\" data-align=\"center\">0,00<\/td><\/tr><tr><td>F&Iacute;SICA<\/td><td class=\"has-text-align-center\" data-align=\"center\">Cruz das Almas<\/td><td class=\"has-text-align-center\" data-align=\"center\">Integral<\/td><td class=\"has-text-align-center\" data-align=\"center\">0,00<\/td><\/tr><tr><td>INTERDISCIPLINAR EM CI&Ecirc;NCIAS AMBIENTAIS<\/td><td class=\"has-text-align-center\" data-align=\"center\">Cruz das Almas<\/td><td class=\"has-text-align-center\" data-align=\"center\">Matutino<\/td><td class=\"has-text-align-center\" data-align=\"center\">0,00<\/td><\/tr><tr><td>F&Iacute;SICA<\/td><td class=\"has-text-align-center\" data-align=\"center\">Amargosa<\/td><td class=\"has-text-align-center\" data-align=\"center\">Integral<\/td><td class=\"has-text-align-center\" data-align=\"center\">0,00<\/td><\/tr><tr><td>MATEM&Aacute;TICA<\/td><td class=\"has-text-align-center\" data-align=\"center\">Amargosa<\/td><td class=\"has-text-align-center\" data-align=\"center\">Integral<\/td><td class=\"has-text-align-center\" data-align=\"center\">0,00<\/td><\/tr><tr><td>QU&Iacute;MICA<\/td><td class=\"has-text-align-center\" data-align=\"center\">Amargosa<\/td><td class=\"has-text-align-center\" data-align=\"center\">Integral<\/td><td class=\"has-text-align-center\" data-align=\"center\">0,00<\/td><\/tr><tr><td>INTERDISCIPLINAR EM ENERGIA E SUSTENTABILIDADE<\/td><td class=\"has-text-align-center\" data-align=\"center\">Feira de Santana<\/td><td class=\"has-text-align-center\" data-align=\"center\">Integral<\/td><td class=\"has-text-align-center\" data-align=\"center\">0,00<\/td><\/tr><tr><td>INTERDISCIPLINAR EM CULTURA, LINGUAGENS E TECNOLOGIAS APLICADAS<\/td><td class=\"has-text-align-center\" data-align=\"center\">Santo Amaro<\/td><td class=\"has-text-align-center\" data-align=\"center\">Vespertino<\/td><td class=\"has-text-align-center\" data-align=\"center\">0,00<\/td><\/tr><tr><td>INTERDISCIPLINAR EM CULTURA, LINGUAGENS E TECNOLOGIAS APLICADAS<\/td><td class=\"has-text-align-center\" data-align=\"center\">Santo Amaro<\/td><td class=\"has-text-align-center\" data-align=\"center\">Noturno<\/td><td class=\"has-text-align-center\" data-align=\"center\">0,00<\/td><\/tr><tr><td>ARTES DO ESPET&Aacute;CULO<\/td><td class=\"has-text-align-center\" data-align=\"center\">Santo Amaro<\/td><td class=\"has-text-align-center\" data-align=\"center\">Vespertino<\/td><td class=\"has-text-align-center\" data-align=\"center\">0,00<\/td><\/tr><tr><td>POL&Iacute;TICA E GEST&Atilde;O CULTURAL<\/td><td class=\"has-text-align-center\" data-align=\"center\">Santo Amaro<\/td><td class=\"has-text-align-center\" data-align=\"center\">Vespertino<\/td><td class=\"has-text-align-center\" data-align=\"center\">0,00<\/td><\/tr><tr><td>INTERDISCIPLINAR EM ARTES<\/td><td class=\"has-text-align-center\" data-align=\"center\">Santo Amaro<\/td><td class=\"has-text-align-center\" data-align=\"center\">Vespertino<\/td><td class=\"has-text-align-center\" data-align=\"center\">0,00<\/td><\/tr><\/tbody><\/table><\/figure><h2 class=\"wp-block-heading\" id=\"h-como-ingressar-na-ufrb\"><span class=\"ez-toc-section\" id=\"Como-ingressar-na-UFRB\"><\/span>Como ingressar na UFRB?<span class=\"ez-toc-section-end\"><\/span><\/h2><p>Para ingressar nos cursos de gradua&ccedil;&atilde;o da UFRB, &eacute; necess&aacute;rio participar do Enem, e no ano seguinte usar a nota obtida para concorrer &agrave;s vagas ofertadas pela universidade no Sisu.<\/p><h2 class=\"wp-block-heading\" id=\"h-como-funciona-o-sisu\"><span class=\"ez-toc-section\" id=\"Como-funciona-o-Sisu\"><\/span>Como funciona o Sisu?<span class=\"ez-toc-section-end\"><\/span><\/h2><p>O Sisu &eacute; um programa do Governo Federal que oferta vagas em cursos de gradua&ccedil;&atilde;o de institui&ccedil;&otilde;es de Ensino Superior federais, usando a nota do Enem. O programa &eacute; organizado em um sistema online que re&uacute;ne candidatos e institui&ccedil;&otilde;es na mesma plataforma.&nbsp;<\/p><p>Para se inscrever, o candidato deve acessar o site do Sisu, entrar no sistema com seus dados de acesso e escolher o curso e a institui&ccedil;&atilde;o que deseja concorrer &agrave;s vagas. A partir de 2024, o programa ter&aacute; apenas uma edi&ccedil;&atilde;o anual, que ofertar&aacute; vagas para ingresso no primeiro e no segundo semestres.<\/p><p>Para se inscrever no Sisu, o candidato precisa ter em m&atilde;os o n&uacute;mero de inscri&ccedil;&atilde;o no Enem e senha utilizada para acesso ao sistema. N&atilde;o h&aacute; pagamento de taxa para participar do programa.<\/p><p>Ao fim da inscri&ccedil;&atilde;o, o Sisu divulga a primeira lista de chamada com os candidatos mais bem colocados. Apenas candidatos que n&atilde;o zeraram a Reda&ccedil;&atilde;o podem participar do Sisu.<\/p><h2 class=\"wp-block-heading\" id=\"h-calendario-enem-e-sisu\"><span class=\"ez-toc-section\" id=\"Calendario-Enem-e-Sisu\"><\/span>Calend&aacute;rio Enem e Sisu<span class=\"ez-toc-section-end\"><\/span><\/h2><h3 class=\"wp-block-heading\" id=\"h-enem-2023\">Enem 2023<\/h3><ul class=\"wp-block-list\">\n<li><strong>Divulga&ccedil;&atilde;o do edital<\/strong><br>08\/05\/2023 &ndash;&nbsp; <a href=\"https:\/\/vestibulares.estrategia.com\/portal\/enem-e-vestibulares\/enem\/edital-enem-2023\/\" target=\"_blank\">acesse o edital<\/a><\/li>\n\n\n\n<li><strong>Per&iacute;odo de solicita&ccedil;&atilde;o de isen&ccedil;&atilde;o e justificativa de aus&ecirc;ncia<\/strong><strong><br><\/strong>17 a 28\/04\/2023&nbsp;<\/li>\n\n\n\n<li><strong>Divulga&ccedil;&atilde;o do resultado do pedido de isen&ccedil;&atilde;o e da justificativa de aus&ecirc;ncia<\/strong><strong><br><\/strong>08\/05\/2023<\/li>\n\n\n\n<li><strong>Recurso da justificativa de aus&ecirc;ncia e permiss&atilde;o de isen&ccedil;&atilde;o da taxa de inscri&ccedil;&atilde;o<\/strong><strong><br><\/strong>08 a 12\/05\/2023&nbsp;<\/li>\n\n\n\n<li><strong>Resultados do recurso da justificativa de aus&ecirc;ncia e pedido de isen&ccedil;&atilde;o da taxa de inscri&ccedil;&atilde;o<\/strong><strong><br><\/strong>19\/05\/2023&nbsp;<\/li>\n\n\n\n<li><strong>Per&iacute;odo de inscri&ccedil;&otilde;es do Enem 2023<\/strong><strong><br><\/strong>05 a 16\/06\/2023<\/li>\n\n\n\n<li><strong>Pagamento da taxa de inscri&ccedil;&atilde;o<\/strong><strong><br><\/strong>at&eacute; 21\/06\/2023<\/li>\n\n\n\n<li><strong>Divulga&ccedil;&atilde;o do local de prova do Enem 2023<\/strong><strong><br><\/strong>24\/10\/2023<\/li>\n\n\n\n<li><strong>Provas Enem 2023<\/strong><strong><br><\/strong>05 e 12\/11\/2023<\/li>\n\n\n\n<li><strong>Divulga&ccedil;&atilde;o do gabarito oficial<\/strong><strong><br><\/strong>14\/11\/2023*<br>* A data de divulga&ccedil;&atilde;o do gabarito foi antecipada.<\/li>\n\n\n\n<li><strong>Divulga&ccedil;&atilde;o do resultado<\/strong><strong><br><\/strong>16\/01\/2024<\/li>\n<\/ul><h3 class=\"wp-block-heading\" id=\"h-sisu-2024\">Sisu 2024<\/h3><ul class=\"wp-block-list\">\n<li><strong>Divulga&ccedil;&atilde;o do edital:<\/strong> 29\/12\/2023;<\/li>\n\n\n\n<li><strong>Per&iacute;odo de inscri&ccedil;&atilde;o:<\/strong> 22 a 25\/01\/2024;<\/li>\n\n\n\n<li><strong>Resultado da lista &uacute;nica:<\/strong> 30\/01\/2024;<\/li>\n\n\n\n<li><strong>Per&iacute;odo para participar da lista de espera:<\/strong> 30\/01 a 07\/02\/2024.&nbsp;<\/li>\n<\/ul><h2 class=\"wp-block-heading\" id=\"h-minha-nota-nao-e-suficiente-e-agora\"><span class=\"ez-toc-section\" id=\"Minha-nota-nao-e-suficiente-E-agora\"><\/span>Minha nota n&atilde;o &eacute; suficiente. E agora?<span class=\"ez-toc-section-end\"><\/span><\/h2><p>Quer conquistar sua vaga em uma das melhores universidades da Bahia? Estude com a Coruja e aproveite os benef&iacute;cios que o curso Enem do Estrat&eacute;gia Vestibulares oferece: banco de quest&otilde;es, simulados, corre&ccedil;&otilde;es ilimitadas de reda&ccedil;&otilde;es, material completo e um time de professores especializados na banca.<\/p><p>\n\n\n\n<a id=\"cta\" class=\"cta-imagem\" href=\"https:\/\/vestibulares.estrategia.com\/curso\/pacote-enem\/\" target=\"blank\">\n                <img decoding=\"async\" width=\"100%\" src=\"https:\/\/vestibulares.estrategia.com\/portal\/wp-content\/uploads\/2021\/12\/Enem.jpg\" alt=\"CTA curso Enem\" title=\"CTA curso Enem\">\n        <\/a>\n<\/p><\/p>\n","protected":false},"excerpt":{"rendered":"Ao todo, a institui\u00e7\u00e3o admitiu 2.720 novos estudantes no primeiro semestre de 2024; confira a concorr\u00eancia completa\n","protected":false},"author":48,"featured_media":116396,"comment_status":"closed","ping_status":"closed","sticky":false,"template":"","format":"standard","meta":{"wl_entities_gutenberg":"","footnotes":""},"categories":[822],"tags":[],"wl_entity_type":[732],"class_list":{"0":"post-116395","1":"post","2":"type-post","3":"status-publish","4":"format-standard","5":"has-post-thumbnail","7":"category-sisu","8":"wl_entity_type-article"},"acf":[],"yoast_head":"<!-- This site is optimized with the Yoast SEO Premium plugin v25.9 (Yoast SEO v25.9) - https:\/\/yoast.com\/wordpress\/plugins\/seo\/ -->\n<title>Notas de corte da UFRB no Sisu: saiba a nota m\u00ednima para ingresso<\/title>\n<meta name=\"description\" content=\"Ao todo, a institui\u00e7\u00e3o admitiu 2.720 novos estudantes no primeiro semestre de 2024; confira a concorr\u00eancia completa\" \/>\n<meta name=\"robots\" content=\"index, follow, max-snippet:-1, max-image-preview:large, max-video-preview:-1\" \/>\n<link rel=\"canonical\" href=\"https:\/\/vestibulares.estrategia.com\/portal\/enem-e-vestibulares\/sisu\/notas-de-corte-ufrb\/\" \/>\n<meta property=\"og:locale\" content=\"pt_BR\" \/>\n<meta property=\"og:type\" content=\"article\" \/>\n<meta property=\"og:title\" content=\"Notas de corte da UFRB no Sisu: saiba a nota m\u00ednima para ingresso\" \/>\n<meta property=\"og:description\" content=\"Ao todo, a institui\u00e7\u00e3o admitiu 2.720 novos estudantes no primeiro semestre de 2024; confira a concorr\u00eancia completa\" \/>\n<meta property=\"og:url\" content=\"https:\/\/vestibulares.estrategia.com\/portal\/enem-e-vestibulares\/sisu\/notas-de-corte-ufrb\/\" \/>\n<meta property=\"og:site_name\" content=\"Estrat\u00e9gia Vestibulares\" \/>\n<meta property=\"article:publisher\" content=\"https:\/\/facebook.com\/estrategiavestibulares\" \/>\n<meta property=\"article:published_time\" content=\"2024-04-24T18:44:12+00:00\" \/>\n<meta property=\"article:modified_time\" content=\"2025-12-17T21:14:04+00:00\" \/>\n<meta property=\"og:image\" content=\"https:\/\/vestibulares.estrategia.com\/portal\/wp-content\/uploads\/2024\/04\/notas-de-corte-ufrb.jpg\" \/>\n\t<meta property=\"og:image:width\" content=\"1200\" \/>\n\t<meta property=\"og:image:height\" content=\"630\" \/>\n\t<meta property=\"og:image:type\" content=\"image\/jpeg\" \/>\n<meta name=\"author\" content=\"Beatriz Santana\" \/>\n<meta name=\"twitter:card\" content=\"summary_large_image\" \/>\n<meta name=\"twitter:creator\" content=\"@Estrategiavest\" \/>\n<meta name=\"twitter:site\" content=\"@Estrategiavest\" \/>\n<meta name=\"twitter:label1\" content=\"Escrito por\" \/>\n\t<meta name=\"twitter:data1\" content=\"Beatriz Santana\" \/>\n\t<meta name=\"twitter:label2\" content=\"Est. tempo de leitura\" \/>\n\t<meta name=\"twitter:data2\" content=\"7 minutos\" \/>\n<script type=\"application\/ld+json\" class=\"yoast-schema-graph\">{\"@context\":\"https:\/\/schema.org\",\"@graph\":[{\"@type\":\"Article\",\"@id\":\"https:\/\/vestibulares.estrategia.com\/portal\/enem-e-vestibulares\/sisu\/notas-de-corte-ufrb\/#article\",\"isPartOf\":{\"@id\":\"https:\/\/vestibulares.estrategia.com\/portal\/enem-e-vestibulares\/sisu\/notas-de-corte-ufrb\/\"},\"author\":{\"name\":\"Beatriz Santana\",\"@id\":\"https:\/\/vestibulares.estrategia.com\/portal\/#\/schema\/person\/cdd941dcf53839374c0bc8d39bb0230f\"},\"headline\":\"Notas de corte da UFRB no Sisu: saiba a nota m\u00ednima para ingresso\",\"datePublished\":\"2024-04-24T18:44:12+00:00\",\"dateModified\":\"2025-12-17T21:14:04+00:00\",\"mainEntityOfPage\":{\"@id\":\"https:\/\/vestibulares.estrategia.com\/portal\/enem-e-vestibulares\/sisu\/notas-de-corte-ufrb\/\"},\"wordCount\":1457,\"publisher\":{\"@id\":\"https:\/\/vestibulares.estrategia.com\/portal\/#organization\"},\"image\":{\"@id\":\"https:\/\/vestibulares.estrategia.com\/portal\/enem-e-vestibulares\/sisu\/notas-de-corte-ufrb\/#primaryimage\"},\"thumbnailUrl\":\"https:\/\/vestibulares.estrategia.com\/portal\/wp-content\/uploads\/2024\/04\/notas-de-corte-ufrb.jpg\",\"articleSection\":[\"Sisu\"],\"inLanguage\":\"pt-BR\"},{\"@type\":\"WebPage\",\"@id\":\"https:\/\/vestibulares.estrategia.com\/portal\/enem-e-vestibulares\/sisu\/notas-de-corte-ufrb\/\",\"url\":\"https:\/\/vestibulares.estrategia.com\/portal\/enem-e-vestibulares\/sisu\/notas-de-corte-ufrb\/\",\"name\":\"Notas de corte da UFRB no Sisu: saiba a nota m\u00ednima para ingresso\",\"isPartOf\":{\"@id\":\"https:\/\/vestibulares.estrategia.com\/portal\/#website\"},\"primaryImageOfPage\":{\"@id\":\"https:\/\/vestibulares.estrategia.com\/portal\/enem-e-vestibulares\/sisu\/notas-de-corte-ufrb\/#primaryimage\"},\"image\":{\"@id\":\"https:\/\/vestibulares.estrategia.com\/portal\/enem-e-vestibulares\/sisu\/notas-de-corte-ufrb\/#primaryimage\"},\"thumbnailUrl\":\"https:\/\/vestibulares.estrategia.com\/portal\/wp-content\/uploads\/2024\/04\/notas-de-corte-ufrb.jpg\",\"datePublished\":\"2024-04-24T18:44:12+00:00\",\"dateModified\":\"2025-12-17T21:14:04+00:00\",\"description\":\"Ao todo, a institui\u00e7\u00e3o admitiu 2.720 novos estudantes no primeiro semestre de 2024; confira a concorr\u00eancia completa\",\"breadcrumb\":{\"@id\":\"https:\/\/vestibulares.estrategia.com\/portal\/enem-e-vestibulares\/sisu\/notas-de-corte-ufrb\/#breadcrumb\"},\"inLanguage\":\"pt-BR\",\"potentialAction\":[{\"@type\":\"ReadAction\",\"target\":[\"https:\/\/vestibulares.estrategia.com\/portal\/enem-e-vestibulares\/sisu\/notas-de-corte-ufrb\/\"]}]},{\"@type\":\"ImageObject\",\"inLanguage\":\"pt-BR\",\"@id\":\"https:\/\/vestibulares.estrategia.com\/portal\/enem-e-vestibulares\/sisu\/notas-de-corte-ufrb\/#primaryimage\",\"url\":\"https:\/\/vestibulares.estrategia.com\/portal\/wp-content\/uploads\/2024\/04\/notas-de-corte-ufrb.jpg\",\"contentUrl\":\"https:\/\/vestibulares.estrategia.com\/portal\/wp-content\/uploads\/2024\/04\/notas-de-corte-ufrb.jpg\",\"width\":1200,\"height\":630,\"caption\":\"Vista a\u00e9rea do Centro de Forma\u00e7\u00e3o de Professores, na cidade de Amargosa. \/ Foto: Divulga\u00e7\u00e3o\"},{\"@type\":\"BreadcrumbList\",\"@id\":\"https:\/\/vestibulares.estrategia.com\/portal\/enem-e-vestibulares\/sisu\/notas-de-corte-ufrb\/#breadcrumb\",\"itemListElement\":[{\"@type\":\"ListItem\",\"position\":1,\"name\":\"Home\",\"item\":\"https:\/\/vestibulares.estrategia.com\/portal\/\"},{\"@type\":\"ListItem\",\"position\":2,\"name\":\"Enem e Vestibulares\",\"item\":\"https:\/\/vestibulares.estrategia.com\/portal\/enem-e-vestibulares\/\"},{\"@type\":\"ListItem\",\"position\":3,\"name\":\"Sisu\",\"item\":\"https:\/\/vestibulares.estrategia.com\/portal\/enem-e-vestibulares\/sisu\/\"},{\"@type\":\"ListItem\",\"position\":4,\"name\":\"Notas de corte da UFRB no Sisu: saiba a nota m\u00ednima para ingresso\"}]},{\"@type\":\"WebSite\",\"@id\":\"https:\/\/vestibulares.estrategia.com\/portal\/#website\",\"url\":\"https:\/\/vestibulares.estrategia.com\/portal\/\",\"name\":\"Estrat\u00e9gia Vestibulares\",\"description\":\"\",\"publisher\":{\"@id\":\"https:\/\/vestibulares.estrategia.com\/portal\/#organization\"},\"potentialAction\":[{\"@type\":\"SearchAction\",\"target\":{\"@type\":\"EntryPoint\",\"urlTemplate\":\"https:\/\/vestibulares.estrategia.com\/portal\/?s={search_term_string}\"},\"query-input\":{\"@type\":\"PropertyValueSpecification\",\"valueRequired\":true,\"valueName\":\"search_term_string\"}}],\"inLanguage\":\"pt-BR\"},{\"@type\":\"Organization\",\"@id\":\"https:\/\/vestibulares.estrategia.com\/portal\/#organization\",\"name\":\"Estrat\u00e9gia Vestibulares\",\"url\":\"https:\/\/vestibulares.estrategia.com\/portal\/\",\"logo\":{\"@type\":\"ImageObject\",\"inLanguage\":\"pt-BR\",\"@id\":\"https:\/\/vestibulares.estrategia.com\/portal\/#\/schema\/logo\/image\/\",\"url\":\"https:\/\/vestibulares.estrategia.com\/portal\/wp-content\/uploads\/2021\/06\/Logo-Vestibulares@4x.png\",\"contentUrl\":\"https:\/\/vestibulares.estrategia.com\/portal\/wp-content\/uploads\/2021\/06\/Logo-Vestibulares@4x.png\",\"width\":250,\"height\":66,\"caption\":\"Estrat\u00e9gia Vestibulares\"},\"image\":{\"@id\":\"https:\/\/vestibulares.estrategia.com\/portal\/#\/schema\/logo\/image\/\"},\"sameAs\":[\"https:\/\/facebook.com\/estrategiavestibulares\",\"https:\/\/x.com\/Estrategiavest\",\"https:\/\/www.instagram.com\/estrategiavestibulares\",\"https:\/\/www.youtube.com\/channel\/UCGWdZy8ULI-7_5GrABa4vNA\"]},{\"@type\":\"Person\",\"@id\":\"https:\/\/vestibulares.estrategia.com\/portal\/#\/schema\/person\/cdd941dcf53839374c0bc8d39bb0230f\",\"name\":\"Beatriz Santana\",\"image\":{\"@type\":\"ImageObject\",\"inLanguage\":\"pt-BR\",\"@id\":\"https:\/\/vestibulares.estrategia.com\/portal\/#\/schema\/person\/image\/\",\"url\":\"https:\/\/vestibulares.estrategia.com\/portal\/wp-content\/uploads\/2022\/01\/WhatsApp-Image-2021-10-21-at-10.19.09-1-150x150.webp\",\"contentUrl\":\"https:\/\/vestibulares.estrategia.com\/portal\/wp-content\/uploads\/2022\/01\/WhatsApp-Image-2021-10-21-at-10.19.09-1-150x150.webp\",\"caption\":\"Beatriz Santana\"},\"description\":\"Jornalista formada pela Unesp\",\"url\":\"https:\/\/vestibulares.estrategia.com\/portal\/author\/beatriz-santana\/\"}]}<\/script>\n<!-- \/ Yoast SEO Premium plugin. -->","yoast_head_json":{"title":"Notas de corte da UFRB no Sisu: saiba a nota m\u00ednima para ingresso","description":"Ao todo, a institui\u00e7\u00e3o admitiu 2.720 novos estudantes no primeiro semestre de 2024; confira a concorr\u00eancia completa","robots":{"index":"index","follow":"follow","max-snippet":"max-snippet:-1","max-image-preview":"max-image-preview:large","max-video-preview":"max-video-preview:-1"},"canonical":"https:\/\/vestibulares.estrategia.com\/portal\/enem-e-vestibulares\/sisu\/notas-de-corte-ufrb\/","og_locale":"pt_BR","og_type":"article","og_title":"Notas de corte da UFRB no Sisu: saiba a nota m\u00ednima para ingresso","og_description":"Ao todo, a institui\u00e7\u00e3o admitiu 2.720 novos estudantes no primeiro semestre de 2024; confira a concorr\u00eancia completa","og_url":"https:\/\/vestibulares.estrategia.com\/portal\/enem-e-vestibulares\/sisu\/notas-de-corte-ufrb\/","og_site_name":"Estrat\u00e9gia Vestibulares","article_publisher":"https:\/\/facebook.com\/estrategiavestibulares","article_published_time":"2024-04-24T18:44:12+00:00","article_modified_time":"2025-12-17T21:14:04+00:00","og_image":[{"width":1200,"height":630,"url":"https:\/\/vestibulares.estrategia.com\/portal\/wp-content\/uploads\/2024\/04\/notas-de-corte-ufrb.jpg","type":"image\/jpeg"}],"author":"Beatriz Santana","twitter_card":"summary_large_image","twitter_creator":"@Estrategiavest","twitter_site":"@Estrategiavest","twitter_misc":{"Escrito por":"Beatriz Santana","Est. tempo de leitura":"7 minutos"},"schema":{"@context":"https:\/\/schema.org","@graph":[{"@type":"Article","@id":"https:\/\/vestibulares.estrategia.com\/portal\/enem-e-vestibulares\/sisu\/notas-de-corte-ufrb\/#article","isPartOf":{"@id":"https:\/\/vestibulares.estrategia.com\/portal\/enem-e-vestibulares\/sisu\/notas-de-corte-ufrb\/"},"author":{"name":"Beatriz Santana","@id":"https:\/\/vestibulares.estrategia.com\/portal\/#\/schema\/person\/cdd941dcf53839374c0bc8d39bb0230f"},"headline":"Notas de corte da UFRB no Sisu: saiba a nota m\u00ednima para ingresso","datePublished":"2024-04-24T18:44:12+00:00","dateModified":"2025-12-17T21:14:04+00:00","mainEntityOfPage":{"@id":"https:\/\/vestibulares.estrategia.com\/portal\/enem-e-vestibulares\/sisu\/notas-de-corte-ufrb\/"},"wordCount":1457,"publisher":{"@id":"https:\/\/vestibulares.estrategia.com\/portal\/#organization"},"image":{"@id":"https:\/\/vestibulares.estrategia.com\/portal\/enem-e-vestibulares\/sisu\/notas-de-corte-ufrb\/#primaryimage"},"thumbnailUrl":"https:\/\/vestibulares.estrategia.com\/portal\/wp-content\/uploads\/2024\/04\/notas-de-corte-ufrb.jpg","articleSection":["Sisu"],"inLanguage":"pt-BR"},{"@type":"WebPage","@id":"https:\/\/vestibulares.estrategia.com\/portal\/enem-e-vestibulares\/sisu\/notas-de-corte-ufrb\/","url":"https:\/\/vestibulares.estrategia.com\/portal\/enem-e-vestibulares\/sisu\/notas-de-corte-ufrb\/","name":"Notas de corte da UFRB no Sisu: saiba a nota m\u00ednima para ingresso","isPartOf":{"@id":"https:\/\/vestibulares.estrategia.com\/portal\/#website"},"primaryImageOfPage":{"@id":"https:\/\/vestibulares.estrategia.com\/portal\/enem-e-vestibulares\/sisu\/notas-de-corte-ufrb\/#primaryimage"},"image":{"@id":"https:\/\/vestibulares.estrategia.com\/portal\/enem-e-vestibulares\/sisu\/notas-de-corte-ufrb\/#primaryimage"},"thumbnailUrl":"https:\/\/vestibulares.estrategia.com\/portal\/wp-content\/uploads\/2024\/04\/notas-de-corte-ufrb.jpg","datePublished":"2024-04-24T18:44:12+00:00","dateModified":"2025-12-17T21:14:04+00:00","description":"Ao todo, a institui\u00e7\u00e3o admitiu 2.720 novos estudantes no primeiro semestre de 2024; confira a concorr\u00eancia completa","breadcrumb":{"@id":"https:\/\/vestibulares.estrategia.com\/portal\/enem-e-vestibulares\/sisu\/notas-de-corte-ufrb\/#breadcrumb"},"inLanguage":"pt-BR","potentialAction":[{"@type":"ReadAction","target":["https:\/\/vestibulares.estrategia.com\/portal\/enem-e-vestibulares\/sisu\/notas-de-corte-ufrb\/"]}]},{"@type":"ImageObject","inLanguage":"pt-BR","@id":"https:\/\/vestibulares.estrategia.com\/portal\/enem-e-vestibulares\/sisu\/notas-de-corte-ufrb\/#primaryimage","url":"https:\/\/vestibulares.estrategia.com\/portal\/wp-content\/uploads\/2024\/04\/notas-de-corte-ufrb.jpg","contentUrl":"https:\/\/vestibulares.estrategia.com\/portal\/wp-content\/uploads\/2024\/04\/notas-de-corte-ufrb.jpg","width":1200,"height":630,"caption":"Vista a\u00e9rea do Centro de Forma\u00e7\u00e3o de Professores, na cidade de Amargosa. \/ Foto: Divulga\u00e7\u00e3o"},{"@type":"BreadcrumbList","@id":"https:\/\/vestibulares.estrategia.com\/portal\/enem-e-vestibulares\/sisu\/notas-de-corte-ufrb\/#breadcrumb","itemListElement":[{"@type":"ListItem","position":1,"name":"Home","item":"https:\/\/vestibulares.estrategia.com\/portal\/"},{"@type":"ListItem","position":2,"name":"Enem e Vestibulares","item":"https:\/\/vestibulares.estrategia.com\/portal\/enem-e-vestibulares\/"},{"@type":"ListItem","position":3,"name":"Sisu","item":"https:\/\/vestibulares.estrategia.com\/portal\/enem-e-vestibulares\/sisu\/"},{"@type":"ListItem","position":4,"name":"Notas de corte da UFRB no Sisu: saiba a nota m\u00ednima para ingresso"}]},{"@type":"WebSite","@id":"https:\/\/vestibulares.estrategia.com\/portal\/#website","url":"https:\/\/vestibulares.estrategia.com\/portal\/","name":"Estrat\u00e9gia Vestibulares","description":"","publisher":{"@id":"https:\/\/vestibulares.estrategia.com\/portal\/#organization"},"potentialAction":[{"@type":"SearchAction","target":{"@type":"EntryPoint","urlTemplate":"https:\/\/vestibulares.estrategia.com\/portal\/?s={search_term_string}"},"query-input":{"@type":"PropertyValueSpecification","valueRequired":true,"valueName":"search_term_string"}}],"inLanguage":"pt-BR"},{"@type":"Organization","@id":"https:\/\/vestibulares.estrategia.com\/portal\/#organization","name":"Estrat\u00e9gia Vestibulares","url":"https:\/\/vestibulares.estrategia.com\/portal\/","logo":{"@type":"ImageObject","inLanguage":"pt-BR","@id":"https:\/\/vestibulares.estrategia.com\/portal\/#\/schema\/logo\/image\/","url":"https:\/\/vestibulares.estrategia.com\/portal\/wp-content\/uploads\/2021\/06\/Logo-Vestibulares@4x.png","contentUrl":"https:\/\/vestibulares.estrategia.com\/portal\/wp-content\/uploads\/2021\/06\/Logo-Vestibulares@4x.png","width":250,"height":66,"caption":"Estrat\u00e9gia Vestibulares"},"image":{"@id":"https:\/\/vestibulares.estrategia.com\/portal\/#\/schema\/logo\/image\/"},"sameAs":["https:\/\/facebook.com\/estrategiavestibulares","https:\/\/x.com\/Estrategiavest","https:\/\/www.instagram.com\/estrategiavestibulares","https:\/\/www.youtube.com\/channel\/UCGWdZy8ULI-7_5GrABa4vNA"]},{"@type":"Person","@id":"https:\/\/vestibulares.estrategia.com\/portal\/#\/schema\/person\/cdd941dcf53839374c0bc8d39bb0230f","name":"Beatriz Santana","image":{"@type":"ImageObject","inLanguage":"pt-BR","@id":"https:\/\/vestibulares.estrategia.com\/portal\/#\/schema\/person\/image\/","url":"https:\/\/vestibulares.estrategia.com\/portal\/wp-content\/uploads\/2022\/01\/WhatsApp-Image-2021-10-21-at-10.19.09-1-150x150.webp","contentUrl":"https:\/\/vestibulares.estrategia.com\/portal\/wp-content\/uploads\/2022\/01\/WhatsApp-Image-2021-10-21-at-10.19.09-1-150x150.webp","caption":"Beatriz Santana"},"description":"Jornalista formada pela Unesp","url":"https:\/\/vestibulares.estrategia.com\/portal\/author\/beatriz-santana\/"}]}},"_wl_alt_label":[],"wl:entity_url":"https:\/\/data.wordlift.io\/wl110249\/post\/notas-de-corte-ufrb","_links":{"self":[{"href":"https:\/\/vestibulares.estrategia.com\/portal\/wp-json\/wp\/v2\/posts\/116395","targetHints":{"allow":["GET"]}}],"collection":[{"href":"https:\/\/vestibulares.estrategia.com\/portal\/wp-json\/wp\/v2\/posts"}],"about":[{"href":"https:\/\/vestibulares.estrategia.com\/portal\/wp-json\/wp\/v2\/types\/post"}],"author":[{"embeddable":true,"href":"https:\/\/vestibulares.estrategia.com\/portal\/wp-json\/wp\/v2\/users\/48"}],"replies":[{"embeddable":true,"href":"https:\/\/vestibulares.estrategia.com\/portal\/wp-json\/wp\/v2\/comments?post=116395"}],"version-history":[{"count":4,"href":"https:\/\/vestibulares.estrategia.com\/portal\/wp-json\/wp\/v2\/posts\/116395\/revisions"}],"predecessor-version":[{"id":152111,"href":"https:\/\/vestibulares.estrategia.com\/portal\/wp-json\/wp\/v2\/posts\/116395\/revisions\/152111"}],"wp:featuredmedia":[{"embeddable":true,"href":"https:\/\/vestibulares.estrategia.com\/portal\/wp-json\/wp\/v2\/media\/116396"}],"wp:attachment":[{"href":"https:\/\/vestibulares.estrategia.com\/portal\/wp-json\/wp\/v2\/media?parent=116395"}],"wp:term":[{"taxonomy":"category","embeddable":true,"href":"https:\/\/vestibulares.estrategia.com\/portal\/wp-json\/wp\/v2\/categories?post=116395"},{"taxonomy":"post_tag","embeddable":true,"href":"https:\/\/vestibulares.estrategia.com\/portal\/wp-json\/wp\/v2\/tags?post=116395"},{"taxonomy":"wl_entity_type","embeddable":true,"href":"https:\/\/vestibulares.estrategia.com\/portal\/wp-json\/wp\/v2\/wl_entity_type?post=116395"}],"curies":[{"name":"wp","href":"https:\/\/api.w.org\/{rel}","templated":true}]}}