{"id":116830,"date":"2024-04-30T17:53:35","date_gmt":"2024-04-30T20:53:35","guid":{"rendered":"https:\/\/vestibulares.estrategia.com\/portal\/?p=116830"},"modified":"2025-10-28T12:00:26","modified_gmt":"2025-10-28T15:00:26","slug":"dia-da-literatura-brasileira-15-citacoes-de-autores-nacionais-para-usar-na-redacao","status":"publish","type":"post","link":"https:\/\/vestibulares.estrategia.com\/portal\/materias\/redacao\/dia-da-literatura-brasileira-15-citacoes-de-autores-nacionais-para-usar-na-redacao\/","title":{"rendered":"Dia da literatura brasileira: 15 cita\u00e7\u00f5es de autores nacionais para usar na reda\u00e7\u00e3o"},"content":{"rendered":"<p>O anivers&aacute;rio do escritor Jos&eacute; de Alencar &eacute; a motiva&ccedil;&atilde;o na escolha do dia 1&ordm; de maio para celebrar o Dia da Literatura Brasileira. O objetivo da comemora&ccedil;&atilde;o &eacute; destacar a import&acirc;ncia da nossa literatura, incentivando a leitura de autores nacionais.<p>Jos&eacute; de Alencar nasceu em 1&ordm; de maio de 1829 na cidade de Messejana, no estado do Cear&aacute;, e foi jornalista, pol&iacute;tico e advogado, al&eacute;m de escritor. &Eacute; tido como um dos principais nomes do romantismo brasileiro, com obras de car&aacute;ter regionalistas, hist&oacute;ricas, urbanas e tamb&eacute;m indianistas. &Eacute; o autor de livros como &ldquo;O Guarani&rdquo;, &ldquo;Luc&iacute;ola&rdquo;, &ldquo;Iracema&rdquo; e &ldquo;Senhora&rdquo;.<\/p><p>Para comemorar a data, al&eacute;m de ressaltar o valor e a import&acirc;ncia da literatura do Pa&iacute;s, separamos cita&ccedil;&otilde;es de 15 autores brasileiros que podem ser usadas nas reda&ccedil;&otilde;es e como repert&oacute;rio sociocultural. Acompanhe abaixo.<\/p><p>\n\n\n\n<div class=\"cta-medio\" style=\"background-image: url(https:\/\/vestibulares.estrategia.com\/portal\/wp-content\/uploads\/2024\/08\/curso-enem-1-estrategia-vestibulares-ctamedio.jpg);\"><h3>Pacote Enem TOP <\/h3> <p>Estude com o Estrat\u00e9gia Vestibulares<\/p><div class=\"cta-botao\"><a id=\"cta-medio\" href=\"https:\/\/vestibulares.estrategia.com\/curso\/enem-top\/\" target=\"_blank\" style=\"background:rgb(255,150,0)\">Saiba mais<\/a><\/div><\/div>\n\n\n\n<\/p><div id=\"ez-toc-container\" class=\"ez-toc-v2_0_76 counter-hierarchy ez-toc-counter ez-toc-transparent ez-toc-container-direction\">\n<div class=\"ez-toc-title-container\"><p class=\"ez-toc-title\" style=\"cursor:inherit\">Navegue pelo conte\u00fado<\/p>\n<\/div><nav><ul class='ez-toc-list ez-toc-list-level-1 ' ><li class='ez-toc-page-1 ez-toc-heading-level-2'><a class=\"ez-toc-link ez-toc-heading-1\" href=\"https:\/\/vestibulares.estrategia.com\/portal\/materias\/redacao\/dia-da-literatura-brasileira-15-citacoes-de-autores-nacionais-para-usar-na-redacao\/#Machado-de-Assis\" >Machado de Assis<\/a><\/li><li class='ez-toc-page-1 ez-toc-heading-level-2'><a class=\"ez-toc-link ez-toc-heading-2\" href=\"https:\/\/vestibulares.estrategia.com\/portal\/materias\/redacao\/dia-da-literatura-brasileira-15-citacoes-de-autores-nacionais-para-usar-na-redacao\/#Clarice-Lispector\" >Clarice Lispector<\/a><\/li><li class='ez-toc-page-1 ez-toc-heading-level-2'><a class=\"ez-toc-link ez-toc-heading-3\" href=\"https:\/\/vestibulares.estrategia.com\/portal\/materias\/redacao\/dia-da-literatura-brasileira-15-citacoes-de-autores-nacionais-para-usar-na-redacao\/#Carolina-Maria-de-Jesus\" >Carolina Maria de Jesus<\/a><\/li><li class='ez-toc-page-1 ez-toc-heading-level-2'><a class=\"ez-toc-link ez-toc-heading-4\" href=\"https:\/\/vestibulares.estrategia.com\/portal\/materias\/redacao\/dia-da-literatura-brasileira-15-citacoes-de-autores-nacionais-para-usar-na-redacao\/#Jorge-Amado\" >Jorge Amado<\/a><\/li><li class='ez-toc-page-1 ez-toc-heading-level-2'><a class=\"ez-toc-link ez-toc-heading-5\" href=\"https:\/\/vestibulares.estrategia.com\/portal\/materias\/redacao\/dia-da-literatura-brasileira-15-citacoes-de-autores-nacionais-para-usar-na-redacao\/#Carlos-Drummond-de-Andrade\" >Carlos Drummond de Andrade<\/a><\/li><li class='ez-toc-page-1 ez-toc-heading-level-2'><a class=\"ez-toc-link ez-toc-heading-6\" href=\"https:\/\/vestibulares.estrategia.com\/portal\/materias\/redacao\/dia-da-literatura-brasileira-15-citacoes-de-autores-nacionais-para-usar-na-redacao\/#Graciliano-Ramos\" >Graciliano Ramos<\/a><\/li><li class='ez-toc-page-1 ez-toc-heading-level-2'><a class=\"ez-toc-link ez-toc-heading-7\" href=\"https:\/\/vestibulares.estrategia.com\/portal\/materias\/redacao\/dia-da-literatura-brasileira-15-citacoes-de-autores-nacionais-para-usar-na-redacao\/#Julia-Lopes-de-Almeida\" >J&uacute;lia Lopes de Almeida<\/a><\/li><li class='ez-toc-page-1 ez-toc-heading-level-2'><a class=\"ez-toc-link ez-toc-heading-8\" href=\"https:\/\/vestibulares.estrategia.com\/portal\/materias\/redacao\/dia-da-literatura-brasileira-15-citacoes-de-autores-nacionais-para-usar-na-redacao\/#Luis-Fernando-Verissimo\" >Luis Fernando Ver&iacute;ssimo<\/a><\/li><li class='ez-toc-page-1 ez-toc-heading-level-2'><a class=\"ez-toc-link ez-toc-heading-9\" href=\"https:\/\/vestibulares.estrategia.com\/portal\/materias\/redacao\/dia-da-literatura-brasileira-15-citacoes-de-autores-nacionais-para-usar-na-redacao\/#Conceicao-Evaristo\" >Concei&ccedil;&atilde;o Evaristo<\/a><\/li><li class='ez-toc-page-1 ez-toc-heading-level-2'><a class=\"ez-toc-link ez-toc-heading-10\" href=\"https:\/\/vestibulares.estrategia.com\/portal\/materias\/redacao\/dia-da-literatura-brasileira-15-citacoes-de-autores-nacionais-para-usar-na-redacao\/#Mario-Quintana\" >M&aacute;rio Quintana<\/a><\/li><li class='ez-toc-page-1 ez-toc-heading-level-2'><a class=\"ez-toc-link ez-toc-heading-11\" href=\"https:\/\/vestibulares.estrategia.com\/portal\/materias\/redacao\/dia-da-literatura-brasileira-15-citacoes-de-autores-nacionais-para-usar-na-redacao\/#Guimaraes-Rosa\" >Guimar&atilde;es Rosa<\/a><\/li><li class='ez-toc-page-1 ez-toc-heading-level-2'><a class=\"ez-toc-link ez-toc-heading-12\" href=\"https:\/\/vestibulares.estrategia.com\/portal\/materias\/redacao\/dia-da-literatura-brasileira-15-citacoes-de-autores-nacionais-para-usar-na-redacao\/#Ariano-Suassuna\" >Ariano Suassuna<\/a><\/li><li class='ez-toc-page-1 ez-toc-heading-level-2'><a class=\"ez-toc-link ez-toc-heading-13\" href=\"https:\/\/vestibulares.estrategia.com\/portal\/materias\/redacao\/dia-da-literatura-brasileira-15-citacoes-de-autores-nacionais-para-usar-na-redacao\/#Cora-Coralina\" >Cora Coralina<\/a><\/li><li class='ez-toc-page-1 ez-toc-heading-level-2'><a class=\"ez-toc-link ez-toc-heading-14\" href=\"https:\/\/vestibulares.estrategia.com\/portal\/materias\/redacao\/dia-da-literatura-brasileira-15-citacoes-de-autores-nacionais-para-usar-na-redacao\/#Lygia-Fagundes-Telles\" >Lygia Fagundes Telles<\/a><\/li><li class='ez-toc-page-1 ez-toc-heading-level-2'><a class=\"ez-toc-link ez-toc-heading-15\" href=\"https:\/\/vestibulares.estrategia.com\/portal\/materias\/redacao\/dia-da-literatura-brasileira-15-citacoes-de-autores-nacionais-para-usar-na-redacao\/#Jose-de-Alencar\" >Jos&eacute; de Alencar<\/a><\/li><li class='ez-toc-page-1 ez-toc-heading-level-2'><a class=\"ez-toc-link ez-toc-heading-16\" href=\"https:\/\/vestibulares.estrategia.com\/portal\/materias\/redacao\/dia-da-literatura-brasileira-15-citacoes-de-autores-nacionais-para-usar-na-redacao\/#Confira-mais-citacoes\" >Confira mais cita&ccedil;&otilde;es<\/a><\/li><li class='ez-toc-page-1 ez-toc-heading-level-2'><a class=\"ez-toc-link ez-toc-heading-17\" href=\"https:\/\/vestibulares.estrategia.com\/portal\/materias\/redacao\/dia-da-literatura-brasileira-15-citacoes-de-autores-nacionais-para-usar-na-redacao\/#Prepare-se-para-a-redacao-com-o-Estrategia-Vestibulares\" >Prepare-se para a reda&ccedil;&atilde;o com o Estrat&eacute;gia Vestibulares<\/a><\/li><\/ul><\/nav><\/div>\n<h2 class=\"wp-block-heading\" id=\"h-machado-de-assis\"><span class=\"ez-toc-section\" id=\"Machado-de-Assis\"><\/span>Machado de Assis<span class=\"ez-toc-section-end\"><\/span><\/h2><p>&ldquo;Antes do poeta mostra-se o homem, antes do talento o car&aacute;ter.&rdquo; &mdash; Machado de Assis, em &ldquo;Coment&aacute;rios da Semana.&rdquo;, Di&aacute;rio do Rio de Janeiro, 26 de janeiro de 1862.<\/p><h2 class=\"wp-block-heading\" id=\"h-clarice-lispector\"><span class=\"ez-toc-section\" id=\"Clarice-Lispector\"><\/span>Clarice Lispector<span class=\"ez-toc-section-end\"><\/span><\/h2><p>&ldquo;Mas existe um grande, o maior obst&aacute;culo, para eu ir adiante: eu mesma. Tenho sido a maior dificuldade no meu caminho. &Eacute; com enorme esfor&ccedil;o que consigo me sobrepor a mim mesma.&rdquo; &mdash; Clarice Lispector, Uma Aprendizagem ou o Livro dos Prazeres, 1969.<\/p><p><a href=\"https:\/\/vestibulares.estrategia.com\/portal\/materias\/redacao\/47-citacoes-de-clarice-lispector-para-usar-na-redacao-e-como-repertorio-sociocultural\/\">+ 47 cita&ccedil;&otilde;es de Clarice Lispector para usar na reda&ccedil;&atilde;o e como repert&oacute;rio sociocultural<\/a><\/p><h2 class=\"wp-block-heading\" id=\"h-carolina-maria-de-jesus\"><span class=\"ez-toc-section\" id=\"Carolina-Maria-de-Jesus\"><\/span>Carolina Maria de Jesus<span class=\"ez-toc-section-end\"><\/span><\/h2><p>&ldquo;Quem governa o nosso pa&iacute;s &eacute; quem tem dinheiro, quem n&atilde;o sabe o que &eacute; a dor e a afli&ccedil;&atilde;o do pobre.&rdquo; &mdash; Carolina Maria de Jesus, Quarto de Despejo, 1960.<\/p><p><a href=\"https:\/\/vestibulares.estrategia.com\/portal\/materias\/redacao\/citacoes-carolina-maria-de-jesus\/\">+ 7 cita&ccedil;&otilde;es de Carolina Maria de Jesus para usar na reda&ccedil;&atilde;o<\/a><\/p><h2 class=\"wp-block-heading\" id=\"h-jorge-amado\"><span class=\"ez-toc-section\" id=\"Jorge-Amado\"><\/span>Jorge Amado<span class=\"ez-toc-section-end\"><\/span><\/h2><p>&ldquo;Mais poderoso &eacute; o povo que supera e vence as limita&ccedil;&otilde;es.&rdquo; &mdash; Jorge Amado no discurso de agradecimento pelo t&iacute;tulo de Doutor Honoris Causa, cedido ao escritor pela Universidade Federal da Bahia (UFBA), 1980.<\/p><h2 class=\"wp-block-heading\" id=\"h-carlos-drummond-de-andrade\"><span class=\"ez-toc-section\" id=\"Carlos-Drummond-de-Andrade\"><\/span>Carlos Drummond de Andrade<span class=\"ez-toc-section-end\"><\/span><\/h2><p>&ldquo;A liberdade &eacute; defendida com discursos e atacada com metralhadoras.&rdquo; &mdash; Carlos Drummond de Andrade em O Avesso das Coisas, 1990.<\/p><h2 class=\"wp-block-heading\" id=\"h-graciliano-ramos\"><span class=\"ez-toc-section\" id=\"Graciliano-Ramos\"><\/span>Graciliano Ramos<span class=\"ez-toc-section-end\"><\/span><\/h2><p>&ldquo;Fiz coisas boas que me trouxeram preju&iacute;zos; fiz coisas ruins que me deram lucro.&rdquo; &mdash; Graciliano Ramos em S&atilde;o Bernardo, 1934.<\/p><p>\n\n\n\n<div id=\"new-form\">\n\t<form id=\"forms_layout\">\n\t<input type=\"hidden\" id=\"chave_de\" name=\"chave_de\" value=\"01_EVEST_LEADS_TOTAIS\" \/>\n\t\t<input type=\"hidden\" id=\"mid\" name=\"mid\" value=\"515008983\" \/>\n\t\t<input type=\"hidden\" id=\"Objetivo\" name=\"Objetivo\" value=\"Vestibulares\" \/>\n\t\t<input type=\"hidden\" id=\"Estado_de_Origem_do_IP\" name=\"Estado_de_Origem_do_IP\"  value=\"\" \/>\n\t\t<input type=\"hidden\" id=\"Cidade_de_Origem_do_IP\" name=\"Cidade_de_Origem_do_IP\" value=\"\" \/>\n\t\t<input type=\"hidden\" id=\"Modo_de_entrada\" name=\"Modo_de_entrada\" value=\"Portal\" \/>\n\t\t<input type=\"hidden\" id=\"Pagina_Origem\" name=\"Pagina_Origem\" value=\"\" \/>\n\n\t\t<div class=\"texto\">\n\t\t\t<h3 class=\"news\">Inscreva-se em nossa newsletter\ud83e\udd89<\/h3>\n\t\t\t<p>Receba dicas de estudo gratuitas e saiba em primeira m\u00e3o as novidades sobre o Enem, Sisu, Encceja, Fuvest e outros vestibulares!<\/p>\n\t\t<\/div>\n\t\t<div class=\"campos\">\n\t\t\t<div class=\"first_name labels\">\n\t\t\t\t<input type=\"text\" class=\"input_labels\" id=\"first_name\" name=\"Nome_Completo\" placeholder=\"Nome\" required \/>\n\t\t\t<\/div>\n\t\t\t<div class=\"email labels\">\n\t\t\t\t<input type=\"email\" class=\"input_labels\" id=\"email\" name=\"Email\" placeholder=\"E-mail\" required \/>\n\t\t\t<\/div>\n\t\t\t<button type=\"submit\" class=\"button_layout\">\n\t\t\t\t<div id=\"lblBotao\">Inscreva-se<\/div>\n\t\t\t\t<span id=\"divSpiner\" class=\"loader\" role=\"status\" style=\"display: none;\"><\/span>\t\n\t\t\t<\/button>\n\t\t<\/div><!-- \/campos -->\n\t\t\n\t\t<label class=\"container_checkbox\">Voc\u00ea concorda com a nossa\n\t\t\t<a class=\"politics_privacy_ahref\" target=\"_blank\" href=\"https:\/\/gratis.estrategiaconcursos.com.br\/politica-de-privacidade\/\">Pol\u00edtica de Privacidade<\/a> e aceita receber informa\u00e7\u00f5es adicionais do Estrat\u00e9gia Educacional.\n\t\t\t<input id=\"checkbox_layout\" type=\"checkbox\" checked=\"checked\" required \/>\n\t\t\t<span class=\"checkbox\"><\/span>\n\t\t<\/label>\n\t\t<div id=\"msg\"><\/div>\n\t\t<div id=\"error\" class=\"error\">\n\t\t<\/div>\n\t<\/form>\n<\/div><!-- \/new-form -->\n\n\n\n<\/p><h2 class=\"wp-block-heading\" id=\"h-julia-lopes-de-almeida\"><span class=\"ez-toc-section\" id=\"Julia-Lopes-de-Almeida\"><\/span>J&uacute;lia Lopes de Almeida<span class=\"ez-toc-section-end\"><\/span><\/h2><p>&ldquo;Dera-se todo &agrave; deusa da fortuna, sem perceber que lhe sacrificava a melhor parte da vida.&rdquo; &mdash; J&uacute;lia Lopes de Almeida em A Fal&ecirc;ncia, 1901.<\/p><h2 class=\"wp-block-heading\" id=\"h-luis-fernando-verissimo\"><span class=\"ez-toc-section\" id=\"Luis-Fernando-Verissimo\"><\/span>Luis Fernando Ver&iacute;ssimo<span class=\"ez-toc-section-end\"><\/span><\/h2><p>&ldquo;Tem muita gente honesta neste pa&iacute;s. S&oacute; n&atilde;o se identificam para n&atilde;o ficar de fora se aparecer um bom neg&oacute;cio.&rdquo; &mdash; Luis Fernando Ver&iacute;ssimo.<\/p><h2 class=\"wp-block-heading\" id=\"h-conceicao-evaristo\"><span class=\"ez-toc-section\" id=\"Conceicao-Evaristo\"><\/span>Concei&ccedil;&atilde;o Evaristo<span class=\"ez-toc-section-end\"><\/span><\/h2><p>&rdquo;O importante n&atilde;o &eacute; ser o primeiro ou primeira, o importante &eacute; abrir caminhos.&rdquo; &mdash; Concei&ccedil;&atilde;o Evaristo em entrevista para o programa Roda Viva, 2021.<\/p><p><a href=\"https:\/\/vestibulares.estrategia.com\/portal\/materias\/redacao\/9-citacoes-de-conceicao-evaristo-para-usar-na-redacao\/\">+ 9 cita&ccedil;&otilde;es de Concei&ccedil;&atilde;o Evaristo para usar na reda&ccedil;&atilde;o<\/a><\/p><h2 class=\"wp-block-heading\" id=\"h-mario-quintana\"><span class=\"ez-toc-section\" id=\"Mario-Quintana\"><\/span>M&aacute;rio Quintana<span class=\"ez-toc-section-end\"><\/span><\/h2><p>&ldquo;O livro traz a vantagem de a gente poder estar s&oacute; e ao mesmo tempo acompanhado.&rdquo; &mdash; M&aacute;rio Quintana em Caderno H, 2013.<\/p><h2 class=\"wp-block-heading\" id=\"h-guimaraes-rosa\"><span class=\"ez-toc-section\" id=\"Guimaraes-Rosa\"><\/span>Guimar&atilde;es Rosa<span class=\"ez-toc-section-end\"><\/span><\/h2><p>&ldquo;Infelicidade &eacute; uma quest&atilde;o de prefixo.&rdquo; &mdash; Guimar&atilde;es Rosa em Pequenas Felicidades, 2012.<\/p><h2 class=\"wp-block-heading\" id=\"h-ariano-suassuna\"><span class=\"ez-toc-section\" id=\"Ariano-Suassuna\"><\/span>Ariano Suassuna<span class=\"ez-toc-section-end\"><\/span><\/h2><p>&ldquo;Nunca olhei a internet. A velocidade da comunica&ccedil;&atilde;o n&atilde;o &eacute; coisa boa. Arte exige vagar e e dedica&ccedil;&atilde;o exclusiva.(&hellip;) Infelizmente, no territ&oacute;rio da arte, n&atilde;o existe democracia. Nem pode existir. Cervantes s&oacute; existe um. Ningu&eacute;m chega a ele atrav&eacute;s do computador.&rdquo; &mdash; Ariano Suassuna em entrevista ao jornal Folha de S. Paulo, 28 de julho de 2012.<\/p><h2 class=\"wp-block-heading\" id=\"h-cora-coralina\"><span class=\"ez-toc-section\" id=\"Cora-Coralina\"><\/span>Cora Coralina<span class=\"ez-toc-section-end\"><\/span><\/h2><p>&ldquo;Feliz aquele que transfere o que sabe e aprende o que ensina.&rdquo; &mdash; Trecho do poema &ldquo;Exalta&ccedil;&atilde;o de Aninha&rdquo;, publicado no livro Vint&eacute;m de Cobre: Meias Confiss&otilde;es de Aninha, 1997 de Cora Coralina.<\/p><h2 class=\"wp-block-heading\" id=\"h-lygia-fagundes-telles\"><span class=\"ez-toc-section\" id=\"Lygia-Fagundes-Telles\"><\/span>Lygia Fagundes Telles<span class=\"ez-toc-section-end\"><\/span><\/h2><p>&ldquo;A dist&acirc;ncia mais curta entre dois pontos pode ser a linha reta, mas &eacute; nos caminhos curvos que se encontram as melhores coisas da vida.&rdquo; &mdash; Lygia Fagundes Telles em Ciranda de Pedra, 1954.<\/p><h2 class=\"wp-block-heading\" id=\"h-jose-de-alencar\"><span class=\"ez-toc-section\" id=\"Jose-de-Alencar\"><\/span>Jos&eacute; de Alencar<span class=\"ez-toc-section-end\"><\/span><\/h2><p>&ldquo;Todo trabalho &eacute; nobre, desde que &eacute; livre, honesto e inteligente.&rdquo; &mdash; Jos&eacute; de Alencar.<\/p><h2 class=\"wp-block-heading\" id=\"h-confira-mais-citacoes\"><span class=\"ez-toc-section\" id=\"Confira-mais-citacoes\"><\/span>Confira mais cita&ccedil;&otilde;es<span class=\"ez-toc-section-end\"><\/span><\/h2><ul class=\"wp-block-list\">\n<li><a href=\"https:\/\/vestibulares.estrategia.com\/portal\/materias\/redacao\/citacoes-maria-da-penha\/\" target=\"_blank\">7 cita&ccedil;&otilde;es de Maria da Penha para usar como repert&oacute;rio na reda&ccedil;&atilde;o<\/a><\/li>\n\n\n\n<li><a href=\"https:\/\/vestibulares.estrategia.com\/portal\/materias\/redacao\/citacoes-malala-redacao\/\" target=\"_blank\">11 cita&ccedil;&otilde;es de Malala Yousafzai para usar na reda&ccedil;&atilde;o<\/a><\/li>\n\n\n\n<li><a href=\"https:\/\/vestibulares.estrategia.com\/portal\/materias\/redacao\/23-citacoes-de-simone-de-beauvoir-para-usar-na-redacao\/\" target=\"_blank\">23 cita&ccedil;&otilde;es de Simone de Beauvoir para usar na reda&ccedil;&atilde;o<\/a><\/li>\n\n\n\n<li><a href=\"https:\/\/vestibulares.estrategia.com\/portal\/materias\/redacao\/17-citacoes-de-karl-marx-para-usar-na-redacao\/\" target=\"_blank\">17 cita&ccedil;&otilde;es de Karl Marx para usar na reda&ccedil;&atilde;o<\/a><\/li>\n\n\n\n<li><a href=\"https:\/\/vestibulares.estrategia.com\/portal\/materias\/redacao\/citacoes-carolina-maria-de-jesus\/\" target=\"_blank\">7 cita&ccedil;&otilde;es de Carolina Maria de Jesus para usar na reda&ccedil;&atilde;o<\/a><\/li>\n\n\n\n<li><a href=\"https:\/\/vestibulares.estrategia.com\/portal\/materias\/redacao\/7-citacoes-sobre-desemprego-para-usar-na-redacao\/\" target=\"_blank\">7 cita&ccedil;&otilde;es sobre desemprego para usar na reda&ccedil;&atilde;o<\/a><\/li>\n\n\n\n<li><a href=\"https:\/\/vestibulares.estrategia.com\/portal\/materias\/redacao\/11-citacoes-sobre-economia-para-usar-na-redacao\/\" target=\"_blank\">11 cita&ccedil;&otilde;es sobre economia para usar na reda&ccedil;&atilde;o<\/a><\/li>\n\n\n\n<li><a href=\"https:\/\/vestibulares.estrategia.com\/portal\/materias\/redacao\/citacoes-sobre-igualdade-de-genero\/\" target=\"_blank\">7 cita&ccedil;&otilde;es sobre igualdade de g&ecirc;nero para usar na reda&ccedil;&atilde;o<\/a><\/li>\n\n\n\n<li><a href=\"https:\/\/vestibulares.estrategia.com\/portal\/materias\/redacao\/9-citacoes-sobre-inclusao-social-para-usar-na-redacao\/\" target=\"_blank\">9 cita&ccedil;&otilde;es sobre inclus&atilde;o social para usar na reda&ccedil;&atilde;o<\/a><\/li>\n\n\n\n<li><a href=\"https:\/\/vestibulares.estrategia.com\/portal\/materias\/redacao\/citacoes-desigualdade-social-redacao\/\" target=\"_blank\">15 cita&ccedil;&otilde;es sobre desigualdade social para usar na reda&ccedil;&atilde;o<\/a><\/li>\n\n\n\n<li><a href=\"https:\/\/vestibulares.estrategia.com\/portal\/materias\/redacao\/9-citacoes-sobre-arte-para-usar-como-repertorio-sociocultural-na-redacao\/\" target=\"_blank\">9 cita&ccedil;&otilde;es sobre arte para usar como repert&oacute;rio sociocultural na reda&ccedil;&atilde;o&nbsp;<\/a><\/li>\n\n\n\n<li><a href=\"https:\/\/vestibulares.estrategia.com\/portal\/materias\/redacao\/7-citacoes-sobre-discriminacao-racial-para-usar-na-redacao\/\" target=\"_blank\">7 cita&ccedil;&otilde;es sobre discrimina&ccedil;&atilde;o racial para usar na reda&ccedil;&atilde;o<\/a><\/li>\n\n\n\n<li><a href=\"https:\/\/vestibulares.estrategia.com\/portal\/materias\/redacao\/9-citacoes-de-mulheres-importantes-para-usar-na-redacao\/\" target=\"_blank\">9 cita&ccedil;&otilde;es de mulheres importantes para usar na reda&ccedil;&atilde;o<\/a><\/li>\n<\/ul><h2 class=\"wp-block-heading\" id=\"h-prepare-se-para-a-redacao-com-o-estrategia-vestibulares\"><span class=\"ez-toc-section\" id=\"Prepare-se-para-a-redacao-com-o-Estrategia-Vestibulares\"><\/span>Prepare-se para a reda&ccedil;&atilde;o com o Estrat&eacute;gia Vestibulares<span class=\"ez-toc-section-end\"><\/span><\/h2><p>Sabia que o Estrat&eacute;gia Vestibulares oferece corre&ccedil;&otilde;es ilimitadas de reda&ccedil;&otilde;es? Voc&ecirc; estuda com nosso material e treina quantas vezes quiser, sempre recebendo o feedback sobre suas produ&ccedil;&otilde;es.<\/p><p>Com os cursos da Coruja voc&ecirc; se prepara para o vestibular com um material completo e atualizado, aulas din&acirc;micas e funcionais, al&eacute;m de contar com Banco de Quest&otilde;es, revis&otilde;es de v&eacute;spera, salas VIP, monitorias e muito mais.<\/p><p>\n\n\n\n<a id=\"cta\" class=\"cta-imagem\" href=\"https:\/\/vestibulares.estrategia.com\/cursos\/\" target=\"blank\">\n                <img decoding=\"async\" width=\"100%\" src=\"https:\/\/vestibulares.estrategia.com\/portal\/wp-content\/uploads\/2021\/12\/EV1.jpg\" alt=\"CTA - Estrat\u00e9gia Vestibulares 1\" title=\"CTA - Estrat\u00e9gia Vestibulares 1\">\n        <\/a>\n\n\n\n\n<\/p><\/p>\n","protected":false},"excerpt":{"rendered":"Para comemorar o Dia da Literatura Brasileira, separamos 15 cita\u00e7\u00f5es de autores nacionais que podem ser utilizadas nas reda\u00e7\u00f5es dos vestibulares\n","protected":false},"author":43,"featured_media":116898,"comment_status":"closed","ping_status":"closed","sticky":false,"template":"","format":"standard","meta":{"wl_entities_gutenberg":"","footnotes":""},"categories":[2],"tags":[],"wl_entity_type":[732],"class_list":{"0":"post-116830","1":"post","2":"type-post","3":"status-publish","4":"format-standard","5":"has-post-thumbnail","7":"category-redacao","8":"wl_entity_type-article"},"acf":[],"yoast_head":"<!-- This site is optimized with the Yoast SEO Premium plugin v25.9 (Yoast SEO v25.9) - https:\/\/yoast.com\/wordpress\/plugins\/seo\/ -->\n<title>Dia da literatura brasileira: 15 cita\u00e7\u00f5es de autores nacionais para usar na reda\u00e7\u00e3o<\/title>\n<meta name=\"description\" content=\"Para comemorar o Dia da Literatura Brasileira, separamos 15 cita\u00e7\u00f5es de autores nacionais que podem ser utilizadas nas reda\u00e7\u00f5es dos vestibulares.\" \/>\n<meta name=\"robots\" content=\"index, follow, max-snippet:-1, max-image-preview:large, max-video-preview:-1\" \/>\n<link rel=\"canonical\" href=\"https:\/\/vestibulares.estrategia.com\/portal\/materias\/redacao\/dia-da-literatura-brasileira-15-citacoes-de-autores-nacionais-para-usar-na-redacao\/\" \/>\n<meta property=\"og:locale\" content=\"pt_BR\" \/>\n<meta property=\"og:type\" content=\"article\" \/>\n<meta property=\"og:title\" content=\"Dia da literatura brasileira: 15 cita\u00e7\u00f5es de autores nacionais para usar na reda\u00e7\u00e3o\" \/>\n<meta property=\"og:description\" content=\"Para comemorar o Dia da Literatura Brasileira, separamos 15 cita\u00e7\u00f5es de autores nacionais que podem ser utilizadas nas reda\u00e7\u00f5es dos vestibulares.\" \/>\n<meta property=\"og:url\" content=\"https:\/\/vestibulares.estrategia.com\/portal\/materias\/redacao\/dia-da-literatura-brasileira-15-citacoes-de-autores-nacionais-para-usar-na-redacao\/\" \/>\n<meta property=\"og:site_name\" content=\"Estrat\u00e9gia Vestibulares\" \/>\n<meta property=\"article:publisher\" content=\"https:\/\/facebook.com\/estrategiavestibulares\" \/>\n<meta property=\"article:published_time\" content=\"2024-04-30T20:53:35+00:00\" \/>\n<meta property=\"article:modified_time\" content=\"2025-10-28T15:00:26+00:00\" \/>\n<meta property=\"og:image\" content=\"https:\/\/vestibulares.estrategia.com\/portal\/wp-content\/uploads\/2024\/04\/shutterstock_1445306063-1-1.jpg\" \/>\n\t<meta property=\"og:image:width\" content=\"1280\" \/>\n\t<meta property=\"og:image:height\" content=\"853\" \/>\n\t<meta property=\"og:image:type\" content=\"image\/jpeg\" \/>\n<meta name=\"author\" content=\"Leonardo Del Sant\" \/>\n<meta name=\"twitter:card\" content=\"summary_large_image\" \/>\n<meta name=\"twitter:creator\" content=\"@Estrategiavest\" \/>\n<meta name=\"twitter:site\" content=\"@Estrategiavest\" \/>\n<meta name=\"twitter:label1\" content=\"Escrito por\" \/>\n\t<meta name=\"twitter:data1\" content=\"Leonardo Del Sant\" \/>\n\t<meta name=\"twitter:label2\" content=\"Est. tempo de leitura\" \/>\n\t<meta name=\"twitter:data2\" content=\"4 minutos\" \/>\n<script type=\"application\/ld+json\" class=\"yoast-schema-graph\">{\"@context\":\"https:\/\/schema.org\",\"@graph\":[{\"@type\":\"Article\",\"@id\":\"https:\/\/vestibulares.estrategia.com\/portal\/materias\/redacao\/dia-da-literatura-brasileira-15-citacoes-de-autores-nacionais-para-usar-na-redacao\/#article\",\"isPartOf\":{\"@id\":\"https:\/\/vestibulares.estrategia.com\/portal\/materias\/redacao\/dia-da-literatura-brasileira-15-citacoes-de-autores-nacionais-para-usar-na-redacao\/\"},\"author\":{\"name\":\"Leonardo Del Sant\",\"@id\":\"https:\/\/vestibulares.estrategia.com\/portal\/#\/schema\/person\/95532619fccae669187ec84703047908\"},\"headline\":\"Dia da literatura brasileira: 15 cita\u00e7\u00f5es de autores nacionais para usar na reda\u00e7\u00e3o\",\"datePublished\":\"2024-04-30T20:53:35+00:00\",\"dateModified\":\"2025-10-28T15:00:26+00:00\",\"mainEntityOfPage\":{\"@id\":\"https:\/\/vestibulares.estrategia.com\/portal\/materias\/redacao\/dia-da-literatura-brasileira-15-citacoes-de-autores-nacionais-para-usar-na-redacao\/\"},\"wordCount\":894,\"publisher\":{\"@id\":\"https:\/\/vestibulares.estrategia.com\/portal\/#organization\"},\"image\":{\"@id\":\"https:\/\/vestibulares.estrategia.com\/portal\/materias\/redacao\/dia-da-literatura-brasileira-15-citacoes-de-autores-nacionais-para-usar-na-redacao\/#primaryimage\"},\"thumbnailUrl\":\"https:\/\/vestibulares.estrategia.com\/portal\/wp-content\/uploads\/2024\/04\/shutterstock_1445306063-1-1.jpg\",\"articleSection\":[\"Reda\u00e7\u00e3o\"],\"inLanguage\":\"pt-BR\"},{\"@type\":\"WebPage\",\"@id\":\"https:\/\/vestibulares.estrategia.com\/portal\/materias\/redacao\/dia-da-literatura-brasileira-15-citacoes-de-autores-nacionais-para-usar-na-redacao\/\",\"url\":\"https:\/\/vestibulares.estrategia.com\/portal\/materias\/redacao\/dia-da-literatura-brasileira-15-citacoes-de-autores-nacionais-para-usar-na-redacao\/\",\"name\":\"Dia da literatura brasileira: 15 cita\u00e7\u00f5es de autores nacionais para usar na reda\u00e7\u00e3o\",\"isPartOf\":{\"@id\":\"https:\/\/vestibulares.estrategia.com\/portal\/#website\"},\"primaryImageOfPage\":{\"@id\":\"https:\/\/vestibulares.estrategia.com\/portal\/materias\/redacao\/dia-da-literatura-brasileira-15-citacoes-de-autores-nacionais-para-usar-na-redacao\/#primaryimage\"},\"image\":{\"@id\":\"https:\/\/vestibulares.estrategia.com\/portal\/materias\/redacao\/dia-da-literatura-brasileira-15-citacoes-de-autores-nacionais-para-usar-na-redacao\/#primaryimage\"},\"thumbnailUrl\":\"https:\/\/vestibulares.estrategia.com\/portal\/wp-content\/uploads\/2024\/04\/shutterstock_1445306063-1-1.jpg\",\"datePublished\":\"2024-04-30T20:53:35+00:00\",\"dateModified\":\"2025-10-28T15:00:26+00:00\",\"description\":\"Para comemorar o Dia da Literatura Brasileira, separamos 15 cita\u00e7\u00f5es de autores nacionais que podem ser utilizadas nas reda\u00e7\u00f5es dos vestibulares.\",\"breadcrumb\":{\"@id\":\"https:\/\/vestibulares.estrategia.com\/portal\/materias\/redacao\/dia-da-literatura-brasileira-15-citacoes-de-autores-nacionais-para-usar-na-redacao\/#breadcrumb\"},\"inLanguage\":\"pt-BR\",\"potentialAction\":[{\"@type\":\"ReadAction\",\"target\":[\"https:\/\/vestibulares.estrategia.com\/portal\/materias\/redacao\/dia-da-literatura-brasileira-15-citacoes-de-autores-nacionais-para-usar-na-redacao\/\"]}]},{\"@type\":\"ImageObject\",\"inLanguage\":\"pt-BR\",\"@id\":\"https:\/\/vestibulares.estrategia.com\/portal\/materias\/redacao\/dia-da-literatura-brasileira-15-citacoes-de-autores-nacionais-para-usar-na-redacao\/#primaryimage\",\"url\":\"https:\/\/vestibulares.estrategia.com\/portal\/wp-content\/uploads\/2024\/04\/shutterstock_1445306063-1-1.jpg\",\"contentUrl\":\"https:\/\/vestibulares.estrategia.com\/portal\/wp-content\/uploads\/2024\/04\/shutterstock_1445306063-1-1.jpg\",\"width\":1280,\"height\":853,\"caption\":\"Dia-da-Literatura-Brasileira-cita\u00e7\u00f5es-autores-nacionais\"},{\"@type\":\"BreadcrumbList\",\"@id\":\"https:\/\/vestibulares.estrategia.com\/portal\/materias\/redacao\/dia-da-literatura-brasileira-15-citacoes-de-autores-nacionais-para-usar-na-redacao\/#breadcrumb\",\"itemListElement\":[{\"@type\":\"ListItem\",\"position\":1,\"name\":\"Home\",\"item\":\"https:\/\/vestibulares.estrategia.com\/portal\/\"},{\"@type\":\"ListItem\",\"position\":2,\"name\":\"Mat\u00e9rias\",\"item\":\"https:\/\/vestibulares.estrategia.com\/portal\/materias\/\"},{\"@type\":\"ListItem\",\"position\":3,\"name\":\"Reda\u00e7\u00e3o\",\"item\":\"https:\/\/vestibulares.estrategia.com\/portal\/materias\/redacao\/\"},{\"@type\":\"ListItem\",\"position\":4,\"name\":\"Dia da literatura brasileira: 15 cita\u00e7\u00f5es de autores nacionais para usar na reda\u00e7\u00e3o\"}]},{\"@type\":\"WebSite\",\"@id\":\"https:\/\/vestibulares.estrategia.com\/portal\/#website\",\"url\":\"https:\/\/vestibulares.estrategia.com\/portal\/\",\"name\":\"Estrat\u00e9gia Vestibulares\",\"description\":\"\",\"publisher\":{\"@id\":\"https:\/\/vestibulares.estrategia.com\/portal\/#organization\"},\"potentialAction\":[{\"@type\":\"SearchAction\",\"target\":{\"@type\":\"EntryPoint\",\"urlTemplate\":\"https:\/\/vestibulares.estrategia.com\/portal\/?s={search_term_string}\"},\"query-input\":{\"@type\":\"PropertyValueSpecification\",\"valueRequired\":true,\"valueName\":\"search_term_string\"}}],\"inLanguage\":\"pt-BR\"},{\"@type\":\"Organization\",\"@id\":\"https:\/\/vestibulares.estrategia.com\/portal\/#organization\",\"name\":\"Estrat\u00e9gia Vestibulares\",\"url\":\"https:\/\/vestibulares.estrategia.com\/portal\/\",\"logo\":{\"@type\":\"ImageObject\",\"inLanguage\":\"pt-BR\",\"@id\":\"https:\/\/vestibulares.estrategia.com\/portal\/#\/schema\/logo\/image\/\",\"url\":\"https:\/\/vestibulares.estrategia.com\/portal\/wp-content\/uploads\/2021\/06\/Logo-Vestibulares@4x.png\",\"contentUrl\":\"https:\/\/vestibulares.estrategia.com\/portal\/wp-content\/uploads\/2021\/06\/Logo-Vestibulares@4x.png\",\"width\":250,\"height\":66,\"caption\":\"Estrat\u00e9gia Vestibulares\"},\"image\":{\"@id\":\"https:\/\/vestibulares.estrategia.com\/portal\/#\/schema\/logo\/image\/\"},\"sameAs\":[\"https:\/\/facebook.com\/estrategiavestibulares\",\"https:\/\/x.com\/Estrategiavest\",\"https:\/\/www.instagram.com\/estrategiavestibulares\",\"https:\/\/www.youtube.com\/channel\/UCGWdZy8ULI-7_5GrABa4vNA\"]},{\"@type\":\"Person\",\"@id\":\"https:\/\/vestibulares.estrategia.com\/portal\/#\/schema\/person\/95532619fccae669187ec84703047908\",\"name\":\"Leonardo Del Sant\",\"image\":{\"@type\":\"ImageObject\",\"inLanguage\":\"pt-BR\",\"@id\":\"https:\/\/vestibulares.estrategia.com\/portal\/#\/schema\/person\/image\/\",\"url\":\"https:\/\/vestibulares.estrategia.com\/portal\/wp-content\/uploads\/2026\/02\/1000082484-150x150.jpeg\",\"contentUrl\":\"https:\/\/vestibulares.estrategia.com\/portal\/wp-content\/uploads\/2026\/02\/1000082484-150x150.jpeg\",\"caption\":\"Leonardo Del Sant\"},\"description\":\"Coordenador de Jornalismo do Estrat\u00e9gia Vestibulares. Trabalhou com escrita para SEO em sites das \u00e1reas de economia, varejo, sa\u00fade, tecnologia e alimenta\u00e7\u00e3o. Formado em jornalismo pela Unesp\/Bauru.\",\"url\":\"https:\/\/vestibulares.estrategia.com\/portal\/author\/leonardo-del-sant\/\"}]}<\/script>\n<!-- \/ Yoast SEO Premium plugin. -->","yoast_head_json":{"title":"Dia da literatura brasileira: 15 cita\u00e7\u00f5es de autores nacionais para usar na reda\u00e7\u00e3o","description":"Para comemorar o Dia da Literatura Brasileira, separamos 15 cita\u00e7\u00f5es de autores nacionais que podem ser utilizadas nas reda\u00e7\u00f5es dos vestibulares.","robots":{"index":"index","follow":"follow","max-snippet":"max-snippet:-1","max-image-preview":"max-image-preview:large","max-video-preview":"max-video-preview:-1"},"canonical":"https:\/\/vestibulares.estrategia.com\/portal\/materias\/redacao\/dia-da-literatura-brasileira-15-citacoes-de-autores-nacionais-para-usar-na-redacao\/","og_locale":"pt_BR","og_type":"article","og_title":"Dia da literatura brasileira: 15 cita\u00e7\u00f5es de autores nacionais para usar na reda\u00e7\u00e3o","og_description":"Para comemorar o Dia da Literatura Brasileira, separamos 15 cita\u00e7\u00f5es de autores nacionais que podem ser utilizadas nas reda\u00e7\u00f5es dos vestibulares.","og_url":"https:\/\/vestibulares.estrategia.com\/portal\/materias\/redacao\/dia-da-literatura-brasileira-15-citacoes-de-autores-nacionais-para-usar-na-redacao\/","og_site_name":"Estrat\u00e9gia Vestibulares","article_publisher":"https:\/\/facebook.com\/estrategiavestibulares","article_published_time":"2024-04-30T20:53:35+00:00","article_modified_time":"2025-10-28T15:00:26+00:00","og_image":[{"width":1280,"height":853,"url":"https:\/\/vestibulares.estrategia.com\/portal\/wp-content\/uploads\/2024\/04\/shutterstock_1445306063-1-1.jpg","type":"image\/jpeg"}],"author":"Leonardo Del Sant","twitter_card":"summary_large_image","twitter_creator":"@Estrategiavest","twitter_site":"@Estrategiavest","twitter_misc":{"Escrito por":"Leonardo Del Sant","Est. tempo de leitura":"4 minutos"},"schema":{"@context":"https:\/\/schema.org","@graph":[{"@type":"Article","@id":"https:\/\/vestibulares.estrategia.com\/portal\/materias\/redacao\/dia-da-literatura-brasileira-15-citacoes-de-autores-nacionais-para-usar-na-redacao\/#article","isPartOf":{"@id":"https:\/\/vestibulares.estrategia.com\/portal\/materias\/redacao\/dia-da-literatura-brasileira-15-citacoes-de-autores-nacionais-para-usar-na-redacao\/"},"author":{"name":"Leonardo Del Sant","@id":"https:\/\/vestibulares.estrategia.com\/portal\/#\/schema\/person\/95532619fccae669187ec84703047908"},"headline":"Dia da literatura brasileira: 15 cita\u00e7\u00f5es de autores nacionais para usar na reda\u00e7\u00e3o","datePublished":"2024-04-30T20:53:35+00:00","dateModified":"2025-10-28T15:00:26+00:00","mainEntityOfPage":{"@id":"https:\/\/vestibulares.estrategia.com\/portal\/materias\/redacao\/dia-da-literatura-brasileira-15-citacoes-de-autores-nacionais-para-usar-na-redacao\/"},"wordCount":894,"publisher":{"@id":"https:\/\/vestibulares.estrategia.com\/portal\/#organization"},"image":{"@id":"https:\/\/vestibulares.estrategia.com\/portal\/materias\/redacao\/dia-da-literatura-brasileira-15-citacoes-de-autores-nacionais-para-usar-na-redacao\/#primaryimage"},"thumbnailUrl":"https:\/\/vestibulares.estrategia.com\/portal\/wp-content\/uploads\/2024\/04\/shutterstock_1445306063-1-1.jpg","articleSection":["Reda\u00e7\u00e3o"],"inLanguage":"pt-BR"},{"@type":"WebPage","@id":"https:\/\/vestibulares.estrategia.com\/portal\/materias\/redacao\/dia-da-literatura-brasileira-15-citacoes-de-autores-nacionais-para-usar-na-redacao\/","url":"https:\/\/vestibulares.estrategia.com\/portal\/materias\/redacao\/dia-da-literatura-brasileira-15-citacoes-de-autores-nacionais-para-usar-na-redacao\/","name":"Dia da literatura brasileira: 15 cita\u00e7\u00f5es de autores nacionais para usar na reda\u00e7\u00e3o","isPartOf":{"@id":"https:\/\/vestibulares.estrategia.com\/portal\/#website"},"primaryImageOfPage":{"@id":"https:\/\/vestibulares.estrategia.com\/portal\/materias\/redacao\/dia-da-literatura-brasileira-15-citacoes-de-autores-nacionais-para-usar-na-redacao\/#primaryimage"},"image":{"@id":"https:\/\/vestibulares.estrategia.com\/portal\/materias\/redacao\/dia-da-literatura-brasileira-15-citacoes-de-autores-nacionais-para-usar-na-redacao\/#primaryimage"},"thumbnailUrl":"https:\/\/vestibulares.estrategia.com\/portal\/wp-content\/uploads\/2024\/04\/shutterstock_1445306063-1-1.jpg","datePublished":"2024-04-30T20:53:35+00:00","dateModified":"2025-10-28T15:00:26+00:00","description":"Para comemorar o Dia da Literatura Brasileira, separamos 15 cita\u00e7\u00f5es de autores nacionais que podem ser utilizadas nas reda\u00e7\u00f5es dos vestibulares.","breadcrumb":{"@id":"https:\/\/vestibulares.estrategia.com\/portal\/materias\/redacao\/dia-da-literatura-brasileira-15-citacoes-de-autores-nacionais-para-usar-na-redacao\/#breadcrumb"},"inLanguage":"pt-BR","potentialAction":[{"@type":"ReadAction","target":["https:\/\/vestibulares.estrategia.com\/portal\/materias\/redacao\/dia-da-literatura-brasileira-15-citacoes-de-autores-nacionais-para-usar-na-redacao\/"]}]},{"@type":"ImageObject","inLanguage":"pt-BR","@id":"https:\/\/vestibulares.estrategia.com\/portal\/materias\/redacao\/dia-da-literatura-brasileira-15-citacoes-de-autores-nacionais-para-usar-na-redacao\/#primaryimage","url":"https:\/\/vestibulares.estrategia.com\/portal\/wp-content\/uploads\/2024\/04\/shutterstock_1445306063-1-1.jpg","contentUrl":"https:\/\/vestibulares.estrategia.com\/portal\/wp-content\/uploads\/2024\/04\/shutterstock_1445306063-1-1.jpg","width":1280,"height":853,"caption":"Dia-da-Literatura-Brasileira-cita\u00e7\u00f5es-autores-nacionais"},{"@type":"BreadcrumbList","@id":"https:\/\/vestibulares.estrategia.com\/portal\/materias\/redacao\/dia-da-literatura-brasileira-15-citacoes-de-autores-nacionais-para-usar-na-redacao\/#breadcrumb","itemListElement":[{"@type":"ListItem","position":1,"name":"Home","item":"https:\/\/vestibulares.estrategia.com\/portal\/"},{"@type":"ListItem","position":2,"name":"Mat\u00e9rias","item":"https:\/\/vestibulares.estrategia.com\/portal\/materias\/"},{"@type":"ListItem","position":3,"name":"Reda\u00e7\u00e3o","item":"https:\/\/vestibulares.estrategia.com\/portal\/materias\/redacao\/"},{"@type":"ListItem","position":4,"name":"Dia da literatura brasileira: 15 cita\u00e7\u00f5es de autores nacionais para usar na reda\u00e7\u00e3o"}]},{"@type":"WebSite","@id":"https:\/\/vestibulares.estrategia.com\/portal\/#website","url":"https:\/\/vestibulares.estrategia.com\/portal\/","name":"Estrat\u00e9gia Vestibulares","description":"","publisher":{"@id":"https:\/\/vestibulares.estrategia.com\/portal\/#organization"},"potentialAction":[{"@type":"SearchAction","target":{"@type":"EntryPoint","urlTemplate":"https:\/\/vestibulares.estrategia.com\/portal\/?s={search_term_string}"},"query-input":{"@type":"PropertyValueSpecification","valueRequired":true,"valueName":"search_term_string"}}],"inLanguage":"pt-BR"},{"@type":"Organization","@id":"https:\/\/vestibulares.estrategia.com\/portal\/#organization","name":"Estrat\u00e9gia Vestibulares","url":"https:\/\/vestibulares.estrategia.com\/portal\/","logo":{"@type":"ImageObject","inLanguage":"pt-BR","@id":"https:\/\/vestibulares.estrategia.com\/portal\/#\/schema\/logo\/image\/","url":"https:\/\/vestibulares.estrategia.com\/portal\/wp-content\/uploads\/2021\/06\/Logo-Vestibulares@4x.png","contentUrl":"https:\/\/vestibulares.estrategia.com\/portal\/wp-content\/uploads\/2021\/06\/Logo-Vestibulares@4x.png","width":250,"height":66,"caption":"Estrat\u00e9gia Vestibulares"},"image":{"@id":"https:\/\/vestibulares.estrategia.com\/portal\/#\/schema\/logo\/image\/"},"sameAs":["https:\/\/facebook.com\/estrategiavestibulares","https:\/\/x.com\/Estrategiavest","https:\/\/www.instagram.com\/estrategiavestibulares","https:\/\/www.youtube.com\/channel\/UCGWdZy8ULI-7_5GrABa4vNA"]},{"@type":"Person","@id":"https:\/\/vestibulares.estrategia.com\/portal\/#\/schema\/person\/95532619fccae669187ec84703047908","name":"Leonardo Del Sant","image":{"@type":"ImageObject","inLanguage":"pt-BR","@id":"https:\/\/vestibulares.estrategia.com\/portal\/#\/schema\/person\/image\/","url":"https:\/\/vestibulares.estrategia.com\/portal\/wp-content\/uploads\/2026\/02\/1000082484-150x150.jpeg","contentUrl":"https:\/\/vestibulares.estrategia.com\/portal\/wp-content\/uploads\/2026\/02\/1000082484-150x150.jpeg","caption":"Leonardo Del Sant"},"description":"Coordenador de Jornalismo do Estrat\u00e9gia Vestibulares. Trabalhou com escrita para SEO em sites das \u00e1reas de economia, varejo, sa\u00fade, tecnologia e alimenta\u00e7\u00e3o. Formado em jornalismo pela Unesp\/Bauru.","url":"https:\/\/vestibulares.estrategia.com\/portal\/author\/leonardo-del-sant\/"}]}},"_wl_alt_label":[],"wl:entity_url":"https:\/\/data.wordlift.io\/wl110249\/post\/dia-da-literatura-brasileira-15-citacoes-de-autores-nacionais-para-usar-na-redacao","_links":{"self":[{"href":"https:\/\/vestibulares.estrategia.com\/portal\/wp-json\/wp\/v2\/posts\/116830","targetHints":{"allow":["GET"]}}],"collection":[{"href":"https:\/\/vestibulares.estrategia.com\/portal\/wp-json\/wp\/v2\/posts"}],"about":[{"href":"https:\/\/vestibulares.estrategia.com\/portal\/wp-json\/wp\/v2\/types\/post"}],"author":[{"embeddable":true,"href":"https:\/\/vestibulares.estrategia.com\/portal\/wp-json\/wp\/v2\/users\/43"}],"replies":[{"embeddable":true,"href":"https:\/\/vestibulares.estrategia.com\/portal\/wp-json\/wp\/v2\/comments?post=116830"}],"version-history":[{"count":9,"href":"https:\/\/vestibulares.estrategia.com\/portal\/wp-json\/wp\/v2\/posts\/116830\/revisions"}],"predecessor-version":[{"id":147287,"href":"https:\/\/vestibulares.estrategia.com\/portal\/wp-json\/wp\/v2\/posts\/116830\/revisions\/147287"}],"wp:featuredmedia":[{"embeddable":true,"href":"https:\/\/vestibulares.estrategia.com\/portal\/wp-json\/wp\/v2\/media\/116898"}],"wp:attachment":[{"href":"https:\/\/vestibulares.estrategia.com\/portal\/wp-json\/wp\/v2\/media?parent=116830"}],"wp:term":[{"taxonomy":"category","embeddable":true,"href":"https:\/\/vestibulares.estrategia.com\/portal\/wp-json\/wp\/v2\/categories?post=116830"},{"taxonomy":"post_tag","embeddable":true,"href":"https:\/\/vestibulares.estrategia.com\/portal\/wp-json\/wp\/v2\/tags?post=116830"},{"taxonomy":"wl_entity_type","embeddable":true,"href":"https:\/\/vestibulares.estrategia.com\/portal\/wp-json\/wp\/v2\/wl_entity_type?post=116830"}],"curies":[{"name":"wp","href":"https:\/\/api.w.org\/{rel}","templated":true}]}}