{"id":119365,"date":"2024-06-07T17:28:09","date_gmt":"2024-06-07T20:28:09","guid":{"rendered":"https:\/\/vestibulares.estrategia.com\/portal\/?p=119365"},"modified":"2025-12-23T23:47:47","modified_gmt":"2025-12-24T02:47:47","slug":"notas-de-corte-da-upe-no-sisu-saiba-a-nota-minima-para-ingresso","status":"publish","type":"post","link":"https:\/\/vestibulares.estrategia.com\/portal\/enem-e-vestibulares\/sisu\/notas-de-corte-da-upe-no-sisu-saiba-a-nota-minima-para-ingresso\/","title":{"rendered":"Notas de corte da UPE no Sisu: saiba a nota m\u00ednima para ingresso"},"content":{"rendered":"<p>A Universidade de Pernambuco (<a href=\"https:\/\/vestibulares.estrategia.com\/portal\/enem-e-vestibulares\/enem\/upe-sisu-cursos-vagas-como-ingressar-e-muito-mais\/\">UPE<\/a>) &eacute; uma institui&ccedil;&atilde;o estadual de ensino superior, vinculada &agrave; Secretaria de Ci&ecirc;ncia e Tecnologia do Estado de Pernambuco (SECTEC). Ela surgiu ap&oacute;s a cria&ccedil;&atilde;o da Funda&ccedil;&atilde;o Universidade de Pernambuco (FESP-UPE), por meio da <a href=\"https:\/\/legis.alepe.pe.gov.br\/texto.aspx?tiponorma=1&amp;numero=10518&amp;complemento=0&amp;ano=1990&amp;tipo=&amp;url=#:~:text=LEI%20N%C2%BA%2010.518%2C%20DE%2029,UPE%2C%20e%20d%C3%A1%20outras%20provid%C3%AAncias.\" target=\"_blank\" rel=\"noopener noreferrer\">Lei Estadual n&ordm; 10.518<\/a>, de 29 de novembro de 1990.&nbsp;<p>Sua estrutura multicampi alcan&ccedil;a todas as regi&otilde;es do Estado, incluindo as cidades de Arcoverde, Recife, Nova Caruaru, Nazar&eacute; da Mata, Garanhuns, Palmares, Salgueiro, Petrolina, Santo Amaro e Serra Talhada.&nbsp;<\/p><p>Al&eacute;m disso, a institui&ccedil;&atilde;o possui um complexo hospitalar que comp&otilde;e o Campus Santo Amaro. Nele, encontram-se o Centro Universit&aacute;rio Integrado de Sa&uacute;de Amaury de Medeiros (CISAM), o Hospital Universit&aacute;rio Oswaldo Cruz (HUOC) e o Pronto-Socorro Cardiol&oacute;gico Universit&aacute;rio de Pernambuco Prof. Luiz Tavares (PROCAPE).&nbsp;<\/p><p>Em 2023, o Ranking Universit&aacute;rio da Folha (RUF) classificou a Universidade de Pernambuco como a 50&ordf; melhor institui&ccedil;&atilde;o do Brasil e a 2&ordf; melhor do Estado, com a m&eacute;dia geral de 67,22.&nbsp;<\/p><p>Uma das formas de ingresso na UPE &eacute; pelo Exame Nacional do Ensino M&eacute;dio (Enem). A partir da nota do Enem, o candidato deve se inscrever no Sistema de Sele&ccedil;&atilde;o Unificada (Sisu), que, em 2024, ofertou 1.800 vagas em cursos de gradua&ccedil;&atilde;o da institui&ccedil;&atilde;o pernambucana.<\/p><p>Se voc&ecirc; tem interesse em estudar na UPE, veja suas notas de corte no Sisu 2024, para ter uma no&ccedil;&atilde;o do desempenho m&iacute;nimo necess&aacute;rio para ser aprovado em cada curso da universidade!<\/p><p>+<a href=\"https:\/\/vestibulares.estrategia.com\/portal\/enem-e-vestibulares\/enem\/upe-sisu-cursos-vagas-como-ingressar-e-muito-mais\/\"> UPE: Sisu, cursos, vagas, como ingressar e muito mais<\/a><br>+ <a href=\"https:\/\/vestibulares.estrategia.com\/portal\/noticias\/sisu-2024-numero-de-vagas-estado-regiao\/\">Sisu 2024: confira o n&uacute;mero de vagas por estado e por regi&atilde;o<\/a><br>+ <a href=\"https:\/\/vestibulares.estrategia.com\/portal\/noticias\/edital-enem-2024\/\">Edital Enem 2024: datas, inscri&ccedil;&otilde;es, provas<\/a><br>+ <a href=\"https:\/\/vestibulares.estrategia.com\/portal\/enem\/como-calcular-nota-enem\/\">Como calcular a nota do Enem?<\/a><br>+ <a href=\"https:\/\/vestibulares.estrategia.com\/portal\/enem-e-vestibulares\/enem\/calendario-enem\/\">Calend&aacute;rio Enem 2024: datas, inscri&ccedil;&otilde;es, provas e resultado<\/a><\/p><p>\n\n\n\n<div class=\"cta-medio\" style=\"background-image: url(https:\/\/vestibulares.estrategia.com\/portal\/wp-content\/uploads\/2024\/08\/curso-enem-1-estrategia-vestibulares-ctamedio.jpg);\"><h3>Pacote Enem TOP <\/h3> <p>Estude com o Estrat\u00e9gia Vestibulares<\/p><div class=\"cta-botao\"><a id=\"cta-medio\" href=\"https:\/\/vestibulares.estrategia.com\/curso\/enem-top\/\" target=\"_blank\" style=\"background:rgb(255,150,0)\">Saiba mais<\/a><\/div><\/div>\n\n\n\n<\/p><div id=\"ez-toc-container\" class=\"ez-toc-v2_0_76 counter-hierarchy ez-toc-counter ez-toc-transparent ez-toc-container-direction\">\n<div class=\"ez-toc-title-container\"><p class=\"ez-toc-title\" style=\"cursor:inherit\">Navegue pelo conte\u00fado<\/p>\n<\/div><nav><ul class='ez-toc-list ez-toc-list-level-1 ' ><li class='ez-toc-page-1 ez-toc-heading-level-2'><a class=\"ez-toc-link ez-toc-heading-1\" href=\"https:\/\/vestibulares.estrategia.com\/portal\/enem-e-vestibulares\/sisu\/notas-de-corte-da-upe-no-sisu-saiba-a-nota-minima-para-ingresso\/#O-que-e-nota-de-corte\" >O que &eacute; nota de corte?<\/a><\/li><li class='ez-toc-page-1 ez-toc-heading-level-2'><a class=\"ez-toc-link ez-toc-heading-2\" href=\"https:\/\/vestibulares.estrategia.com\/portal\/enem-e-vestibulares\/sisu\/notas-de-corte-da-upe-no-sisu-saiba-a-nota-minima-para-ingresso\/#Como-funcionam-as-concorrencias-no-Sisu\" >Como funcionam as concorr&ecirc;ncias no Sisu?<\/a><\/li><li class='ez-toc-page-1 ez-toc-heading-level-2'><a class=\"ez-toc-link ez-toc-heading-3\" href=\"https:\/\/vestibulares.estrategia.com\/portal\/enem-e-vestibulares\/sisu\/notas-de-corte-da-upe-no-sisu-saiba-a-nota-minima-para-ingresso\/#Notas-de-corte-da-UPE\" >Notas de corte da UPE<\/a><\/li><li class='ez-toc-page-1 ez-toc-heading-level-2'><a class=\"ez-toc-link ez-toc-heading-4\" href=\"https:\/\/vestibulares.estrategia.com\/portal\/enem-e-vestibulares\/sisu\/notas-de-corte-da-upe-no-sisu-saiba-a-nota-minima-para-ingresso\/#Campi-UPE\" >Campi UPE<\/a><\/li><li class='ez-toc-page-1 ez-toc-heading-level-2'><a class=\"ez-toc-link ez-toc-heading-5\" href=\"https:\/\/vestibulares.estrategia.com\/portal\/enem-e-vestibulares\/sisu\/notas-de-corte-da-upe-no-sisu-saiba-a-nota-minima-para-ingresso\/#Como-ingressar-na-UPE\" >Como ingressar na UPE<\/a><\/li><li class='ez-toc-page-1 ez-toc-heading-level-2'><a class=\"ez-toc-link ez-toc-heading-6\" href=\"https:\/\/vestibulares.estrategia.com\/portal\/enem-e-vestibulares\/sisu\/notas-de-corte-da-upe-no-sisu-saiba-a-nota-minima-para-ingresso\/#Como-funciona-o-Sisu\" >Como funciona o Sisu?<\/a><\/li><li class='ez-toc-page-1 ez-toc-heading-level-2'><a class=\"ez-toc-link ez-toc-heading-7\" href=\"https:\/\/vestibulares.estrategia.com\/portal\/enem-e-vestibulares\/sisu\/notas-de-corte-da-upe-no-sisu-saiba-a-nota-minima-para-ingresso\/#Minha-nota-nao-e-suficiente-E-agora\" >Minha nota n&atilde;o &eacute; suficiente. E agora?<\/a><\/li><\/ul><\/nav><\/div>\n<h2 class=\"wp-block-heading\" id=\"h-o-que-e-nota-de-corte\"><span class=\"ez-toc-section\" id=\"O-que-e-nota-de-corte\"><\/span>O que &eacute; nota de corte?<span class=\"ez-toc-section-end\"><\/span><\/h2><p>As notas de corte representam a pontua&ccedil;&atilde;o m&iacute;nima necess&aacute;ria para a aprova&ccedil;&atilde;o em determinado processo seletivo, como vestibulares e concursos. Ou seja, elas s&atilde;o determinadas de acordo com o desempenho do candidato, a concorr&ecirc;ncia e a quantidade de vagas ofertadas.<\/p><p>No Sisu, por exemplo, a nota de corte &eacute; a pontua&ccedil;&atilde;o m&iacute;nima que o candidato precisa alcan&ccedil;ar na prova do Enem, a fim de garantir sua vaga em determinado curso. Assim, os participantes buscam obter notas mais altas &agrave;s notas de corte, para aumentar as chances de aprova&ccedil;&atilde;o no curso desejado.<\/p><p><a href=\"https:\/\/vestibulares.estrategia.com\/portal\/enem-e-vestibulares\/sisu\/nota-corte-sisu\/\">+ Nota de corte do Sisu: veja o que &eacute; e como funciona<\/a><\/p><h2 class=\"wp-block-heading\" id=\"h-como-funcionam-as-concorrencias-no-sisu\"><span class=\"ez-toc-section\" id=\"Como-funcionam-as-concorrencias-no-Sisu\"><\/span>Como funcionam as concorr&ecirc;ncias no Sisu?<span class=\"ez-toc-section-end\"><\/span><\/h2><p>As vagas do Sisu s&atilde;o ofertadas em duas modalidades de concorr&ecirc;ncia: a Ampla Concorr&ecirc;ncia e a Lei de Cotas. Al&eacute;m disso, algumas institui&ccedil;&otilde;es oferecem vagas por meio de a&ccedil;&otilde;es afirmativas.&nbsp;<\/p><p>A Lei de Cotas &eacute; respons&aacute;vel por reservar 50% do total de vagas para grupos espec&iacute;ficos de forma racial e social. J&aacute; na Ampla Concorr&ecirc;ncia, participam os candidatos de qualquer grupo, que concorrem &agrave; outra metade das vagas.<\/p><p>Em 2023, <a href=\"https:\/\/vestibulares.estrategia.com\/portal\/enem-e-vestibulares\/vestibulares\/lei-de-cotas-o-que-muda-com-a-atualizacao\/\">a Lei de Cotas sofreu altera&ccedil;&otilde;es<\/a>. Anteriormente uma pessoa que se aplicava a Lei de Cotas participava dessa &ldquo;fila&rdquo; mesmo se sua nota permitisse o acesso por meio das notas de Ampla Concorr&ecirc;ncia. A partir do Sisu 2024 a Ampla Concorr&ecirc;ncia abriga todas as pessoas com nota suficiente para tal e somente a partir dessa sele&ccedil;&atilde;o que passou a ser aplicada a nova Lei de Cotas.<\/p><p>Confira abaixo, as notas de corte da UPE por curso, na modalidade Ampla Concorr&ecirc;ncia:<\/p><p><a href=\"https:\/\/vestibulares.estrategia.com\/portal\/enem-e-vestibulares\/sisu\/modalidades-sisu\/\">+ Modalidades do Sisu: quais s&atilde;o as diferen&ccedil;as entre ampla concorr&ecirc;ncia, a&ccedil;&otilde;es afirmativas e Lei de Cotas?<\/a><br><a href=\"https:\/\/vestibulares.estrategia.com\/portal\/enem-e-vestibulares\/vestibulares\/lei-de-cotas-o-que-muda-com-a-atualizacao\/\">+ Lei de Cotas: o que muda com a atualiza&ccedil;&atilde;o?<\/a><\/p><p>\n\n\n\n<div id=\"new-form\">\n\t<form id=\"forms_layout\">\n\t<input type=\"hidden\" id=\"chave_de\" name=\"chave_de\" value=\"01_EVEST_LEADS_TOTAIS\" \/>\n\t\t<input type=\"hidden\" id=\"mid\" name=\"mid\" value=\"515008983\" \/>\n\t\t<input type=\"hidden\" id=\"Objetivo\" name=\"Objetivo\" value=\"Vestibulares\" \/>\n\t\t<input type=\"hidden\" id=\"Estado_de_Origem_do_IP\" name=\"Estado_de_Origem_do_IP\"  value=\"\" \/>\n\t\t<input type=\"hidden\" id=\"Cidade_de_Origem_do_IP\" name=\"Cidade_de_Origem_do_IP\" value=\"\" \/>\n\t\t<input type=\"hidden\" id=\"Modo_de_entrada\" name=\"Modo_de_entrada\" value=\"Portal\" \/>\n\t\t<input type=\"hidden\" id=\"Pagina_Origem\" name=\"Pagina_Origem\" value=\"\" \/>\n\n\t\t<div class=\"texto\">\n\t\t\t<h3 class=\"news\">Inscreva-se em nossa newsletter\ud83e\udd89<\/h3>\n\t\t\t<p>Receba dicas de estudo gratuitas e saiba em primeira m\u00e3o as novidades sobre o Enem, Sisu, Encceja, Fuvest e outros vestibulares!<\/p>\n\t\t<\/div>\n\t\t<div class=\"campos\">\n\t\t\t<div class=\"first_name labels\">\n\t\t\t\t<input type=\"text\" class=\"input_labels\" id=\"first_name\" name=\"Nome_Completo\" placeholder=\"Nome\" required \/>\n\t\t\t<\/div>\n\t\t\t<div class=\"email labels\">\n\t\t\t\t<input type=\"email\" class=\"input_labels\" id=\"email\" name=\"Email\" placeholder=\"E-mail\" required \/>\n\t\t\t<\/div>\n\t\t\t<button type=\"submit\" class=\"button_layout\">\n\t\t\t\t<div id=\"lblBotao\">Inscreva-se<\/div>\n\t\t\t\t<span id=\"divSpiner\" class=\"loader\" role=\"status\" style=\"display: none;\"><\/span>\t\n\t\t\t<\/button>\n\t\t<\/div><!-- \/campos -->\n\t\t\n\t\t<label class=\"container_checkbox\">Voc\u00ea concorda com a nossa\n\t\t\t<a class=\"politics_privacy_ahref\" target=\"_blank\" href=\"https:\/\/gratis.estrategiaconcursos.com.br\/politica-de-privacidade\/\">Pol\u00edtica de Privacidade<\/a> e aceita receber informa\u00e7\u00f5es adicionais do Estrat\u00e9gia Educacional.\n\t\t\t<input id=\"checkbox_layout\" type=\"checkbox\" checked=\"checked\" required \/>\n\t\t\t<span class=\"checkbox\"><\/span>\n\t\t<\/label>\n\t\t<div id=\"msg\"><\/div>\n\t\t<div id=\"error\" class=\"error\">\n\t\t<\/div>\n\t<\/form>\n<\/div><!-- \/new-form -->\n\n\n\n<\/p><h2 class=\"wp-block-heading\" id=\"h-notas-de-corte-da-upe\"><span class=\"ez-toc-section\" id=\"Notas-de-corte-da-UPE\"><\/span>Notas de corte da UPE<span class=\"ez-toc-section-end\"><\/span><\/h2><figure class=\"wp-block-table is-style-stripes\"><table><thead><tr><th>Curso<\/th><th class=\"has-text-align-center\" data-align=\"center\">Cidade<\/th><th class=\"has-text-align-center\" data-align=\"center\">Turno<\/th><th class=\"has-text-align-center\" data-align=\"center\">Nota de corte<\/th><\/tr><\/thead><tbody><tr><td>MEDICINA<\/td><td class=\"has-text-align-center\" data-align=\"center\">Recife<\/td><td class=\"has-text-align-center\" data-align=\"center\">Integral<\/td><td class=\"has-text-align-center\" data-align=\"center\">792,66<\/td><\/tr><tr><td>MEDICINA<\/td><td class=\"has-text-align-center\" data-align=\"center\">Garanhuns<\/td><td class=\"has-text-align-center\" data-align=\"center\">Integral<\/td><td class=\"has-text-align-center\" data-align=\"center\">789,78<\/td><\/tr><tr><td>MEDICINA<\/td><td class=\"has-text-align-center\" data-align=\"center\">Serra Talhada<\/td><td class=\"has-text-align-center\" data-align=\"center\">Integral<\/td><td class=\"has-text-align-center\" data-align=\"center\">788,50<\/td><\/tr><tr><td>DIREITO<\/td><td class=\"has-text-align-center\" data-align=\"center\">Recife<\/td><td class=\"has-text-align-center\" data-align=\"center\">Integral<\/td><td class=\"has-text-align-center\" data-align=\"center\">742,22<\/td><\/tr><tr><td>ENGENHARIA DA COMPUTA&Ccedil;&Atilde;O<\/td><td class=\"has-text-align-center\" data-align=\"center\">Recife<\/td><td class=\"has-text-align-center\" data-align=\"center\">Matutino<\/td><td class=\"has-text-align-center\" data-align=\"center\">739,06<\/td><\/tr><tr><td>ODONTOLOGIA<\/td><td class=\"has-text-align-center\" data-align=\"center\">Recife<\/td><td class=\"has-text-align-center\" data-align=\"center\">Integral<\/td><td class=\"has-text-align-center\" data-align=\"center\">728,72<\/td><\/tr><tr><td>ODONTOLOGIA<\/td><td class=\"has-text-align-center\" data-align=\"center\">Arcoverde<\/td><td class=\"has-text-align-center\" data-align=\"center\">Integral<\/td><td class=\"has-text-align-center\" data-align=\"center\">722,50<\/td><\/tr><tr><td>DIREITO<\/td><td class=\"has-text-align-center\" data-align=\"center\">Arcoverde<\/td><td class=\"has-text-align-center\" data-align=\"center\">Integral<\/td><td class=\"has-text-align-center\" data-align=\"center\">716,14<\/td><\/tr><tr><td>ENGENHARIA DE SOFTWARE<\/td><td class=\"has-text-align-center\" data-align=\"center\">Garanhuns<\/td><td class=\"has-text-align-center\" data-align=\"center\">Integral<\/td><td class=\"has-text-align-center\" data-align=\"center\">712,42<\/td><\/tr><tr><td>PSICOLOGIA<\/td><td class=\"has-text-align-center\" data-align=\"center\">Garanhuns<\/td><td class=\"has-text-align-center\" data-align=\"center\">Integral<\/td><td class=\"has-text-align-center\" data-align=\"center\">701,04<\/td><\/tr><tr><td>ENFERMAGEM<\/td><td class=\"has-text-align-center\" data-align=\"center\">Recife<\/td><td class=\"has-text-align-center\" data-align=\"center\">Integral<\/td><td class=\"has-text-align-center\" data-align=\"center\">700,02<\/td><\/tr><tr><td>SISTEMA DE INFORMA&Ccedil;&Atilde;O<\/td><td class=\"has-text-align-center\" data-align=\"center\">Caruaru<\/td><td class=\"has-text-align-center\" data-align=\"center\">Integral<\/td><td class=\"has-text-align-center\" data-align=\"center\">698,66<\/td><\/tr><tr><td>FISIOTERAPIA<\/td><td class=\"has-text-align-center\" data-align=\"center\">Petrolina<\/td><td class=\"has-text-align-center\" data-align=\"center\">Integral<\/td><td class=\"has-text-align-center\" data-align=\"center\">693,12<\/td><\/tr><tr><td>ENGENHARIA DE SOFTWARE<\/td><td class=\"has-text-align-center\" data-align=\"center\">Surubim<\/td><td class=\"has-text-align-center\" data-align=\"center\">Noturno<\/td><td class=\"has-text-align-center\" data-align=\"center\">692,68<\/td><\/tr><tr><td>ENGENHARIA DE CONTROLE E AUTOMA&Ccedil;&Atilde;O<\/td><td class=\"has-text-align-center\" data-align=\"center\">Recife<\/td><td class=\"has-text-align-center\" data-align=\"center\">Integral<\/td><td class=\"has-text-align-center\" data-align=\"center\">691,68<\/td><\/tr><tr><td>ENFERMAGEM<\/td><td class=\"has-text-align-center\" data-align=\"center\">Petrolina<\/td><td class=\"has-text-align-center\" data-align=\"center\">Integral<\/td><td class=\"has-text-align-center\" data-align=\"center\">691,02<\/td><\/tr><tr><td>ENGENHARIA EL&Eacute;TRICA &ndash; ELETR&Ocirc;NICA<\/td><td class=\"has-text-align-center\" data-align=\"center\">Recife<\/td><td class=\"has-text-align-center\" data-align=\"center\">Matutino<\/td><td class=\"has-text-align-center\" data-align=\"center\">687,04<\/td><\/tr><tr><td>ENGENHARIA MEC&Acirc;NICA<\/td><td class=\"has-text-align-center\" data-align=\"center\">Recife<\/td><td class=\"has-text-align-center\" data-align=\"center\">Vespertino<\/td><td class=\"has-text-align-center\" data-align=\"center\">686,48<\/td><\/tr><tr><td>TERAPIA OCUPACIONAL<\/td><td class=\"has-text-align-center\" data-align=\"center\">Recife<\/td><td class=\"has-text-align-center\" data-align=\"center\">Integral<\/td><td class=\"has-text-align-center\" data-align=\"center\">685,30<\/td><\/tr><tr><td>ADMINISTRA&Ccedil;&Atilde;O DE EMPRESAS<\/td><td class=\"has-text-align-center\" data-align=\"center\">Recife<\/td><td class=\"has-text-align-center\" data-align=\"center\">Noturno<\/td><td class=\"has-text-align-center\" data-align=\"center\">678,78<\/td><\/tr><tr><td>NUTRI&Ccedil;&Atilde;O<\/td><td class=\"has-text-align-center\" data-align=\"center\">Petrolina<\/td><td class=\"has-text-align-center\" data-align=\"center\">Integral<\/td><td class=\"has-text-align-center\" data-align=\"center\">678,38<\/td><\/tr><tr><td>ENGENHARIA CIVIL<\/td><td class=\"has-text-align-center\" data-align=\"center\">Recife<\/td><td class=\"has-text-align-center\" data-align=\"center\">Matutino<\/td><td class=\"has-text-align-center\" data-align=\"center\">675,98<\/td><\/tr><tr><td>SISTEMA DE INFORMA&Ccedil;&Atilde;O<\/td><td class=\"has-text-align-center\" data-align=\"center\">Surubim<\/td><td class=\"has-text-align-center\" data-align=\"center\">Noturno<\/td><td class=\"has-text-align-center\" data-align=\"center\">675,72<\/td><\/tr><tr><td>ADMINISTRA&Ccedil;&Atilde;O DE EMPRESAS<\/td><td class=\"has-text-align-center\" data-align=\"center\">Recife<\/td><td class=\"has-text-align-center\" data-align=\"center\">Matutino<\/td><td class=\"has-text-align-center\" data-align=\"center\">675,08<\/td><\/tr><tr><td>ENFERMAGEM<\/td><td class=\"has-text-align-center\" data-align=\"center\">Ouricuri<\/td><td class=\"has-text-align-center\" data-align=\"center\">Integral<\/td><td class=\"has-text-align-center\" data-align=\"center\">674,60<\/td><\/tr><tr><td>MATEM&Aacute;TICA<\/td><td class=\"has-text-align-center\" data-align=\"center\">Nazar&eacute; da Mata<\/td><td class=\"has-text-align-center\" data-align=\"center\">Noturno<\/td><td class=\"has-text-align-center\" data-align=\"center\">668,86<\/td><\/tr><tr><td>ENGENHARIA EL&Eacute;TRICA &ndash; ELETROT&Eacute;CNICA<\/td><td class=\"has-text-align-center\" data-align=\"center\">Recife<\/td><td class=\"has-text-align-center\" data-align=\"center\">Matutino<\/td><td class=\"has-text-align-center\" data-align=\"center\">668,48<\/td><\/tr><tr><td>ENGENHARIA CIVIL<\/td><td class=\"has-text-align-center\" data-align=\"center\">Recife<\/td><td class=\"has-text-align-center\" data-align=\"center\">Vespertino<\/td><td class=\"has-text-align-center\" data-align=\"center\">666,82<\/td><\/tr><tr><td>CI&Ecirc;NCIA DA COMPUTA&Ccedil;&Atilde;O<\/td><td class=\"has-text-align-center\" data-align=\"center\">Nazar&eacute; da Mata<\/td><td class=\"has-text-align-center\" data-align=\"center\">Vespertino<\/td><td class=\"has-text-align-center\" data-align=\"center\">664,52<\/td><\/tr><tr><td>MATEM&Aacute;TICA<\/td><td class=\"has-text-align-center\" data-align=\"center\">Garanhuns<\/td><td class=\"has-text-align-center\" data-align=\"center\">Noturno<\/td><td class=\"has-text-align-center\" data-align=\"center\">658,94<\/td><\/tr><tr><td>SA&Uacute;DE COLETIVA<\/td><td class=\"has-text-align-center\" data-align=\"center\">Recife<\/td><td class=\"has-text-align-center\" data-align=\"center\">Matutino<\/td><td class=\"has-text-align-center\" data-align=\"center\">652,50<\/td><\/tr><tr><td>MATEM&Aacute;TICA<\/td><td class=\"has-text-align-center\" data-align=\"center\">Petrolina<\/td><td class=\"has-text-align-center\" data-align=\"center\">Noturno<\/td><td class=\"has-text-align-center\" data-align=\"center\">651,32<\/td><\/tr><tr><td>CI&Ecirc;NCIAS BIOL&Oacute;GICAS<\/td><td class=\"has-text-align-center\" data-align=\"center\">Garanhuns<\/td><td class=\"has-text-align-center\" data-align=\"center\">Noturno<\/td><td class=\"has-text-align-center\" data-align=\"center\">649,00<\/td><\/tr><tr><td>CI&Ecirc;NCIAS BIOL&Oacute;GICAS<\/td><td class=\"has-text-align-center\" data-align=\"center\">Recife<\/td><td class=\"has-text-align-center\" data-align=\"center\">Integral<\/td><td class=\"has-text-align-center\" data-align=\"center\">648,64<\/td><\/tr><tr><td>LETRAS &ndash; PORTUGU&Ecirc;S E INGL&Ecirc;S<\/td><td class=\"has-text-align-center\" data-align=\"center\">Petrolina<\/td><td class=\"has-text-align-center\" data-align=\"center\">Vespertino<\/td><td class=\"has-text-align-center\" data-align=\"center\">648,08<\/td><\/tr><tr><td>ENGENHARIA EL&Eacute;TRICA &ndash; TELECOMUNICA&Ccedil;&Otilde;ES<\/td><td class=\"has-text-align-center\" data-align=\"center\">Recife<\/td><td class=\"has-text-align-center\" data-align=\"center\">Matutino<\/td><td class=\"has-text-align-center\" data-align=\"center\">645,12<\/td><\/tr><tr><td>COMPUTA&Ccedil;&Atilde;O<\/td><td class=\"has-text-align-center\" data-align=\"center\">Garanhuns<\/td><td class=\"has-text-align-center\" data-align=\"center\">Integral<\/td><td class=\"has-text-align-center\" data-align=\"center\">642,00<\/td><\/tr><tr><td>LETRAS &ndash; PORTUGU&Ecirc;S E INGL&Ecirc;S<\/td><td class=\"has-text-align-center\" data-align=\"center\">Petrolina<\/td><td class=\"has-text-align-center\" data-align=\"center\">Noturno<\/td><td class=\"has-text-align-center\" data-align=\"center\">640,34<\/td><\/tr><tr><td>ABI &ndash; EDUCA&Ccedil;&Atilde;O F&Iacute;SICA<\/td><td class=\"has-text-align-center\" data-align=\"center\">Recife<\/td><td class=\"has-text-align-center\" data-align=\"center\">Integral<\/td><td class=\"has-text-align-center\" data-align=\"center\">638,66<\/td><\/tr><tr><td>HIST&Oacute;RIA<\/td><td class=\"has-text-align-center\" data-align=\"center\">Garanhuns<\/td><td class=\"has-text-align-center\" data-align=\"center\">Noturno<\/td><td class=\"has-text-align-center\" data-align=\"center\">638,04<\/td><\/tr><tr><td>LETRAS &ndash; L&Iacute;NGUA PORTUGUESA<\/td><td class=\"has-text-align-center\" data-align=\"center\">Garanhuns<\/td><td class=\"has-text-align-center\" data-align=\"center\">Noturno<\/td><td class=\"has-text-align-center\" data-align=\"center\">636,60<\/td><\/tr><tr><td>LETRAS &ndash; PORTUGU&Ecirc;S E INGL&Ecirc;S<\/td><td class=\"has-text-align-center\" data-align=\"center\">Nazar&eacute; da Mata<\/td><td class=\"has-text-align-center\" data-align=\"center\">Noturno<\/td><td class=\"has-text-align-center\" data-align=\"center\">634,88<\/td><\/tr><tr><td>MATEM&Aacute;TICA<\/td><td class=\"has-text-align-center\" data-align=\"center\">Nazar&eacute; da Mata<\/td><td class=\"has-text-align-center\" data-align=\"center\">Vespertino<\/td><td class=\"has-text-align-center\" data-align=\"center\">629,96<\/td><\/tr><tr><td>HIST&Oacute;RIA<\/td><td class=\"has-text-align-center\" data-align=\"center\">Nazar&eacute; da Mata<\/td><td class=\"has-text-align-center\" data-align=\"center\">Noturno<\/td><td class=\"has-text-align-center\" data-align=\"center\">627,50<\/td><\/tr><tr><td>ADMINISTRA&Ccedil;&Atilde;O<\/td><td class=\"has-text-align-center\" data-align=\"center\">Caruaru<\/td><td class=\"has-text-align-center\" data-align=\"center\">Noturno<\/td><td class=\"has-text-align-center\" data-align=\"center\">626,34<\/td><\/tr><tr><td>F&Iacute;SICA DE MATERIAIS<\/td><td class=\"has-text-align-center\" data-align=\"center\">Recife<\/td><td class=\"has-text-align-center\" data-align=\"center\">Integral<\/td><td class=\"has-text-align-center\" data-align=\"center\">626,12<\/td><\/tr><tr><td>CI&Ecirc;NCIAS BIOL&Oacute;GICAS<\/td><td class=\"has-text-align-center\" data-align=\"center\">Nazar&eacute; da Mata<\/td><td class=\"has-text-align-center\" data-align=\"center\">Noturno<\/td><td class=\"has-text-align-center\" data-align=\"center\">625,12<\/td><\/tr><tr><td>CI&Ecirc;NCIAS BIOL&Oacute;GICAS<\/td><td class=\"has-text-align-center\" data-align=\"center\">Petrolina<\/td><td class=\"has-text-align-center\" data-align=\"center\">Noturno<\/td><td class=\"has-text-align-center\" data-align=\"center\">624,58<\/td><\/tr><tr><td>HIST&Oacute;RIA<\/td><td class=\"has-text-align-center\" data-align=\"center\">Petrolina<\/td><td class=\"has-text-align-center\" data-align=\"center\">Vespertino<\/td><td class=\"has-text-align-center\" data-align=\"center\">623,58<\/td><\/tr><tr><td>PEDAGOGIA<\/td><td class=\"has-text-align-center\" data-align=\"center\">Garanhuns<\/td><td class=\"has-text-align-center\" data-align=\"center\">Noturno<\/td><td class=\"has-text-align-center\" data-align=\"center\">623,24<\/td><\/tr><tr><td>CI&Ecirc;NCIAS SOCIAIS<\/td><td class=\"has-text-align-center\" data-align=\"center\">Recife<\/td><td class=\"has-text-align-center\" data-align=\"center\">Noturno<\/td><td class=\"has-text-align-center\" data-align=\"center\">612,66<\/td><\/tr><tr><td>HIST&Oacute;RIA<\/td><td class=\"has-text-align-center\" data-align=\"center\">Petrolina<\/td><td class=\"has-text-align-center\" data-align=\"center\">Noturno<\/td><td class=\"has-text-align-center\" data-align=\"center\">612,30<\/td><\/tr><tr><td>CI&Ecirc;NCIAS BIOL&Oacute;GICAS<\/td><td class=\"has-text-align-center\" data-align=\"center\">Petrolina<\/td><td class=\"has-text-align-center\" data-align=\"center\">Vespertino<\/td><td class=\"has-text-align-center\" data-align=\"center\">610,50<\/td><\/tr><tr><td>ADMINISTRA&Ccedil;&Atilde;O<\/td><td class=\"has-text-align-center\" data-align=\"center\">Salgueiro<\/td><td class=\"has-text-align-center\" data-align=\"center\">Noturno<\/td><td class=\"has-text-align-center\" data-align=\"center\">609,16<\/td><\/tr><tr><td>GEOGRAFIA<\/td><td class=\"has-text-align-center\" data-align=\"center\">Garanhuns<\/td><td class=\"has-text-align-center\" data-align=\"center\">Noturno<\/td><td class=\"has-text-align-center\" data-align=\"center\">607,46<\/td><\/tr><tr><td>PEDAGOGIA<\/td><td class=\"has-text-align-center\" data-align=\"center\">Nazar&eacute; da Mata<\/td><td class=\"has-text-align-center\" data-align=\"center\">Noturno<\/td><td class=\"has-text-align-center\" data-align=\"center\">607,04<\/td><\/tr><tr><td>LETRAS &ndash; PORTUGU&Ecirc;S E ESPANHOL<\/td><td class=\"has-text-align-center\" data-align=\"center\">Petrolina<\/td><td class=\"has-text-align-center\" data-align=\"center\">Vespertino<\/td><td class=\"has-text-align-center\" data-align=\"center\">603,28<\/td><\/tr><tr><td>PEDAGOGIA<\/td><td class=\"has-text-align-center\" data-align=\"center\">Petrolina<\/td><td class=\"has-text-align-center\" data-align=\"center\">Noturno<\/td><td class=\"has-text-align-center\" data-align=\"center\">601,60<\/td><\/tr><tr><td>GEOGRAFIA<\/td><td class=\"has-text-align-center\" data-align=\"center\">Petrolina<\/td><td class=\"has-text-align-center\" data-align=\"center\">Noturno<\/td><td class=\"has-text-align-center\" data-align=\"center\">595,62<\/td><\/tr><tr><td>ADMINISTRA&Ccedil;&Atilde;O<\/td><td class=\"has-text-align-center\" data-align=\"center\">Palmares<\/td><td class=\"has-text-align-center\" data-align=\"center\">Integral<\/td><td class=\"has-text-align-center\" data-align=\"center\">595,60<\/td><\/tr><tr><td>PEDAGOGIA<\/td><td class=\"has-text-align-center\" data-align=\"center\">Petrolina<\/td><td class=\"has-text-align-center\" data-align=\"center\">Vespertino<\/td><td class=\"has-text-align-center\" data-align=\"center\">595,26<\/td><\/tr><tr><td>GEOGRAFIA<\/td><td class=\"has-text-align-center\" data-align=\"center\">Nazar&eacute; da Mata<\/td><td class=\"has-text-align-center\" data-align=\"center\">Noturno<\/td><td class=\"has-text-align-center\" data-align=\"center\">593,08<\/td><\/tr><tr><td>CI&Ecirc;NCIAS BIOL&Oacute;GICAS<\/td><td class=\"has-text-align-center\" data-align=\"center\">Nazar&eacute; da Mata<\/td><td class=\"has-text-align-center\" data-align=\"center\">Vespertino<\/td><td class=\"has-text-align-center\" data-align=\"center\">591,28<\/td><\/tr><tr><td>LOG&Iacute;STICA<\/td><td class=\"has-text-align-center\" data-align=\"center\">Nazar&eacute; da Mata<\/td><td class=\"has-text-align-center\" data-align=\"center\">Matutino<\/td><td class=\"has-text-align-center\" data-align=\"center\">591,10<\/td><\/tr><tr><td>LETRAS &ndash; PORTUGU&Ecirc;S E ESPANHOL<\/td><td class=\"has-text-align-center\" data-align=\"center\">Petrolina<\/td><td class=\"has-text-align-center\" data-align=\"center\">Noturno<\/td><td class=\"has-text-align-center\" data-align=\"center\">588,52<\/td><\/tr><tr><td>LETRAS &ndash; ESPANHOL<\/td><td class=\"has-text-align-center\" data-align=\"center\">Nazar&eacute; da Mata<\/td><td class=\"has-text-align-center\" data-align=\"center\">Vespertino<\/td><td class=\"has-text-align-center\" data-align=\"center\">583,30<\/td><\/tr><tr><td>GEOGRAFIA<\/td><td class=\"has-text-align-center\" data-align=\"center\">Petrolina<\/td><td class=\"has-text-align-center\" data-align=\"center\">Vespertino<\/td><td class=\"has-text-align-center\" data-align=\"center\">578,18<\/td><\/tr><tr><td>SERVI&Ccedil;O SOCIAL<\/td><td class=\"has-text-align-center\" data-align=\"center\">Palmares<\/td><td class=\"has-text-align-center\" data-align=\"center\">Integral<\/td><td class=\"has-text-align-center\" data-align=\"center\">566,26<\/td><\/tr><\/tbody><\/table><\/figure><h2 class=\"wp-block-heading\" id=\"h-campi-upe\"><span class=\"ez-toc-section\" id=\"Campi-UPE\"><\/span>Campi UPE<span class=\"ez-toc-section-end\"><\/span><\/h2><p>&nbsp;A Universidade de Pernambuco conta com uma estrutura multicampi, com suas unidades distribu&iacute;das entre dez cidades pernambucanas, entre elas Arcoverde, Recife, Nova Caruaru, Nazar&eacute; da Mata, Garanhuns, Palmares, Salgueiro, Petrolina, Santo Amaro e Serra Talhada.&nbsp;<\/p><p>Al&eacute;m disso, a institui&ccedil;&atilde;o possui um complexo hospitalar que comp&otilde;e o Campus Santo Amaro. Neste complexo, s&atilde;o lecionadas atividades diretamente ligadas &agrave;s disciplinas dos cursos de Ci&ecirc;ncias Biol&oacute;gicas, Enfermagem, Medicina, Odontologia e Sa&uacute;de Coletiva. Confira abaixo os nomes de cada campi da UPE:<\/p><ul class=\"wp-block-list\">\n<li>Campus Arcoverde;<\/li>\n\n\n\n<li>Campus Benfica (localizado em Recife);<\/li>\n\n\n\n<li>Campus Caruaru (localizado em Nova Caruaru);<\/li>\n\n\n\n<li>Campus Mata Norte (localizado em Nazar&eacute; da Mata);<\/li>\n\n\n\n<li>Campus Garanhuns;<\/li>\n\n\n\n<li>Campus Mata Sul (localizado em Palmares);<\/li>\n\n\n\n<li>Campus Salgueiro;<\/li>\n\n\n\n<li>Campus Petrolina;<\/li>\n\n\n\n<li>Campus Santo Amaro;<\/li>\n\n\n\n<li>Campus Serra Talhada.<\/li>\n<\/ul><p>Veja tamb&eacute;m:&nbsp;<br>+ <a href=\"https:\/\/vestibulares.estrategia.com\/portal\/enem\/como-calcular-nota-enem\/\">Como calcular a nota do Enem?<\/a><\/p><h2 class=\"wp-block-heading\" id=\"h-como-ingressar-na-upe\"><span class=\"ez-toc-section\" id=\"Como-ingressar-na-UPE\"><\/span>Como ingressar na UPE<span class=\"ez-toc-section-end\"><\/span><\/h2><p>O ingresso na Universidade de Pernambuco &eacute; feito pelo Sistema de Sele&ccedil;&atilde;o Unificada (Sisu), criado pelo Minist&eacute;rio da Educa&ccedil;&atilde;o (MEC), em 2010, para que institui&ccedil;&otilde;es p&uacute;blicas de ensino superior ofere&ccedil;am vagas a candidatos que participaram do Exame Nacional do Ensino M&eacute;dio (Enem).&nbsp;<\/p><h3 class=\"wp-block-heading\" id=\"h-vestibular-seriado\">Vestibular seriado<\/h3><p>Al&eacute;m do ingresso pelo Sisu, a UPE possui o Sistema Seriado de Avalia&ccedil;&atilde;o (SSA), que preenche 50% das vagas iniciais de todos os cursos de gradua&ccedil;&atilde;o, por entrada e turno. O SSA &eacute; formado por tr&ecirc;s fases realizadas de forma anual e consecutiva. Para participar, o estudante precisa estar matriculado na s&eacute;rie do Ensino M&eacute;dio correspondente &agrave; fase do processo seletivo.<\/p><p>Ou seja, o estudante do 1&ordm; ano do EM deve realizar a 1&ordf; fase (SSA 1). Enquanto o aluno do 2&ordm; ano realiza a 2&ordf; fase (SSA 2) e o aluno do 3&ordm; ano realiza a 3&ordf; e &uacute;ltima fase (SSA 3). Para ingressar na institui&ccedil;&atilde;o, &eacute; obrigat&oacute;rio participar do SSA 3. Al&eacute;m disso, para participar do SSA 3, o candidato precisa ter realizado ao menos uma das etapas anteriores de seu tri&ecirc;nio.<\/p><p>As provas das tr&ecirc;s fases do SSA s&atilde;o realizadas em dois dias. O SSA 1 e o SSA s&atilde;o compostos por 90 quest&otilde;es objetivas, enquanto o SSA 3 &eacute; composto por 100 quest&otilde;es objetivas e uma reda&ccedil;&atilde;o.<\/p><h2 class=\"wp-block-heading\" id=\"h-como-funciona-o-sisu\"><span class=\"ez-toc-section\" id=\"Como-funciona-o-Sisu\"><\/span>Como funciona o Sisu?<span class=\"ez-toc-section-end\"><\/span><\/h2><p>O Sisu &eacute; uma plataforma virtual que re&uacute;ne institui&ccedil;&otilde;es e candidatos para vagas em institui&ccedil;&otilde;es p&uacute;blicas de Ensino P&uacute;blico em um mesmo sistema. No site do programa as pessoas escolhem o curso e a institui&ccedil;&atilde;o pela qual v&atilde;o concorrer. A composi&ccedil;&atilde;o da nota do Sisu &eacute; feita de acordo com a nota do Enem do ano vigente.<\/p><p>O desempenho do candidato no exame, portanto, &eacute; determinante para conquistar uma das vagas existentes na UPE. Vale destacar que a ades&atilde;o ao Sisu &eacute; opcional e, por conta disso, muitas universidades contam com vestibulares pr&oacute;prios, que podem incluir, ou n&atilde;o, a nota do Enem.<\/p><p>Para participar, o candidato precisa acessar o site do Sisu, entrar no sistema com seus dados de acesso e seguir os passos de inscri&ccedil;&atilde;o, escolhendo tamb&eacute;m o curso e a institui&ccedil;&atilde;o que deseja concorrer. As inscri&ccedil;&otilde;es s&atilde;o abertas duas vezes ao ano, uma a cada semestre, e com base no Enem vigente naquele per&iacute;odo.<\/p><p>O candidato precisa ter em m&atilde;os o n&uacute;mero de inscri&ccedil;&atilde;o no Enem e a senha utilizada para acessar o sistema. N&atilde;o &eacute; necess&aacute;rio pagar nenhuma taxa para participar do programa.<\/p><p>Ao final do per&iacute;odo de inscri&ccedil;&atilde;o, o Sisu divulga a primeira lista de chamada com os candidatos mais bem colocados. Candidatos que zeraram a reda&ccedil;&atilde;o do Enem n&atilde;o conseguem participar do programa.<\/p><h3 class=\"wp-block-heading\" id=\"h-enem-2025\">Enem 2025<\/h3><ul class=\"wp-block-list\">\n<li><strong>Divulga&ccedil;&atilde;o do edital<\/strong><br>23\/05\/2025 &ndash;&nbsp;<a href=\"https:\/\/vestibulares.estrategia.com\/portal\/noticias\/edital-enem-2024-completo-datas-inscricoes-provas-e-resultado\/\" target=\"_blank\">acesse o edital<\/a><\/li>\n\n\n\n<li><strong>Per&iacute;odo de solicita&ccedil;&atilde;o de isen&ccedil;&atilde;o e justificativa de aus&ecirc;ncia<br><\/strong>14 a 25\/04\/2025<\/li>\n\n\n\n<li><strong>Divulga&ccedil;&atilde;o do resultado do pedido de isen&ccedil;&atilde;o e da justificativa de aus&ecirc;ncia<br><\/strong>12\/05\/2025<\/li>\n\n\n\n<li><strong>Recurso da justificativa de aus&ecirc;ncia e permiss&atilde;o de isen&ccedil;&atilde;o da taxa de inscri&ccedil;&atilde;o<br><\/strong>12 a 16\/05\/2025<\/li>\n\n\n\n<li><strong>Resultados do recurso da justificativa de aus&ecirc;ncia e pedido de isen&ccedil;&atilde;o da taxa de inscri&ccedil;&atilde;o<br><\/strong>22\/05\/2025<\/li>\n\n\n\n<li><strong>Per&iacute;odo de inscri&ccedil;&otilde;es do Enem 2025<br><\/strong>26\/05 a 06\/06\/2025<\/li>\n\n\n\n<li><strong>Pagamento da taxa de inscri&ccedil;&atilde;o<\/strong><br>at&eacute; 11\/06\/2025<\/li>\n\n\n\n<li><strong>Divulga&ccedil;&atilde;o do local de prova do Enem 2025<\/strong><br><em>24\/10\/2025<\/em><\/li>\n\n\n\n<li><strong>Provas Enem 2025<\/strong>*<br>09 e 16\/11\/2025<\/li>\n\n\n\n<li><strong>Divulga&ccedil;&atilde;o do gabarito oficial<\/strong><br>at&eacute; o 10&deg; dia &uacute;til ap&oacute;s o 2&deg; dia de aplica&ccedil;&atilde;o<\/li>\n\n\n\n<li><strong>Divulga&ccedil;&atilde;o do resultado<\/strong><br>16\/01\/2026<\/li>\n\n\n\n<li><strong>*Aplica&ccedil;&atilde;o em Bel&eacute;m, Ananindeua e Marituba (PA)<br><\/strong>30\/11 e 07\/12\/2025<\/li>\n<\/ul><h3 class=\"wp-block-heading\" id=\"h-sisu-2026\">Sisu 2026<\/h3><ul class=\"wp-block-list\">\n<li><strong>Divulga&ccedil;&atilde;o do edital:<\/strong>&nbsp;23\/12\/2025;<\/li>\n\n\n\n<li><strong>Per&iacute;odo de inscri&ccedil;&atilde;o:&nbsp;<\/strong>19 a 23\/01\/2026;<\/li>\n\n\n\n<li><strong>Resultado da lista &uacute;nica:&nbsp;<\/strong>29\/01\/2026;<\/li>\n\n\n\n<li><strong>Matr&iacute;culas chamada regular:&nbsp;<\/strong>a partir de 02\/02\/2026;<\/li>\n\n\n\n<li><strong>Per&iacute;odo para participar da lista de espera:&nbsp;<\/strong>29\/01 a 02\/02\/2026.<\/li>\n<\/ul><h2 class=\"wp-block-heading\" id=\"h-minha-nota-nao-e-suficiente-e-agora\"><span class=\"ez-toc-section\" id=\"Minha-nota-nao-e-suficiente-E-agora\"><\/span>Minha nota n&atilde;o &eacute; suficiente. E agora?<span class=\"ez-toc-section-end\"><\/span><\/h2><p>Se voc&ecirc; quer ser aprovado no curso dos sonhos na UPE pelo Sisu, mas sua nota n&atilde;o &eacute; suficiente, conte com a ajuda do Estrat&eacute;gia Vestibulares! Al&eacute;m de oferecer aulas di&aacute;rias gratuitas no Youtube sobre todos os temas que caem no Enem, a plataforma tamb&eacute;m oferece um curso preparat&oacute;rio exclusivo sobre o processo seletivo. Confira os benef&iacute;cios:<\/p><ul class=\"wp-block-list\">\n<li>Curso com livros digitais;<\/li>\n\n\n\n<li>Corre&ccedil;&atilde;o ilimitada de <a href=\"https:\/\/vestibulares.estrategia.com\/portal\/enem-e-vestibulares\/vestibulares\/curso-de-redacao-para-o-vestibular-saiba-mais-detalhes-e-como-escolher-o-seu\/\">reda&ccedil;&otilde;es<\/a>;<\/li>\n\n\n\n<li>F&oacute;rum de d&uacute;vidas;<\/li>\n\n\n\n<li><a href=\"https:\/\/vestibulares.estrategia.com\/portal\/eventos\/simulados-vestibulares\/\">Simulados<\/a> com quest&otilde;es in&eacute;ditas;<\/li>\n\n\n\n<li>Quest&otilde;es comentadas;<\/li>\n\n\n\n<li>Mapas mentais; e<\/li>\n\n\n\n<li>Entre muitas outras vantagens.<\/li>\n<\/ul><p>Ficou interessado? Ent&atilde;o, clique no banner e veja tudo sobre os cursos oferecidos pelo Estrat&eacute;gia Vestibulares!<\/p><p>\n\n\n\n<a id=\"cta\" class=\"cta-imagem\" href=\"https:\/\/vestibulares.estrategia.com\/curso\/pacote-enem\/\" target=\"blank\">\n                <img decoding=\"async\" width=\"100%\" src=\"https:\/\/vestibulares.estrategia.com\/portal\/wp-content\/uploads\/2021\/12\/Enem.jpg\" alt=\"CTA curso Enem\" title=\"CTA curso Enem\">\n        <\/a>\n<\/p><\/p>\n","protected":false},"excerpt":{"rendered":"Em 2024, a UPE ofertou 1,8 mil vagas para ingresso pelo Sisu; confira as notas de corte de seus cursos de gradua\u00e7\u00e3o\n","protected":false},"author":51,"featured_media":119367,"comment_status":"closed","ping_status":"closed","sticky":false,"template":"","format":"standard","meta":{"wl_entities_gutenberg":"","footnotes":""},"categories":[822],"tags":[],"wl_entity_type":[732],"class_list":{"0":"post-119365","1":"post","2":"type-post","3":"status-publish","4":"format-standard","5":"has-post-thumbnail","7":"category-sisu","8":"wl_entity_type-article"},"acf":[],"yoast_head":"<!-- This site is optimized with the Yoast SEO Premium plugin v25.9 (Yoast SEO v25.9) - https:\/\/yoast.com\/wordpress\/plugins\/seo\/ -->\n<title>Notas de corte da UPE no Sisu: saiba a nota m\u00ednima para ingresso<\/title>\n<meta name=\"description\" content=\"Se voc\u00ea tem interesse em ingressar na UPE pelo Sisu, confira as notas de corte de cada curso na modalidade Ampla Concorr\u00eancia!\" \/>\n<meta name=\"robots\" content=\"index, follow, max-snippet:-1, max-image-preview:large, max-video-preview:-1\" \/>\n<link rel=\"canonical\" href=\"https:\/\/vestibulares.estrategia.com\/portal\/enem-e-vestibulares\/sisu\/notas-de-corte-da-upe-no-sisu-saiba-a-nota-minima-para-ingresso\/\" \/>\n<meta property=\"og:locale\" content=\"pt_BR\" \/>\n<meta property=\"og:type\" content=\"article\" \/>\n<meta property=\"og:title\" content=\"Notas de corte da UPE no Sisu: saiba a nota m\u00ednima para ingresso\" \/>\n<meta property=\"og:description\" content=\"Se voc\u00ea tem interesse em ingressar na UPE pelo Sisu, confira as notas de corte de cada curso na modalidade Ampla Concorr\u00eancia!\" \/>\n<meta property=\"og:url\" content=\"https:\/\/vestibulares.estrategia.com\/portal\/enem-e-vestibulares\/sisu\/notas-de-corte-da-upe-no-sisu-saiba-a-nota-minima-para-ingresso\/\" \/>\n<meta property=\"og:site_name\" content=\"Estrat\u00e9gia Vestibulares\" \/>\n<meta property=\"article:publisher\" content=\"https:\/\/facebook.com\/estrategiavestibulares\" \/>\n<meta property=\"article:published_time\" content=\"2024-06-07T20:28:09+00:00\" \/>\n<meta property=\"article:modified_time\" content=\"2025-12-24T02:47:47+00:00\" \/>\n<meta property=\"og:image\" content=\"https:\/\/vestibulares.estrategia.com\/portal\/wp-content\/uploads\/2024\/06\/notas-de-corte-sisu-upe.jpg\" \/>\n\t<meta property=\"og:image:width\" content=\"1298\" \/>\n\t<meta property=\"og:image:height\" content=\"751\" \/>\n\t<meta property=\"og:image:type\" content=\"image\/jpeg\" \/>\n<meta name=\"author\" content=\"Larrani Ferreira\" \/>\n<meta name=\"twitter:card\" content=\"summary_large_image\" \/>\n<meta name=\"twitter:creator\" content=\"@Estrategiavest\" \/>\n<meta name=\"twitter:site\" content=\"@Estrategiavest\" \/>\n<meta name=\"twitter:label1\" content=\"Escrito por\" \/>\n\t<meta name=\"twitter:data1\" content=\"Larrani Ferreira\" \/>\n\t<meta name=\"twitter:label2\" content=\"Est. tempo de leitura\" \/>\n\t<meta name=\"twitter:data2\" content=\"8 minutos\" \/>\n<script type=\"application\/ld+json\" class=\"yoast-schema-graph\">{\"@context\":\"https:\/\/schema.org\",\"@graph\":[{\"@type\":\"Article\",\"@id\":\"https:\/\/vestibulares.estrategia.com\/portal\/enem-e-vestibulares\/sisu\/notas-de-corte-da-upe-no-sisu-saiba-a-nota-minima-para-ingresso\/#article\",\"isPartOf\":{\"@id\":\"https:\/\/vestibulares.estrategia.com\/portal\/enem-e-vestibulares\/sisu\/notas-de-corte-da-upe-no-sisu-saiba-a-nota-minima-para-ingresso\/\"},\"author\":{\"name\":\"Larrani Ferreira\",\"@id\":\"https:\/\/vestibulares.estrategia.com\/portal\/#\/schema\/person\/98d0c0e22d6d89b480aa1929f0e64ec5\"},\"headline\":\"Notas de corte da UPE no Sisu: saiba a nota m\u00ednima para ingresso\",\"datePublished\":\"2024-06-07T20:28:09+00:00\",\"dateModified\":\"2025-12-24T02:47:47+00:00\",\"mainEntityOfPage\":{\"@id\":\"https:\/\/vestibulares.estrategia.com\/portal\/enem-e-vestibulares\/sisu\/notas-de-corte-da-upe-no-sisu-saiba-a-nota-minima-para-ingresso\/\"},\"wordCount\":1708,\"publisher\":{\"@id\":\"https:\/\/vestibulares.estrategia.com\/portal\/#organization\"},\"image\":{\"@id\":\"https:\/\/vestibulares.estrategia.com\/portal\/enem-e-vestibulares\/sisu\/notas-de-corte-da-upe-no-sisu-saiba-a-nota-minima-para-ingresso\/#primaryimage\"},\"thumbnailUrl\":\"https:\/\/vestibulares.estrategia.com\/portal\/wp-content\/uploads\/2024\/06\/notas-de-corte-sisu-upe.jpg\",\"articleSection\":[\"Sisu\"],\"inLanguage\":\"pt-BR\"},{\"@type\":\"WebPage\",\"@id\":\"https:\/\/vestibulares.estrategia.com\/portal\/enem-e-vestibulares\/sisu\/notas-de-corte-da-upe-no-sisu-saiba-a-nota-minima-para-ingresso\/\",\"url\":\"https:\/\/vestibulares.estrategia.com\/portal\/enem-e-vestibulares\/sisu\/notas-de-corte-da-upe-no-sisu-saiba-a-nota-minima-para-ingresso\/\",\"name\":\"Notas de corte da UPE no Sisu: saiba a nota m\u00ednima para ingresso\",\"isPartOf\":{\"@id\":\"https:\/\/vestibulares.estrategia.com\/portal\/#website\"},\"primaryImageOfPage\":{\"@id\":\"https:\/\/vestibulares.estrategia.com\/portal\/enem-e-vestibulares\/sisu\/notas-de-corte-da-upe-no-sisu-saiba-a-nota-minima-para-ingresso\/#primaryimage\"},\"image\":{\"@id\":\"https:\/\/vestibulares.estrategia.com\/portal\/enem-e-vestibulares\/sisu\/notas-de-corte-da-upe-no-sisu-saiba-a-nota-minima-para-ingresso\/#primaryimage\"},\"thumbnailUrl\":\"https:\/\/vestibulares.estrategia.com\/portal\/wp-content\/uploads\/2024\/06\/notas-de-corte-sisu-upe.jpg\",\"datePublished\":\"2024-06-07T20:28:09+00:00\",\"dateModified\":\"2025-12-24T02:47:47+00:00\",\"description\":\"Se voc\u00ea tem interesse em ingressar na UPE pelo Sisu, confira as notas de corte de cada curso na modalidade Ampla Concorr\u00eancia!\",\"breadcrumb\":{\"@id\":\"https:\/\/vestibulares.estrategia.com\/portal\/enem-e-vestibulares\/sisu\/notas-de-corte-da-upe-no-sisu-saiba-a-nota-minima-para-ingresso\/#breadcrumb\"},\"inLanguage\":\"pt-BR\",\"potentialAction\":[{\"@type\":\"ReadAction\",\"target\":[\"https:\/\/vestibulares.estrategia.com\/portal\/enem-e-vestibulares\/sisu\/notas-de-corte-da-upe-no-sisu-saiba-a-nota-minima-para-ingresso\/\"]}]},{\"@type\":\"ImageObject\",\"inLanguage\":\"pt-BR\",\"@id\":\"https:\/\/vestibulares.estrategia.com\/portal\/enem-e-vestibulares\/sisu\/notas-de-corte-da-upe-no-sisu-saiba-a-nota-minima-para-ingresso\/#primaryimage\",\"url\":\"https:\/\/vestibulares.estrategia.com\/portal\/wp-content\/uploads\/2024\/06\/notas-de-corte-sisu-upe.jpg\",\"contentUrl\":\"https:\/\/vestibulares.estrategia.com\/portal\/wp-content\/uploads\/2024\/06\/notas-de-corte-sisu-upe.jpg\",\"width\":1298,\"height\":751,\"caption\":\"Foto: Instituto de Inova\u00e7\u00e3o Tecnol\u00f3gica (IIT) da UPE\/Divulga\u00e7\u00e3o\"},{\"@type\":\"BreadcrumbList\",\"@id\":\"https:\/\/vestibulares.estrategia.com\/portal\/enem-e-vestibulares\/sisu\/notas-de-corte-da-upe-no-sisu-saiba-a-nota-minima-para-ingresso\/#breadcrumb\",\"itemListElement\":[{\"@type\":\"ListItem\",\"position\":1,\"name\":\"Home\",\"item\":\"https:\/\/vestibulares.estrategia.com\/portal\/\"},{\"@type\":\"ListItem\",\"position\":2,\"name\":\"Enem e Vestibulares\",\"item\":\"https:\/\/vestibulares.estrategia.com\/portal\/enem-e-vestibulares\/\"},{\"@type\":\"ListItem\",\"position\":3,\"name\":\"Sisu\",\"item\":\"https:\/\/vestibulares.estrategia.com\/portal\/enem-e-vestibulares\/sisu\/\"},{\"@type\":\"ListItem\",\"position\":4,\"name\":\"Notas de corte da UPE no Sisu: saiba a nota m\u00ednima para ingresso\"}]},{\"@type\":\"WebSite\",\"@id\":\"https:\/\/vestibulares.estrategia.com\/portal\/#website\",\"url\":\"https:\/\/vestibulares.estrategia.com\/portal\/\",\"name\":\"Estrat\u00e9gia Vestibulares\",\"description\":\"\",\"publisher\":{\"@id\":\"https:\/\/vestibulares.estrategia.com\/portal\/#organization\"},\"potentialAction\":[{\"@type\":\"SearchAction\",\"target\":{\"@type\":\"EntryPoint\",\"urlTemplate\":\"https:\/\/vestibulares.estrategia.com\/portal\/?s={search_term_string}\"},\"query-input\":{\"@type\":\"PropertyValueSpecification\",\"valueRequired\":true,\"valueName\":\"search_term_string\"}}],\"inLanguage\":\"pt-BR\"},{\"@type\":\"Organization\",\"@id\":\"https:\/\/vestibulares.estrategia.com\/portal\/#organization\",\"name\":\"Estrat\u00e9gia Vestibulares\",\"url\":\"https:\/\/vestibulares.estrategia.com\/portal\/\",\"logo\":{\"@type\":\"ImageObject\",\"inLanguage\":\"pt-BR\",\"@id\":\"https:\/\/vestibulares.estrategia.com\/portal\/#\/schema\/logo\/image\/\",\"url\":\"https:\/\/vestibulares.estrategia.com\/portal\/wp-content\/uploads\/2021\/06\/Logo-Vestibulares@4x.png\",\"contentUrl\":\"https:\/\/vestibulares.estrategia.com\/portal\/wp-content\/uploads\/2021\/06\/Logo-Vestibulares@4x.png\",\"width\":250,\"height\":66,\"caption\":\"Estrat\u00e9gia Vestibulares\"},\"image\":{\"@id\":\"https:\/\/vestibulares.estrategia.com\/portal\/#\/schema\/logo\/image\/\"},\"sameAs\":[\"https:\/\/facebook.com\/estrategiavestibulares\",\"https:\/\/x.com\/Estrategiavest\",\"https:\/\/www.instagram.com\/estrategiavestibulares\",\"https:\/\/www.youtube.com\/channel\/UCGWdZy8ULI-7_5GrABa4vNA\"]},{\"@type\":\"Person\",\"@id\":\"https:\/\/vestibulares.estrategia.com\/portal\/#\/schema\/person\/98d0c0e22d6d89b480aa1929f0e64ec5\",\"name\":\"Larrani Ferreira\",\"image\":{\"@type\":\"ImageObject\",\"inLanguage\":\"pt-BR\",\"@id\":\"https:\/\/vestibulares.estrategia.com\/portal\/#\/schema\/person\/image\/\",\"url\":\"https:\/\/vestibulares.estrategia.com\/portal\/wp-content\/uploads\/2026\/02\/WhatsApp-Image-2026-02-05-at-14.26.13-150x150.jpeg\",\"contentUrl\":\"https:\/\/vestibulares.estrategia.com\/portal\/wp-content\/uploads\/2026\/02\/WhatsApp-Image-2026-02-05-at-14.26.13-150x150.jpeg\",\"caption\":\"Larrani Ferreira\"},\"description\":\"Jornalista e Mestranda em Comunica\u00e7\u00e3o Intercultural nas Organiza\u00e7\u00f5es\",\"url\":\"https:\/\/vestibulares.estrategia.com\/portal\/author\/larranioliveira\/\"}]}<\/script>\n<!-- \/ Yoast SEO Premium plugin. -->","yoast_head_json":{"title":"Notas de corte da UPE no Sisu: saiba a nota m\u00ednima para ingresso","description":"Se voc\u00ea tem interesse em ingressar na UPE pelo Sisu, confira as notas de corte de cada curso na modalidade Ampla Concorr\u00eancia!","robots":{"index":"index","follow":"follow","max-snippet":"max-snippet:-1","max-image-preview":"max-image-preview:large","max-video-preview":"max-video-preview:-1"},"canonical":"https:\/\/vestibulares.estrategia.com\/portal\/enem-e-vestibulares\/sisu\/notas-de-corte-da-upe-no-sisu-saiba-a-nota-minima-para-ingresso\/","og_locale":"pt_BR","og_type":"article","og_title":"Notas de corte da UPE no Sisu: saiba a nota m\u00ednima para ingresso","og_description":"Se voc\u00ea tem interesse em ingressar na UPE pelo Sisu, confira as notas de corte de cada curso na modalidade Ampla Concorr\u00eancia!","og_url":"https:\/\/vestibulares.estrategia.com\/portal\/enem-e-vestibulares\/sisu\/notas-de-corte-da-upe-no-sisu-saiba-a-nota-minima-para-ingresso\/","og_site_name":"Estrat\u00e9gia Vestibulares","article_publisher":"https:\/\/facebook.com\/estrategiavestibulares","article_published_time":"2024-06-07T20:28:09+00:00","article_modified_time":"2025-12-24T02:47:47+00:00","og_image":[{"width":1298,"height":751,"url":"https:\/\/vestibulares.estrategia.com\/portal\/wp-content\/uploads\/2024\/06\/notas-de-corte-sisu-upe.jpg","type":"image\/jpeg"}],"author":"Larrani Ferreira","twitter_card":"summary_large_image","twitter_creator":"@Estrategiavest","twitter_site":"@Estrategiavest","twitter_misc":{"Escrito por":"Larrani Ferreira","Est. tempo de leitura":"8 minutos"},"schema":{"@context":"https:\/\/schema.org","@graph":[{"@type":"Article","@id":"https:\/\/vestibulares.estrategia.com\/portal\/enem-e-vestibulares\/sisu\/notas-de-corte-da-upe-no-sisu-saiba-a-nota-minima-para-ingresso\/#article","isPartOf":{"@id":"https:\/\/vestibulares.estrategia.com\/portal\/enem-e-vestibulares\/sisu\/notas-de-corte-da-upe-no-sisu-saiba-a-nota-minima-para-ingresso\/"},"author":{"name":"Larrani Ferreira","@id":"https:\/\/vestibulares.estrategia.com\/portal\/#\/schema\/person\/98d0c0e22d6d89b480aa1929f0e64ec5"},"headline":"Notas de corte da UPE no Sisu: saiba a nota m\u00ednima para ingresso","datePublished":"2024-06-07T20:28:09+00:00","dateModified":"2025-12-24T02:47:47+00:00","mainEntityOfPage":{"@id":"https:\/\/vestibulares.estrategia.com\/portal\/enem-e-vestibulares\/sisu\/notas-de-corte-da-upe-no-sisu-saiba-a-nota-minima-para-ingresso\/"},"wordCount":1708,"publisher":{"@id":"https:\/\/vestibulares.estrategia.com\/portal\/#organization"},"image":{"@id":"https:\/\/vestibulares.estrategia.com\/portal\/enem-e-vestibulares\/sisu\/notas-de-corte-da-upe-no-sisu-saiba-a-nota-minima-para-ingresso\/#primaryimage"},"thumbnailUrl":"https:\/\/vestibulares.estrategia.com\/portal\/wp-content\/uploads\/2024\/06\/notas-de-corte-sisu-upe.jpg","articleSection":["Sisu"],"inLanguage":"pt-BR"},{"@type":"WebPage","@id":"https:\/\/vestibulares.estrategia.com\/portal\/enem-e-vestibulares\/sisu\/notas-de-corte-da-upe-no-sisu-saiba-a-nota-minima-para-ingresso\/","url":"https:\/\/vestibulares.estrategia.com\/portal\/enem-e-vestibulares\/sisu\/notas-de-corte-da-upe-no-sisu-saiba-a-nota-minima-para-ingresso\/","name":"Notas de corte da UPE no Sisu: saiba a nota m\u00ednima para ingresso","isPartOf":{"@id":"https:\/\/vestibulares.estrategia.com\/portal\/#website"},"primaryImageOfPage":{"@id":"https:\/\/vestibulares.estrategia.com\/portal\/enem-e-vestibulares\/sisu\/notas-de-corte-da-upe-no-sisu-saiba-a-nota-minima-para-ingresso\/#primaryimage"},"image":{"@id":"https:\/\/vestibulares.estrategia.com\/portal\/enem-e-vestibulares\/sisu\/notas-de-corte-da-upe-no-sisu-saiba-a-nota-minima-para-ingresso\/#primaryimage"},"thumbnailUrl":"https:\/\/vestibulares.estrategia.com\/portal\/wp-content\/uploads\/2024\/06\/notas-de-corte-sisu-upe.jpg","datePublished":"2024-06-07T20:28:09+00:00","dateModified":"2025-12-24T02:47:47+00:00","description":"Se voc\u00ea tem interesse em ingressar na UPE pelo Sisu, confira as notas de corte de cada curso na modalidade Ampla Concorr\u00eancia!","breadcrumb":{"@id":"https:\/\/vestibulares.estrategia.com\/portal\/enem-e-vestibulares\/sisu\/notas-de-corte-da-upe-no-sisu-saiba-a-nota-minima-para-ingresso\/#breadcrumb"},"inLanguage":"pt-BR","potentialAction":[{"@type":"ReadAction","target":["https:\/\/vestibulares.estrategia.com\/portal\/enem-e-vestibulares\/sisu\/notas-de-corte-da-upe-no-sisu-saiba-a-nota-minima-para-ingresso\/"]}]},{"@type":"ImageObject","inLanguage":"pt-BR","@id":"https:\/\/vestibulares.estrategia.com\/portal\/enem-e-vestibulares\/sisu\/notas-de-corte-da-upe-no-sisu-saiba-a-nota-minima-para-ingresso\/#primaryimage","url":"https:\/\/vestibulares.estrategia.com\/portal\/wp-content\/uploads\/2024\/06\/notas-de-corte-sisu-upe.jpg","contentUrl":"https:\/\/vestibulares.estrategia.com\/portal\/wp-content\/uploads\/2024\/06\/notas-de-corte-sisu-upe.jpg","width":1298,"height":751,"caption":"Foto: Instituto de Inova\u00e7\u00e3o Tecnol\u00f3gica (IIT) da UPE\/Divulga\u00e7\u00e3o"},{"@type":"BreadcrumbList","@id":"https:\/\/vestibulares.estrategia.com\/portal\/enem-e-vestibulares\/sisu\/notas-de-corte-da-upe-no-sisu-saiba-a-nota-minima-para-ingresso\/#breadcrumb","itemListElement":[{"@type":"ListItem","position":1,"name":"Home","item":"https:\/\/vestibulares.estrategia.com\/portal\/"},{"@type":"ListItem","position":2,"name":"Enem e Vestibulares","item":"https:\/\/vestibulares.estrategia.com\/portal\/enem-e-vestibulares\/"},{"@type":"ListItem","position":3,"name":"Sisu","item":"https:\/\/vestibulares.estrategia.com\/portal\/enem-e-vestibulares\/sisu\/"},{"@type":"ListItem","position":4,"name":"Notas de corte da UPE no Sisu: saiba a nota m\u00ednima para ingresso"}]},{"@type":"WebSite","@id":"https:\/\/vestibulares.estrategia.com\/portal\/#website","url":"https:\/\/vestibulares.estrategia.com\/portal\/","name":"Estrat\u00e9gia Vestibulares","description":"","publisher":{"@id":"https:\/\/vestibulares.estrategia.com\/portal\/#organization"},"potentialAction":[{"@type":"SearchAction","target":{"@type":"EntryPoint","urlTemplate":"https:\/\/vestibulares.estrategia.com\/portal\/?s={search_term_string}"},"query-input":{"@type":"PropertyValueSpecification","valueRequired":true,"valueName":"search_term_string"}}],"inLanguage":"pt-BR"},{"@type":"Organization","@id":"https:\/\/vestibulares.estrategia.com\/portal\/#organization","name":"Estrat\u00e9gia Vestibulares","url":"https:\/\/vestibulares.estrategia.com\/portal\/","logo":{"@type":"ImageObject","inLanguage":"pt-BR","@id":"https:\/\/vestibulares.estrategia.com\/portal\/#\/schema\/logo\/image\/","url":"https:\/\/vestibulares.estrategia.com\/portal\/wp-content\/uploads\/2021\/06\/Logo-Vestibulares@4x.png","contentUrl":"https:\/\/vestibulares.estrategia.com\/portal\/wp-content\/uploads\/2021\/06\/Logo-Vestibulares@4x.png","width":250,"height":66,"caption":"Estrat\u00e9gia Vestibulares"},"image":{"@id":"https:\/\/vestibulares.estrategia.com\/portal\/#\/schema\/logo\/image\/"},"sameAs":["https:\/\/facebook.com\/estrategiavestibulares","https:\/\/x.com\/Estrategiavest","https:\/\/www.instagram.com\/estrategiavestibulares","https:\/\/www.youtube.com\/channel\/UCGWdZy8ULI-7_5GrABa4vNA"]},{"@type":"Person","@id":"https:\/\/vestibulares.estrategia.com\/portal\/#\/schema\/person\/98d0c0e22d6d89b480aa1929f0e64ec5","name":"Larrani Ferreira","image":{"@type":"ImageObject","inLanguage":"pt-BR","@id":"https:\/\/vestibulares.estrategia.com\/portal\/#\/schema\/person\/image\/","url":"https:\/\/vestibulares.estrategia.com\/portal\/wp-content\/uploads\/2026\/02\/WhatsApp-Image-2026-02-05-at-14.26.13-150x150.jpeg","contentUrl":"https:\/\/vestibulares.estrategia.com\/portal\/wp-content\/uploads\/2026\/02\/WhatsApp-Image-2026-02-05-at-14.26.13-150x150.jpeg","caption":"Larrani Ferreira"},"description":"Jornalista e Mestranda em Comunica\u00e7\u00e3o Intercultural nas Organiza\u00e7\u00f5es","url":"https:\/\/vestibulares.estrategia.com\/portal\/author\/larranioliveira\/"}]}},"_wl_alt_label":[],"wl:entity_url":"https:\/\/data.wordlift.io\/wl110249\/post\/notas-de-corte-da-upe-no-sisu-saiba-a-nota-minima-para-ingresso","_links":{"self":[{"href":"https:\/\/vestibulares.estrategia.com\/portal\/wp-json\/wp\/v2\/posts\/119365","targetHints":{"allow":["GET"]}}],"collection":[{"href":"https:\/\/vestibulares.estrategia.com\/portal\/wp-json\/wp\/v2\/posts"}],"about":[{"href":"https:\/\/vestibulares.estrategia.com\/portal\/wp-json\/wp\/v2\/types\/post"}],"author":[{"embeddable":true,"href":"https:\/\/vestibulares.estrategia.com\/portal\/wp-json\/wp\/v2\/users\/51"}],"replies":[{"embeddable":true,"href":"https:\/\/vestibulares.estrategia.com\/portal\/wp-json\/wp\/v2\/comments?post=119365"}],"version-history":[{"count":5,"href":"https:\/\/vestibulares.estrategia.com\/portal\/wp-json\/wp\/v2\/posts\/119365\/revisions"}],"predecessor-version":[{"id":152392,"href":"https:\/\/vestibulares.estrategia.com\/portal\/wp-json\/wp\/v2\/posts\/119365\/revisions\/152392"}],"wp:featuredmedia":[{"embeddable":true,"href":"https:\/\/vestibulares.estrategia.com\/portal\/wp-json\/wp\/v2\/media\/119367"}],"wp:attachment":[{"href":"https:\/\/vestibulares.estrategia.com\/portal\/wp-json\/wp\/v2\/media?parent=119365"}],"wp:term":[{"taxonomy":"category","embeddable":true,"href":"https:\/\/vestibulares.estrategia.com\/portal\/wp-json\/wp\/v2\/categories?post=119365"},{"taxonomy":"post_tag","embeddable":true,"href":"https:\/\/vestibulares.estrategia.com\/portal\/wp-json\/wp\/v2\/tags?post=119365"},{"taxonomy":"wl_entity_type","embeddable":true,"href":"https:\/\/vestibulares.estrategia.com\/portal\/wp-json\/wp\/v2\/wl_entity_type?post=119365"}],"curies":[{"name":"wp","href":"https:\/\/api.w.org\/{rel}","templated":true}]}}