{"id":119479,"date":"2024-06-10T16:34:21","date_gmt":"2024-06-10T19:34:21","guid":{"rendered":"https:\/\/vestibulares.estrategia.com\/portal\/?p=119479"},"modified":"2025-10-28T09:01:13","modified_gmt":"2025-10-28T12:01:13","slug":"13-citacoes-de-maria-da-conceicao-tavares-para-usar-na-redacao","status":"publish","type":"post","link":"https:\/\/vestibulares.estrategia.com\/portal\/materias\/redacao\/13-citacoes-de-maria-da-conceicao-tavares-para-usar-na-redacao\/","title":{"rendered":"13 cita\u00e7\u00f5es de Maria da Concei\u00e7\u00e3o Tavares para usar na reda\u00e7\u00e3o"},"content":{"rendered":"<p>&ldquo;Estamos lutando apenas para n&atilde;o ficar malucos&rdquo;, disse <strong>Maria da Concei&ccedil;&atilde;o de Almeida Tavares<\/strong>, economista, matem&aacute;tica, escritora, pol&iacute;tica e professora luso-brasileira conhecida por diversas frases marcantes, ditas em tom efusivo e voz rouca.&nbsp;&nbsp;<p>A economista morreu no dia 8 de junho de 2024, aos 94 anos de longa trajet&oacute;ria e vida p&uacute;blica, que envolveu dar aulas na Universidade Estadual de Campinas (<a href=\"https:\/\/vestibulares.estrategia.com\/portal\/enem-e-vestibulares\/vestibulares\/vestibular-unicamp\/\">Unicamp<\/a>), ajudar a elaborar o plano de metas do governo Juscelino Kubitschek e ser deputada federal pelo Estado do Rio de Janeiro entre 1995 e 1999, com o lema de campanha <strong>&ldquo;esta &eacute; boa de briga&rdquo;<\/strong>.<\/p><p>Nascida em 1930, em Portugal, Maria da Concei&ccedil;&atilde;o Tavares veio ao Brasil em 1954, fugindo da ditadura salazarista que acontecia no pa&iacute;s naquele per&iacute;odo. Casada e gr&aacute;vida de sua primeira filha, ela se estabeleceu na cidade do Rio de Janeiro, onde, anos depois, se formou em Economia pela Universidade do Brasil, atual Universidade Federal do Rio de Janeiro (<a href=\"https:\/\/vestibulares.estrategia.com\/portal\/enem-e-vestibulares\/ufrj-sisu-cursos-vagas-como-ingressar-e-muito-mais\/\">UFRJ<\/a>).<\/p><p>Maria venceu o <strong>pr&ecirc;mio Jabuti, em 1998<\/strong>, na categoria Economia, e foi a &uacute;nica latino-americana e uma das quatro mulheres reconhecidas entre os <strong>100 economistas heterodoxos mais importantes do mundo<\/strong> pelo livro &ldquo;A Biographical Dictionary of Dissenting Economists&rdquo;.<\/p><p>Nos &uacute;ltimos anos foi redescoberta pelo p&uacute;blico jovem, que passou a viralizar trechos de v&iacute;deos de palestras, entrevistas e aulas da economista, por meio de perfis e p&aacute;ginas que exaltavam sua figura emblem&aacute;tica. Confira, abaixo, 13 cita&ccedil;&otilde;es de Maria da Concei&ccedil;&atilde;o Tavares que podem ser usadas nos vestibulares e no <a href=\"https:\/\/vestibulares.estrategia.com\/portal\/enem\/enem\">Enem<\/a>.&nbsp;<\/p><p>\n\n\n\n<div id=\"new-form\">\n\t<form id=\"forms_layout\">\n\t<input type=\"hidden\" id=\"chave_de\" name=\"chave_de\" value=\"01_EVEST_LEADS_TOTAIS\" \/>\n\t\t<input type=\"hidden\" id=\"mid\" name=\"mid\" value=\"515008983\" \/>\n\t\t<input type=\"hidden\" id=\"Objetivo\" name=\"Objetivo\" value=\"Vestibulares\" \/>\n\t\t<input type=\"hidden\" id=\"Estado_de_Origem_do_IP\" name=\"Estado_de_Origem_do_IP\"  value=\"\" \/>\n\t\t<input type=\"hidden\" id=\"Cidade_de_Origem_do_IP\" name=\"Cidade_de_Origem_do_IP\" value=\"\" \/>\n\t\t<input type=\"hidden\" id=\"Modo_de_entrada\" name=\"Modo_de_entrada\" value=\"Portal\" \/>\n\t\t<input type=\"hidden\" id=\"Pagina_Origem\" name=\"Pagina_Origem\" value=\"\" \/>\n\n\t\t<div class=\"texto\">\n\t\t\t<h3 class=\"news\">Inscreva-se em nossa newsletter\ud83e\udd89<\/h3>\n\t\t\t<p>Receba dicas de estudo gratuitas e saiba em primeira m\u00e3o as novidades sobre o Enem, Sisu, Encceja, Fuvest e outros vestibulares!<\/p>\n\t\t<\/div>\n\t\t<div class=\"campos\">\n\t\t\t<div class=\"first_name labels\">\n\t\t\t\t<input type=\"text\" class=\"input_labels\" id=\"first_name\" name=\"Nome_Completo\" placeholder=\"Nome\" required \/>\n\t\t\t<\/div>\n\t\t\t<div class=\"email labels\">\n\t\t\t\t<input type=\"email\" class=\"input_labels\" id=\"email\" name=\"Email\" placeholder=\"E-mail\" required \/>\n\t\t\t<\/div>\n\t\t\t<button type=\"submit\" class=\"button_layout\">\n\t\t\t\t<div id=\"lblBotao\">Inscreva-se<\/div>\n\t\t\t\t<span id=\"divSpiner\" class=\"loader\" role=\"status\" style=\"display: none;\"><\/span>\t\n\t\t\t<\/button>\n\t\t<\/div><!-- \/campos -->\n\t\t\n\t\t<label class=\"container_checkbox\">Voc\u00ea concorda com a nossa\n\t\t\t<a class=\"politics_privacy_ahref\" target=\"_blank\" href=\"https:\/\/gratis.estrategiaconcursos.com.br\/politica-de-privacidade\/\">Pol\u00edtica de Privacidade<\/a> e aceita receber informa\u00e7\u00f5es adicionais do Estrat\u00e9gia Educacional.\n\t\t\t<input id=\"checkbox_layout\" type=\"checkbox\" checked=\"checked\" required \/>\n\t\t\t<span class=\"checkbox\"><\/span>\n\t\t<\/label>\n\t\t<div id=\"msg\"><\/div>\n\t\t<div id=\"error\" class=\"error\">\n\t\t<\/div>\n\t<\/form>\n<\/div><!-- \/new-form -->\n\n\n\n<\/p><div id=\"ez-toc-container\" class=\"ez-toc-v2_0_76 counter-hierarchy ez-toc-counter ez-toc-transparent ez-toc-container-direction\">\n<div class=\"ez-toc-title-container\"><p class=\"ez-toc-title\" style=\"cursor:inherit\">Navegue pelo conte\u00fado<\/p>\n<\/div><nav><ul class='ez-toc-list ez-toc-list-level-1 ' ><li class='ez-toc-page-1 ez-toc-heading-level-2'><a class=\"ez-toc-link ez-toc-heading-1\" href=\"https:\/\/vestibulares.estrategia.com\/portal\/materias\/redacao\/13-citacoes-de-maria-da-conceicao-tavares-para-usar-na-redacao\/#1-%E2%80%94-%E2%80%9CSo-faz-de-conta-que-a-politica-nao-interessa-quem-manda-meu-bem%E2%80%9D\" >1 &mdash; &ldquo;S&oacute; faz de conta que a pol&iacute;tica n&atilde;o interessa, quem manda, meu bem.&rdquo;<\/a><\/li><li class='ez-toc-page-1 ez-toc-heading-level-2'><a class=\"ez-toc-link ez-toc-heading-2\" href=\"https:\/\/vestibulares.estrategia.com\/portal\/materias\/redacao\/13-citacoes-de-maria-da-conceicao-tavares-para-usar-na-redacao\/#2-%E2%80%94-%E2%80%9CUma-coisa-e-voce-saber-que-o-pais-e-grande-outra-e-conhecer-os-numeros-e-perceber-quanto-e-grande-e-desigual%E2%80%9D\" >2 &mdash; &ldquo;Uma coisa &eacute; voc&ecirc; saber que o pa&iacute;s &eacute; grande, outra &eacute; conhecer os n&uacute;meros e perceber quanto &eacute; grande e desigual.&rdquo;<\/a><\/li><li class='ez-toc-page-1 ez-toc-heading-level-2'><a class=\"ez-toc-link ez-toc-heading-3\" href=\"https:\/\/vestibulares.estrategia.com\/portal\/materias\/redacao\/13-citacoes-de-maria-da-conceicao-tavares-para-usar-na-redacao\/#3-%E2%80%94-%E2%80%9CA-imprensa-tem-uma-responsabilidade-central-Nao-pode-desinformar-Nao-pode-ser-apaniguada-do-poder%E2%80%9D\" >3 &mdash; &ldquo;A imprensa tem uma responsabilidade central! N&atilde;o pode desinformar! N&atilde;o pode ser apaniguada do poder!&rdquo;<\/a><\/li><li class='ez-toc-page-1 ez-toc-heading-level-2'><a class=\"ez-toc-link ez-toc-heading-4\" href=\"https:\/\/vestibulares.estrategia.com\/portal\/materias\/redacao\/13-citacoes-de-maria-da-conceicao-tavares-para-usar-na-redacao\/#4-%E2%80%94-%E2%80%9CNao-tem-vitorias-permanentes-nem-derrotas-permanentes%E2%80%9D\" >4 &mdash; &ldquo;N&atilde;o tem vit&oacute;rias permanentes, nem derrotas permanentes.&rdquo;<\/a><\/li><li class='ez-toc-page-1 ez-toc-heading-level-2'><a class=\"ez-toc-link ez-toc-heading-5\" href=\"https:\/\/vestibulares.estrategia.com\/portal\/materias\/redacao\/13-citacoes-de-maria-da-conceicao-tavares-para-usar-na-redacao\/#5-%E2%80%94-%E2%80%9CAcreditei-que-o-Brasil-ia-ser-uma-democracia-e-uma-civilizacao-original-nos-tropicos-E-eu-realmente-acreditei%E2%80%9D\" >5 &mdash; &ldquo;Acreditei que o Brasil ia ser uma democracia e uma civiliza&ccedil;&atilde;o original nos tr&oacute;picos. E eu realmente acreditei.&rdquo;<\/a><\/li><li class='ez-toc-page-1 ez-toc-heading-level-2'><a class=\"ez-toc-link ez-toc-heading-6\" href=\"https:\/\/vestibulares.estrategia.com\/portal\/materias\/redacao\/13-citacoes-de-maria-da-conceicao-tavares-para-usar-na-redacao\/#6-%E2%80%94-%E2%80%9CNinguem-come-PIB-come-alimentos%E2%80%9D\" >6 &mdash; &ldquo;Ningu&eacute;m come PIB, come alimentos.&rdquo;<\/a><\/li><li class='ez-toc-page-1 ez-toc-heading-level-2'><a class=\"ez-toc-link ez-toc-heading-7\" href=\"https:\/\/vestibulares.estrategia.com\/portal\/materias\/redacao\/13-citacoes-de-maria-da-conceicao-tavares-para-usar-na-redacao\/#7-%E2%80%94-%E2%80%9CDesenvolveu-se-o-mercado-interno-para-classe-media-A-incorporacao-da-massa-de-pobres-ao-consumo-e-um-fenomeno-muito-recente-Foi-uma-modernizacao-conservadora%E2%80%9D\" >7 &mdash; &ldquo;Desenvolveu-se o mercado interno para classe m&eacute;dia. A incorpora&ccedil;&atilde;o da massa de pobres ao consumo &eacute; um fen&ocirc;meno muito recente. Foi uma moderniza&ccedil;&atilde;o conservadora.&rdquo;<\/a><\/li><li class='ez-toc-page-1 ez-toc-heading-level-2'><a class=\"ez-toc-link ez-toc-heading-8\" href=\"https:\/\/vestibulares.estrategia.com\/portal\/materias\/redacao\/13-citacoes-de-maria-da-conceicao-tavares-para-usar-na-redacao\/#8-%E2%80%94-%E2%80%9CEspero-morrer-feliz-por-ser-brasileira-E-infeliz-por-ser-europeia%E2%80%9D\" >8 &mdash; &ldquo;Espero morrer feliz por ser brasileira. E infeliz por ser europeia.&rdquo;<\/a><\/li><li class='ez-toc-page-1 ez-toc-heading-level-2'><a class=\"ez-toc-link ez-toc-heading-9\" href=\"https:\/\/vestibulares.estrategia.com\/portal\/materias\/redacao\/13-citacoes-de-maria-da-conceicao-tavares-para-usar-na-redacao\/#9-%E2%80%94-%E2%80%9CSe-miseria-pobreza-e-desemprego-fossem-fatores-de-competitividade-a-Africa-seria-o-continente-mais-competitivo%E2%80%9D\" >9 &mdash; &ldquo;Se mis&eacute;ria, pobreza e desemprego fossem fatores de competitividade, a &Aacute;frica seria o continente mais competitivo.&rdquo;<\/a><\/li><li class='ez-toc-page-1 ez-toc-heading-level-2'><a class=\"ez-toc-link ez-toc-heading-10\" href=\"https:\/\/vestibulares.estrategia.com\/portal\/materias\/redacao\/13-citacoes-de-maria-da-conceicao-tavares-para-usar-na-redacao\/#10-%E2%80%94-%E2%80%9CDizem-que-as-mulheres-devem-ir-ao-poder-Eu-quero-o-Banco-Central-Eu-quero-a-chave-do-tesouro%E2%80%9D\" >10 &mdash; &ldquo;Dizem que as mulheres devem ir ao poder. Eu quero o Banco Central. Eu quero a chave do tesouro.&rdquo;<\/a><\/li><li class='ez-toc-page-1 ez-toc-heading-level-2'><a class=\"ez-toc-link ez-toc-heading-11\" href=\"https:\/\/vestibulares.estrategia.com\/portal\/materias\/redacao\/13-citacoes-de-maria-da-conceicao-tavares-para-usar-na-redacao\/#11-%E2%80%94-%E2%80%9CEm-pais-continental-e-muito-dificil-que-as-aliancas-se-facam-unica-e-exclusivamente-pelos-recortes-de-classes-Porque-as-fracoes-regionais-da-burguesia-tem-especificidades-que-sem-a-soldagem-dos-seus-interesses-e-dificil-administrar-em-um-espaco-continental%E2%80%9D\" >11 &mdash; &ldquo;Em pa&iacute;s continental &eacute; muito dif&iacute;cil que as alian&ccedil;as se fa&ccedil;am &uacute;nica e exclusivamente pelos recortes de classes. Porque as fra&ccedil;&otilde;es regionais da burguesia tem especificidades que sem a soldagem dos seus interesses &eacute; dif&iacute;cil administrar em um espa&ccedil;o continental.&rdquo;<\/a><\/li><li class='ez-toc-page-1 ez-toc-heading-level-2'><a class=\"ez-toc-link ez-toc-heading-12\" href=\"https:\/\/vestibulares.estrategia.com\/portal\/materias\/redacao\/13-citacoes-de-maria-da-conceicao-tavares-para-usar-na-redacao\/#12-%E2%80%94-%E2%80%9CA-classe-media-que-e-o-fundamento-da-sociedade-moderna-e-uma-classe-invejosa-por-natureza-%E2%80%98tudo-bem-a-desgraca-humana-a-miseria%E2%80%A6-desde-que-nao-me-venham-encher-o-saco-e-por-em-risco-a-minha-vida-e-a-minha-propriedade%E2%80%9D\" >12 &mdash; &ldquo;A classe m&eacute;dia, que &eacute; o fundamento da sociedade moderna, &eacute; uma classe invejosa por natureza: &lsquo;tudo bem a desgra&ccedil;a humana, a mis&eacute;ria&hellip; desde que n&atilde;o me venham encher o saco e p&ocirc;r em risco a minha vida e a minha propriedade&rsquo;&rdquo;.<\/a><\/li><li class='ez-toc-page-1 ez-toc-heading-level-2'><a class=\"ez-toc-link ez-toc-heading-13\" href=\"https:\/\/vestibulares.estrategia.com\/portal\/materias\/redacao\/13-citacoes-de-maria-da-conceicao-tavares-para-usar-na-redacao\/#13-%E2%80%94-%E2%80%9CUma-economia-que-nao-se-preocupa-com-justica-social-e-uma-economia-que-condena-os-povos-a-isso-que-esta-acontecendo-no-mundo-uma-brutal-concentracao-de-renda-e-de-riqueza-o-desemprego-e-a-miseria%E2%80%A6-Uma-economia-que-diz-que-primeiro-tem-de-estabilizar-depois-crescer-depois-distribuir-e-uma-falacia-Nao-estabiliza-cresce-aos-solavancos-e-nao-distribui-E-essa-e-a-historia-da-economia-brasileira%E2%80%9D\" >13 &mdash; &ldquo;Uma economia que n&atilde;o se preocupa com justi&ccedil;a social &eacute; uma economia que condena os povos a isso que est&aacute; acontecendo no mundo: uma brutal concentra&ccedil;&atilde;o de renda e de riqueza, o desemprego e a mis&eacute;ria&hellip; Uma economia que diz que primeiro tem de estabilizar, depois crescer, depois distribuir &eacute; uma fal&aacute;cia. N&atilde;o estabiliza, cresce aos solavancos e n&atilde;o distribui. E essa &eacute; a hist&oacute;ria da economia brasileira&rdquo;.<\/a><\/li><li class='ez-toc-page-1 ez-toc-heading-level-2'><a class=\"ez-toc-link ez-toc-heading-14\" href=\"https:\/\/vestibulares.estrategia.com\/portal\/materias\/redacao\/13-citacoes-de-maria-da-conceicao-tavares-para-usar-na-redacao\/#Confira-mais-citacoes\" >Confira mais cita&ccedil;&otilde;es<\/a><\/li><li class='ez-toc-page-1 ez-toc-heading-level-2'><a class=\"ez-toc-link ez-toc-heading-15\" href=\"https:\/\/vestibulares.estrategia.com\/portal\/materias\/redacao\/13-citacoes-de-maria-da-conceicao-tavares-para-usar-na-redacao\/#Prepare-se-para-a-redacao-com-o-Estrategia-Vestibulares\" >Prepare-se para a reda&ccedil;&atilde;o com o Estrat&eacute;gia Vestibulares<\/a><\/li><\/ul><\/nav><\/div>\n<h2 class=\"wp-block-heading\" id=\"h-1-so-faz-de-conta-que-a-politica-nao-interessa-quem-manda-meu-bem\"><span class=\"ez-toc-section\" id=\"1-%E2%80%94-%E2%80%9CSo-faz-de-conta-que-a-politica-nao-interessa-quem-manda-meu-bem%E2%80%9D\"><\/span>1 &mdash; &ldquo;S&oacute; faz de conta que a pol&iacute;tica n&atilde;o interessa, quem manda, meu bem.&rdquo;<span class=\"ez-toc-section-end\"><\/span><\/h2><p>Maria da Concei&ccedil;&atilde;o Tavares expressa suas opini&otilde;es sem rodeios e essa frase &eacute; um exemplo. Aqui ela indica que a aus&ecirc;ncia de participa&ccedil;&atilde;o pol&iacute;tica, ou ao menos de interesse nesse mundo &eacute; um faz de conta que pertence somente a quem, aos olhos da economista, controla o poder de uma na&ccedil;&atilde;o, algo que n&atilde;o acontece com os trabalhadores.<\/p><h2 class=\"wp-block-heading\" id=\"h-2-uma-coisa-e-voce-saber-que-o-pais-e-grande-outra-e-conhecer-os-numeros-e-perceber-quanto-e-grande-e-desigual\"><span class=\"ez-toc-section\" id=\"2-%E2%80%94-%E2%80%9CUma-coisa-e-voce-saber-que-o-pais-e-grande-outra-e-conhecer-os-numeros-e-perceber-quanto-e-grande-e-desigual%E2%80%9D\"><\/span>2 &mdash; &ldquo;Uma coisa &eacute; voc&ecirc; saber que o pa&iacute;s &eacute; grande, outra &eacute; conhecer os n&uacute;meros e perceber quanto &eacute; grande e desigual.&rdquo;<span class=\"ez-toc-section-end\"><\/span><\/h2><p>Ao falar de Brasil, MCT recorta a desigualdade com vi&eacute;s econ&ocirc;mico e social, que, para ela, deveria ser a prioridade dos governos tupiniquins.<\/p><h2 class=\"wp-block-heading\" id=\"h-3-a-imprensa-tem-uma-responsabilidade-central-nao-pode-desinformar-nao-pode-ser-apaniguada-do-poder\"><span class=\"ez-toc-section\" id=\"3-%E2%80%94-%E2%80%9CA-imprensa-tem-uma-responsabilidade-central-Nao-pode-desinformar-Nao-pode-ser-apaniguada-do-poder%E2%80%9D\"><\/span>3 &mdash; &ldquo;A imprensa tem uma responsabilidade central! N&atilde;o pode desinformar! N&atilde;o pode ser apaniguada do poder!&rdquo;<span class=\"ez-toc-section-end\"><\/span><\/h2><p>A economista participava de programas de televis&atilde;o e marcava presen&ccedil;a tamb&eacute;m em palestras e eventos. Em entrevista ao Roda Viva, da TV Cultura, ela discorreu sobre o papel da imprensa.<\/p><h2 class=\"wp-block-heading\" id=\"h-4-nao-tem-vitorias-permanentes-nem-derrotas-permanentes\"><span class=\"ez-toc-section\" id=\"4-%E2%80%94-%E2%80%9CNao-tem-vitorias-permanentes-nem-derrotas-permanentes%E2%80%9D\"><\/span>4 &mdash; &ldquo;N&atilde;o tem vit&oacute;rias permanentes, nem derrotas permanentes.&rdquo;<span class=\"ez-toc-section-end\"><\/span><\/h2><p>Ao falar de suas mem&oacute;rias, Maria da Concei&ccedil;&atilde;o Tavares discorreu que um dia relataria seus horrores, mas tamb&eacute;m suas conquistas, e filosofou sobre esses momentos com essa frase, que tamb&eacute;m soa como alerta.<\/p><h2 class=\"wp-block-heading\" id=\"h-5-acreditei-que-o-brasil-ia-ser-uma-democracia-e-uma-civilizacao-original-nos-tropicos-e-eu-realmente-acreditei\"><span class=\"ez-toc-section\" id=\"5-%E2%80%94-%E2%80%9CAcreditei-que-o-Brasil-ia-ser-uma-democracia-e-uma-civilizacao-original-nos-tropicos-E-eu-realmente-acreditei%E2%80%9D\"><\/span>5 &mdash; &ldquo;Acreditei que o Brasil ia ser uma democracia e uma civiliza&ccedil;&atilde;o original nos tr&oacute;picos. E eu realmente acreditei.&rdquo;<span class=\"ez-toc-section-end\"><\/span><\/h2><p>Nascida em Portugal, Maria j&aacute; afirmou em entrevista que um dos motivos que levou ela e sua fam&iacute;lia de emigrar para o Brasil foi a cren&ccedil;a de que o Pa&iacute;s seria uma democracia forte e exemplo no mundo. Meses depois de sua chegada, Get&uacute;lio Vargas se matou, dando fim ao seu governo.<\/p><h2 class=\"wp-block-heading\" id=\"h-6-ninguem-come-pib-come-alimentos\"><span class=\"ez-toc-section\" id=\"6-%E2%80%94-%E2%80%9CNinguem-come-PIB-come-alimentos%E2%80%9D\"><\/span>6 &mdash; &ldquo;Ningu&eacute;m come PIB, come alimentos.&rdquo;<span class=\"ez-toc-section-end\"><\/span><\/h2><p>&Iacute;ndices s&atilde;o importantes, mas n&atilde;o devem ser vistos como o que realmente qualifica a vida em um pa&iacute;s, de acordo com o ponto de vista da economista. Para ela, de nada adianta o Produto Interno Bruto (PIB) melhorar se a popula&ccedil;&atilde;o n&atilde;o &eacute; atingida de forma positiva.<\/p><h2 class=\"wp-block-heading\" id=\"h-7-desenvolveu-se-o-mercado-interno-para-classe-media-a-incorporacao-da-massa-de-pobres-ao-consumo-e-um-fenomeno-muito-recente-foi-uma-modernizacao-conservadora\"><span class=\"ez-toc-section\" id=\"7-%E2%80%94-%E2%80%9CDesenvolveu-se-o-mercado-interno-para-classe-media-A-incorporacao-da-massa-de-pobres-ao-consumo-e-um-fenomeno-muito-recente-Foi-uma-modernizacao-conservadora%E2%80%9D\"><\/span>7 &mdash; &ldquo;Desenvolveu-se o mercado interno para classe m&eacute;dia. A incorpora&ccedil;&atilde;o da massa de pobres ao consumo &eacute; um fen&ocirc;meno muito recente. Foi uma moderniza&ccedil;&atilde;o conservadora.&rdquo;<span class=\"ez-toc-section-end\"><\/span><\/h2><p>Maria da Concei&ccedil;&atilde;o Tavares, em entrevista para o document&aacute;rio &ldquo;Um sonho intenso&rdquo;, aborda o processo de moderniza&ccedil;&atilde;o e industrializa&ccedil;&atilde;o na <a href=\"https:\/\/vestibulares.estrategia.com\/portal\/materias\/historia\/era-vargas-tres-momentos-importantes-para-entender-o-periodo\/\">Era Vargas<\/a>, do governo de Juscelino e no regime militar, comparando-os com a atualidade (a entrevista foi realizada em 2014).<\/p><h2 class=\"wp-block-heading\" id=\"h-8-espero-morrer-feliz-por-ser-brasileira-e-infeliz-por-ser-europeia\"><span class=\"ez-toc-section\" id=\"8-%E2%80%94-%E2%80%9CEspero-morrer-feliz-por-ser-brasileira-E-infeliz-por-ser-europeia%E2%80%9D\"><\/span>8 &mdash; &ldquo;Espero morrer feliz por ser brasileira. E infeliz por ser europeia.&rdquo;<span class=\"ez-toc-section-end\"><\/span><\/h2><p>MCT nunca escondeu sua admira&ccedil;&atilde;o pelo Brasil e sua lamenta&ccedil;&atilde;o com Portugal e a Europa em si, continente respons&aacute;vel por processos de coloniza&ccedil;&atilde;o, explora&ccedil;&atilde;o e escravid&atilde;o em todo o canto da Terra.<\/p><h2 class=\"wp-block-heading\" id=\"h-9-se-miseria-pobreza-e-desemprego-fossem-fatores-de-competitividade-a-africa-seria-o-continente-mais-competitivo\"><span class=\"ez-toc-section\" id=\"9-%E2%80%94-%E2%80%9CSe-miseria-pobreza-e-desemprego-fossem-fatores-de-competitividade-a-Africa-seria-o-continente-mais-competitivo%E2%80%9D\"><\/span>9 &mdash; &ldquo;Se mis&eacute;ria, pobreza e desemprego fossem fatores de competitividade, a &Aacute;frica seria o continente mais competitivo.&rdquo;<span class=\"ez-toc-section-end\"><\/span><\/h2><p>A ironia era uma das formas de manifesta&ccedil;&atilde;o cr&iacute;tica da autora, que nessa frase compara o Brasil com a &Aacute;frica para comentar sobre a mudan&ccedil;a cambial que ocorreu no pa&iacute;s nos anos 90.<\/p><h2 class=\"wp-block-heading\" id=\"h-10-dizem-que-as-mulheres-devem-ir-ao-poder-eu-quero-o-banco-central-eu-quero-a-chave-do-tesouro\"><span class=\"ez-toc-section\" id=\"10-%E2%80%94-%E2%80%9CDizem-que-as-mulheres-devem-ir-ao-poder-Eu-quero-o-Banco-Central-Eu-quero-a-chave-do-tesouro%E2%80%9D\"><\/span>10 &mdash; &ldquo;Dizem que as mulheres devem ir ao poder. Eu quero o Banco Central. Eu quero a chave do tesouro.&rdquo;<span class=\"ez-toc-section-end\"><\/span><\/h2><p>Em entrevista para J&ocirc; Soares, Maria pontua que n&atilde;o gostaria de ser ministra, mas sim presidenta do Banco Central, que, para ela, sempre est&aacute; nas m&atilde;os de pessoas desonestas.<\/p><h2 class=\"wp-block-heading\" id=\"h-11-em-pais-continental-e-muito-dificil-que-as-aliancas-se-facam-unica-e-exclusivamente-pelos-recortes-de-classes-porque-as-fracoes-regionais-da-burguesia-tem-especificidades-que-sem-a-soldagem-dos-seus-interesses-e-dificil-administrar-em-um-espaco-continental\"><span class=\"ez-toc-section\" id=\"11-%E2%80%94-%E2%80%9CEm-pais-continental-e-muito-dificil-que-as-aliancas-se-facam-unica-e-exclusivamente-pelos-recortes-de-classes-Porque-as-fracoes-regionais-da-burguesia-tem-especificidades-que-sem-a-soldagem-dos-seus-interesses-e-dificil-administrar-em-um-espaco-continental%E2%80%9D\"><\/span>11 &mdash; &ldquo;Em pa&iacute;s continental &eacute; muito dif&iacute;cil que as alian&ccedil;as se fa&ccedil;am &uacute;nica e exclusivamente pelos recortes de classes. Porque as fra&ccedil;&otilde;es regionais da burguesia tem especificidades que sem a soldagem dos seus interesses &eacute; dif&iacute;cil administrar em um espa&ccedil;o continental.&rdquo;<span class=\"ez-toc-section-end\"><\/span><\/h2><p>Em sala de aula, MCT fala sobre as dificuldades que o Pa&iacute;s tem em se unir por conta das particularidades regionais que precisam ser atendidas, algo muito dif&iacute;cil em um territ&oacute;rio t&atilde;o vasto.<\/p><h2 class=\"wp-block-heading\" id=\"h-12-a-classe-media-que-e-o-fundamento-da-sociedade-moderna-e-uma-classe-invejosa-por-natureza-tudo-bem-a-desgraca-humana-a-miseria-desde-que-nao-me-venham-encher-o-saco-e-por-em-risco-a-minha-vida-e-a-minha-propriedade\"><span class=\"ez-toc-section\" id=\"12-%E2%80%94-%E2%80%9CA-classe-media-que-e-o-fundamento-da-sociedade-moderna-e-uma-classe-invejosa-por-natureza-%E2%80%98tudo-bem-a-desgraca-humana-a-miseria%E2%80%A6-desde-que-nao-me-venham-encher-o-saco-e-por-em-risco-a-minha-vida-e-a-minha-propriedade%E2%80%9D\"><\/span>12 &mdash; &ldquo;A classe m&eacute;dia, que &eacute; o fundamento da sociedade moderna, &eacute; uma classe invejosa por natureza: &lsquo;tudo bem a desgra&ccedil;a humana, a mis&eacute;ria&hellip; desde que n&atilde;o me venham encher o saco e p&ocirc;r em risco a minha vida e a minha propriedade&rsquo;&rdquo;.<span class=\"ez-toc-section-end\"><\/span><\/h2><p>Tamb&eacute;m em uma das suas aulas gravadas e publicadas na internet, Maria comenta sobre o pensamento da classe m&eacute;dia brasileira, que ela v&ecirc; como invejosa e ego&iacute;sta.<\/p><h2 class=\"wp-block-heading\" id=\"h-13-uma-economia-que-nao-se-preocupa-com-justica-social-e-uma-economia-que-condena-os-povos-a-isso-que-esta-acontecendo-no-mundo-uma-brutal-concentracao-de-renda-e-de-riqueza-o-desemprego-e-a-miseria-uma-economia-que-diz-que-primeiro-tem-de-estabilizar-depois-crescer-depois-distribuir-e-uma-falacia-nao-estabiliza-cresce-aos-solavancos-e-nao-distribui-e-essa-e-a-historia-da-economia-brasileira\"><span class=\"ez-toc-section\" id=\"13-%E2%80%94-%E2%80%9CUma-economia-que-nao-se-preocupa-com-justica-social-e-uma-economia-que-condena-os-povos-a-isso-que-esta-acontecendo-no-mundo-uma-brutal-concentracao-de-renda-e-de-riqueza-o-desemprego-e-a-miseria%E2%80%A6-Uma-economia-que-diz-que-primeiro-tem-de-estabilizar-depois-crescer-depois-distribuir-e-uma-falacia-Nao-estabiliza-cresce-aos-solavancos-e-nao-distribui-E-essa-e-a-historia-da-economia-brasileira%E2%80%9D\"><\/span>13 &mdash; &ldquo;Uma economia que n&atilde;o se preocupa com justi&ccedil;a social &eacute; uma economia que condena os povos a isso que est&aacute; acontecendo no mundo: uma brutal concentra&ccedil;&atilde;o de renda e de riqueza, o desemprego e a mis&eacute;ria&hellip; Uma economia que diz que primeiro tem de estabilizar, depois crescer, depois distribuir &eacute; uma fal&aacute;cia. N&atilde;o estabiliza, cresce aos solavancos e n&atilde;o distribui. E essa &eacute; a hist&oacute;ria da economia brasileira&rdquo;.<span class=\"ez-toc-section-end\"><\/span><\/h2><p>Maria da Concei&ccedil;&atilde;o Tavares aborda o funcionamento da economia brasileira e explica, segundo suas teorias, que o crescimento dos &iacute;ndices de um pa&iacute;s devem acompanhar o processo de estabiliza&ccedil;&atilde;o. Ao falar sobre concentra&ccedil;&atilde;o de renda e os demais temas, a economista toca em pontos que s&atilde;o atuais e cada vez mais marcantes em nossa sociedade.<\/p><h2 class=\"wp-block-heading\" id=\"h-confira-mais-citacoes\"><span class=\"ez-toc-section\" id=\"Confira-mais-citacoes\"><\/span>Confira mais cita&ccedil;&otilde;es<span class=\"ez-toc-section-end\"><\/span><\/h2><ul class=\"wp-block-list\">\n<li><a href=\"https:\/\/vestibulares.estrategia.com\/portal\/materias\/redacao\/citacoes-maria-da-penha\/\" target=\"_blank\">7 cita&ccedil;&otilde;es de Maria da Penha para usar como repert&oacute;rio na reda&ccedil;&atilde;o<\/a><\/li>\n\n\n\n<li><a href=\"https:\/\/vestibulares.estrategia.com\/portal\/materias\/redacao\/citacoes-malala-redacao\/\" target=\"_blank\">11 cita&ccedil;&otilde;es de Malala Yousafzai para usar na reda&ccedil;&atilde;o<\/a><\/li>\n\n\n\n<li><a href=\"https:\/\/vestibulares.estrategia.com\/portal\/materias\/redacao\/23-citacoes-de-simone-de-beauvoir-para-usar-na-redacao\/\" target=\"_blank\">23 cita&ccedil;&otilde;es de Simone de Beauvoir para usar na reda&ccedil;&atilde;o<\/a><\/li>\n\n\n\n<li><a href=\"https:\/\/vestibulares.estrategia.com\/portal\/materias\/redacao\/17-citacoes-de-karl-marx-para-usar-na-redacao\/\" target=\"_blank\">17 cita&ccedil;&otilde;es de Karl Marx para usar na reda&ccedil;&atilde;o<\/a><\/li>\n\n\n\n<li><a href=\"https:\/\/vestibulares.estrategia.com\/portal\/materias\/redacao\/citacoes-carolina-maria-de-jesus\/\" target=\"_blank\">7 cita&ccedil;&otilde;es de Carolina Maria de Jesus para usar na reda&ccedil;&atilde;o<\/a><\/li>\n\n\n\n<li><a href=\"https:\/\/vestibulares.estrategia.com\/portal\/materias\/redacao\/7-citacoes-sobre-desemprego-para-usar-na-redacao\/\" target=\"_blank\">7 cita&ccedil;&otilde;es sobre desemprego para usar na reda&ccedil;&atilde;o<\/a><\/li>\n\n\n\n<li><a href=\"https:\/\/vestibulares.estrategia.com\/portal\/materias\/redacao\/11-citacoes-sobre-economia-para-usar-na-redacao\/\" target=\"_blank\">11 cita&ccedil;&otilde;es sobre economia para usar na reda&ccedil;&atilde;o<\/a><\/li>\n\n\n\n<li><a href=\"https:\/\/vestibulares.estrategia.com\/portal\/materias\/redacao\/citacoes-sobre-igualdade-de-genero\/\" target=\"_blank\">7 cita&ccedil;&otilde;es sobre igualdade de g&ecirc;nero para usar na reda&ccedil;&atilde;o<\/a><\/li>\n\n\n\n<li><a href=\"https:\/\/vestibulares.estrategia.com\/portal\/materias\/redacao\/9-citacoes-sobre-inclusao-social-para-usar-na-redacao\/\" target=\"_blank\">9 cita&ccedil;&otilde;es sobre inclus&atilde;o social para usar na reda&ccedil;&atilde;o<\/a><\/li>\n\n\n\n<li><a href=\"https:\/\/vestibulares.estrategia.com\/portal\/materias\/redacao\/citacoes-desigualdade-social-redacao\/\" target=\"_blank\">15 cita&ccedil;&otilde;es sobre desigualdade social para usar na reda&ccedil;&atilde;o<\/a><\/li>\n\n\n\n<li><a href=\"https:\/\/vestibulares.estrategia.com\/portal\/materias\/redacao\/9-citacoes-sobre-arte-para-usar-como-repertorio-sociocultural-na-redacao\/\" target=\"_blank\">9 cita&ccedil;&otilde;es sobre arte para usar como repert&oacute;rio sociocultural na reda&ccedil;&atilde;o&nbsp;<\/a><\/li>\n\n\n\n<li><a href=\"https:\/\/vestibulares.estrategia.com\/portal\/materias\/redacao\/7-citacoes-sobre-discriminacao-racial-para-usar-na-redacao\/\" target=\"_blank\">7 cita&ccedil;&otilde;es sobre discrimina&ccedil;&atilde;o racial para usar na reda&ccedil;&atilde;o<\/a><\/li>\n\n\n\n<li><a href=\"https:\/\/vestibulares.estrategia.com\/portal\/materias\/redacao\/9-citacoes-de-mulheres-importantes-para-usar-na-redacao\/\" target=\"_blank\">9 cita&ccedil;&otilde;es de mulheres importantes para usar na reda&ccedil;&atilde;o<\/a><\/li>\n<\/ul><h2 class=\"wp-block-heading\" id=\"h-prepare-se-para-a-redacao-com-o-estrategia-vestibulares\"><span class=\"ez-toc-section\" id=\"Prepare-se-para-a-redacao-com-o-Estrategia-Vestibulares\"><\/span>Prepare-se para a reda&ccedil;&atilde;o com o Estrat&eacute;gia Vestibulares<span class=\"ez-toc-section-end\"><\/span><\/h2><p>Sabia que o Estrat&eacute;gia Vestibulares oferece corre&ccedil;&otilde;es ilimitadas de reda&ccedil;&otilde;es? Voc&ecirc; estuda com nosso material e treina quantas vezes quiser, sempre recebendo o feedback sobre suas produ&ccedil;&otilde;es.<\/p><p>Com os cursos da Coruja voc&ecirc; se prepara para o vestibular com um material completo e atualizado, aulas din&acirc;micas e funcionais, al&eacute;m de contar com Banco de Quest&otilde;es, revis&otilde;es de v&eacute;spera, salas VIP, monitorias e muito mais.<\/p><p>\n\n\n\n<a id=\"cta\" class=\"cta-imagem\" href=\"https:\/\/vestibulares.estrategia.com\/cursos\/\" target=\"blank\">\n                <img decoding=\"async\" width=\"100%\" src=\"https:\/\/vestibulares.estrategia.com\/portal\/wp-content\/uploads\/2021\/12\/EV2.jpg\" alt=\"CTA - Estrat\u00e9gia Vestibulares 2\" title=\"CTA - Estrat\u00e9gia Vestibulares 2\">\n        <\/a>\n\n\n\n\n<\/p><\/p>\n","protected":false},"excerpt":{"rendered":"Separamos 13 cita\u00e7\u00f5es da economista e professora Maria da Concei\u00e7\u00e3o Tavares, figura que se popularizou por meio de v\u00eddeos virais na internet\n","protected":false},"author":43,"featured_media":119480,"comment_status":"closed","ping_status":"closed","sticky":false,"template":"","format":"standard","meta":{"wl_entities_gutenberg":"","footnotes":""},"categories":[2],"tags":[],"wl_entity_type":[732],"class_list":{"0":"post-119479","1":"post","2":"type-post","3":"status-publish","4":"format-standard","5":"has-post-thumbnail","7":"category-redacao","8":"wl_entity_type-article"},"acf":[],"yoast_head":"<!-- This site is optimized with the Yoast SEO Premium plugin v25.9 (Yoast SEO v25.9) - https:\/\/yoast.com\/wordpress\/plugins\/seo\/ -->\n<title>13 cita\u00e7\u00f5es de Maria da Concei\u00e7\u00e3o Tavares para usar na reda\u00e7\u00e3o<\/title>\n<meta name=\"description\" content=\"Separamos 13 cita\u00e7\u00f5es da economista e professora Maria da Concei\u00e7\u00e3o Tavares, figura que se popularizou por meio de v\u00eddeos virais na internet.\" \/>\n<meta name=\"robots\" content=\"index, follow, max-snippet:-1, max-image-preview:large, max-video-preview:-1\" \/>\n<link rel=\"canonical\" href=\"https:\/\/vestibulares.estrategia.com\/portal\/materias\/redacao\/13-citacoes-de-maria-da-conceicao-tavares-para-usar-na-redacao\/\" \/>\n<meta property=\"og:locale\" content=\"pt_BR\" \/>\n<meta property=\"og:type\" content=\"article\" \/>\n<meta property=\"og:title\" content=\"13 cita\u00e7\u00f5es de Maria da Concei\u00e7\u00e3o Tavares para usar na reda\u00e7\u00e3o\" \/>\n<meta property=\"og:description\" content=\"Separamos 13 cita\u00e7\u00f5es da economista e professora Maria da Concei\u00e7\u00e3o Tavares, figura que se popularizou por meio de v\u00eddeos virais na internet.\" \/>\n<meta property=\"og:url\" content=\"https:\/\/vestibulares.estrategia.com\/portal\/materias\/redacao\/13-citacoes-de-maria-da-conceicao-tavares-para-usar-na-redacao\/\" \/>\n<meta property=\"og:site_name\" content=\"Estrat\u00e9gia Vestibulares\" \/>\n<meta property=\"article:publisher\" content=\"https:\/\/facebook.com\/estrategiavestibulares\" \/>\n<meta property=\"article:published_time\" content=\"2024-06-10T19:34:21+00:00\" \/>\n<meta property=\"article:modified_time\" content=\"2025-10-28T12:01:13+00:00\" \/>\n<meta property=\"og:image\" content=\"https:\/\/vestibulares.estrategia.com\/portal\/wp-content\/uploads\/2024\/06\/mariadactavares-1.jpeg\" \/>\n\t<meta property=\"og:image:width\" content=\"1480\" \/>\n\t<meta property=\"og:image:height\" content=\"837\" \/>\n\t<meta property=\"og:image:type\" content=\"image\/jpeg\" \/>\n<meta name=\"author\" content=\"Leonardo Del Sant\" \/>\n<meta name=\"twitter:card\" content=\"summary_large_image\" \/>\n<meta name=\"twitter:creator\" content=\"@Estrategiavest\" \/>\n<meta name=\"twitter:site\" content=\"@Estrategiavest\" \/>\n<meta name=\"twitter:label1\" content=\"Escrito por\" \/>\n\t<meta name=\"twitter:data1\" content=\"Leonardo Del Sant\" \/>\n\t<meta name=\"twitter:label2\" content=\"Est. tempo de leitura\" \/>\n\t<meta name=\"twitter:data2\" content=\"7 minutos\" \/>\n<script type=\"application\/ld+json\" class=\"yoast-schema-graph\">{\"@context\":\"https:\/\/schema.org\",\"@graph\":[{\"@type\":\"Article\",\"@id\":\"https:\/\/vestibulares.estrategia.com\/portal\/materias\/redacao\/13-citacoes-de-maria-da-conceicao-tavares-para-usar-na-redacao\/#article\",\"isPartOf\":{\"@id\":\"https:\/\/vestibulares.estrategia.com\/portal\/materias\/redacao\/13-citacoes-de-maria-da-conceicao-tavares-para-usar-na-redacao\/\"},\"author\":{\"name\":\"Leonardo Del Sant\",\"@id\":\"https:\/\/vestibulares.estrategia.com\/portal\/#\/schema\/person\/95532619fccae669187ec84703047908\"},\"headline\":\"13 cita\u00e7\u00f5es de Maria da Concei\u00e7\u00e3o Tavares para usar na reda\u00e7\u00e3o\",\"datePublished\":\"2024-06-10T19:34:21+00:00\",\"dateModified\":\"2025-10-28T12:01:13+00:00\",\"mainEntityOfPage\":{\"@id\":\"https:\/\/vestibulares.estrategia.com\/portal\/materias\/redacao\/13-citacoes-de-maria-da-conceicao-tavares-para-usar-na-redacao\/\"},\"wordCount\":1361,\"publisher\":{\"@id\":\"https:\/\/vestibulares.estrategia.com\/portal\/#organization\"},\"image\":{\"@id\":\"https:\/\/vestibulares.estrategia.com\/portal\/materias\/redacao\/13-citacoes-de-maria-da-conceicao-tavares-para-usar-na-redacao\/#primaryimage\"},\"thumbnailUrl\":\"https:\/\/vestibulares.estrategia.com\/portal\/wp-content\/uploads\/2024\/06\/mariadactavares-1.jpeg\",\"articleSection\":[\"Reda\u00e7\u00e3o\"],\"inLanguage\":\"pt-BR\"},{\"@type\":\"WebPage\",\"@id\":\"https:\/\/vestibulares.estrategia.com\/portal\/materias\/redacao\/13-citacoes-de-maria-da-conceicao-tavares-para-usar-na-redacao\/\",\"url\":\"https:\/\/vestibulares.estrategia.com\/portal\/materias\/redacao\/13-citacoes-de-maria-da-conceicao-tavares-para-usar-na-redacao\/\",\"name\":\"13 cita\u00e7\u00f5es de Maria da Concei\u00e7\u00e3o Tavares para usar na reda\u00e7\u00e3o\",\"isPartOf\":{\"@id\":\"https:\/\/vestibulares.estrategia.com\/portal\/#website\"},\"primaryImageOfPage\":{\"@id\":\"https:\/\/vestibulares.estrategia.com\/portal\/materias\/redacao\/13-citacoes-de-maria-da-conceicao-tavares-para-usar-na-redacao\/#primaryimage\"},\"image\":{\"@id\":\"https:\/\/vestibulares.estrategia.com\/portal\/materias\/redacao\/13-citacoes-de-maria-da-conceicao-tavares-para-usar-na-redacao\/#primaryimage\"},\"thumbnailUrl\":\"https:\/\/vestibulares.estrategia.com\/portal\/wp-content\/uploads\/2024\/06\/mariadactavares-1.jpeg\",\"datePublished\":\"2024-06-10T19:34:21+00:00\",\"dateModified\":\"2025-10-28T12:01:13+00:00\",\"description\":\"Separamos 13 cita\u00e7\u00f5es da economista e professora Maria da Concei\u00e7\u00e3o Tavares, figura que se popularizou por meio de v\u00eddeos virais na internet.\",\"breadcrumb\":{\"@id\":\"https:\/\/vestibulares.estrategia.com\/portal\/materias\/redacao\/13-citacoes-de-maria-da-conceicao-tavares-para-usar-na-redacao\/#breadcrumb\"},\"inLanguage\":\"pt-BR\",\"potentialAction\":[{\"@type\":\"ReadAction\",\"target\":[\"https:\/\/vestibulares.estrategia.com\/portal\/materias\/redacao\/13-citacoes-de-maria-da-conceicao-tavares-para-usar-na-redacao\/\"]}]},{\"@type\":\"ImageObject\",\"inLanguage\":\"pt-BR\",\"@id\":\"https:\/\/vestibulares.estrategia.com\/portal\/materias\/redacao\/13-citacoes-de-maria-da-conceicao-tavares-para-usar-na-redacao\/#primaryimage\",\"url\":\"https:\/\/vestibulares.estrategia.com\/portal\/wp-content\/uploads\/2024\/06\/mariadactavares-1.jpeg\",\"contentUrl\":\"https:\/\/vestibulares.estrategia.com\/portal\/wp-content\/uploads\/2024\/06\/mariadactavares-1.jpeg\",\"width\":1480,\"height\":837,\"caption\":\"cita\u00e7\u00f5es-maria-da-concei\u00e7\u00e3o-tavares-vestibular-enem\"},{\"@type\":\"BreadcrumbList\",\"@id\":\"https:\/\/vestibulares.estrategia.com\/portal\/materias\/redacao\/13-citacoes-de-maria-da-conceicao-tavares-para-usar-na-redacao\/#breadcrumb\",\"itemListElement\":[{\"@type\":\"ListItem\",\"position\":1,\"name\":\"Home\",\"item\":\"https:\/\/vestibulares.estrategia.com\/portal\/\"},{\"@type\":\"ListItem\",\"position\":2,\"name\":\"Mat\u00e9rias\",\"item\":\"https:\/\/vestibulares.estrategia.com\/portal\/materias\/\"},{\"@type\":\"ListItem\",\"position\":3,\"name\":\"Reda\u00e7\u00e3o\",\"item\":\"https:\/\/vestibulares.estrategia.com\/portal\/materias\/redacao\/\"},{\"@type\":\"ListItem\",\"position\":4,\"name\":\"13 cita\u00e7\u00f5es de Maria da Concei\u00e7\u00e3o Tavares para usar na reda\u00e7\u00e3o\"}]},{\"@type\":\"WebSite\",\"@id\":\"https:\/\/vestibulares.estrategia.com\/portal\/#website\",\"url\":\"https:\/\/vestibulares.estrategia.com\/portal\/\",\"name\":\"Estrat\u00e9gia Vestibulares\",\"description\":\"\",\"publisher\":{\"@id\":\"https:\/\/vestibulares.estrategia.com\/portal\/#organization\"},\"potentialAction\":[{\"@type\":\"SearchAction\",\"target\":{\"@type\":\"EntryPoint\",\"urlTemplate\":\"https:\/\/vestibulares.estrategia.com\/portal\/?s={search_term_string}\"},\"query-input\":{\"@type\":\"PropertyValueSpecification\",\"valueRequired\":true,\"valueName\":\"search_term_string\"}}],\"inLanguage\":\"pt-BR\"},{\"@type\":\"Organization\",\"@id\":\"https:\/\/vestibulares.estrategia.com\/portal\/#organization\",\"name\":\"Estrat\u00e9gia Vestibulares\",\"url\":\"https:\/\/vestibulares.estrategia.com\/portal\/\",\"logo\":{\"@type\":\"ImageObject\",\"inLanguage\":\"pt-BR\",\"@id\":\"https:\/\/vestibulares.estrategia.com\/portal\/#\/schema\/logo\/image\/\",\"url\":\"https:\/\/vestibulares.estrategia.com\/portal\/wp-content\/uploads\/2021\/06\/Logo-Vestibulares@4x.png\",\"contentUrl\":\"https:\/\/vestibulares.estrategia.com\/portal\/wp-content\/uploads\/2021\/06\/Logo-Vestibulares@4x.png\",\"width\":250,\"height\":66,\"caption\":\"Estrat\u00e9gia Vestibulares\"},\"image\":{\"@id\":\"https:\/\/vestibulares.estrategia.com\/portal\/#\/schema\/logo\/image\/\"},\"sameAs\":[\"https:\/\/facebook.com\/estrategiavestibulares\",\"https:\/\/x.com\/Estrategiavest\",\"https:\/\/www.instagram.com\/estrategiavestibulares\",\"https:\/\/www.youtube.com\/channel\/UCGWdZy8ULI-7_5GrABa4vNA\"]},{\"@type\":\"Person\",\"@id\":\"https:\/\/vestibulares.estrategia.com\/portal\/#\/schema\/person\/95532619fccae669187ec84703047908\",\"name\":\"Leonardo Del Sant\",\"image\":{\"@type\":\"ImageObject\",\"inLanguage\":\"pt-BR\",\"@id\":\"https:\/\/vestibulares.estrategia.com\/portal\/#\/schema\/person\/image\/\",\"url\":\"https:\/\/vestibulares.estrategia.com\/portal\/wp-content\/uploads\/2026\/02\/1000082484-150x150.jpeg\",\"contentUrl\":\"https:\/\/vestibulares.estrategia.com\/portal\/wp-content\/uploads\/2026\/02\/1000082484-150x150.jpeg\",\"caption\":\"Leonardo Del Sant\"},\"description\":\"Coordenador de Jornalismo do Estrat\u00e9gia Vestibulares. Trabalhou com escrita para SEO em sites das \u00e1reas de economia, varejo, sa\u00fade, tecnologia e alimenta\u00e7\u00e3o. Formado em jornalismo pela Unesp\/Bauru.\",\"url\":\"https:\/\/vestibulares.estrategia.com\/portal\/author\/leonardo-del-sant\/\"}]}<\/script>\n<!-- \/ Yoast SEO Premium plugin. -->","yoast_head_json":{"title":"13 cita\u00e7\u00f5es de Maria da Concei\u00e7\u00e3o Tavares para usar na reda\u00e7\u00e3o","description":"Separamos 13 cita\u00e7\u00f5es da economista e professora Maria da Concei\u00e7\u00e3o Tavares, figura que se popularizou por meio de v\u00eddeos virais na internet.","robots":{"index":"index","follow":"follow","max-snippet":"max-snippet:-1","max-image-preview":"max-image-preview:large","max-video-preview":"max-video-preview:-1"},"canonical":"https:\/\/vestibulares.estrategia.com\/portal\/materias\/redacao\/13-citacoes-de-maria-da-conceicao-tavares-para-usar-na-redacao\/","og_locale":"pt_BR","og_type":"article","og_title":"13 cita\u00e7\u00f5es de Maria da Concei\u00e7\u00e3o Tavares para usar na reda\u00e7\u00e3o","og_description":"Separamos 13 cita\u00e7\u00f5es da economista e professora Maria da Concei\u00e7\u00e3o Tavares, figura que se popularizou por meio de v\u00eddeos virais na internet.","og_url":"https:\/\/vestibulares.estrategia.com\/portal\/materias\/redacao\/13-citacoes-de-maria-da-conceicao-tavares-para-usar-na-redacao\/","og_site_name":"Estrat\u00e9gia Vestibulares","article_publisher":"https:\/\/facebook.com\/estrategiavestibulares","article_published_time":"2024-06-10T19:34:21+00:00","article_modified_time":"2025-10-28T12:01:13+00:00","og_image":[{"width":1480,"height":837,"url":"https:\/\/vestibulares.estrategia.com\/portal\/wp-content\/uploads\/2024\/06\/mariadactavares-1.jpeg","type":"image\/jpeg"}],"author":"Leonardo Del Sant","twitter_card":"summary_large_image","twitter_creator":"@Estrategiavest","twitter_site":"@Estrategiavest","twitter_misc":{"Escrito por":"Leonardo Del Sant","Est. tempo de leitura":"7 minutos"},"schema":{"@context":"https:\/\/schema.org","@graph":[{"@type":"Article","@id":"https:\/\/vestibulares.estrategia.com\/portal\/materias\/redacao\/13-citacoes-de-maria-da-conceicao-tavares-para-usar-na-redacao\/#article","isPartOf":{"@id":"https:\/\/vestibulares.estrategia.com\/portal\/materias\/redacao\/13-citacoes-de-maria-da-conceicao-tavares-para-usar-na-redacao\/"},"author":{"name":"Leonardo Del Sant","@id":"https:\/\/vestibulares.estrategia.com\/portal\/#\/schema\/person\/95532619fccae669187ec84703047908"},"headline":"13 cita\u00e7\u00f5es de Maria da Concei\u00e7\u00e3o Tavares para usar na reda\u00e7\u00e3o","datePublished":"2024-06-10T19:34:21+00:00","dateModified":"2025-10-28T12:01:13+00:00","mainEntityOfPage":{"@id":"https:\/\/vestibulares.estrategia.com\/portal\/materias\/redacao\/13-citacoes-de-maria-da-conceicao-tavares-para-usar-na-redacao\/"},"wordCount":1361,"publisher":{"@id":"https:\/\/vestibulares.estrategia.com\/portal\/#organization"},"image":{"@id":"https:\/\/vestibulares.estrategia.com\/portal\/materias\/redacao\/13-citacoes-de-maria-da-conceicao-tavares-para-usar-na-redacao\/#primaryimage"},"thumbnailUrl":"https:\/\/vestibulares.estrategia.com\/portal\/wp-content\/uploads\/2024\/06\/mariadactavares-1.jpeg","articleSection":["Reda\u00e7\u00e3o"],"inLanguage":"pt-BR"},{"@type":"WebPage","@id":"https:\/\/vestibulares.estrategia.com\/portal\/materias\/redacao\/13-citacoes-de-maria-da-conceicao-tavares-para-usar-na-redacao\/","url":"https:\/\/vestibulares.estrategia.com\/portal\/materias\/redacao\/13-citacoes-de-maria-da-conceicao-tavares-para-usar-na-redacao\/","name":"13 cita\u00e7\u00f5es de Maria da Concei\u00e7\u00e3o Tavares para usar na reda\u00e7\u00e3o","isPartOf":{"@id":"https:\/\/vestibulares.estrategia.com\/portal\/#website"},"primaryImageOfPage":{"@id":"https:\/\/vestibulares.estrategia.com\/portal\/materias\/redacao\/13-citacoes-de-maria-da-conceicao-tavares-para-usar-na-redacao\/#primaryimage"},"image":{"@id":"https:\/\/vestibulares.estrategia.com\/portal\/materias\/redacao\/13-citacoes-de-maria-da-conceicao-tavares-para-usar-na-redacao\/#primaryimage"},"thumbnailUrl":"https:\/\/vestibulares.estrategia.com\/portal\/wp-content\/uploads\/2024\/06\/mariadactavares-1.jpeg","datePublished":"2024-06-10T19:34:21+00:00","dateModified":"2025-10-28T12:01:13+00:00","description":"Separamos 13 cita\u00e7\u00f5es da economista e professora Maria da Concei\u00e7\u00e3o Tavares, figura que se popularizou por meio de v\u00eddeos virais na internet.","breadcrumb":{"@id":"https:\/\/vestibulares.estrategia.com\/portal\/materias\/redacao\/13-citacoes-de-maria-da-conceicao-tavares-para-usar-na-redacao\/#breadcrumb"},"inLanguage":"pt-BR","potentialAction":[{"@type":"ReadAction","target":["https:\/\/vestibulares.estrategia.com\/portal\/materias\/redacao\/13-citacoes-de-maria-da-conceicao-tavares-para-usar-na-redacao\/"]}]},{"@type":"ImageObject","inLanguage":"pt-BR","@id":"https:\/\/vestibulares.estrategia.com\/portal\/materias\/redacao\/13-citacoes-de-maria-da-conceicao-tavares-para-usar-na-redacao\/#primaryimage","url":"https:\/\/vestibulares.estrategia.com\/portal\/wp-content\/uploads\/2024\/06\/mariadactavares-1.jpeg","contentUrl":"https:\/\/vestibulares.estrategia.com\/portal\/wp-content\/uploads\/2024\/06\/mariadactavares-1.jpeg","width":1480,"height":837,"caption":"cita\u00e7\u00f5es-maria-da-concei\u00e7\u00e3o-tavares-vestibular-enem"},{"@type":"BreadcrumbList","@id":"https:\/\/vestibulares.estrategia.com\/portal\/materias\/redacao\/13-citacoes-de-maria-da-conceicao-tavares-para-usar-na-redacao\/#breadcrumb","itemListElement":[{"@type":"ListItem","position":1,"name":"Home","item":"https:\/\/vestibulares.estrategia.com\/portal\/"},{"@type":"ListItem","position":2,"name":"Mat\u00e9rias","item":"https:\/\/vestibulares.estrategia.com\/portal\/materias\/"},{"@type":"ListItem","position":3,"name":"Reda\u00e7\u00e3o","item":"https:\/\/vestibulares.estrategia.com\/portal\/materias\/redacao\/"},{"@type":"ListItem","position":4,"name":"13 cita\u00e7\u00f5es de Maria da Concei\u00e7\u00e3o Tavares para usar na reda\u00e7\u00e3o"}]},{"@type":"WebSite","@id":"https:\/\/vestibulares.estrategia.com\/portal\/#website","url":"https:\/\/vestibulares.estrategia.com\/portal\/","name":"Estrat\u00e9gia Vestibulares","description":"","publisher":{"@id":"https:\/\/vestibulares.estrategia.com\/portal\/#organization"},"potentialAction":[{"@type":"SearchAction","target":{"@type":"EntryPoint","urlTemplate":"https:\/\/vestibulares.estrategia.com\/portal\/?s={search_term_string}"},"query-input":{"@type":"PropertyValueSpecification","valueRequired":true,"valueName":"search_term_string"}}],"inLanguage":"pt-BR"},{"@type":"Organization","@id":"https:\/\/vestibulares.estrategia.com\/portal\/#organization","name":"Estrat\u00e9gia Vestibulares","url":"https:\/\/vestibulares.estrategia.com\/portal\/","logo":{"@type":"ImageObject","inLanguage":"pt-BR","@id":"https:\/\/vestibulares.estrategia.com\/portal\/#\/schema\/logo\/image\/","url":"https:\/\/vestibulares.estrategia.com\/portal\/wp-content\/uploads\/2021\/06\/Logo-Vestibulares@4x.png","contentUrl":"https:\/\/vestibulares.estrategia.com\/portal\/wp-content\/uploads\/2021\/06\/Logo-Vestibulares@4x.png","width":250,"height":66,"caption":"Estrat\u00e9gia Vestibulares"},"image":{"@id":"https:\/\/vestibulares.estrategia.com\/portal\/#\/schema\/logo\/image\/"},"sameAs":["https:\/\/facebook.com\/estrategiavestibulares","https:\/\/x.com\/Estrategiavest","https:\/\/www.instagram.com\/estrategiavestibulares","https:\/\/www.youtube.com\/channel\/UCGWdZy8ULI-7_5GrABa4vNA"]},{"@type":"Person","@id":"https:\/\/vestibulares.estrategia.com\/portal\/#\/schema\/person\/95532619fccae669187ec84703047908","name":"Leonardo Del Sant","image":{"@type":"ImageObject","inLanguage":"pt-BR","@id":"https:\/\/vestibulares.estrategia.com\/portal\/#\/schema\/person\/image\/","url":"https:\/\/vestibulares.estrategia.com\/portal\/wp-content\/uploads\/2026\/02\/1000082484-150x150.jpeg","contentUrl":"https:\/\/vestibulares.estrategia.com\/portal\/wp-content\/uploads\/2026\/02\/1000082484-150x150.jpeg","caption":"Leonardo Del Sant"},"description":"Coordenador de Jornalismo do Estrat\u00e9gia Vestibulares. Trabalhou com escrita para SEO em sites das \u00e1reas de economia, varejo, sa\u00fade, tecnologia e alimenta\u00e7\u00e3o. Formado em jornalismo pela Unesp\/Bauru.","url":"https:\/\/vestibulares.estrategia.com\/portal\/author\/leonardo-del-sant\/"}]}},"_wl_alt_label":[],"wl:entity_url":"https:\/\/data.wordlift.io\/wl110249\/post\/13-citacoes-de-maria-da-conceicao-tavares-para-usar-na-redacao","_links":{"self":[{"href":"https:\/\/vestibulares.estrategia.com\/portal\/wp-json\/wp\/v2\/posts\/119479","targetHints":{"allow":["GET"]}}],"collection":[{"href":"https:\/\/vestibulares.estrategia.com\/portal\/wp-json\/wp\/v2\/posts"}],"about":[{"href":"https:\/\/vestibulares.estrategia.com\/portal\/wp-json\/wp\/v2\/types\/post"}],"author":[{"embeddable":true,"href":"https:\/\/vestibulares.estrategia.com\/portal\/wp-json\/wp\/v2\/users\/43"}],"replies":[{"embeddable":true,"href":"https:\/\/vestibulares.estrategia.com\/portal\/wp-json\/wp\/v2\/comments?post=119479"}],"version-history":[{"count":4,"href":"https:\/\/vestibulares.estrategia.com\/portal\/wp-json\/wp\/v2\/posts\/119479\/revisions"}],"predecessor-version":[{"id":147264,"href":"https:\/\/vestibulares.estrategia.com\/portal\/wp-json\/wp\/v2\/posts\/119479\/revisions\/147264"}],"wp:featuredmedia":[{"embeddable":true,"href":"https:\/\/vestibulares.estrategia.com\/portal\/wp-json\/wp\/v2\/media\/119480"}],"wp:attachment":[{"href":"https:\/\/vestibulares.estrategia.com\/portal\/wp-json\/wp\/v2\/media?parent=119479"}],"wp:term":[{"taxonomy":"category","embeddable":true,"href":"https:\/\/vestibulares.estrategia.com\/portal\/wp-json\/wp\/v2\/categories?post=119479"},{"taxonomy":"post_tag","embeddable":true,"href":"https:\/\/vestibulares.estrategia.com\/portal\/wp-json\/wp\/v2\/tags?post=119479"},{"taxonomy":"wl_entity_type","embeddable":true,"href":"https:\/\/vestibulares.estrategia.com\/portal\/wp-json\/wp\/v2\/wl_entity_type?post=119479"}],"curies":[{"name":"wp","href":"https:\/\/api.w.org\/{rel}","templated":true}]}}