{"id":120610,"date":"2024-06-29T18:00:00","date_gmt":"2024-06-29T21:00:00","guid":{"rendered":"https:\/\/vestibulares.estrategia.com\/portal\/?p=120610"},"modified":"2024-08-07T14:16:52","modified_gmt":"2024-08-07T17:16:52","slug":"enunciados","status":"publish","type":"post","link":"https:\/\/vestibulares.estrategia.com\/portal\/materias\/portugues\/enunciados\/","title":{"rendered":"Enunciados: frase, ora\u00e7\u00e3o e per\u00edodo"},"content":{"rendered":"<p class=\"wp-block-paragraph\">Na <span id=\"urn:enhancement-5e254a81-8914-4d73-a2f4-b8a547a46f41\" class=\"textannotation disambiguated wl-thing\" itemid=\"https:\/\/data.wordlift.io\/wl110249\/entity\/lingua-portuguesa\">L&iacute;ngua Portuguesa<\/span>, enunciados s&atilde;o ora&ccedil;&otilde;es que apresentam um sentido completo em si mesmas. Na comunica&ccedil;&atilde;o, podem ser considerados como a unidade real que permite o contato entre indiv&iacute;duos, que transmite uma <span id=\"urn:enhancement-3d6dd2a0-565c-449c-abb7-d8d44c8bc0b7\" class=\"textannotation disambiguated wl-thing\" itemid=\"https:\/\/data.wordlift.io\/wl110249\/entity\/mensagem\">mensagem<\/span> completa, que pode ser entendida.&nbsp;<p class=\"wp-block-paragraph\">Neste artigo, al&eacute;m de aprender mais sobre enunciados, concord&acirc;ncia e classifica&ccedil;&atilde;o, conhe&ccedil;a mais sobre frases, ora&ccedil;&otilde;es e per&iacute;odos do <span id=\"urn:enhancement-eddd96f0-df82-448b-bc54-f7b133ae1e15\" class=\"textannotation disambiguated wl-thing\" itemid=\"https:\/\/data.wordlift.io\/wl110249\/entity\/lingua-portuguesa\">portugu&ecirc;s<\/span>. Tais conhecimentos s&atilde;o importantes para a comunica&ccedil;&atilde;o verbal adequada, na <span id=\"urn:enhancement-0cee271c-6c2a-4df8-ace9-0fce0ba160c9\" class=\"textannotation disambiguated wl-thing\" itemid=\"https:\/\/data.wordlift.io\/wl110249\/entity\/interpretacao-de-textos\">interpreta&ccedil;&atilde;o de textos<\/span> e tamb&eacute;m para a constru&ccedil;&atilde;o de reda&ccedil;&otilde;es coesas e coerentes.<\/p><div id=\"ez-toc-container\" class=\"ez-toc-v2_0_86 counter-hierarchy ez-toc-counter ez-toc-transparent ez-toc-container-direction\">\n<div class=\"ez-toc-title-container\"><p class=\"ez-toc-title\" style=\"cursor:inherit\">Navegue pelo conte\u00fado<\/p>\n<\/div><nav><ul class='ez-toc-list ez-toc-list-level-1 ' ><li class='ez-toc-page-1 ez-toc-heading-level-2'><a class=\"ez-toc-link ez-toc-heading-1\" href=\"https:\/\/vestibulares.estrategia.com\/portal\/materias\/portugues\/enunciados\/#Definicao-de-enunciado\" >Defini&ccedil;&atilde;o de enunciado<\/a><\/li><li class='ez-toc-page-1 ez-toc-heading-level-2'><a class=\"ez-toc-link ez-toc-heading-2\" href=\"https:\/\/vestibulares.estrategia.com\/portal\/materias\/portugues\/enunciados\/#Definicao-de-frases\" >Defini&ccedil;&atilde;o de frases<\/a><\/li><li class='ez-toc-page-1 ez-toc-heading-level-2'><a class=\"ez-toc-link ez-toc-heading-3\" href=\"https:\/\/vestibulares.estrategia.com\/portal\/materias\/portugues\/enunciados\/#O-que-sao-oracoes\" >O que s&atilde;o ora&ccedil;&otilde;es?<\/a><\/li><li class='ez-toc-page-1 ez-toc-heading-level-2'><a class=\"ez-toc-link ez-toc-heading-4\" href=\"https:\/\/vestibulares.estrategia.com\/portal\/materias\/portugues\/enunciados\/#Periodos-de-uma-oracao\" >Per&iacute;odos de uma ora&ccedil;&atilde;o<\/a><\/li><li class='ez-toc-page-1 ez-toc-heading-level-2'><a class=\"ez-toc-link ez-toc-heading-5\" href=\"https:\/\/vestibulares.estrategia.com\/portal\/materias\/portugues\/enunciados\/#Questao-de-vestibular-sobre-enunciados\" >Quest&atilde;o de vestibular sobre enunciados<\/a><\/li><li class='ez-toc-page-1 ez-toc-heading-level-2'><a class=\"ez-toc-link ez-toc-heading-6\" href=\"https:\/\/vestibulares.estrategia.com\/portal\/materias\/portugues\/enunciados\/#Estude-para-as-provas-com-a-Coruja\" >Estude para as provas com a Coruja!<\/a><\/li><\/ul><\/nav><\/div>\n<h2 class=\"wp-block-heading\" id=\"h-definicao-de-enunciado\"><span class=\"ez-toc-section\" id=\"Definicao-de-enunciado\"><\/span>Defini&ccedil;&atilde;o de enunciado<span class=\"ez-toc-section-end\"><\/span><\/h2><p class=\"wp-block-paragraph\"><span id=\"urn:local-annotation-273323\" class=\"textannotation disambiguated\" itemid=\"https:\/\/data.wordlift.io\/wl110249\/entity\/enunciado\">Enunciado<\/span> &eacute; a unidade real m&iacute;nima necess&aacute;ria para transmitir um conte&uacute;do de maneira clara, coesa e coerente, que pode ser utilizado na <span id=\"urn:enhancement-dff75d1b-f58f-4943-acc8-e43071ba1081\" class=\"textannotation disambiguated wl-creative-work\" itemid=\"https:\/\/data.wordlift.io\/wl110249\/entity\/linguagem\">linguagem<\/span> verbal e escrita. Em um material escrito, cada enunciado &eacute; separado de outro por meio de pontos finais, durante a comunica&ccedil;&atilde;o oral, a entona&ccedil;&atilde;o &eacute; que permite a separa&ccedil;&atilde;o entre as enuncia&ccedil;&otilde;es.&nbsp;<\/p><p class=\"wp-block-paragraph\">Em geral, os enunciados est&atilde;o relacionados com o contexto em que est&atilde;o inseridos e o encadeamento desses elementos permite a constru&ccedil;&atilde;o de par&aacute;grafos com sentido e coer&ecirc;ncia ao longo de toda a <span id=\"urn:enhancement-d6ba80ee-9596-466a-b05c-0b48ad2ff22b\" class=\"textannotation disambiguated wl-thing\" itemid=\"https:\/\/data.wordlift.io\/wl110249\/entity\/mensagem\">mensagem<\/span>. Ent&atilde;o, &eacute; uma part&iacute;cula que se relaciona com o todo presente na transmiss&atilde;o de uma ideia ou conte&uacute;do.<\/p><p class=\"wp-block-paragraph\">Por isso, a <a href=\"https:\/\/vestibulares.estrategia.com\/portal\/materias\/portugues\/interpretacao-e-critica\/\">interpreta&ccedil;&atilde;o <\/a>de um enunciado &eacute; facilitada quando ele &eacute; contextualizado. Como exemplo, imagine o enunciado &ldquo;o sonho acabou&rdquo;:<\/p><ul class=\"wp-block-list\">\n<li>Se for dito em uma m&uacute;sica melanc&oacute;lica, que retrata um t&eacute;rmino de relacionamento, a significa&ccedil;&atilde;o do texto &eacute; triste, abstrata, dram&aacute;tica; ou&nbsp;<\/li>\n\n\n\n<li>Se for emitido dentro de uma padaria, por uma atendente ou padeiro, ent&atilde;o, indica que a doce de nome &ldquo;sonho&rdquo; n&atilde;o existe mais no estoque do estabelecimento.&nbsp;<\/li>\n<\/ul><p class=\"wp-block-paragraph\">Ent&atilde;o, embora a defini&ccedil;&atilde;o de enunciado considere que ele &eacute; uma part&iacute;cula da comunica&ccedil;&atilde;o com sentido completo, a significa&ccedil;&atilde;o perfeita s&oacute; pode ser afirmada por meio do contexto e ambiente, principalmente em contextos e vocabul&aacute;rios que favorecem ambiguidades.<\/p><h2 class=\"wp-block-heading\" id=\"h-definicao-de-frases\"><span class=\"ez-toc-section\" id=\"Definicao-de-frases\"><\/span>Defini&ccedil;&atilde;o de frases<span class=\"ez-toc-section-end\"><\/span><\/h2><p class=\"wp-block-paragraph\">Uma frase &eacute;, tamb&eacute;m, uma <span id=\"urn:enhancement-97b935bb-2ad3-4501-a1cd-4ff18c246bbb\" class=\"textannotation disambiguated wl-thing\" itemid=\"https:\/\/data.wordlift.io\/wl110249\/entity\/mensagem\">mensagem<\/span> de comunica&ccedil;&atilde;o com sentido completo. Ela pode ser constitu&iacute;da de uma ou mais <span id=\"urn:enhancement-36dc12ad-fc59-4063-8eaf-1f9f158f5a27\" class=\"textannotation disambiguated wl-thing\" itemid=\"https:\/\/data.wordlift.io\/wl110249\/entity\/palavras\">palavras<\/span>, zero ou mais <span id=\"urn:enhancement-c347b38e-8679-430a-bc5f-3dcac9ab7e39\" class=\"textannotation disambiguated wl-thing\" itemid=\"https:\/\/data.wordlift.io\/wl110249\/entity\/verbo\">verbos<\/span>, com uma ou mais ora&ccedil;&otilde;es. A significa&ccedil;&atilde;o pode ser afirmativa, negativa, interrogativa, exclamativa ou imperativa.&nbsp;<\/p><h3 class=\"wp-block-heading\" id=\"h-frase-x-enunciado-nbsp\">Frase x enunciado&nbsp;<\/h3><p class=\"wp-block-paragraph\">Frases e enunciados, de certa forma, s&atilde;o concep&ccedil;&otilde;es lingu&iacute;sticas sobrepostas. A principal diferen&ccedil;a conceitual, via de regra, &eacute; porque os enunciados est&atilde;o atrelados a um contexto espec&iacute;fico, e as frases s&atilde;o mais &ldquo;independentes&rdquo;.&nbsp;<\/p><p class=\"wp-block-paragraph\">Isso n&atilde;o significa que uma frase n&atilde;o possa estar em um contexto de <span id=\"urn:enhancement-fe21ada4-21c2-451d-b4b2-32c0e74d211c\" class=\"textannotation disambiguated wl-thing\" itemid=\"https:\/\/data.wordlift.io\/wl110249\/entity\/mensagem\">mensagem<\/span>. Ent&atilde;o, a diferen&ccedil;a entre enunciado e frase trata-se, principalmente, de uma discrep&acirc;ncia abstrata, ideol&oacute;gica, conceitual.&nbsp;<\/p><h2 class=\"wp-block-heading\" id=\"h-o-que-sao-oracoes\"><span class=\"ez-toc-section\" id=\"O-que-sao-oracoes\"><\/span>O que s&atilde;o ora&ccedil;&otilde;es?<span class=\"ez-toc-section-end\"><\/span><\/h2><p class=\"wp-block-paragraph\">Textos, frases e enunciados s&atilde;o constitu&iacute;dos de ora&ccedil;&otilde;es. Uma ora&ccedil;&atilde;o tamb&eacute;m &eacute; um elemento da <span id=\"urn:enhancement-fab353b0-20a2-4ad8-9ea3-b72884d0ebba\" class=\"textannotation disambiguated wl-thing\" itemid=\"https:\/\/data.wordlift.io\/wl110249\/entity\/lingua-portuguesa\">L&iacute;ngua Portuguesa<\/span>, mas trata-se de uma concep&ccedil;&atilde;o gramatical, que estuda a <span id=\"urn:enhancement-954ee07b-69c9-4900-981d-eb94e679506f\" class=\"textannotation disambiguated wl-thing\" itemid=\"https:\/\/data.wordlift.io\/wl110249\/entity\/mensagem\">mensagem<\/span> do ponto de vista sint&aacute;tico.&nbsp;<\/p><p class=\"wp-block-paragraph\">Para ser considerado uma ora&ccedil;&atilde;o, o enunciado precisa conter, no m&iacute;nimo, um <a href=\"https:\/\/vestibulares.estrategia.com\/portal\/materias\/portugues\/verbo\/\">verbo<\/a>. Na <a href=\"https:\/\/vestibulares.estrategia.com\/portal\/materias\/portugues\/sintaxe-do-periodo-simples\/\" target=\"_blank\">sintaxe<\/a>, tamb&eacute;m possuem <span id=\"urn:enhancement-f41fe895-0b53-41e2-bdce-2d24a69cfefb\" class=\"textannotation disambiguated wl-thing\" itemid=\"https:\/\/data.wordlift.io\/wl110249\/entity\/sujeito\">sujeito<\/span> e predicado, embora existam algumas ora&ccedil;&otilde;es sem <span id=\"urn:enhancement-53cb2bc5-4069-48f0-99ab-88ae70e926cd\" class=\"textannotation disambiguated wl-thing\" itemid=\"https:\/\/data.wordlift.io\/wl110249\/entity\/sujeito\">sujeito<\/span> a depender do contexto.&nbsp;<\/p><p class=\"wp-block-paragraph\">Em geral, uma frase ou enunciados mais longos s&atilde;o constitu&iacute;dos por uma ou mais ora&ccedil;&otilde;es completas, que relacionam-se entre si por coordena&ccedil;&atilde;o ou subordina&ccedil;&atilde;o, conforme a constru&ccedil;&atilde;o textual necessitar.&nbsp;<\/p><p class=\"wp-block-paragraph\">Por exemplo, uma frase pode ser constitu&iacute;da por duas ora&ccedil;&otilde;es que se associam por oposi&ccedil;&atilde;o, ou seja, uma combate a ideia proposta pela outra, como demonstrado no exemplo abaixo:&nbsp;<\/p><p class=\"wp-block-paragraph\">&ldquo;A faculdade fornecia eventos gratuitos, <strong>mas <\/strong>eram mal organizados&rdquo;<\/p><p class=\"wp-block-paragraph\">A primeira ora&ccedil;&atilde;o est&aacute; em &ldquo;A faculdade fornecia eventos gratuitos&rdquo;, em que o <span id=\"urn:enhancement-61fd74da-6475-47b1-b7ee-6477924175a7\" class=\"textannotation disambiguated wl-thing\" itemid=\"https:\/\/data.wordlift.io\/wl110249\/entity\/verbo\">verbo<\/span> principal da ora&ccedil;&atilde;o &eacute; &ldquo;fornecia&rdquo;. J&aacute; a segunda ora&ccedil;&atilde;o, &eacute; &ldquo;mas eram mal organizados&rdquo;, que oferece uma rela&ccedil;&atilde;o adversativa em rela&ccedil;&atilde;o &agrave; primeira.&nbsp;<\/p><h2 class=\"wp-block-heading\" id=\"h-periodos-de-uma-oracao\"><span class=\"ez-toc-section\" id=\"Periodos-de-uma-oracao\"><\/span>Per&iacute;odos de uma ora&ccedil;&atilde;o<span class=\"ez-toc-section-end\"><\/span><\/h2><p class=\"wp-block-paragraph\">As ora&ccedil;&otilde;es podem, ainda, ser divididas em per&iacute;odos. Um per&iacute;odo simples &eacute; aquele que possui apenas um <span id=\"urn:enhancement-639bf074-b506-4c86-91ea-57778999bc90\" class=\"textannotation disambiguated wl-thing\" itemid=\"https:\/\/data.wordlift.io\/wl110249\/entity\/verbo\">verbo<\/span>, que geralmente &eacute; o n&uacute;cleo da frase. J&aacute; os per&iacute;odos compostos s&atilde;o os cont&ecirc;m dois ou mais <span id=\"urn:enhancement-f150189a-d53d-448b-bf23-8a1020950c4a\" class=\"textannotation disambiguated wl-thing\" itemid=\"https:\/\/data.wordlift.io\/wl110249\/entity\/verbo\">verbos<\/span> &mdash; o estudo sint&aacute;tico entre per&iacute;odos &eacute; baseado nas diversas fun&ccedil;&otilde;es sint&aacute;ticas, como <a href=\"https:\/\/vestibulares.estrategia.com\/portal\/materias\/portugues\/sujeito\/\" target=\"_blank\">sujeito<\/a>, <a href=\"https:\/\/vestibulares.estrategia.com\/portal\/materias\/portugues\/predicado\/\">predicado<\/a>, <span id=\"urn:enhancement-687b6dc8-30b7-4db9-88c3-fac9b35faa03\" class=\"textannotation disambiguated wl-thing\" itemid=\"https:\/\/data.wordlift.io\/wl110249\/entity\/adjunto-adverbial\">adjunto adverbial<\/span>, <span id=\"urn:enhancement-0319d7e5-3b39-43ba-976e-a3a9facb58b6\" class=\"textannotation disambiguated wl-thing\" itemid=\"https:\/\/data.wordlift.io\/wl110249\/entity\/adjunto-adverbial\">adjunto adverbial<\/span>, complemento nominal, complemento verbal, <a href=\"https:\/\/vestibulares.estrategia.com\/portal\/materias\/portugues\/objeto-direto-e-indireto\/\">objeto direto, objeto indireto <\/a>e entre outros.&nbsp;<\/p><h2 class=\"wp-block-heading\" id=\"h-questao-de-vestibular-sobre-enunciados\"><span class=\"ez-toc-section\" id=\"Questao-de-vestibular-sobre-enunciados\"><\/span>Quest&atilde;o de vestibular sobre enunciados<span class=\"ez-toc-section-end\"><\/span><\/h2><p class=\"wp-block-paragraph\">Fuvest 2022<\/p><p class=\"wp-block-paragraph\">No modelo hegem&ocirc;nico, quase todo o treinamento &eacute; reservado para o desenvolvimento muscular, sobrando muito pouco tempo para a mobilidade, a flexibilidade, o treino restaurativo, o relaxamento e o treinamento cardiovascular. Na teoria, seria algo em torno de 70% para o fortalecimento, 20% para o c&aacute;rdio e 10% para a flexibilidade e outros. Na pr&aacute;tica, muitos alunos direcionam 100% do tempo para o fortalecimento.&nbsp;<\/p><p class=\"wp-block-paragraph\">Como a pr&aacute;tica cardiovascular &eacute; infinitamente mais significativa e determinante para a nossa sa&uacute;de org&acirc;nica como um todo, podendo ser considerada o &ldquo;cora&ccedil;&atilde;o&rdquo; de um treinamento consciente e saud&aacute;vel, essa ordem deveria ser revista.<\/p><p class=\"wp-block-paragraph\">Nuno Cobra Jr. &ldquo;Fitness n&atilde;o &eacute; sa&uacute;de&rdquo;. Uol. 06\/05\/2021. Adaptado.<\/p><p class=\"wp-block-paragraph\">Sem altera&ccedil;&atilde;o de sentido, o segundo <span id=\"urn:enhancement-2a1ea9bc-ccaf-4ab0-badc-726fca6ce75b\" class=\"textannotation disambiguated wl-thing\" itemid=\"https:\/\/data.wordlift.io\/wl110249\/entity\/paragrafo\">par&aacute;grafo<\/span> do texto poderia ser reescrito da seguinte maneira:<\/p><p class=\"wp-block-paragraph\"><strong>A) <\/strong>Ainda que a pr&aacute;tica cardiovascular seja infinitamente mais significativa e determinante para a nossa sa&uacute;de org&acirc;nica como um todo, essa ordem deveria ser revista, podendo ser considerada o &ldquo;cora&ccedil;&atilde;o&rdquo; de um treinamento consciente e saud&aacute;vel.<\/p><p class=\"wp-block-paragraph\"><strong>B) <\/strong>Para evitar que a pr&aacute;tica cardiovascular se torne infinitamente mais significativa e determinante para a nossa sa&uacute;de org&acirc;nica como um todo, podendo ser considerada o &ldquo;cora&ccedil;&atilde;o&rdquo; de um treinamento consciente e saud&aacute;vel, essa ordem deveria ser revista.<\/p><p class=\"wp-block-paragraph\"><strong>C) <\/strong>Quando a pr&aacute;tica cardiovascular for infinitamente mais significativa e determinante para a nossa sa&uacute;de org&acirc;nica como um todo, essa ordem deveria ser revista, podendo ser considerada o &ldquo;cora&ccedil;&atilde;o&rdquo; de um treinamento consciente e saud&aacute;vel.<\/p><p class=\"wp-block-paragraph\"><strong>D) <\/strong>Quanto mais a pr&aacute;tica cardiovascular &eacute; infinitamente mais significativa e determinante para a nossa sa&uacute;de org&acirc;nica como um todo, podendo ser considerada o &ldquo;cora&ccedil;&atilde;o&rdquo; de um treinamento consciente e saud&aacute;vel, essa ordem deveria ser revista.<\/p><p class=\"wp-block-paragraph\"><strong>E) <\/strong>Essa ordem deveria ser revista: a pr&aacute;tica cardiovascular &eacute; infinitamente mais significativa e determinante para a nossa sa&uacute;de org&acirc;nica como um todo, podendo ser considerada o &ldquo;cora&ccedil;&atilde;o&rdquo; de um treinamento consciente e saud&aacute;vel.<\/p><p class=\"wp-block-paragraph\"><strong>Resposta:<\/strong> A alternativa E est&aacute; correta, porque, nessa reescrita, permanecem inalterados os significados originais, ainda que tenhamos uma rela&ccedil;&atilde;o de modifica&ccedil;&atilde;o de posi&ccedil;&atilde;o das informa&ccedil;&otilde;es. Notamos que, no caso, h&aacute; necessidade de modifica&ccedil;&atilde;o de comportamento com rela&ccedil;&atilde;o &agrave; pr&aacute;tica cardiovascular.<\/p><p class=\"wp-block-paragraph\"><strong>Alternativa: <\/strong>E.<\/p><h2 class=\"wp-block-heading\" id=\"h-estude-para-as-provas-com-a-coruja\"><span class=\"ez-toc-section\" id=\"Estude-para-as-provas-com-a-Coruja\"><\/span>Estude para as provas com a Coruja!<span class=\"ez-toc-section-end\"><\/span><\/h2><p class=\"wp-block-paragraph\">Nos pacotes do <span id=\"urn:enhancement-7aca9e24-23d7-41b6-9f6c-2d25d942fd90\" class=\"textannotation disambiguated wl-organization\" itemid=\"https:\/\/data.wordlift.io\/wl110249\/entity\/estrategia_vestibulares\">Estrat&eacute;gia Vestibulares<\/span>, voc&ecirc; pode acessar trilhas estrat&eacute;gias, elas s&atilde;o compostas por cronogramas completos para te guiar sobre o que, como e quando estudar. Al&eacute;m disso, os Livros Digitais Interativos (LDI) te ajudam durante todo o processo de aprendizagem, voc&ecirc; ler, grifar e anotar e, quando precisar revisar, todas as informa&ccedil;&otilde;es estar&atilde;o dispon&iacute;veis.<\/p><p class=\"wp-block-paragraph\">A Coruja te proporciona tudo isso associado com aulas did&aacute;ticas, que te d&atilde;o a base de conhecimento necess&aacute;rio em todas as disciplinas. Clique no banner e saiba mais!<\/p><figure class=\"wp-block-image size-large\"><a href=\"https:\/\/gratis.estrategiaconcursos.com.br\/ev-ebook-livro-digital-interativo-2024\/\" target=\"_blank\" rel=\"noopener noreferrer\"><img decoding=\"async\" width=\"1024\" height=\"512\" src=\"https:\/\/vestibulares.estrategia.com\/portal\/wp-content\/uploads\/2024\/05\/Banner_Hero_Desktop-1-1024x512.jpg\" alt=\"\" class=\"wp-image-117037\" srcset=\"https:\/\/vestibulares.estrategia.com\/portal\/wp-content\/uploads\/2024\/05\/Banner_Hero_Desktop-1-1024x512.jpg 1024w, https:\/\/vestibulares.estrategia.com\/portal\/wp-content\/uploads\/2024\/05\/Banner_Hero_Desktop-1-768x384.jpg 768w, https:\/\/vestibulares.estrategia.com\/portal\/wp-content\/uploads\/2024\/05\/Banner_Hero_Desktop-1-1536x768.jpg 1536w, https:\/\/vestibulares.estrategia.com\/portal\/wp-content\/uploads\/2024\/05\/Banner_Hero_Desktop-1-800x400.jpg 800w, https:\/\/vestibulares.estrategia.com\/portal\/wp-content\/uploads\/2024\/05\/Banner_Hero_Desktop-1-1160x580.jpg 1160w, https:\/\/vestibulares.estrategia.com\/portal\/wp-content\/uploads\/2024\/05\/Banner_Hero_Desktop-1.jpg 1800w\" sizes=\"(max-width: 1024px) 100vw, 1024px\" \/><\/a><\/figure><\/p>\n","protected":false},"excerpt":{"rendered":"Na L&iacute;ngua Portuguesa, enunciados s&atilde;o ora&ccedil;&otilde;es que apresentam um sentido completo em si mesmas. Na comunica&ccedil;&atilde;o, podem ser&hellip;\n","protected":false},"author":23,"featured_media":120590,"comment_status":"closed","ping_status":"closed","sticky":false,"template":"","format":"standard","meta":{"footnotes":""},"categories":[27],"tags":[],"class_list":["post-120610","post","type-post","status-publish","format-standard","has-post-thumbnail","category-portugues"],"acf":[],"yoast_head":"<!-- This site is optimized with the Yoast SEO Premium plugin v25.9 (Yoast SEO v28.2) - https:\/\/yoast.com\/product\/yoast-seo-premium-wordpress\/ -->\n<title>Enunciados: frase, ora\u00e7\u00e3o e per\u00edodo<\/title>\n<meta name=\"description\" content=\"Neste artigo, al\u00e9m de aprender sobre enunciados, concord\u00e2ncia e classifica\u00e7\u00e3o, conhe\u00e7a mais sobre frases, ora\u00e7\u00f5es e per\u00edodos do portugu\u00eas.\" \/>\n<meta name=\"robots\" content=\"index, follow, max-snippet:-1, max-image-preview:large, max-video-preview:-1\" \/>\n<link rel=\"canonical\" href=\"https:\/\/vestibulares.estrategia.com\/portal\/materias\/portugues\/enunciados\/\" \/>\n<meta property=\"og:locale\" content=\"pt_BR\" \/>\n<meta property=\"og:type\" content=\"article\" \/>\n<meta property=\"og:title\" content=\"Enunciados: frase, ora\u00e7\u00e3o e per\u00edodo\" \/>\n<meta property=\"og:description\" content=\"Neste artigo, al\u00e9m de aprender sobre enunciados, concord\u00e2ncia e classifica\u00e7\u00e3o, conhe\u00e7a mais sobre frases, ora\u00e7\u00f5es e per\u00edodos do portugu\u00eas.\" \/>\n<meta property=\"og:url\" content=\"https:\/\/vestibulares.estrategia.com\/portal\/materias\/portugues\/enunciados\/\" \/>\n<meta property=\"og:site_name\" content=\"Estrat\u00e9gia Vestibulares\" \/>\n<meta property=\"article:publisher\" content=\"https:\/\/facebook.com\/estrategiavestibulares\" \/>\n<meta property=\"article:published_time\" content=\"2024-06-29T21:00:00+00:00\" \/>\n<meta property=\"article:modified_time\" content=\"2024-08-07T17:16:52+00:00\" \/>\n<meta property=\"og:image\" content=\"https:\/\/vestibulares.estrategia.com\/portal\/wp-content\/uploads\/2024\/06\/pexels-poppythomashill-6631239.jpg\" \/>\n\t<meta property=\"og:image:width\" content=\"1280\" \/>\n\t<meta property=\"og:image:height\" content=\"853\" \/>\n\t<meta property=\"og:image:type\" content=\"image\/jpeg\" \/>\n<meta name=\"author\" content=\"Kauane Elias\" \/>\n<meta name=\"twitter:card\" content=\"summary_large_image\" \/>\n<meta name=\"twitter:creator\" content=\"@Estrategiavest\" \/>\n<meta name=\"twitter:site\" content=\"@Estrategiavest\" \/>\n<meta name=\"twitter:label1\" content=\"Escrito por\" \/>\n\t<meta name=\"twitter:data1\" content=\"Kauane Elias\" \/>\n\t<meta name=\"twitter:label2\" content=\"Est. tempo de leitura\" \/>\n\t<meta name=\"twitter:data2\" content=\"6 minutos\" \/>\n<script type=\"application\/ld+json\" class=\"yoast-schema-graph\">{\"@context\":\"https:\\\/\\\/schema.org\",\"@graph\":[{\"@type\":\"Article\",\"@id\":\"https:\\\/\\\/vestibulares.estrategia.com\\\/portal\\\/materias\\\/portugues\\\/enunciados\\\/#article\",\"isPartOf\":{\"@id\":\"https:\\\/\\\/vestibulares.estrategia.com\\\/portal\\\/materias\\\/portugues\\\/enunciados\\\/\"},\"author\":{\"name\":\"Kauane Elias\",\"@id\":\"https:\\\/\\\/vestibulares.estrategia.com\\\/portal\\\/#\\\/schema\\\/person\\\/c3c8aff2b0e78cda59fba186b818b7b1\"},\"headline\":\"Enunciados: frase, ora\u00e7\u00e3o e per\u00edodo\",\"datePublished\":\"2024-06-29T21:00:00+00:00\",\"dateModified\":\"2024-08-07T17:16:52+00:00\",\"mainEntityOfPage\":{\"@id\":\"https:\\\/\\\/vestibulares.estrategia.com\\\/portal\\\/materias\\\/portugues\\\/enunciados\\\/\"},\"wordCount\":1241,\"publisher\":{\"@id\":\"https:\\\/\\\/vestibulares.estrategia.com\\\/portal\\\/#organization\"},\"image\":{\"@id\":\"https:\\\/\\\/vestibulares.estrategia.com\\\/portal\\\/materias\\\/portugues\\\/enunciados\\\/#primaryimage\"},\"thumbnailUrl\":\"https:\\\/\\\/vestibulares.estrategia.com\\\/portal\\\/wp-content\\\/uploads\\\/2024\\\/06\\\/pexels-poppythomashill-6631239.jpg\",\"articleSection\":[\"Portugu\u00eas\"],\"inLanguage\":\"pt-BR\"},{\"@type\":\"WebPage\",\"@id\":\"https:\\\/\\\/vestibulares.estrategia.com\\\/portal\\\/materias\\\/portugues\\\/enunciados\\\/\",\"url\":\"https:\\\/\\\/vestibulares.estrategia.com\\\/portal\\\/materias\\\/portugues\\\/enunciados\\\/\",\"name\":\"Enunciados: frase, ora\u00e7\u00e3o e per\u00edodo\",\"isPartOf\":{\"@id\":\"https:\\\/\\\/vestibulares.estrategia.com\\\/portal\\\/#website\"},\"primaryImageOfPage\":{\"@id\":\"https:\\\/\\\/vestibulares.estrategia.com\\\/portal\\\/materias\\\/portugues\\\/enunciados\\\/#primaryimage\"},\"image\":{\"@id\":\"https:\\\/\\\/vestibulares.estrategia.com\\\/portal\\\/materias\\\/portugues\\\/enunciados\\\/#primaryimage\"},\"thumbnailUrl\":\"https:\\\/\\\/vestibulares.estrategia.com\\\/portal\\\/wp-content\\\/uploads\\\/2024\\\/06\\\/pexels-poppythomashill-6631239.jpg\",\"datePublished\":\"2024-06-29T21:00:00+00:00\",\"dateModified\":\"2024-08-07T17:16:52+00:00\",\"description\":\"Neste artigo, al\u00e9m de aprender sobre enunciados, concord\u00e2ncia e classifica\u00e7\u00e3o, conhe\u00e7a mais sobre frases, ora\u00e7\u00f5es e per\u00edodos do portugu\u00eas.\",\"breadcrumb\":{\"@id\":\"https:\\\/\\\/vestibulares.estrategia.com\\\/portal\\\/materias\\\/portugues\\\/enunciados\\\/#breadcrumb\"},\"inLanguage\":\"pt-BR\",\"potentialAction\":[{\"@type\":\"ReadAction\",\"target\":[\"https:\\\/\\\/vestibulares.estrategia.com\\\/portal\\\/materias\\\/portugues\\\/enunciados\\\/\"]}]},{\"@type\":\"ImageObject\",\"inLanguage\":\"pt-BR\",\"@id\":\"https:\\\/\\\/vestibulares.estrategia.com\\\/portal\\\/materias\\\/portugues\\\/enunciados\\\/#primaryimage\",\"url\":\"https:\\\/\\\/vestibulares.estrategia.com\\\/portal\\\/wp-content\\\/uploads\\\/2024\\\/06\\\/pexels-poppythomashill-6631239.jpg\",\"contentUrl\":\"https:\\\/\\\/vestibulares.estrategia.com\\\/portal\\\/wp-content\\\/uploads\\\/2024\\\/06\\\/pexels-poppythomashill-6631239.jpg\",\"width\":1280,\"height\":853,\"caption\":\"frase, ora\u00e7\u00e3o e per\u00edodo no Enunciados\"},{\"@type\":\"BreadcrumbList\",\"@id\":\"https:\\\/\\\/vestibulares.estrategia.com\\\/portal\\\/materias\\\/portugues\\\/enunciados\\\/#breadcrumb\",\"itemListElement\":[{\"@type\":\"ListItem\",\"position\":1,\"name\":\"Home\",\"item\":\"https:\\\/\\\/vestibulares.estrategia.com\\\/portal\\\/\"},{\"@type\":\"ListItem\",\"position\":2,\"name\":\"Mat\u00e9rias\",\"item\":\"https:\\\/\\\/vestibulares.estrategia.com\\\/portal\\\/materias\\\/\"},{\"@type\":\"ListItem\",\"position\":3,\"name\":\"Portugu\u00eas\",\"item\":\"https:\\\/\\\/vestibulares.estrategia.com\\\/portal\\\/materias\\\/portugues\\\/\"},{\"@type\":\"ListItem\",\"position\":4,\"name\":\"Enunciados: frase, ora\u00e7\u00e3o e per\u00edodo\"}]},{\"@type\":\"WebSite\",\"@id\":\"https:\\\/\\\/vestibulares.estrategia.com\\\/portal\\\/#website\",\"url\":\"https:\\\/\\\/vestibulares.estrategia.com\\\/portal\\\/\",\"name\":\"Estrat\u00e9gia Vestibulares\",\"description\":\"\",\"publisher\":{\"@id\":\"https:\\\/\\\/vestibulares.estrategia.com\\\/portal\\\/#organization\"},\"potentialAction\":[{\"@type\":\"SearchAction\",\"target\":{\"@type\":\"EntryPoint\",\"urlTemplate\":\"https:\\\/\\\/vestibulares.estrategia.com\\\/portal\\\/?s={search_term_string}\"},\"query-input\":{\"@type\":\"PropertyValueSpecification\",\"valueRequired\":true,\"valueName\":\"search_term_string\"}}],\"inLanguage\":\"pt-BR\"},{\"@type\":\"Organization\",\"@id\":\"https:\\\/\\\/vestibulares.estrategia.com\\\/portal\\\/#organization\",\"name\":\"Estrat\u00e9gia Vestibulares\",\"url\":\"https:\\\/\\\/vestibulares.estrategia.com\\\/portal\\\/\",\"logo\":{\"@type\":\"ImageObject\",\"inLanguage\":\"pt-BR\",\"@id\":\"https:\\\/\\\/vestibulares.estrategia.com\\\/portal\\\/#\\\/schema\\\/logo\\\/image\\\/\",\"url\":\"https:\\\/\\\/vestibulares.estrategia.com\\\/portal\\\/wp-content\\\/uploads\\\/2021\\\/06\\\/Logo-Vestibulares@4x.png\",\"contentUrl\":\"https:\\\/\\\/vestibulares.estrategia.com\\\/portal\\\/wp-content\\\/uploads\\\/2021\\\/06\\\/Logo-Vestibulares@4x.png\",\"width\":250,\"height\":66,\"caption\":\"Estrat\u00e9gia Vestibulares\"},\"image\":{\"@id\":\"https:\\\/\\\/vestibulares.estrategia.com\\\/portal\\\/#\\\/schema\\\/logo\\\/image\\\/\"},\"sameAs\":[\"https:\\\/\\\/facebook.com\\\/estrategiavestibulares\",\"https:\\\/\\\/x.com\\\/Estrategiavest\",\"https:\\\/\\\/www.instagram.com\\\/estrategiavestibulares\",\"https:\\\/\\\/www.youtube.com\\\/channel\\\/UCGWdZy8ULI-7_5GrABa4vNA\"]},{\"@type\":\"Person\",\"@id\":\"https:\\\/\\\/vestibulares.estrategia.com\\\/portal\\\/#\\\/schema\\\/person\\\/c3c8aff2b0e78cda59fba186b818b7b1\",\"name\":\"Kauane Elias\",\"image\":{\"@type\":\"ImageObject\",\"inLanguage\":\"pt-BR\",\"@id\":\"https:\\\/\\\/secure.gravatar.com\\\/avatar\\\/8e80772bbad4df9736e04a57d5d9e7505912087da8ecb6278b4b7be123170e95?s=96&d=mm&r=g\",\"url\":\"https:\\\/\\\/secure.gravatar.com\\\/avatar\\\/8e80772bbad4df9736e04a57d5d9e7505912087da8ecb6278b4b7be123170e95?s=96&d=mm&r=g\",\"contentUrl\":\"https:\\\/\\\/secure.gravatar.com\\\/avatar\\\/8e80772bbad4df9736e04a57d5d9e7505912087da8ecb6278b4b7be123170e95?s=96&d=mm&r=g\",\"caption\":\"Kauane Elias\"},\"description\":\"Medicina - Unicamp. F\u00e9. \\\"Um mundo melhor come\u00e7a na transforma\u00e7\u00e3o do pr\u00f3prio mundo!\\\"\",\"url\":\"https:\\\/\\\/vestibulares.estrategia.com\\\/portal\\\/author\\\/kauane\\\/\"}]}<\/script>\n<!-- \/ Yoast SEO Premium plugin. -->","yoast_head_json":{"title":"Enunciados: frase, ora\u00e7\u00e3o e per\u00edodo","description":"Neste artigo, al\u00e9m de aprender sobre enunciados, concord\u00e2ncia e classifica\u00e7\u00e3o, conhe\u00e7a mais sobre frases, ora\u00e7\u00f5es e per\u00edodos do portugu\u00eas.","robots":{"index":"index","follow":"follow","max-snippet":"max-snippet:-1","max-image-preview":"max-image-preview:large","max-video-preview":"max-video-preview:-1"},"canonical":"https:\/\/vestibulares.estrategia.com\/portal\/materias\/portugues\/enunciados\/","og_locale":"pt_BR","og_type":"article","og_title":"Enunciados: frase, ora\u00e7\u00e3o e per\u00edodo","og_description":"Neste artigo, al\u00e9m de aprender sobre enunciados, concord\u00e2ncia e classifica\u00e7\u00e3o, conhe\u00e7a mais sobre frases, ora\u00e7\u00f5es e per\u00edodos do portugu\u00eas.","og_url":"https:\/\/vestibulares.estrategia.com\/portal\/materias\/portugues\/enunciados\/","og_site_name":"Estrat\u00e9gia Vestibulares","article_publisher":"https:\/\/facebook.com\/estrategiavestibulares","article_published_time":"2024-06-29T21:00:00+00:00","article_modified_time":"2024-08-07T17:16:52+00:00","og_image":[{"width":1280,"height":853,"url":"https:\/\/vestibulares.estrategia.com\/portal\/wp-content\/uploads\/2024\/06\/pexels-poppythomashill-6631239.jpg","type":"image\/jpeg"}],"author":"Kauane Elias","twitter_card":"summary_large_image","twitter_creator":"@Estrategiavest","twitter_site":"@Estrategiavest","twitter_misc":{"Escrito por":"Kauane Elias","Est. tempo de leitura":"6 minutos"},"schema":{"@context":"https:\/\/schema.org","@graph":[{"@type":"Article","@id":"https:\/\/vestibulares.estrategia.com\/portal\/materias\/portugues\/enunciados\/#article","isPartOf":{"@id":"https:\/\/vestibulares.estrategia.com\/portal\/materias\/portugues\/enunciados\/"},"author":{"name":"Kauane Elias","@id":"https:\/\/vestibulares.estrategia.com\/portal\/#\/schema\/person\/c3c8aff2b0e78cda59fba186b818b7b1"},"headline":"Enunciados: frase, ora\u00e7\u00e3o e per\u00edodo","datePublished":"2024-06-29T21:00:00+00:00","dateModified":"2024-08-07T17:16:52+00:00","mainEntityOfPage":{"@id":"https:\/\/vestibulares.estrategia.com\/portal\/materias\/portugues\/enunciados\/"},"wordCount":1241,"publisher":{"@id":"https:\/\/vestibulares.estrategia.com\/portal\/#organization"},"image":{"@id":"https:\/\/vestibulares.estrategia.com\/portal\/materias\/portugues\/enunciados\/#primaryimage"},"thumbnailUrl":"https:\/\/vestibulares.estrategia.com\/portal\/wp-content\/uploads\/2024\/06\/pexels-poppythomashill-6631239.jpg","articleSection":["Portugu\u00eas"],"inLanguage":"pt-BR"},{"@type":"WebPage","@id":"https:\/\/vestibulares.estrategia.com\/portal\/materias\/portugues\/enunciados\/","url":"https:\/\/vestibulares.estrategia.com\/portal\/materias\/portugues\/enunciados\/","name":"Enunciados: frase, ora\u00e7\u00e3o e per\u00edodo","isPartOf":{"@id":"https:\/\/vestibulares.estrategia.com\/portal\/#website"},"primaryImageOfPage":{"@id":"https:\/\/vestibulares.estrategia.com\/portal\/materias\/portugues\/enunciados\/#primaryimage"},"image":{"@id":"https:\/\/vestibulares.estrategia.com\/portal\/materias\/portugues\/enunciados\/#primaryimage"},"thumbnailUrl":"https:\/\/vestibulares.estrategia.com\/portal\/wp-content\/uploads\/2024\/06\/pexels-poppythomashill-6631239.jpg","datePublished":"2024-06-29T21:00:00+00:00","dateModified":"2024-08-07T17:16:52+00:00","description":"Neste artigo, al\u00e9m de aprender sobre enunciados, concord\u00e2ncia e classifica\u00e7\u00e3o, conhe\u00e7a mais sobre frases, ora\u00e7\u00f5es e per\u00edodos do portugu\u00eas.","breadcrumb":{"@id":"https:\/\/vestibulares.estrategia.com\/portal\/materias\/portugues\/enunciados\/#breadcrumb"},"inLanguage":"pt-BR","potentialAction":[{"@type":"ReadAction","target":["https:\/\/vestibulares.estrategia.com\/portal\/materias\/portugues\/enunciados\/"]}]},{"@type":"ImageObject","inLanguage":"pt-BR","@id":"https:\/\/vestibulares.estrategia.com\/portal\/materias\/portugues\/enunciados\/#primaryimage","url":"https:\/\/vestibulares.estrategia.com\/portal\/wp-content\/uploads\/2024\/06\/pexels-poppythomashill-6631239.jpg","contentUrl":"https:\/\/vestibulares.estrategia.com\/portal\/wp-content\/uploads\/2024\/06\/pexels-poppythomashill-6631239.jpg","width":1280,"height":853,"caption":"frase, ora\u00e7\u00e3o e per\u00edodo no Enunciados"},{"@type":"BreadcrumbList","@id":"https:\/\/vestibulares.estrategia.com\/portal\/materias\/portugues\/enunciados\/#breadcrumb","itemListElement":[{"@type":"ListItem","position":1,"name":"Home","item":"https:\/\/vestibulares.estrategia.com\/portal\/"},{"@type":"ListItem","position":2,"name":"Mat\u00e9rias","item":"https:\/\/vestibulares.estrategia.com\/portal\/materias\/"},{"@type":"ListItem","position":3,"name":"Portugu\u00eas","item":"https:\/\/vestibulares.estrategia.com\/portal\/materias\/portugues\/"},{"@type":"ListItem","position":4,"name":"Enunciados: frase, ora\u00e7\u00e3o e per\u00edodo"}]},{"@type":"WebSite","@id":"https:\/\/vestibulares.estrategia.com\/portal\/#website","url":"https:\/\/vestibulares.estrategia.com\/portal\/","name":"Estrat\u00e9gia Vestibulares","description":"","publisher":{"@id":"https:\/\/vestibulares.estrategia.com\/portal\/#organization"},"potentialAction":[{"@type":"SearchAction","target":{"@type":"EntryPoint","urlTemplate":"https:\/\/vestibulares.estrategia.com\/portal\/?s={search_term_string}"},"query-input":{"@type":"PropertyValueSpecification","valueRequired":true,"valueName":"search_term_string"}}],"inLanguage":"pt-BR"},{"@type":"Organization","@id":"https:\/\/vestibulares.estrategia.com\/portal\/#organization","name":"Estrat\u00e9gia Vestibulares","url":"https:\/\/vestibulares.estrategia.com\/portal\/","logo":{"@type":"ImageObject","inLanguage":"pt-BR","@id":"https:\/\/vestibulares.estrategia.com\/portal\/#\/schema\/logo\/image\/","url":"https:\/\/vestibulares.estrategia.com\/portal\/wp-content\/uploads\/2021\/06\/Logo-Vestibulares@4x.png","contentUrl":"https:\/\/vestibulares.estrategia.com\/portal\/wp-content\/uploads\/2021\/06\/Logo-Vestibulares@4x.png","width":250,"height":66,"caption":"Estrat\u00e9gia Vestibulares"},"image":{"@id":"https:\/\/vestibulares.estrategia.com\/portal\/#\/schema\/logo\/image\/"},"sameAs":["https:\/\/facebook.com\/estrategiavestibulares","https:\/\/x.com\/Estrategiavest","https:\/\/www.instagram.com\/estrategiavestibulares","https:\/\/www.youtube.com\/channel\/UCGWdZy8ULI-7_5GrABa4vNA"]},{"@type":"Person","@id":"https:\/\/vestibulares.estrategia.com\/portal\/#\/schema\/person\/c3c8aff2b0e78cda59fba186b818b7b1","name":"Kauane Elias","image":{"@type":"ImageObject","inLanguage":"pt-BR","@id":"https:\/\/secure.gravatar.com\/avatar\/8e80772bbad4df9736e04a57d5d9e7505912087da8ecb6278b4b7be123170e95?s=96&d=mm&r=g","url":"https:\/\/secure.gravatar.com\/avatar\/8e80772bbad4df9736e04a57d5d9e7505912087da8ecb6278b4b7be123170e95?s=96&d=mm&r=g","contentUrl":"https:\/\/secure.gravatar.com\/avatar\/8e80772bbad4df9736e04a57d5d9e7505912087da8ecb6278b4b7be123170e95?s=96&d=mm&r=g","caption":"Kauane Elias"},"description":"Medicina - Unicamp. F\u00e9. \"Um mundo melhor come\u00e7a na transforma\u00e7\u00e3o do pr\u00f3prio mundo!\"","url":"https:\/\/vestibulares.estrategia.com\/portal\/author\/kauane\/"}]}},"_links":{"self":[{"href":"https:\/\/vestibulares.estrategia.com\/portal\/wp-json\/wp\/v2\/posts\/120610","targetHints":{"allow":["GET"]}}],"collection":[{"href":"https:\/\/vestibulares.estrategia.com\/portal\/wp-json\/wp\/v2\/posts"}],"about":[{"href":"https:\/\/vestibulares.estrategia.com\/portal\/wp-json\/wp\/v2\/types\/post"}],"author":[{"embeddable":true,"href":"https:\/\/vestibulares.estrategia.com\/portal\/wp-json\/wp\/v2\/users\/23"}],"replies":[{"embeddable":true,"href":"https:\/\/vestibulares.estrategia.com\/portal\/wp-json\/wp\/v2\/comments?post=120610"}],"version-history":[{"count":2,"href":"https:\/\/vestibulares.estrategia.com\/portal\/wp-json\/wp\/v2\/posts\/120610\/revisions"}],"predecessor-version":[{"id":122652,"href":"https:\/\/vestibulares.estrategia.com\/portal\/wp-json\/wp\/v2\/posts\/120610\/revisions\/122652"}],"wp:featuredmedia":[{"embeddable":true,"href":"https:\/\/vestibulares.estrategia.com\/portal\/wp-json\/wp\/v2\/media\/120590"}],"wp:attachment":[{"href":"https:\/\/vestibulares.estrategia.com\/portal\/wp-json\/wp\/v2\/media?parent=120610"}],"wp:term":[{"taxonomy":"category","embeddable":true,"href":"https:\/\/vestibulares.estrategia.com\/portal\/wp-json\/wp\/v2\/categories?post=120610"},{"taxonomy":"post_tag","embeddable":true,"href":"https:\/\/vestibulares.estrategia.com\/portal\/wp-json\/wp\/v2\/tags?post=120610"}],"curies":[{"name":"wp","href":"https:\/\/api.w.org\/{rel}","templated":true}]}}