{"id":120624,"date":"2024-06-29T21:00:00","date_gmt":"2024-06-30T00:00:00","guid":{"rendered":"https:\/\/vestibulares.estrategia.com\/portal\/?p=120624"},"modified":"2024-08-26T14:16:07","modified_gmt":"2024-08-26T17:16:07","slug":"construcoes-verbais","status":"publish","type":"post","link":"https:\/\/vestibulares.estrategia.com\/portal\/materias\/portugues\/construcoes-verbais\/","title":{"rendered":"Constru\u00e7\u00f5es verbais: como s\u00e3o dispostos os verbos no texto"},"content":{"rendered":"<p>A comunica&ccedil;&atilde;o em l&iacute;ngua portuguesa e na maior parte das linguagens orais demanda o uso de palavras que expressam a&ccedil;&atilde;o, estado e fen&ocirc;menos da natureza, que s&atilde;o os verbos. Entretanto, o uso desses termos n&atilde;o pode ser simplificado ao indicar uma a&ccedil;&atilde;o. O posicionamento inteligente deles, as constru&ccedil;&otilde;es verbais escolhidas e os tipos de verbos adicionados podem trazer diferentes conota&ccedil;&otilde;es para a mensagem transmitida. Acompanhe mais sobre o tema neste artigo.<div id=\"ez-toc-container\" class=\"ez-toc-v2_0_76 counter-hierarchy ez-toc-counter ez-toc-transparent ez-toc-container-direction\">\n<div class=\"ez-toc-title-container\"><p class=\"ez-toc-title\" style=\"cursor:inherit\">Navegue pelo conte\u00fado<\/p>\n<\/div><nav><ul class='ez-toc-list ez-toc-list-level-1 ' ><li class='ez-toc-page-1 ez-toc-heading-level-2'><a class=\"ez-toc-link ez-toc-heading-1\" href=\"https:\/\/vestibulares.estrategia.com\/portal\/materias\/portugues\/construcoes-verbais\/#Construcoes-verbais\" >Constru&ccedil;&otilde;es verbais<\/a><\/li><li class='ez-toc-page-1 ez-toc-heading-level-2'><a class=\"ez-toc-link ez-toc-heading-2\" href=\"https:\/\/vestibulares.estrategia.com\/portal\/materias\/portugues\/construcoes-verbais\/#Aspecto-verbal\" >Aspecto verbal&nbsp;<\/a><\/li><li class='ez-toc-page-1 ez-toc-heading-level-2'><a class=\"ez-toc-link ez-toc-heading-3\" href=\"https:\/\/vestibulares.estrategia.com\/portal\/materias\/portugues\/construcoes-verbais\/#Locucoes-verbais\" >Locu&ccedil;&otilde;es verbais&nbsp;<\/a><\/li><li class='ez-toc-page-1 ez-toc-heading-level-2'><a class=\"ez-toc-link ez-toc-heading-4\" href=\"https:\/\/vestibulares.estrategia.com\/portal\/materias\/portugues\/construcoes-verbais\/#Questoes-sobre-construcoes-verbais\" >Quest&otilde;es sobre constru&ccedil;&otilde;es verbais&nbsp;<\/a><\/li><li class='ez-toc-page-1 ez-toc-heading-level-2'><a class=\"ez-toc-link ez-toc-heading-5\" href=\"https:\/\/vestibulares.estrategia.com\/portal\/materias\/portugues\/construcoes-verbais\/#Estude-para-o-vestibular-com-o-Estrategia\" >Estude para o vestibular com o Estrat&eacute;gia!<\/a><\/li><\/ul><\/nav><\/div>\n<h2 class=\"wp-block-heading\" id=\"h-construcoes-verbais\"><span class=\"ez-toc-section\" id=\"Construcoes-verbais\"><\/span>Constru&ccedil;&otilde;es verbais<span class=\"ez-toc-section-end\"><\/span><\/h2><p>As constru&ccedil;&otilde;es verbais podem ser consideradas como as diferentes formas de dispor um <a href=\"https:\/\/vestibulares.estrategia.com\/portal\/materias\/portugues\/verbo\/\" target=\"_blank\">verbos <\/a>dentro de uma frase. Por vezes, &eacute; poss&iacute;vel adicionar o verbo sozinho, por vezes &eacute; importante colocar um objeto sofrendo a a&ccedil;&atilde;o de um sujeito, ou o contr&aacute;rio, o sujeito sofrendo a a&ccedil;&atilde;o do objeto &mdash; tudo depende do que se espera transmitir no texto redigido.&nbsp;&nbsp;<\/p><p>Por exemplo, na constru&ccedil;&atilde;o verbal: &ldquo;O inseto foi pisado por Jo&atilde;o&rdquo; e &ldquo;Jo&atilde;o pisou no inseto&rdquo; a mensagem final &eacute; a mesma, em que uma pessoa chamada Jo&atilde;o realizou o ato de pisar sobre um inseto.&nbsp;<\/p><p>Entretanto, ao colocar o inseto como pisado, no primeiro exemplo, o enfoque &eacute; dado para o pequeno invertebrado que sofreu a&ccedil;&otilde;es hostis de um ser humano. Por outro lado, quando Jo&atilde;o &eacute; o agente do verbo, que pisa no inseto, n&atilde;o &eacute; transmitida essa ideia mais intensa de &ldquo;piedade&rdquo; em rela&ccedil;&atilde;o ao bicho.<\/p><p>Para al&eacute;m da posi&ccedil;&atilde;o verbal, existem as locu&ccedil;&otilde;es verbais, quando verbos s&atilde;o unidos a outros verbos ou palavras para expressar uma a&ccedil;&atilde;o espec&iacute;fica. Assim, durante a escrita e tamb&eacute;m na leitura de mensagens, em diferentes cen&aacute;rios, &eacute; importante identificar os verbos e reconhecer sua fun&ccedil;&atilde;o no texto.&nbsp;<\/p><p>+ Veja tamb&eacute;m: <a href=\"https:\/\/vestibulares.estrategia.com\/portal\/materias\/portugues\/texto-narrativo\/\">Texto narrativo: vozes narrativas, estrutura e exemplos<\/a><\/p><h2 class=\"wp-block-heading\" id=\"h-aspecto-verbal-nbsp\"><span class=\"ez-toc-section\" id=\"Aspecto-verbal\"><\/span>Aspecto verbal&nbsp;<span class=\"ez-toc-section-end\"><\/span><\/h2><p>Um t&oacute;pico importante no estudo das constru&ccedil;&otilde;es verbais &eacute; o aspecto verbal. Ou seja, a ideia por tr&aacute;s que &eacute; difundida em simult&acirc;neo com a mensagem e que, muitas vezes, &eacute; captada de maneira inconsciente pelo leitor.<\/p><p>Isso significa que a escolha do verbo tamb&eacute;m importa. Ao escolher diferentes palavras, embora elas sejam sin&ocirc;nimos, a ideia que transmitem pode ser diferente em um n&iacute;vel sutil. A soma dessas pequenas frases e significados sutis fazem parte da constru&ccedil;&atilde;o do texto, ent&atilde;o &eacute; importante estar ciente desses recursos, perceb&ecirc;-los e\/ou utiliz&aacute;-los sabiamente. Veja os exemplos abaixo:<\/p><p>&ldquo;Matheus opinou sobre as quest&otilde;es levantadas pela paciente&rdquo;<br>&ldquo;Matheus falou sobre as quest&otilde;es levantadas pela paciente&rdquo;<br>&ldquo;Matheus discorreu sobre as quest&otilde;es levantadas pela paciente&rdquo;<\/p><p>De certa forma, todas as tr&ecirc;s frases transmitem a ideia de que Matheus expressou algo sobre as quest&otilde;es levantadas pela paciente. Mas note como cada verbo pode traduzir sentidos diferentes:<\/p><ul class=\"wp-block-list\">\n<li>O termo &ldquo;opinou&rdquo; traz uma conota&ccedil;&atilde;o mais pessoal, subjetiva, sobre aquilo que o sujeito &ldquo;opina&rdquo; &mdash; &eacute; uma opini&atilde;o, uma ideia, uma vis&atilde;o;<\/li>\n\n\n\n<li>O termo &ldquo;falou&rdquo; confere a concep&ccedil;&atilde;o de uma fala corriqueira, cotidiana, conversa comum; e&nbsp;<\/li>\n\n\n\n<li>Em &ldquo;discorreu&rdquo;, o verbo oferece uma compreens&atilde;o mais formal, de quem apresentou argumentos, avaliou, considerou pr&oacute;s e contras.&nbsp;<\/li>\n<\/ul><p>Ent&atilde;o, o aspecto verbal dessas frases faz com que elas sejam adequadas para diferentes ambientes sociais. O verbo discorrer soa bem e caracteriza, por exemplo, o parecer de um especialista da sa&uacute;de sobre as d&uacute;vidas de um paciente.&nbsp;<\/p><h2 class=\"wp-block-heading\" id=\"h-locucoes-verbais-nbsp\"><span class=\"ez-toc-section\" id=\"Locucoes-verbais\"><\/span>Locu&ccedil;&otilde;es verbais&nbsp;<span class=\"ez-toc-section-end\"><\/span><\/h2><p>As locu&ccedil;&otilde;es verbais, que tamb&eacute;m s&atilde;o chamadas de per&iacute;frases verbais, s&atilde;o constitu&iacute;das pela uni&atilde;o de um verbo principal com um verbo auxiliar. S&atilde;o importantes para expressar continuidade e tempo nas a&ccedil;&otilde;es, por exemplo:<\/p><ul class=\"wp-block-list\">\n<li>&ldquo;<strong>Estava estudando<\/strong>, quando percebi que estava muito cansada para entender o conte&uacute;do&rdquo; (auxiliar &ndash; estava, principal &ndash; estudando)<\/li>\n\n\n\n<li>&ldquo;<strong>Havia chovido <\/strong>e a pista estava muito molhada&rdquo; (auxiliar &ndash; havia, principal &ndash; chovido)<\/li>\n\n\n\n<li>&ldquo;<strong>Tenho corrido <\/strong>todos os dias no parque da minha cidade&rdquo; (auxiliar &ndash; tenho, principal &ndash; corrido)<\/li>\n\n\n\n<li>&ldquo;<strong>Seremos recebidos <\/strong>pela minha fam&iacute;lia quando chegarmos de viagem&rdquo; (auxiliar &ndash; seremos, principal &ndash; recebidos)<\/li>\n<\/ul><p>Como est&aacute; demonstrado nos exemplos, em geral, a estrutura de uma locu&ccedil;&atilde;o verbal &eacute; dada por verbo auxiliar + verbo principal. Os verbos auxiliares s&atilde;o variados, mas os mais comuns s&atilde;o ser, estar, haver, ter, poder e dever.&nbsp;<\/p><p>Veja como os verbos auxiliares indicam um tempo passado (havia, estava), presente (tenho) ou futuro (seremos) para os verbos principais apresentados. Al&eacute;m disso, como a flex&atilde;o verbal est&aacute; quase sempre concentrada no verbo auxiliar, os verbos principais admitem um formato partic&iacute;pio quando a a&ccedil;&atilde;o j&aacute; foi encerrada (chovido) e formato ger&uacute;ndio quando &eacute; uma a&ccedil;&atilde;o de continuidade (estudando).&nbsp;<\/p><h2 class=\"wp-block-heading\" id=\"h-questoes-sobre-construcoes-verbais-nbsp\"><span class=\"ez-toc-section\" id=\"Questoes-sobre-construcoes-verbais\"><\/span>Quest&otilde;es sobre constru&ccedil;&otilde;es verbais&nbsp;<span class=\"ez-toc-section-end\"><\/span><\/h2><p>Universidade de Ribeir&atilde;o Preto (UNAERP)<\/p><p>A interfer&ecirc;ncia do ambiente no sistema nervoso causa mudan&ccedil;as anat&ocirc;micas e funcionais no c&eacute;rebro. Assim, a quantidade de neur&ocirc;nios e as conex&otilde;es entre eles (sinapses) mudam dependendo das experi&ecirc;ncias pelas quais se passa. Antes, acreditava-se que as sinapses formadas na inf&acirc;ncia permaneciam imut&aacute;veis pelo resto da vida, mas h&aacute; ind&iacute;cios de que n&atilde;o &eacute; assim. Nos anos 1980, um estudo pioneiro do neurocientista norte-americano Michael Merzenich, da Universidade da Calif&oacute;rnia, nos Estados Unidos, demonstrou que o c&eacute;rebro de macacos adultos se <strong>modificava <\/strong>depois da amputa&ccedil;&atilde;o de um dos dedos da m&atilde;o. A perda do membro provocava atrofia dos neur&ocirc;nios da regi&atilde;o respons&aacute;vel pelo controle motor do dedo amputado. Por&eacute;m ele observou tamb&eacute;m que essa &aacute;rea acabava sendo ocupada pelos neur&ocirc;nios respons&aacute;veis pelo movimento do dedo ao lado.<\/p><p>Dispon&iacute;vel em: &lt;https:\/\/danielajanssen.com.br\/plasticidade-cerebral-na-aprendizagem\/&gt;. Acesso em: mar. 2021.<\/p><p>O uso do tempo verbal no termo modificava (destacado no texto) indica<\/p><p><strong>A) <\/strong>fato ocorrido em tempo passado associado &agrave; ideia de continuidade at&eacute; o presente.<br><strong>B) <\/strong>questionamento do sujeito autor em rela&ccedil;&atilde;o &agrave;quilo que afirma.<br><strong>C) <\/strong>que a a&ccedil;&atilde;o ocorreu em momento anterior ao atual e foi totalmente finalizada.<br><strong>D) <\/strong>marca&ccedil;&atilde;o de que a a&ccedil;&atilde;o expressa n&atilde;o tem validade nos dias atuais.<br><strong>E) <\/strong>oposi&ccedil;&atilde;o de ideias em rela&ccedil;&atilde;o &agrave; informa&ccedil;&atilde;o precedente.<\/p><p><strong>Alternativa correta: <\/strong>A.&nbsp;<\/p><h2 class=\"wp-block-heading\" id=\"h-estude-para-o-vestibular-com-o-estrategia\"><span class=\"ez-toc-section\" id=\"Estude-para-o-vestibular-com-o-Estrategia\"><\/span>Estude para o vestibular com o Estrat&eacute;gia!<span class=\"ez-toc-section-end\"><\/span><\/h2><p>Continue a estudar esses temas com a Coruja, por meio de aulas gratuitas disponibilizadas no <a href=\"https:\/\/www.youtube.com\/c\/Estrat%C3%A9giaVestibulares\/playlists\" target=\"_blank\">Canal do YouTube<\/a>. Elas s&atilde;o ministradas por professores especializados nos temas, com informa&ccedil;&otilde;es confi&aacute;veis e &uacute;teis para o estudo pr&eacute;-vestibular.&nbsp;<\/p><p>Gostou do conte&uacute;do? Tenha acesso a diversos resumos e explica&ccedil;&otilde;es did&aacute;ticas sobre assuntos de Portugu&ecirc;s, Espanhol e Ingl&ecirc;s, tr&ecirc;s idiomas importantes para a realiza&ccedil;&atilde;o das principais provas de vestibulares do pa&iacute;s. Acesse tamb&eacute;m um vasto material de todas as outras disciplinas importantes para os estudos pr&eacute;-vestibular. Tudo isso est&aacute; dispon&iacute;vel nos cursos da Coruja, em PDFs ou aulas. Conhe&ccedil;a mais agora mesmo!<\/p><p>\n\n\n\n\n\n<a id=\"cta\" class=\"cta-imagem\" href=\"https:\/\/vestibulares.estrategia.com\/cursos\/\" target=\"blank\">\n                <img decoding=\"async\" width=\"100%\" src=\"https:\/\/vestibulares.estrategia.com\/portal\/wp-content\/uploads\/2021\/12\/EV4.jpg\" alt=\"CTA - Estrat\u00e9gia Vestibulares 4\" title=\"CTA - Estrat\u00e9gia Vestibulares 4\">\n        <\/a>\n\n\n<\/p><\/p>\n","protected":false},"excerpt":{"rendered":"A comunica&ccedil;&atilde;o em l&iacute;ngua portuguesa e na maior parte das linguagens orais demanda o uso de palavras que&hellip;\n","protected":false},"author":23,"featured_media":120615,"comment_status":"closed","ping_status":"closed","sticky":false,"template":"","format":"standard","meta":{"wl_entities_gutenberg":"","footnotes":""},"categories":[27],"tags":[],"wl_entity_type":[732],"class_list":{"0":"post-120624","1":"post","2":"type-post","3":"status-publish","4":"format-standard","5":"has-post-thumbnail","7":"category-portugues","8":"wl_entity_type-article"},"acf":[],"yoast_head":"<!-- This site is optimized with the Yoast SEO Premium plugin v25.9 (Yoast SEO v25.9) - https:\/\/yoast.com\/wordpress\/plugins\/seo\/ -->\n<title>Constru\u00e7\u00f5es verbais: como s\u00e3o dispostos os verbos no texto<\/title>\n<meta name=\"description\" content=\"Aprenda mais sobre as constru\u00e7\u00f5es verbais e os tipos de verbos e veja como podem trazer diferentes conota\u00e7\u00f5es para a mensagem transmitida.\" \/>\n<meta name=\"robots\" content=\"index, follow, max-snippet:-1, max-image-preview:large, max-video-preview:-1\" \/>\n<link rel=\"canonical\" href=\"https:\/\/vestibulares.estrategia.com\/portal\/materias\/portugues\/construcoes-verbais\/\" \/>\n<meta property=\"og:locale\" content=\"pt_BR\" \/>\n<meta property=\"og:type\" content=\"article\" \/>\n<meta property=\"og:title\" content=\"Constru\u00e7\u00f5es verbais: como s\u00e3o dispostos os verbos no texto\" \/>\n<meta property=\"og:description\" content=\"Aprenda mais sobre as constru\u00e7\u00f5es verbais e os tipos de verbos e veja como podem trazer diferentes conota\u00e7\u00f5es para a mensagem transmitida.\" \/>\n<meta property=\"og:url\" content=\"https:\/\/vestibulares.estrategia.com\/portal\/materias\/portugues\/construcoes-verbais\/\" \/>\n<meta property=\"og:site_name\" content=\"Estrat\u00e9gia Vestibulares\" \/>\n<meta property=\"article:publisher\" content=\"https:\/\/facebook.com\/estrategiavestibulares\" \/>\n<meta property=\"article:published_time\" content=\"2024-06-30T00:00:00+00:00\" \/>\n<meta property=\"article:modified_time\" content=\"2024-08-26T17:16:07+00:00\" \/>\n<meta property=\"og:image\" content=\"https:\/\/vestibulares.estrategia.com\/portal\/wp-content\/uploads\/2024\/06\/pexels-nietjuh-934071.jpg\" \/>\n\t<meta property=\"og:image:width\" content=\"1280\" \/>\n\t<meta property=\"og:image:height\" content=\"852\" \/>\n\t<meta property=\"og:image:type\" content=\"image\/jpeg\" \/>\n<meta name=\"author\" content=\"Kauane Elias\" \/>\n<meta name=\"twitter:card\" content=\"summary_large_image\" \/>\n<meta name=\"twitter:creator\" content=\"@Estrategiavest\" \/>\n<meta name=\"twitter:site\" content=\"@Estrategiavest\" \/>\n<meta name=\"twitter:label1\" content=\"Escrito por\" \/>\n\t<meta name=\"twitter:data1\" content=\"Kauane Elias\" \/>\n\t<meta name=\"twitter:label2\" content=\"Est. tempo de leitura\" \/>\n\t<meta name=\"twitter:data2\" content=\"6 minutos\" \/>\n<script type=\"application\/ld+json\" class=\"yoast-schema-graph\">{\"@context\":\"https:\/\/schema.org\",\"@graph\":[{\"@type\":\"Article\",\"@id\":\"https:\/\/vestibulares.estrategia.com\/portal\/materias\/portugues\/construcoes-verbais\/#article\",\"isPartOf\":{\"@id\":\"https:\/\/vestibulares.estrategia.com\/portal\/materias\/portugues\/construcoes-verbais\/\"},\"author\":{\"name\":\"Kauane Elias\",\"@id\":\"https:\/\/vestibulares.estrategia.com\/portal\/#\/schema\/person\/c3c8aff2b0e78cda59fba186b818b7b1\"},\"headline\":\"Constru\u00e7\u00f5es verbais: como s\u00e3o dispostos os verbos no texto\",\"datePublished\":\"2024-06-30T00:00:00+00:00\",\"dateModified\":\"2024-08-26T17:16:07+00:00\",\"mainEntityOfPage\":{\"@id\":\"https:\/\/vestibulares.estrategia.com\/portal\/materias\/portugues\/construcoes-verbais\/\"},\"wordCount\":1177,\"publisher\":{\"@id\":\"https:\/\/vestibulares.estrategia.com\/portal\/#organization\"},\"image\":{\"@id\":\"https:\/\/vestibulares.estrategia.com\/portal\/materias\/portugues\/construcoes-verbais\/#primaryimage\"},\"thumbnailUrl\":\"https:\/\/vestibulares.estrategia.com\/portal\/wp-content\/uploads\/2024\/06\/pexels-nietjuh-934071.jpg\",\"articleSection\":[\"Portugu\u00eas\"],\"inLanguage\":\"pt-BR\"},{\"@type\":\"WebPage\",\"@id\":\"https:\/\/vestibulares.estrategia.com\/portal\/materias\/portugues\/construcoes-verbais\/\",\"url\":\"https:\/\/vestibulares.estrategia.com\/portal\/materias\/portugues\/construcoes-verbais\/\",\"name\":\"Constru\u00e7\u00f5es verbais: como s\u00e3o dispostos os verbos no texto\",\"isPartOf\":{\"@id\":\"https:\/\/vestibulares.estrategia.com\/portal\/#website\"},\"primaryImageOfPage\":{\"@id\":\"https:\/\/vestibulares.estrategia.com\/portal\/materias\/portugues\/construcoes-verbais\/#primaryimage\"},\"image\":{\"@id\":\"https:\/\/vestibulares.estrategia.com\/portal\/materias\/portugues\/construcoes-verbais\/#primaryimage\"},\"thumbnailUrl\":\"https:\/\/vestibulares.estrategia.com\/portal\/wp-content\/uploads\/2024\/06\/pexels-nietjuh-934071.jpg\",\"datePublished\":\"2024-06-30T00:00:00+00:00\",\"dateModified\":\"2024-08-26T17:16:07+00:00\",\"description\":\"Aprenda mais sobre as constru\u00e7\u00f5es verbais e os tipos de verbos e veja como podem trazer diferentes conota\u00e7\u00f5es para a mensagem transmitida.\",\"breadcrumb\":{\"@id\":\"https:\/\/vestibulares.estrategia.com\/portal\/materias\/portugues\/construcoes-verbais\/#breadcrumb\"},\"inLanguage\":\"pt-BR\",\"potentialAction\":[{\"@type\":\"ReadAction\",\"target\":[\"https:\/\/vestibulares.estrategia.com\/portal\/materias\/portugues\/construcoes-verbais\/\"]}]},{\"@type\":\"ImageObject\",\"inLanguage\":\"pt-BR\",\"@id\":\"https:\/\/vestibulares.estrategia.com\/portal\/materias\/portugues\/construcoes-verbais\/#primaryimage\",\"url\":\"https:\/\/vestibulares.estrategia.com\/portal\/wp-content\/uploads\/2024\/06\/pexels-nietjuh-934071.jpg\",\"contentUrl\":\"https:\/\/vestibulares.estrategia.com\/portal\/wp-content\/uploads\/2024\/06\/pexels-nietjuh-934071.jpg\",\"width\":1280,\"height\":852,\"caption\":\"Constru\u00e7\u00f5es verbais\"},{\"@type\":\"BreadcrumbList\",\"@id\":\"https:\/\/vestibulares.estrategia.com\/portal\/materias\/portugues\/construcoes-verbais\/#breadcrumb\",\"itemListElement\":[{\"@type\":\"ListItem\",\"position\":1,\"name\":\"Home\",\"item\":\"https:\/\/vestibulares.estrategia.com\/portal\/\"},{\"@type\":\"ListItem\",\"position\":2,\"name\":\"Mat\u00e9rias\",\"item\":\"https:\/\/vestibulares.estrategia.com\/portal\/materias\/\"},{\"@type\":\"ListItem\",\"position\":3,\"name\":\"Portugu\u00eas\",\"item\":\"https:\/\/vestibulares.estrategia.com\/portal\/materias\/portugues\/\"},{\"@type\":\"ListItem\",\"position\":4,\"name\":\"Constru\u00e7\u00f5es verbais: como s\u00e3o dispostos os verbos no texto\"}]},{\"@type\":\"WebSite\",\"@id\":\"https:\/\/vestibulares.estrategia.com\/portal\/#website\",\"url\":\"https:\/\/vestibulares.estrategia.com\/portal\/\",\"name\":\"Estrat\u00e9gia Vestibulares\",\"description\":\"\",\"publisher\":{\"@id\":\"https:\/\/vestibulares.estrategia.com\/portal\/#organization\"},\"potentialAction\":[{\"@type\":\"SearchAction\",\"target\":{\"@type\":\"EntryPoint\",\"urlTemplate\":\"https:\/\/vestibulares.estrategia.com\/portal\/?s={search_term_string}\"},\"query-input\":{\"@type\":\"PropertyValueSpecification\",\"valueRequired\":true,\"valueName\":\"search_term_string\"}}],\"inLanguage\":\"pt-BR\"},{\"@type\":\"Organization\",\"@id\":\"https:\/\/vestibulares.estrategia.com\/portal\/#organization\",\"name\":\"Estrat\u00e9gia Vestibulares\",\"url\":\"https:\/\/vestibulares.estrategia.com\/portal\/\",\"logo\":{\"@type\":\"ImageObject\",\"inLanguage\":\"pt-BR\",\"@id\":\"https:\/\/vestibulares.estrategia.com\/portal\/#\/schema\/logo\/image\/\",\"url\":\"https:\/\/vestibulares.estrategia.com\/portal\/wp-content\/uploads\/2021\/06\/Logo-Vestibulares@4x.png\",\"contentUrl\":\"https:\/\/vestibulares.estrategia.com\/portal\/wp-content\/uploads\/2021\/06\/Logo-Vestibulares@4x.png\",\"width\":250,\"height\":66,\"caption\":\"Estrat\u00e9gia Vestibulares\"},\"image\":{\"@id\":\"https:\/\/vestibulares.estrategia.com\/portal\/#\/schema\/logo\/image\/\"},\"sameAs\":[\"https:\/\/facebook.com\/estrategiavestibulares\",\"https:\/\/x.com\/Estrategiavest\",\"https:\/\/www.instagram.com\/estrategiavestibulares\",\"https:\/\/www.youtube.com\/channel\/UCGWdZy8ULI-7_5GrABa4vNA\"]},{\"@type\":\"Person\",\"@id\":\"https:\/\/vestibulares.estrategia.com\/portal\/#\/schema\/person\/c3c8aff2b0e78cda59fba186b818b7b1\",\"name\":\"Kauane Elias\",\"image\":{\"@type\":\"ImageObject\",\"inLanguage\":\"pt-BR\",\"@id\":\"https:\/\/vestibulares.estrategia.com\/portal\/#\/schema\/person\/image\/\",\"url\":\"https:\/\/secure.gravatar.com\/avatar\/81836e2e844ccd58ea28aa1cf206f0c2?s=96&d=mm&r=g\",\"contentUrl\":\"https:\/\/secure.gravatar.com\/avatar\/81836e2e844ccd58ea28aa1cf206f0c2?s=96&d=mm&r=g\",\"caption\":\"Kauane Elias\"},\"description\":\"Medicina - Unicamp. F\u00e9. \\\"Um mundo melhor come\u00e7a na transforma\u00e7\u00e3o do pr\u00f3prio mundo!\\\"\",\"url\":\"https:\/\/vestibulares.estrategia.com\/portal\/author\/kauane\/\"}]}<\/script>\n<!-- \/ Yoast SEO Premium plugin. -->","yoast_head_json":{"title":"Constru\u00e7\u00f5es verbais: como s\u00e3o dispostos os verbos no texto","description":"Aprenda mais sobre as constru\u00e7\u00f5es verbais e os tipos de verbos e veja como podem trazer diferentes conota\u00e7\u00f5es para a mensagem transmitida.","robots":{"index":"index","follow":"follow","max-snippet":"max-snippet:-1","max-image-preview":"max-image-preview:large","max-video-preview":"max-video-preview:-1"},"canonical":"https:\/\/vestibulares.estrategia.com\/portal\/materias\/portugues\/construcoes-verbais\/","og_locale":"pt_BR","og_type":"article","og_title":"Constru\u00e7\u00f5es verbais: como s\u00e3o dispostos os verbos no texto","og_description":"Aprenda mais sobre as constru\u00e7\u00f5es verbais e os tipos de verbos e veja como podem trazer diferentes conota\u00e7\u00f5es para a mensagem transmitida.","og_url":"https:\/\/vestibulares.estrategia.com\/portal\/materias\/portugues\/construcoes-verbais\/","og_site_name":"Estrat\u00e9gia Vestibulares","article_publisher":"https:\/\/facebook.com\/estrategiavestibulares","article_published_time":"2024-06-30T00:00:00+00:00","article_modified_time":"2024-08-26T17:16:07+00:00","og_image":[{"width":1280,"height":852,"url":"https:\/\/vestibulares.estrategia.com\/portal\/wp-content\/uploads\/2024\/06\/pexels-nietjuh-934071.jpg","type":"image\/jpeg"}],"author":"Kauane Elias","twitter_card":"summary_large_image","twitter_creator":"@Estrategiavest","twitter_site":"@Estrategiavest","twitter_misc":{"Escrito por":"Kauane Elias","Est. tempo de leitura":"6 minutos"},"schema":{"@context":"https:\/\/schema.org","@graph":[{"@type":"Article","@id":"https:\/\/vestibulares.estrategia.com\/portal\/materias\/portugues\/construcoes-verbais\/#article","isPartOf":{"@id":"https:\/\/vestibulares.estrategia.com\/portal\/materias\/portugues\/construcoes-verbais\/"},"author":{"name":"Kauane Elias","@id":"https:\/\/vestibulares.estrategia.com\/portal\/#\/schema\/person\/c3c8aff2b0e78cda59fba186b818b7b1"},"headline":"Constru\u00e7\u00f5es verbais: como s\u00e3o dispostos os verbos no texto","datePublished":"2024-06-30T00:00:00+00:00","dateModified":"2024-08-26T17:16:07+00:00","mainEntityOfPage":{"@id":"https:\/\/vestibulares.estrategia.com\/portal\/materias\/portugues\/construcoes-verbais\/"},"wordCount":1177,"publisher":{"@id":"https:\/\/vestibulares.estrategia.com\/portal\/#organization"},"image":{"@id":"https:\/\/vestibulares.estrategia.com\/portal\/materias\/portugues\/construcoes-verbais\/#primaryimage"},"thumbnailUrl":"https:\/\/vestibulares.estrategia.com\/portal\/wp-content\/uploads\/2024\/06\/pexels-nietjuh-934071.jpg","articleSection":["Portugu\u00eas"],"inLanguage":"pt-BR"},{"@type":"WebPage","@id":"https:\/\/vestibulares.estrategia.com\/portal\/materias\/portugues\/construcoes-verbais\/","url":"https:\/\/vestibulares.estrategia.com\/portal\/materias\/portugues\/construcoes-verbais\/","name":"Constru\u00e7\u00f5es verbais: como s\u00e3o dispostos os verbos no texto","isPartOf":{"@id":"https:\/\/vestibulares.estrategia.com\/portal\/#website"},"primaryImageOfPage":{"@id":"https:\/\/vestibulares.estrategia.com\/portal\/materias\/portugues\/construcoes-verbais\/#primaryimage"},"image":{"@id":"https:\/\/vestibulares.estrategia.com\/portal\/materias\/portugues\/construcoes-verbais\/#primaryimage"},"thumbnailUrl":"https:\/\/vestibulares.estrategia.com\/portal\/wp-content\/uploads\/2024\/06\/pexels-nietjuh-934071.jpg","datePublished":"2024-06-30T00:00:00+00:00","dateModified":"2024-08-26T17:16:07+00:00","description":"Aprenda mais sobre as constru\u00e7\u00f5es verbais e os tipos de verbos e veja como podem trazer diferentes conota\u00e7\u00f5es para a mensagem transmitida.","breadcrumb":{"@id":"https:\/\/vestibulares.estrategia.com\/portal\/materias\/portugues\/construcoes-verbais\/#breadcrumb"},"inLanguage":"pt-BR","potentialAction":[{"@type":"ReadAction","target":["https:\/\/vestibulares.estrategia.com\/portal\/materias\/portugues\/construcoes-verbais\/"]}]},{"@type":"ImageObject","inLanguage":"pt-BR","@id":"https:\/\/vestibulares.estrategia.com\/portal\/materias\/portugues\/construcoes-verbais\/#primaryimage","url":"https:\/\/vestibulares.estrategia.com\/portal\/wp-content\/uploads\/2024\/06\/pexels-nietjuh-934071.jpg","contentUrl":"https:\/\/vestibulares.estrategia.com\/portal\/wp-content\/uploads\/2024\/06\/pexels-nietjuh-934071.jpg","width":1280,"height":852,"caption":"Constru\u00e7\u00f5es verbais"},{"@type":"BreadcrumbList","@id":"https:\/\/vestibulares.estrategia.com\/portal\/materias\/portugues\/construcoes-verbais\/#breadcrumb","itemListElement":[{"@type":"ListItem","position":1,"name":"Home","item":"https:\/\/vestibulares.estrategia.com\/portal\/"},{"@type":"ListItem","position":2,"name":"Mat\u00e9rias","item":"https:\/\/vestibulares.estrategia.com\/portal\/materias\/"},{"@type":"ListItem","position":3,"name":"Portugu\u00eas","item":"https:\/\/vestibulares.estrategia.com\/portal\/materias\/portugues\/"},{"@type":"ListItem","position":4,"name":"Constru\u00e7\u00f5es verbais: como s\u00e3o dispostos os verbos no texto"}]},{"@type":"WebSite","@id":"https:\/\/vestibulares.estrategia.com\/portal\/#website","url":"https:\/\/vestibulares.estrategia.com\/portal\/","name":"Estrat\u00e9gia Vestibulares","description":"","publisher":{"@id":"https:\/\/vestibulares.estrategia.com\/portal\/#organization"},"potentialAction":[{"@type":"SearchAction","target":{"@type":"EntryPoint","urlTemplate":"https:\/\/vestibulares.estrategia.com\/portal\/?s={search_term_string}"},"query-input":{"@type":"PropertyValueSpecification","valueRequired":true,"valueName":"search_term_string"}}],"inLanguage":"pt-BR"},{"@type":"Organization","@id":"https:\/\/vestibulares.estrategia.com\/portal\/#organization","name":"Estrat\u00e9gia Vestibulares","url":"https:\/\/vestibulares.estrategia.com\/portal\/","logo":{"@type":"ImageObject","inLanguage":"pt-BR","@id":"https:\/\/vestibulares.estrategia.com\/portal\/#\/schema\/logo\/image\/","url":"https:\/\/vestibulares.estrategia.com\/portal\/wp-content\/uploads\/2021\/06\/Logo-Vestibulares@4x.png","contentUrl":"https:\/\/vestibulares.estrategia.com\/portal\/wp-content\/uploads\/2021\/06\/Logo-Vestibulares@4x.png","width":250,"height":66,"caption":"Estrat\u00e9gia Vestibulares"},"image":{"@id":"https:\/\/vestibulares.estrategia.com\/portal\/#\/schema\/logo\/image\/"},"sameAs":["https:\/\/facebook.com\/estrategiavestibulares","https:\/\/x.com\/Estrategiavest","https:\/\/www.instagram.com\/estrategiavestibulares","https:\/\/www.youtube.com\/channel\/UCGWdZy8ULI-7_5GrABa4vNA"]},{"@type":"Person","@id":"https:\/\/vestibulares.estrategia.com\/portal\/#\/schema\/person\/c3c8aff2b0e78cda59fba186b818b7b1","name":"Kauane Elias","image":{"@type":"ImageObject","inLanguage":"pt-BR","@id":"https:\/\/vestibulares.estrategia.com\/portal\/#\/schema\/person\/image\/","url":"https:\/\/secure.gravatar.com\/avatar\/81836e2e844ccd58ea28aa1cf206f0c2?s=96&d=mm&r=g","contentUrl":"https:\/\/secure.gravatar.com\/avatar\/81836e2e844ccd58ea28aa1cf206f0c2?s=96&d=mm&r=g","caption":"Kauane Elias"},"description":"Medicina - Unicamp. F\u00e9. \"Um mundo melhor come\u00e7a na transforma\u00e7\u00e3o do pr\u00f3prio mundo!\"","url":"https:\/\/vestibulares.estrategia.com\/portal\/author\/kauane\/"}]}},"_wl_alt_label":[],"wl:entity_url":"https:\/\/data.wordlift.io\/wl110249\/post\/construcoes-verbais","_links":{"self":[{"href":"https:\/\/vestibulares.estrategia.com\/portal\/wp-json\/wp\/v2\/posts\/120624","targetHints":{"allow":["GET"]}}],"collection":[{"href":"https:\/\/vestibulares.estrategia.com\/portal\/wp-json\/wp\/v2\/posts"}],"about":[{"href":"https:\/\/vestibulares.estrategia.com\/portal\/wp-json\/wp\/v2\/types\/post"}],"author":[{"embeddable":true,"href":"https:\/\/vestibulares.estrategia.com\/portal\/wp-json\/wp\/v2\/users\/23"}],"replies":[{"embeddable":true,"href":"https:\/\/vestibulares.estrategia.com\/portal\/wp-json\/wp\/v2\/comments?post=120624"}],"version-history":[{"count":2,"href":"https:\/\/vestibulares.estrategia.com\/portal\/wp-json\/wp\/v2\/posts\/120624\/revisions"}],"predecessor-version":[{"id":123849,"href":"https:\/\/vestibulares.estrategia.com\/portal\/wp-json\/wp\/v2\/posts\/120624\/revisions\/123849"}],"wp:featuredmedia":[{"embeddable":true,"href":"https:\/\/vestibulares.estrategia.com\/portal\/wp-json\/wp\/v2\/media\/120615"}],"wp:attachment":[{"href":"https:\/\/vestibulares.estrategia.com\/portal\/wp-json\/wp\/v2\/media?parent=120624"}],"wp:term":[{"taxonomy":"category","embeddable":true,"href":"https:\/\/vestibulares.estrategia.com\/portal\/wp-json\/wp\/v2\/categories?post=120624"},{"taxonomy":"post_tag","embeddable":true,"href":"https:\/\/vestibulares.estrategia.com\/portal\/wp-json\/wp\/v2\/tags?post=120624"},{"taxonomy":"wl_entity_type","embeddable":true,"href":"https:\/\/vestibulares.estrategia.com\/portal\/wp-json\/wp\/v2\/wl_entity_type?post=120624"}],"curies":[{"name":"wp","href":"https:\/\/api.w.org\/{rel}","templated":true}]}}