{"id":121609,"date":"2024-07-19T13:53:36","date_gmt":"2024-07-19T16:53:36","guid":{"rendered":"https:\/\/vestibulares.estrategia.com\/portal\/?p=121609"},"modified":"2026-03-31T17:28:11","modified_gmt":"2026-03-31T20:28:11","slug":"com-qual-idade-posso-fazer-o-encceja","status":"publish","type":"post","link":"https:\/\/vestibulares.estrategia.com\/portal\/enem-e-vestibulares\/encceja\/com-qual-idade-posso-fazer-o-encceja\/","title":{"rendered":"Com qual idade posso fazer o Encceja?"},"content":{"rendered":"<p>O Exame Nacional para Certifica&ccedil;&atilde;o de Compet&ecirc;ncias de Jovens e Adultos (<a href=\"https:\/\/vestibulares.estrategia.com\/portal\/enem-e-vestibulares\/encceja\/encceja-o-que-e\/\">Encceja<\/a>) tem como objetivo conceder certificados de forma&ccedil;&atilde;o para jovens e adultos que n&atilde;o conclu&iacute;ram o Ensino Fundamental ou M&eacute;dio na idade indicada.&nbsp;<p>Para aqueles que desejam fazer a prova para obter o certificado do Ensino Fundamental, a idade m&iacute;nima &eacute; de 15 anos completos no dia da realiza&ccedil;&atilde;o da prova. J&aacute; para aqueles que querem o certificado do Ensino M&eacute;dio, &eacute; necess&aacute;rio que o candidato tenha 18 anos completos no dia da prova do Encceja.&nbsp;<\/p><p>Vale destacar que n&atilde;o existe idade m&aacute;xima para realizar o Encceja e a participa&ccedil;&atilde;o na prova &eacute; gratuita e volunt&aacute;ria, sem a necessidade do pagamento de taxa de inscri&ccedil;&atilde;o. O <strong>Portal Estrat&eacute;gia Vestibulares<\/strong> separou algumas informa&ccedil;&otilde;es importantes sobre o exame abaixo. Confira!<\/p><p>+ <a href=\"https:\/\/vestibulares.estrategia.com\/portal\/enem-e-vestibulares\/encceja\/como-e-a-prova-do-encceja\/\">Como &eacute; a prova do Encceja?<\/a><br>+ <a href=\"https:\/\/vestibulares.estrategia.com\/portal\/enem-e-vestibulares\/encceja\/calendario-encceja\/\" target=\"_blank\">Calend&aacute;rio Encceja 2026: datas, edital, provas e dicas de estudo<\/a><\/p><p>\n\n\n\n<div class=\"cta-medio\" style=\"background-image: url(https:\/\/vestibulares.estrategia.com\/portal\/wp-content\/uploads\/2024\/08\/curso-encceja-estrategia-vestibulares-ctamedio.jpg);\"><h3>Pacote Encceja<\/h3> <p>Conhe\u00e7a nosso curso<\/p><div class=\"cta-botao\"><a id=\"cta-medio\" href=\"https:\/\/vestibulares.estrategia.com\/curso\/pacote-encceja\/\" target=\"_blank\" style=\"background:rgb(255,150,0)\">Saiba mais<\/a><\/div><\/div>\n\n\n\n<\/p><div id=\"ez-toc-container\" class=\"ez-toc-v2_0_76 counter-hierarchy ez-toc-counter ez-toc-transparent ez-toc-container-direction\">\n<div class=\"ez-toc-title-container\"><p class=\"ez-toc-title\" style=\"cursor:inherit\">Navegue pelo conte\u00fado<\/p>\n<\/div><nav><ul class='ez-toc-list ez-toc-list-level-1 ' ><li class='ez-toc-page-1 ez-toc-heading-level-2'><a class=\"ez-toc-link ez-toc-heading-1\" href=\"https:\/\/vestibulares.estrategia.com\/portal\/enem-e-vestibulares\/encceja\/com-qual-idade-posso-fazer-o-encceja\/#Como-funciona-o-Encceja\" >Como funciona o Encceja?<\/a><\/li><li class='ez-toc-page-1 ez-toc-heading-level-2'><a class=\"ez-toc-link ez-toc-heading-2\" href=\"https:\/\/vestibulares.estrategia.com\/portal\/enem-e-vestibulares\/encceja\/com-qual-idade-posso-fazer-o-encceja\/#Modalidades-do-Encceja\" >Modalidades do Encceja<\/a><\/li><li class='ez-toc-page-1 ez-toc-heading-level-2'><a class=\"ez-toc-link ez-toc-heading-3\" href=\"https:\/\/vestibulares.estrategia.com\/portal\/enem-e-vestibulares\/encceja\/com-qual-idade-posso-fazer-o-encceja\/#Por-que-o-Encceja-e-importante\" >Por que o Encceja &eacute; importante?<\/a><\/li><li class='ez-toc-page-1 ez-toc-heading-level-2'><a class=\"ez-toc-link ez-toc-heading-4\" href=\"https:\/\/vestibulares.estrategia.com\/portal\/enem-e-vestibulares\/encceja\/com-qual-idade-posso-fazer-o-encceja\/#Guia-do-Encceja\" >Guia do Encceja<\/a><\/li><li class='ez-toc-page-1 ez-toc-heading-level-2'><a class=\"ez-toc-link ez-toc-heading-5\" href=\"https:\/\/vestibulares.estrategia.com\/portal\/enem-e-vestibulares\/encceja\/com-qual-idade-posso-fazer-o-encceja\/#Como-se-preparar-para-o-Encceja\" >Como se preparar para o Encceja?<\/a><\/li><\/ul><\/nav><\/div>\n<h2 class=\"wp-block-heading\" id=\"h-como-funciona-o-encceja\"><span class=\"ez-toc-section\" id=\"Como-funciona-o-Encceja\"><\/span>Como funciona o Encceja?<span class=\"ez-toc-section-end\"><\/span><\/h2><p>O Encceja foi desenvolvido em 2002 e &eacute; aplicado uma vez ao ano para testar os conhecimentos de jovens e adultos brasileiros que n&atilde;o completaram a Educa&ccedil;&atilde;o B&aacute;sica na idade prevista. Por meio dele, &eacute; poss&iacute;vel receber o diploma do Ensino Fundamental ou M&eacute;dio sem a necessidade de fazer um curso supletivo.<\/p><p>A prova do Encceja &eacute; elaborada e aplicada pelo Instituto Nacional de Estudos e Pesquisas Educacionais An&iacute;sio Teixeira (<a href=\"https:\/\/www.gov.br\/inep\/pt-br\" target=\"_blank\" rel=\"noopener noreferrer\">Inep<\/a>), o mesmo &oacute;rg&atilde;o respons&aacute;vel pelo Enem. Apesar de aplicar a prova, n&atilde;o &eacute; o Inep que emite os certificados de forma&ccedil;&atilde;o, mas sim as Secretarias Estaduais de Educa&ccedil;&atilde;o e Institutos Federais de Educa&ccedil;&atilde;o, Ci&ecirc;ncia e Tecnologia.&nbsp;<\/p><p>No momento da inscri&ccedil;&atilde;o no Encceja, o participante deve indicar a institui&ccedil;&atilde;o que ele deseja que emita seu certificado de conclus&atilde;o do Ensino B&aacute;sico, caso obtenha nota suficiente nas provas.<\/p><h2 class=\"wp-block-heading\" id=\"h-modalidades-do-encceja\"><span class=\"ez-toc-section\" id=\"Modalidades-do-Encceja\"><\/span>Modalidades do Encceja<span class=\"ez-toc-section-end\"><\/span><\/h2><p>O Encceja possui quatro modalidades diferentes de aplica&ccedil;&otilde;es, inclusive para pessoas residentes no exterior e para pessoas com Penas Privativas de Liberdade (PPL). Confira abaixo cada uma de suas aplica&ccedil;&otilde;es:<\/p><ul class=\"wp-block-list\">\n<li><strong>Encceja Nacional:<\/strong> para residentes do Brasil;<\/li>\n\n\n\n<li><strong>Encceja Nacional PPL: <\/strong>para residentes do Brasil que est&atilde;o privados de liberdade ou que cumprem medidas socioeducativas;&nbsp;<\/li>\n\n\n\n<li><strong>Encceja Exterior:<\/strong> para brasileiros residentes em outros pa&iacute;ses;<\/li>\n\n\n\n<li><strong>Encceja Exterior PPL: <\/strong>para brasileiros residentes no exterior que est&atilde;o privados de liberdade ou que cumprem medidas socioeducativas.<\/li>\n<\/ul><h2 class=\"wp-block-heading\" id=\"h-por-que-o-encceja-e-importante\"><span class=\"ez-toc-section\" id=\"Por-que-o-Encceja-e-importante\"><\/span>Por que o Encceja &eacute; importante?<span class=\"ez-toc-section-end\"><\/span><\/h2><p>Mais de 30% dos brasileiros n&atilde;o t&ecirc;m o Ensino M&eacute;dio completo e, mais de 12%, nunca conclu&iacute;ram o Ensino Fundamental, segundo dados do ano de 2018, coletados pelo Instituto Brasileiro de Geografia e Estat&iacute;stica (IBGE). O Encceja permite nivelar as oportunidades de estudo e trabalho para essas pessoas.<\/p><h2 class=\"wp-block-heading\" id=\"h-guia-do-encceja\"><span class=\"ez-toc-section\" id=\"Guia-do-Encceja\"><\/span>Guia do Encceja<span class=\"ez-toc-section-end\"><\/span><\/h2><p>No e-book Guia do Encceja, a equipe do Portal Estrat&eacute;gia Vestibulares reuniu todas as informa&ccedil;&otilde;es necess&aacute;rias para voc&ecirc; que quer se preparar para a prova, mas n&atilde;o sabe nada sobre o exame. Explicamos o que &eacute;, como funciona, como se inscrever, o que estudar e muito, muito mais mesmo.<\/p><p>O material ajudar&aacute; voc&ecirc; a come&ccedil;ar do zero na jornada rumo &agrave; conquista dos diplomas do Ensino Fundamental e\/ou M&eacute;dio. Clique no banner abaixo e fa&ccedil;a o download do livro digital de forma totalmente gratuita.<\/p><figure class=\"wp-block-image size-large is-resized\"><a href=\"https:\/\/gratis.estrategiaconcursos.com.br\/ev-e-book-guia-encceja-2024\/\" target=\"_blank\"><img decoding=\"async\" width=\"1024\" height=\"576\" src=\"https:\/\/vestibulares.estrategia.com\/portal\/wp-content\/uploads\/2024\/07\/guia-do-encceja-1024x576.jpg\" alt=\"\" class=\"wp-image-120964\" style=\"width:680px;height:auto\" srcset=\"https:\/\/vestibulares.estrategia.com\/portal\/wp-content\/uploads\/2024\/07\/guia-do-encceja-1024x576.jpg 1024w, https:\/\/vestibulares.estrategia.com\/portal\/wp-content\/uploads\/2024\/07\/guia-do-encceja-768x432.jpg 768w, https:\/\/vestibulares.estrategia.com\/portal\/wp-content\/uploads\/2024\/07\/guia-do-encceja-960x540.jpg 960w, https:\/\/vestibulares.estrategia.com\/portal\/wp-content\/uploads\/2024\/07\/guia-do-encceja-800x450.jpg 800w, https:\/\/vestibulares.estrategia.com\/portal\/wp-content\/uploads\/2024\/07\/guia-do-encceja-1160x653.jpg 1160w, https:\/\/vestibulares.estrategia.com\/portal\/wp-content\/uploads\/2024\/07\/guia-do-encceja-1200x675.jpg 1200w, https:\/\/vestibulares.estrategia.com\/portal\/wp-content\/uploads\/2024\/07\/guia-do-encceja.jpg 1280w\" sizes=\"(max-width: 1024px) 100vw, 1024px\" \/><\/a><\/figure><h2 class=\"wp-block-heading\" id=\"h-como-se-preparar-para-o-encceja\"><span class=\"ez-toc-section\" id=\"Como-se-preparar-para-o-Encceja\"><\/span>Como se preparar para o Encceja?<span class=\"ez-toc-section-end\"><\/span><\/h2><p>Para te ajudar nos estudos, o Estrat&eacute;gia Vestibulares oferece diariamente aulas gratuitas no <a href=\"https:\/\/www.youtube.com\/channel\/UCGWdZy8ULI-7_5GrABa4vNA\" target=\"_blank\" rel=\"noopener noreferrer\">YouTube<\/a> sobre todas as mat&eacute;rias que caem no Encceja, no Enem, e em diversos vestibulares brasileiros.<\/p><p>Al&eacute;m disso, para aqueles que querem investir nos estudos, a plataforma tamb&eacute;m oferece cursos preparat&oacute;rios exclusivos sobre diferentes processos seletivos, com professores especialistas na prova e com diversos benef&iacute;cios. D&aacute; s&oacute; uma olhada:&nbsp;<\/p><ul class=\"wp-block-list\">\n<li>Curso com livros digitais;<\/li>\n\n\n\n<li>Corre&ccedil;&atilde;o ilimitada de <a href=\"https:\/\/vestibulares.estrategia.com\/portal\/enem-e-vestibulares\/vestibulares\/curso-de-redacao-para-o-vestibular-saiba-mais-detalhes-e-como-escolher-o-seu\/\" target=\"_blank\">reda&ccedil;&otilde;es<\/a>;<\/li>\n\n\n\n<li>F&oacute;rum de d&uacute;vidas;<\/li>\n\n\n\n<li><a href=\"https:\/\/vestibulares.estrategia.com\/portal\/eventos\/simulados-vestibulares\/\" target=\"_blank\">Simulados<\/a> com quest&otilde;es in&eacute;ditas;<\/li>\n\n\n\n<li>Quest&otilde;es comentadas;<\/li>\n\n\n\n<li>Mapas mentais; e<\/li>\n\n\n\n<li>Entre muitas outras vantagens.<\/li>\n<\/ul><p>Ficou interessado? Assine o curso preparat&oacute;rio para o Enem do Estrat&eacute;gia Vestibulares!<\/p><p>\n\n\n\n<a id=\"cta\" class=\"cta-imagem\" href=\"https:\/\/vestibulares.estrategia.com\/curso\/pacote-encceja\/\" target=\"blank\">\n                <img decoding=\"async\" width=\"100%\" src=\"https:\/\/vestibulares.estrategia.com\/portal\/wp-content\/uploads\/2021\/12\/Encceja.jpg\" alt=\"ENCCEJA - CTA\" title=\"Encceja\">\n        <\/a>\n<\/p><\/p>\n","protected":false},"excerpt":{"rendered":"Existem idades m\u00ednimas espec\u00edficas para cada certifica\u00e7\u00e3o do Encceja; confira agora\n","protected":false},"author":51,"featured_media":121611,"comment_status":"closed","ping_status":"closed","sticky":false,"template":"","format":"standard","meta":{"wl_entities_gutenberg":"","footnotes":""},"categories":[825],"tags":[],"wl_entity_type":[732],"class_list":{"0":"post-121609","1":"post","2":"type-post","3":"status-publish","4":"format-standard","5":"has-post-thumbnail","7":"category-encceja","8":"wl_entity_type-article"},"acf":[],"yoast_head":"<!-- This site is optimized with the Yoast SEO Premium plugin v25.9 (Yoast SEO v25.9) - https:\/\/yoast.com\/wordpress\/plugins\/seo\/ -->\n<title>Com qual idade posso fazer o Encceja?<\/title>\n<meta name=\"description\" content=\"Voc\u00ea sabe com qual idade pode fazer o Exame Nacional para Certifica\u00e7\u00e3o de Compet\u00eancias de Jovens e Adultos (Encceja)? Veja agora!\" \/>\n<meta name=\"robots\" content=\"index, follow, max-snippet:-1, max-image-preview:large, max-video-preview:-1\" \/>\n<link rel=\"canonical\" href=\"https:\/\/vestibulares.estrategia.com\/portal\/enem-e-vestibulares\/encceja\/com-qual-idade-posso-fazer-o-encceja\/\" \/>\n<meta property=\"og:locale\" content=\"pt_BR\" \/>\n<meta property=\"og:type\" content=\"article\" \/>\n<meta property=\"og:title\" content=\"Com qual idade posso fazer o Encceja?\" \/>\n<meta property=\"og:description\" content=\"Voc\u00ea sabe com qual idade pode fazer o Exame Nacional para Certifica\u00e7\u00e3o de Compet\u00eancias de Jovens e Adultos (Encceja)? Veja agora!\" \/>\n<meta property=\"og:url\" content=\"https:\/\/vestibulares.estrategia.com\/portal\/enem-e-vestibulares\/encceja\/com-qual-idade-posso-fazer-o-encceja\/\" \/>\n<meta property=\"og:site_name\" content=\"Estrat\u00e9gia Vestibulares\" \/>\n<meta property=\"article:publisher\" content=\"https:\/\/facebook.com\/estrategiavestibulares\" \/>\n<meta property=\"article:published_time\" content=\"2024-07-19T16:53:36+00:00\" \/>\n<meta property=\"article:modified_time\" content=\"2026-03-31T20:28:11+00:00\" \/>\n<meta property=\"og:image\" content=\"https:\/\/vestibulares.estrategia.com\/portal\/wp-content\/uploads\/2024\/07\/qual-idade-encceja.jpg\" \/>\n\t<meta property=\"og:image:width\" content=\"1920\" \/>\n\t<meta property=\"og:image:height\" content=\"1280\" \/>\n\t<meta property=\"og:image:type\" content=\"image\/jpeg\" \/>\n<meta name=\"author\" content=\"Larrani Ferreira\" \/>\n<meta name=\"twitter:card\" content=\"summary_large_image\" \/>\n<meta name=\"twitter:creator\" content=\"@Estrategiavest\" \/>\n<meta name=\"twitter:site\" content=\"@Estrategiavest\" \/>\n<meta name=\"twitter:label1\" content=\"Escrito por\" \/>\n\t<meta name=\"twitter:data1\" content=\"Larrani Ferreira\" \/>\n\t<meta name=\"twitter:label2\" content=\"Est. tempo de leitura\" \/>\n\t<meta name=\"twitter:data2\" content=\"3 minutos\" \/>\n<script type=\"application\/ld+json\" class=\"yoast-schema-graph\">{\"@context\":\"https:\/\/schema.org\",\"@graph\":[{\"@type\":\"Article\",\"@id\":\"https:\/\/vestibulares.estrategia.com\/portal\/enem-e-vestibulares\/encceja\/com-qual-idade-posso-fazer-o-encceja\/#article\",\"isPartOf\":{\"@id\":\"https:\/\/vestibulares.estrategia.com\/portal\/enem-e-vestibulares\/encceja\/com-qual-idade-posso-fazer-o-encceja\/\"},\"author\":{\"name\":\"Larrani Ferreira\",\"@id\":\"https:\/\/vestibulares.estrategia.com\/portal\/#\/schema\/person\/98d0c0e22d6d89b480aa1929f0e64ec5\"},\"headline\":\"Com qual idade posso fazer o Encceja?\",\"datePublished\":\"2024-07-19T16:53:36+00:00\",\"dateModified\":\"2026-03-31T20:28:11+00:00\",\"mainEntityOfPage\":{\"@id\":\"https:\/\/vestibulares.estrategia.com\/portal\/enem-e-vestibulares\/encceja\/com-qual-idade-posso-fazer-o-encceja\/\"},\"wordCount\":678,\"publisher\":{\"@id\":\"https:\/\/vestibulares.estrategia.com\/portal\/#organization\"},\"image\":{\"@id\":\"https:\/\/vestibulares.estrategia.com\/portal\/enem-e-vestibulares\/encceja\/com-qual-idade-posso-fazer-o-encceja\/#primaryimage\"},\"thumbnailUrl\":\"https:\/\/vestibulares.estrategia.com\/portal\/wp-content\/uploads\/2024\/07\/qual-idade-encceja.jpg\",\"articleSection\":[\"Encceja\"],\"inLanguage\":\"pt-BR\"},{\"@type\":\"WebPage\",\"@id\":\"https:\/\/vestibulares.estrategia.com\/portal\/enem-e-vestibulares\/encceja\/com-qual-idade-posso-fazer-o-encceja\/\",\"url\":\"https:\/\/vestibulares.estrategia.com\/portal\/enem-e-vestibulares\/encceja\/com-qual-idade-posso-fazer-o-encceja\/\",\"name\":\"Com qual idade posso fazer o Encceja?\",\"isPartOf\":{\"@id\":\"https:\/\/vestibulares.estrategia.com\/portal\/#website\"},\"primaryImageOfPage\":{\"@id\":\"https:\/\/vestibulares.estrategia.com\/portal\/enem-e-vestibulares\/encceja\/com-qual-idade-posso-fazer-o-encceja\/#primaryimage\"},\"image\":{\"@id\":\"https:\/\/vestibulares.estrategia.com\/portal\/enem-e-vestibulares\/encceja\/com-qual-idade-posso-fazer-o-encceja\/#primaryimage\"},\"thumbnailUrl\":\"https:\/\/vestibulares.estrategia.com\/portal\/wp-content\/uploads\/2024\/07\/qual-idade-encceja.jpg\",\"datePublished\":\"2024-07-19T16:53:36+00:00\",\"dateModified\":\"2026-03-31T20:28:11+00:00\",\"description\":\"Voc\u00ea sabe com qual idade pode fazer o Exame Nacional para Certifica\u00e7\u00e3o de Compet\u00eancias de Jovens e Adultos (Encceja)? Veja agora!\",\"breadcrumb\":{\"@id\":\"https:\/\/vestibulares.estrategia.com\/portal\/enem-e-vestibulares\/encceja\/com-qual-idade-posso-fazer-o-encceja\/#breadcrumb\"},\"inLanguage\":\"pt-BR\",\"potentialAction\":[{\"@type\":\"ReadAction\",\"target\":[\"https:\/\/vestibulares.estrategia.com\/portal\/enem-e-vestibulares\/encceja\/com-qual-idade-posso-fazer-o-encceja\/\"]}]},{\"@type\":\"ImageObject\",\"inLanguage\":\"pt-BR\",\"@id\":\"https:\/\/vestibulares.estrategia.com\/portal\/enem-e-vestibulares\/encceja\/com-qual-idade-posso-fazer-o-encceja\/#primaryimage\",\"url\":\"https:\/\/vestibulares.estrategia.com\/portal\/wp-content\/uploads\/2024\/07\/qual-idade-encceja.jpg\",\"contentUrl\":\"https:\/\/vestibulares.estrategia.com\/portal\/wp-content\/uploads\/2024\/07\/qual-idade-encceja.jpg\",\"width\":1920,\"height\":1280,\"caption\":\"qual idade encceja\"},{\"@type\":\"BreadcrumbList\",\"@id\":\"https:\/\/vestibulares.estrategia.com\/portal\/enem-e-vestibulares\/encceja\/com-qual-idade-posso-fazer-o-encceja\/#breadcrumb\",\"itemListElement\":[{\"@type\":\"ListItem\",\"position\":1,\"name\":\"Home\",\"item\":\"https:\/\/vestibulares.estrategia.com\/portal\/\"},{\"@type\":\"ListItem\",\"position\":2,\"name\":\"Enem e Vestibulares\",\"item\":\"https:\/\/vestibulares.estrategia.com\/portal\/enem-e-vestibulares\/\"},{\"@type\":\"ListItem\",\"position\":3,\"name\":\"Encceja\",\"item\":\"https:\/\/vestibulares.estrategia.com\/portal\/enem-e-vestibulares\/encceja\/\"},{\"@type\":\"ListItem\",\"position\":4,\"name\":\"Com qual idade posso fazer o Encceja?\"}]},{\"@type\":\"WebSite\",\"@id\":\"https:\/\/vestibulares.estrategia.com\/portal\/#website\",\"url\":\"https:\/\/vestibulares.estrategia.com\/portal\/\",\"name\":\"Estrat\u00e9gia Vestibulares\",\"description\":\"\",\"publisher\":{\"@id\":\"https:\/\/vestibulares.estrategia.com\/portal\/#organization\"},\"potentialAction\":[{\"@type\":\"SearchAction\",\"target\":{\"@type\":\"EntryPoint\",\"urlTemplate\":\"https:\/\/vestibulares.estrategia.com\/portal\/?s={search_term_string}\"},\"query-input\":{\"@type\":\"PropertyValueSpecification\",\"valueRequired\":true,\"valueName\":\"search_term_string\"}}],\"inLanguage\":\"pt-BR\"},{\"@type\":\"Organization\",\"@id\":\"https:\/\/vestibulares.estrategia.com\/portal\/#organization\",\"name\":\"Estrat\u00e9gia Vestibulares\",\"url\":\"https:\/\/vestibulares.estrategia.com\/portal\/\",\"logo\":{\"@type\":\"ImageObject\",\"inLanguage\":\"pt-BR\",\"@id\":\"https:\/\/vestibulares.estrategia.com\/portal\/#\/schema\/logo\/image\/\",\"url\":\"https:\/\/vestibulares.estrategia.com\/portal\/wp-content\/uploads\/2021\/06\/Logo-Vestibulares@4x.png\",\"contentUrl\":\"https:\/\/vestibulares.estrategia.com\/portal\/wp-content\/uploads\/2021\/06\/Logo-Vestibulares@4x.png\",\"width\":250,\"height\":66,\"caption\":\"Estrat\u00e9gia Vestibulares\"},\"image\":{\"@id\":\"https:\/\/vestibulares.estrategia.com\/portal\/#\/schema\/logo\/image\/\"},\"sameAs\":[\"https:\/\/facebook.com\/estrategiavestibulares\",\"https:\/\/x.com\/Estrategiavest\",\"https:\/\/www.instagram.com\/estrategiavestibulares\",\"https:\/\/www.youtube.com\/channel\/UCGWdZy8ULI-7_5GrABa4vNA\"]},{\"@type\":\"Person\",\"@id\":\"https:\/\/vestibulares.estrategia.com\/portal\/#\/schema\/person\/98d0c0e22d6d89b480aa1929f0e64ec5\",\"name\":\"Larrani Ferreira\",\"image\":{\"@type\":\"ImageObject\",\"inLanguage\":\"pt-BR\",\"@id\":\"https:\/\/vestibulares.estrategia.com\/portal\/#\/schema\/person\/image\/\",\"url\":\"https:\/\/vestibulares.estrategia.com\/portal\/wp-content\/uploads\/2026\/02\/WhatsApp-Image-2026-02-05-at-14.26.13-150x150.jpeg\",\"contentUrl\":\"https:\/\/vestibulares.estrategia.com\/portal\/wp-content\/uploads\/2026\/02\/WhatsApp-Image-2026-02-05-at-14.26.13-150x150.jpeg\",\"caption\":\"Larrani Ferreira\"},\"description\":\"Jornalista e Mestranda em Comunica\u00e7\u00e3o Intercultural nas Organiza\u00e7\u00f5es\",\"url\":\"https:\/\/vestibulares.estrategia.com\/portal\/author\/larranioliveira\/\"}]}<\/script>\n<!-- \/ Yoast SEO Premium plugin. -->","yoast_head_json":{"title":"Com qual idade posso fazer o Encceja?","description":"Voc\u00ea sabe com qual idade pode fazer o Exame Nacional para Certifica\u00e7\u00e3o de Compet\u00eancias de Jovens e Adultos (Encceja)? Veja agora!","robots":{"index":"index","follow":"follow","max-snippet":"max-snippet:-1","max-image-preview":"max-image-preview:large","max-video-preview":"max-video-preview:-1"},"canonical":"https:\/\/vestibulares.estrategia.com\/portal\/enem-e-vestibulares\/encceja\/com-qual-idade-posso-fazer-o-encceja\/","og_locale":"pt_BR","og_type":"article","og_title":"Com qual idade posso fazer o Encceja?","og_description":"Voc\u00ea sabe com qual idade pode fazer o Exame Nacional para Certifica\u00e7\u00e3o de Compet\u00eancias de Jovens e Adultos (Encceja)? Veja agora!","og_url":"https:\/\/vestibulares.estrategia.com\/portal\/enem-e-vestibulares\/encceja\/com-qual-idade-posso-fazer-o-encceja\/","og_site_name":"Estrat\u00e9gia Vestibulares","article_publisher":"https:\/\/facebook.com\/estrategiavestibulares","article_published_time":"2024-07-19T16:53:36+00:00","article_modified_time":"2026-03-31T20:28:11+00:00","og_image":[{"width":1920,"height":1280,"url":"https:\/\/vestibulares.estrategia.com\/portal\/wp-content\/uploads\/2024\/07\/qual-idade-encceja.jpg","type":"image\/jpeg"}],"author":"Larrani Ferreira","twitter_card":"summary_large_image","twitter_creator":"@Estrategiavest","twitter_site":"@Estrategiavest","twitter_misc":{"Escrito por":"Larrani Ferreira","Est. tempo de leitura":"3 minutos"},"schema":{"@context":"https:\/\/schema.org","@graph":[{"@type":"Article","@id":"https:\/\/vestibulares.estrategia.com\/portal\/enem-e-vestibulares\/encceja\/com-qual-idade-posso-fazer-o-encceja\/#article","isPartOf":{"@id":"https:\/\/vestibulares.estrategia.com\/portal\/enem-e-vestibulares\/encceja\/com-qual-idade-posso-fazer-o-encceja\/"},"author":{"name":"Larrani Ferreira","@id":"https:\/\/vestibulares.estrategia.com\/portal\/#\/schema\/person\/98d0c0e22d6d89b480aa1929f0e64ec5"},"headline":"Com qual idade posso fazer o Encceja?","datePublished":"2024-07-19T16:53:36+00:00","dateModified":"2026-03-31T20:28:11+00:00","mainEntityOfPage":{"@id":"https:\/\/vestibulares.estrategia.com\/portal\/enem-e-vestibulares\/encceja\/com-qual-idade-posso-fazer-o-encceja\/"},"wordCount":678,"publisher":{"@id":"https:\/\/vestibulares.estrategia.com\/portal\/#organization"},"image":{"@id":"https:\/\/vestibulares.estrategia.com\/portal\/enem-e-vestibulares\/encceja\/com-qual-idade-posso-fazer-o-encceja\/#primaryimage"},"thumbnailUrl":"https:\/\/vestibulares.estrategia.com\/portal\/wp-content\/uploads\/2024\/07\/qual-idade-encceja.jpg","articleSection":["Encceja"],"inLanguage":"pt-BR"},{"@type":"WebPage","@id":"https:\/\/vestibulares.estrategia.com\/portal\/enem-e-vestibulares\/encceja\/com-qual-idade-posso-fazer-o-encceja\/","url":"https:\/\/vestibulares.estrategia.com\/portal\/enem-e-vestibulares\/encceja\/com-qual-idade-posso-fazer-o-encceja\/","name":"Com qual idade posso fazer o Encceja?","isPartOf":{"@id":"https:\/\/vestibulares.estrategia.com\/portal\/#website"},"primaryImageOfPage":{"@id":"https:\/\/vestibulares.estrategia.com\/portal\/enem-e-vestibulares\/encceja\/com-qual-idade-posso-fazer-o-encceja\/#primaryimage"},"image":{"@id":"https:\/\/vestibulares.estrategia.com\/portal\/enem-e-vestibulares\/encceja\/com-qual-idade-posso-fazer-o-encceja\/#primaryimage"},"thumbnailUrl":"https:\/\/vestibulares.estrategia.com\/portal\/wp-content\/uploads\/2024\/07\/qual-idade-encceja.jpg","datePublished":"2024-07-19T16:53:36+00:00","dateModified":"2026-03-31T20:28:11+00:00","description":"Voc\u00ea sabe com qual idade pode fazer o Exame Nacional para Certifica\u00e7\u00e3o de Compet\u00eancias de Jovens e Adultos (Encceja)? Veja agora!","breadcrumb":{"@id":"https:\/\/vestibulares.estrategia.com\/portal\/enem-e-vestibulares\/encceja\/com-qual-idade-posso-fazer-o-encceja\/#breadcrumb"},"inLanguage":"pt-BR","potentialAction":[{"@type":"ReadAction","target":["https:\/\/vestibulares.estrategia.com\/portal\/enem-e-vestibulares\/encceja\/com-qual-idade-posso-fazer-o-encceja\/"]}]},{"@type":"ImageObject","inLanguage":"pt-BR","@id":"https:\/\/vestibulares.estrategia.com\/portal\/enem-e-vestibulares\/encceja\/com-qual-idade-posso-fazer-o-encceja\/#primaryimage","url":"https:\/\/vestibulares.estrategia.com\/portal\/wp-content\/uploads\/2024\/07\/qual-idade-encceja.jpg","contentUrl":"https:\/\/vestibulares.estrategia.com\/portal\/wp-content\/uploads\/2024\/07\/qual-idade-encceja.jpg","width":1920,"height":1280,"caption":"qual idade encceja"},{"@type":"BreadcrumbList","@id":"https:\/\/vestibulares.estrategia.com\/portal\/enem-e-vestibulares\/encceja\/com-qual-idade-posso-fazer-o-encceja\/#breadcrumb","itemListElement":[{"@type":"ListItem","position":1,"name":"Home","item":"https:\/\/vestibulares.estrategia.com\/portal\/"},{"@type":"ListItem","position":2,"name":"Enem e Vestibulares","item":"https:\/\/vestibulares.estrategia.com\/portal\/enem-e-vestibulares\/"},{"@type":"ListItem","position":3,"name":"Encceja","item":"https:\/\/vestibulares.estrategia.com\/portal\/enem-e-vestibulares\/encceja\/"},{"@type":"ListItem","position":4,"name":"Com qual idade posso fazer o Encceja?"}]},{"@type":"WebSite","@id":"https:\/\/vestibulares.estrategia.com\/portal\/#website","url":"https:\/\/vestibulares.estrategia.com\/portal\/","name":"Estrat\u00e9gia Vestibulares","description":"","publisher":{"@id":"https:\/\/vestibulares.estrategia.com\/portal\/#organization"},"potentialAction":[{"@type":"SearchAction","target":{"@type":"EntryPoint","urlTemplate":"https:\/\/vestibulares.estrategia.com\/portal\/?s={search_term_string}"},"query-input":{"@type":"PropertyValueSpecification","valueRequired":true,"valueName":"search_term_string"}}],"inLanguage":"pt-BR"},{"@type":"Organization","@id":"https:\/\/vestibulares.estrategia.com\/portal\/#organization","name":"Estrat\u00e9gia Vestibulares","url":"https:\/\/vestibulares.estrategia.com\/portal\/","logo":{"@type":"ImageObject","inLanguage":"pt-BR","@id":"https:\/\/vestibulares.estrategia.com\/portal\/#\/schema\/logo\/image\/","url":"https:\/\/vestibulares.estrategia.com\/portal\/wp-content\/uploads\/2021\/06\/Logo-Vestibulares@4x.png","contentUrl":"https:\/\/vestibulares.estrategia.com\/portal\/wp-content\/uploads\/2021\/06\/Logo-Vestibulares@4x.png","width":250,"height":66,"caption":"Estrat\u00e9gia Vestibulares"},"image":{"@id":"https:\/\/vestibulares.estrategia.com\/portal\/#\/schema\/logo\/image\/"},"sameAs":["https:\/\/facebook.com\/estrategiavestibulares","https:\/\/x.com\/Estrategiavest","https:\/\/www.instagram.com\/estrategiavestibulares","https:\/\/www.youtube.com\/channel\/UCGWdZy8ULI-7_5GrABa4vNA"]},{"@type":"Person","@id":"https:\/\/vestibulares.estrategia.com\/portal\/#\/schema\/person\/98d0c0e22d6d89b480aa1929f0e64ec5","name":"Larrani Ferreira","image":{"@type":"ImageObject","inLanguage":"pt-BR","@id":"https:\/\/vestibulares.estrategia.com\/portal\/#\/schema\/person\/image\/","url":"https:\/\/vestibulares.estrategia.com\/portal\/wp-content\/uploads\/2026\/02\/WhatsApp-Image-2026-02-05-at-14.26.13-150x150.jpeg","contentUrl":"https:\/\/vestibulares.estrategia.com\/portal\/wp-content\/uploads\/2026\/02\/WhatsApp-Image-2026-02-05-at-14.26.13-150x150.jpeg","caption":"Larrani Ferreira"},"description":"Jornalista e Mestranda em Comunica\u00e7\u00e3o Intercultural nas Organiza\u00e7\u00f5es","url":"https:\/\/vestibulares.estrategia.com\/portal\/author\/larranioliveira\/"}]}},"_wl_alt_label":[],"wl:entity_url":"https:\/\/data.wordlift.io\/wl110249\/post\/com-qual-idade-posso-fazer-o-encceja","_links":{"self":[{"href":"https:\/\/vestibulares.estrategia.com\/portal\/wp-json\/wp\/v2\/posts\/121609","targetHints":{"allow":["GET"]}}],"collection":[{"href":"https:\/\/vestibulares.estrategia.com\/portal\/wp-json\/wp\/v2\/posts"}],"about":[{"href":"https:\/\/vestibulares.estrategia.com\/portal\/wp-json\/wp\/v2\/types\/post"}],"author":[{"embeddable":true,"href":"https:\/\/vestibulares.estrategia.com\/portal\/wp-json\/wp\/v2\/users\/51"}],"replies":[{"embeddable":true,"href":"https:\/\/vestibulares.estrategia.com\/portal\/wp-json\/wp\/v2\/comments?post=121609"}],"version-history":[{"count":9,"href":"https:\/\/vestibulares.estrategia.com\/portal\/wp-json\/wp\/v2\/posts\/121609\/revisions"}],"predecessor-version":[{"id":156170,"href":"https:\/\/vestibulares.estrategia.com\/portal\/wp-json\/wp\/v2\/posts\/121609\/revisions\/156170"}],"wp:featuredmedia":[{"embeddable":true,"href":"https:\/\/vestibulares.estrategia.com\/portal\/wp-json\/wp\/v2\/media\/121611"}],"wp:attachment":[{"href":"https:\/\/vestibulares.estrategia.com\/portal\/wp-json\/wp\/v2\/media?parent=121609"}],"wp:term":[{"taxonomy":"category","embeddable":true,"href":"https:\/\/vestibulares.estrategia.com\/portal\/wp-json\/wp\/v2\/categories?post=121609"},{"taxonomy":"post_tag","embeddable":true,"href":"https:\/\/vestibulares.estrategia.com\/portal\/wp-json\/wp\/v2\/tags?post=121609"},{"taxonomy":"wl_entity_type","embeddable":true,"href":"https:\/\/vestibulares.estrategia.com\/portal\/wp-json\/wp\/v2\/wl_entity_type?post=121609"}],"curies":[{"name":"wp","href":"https:\/\/api.w.org\/{rel}","templated":true}]}}