{"id":123060,"date":"2024-08-13T14:42:04","date_gmt":"2024-08-13T17:42:04","guid":{"rendered":"https:\/\/vestibulares.estrategia.com\/portal\/?p=123060"},"modified":"2024-11-19T13:05:14","modified_gmt":"2024-11-19T16:05:14","slug":"o-que-cai-no-vestibular-da-uva","status":"publish","type":"post","link":"https:\/\/vestibulares.estrategia.com\/portal\/enem-e-vestibulares\/vestibulares\/o-que-cai-no-vestibular-da-uva\/","title":{"rendered":"O que cai no vestibular da UVA?"},"content":{"rendered":"<p>As provas do Vestibular UVA 2025 j&aacute; t&ecirc;m data marcada. No pr&oacute;ximo dia 17 de novembro, os candidatos realizar&atilde;o a prova objetiva e a prova de reda&ccedil;&atilde;o, concorrendo &agrave;s 1.134 vagas em cursos de gradua&ccedil;&atilde;o que est&atilde;o dispon&iacute;veis nesta sele&ccedil;&atilde;o.<p>Se voc&ecirc; vai disputar uma oportunidade de ingresso na UVA no pr&oacute;ximo ano, veio ao lugar certo. O <strong>Portal Estrat&eacute;gia Vestibulares<\/strong> analisou o Conte&uacute;do Program&aacute;tico desta edi&ccedil;&atilde;o do processo seletivo e reuniu todos os assuntos que poder&atilde;o cair na prova, segundo a pr&oacute;pria banca. Confira:<\/p><p>\n\n\n\n<div class=\"cta-medio\" style=\"background-image: url(https:\/\/vestibulares.estrategia.com\/portal\/wp-content\/uploads\/2024\/08\/curso-uva-estrategia-vestibulares-ctamedio.jpg);\"><h3>Pacote UVA<\/h3> <p>Conhe\u00e7a nosso curso<\/p><div class=\"cta-botao\"><a id=\"cta-medio\" href=\"https:\/\/vestibulares.estrategia.com\/curso\/pacote-uva\/\" target=\"_blank\" style=\"background:rgb(255,150,0)\">Saiba mais<\/a><\/div><\/div>\n\n\n\n<\/p><div id=\"ez-toc-container\" class=\"ez-toc-v2_0_76 counter-hierarchy ez-toc-counter ez-toc-transparent ez-toc-container-direction\">\n<div class=\"ez-toc-title-container\"><p class=\"ez-toc-title\" style=\"cursor:inherit\">Navegue pelo conte\u00fado<\/p>\n<\/div><nav><ul class='ez-toc-list ez-toc-list-level-1 ' ><li class='ez-toc-page-1 ez-toc-heading-level-2'><a class=\"ez-toc-link ez-toc-heading-1\" href=\"https:\/\/vestibulares.estrategia.com\/portal\/enem-e-vestibulares\/vestibulares\/o-que-cai-no-vestibular-da-uva\/#Quais-sao-os-conteudos-cobrados-no-Vestibular-UVA-2025\" >Quais s&atilde;o os conte&uacute;dos cobrados no Vestibular UVA 2025?<\/a><\/li><li class='ez-toc-page-1 ez-toc-heading-level-2'><a class=\"ez-toc-link ez-toc-heading-2\" href=\"https:\/\/vestibulares.estrategia.com\/portal\/enem-e-vestibulares\/vestibulares\/o-que-cai-no-vestibular-da-uva\/#Como-e-a-redacao-do-Vestibular-UVA-2025\" >Como &eacute; a reda&ccedil;&atilde;o do Vestibular UVA 2025?<\/a><\/li><li class='ez-toc-page-1 ez-toc-heading-level-2'><a class=\"ez-toc-link ez-toc-heading-3\" href=\"https:\/\/vestibulares.estrategia.com\/portal\/enem-e-vestibulares\/vestibulares\/o-que-cai-no-vestibular-da-uva\/#Conteudo-programatico-Vestibular-UVA-2025\" >Conte&uacute;do program&aacute;tico Vestibular UVA 2025<\/a><\/li><li class='ez-toc-page-1 ez-toc-heading-level-2'><a class=\"ez-toc-link ez-toc-heading-4\" href=\"https:\/\/vestibulares.estrategia.com\/portal\/enem-e-vestibulares\/vestibulares\/o-que-cai-no-vestibular-da-uva\/#Calendario-Vestibular-UVA-2025\" >Calend&aacute;rio Vestibular UVA 2025<\/a><\/li><li class='ez-toc-page-1 ez-toc-heading-level-2'><a class=\"ez-toc-link ez-toc-heading-5\" href=\"https:\/\/vestibulares.estrategia.com\/portal\/enem-e-vestibulares\/vestibulares\/o-que-cai-no-vestibular-da-uva\/#Como-estudar-para-a-UVA\" >Como estudar para a UVA?<\/a><\/li><\/ul><\/nav><\/div>\n<h2 class=\"wp-block-heading\" id=\"h-quais-sao-os-conteudos-cobrados-no-vestibular-uva-2025\"><span class=\"ez-toc-section\" id=\"Quais-sao-os-conteudos-cobrados-no-Vestibular-UVA-2025\"><\/span>Quais s&atilde;o os conte&uacute;dos cobrados no Vestibular UVA 2025?<span class=\"ez-toc-section-end\"><\/span><\/h2><p>A prova do Vestibular UVA 2025 ser&aacute; composta por 56 quest&otilde;es objetivas de m&uacute;ltipla escolha. De acordo com o edital, o n&uacute;mero de perguntas ser&aacute; dividido da seguinte forma:<\/p><ul class=\"wp-block-list\">\n<li><strong>L&iacute;ngua Portuguesa:<\/strong> 07 quest&otilde;es;&nbsp;<\/li>\n\n\n\n<li><strong>L&iacute;ngua Estrangeira (ingl&ecirc;s ou espanhol): <\/strong>07 quest&otilde;es;<\/li>\n\n\n\n<li><strong>Hist&oacute;ria:<\/strong> 07 quest&otilde;es;<\/li>\n\n\n\n<li><strong>Geografia:<\/strong> 07 quest&otilde;es;<\/li>\n\n\n\n<li><strong>Matem&aacute;tica:<\/strong> 07 quest&otilde;es;&nbsp;<\/li>\n\n\n\n<li><strong>F&iacute;sica:<\/strong> 07 quest&otilde;es;<\/li>\n\n\n\n<li><strong>Qu&iacute;mica:<\/strong> 07 quest&otilde;es; e&nbsp;<\/li>\n\n\n\n<li><strong>Biologia:<\/strong> 07 quest&otilde;es.&nbsp;<\/li>\n<\/ul><h2 class=\"wp-block-heading\" id=\"h-como-e-a-redacao-do-vestibular-uva-2025\"><span class=\"ez-toc-section\" id=\"Como-e-a-redacao-do-Vestibular-UVA-2025\"><\/span>Como &eacute; a reda&ccedil;&atilde;o do Vestibular UVA 2025?<span class=\"ez-toc-section-end\"><\/span><\/h2><p>A reda&ccedil;&atilde;o do processo seletivo deve ser um texto em prosa de no m&iacute;nimo 15 (quinze) e no m&aacute;ximo 30 (trinta) linhas, produzida em torno de um tema a ser indicado pela banca. Os crit&eacute;rios de avalia&ccedil;&atilde;o do texto s&atilde;o:<\/p><figure class=\"wp-block-table is-style-stripes\"><table><tbody><tr><td><strong>CRIT&Eacute;RIOS<\/strong><\/td><td class=\"has-text-align-center\" data-align=\"center\"><strong>PONTUA&Ccedil;&Atilde;O<\/strong><\/td><\/tr><tr><td>Demonstrar dom&iacute;nio da modalidade escrita formal da l&iacute;ngua portuguesa<\/td><td class=\"has-text-align-center\" data-align=\"center\">0 a 200 pontos<\/td><\/tr><tr><td>Compreender a proposta de reda&ccedil;&atilde;o e aplicar conceitos das v&aacute;rias &aacute;reas de conhecimento para desenvolver o tema, dentro dos limites estruturais do texto dissertativo-argumentativo em prosa.<\/td><td class=\"has-text-align-center\" data-align=\"center\">0 a 200 pontos<\/td><\/tr><tr><td>Selecionar, relacionar, organizar e interpretar informa&ccedil;&otilde;es, fatos, opini&otilde;es e argumentos em defesa de um ponto de vista.&nbsp;<\/td><td class=\"has-text-align-center\" data-align=\"center\">0 a 200 pontos<\/td><\/tr><tr><td>Demonstrar conhecimento dos mecanismos lingu&iacute;sticos necess&aacute;rios para a constru&ccedil;&atilde;o da argumenta&ccedil;&atilde;o.<\/td><td class=\"has-text-align-center\" data-align=\"center\">0 a 200 pontos<\/td><\/tr><tr><td>Elaborar proposta de interven&ccedil;&atilde;o para o problema abordado, respeitando os direitos humanos.<\/td><td class=\"has-text-align-center\" data-align=\"center\">0 a 200 pontos<\/td><\/tr><tr><td><strong>Total<\/strong><\/td><td class=\"has-text-align-center\" data-align=\"center\">1.000 pontos<\/td><\/tr><\/tbody><\/table><\/figure><p>O edital da prova tamb&eacute;m define os crit&eacute;rios que podem zerar a nota de uma reda&ccedil;&atilde;o. S&atilde;o eles:<\/p><ul class=\"wp-block-list\">\n<li>Reda&ccedil;&atilde;o fora do tema;<\/li>\n\n\n\n<li>Escrita a l&aacute;pis;<\/li>\n\n\n\n<li>Escrita em versos;<\/li>\n\n\n\n<li>Escrita de forma ileg&iacute;vel;<\/li>\n\n\n\n<li>Com identifica&ccedil;&atilde;o do candidato fora do local especificado;<\/li>\n\n\n\n<li>Com menos de 15 (quinze) linhas.<\/li>\n<\/ul><h2 class=\"wp-block-heading\" id=\"h-conteudo-programatico-vestibular-uva-2025\"><span class=\"ez-toc-section\" id=\"Conteudo-programatico-Vestibular-UVA-2025\"><\/span>Conte&uacute;do program&aacute;tico Vestibular UVA 2025<span class=\"ez-toc-section-end\"><\/span><\/h2><p>Cada &aacute;rea do conhecimento possui t&oacute;picos espec&iacute;ficos que ser&atilde;o cobrados nas provas do Vestibular UVA 2025, e o conte&uacute;do program&aacute;tico &eacute; o documento que re&uacute;ne todos esses assuntos. Confira:<\/p><h3 class=\"wp-block-heading\" id=\"h-lingua-portuguesa\">L&iacute;ngua Portuguesa<\/h3><p><strong>Gram&aacute;tica<\/strong><\/p><ul class=\"wp-block-list\">\n<li>Fonologia: Vogais, consoantes, ditongo, hiato, encontros consonantais e d&iacute;grafos;<\/li>\n\n\n\n<li>Morfologia: Estrutura das palavras (raiz, radical, vogal tem&aacute;tica, tema, prefixos, sufixos e desin&ecirc;ncias) e forma&ccedil;&atilde;o de palavras (composi&ccedil;&atilde;o e deriva&ccedil;&atilde;o). Classifica&ccedil;&atilde;o das palavras segundo a Nomenclatura Geral Brasileira &ndash; NGB;<\/li>\n\n\n\n<li>Sintaxe: Termos da ora&ccedil;&atilde;o (essenciais, integrantes e acess&oacute;rios). Classifica&ccedil;&atilde;o dos per&iacute;odos e das ora&ccedil;&otilde;es. Concord&acirc;ncia, reg&ecirc;ncia e coloca&ccedil;&atilde;o.&nbsp;<\/li>\n<\/ul><p><strong>Interpreta&ccedil;&atilde;o textual<\/strong><\/p><ul class=\"wp-block-list\">\n<li>Sem&acirc;ntica: Sin&ocirc;nimo, Ant&ocirc;nimo, Hom&ocirc;nimo, Par&ocirc;nimo, Hiper&ocirc;nimo, Hip&ocirc;nimo, Polissemia e Campo associativo de palavras;&nbsp;<\/li>\n\n\n\n<li>Figuras de linguagem (met&aacute;fora, ironia, ant&iacute;tese etc);&nbsp;<\/li>\n\n\n\n<li>An&aacute;lise do discurso em textos liter&aacute;rios e n&atilde;o-liter&aacute;rios.&nbsp;<\/li>\n<\/ul><p><strong>Literatura<\/strong><\/p><ul class=\"wp-block-list\">\n<li>Era Colonial: Classicismo, Barroco, Arcadismo, com &ecirc;nfase nas caracter&iacute;sticas, autores e obras representativas do estilo de &eacute;poca.&nbsp;<\/li>\n\n\n\n<li>Era Nacional: Romantismo, Realismo, Naturalismo, Parnasianismo, Simbolismo, Pr&eacute;-modernismo;<\/li>\n\n\n\n<li>Modernismo: 22 e 30;<\/li>\n\n\n\n<li>P&oacute;s-modernismo: Novas tend&ecirc;ncias e Contemporaneidade, com &ecirc;nfase nas caracter&iacute;sticas, autores e obras representativas do estilo de &eacute;poca, considerando autoria (feminina\/masculina).&nbsp;<\/li>\n<\/ul><h3 class=\"wp-block-heading\" id=\"h-leituras-obrigatorias\">Leituras obrigat&oacute;rias<\/h3><p>Para responder &agrave;s quest&otilde;es do Vestibular UVA 2025, a banca exige a leitura pr&eacute;via e completa das seguintes obras:<\/p><ul class=\"wp-block-list\">\n<li><strong>&Uacute;rsula<\/strong>, de Maria Firmina dos Reis;<\/li>\n\n\n\n<li><strong>Torto Arado<\/strong>, de Itamar Vieira J&uacute;nior;<\/li>\n\n\n\n<li><strong>Pequenas Narrativas<\/strong>, de Dimas Carvalho;<\/li>\n\n\n\n<li><strong>Quando o Amor &eacute; de Gra&ccedil;<\/strong>a, de Raymundo Netto;<\/li>\n\n\n\n<li><strong>&Agrave; Cidade<\/strong>, de Ma&iacute;lson Furtado.&nbsp;<\/li>\n<\/ul><h3 class=\"wp-block-heading\" id=\"h-lingua-inglesa\">L&iacute;ngua Inglesa<\/h3><p><strong>Grammatical competences<\/strong><\/p><ul class=\"wp-block-list\">\n<li>Idioms;<\/li>\n\n\n\n<li>Phrasal verbs;<\/li>\n\n\n\n<li>Verbs: auxiliary verbs, modal verbs, tenses, participles, gerunds, anomalous verbs;<\/li>\n\n\n\n<li>Adverbs and adjectives;<\/li>\n\n\n\n<li>Prepositions;<\/li>\n\n\n\n<li>Conjunctions and clauses;<\/li>\n\n\n\n<li>-ing and the infinitive;<\/li>\n\n\n\n<li>Pronouns and determiners;<\/li>\n\n\n\n<li>Morphology: roots and stems;<\/li>\n\n\n\n<li>Relative clauses, relative pronouns and adverbs;<\/li>\n\n\n\n<li>Reported speech;<\/li>\n\n\n\n<li>Word order.&nbsp;<\/li>\n<\/ul><h3 class=\"wp-block-heading\" id=\"h-lingua-espanhola\">L&iacute;ngua Espanhola<\/h3><ul class=\"wp-block-list\">\n<li>Fon&eacute;tica;<\/li>\n\n\n\n<li>Ortograf&iacute;a.<\/li>\n<\/ul><p><strong>Morfolog&iacute;a o analog&iacute;a<\/strong><\/p><ul class=\"wp-block-list\">\n<li>Morfolog&iacute;a o apolog&iacute;a;<\/li>\n\n\n\n<li>Nombre substantivo;<\/li>\n\n\n\n<li>Nombre adjetivo;<\/li>\n\n\n\n<li>Pronombre;<\/li>\n\n\n\n<li>Art&iacute;culo;<\/li>\n\n\n\n<li>Verbo;<\/li>\n\n\n\n<li>Conjugaci&oacute;n del verbo haber y del verbo ser;<\/li>\n\n\n\n<li>Conjugaci&oacute;n de los verbos atar, vender y unir;<\/li>\n\n\n\n<li>Verbos de irregularidad propia;<\/li>\n\n\n\n<li>Conjugaci&oacute;n de los verbos de irregularidad propia;<\/li>\n\n\n\n<li>Adverbio;<\/li>\n\n\n\n<li>Preposici&oacute;n;<\/li>\n\n\n\n<li>Prefijos;<\/li>\n\n\n\n<li>Conjunci&oacute;n.<\/li>\n<\/ul><p><strong>Sintaxis<\/strong><\/p><ul class=\"wp-block-list\">\n<li>Casos gramaticales;<\/li>\n\n\n\n<li>De la concord&acirc;ncia y de sus variedades;<\/li>\n\n\n\n<li>Formaci&oacute;n de la oraci&oacute;n gramatical;<\/li>\n\n\n\n<li>La voz pasiva;<\/li>\n\n\n\n<li>Oraciones de reflexivo;<\/li>\n\n\n\n<li>Oraciones de verbo en forma perifr&aacute;stica.<\/li>\n<\/ul><p><strong>Texto<\/strong><\/p><ul class=\"wp-block-list\">\n<li>An&aacute;lisis y estudio de las ideas de un texto.<\/li>\n<\/ul><h3 class=\"wp-block-heading\" id=\"h-fisica\">F&iacute;sica<\/h3><p><strong>Grandezas f&iacute;sicas e sistemas de unidades<\/strong><\/p><ul class=\"wp-block-list\">\n<li>Sistemas de unidades;<\/li>\n\n\n\n<li>Grandezas escalares e vetoriais;<\/li>\n\n\n\n<li>Rela&ccedil;&atilde;o entre grandezas.<\/li>\n<\/ul><p><strong>Est&aacute;tica<\/strong><\/p><ul class=\"wp-block-list\">\n<li>Opera&ccedil;&otilde;es com vetores;<\/li>\n\n\n\n<li>Adi&ccedil;&atilde;o, subtra&ccedil;&atilde;o e decomposi&ccedil;&atilde;o;<\/li>\n\n\n\n<li>No&ccedil;&atilde;o de for&ccedil;a;<\/li>\n\n\n\n<li>For&ccedil;as concorrentes e n&atilde;o-concorrentes;<\/li>\n\n\n\n<li>Momento de uma for&ccedil;a;<\/li>\n\n\n\n<li>Condi&ccedil;&otilde;es de equil&iacute;brio;<\/li>\n\n\n\n<li>Estudos de equil&iacute;brio de um corpo;<\/li>\n\n\n\n<li>Centro de gravidade.<\/li>\n<\/ul><p><strong>Cinem&aacute;tica e din&acirc;mica da part&iacute;cula<\/strong><\/p><ul class=\"wp-block-list\">\n<li>Sistema de refer&ecirc;ncia;<\/li>\n\n\n\n<li>Cinem&aacute;tica escalar e vetorial dos movimentos retil&iacute;neo uniforme, retil&iacute;neo uniformemente variado e circular uniforme.<\/li>\n<\/ul><p><strong>Leis de Newton<\/strong><\/p><ul class=\"wp-block-list\">\n<li>Conserva&ccedil;&atilde;o do movimento linear em colis&otilde;es el&aacute;sticas unidimensionais;<\/li>\n\n\n\n<li>Gravita&ccedil;&atilde;o universal.<\/li>\n<\/ul><p><strong>Energia e trabalho<\/strong><\/p><ul class=\"wp-block-list\">\n<li>Energia cin&eacute;tica e energia potencial;<\/li>\n\n\n\n<li>Trabalho e pot&ecirc;ncia;<\/li>\n\n\n\n<li>Conserva&ccedil;&atilde;o de energia.<\/li>\n<\/ul><p><strong>Hidrost&aacute;tica<\/strong><\/p><ul class=\"wp-block-list\">\n<li>Propriedades dos fluidos;<\/li>\n\n\n\n<li>Densidade e massa espec&iacute;fica;<\/li>\n\n\n\n<li>Press&atilde;o;<\/li>\n\n\n\n<li>Teorema de Arquimedes;<\/li>\n\n\n\n<li>Teorema de Pascal;<\/li>\n\n\n\n<li>Princ&iacute;pio fundamental da hidrost&aacute;tica (Teorema de Steven).<\/li>\n<\/ul><p><strong>Termologia<\/strong><\/p><ul class=\"wp-block-list\">\n<li>Princ&iacute;pios de funcionamento dos term&ocirc;metros e escalas termom&eacute;tricas;<\/li>\n\n\n\n<li>Capacidade calor&iacute;fica e calor espec&iacute;fico;<\/li>\n\n\n\n<li>Dilata&ccedil;&atilde;o dos corpos, mudan&ccedil;a de estado da mat&eacute;ria; leis da termodin&acirc;mica.<\/li>\n<\/ul><p><strong>Fen&ocirc;menos ondulat&oacute;rios e &oacute;ptica<\/strong><\/p><ul class=\"wp-block-list\">\n<li>O movimento ondulat&oacute;rio;<\/li>\n\n\n\n<li>Ondas longitudinais e transversais;<\/li>\n\n\n\n<li>Modelo ondulat&oacute;rio da luz, velocidade de propaga&ccedil;&atilde;o e &iacute;ndice de refra&ccedil;&atilde;o de um meio material;<\/li>\n\n\n\n<li>Leis da reflex&atilde;o e da refra&ccedil;&atilde;o;<\/li>\n\n\n\n<li>Espelhos planos e esf&eacute;ricos e lentes delgadas.<\/li>\n<\/ul><p><strong>Eletricidade<\/strong><\/p><ul class=\"wp-block-list\">\n<li>Constitui&ccedil;&atilde;o da mat&eacute;ria<\/li>\n\n\n\n<li>Eletriza&ccedil;&atilde;o dos corpos, indu&ccedil;&atilde;o e capacidade eletrost&aacute;tica;<\/li>\n\n\n\n<li>For&ccedil;a el&eacute;trica e lei de Coulomb;<\/li>\n\n\n\n<li>Potencial el&eacute;trico, campo el&eacute;trico e princ&iacute;pio da superposi&ccedil;&atilde;o;<\/li>\n\n\n\n<li>Condutores e isolantes;<\/li>\n\n\n\n<li>Fontes de energia el&eacute;trica;<\/li>\n\n\n\n<li>Corrente el&eacute;trica;<\/li>\n\n\n\n<li>Resistores;<\/li>\n\n\n\n<li>Lei de Ohm;<\/li>\n\n\n\n<li>Efeito Joule;<\/li>\n\n\n\n<li>Descrever os processos usuais da produ&ccedil;&atilde;o de energia el&eacute;trica;<\/li>\n\n\n\n<li>Diferenciar geradores reais de geradores ideais;<\/li>\n\n\n\n<li>Definir corrente el&eacute;trica;<\/li>\n\n\n\n<li>Associar resistores entre si;<\/li>\n\n\n\n<li>Aplicar a lei de Ohm e o efeito Joule;<\/li>\n\n\n\n<li>Interpretar circuitos el&eacute;tricos com geradores cont&iacute;nuos;<\/li>\n\n\n\n<li>Aplicar a lei das malhas e dos n&oacute;s em circuitos el&eacute;tricos com geradores cont&iacute;nuos;<\/li>\n\n\n\n<li>Definir capacit&acirc;ncia;<\/li>\n\n\n\n<li>Associar capacitores entre si;<\/li>\n\n\n\n<li>Caracterizar o comportamento de materiais magnetizados;<\/li>\n\n\n\n<li>Identificar as propriedades do campo magn&eacute;tico;<\/li>\n\n\n\n<li>Analisar a rela&ccedil;&atilde;o entre corrente el&eacute;trica e campo magn&eacute;tico; analisar a intera&ccedil;&atilde;o entre dois fios com corrente el&eacute;trica;<\/li>\n\n\n\n<li>Analisar o comportamento de uma carga el&eacute;trica num campo magn&eacute;tico uniforme;<\/li>\n\n\n\n<li>Circuitos el&eacute;tricos de corrente cont&iacute;nua;<\/li>\n\n\n\n<li>Capacitores.<\/li>\n<\/ul><p><strong>Magnetismo<\/strong><\/p><ul class=\"wp-block-list\">\n<li>Magnetismo dos corpos;<\/li>\n\n\n\n<li>Campo magn&eacute;tico e suas propriedades;<\/li>\n\n\n\n<li>Rela&ccedil;&atilde;o entre correntes el&eacute;tricas e campo magn&eacute;tico;<\/li>\n\n\n\n<li>Intera&ccedil;&atilde;o entre cargas el&eacute;tricas e campo magn&eacute;tico.&nbsp;<\/li>\n<\/ul><h3 class=\"wp-block-heading\" id=\"h-matematica\">Matem&aacute;tica<\/h3><p><strong>Conjunto<\/strong><\/p><ul class=\"wp-block-list\">\n<li>Rela&ccedil;&atilde;o de pertin&ecirc;ncia e inclus&atilde;o;<\/li>\n\n\n\n<li>Opera&ccedil;&otilde;es com conjuntos;<\/li>\n\n\n\n<li>Conjuntos dos n&uacute;meros naturais, inteiros, racionais e irracionais, reais, opera&ccedil;&otilde;es e propriedades.<\/li>\n<\/ul><p><strong>Fun&ccedil;&otilde;es<\/strong><\/p><ul class=\"wp-block-list\">\n<li>Identifica&ccedil;&atilde;o das rela&ccedil;&otilde;es funcionais<\/li>\n\n\n\n<li>Determina&ccedil;&atilde;o de dom&iacute;nio e conjunto de valores;<\/li>\n\n\n\n<li>Identificar fun&ccedil;&otilde;es injetivas, sobrejetivas, pares, &iacute;mpares, crescentes e decrescentes; determinar a composta de duas fun&ccedil;&otilde;es;<\/li>\n\n\n\n<li>C&aacute;lculo da inversa de uma fun&ccedil;&atilde;o bijetiva;<\/li>\n\n\n\n<li>Identificar fun&ccedil;&otilde;es lineares e determinado coeficiente angular e par&acirc;metro linear;<\/li>\n\n\n\n<li>Identifica&ccedil;&atilde;o de equa&ccedil;&atilde;o geral de uma reta;<\/li>\n\n\n\n<li>Determinar a intersec&ccedil;&atilde;o de duas retas, caracterizando as condi&ccedil;&otilde;es de coincid&ecirc;ncia: paralelismo e perpendicularismo;<\/li>\n\n\n\n<li>Determinar a solu&ccedil;&atilde;o de equa&ccedil;&otilde;es e de duas equa&ccedil;&otilde;es a duas inc&oacute;gnitas;<\/li>\n\n\n\n<li>Fun&ccedil;&atilde;o do 2&deg; grau;<\/li>\n\n\n\n<li>Estudo da par&aacute;bola;<\/li>\n\n\n\n<li>Constru&ccedil;&atilde;o de gr&aacute;ficos de trin&ocirc;mios do 2&ordm; grau com determina&ccedil;&atilde;o dos pontos onde corta os eixos;<\/li>\n\n\n\n<li>V&eacute;rtices, m&aacute;ximo e m&iacute;nimo de gr&aacute;ficos;<\/li>\n\n\n\n<li>Identifica&ccedil;&atilde;o das fun&ccedil;&otilde;es exponenciais e logar&iacute;tmicas;<\/li>\n\n\n\n<li>Caracteriza&ccedil;&atilde;o dos gr&aacute;ficos de c&aacute;lculos, utilizando as propriedades b&aacute;sicas dessas fun&ccedil;&otilde;es.<\/li>\n<\/ul><p><strong>&Aacute;lgebra elementar<\/strong><\/p><ul class=\"wp-block-list\">\n<li>Efetuar opera&ccedil;&otilde;es com fra&ccedil;&otilde;es alg&eacute;bricas;<\/li>\n\n\n\n<li>Utiliza&ccedil;&atilde;o dos produtos not&aacute;veis;<\/li>\n\n\n\n<li>Utiliza&ccedil;&atilde;o dos expoentes inteiros e fracion&aacute;rios;<\/li>\n\n\n\n<li>Opera&ccedil;&otilde;es com radicais e racionaliza&ccedil;&atilde;o dos denominadores.<\/li>\n<\/ul><p><strong>Teoria Elementar dos n&uacute;meros<\/strong><\/p><ul class=\"wp-block-list\">\n<li>Crit&eacute;rios de divisibilidade, m&aacute;ximo divisor comum (mdc), m&iacute;nimo m&uacute;ltiplo comum (mmc), n&uacute;meros primos.<\/li>\n<\/ul><p><strong>Matem&aacute;tica comercial<\/strong><\/p><ul class=\"wp-block-list\">\n<li>Raz&atilde;o;<\/li>\n\n\n\n<li>Propor&ccedil;&atilde;o;<\/li>\n\n\n\n<li>N&uacute;meros diretamente proporcionais;<\/li>\n\n\n\n<li>Regra de sociedade;<\/li>\n\n\n\n<li>Regra de tr&ecirc;s;<\/li>\n\n\n\n<li>Porcentagem;<\/li>\n\n\n\n<li>Descontos;<\/li>\n\n\n\n<li>Juros simples;<\/li>\n\n\n\n<li>Resolu&ccedil;&atilde;o de problemas aplicados ao 1&ordm; grau;<\/li>\n\n\n\n<li>Resolu&ccedil;&atilde;o de inequa&ccedil;&otilde;es lineares e constru&ccedil;&atilde;o do seu gr&aacute;fico;<\/li>\n\n\n\n<li>Resolu&ccedil;&atilde;o de equa&ccedil;&otilde;es do 2&deg; grau e utiliza&ccedil;&atilde;o das rela&ccedil;&otilde;es entre os zeros e os coeficientes;<\/li>\n\n\n\n<li>Resolu&ccedil;&atilde;o de problemas do 2&deg; grau;<\/li>\n\n\n\n<li>Resolu&ccedil;&atilde;o de equa&ccedil;&otilde;es do 2&deg; grau, utilizando-se do gr&aacute;fico das inequa&ccedil;&otilde;es;<\/li>\n\n\n\n<li>Sistemas de equa&ccedil;&atilde;o do 2&deg;grau.<\/li>\n<\/ul><p><strong>&Aacute;lgebra<\/strong><\/p><ul class=\"wp-block-list\">\n<li>Sequ&ecirc;ncias e s&eacute;ries;<\/li>\n\n\n\n<li>Progress&atilde;o aritm&eacute;tica e progress&atilde;o geom&eacute;trica;<\/li>\n\n\n\n<li>Logaritmos, equa&ccedil;&otilde;es exponenciais;<\/li>\n\n\n\n<li>Equa&ccedil;&otilde;es logar&iacute;tmicas;<\/li>\n\n\n\n<li>Matrizes;<\/li>\n\n\n\n<li>Determinantes;<\/li>\n\n\n\n<li>An&aacute;lise combinat&oacute;ria;<\/li>\n\n\n\n<li>Bin&ocirc;mio de Newton;<\/li>\n\n\n\n<li>Probabilidade.<\/li>\n<\/ul><p><strong>Trigonometria<\/strong><\/p><ul class=\"wp-block-list\">\n<li>Propriedades das fun&ccedil;&otilde;es trigonom&eacute;tricas e suas inversas, identificando gr&aacute;ficos e comportamento peri&oacute;dico;<\/li>\n\n\n\n<li>C&aacute;lculo de valores de &acirc;ngulos importantes;<\/li>\n\n\n\n<li>Identidades trigonom&eacute;tricas e redu&ccedil;&atilde;o de &acirc;ngulo ao 1&ordm; quadrante;<\/li>\n\n\n\n<li>Adi&ccedil;&atilde;o das fun&ccedil;&otilde;es e transforma&ccedil;&atilde;o de somas em produto;<\/li>\n\n\n\n<li>Resolu&ccedil;&atilde;o de equa&ccedil;&otilde;es e inequa&ccedil;&otilde;es trigonom&eacute;tricas: aplica&ccedil;&atilde;o das leis do SENO e do COSSENO.<\/li>\n<\/ul><p><strong>Estudo dos polin&ocirc;mios<\/strong><\/p><ul class=\"wp-block-list\">\n<li>Efetuar opera&ccedil;&otilde;es com polin&ocirc;mios;<\/li>\n\n\n\n<li>Calcular o quociente e o resto da divis&atilde;o de polin&ocirc;mio por bin&ocirc;mio;<\/li>\n\n\n\n<li>Utilizar as rela&ccedil;&otilde;es entre coeficientes e as ra&iacute;zes de um polin&ocirc;mio;<\/li>\n\n\n\n<li>Determinar ra&iacute;zes racionais de polin&ocirc;mios;<\/li>\n\n\n\n<li>Fatorar polin&ocirc;mios;<\/li>\n\n\n\n<li>Decompor fun&ccedil;&otilde;es racionais em fra&ccedil;&otilde;es parciais.<\/li>\n<\/ul><p><strong>N&uacute;meros complexos<\/strong><\/p><ul class=\"wp-block-list\">\n<li>Conjunto dos n&uacute;meros complexos, m&oacute;dulo, argumento, opera&ccedil;&otilde;es, forma alg&eacute;brica e forma trigonom&eacute;trica, representa&ccedil;&atilde;o geom&eacute;trica.<\/li>\n<\/ul><p><strong>Geometria<\/strong><\/p><ul class=\"wp-block-list\">\n<li>Representar pontos em um sistema de eixos retangulares no plano;<\/li>\n\n\n\n<li>Calcular a dist&acirc;ncia entre dois pontos;<\/li>\n\n\n\n<li>Determinar equa&ccedil;&otilde;es de retas (gr&aacute;ficos da equa&ccedil;&atilde;o, equa&ccedil;&atilde;o segment&aacute;ria, posi&ccedil;&atilde;o relativa de duas retas e de tr&ecirc;s retas, coeficiente angular e coeficiente linear; equa&ccedil;&atilde;o da reta dados um ponto e a dire&ccedil;&atilde;o, paralelismo e perpendicularismo);<\/li>\n\n\n\n<li>Circunfer&ecirc;ncias;<\/li>\n\n\n\n<li>Aplicar as propriedades de semelhan&ccedil;as de tri&acirc;ngulos;<\/li>\n\n\n\n<li>Aplicar as propriedades dos tri&acirc;ngulos e dos paralelogramos;<\/li>\n\n\n\n<li>Empregar as propriedades de arcos, cordas e tangentes a uma circunfer&ecirc;ncia;<\/li>\n\n\n\n<li>Calcular medidas de &acirc;ngulos na circunfer&ecirc;ncia;<\/li>\n\n\n\n<li>Calcular &aacute;reas das principais figuras planas;<\/li>\n\n\n\n<li>Calcular &aacute;reas e volumes de prismas, pir&acirc;mides, cilindros, cones e esferas;<\/li>\n\n\n\n<li>Calcular o menor &acirc;ngulo entre duas retas;<\/li>\n\n\n\n<li>Identificar as equa&ccedil;&otilde;es da elipse, da par&aacute;bola e da hip&eacute;rbole.<\/li>\n<\/ul><h3 class=\"wp-block-heading\" id=\"h-quimica\">Qu&iacute;mica<\/h3><p><strong>Esp&eacute;cies qu&iacute;micas e misturas<\/strong><\/p><ul class=\"wp-block-list\">\n<li>Mat&eacute;ria e subst&acirc;ncia;<\/li>\n\n\n\n<li>Mistura e esp&eacute;cies qu&iacute;micas;<\/li>\n\n\n\n<li>Processos de separa&ccedil;&atilde;o de misturas;<\/li>\n\n\n\n<li>Subst&acirc;ncias simples e compostas;<\/li>\n\n\n\n<li>Propriedades das subst&acirc;ncias;<\/li>\n\n\n\n<li>Elementos qu&iacute;micos;<\/li>\n\n\n\n<li>Fen&ocirc;menos f&iacute;sicos e qu&iacute;micos;<\/li>\n\n\n\n<li>Mudan&ccedil;as de estado f&iacute;sico.<\/li>\n<\/ul><p><strong>Estados f&iacute;sicos da mat&eacute;ria<\/strong><\/p><ul class=\"wp-block-list\">\n<li>S&oacute;lidos: cristais, sublima&ccedil;&atilde;o, equil&iacute;brio das fases l&iacute;quidas: caracter&iacute;sticas, tens&atilde;o superficial, evapora&ccedil;&atilde;o, ebuli&ccedil;&atilde;o, press&atilde;o de vapor, temperatura cr&iacute;tica;<\/li>\n\n\n\n<li>Gases: leis dos gases ideais, hip&oacute;tese de Avogrado, densidade, lei de Grahan, g&aacute;s perfeito e g&aacute;s real e suas rela&ccedil;&otilde;es com os volumes de rea&ccedil;&atilde;o.<\/li>\n<\/ul><p><strong>&Aacute;gua<\/strong><\/p><ul class=\"wp-block-list\">\n<li>Composi&ccedil;&atilde;o e estrutura;<\/li>\n\n\n\n<li>Eletr&oacute;lise.<\/li>\n<\/ul><p><strong>Estrutura da mat&eacute;ria<\/strong><\/p><ul class=\"wp-block-list\">\n<li>Leis das combina&ccedil;&otilde;es qu&iacute;micas: ponderais e volum&eacute;tricas;<\/li>\n\n\n\n<li>Teoria at&ocirc;mica;<\/li>\n\n\n\n<li>El&eacute;trons, pr&oacute;tons e n&ecirc;utrons;<\/li>\n\n\n\n<li>Conceitos fundamentais: n&uacute;mero at&ocirc;mico, n&uacute;mero de massa, is&oacute;topos, is&oacute;baros e is&oacute;tonos;<\/li>\n\n\n\n<li>Atomicidade;<\/li>\n\n\n\n<li>Alotropia;<\/li>\n\n\n\n<li>Escala de massa at&ocirc;mica;<\/li>\n\n\n\n<li>Massa molar;<\/li>\n\n\n\n<li>N&uacute;mero de Avogrado e mol;<\/li>\n\n\n\n<li>F&oacute;rmulas qu&iacute;micas;<\/li>\n\n\n\n<li>Composi&ccedil;&atilde;o centesimal.<\/li>\n<\/ul><p><strong>Estrutura at&ocirc;mica<\/strong><\/p><ul class=\"wp-block-list\">\n<li>Modelos at&ocirc;micos: estrutura at&ocirc;mica moderna;<\/li>\n\n\n\n<li>Orbitais at&ocirc;micos e n&uacute;meros qu&acirc;nticos;<\/li>\n\n\n\n<li>Distribui&ccedil;&atilde;o eletr&ocirc;nica dos &aacute;tomos;<\/li>\n\n\n\n<li>Princ&iacute;pios de exclus&atilde;o de Pauli;<\/li>\n\n\n\n<li>Princ&iacute;pio de constru&ccedil;&atilde;o das camadas eletr&ocirc;nicas dos &aacute;tomos;<\/li>\n\n\n\n<li>Regra de Hund.<\/li>\n<\/ul><p><strong>Classifica&ccedil;&atilde;o peri&oacute;dica<\/strong><\/p><ul class=\"wp-block-list\">\n<li>Desenvolvimento da tabela peri&oacute;dica;<\/li>\n\n\n\n<li>Leis peri&oacute;dicas atuais;<\/li>\n\n\n\n<li>Propriedades peri&oacute;dicas e aperi&oacute;dicas;<\/li>\n\n\n\n<li>Metais e n&atilde;o-metais;<\/li>\n\n\n\n<li>Uso de quadro peri&oacute;dico.<\/li>\n<\/ul><p><strong>Liga&ccedil;&otilde;es qu&iacute;micas<\/strong><\/p><ul class=\"wp-block-list\">\n<li>Liga&ccedil;&atilde;o i&ocirc;nica, covalente e met&aacute;lica;<\/li>\n\n\n\n<li>F&oacute;rmulas estruturais e de Lewis;<\/li>\n\n\n\n<li>Propriedades das liga&ccedil;&otilde;es;<\/li>\n\n\n\n<li>Mol&eacute;culas polares e apoiares;<\/li>\n\n\n\n<li>Estado de oxida&ccedil;&atilde;o;<\/li>\n\n\n\n<li>Resson&acirc;ncia, hibrida&ccedil;&atilde;o, orbitais moleculares;<\/li>\n\n\n\n<li>Geometria molecular;<\/li>\n\n\n\n<li>Pontes de hidrog&ecirc;nio;<\/li>\n\n\n\n<li>For&ccedil;as de atra&ccedil;&atilde;o de Van der Waals e polares.<\/li>\n<\/ul><p><strong>Rea&ccedil;&otilde;es qu&iacute;micas<\/strong><\/p><ul class=\"wp-block-list\">\n<li>Tipo de rea&ccedil;&otilde;es qu&iacute;micas;<\/li>\n\n\n\n<li>Energia qu&iacute;mica;<\/li>\n\n\n\n<li>Rea&ccedil;&otilde;es de oxi- redu&ccedil;&atilde;o;<\/li>\n\n\n\n<li>Rea&ccedil;&otilde;es i&ocirc;nicas;<\/li>\n\n\n\n<li>Balanceamento de equa&ccedil;&otilde;es qu&iacute;micas, inclusive as de oxi-redu&ccedil;&atilde;o;<\/li>\n\n\n\n<li>C&aacute;lculos estequiom&eacute;tricos;<\/li>\n\n\n\n<li>Cin&eacute;tica qu&iacute;mica;<\/li>\n\n\n\n<li>Velocidade de rea&ccedil;&atilde;o, energia de ativa&ccedil;&atilde;o;<\/li>\n\n\n\n<li>Equil&iacute;brio qu&iacute;mico: rea&ccedil;&otilde;es revers&iacute;veis, equil&iacute;brio em sistemas homog&ecirc;neos, constante de equil&iacute;brio, deslocamento de equil&iacute;brios, princ&iacute;pio de Le Chatelier, equil&iacute;brio i&ocirc;nico, grau de ioniza&ccedil;&atilde;o, PH e POH.<\/li>\n<\/ul><p><strong>Fun&ccedil;&otilde;es Inorg&acirc;nicas &ndash; &aacute;cidos e bases<\/strong><\/p><ul class=\"wp-block-list\">\n<li>Defini&ccedil;&otilde;es de acordo com Arrhenius, Bronsted- Lowry e Lewis;<\/li>\n\n\n\n<li>Nomenclatura;<\/li>\n\n\n\n<li>Classifica&ccedil;&atilde;o;<\/li>\n\n\n\n<li>Propriedades e principais rea&ccedil;&otilde;es.<\/li>\n<\/ul><p><strong>Sais<\/strong><\/p><ul class=\"wp-block-list\">\n<li>Nomenclatura;<\/li>\n\n\n\n<li>Rea&ccedil;&atilde;o de salifica&ccedil;&atilde;o;<\/li>\n\n\n\n<li>Classifica&ccedil;&atilde;o;<\/li>\n\n\n\n<li>Propriedades;<\/li>\n\n\n\n<li>Principais rea&ccedil;&otilde;es;<\/li>\n\n\n\n<li>Hidr&oacute;lises;<\/li>\n\n\n\n<li>Dissocia&ccedil;&atilde;o i&ocirc;nica.&nbsp;<\/li>\n<\/ul><p><strong>&Oacute;xidos<\/strong><\/p><ul class=\"wp-block-list\">\n<li>Conceito;<\/li>\n\n\n\n<li>Nomenclatura;<\/li>\n\n\n\n<li>Classifica&ccedil;&atilde;o;<\/li>\n\n\n\n<li>Propriedades e principais rea&ccedil;&otilde;es.<\/li>\n<\/ul><p><strong>Solu&ccedil;&otilde;es<\/strong><\/p><ul class=\"wp-block-list\">\n<li>Conceito;<\/li>\n\n\n\n<li>Tipos de solu&ccedil;&otilde;es;<\/li>\n\n\n\n<li>Solubilidade.<\/li>\n<\/ul><p><strong>Concentra&ccedil;&atilde;o de solu&ccedil;&otilde;es<\/strong><\/p><ul class=\"wp-block-list\">\n<li>T&iacute;tulo, porcentagem em massas, percentagem em volume, fra&ccedil;&atilde;o molar e molaridade;<\/li>\n\n\n\n<li>Dilui&ccedil;&atilde;o de solu&ccedil;&otilde;es;<\/li>\n\n\n\n<li>Mistura de solu&ccedil;&otilde;es.<\/li>\n<\/ul><p><strong>Energia<\/strong><\/p><ul class=\"wp-block-list\">\n<li>Mat&eacute;ria e energia e suas transforma&ccedil;&otilde;es;<\/li>\n\n\n\n<li>Unidades de energia;<\/li>\n\n\n\n<li>Termoqu&iacute;mica: rea&ccedil;&atilde;o qu&iacute;mica e energia, entalpia, energia livre, diagramas de energia;<\/li>\n\n\n\n<li>Lei de Hess;<\/li>\n\n\n\n<li>Eletroqu&iacute;mica: pilhas e eletr&oacute;lise.<\/li>\n<\/ul><p><strong>Qu&iacute;mica do carbono<\/strong><\/p><ul class=\"wp-block-list\">\n<li>Carbono;<\/li>\n\n\n\n<li>Estrutura;<\/li>\n\n\n\n<li>Liga&ccedil;&otilde;es do carbono;<\/li>\n\n\n\n<li>Hibrida&ccedil;&atilde;o;<\/li>\n\n\n\n<li>Cadeias carb&ocirc;nicas;<\/li>\n\n\n\n<li>Fun&ccedil;&otilde;es org&acirc;nicas: hidrocarbonetos (alif&aacute;ticos e alic&iacute;clicos saturados e insaturados, hidrocarbonetos arom&aacute;ticos), &aacute;lcoois, fen&oacute;is, alde&iacute;dos, cetonas, &aacute;cidos carbox&iacute;licos, &eacute;steres, anidridos, haletos org&acirc;nicos, &eacute;teres, fun&ccedil;&otilde;es nitrogenadas (aminas, nitrilas, isonitrilas), nitrocompostos, compostos de fun&ccedil;&otilde;es mistas, isomeria plana e espacial;<\/li>\n\n\n\n<li>Principais rea&ccedil;&otilde;es;<\/li>\n\n\n\n<li>Natureza dos reagentes (eletrof&iacute;licos, nucleof&iacute;lico e radicalar);<\/li>\n\n\n\n<li>Classifica&ccedil;&atilde;o e identifica&ccedil;&atilde;o das principais rea&ccedil;&otilde;es: adi&ccedil;&atilde;o, substitui&ccedil;&atilde;o e elimina&ccedil;&atilde;o;<\/li>\n\n\n\n<li>Principais rea&ccedil;&otilde;es de: adi&ccedil;&atilde;o, substitui&ccedil;&atilde;o, elimina&ccedil;&atilde;o e oxi-redu&ccedil;&atilde;o;<\/li>\n\n\n\n<li>Hidrogena&ccedil;&atilde;o;<\/li>\n\n\n\n<li>Halogena&ccedil;&atilde;o;<\/li>\n\n\n\n<li>Hidrata&ccedil;&atilde;o;<\/li>\n\n\n\n<li>Nitra&ccedil;&atilde;o;<\/li>\n\n\n\n<li>Sulfona&ccedil;&atilde;o;<\/li>\n\n\n\n<li>Acila&ccedil;&atilde;o;<\/li>\n\n\n\n<li>Hidr&oacute;lise;<\/li>\n\n\n\n<li>Saponifica&ccedil;&atilde;o;<\/li>\n\n\n\n<li>Combust&atilde;o de hidrocarbonetos;<\/li>\n\n\n\n<li>Oxi-redu&ccedil;&atilde;o (ozon&oacute;lise, rea&ccedil;&otilde;es de Tollens, rea&ccedil;&atilde;o de iodof&oacute;rmio, rea&ccedil;&atilde;o de Fehling (Benedict).<\/li>\n<\/ul><h3 class=\"wp-block-heading\" id=\"h-biologia\">Biologia<\/h3><p><strong>Considera&ccedil;&otilde;es gerais sobre Biologia<\/strong><\/p><ul class=\"wp-block-list\">\n<li>Conceito;<\/li>\n\n\n\n<li>Divis&otilde;es;<\/li>\n\n\n\n<li>Rela&ccedil;&atilde;o com outras ci&ecirc;ncias.<\/li>\n<\/ul><p><strong>Metodologia do conhecimento cient&iacute;fico<\/strong><\/p><ul class=\"wp-block-list\">\n<li>Conhecimento;<\/li>\n\n\n\n<li>Conhecimento cient&iacute;fico;<\/li>\n\n\n\n<li>M&eacute;todo cient&iacute;fico.<\/li>\n<\/ul><p><strong>Citologia<\/strong><\/p><ul class=\"wp-block-list\">\n<li>Considera&ccedil;&otilde;es gerais sobre c&eacute;lula;<\/li>\n\n\n\n<li>Aspectos f&iacute;sico-qu&iacute;micos da c&eacute;lula;<\/li>\n\n\n\n<li>M&eacute;todo de estudo da c&eacute;lula;<\/li>\n\n\n\n<li>Microsc&oacute;pio;<\/li>\n\n\n\n<li>Organelas: estrutura e fun&ccedil;&atilde;o;<\/li>\n\n\n\n<li>C&eacute;lula e energia.<\/li>\n<\/ul><p><strong>Embriologia<\/strong><\/p><ul class=\"wp-block-list\">\n<li>O desenvolvimento dos seres vivos;<\/li>\n\n\n\n<li>Embriog&ecirc;nese.<\/li>\n<\/ul><p><strong>Histologia<\/strong><\/p><ul class=\"wp-block-list\">\n<li>Tecidos animais;<\/li>\n\n\n\n<li>Tecidos vegetais.<\/li>\n<\/ul><p><strong>Organiza&ccedil;&atilde;o e diversidade dos seres vivos<\/strong><\/p><ul class=\"wp-block-list\">\n<li>Caracter&iacute;sticas dos seres vivos;<\/li>\n\n\n\n<li>Diversidade dos seres vivos;<\/li>\n\n\n\n<li>Classifica&ccedil;&atilde;o;<\/li>\n\n\n\n<li>Nomenclatura;<\/li>\n\n\n\n<li>Reinos.<\/li>\n<\/ul><p><strong>Anatomia e fisiologia dos animais<\/strong><\/p><ul class=\"wp-block-list\">\n<li>Nutri&ccedil;&atilde;o;<\/li>\n\n\n\n<li>Transporte;<\/li>\n\n\n\n<li>Excre&ccedil;&atilde;o;<\/li>\n\n\n\n<li>Coordena&ccedil;&atilde;o;<\/li>\n\n\n\n<li>Reprodu&ccedil;&atilde;o;&nbsp;<\/li>\n\n\n\n<li>Sistema muscular, nervoso, sensorial e end&oacute;crino.<\/li>\n<\/ul><p><strong>Anatomia e fisiologia das plantas<\/strong><\/p><ul class=\"wp-block-list\">\n<li>Crescimento;<\/li>\n\n\n\n<li>Nutri&ccedil;&atilde;o;&nbsp;<\/li>\n\n\n\n<li>Horm&ocirc;nios vegetais;<\/li>\n\n\n\n<li>Reprodu&ccedil;&atilde;o.<\/li>\n<\/ul><p><strong>Estudo dos microorganismos<\/strong><\/p><ul class=\"wp-block-list\">\n<li>V&iacute;rus;<\/li>\n\n\n\n<li>Bact&eacute;rias;<\/li>\n\n\n\n<li>Protozo&aacute;rios.<\/li>\n<\/ul><p><strong>Gen&eacute;tica<\/strong><\/p><ul class=\"wp-block-list\">\n<li>Hereditariedade;<\/li>\n\n\n\n<li>Mendelismo;<\/li>\n\n\n\n<li>Probabilidade e gen&eacute;tica;<\/li>\n\n\n\n<li>Polialelismo, intera&ccedil;&atilde;o g&ecirc;nica;<\/li>\n\n\n\n<li>Gen&eacute;tica do sexo;<\/li>\n\n\n\n<li>C&oacute;digo gen&eacute;tico;<\/li>\n\n\n\n<li>Gen&eacute;tica da popula&ccedil;&atilde;o;<\/li>\n\n\n\n<li>Aberra&ccedil;&atilde;o cromoss&ocirc;mica;<\/li>\n\n\n\n<li>Muta&ccedil;&atilde;o.<\/li>\n<\/ul><p><strong>Evolu&ccedil;&atilde;o<\/strong><\/p><ul class=\"wp-block-list\">\n<li>Teoria da evolu&ccedil;&atilde;o;<\/li>\n\n\n\n<li>Origem da vida;<\/li>\n\n\n\n<li>Evolu&ccedil;&atilde;o dos seres vivos.<\/li>\n<\/ul><p><strong>Ecologia<\/strong><\/p><ul class=\"wp-block-list\">\n<li>O ambiente dos seres vivos;<\/li>\n\n\n\n<li>Mat&eacute;ria e energia na biosfera;<\/li>\n\n\n\n<li>Popula&ccedil;&atilde;o e sociedade;<\/li>\n\n\n\n<li>Comunidades;<\/li>\n\n\n\n<li>Ecossistemas da biosfera;<\/li>\n\n\n\n<li>Ecossistemas brasileiros;<\/li>\n\n\n\n<li>O homem na natureza.<\/li>\n<\/ul><p><strong>Biologia e sa&uacute;de<\/strong><\/p><ul class=\"wp-block-list\">\n<li>Aspectos gerais da sa&uacute;de;<\/li>\n\n\n\n<li>Nutri&ccedil;&atilde;o e sa&uacute;de;<\/li>\n\n\n\n<li>Fome;<\/li>\n\n\n\n<li>Higiene e sa&uacute;de;<\/li>\n\n\n\n<li>Principais doen&ccedil;as heredit&aacute;rias;<\/li>\n\n\n\n<li>Principais doen&ccedil;as infecciosas e n&atilde;o- infecciosas;<\/li>\n\n\n\n<li>Stress;<\/li>\n\n\n\n<li>Drogas e sa&uacute;de.<\/li>\n<\/ul><h3 class=\"wp-block-heading\" id=\"h-historia\">Hist&oacute;ria<\/h3><h4 class=\"wp-block-heading\" id=\"h-historia-geral\">Hist&oacute;ria Geral<\/h4><ul class=\"wp-block-list\">\n<li>O conceito moderno de Hist&oacute;ria.<\/li>\n<\/ul><p><strong>As sociedades antes da escrita: da origem do homem &agrave; Revolu&ccedil;&atilde;o Neol&iacute;tica;<\/strong><\/p><ul class=\"wp-block-list\">\n<li>Revolu&ccedil;&atilde;o urbana;<\/li>\n\n\n\n<li>As sociedades do Antigo Oriente pr&oacute;ximo (Eg&iacute;pcia, Mesopot&acirc;mica, Hebraica, Fen&iacute;cia, Persa), economia, pol&iacute;tica, sociedade e cultura; sociedades escravistas da antiguidade cl&aacute;ssica: Gr&eacute;cia e Roma (economia, pol&iacute;tica, sociedade e cultura).<\/li>\n<\/ul><p><strong>Feudalismo<\/strong><\/p><ul class=\"wp-block-list\">\n<li>Migra&ccedil;&otilde;es b&aacute;rbaras;<\/li>\n\n\n\n<li>Reinos romanogerm&acirc;nicos;<\/li>\n\n\n\n<li>Sociedades bizantinas e mu&ccedil;ulmanas;<\/li>\n\n\n\n<li>As Cruzadas;&nbsp;<\/li>\n\n\n\n<li>O Cristianismo na Idade M&eacute;dia;<\/li>\n\n\n\n<li>A cultura medieval;&nbsp;<\/li>\n\n\n\n<li>A crise feudal.<\/li>\n<\/ul><p><strong>Forma&ccedil;&atilde;o das Monarquias Nacionais Europ&eacute;ias<\/strong><\/p><ul class=\"wp-block-list\">\n<li>Expans&atilde;o mar&iacute;tima e comercial;<\/li>\n\n\n\n<li>Absolutismo;<\/li>\n\n\n\n<li>Mercantilismo, coloniza&ccedil;&atilde;o;<\/li>\n\n\n\n<li>A Am&eacute;rica e o sistema colonial;&nbsp;<\/li>\n\n\n\n<li>Humanismo e Renascimento;&nbsp;<\/li>\n\n\n\n<li>Reforma e Contrarreforma;&nbsp;<\/li>\n\n\n\n<li>Iluminismo.<\/li>\n<\/ul><p><strong>A Revolu&ccedil;&atilde;o Industrial e a forma&ccedil;&atilde;o da classe oper&aacute;ria<\/strong><\/p><ul class=\"wp-block-list\">\n<li>Forma&ccedil;&atilde;o da sociedade capitalista;<\/li>\n\n\n\n<li>O processo de independ&ecirc;ncia das Am&eacute;ricas.<\/li>\n<\/ul><p><strong>As revolu&ccedil;&otilde;es liberais<\/strong><\/p><ul class=\"wp-block-list\">\n<li>Revolu&ccedil;&atilde;o Americana e Revolu&ccedil;&atilde;o Francesa;<\/li>\n\n\n\n<li>O imp&eacute;rio napole&ocirc;nico.<\/li>\n<\/ul><p><strong>As guerras de independ&ecirc;ncia e a forma&ccedil;&atilde;o das na&ccedil;&otilde;es da Am&eacute;rica Latina<\/strong><\/p><ul class=\"wp-block-list\">\n<li>Liberalismo econ&ocirc;mico e as doutrinas sociais do s&eacute;culo XIX;<\/li>\n\n\n\n<li>Imperialismo europeu e a partilha da &Aacute;sia e &Aacute;frica.<\/li>\n<\/ul><p><strong>S&eacute;culos XX e XXI<\/strong><\/p><ul class=\"wp-block-list\">\n<li>Primeira Guerra Mundial;<\/li>\n\n\n\n<li>Segunda Guerra Mundial;<\/li>\n\n\n\n<li>Revolu&ccedil;&atilde;o Russa;<\/li>\n\n\n\n<li>O mundo depois da Segunda Guerra Mundial e a forma&ccedil;&atilde;o da URSS;<\/li>\n\n\n\n<li>O processo de descoloniza&ccedil;&atilde;o da &Aacute;sia e da &Aacute;frica;<\/li>\n\n\n\n<li>A Guerra Fria;<\/li>\n\n\n\n<li>A Revolu&ccedil;&atilde;o Cubana;<\/li>\n\n\n\n<li>Movimentos populares da Am&eacute;rica Latina e o processo de redemocratiza&ccedil;&atilde;o;<\/li>\n\n\n\n<li>Crises no Leste Europeu;<\/li>\n\n\n\n<li>Forma&ccedil;&atilde;o de novos blocos de poder;<\/li>\n\n\n\n<li>Conflitos no Oriente M&eacute;dio e Extremo Oriente;<\/li>\n\n\n\n<li>O mundo mu&ccedil;ulmano na anualidade;<\/li>\n\n\n\n<li>Tend&ecirc;ncias do mundo atual;<\/li>\n\n\n\n<li>A participa&ccedil;&atilde;o da Igreja nos problemas mundiais.<\/li>\n<\/ul><h4 class=\"wp-block-heading\" id=\"h-historia-do-brasil\">Hist&oacute;ria do Brasil<\/h4><p><strong>Per&iacute;odo colonial<\/strong><\/p><ul class=\"wp-block-list\">\n<li>Comunidades ind&iacute;genas;<\/li>\n\n\n\n<li>Expans&atilde;o mar&iacute;tima e comercial portuguesa;<\/li>\n\n\n\n<li>Sistema colonial: produ&ccedil;&atilde;o, trabalho escravo e administra&ccedil;&atilde;o da col&ocirc;nia;<\/li>\n\n\n\n<li>Sociedade colonial: vida rural, urbaniza&ccedil;&atilde;o, igreja, cultura;<\/li>\n\n\n\n<li>O negro no Brasil &ndash; Col&ocirc;nia;<\/li>\n\n\n\n<li>A conquista do interior: entradas e bandeiras;<\/li>\n\n\n\n<li>A expans&atilde;o pecu&aacute;ria e minera&ccedil;&atilde;o; movimentos nativistas.<\/li>\n<\/ul><p><strong>Per&iacute;odo imperial<\/strong><\/p><ul class=\"wp-block-list\">\n<li>Transfer&ecirc;ncia da Corte Portuguesa para o Brasil e o processo de independ&ecirc;ncia;&nbsp;<\/li>\n\n\n\n<li>Primeiro Reinado;<\/li>\n\n\n\n<li>Reg&ecirc;ncia: instabilidade social e pol&iacute;tica;&nbsp;<\/li>\n\n\n\n<li>Segundo Reinado: estrutura pol&iacute;tica, econ&ocirc;mica e social;<\/li>\n\n\n\n<li>A imigra&ccedil;&atilde;o;<\/li>\n\n\n\n<li>Abolicionismo;<\/li>\n\n\n\n<li>Crise da monarquia e instala&ccedil;&atilde;o da Rep&uacute;blica.<\/li>\n<\/ul><p><strong>Per&iacute;odo republicano<\/strong><\/p><ul class=\"wp-block-list\">\n<li>Forma&ccedil;&atilde;o e consolida&ccedil;&atilde;o da Rep&uacute;blica olig&aacute;rquica;<\/li>\n\n\n\n<li>Estrutura de poder na Primeira Rep&uacute;blica;<\/li>\n\n\n\n<li>Economia agr&aacute;rio-exportadora;<\/li>\n\n\n\n<li>Industrializa&ccedil;&atilde;o;<\/li>\n\n\n\n<li>Movimento oper&aacute;rio e sindicatos;<\/li>\n\n\n\n<li>Conflitos sociais;&nbsp;<\/li>\n\n\n\n<li>Revolu&ccedil;&atilde;o de 1930 e o Estado Novo;<\/li>\n\n\n\n<li>Integralismo e a Alian&ccedil;a Nacional Libertadora (ANL);<\/li>\n\n\n\n<li>Fim do Estado Novo.<\/li>\n<\/ul><p><strong>Per&iacute;odo de redemocratiza&ccedil;&atilde;o<\/strong><\/p><ul class=\"wp-block-list\">\n<li>Reorganiza&ccedil;&atilde;o partid&aacute;ria: Populismo e suas contradi&ccedil;&otilde;es.<\/li>\n<\/ul><p><strong>O Golpe Militar de 1964<\/strong><\/p><ul class=\"wp-block-list\">\n<li>Militarismo e Autoritarismo P&oacute;s-64;<\/li>\n\n\n\n<li>Cultura e comportamento da d&eacute;cada de 1950;<\/li>\n\n\n\n<li>Movimentos sociais, culturais e art&iacute;sticos dos anos de 1960 a 1980;<\/li>\n\n\n\n<li>Crise no regime militar e reorganiza&ccedil;&atilde;o partid&aacute;ria.<\/li>\n<\/ul><p><strong>Brasil atual<\/strong><\/p><ul class=\"wp-block-list\">\n<li>A Nova Rep&uacute;blica;<\/li>\n\n\n\n<li>Movimentos populares;<\/li>\n\n\n\n<li>Volta &agrave; democracia;<\/li>\n\n\n\n<li>O Governo Collor e suas consequ&ecirc;ncias;<\/li>\n\n\n\n<li>Constitui&ccedil;&otilde;es do Brasil;<\/li>\n\n\n\n<li>A atua&ccedil;&atilde;o da Igreja em nossos dias;<\/li>\n\n\n\n<li>Movimentos art&iacute;stico- culturais da sociedade brasileira contempor&acirc;nea.<\/li>\n<\/ul><h4 class=\"wp-block-heading\" id=\"h-historia-do-ceara\">Hist&oacute;ria do Cear&aacute;<\/h4><p><strong>Per&iacute;odo colonial: o povoamento do espa&ccedil;o cearense<\/strong><\/p><ul class=\"wp-block-list\">\n<li>Organiza&ccedil;&atilde;o pol&iacute;tica, econ&ocirc;mica e social da capitania do Cear&aacute;;<\/li>\n\n\n\n<li>Crise no sistema colonial: rebeli&otilde;es locais e revoltas emancipacionistas;<\/li>\n\n\n\n<li>Bases econ&ocirc;micas do Cear&aacute;.<\/li>\n<\/ul><p><strong>Per&iacute;odo imperial<\/strong><\/p><ul class=\"wp-block-list\">\n<li>O Cear&aacute; no s&eacute;culo XIX (economia, pol&iacute;tica e sociedade);<\/li>\n\n\n\n<li>Movimentos revolucion&aacute;rios: conflitos pol&iacute;ticos e sociais;<\/li>\n\n\n\n<li>Abolicionismo cearense.<\/li>\n<\/ul><p><strong>Per&iacute;odo republicano<\/strong><\/p><ul class=\"wp-block-list\">\n<li>Domina&ccedil;&atilde;o olig&aacute;rquico-coronelista;<\/li>\n\n\n\n<li>A import&acirc;ncia da Zona Norte do Estado no contexto pol&iacute;tico, econ&ocirc;mico, s&oacute;cio- cultural do Cear&aacute;;<\/li>\n\n\n\n<li>Sedi&ccedil;&atilde;o de Juazeiro;<\/li>\n\n\n\n<li>O processo de centraliza&ccedil;&atilde;o pol&iacute;tico administrativo;<\/li>\n\n\n\n<li>A Revolu&ccedil;&atilde;o de 1930 e as interventorias no Cear&aacute;;<\/li>\n\n\n\n<li>O Estado Novo e a redemocratiza&ccedil;&atilde;o no Cear&aacute;;<\/li>\n\n\n\n<li>A Igreja e os trabalhadores;<\/li>\n\n\n\n<li>A LEC no Cear&aacute;: constru&ccedil;&atilde;o da hegemonia pol&iacute;tico-social;<\/li>\n\n\n\n<li>O Golpe Militar de 1964: controle dos movimentos pol&iacute;ticos da sociedade civil cearense;<\/li>\n\n\n\n<li>O Governo dos Coron&eacute;is e o projeto de moderniza&ccedil;&atilde;o pol&iacute;tico-administrativo implantado nos &uacute;ltimos anos no Cear&aacute;.<\/li>\n<\/ul><p><strong>Hist&oacute;ria Local<\/strong><\/p><ul class=\"wp-block-list\">\n<li>Formas de Ocupa&ccedil;&atilde;o do Vale do Acara&uacute;;<\/li>\n\n\n\n<li>A posi&ccedil;&atilde;o de Sobral como p&oacute;lo hegem&ocirc;nico do norte cearense;<\/li>\n\n\n\n<li>A religiosidade como base estrutural da sociedade;<\/li>\n\n\n\n<li>A cultura sobralense no contexto regional;<\/li>\n\n\n\n<li>A evolu&ccedil;&atilde;o hist&oacute;rica dos munic&iacute;pios da Regi&atilde;o Norte do Cear&aacute; e as possibilidades de transforma&ccedil;&atilde;o da realidade existente.<\/li>\n<\/ul><h3 class=\"wp-block-heading\" id=\"h-geografia\">Geografia<\/h3><p><strong>Considera&ccedil;&otilde;es Te&oacute;rico-Metodol&oacute;gicas<\/strong><\/p><ul class=\"wp-block-list\">\n<li>Conceituar Geografia Moderna;<\/li>\n\n\n\n<li>Indicar os objetivos da Geografia Moderna;<\/li>\n\n\n\n<li>Interpretar o fato geogr&aacute;fico;<\/li>\n\n\n\n<li>Explicar os princ&iacute;pios da Geografia Moderna.<\/li>\n\n\n\n<li>Representa&ccedil;&atilde;o Cartogr&aacute;fica<\/li>\n\n\n\n<li>Aplicar as no&ccedil;&otilde;es b&aacute;sicas da Cartografia, envolvendo quest&otilde;es de orienta&ccedil;&atilde;o e localiza&ccedil;&atilde;o;<\/li>\n\n\n\n<li>Resolver problemas com o uso de escalas;<\/li>\n\n\n\n<li>Identificar as principais conven&ccedil;&otilde;es cartogr&aacute;ficas.<\/li>\n<\/ul><h4 class=\"wp-block-heading\" id=\"h-geografia-geral\">Geografia Geral<\/h4><p><strong>No&ccedil;&otilde;es de Geografia F&iacute;sica<\/strong><\/p><ul class=\"wp-block-list\">\n<li>Explicar as no&ccedil;&otilde;es b&aacute;sicas sobre origem e forma&ccedil;&atilde;o das rochas;<\/li>\n\n\n\n<li>Indicar as caracter&iacute;sticas das rochas &iacute;gneas, sedimentares e metam&oacute;rficas;<\/li>\n\n\n\n<li>Conceituar solo, indicar a espessura e a textura dos solos nos diferentes ambientes naturais;<\/li>\n\n\n\n<li>Classificar as formas de relevo de acordo com a sua origem;<\/li>\n\n\n\n<li>Explicar a forma&ccedil;&atilde;o e evolu&ccedil;&atilde;o do relevo terrestre;<\/li>\n\n\n\n<li>Explicar os processos de eros&atilde;o e suas consequ&ecirc;ncias;<\/li>\n\n\n\n<li>Apontar as caracter&iacute;sticas dos principais tipos de clima da Terra;<\/li>\n\n\n\n<li>Explicar as influ&ecirc;ncias do clima sobre o meio;<\/li>\n\n\n\n<li>Interpretar as fases do ciclo hidrol&oacute;gico;<\/li>\n\n\n\n<li>Indicar e justificar a import&acirc;ncia dos oceanos e mares;<\/li>\n\n\n\n<li>Explicar a a&ccedil;&atilde;o das &aacute;guas superficiais, levando em conta suas causas, consequ&ecirc;ncias e import&acirc;ncia;<\/li>\n\n\n\n<li>Localizar as principais bacias hidrogr&aacute;ficas e avaliar sua import&acirc;ncia;<\/li>\n\n\n\n<li>Explicar a distribui&ccedil;&atilde;o dos animais e vegetais na superf&iacute;cie do globo, considerando as influ&ecirc;ncias do meio;<\/li>\n\n\n\n<li>Avaliar os recursos naturais, levando em conta sua explora&ccedil;&atilde;o e transforma&ccedil;&atilde;o;<\/li>\n\n\n\n<li>Interpretar as intera&ccedil;&otilde;es e\/ou as rela&ccedil;&otilde;es m&uacute;tuas entre os componentes geoambientais para fins de delimita&ccedil;&atilde;o de ambientes naturais homog&ecirc;neos (geossistemas).<\/li>\n<\/ul><h4 class=\"wp-block-heading\" id=\"h-geografia-geral-0\">Geografia Geral<\/h4><p><strong>No&ccedil;&otilde;es de Geografia Humana<\/strong><\/p><ul class=\"wp-block-list\">\n<li>Justificar a distribui&ccedil;&atilde;o da popula&ccedil;&atilde;o no globo;<\/li>\n\n\n\n<li>Explicar a quest&atilde;o populacional, considerando: malthusianismo, neomalthusianismo, ex&eacute;rcito de reserva, pol&iacute;ticas demogr&aacute;ficas e a discrimina&ccedil;&atilde;o da mulher, do menor, do &iacute;ndio e do negro;<\/li>\n\n\n\n<li>Explicar os aspectos ligados &agrave; composi&ccedil;&atilde;o da popula&ccedil;&atilde;o;<\/li>\n\n\n\n<li>Conceituar atividade prim&aacute;ria, secund&aacute;ria e terci&aacute;ria;<\/li>\n\n\n\n<li>Indicar os sistemas de atividade agr&iacute;cola;<\/li>\n\n\n\n<li>Explicar a quest&atilde;o agr&aacute;ria e os seus desdobramentos: a degrada&ccedil;&atilde;o ambiental, as rela&ccedil;&otilde;es sociais de produ&ccedil;&atilde;o, os conflitos sociais e a reforma agr&aacute;ria;<\/li>\n\n\n\n<li>Analisar a agricultura e a pecu&aacute;ria como fonte de obten&ccedil;&atilde;o de subsist&ecirc;ncia e de mat&eacute;ria-prima;<\/li>\n\n\n\n<li>Compreender o processo de explora&ccedil;&atilde;o da terra, levando em conta a estrutura fundi&aacute;ria e a din&acirc;mica das for&ccedil;as produtivas;<\/li>\n\n\n\n<li>Analisar o espa&ccedil;o urbano, levando em conta a centraliza&ccedil;&atilde;o do poder pol&iacute;tico e econ&ocirc;mico: na ind&uacute;stria, no com&eacute;rcio e nos servi&ccedil;os;<\/li>\n\n\n\n<li>Explicar o processo de produ&ccedil;&atilde;o industrial;<\/li>\n\n\n\n<li>Estabelecer rela&ccedil;&atilde;o entre o processo de industrializa&ccedil;&atilde;o e de urbaniza&ccedil;&atilde;o;<\/li>\n\n\n\n<li>Analisar o processo de urbaniza&ccedil;&atilde;o dos pa&iacute;ses do Terceiro Mundo e dos pa&iacute;ses desenvolvidos;<\/li>\n\n\n\n<li>Explicar a quest&atilde;o urbana e os seus desdobramentos: grada&ccedil;&atilde;o ambiental, faveliza&ccedil;&atilde;o e movimentos sociais;<\/li>\n\n\n\n<li>Explicar a din&acirc;mica da rela&ccedil;&atilde;o cidade-campo na produ&ccedil;&atilde;o do espa&ccedil;o geogr&aacute;fico;<\/li>\n\n\n\n<li>Analisar a composi&ccedil;&atilde;o e mobilidade da for&ccedil;a de trabalho, partindo das rela&ccedil;&otilde;es sociais de produ&ccedil;&atilde;o;<\/li>\n\n\n\n<li>Analisar a produ&ccedil;&atilde;o, a circula&ccedil;&atilde;o e o consumo de riquezas, considerando: a divis&atilde;o internacional e nacional do trabalho, as trocas desiguais e o sistema financeiro internacional.<\/li>\n<\/ul><p><strong>Geografia Regional<\/strong><\/p><ul class=\"wp-block-list\">\n<li>Apontar aspectos gerais da &Aacute;sia, Europa, &Aacute;frica e Oceania;<\/li>\n\n\n\n<li>Apontar tra&ccedil;os gerais da Geografia Regional das Am&eacute;ricas;<\/li>\n\n\n\n<li>Analisar a explora&ccedil;&atilde;o da Ant&aacute;rtida.<\/li>\n<\/ul><p><strong>Organiza&ccedil;&atilde;o do Espa&ccedil;o e Dom&iacute;nios Naturais do Brasil, do Nordeste e do Cear&aacute;<\/strong><\/p><ul class=\"wp-block-list\">\n<li>Indicar, interpretar e relacionar os tra&ccedil;os caracter&iacute;sticos das condi&ccedil;&otilde;es geol&oacute;gicas, geomorfol&oacute;gicas, clim&aacute;ticas, hidrogr&aacute;ficas, ed&aacute;ficas e fitogeogr&aacute;ficas;<\/li>\n\n\n\n<li>Explicar as diferen&ccedil;as geoecol&oacute;gicas dos dom&iacute;nios naturais;<\/li>\n\n\n\n<li>Relacionar as caracter&iacute;sticas do ambiente natural com o rural e o urbano;<\/li>\n\n\n\n<li>Identificar os problemas derivados da ocupa&ccedil;&atilde;o do espa&ccedil;o e suas implica&ccedil;&otilde;es quanto ao uso indisciplinado dos recursos naturais e do meio ambiente natural;<\/li>\n\n\n\n<li>Compreender o processo de ocupa&ccedil;&atilde;o do espa&ccedil;o brasileiro, do Nordeste e do Cear&aacute;, levando em conta as diversidades de dom&iacute;nios naturais;<\/li>\n\n\n\n<li>Analisar a produ&ccedil;&atilde;o do espa&ccedil;o brasileiro do Nordeste, considerando: as potencialidades e limita&ccedil;&otilde;es dos recursos naturais, a popula&ccedil;&atilde;o, o agr&aacute;rio, o urbano-industrial e as atividades terci&aacute;rias e as desigualdades regionais;<\/li>\n\n\n\n<li>Explicar a pol&iacute;tica de povoamento, migra&ccedil;&atilde;o interna e imigra&ccedil;&atilde;o do Brasil;<\/li>\n\n\n\n<li>Identificar a divis&atilde;o administrativa da Uni&atilde;o, Estados e Munic&iacute;pios.<\/li>\n<\/ul><p>\n\n\n\n<div id=\"new-form\">\n\t<form id=\"forms_layout\">\n\t<input type=\"hidden\" id=\"chave_de\" name=\"chave_de\" value=\"01_EVEST_LEADS_TOTAIS\" \/>\n\t\t<input type=\"hidden\" id=\"mid\" name=\"mid\" value=\"515008983\" \/>\n\t\t<input type=\"hidden\" id=\"Objetivo\" name=\"Objetivo\" value=\"Vestibulares\" \/>\n\t\t<input type=\"hidden\" id=\"Estado_de_Origem_do_IP\" name=\"Estado_de_Origem_do_IP\"  value=\"\" \/>\n\t\t<input type=\"hidden\" id=\"Cidade_de_Origem_do_IP\" name=\"Cidade_de_Origem_do_IP\" value=\"\" \/>\n\t\t<input type=\"hidden\" id=\"Modo_de_entrada\" name=\"Modo_de_entrada\" value=\"Portal\" \/>\n\t\t<input type=\"hidden\" id=\"Pagina_Origem\" name=\"Pagina_Origem\" value=\"\" \/>\n\n\t\t<div class=\"texto\">\n\t\t\t<h3 class=\"news\">Inscreva-se em nossa newsletter\ud83e\udd89<\/h3>\n\t\t\t<p>Receba dicas de estudo gratuitas e saiba em primeira m\u00e3o as novidades sobre o Enem, Sisu, Encceja, Fuvest e outros vestibulares!<\/p>\n\t\t<\/div>\n\t\t<div class=\"campos\">\n\t\t\t<div class=\"first_name labels\">\n\t\t\t\t<input type=\"text\" class=\"input_labels\" id=\"first_name\" name=\"Nome_Completo\" placeholder=\"Nome\" required \/>\n\t\t\t<\/div>\n\t\t\t<div class=\"email labels\">\n\t\t\t\t<input type=\"email\" class=\"input_labels\" id=\"email\" name=\"Email\" placeholder=\"E-mail\" required \/>\n\t\t\t<\/div>\n\t\t\t<button type=\"submit\" class=\"button_layout\">\n\t\t\t\t<div id=\"lblBotao\">Inscreva-se<\/div>\n\t\t\t\t<span id=\"divSpiner\" class=\"loader\" role=\"status\" style=\"display: none;\"><\/span>\t\n\t\t\t<\/button>\n\t\t<\/div><!-- \/campos -->\n\t\t\n\t\t<label class=\"container_checkbox\">Voc\u00ea concorda com a nossa\n\t\t\t<a class=\"politics_privacy_ahref\" target=\"_blank\" href=\"https:\/\/gratis.estrategiaconcursos.com.br\/politica-de-privacidade\/\">Pol\u00edtica de Privacidade<\/a> e aceita receber informa\u00e7\u00f5es adicionais do Estrat\u00e9gia Educacional.\n\t\t\t<input id=\"checkbox_layout\" type=\"checkbox\" checked=\"checked\" required \/>\n\t\t\t<span class=\"checkbox\"><\/span>\n\t\t<\/label>\n\t\t<div id=\"msg\"><\/div>\n\t\t<div id=\"error\" class=\"error\">\n\t\t<\/div>\n\t<\/form>\n<\/div><!-- \/new-form -->\n\n\n\n<\/p><h2 class=\"wp-block-heading\" id=\"h-calendario-vestibular-uva-2025\"><span class=\"ez-toc-section\" id=\"Calendario-Vestibular-UVA-2025\"><\/span>Calend&aacute;rio Vestibular UVA 2025<span class=\"ez-toc-section-end\"><\/span><\/h2><ul class=\"wp-block-list\">\n<li><strong>Publica&ccedil;&atilde;o do edital: <\/strong>31\/07\/2024;<\/li>\n\n\n\n<li><strong>Inscri&ccedil;&otilde;es:<\/strong> 19\/08 a 30\/09\/2024;<\/li>\n\n\n\n<li><strong>Solicita&ccedil;&atilde;o de isen&ccedil;&atilde;o ou redu&ccedil;&atilde;o da taxa: <\/strong>19\/08 a 02\/09\/2024;<\/li>\n\n\n\n<li><strong>Resultado preliminar da solicita&ccedil;&atilde;o de isen&ccedil;&atilde;o ou redu&ccedil;&atilde;o da taxa: <\/strong>04\/09\/2024;<\/li>\n\n\n\n<li><strong>Recurso do indeferimento da isen&ccedil;&atilde;o: <\/strong>05 e 06\/09\/2024;<\/li>\n\n\n\n<li><strong>Resultado definitivo da solicita&ccedil;&atilde;o de isen&ccedil;&atilde;o ou redu&ccedil;&atilde;o da taxa: <\/strong>12\/09\/2024;<\/li>\n\n\n\n<li><strong>Pagamento taxa de inscri&ccedil;&atilde;o:<\/strong> at&eacute; 14\/10\/2024;<\/li>\n\n\n\n<li><strong>Divulga&ccedil;&atilde;o dos locais de prova:<\/strong> 13\/11\/2024;<\/li>\n\n\n\n<li><strong>Provas: <\/strong>17\/11\/2024;<\/li>\n\n\n\n<li><strong>Gabarito preliminar:<\/strong> 17\/11\/2024;<\/li>\n\n\n\n<li><strong>Recursos gabarito preliminar<\/strong>: 18 e 19\/11\/2024;<\/li>\n\n\n\n<li><strong>Gabarito definitivo: <\/strong>05\/12\/2024;<\/li>\n\n\n\n<li><strong>Resultado final:<\/strong> 25\/01\/2025.<\/li>\n<\/ul><h2 class=\"wp-block-heading\" id=\"h-como-estudar-para-a-uva\"><span class=\"ez-toc-section\" id=\"Como-estudar-para-a-UVA\"><\/span>Como estudar para a UVA?<span class=\"ez-toc-section-end\"><\/span><\/h2><p>Se voc&ecirc; quer focar nos estudos e garantir uma vaga na UVA em 2025, o Estrat&eacute;gia Vestibulares pode te ajudar!<\/p><p>Al&eacute;m de oferecer diariamente aulas gratuitas no <a href=\"https:\/\/www.youtube.com\/channel\/UCGWdZy8ULI-7_5GrABa4vNA\" target=\"_blank\">YouTube<\/a> sobre todas as mat&eacute;rias que caem no vestibular da UVA, para aqueles que querem investir nos estudos, a plataforma tamb&eacute;m oferece um curso preparat&oacute;rio exclusivo sobre o processo seletivo UVA 2025, com professores especialistas na prova e com diversos benef&iacute;cios. D&aacute; s&oacute; uma olhada:&nbsp;<\/p><ul class=\"wp-block-list\">\n<li>Curso com livros digitais;<\/li>\n\n\n\n<li>Corre&ccedil;&atilde;o ilimitada de <a href=\"https:\/\/vestibulares.estrategia.com\/portal\/enem-e-vestibulares\/vestibulares\/curso-de-redacao-para-o-vestibular-saiba-mais-detalhes-e-como-escolher-o-seu\/\" target=\"_blank\">reda&ccedil;&otilde;es<\/a>;<\/li>\n\n\n\n<li>F&oacute;rum de d&uacute;vidas;<\/li>\n\n\n\n<li><a href=\"https:\/\/vestibulares.estrategia.com\/portal\/eventos\/simulados-vestibulares\/\" target=\"_blank\">Simulados<\/a> com quest&otilde;es in&eacute;ditas;<\/li>\n\n\n\n<li>Quest&otilde;es comentadas;<\/li>\n\n\n\n<li>Mapas mentais; e<\/li>\n\n\n\n<li>Entre muitas outras vantagens.<\/li>\n<\/ul><p>Ficou interessado? Ent&atilde;o, clique no bot&atilde;o e veja tudo sobre os cursos oferecidos pelo Estrat&eacute;gia Vestibulares!<\/p><p>\n\n\n\n\n\n<a id=\"cta\" class=\"cta-imagem\" href=\"https:\/\/vestibulares.estrategia.com\/curso\/pacote-uva\/\" target=\"blank\">\n                <img decoding=\"async\" width=\"100%\" src=\"https:\/\/vestibulares.estrategia.com\/portal\/wp-content\/uploads\/2021\/12\/UVA.jpg\" alt=\"CTA UVA - Extensivo\" title=\"CTA UVA - Extensivo\">\n        <\/a>\n<\/p><\/p>\n","protected":false},"excerpt":{"rendered":"Confira quais assuntos n\u00e3o podem ficar de fora da sua lista de estudos e revis\u00e3o e prepare-se para as 56 quest\u00f5es e para a reda\u00e7\u00e3o\n","protected":false},"author":48,"featured_media":123061,"comment_status":"closed","ping_status":"closed","sticky":false,"template":"","format":"standard","meta":{"wl_entities_gutenberg":"","footnotes":""},"categories":[35],"tags":[],"wl_entity_type":[732],"class_list":{"0":"post-123060","1":"post","2":"type-post","3":"status-publish","4":"format-standard","5":"has-post-thumbnail","7":"category-vestibulares","8":"wl_entity_type-article"},"acf":[],"yoast_head":"<!-- This site is optimized with the Yoast SEO Premium plugin v25.9 (Yoast SEO v25.9) - https:\/\/yoast.com\/wordpress\/plugins\/seo\/ -->\n<title>O que cai no vestibular da UVA?<\/title>\n<meta name=\"description\" content=\"Confira quais assuntos n\u00e3o podem ficar de fora da sua lista de estudos e revis\u00e3o e prepare-se para as 56 quest\u00f5es e para a reda\u00e7\u00e3o\" \/>\n<meta name=\"robots\" content=\"index, follow, max-snippet:-1, max-image-preview:large, max-video-preview:-1\" \/>\n<link rel=\"canonical\" href=\"https:\/\/vestibulares.estrategia.com\/portal\/enem-e-vestibulares\/vestibulares\/o-que-cai-no-vestibular-da-uva\/\" \/>\n<meta property=\"og:locale\" content=\"pt_BR\" \/>\n<meta property=\"og:type\" content=\"article\" \/>\n<meta property=\"og:title\" content=\"O que cai no vestibular da UVA?\" \/>\n<meta property=\"og:description\" content=\"Confira quais assuntos n\u00e3o podem ficar de fora da sua lista de estudos e revis\u00e3o e prepare-se para as 56 quest\u00f5es e para a reda\u00e7\u00e3o\" \/>\n<meta property=\"og:url\" content=\"https:\/\/vestibulares.estrategia.com\/portal\/enem-e-vestibulares\/vestibulares\/o-que-cai-no-vestibular-da-uva\/\" \/>\n<meta property=\"og:site_name\" content=\"Estrat\u00e9gia Vestibulares\" \/>\n<meta property=\"article:publisher\" content=\"https:\/\/facebook.com\/estrategiavestibulares\" \/>\n<meta property=\"article:published_time\" content=\"2024-08-13T17:42:04+00:00\" \/>\n<meta property=\"article:modified_time\" content=\"2024-11-19T16:05:14+00:00\" \/>\n<meta property=\"og:image\" content=\"https:\/\/vestibulares.estrategia.com\/portal\/wp-content\/uploads\/2024\/08\/o-que-cai-no-vestibular-da-uva.jpg\" \/>\n\t<meta property=\"og:image:width\" content=\"1280\" \/>\n\t<meta property=\"og:image:height\" content=\"720\" \/>\n\t<meta property=\"og:image:type\" content=\"image\/jpeg\" \/>\n<meta name=\"author\" content=\"Beatriz Santana\" \/>\n<meta name=\"twitter:card\" content=\"summary_large_image\" \/>\n<meta name=\"twitter:creator\" content=\"@Estrategiavest\" \/>\n<meta name=\"twitter:site\" content=\"@Estrategiavest\" \/>\n<meta name=\"twitter:label1\" content=\"Escrito por\" \/>\n\t<meta name=\"twitter:data1\" content=\"Beatriz Santana\" \/>\n\t<meta name=\"twitter:label2\" content=\"Est. tempo de leitura\" \/>\n\t<meta name=\"twitter:data2\" content=\"23 minutos\" \/>\n<script type=\"application\/ld+json\" class=\"yoast-schema-graph\">{\"@context\":\"https:\/\/schema.org\",\"@graph\":[{\"@type\":\"Article\",\"@id\":\"https:\/\/vestibulares.estrategia.com\/portal\/enem-e-vestibulares\/vestibulares\/o-que-cai-no-vestibular-da-uva\/#article\",\"isPartOf\":{\"@id\":\"https:\/\/vestibulares.estrategia.com\/portal\/enem-e-vestibulares\/vestibulares\/o-que-cai-no-vestibular-da-uva\/\"},\"author\":{\"name\":\"Beatriz Santana\",\"@id\":\"https:\/\/vestibulares.estrategia.com\/portal\/#\/schema\/person\/cdd941dcf53839374c0bc8d39bb0230f\"},\"headline\":\"O que cai no vestibular da UVA?\",\"datePublished\":\"2024-08-13T17:42:04+00:00\",\"dateModified\":\"2024-11-19T16:05:14+00:00\",\"mainEntityOfPage\":{\"@id\":\"https:\/\/vestibulares.estrategia.com\/portal\/enem-e-vestibulares\/vestibulares\/o-que-cai-no-vestibular-da-uva\/\"},\"wordCount\":4566,\"publisher\":{\"@id\":\"https:\/\/vestibulares.estrategia.com\/portal\/#organization\"},\"image\":{\"@id\":\"https:\/\/vestibulares.estrategia.com\/portal\/enem-e-vestibulares\/vestibulares\/o-que-cai-no-vestibular-da-uva\/#primaryimage\"},\"thumbnailUrl\":\"https:\/\/vestibulares.estrategia.com\/portal\/wp-content\/uploads\/2024\/08\/o-que-cai-no-vestibular-da-uva.jpg\",\"articleSection\":[\"Vestibulares\"],\"inLanguage\":\"pt-BR\"},{\"@type\":\"WebPage\",\"@id\":\"https:\/\/vestibulares.estrategia.com\/portal\/enem-e-vestibulares\/vestibulares\/o-que-cai-no-vestibular-da-uva\/\",\"url\":\"https:\/\/vestibulares.estrategia.com\/portal\/enem-e-vestibulares\/vestibulares\/o-que-cai-no-vestibular-da-uva\/\",\"name\":\"O que cai no vestibular da UVA?\",\"isPartOf\":{\"@id\":\"https:\/\/vestibulares.estrategia.com\/portal\/#website\"},\"primaryImageOfPage\":{\"@id\":\"https:\/\/vestibulares.estrategia.com\/portal\/enem-e-vestibulares\/vestibulares\/o-que-cai-no-vestibular-da-uva\/#primaryimage\"},\"image\":{\"@id\":\"https:\/\/vestibulares.estrategia.com\/portal\/enem-e-vestibulares\/vestibulares\/o-que-cai-no-vestibular-da-uva\/#primaryimage\"},\"thumbnailUrl\":\"https:\/\/vestibulares.estrategia.com\/portal\/wp-content\/uploads\/2024\/08\/o-que-cai-no-vestibular-da-uva.jpg\",\"datePublished\":\"2024-08-13T17:42:04+00:00\",\"dateModified\":\"2024-11-19T16:05:14+00:00\",\"description\":\"Confira quais assuntos n\u00e3o podem ficar de fora da sua lista de estudos e revis\u00e3o e prepare-se para as 56 quest\u00f5es e para a reda\u00e7\u00e3o\",\"breadcrumb\":{\"@id\":\"https:\/\/vestibulares.estrategia.com\/portal\/enem-e-vestibulares\/vestibulares\/o-que-cai-no-vestibular-da-uva\/#breadcrumb\"},\"inLanguage\":\"pt-BR\",\"potentialAction\":[{\"@type\":\"ReadAction\",\"target\":[\"https:\/\/vestibulares.estrategia.com\/portal\/enem-e-vestibulares\/vestibulares\/o-que-cai-no-vestibular-da-uva\/\"]}]},{\"@type\":\"ImageObject\",\"inLanguage\":\"pt-BR\",\"@id\":\"https:\/\/vestibulares.estrategia.com\/portal\/enem-e-vestibulares\/vestibulares\/o-que-cai-no-vestibular-da-uva\/#primaryimage\",\"url\":\"https:\/\/vestibulares.estrategia.com\/portal\/wp-content\/uploads\/2024\/08\/o-que-cai-no-vestibular-da-uva.jpg\",\"contentUrl\":\"https:\/\/vestibulares.estrategia.com\/portal\/wp-content\/uploads\/2024\/08\/o-que-cai-no-vestibular-da-uva.jpg\",\"width\":1280,\"height\":720,\"caption\":\"o que cai no vestibular da uva\"},{\"@type\":\"BreadcrumbList\",\"@id\":\"https:\/\/vestibulares.estrategia.com\/portal\/enem-e-vestibulares\/vestibulares\/o-que-cai-no-vestibular-da-uva\/#breadcrumb\",\"itemListElement\":[{\"@type\":\"ListItem\",\"position\":1,\"name\":\"Home\",\"item\":\"https:\/\/vestibulares.estrategia.com\/portal\/\"},{\"@type\":\"ListItem\",\"position\":2,\"name\":\"Enem e Vestibulares\",\"item\":\"https:\/\/vestibulares.estrategia.com\/portal\/enem-e-vestibulares\/\"},{\"@type\":\"ListItem\",\"position\":3,\"name\":\"Vestibulares\",\"item\":\"https:\/\/vestibulares.estrategia.com\/portal\/enem-e-vestibulares\/vestibulares\/\"},{\"@type\":\"ListItem\",\"position\":4,\"name\":\"O que cai no vestibular da UVA?\"}]},{\"@type\":\"WebSite\",\"@id\":\"https:\/\/vestibulares.estrategia.com\/portal\/#website\",\"url\":\"https:\/\/vestibulares.estrategia.com\/portal\/\",\"name\":\"Estrat\u00e9gia Vestibulares\",\"description\":\"\",\"publisher\":{\"@id\":\"https:\/\/vestibulares.estrategia.com\/portal\/#organization\"},\"potentialAction\":[{\"@type\":\"SearchAction\",\"target\":{\"@type\":\"EntryPoint\",\"urlTemplate\":\"https:\/\/vestibulares.estrategia.com\/portal\/?s={search_term_string}\"},\"query-input\":{\"@type\":\"PropertyValueSpecification\",\"valueRequired\":true,\"valueName\":\"search_term_string\"}}],\"inLanguage\":\"pt-BR\"},{\"@type\":\"Organization\",\"@id\":\"https:\/\/vestibulares.estrategia.com\/portal\/#organization\",\"name\":\"Estrat\u00e9gia Vestibulares\",\"url\":\"https:\/\/vestibulares.estrategia.com\/portal\/\",\"logo\":{\"@type\":\"ImageObject\",\"inLanguage\":\"pt-BR\",\"@id\":\"https:\/\/vestibulares.estrategia.com\/portal\/#\/schema\/logo\/image\/\",\"url\":\"https:\/\/vestibulares.estrategia.com\/portal\/wp-content\/uploads\/2021\/06\/Logo-Vestibulares@4x.png\",\"contentUrl\":\"https:\/\/vestibulares.estrategia.com\/portal\/wp-content\/uploads\/2021\/06\/Logo-Vestibulares@4x.png\",\"width\":250,\"height\":66,\"caption\":\"Estrat\u00e9gia Vestibulares\"},\"image\":{\"@id\":\"https:\/\/vestibulares.estrategia.com\/portal\/#\/schema\/logo\/image\/\"},\"sameAs\":[\"https:\/\/facebook.com\/estrategiavestibulares\",\"https:\/\/x.com\/Estrategiavest\",\"https:\/\/www.instagram.com\/estrategiavestibulares\",\"https:\/\/www.youtube.com\/channel\/UCGWdZy8ULI-7_5GrABa4vNA\"]},{\"@type\":\"Person\",\"@id\":\"https:\/\/vestibulares.estrategia.com\/portal\/#\/schema\/person\/cdd941dcf53839374c0bc8d39bb0230f\",\"name\":\"Beatriz Santana\",\"image\":{\"@type\":\"ImageObject\",\"inLanguage\":\"pt-BR\",\"@id\":\"https:\/\/vestibulares.estrategia.com\/portal\/#\/schema\/person\/image\/\",\"url\":\"https:\/\/vestibulares.estrategia.com\/portal\/wp-content\/uploads\/2022\/01\/WhatsApp-Image-2021-10-21-at-10.19.09-1-150x150.webp\",\"contentUrl\":\"https:\/\/vestibulares.estrategia.com\/portal\/wp-content\/uploads\/2022\/01\/WhatsApp-Image-2021-10-21-at-10.19.09-1-150x150.webp\",\"caption\":\"Beatriz Santana\"},\"description\":\"Jornalista formada pela Unesp\",\"url\":\"https:\/\/vestibulares.estrategia.com\/portal\/author\/beatriz-santana\/\"}]}<\/script>\n<!-- \/ Yoast SEO Premium plugin. -->","yoast_head_json":{"title":"O que cai no vestibular da UVA?","description":"Confira quais assuntos n\u00e3o podem ficar de fora da sua lista de estudos e revis\u00e3o e prepare-se para as 56 quest\u00f5es e para a reda\u00e7\u00e3o","robots":{"index":"index","follow":"follow","max-snippet":"max-snippet:-1","max-image-preview":"max-image-preview:large","max-video-preview":"max-video-preview:-1"},"canonical":"https:\/\/vestibulares.estrategia.com\/portal\/enem-e-vestibulares\/vestibulares\/o-que-cai-no-vestibular-da-uva\/","og_locale":"pt_BR","og_type":"article","og_title":"O que cai no vestibular da UVA?","og_description":"Confira quais assuntos n\u00e3o podem ficar de fora da sua lista de estudos e revis\u00e3o e prepare-se para as 56 quest\u00f5es e para a reda\u00e7\u00e3o","og_url":"https:\/\/vestibulares.estrategia.com\/portal\/enem-e-vestibulares\/vestibulares\/o-que-cai-no-vestibular-da-uva\/","og_site_name":"Estrat\u00e9gia Vestibulares","article_publisher":"https:\/\/facebook.com\/estrategiavestibulares","article_published_time":"2024-08-13T17:42:04+00:00","article_modified_time":"2024-11-19T16:05:14+00:00","og_image":[{"width":1280,"height":720,"url":"https:\/\/vestibulares.estrategia.com\/portal\/wp-content\/uploads\/2024\/08\/o-que-cai-no-vestibular-da-uva.jpg","type":"image\/jpeg"}],"author":"Beatriz Santana","twitter_card":"summary_large_image","twitter_creator":"@Estrategiavest","twitter_site":"@Estrategiavest","twitter_misc":{"Escrito por":"Beatriz Santana","Est. tempo de leitura":"23 minutos"},"schema":{"@context":"https:\/\/schema.org","@graph":[{"@type":"Article","@id":"https:\/\/vestibulares.estrategia.com\/portal\/enem-e-vestibulares\/vestibulares\/o-que-cai-no-vestibular-da-uva\/#article","isPartOf":{"@id":"https:\/\/vestibulares.estrategia.com\/portal\/enem-e-vestibulares\/vestibulares\/o-que-cai-no-vestibular-da-uva\/"},"author":{"name":"Beatriz Santana","@id":"https:\/\/vestibulares.estrategia.com\/portal\/#\/schema\/person\/cdd941dcf53839374c0bc8d39bb0230f"},"headline":"O que cai no vestibular da UVA?","datePublished":"2024-08-13T17:42:04+00:00","dateModified":"2024-11-19T16:05:14+00:00","mainEntityOfPage":{"@id":"https:\/\/vestibulares.estrategia.com\/portal\/enem-e-vestibulares\/vestibulares\/o-que-cai-no-vestibular-da-uva\/"},"wordCount":4566,"publisher":{"@id":"https:\/\/vestibulares.estrategia.com\/portal\/#organization"},"image":{"@id":"https:\/\/vestibulares.estrategia.com\/portal\/enem-e-vestibulares\/vestibulares\/o-que-cai-no-vestibular-da-uva\/#primaryimage"},"thumbnailUrl":"https:\/\/vestibulares.estrategia.com\/portal\/wp-content\/uploads\/2024\/08\/o-que-cai-no-vestibular-da-uva.jpg","articleSection":["Vestibulares"],"inLanguage":"pt-BR"},{"@type":"WebPage","@id":"https:\/\/vestibulares.estrategia.com\/portal\/enem-e-vestibulares\/vestibulares\/o-que-cai-no-vestibular-da-uva\/","url":"https:\/\/vestibulares.estrategia.com\/portal\/enem-e-vestibulares\/vestibulares\/o-que-cai-no-vestibular-da-uva\/","name":"O que cai no vestibular da UVA?","isPartOf":{"@id":"https:\/\/vestibulares.estrategia.com\/portal\/#website"},"primaryImageOfPage":{"@id":"https:\/\/vestibulares.estrategia.com\/portal\/enem-e-vestibulares\/vestibulares\/o-que-cai-no-vestibular-da-uva\/#primaryimage"},"image":{"@id":"https:\/\/vestibulares.estrategia.com\/portal\/enem-e-vestibulares\/vestibulares\/o-que-cai-no-vestibular-da-uva\/#primaryimage"},"thumbnailUrl":"https:\/\/vestibulares.estrategia.com\/portal\/wp-content\/uploads\/2024\/08\/o-que-cai-no-vestibular-da-uva.jpg","datePublished":"2024-08-13T17:42:04+00:00","dateModified":"2024-11-19T16:05:14+00:00","description":"Confira quais assuntos n\u00e3o podem ficar de fora da sua lista de estudos e revis\u00e3o e prepare-se para as 56 quest\u00f5es e para a reda\u00e7\u00e3o","breadcrumb":{"@id":"https:\/\/vestibulares.estrategia.com\/portal\/enem-e-vestibulares\/vestibulares\/o-que-cai-no-vestibular-da-uva\/#breadcrumb"},"inLanguage":"pt-BR","potentialAction":[{"@type":"ReadAction","target":["https:\/\/vestibulares.estrategia.com\/portal\/enem-e-vestibulares\/vestibulares\/o-que-cai-no-vestibular-da-uva\/"]}]},{"@type":"ImageObject","inLanguage":"pt-BR","@id":"https:\/\/vestibulares.estrategia.com\/portal\/enem-e-vestibulares\/vestibulares\/o-que-cai-no-vestibular-da-uva\/#primaryimage","url":"https:\/\/vestibulares.estrategia.com\/portal\/wp-content\/uploads\/2024\/08\/o-que-cai-no-vestibular-da-uva.jpg","contentUrl":"https:\/\/vestibulares.estrategia.com\/portal\/wp-content\/uploads\/2024\/08\/o-que-cai-no-vestibular-da-uva.jpg","width":1280,"height":720,"caption":"o que cai no vestibular da uva"},{"@type":"BreadcrumbList","@id":"https:\/\/vestibulares.estrategia.com\/portal\/enem-e-vestibulares\/vestibulares\/o-que-cai-no-vestibular-da-uva\/#breadcrumb","itemListElement":[{"@type":"ListItem","position":1,"name":"Home","item":"https:\/\/vestibulares.estrategia.com\/portal\/"},{"@type":"ListItem","position":2,"name":"Enem e Vestibulares","item":"https:\/\/vestibulares.estrategia.com\/portal\/enem-e-vestibulares\/"},{"@type":"ListItem","position":3,"name":"Vestibulares","item":"https:\/\/vestibulares.estrategia.com\/portal\/enem-e-vestibulares\/vestibulares\/"},{"@type":"ListItem","position":4,"name":"O que cai no vestibular da UVA?"}]},{"@type":"WebSite","@id":"https:\/\/vestibulares.estrategia.com\/portal\/#website","url":"https:\/\/vestibulares.estrategia.com\/portal\/","name":"Estrat\u00e9gia Vestibulares","description":"","publisher":{"@id":"https:\/\/vestibulares.estrategia.com\/portal\/#organization"},"potentialAction":[{"@type":"SearchAction","target":{"@type":"EntryPoint","urlTemplate":"https:\/\/vestibulares.estrategia.com\/portal\/?s={search_term_string}"},"query-input":{"@type":"PropertyValueSpecification","valueRequired":true,"valueName":"search_term_string"}}],"inLanguage":"pt-BR"},{"@type":"Organization","@id":"https:\/\/vestibulares.estrategia.com\/portal\/#organization","name":"Estrat\u00e9gia Vestibulares","url":"https:\/\/vestibulares.estrategia.com\/portal\/","logo":{"@type":"ImageObject","inLanguage":"pt-BR","@id":"https:\/\/vestibulares.estrategia.com\/portal\/#\/schema\/logo\/image\/","url":"https:\/\/vestibulares.estrategia.com\/portal\/wp-content\/uploads\/2021\/06\/Logo-Vestibulares@4x.png","contentUrl":"https:\/\/vestibulares.estrategia.com\/portal\/wp-content\/uploads\/2021\/06\/Logo-Vestibulares@4x.png","width":250,"height":66,"caption":"Estrat\u00e9gia Vestibulares"},"image":{"@id":"https:\/\/vestibulares.estrategia.com\/portal\/#\/schema\/logo\/image\/"},"sameAs":["https:\/\/facebook.com\/estrategiavestibulares","https:\/\/x.com\/Estrategiavest","https:\/\/www.instagram.com\/estrategiavestibulares","https:\/\/www.youtube.com\/channel\/UCGWdZy8ULI-7_5GrABa4vNA"]},{"@type":"Person","@id":"https:\/\/vestibulares.estrategia.com\/portal\/#\/schema\/person\/cdd941dcf53839374c0bc8d39bb0230f","name":"Beatriz Santana","image":{"@type":"ImageObject","inLanguage":"pt-BR","@id":"https:\/\/vestibulares.estrategia.com\/portal\/#\/schema\/person\/image\/","url":"https:\/\/vestibulares.estrategia.com\/portal\/wp-content\/uploads\/2022\/01\/WhatsApp-Image-2021-10-21-at-10.19.09-1-150x150.webp","contentUrl":"https:\/\/vestibulares.estrategia.com\/portal\/wp-content\/uploads\/2022\/01\/WhatsApp-Image-2021-10-21-at-10.19.09-1-150x150.webp","caption":"Beatriz Santana"},"description":"Jornalista formada pela Unesp","url":"https:\/\/vestibulares.estrategia.com\/portal\/author\/beatriz-santana\/"}]}},"_wl_alt_label":[],"wl:entity_url":"https:\/\/data.wordlift.io\/wl110249\/post\/o-que-cai-no-vestibular-da-uva","_links":{"self":[{"href":"https:\/\/vestibulares.estrategia.com\/portal\/wp-json\/wp\/v2\/posts\/123060","targetHints":{"allow":["GET"]}}],"collection":[{"href":"https:\/\/vestibulares.estrategia.com\/portal\/wp-json\/wp\/v2\/posts"}],"about":[{"href":"https:\/\/vestibulares.estrategia.com\/portal\/wp-json\/wp\/v2\/types\/post"}],"author":[{"embeddable":true,"href":"https:\/\/vestibulares.estrategia.com\/portal\/wp-json\/wp\/v2\/users\/48"}],"replies":[{"embeddable":true,"href":"https:\/\/vestibulares.estrategia.com\/portal\/wp-json\/wp\/v2\/comments?post=123060"}],"version-history":[{"count":3,"href":"https:\/\/vestibulares.estrategia.com\/portal\/wp-json\/wp\/v2\/posts\/123060\/revisions"}],"predecessor-version":[{"id":130422,"href":"https:\/\/vestibulares.estrategia.com\/portal\/wp-json\/wp\/v2\/posts\/123060\/revisions\/130422"}],"wp:featuredmedia":[{"embeddable":true,"href":"https:\/\/vestibulares.estrategia.com\/portal\/wp-json\/wp\/v2\/media\/123061"}],"wp:attachment":[{"href":"https:\/\/vestibulares.estrategia.com\/portal\/wp-json\/wp\/v2\/media?parent=123060"}],"wp:term":[{"taxonomy":"category","embeddable":true,"href":"https:\/\/vestibulares.estrategia.com\/portal\/wp-json\/wp\/v2\/categories?post=123060"},{"taxonomy":"post_tag","embeddable":true,"href":"https:\/\/vestibulares.estrategia.com\/portal\/wp-json\/wp\/v2\/tags?post=123060"},{"taxonomy":"wl_entity_type","embeddable":true,"href":"https:\/\/vestibulares.estrategia.com\/portal\/wp-json\/wp\/v2\/wl_entity_type?post=123060"}],"curies":[{"name":"wp","href":"https:\/\/api.w.org\/{rel}","templated":true}]}}