{"id":123600,"date":"2024-08-22T14:18:52","date_gmt":"2024-08-22T17:18:52","guid":{"rendered":"https:\/\/vestibulares.estrategia.com\/portal\/?p=123600"},"modified":"2025-10-27T15:02:27","modified_gmt":"2025-10-27T18:02:27","slug":"9-citacoes-sobre-folclore-para-usar-na-redacao","status":"publish","type":"post","link":"https:\/\/vestibulares.estrategia.com\/portal\/materias\/redacao\/9-citacoes-sobre-folclore-para-usar-na-redacao\/","title":{"rendered":"9 cita\u00e7\u00f5es sobre folclore para usar na reda\u00e7\u00e3o"},"content":{"rendered":"<p>No dia 22 de agosto &eacute; comemorado, n&atilde;o s&oacute; no Brasil, mas em v&aacute;rios pa&iacute;ses, o Dia do Folclore, com o objetivo de valorizar e enaltecer as manifesta&ccedil;&otilde;es folcl&oacute;ricas, respons&aacute;veis pela constru&ccedil;&atilde;o da identidade do indiv&iacute;duo. No Brasil, a data foi estabelecida a partir de um decreto assinado pelo presidente da &eacute;poca, Humberto Castello Branco, em 17 de agosto de 1965.<p>Al&eacute;m disso, em 22 de agosto de 1846, o termo folclore (Folk-lore) apareceu pela primeira vez, com o significado de &ldquo;sabedoria do povo&rdquo;, na Revista The Athenaeum, a partir de pesquisas do arque&oacute;logo ingl&ecirc;s William John Thoms. O pesquisador, apesar de ter cunhado o termo, o fez sob o pseud&ocirc;nimo de Ambrose Merton, pois n&atilde;o queria ser &ldquo;visto&rdquo; estudando sobre a cultura popular.&nbsp;<\/p><p>Para celebrar a cultura e o folclore brasileiro, o <strong>Portal Estrat&eacute;gia Vestibulares <\/strong>separou nove cita&ccedil;&otilde;es sobre o tema para voc&ecirc; usar na reda&ccedil;&atilde;o dos vestibulares e do Enem. Acompanhe essa viagem cultural!<\/p><p>+ <a href=\"https:\/\/vestibulares.estrategia.com\/portal\/atualidades-e-dicas\/folclore-brasileiro-desenvolva-repertorios-socioculturais-para-o-vestibular\/\">Folclore brasileiro: desenvolva repert&oacute;rios socioculturais para o vestibular<\/a><br>+ <a href=\"https:\/\/vestibulares.estrategia.com\/portal\/atualidades-e-dicas\/folclore-brasileiro-e-como-o-tema-pode-cair-no-enem\/#Quais-sao-as-principais-caracteristicas-do-folclore-brasileiro\">Folclore brasileiro e como o tema pode cair no Enem<\/a><br>+ <a href=\"https:\/\/vestibulares.estrategia.com\/portal\/atualidades-e-dicas\/filmes-e-series-sobre-folclore-brasileiro\/\">7 filmes e s&eacute;ries sobre Folclore brasileiro<\/a><\/p><p>\n\n\n\n<div class=\"cta-medio\" style=\"background-image: url(https:\/\/vestibulares.estrategia.com\/portal\/wp-content\/uploads\/2024\/08\/curso-enem-1-estrategia-vestibulares-ctamedio.jpg);\"><h3>Pacote Enem TOP <\/h3> <p>Estude com o Estrat\u00e9gia Vestibulares<\/p><div class=\"cta-botao\"><a id=\"cta-medio\" href=\"https:\/\/vestibulares.estrategia.com\/curso\/enem-top\/\" target=\"_blank\" style=\"background:rgb(255,150,0)\">Saiba mais<\/a><\/div><\/div>\n\n\n\n<\/p><div id=\"ez-toc-container\" class=\"ez-toc-v2_0_76 counter-hierarchy ez-toc-counter ez-toc-transparent ez-toc-container-direction\">\n<div class=\"ez-toc-title-container\"><p class=\"ez-toc-title\" style=\"cursor:inherit\">Navegue pelo conte\u00fado<\/p>\n<\/div><nav><ul class='ez-toc-list ez-toc-list-level-1 ' ><li class='ez-toc-page-1 ez-toc-heading-level-2'><a class=\"ez-toc-link ez-toc-heading-1\" href=\"https:\/\/vestibulares.estrategia.com\/portal\/materias\/redacao\/9-citacoes-sobre-folclore-para-usar-na-redacao\/#1-%E2%80%93-%E2%80%9CInutil-sera-pensar-que-um-desenvolvimento-industrial-anulara-o-folclore-Fara-nascer-outro%E2%80%9D-%E2%80%93-Luis-da-Camara-Cascudo\" >1 &ndash;&nbsp; &ldquo;In&uacute;til ser&aacute; pensar que um desenvolvimento industrial anular&aacute; o folclore. Far&aacute; nascer outro.&rdquo; &ndash; Lu&iacute;s da C&acirc;mara Cascudo<\/a><\/li><li class='ez-toc-page-1 ez-toc-heading-level-2'><a class=\"ez-toc-link ez-toc-heading-2\" href=\"https:\/\/vestibulares.estrategia.com\/portal\/materias\/redacao\/9-citacoes-sobre-folclore-para-usar-na-redacao\/#2-%E2%80%93-%E2%80%9CO-folclore-sendo-uma-cultura-do-povo-e-uma-cultura-viva-util-diaria-natural%E2%80%9D-%E2%80%93-Luis-da-Camara-Cascudo\" >2 &ndash; &ldquo;O folclore sendo uma cultura do povo &eacute; uma cultura viva, &uacute;til, di&aacute;ria, natural.&rdquo; &ndash; Lu&iacute;s da C&acirc;mara Cascudo<\/a><\/li><li class='ez-toc-page-1 ez-toc-heading-level-2'><a class=\"ez-toc-link ez-toc-heading-3\" href=\"https:\/\/vestibulares.estrategia.com\/portal\/materias\/redacao\/9-citacoes-sobre-folclore-para-usar-na-redacao\/#3-%E2%80%93-%E2%80%9CO-folclore-e-popular-mas-nem-todo-o-popular-e-folclore%E2%80%9D-%E2%80%93-Luis-da-Camara-Cascudo\" >3 &ndash; &ldquo;O folclore &eacute; popular, mas nem todo o popular &eacute; folclore.&rdquo; &ndash; Lu&iacute;s da C&acirc;mara Cascudo<\/a><\/li><li class='ez-toc-page-1 ez-toc-heading-level-2'><a class=\"ez-toc-link ez-toc-heading-4\" href=\"https:\/\/vestibulares.estrategia.com\/portal\/materias\/redacao\/9-citacoes-sobre-folclore-para-usar-na-redacao\/#4-%E2%80%93-%E2%80%9CNascemos-e-vivemos-mergulhados-na-cultura-de-nossa-familia-dos-amigos-das-relacoes-mais-continuas-e-intimas-do-nosso-mundo-afetuoso%E2%80%9D-%E2%80%93-Luis-da-Camara-Cascudo\" >4 &ndash; &ldquo;Nascemos e vivemos mergulhados na cultura de nossa fam&iacute;lia, dos amigos, das rela&ccedil;&otilde;es mais cont&iacute;nuas e &iacute;ntimas, do nosso mundo afetuoso.&rdquo; &ndash; Lu&iacute;s da C&acirc;mara Cascudo<\/a><\/li><li class='ez-toc-page-1 ez-toc-heading-level-2'><a class=\"ez-toc-link ez-toc-heading-5\" href=\"https:\/\/vestibulares.estrategia.com\/portal\/materias\/redacao\/9-citacoes-sobre-folclore-para-usar-na-redacao\/#5-%E2%80%93-%E2%80%9CHa-ainda-os-que-se-chocam-com-o-fato-de-haver-tao-poucos-folcloristas%E2%80%A6-a-disposicao-Nem-lhes-ocorre-que-cada-brasileiro-e-um-folclorista-em-potencial-mas-e-preciso-querer-se-lo-estudar-e-se-por-a-si-mesmo-na-disponibilidade-tao-requisitada%E2%80%A6%E2%80%9D-%E2%80%93-Julieta-de-Andrade\" >5 &ndash; &ldquo;H&aacute; ainda os que se chocam com o fato de haver t&atilde;o poucos folcloristas&hellip; &agrave; disposi&ccedil;&atilde;o. Nem lhes ocorre que cada brasileiro &eacute; um folclorista em potencial, mas &eacute; preciso querer s&ecirc;-lo, estudar e se p&ocirc;r, a si mesmo, na disponibilidade t&atilde;o requisitada&hellip;&rdquo; &ndash; Julieta de Andrade<\/a><\/li><li class='ez-toc-page-1 ez-toc-heading-level-2'><a class=\"ez-toc-link ez-toc-heading-6\" href=\"https:\/\/vestibulares.estrategia.com\/portal\/materias\/redacao\/9-citacoes-sobre-folclore-para-usar-na-redacao\/#6-%E2%80%93-E-depois-de-agosto-Que-e-feito-das-reivindicacoes-De-tanta-ebulicao-Ela-se-acalma-hiberna-se-o-interesse-por-folclore-ate-o-ano-seguinte-%E2%80%A6%E2%80%9D-%E2%80%93-Julieta-de-Andrade\" >6 &ndash; E depois de agosto? Que &eacute; feito das reivindica&ccedil;&otilde;es? De tanta ebuli&ccedil;&atilde;o? Ela se acalma, hiberna-se o interesse por folclore at&eacute; o ano seguinte (&hellip;)&rdquo; &ndash; Julieta de Andrade<\/a><\/li><li class='ez-toc-page-1 ez-toc-heading-level-2'><a class=\"ez-toc-link ez-toc-heading-7\" href=\"https:\/\/vestibulares.estrategia.com\/portal\/materias\/redacao\/9-citacoes-sobre-folclore-para-usar-na-redacao\/#7-%E2%80%93-%E2%80%9CO-folclore-estuda-cultura-que-definimos-como-manifestacao-do-sentir-pensar-agir-e-reagir-do-homem-de-uma-sociedade%E2%80%9D-%E2%80%93-Rossini-Tavares-de-Lima\" >7 &ndash; &ldquo;O folclore estuda cultura, que definimos como manifesta&ccedil;&atilde;o do sentir, pensar, agir e reagir do homem de uma sociedade.&rdquo; &ndash; Rossini Tavares de Lima<\/a><\/li><li class='ez-toc-page-1 ez-toc-heading-level-2'><a class=\"ez-toc-link ez-toc-heading-8\" href=\"https:\/\/vestibulares.estrategia.com\/portal\/materias\/redacao\/9-citacoes-sobre-folclore-para-usar-na-redacao\/#8-%E2%80%93-%E2%80%9CNa-base-desses-conceitostodas-as-sociedades-tanto-as-pre-letradas-como-as-letradas-possuem-cultura%E2%80%9D-%E2%80%93-Rossini-Tavares-de-Lima\" >8 &ndash; &ldquo;Na base desses conceitos,todas as sociedades, tanto as pr&eacute;-letradas como as letradas, possuem cultura.&rdquo; &ndash; Rossini Tavares de Lima<\/a><\/li><li class='ez-toc-page-1 ez-toc-heading-level-2'><a class=\"ez-toc-link ez-toc-heading-9\" href=\"https:\/\/vestibulares.estrategia.com\/portal\/materias\/redacao\/9-citacoes-sobre-folclore-para-usar-na-redacao\/#9-%E2%80%93-%E2%80%9CEntao-desde-que-exista-homem-sobre-o-globo-terrestre-havera-o-folclore-porque-nos-portamos-as-caracteristicas-do-folk-Quem-vai-aqui-no-Brasil-de-um-dia-bem-frio-tomar-sua-cachaca-e-comer-sua-feijoada%E2%80%9D-%E2%80%93-Jose-Santanna\" >9 &ndash; &ldquo;Ent&atilde;o desde que exista homem sobre o globo terrestre haver&aacute; o folclore, porque n&oacute;s portamos as caracter&iacute;sticas do folk. Quem vai aqui no Brasil, de um dia bem frio tomar sua cacha&ccedil;a e comer sua feijoada?&rdquo; &ndash; Jos&eacute; Sant&rsquo;anna<\/a><\/li><li class='ez-toc-page-1 ez-toc-heading-level-2'><a class=\"ez-toc-link ez-toc-heading-10\" href=\"https:\/\/vestibulares.estrategia.com\/portal\/materias\/redacao\/9-citacoes-sobre-folclore-para-usar-na-redacao\/#Arrase-na-redacao-com-o-Estrategia-Vestibulares\" >Arrase na reda&ccedil;&atilde;o com o Estrat&eacute;gia Vestibulares<\/a><\/li><\/ul><\/nav><\/div>\n<h2 class=\"wp-block-heading\" id=\"h-1-nbsp-inutil-sera-pensar-que-um-desenvolvimento-industrial-anulara-o-folclore-fara-nascer-outro-luis-da-camara-cascudo\"><span class=\"ez-toc-section\" id=\"1-%E2%80%93-%E2%80%9CInutil-sera-pensar-que-um-desenvolvimento-industrial-anulara-o-folclore-Fara-nascer-outro%E2%80%9D-%E2%80%93-Luis-da-Camara-Cascudo\"><\/span>1 &ndash;&nbsp; &ldquo;In&uacute;til ser&aacute; pensar que um desenvolvimento industrial anular&aacute; o folclore. Far&aacute; nascer outro.&rdquo; &ndash; Lu&iacute;s da C&acirc;mara Cascudo<span class=\"ez-toc-section-end\"><\/span><\/h2><p>Esta &eacute; uma cita&ccedil;&atilde;o do livro &ldquo;Folclore do Brasil&rdquo;, de Lu&iacute;s da C&acirc;mara Cascudo, publicado em 1967. O folclorista acreditava na resili&ecirc;ncia do folclore, j&aacute; que ele se transforma ao longo do tempo. Para ele, discutir sobre sua perman&ecirc;ncia no espa&ccedil;o e no tempo era desnecess&aacute;rio, porque o folclore &eacute; milenar e contempor&acirc;neo.<\/p><h2 class=\"wp-block-heading\" id=\"h-2-o-folclore-sendo-uma-cultura-do-povo-e-uma-cultura-viva-util-diaria-natural-luis-da-camara-cascudo\"><span class=\"ez-toc-section\" id=\"2-%E2%80%93-%E2%80%9CO-folclore-sendo-uma-cultura-do-povo-e-uma-cultura-viva-util-diaria-natural%E2%80%9D-%E2%80%93-Luis-da-Camara-Cascudo\"><\/span>2 &ndash; &ldquo;O folclore sendo uma cultura do povo &eacute; uma cultura viva, &uacute;til, di&aacute;ria, natural.&rdquo; &ndash; Lu&iacute;s da C&acirc;mara Cascudo<span class=\"ez-toc-section-end\"><\/span><\/h2><p>Esta &eacute; uma cita&ccedil;&atilde;o do livro &ldquo;Folclore do Brasil&rdquo;, de Lu&iacute;s da C&acirc;mara Cascudo, publicado em 1967. Ele reconhece que o folclore n&atilde;o &eacute; algo distante ou obsoleto, mas sim parte integrante da vida cotidiana, enraizado nas tradi&ccedil;&otilde;es e pr&aacute;ticas das pessoas.<\/p><h2 class=\"wp-block-heading\" id=\"h-3-o-folclore-e-popular-mas-nem-todo-o-popular-e-folclore-luis-da-camara-cascudo\"><span class=\"ez-toc-section\" id=\"3-%E2%80%93-%E2%80%9CO-folclore-e-popular-mas-nem-todo-o-popular-e-folclore%E2%80%9D-%E2%80%93-Luis-da-Camara-Cascudo\"><\/span>3 &ndash; &ldquo;O folclore &eacute; popular, mas nem todo o popular &eacute; folclore.&rdquo; &ndash; Lu&iacute;s da C&acirc;mara Cascudo<span class=\"ez-toc-section-end\"><\/span><\/h2><p>Esta &eacute; uma cita&ccedil;&atilde;o do livro &ldquo;Folclore do Brasil&rdquo;, de Lu&iacute;s da C&acirc;mara Cascudo, publicado em 1967. O folclorista, fundador da Sociedade Brasileira de <em>Folk-Lore, <\/em>afirmava que para um fato ser considerado motivo folcl&oacute;rico eram necess&aacute;rias quatro caracter&iacute;sticas: antiguidade, anonimato, divulga&ccedil;&atilde;o e persist&ecirc;ncia. Ou seja, devia ser &ldquo;antigo na mem&oacute;ria do povo, an&ocirc;nimo em sua autoria, divulgado em seu conhecimento e persistente nos repert&oacute;rios orais ou no h&aacute;bito normal&rdquo; (1967, p.13).<\/p><h2 class=\"wp-block-heading\" id=\"h-4-nascemos-e-vivemos-mergulhados-na-cultura-de-nossa-familia-dos-amigos-das-relacoes-mais-continuas-e-intimas-do-nosso-mundo-afetuoso-luis-da-camara-cascudo\"><span class=\"ez-toc-section\" id=\"4-%E2%80%93-%E2%80%9CNascemos-e-vivemos-mergulhados-na-cultura-de-nossa-familia-dos-amigos-das-relacoes-mais-continuas-e-intimas-do-nosso-mundo-afetuoso%E2%80%9D-%E2%80%93-Luis-da-Camara-Cascudo\"><\/span>4 &ndash; &ldquo;Nascemos e vivemos mergulhados na cultura de nossa fam&iacute;lia, dos amigos, das rela&ccedil;&otilde;es mais cont&iacute;nuas e &iacute;ntimas, do nosso mundo afetuoso.&rdquo; &ndash; Lu&iacute;s da C&acirc;mara Cascudo<span class=\"ez-toc-section-end\"><\/span><\/h2><p>Esta &eacute; uma cita&ccedil;&atilde;o do livro &ldquo;Folclore do Brasil&rdquo;, de Lu&iacute;s da C&acirc;mara Cascudo, publicado em 1967. Ele destaca que nascemos e vivemos imersos na cultura que nos cerca, como a influ&ecirc;ncia da nossa fam&iacute;lia, amigos e rela&ccedil;&otilde;es pr&oacute;ximas, bem como o ambiente afetivo em que crescemos. Essa cultura molda nossa identidade e experi&ecirc;ncias, tornando-se parte essencial de quem somos.&nbsp;<\/p><p>C&acirc;mara Cascudo tamb&eacute;m acreditava que o outro lado da cultura est&aacute; na escola, na universidade, na biblioteca. Para ele, ambos convivem em harmonia, dando origem a nossa vida mental.<\/p><p>\n\n\n\n<div id=\"new-form\">\n\t<form id=\"forms_layout\">\n\t<input type=\"hidden\" id=\"chave_de\" name=\"chave_de\" value=\"01_EVEST_LEADS_TOTAIS\" \/>\n\t\t<input type=\"hidden\" id=\"mid\" name=\"mid\" value=\"515008983\" \/>\n\t\t<input type=\"hidden\" id=\"Objetivo\" name=\"Objetivo\" value=\"Vestibulares\" \/>\n\t\t<input type=\"hidden\" id=\"Estado_de_Origem_do_IP\" name=\"Estado_de_Origem_do_IP\"  value=\"\" \/>\n\t\t<input type=\"hidden\" id=\"Cidade_de_Origem_do_IP\" name=\"Cidade_de_Origem_do_IP\" value=\"\" \/>\n\t\t<input type=\"hidden\" id=\"Modo_de_entrada\" name=\"Modo_de_entrada\" value=\"Portal\" \/>\n\t\t<input type=\"hidden\" id=\"Pagina_Origem\" name=\"Pagina_Origem\" value=\"\" \/>\n\n\t\t<div class=\"texto\">\n\t\t\t<h3 class=\"news\">Inscreva-se em nossa newsletter\ud83e\udd89<\/h3>\n\t\t\t<p>Receba dicas de estudo gratuitas e saiba em primeira m\u00e3o as novidades sobre o Enem, Sisu, Encceja, Fuvest e outros vestibulares!<\/p>\n\t\t<\/div>\n\t\t<div class=\"campos\">\n\t\t\t<div class=\"first_name labels\">\n\t\t\t\t<input type=\"text\" class=\"input_labels\" id=\"first_name\" name=\"Nome_Completo\" placeholder=\"Nome\" required \/>\n\t\t\t<\/div>\n\t\t\t<div class=\"email labels\">\n\t\t\t\t<input type=\"email\" class=\"input_labels\" id=\"email\" name=\"Email\" placeholder=\"E-mail\" required \/>\n\t\t\t<\/div>\n\t\t\t<button type=\"submit\" class=\"button_layout\">\n\t\t\t\t<div id=\"lblBotao\">Inscreva-se<\/div>\n\t\t\t\t<span id=\"divSpiner\" class=\"loader\" role=\"status\" style=\"display: none;\"><\/span>\t\n\t\t\t<\/button>\n\t\t<\/div><!-- \/campos -->\n\t\t\n\t\t<label class=\"container_checkbox\">Voc\u00ea concorda com a nossa\n\t\t\t<a class=\"politics_privacy_ahref\" target=\"_blank\" href=\"https:\/\/gratis.estrategiaconcursos.com.br\/politica-de-privacidade\/\">Pol\u00edtica de Privacidade<\/a> e aceita receber informa\u00e7\u00f5es adicionais do Estrat\u00e9gia Educacional.\n\t\t\t<input id=\"checkbox_layout\" type=\"checkbox\" checked=\"checked\" required \/>\n\t\t\t<span class=\"checkbox\"><\/span>\n\t\t<\/label>\n\t\t<div id=\"msg\"><\/div>\n\t\t<div id=\"error\" class=\"error\">\n\t\t<\/div>\n\t<\/form>\n<\/div><!-- \/new-form -->\n\n\n\n<\/p><h2 class=\"wp-block-heading\" id=\"h-5-ha-ainda-os-que-se-chocam-com-o-fato-de-haver-tao-poucos-folcloristas-a-disposicao-nem-lhes-ocorre-que-cada-brasileiro-e-um-folclorista-em-potencial-mas-e-preciso-querer-se-lo-estudar-e-se-por-a-si-mesmo-na-disponibilidade-tao-requisitada-julieta-de-andrade\"><span class=\"ez-toc-section\" id=\"5-%E2%80%93-%E2%80%9CHa-ainda-os-que-se-chocam-com-o-fato-de-haver-tao-poucos-folcloristas%E2%80%A6-a-disposicao-Nem-lhes-ocorre-que-cada-brasileiro-e-um-folclorista-em-potencial-mas-e-preciso-querer-se-lo-estudar-e-se-por-a-si-mesmo-na-disponibilidade-tao-requisitada%E2%80%A6%E2%80%9D-%E2%80%93-Julieta-de-Andrade\"><\/span>5 &ndash; &ldquo;H&aacute; ainda os que se chocam com o fato de haver t&atilde;o poucos folcloristas&hellip; &agrave; disposi&ccedil;&atilde;o. Nem lhes ocorre que cada brasileiro &eacute; um folclorista em potencial, mas &eacute; preciso querer s&ecirc;-lo, estudar e se p&ocirc;r, a si mesmo, na disponibilidade t&atilde;o requisitada&hellip;&rdquo; &ndash; Julieta de Andrade<span class=\"ez-toc-section-end\"><\/span><\/h2><p>Esta &eacute; uma cita&ccedil;&atilde;o de Julieta de Andrade, escrita em seu artigo &ldquo;Agosto, o m&ecirc;s do ju&iacute;zo final&rdquo;, em 1972. Ela est&aacute; presente tamb&eacute;m no livro &ldquo;Ci&ecirc;ncia do Folclore&rdquo;, de Rossini Tavares de Lima, publicado em 2003.&nbsp;<\/p><p>Para Julieta, todo brasierio pode se tornar um folclorista desde que esteja disposto a estudar e se envolver com o tema.<\/p><h2 class=\"wp-block-heading\" id=\"h-6-e-depois-de-agosto-que-e-feito-das-reivindicacoes-de-tanta-ebulicao-ela-se-acalma-hiberna-se-o-interesse-por-folclore-ate-o-ano-seguinte-julieta-de-andrade\"><span class=\"ez-toc-section\" id=\"6-%E2%80%93-E-depois-de-agosto-Que-e-feito-das-reivindicacoes-De-tanta-ebulicao-Ela-se-acalma-hiberna-se-o-interesse-por-folclore-ate-o-ano-seguinte-%E2%80%A6%E2%80%9D-%E2%80%93-Julieta-de-Andrade\"><\/span>6 &ndash; E depois de agosto? Que &eacute; feito das reivindica&ccedil;&otilde;es? De tanta ebuli&ccedil;&atilde;o? Ela se acalma, hiberna-se o interesse por folclore at&eacute; o ano seguinte (&hellip;)&rdquo; &ndash; Julieta de Andrade<span class=\"ez-toc-section-end\"><\/span><\/h2><p>Esta &eacute; uma cita&ccedil;&atilde;o de Julieta de Andrade, escrita em seu artigo &ldquo;Agosto, o m&ecirc;s do ju&iacute;zo final&rdquo;, em 1972. Ela est&aacute; presente tamb&eacute;m no livro &ldquo;A ci&ecirc;ncia do folclore&rdquo;, de Rossini Tavares de Lima, publicado em 1978.&nbsp;<\/p><p>Julieta se queixa da falta de interesse das pessoas pelo folclore, que surge apenas no m&ecirc;s de agosto. Isso &eacute; algo que causa indigna&ccedil;&atilde;o, porque o folclore &eacute; parte da nossa identidade cultural e n&atilde;o deve ser esquecido ou negligenciado.<\/p><h2 class=\"wp-block-heading\" id=\"h-7-o-folclore-estuda-cultura-que-definimos-como-manifestacao-do-sentir-pensar-agir-e-reagir-do-homem-de-uma-sociedade-rossini-tavares-de-lima\"><span class=\"ez-toc-section\" id=\"7-%E2%80%93-%E2%80%9CO-folclore-estuda-cultura-que-definimos-como-manifestacao-do-sentir-pensar-agir-e-reagir-do-homem-de-uma-sociedade%E2%80%9D-%E2%80%93-Rossini-Tavares-de-Lima\"><\/span>7 &ndash; &ldquo;O folclore estuda cultura, que definimos como manifesta&ccedil;&atilde;o do sentir, pensar, agir e reagir do homem de uma sociedade.&rdquo; &ndash; Rossini Tavares de Lima<span class=\"ez-toc-section-end\"><\/span><\/h2><p>Esta &eacute; uma cita&ccedil;&atilde;o do livro &ldquo;A ci&ecirc;ncia do folclore&rdquo;, Rossini Tavares de Lima, publicado em 1978, que explica o conceito de folclore para o autor. Em outras palavras, o folclore abrange as tradi&ccedil;&otilde;es, cren&ccedil;as, costumes e express&otilde;es que refletem a identidade de um grupo social.&nbsp;<\/p><h2 class=\"wp-block-heading\" id=\"h-8-na-base-desses-conceitos-todas-as-sociedades-tanto-as-pre-letradas-como-as-letradas-possuem-cultura-rossini-tavares-de-lima\"><span class=\"ez-toc-section\" id=\"8-%E2%80%93-%E2%80%9CNa-base-desses-conceitostodas-as-sociedades-tanto-as-pre-letradas-como-as-letradas-possuem-cultura%E2%80%9D-%E2%80%93-Rossini-Tavares-de-Lima\"><\/span>8 &ndash; &ldquo;Na base desses conceitos,todas as sociedades, tanto as pr&eacute;-letradas como as letradas, possuem cultura.&rdquo; &ndash; Rossini Tavares de Lima<span class=\"ez-toc-section-end\"><\/span><\/h2><p>Esta &eacute; uma cita&ccedil;&atilde;o do livro &ldquo;A ci&ecirc;ncia do folclore&rdquo;, Rossini Tavares de Lima, publicado em 1978. Para ele, todas as camadas da sociedade possuem cultura. O autor chega nessa conclus&atilde;o ap&oacute;s citar o significado de folclore para diversos pensadores, como Edward Tylor, Herskovits e Ralph Linton.<\/p><h2 class=\"wp-block-heading\" id=\"h-9-entao-desde-que-exista-homem-sobre-o-globo-terrestre-havera-o-folclore-porque-nos-portamos-as-caracteristicas-do-folk-quem-vai-aqui-no-brasil-de-um-dia-bem-frio-tomar-sua-cachaca-e-comer-sua-feijoada-jose-sant-anna\"><span class=\"ez-toc-section\" id=\"9-%E2%80%93-%E2%80%9CEntao-desde-que-exista-homem-sobre-o-globo-terrestre-havera-o-folclore-porque-nos-portamos-as-caracteristicas-do-folk-Quem-vai-aqui-no-Brasil-de-um-dia-bem-frio-tomar-sua-cachaca-e-comer-sua-feijoada%E2%80%9D-%E2%80%93-Jose-Santanna\"><\/span>9 &ndash; &ldquo;Ent&atilde;o desde que exista homem sobre o globo terrestre haver&aacute; o folclore, porque n&oacute;s portamos as caracter&iacute;sticas do folk. Quem vai aqui no Brasil, de um dia bem frio tomar sua cacha&ccedil;a e comer sua feijoada?&rdquo; &ndash; Jos&eacute; Sant&rsquo;anna<span class=\"ez-toc-section-end\"><\/span><\/h2><p>Esta &eacute; uma cita&ccedil;&atilde;o do Professor Jos&eacute; Sant&rsquo;anna, folclorista e fundador do Festival do Folclore de Ol&iacute;mpia. Ela foi dita para as rep&oacute;rteres Marisa Carri&atilde;o e Cida Teixeira, respons&aacute;veis por escrever a grande reportagem &ldquo;Ol&iacute;mpia: 20 anos de folclore&rdquo;, publicada no encarte N&ordm;71 do Jornal Auxiliar.&nbsp;<\/p><p>Jos&eacute; Sant&rsquo;anna disse tal frase como argumento para uma discuss&atilde;o sobre a &ldquo;morte do folclore&rdquo;. Ele, assim como diversos folcloristas, n&atilde;o acreditava no fim do folclore, que est&aacute; presente na identidade cultural de todo brasileiro.<\/p><h2 class=\"wp-block-heading\" id=\"h-arrase-na-redacao-com-o-estrategia-vestibulares\"><span class=\"ez-toc-section\" id=\"Arrase-na-redacao-com-o-Estrategia-Vestibulares\"><\/span>Arrase na reda&ccedil;&atilde;o com o Estrat&eacute;gia Vestibulares<span class=\"ez-toc-section-end\"><\/span><\/h2><p>Voc&ecirc; quer ter todas as suas reda&ccedil;&otilde;es corrigidas e com feedback? Saiba que o Estrat&eacute;gia Vestibulares oferece isso! Aqui voc&ecirc; pode enviar um n&uacute;mero ilimitado de reda&ccedil;&otilde;es para serem corrigidas por nossos professores, que respondem com dicas de onde e como melhorar.<\/p><p>Al&eacute;m disso, a Coruja oferece aulas din&acirc;micas, um Banco de Quest&otilde;es super completo, salas VIP, monitorias e cursos focados em diversas bancas de vestibulares do Brasil. Clique no banner e conhe&ccedil;a melhor o Estrat&eacute;gia Vestibulares!<\/p><p>\n\n\n<a id=\"cta\" class=\"cta-imagem\" href=\"https:\/\/vestibulares.estrategia.com\/curso\/curso-interativo-enem-redaco-prof-fernando-andrade\/\" target=\"blank\">\n                <img decoding=\"async\" width=\"100%\" src=\"https:\/\/vestibulares.estrategia.com\/portal\/wp-content\/uploads\/2021\/07\/Redacao.jpg\" alt=\"Cursos de Reda\u00e7\u00e3o Estrat\u00e9gia Vestibulares\" title=\"Curso de Reda\u00e7\u00e3o Estrat\u00e9gia Vestibulares\">\n        <\/a>\n\n\n<\/p><\/p>\n","protected":false},"excerpt":{"rendered":"Em 22 de agosto \u00e9 comemorado o Dia do Folclore; confira 9 cita\u00e7\u00f5es sobre o tema\n","protected":false},"author":51,"featured_media":123601,"comment_status":"closed","ping_status":"closed","sticky":false,"template":"","format":"standard","meta":{"wl_entities_gutenberg":"","footnotes":""},"categories":[2],"tags":[],"wl_entity_type":[732],"class_list":{"0":"post-123600","1":"post","2":"type-post","3":"status-publish","4":"format-standard","5":"has-post-thumbnail","7":"category-redacao","8":"wl_entity_type-article"},"acf":[],"yoast_head":"<!-- This site is optimized with the Yoast SEO Premium plugin v25.9 (Yoast SEO v25.9) - https:\/\/yoast.com\/wordpress\/plugins\/seo\/ -->\n<title>9 cita\u00e7\u00f5es sobre folclore para usar na reda\u00e7\u00e3o<\/title>\n<meta name=\"description\" content=\"No dia 22 de agosto \u00e9 comemorado o Dia do Folclore. Confira 9 cita\u00e7\u00f5es sobre o tema para usar na reda\u00e7\u00e3o dos vestibulares e Enem!\" \/>\n<meta name=\"robots\" content=\"index, follow, max-snippet:-1, max-image-preview:large, max-video-preview:-1\" \/>\n<link rel=\"canonical\" href=\"https:\/\/vestibulares.estrategia.com\/portal\/materias\/redacao\/9-citacoes-sobre-folclore-para-usar-na-redacao\/\" \/>\n<meta property=\"og:locale\" content=\"pt_BR\" \/>\n<meta property=\"og:type\" content=\"article\" \/>\n<meta property=\"og:title\" content=\"9 cita\u00e7\u00f5es sobre folclore para usar na reda\u00e7\u00e3o\" \/>\n<meta property=\"og:description\" content=\"No dia 22 de agosto \u00e9 comemorado o Dia do Folclore. Confira 9 cita\u00e7\u00f5es sobre o tema para usar na reda\u00e7\u00e3o dos vestibulares e Enem!\" \/>\n<meta property=\"og:url\" content=\"https:\/\/vestibulares.estrategia.com\/portal\/materias\/redacao\/9-citacoes-sobre-folclore-para-usar-na-redacao\/\" \/>\n<meta property=\"og:site_name\" content=\"Estrat\u00e9gia Vestibulares\" \/>\n<meta property=\"article:publisher\" content=\"https:\/\/facebook.com\/estrategiavestibulares\" \/>\n<meta property=\"article:published_time\" content=\"2024-08-22T17:18:52+00:00\" \/>\n<meta property=\"article:modified_time\" content=\"2025-10-27T18:02:27+00:00\" \/>\n<meta property=\"og:image\" content=\"https:\/\/vestibulares.estrategia.com\/portal\/wp-content\/uploads\/2024\/08\/citacoes-folclore-redacao.jpg\" \/>\n\t<meta property=\"og:image:width\" content=\"1920\" \/>\n\t<meta property=\"og:image:height\" content=\"1309\" \/>\n\t<meta property=\"og:image:type\" content=\"image\/jpeg\" \/>\n<meta name=\"author\" content=\"Larrani Ferreira\" \/>\n<meta name=\"twitter:card\" content=\"summary_large_image\" \/>\n<meta name=\"twitter:creator\" content=\"@Estrategiavest\" \/>\n<meta name=\"twitter:site\" content=\"@Estrategiavest\" \/>\n<meta name=\"twitter:label1\" content=\"Escrito por\" \/>\n\t<meta name=\"twitter:data1\" content=\"Larrani Ferreira\" \/>\n\t<meta name=\"twitter:label2\" content=\"Est. tempo de leitura\" \/>\n\t<meta name=\"twitter:data2\" content=\"6 minutos\" \/>\n<script type=\"application\/ld+json\" class=\"yoast-schema-graph\">{\"@context\":\"https:\/\/schema.org\",\"@graph\":[{\"@type\":\"Article\",\"@id\":\"https:\/\/vestibulares.estrategia.com\/portal\/materias\/redacao\/9-citacoes-sobre-folclore-para-usar-na-redacao\/#article\",\"isPartOf\":{\"@id\":\"https:\/\/vestibulares.estrategia.com\/portal\/materias\/redacao\/9-citacoes-sobre-folclore-para-usar-na-redacao\/\"},\"author\":{\"name\":\"Larrani Ferreira\",\"@id\":\"https:\/\/vestibulares.estrategia.com\/portal\/#\/schema\/person\/98d0c0e22d6d89b480aa1929f0e64ec5\"},\"headline\":\"9 cita\u00e7\u00f5es sobre folclore para usar na reda\u00e7\u00e3o\",\"datePublished\":\"2024-08-22T17:18:52+00:00\",\"dateModified\":\"2025-10-27T18:02:27+00:00\",\"mainEntityOfPage\":{\"@id\":\"https:\/\/vestibulares.estrategia.com\/portal\/materias\/redacao\/9-citacoes-sobre-folclore-para-usar-na-redacao\/\"},\"wordCount\":1165,\"publisher\":{\"@id\":\"https:\/\/vestibulares.estrategia.com\/portal\/#organization\"},\"image\":{\"@id\":\"https:\/\/vestibulares.estrategia.com\/portal\/materias\/redacao\/9-citacoes-sobre-folclore-para-usar-na-redacao\/#primaryimage\"},\"thumbnailUrl\":\"https:\/\/vestibulares.estrategia.com\/portal\/wp-content\/uploads\/2024\/08\/citacoes-folclore-redacao.jpg\",\"articleSection\":[\"Reda\u00e7\u00e3o\"],\"inLanguage\":\"pt-BR\"},{\"@type\":\"WebPage\",\"@id\":\"https:\/\/vestibulares.estrategia.com\/portal\/materias\/redacao\/9-citacoes-sobre-folclore-para-usar-na-redacao\/\",\"url\":\"https:\/\/vestibulares.estrategia.com\/portal\/materias\/redacao\/9-citacoes-sobre-folclore-para-usar-na-redacao\/\",\"name\":\"9 cita\u00e7\u00f5es sobre folclore para usar na reda\u00e7\u00e3o\",\"isPartOf\":{\"@id\":\"https:\/\/vestibulares.estrategia.com\/portal\/#website\"},\"primaryImageOfPage\":{\"@id\":\"https:\/\/vestibulares.estrategia.com\/portal\/materias\/redacao\/9-citacoes-sobre-folclore-para-usar-na-redacao\/#primaryimage\"},\"image\":{\"@id\":\"https:\/\/vestibulares.estrategia.com\/portal\/materias\/redacao\/9-citacoes-sobre-folclore-para-usar-na-redacao\/#primaryimage\"},\"thumbnailUrl\":\"https:\/\/vestibulares.estrategia.com\/portal\/wp-content\/uploads\/2024\/08\/citacoes-folclore-redacao.jpg\",\"datePublished\":\"2024-08-22T17:18:52+00:00\",\"dateModified\":\"2025-10-27T18:02:27+00:00\",\"description\":\"No dia 22 de agosto \u00e9 comemorado o Dia do Folclore. Confira 9 cita\u00e7\u00f5es sobre o tema para usar na reda\u00e7\u00e3o dos vestibulares e Enem!\",\"breadcrumb\":{\"@id\":\"https:\/\/vestibulares.estrategia.com\/portal\/materias\/redacao\/9-citacoes-sobre-folclore-para-usar-na-redacao\/#breadcrumb\"},\"inLanguage\":\"pt-BR\",\"potentialAction\":[{\"@type\":\"ReadAction\",\"target\":[\"https:\/\/vestibulares.estrategia.com\/portal\/materias\/redacao\/9-citacoes-sobre-folclore-para-usar-na-redacao\/\"]}]},{\"@type\":\"ImageObject\",\"inLanguage\":\"pt-BR\",\"@id\":\"https:\/\/vestibulares.estrategia.com\/portal\/materias\/redacao\/9-citacoes-sobre-folclore-para-usar-na-redacao\/#primaryimage\",\"url\":\"https:\/\/vestibulares.estrategia.com\/portal\/wp-content\/uploads\/2024\/08\/citacoes-folclore-redacao.jpg\",\"contentUrl\":\"https:\/\/vestibulares.estrategia.com\/portal\/wp-content\/uploads\/2024\/08\/citacoes-folclore-redacao.jpg\",\"width\":1920,\"height\":1309,\"caption\":\"Foto: Renato Ara\u00fajo \/ Ag\u00eancia Brasil\"},{\"@type\":\"BreadcrumbList\",\"@id\":\"https:\/\/vestibulares.estrategia.com\/portal\/materias\/redacao\/9-citacoes-sobre-folclore-para-usar-na-redacao\/#breadcrumb\",\"itemListElement\":[{\"@type\":\"ListItem\",\"position\":1,\"name\":\"Home\",\"item\":\"https:\/\/vestibulares.estrategia.com\/portal\/\"},{\"@type\":\"ListItem\",\"position\":2,\"name\":\"Mat\u00e9rias\",\"item\":\"https:\/\/vestibulares.estrategia.com\/portal\/materias\/\"},{\"@type\":\"ListItem\",\"position\":3,\"name\":\"Reda\u00e7\u00e3o\",\"item\":\"https:\/\/vestibulares.estrategia.com\/portal\/materias\/redacao\/\"},{\"@type\":\"ListItem\",\"position\":4,\"name\":\"9 cita\u00e7\u00f5es sobre folclore para usar na reda\u00e7\u00e3o\"}]},{\"@type\":\"WebSite\",\"@id\":\"https:\/\/vestibulares.estrategia.com\/portal\/#website\",\"url\":\"https:\/\/vestibulares.estrategia.com\/portal\/\",\"name\":\"Estrat\u00e9gia Vestibulares\",\"description\":\"\",\"publisher\":{\"@id\":\"https:\/\/vestibulares.estrategia.com\/portal\/#organization\"},\"potentialAction\":[{\"@type\":\"SearchAction\",\"target\":{\"@type\":\"EntryPoint\",\"urlTemplate\":\"https:\/\/vestibulares.estrategia.com\/portal\/?s={search_term_string}\"},\"query-input\":{\"@type\":\"PropertyValueSpecification\",\"valueRequired\":true,\"valueName\":\"search_term_string\"}}],\"inLanguage\":\"pt-BR\"},{\"@type\":\"Organization\",\"@id\":\"https:\/\/vestibulares.estrategia.com\/portal\/#organization\",\"name\":\"Estrat\u00e9gia Vestibulares\",\"url\":\"https:\/\/vestibulares.estrategia.com\/portal\/\",\"logo\":{\"@type\":\"ImageObject\",\"inLanguage\":\"pt-BR\",\"@id\":\"https:\/\/vestibulares.estrategia.com\/portal\/#\/schema\/logo\/image\/\",\"url\":\"https:\/\/vestibulares.estrategia.com\/portal\/wp-content\/uploads\/2021\/06\/Logo-Vestibulares@4x.png\",\"contentUrl\":\"https:\/\/vestibulares.estrategia.com\/portal\/wp-content\/uploads\/2021\/06\/Logo-Vestibulares@4x.png\",\"width\":250,\"height\":66,\"caption\":\"Estrat\u00e9gia Vestibulares\"},\"image\":{\"@id\":\"https:\/\/vestibulares.estrategia.com\/portal\/#\/schema\/logo\/image\/\"},\"sameAs\":[\"https:\/\/facebook.com\/estrategiavestibulares\",\"https:\/\/x.com\/Estrategiavest\",\"https:\/\/www.instagram.com\/estrategiavestibulares\",\"https:\/\/www.youtube.com\/channel\/UCGWdZy8ULI-7_5GrABa4vNA\"]},{\"@type\":\"Person\",\"@id\":\"https:\/\/vestibulares.estrategia.com\/portal\/#\/schema\/person\/98d0c0e22d6d89b480aa1929f0e64ec5\",\"name\":\"Larrani Ferreira\",\"image\":{\"@type\":\"ImageObject\",\"inLanguage\":\"pt-BR\",\"@id\":\"https:\/\/vestibulares.estrategia.com\/portal\/#\/schema\/person\/image\/\",\"url\":\"https:\/\/vestibulares.estrategia.com\/portal\/wp-content\/uploads\/2026\/02\/WhatsApp-Image-2026-02-05-at-14.26.13-150x150.jpeg\",\"contentUrl\":\"https:\/\/vestibulares.estrategia.com\/portal\/wp-content\/uploads\/2026\/02\/WhatsApp-Image-2026-02-05-at-14.26.13-150x150.jpeg\",\"caption\":\"Larrani Ferreira\"},\"description\":\"Jornalista e Mestranda em Comunica\u00e7\u00e3o Intercultural nas Organiza\u00e7\u00f5es\",\"url\":\"https:\/\/vestibulares.estrategia.com\/portal\/author\/larranioliveira\/\"}]}<\/script>\n<!-- \/ Yoast SEO Premium plugin. -->","yoast_head_json":{"title":"9 cita\u00e7\u00f5es sobre folclore para usar na reda\u00e7\u00e3o","description":"No dia 22 de agosto \u00e9 comemorado o Dia do Folclore. Confira 9 cita\u00e7\u00f5es sobre o tema para usar na reda\u00e7\u00e3o dos vestibulares e Enem!","robots":{"index":"index","follow":"follow","max-snippet":"max-snippet:-1","max-image-preview":"max-image-preview:large","max-video-preview":"max-video-preview:-1"},"canonical":"https:\/\/vestibulares.estrategia.com\/portal\/materias\/redacao\/9-citacoes-sobre-folclore-para-usar-na-redacao\/","og_locale":"pt_BR","og_type":"article","og_title":"9 cita\u00e7\u00f5es sobre folclore para usar na reda\u00e7\u00e3o","og_description":"No dia 22 de agosto \u00e9 comemorado o Dia do Folclore. Confira 9 cita\u00e7\u00f5es sobre o tema para usar na reda\u00e7\u00e3o dos vestibulares e Enem!","og_url":"https:\/\/vestibulares.estrategia.com\/portal\/materias\/redacao\/9-citacoes-sobre-folclore-para-usar-na-redacao\/","og_site_name":"Estrat\u00e9gia Vestibulares","article_publisher":"https:\/\/facebook.com\/estrategiavestibulares","article_published_time":"2024-08-22T17:18:52+00:00","article_modified_time":"2025-10-27T18:02:27+00:00","og_image":[{"width":1920,"height":1309,"url":"https:\/\/vestibulares.estrategia.com\/portal\/wp-content\/uploads\/2024\/08\/citacoes-folclore-redacao.jpg","type":"image\/jpeg"}],"author":"Larrani Ferreira","twitter_card":"summary_large_image","twitter_creator":"@Estrategiavest","twitter_site":"@Estrategiavest","twitter_misc":{"Escrito por":"Larrani Ferreira","Est. tempo de leitura":"6 minutos"},"schema":{"@context":"https:\/\/schema.org","@graph":[{"@type":"Article","@id":"https:\/\/vestibulares.estrategia.com\/portal\/materias\/redacao\/9-citacoes-sobre-folclore-para-usar-na-redacao\/#article","isPartOf":{"@id":"https:\/\/vestibulares.estrategia.com\/portal\/materias\/redacao\/9-citacoes-sobre-folclore-para-usar-na-redacao\/"},"author":{"name":"Larrani Ferreira","@id":"https:\/\/vestibulares.estrategia.com\/portal\/#\/schema\/person\/98d0c0e22d6d89b480aa1929f0e64ec5"},"headline":"9 cita\u00e7\u00f5es sobre folclore para usar na reda\u00e7\u00e3o","datePublished":"2024-08-22T17:18:52+00:00","dateModified":"2025-10-27T18:02:27+00:00","mainEntityOfPage":{"@id":"https:\/\/vestibulares.estrategia.com\/portal\/materias\/redacao\/9-citacoes-sobre-folclore-para-usar-na-redacao\/"},"wordCount":1165,"publisher":{"@id":"https:\/\/vestibulares.estrategia.com\/portal\/#organization"},"image":{"@id":"https:\/\/vestibulares.estrategia.com\/portal\/materias\/redacao\/9-citacoes-sobre-folclore-para-usar-na-redacao\/#primaryimage"},"thumbnailUrl":"https:\/\/vestibulares.estrategia.com\/portal\/wp-content\/uploads\/2024\/08\/citacoes-folclore-redacao.jpg","articleSection":["Reda\u00e7\u00e3o"],"inLanguage":"pt-BR"},{"@type":"WebPage","@id":"https:\/\/vestibulares.estrategia.com\/portal\/materias\/redacao\/9-citacoes-sobre-folclore-para-usar-na-redacao\/","url":"https:\/\/vestibulares.estrategia.com\/portal\/materias\/redacao\/9-citacoes-sobre-folclore-para-usar-na-redacao\/","name":"9 cita\u00e7\u00f5es sobre folclore para usar na reda\u00e7\u00e3o","isPartOf":{"@id":"https:\/\/vestibulares.estrategia.com\/portal\/#website"},"primaryImageOfPage":{"@id":"https:\/\/vestibulares.estrategia.com\/portal\/materias\/redacao\/9-citacoes-sobre-folclore-para-usar-na-redacao\/#primaryimage"},"image":{"@id":"https:\/\/vestibulares.estrategia.com\/portal\/materias\/redacao\/9-citacoes-sobre-folclore-para-usar-na-redacao\/#primaryimage"},"thumbnailUrl":"https:\/\/vestibulares.estrategia.com\/portal\/wp-content\/uploads\/2024\/08\/citacoes-folclore-redacao.jpg","datePublished":"2024-08-22T17:18:52+00:00","dateModified":"2025-10-27T18:02:27+00:00","description":"No dia 22 de agosto \u00e9 comemorado o Dia do Folclore. Confira 9 cita\u00e7\u00f5es sobre o tema para usar na reda\u00e7\u00e3o dos vestibulares e Enem!","breadcrumb":{"@id":"https:\/\/vestibulares.estrategia.com\/portal\/materias\/redacao\/9-citacoes-sobre-folclore-para-usar-na-redacao\/#breadcrumb"},"inLanguage":"pt-BR","potentialAction":[{"@type":"ReadAction","target":["https:\/\/vestibulares.estrategia.com\/portal\/materias\/redacao\/9-citacoes-sobre-folclore-para-usar-na-redacao\/"]}]},{"@type":"ImageObject","inLanguage":"pt-BR","@id":"https:\/\/vestibulares.estrategia.com\/portal\/materias\/redacao\/9-citacoes-sobre-folclore-para-usar-na-redacao\/#primaryimage","url":"https:\/\/vestibulares.estrategia.com\/portal\/wp-content\/uploads\/2024\/08\/citacoes-folclore-redacao.jpg","contentUrl":"https:\/\/vestibulares.estrategia.com\/portal\/wp-content\/uploads\/2024\/08\/citacoes-folclore-redacao.jpg","width":1920,"height":1309,"caption":"Foto: Renato Ara\u00fajo \/ Ag\u00eancia Brasil"},{"@type":"BreadcrumbList","@id":"https:\/\/vestibulares.estrategia.com\/portal\/materias\/redacao\/9-citacoes-sobre-folclore-para-usar-na-redacao\/#breadcrumb","itemListElement":[{"@type":"ListItem","position":1,"name":"Home","item":"https:\/\/vestibulares.estrategia.com\/portal\/"},{"@type":"ListItem","position":2,"name":"Mat\u00e9rias","item":"https:\/\/vestibulares.estrategia.com\/portal\/materias\/"},{"@type":"ListItem","position":3,"name":"Reda\u00e7\u00e3o","item":"https:\/\/vestibulares.estrategia.com\/portal\/materias\/redacao\/"},{"@type":"ListItem","position":4,"name":"9 cita\u00e7\u00f5es sobre folclore para usar na reda\u00e7\u00e3o"}]},{"@type":"WebSite","@id":"https:\/\/vestibulares.estrategia.com\/portal\/#website","url":"https:\/\/vestibulares.estrategia.com\/portal\/","name":"Estrat\u00e9gia Vestibulares","description":"","publisher":{"@id":"https:\/\/vestibulares.estrategia.com\/portal\/#organization"},"potentialAction":[{"@type":"SearchAction","target":{"@type":"EntryPoint","urlTemplate":"https:\/\/vestibulares.estrategia.com\/portal\/?s={search_term_string}"},"query-input":{"@type":"PropertyValueSpecification","valueRequired":true,"valueName":"search_term_string"}}],"inLanguage":"pt-BR"},{"@type":"Organization","@id":"https:\/\/vestibulares.estrategia.com\/portal\/#organization","name":"Estrat\u00e9gia Vestibulares","url":"https:\/\/vestibulares.estrategia.com\/portal\/","logo":{"@type":"ImageObject","inLanguage":"pt-BR","@id":"https:\/\/vestibulares.estrategia.com\/portal\/#\/schema\/logo\/image\/","url":"https:\/\/vestibulares.estrategia.com\/portal\/wp-content\/uploads\/2021\/06\/Logo-Vestibulares@4x.png","contentUrl":"https:\/\/vestibulares.estrategia.com\/portal\/wp-content\/uploads\/2021\/06\/Logo-Vestibulares@4x.png","width":250,"height":66,"caption":"Estrat\u00e9gia Vestibulares"},"image":{"@id":"https:\/\/vestibulares.estrategia.com\/portal\/#\/schema\/logo\/image\/"},"sameAs":["https:\/\/facebook.com\/estrategiavestibulares","https:\/\/x.com\/Estrategiavest","https:\/\/www.instagram.com\/estrategiavestibulares","https:\/\/www.youtube.com\/channel\/UCGWdZy8ULI-7_5GrABa4vNA"]},{"@type":"Person","@id":"https:\/\/vestibulares.estrategia.com\/portal\/#\/schema\/person\/98d0c0e22d6d89b480aa1929f0e64ec5","name":"Larrani Ferreira","image":{"@type":"ImageObject","inLanguage":"pt-BR","@id":"https:\/\/vestibulares.estrategia.com\/portal\/#\/schema\/person\/image\/","url":"https:\/\/vestibulares.estrategia.com\/portal\/wp-content\/uploads\/2026\/02\/WhatsApp-Image-2026-02-05-at-14.26.13-150x150.jpeg","contentUrl":"https:\/\/vestibulares.estrategia.com\/portal\/wp-content\/uploads\/2026\/02\/WhatsApp-Image-2026-02-05-at-14.26.13-150x150.jpeg","caption":"Larrani Ferreira"},"description":"Jornalista e Mestranda em Comunica\u00e7\u00e3o Intercultural nas Organiza\u00e7\u00f5es","url":"https:\/\/vestibulares.estrategia.com\/portal\/author\/larranioliveira\/"}]}},"_wl_alt_label":[],"wl:entity_url":"https:\/\/data.wordlift.io\/wl110249\/post\/9-citacoes-sobre-folclore-para-usar-na-redacao","_links":{"self":[{"href":"https:\/\/vestibulares.estrategia.com\/portal\/wp-json\/wp\/v2\/posts\/123600","targetHints":{"allow":["GET"]}}],"collection":[{"href":"https:\/\/vestibulares.estrategia.com\/portal\/wp-json\/wp\/v2\/posts"}],"about":[{"href":"https:\/\/vestibulares.estrategia.com\/portal\/wp-json\/wp\/v2\/types\/post"}],"author":[{"embeddable":true,"href":"https:\/\/vestibulares.estrategia.com\/portal\/wp-json\/wp\/v2\/users\/51"}],"replies":[{"embeddable":true,"href":"https:\/\/vestibulares.estrategia.com\/portal\/wp-json\/wp\/v2\/comments?post=123600"}],"version-history":[{"count":5,"href":"https:\/\/vestibulares.estrategia.com\/portal\/wp-json\/wp\/v2\/posts\/123600\/revisions"}],"predecessor-version":[{"id":147229,"href":"https:\/\/vestibulares.estrategia.com\/portal\/wp-json\/wp\/v2\/posts\/123600\/revisions\/147229"}],"wp:featuredmedia":[{"embeddable":true,"href":"https:\/\/vestibulares.estrategia.com\/portal\/wp-json\/wp\/v2\/media\/123601"}],"wp:attachment":[{"href":"https:\/\/vestibulares.estrategia.com\/portal\/wp-json\/wp\/v2\/media?parent=123600"}],"wp:term":[{"taxonomy":"category","embeddable":true,"href":"https:\/\/vestibulares.estrategia.com\/portal\/wp-json\/wp\/v2\/categories?post=123600"},{"taxonomy":"post_tag","embeddable":true,"href":"https:\/\/vestibulares.estrategia.com\/portal\/wp-json\/wp\/v2\/tags?post=123600"},{"taxonomy":"wl_entity_type","embeddable":true,"href":"https:\/\/vestibulares.estrategia.com\/portal\/wp-json\/wp\/v2\/wl_entity_type?post=123600"}],"curies":[{"name":"wp","href":"https:\/\/api.w.org\/{rel}","templated":true}]}}