{"id":123761,"date":"2024-08-25T19:02:39","date_gmt":"2024-08-25T22:02:39","guid":{"rendered":"https:\/\/vestibulares.estrategia.com\/portal\/?p=123761"},"modified":"2024-12-23T10:31:07","modified_gmt":"2024-12-23T13:31:07","slug":"professor-do-estrategia-vestibulares-acerta-tema-de-redacao-do-encceja-2024","status":"publish","type":"post","link":"https:\/\/vestibulares.estrategia.com\/portal\/noticias\/professor-do-estrategia-vestibulares-acerta-tema-de-redacao-do-encceja-2024\/","title":{"rendered":"Professor do Estrat\u00e9gia Vestibulares acerta tema de reda\u00e7\u00e3o do Encceja 2024"},"content":{"rendered":"<p>O professor de Reda&ccedil;&atilde;o e Filosofia do Estrat&eacute;gia Vestibulares, Fernando Andrade, acertou o tema de reda&ccedil;&atilde;o do Exame Nacional de Certifica&ccedil;&atilde;o de Jovens e Adultos (<a href=\"https:\/\/vestibulares.estrategia.com\/portal\/enem-e-vestibulares\/encceja\/encceja-o-que-e\/\" target=\"_blank\">Encceja<\/a>) Ensino M&eacute;dio 2024. O tema escolhido para essa edi&ccedil;&atilde;o foi: <a href=\"https:\/\/vestibulares.estrategia.com\/portal\/noticias\/tema-de-redacao-encceja-2024\/\" target=\"_blank\">&ldquo;A&ccedil;&otilde;es para combater as not&iacute;cias falsas no Brasil&ldquo;<\/a>.<p>O t&oacute;pico foi citado por Andrade em entrevista ao site <a href=\"https:\/\/guiadoestudante.abril.com.br\/estudo\/redacao-do-encceja-2024-quais-sao-os-temas-possiveis\" target=\"_blank\" rel=\"noreferrer noopener nofollow\">Guia do Estudante<\/a>, em 29 de julho de 2024. Na mat&eacute;ria, o professor listou poss&iacute;veis temas de reda&ccedil;&atilde;o da pr&oacute;xima edi&ccedil;&atilde;o do Encceja, com base no hist&oacute;rico e no modelo de prova cobrado neste exame. <\/p><p>Para o professor, o segundo tema mais poss&iacute;veis de aparecer nesta edi&ccedil;&atilde;o seria <strong>&ldquo;a import&acirc;ncia de se identificar Fake News&rdquo;<\/strong>. Fernando indicou o tema por ser <em>um assunto que ganhou import&acirc;ncia no cen&aacute;rio pol&iacute;tico brasileiro, al&eacute;m de ser relevante para a forma&ccedil;&atilde;o cidad&atilde;<\/em>.<\/p><p>&ldquo;Tal tema, j&aacute; bem explorado, ganhou ainda mais destaque com a divulga&ccedil;&atilde;o de um estudo da Organiza&ccedil;&atilde;o para a Coopera&ccedil;&atilde;o e Desenvolvimento Econ&ocirc;mico (OCDE ), composta por 38 pa&iacute;ses membros&rdquo;, explicou o professor. <\/p><p>O relat&oacute;rio citado na entrevista apontou que o Brasil teve o pior desempenho em uma pesquisa que mediu a capacidade das pessoas de identificar not&iacute;cias falsas. De acordo com a pesquisa, brasileiros conseguem decidir corretamente se uma not&iacute;cia &eacute; verdadeira ou falsa apenas em 54% dos casos. A m&eacute;dia mundial &eacute; de 60%, j&aacute; o pa&iacute;s que mais acerta &eacute; a Austr&aacute;lia, com 90%. <\/p><p class=\"wp-block-verse\"><strong>Leia tamb&eacute;m:<br><\/strong>+ <a href=\"https:\/\/vestibulares.estrategia.com\/portal\/noticias\/encceja-2024-resultado\/\" target=\"_blank\">Encceja 2024: resultado est&aacute; dispon&iacute;vel; veja como acessar<\/a><br>+ <a href=\"https:\/\/vestibulares.estrategia.com\/portal\/enem-e-vestibulares\/encceja\/posso-entrar-na-faculdade-com-a-nota-do-encceja\/\" target=\"_blank\">Posso entrar na faculdade usando a nota do Encceja?<\/a><\/p><p>\n\n\n\n<div class=\"cta-medio\" style=\"background-image: url(https:\/\/vestibulares.estrategia.com\/portal\/wp-content\/uploads\/2024\/08\/curso-enem-1-estrategia-vestibulares-ctamedio.jpg);\"><h3>Pacote Enem TOP <\/h3> <p>Estude com o Estrat\u00e9gia Vestibulares<\/p><div class=\"cta-botao\"><a id=\"cta-medio\" href=\"https:\/\/vestibulares.estrategia.com\/curso\/enem-top\/\" target=\"_blank\" style=\"background:rgb(255,150,0)\">Saiba mais<\/a><\/div><\/div>\n\n\n\n<\/p><div id=\"ez-toc-container\" class=\"ez-toc-v2_0_76 counter-hierarchy ez-toc-counter ez-toc-transparent ez-toc-container-direction\">\n<div class=\"ez-toc-title-container\"><p class=\"ez-toc-title\" style=\"cursor:inherit\">Navegue pelo conte\u00fado<\/p>\n<\/div><nav><ul class='ez-toc-list ez-toc-list-level-1 ' ><li class='ez-toc-page-1 ez-toc-heading-level-2'><a class=\"ez-toc-link ez-toc-heading-1\" href=\"https:\/\/vestibulares.estrategia.com\/portal\/noticias\/professor-do-estrategia-vestibulares-acerta-tema-de-redacao-do-encceja-2024\/#Como-e-a-redacao-do-Encceja\" >Como &eacute; a reda&ccedil;&atilde;o do Encceja?<\/a><\/li><li class='ez-toc-page-1 ez-toc-heading-level-2'><a class=\"ez-toc-link ez-toc-heading-2\" href=\"https:\/\/vestibulares.estrategia.com\/portal\/noticias\/professor-do-estrategia-vestibulares-acerta-tema-de-redacao-do-encceja-2024\/#Quais-sao-as-competencias-da-redacao-do-Encceja\" >Quais s&atilde;o as compet&ecirc;ncias da reda&ccedil;&atilde;o do Encceja?<\/a><\/li><li class='ez-toc-page-1 ez-toc-heading-level-2'><a class=\"ez-toc-link ez-toc-heading-3\" href=\"https:\/\/vestibulares.estrategia.com\/portal\/noticias\/professor-do-estrategia-vestibulares-acerta-tema-de-redacao-do-encceja-2024\/#Guia-do-Encceja\" >Guia do Encceja<\/a><\/li><li class='ez-toc-page-1 ez-toc-heading-level-2'><a class=\"ez-toc-link ez-toc-heading-4\" href=\"https:\/\/vestibulares.estrategia.com\/portal\/noticias\/professor-do-estrategia-vestibulares-acerta-tema-de-redacao-do-encceja-2024\/#O-que-estudar-para-o-Encceja\" >O que estudar para o Encceja?<\/a><\/li><li class='ez-toc-page-1 ez-toc-heading-level-2'><a class=\"ez-toc-link ez-toc-heading-5\" href=\"https:\/\/vestibulares.estrategia.com\/portal\/noticias\/professor-do-estrategia-vestibulares-acerta-tema-de-redacao-do-encceja-2024\/#Calendario-Encceja-2024\" >Calend&aacute;rio Encceja 2024<\/a><\/li><li class='ez-toc-page-1 ez-toc-heading-level-2'><a class=\"ez-toc-link ez-toc-heading-6\" href=\"https:\/\/vestibulares.estrategia.com\/portal\/noticias\/professor-do-estrategia-vestibulares-acerta-tema-de-redacao-do-encceja-2024\/#Como-estudar-para-o-Encceja\" >Como estudar para o Encceja?<\/a><\/li><li class='ez-toc-page-1 ez-toc-heading-level-2'><a class=\"ez-toc-link ez-toc-heading-7\" href=\"https:\/\/vestibulares.estrategia.com\/portal\/noticias\/professor-do-estrategia-vestibulares-acerta-tema-de-redacao-do-encceja-2024\/#Saiba-mais-sobre-o-Encceja\" >Saiba mais sobre o Encceja<\/a><\/li><\/ul><\/nav><\/div>\n<h2 class=\"wp-block-heading\" id=\"h-como-e-a-redacao-do-encceja\"><span class=\"ez-toc-section\" id=\"Como-e-a-redacao-do-Encceja\"><\/span>Como &eacute; a reda&ccedil;&atilde;o do Encceja?<span class=\"ez-toc-section-end\"><\/span><\/h2><p>A reda&ccedil;&atilde;o do Encceja segue o<strong>&nbsp;g&ecirc;nero textual dissertativo-argumentativo<\/strong>, em que os candidatos devem apresentar um ponto de vista por meio de argumentos. O texto dissertativo-argumentativo cobrado no Encceja apresenta algumas regras, sendo elas:<\/p><ul class=\"wp-block-list\">\n<li>Ter, no m&iacute;nimo, 5 linhas escritas;<\/li>\n\n\n\n<li>Ser escrito em L&iacute;ngua Portuguesa;<\/li>\n\n\n\n<li>Apresentar letra leg&iacute;vel;<\/li>\n\n\n\n<li>Abordar o tema proposto; e<\/li>\n\n\n\n<li>Ser dissertativo-argumentativo.<\/li>\n<\/ul><p>Para evitar que o candidato zere a reda&ccedil;&atilde;o, a Cartilha do Participante aponta que o candidato n&atilde;o deve:<\/p><ul class=\"wp-block-list\">\n<li>Copiar textos motivadores da proposta de reda&ccedil;&atilde;o ou das quest&otilde;es da prova, sem que restem mais de 4 linhas sem c&oacute;pia;<\/li>\n\n\n\n<li>Escrever um texto que n&atilde;o seja dissertativo-argumentativo ou n&atilde;o aborde o tema proposto;<\/li>\n\n\n\n<li>Escrever menos de cinco linhas de texto leg&iacute;vel; e<\/li>\n\n\n\n<li>Escrever em outro idioma sem ser l&iacute;ngua portuguesa;<\/li>\n\n\n\n<li>Escrever apenas na folha de rascunho;<\/li>\n\n\n\n<li>Escrever ofensas, palavr&otilde;es ou zombarias<\/li>\n\n\n\n<li>Fugir do tema e ou do atendimento &agrave; tipologia textual; e<\/li>\n\n\n\n<li>Desenhar, fazer c&aacute;lculos ou escrever bilhetes ou textos sobre um assunto diferente.<\/li>\n<\/ul><h2 class=\"wp-block-heading\" id=\"h-quais-sao-as-competencias-da-redacao-do-encceja\"><span class=\"ez-toc-section\" id=\"Quais-sao-as-competencias-da-redacao-do-Encceja\"><\/span>Quais s&atilde;o as compet&ecirc;ncias da reda&ccedil;&atilde;o do Encceja?<span class=\"ez-toc-section-end\"><\/span><\/h2><p>De acordo com o &uacute;ltima Cartilha do Participante, o texto dissertativo-argumentativo cobrado no Encceja apresenta quatro ou cinco compet&ecirc;ncias, sendo elas:<\/p><ul class=\"wp-block-list\">\n<li>Compet&ecirc;ncia 1: demonstrar dom&iacute;nio da norma-padr&atilde;o da l&iacute;ngua portuguesa escrita;<\/li>\n\n\n\n<li>Compet&ecirc;ncia 2: elaborar um texto dissertativo-argumentativo dentro do tema proposto, aplicando conceitos das v&aacute;rias &aacute;reas do conhecimento para desenvolv&ecirc;-lo;<\/li>\n\n\n\n<li>Compet&ecirc;ncia 3: selecionar, relacionar, organizar e interpretar informa&ccedil;&otilde;es, fatos, opini&otilde;es e argumentos em defesa de um ponto de vista;&nbsp;<\/li>\n\n\n\n<li>Compet&ecirc;ncia 4: demonstrar conhecimento dos mecanismos lingu&iacute;sticos necess&aacute;rios para a constru&ccedil;&atilde;o da argumenta&ccedil;&atilde;o; e<\/li>\n\n\n\n<li>Compet&ecirc;ncia 5*: elaborar proposta de interven&ccedil;&atilde;o para o problema abordado, respeitando os direitos humanos.<\/li>\n<\/ul><p><em>*A &uacute;ltima compet&ecirc;ncia &eacute; cobrada apenas no Encceja destinado aos candidatos do Ensino M&eacute;dio, em que devem desenvolver uma proposta de interven&ccedil;&atilde;o relacionada com a problem&aacute;tica cobrada no tema de reda&ccedil;&atilde;o.<\/em><\/p><h2 class=\"wp-block-heading\" id=\"h-guia-do-encceja\"><span class=\"ez-toc-section\" id=\"Guia-do-Encceja\"><\/span>Guia do Encceja<span class=\"ez-toc-section-end\"><\/span><\/h2><p>No e-book&nbsp;<strong>Guia do Encceja<\/strong>, a equipe do<strong>&nbsp;Portal Estrat&eacute;gia Vestibulares<\/strong>&nbsp;reuniu todas as informa&ccedil;&otilde;es necess&aacute;rias para voc&ecirc; que quer se preparar para a prova, mas n&atilde;o sabe nada sobre o exame. Explicamos o que &eacute;, como funciona, como se inscrever, o que estudar e muito, muito mais mesmo.<\/p><p>O material ajudar&aacute; voc&ecirc; a come&ccedil;ar do zero na jornada rumo &agrave; conquista dos diplomas do Ensino Fundamental e\/ou M&eacute;dio. Clique no banner abaixo e fa&ccedil;a o download do livro digital de forma totalmente gratuita.<\/p><figure class=\"wp-block-image size-large is-resized\"><a href=\"https:\/\/gratis.estrategiaconcursos.com.br\/ev-e-book-guia-encceja-2024\/\" target=\"_blank\"><img decoding=\"async\" width=\"1024\" height=\"576\" src=\"https:\/\/vestibulares.estrategia.com\/portal\/wp-content\/uploads\/2024\/07\/guia-do-encceja-1024x576.jpg\" alt=\"\" class=\"wp-image-120964\" style=\"width:680px;height:auto\" srcset=\"https:\/\/vestibulares.estrategia.com\/portal\/wp-content\/uploads\/2024\/07\/guia-do-encceja-1024x576.jpg 1024w, https:\/\/vestibulares.estrategia.com\/portal\/wp-content\/uploads\/2024\/07\/guia-do-encceja-768x432.jpg 768w, https:\/\/vestibulares.estrategia.com\/portal\/wp-content\/uploads\/2024\/07\/guia-do-encceja-960x540.jpg 960w, https:\/\/vestibulares.estrategia.com\/portal\/wp-content\/uploads\/2024\/07\/guia-do-encceja-800x450.jpg 800w, https:\/\/vestibulares.estrategia.com\/portal\/wp-content\/uploads\/2024\/07\/guia-do-encceja-1160x653.jpg 1160w, https:\/\/vestibulares.estrategia.com\/portal\/wp-content\/uploads\/2024\/07\/guia-do-encceja-1200x675.jpg 1200w, https:\/\/vestibulares.estrategia.com\/portal\/wp-content\/uploads\/2024\/07\/guia-do-encceja.jpg 1280w\" sizes=\"(max-width: 1024px) 100vw, 1024px\" \/><\/a><\/figure><h2 class=\"wp-block-heading\" id=\"h-o-que-estudar-para-o-encceja\"><span class=\"ez-toc-section\" id=\"O-que-estudar-para-o-Encceja\"><\/span>O que estudar para o Encceja?<span class=\"ez-toc-section-end\"><\/span><\/h2><p>Confira abaixo quais s&atilde;o os temas mais cobrados no Encceja:<\/p><ul class=\"wp-block-list\">\n<li><a href=\"https:\/\/vestibulares.estrategia.com\/portal\/enem-e-vestibulares\/encceja\/encceja-o-que-estudar-prova-filosofia\/\">O que estudar para a prova de Filosofia do Encceja<\/a><\/li>\n\n\n\n<li><a href=\"https:\/\/vestibulares.estrategia.com\/portal\/enem-e-vestibulares\/encceja\/encceja-o-que-estudar-prova-sociologia\/\">O que estudar para a prova de Sociologia do Encceja<\/a><\/li>\n\n\n\n<li><a href=\"https:\/\/vestibulares.estrategia.com\/portal\/enem-e-vestibulares\/encceja\/encceja-o-que-estudar-prova-matematica\/\">O que estudar para a prova de Matem&aacute;tica do Encceja<\/a><\/li>\n\n\n\n<li><a href=\"https:\/\/vestibulares.estrategia.com\/portal\/enem-e-vestibulares\/encceja\/encceja-o-que-estudar-prova-quimica\/\">O que estudar para a prova de Qu&iacute;mica do Encceja<\/a><\/li>\n\n\n\n<li><a href=\"https:\/\/vestibulares.estrategia.com\/portal\/enem-e-vestibulares\/encceja\/encceja-o-que-estudar-prova-fisica\/\">O que estudar para a prova de F&iacute;sica do Encceja<\/a><\/li>\n\n\n\n<li><a href=\"https:\/\/vestibulares.estrategia.com\/portal\/enem-e-vestibulares\/encceja\/encceja-o-que-estudar-prova-historia\/\">O que estudar para a prova de Hist&oacute;ria do Encceja?<\/a><\/li>\n\n\n\n<li><a href=\"https:\/\/vestibulares.estrategia.com\/portal\/enem-e-vestibulares\/encceja\/encceja-o-que-estudar-prova-geografia\/\">O que estudar para a prova de Geografia do Encceja?<\/a><\/li>\n\n\n\n<li><a href=\"https:\/\/vestibulares.estrategia.com\/portal\/enem-e-vestibulares\/encceja\/encceja-o-que-estudar-prova-ingles-espanhol\/\">O que estudar para a prova de Ingl&ecirc;s e Espanhol do Encceja<\/a><\/li>\n\n\n\n<li><a href=\"https:\/\/vestibulares.estrategia.com\/portal\/enem-e-vestibulares\/encceja\/encceja-o-que-estudar-prova-linguagens-literatura-artes\/\">O que estudar para a prova de Linguagens, Literatura e Artes do Encceja<\/a><\/li>\n<\/ul><h2 class=\"wp-block-heading\" id=\"h-calendario-encceja-2024\"><span class=\"ez-toc-section\" id=\"Calendario-Encceja-2024\"><\/span>Calend&aacute;rio Encceja 2024<span class=\"ez-toc-section-end\"><\/span><\/h2><p>Confira o calend&aacute;rio do Encceja 2024 com as datas divulgadas pelo edital oficial da prova:<\/p><ul class=\"wp-block-list\">\n<li><strong>Edital do Encceja 2024<br><\/strong>11\/03\/2024 &ndash;&nbsp;<a href=\"https:\/\/vestibulares.estrategia.com\/portal\/noticias\/edital-encceja-2024\/\" target=\"_blank\">Acesse o edital<\/a><\/li>\n\n\n\n<li><strong>Inscri&ccedil;&otilde;es do Encceja 2024<br><\/strong>29\/04 a 10\/05\/2024<\/li>\n\n\n\n<li><strong>Justificativa de aus&ecirc;ncia no Encceja 2023<br><\/strong>25\/03 a 05\/04\/2024<\/li>\n\n\n\n<li><strong>Prazo de ressarcimento<\/strong><br>29\/04 a 10\/05\/2024<\/li>\n\n\n\n<li><strong>Atendimento Especializado e Tratamento pelo Nome Social<\/strong><br>Solicita&ccedil;&atilde;o: 29\/04 a 10\/05\/2024<br>Resultado: 17\/05\/2024<br>Recurso: 20 a 24\/04\/2024<br>Resultado do recurso: 29\/05\/2024<\/li>\n\n\n\n<li><strong>Divulga&ccedil;&atilde;o do local de prova do Encceja 2024<br><\/strong>12\/08\/2024<\/li>\n\n\n\n<li><strong>Data da prova Encceja 2024<br><\/strong>25\/08\/2024<\/li>\n\n\n\n<li><strong>Divulga&ccedil;&atilde;o do gabarito do Encceja 2024<br><\/strong>at&eacute; 10 dias &uacute;teis ap&oacute;s a aplica&ccedil;&atilde;o<\/li>\n\n\n\n<li><strong>Resultado do Encceja 2024<br><\/strong>23\/12\/2024<\/li>\n<\/ul><h2 class=\"wp-block-heading\" id=\"h-como-estudar-para-o-encceja\"><span class=\"ez-toc-section\" id=\"Como-estudar-para-o-Encceja\"><\/span>Como estudar para o Encceja?<span class=\"ez-toc-section-end\"><\/span><\/h2><p>No Estrat&eacute;gia Vestibulares os professores realizam aulas ao vivo diariamente de assuntos cobrados em diversos vestibulares.<\/p><p>Ficou interessado? Ainda tem muitos outros benef&iacute;cios que voc&ecirc; encontra nos pacotes do Estrat&eacute;gia Vestibulares, como&nbsp; o&nbsp;<a href=\"https:\/\/vestibulares.estrategia.com\/curso\/pacote-encceja\/\" target=\"_blank\">Pacote Encceja do Estrat&eacute;gia Vestibulares<\/a>. Veja o que est&aacute; incluso no curso:<\/p><ul class=\"wp-block-list\">\n<li>Aulas completas com livros digitais;<\/li>\n\n\n\n<li>Corre&ccedil;&atilde;o ilimitada de&nbsp;<a href=\"https:\/\/vestibulares.estrategia.com\/portal\/enem-e-vestibulares\/vestibulares\/curso-de-redacao-para-o-vestibular-saiba-mais-detalhes-e-como-escolher-o-seu\/\" target=\"_blank\">reda&ccedil;&otilde;es<\/a>;<\/li>\n\n\n\n<li>F&oacute;rum de d&uacute;vidas;<\/li>\n\n\n\n<li><a href=\"https:\/\/vestibulares.estrategia.com\/portal\/eventos\/simulados-vestibulares\/\" target=\"_blank\">Simulados<\/a>&nbsp;com quest&otilde;es in&eacute;ditas;<\/li>\n\n\n\n<li>Quest&otilde;es comentadas;<\/li>\n\n\n\n<li>Mapas mentais; e<\/li>\n\n\n\n<li>Entre muitas outras vantagens.<\/li>\n<\/ul><p>\n\n\n\n<a id=\"cta\" class=\"cta-imagem\" href=\"https:\/\/vestibulares.estrategia.com\/curso\/pacote-encceja\/\" target=\"blank\">\n                <img decoding=\"async\" width=\"100%\" src=\"https:\/\/vestibulares.estrategia.com\/portal\/wp-content\/uploads\/2021\/12\/Encceja.jpg\" alt=\"ENCCEJA - CTA\" title=\"Encceja\">\n        <\/a>\n\n\n\n<\/p><h2 class=\"wp-block-heading\"><span class=\"ez-toc-section\" id=\"Saiba-mais-sobre-o-Encceja\"><\/span>Saiba mais sobre o Encceja<span class=\"ez-toc-section-end\"><\/span><\/h2><ul class=\"wp-block-list\">\n<li><a href=\"https:\/\/vestibulares.estrategia.com\/portal\/enem-e-vestibulares\/encceja\/encceja-2023-confira-dicas-para-aplicar-na-hora-da-prova\/\" target=\"_blank\">Encceja 2024: confira dicas para aplicar na hora da prova<\/a><\/li>\n\n\n\n<li><a href=\"https:\/\/vestibulares.estrategia.com\/portal\/enem-e-vestibulares\/encceja\/o-que-estudar-para-o-encceja-faltando-poucos-dias-para-a-prova\/\" target=\"_blank\">O que estudar para o Encceja faltando poucos dias para a prova?<\/a><\/li>\n\n\n\n<li><a href=\"https:\/\/vestibulares.estrategia.com\/portal\/enem-e-vestibulares\/encceja\/o-que-pode-zerar-a-redacao-do-encceja\/\" target=\"_blank\">O que pode zerar a reda&ccedil;&atilde;o do Encceja?<\/a><\/li>\n\n\n\n<li><a href=\"https:\/\/vestibulares.estrategia.com\/portal\/enem-e-vestibulares\/encceja\/declaracao-de-comparecimento-do-encceja-onde-baixar-como-funciona\/\" target=\"_blank\">Declara&ccedil;&atilde;o de Comparecimento do Encceja: veja onde baixar e como funciona<\/a><\/li>\n\n\n\n<li><a href=\"https:\/\/vestibulares.estrategia.com\/portal\/enem-e-vestibulares\/encceja\/encceja-documentos-aceitos-para-fazer-a-prova\/\" target=\"_blank\">Encceja: quais s&atilde;o os documentos aceitos para fazer a prova?<\/a><\/li>\n\n\n\n<li><a href=\"https:\/\/vestibulares.estrategia.com\/portal\/enem-e-vestibulares\/encceja\/encceja-o-que-levar-para-a-prova\/\" target=\"_blank\">Encceja 2024: o que levar para a prova? Veja o checklist completo<\/a><\/li>\n\n\n\n<li><a href=\"https:\/\/vestibulares.estrategia.com\/portal\/enem-e-vestibulares\/encceja\/encceja-o-que-e\/\">Encceja 2024: como conseguir o certificado do Ensino Fundamental e M&eacute;dio?<\/a><\/li>\n\n\n\n<li><a href=\"https:\/\/vestibulares.estrategia.com\/portal\/enem-e-vestibulares\/encceja\/calendario-encceja\/\">Calend&aacute;rio Encceja 2024: datas, edital, provas e dicas de estudo<\/a><\/li>\n<\/ul><\/p>\n","protected":false},"excerpt":{"rendered":"Professor de reda\u00e7\u00e3o listou tema escolhido pela banca como uma das poss\u00edveis tem\u00e1ticas cobradas na reda\u00e7\u00e3o do Encceja 2024; confira\n","protected":false},"author":31,"featured_media":123767,"comment_status":"closed","ping_status":"closed","sticky":false,"template":"","format":"standard","meta":{"wl_entities_gutenberg":"","footnotes":""},"categories":[47],"tags":[411],"wl_entity_type":[732],"class_list":{"0":"post-123761","1":"post","2":"type-post","3":"status-publish","4":"format-standard","5":"has-post-thumbnail","7":"category-noticias","8":"tag-encceja","9":"wl_entity_type-article"},"acf":[],"yoast_head":"<!-- This site is optimized with the Yoast SEO Premium plugin v25.9 (Yoast SEO v25.9) - https:\/\/yoast.com\/wordpress\/plugins\/seo\/ -->\n<title>Professor do Estrat\u00e9gia Vestibulares acerta tema de reda\u00e7\u00e3o do Encceja 2024<\/title>\n<meta name=\"description\" content=\"Professor de reda\u00e7\u00e3o listou tema escolhido pela banca como uma das poss\u00edveis tem\u00e1ticas cobradas na reda\u00e7\u00e3o do Encceja 2024; confira\" \/>\n<meta name=\"robots\" content=\"index, follow, max-snippet:-1, max-image-preview:large, max-video-preview:-1\" \/>\n<link rel=\"canonical\" href=\"https:\/\/vestibulares.estrategia.com\/portal\/noticias\/professor-do-estrategia-vestibulares-acerta-tema-de-redacao-do-encceja-2024\/\" \/>\n<meta property=\"og:locale\" content=\"pt_BR\" \/>\n<meta property=\"og:type\" content=\"article\" \/>\n<meta property=\"og:title\" content=\"Professor do Estrat\u00e9gia Vestibulares acerta tema de reda\u00e7\u00e3o do Encceja 2024\" \/>\n<meta property=\"og:description\" content=\"Professor de reda\u00e7\u00e3o listou tema escolhido pela banca como uma das poss\u00edveis tem\u00e1ticas cobradas na reda\u00e7\u00e3o do Encceja 2024; confira\" \/>\n<meta property=\"og:url\" content=\"https:\/\/vestibulares.estrategia.com\/portal\/noticias\/professor-do-estrategia-vestibulares-acerta-tema-de-redacao-do-encceja-2024\/\" \/>\n<meta property=\"og:site_name\" content=\"Estrat\u00e9gia Vestibulares\" \/>\n<meta property=\"article:publisher\" content=\"https:\/\/facebook.com\/estrategiavestibulares\" \/>\n<meta property=\"article:published_time\" content=\"2024-08-25T22:02:39+00:00\" \/>\n<meta property=\"article:modified_time\" content=\"2024-12-23T13:31:07+00:00\" \/>\n<meta property=\"og:image\" content=\"https:\/\/vestibulares.estrategia.com\/portal\/wp-content\/uploads\/2024\/08\/image-8-3-1.jpg\" \/>\n\t<meta property=\"og:image:width\" content=\"670\" \/>\n\t<meta property=\"og:image:height\" content=\"412\" \/>\n\t<meta property=\"og:image:type\" content=\"image\/jpeg\" \/>\n<meta name=\"author\" content=\"Isabela Giordan\" \/>\n<meta name=\"twitter:card\" content=\"summary_large_image\" \/>\n<meta name=\"twitter:creator\" content=\"@Estrategiavest\" \/>\n<meta name=\"twitter:site\" content=\"@Estrategiavest\" \/>\n<meta name=\"twitter:label1\" content=\"Escrito por\" \/>\n\t<meta name=\"twitter:data1\" content=\"Isabela Giordan\" \/>\n\t<meta name=\"twitter:label2\" content=\"Est. tempo de leitura\" \/>\n\t<meta name=\"twitter:data2\" content=\"5 minutos\" \/>\n<script type=\"application\/ld+json\" class=\"yoast-schema-graph\">{\"@context\":\"https:\/\/schema.org\",\"@graph\":[{\"@type\":\"NewsArticle\",\"@id\":\"https:\/\/vestibulares.estrategia.com\/portal\/noticias\/professor-do-estrategia-vestibulares-acerta-tema-de-redacao-do-encceja-2024\/#article\",\"isPartOf\":{\"@id\":\"https:\/\/vestibulares.estrategia.com\/portal\/noticias\/professor-do-estrategia-vestibulares-acerta-tema-de-redacao-do-encceja-2024\/\"},\"author\":{\"name\":\"Isabela Giordan\",\"@id\":\"https:\/\/vestibulares.estrategia.com\/portal\/#\/schema\/person\/921258b32670b22cbb1ae385e2fcb501\"},\"headline\":\"Professor do Estrat\u00e9gia Vestibulares acerta tema de reda\u00e7\u00e3o do Encceja 2024\",\"datePublished\":\"2024-08-25T22:02:39+00:00\",\"dateModified\":\"2024-12-23T13:31:07+00:00\",\"mainEntityOfPage\":{\"@id\":\"https:\/\/vestibulares.estrategia.com\/portal\/noticias\/professor-do-estrategia-vestibulares-acerta-tema-de-redacao-do-encceja-2024\/\"},\"wordCount\":1101,\"publisher\":{\"@id\":\"https:\/\/vestibulares.estrategia.com\/portal\/#organization\"},\"image\":{\"@id\":\"https:\/\/vestibulares.estrategia.com\/portal\/noticias\/professor-do-estrategia-vestibulares-acerta-tema-de-redacao-do-encceja-2024\/#primaryimage\"},\"thumbnailUrl\":\"https:\/\/vestibulares.estrategia.com\/portal\/wp-content\/uploads\/2024\/08\/image-8-3-1.jpg\",\"keywords\":[\"encceja\"],\"articleSection\":[\"Not\u00edcias\"],\"inLanguage\":\"pt-BR\"},{\"@type\":\"WebPage\",\"@id\":\"https:\/\/vestibulares.estrategia.com\/portal\/noticias\/professor-do-estrategia-vestibulares-acerta-tema-de-redacao-do-encceja-2024\/\",\"url\":\"https:\/\/vestibulares.estrategia.com\/portal\/noticias\/professor-do-estrategia-vestibulares-acerta-tema-de-redacao-do-encceja-2024\/\",\"name\":\"Professor do Estrat\u00e9gia Vestibulares acerta tema de reda\u00e7\u00e3o do Encceja 2024\",\"isPartOf\":{\"@id\":\"https:\/\/vestibulares.estrategia.com\/portal\/#website\"},\"primaryImageOfPage\":{\"@id\":\"https:\/\/vestibulares.estrategia.com\/portal\/noticias\/professor-do-estrategia-vestibulares-acerta-tema-de-redacao-do-encceja-2024\/#primaryimage\"},\"image\":{\"@id\":\"https:\/\/vestibulares.estrategia.com\/portal\/noticias\/professor-do-estrategia-vestibulares-acerta-tema-de-redacao-do-encceja-2024\/#primaryimage\"},\"thumbnailUrl\":\"https:\/\/vestibulares.estrategia.com\/portal\/wp-content\/uploads\/2024\/08\/image-8-3-1.jpg\",\"datePublished\":\"2024-08-25T22:02:39+00:00\",\"dateModified\":\"2024-12-23T13:31:07+00:00\",\"description\":\"Professor de reda\u00e7\u00e3o listou tema escolhido pela banca como uma das poss\u00edveis tem\u00e1ticas cobradas na reda\u00e7\u00e3o do Encceja 2024; confira\",\"breadcrumb\":{\"@id\":\"https:\/\/vestibulares.estrategia.com\/portal\/noticias\/professor-do-estrategia-vestibulares-acerta-tema-de-redacao-do-encceja-2024\/#breadcrumb\"},\"inLanguage\":\"pt-BR\",\"potentialAction\":[{\"@type\":\"ReadAction\",\"target\":[\"https:\/\/vestibulares.estrategia.com\/portal\/noticias\/professor-do-estrategia-vestibulares-acerta-tema-de-redacao-do-encceja-2024\/\"]}]},{\"@type\":\"ImageObject\",\"inLanguage\":\"pt-BR\",\"@id\":\"https:\/\/vestibulares.estrategia.com\/portal\/noticias\/professor-do-estrategia-vestibulares-acerta-tema-de-redacao-do-encceja-2024\/#primaryimage\",\"url\":\"https:\/\/vestibulares.estrategia.com\/portal\/wp-content\/uploads\/2024\/08\/image-8-3-1.jpg\",\"contentUrl\":\"https:\/\/vestibulares.estrategia.com\/portal\/wp-content\/uploads\/2024\/08\/image-8-3-1.jpg\",\"width\":670,\"height\":412,\"caption\":\"tema de reda\u00e7\u00e3o encceja 2024\"},{\"@type\":\"BreadcrumbList\",\"@id\":\"https:\/\/vestibulares.estrategia.com\/portal\/noticias\/professor-do-estrategia-vestibulares-acerta-tema-de-redacao-do-encceja-2024\/#breadcrumb\",\"itemListElement\":[{\"@type\":\"ListItem\",\"position\":1,\"name\":\"Home\",\"item\":\"https:\/\/vestibulares.estrategia.com\/portal\/\"},{\"@type\":\"ListItem\",\"position\":2,\"name\":\"Not\u00edcias\",\"item\":\"https:\/\/vestibulares.estrategia.com\/portal\/noticias\/\"},{\"@type\":\"ListItem\",\"position\":3,\"name\":\"Professor do Estrat\u00e9gia Vestibulares acerta tema de reda\u00e7\u00e3o do Encceja 2024\"}]},{\"@type\":\"WebSite\",\"@id\":\"https:\/\/vestibulares.estrategia.com\/portal\/#website\",\"url\":\"https:\/\/vestibulares.estrategia.com\/portal\/\",\"name\":\"Estrat\u00e9gia Vestibulares\",\"description\":\"\",\"publisher\":{\"@id\":\"https:\/\/vestibulares.estrategia.com\/portal\/#organization\"},\"potentialAction\":[{\"@type\":\"SearchAction\",\"target\":{\"@type\":\"EntryPoint\",\"urlTemplate\":\"https:\/\/vestibulares.estrategia.com\/portal\/?s={search_term_string}\"},\"query-input\":{\"@type\":\"PropertyValueSpecification\",\"valueRequired\":true,\"valueName\":\"search_term_string\"}}],\"inLanguage\":\"pt-BR\"},{\"@type\":\"Organization\",\"@id\":\"https:\/\/vestibulares.estrategia.com\/portal\/#organization\",\"name\":\"Estrat\u00e9gia Vestibulares\",\"url\":\"https:\/\/vestibulares.estrategia.com\/portal\/\",\"logo\":{\"@type\":\"ImageObject\",\"inLanguage\":\"pt-BR\",\"@id\":\"https:\/\/vestibulares.estrategia.com\/portal\/#\/schema\/logo\/image\/\",\"url\":\"https:\/\/vestibulares.estrategia.com\/portal\/wp-content\/uploads\/2021\/06\/Logo-Vestibulares@4x.png\",\"contentUrl\":\"https:\/\/vestibulares.estrategia.com\/portal\/wp-content\/uploads\/2021\/06\/Logo-Vestibulares@4x.png\",\"width\":250,\"height\":66,\"caption\":\"Estrat\u00e9gia Vestibulares\"},\"image\":{\"@id\":\"https:\/\/vestibulares.estrategia.com\/portal\/#\/schema\/logo\/image\/\"},\"sameAs\":[\"https:\/\/facebook.com\/estrategiavestibulares\",\"https:\/\/x.com\/Estrategiavest\",\"https:\/\/www.instagram.com\/estrategiavestibulares\",\"https:\/\/www.youtube.com\/channel\/UCGWdZy8ULI-7_5GrABa4vNA\"]},{\"@type\":\"Person\",\"@id\":\"https:\/\/vestibulares.estrategia.com\/portal\/#\/schema\/person\/921258b32670b22cbb1ae385e2fcb501\",\"name\":\"Isabela Giordan\",\"image\":{\"@type\":\"ImageObject\",\"inLanguage\":\"pt-BR\",\"@id\":\"https:\/\/vestibulares.estrategia.com\/portal\/#\/schema\/person\/image\/\",\"url\":\"https:\/\/secure.gravatar.com\/avatar\/474493e24ecabfb752d6ed2de1af8d2f?s=96&d=mm&r=g\",\"contentUrl\":\"https:\/\/secure.gravatar.com\/avatar\/474493e24ecabfb752d6ed2de1af8d2f?s=96&d=mm&r=g\",\"caption\":\"Isabela Giordan\"},\"description\":\"Jornalista de Educa\u00e7\u00e3o e Coordenadora de Jornalismo do Estrat\u00e9gia Vestibulares.\",\"url\":\"https:\/\/vestibulares.estrategia.com\/portal\/author\/isabela\/\"}]}<\/script>\n<!-- \/ Yoast SEO Premium plugin. -->","yoast_head_json":{"title":"Professor do Estrat\u00e9gia Vestibulares acerta tema de reda\u00e7\u00e3o do Encceja 2024","description":"Professor de reda\u00e7\u00e3o listou tema escolhido pela banca como uma das poss\u00edveis tem\u00e1ticas cobradas na reda\u00e7\u00e3o do Encceja 2024; confira","robots":{"index":"index","follow":"follow","max-snippet":"max-snippet:-1","max-image-preview":"max-image-preview:large","max-video-preview":"max-video-preview:-1"},"canonical":"https:\/\/vestibulares.estrategia.com\/portal\/noticias\/professor-do-estrategia-vestibulares-acerta-tema-de-redacao-do-encceja-2024\/","og_locale":"pt_BR","og_type":"article","og_title":"Professor do Estrat\u00e9gia Vestibulares acerta tema de reda\u00e7\u00e3o do Encceja 2024","og_description":"Professor de reda\u00e7\u00e3o listou tema escolhido pela banca como uma das poss\u00edveis tem\u00e1ticas cobradas na reda\u00e7\u00e3o do Encceja 2024; confira","og_url":"https:\/\/vestibulares.estrategia.com\/portal\/noticias\/professor-do-estrategia-vestibulares-acerta-tema-de-redacao-do-encceja-2024\/","og_site_name":"Estrat\u00e9gia Vestibulares","article_publisher":"https:\/\/facebook.com\/estrategiavestibulares","article_published_time":"2024-08-25T22:02:39+00:00","article_modified_time":"2024-12-23T13:31:07+00:00","og_image":[{"width":670,"height":412,"url":"https:\/\/vestibulares.estrategia.com\/portal\/wp-content\/uploads\/2024\/08\/image-8-3-1.jpg","type":"image\/jpeg"}],"author":"Isabela Giordan","twitter_card":"summary_large_image","twitter_creator":"@Estrategiavest","twitter_site":"@Estrategiavest","twitter_misc":{"Escrito por":"Isabela Giordan","Est. tempo de leitura":"5 minutos"},"schema":{"@context":"https:\/\/schema.org","@graph":[{"@type":"NewsArticle","@id":"https:\/\/vestibulares.estrategia.com\/portal\/noticias\/professor-do-estrategia-vestibulares-acerta-tema-de-redacao-do-encceja-2024\/#article","isPartOf":{"@id":"https:\/\/vestibulares.estrategia.com\/portal\/noticias\/professor-do-estrategia-vestibulares-acerta-tema-de-redacao-do-encceja-2024\/"},"author":{"name":"Isabela Giordan","@id":"https:\/\/vestibulares.estrategia.com\/portal\/#\/schema\/person\/921258b32670b22cbb1ae385e2fcb501"},"headline":"Professor do Estrat\u00e9gia Vestibulares acerta tema de reda\u00e7\u00e3o do Encceja 2024","datePublished":"2024-08-25T22:02:39+00:00","dateModified":"2024-12-23T13:31:07+00:00","mainEntityOfPage":{"@id":"https:\/\/vestibulares.estrategia.com\/portal\/noticias\/professor-do-estrategia-vestibulares-acerta-tema-de-redacao-do-encceja-2024\/"},"wordCount":1101,"publisher":{"@id":"https:\/\/vestibulares.estrategia.com\/portal\/#organization"},"image":{"@id":"https:\/\/vestibulares.estrategia.com\/portal\/noticias\/professor-do-estrategia-vestibulares-acerta-tema-de-redacao-do-encceja-2024\/#primaryimage"},"thumbnailUrl":"https:\/\/vestibulares.estrategia.com\/portal\/wp-content\/uploads\/2024\/08\/image-8-3-1.jpg","keywords":["encceja"],"articleSection":["Not\u00edcias"],"inLanguage":"pt-BR"},{"@type":"WebPage","@id":"https:\/\/vestibulares.estrategia.com\/portal\/noticias\/professor-do-estrategia-vestibulares-acerta-tema-de-redacao-do-encceja-2024\/","url":"https:\/\/vestibulares.estrategia.com\/portal\/noticias\/professor-do-estrategia-vestibulares-acerta-tema-de-redacao-do-encceja-2024\/","name":"Professor do Estrat\u00e9gia Vestibulares acerta tema de reda\u00e7\u00e3o do Encceja 2024","isPartOf":{"@id":"https:\/\/vestibulares.estrategia.com\/portal\/#website"},"primaryImageOfPage":{"@id":"https:\/\/vestibulares.estrategia.com\/portal\/noticias\/professor-do-estrategia-vestibulares-acerta-tema-de-redacao-do-encceja-2024\/#primaryimage"},"image":{"@id":"https:\/\/vestibulares.estrategia.com\/portal\/noticias\/professor-do-estrategia-vestibulares-acerta-tema-de-redacao-do-encceja-2024\/#primaryimage"},"thumbnailUrl":"https:\/\/vestibulares.estrategia.com\/portal\/wp-content\/uploads\/2024\/08\/image-8-3-1.jpg","datePublished":"2024-08-25T22:02:39+00:00","dateModified":"2024-12-23T13:31:07+00:00","description":"Professor de reda\u00e7\u00e3o listou tema escolhido pela banca como uma das poss\u00edveis tem\u00e1ticas cobradas na reda\u00e7\u00e3o do Encceja 2024; confira","breadcrumb":{"@id":"https:\/\/vestibulares.estrategia.com\/portal\/noticias\/professor-do-estrategia-vestibulares-acerta-tema-de-redacao-do-encceja-2024\/#breadcrumb"},"inLanguage":"pt-BR","potentialAction":[{"@type":"ReadAction","target":["https:\/\/vestibulares.estrategia.com\/portal\/noticias\/professor-do-estrategia-vestibulares-acerta-tema-de-redacao-do-encceja-2024\/"]}]},{"@type":"ImageObject","inLanguage":"pt-BR","@id":"https:\/\/vestibulares.estrategia.com\/portal\/noticias\/professor-do-estrategia-vestibulares-acerta-tema-de-redacao-do-encceja-2024\/#primaryimage","url":"https:\/\/vestibulares.estrategia.com\/portal\/wp-content\/uploads\/2024\/08\/image-8-3-1.jpg","contentUrl":"https:\/\/vestibulares.estrategia.com\/portal\/wp-content\/uploads\/2024\/08\/image-8-3-1.jpg","width":670,"height":412,"caption":"tema de reda\u00e7\u00e3o encceja 2024"},{"@type":"BreadcrumbList","@id":"https:\/\/vestibulares.estrategia.com\/portal\/noticias\/professor-do-estrategia-vestibulares-acerta-tema-de-redacao-do-encceja-2024\/#breadcrumb","itemListElement":[{"@type":"ListItem","position":1,"name":"Home","item":"https:\/\/vestibulares.estrategia.com\/portal\/"},{"@type":"ListItem","position":2,"name":"Not\u00edcias","item":"https:\/\/vestibulares.estrategia.com\/portal\/noticias\/"},{"@type":"ListItem","position":3,"name":"Professor do Estrat\u00e9gia Vestibulares acerta tema de reda\u00e7\u00e3o do Encceja 2024"}]},{"@type":"WebSite","@id":"https:\/\/vestibulares.estrategia.com\/portal\/#website","url":"https:\/\/vestibulares.estrategia.com\/portal\/","name":"Estrat\u00e9gia Vestibulares","description":"","publisher":{"@id":"https:\/\/vestibulares.estrategia.com\/portal\/#organization"},"potentialAction":[{"@type":"SearchAction","target":{"@type":"EntryPoint","urlTemplate":"https:\/\/vestibulares.estrategia.com\/portal\/?s={search_term_string}"},"query-input":{"@type":"PropertyValueSpecification","valueRequired":true,"valueName":"search_term_string"}}],"inLanguage":"pt-BR"},{"@type":"Organization","@id":"https:\/\/vestibulares.estrategia.com\/portal\/#organization","name":"Estrat\u00e9gia Vestibulares","url":"https:\/\/vestibulares.estrategia.com\/portal\/","logo":{"@type":"ImageObject","inLanguage":"pt-BR","@id":"https:\/\/vestibulares.estrategia.com\/portal\/#\/schema\/logo\/image\/","url":"https:\/\/vestibulares.estrategia.com\/portal\/wp-content\/uploads\/2021\/06\/Logo-Vestibulares@4x.png","contentUrl":"https:\/\/vestibulares.estrategia.com\/portal\/wp-content\/uploads\/2021\/06\/Logo-Vestibulares@4x.png","width":250,"height":66,"caption":"Estrat\u00e9gia Vestibulares"},"image":{"@id":"https:\/\/vestibulares.estrategia.com\/portal\/#\/schema\/logo\/image\/"},"sameAs":["https:\/\/facebook.com\/estrategiavestibulares","https:\/\/x.com\/Estrategiavest","https:\/\/www.instagram.com\/estrategiavestibulares","https:\/\/www.youtube.com\/channel\/UCGWdZy8ULI-7_5GrABa4vNA"]},{"@type":"Person","@id":"https:\/\/vestibulares.estrategia.com\/portal\/#\/schema\/person\/921258b32670b22cbb1ae385e2fcb501","name":"Isabela Giordan","image":{"@type":"ImageObject","inLanguage":"pt-BR","@id":"https:\/\/vestibulares.estrategia.com\/portal\/#\/schema\/person\/image\/","url":"https:\/\/secure.gravatar.com\/avatar\/474493e24ecabfb752d6ed2de1af8d2f?s=96&d=mm&r=g","contentUrl":"https:\/\/secure.gravatar.com\/avatar\/474493e24ecabfb752d6ed2de1af8d2f?s=96&d=mm&r=g","caption":"Isabela Giordan"},"description":"Jornalista de Educa\u00e7\u00e3o e Coordenadora de Jornalismo do Estrat\u00e9gia Vestibulares.","url":"https:\/\/vestibulares.estrategia.com\/portal\/author\/isabela\/"}]}},"_wl_alt_label":[],"wl:entity_url":"https:\/\/data.wordlift.io\/wl110249\/post\/professor-do-estrategia-vestibulares-acerta-tema-de-redacao-do-encceja-2024","_links":{"self":[{"href":"https:\/\/vestibulares.estrategia.com\/portal\/wp-json\/wp\/v2\/posts\/123761","targetHints":{"allow":["GET"]}}],"collection":[{"href":"https:\/\/vestibulares.estrategia.com\/portal\/wp-json\/wp\/v2\/posts"}],"about":[{"href":"https:\/\/vestibulares.estrategia.com\/portal\/wp-json\/wp\/v2\/types\/post"}],"author":[{"embeddable":true,"href":"https:\/\/vestibulares.estrategia.com\/portal\/wp-json\/wp\/v2\/users\/31"}],"replies":[{"embeddable":true,"href":"https:\/\/vestibulares.estrategia.com\/portal\/wp-json\/wp\/v2\/comments?post=123761"}],"version-history":[{"count":3,"href":"https:\/\/vestibulares.estrategia.com\/portal\/wp-json\/wp\/v2\/posts\/123761\/revisions"}],"predecessor-version":[{"id":132647,"href":"https:\/\/vestibulares.estrategia.com\/portal\/wp-json\/wp\/v2\/posts\/123761\/revisions\/132647"}],"wp:featuredmedia":[{"embeddable":true,"href":"https:\/\/vestibulares.estrategia.com\/portal\/wp-json\/wp\/v2\/media\/123767"}],"wp:attachment":[{"href":"https:\/\/vestibulares.estrategia.com\/portal\/wp-json\/wp\/v2\/media?parent=123761"}],"wp:term":[{"taxonomy":"category","embeddable":true,"href":"https:\/\/vestibulares.estrategia.com\/portal\/wp-json\/wp\/v2\/categories?post=123761"},{"taxonomy":"post_tag","embeddable":true,"href":"https:\/\/vestibulares.estrategia.com\/portal\/wp-json\/wp\/v2\/tags?post=123761"},{"taxonomy":"wl_entity_type","embeddable":true,"href":"https:\/\/vestibulares.estrategia.com\/portal\/wp-json\/wp\/v2\/wl_entity_type?post=123761"}],"curies":[{"name":"wp","href":"https:\/\/api.w.org\/{rel}","templated":true}]}}