{"id":124910,"date":"2024-09-10T08:26:02","date_gmt":"2024-09-10T11:26:02","guid":{"rendered":"https:\/\/vestibulares.estrategia.com\/portal\/?p=124910"},"modified":"2024-09-10T08:26:07","modified_gmt":"2024-09-10T11:26:07","slug":"puc-minas-edital-medicina-2025","status":"publish","type":"post","link":"https:\/\/vestibulares.estrategia.com\/portal\/noticias\/puc-minas-edital-medicina-2025\/","title":{"rendered":"PUC Minas divulga edital do vestibular de Medicina 2025"},"content":{"rendered":"<p>A Pontif&iacute;cia Universidade Cat&oacute;lica de Minas Gerais (<a href=\"https:\/\/vestibulares.estrategia.com\/portal\/enem-e-vestibulares\/vestibulares\/vestibular-puc\/\">PUC Minas<\/a>) divulgou na segunda-feira (09) o edital do vestibular de Medicina 2025. Nesta edi&ccedil;&atilde;o do processo seletivo, s&atilde;o ofertadas 60 vagas para o campus de Betim, 45 para a unidade de Contagem e mais 45 para o campus de Po&ccedil;os de Caldas.<p>Os candidatos poder&atilde;o concorrer por prova, usando a nota Exame Nacional do Ensino M&eacute;dio (<a href=\"https:\/\/vestibulares.estrategia.com\/portal\/vestibulares\/enem\/\">Enem<\/a>) ou ainda como bolsistas integrais.<\/p><div class=\"wp-block-buttons is-content-justification-center is-layout-flex wp-container-core-buttons-is-layout-1 wp-block-buttons-is-layout-flex\">\n<div class=\"wp-block-button\"><a class=\"wp-block-button__link wp-element-button\" rel=\"nofollow\" href=\"https:\/\/vestibulares.estrategia.com\/portal\/wp-content\/uploads\/2024\/09\/PUC-MINAS-2025-Medicina.pdf\" target=\"_blank\">EDITAL MEDICINA<\/a><\/div>\n<\/div><p>\n\n\n\n<div class=\"cta-medio\" style=\"background-image: url(https:\/\/vestibulares.estrategia.com\/portal\/wp-content\/uploads\/2024\/08\/curso-puc-estrategia-vestibulares-ctamedio.jpg);\"><h3>Pacote PUC<\/h3> <p>Conhe\u00e7a nosso curso<\/p><div class=\"cta-botao\"><a id=\"cta-medio\" href=\"https:\/\/vestibulares.estrategia.com\/curso\/pacote-puc\/\" target=\"_blank\" style=\"background:rgb(255,150,0)\">Saiba mais<\/a><\/div><\/div>\n\n\n\n<\/p><div id=\"ez-toc-container\" class=\"ez-toc-v2_0_76 counter-hierarchy ez-toc-counter ez-toc-transparent ez-toc-container-direction\">\n<div class=\"ez-toc-title-container\"><p class=\"ez-toc-title\" style=\"cursor:inherit\">Navegue pelo conte\u00fado<\/p>\n<\/div><nav><ul class='ez-toc-list ez-toc-list-level-1 ' ><li class='ez-toc-page-1 ez-toc-heading-level-2'><a class=\"ez-toc-link ez-toc-heading-1\" href=\"https:\/\/vestibulares.estrategia.com\/portal\/noticias\/puc-minas-edital-medicina-2025\/#Inscricoes\" >Inscri&ccedil;&otilde;es<\/a><\/li><li class='ez-toc-page-1 ez-toc-heading-level-2'><a class=\"ez-toc-link ez-toc-heading-2\" href=\"https:\/\/vestibulares.estrategia.com\/portal\/noticias\/puc-minas-edital-medicina-2025\/#Taxa-de-inscricao\" >Taxa de inscri&ccedil;&atilde;o<\/a><\/li><li class='ez-toc-page-1 ez-toc-heading-level-2'><a class=\"ez-toc-link ez-toc-heading-3\" href=\"https:\/\/vestibulares.estrategia.com\/portal\/noticias\/puc-minas-edital-medicina-2025\/#Prova\" >Prova<\/a><\/li><li class='ez-toc-page-1 ez-toc-heading-level-2'><a class=\"ez-toc-link ez-toc-heading-4\" href=\"https:\/\/vestibulares.estrategia.com\/portal\/noticias\/puc-minas-edital-medicina-2025\/#Nota-do-Enem\" >Nota do Enem<\/a><\/li><li class='ez-toc-page-1 ez-toc-heading-level-2'><a class=\"ez-toc-link ez-toc-heading-5\" href=\"https:\/\/vestibulares.estrategia.com\/portal\/noticias\/puc-minas-edital-medicina-2025\/#Candidatos-bolsistas\" >Candidatos bolsistas<\/a><\/li><li class='ez-toc-page-1 ez-toc-heading-level-2'><a class=\"ez-toc-link ez-toc-heading-6\" href=\"https:\/\/vestibulares.estrategia.com\/portal\/noticias\/puc-minas-edital-medicina-2025\/#Calendario-PUC-Minas-Vestibular-Medicina-2025\" >Calend&aacute;rio PUC Minas Vestibular Medicina 2025<\/a><\/li><li class='ez-toc-page-1 ez-toc-heading-level-2'><a class=\"ez-toc-link ez-toc-heading-7\" href=\"https:\/\/vestibulares.estrategia.com\/portal\/noticias\/puc-minas-edital-medicina-2025\/#Estude-na-PUC-Minas\" >Estude na PUC Minas<\/a><\/li><\/ul><\/nav><\/div>\n<h2 class=\"wp-block-heading\" id=\"h-inscricoes\"><span class=\"ez-toc-section\" id=\"Inscricoes\"><\/span>Inscri&ccedil;&otilde;es<span class=\"ez-toc-section-end\"><\/span><\/h2><p>O per&iacute;odo de inscri&ccedil;&otilde;es para os candidatos que desejam concorrer por prova vai de 09 de setembro a 06 de outubro de 2024. J&aacute; para aqueles que querem usar a nota do Enem ou concorrer como bolsista, o per&iacute;odo de inscri&ccedil;&otilde;es vai de 09 de setembro a 25 de outubro de 2024.<\/p><p>Em todos os casos, as inscri&ccedil;&otilde;es devem ser realizadas exclusivamente pelo site da PUC Minas.<\/p><div class=\"wp-block-buttons is-content-justification-center is-layout-flex wp-container-core-buttons-is-layout-2 wp-block-buttons-is-layout-flex\">\n<div class=\"wp-block-button\"><a class=\"wp-block-button__link wp-element-button\" href=\"https:\/\/www.pucminas.br\/medicina\/Paginas\/default.aspx\" target=\"_blank\">INSCREVA-SE<\/a><\/div>\n<\/div><h2 class=\"wp-block-heading\" id=\"h-taxa-de-inscricao\"><span class=\"ez-toc-section\" id=\"Taxa-de-inscricao\"><\/span>Taxa de inscri&ccedil;&atilde;o<span class=\"ez-toc-section-end\"><\/span><\/h2><p>Para ter a inscri&ccedil;&atilde;o confirmada, o candidato precisa fazer o pagamento da taxa de inscri&ccedil;&atilde;o, que varia de acordo com o tipo de sele&ccedil;&atilde;o escolhida. Veja:<\/p><ul class=\"wp-block-list\">\n<li><strong>Prova:<\/strong>&nbsp;R$ 250,00;<\/li>\n\n\n\n<li><strong>Nota do Enem:&nbsp;<\/strong>R$ 65,00;<\/li>\n\n\n\n<li><strong>Bolsista: <\/strong>R$ 35,00.<\/li>\n<\/ul><h2 class=\"wp-block-heading\" id=\"h-prova\"><span class=\"ez-toc-section\" id=\"Prova\"><\/span>Prova<span class=\"ez-toc-section-end\"><\/span><\/h2><p>As provas ser&atilde;o realizadas presencialmente, no dia 26 de outubro de 2024, compostas por 50 quest&otilde;es objetivas e uma reda&ccedil;&atilde;o.<\/p><h2 class=\"wp-block-heading\" id=\"h-nota-do-enem\"><span class=\"ez-toc-section\" id=\"Nota-do-Enem\"><\/span>Nota do Enem<span class=\"ez-toc-section-end\"><\/span><\/h2><p>Os candidatos que escolherem concorrer usando a nota do Enem, podem usar as edi&ccedil;&otilde;es de 2013 a 20223.<\/p><h2 class=\"wp-block-heading\" id=\"h-candidatos-bolsistas\"><span class=\"ez-toc-section\" id=\"Candidatos-bolsistas\"><\/span>Candidatos bolsistas<span class=\"ez-toc-section-end\"><\/span><\/h2><p>De acordo com o edital, &eacute; eleg&iacute;vel para a bolsa de estudo integral todo candidato que seja cidad&atilde;o brasileiro e que atenda aos seguintes requisitos:<\/p><ul class=\"wp-block-list\">\n<li>n&atilde;o seja portador de diploma de curso superior;<\/li>\n\n\n\n<li>possua renda familiar mensal, per capita, n&atilde;o superior ao valor de 1 (um) sal&aacute;rio-m&iacute;nimo e<br>1\/2 (meio);<\/li>\n\n\n\n<li>possua situa&ccedil;&atilde;o econ&ocirc;mico-financeira e situa&ccedil;&atilde;o patrimonial que, a crit&eacute;rio da Universidade, impossibilite o custeio dos valores referentes &agrave; semestralidade do curso.<\/li>\n<\/ul><p>\n\n\n\n<div id=\"new-form\">\n\t<form id=\"forms_layout\">\n\t<input type=\"hidden\" id=\"chave_de\" name=\"chave_de\" value=\"01_EVEST_LEADS_TOTAIS\" \/>\n\t\t<input type=\"hidden\" id=\"mid\" name=\"mid\" value=\"515008983\" \/>\n\t\t<input type=\"hidden\" id=\"Objetivo\" name=\"Objetivo\" value=\"Vestibulares\" \/>\n\t\t<input type=\"hidden\" id=\"Estado_de_Origem_do_IP\" name=\"Estado_de_Origem_do_IP\"  value=\"\" \/>\n\t\t<input type=\"hidden\" id=\"Cidade_de_Origem_do_IP\" name=\"Cidade_de_Origem_do_IP\" value=\"\" \/>\n\t\t<input type=\"hidden\" id=\"Modo_de_entrada\" name=\"Modo_de_entrada\" value=\"Portal\" \/>\n\t\t<input type=\"hidden\" id=\"Pagina_Origem\" name=\"Pagina_Origem\" value=\"\" \/>\n\n\t\t<div class=\"texto\">\n\t\t\t<h3 class=\"news\">Inscreva-se em nossa newsletter\ud83e\udd89<\/h3>\n\t\t\t<p>Receba dicas de estudo gratuitas e saiba em primeira m\u00e3o as novidades sobre o Enem, Sisu, Encceja, Fuvest e outros vestibulares!<\/p>\n\t\t<\/div>\n\t\t<div class=\"campos\">\n\t\t\t<div class=\"first_name labels\">\n\t\t\t\t<input type=\"text\" class=\"input_labels\" id=\"first_name\" name=\"Nome_Completo\" placeholder=\"Nome\" required \/>\n\t\t\t<\/div>\n\t\t\t<div class=\"email labels\">\n\t\t\t\t<input type=\"email\" class=\"input_labels\" id=\"email\" name=\"Email\" placeholder=\"E-mail\" required \/>\n\t\t\t<\/div>\n\t\t\t<button type=\"submit\" class=\"button_layout\">\n\t\t\t\t<div id=\"lblBotao\">Inscreva-se<\/div>\n\t\t\t\t<span id=\"divSpiner\" class=\"loader\" role=\"status\" style=\"display: none;\"><\/span>\t\n\t\t\t<\/button>\n\t\t<\/div><!-- \/campos -->\n\t\t\n\t\t<label class=\"container_checkbox\">Voc\u00ea concorda com a nossa\n\t\t\t<a class=\"politics_privacy_ahref\" target=\"_blank\" href=\"https:\/\/gratis.estrategiaconcursos.com.br\/politica-de-privacidade\/\">Pol\u00edtica de Privacidade<\/a> e aceita receber informa\u00e7\u00f5es adicionais do Estrat\u00e9gia Educacional.\n\t\t\t<input id=\"checkbox_layout\" type=\"checkbox\" checked=\"checked\" required \/>\n\t\t\t<span class=\"checkbox\"><\/span>\n\t\t<\/label>\n\t\t<div id=\"msg\"><\/div>\n\t\t<div id=\"error\" class=\"error\">\n\t\t<\/div>\n\t<\/form>\n<\/div><!-- \/new-form -->\n\n\n\n<\/p><h2 class=\"wp-block-heading\" id=\"h-calendario-puc-minas-vestibular-medicina-2025\"><span class=\"ez-toc-section\" id=\"Calendario-PUC-Minas-Vestibular-Medicina-2025\"><\/span>Calend&aacute;rio PUC Minas Vestibular Medicina 2025<span class=\"ez-toc-section-end\"><\/span><\/h2><ul class=\"wp-block-list\">\n<li><strong>Inscri&ccedil;&otilde;es<\/strong>\n<ul class=\"wp-block-list\">\n<li><strong>Prova<\/strong>: 09\/09 a 06\/10\/2024;<\/li>\n\n\n\n<li><strong>Nota do Enem e bolsistas:<\/strong> 09\/09 a 25\/10\/2024;<\/li>\n<\/ul>\n<\/li>\n\n\n\n<li><strong>Prova<\/strong>: 26\/10\/2024;<\/li>\n\n\n\n<li><strong>Resultado<\/strong>: 22\/11\/2024.<\/li>\n<\/ul><h2 class=\"wp-block-heading\" id=\"h-estude-na-puc-minas\"><span class=\"ez-toc-section\" id=\"Estude-na-PUC-Minas\"><\/span>Estude na PUC Minas<span class=\"ez-toc-section-end\"><\/span><\/h2><p>O Estrat&eacute;gia Vestibulares oferece uma estrutura completa para te preparar para o vestibular da PUC. Conhe&ccedil;a o que a Coruja oferece: professores especializados na banca da PUC, Banco de Quest&otilde;es, aulas ao vivo, gravadas e gratuitas; PDFs, corre&ccedil;&otilde;es ilimitadas de reda&ccedil;&otilde;es, monitorias, revis&otilde;es de v&eacute;spera e muito mais!<\/p><p>\n\n\n\n\n\n<a id=\"cta\" class=\"cta-imagem\" href=\"https:\/\/vestibulares.estrategia.com\/curso\/pacote-puc\/\" target=\"blank\">\n                <img decoding=\"async\" width=\"100%\" src=\"https:\/\/vestibulares.estrategia.com\/portal\/wp-content\/uploads\/2021\/12\/PUC.jpg\" alt=\"CTA Curso PUC\" title=\"CTA Curso PUC\">\n        <\/a>\n<\/p><\/p>\n","protected":false},"excerpt":{"rendered":"S\u00e3o ofertadas 60 vagas para o campus de Betim, 45 para a unidade de Contagem e mais 45 para o campus de Po\u00e7os de Caldas; confira\n","protected":false},"author":48,"featured_media":124907,"comment_status":"closed","ping_status":"closed","sticky":false,"template":"","format":"standard","meta":{"wl_entities_gutenberg":"","footnotes":""},"categories":[47],"tags":[],"wl_entity_type":[732],"class_list":{"0":"post-124910","1":"post","2":"type-post","3":"status-publish","4":"format-standard","5":"has-post-thumbnail","7":"category-noticias","8":"wl_entity_type-article"},"acf":[],"yoast_head":"<!-- This site is optimized with the Yoast SEO Premium plugin v25.9 (Yoast SEO v25.9) - https:\/\/yoast.com\/wordpress\/plugins\/seo\/ -->\n<title>PUC Minas divulga edital do vestibular de Medicina 2025<\/title>\n<meta name=\"description\" content=\"S\u00e3o ofertadas 60 vagas para o campus de Betim, 45 para a unidade de Contagem e mais 45 para o campus de Po\u00e7os de Caldas; confira\" \/>\n<meta name=\"robots\" content=\"index, follow, max-snippet:-1, max-image-preview:large, max-video-preview:-1\" \/>\n<link rel=\"canonical\" href=\"https:\/\/vestibulares.estrategia.com\/portal\/noticias\/puc-minas-edital-medicina-2025\/\" \/>\n<meta property=\"og:locale\" content=\"pt_BR\" \/>\n<meta property=\"og:type\" content=\"article\" \/>\n<meta property=\"og:title\" content=\"PUC Minas divulga edital do vestibular de Medicina 2025\" \/>\n<meta property=\"og:description\" content=\"S\u00e3o ofertadas 60 vagas para o campus de Betim, 45 para a unidade de Contagem e mais 45 para o campus de Po\u00e7os de Caldas; confira\" \/>\n<meta property=\"og:url\" content=\"https:\/\/vestibulares.estrategia.com\/portal\/noticias\/puc-minas-edital-medicina-2025\/\" \/>\n<meta property=\"og:site_name\" content=\"Estrat\u00e9gia Vestibulares\" \/>\n<meta property=\"article:publisher\" content=\"https:\/\/facebook.com\/estrategiavestibulares\" \/>\n<meta property=\"article:published_time\" content=\"2024-09-10T11:26:02+00:00\" \/>\n<meta property=\"article:modified_time\" content=\"2024-09-10T11:26:07+00:00\" \/>\n<meta property=\"og:image\" content=\"https:\/\/vestibulares.estrategia.com\/portal\/wp-content\/uploads\/2024\/09\/vestibular-puc-ev-2.jpg\" \/>\n\t<meta property=\"og:image:width\" content=\"1280\" \/>\n\t<meta property=\"og:image:height\" content=\"720\" \/>\n\t<meta property=\"og:image:type\" content=\"image\/jpeg\" \/>\n<meta name=\"author\" content=\"Beatriz Santana\" \/>\n<meta name=\"twitter:card\" content=\"summary_large_image\" \/>\n<meta name=\"twitter:creator\" content=\"@Estrategiavest\" \/>\n<meta name=\"twitter:site\" content=\"@Estrategiavest\" \/>\n<meta name=\"twitter:label1\" content=\"Escrito por\" \/>\n\t<meta name=\"twitter:data1\" content=\"Beatriz Santana\" \/>\n\t<meta name=\"twitter:label2\" content=\"Est. tempo de leitura\" \/>\n\t<meta name=\"twitter:data2\" content=\"2 minutos\" \/>\n<script type=\"application\/ld+json\" class=\"yoast-schema-graph\">{\"@context\":\"https:\/\/schema.org\",\"@graph\":[{\"@type\":\"NewsArticle\",\"@id\":\"https:\/\/vestibulares.estrategia.com\/portal\/noticias\/puc-minas-edital-medicina-2025\/#article\",\"isPartOf\":{\"@id\":\"https:\/\/vestibulares.estrategia.com\/portal\/noticias\/puc-minas-edital-medicina-2025\/\"},\"author\":{\"name\":\"Beatriz Santana\",\"@id\":\"https:\/\/vestibulares.estrategia.com\/portal\/#\/schema\/person\/cdd941dcf53839374c0bc8d39bb0230f\"},\"headline\":\"PUC Minas divulga edital do vestibular de Medicina 2025\",\"datePublished\":\"2024-09-10T11:26:02+00:00\",\"dateModified\":\"2024-09-10T11:26:07+00:00\",\"mainEntityOfPage\":{\"@id\":\"https:\/\/vestibulares.estrategia.com\/portal\/noticias\/puc-minas-edital-medicina-2025\/\"},\"wordCount\":394,\"publisher\":{\"@id\":\"https:\/\/vestibulares.estrategia.com\/portal\/#organization\"},\"image\":{\"@id\":\"https:\/\/vestibulares.estrategia.com\/portal\/noticias\/puc-minas-edital-medicina-2025\/#primaryimage\"},\"thumbnailUrl\":\"https:\/\/vestibulares.estrategia.com\/portal\/wp-content\/uploads\/2024\/09\/vestibular-puc-ev-2.jpg\",\"articleSection\":[\"Not\u00edcias\"],\"inLanguage\":\"pt-BR\"},{\"@type\":\"WebPage\",\"@id\":\"https:\/\/vestibulares.estrategia.com\/portal\/noticias\/puc-minas-edital-medicina-2025\/\",\"url\":\"https:\/\/vestibulares.estrategia.com\/portal\/noticias\/puc-minas-edital-medicina-2025\/\",\"name\":\"PUC Minas divulga edital do vestibular de Medicina 2025\",\"isPartOf\":{\"@id\":\"https:\/\/vestibulares.estrategia.com\/portal\/#website\"},\"primaryImageOfPage\":{\"@id\":\"https:\/\/vestibulares.estrategia.com\/portal\/noticias\/puc-minas-edital-medicina-2025\/#primaryimage\"},\"image\":{\"@id\":\"https:\/\/vestibulares.estrategia.com\/portal\/noticias\/puc-minas-edital-medicina-2025\/#primaryimage\"},\"thumbnailUrl\":\"https:\/\/vestibulares.estrategia.com\/portal\/wp-content\/uploads\/2024\/09\/vestibular-puc-ev-2.jpg\",\"datePublished\":\"2024-09-10T11:26:02+00:00\",\"dateModified\":\"2024-09-10T11:26:07+00:00\",\"description\":\"S\u00e3o ofertadas 60 vagas para o campus de Betim, 45 para a unidade de Contagem e mais 45 para o campus de Po\u00e7os de Caldas; confira\",\"breadcrumb\":{\"@id\":\"https:\/\/vestibulares.estrategia.com\/portal\/noticias\/puc-minas-edital-medicina-2025\/#breadcrumb\"},\"inLanguage\":\"pt-BR\",\"potentialAction\":[{\"@type\":\"ReadAction\",\"target\":[\"https:\/\/vestibulares.estrategia.com\/portal\/noticias\/puc-minas-edital-medicina-2025\/\"]}]},{\"@type\":\"ImageObject\",\"inLanguage\":\"pt-BR\",\"@id\":\"https:\/\/vestibulares.estrategia.com\/portal\/noticias\/puc-minas-edital-medicina-2025\/#primaryimage\",\"url\":\"https:\/\/vestibulares.estrategia.com\/portal\/wp-content\/uploads\/2024\/09\/vestibular-puc-ev-2.jpg\",\"contentUrl\":\"https:\/\/vestibulares.estrategia.com\/portal\/wp-content\/uploads\/2024\/09\/vestibular-puc-ev-2.jpg\",\"width\":1280,\"height\":720,\"caption\":\"vestibular puc\"},{\"@type\":\"BreadcrumbList\",\"@id\":\"https:\/\/vestibulares.estrategia.com\/portal\/noticias\/puc-minas-edital-medicina-2025\/#breadcrumb\",\"itemListElement\":[{\"@type\":\"ListItem\",\"position\":1,\"name\":\"Home\",\"item\":\"https:\/\/vestibulares.estrategia.com\/portal\/\"},{\"@type\":\"ListItem\",\"position\":2,\"name\":\"Not\u00edcias\",\"item\":\"https:\/\/vestibulares.estrategia.com\/portal\/noticias\/\"},{\"@type\":\"ListItem\",\"position\":3,\"name\":\"PUC Minas divulga edital do vestibular de Medicina 2025\"}]},{\"@type\":\"WebSite\",\"@id\":\"https:\/\/vestibulares.estrategia.com\/portal\/#website\",\"url\":\"https:\/\/vestibulares.estrategia.com\/portal\/\",\"name\":\"Estrat\u00e9gia Vestibulares\",\"description\":\"\",\"publisher\":{\"@id\":\"https:\/\/vestibulares.estrategia.com\/portal\/#organization\"},\"potentialAction\":[{\"@type\":\"SearchAction\",\"target\":{\"@type\":\"EntryPoint\",\"urlTemplate\":\"https:\/\/vestibulares.estrategia.com\/portal\/?s={search_term_string}\"},\"query-input\":{\"@type\":\"PropertyValueSpecification\",\"valueRequired\":true,\"valueName\":\"search_term_string\"}}],\"inLanguage\":\"pt-BR\"},{\"@type\":\"Organization\",\"@id\":\"https:\/\/vestibulares.estrategia.com\/portal\/#organization\",\"name\":\"Estrat\u00e9gia Vestibulares\",\"url\":\"https:\/\/vestibulares.estrategia.com\/portal\/\",\"logo\":{\"@type\":\"ImageObject\",\"inLanguage\":\"pt-BR\",\"@id\":\"https:\/\/vestibulares.estrategia.com\/portal\/#\/schema\/logo\/image\/\",\"url\":\"https:\/\/vestibulares.estrategia.com\/portal\/wp-content\/uploads\/2021\/06\/Logo-Vestibulares@4x.png\",\"contentUrl\":\"https:\/\/vestibulares.estrategia.com\/portal\/wp-content\/uploads\/2021\/06\/Logo-Vestibulares@4x.png\",\"width\":250,\"height\":66,\"caption\":\"Estrat\u00e9gia Vestibulares\"},\"image\":{\"@id\":\"https:\/\/vestibulares.estrategia.com\/portal\/#\/schema\/logo\/image\/\"},\"sameAs\":[\"https:\/\/facebook.com\/estrategiavestibulares\",\"https:\/\/x.com\/Estrategiavest\",\"https:\/\/www.instagram.com\/estrategiavestibulares\",\"https:\/\/www.youtube.com\/channel\/UCGWdZy8ULI-7_5GrABa4vNA\"]},{\"@type\":\"Person\",\"@id\":\"https:\/\/vestibulares.estrategia.com\/portal\/#\/schema\/person\/cdd941dcf53839374c0bc8d39bb0230f\",\"name\":\"Beatriz Santana\",\"image\":{\"@type\":\"ImageObject\",\"inLanguage\":\"pt-BR\",\"@id\":\"https:\/\/vestibulares.estrategia.com\/portal\/#\/schema\/person\/image\/\",\"url\":\"https:\/\/vestibulares.estrategia.com\/portal\/wp-content\/uploads\/2022\/01\/WhatsApp-Image-2021-10-21-at-10.19.09-1-150x150.webp\",\"contentUrl\":\"https:\/\/vestibulares.estrategia.com\/portal\/wp-content\/uploads\/2022\/01\/WhatsApp-Image-2021-10-21-at-10.19.09-1-150x150.webp\",\"caption\":\"Beatriz Santana\"},\"description\":\"Jornalista formada pela Unesp\",\"url\":\"https:\/\/vestibulares.estrategia.com\/portal\/author\/beatriz-santana\/\"}]}<\/script>\n<!-- \/ Yoast SEO Premium plugin. -->","yoast_head_json":{"title":"PUC Minas divulga edital do vestibular de Medicina 2025","description":"S\u00e3o ofertadas 60 vagas para o campus de Betim, 45 para a unidade de Contagem e mais 45 para o campus de Po\u00e7os de Caldas; confira","robots":{"index":"index","follow":"follow","max-snippet":"max-snippet:-1","max-image-preview":"max-image-preview:large","max-video-preview":"max-video-preview:-1"},"canonical":"https:\/\/vestibulares.estrategia.com\/portal\/noticias\/puc-minas-edital-medicina-2025\/","og_locale":"pt_BR","og_type":"article","og_title":"PUC Minas divulga edital do vestibular de Medicina 2025","og_description":"S\u00e3o ofertadas 60 vagas para o campus de Betim, 45 para a unidade de Contagem e mais 45 para o campus de Po\u00e7os de Caldas; confira","og_url":"https:\/\/vestibulares.estrategia.com\/portal\/noticias\/puc-minas-edital-medicina-2025\/","og_site_name":"Estrat\u00e9gia Vestibulares","article_publisher":"https:\/\/facebook.com\/estrategiavestibulares","article_published_time":"2024-09-10T11:26:02+00:00","article_modified_time":"2024-09-10T11:26:07+00:00","og_image":[{"width":1280,"height":720,"url":"https:\/\/vestibulares.estrategia.com\/portal\/wp-content\/uploads\/2024\/09\/vestibular-puc-ev-2.jpg","type":"image\/jpeg"}],"author":"Beatriz Santana","twitter_card":"summary_large_image","twitter_creator":"@Estrategiavest","twitter_site":"@Estrategiavest","twitter_misc":{"Escrito por":"Beatriz Santana","Est. tempo de leitura":"2 minutos"},"schema":{"@context":"https:\/\/schema.org","@graph":[{"@type":"NewsArticle","@id":"https:\/\/vestibulares.estrategia.com\/portal\/noticias\/puc-minas-edital-medicina-2025\/#article","isPartOf":{"@id":"https:\/\/vestibulares.estrategia.com\/portal\/noticias\/puc-minas-edital-medicina-2025\/"},"author":{"name":"Beatriz Santana","@id":"https:\/\/vestibulares.estrategia.com\/portal\/#\/schema\/person\/cdd941dcf53839374c0bc8d39bb0230f"},"headline":"PUC Minas divulga edital do vestibular de Medicina 2025","datePublished":"2024-09-10T11:26:02+00:00","dateModified":"2024-09-10T11:26:07+00:00","mainEntityOfPage":{"@id":"https:\/\/vestibulares.estrategia.com\/portal\/noticias\/puc-minas-edital-medicina-2025\/"},"wordCount":394,"publisher":{"@id":"https:\/\/vestibulares.estrategia.com\/portal\/#organization"},"image":{"@id":"https:\/\/vestibulares.estrategia.com\/portal\/noticias\/puc-minas-edital-medicina-2025\/#primaryimage"},"thumbnailUrl":"https:\/\/vestibulares.estrategia.com\/portal\/wp-content\/uploads\/2024\/09\/vestibular-puc-ev-2.jpg","articleSection":["Not\u00edcias"],"inLanguage":"pt-BR"},{"@type":"WebPage","@id":"https:\/\/vestibulares.estrategia.com\/portal\/noticias\/puc-minas-edital-medicina-2025\/","url":"https:\/\/vestibulares.estrategia.com\/portal\/noticias\/puc-minas-edital-medicina-2025\/","name":"PUC Minas divulga edital do vestibular de Medicina 2025","isPartOf":{"@id":"https:\/\/vestibulares.estrategia.com\/portal\/#website"},"primaryImageOfPage":{"@id":"https:\/\/vestibulares.estrategia.com\/portal\/noticias\/puc-minas-edital-medicina-2025\/#primaryimage"},"image":{"@id":"https:\/\/vestibulares.estrategia.com\/portal\/noticias\/puc-minas-edital-medicina-2025\/#primaryimage"},"thumbnailUrl":"https:\/\/vestibulares.estrategia.com\/portal\/wp-content\/uploads\/2024\/09\/vestibular-puc-ev-2.jpg","datePublished":"2024-09-10T11:26:02+00:00","dateModified":"2024-09-10T11:26:07+00:00","description":"S\u00e3o ofertadas 60 vagas para o campus de Betim, 45 para a unidade de Contagem e mais 45 para o campus de Po\u00e7os de Caldas; confira","breadcrumb":{"@id":"https:\/\/vestibulares.estrategia.com\/portal\/noticias\/puc-minas-edital-medicina-2025\/#breadcrumb"},"inLanguage":"pt-BR","potentialAction":[{"@type":"ReadAction","target":["https:\/\/vestibulares.estrategia.com\/portal\/noticias\/puc-minas-edital-medicina-2025\/"]}]},{"@type":"ImageObject","inLanguage":"pt-BR","@id":"https:\/\/vestibulares.estrategia.com\/portal\/noticias\/puc-minas-edital-medicina-2025\/#primaryimage","url":"https:\/\/vestibulares.estrategia.com\/portal\/wp-content\/uploads\/2024\/09\/vestibular-puc-ev-2.jpg","contentUrl":"https:\/\/vestibulares.estrategia.com\/portal\/wp-content\/uploads\/2024\/09\/vestibular-puc-ev-2.jpg","width":1280,"height":720,"caption":"vestibular puc"},{"@type":"BreadcrumbList","@id":"https:\/\/vestibulares.estrategia.com\/portal\/noticias\/puc-minas-edital-medicina-2025\/#breadcrumb","itemListElement":[{"@type":"ListItem","position":1,"name":"Home","item":"https:\/\/vestibulares.estrategia.com\/portal\/"},{"@type":"ListItem","position":2,"name":"Not\u00edcias","item":"https:\/\/vestibulares.estrategia.com\/portal\/noticias\/"},{"@type":"ListItem","position":3,"name":"PUC Minas divulga edital do vestibular de Medicina 2025"}]},{"@type":"WebSite","@id":"https:\/\/vestibulares.estrategia.com\/portal\/#website","url":"https:\/\/vestibulares.estrategia.com\/portal\/","name":"Estrat\u00e9gia Vestibulares","description":"","publisher":{"@id":"https:\/\/vestibulares.estrategia.com\/portal\/#organization"},"potentialAction":[{"@type":"SearchAction","target":{"@type":"EntryPoint","urlTemplate":"https:\/\/vestibulares.estrategia.com\/portal\/?s={search_term_string}"},"query-input":{"@type":"PropertyValueSpecification","valueRequired":true,"valueName":"search_term_string"}}],"inLanguage":"pt-BR"},{"@type":"Organization","@id":"https:\/\/vestibulares.estrategia.com\/portal\/#organization","name":"Estrat\u00e9gia Vestibulares","url":"https:\/\/vestibulares.estrategia.com\/portal\/","logo":{"@type":"ImageObject","inLanguage":"pt-BR","@id":"https:\/\/vestibulares.estrategia.com\/portal\/#\/schema\/logo\/image\/","url":"https:\/\/vestibulares.estrategia.com\/portal\/wp-content\/uploads\/2021\/06\/Logo-Vestibulares@4x.png","contentUrl":"https:\/\/vestibulares.estrategia.com\/portal\/wp-content\/uploads\/2021\/06\/Logo-Vestibulares@4x.png","width":250,"height":66,"caption":"Estrat\u00e9gia Vestibulares"},"image":{"@id":"https:\/\/vestibulares.estrategia.com\/portal\/#\/schema\/logo\/image\/"},"sameAs":["https:\/\/facebook.com\/estrategiavestibulares","https:\/\/x.com\/Estrategiavest","https:\/\/www.instagram.com\/estrategiavestibulares","https:\/\/www.youtube.com\/channel\/UCGWdZy8ULI-7_5GrABa4vNA"]},{"@type":"Person","@id":"https:\/\/vestibulares.estrategia.com\/portal\/#\/schema\/person\/cdd941dcf53839374c0bc8d39bb0230f","name":"Beatriz Santana","image":{"@type":"ImageObject","inLanguage":"pt-BR","@id":"https:\/\/vestibulares.estrategia.com\/portal\/#\/schema\/person\/image\/","url":"https:\/\/vestibulares.estrategia.com\/portal\/wp-content\/uploads\/2022\/01\/WhatsApp-Image-2021-10-21-at-10.19.09-1-150x150.webp","contentUrl":"https:\/\/vestibulares.estrategia.com\/portal\/wp-content\/uploads\/2022\/01\/WhatsApp-Image-2021-10-21-at-10.19.09-1-150x150.webp","caption":"Beatriz Santana"},"description":"Jornalista formada pela Unesp","url":"https:\/\/vestibulares.estrategia.com\/portal\/author\/beatriz-santana\/"}]}},"_wl_alt_label":[],"wl:entity_url":"https:\/\/data.wordlift.io\/wl110249\/post\/puc-minas-edital-medicina-2025","_links":{"self":[{"href":"https:\/\/vestibulares.estrategia.com\/portal\/wp-json\/wp\/v2\/posts\/124910","targetHints":{"allow":["GET"]}}],"collection":[{"href":"https:\/\/vestibulares.estrategia.com\/portal\/wp-json\/wp\/v2\/posts"}],"about":[{"href":"https:\/\/vestibulares.estrategia.com\/portal\/wp-json\/wp\/v2\/types\/post"}],"author":[{"embeddable":true,"href":"https:\/\/vestibulares.estrategia.com\/portal\/wp-json\/wp\/v2\/users\/48"}],"replies":[{"embeddable":true,"href":"https:\/\/vestibulares.estrategia.com\/portal\/wp-json\/wp\/v2\/comments?post=124910"}],"version-history":[{"count":2,"href":"https:\/\/vestibulares.estrategia.com\/portal\/wp-json\/wp\/v2\/posts\/124910\/revisions"}],"predecessor-version":[{"id":124913,"href":"https:\/\/vestibulares.estrategia.com\/portal\/wp-json\/wp\/v2\/posts\/124910\/revisions\/124913"}],"wp:featuredmedia":[{"embeddable":true,"href":"https:\/\/vestibulares.estrategia.com\/portal\/wp-json\/wp\/v2\/media\/124907"}],"wp:attachment":[{"href":"https:\/\/vestibulares.estrategia.com\/portal\/wp-json\/wp\/v2\/media?parent=124910"}],"wp:term":[{"taxonomy":"category","embeddable":true,"href":"https:\/\/vestibulares.estrategia.com\/portal\/wp-json\/wp\/v2\/categories?post=124910"},{"taxonomy":"post_tag","embeddable":true,"href":"https:\/\/vestibulares.estrategia.com\/portal\/wp-json\/wp\/v2\/tags?post=124910"},{"taxonomy":"wl_entity_type","embeddable":true,"href":"https:\/\/vestibulares.estrategia.com\/portal\/wp-json\/wp\/v2\/wl_entity_type?post=124910"}],"curies":[{"name":"wp","href":"https:\/\/api.w.org\/{rel}","templated":true}]}}