{"id":125078,"date":"2024-09-12T15:29:30","date_gmt":"2024-09-12T18:29:30","guid":{"rendered":"https:\/\/vestibulares.estrategia.com\/portal\/?p=125078"},"modified":"2026-01-13T16:20:56","modified_gmt":"2026-01-13T19:20:56","slug":"uefs-sisu-cursos-vagas-como-ingressar-e-muito-mais","status":"publish","type":"post","link":"https:\/\/vestibulares.estrategia.com\/portal\/enem-e-vestibulares\/uefs-sisu-cursos-vagas-como-ingressar-e-muito-mais\/","title":{"rendered":"UEFS: Sisu, cursos, vagas, como ingressar e muito mais\u00a0"},"content":{"rendered":"<p>Se voc&ecirc; quer ingressar na Universidade Estadual de Feira de Santana (UEFS), considerada uma das melhores institui&ccedil;&otilde;es de ensino superior do Brasil em v&aacute;rios de seus cursos segundo indicadores diversos, leia o artigo abaixo. O Estrat&eacute;gia Vestibulares preparou um conte&uacute;do sobre tudo que &eacute; necess&aacute;rio para entrar na UEFS via Sisu, al&eacute;m de saber mais sobre o Enem e a institui&ccedil;&atilde;o em si. Confira!<div class=\"wp-block-buttons is-content-justification-center is-layout-flex wp-container-core-buttons-is-layout-1 wp-block-buttons-is-layout-flex\">\n<div class=\"wp-block-button\"><a class=\"wp-block-button__link wp-element-button\" href=\"https:\/\/vestibulares.estrategia.com\/portal\/enem-e-vestibulares\/enem\/calendario-enem\/\" target=\"_blank\">Confira o calend&aacute;rio Enem<\/a><\/div>\n<\/div><p>Veja tamb&eacute;m:<br><a href=\"https:\/\/vestibulares.estrategia.com\/portal\/enem-e-vestibulares\/enem\/como-fazer-a-inscricao-do-enem-passo-a-passo-com-imagens\/\">+ Como fazer a inscri&ccedil;&atilde;o do Enem: passo a passo com imagens<\/a><\/p><p>\n\n\n\n<div class=\"cta-medio\" style=\"background-image: url(https:\/\/vestibulares.estrategia.com\/portal\/wp-content\/uploads\/2024\/08\/curso-enem-1-estrategia-vestibulares-ctamedio.jpg);\"><h3>Pacote Enem TOP <\/h3> <p>Estude com o Estrat\u00e9gia Vestibulares<\/p><div class=\"cta-botao\"><a id=\"cta-medio\" href=\"https:\/\/vestibulares.estrategia.com\/curso\/enem-top\/\" target=\"_blank\" style=\"background:rgb(255,150,0)\">Saiba mais<\/a><\/div><\/div>\n\n\n\n<\/p><div id=\"ez-toc-container\" class=\"ez-toc-v2_0_76 counter-hierarchy ez-toc-counter ez-toc-transparent ez-toc-container-direction\">\n<div class=\"ez-toc-title-container\"><p class=\"ez-toc-title\" style=\"cursor:inherit\">Navegue pelo conte\u00fado<\/p>\n<\/div><nav><ul class='ez-toc-list ez-toc-list-level-1 ' ><li class='ez-toc-page-1 ez-toc-heading-level-2'><a class=\"ez-toc-link ez-toc-heading-1\" href=\"https:\/\/vestibulares.estrategia.com\/portal\/enem-e-vestibulares\/uefs-sisu-cursos-vagas-como-ingressar-e-muito-mais\/#Sobre-a-UEFS\" >Sobre a UEFS<\/a><\/li><li class='ez-toc-page-1 ez-toc-heading-level-2'><a class=\"ez-toc-link ez-toc-heading-2\" href=\"https:\/\/vestibulares.estrategia.com\/portal\/enem-e-vestibulares\/uefs-sisu-cursos-vagas-como-ingressar-e-muito-mais\/#Calendario-UEFS-Enem-e-Sisu\" >Calend&aacute;rio UEFS, Enem e Sisu<\/a><\/li><li class='ez-toc-page-1 ez-toc-heading-level-2'><a class=\"ez-toc-link ez-toc-heading-3\" href=\"https:\/\/vestibulares.estrategia.com\/portal\/enem-e-vestibulares\/uefs-sisu-cursos-vagas-como-ingressar-e-muito-mais\/#Como-ingressar-na-UEFS\" >Como ingressar na UEFS<\/a><\/li><li class='ez-toc-page-1 ez-toc-heading-level-2'><a class=\"ez-toc-link ez-toc-heading-4\" href=\"https:\/\/vestibulares.estrategia.com\/portal\/enem-e-vestibulares\/uefs-sisu-cursos-vagas-como-ingressar-e-muito-mais\/#Como-funciona-o-Sisu\" >Como funciona o Sisu?<\/a><\/li><li class='ez-toc-page-1 ez-toc-heading-level-2'><a class=\"ez-toc-link ez-toc-heading-5\" href=\"https:\/\/vestibulares.estrategia.com\/portal\/enem-e-vestibulares\/uefs-sisu-cursos-vagas-como-ingressar-e-muito-mais\/#Quais-sao-as-modalidades-de-concorrencia\" >Quais s&atilde;o as modalidades de concorr&ecirc;ncia?<\/a><\/li><li class='ez-toc-page-1 ez-toc-heading-level-2'><a class=\"ez-toc-link ez-toc-heading-6\" href=\"https:\/\/vestibulares.estrategia.com\/portal\/enem-e-vestibulares\/uefs-sisu-cursos-vagas-como-ingressar-e-muito-mais\/#Lei-de-cotas-Sisu\" >Lei de cotas Sisu<\/a><\/li><li class='ez-toc-page-1 ez-toc-heading-level-2'><a class=\"ez-toc-link ez-toc-heading-7\" href=\"https:\/\/vestibulares.estrategia.com\/portal\/enem-e-vestibulares\/uefs-sisu-cursos-vagas-como-ingressar-e-muito-mais\/#Resultado-e-abertura-das-inscricoes-do-Sisu\" >Resultado e abertura das inscri&ccedil;&otilde;es do Sisu<\/a><\/li><li class='ez-toc-page-1 ez-toc-heading-level-2'><a class=\"ez-toc-link ez-toc-heading-8\" href=\"https:\/\/vestibulares.estrategia.com\/portal\/enem-e-vestibulares\/uefs-sisu-cursos-vagas-como-ingressar-e-muito-mais\/#Acoes-afirmativas-UEFS\" >A&ccedil;&otilde;es afirmativas UEFS<\/a><\/li><li class='ez-toc-page-1 ez-toc-heading-level-2'><a class=\"ez-toc-link ez-toc-heading-9\" href=\"https:\/\/vestibulares.estrategia.com\/portal\/enem-e-vestibulares\/uefs-sisu-cursos-vagas-como-ingressar-e-muito-mais\/#Como-e-o-Enem\" >Como &eacute; o Enem?<\/a><\/li><li class='ez-toc-page-1 ez-toc-heading-level-2'><a class=\"ez-toc-link ez-toc-heading-10\" href=\"https:\/\/vestibulares.estrategia.com\/portal\/enem-e-vestibulares\/uefs-sisu-cursos-vagas-como-ingressar-e-muito-mais\/#Locais-de-prova\" >Locais de prova<\/a><\/li><li class='ez-toc-page-1 ez-toc-heading-level-2'><a class=\"ez-toc-link ez-toc-heading-11\" href=\"https:\/\/vestibulares.estrategia.com\/portal\/enem-e-vestibulares\/uefs-sisu-cursos-vagas-como-ingressar-e-muito-mais\/#O-que-levar-no-dia-da-prova\" >O que levar no dia da prova?<\/a><\/li><li class='ez-toc-page-1 ez-toc-heading-level-2'><a class=\"ez-toc-link ez-toc-heading-12\" href=\"https:\/\/vestibulares.estrategia.com\/portal\/enem-e-vestibulares\/uefs-sisu-cursos-vagas-como-ingressar-e-muito-mais\/#Como-funciona-a-prova-do-Enem\" >Como funciona a prova do Enem?<\/a><\/li><li class='ez-toc-page-1 ez-toc-heading-level-2'><a class=\"ez-toc-link ez-toc-heading-13\" href=\"https:\/\/vestibulares.estrategia.com\/portal\/enem-e-vestibulares\/uefs-sisu-cursos-vagas-como-ingressar-e-muito-mais\/#Como-calcular-a-nota-do-Enem\" >Como calcular a nota do Enem?<\/a><\/li><li class='ez-toc-page-1 ez-toc-heading-level-2'><a class=\"ez-toc-link ez-toc-heading-14\" href=\"https:\/\/vestibulares.estrategia.com\/portal\/enem-e-vestibulares\/uefs-sisu-cursos-vagas-como-ingressar-e-muito-mais\/#Como-funciona-a-redacao-do-Enem\" >Como funciona a reda&ccedil;&atilde;o do Enem<\/a><\/li><li class='ez-toc-page-1 ez-toc-heading-level-2'><a class=\"ez-toc-link ez-toc-heading-15\" href=\"https:\/\/vestibulares.estrategia.com\/portal\/enem-e-vestibulares\/uefs-sisu-cursos-vagas-como-ingressar-e-muito-mais\/#Como-a-redacao-e-avaliada-pela-banca\" >Como a reda&ccedil;&atilde;o &eacute; avaliada pela banca?<\/a><\/li><li class='ez-toc-page-1 ez-toc-heading-level-2'><a class=\"ez-toc-link ez-toc-heading-16\" href=\"https:\/\/vestibulares.estrategia.com\/portal\/enem-e-vestibulares\/uefs-sisu-cursos-vagas-como-ingressar-e-muito-mais\/#Veja-os-ultimos-temas-de-redacao-do-Enem\" >Veja os &uacute;ltimos temas de reda&ccedil;&atilde;o do Enem<\/a><\/li><li class='ez-toc-page-1 ez-toc-heading-level-2'><a class=\"ez-toc-link ez-toc-heading-17\" href=\"https:\/\/vestibulares.estrategia.com\/portal\/enem-e-vestibulares\/uefs-sisu-cursos-vagas-como-ingressar-e-muito-mais\/#Matriz-de-Referencia-Enem\" >Matriz de Refer&ecirc;ncia Enem<\/a><\/li><li class='ez-toc-page-1 ez-toc-heading-level-2'><a class=\"ez-toc-link ez-toc-heading-18\" href=\"https:\/\/vestibulares.estrategia.com\/portal\/enem-e-vestibulares\/uefs-sisu-cursos-vagas-como-ingressar-e-muito-mais\/#Provas-de-Habilidades-Especificas-UEFS\" >Provas de Habilidades Espec&iacute;ficas UEFS<\/a><\/li><li class='ez-toc-page-1 ez-toc-heading-level-2'><a class=\"ez-toc-link ez-toc-heading-19\" href=\"https:\/\/vestibulares.estrategia.com\/portal\/enem-e-vestibulares\/uefs-sisu-cursos-vagas-como-ingressar-e-muito-mais\/#Como-se-matricular-na-UEFS\" >Como se matricular na UEFS<\/a><\/li><li class='ez-toc-page-1 ez-toc-heading-level-2'><a class=\"ez-toc-link ez-toc-heading-20\" href=\"https:\/\/vestibulares.estrategia.com\/portal\/enem-e-vestibulares\/uefs-sisu-cursos-vagas-como-ingressar-e-muito-mais\/#Notas-de-corte-UEFS\" >Notas de corte UEFS<\/a><\/li><li class='ez-toc-page-1 ez-toc-heading-level-2'><a class=\"ez-toc-link ez-toc-heading-21\" href=\"https:\/\/vestibulares.estrategia.com\/portal\/enem-e-vestibulares\/uefs-sisu-cursos-vagas-como-ingressar-e-muito-mais\/#Cursos-UEFS\" >Cursos UEFS<\/a><\/li><li class='ez-toc-page-1 ez-toc-heading-level-2'><a class=\"ez-toc-link ez-toc-heading-22\" href=\"https:\/\/vestibulares.estrategia.com\/portal\/enem-e-vestibulares\/uefs-sisu-cursos-vagas-como-ingressar-e-muito-mais\/#Campi-e-estruturas-da-UEFS\" >Campi e estruturas da UEFS<\/a><\/li><li class='ez-toc-page-1 ez-toc-heading-level-2'><a class=\"ez-toc-link ez-toc-heading-23\" href=\"https:\/\/vestibulares.estrategia.com\/portal\/enem-e-vestibulares\/uefs-sisu-cursos-vagas-como-ingressar-e-muito-mais\/#Oportunidades-da-UEFS\" >Oportunidades da UEFS<\/a><\/li><li class='ez-toc-page-1 ez-toc-heading-level-2'><a class=\"ez-toc-link ez-toc-heading-24\" href=\"https:\/\/vestibulares.estrategia.com\/portal\/enem-e-vestibulares\/uefs-sisu-cursos-vagas-como-ingressar-e-muito-mais\/#Auxilios-e-permanencia-estudantil\" >Aux&iacute;lios e perman&ecirc;ncia estudantil<\/a><\/li><li class='ez-toc-page-1 ez-toc-heading-level-2'><a class=\"ez-toc-link ez-toc-heading-25\" href=\"https:\/\/vestibulares.estrategia.com\/portal\/enem-e-vestibulares\/uefs-sisu-cursos-vagas-como-ingressar-e-muito-mais\/#Confira-os-cursos-Enem-do-Estrategia-Vestibulares\" >Confira os cursos Enem do Estrat&eacute;gia Vestibulares<\/a><\/li><\/ul><\/nav><\/div>\n<h2 class=\"wp-block-heading\" id=\"h-sobre-a-uefs\"><span class=\"ez-toc-section\" id=\"Sobre-a-UEFS\"><\/span>Sobre a UEFS<span class=\"ez-toc-section-end\"><\/span><\/h2><p>A Universidade Estadual de Feira de Santana (UEFS) encontra-se no Portal do Sert&atilde;o, regi&atilde;o administrativa da Bahia na qual a cidade de Feira de Santana est&aacute; localizada. Sua implanta&ccedil;&atilde;o foi feita a partir de uma estrat&eacute;gia governamental com o objetivo de interiorizar a educa&ccedil;&atilde;o superior que, at&eacute; ent&atilde;o, era restrita &agrave; Salvador, capital da Bahia.<\/p><p>Atualmente, a universidade &eacute; composta por um campus central, localizado em Feira de Santana, onde estruturam-se e s&atilde;o lecionados todos os cursos de gradua&ccedil;&atilde;o da UEFS. Al&eacute;m do campus principal, unidades externas como o Horto Florestal, o Observat&oacute;rio Astron&ocirc;mico Antares, o Centro Universit&aacute;rio de Cultura e Arte (CUCA) e uma unidade avan&ccedil;ada na Chapada Diamantina comp&otilde;em a institui&ccedil;&atilde;o.<\/p><p>\n\n\n\n<div id=\"new-form\">\n\t<form id=\"forms_layout\">\n\t<input type=\"hidden\" id=\"chave_de\" name=\"chave_de\" value=\"01_EVEST_LEADS_TOTAIS\" \/>\n\t\t<input type=\"hidden\" id=\"mid\" name=\"mid\" value=\"515008983\" \/>\n\t\t<input type=\"hidden\" id=\"Objetivo\" name=\"Objetivo\" value=\"Vestibulares\" \/>\n\t\t<input type=\"hidden\" id=\"Estado_de_Origem_do_IP\" name=\"Estado_de_Origem_do_IP\"  value=\"\" \/>\n\t\t<input type=\"hidden\" id=\"Cidade_de_Origem_do_IP\" name=\"Cidade_de_Origem_do_IP\" value=\"\" \/>\n\t\t<input type=\"hidden\" id=\"Modo_de_entrada\" name=\"Modo_de_entrada\" value=\"Portal\" \/>\n\t\t<input type=\"hidden\" id=\"Pagina_Origem\" name=\"Pagina_Origem\" value=\"\" \/>\n\n\t\t<div class=\"texto\">\n\t\t\t<h3 class=\"news\">Inscreva-se em nossa newsletter\ud83e\udd89<\/h3>\n\t\t\t<p>Receba dicas de estudo gratuitas e saiba em primeira m\u00e3o as novidades sobre o Enem, Sisu, Encceja, Fuvest e outros vestibulares!<\/p>\n\t\t<\/div>\n\t\t<div class=\"campos\">\n\t\t\t<div class=\"first_name labels\">\n\t\t\t\t<input type=\"text\" class=\"input_labels\" id=\"first_name\" name=\"Nome_Completo\" placeholder=\"Nome\" required \/>\n\t\t\t<\/div>\n\t\t\t<div class=\"email labels\">\n\t\t\t\t<input type=\"email\" class=\"input_labels\" id=\"email\" name=\"Email\" placeholder=\"E-mail\" required \/>\n\t\t\t<\/div>\n\t\t\t<button type=\"submit\" class=\"button_layout\">\n\t\t\t\t<div id=\"lblBotao\">Inscreva-se<\/div>\n\t\t\t\t<span id=\"divSpiner\" class=\"loader\" role=\"status\" style=\"display: none;\"><\/span>\t\n\t\t\t<\/button>\n\t\t<\/div><!-- \/campos -->\n\t\t\n\t\t<label class=\"container_checkbox\">Voc\u00ea concorda com a nossa\n\t\t\t<a class=\"politics_privacy_ahref\" target=\"_blank\" href=\"https:\/\/gratis.estrategiaconcursos.com.br\/politica-de-privacidade\/\">Pol\u00edtica de Privacidade<\/a> e aceita receber informa\u00e7\u00f5es adicionais do Estrat\u00e9gia Educacional.\n\t\t\t<input id=\"checkbox_layout\" type=\"checkbox\" checked=\"checked\" required \/>\n\t\t\t<span class=\"checkbox\"><\/span>\n\t\t<\/label>\n\t\t<div id=\"msg\"><\/div>\n\t\t<div id=\"error\" class=\"error\">\n\t\t<\/div>\n\t<\/form>\n<\/div><!-- \/new-form -->\n\n\n\n<\/p><h2 class=\"wp-block-heading\" id=\"h-calendario-uefs-enem-e-sisu\"><span class=\"ez-toc-section\" id=\"Calendario-UEFS-Enem-e-Sisu\"><\/span>Calend&aacute;rio UEFS, Enem e Sisu<span class=\"ez-toc-section-end\"><\/span><\/h2><h3 class=\"wp-block-heading\" id=\"h-enem-2025\">Enem 2025<\/h3><ul class=\"wp-block-list\">\n<li><strong>Divulga&ccedil;&atilde;o do edital<\/strong><br>23\/05\/2025 &ndash;&nbsp;<a href=\"https:\/\/vestibulares.estrategia.com\/portal\/noticias\/edital-enem-2024-completo-datas-inscricoes-provas-e-resultado\/\" target=\"_blank\">acesse o edital<\/a><\/li>\n\n\n\n<li><strong>Per&iacute;odo de solicita&ccedil;&atilde;o de isen&ccedil;&atilde;o e justificativa de aus&ecirc;ncia<br><\/strong>14 a 25\/04\/2025<\/li>\n\n\n\n<li><strong>Divulga&ccedil;&atilde;o do resultado do pedido de isen&ccedil;&atilde;o e da justificativa de aus&ecirc;ncia<br><\/strong>12\/05\/2025<\/li>\n\n\n\n<li><strong>Recurso da justificativa de aus&ecirc;ncia e permiss&atilde;o de isen&ccedil;&atilde;o da taxa de inscri&ccedil;&atilde;o<br><\/strong>12 a 16\/05\/2025<\/li>\n\n\n\n<li><strong>Resultados do recurso da justificativa de aus&ecirc;ncia e pedido de isen&ccedil;&atilde;o da taxa de inscri&ccedil;&atilde;o<br><\/strong>22\/05\/2025<\/li>\n\n\n\n<li><strong>Per&iacute;odo de inscri&ccedil;&otilde;es do Enem 2025<br><\/strong>26\/05 a 06\/06\/2025<\/li>\n\n\n\n<li><strong>Pagamento da taxa de inscri&ccedil;&atilde;o<\/strong><br>at&eacute; 11\/06\/2025<\/li>\n\n\n\n<li><strong>Divulga&ccedil;&atilde;o do local de prova do Enem 2025<\/strong><br><em>24\/10\/2025<\/em><\/li>\n\n\n\n<li><strong>Provas Enem 2025<\/strong>*<br>09 e 16\/11\/2025<\/li>\n\n\n\n<li><strong>Divulga&ccedil;&atilde;o do gabarito oficial<\/strong><br>at&eacute; o 10&deg; dia &uacute;til ap&oacute;s o 2&deg; dia de aplica&ccedil;&atilde;o<\/li>\n\n\n\n<li><strong>Divulga&ccedil;&atilde;o do resultado<\/strong><br>16\/01\/2026<\/li>\n\n\n\n<li><strong>*Aplica&ccedil;&atilde;o em Bel&eacute;m, Ananindeua e Marituba (PA)<br><\/strong>30\/11 e 07\/12\/2025<\/li>\n<\/ul><h3 class=\"wp-block-heading\" id=\"h-sisu-2026\">Sisu 2026<\/h3><ul class=\"wp-block-list\">\n<li><strong>Divulga&ccedil;&atilde;o do edital:<\/strong>&nbsp;23\/12\/2025;<\/li>\n\n\n\n<li><strong>Per&iacute;odo de inscri&ccedil;&atilde;o:&nbsp;<\/strong>19 a 23\/01\/2026;<\/li>\n\n\n\n<li><strong>Resultado da lista &uacute;nica:&nbsp;<\/strong>29\/01\/2026;<\/li>\n\n\n\n<li><strong>Matr&iacute;culas chamada regular:&nbsp;<\/strong>a partir de 02\/02\/2026;<\/li>\n\n\n\n<li><strong>Per&iacute;odo para participar da lista de espera:&nbsp;<\/strong>29\/01 a 02\/02\/2026.<\/li>\n<\/ul><h2 class=\"wp-block-heading\" id=\"h-como-ingressar-na-uefs\"><span class=\"ez-toc-section\" id=\"Como-ingressar-na-UEFS\"><\/span>Como ingressar na UEFS<span class=\"ez-toc-section-end\"><\/span><\/h2><p>O ingresso na Universidade Estadual de Feira de Santana &eacute; feito pelo Sistema de Sele&ccedil;&atilde;o Unificada (Sisu), criado pelo Minist&eacute;rio da Educa&ccedil;&atilde;o (MEC), em 2010, para que institui&ccedil;&otilde;es p&uacute;blicas de ensino superior ofere&ccedil;am vagas a candidatos que participaram do Exame Nacional do Ensino M&eacute;dio (Enem).&nbsp;<\/p><h2 class=\"wp-block-heading\" id=\"h-como-funciona-o-sisu\"><span class=\"ez-toc-section\" id=\"Como-funciona-o-Sisu\"><\/span>Como funciona o Sisu?<span class=\"ez-toc-section-end\"><\/span><\/h2><p>O Sisu &eacute; um sistema online que re&uacute;ne candidatos e institui&ccedil;&otilde;es na mesma plataforma. &Eacute; dentro do site do programa que se escolhe o curso e a institui&ccedil;&atilde;o pela qual vai concorrer. A nota que comp&otilde;e o Sisu &eacute; a nota do Enem do ano vigente.<\/p><p>Por conta disso, o desempenho do candidato no Enem &eacute; determinante para conquistar uma das vagas existentes na UEFS. A ades&atilde;o ao Sisu &eacute; opcional e, por conta disso, muitas outras institui&ccedil;&otilde;es contam com processos seletivos pr&oacute;prios, que podem incluir, ou n&atilde;o, a nota do exame.<\/p><p>Para se inscrever, o candidato deve acessar o site do Sisu, entrar no sistema com seus dados de acesso e escolher o curso e a institui&ccedil;&atilde;o que deseja concorrer &agrave;s vagas. As inscri&ccedil;&otilde;es s&atilde;o abertas duas vezes ao ano.<\/p><p>Para se inscrever no Sisu, o candidato precisa ter em m&atilde;os o n&uacute;mero de inscri&ccedil;&atilde;o no Enem e senha utilizada para acesso ao sistema. N&atilde;o h&aacute; pagamento de taxa para participar do programa.<\/p><p>Ao fim da inscri&ccedil;&atilde;o, o Sisu divulga a primeira lista de chamada com os candidatos mais bem colocados. Apenas candidatos que n&atilde;o zeraram a Reda&ccedil;&atilde;o podem participar do Sisu.<\/p><h2 class=\"wp-block-heading\" id=\"h-quais-sao-as-modalidades-de-concorrencia\"><span class=\"ez-toc-section\" id=\"Quais-sao-as-modalidades-de-concorrencia\"><\/span>Quais s&atilde;o as modalidades de concorr&ecirc;ncia?<span class=\"ez-toc-section-end\"><\/span><\/h2><p>Os candidatos podem se inscrever em tr&ecirc;s modalidades: vagas de ampla concorr&ecirc;ncia, vagas reservadas para quem se enquadra na Lei de Cotas e vagas destinadas &agrave;s outras a&ccedil;&otilde;es afirmativas previstas pela institui&ccedil;&atilde;o.<\/p><p>Durante a chamada regular do Sisu, portanto, o candidato que optar por uma certa modalidade concorrer&aacute; somente com os candidatos que escolheram a mesma op&ccedil;&atilde;o. Assim, o sistema seleciona apenas dentro daquela categoria os que obtiveram as melhores notas no Enem.<\/p><h2 class=\"wp-block-heading\" id=\"h-lei-de-cotas-sisu\"><span class=\"ez-toc-section\" id=\"Lei-de-cotas-Sisu\"><\/span>Lei de cotas Sisu<span class=\"ez-toc-section-end\"><\/span><\/h2><p>Em 2023 a Lei n&ordm; 12.711\/2012 foi atualizada (<a href=\"https:\/\/www.planalto.gov.br\/ccivil_03\/_ato2023-2026\/2023\/lei\/L14723.htm\" target=\"_blank\" rel=\"noopener noreferrer\">Lei 14.723\/23<\/a>) e a partir desse ano os participantes que t&ecirc;m direito &agrave; reserva de vagas (cotas) concorrem primeiramente &agrave;s vagas de ampla concorr&ecirc;ncia. A reserva de vagas s&oacute; ser&aacute; usada caso o participante n&atilde;o atinja nota suficiente para conseguir uma vaga na modalidade. Os estudantes origin&aacute;rios de comunidades quilombolas tamb&eacute;m est&atilde;o inclu&iacute;dos na nova lei.<\/p><p>A Lei n&ordm; 12.711\/2012 oferece 50% das vagas por curso e turno em todas as institui&ccedil;&otilde;es federais de Ensino Superior a estudantes que cursaram o Ensino M&eacute;dio em escolas p&uacute;blicas. Metade dessas vagas s&atilde;o destinadas a estudantes com renda familiar mensal de at&eacute; 1,0 (anteriormente o valor era de 1,5) sal&aacute;rio m&iacute;nimo.<\/p><p>H&aacute; tamb&eacute;m a propor&ccedil;&atilde;o de autodeclarados pretos, pardos e ind&iacute;genas de acordo com a composi&ccedil;&atilde;o &eacute;tnica do Estado federativo da institui&ccedil;&atilde;o de acordo com o &uacute;ltimo Censo do Instituto Brasileiro de Geografia e Estat&iacute;stica (IBGE), que &eacute;, portanto, um n&uacute;mero que varia de acordo com o Estado.<\/p><p>&Eacute; necess&aacute;rio participar de uma s&eacute;rie de tr&acirc;mites que envolvem a documenta&ccedil;&atilde;o comprobat&oacute;ria para cada uma das modalidades. Portanto, os candidatos que optarem por tais formas de entrada precisam conferir os pr&oacute;ximos passos de cada institui&ccedil;&atilde;o de ensino.<\/p><ul class=\"wp-block-list\">\n<li><a href=\"https:\/\/vestibulares.estrategia.com\/portal\/enem-e-vestibulares\/vestibulares\/lei-de-cotas-o-que-muda-com-a-atualizacao\/\">Lei de Cotas: o que muda com a atualiza&ccedil;&atilde;o?<\/a><\/li>\n<\/ul><h2 class=\"wp-block-heading\" id=\"h-resultado-e-abertura-das-inscricoes-do-sisu\"><span class=\"ez-toc-section\" id=\"Resultado-e-abertura-das-inscricoes-do-Sisu\"><\/span>Resultado e abertura das inscri&ccedil;&otilde;es do Sisu<span class=\"ez-toc-section-end\"><\/span><\/h2><p>O per&iacute;odo de inscri&ccedil;&otilde;es do Sisu acontece no m&ecirc;s de janeiro e a divulga&ccedil;&atilde;o dos resultados do programa acontece na semana seguinte &agrave;s inscri&ccedil;&otilde;es. Confira o edital do programa no Portal do EV.<\/p><h2 class=\"wp-block-heading\" id=\"h-acoes-afirmativas-uefs\"><span class=\"ez-toc-section\" id=\"Acoes-afirmativas-UEFS\"><\/span>A&ccedil;&otilde;es afirmativas UEFS<span class=\"ez-toc-section-end\"><\/span><\/h2><p>A UEFS participa e segue a Lei de cotas (n&ordm; 12.711), em s&atilde;o destinadas 50% das vagas a candidatos que cursaram de forma integral o Ensino M&eacute;dio em sistemas p&uacute;blicos de ensino. Dessas vagas, 50% s&atilde;o destinadas a candidatos com renda familiar bruta per capita igual ou inferior a 1,0 sal&aacute;rio m&iacute;nimo nacional vigente e os outros 50% das vagas s&atilde;o destinadas para quem tem renda familiar superior a esse n&uacute;mero.<\/p><p>Ap&oacute;s a divis&atilde;o, o percentual de 81,31% das vagas de ambos os grupos &eacute; destinado aos autodeclarados pretos, pardos e ind&iacute;genas. O valor corresponde &agrave; soma dessas popula&ccedil;&otilde;es no Estado da Bahia, segundo o censo demogr&aacute;fico de 2010, feito pelo Instituto Brasileiro de Geografia e Estat&iacute;stica (IBGE).<\/p><h2 class=\"wp-block-heading\" id=\"h-como-e-o-enem\"><span class=\"ez-toc-section\" id=\"Como-e-o-Enem\"><\/span>Como &eacute; o Enem?<span class=\"ez-toc-section-end\"><\/span><\/h2><p>O Enem atual tem uma &uacute;nica etapa, dividida em dois domingos seguidos. A UEFS n&atilde;o conta com Prova de Habilidades Espec&iacute;ficas.<\/p><h2 class=\"wp-block-heading\" id=\"h-locais-de-prova\"><span class=\"ez-toc-section\" id=\"Locais-de-prova\"><\/span>Locais de prova<span class=\"ez-toc-section-end\"><\/span><\/h2><p>O local de prova do Enem &eacute; disponibilizado a pouco menos de um m&ecirc;s para o dia da prova, no m&ecirc;s de outubro. Veja como acessar:<\/p><ul class=\"wp-block-list\">\n<li>Acesse a <a href=\"https:\/\/enem.inep.gov.br\/participante\/#!\/\" target=\"_blank\" rel=\"noopener noreferrer\">P&aacute;gina do Participante do Enem<\/a>;<\/li>\n\n\n\n<li>Clique em &ldquo;P&aacute;gina do Participante &ndash; Acessar com Gov.Br&rdquo;;<\/li>\n\n\n\n<li>Fa&ccedil;a o seu login com a sua conta do Gov.Br, o site de acesso &uacute;nico do governo federal;<\/li>\n\n\n\n<li>Clique em &ldquo;Local de prova&rdquo;; e<\/li>\n\n\n\n<li>Com isso, um personagem interativo da P&aacute;gina do Participante lhe enviar&aacute; um bot&atilde;o escrito &ldquo;Local de Prova&rdquo;, clique nele e tenha acesso ao Cart&atilde;o de Confirma&ccedil;&atilde;o com os seus dados pessoais e o local em que voc&ecirc; far&aacute; o Enem.<\/li>\n<\/ul><p>Ao observar o cart&atilde;o de confirma&ccedil;&atilde;o &mdash; documento disponibilizado pelo Inep &mdash; o candidato encontra informa&ccedil;&otilde;es como o n&uacute;mero de inscri&ccedil;&atilde;o, local de prova (sala, endere&ccedil;o e n&uacute;mero da carteira), hor&aacute;rios da prova, atendimentos espec&iacute;ficos, se algum for solicitado e escolha de l&iacute;ngua estrangeira.<\/p><p>N&atilde;o &eacute; obrigat&oacute;rio levar o cart&atilde;o de confirma&ccedil;&atilde;o nos dias de prova, entretanto, o documento traz as informa&ccedil;&otilde;es citadas acima de forma r&aacute;pida para consulta dos candidatos. N&atilde;o &eacute; poss&iacute;vel mudar nenhuma informa&ccedil;&atilde;o cadastral depois de realizar a inscri&ccedil;&atilde;o.<\/p><h2 class=\"wp-block-heading\" id=\"h-o-que-levar-no-dia-da-prova\"><span class=\"ez-toc-section\" id=\"O-que-levar-no-dia-da-prova\"><\/span>O que levar no dia da prova?<span class=\"ez-toc-section-end\"><\/span><\/h2><p>De acordo com o edital do Enem, os candidatos devem portar os seguintes itens obrigatoriamente:<\/p><ul class=\"wp-block-list\">\n<li>Caneta esferogr&aacute;fica de tinta preta, em material transparente (obrigat&oacute;rio);<\/li>\n\n\n\n<li>Documento de identifica&ccedil;&atilde;o com foto (obrigat&oacute;rio); e<\/li>\n\n\n\n<li>Declara&ccedil;&atilde;o de Comparecimento impressa (apenas para quem precisa comprovar a presen&ccedil;a no local de prova).<\/li>\n<\/ul><h2 class=\"wp-block-heading\" id=\"h-como-funciona-a-prova-do-enem\"><span class=\"ez-toc-section\" id=\"Como-funciona-a-prova-do-Enem\"><\/span>Como funciona a prova do Enem?<span class=\"ez-toc-section-end\"><\/span><\/h2><p>O atual modelo de prova do Enem cont&eacute;m 180 quest&otilde;es, divididas entre dois domingos consecutivos de aplica&ccedil;&atilde;o. Com dura&ccedil;&atilde;o de 5 horas e 30 minutos, os candidatos respondem &agrave; prova do primeiro dia entre 13h30 e 19h00. J&aacute; no segundo domingo, a prova tem dura&ccedil;&atilde;o de 5 horas, ou seja, pode ser respondida das 13h30 &agrave;s 18h30.<\/p><p>No primeiro dia, &eacute; aplicada a prova de Linguagens, C&oacute;digos e suas Tecnologias, Reda&ccedil;&atilde;o; e Ci&ecirc;ncias Humanas e suas Tecnologias. J&aacute; no segundo dia, a prova &eacute; composta de quest&otilde;es que cobram dos candidatos conhecimentos em Ci&ecirc;ncias da Natureza e suas Tecnologias; e Matem&aacute;tica e suas Tecnologias.&nbsp;<\/p><h2 class=\"wp-block-heading\" id=\"h-como-calcular-a-nota-do-enem\"><span class=\"ez-toc-section\" id=\"Como-calcular-a-nota-do-Enem\"><\/span>Como calcular a nota do Enem?<span class=\"ez-toc-section-end\"><\/span><\/h2><p>O modelo de corre&ccedil;&atilde;o do Enem &eacute; chamado de Teoria de Resposta ao Item (TRI), e o c&aacute;lculo n&atilde;o leva em conta apenas a quantidade de erros e acertos. &Eacute; uma forma mais complexa que os demais vestibulares brasileiros e possui f&oacute;rmula pr&oacute;pria.&nbsp;<\/p><p>Cada &aacute;rea avaliada com o modelo apresenta uma m&eacute;dia obtida que depende da dificuldade das quest&otilde;es e tamb&eacute;m do n&uacute;mero de quest&otilde;es que o candidato acerta. Para saber mais, acesse nosso artigo sobre o assunto: &ldquo;<a href=\"https:\/\/vestibulares.estrategia.com\/portal\/enem-e-vestibulares\/enem\/nota-enem-tri\/\">TRI: Como funciona a nota no Enem?<\/a>&rdquo;.&nbsp;<\/p><h2 class=\"wp-block-heading\" id=\"h-como-funciona-a-redacao-do-enem\"><span class=\"ez-toc-section\" id=\"Como-funciona-a-redacao-do-Enem\"><\/span>Como funciona a reda&ccedil;&atilde;o do Enem<span class=\"ez-toc-section-end\"><\/span><\/h2><p>A reda&ccedil;&atilde;o do Enem deve ser feita em at&eacute; 30 linhas, escrita &agrave; m&atilde;o, sobre o tema proposto no ano e, como apoio, o exame disponibiliza textos base com informa&ccedil;&otilde;es, dados e reflex&otilde;es sobre o assunto.<\/p><p>O g&ecirc;nero exigido no exame &eacute; o dissertativo-argumentativo, e o tema aborda quest&otilde;es sociais, pol&iacute;ticas, culturais ou cient&iacute;ficas relevantes, sempre com foco no Brasil e suas problem&aacute;ticas.&nbsp;<\/p><h2 class=\"wp-block-heading\" id=\"h-como-a-redacao-e-avaliada-pela-banca\"><span class=\"ez-toc-section\" id=\"Como-a-redacao-e-avaliada-pela-banca\"><\/span>Como a reda&ccedil;&atilde;o &eacute; avaliada pela banca?<span class=\"ez-toc-section-end\"><\/span><\/h2><p>A avalia&ccedil;&atilde;o da banca do Enem nas reda&ccedil;&otilde;es leva em conta cinco compet&ecirc;ncias, para facilitar a padroniza&ccedil;&atilde;o das notas para todos os concorrentes. <a href=\"https:\/\/vestibulares.estrategia.com\/portal\/materias\/redacao\/competencias-redacao-enem\/\">Veja quais s&atilde;o as compet&ecirc;ncias<\/a>:&nbsp;<\/p><ul class=\"wp-block-list\">\n<li>Dom&iacute;nio da escrita formal da L&iacute;ngua Portuguesa;<\/li>\n\n\n\n<li>Compreens&atilde;o do tema e adequa&ccedil;&atilde;o &agrave; proposta;<\/li>\n\n\n\n<li>Organiza&ccedil;&atilde;o das ideias;<\/li>\n\n\n\n<li>Coes&atilde;o e coer&ecirc;ncia; e<\/li>\n\n\n\n<li>Proposta de interven&ccedil;&atilde;o.<\/li>\n<\/ul><h2 class=\"wp-block-heading\" id=\"h-veja-os-ultimos-temas-de-redacao-do-enem\"><span class=\"ez-toc-section\" id=\"Veja-os-ultimos-temas-de-redacao-do-Enem\"><\/span>Veja os &uacute;ltimos temas de reda&ccedil;&atilde;o do Enem<span class=\"ez-toc-section-end\"><\/span><\/h2><ul class=\"wp-block-list\">\n<li><a href=\"https:\/\/vestibulares.estrategia.com\/portal\/noticias\/tema-redacao-enem-2025\/\" target=\"_blank\">Reda&ccedil;&atilde;o Enem 2025<\/a>&nbsp;&ndash; Perspectivas acerca do envelhecimento na sociedade brasileira<\/li>\n\n\n\n<li><a href=\"https:\/\/vestibulares.estrategia.com\/portal\/noticias\/tema-de-redacao-enem-2024-desafios-para-a-valorizacao-da-heranca-africana-no-brasil\/\" target=\"_blank\">Reda&ccedil;&atilde;o Enem 2024<\/a>&nbsp;&ndash; Desafios da valoriza&ccedil;&atilde;o da heran&ccedil;a africana no Brasil<\/li>\n\n\n\n<li><a href=\"https:\/\/vestibulares.estrategia.com\/portal\/noticias\/tema-de-redacao-enem-2023\/\" target=\"_blank\">Reda&ccedil;&atilde;o Enem 2023<\/a>&nbsp;&ndash; Invisibilidade do trabalho de cuidados realizados pela mulher no Brasil<\/li>\n\n\n\n<li><a href=\"https:\/\/vestibulares.estrategia.com\/portal\/enem-e-vestibulares\/enem\/tema-de-redacao-enem-2022\/\" target=\"_blank\">Reda&ccedil;&atilde;o Enem 2022<\/a>&nbsp;&ndash; &ldquo;Desafios para a valoriza&ccedil;&atilde;o de comunidades e povos tradicionais no Brasil&rdquo;<\/li>\n\n\n\n<li><a href=\"https:\/\/vestibulares.estrategia.com\/portal\/enem-e-vestibulares\/enem\/tema-de-redacao-enem-2021\/\">Reda&ccedil;&atilde;o Enem 2021<\/a> &ndash; Invisibilidade e registro civil: garantia de acesso &agrave; cidadania no Brasil<\/li>\n\n\n\n<li>Reda&ccedil;&atilde;o Enem Impresso 2020 &ndash; O estigma associado &agrave;s doen&ccedil;as mentais na sociedade brasileira<\/li>\n\n\n\n<li><a href=\"https:\/\/vestibulares.estrategia.com\/portal\/redacao\/enem-2019-democratizacao-do-acesso-ao-cinema-no-brasil\/\">Reda&ccedil;&atilde;o Enem 2019<\/a> &ndash; Democratiza&ccedil;&atilde;o do acesso ao cinema no Brasil<\/li>\n\n\n\n<li><a href=\"https:\/\/vestibulares.estrategia.com\/portal\/redacao\/redacao-enem-2018\/\">Reda&ccedil;&atilde;o Enem 2018<\/a> &ndash; Manipula&ccedil;&atilde;o do comportamento do usu&aacute;rio pelo controle de dados na internet<\/li>\n\n\n\n<li>Reda&ccedil;&atilde;o Enem 2017 &ndash; Desafios para forma&ccedil;&atilde;o educacional de surdos no Brasil<\/li>\n\n\n\n<li>Reda&ccedil;&atilde;o Enem 2016 &ndash; Caminhos para combater a intoler&acirc;ncia religiosa no Brasil<\/li>\n\n\n\n<li>Reda&ccedil;&atilde;o Enem 2015 &ndash; A Persist&ecirc;ncia da Viol&ecirc;ncia contra a Mulher na Sociedade Brasileira<\/li>\n\n\n\n<li>Reda&ccedil;&atilde;o Enem 2014 &ndash; Publicidade infantil em quest&atilde;o no Brasil<\/li>\n\n\n\n<li>Reda&ccedil;&atilde;o Enem 2013 &ndash; Os efeitos da implanta&ccedil;&atilde;o da Lei Seca no Brasil<\/li>\n\n\n\n<li>Reda&ccedil;&atilde;o Enem 2012 &ndash; O movimento imigrat&oacute;rio para o Brasil no s&eacute;culo XXI<\/li>\n\n\n\n<li>Reda&ccedil;&atilde;o Enem 2011 &ndash; Viver em rede no s&eacute;culo XXI: os limites entre o p&uacute;blico e o privado<\/li>\n<\/ul><h2 class=\"wp-block-heading\" id=\"h-matriz-de-referencia-enem\"><span class=\"ez-toc-section\" id=\"Matriz-de-Referencia-Enem\"><\/span>Matriz de Refer&ecirc;ncia Enem<span class=\"ez-toc-section-end\"><\/span><\/h2><p>A Matriz de Refer&ecirc;ncia do Enem &eacute; o que outros vestibulares chamam de Conte&uacute;do Program&aacute;tico, que &eacute; referente aos conte&uacute;dos que podem cair na prova de todas as mat&eacute;rias, no caso do Enem, chamados de eixos e compet&ecirc;ncias.<\/p><p>Os eixos cognitivos s&atilde;o referentes a todas as &aacute;reas do conhecimento, e inclui cinco pontos: dominar linguagens, compreender fen&ocirc;menos, enfrentar situa&ccedil;&otilde;es-problema, construir argumenta&ccedil;&atilde;o e elaborar propostas. Veja abaixo as descri&ccedil;&otilde;es de cada uma:<\/p><ul class=\"wp-block-list\">\n<li>Dominar linguagens (DL): dominar a norma culta da L&iacute;ngua Portuguesa e fazer uso das linguagens matem&aacute;tica, art&iacute;stica e cient&iacute;fica e das l&iacute;nguas espanhola e inglesa;<\/li>\n\n\n\n<li>Compreender fen&ocirc;menos (CF): construir e aplicar conceitos das v&aacute;rias &aacute;reas do conhecimento para a compreens&atilde;o de fen&ocirc;menos naturais, de processos hist&oacute;rico-geogr&aacute;ficos, da produ&ccedil;&atilde;o tecnol&oacute;gica e das manifesta&ccedil;&otilde;es art&iacute;sticas;<\/li>\n\n\n\n<li>Enfrentar situa&ccedil;&otilde;es-problema (SP): selecionar, organizar, relacionar, interpretar dados e informa&ccedil;&otilde;es representados de diferentes formas, para tomar decis&otilde;es e enfrentar situa&ccedil;&otilde;es-problema;<\/li>\n\n\n\n<li>Construir argumenta&ccedil;&atilde;o (CA): relacionar informa&ccedil;&otilde;es, representadas em diferentes formas, e conhecimentos dispon&iacute;veis em situa&ccedil;&otilde;es concretas, para construir argumenta&ccedil;&atilde;o consistente;<\/li>\n\n\n\n<li>Elaborar propostas (EP): recorrer aos conhecimentos desenvolvidos na escola para elabora&ccedil;&atilde;o de propostas de interven&ccedil;&atilde;o solid&aacute;ria na realidade, respeitando os valores humanos e considerando a diversidade sociocultural.<\/li>\n<\/ul><p>Confira a <a rel=\"nofollow noopener noreferrer\" href=\"https:\/\/cdn.blog.estrategiavestibulares.com.br\/vestibulares\/wp-content\/uploads\/2020\/11\/matriz_referencia.pdf\" target=\"_blank\">Matriz de Refer&ecirc;ncia do Enem<\/a><\/p><p>\n\n\n\n<div class=\"estrategia-catalog\"><h3>Estude para o Enem<\/h3><div class=\"carrossel-product\"><div><h4><strong>ENEM TOP - 24 Meses<\/strong><\/h4><div class=\"cat-description\">O ENEM Top \u00e9 o pacote de prepara\u00e7\u00e3o intensiva do Estrat\u00e9gia Vestibulares para o Exame Nacional do Ensino M\u00e9dio. Com ele, voc\u00ea ter\u00e1 acesso a conte\u00fados e ferramentas que aceleram seus estudos e o aproximam da aprova\u00e7\u00e3o nas principais universidades do pa\u00eds.<\/div><div class=\"cat-price\"><span>12x<\/span> R$ 199,75<\/div><div class=\"cat-sale\">No Cart\u00e3o de Cr\u00e9dito ou 10% de desconto no Boleto ou Pix \u00e0 vista: R$ 2.157,30<\/div><br><a href=\"https:\/\/vestibulares.estrategia.com\/curso\/enem-top-24-meses\/?utm_source=portal&amp;utm_medium=post&amp;utm_campaign=evest-x-vd-seo-portal-nip\" class=\"estrategia-button\" target=\"_blank\">Saiba mais<\/a><\/div><div><h4><strong>ENEM MED Exclusive - 24 Meses<\/strong><\/h4><div class=\"cat-description\">O ENEM Med Exclusive \u00e9 o pacote de prepara\u00e7\u00e3o completa do Estrat\u00e9gia Vestibulares voltado especialmente para quem deseja ingressar em Medicina por meio do Exame Nacional do Ensino M\u00e9dio (ENEM). Com uma metodologia direcionada e materiais selecionados, voc\u00ea poder\u00e1 ter seus estudos realizados de forma integral com especialistas, se aproximando cada vez mais da t\u00e3o sonhada aprova\u00e7\u00e3o em um dos cursos mais concorridos do pa\u00eds.<\/div><div class=\"cat-price\"><span>12x<\/span> R$ 249,75<\/div><div class=\"cat-sale\">No Cart\u00e3o de Cr\u00e9dito ou 10% de desconto no Boleto ou Pix \u00e0 vista: R$ 2.697,30<\/div><br><a href=\"https:\/\/vestibulares.estrategia.com\/curso\/enem-med-exclusive-24-meses\/?utm_source=portal&amp;utm_medium=post&amp;utm_campaign=evest-x-vd-seo-portal-nip\" class=\"estrategia-button\" target=\"_blank\">Saiba mais<\/a><\/div><div><h4><strong>ENEM MED Exclusive - 12 Meses<\/strong><\/h4><div class=\"cat-description\">O ENEM Med Exclusive \u00e9 o pacote de prepara\u00e7\u00e3o completa do Estrat\u00e9gia Vestibulares voltado especialmente para quem deseja ingressar em Medicina por meio do Exame Nacional do Ensino M\u00e9dio (ENEM). Com uma metodologia direcionada e materiais selecionados, voc\u00ea poder\u00e1 ter seus estudos realizados de forma integral com especialistas, se aproximando cada vez mais da t\u00e3o sonhada aprova\u00e7\u00e3o em um dos cursos mais concorridos do pa\u00eds.<\/div><div class=\"cat-price\"><span>12x<\/span> R$ 174,75<\/div><div class=\"cat-sale\">No Cart\u00e3o de Cr\u00e9dito ou 10% de desconto no Boleto ou Pix \u00e0 vista: R$ 1.887,30<\/div><br><a href=\"https:\/\/vestibulares.estrategia.com\/curso\/enem-med-exclusive-12-meses\/?utm_source=portal&amp;utm_medium=post&amp;utm_campaign=evest-x-vd-seo-portal-nip\" class=\"estrategia-button\" target=\"_blank\">Saiba mais<\/a><\/div><div><h4><strong>ENEM TOP - 12 Meses<\/strong><\/h4><div class=\"cat-description\">O ENEM Top \u00e9 o pacote de prepara\u00e7\u00e3o intensiva do Estrat\u00e9gia Vestibulares para o Exame Nacional do Ensino M\u00e9dio. Com ele, voc\u00ea ter\u00e1 acesso a conte\u00fados e ferramentas que aceleram seus estudos e o aproximam da aprova\u00e7\u00e3o nas principais universidades do pa\u00eds.<\/div><div class=\"cat-price\"><span>12x<\/span> R$ 141,41<\/div><div class=\"cat-sale\">No Cart\u00e3o de Cr\u00e9dito ou 10% de desconto no Boleto ou Pix \u00e0 vista: R$ 1.527,30<\/div><br><a href=\"https:\/\/vestibulares.estrategia.com\/curso\/enem-top-12-meses\/?utm_source=portal&amp;utm_medium=post&amp;utm_campaign=evest-x-vd-seo-portal-nip\" class=\"estrategia-button\" target=\"_blank\">Saiba mais<\/a><\/div><div><h4><strong>Curso Interativo ENEM - Gram\u00e1tica e Interpreta\u00e7\u00e3o de Texto - Prof.\u00aa Celina Gil<\/strong><\/h4><div class=\"cat-description\">Curso Interativo ENEM - Gram\u00e1tica e Interpreta\u00e7\u00e3o de Texto - Prof.\u00aa Celina Gil<\/div><div class=\"cat-price\"><span>12x<\/span> R$ 20,83<\/div><div class=\"cat-sale\">No Cart\u00e3o de Cr\u00e9dito ou 10% de desconto no Boleto ou Pix \u00e0 vista: R$ 225,00<\/div><br><a href=\"https:\/\/vestibulares.estrategia.com\/curso\/curso-interativo-enem-gramatica-e-interpretaco-de-texto-prof-celina-gil\/?utm_source=portal&amp;utm_medium=post&amp;utm_campaign=evest-x-vd-seo-portal-nip\" class=\"estrategia-button\" target=\"_blank\">Saiba mais<\/a><\/div><div><h4><strong>Curso Interativo ENEM - Matem\u00e1tica - Prof. Mar\u00e7al Ferreira<\/strong><\/h4><div class=\"cat-description\">Curso Interativo ENEM - Matem\u00e1tica - Prof. Mar\u00e7al Ferreira<\/div><div class=\"cat-price\"><span>12x<\/span> R$ 20,83<\/div><div class=\"cat-sale\">No Cart\u00e3o de Cr\u00e9dito ou 10% de desconto no Boleto ou Pix \u00e0 vista: R$ 225,00<\/div><br><a href=\"https:\/\/vestibulares.estrategia.com\/curso\/curso-interativo-enem-matematica-prof-marcal-ferreira\/?utm_source=portal&amp;utm_medium=post&amp;utm_campaign=evest-x-vd-seo-portal-nip\" class=\"estrategia-button\" target=\"_blank\">Saiba mais<\/a><\/div><div><h4><strong>Curso Interativo ENEM - Matem\u00e1tica - Prof. Andrew Cazemiro<\/strong><\/h4><div class=\"cat-description\">Curso Interativo ENEM - Matem\u00e1tica - Prof. Andrew Cazemiro<\/div><div class=\"cat-price\"><span>12x<\/span> R$ 20,83<\/div><div class=\"cat-sale\">No Cart\u00e3o de Cr\u00e9dito ou 10% de desconto no Boleto ou Pix \u00e0 vista: R$ 225,00<\/div><br><a href=\"https:\/\/vestibulares.estrategia.com\/curso\/curso-interativo-enem-matematica-prof-andrew-cazemiro\/?utm_source=portal&amp;utm_medium=post&amp;utm_campaign=evest-x-vd-seo-portal-nip\" class=\"estrategia-button\" target=\"_blank\">Saiba mais<\/a><\/div><div><h4><strong>Curso Interativo ENEM - Hist\u00f3ria - Prof.\u00aa Al\u00ea Lopes<\/strong><\/h4><div class=\"cat-description\">Curso Interativo ENEM - Hist\u00f3ria - Prof.\u00aa Al\u00ea Lopes<\/div><div class=\"cat-price\"><span>12x<\/span> R$ 41,66<\/div><div class=\"cat-sale\">No Cart\u00e3o de Cr\u00e9dito ou 10% de desconto no Boleto ou Pix \u00e0 vista: R$ 450,00<\/div><br><a href=\"https:\/\/vestibulares.estrategia.com\/curso\/curso-interativo-enem-historia-prof-ale-lopes\/?utm_source=portal&amp;utm_medium=post&amp;utm_campaign=evest-x-vd-seo-portal-nip\" class=\"estrategia-button\" target=\"_blank\">Saiba mais<\/a><\/div><div><h4><strong>Curso Interativo ENEM - Hist\u00f3ria - Prof. Marco T\u00falio<\/strong><\/h4><div class=\"cat-description\">Curso Interativo ENEM - Hist\u00f3ria - Prof. Marco T\u00falio<\/div><div class=\"cat-price\"><span>12x<\/span> R$ 33,33<\/div><div class=\"cat-sale\">No Cart\u00e3o de Cr\u00e9dito ou 10% de desconto no Boleto ou Pix \u00e0 vista: R$ 360,00<\/div><br><a href=\"https:\/\/vestibulares.estrategia.com\/curso\/curso-interativo-enem-historia-prof-marco-tulio\/?utm_source=portal&amp;utm_medium=post&amp;utm_campaign=evest-x-vd-seo-portal-nip\" class=\"estrategia-button\" target=\"_blank\">Saiba mais<\/a><\/div><div><h4><strong>Curso Interativo ENEM - Geografia - Prof. Saulo Takami<\/strong><\/h4><div class=\"cat-description\">Curso Interativo ENEM - Geografia - Prof. Saulo Takami<\/div><div class=\"cat-price\"><span>12x<\/span> R$ 33,33<\/div><div class=\"cat-sale\">No Cart\u00e3o de Cr\u00e9dito ou 10% de desconto no Boleto ou Pix \u00e0 vista: R$ 360,00<\/div><br><a href=\"https:\/\/vestibulares.estrategia.com\/curso\/curso-interativo-enem-geografia-prof-saulo-takami\/?utm_source=portal&amp;utm_medium=post&amp;utm_campaign=evest-x-vd-seo-portal-nip\" class=\"estrategia-button\" target=\"_blank\">Saiba mais<\/a><\/div><\/div><\/div>\n\n\n\n<\/p><h2 class=\"wp-block-heading\" id=\"h-provas-de-habilidades-especificas-uefs\"><span class=\"ez-toc-section\" id=\"Provas-de-Habilidades-Especificas-UEFS\"><\/span>Provas de Habilidades Espec&iacute;ficas UEFS<span class=\"ez-toc-section-end\"><\/span><\/h2><p>A UEFS n&atilde;o possui Provas de Habilidades Espec&iacute;ficas.<\/p><h2 class=\"wp-block-heading\" id=\"h-como-se-matricular-na-uefs\"><span class=\"ez-toc-section\" id=\"Como-se-matricular-na-UEFS\"><\/span>Como se matricular na UEFS<span class=\"ez-toc-section-end\"><\/span><\/h2><p>O candidato aprovado em chamada regular na UEFS pelo Sisu deve realizar a matr&iacute;cula ou registro acad&ecirc;mico por meio do envio da <a rel=\"nofollow noopener noreferrer\" href=\"https:\/\/vestibulares.estrategia.com\/portal\/wp-content\/uploads\/2024\/09\/uefs-sisu-matricula-documentacao.pdf\" target=\"_blank\">documenta&ccedil;&atilde;o<\/a> necess&aacute;ria digitalizada para o e-mail <a href=\"mailto:daadocs_sisu@uefs.br\">daadocs_sisu@uefs.br<\/a>. Apenas digitaliza&ccedil;&otilde;es de documentos oficiais ser&atilde;o aceitas.<\/p><h2 class=\"wp-block-heading\" id=\"h-notas-de-corte-uefs\"><span class=\"ez-toc-section\" id=\"Notas-de-corte-UEFS\"><\/span>Notas de corte UEFS<span class=\"ez-toc-section-end\"><\/span><\/h2><p>Confira as notas de corte dos 15 cursos mais concorridos da UEFS no Sisu 2025:<\/p><figure class=\"wp-block-table is-style-stripes\"><table><thead><tr><th>Curso<\/th><th class=\"has-text-align-center\" data-align=\"center\">Cidade<\/th><th class=\"has-text-align-center\" data-align=\"center\">Turno<\/th><th class=\"has-text-align-center\" data-align=\"center\">Nota de corte<\/th><\/tr><\/thead><tbody><tr><td>MEDICINA<\/td><td class=\"has-text-align-center\" data-align=\"center\">Feira de Santana<\/td><td class=\"has-text-align-center\" data-align=\"center\">Integral<\/td><td class=\"has-text-align-center\" data-align=\"center\">780,43<\/td><\/tr><tr><td>DIREITO<\/td><td class=\"has-text-align-center\" data-align=\"center\">Feira de Santana<\/td><td class=\"has-text-align-center\" data-align=\"center\">Noturno<\/td><td class=\"has-text-align-center\" data-align=\"center\">729,27<\/td><\/tr><tr><td>ODONTOLOGIA<\/td><td class=\"has-text-align-center\" data-align=\"center\">Feira de Santana<\/td><td class=\"has-text-align-center\" data-align=\"center\">Integral<\/td><td class=\"has-text-align-center\" data-align=\"center\">725,28<\/td><\/tr><tr><td>PSICOLOGIA<\/td><td class=\"has-text-align-center\" data-align=\"center\">Feira de Santana<\/td><td class=\"has-text-align-center\" data-align=\"center\">Integral<\/td><td class=\"has-text-align-center\" data-align=\"center\">705,21<\/td><\/tr><tr><td>ENGENHARIA DE COMPUTA&Ccedil;&Atilde;O<\/td><td class=\"has-text-align-center\" data-align=\"center\">Feira de Santana<\/td><td class=\"has-text-align-center\" data-align=\"center\">Integral<\/td><td class=\"has-text-align-center\" data-align=\"center\">700,48<\/td><\/tr><tr><td>ENFERMAGEM<\/td><td class=\"has-text-align-center\" data-align=\"center\">Feira de Santana<\/td><td class=\"has-text-align-center\" data-align=\"center\">Integral<\/td><td class=\"has-text-align-center\" data-align=\"center\">686,11<\/td><\/tr><tr><td>FARM&Aacute;CIA<\/td><td class=\"has-text-align-center\" data-align=\"center\">Feira de Santana<\/td><td class=\"has-text-align-center\" data-align=\"center\">Integral<\/td><td class=\"has-text-align-center\" data-align=\"center\">681,38<\/td><\/tr><tr><td>ENGENHARIA CIVIL<\/td><td class=\"has-text-align-center\" data-align=\"center\">Feira de Santana<\/td><td class=\"has-text-align-center\" data-align=\"center\">Integral<\/td><td class=\"has-text-align-center\" data-align=\"center\">672,37<\/td><\/tr><tr><td>ADMINISTRA&Ccedil;&Atilde;O<\/td><td class=\"has-text-align-center\" data-align=\"center\">Feira de Santana<\/td><td class=\"has-text-align-center\" data-align=\"center\">Noturno<\/td><td class=\"has-text-align-center\" data-align=\"center\">656,27<\/td><\/tr><tr><td>CI&Ecirc;NCIAS CONT&Aacute;BEIS<\/td><td class=\"has-text-align-center\" data-align=\"center\">Feira de Santana<\/td><td class=\"has-text-align-center\" data-align=\"center\">Noturno<\/td><td class=\"has-text-align-center\" data-align=\"center\">645,72<\/td><\/tr><tr><td>CI&Ecirc;NCIAS ECON&Ocirc;MICAS<\/td><td class=\"has-text-align-center\" data-align=\"center\">Feira de Santana<\/td><td class=\"has-text-align-center\" data-align=\"center\">Noturno<\/td><td class=\"has-text-align-center\" data-align=\"center\">640,23<\/td><\/tr><tr><td>LETRAS &ndash; INGL&Ecirc;S<\/td><td class=\"has-text-align-center\" data-align=\"center\">Feira de Santana<\/td><td class=\"has-text-align-center\" data-align=\"center\">Integral<\/td><td class=\"has-text-align-center\" data-align=\"center\">639,58<\/td><\/tr><tr><td>CI&Ecirc;NCIAS BIOL&Oacute;GICAS<\/td><td class=\"has-text-align-center\" data-align=\"center\">Feira de Santana<\/td><td class=\"has-text-align-center\" data-align=\"center\">Integral<\/td><td class=\"has-text-align-center\" data-align=\"center\">638,57<\/td><\/tr><tr><td>CI&Ecirc;NCIAS BIOL&Oacute;GICAS<\/td><td class=\"has-text-align-center\" data-align=\"center\">Feira de Santana<\/td><td class=\"has-text-align-center\" data-align=\"center\">Integral<\/td><td class=\"has-text-align-center\" data-align=\"center\">628,59<\/td><\/tr><tr><td>LETRAS &ndash; L&Iacute;NGUA PORTUGUESA<\/td><td class=\"has-text-align-center\" data-align=\"center\">Feira de Santana<\/td><td class=\"has-text-align-center\" data-align=\"center\">Integral<\/td><td class=\"has-text-align-center\" data-align=\"center\">621,93<\/td><\/tr><\/tbody><\/table><\/figure><h2 class=\"wp-block-heading\" id=\"h-cursos-uefs\"><span class=\"ez-toc-section\" id=\"Cursos-UEFS\"><\/span>Cursos UEFS<span class=\"ez-toc-section-end\"><\/span><\/h2><p>Confira a lista completa de cursos de gradua&ccedil;&atilde;o oferecidos pela Universidade Estadual de Feira de Santana (UEFS):<\/p><ul class=\"wp-block-list\">\n<li>Administra&ccedil;&atilde;o<\/li>\n\n\n\n<li>Agronomia<\/li>\n\n\n\n<li>Bacharelado em Ci&ecirc;ncias Biol&oacute;gicas<\/li>\n\n\n\n<li>Ci&ecirc;ncias Cont&aacute;beis<\/li>\n\n\n\n<li>Ci&ecirc;ncias Econ&ocirc;micas<\/li>\n\n\n\n<li>Direito<\/li>\n\n\n\n<li>Enfermagem<\/li>\n\n\n\n<li>Engenharia Civil<\/li>\n\n\n\n<li>Engenharia da Computa&ccedil;&atilde;o<\/li>\n\n\n\n<li>Engenharia de Alimentos<\/li>\n\n\n\n<li>Farm&aacute;cia<\/li>\n\n\n\n<li>Licenciatura e Bacharelado em Filosofia<\/li>\n\n\n\n<li>Licenciatura e Bacharelado em F&iacute;sica<\/li>\n\n\n\n<li>Licenciatura e Bacharelado em Geografia<\/li>\n\n\n\n<li>Licenciatura em Ci&ecirc;ncias Biol&oacute;gicas<\/li>\n\n\n\n<li>Licenciatura em Educa&ccedil;&atilde;o F&iacute;sica<\/li>\n\n\n\n<li>Licenciatura em Hist&oacute;ria<\/li>\n\n\n\n<li>Licenciatura em Letras c\/ Espanhol<\/li>\n\n\n\n<li>Licenciatura em Letras c\/ Franc&ecirc;s<\/li>\n\n\n\n<li>Licenciatura em Letras c\/ Ingl&ecirc;s<\/li>\n\n\n\n<li>Licenciatura em Letras Vern&aacute;culas<\/li>\n\n\n\n<li>Licenciatura em Matem&aacute;tica<\/li>\n\n\n\n<li>Licenciatura em M&uacute;sica<\/li>\n\n\n\n<li>Licenciatura em Pedagogia<\/li>\n\n\n\n<li>Licenciatura em Qu&iacute;mica<\/li>\n\n\n\n<li>Medicina<\/li>\n\n\n\n<li>Odontologia<\/li>\n\n\n\n<li>Psicologia<\/li>\n<\/ul><h2 class=\"wp-block-heading\" id=\"h-campi-e-estruturas-da-uefs\"><span class=\"ez-toc-section\" id=\"Campi-e-estruturas-da-UEFS\"><\/span>Campi e estruturas da UEFS<span class=\"ez-toc-section-end\"><\/span><\/h2><p>A Universidade Estadual de Feira de Santana (UEFS) possui um campus central localizado na Avenida Transnordestina, em Feira de Santana. Sua infraestrutura &eacute; formada por sete p&aacute;tios de aula, al&eacute;m de creche e centro de educa&ccedil;&atilde;o b&aacute;sica, oferecendo suporte para atividades educacionais em diferentes n&iacute;veis.<\/p><p>A UEFS tamb&eacute;m disp&otilde;e de laborat&oacute;rios especializados, biblioteca central, restaurante universit&aacute;rio, pr&eacute;dios destinados &agrave; reitoria e &agrave; administra&ccedil;&atilde;o centralizada, centros administrativos, cantinas e &aacute;reas de conviv&ecirc;ncia, museus, audit&oacute;rios, parque desportivo, serpent&aacute;rio, herb&aacute;rio, al&eacute;m de oferecer resid&ecirc;ncia universit&aacute;ria e resid&ecirc;ncia ind&iacute;gena para apoio aos estudantes.<\/p><p>A universidade ainda se expande para al&eacute;m do campus principal, com unidades externas que incluem o Horto Florestal, o Observat&oacute;rio Astron&ocirc;mico Antares, o Centro Universit&aacute;rio de Cultura e Arte (CUCA) e uma unidade avan&ccedil;ada na Chapada Diamantina (<a href=\"http:\/\/www.chapada.uefs.br\/\" target=\"_blank\" rel=\"noopener noreferrer\">CACD<\/a>), com turmas de P&oacute;s-Gradua&ccedil;&atilde;o no Mestrado Profissional para ensino de Ci&ecirc;ncias Ambientais.<\/p><div class=\"wp-block-buttons is-content-justification-center is-layout-flex wp-container-core-buttons-is-layout-2 wp-block-buttons-is-layout-flex\">\n<div class=\"wp-block-button\"><a class=\"wp-block-button__link wp-element-button\" href=\"https:\/\/vestibulares.estrategia.com\/cursos\/mentorias\/?id=d908fa13-51be-4ec5-8662-1985d480832b\" target=\"_blank\">Mentorias Estrat&eacute;gia Vestibulares<\/a><\/div>\n<\/div><h2 class=\"wp-block-heading\" id=\"h-oportunidades-da-uefs\"><span class=\"ez-toc-section\" id=\"Oportunidades-da-UEFS\"><\/span>Oportunidades da UEFS<span class=\"ez-toc-section-end\"><\/span><\/h2><p>Como j&aacute; foi dito, fazem parte da estrutura da UEFS, algumas unidades externas que trazem diversas possibilidades aos alunos. Uma delas &eacute; a Unidade Experimental Horto Florestal, onde situam-se diversos laborat&oacute;rios e s&atilde;o realizadas experi&ecirc;ncias das &aacute;reas de bot&acirc;nica e farm&aacute;cia.<\/p><p>Al&eacute;m disso, o Observat&oacute;rio Astron&ocirc;mico Antares oferece oportunidades n&atilde;o s&oacute; aos estudantes da UEFS, com bolsas de extens&atilde;o e oficinas, mas tamb&eacute;m aos visitantes interessados. Tais unidades promovem o desenvolvimento cient&iacute;fico, cultural e ambiental.<\/p><h2 class=\"wp-block-heading\" id=\"h-auxilios-e-permanencia-estudantil\"><span class=\"ez-toc-section\" id=\"Auxilios-e-permanencia-estudantil\"><\/span>Aux&iacute;lios e perman&ecirc;ncia estudantil<span class=\"ez-toc-section-end\"><\/span><\/h2><p>A Pr&oacute;-Reitoria de Pol&iacute;ticas Afirmativas e Aux&iacute;lios Estudantis (<a href=\"http:\/\/www.propaae.uefs.br\/modules\/conteudo\/conteudo.php?conteudo=14\" target=\"_blank\" rel=\"noopener noreferrer\">PROPAAE<\/a>) &eacute; respons&aacute;vel por administrar o Programa de Assist&ecirc;ncia Estudantil (PAE), que busca promover e garantir a perman&ecirc;ncia dos estudantes dos cursos de gradua&ccedil;&atilde;o presenciais. Confira os aux&iacute;lios e bolsas dispon&iacute;veis:<\/p><ul class=\"wp-block-list\">\n<li><strong>Resid&ecirc;ncias Universit&aacute;rias:<\/strong> destinam-se &agrave; moradia de estudantes de primeira gradua&ccedil;&atilde;o. A Resid&ecirc;ncia tradicional tem capacidade para 176 estudantes e a Resid&ecirc;ncia ind&iacute;gena para 20 estudantes;<\/li>\n\n\n\n<li><strong>Aux&iacute;lio Residente: <\/strong>aux&iacute;lio financeiro destinado aos estudantes residentes (Resid&ecirc;ncia Universit&aacute;ria), em comprovada situa&ccedil;&atilde;o de vulnerabilidade socioecon&ocirc;mica;<\/li>\n\n\n\n<li><strong>Aux&iacute;lio Emergencial: <\/strong>aux&iacute;lio financeiro<strong> <\/strong>destinado a estudantes n&atilde;o residentes, em situa&ccedil;&atilde;o extempor&acirc;nea de vulnerabilidade socioecon&ocirc;mica;<\/li>\n\n\n\n<li><strong>Restaurante Universit&aacute;rio<\/strong>.<\/li>\n<\/ul><div class=\"wp-block-buttons is-content-justification-center is-layout-flex wp-container-core-buttons-is-layout-3 wp-block-buttons-is-layout-flex\">\n<div class=\"wp-block-button\"><a class=\"wp-block-button__link wp-element-button\" rel=\"nofollow\" href=\"https:\/\/vestibulares.estrategia.com\/portal\/wp-content\/uploads\/2024\/09\/uefs-politicas-auxilios-estudantis.pdf\" target=\"_blank\">SAIBA MAIS SOBRE OS AUX&Iacute;LIOS ESTUDANTIS DA UEFS<\/a><\/div>\n<\/div><h2 class=\"wp-block-heading\" id=\"h-confira-os-cursos-enem-do-estrategia-vestibulares\"><span class=\"ez-toc-section\" id=\"Confira-os-cursos-Enem-do-Estrategia-Vestibulares\"><\/span>Confira os cursos Enem do Estrat&eacute;gia Vestibulares<span class=\"ez-toc-section-end\"><\/span><\/h2><p>Voc&ecirc; tem o sonho de estudar na UEFS? Se sim, o Estrat&eacute;gia Vestibulares pode te ajudar! Al&eacute;m de oferecer aulas di&aacute;rias gratuitas no Youtube sobre todos os temas que caem no Enem, a plataforma tamb&eacute;m oferece um curso preparat&oacute;rio exclusivo sobre o Enem 2024. Confira os benef&iacute;cios:<\/p><ul class=\"wp-block-list\">\n<li>Curso com livros digitais;<\/li>\n\n\n\n<li>Corre&ccedil;&atilde;o ilimitada de <a href=\"https:\/\/vestibulares.estrategia.com\/portal\/enem-e-vestibulares\/vestibulares\/curso-de-redacao-para-o-vestibular-saiba-mais-detalhes-e-como-escolher-o-seu\/\">reda&ccedil;&otilde;es<\/a>;<\/li>\n\n\n\n<li>F&oacute;rum de d&uacute;vidas;<\/li>\n\n\n\n<li><a href=\"https:\/\/vestibulares.estrategia.com\/portal\/simulado\/simulado-enem\/\">Simulados<\/a> com quest&otilde;es in&eacute;ditas;<\/li>\n\n\n\n<li>Quest&otilde;es comentadas;<\/li>\n\n\n\n<li>Mapas mentais; e<\/li>\n\n\n\n<li>Entre muitas outras vantagens.<\/li>\n<\/ul><p>Ficou interessado, assine o curso preparat&oacute;rio para o Enem do Estrat&eacute;gia Vestibulares!<\/p><p>\n\n\n\n<a id=\"cta\" class=\"cta-imagem\" href=\"https:\/\/vestibulares.estrategia.com\/curso\/pacote-enem\/\" target=\"blank\">\n                <img decoding=\"async\" width=\"100%\" src=\"https:\/\/vestibulares.estrategia.com\/portal\/wp-content\/uploads\/2021\/12\/Enem.jpg\" alt=\"CTA curso Enem\" title=\"CTA curso Enem\">\n        <\/a>\n\n\n\n<\/p><p>Veja tamb&eacute;m: <a href=\"https:\/\/vestibulares.estrategia.com\/portal\/enem-e-vestibulares\/enem\/enem\/\">Enem: cronograma, edital, provas, nota, reda&ccedil;&atilde;o e mais!<\/a><\/p><\/p>\n","protected":false},"excerpt":{"rendered":"Normalmente, a UEFS oferta mais de 2 mil vagas no Sisu; saiba mais sobre a institui\u00e7\u00e3o e como ingressar em seus cursos de gradua\u00e7\u00e3o\n","protected":false},"author":51,"featured_media":125079,"comment_status":"closed","ping_status":"closed","sticky":false,"template":"","format":"standard","meta":{"wl_entities_gutenberg":"","footnotes":""},"categories":[816],"tags":[],"wl_entity_type":[732],"class_list":{"0":"post-125078","1":"post","2":"type-post","3":"status-publish","4":"format-standard","5":"has-post-thumbnail","7":"category-enem-e-vestibulares","8":"wl_entity_type-article"},"acf":[],"yoast_head":"<!-- This site is optimized with the Yoast SEO Premium plugin v25.9 (Yoast SEO v25.9) - https:\/\/yoast.com\/wordpress\/plugins\/seo\/ -->\n<title>UEFS: Sisu, cursos, vagas, como ingressar e muito mais\u00a0<\/title>\n<meta name=\"description\" content=\"A principal forma de ingresso da UEFS \u00e9 pelo Sistema de Sele\u00e7\u00e3o Unificada (Sisu). Saiba mais sobre a universidade e sua estrutura!\" \/>\n<meta name=\"robots\" content=\"index, follow, max-snippet:-1, max-image-preview:large, max-video-preview:-1\" \/>\n<link rel=\"canonical\" href=\"https:\/\/vestibulares.estrategia.com\/portal\/enem-e-vestibulares\/uefs-sisu-cursos-vagas-como-ingressar-e-muito-mais\/\" \/>\n<meta property=\"og:locale\" content=\"pt_BR\" \/>\n<meta property=\"og:type\" content=\"article\" \/>\n<meta property=\"og:title\" content=\"UEFS: Sisu, cursos, vagas, como ingressar e muito mais\u00a0\" \/>\n<meta property=\"og:description\" content=\"A principal forma de ingresso da UEFS \u00e9 pelo Sistema de Sele\u00e7\u00e3o Unificada (Sisu). Saiba mais sobre a universidade e sua estrutura!\" \/>\n<meta property=\"og:url\" content=\"https:\/\/vestibulares.estrategia.com\/portal\/enem-e-vestibulares\/uefs-sisu-cursos-vagas-como-ingressar-e-muito-mais\/\" \/>\n<meta property=\"og:site_name\" content=\"Estrat\u00e9gia Vestibulares\" \/>\n<meta property=\"article:publisher\" content=\"https:\/\/facebook.com\/estrategiavestibulares\" \/>\n<meta property=\"article:published_time\" content=\"2024-09-12T18:29:30+00:00\" \/>\n<meta property=\"article:modified_time\" content=\"2026-01-13T19:20:56+00:00\" \/>\n<meta property=\"og:image\" content=\"https:\/\/vestibulares.estrategia.com\/portal\/wp-content\/uploads\/2024\/09\/uefs-sisu-enem.jpg\" \/>\n\t<meta property=\"og:image:width\" content=\"1280\" \/>\n\t<meta property=\"og:image:height\" content=\"911\" \/>\n\t<meta property=\"og:image:type\" content=\"image\/jpeg\" \/>\n<meta name=\"author\" content=\"Larrani Ferreira\" \/>\n<meta name=\"twitter:card\" content=\"summary_large_image\" \/>\n<meta name=\"twitter:creator\" content=\"@Estrategiavest\" \/>\n<meta name=\"twitter:site\" content=\"@Estrategiavest\" \/>\n<meta name=\"twitter:label1\" content=\"Escrito por\" \/>\n\t<meta name=\"twitter:data1\" content=\"Larrani Ferreira\" \/>\n\t<meta name=\"twitter:label2\" content=\"Est. tempo de leitura\" \/>\n\t<meta name=\"twitter:data2\" content=\"15 minutos\" \/>\n<script type=\"application\/ld+json\" class=\"yoast-schema-graph\">{\"@context\":\"https:\/\/schema.org\",\"@graph\":[{\"@type\":\"Article\",\"@id\":\"https:\/\/vestibulares.estrategia.com\/portal\/enem-e-vestibulares\/uefs-sisu-cursos-vagas-como-ingressar-e-muito-mais\/#article\",\"isPartOf\":{\"@id\":\"https:\/\/vestibulares.estrategia.com\/portal\/enem-e-vestibulares\/uefs-sisu-cursos-vagas-como-ingressar-e-muito-mais\/\"},\"author\":{\"name\":\"Larrani Ferreira\",\"@id\":\"https:\/\/vestibulares.estrategia.com\/portal\/#\/schema\/person\/98d0c0e22d6d89b480aa1929f0e64ec5\"},\"headline\":\"UEFS: Sisu, cursos, vagas, como ingressar e muito mais\u00a0\",\"datePublished\":\"2024-09-12T18:29:30+00:00\",\"dateModified\":\"2026-01-13T19:20:56+00:00\",\"mainEntityOfPage\":{\"@id\":\"https:\/\/vestibulares.estrategia.com\/portal\/enem-e-vestibulares\/uefs-sisu-cursos-vagas-como-ingressar-e-muito-mais\/\"},\"wordCount\":2969,\"publisher\":{\"@id\":\"https:\/\/vestibulares.estrategia.com\/portal\/#organization\"},\"image\":{\"@id\":\"https:\/\/vestibulares.estrategia.com\/portal\/enem-e-vestibulares\/uefs-sisu-cursos-vagas-como-ingressar-e-muito-mais\/#primaryimage\"},\"thumbnailUrl\":\"https:\/\/vestibulares.estrategia.com\/portal\/wp-content\/uploads\/2024\/09\/uefs-sisu-enem.jpg\",\"articleSection\":[\"Enem e Vestibulares\"],\"inLanguage\":\"pt-BR\"},{\"@type\":\"WebPage\",\"@id\":\"https:\/\/vestibulares.estrategia.com\/portal\/enem-e-vestibulares\/uefs-sisu-cursos-vagas-como-ingressar-e-muito-mais\/\",\"url\":\"https:\/\/vestibulares.estrategia.com\/portal\/enem-e-vestibulares\/uefs-sisu-cursos-vagas-como-ingressar-e-muito-mais\/\",\"name\":\"UEFS: Sisu, cursos, vagas, como ingressar e muito mais\u00a0\",\"isPartOf\":{\"@id\":\"https:\/\/vestibulares.estrategia.com\/portal\/#website\"},\"primaryImageOfPage\":{\"@id\":\"https:\/\/vestibulares.estrategia.com\/portal\/enem-e-vestibulares\/uefs-sisu-cursos-vagas-como-ingressar-e-muito-mais\/#primaryimage\"},\"image\":{\"@id\":\"https:\/\/vestibulares.estrategia.com\/portal\/enem-e-vestibulares\/uefs-sisu-cursos-vagas-como-ingressar-e-muito-mais\/#primaryimage\"},\"thumbnailUrl\":\"https:\/\/vestibulares.estrategia.com\/portal\/wp-content\/uploads\/2024\/09\/uefs-sisu-enem.jpg\",\"datePublished\":\"2024-09-12T18:29:30+00:00\",\"dateModified\":\"2026-01-13T19:20:56+00:00\",\"description\":\"A principal forma de ingresso da UEFS \u00e9 pelo Sistema de Sele\u00e7\u00e3o Unificada (Sisu). Saiba mais sobre a universidade e sua estrutura!\",\"breadcrumb\":{\"@id\":\"https:\/\/vestibulares.estrategia.com\/portal\/enem-e-vestibulares\/uefs-sisu-cursos-vagas-como-ingressar-e-muito-mais\/#breadcrumb\"},\"inLanguage\":\"pt-BR\",\"potentialAction\":[{\"@type\":\"ReadAction\",\"target\":[\"https:\/\/vestibulares.estrategia.com\/portal\/enem-e-vestibulares\/uefs-sisu-cursos-vagas-como-ingressar-e-muito-mais\/\"]}]},{\"@type\":\"ImageObject\",\"inLanguage\":\"pt-BR\",\"@id\":\"https:\/\/vestibulares.estrategia.com\/portal\/enem-e-vestibulares\/uefs-sisu-cursos-vagas-como-ingressar-e-muito-mais\/#primaryimage\",\"url\":\"https:\/\/vestibulares.estrategia.com\/portal\/wp-content\/uploads\/2024\/09\/uefs-sisu-enem.jpg\",\"contentUrl\":\"https:\/\/vestibulares.estrategia.com\/portal\/wp-content\/uploads\/2024\/09\/uefs-sisu-enem.jpg\",\"width\":1280,\"height\":911,\"caption\":\"Foto: UEFS\/Divulga\u00e7\u00e3o\"},{\"@type\":\"BreadcrumbList\",\"@id\":\"https:\/\/vestibulares.estrategia.com\/portal\/enem-e-vestibulares\/uefs-sisu-cursos-vagas-como-ingressar-e-muito-mais\/#breadcrumb\",\"itemListElement\":[{\"@type\":\"ListItem\",\"position\":1,\"name\":\"Home\",\"item\":\"https:\/\/vestibulares.estrategia.com\/portal\/\"},{\"@type\":\"ListItem\",\"position\":2,\"name\":\"Enem e Vestibulares\",\"item\":\"https:\/\/vestibulares.estrategia.com\/portal\/enem-e-vestibulares\/\"},{\"@type\":\"ListItem\",\"position\":3,\"name\":\"UEFS: Sisu, cursos, vagas, como ingressar e muito mais\u00a0\"}]},{\"@type\":\"WebSite\",\"@id\":\"https:\/\/vestibulares.estrategia.com\/portal\/#website\",\"url\":\"https:\/\/vestibulares.estrategia.com\/portal\/\",\"name\":\"Estrat\u00e9gia Vestibulares\",\"description\":\"\",\"publisher\":{\"@id\":\"https:\/\/vestibulares.estrategia.com\/portal\/#organization\"},\"potentialAction\":[{\"@type\":\"SearchAction\",\"target\":{\"@type\":\"EntryPoint\",\"urlTemplate\":\"https:\/\/vestibulares.estrategia.com\/portal\/?s={search_term_string}\"},\"query-input\":{\"@type\":\"PropertyValueSpecification\",\"valueRequired\":true,\"valueName\":\"search_term_string\"}}],\"inLanguage\":\"pt-BR\"},{\"@type\":\"Organization\",\"@id\":\"https:\/\/vestibulares.estrategia.com\/portal\/#organization\",\"name\":\"Estrat\u00e9gia Vestibulares\",\"url\":\"https:\/\/vestibulares.estrategia.com\/portal\/\",\"logo\":{\"@type\":\"ImageObject\",\"inLanguage\":\"pt-BR\",\"@id\":\"https:\/\/vestibulares.estrategia.com\/portal\/#\/schema\/logo\/image\/\",\"url\":\"https:\/\/vestibulares.estrategia.com\/portal\/wp-content\/uploads\/2021\/06\/Logo-Vestibulares@4x.png\",\"contentUrl\":\"https:\/\/vestibulares.estrategia.com\/portal\/wp-content\/uploads\/2021\/06\/Logo-Vestibulares@4x.png\",\"width\":250,\"height\":66,\"caption\":\"Estrat\u00e9gia Vestibulares\"},\"image\":{\"@id\":\"https:\/\/vestibulares.estrategia.com\/portal\/#\/schema\/logo\/image\/\"},\"sameAs\":[\"https:\/\/facebook.com\/estrategiavestibulares\",\"https:\/\/x.com\/Estrategiavest\",\"https:\/\/www.instagram.com\/estrategiavestibulares\",\"https:\/\/www.youtube.com\/channel\/UCGWdZy8ULI-7_5GrABa4vNA\"]},{\"@type\":\"Person\",\"@id\":\"https:\/\/vestibulares.estrategia.com\/portal\/#\/schema\/person\/98d0c0e22d6d89b480aa1929f0e64ec5\",\"name\":\"Larrani Ferreira\",\"image\":{\"@type\":\"ImageObject\",\"inLanguage\":\"pt-BR\",\"@id\":\"https:\/\/vestibulares.estrategia.com\/portal\/#\/schema\/person\/image\/\",\"url\":\"https:\/\/vestibulares.estrategia.com\/portal\/wp-content\/uploads\/2026\/02\/WhatsApp-Image-2026-02-05-at-14.26.13-150x150.jpeg\",\"contentUrl\":\"https:\/\/vestibulares.estrategia.com\/portal\/wp-content\/uploads\/2026\/02\/WhatsApp-Image-2026-02-05-at-14.26.13-150x150.jpeg\",\"caption\":\"Larrani Ferreira\"},\"description\":\"Jornalista e Mestranda em Comunica\u00e7\u00e3o Intercultural nas Organiza\u00e7\u00f5es\",\"url\":\"https:\/\/vestibulares.estrategia.com\/portal\/author\/larranioliveira\/\"}]}<\/script>\n<!-- \/ Yoast SEO Premium plugin. -->","yoast_head_json":{"title":"UEFS: Sisu, cursos, vagas, como ingressar e muito mais\u00a0","description":"A principal forma de ingresso da UEFS \u00e9 pelo Sistema de Sele\u00e7\u00e3o Unificada (Sisu). Saiba mais sobre a universidade e sua estrutura!","robots":{"index":"index","follow":"follow","max-snippet":"max-snippet:-1","max-image-preview":"max-image-preview:large","max-video-preview":"max-video-preview:-1"},"canonical":"https:\/\/vestibulares.estrategia.com\/portal\/enem-e-vestibulares\/uefs-sisu-cursos-vagas-como-ingressar-e-muito-mais\/","og_locale":"pt_BR","og_type":"article","og_title":"UEFS: Sisu, cursos, vagas, como ingressar e muito mais\u00a0","og_description":"A principal forma de ingresso da UEFS \u00e9 pelo Sistema de Sele\u00e7\u00e3o Unificada (Sisu). Saiba mais sobre a universidade e sua estrutura!","og_url":"https:\/\/vestibulares.estrategia.com\/portal\/enem-e-vestibulares\/uefs-sisu-cursos-vagas-como-ingressar-e-muito-mais\/","og_site_name":"Estrat\u00e9gia Vestibulares","article_publisher":"https:\/\/facebook.com\/estrategiavestibulares","article_published_time":"2024-09-12T18:29:30+00:00","article_modified_time":"2026-01-13T19:20:56+00:00","og_image":[{"width":1280,"height":911,"url":"https:\/\/vestibulares.estrategia.com\/portal\/wp-content\/uploads\/2024\/09\/uefs-sisu-enem.jpg","type":"image\/jpeg"}],"author":"Larrani Ferreira","twitter_card":"summary_large_image","twitter_creator":"@Estrategiavest","twitter_site":"@Estrategiavest","twitter_misc":{"Escrito por":"Larrani Ferreira","Est. tempo de leitura":"15 minutos"},"schema":{"@context":"https:\/\/schema.org","@graph":[{"@type":"Article","@id":"https:\/\/vestibulares.estrategia.com\/portal\/enem-e-vestibulares\/uefs-sisu-cursos-vagas-como-ingressar-e-muito-mais\/#article","isPartOf":{"@id":"https:\/\/vestibulares.estrategia.com\/portal\/enem-e-vestibulares\/uefs-sisu-cursos-vagas-como-ingressar-e-muito-mais\/"},"author":{"name":"Larrani Ferreira","@id":"https:\/\/vestibulares.estrategia.com\/portal\/#\/schema\/person\/98d0c0e22d6d89b480aa1929f0e64ec5"},"headline":"UEFS: Sisu, cursos, vagas, como ingressar e muito mais\u00a0","datePublished":"2024-09-12T18:29:30+00:00","dateModified":"2026-01-13T19:20:56+00:00","mainEntityOfPage":{"@id":"https:\/\/vestibulares.estrategia.com\/portal\/enem-e-vestibulares\/uefs-sisu-cursos-vagas-como-ingressar-e-muito-mais\/"},"wordCount":2969,"publisher":{"@id":"https:\/\/vestibulares.estrategia.com\/portal\/#organization"},"image":{"@id":"https:\/\/vestibulares.estrategia.com\/portal\/enem-e-vestibulares\/uefs-sisu-cursos-vagas-como-ingressar-e-muito-mais\/#primaryimage"},"thumbnailUrl":"https:\/\/vestibulares.estrategia.com\/portal\/wp-content\/uploads\/2024\/09\/uefs-sisu-enem.jpg","articleSection":["Enem e Vestibulares"],"inLanguage":"pt-BR"},{"@type":"WebPage","@id":"https:\/\/vestibulares.estrategia.com\/portal\/enem-e-vestibulares\/uefs-sisu-cursos-vagas-como-ingressar-e-muito-mais\/","url":"https:\/\/vestibulares.estrategia.com\/portal\/enem-e-vestibulares\/uefs-sisu-cursos-vagas-como-ingressar-e-muito-mais\/","name":"UEFS: Sisu, cursos, vagas, como ingressar e muito mais\u00a0","isPartOf":{"@id":"https:\/\/vestibulares.estrategia.com\/portal\/#website"},"primaryImageOfPage":{"@id":"https:\/\/vestibulares.estrategia.com\/portal\/enem-e-vestibulares\/uefs-sisu-cursos-vagas-como-ingressar-e-muito-mais\/#primaryimage"},"image":{"@id":"https:\/\/vestibulares.estrategia.com\/portal\/enem-e-vestibulares\/uefs-sisu-cursos-vagas-como-ingressar-e-muito-mais\/#primaryimage"},"thumbnailUrl":"https:\/\/vestibulares.estrategia.com\/portal\/wp-content\/uploads\/2024\/09\/uefs-sisu-enem.jpg","datePublished":"2024-09-12T18:29:30+00:00","dateModified":"2026-01-13T19:20:56+00:00","description":"A principal forma de ingresso da UEFS \u00e9 pelo Sistema de Sele\u00e7\u00e3o Unificada (Sisu). Saiba mais sobre a universidade e sua estrutura!","breadcrumb":{"@id":"https:\/\/vestibulares.estrategia.com\/portal\/enem-e-vestibulares\/uefs-sisu-cursos-vagas-como-ingressar-e-muito-mais\/#breadcrumb"},"inLanguage":"pt-BR","potentialAction":[{"@type":"ReadAction","target":["https:\/\/vestibulares.estrategia.com\/portal\/enem-e-vestibulares\/uefs-sisu-cursos-vagas-como-ingressar-e-muito-mais\/"]}]},{"@type":"ImageObject","inLanguage":"pt-BR","@id":"https:\/\/vestibulares.estrategia.com\/portal\/enem-e-vestibulares\/uefs-sisu-cursos-vagas-como-ingressar-e-muito-mais\/#primaryimage","url":"https:\/\/vestibulares.estrategia.com\/portal\/wp-content\/uploads\/2024\/09\/uefs-sisu-enem.jpg","contentUrl":"https:\/\/vestibulares.estrategia.com\/portal\/wp-content\/uploads\/2024\/09\/uefs-sisu-enem.jpg","width":1280,"height":911,"caption":"Foto: UEFS\/Divulga\u00e7\u00e3o"},{"@type":"BreadcrumbList","@id":"https:\/\/vestibulares.estrategia.com\/portal\/enem-e-vestibulares\/uefs-sisu-cursos-vagas-como-ingressar-e-muito-mais\/#breadcrumb","itemListElement":[{"@type":"ListItem","position":1,"name":"Home","item":"https:\/\/vestibulares.estrategia.com\/portal\/"},{"@type":"ListItem","position":2,"name":"Enem e Vestibulares","item":"https:\/\/vestibulares.estrategia.com\/portal\/enem-e-vestibulares\/"},{"@type":"ListItem","position":3,"name":"UEFS: Sisu, cursos, vagas, como ingressar e muito mais\u00a0"}]},{"@type":"WebSite","@id":"https:\/\/vestibulares.estrategia.com\/portal\/#website","url":"https:\/\/vestibulares.estrategia.com\/portal\/","name":"Estrat\u00e9gia Vestibulares","description":"","publisher":{"@id":"https:\/\/vestibulares.estrategia.com\/portal\/#organization"},"potentialAction":[{"@type":"SearchAction","target":{"@type":"EntryPoint","urlTemplate":"https:\/\/vestibulares.estrategia.com\/portal\/?s={search_term_string}"},"query-input":{"@type":"PropertyValueSpecification","valueRequired":true,"valueName":"search_term_string"}}],"inLanguage":"pt-BR"},{"@type":"Organization","@id":"https:\/\/vestibulares.estrategia.com\/portal\/#organization","name":"Estrat\u00e9gia Vestibulares","url":"https:\/\/vestibulares.estrategia.com\/portal\/","logo":{"@type":"ImageObject","inLanguage":"pt-BR","@id":"https:\/\/vestibulares.estrategia.com\/portal\/#\/schema\/logo\/image\/","url":"https:\/\/vestibulares.estrategia.com\/portal\/wp-content\/uploads\/2021\/06\/Logo-Vestibulares@4x.png","contentUrl":"https:\/\/vestibulares.estrategia.com\/portal\/wp-content\/uploads\/2021\/06\/Logo-Vestibulares@4x.png","width":250,"height":66,"caption":"Estrat\u00e9gia Vestibulares"},"image":{"@id":"https:\/\/vestibulares.estrategia.com\/portal\/#\/schema\/logo\/image\/"},"sameAs":["https:\/\/facebook.com\/estrategiavestibulares","https:\/\/x.com\/Estrategiavest","https:\/\/www.instagram.com\/estrategiavestibulares","https:\/\/www.youtube.com\/channel\/UCGWdZy8ULI-7_5GrABa4vNA"]},{"@type":"Person","@id":"https:\/\/vestibulares.estrategia.com\/portal\/#\/schema\/person\/98d0c0e22d6d89b480aa1929f0e64ec5","name":"Larrani Ferreira","image":{"@type":"ImageObject","inLanguage":"pt-BR","@id":"https:\/\/vestibulares.estrategia.com\/portal\/#\/schema\/person\/image\/","url":"https:\/\/vestibulares.estrategia.com\/portal\/wp-content\/uploads\/2026\/02\/WhatsApp-Image-2026-02-05-at-14.26.13-150x150.jpeg","contentUrl":"https:\/\/vestibulares.estrategia.com\/portal\/wp-content\/uploads\/2026\/02\/WhatsApp-Image-2026-02-05-at-14.26.13-150x150.jpeg","caption":"Larrani Ferreira"},"description":"Jornalista e Mestranda em Comunica\u00e7\u00e3o Intercultural nas Organiza\u00e7\u00f5es","url":"https:\/\/vestibulares.estrategia.com\/portal\/author\/larranioliveira\/"}]}},"_wl_alt_label":[],"wl:entity_url":"https:\/\/data.wordlift.io\/wl110249\/post\/uefs-sisu-cursos-vagas-como-ingressar-e-muito-mais","_links":{"self":[{"href":"https:\/\/vestibulares.estrategia.com\/portal\/wp-json\/wp\/v2\/posts\/125078","targetHints":{"allow":["GET"]}}],"collection":[{"href":"https:\/\/vestibulares.estrategia.com\/portal\/wp-json\/wp\/v2\/posts"}],"about":[{"href":"https:\/\/vestibulares.estrategia.com\/portal\/wp-json\/wp\/v2\/types\/post"}],"author":[{"embeddable":true,"href":"https:\/\/vestibulares.estrategia.com\/portal\/wp-json\/wp\/v2\/users\/51"}],"replies":[{"embeddable":true,"href":"https:\/\/vestibulares.estrategia.com\/portal\/wp-json\/wp\/v2\/comments?post=125078"}],"version-history":[{"count":6,"href":"https:\/\/vestibulares.estrategia.com\/portal\/wp-json\/wp\/v2\/posts\/125078\/revisions"}],"predecessor-version":[{"id":153036,"href":"https:\/\/vestibulares.estrategia.com\/portal\/wp-json\/wp\/v2\/posts\/125078\/revisions\/153036"}],"wp:featuredmedia":[{"embeddable":true,"href":"https:\/\/vestibulares.estrategia.com\/portal\/wp-json\/wp\/v2\/media\/125079"}],"wp:attachment":[{"href":"https:\/\/vestibulares.estrategia.com\/portal\/wp-json\/wp\/v2\/media?parent=125078"}],"wp:term":[{"taxonomy":"category","embeddable":true,"href":"https:\/\/vestibulares.estrategia.com\/portal\/wp-json\/wp\/v2\/categories?post=125078"},{"taxonomy":"post_tag","embeddable":true,"href":"https:\/\/vestibulares.estrategia.com\/portal\/wp-json\/wp\/v2\/tags?post=125078"},{"taxonomy":"wl_entity_type","embeddable":true,"href":"https:\/\/vestibulares.estrategia.com\/portal\/wp-json\/wp\/v2\/wl_entity_type?post=125078"}],"curies":[{"name":"wp","href":"https:\/\/api.w.org\/{rel}","templated":true}]}}