{"id":125330,"date":"2024-09-17T19:37:09","date_gmt":"2024-09-17T22:37:09","guid":{"rendered":"https:\/\/vestibulares.estrategia.com\/portal\/?p=125330"},"modified":"2026-01-13T18:17:43","modified_gmt":"2026-01-13T21:17:43","slug":"cefet-mg-sisu-cursos-vagas-como-ingressar-e-muito-mais","status":"publish","type":"post","link":"https:\/\/vestibulares.estrategia.com\/portal\/enem-e-vestibulares\/cefet-mg-sisu-cursos-vagas-como-ingressar-e-muito-mais\/","title":{"rendered":"Cefet-MG: Sisu, cursos, vagas, como ingressar e muito mais"},"content":{"rendered":"<p>Seu sonho &eacute; estudar no Centro Federal de Educa&ccedil;&atilde;o Tecnol&oacute;gica de Minas Gerais (Cefet-MG) e est&aacute; procurando mais informa&ccedil;&otilde;es sobre a institui&ccedil;&atilde;o, ent&atilde;o voc&ecirc; veio ao lugar certo! <p>Leia o artigo que o <strong>Portal Estrat&eacute;gia Vestibulares<\/strong> preparou sobre o Cefet-MG, como ingressar via Sisu e Enem e outros detalhes, abaixo.<\/p><div class=\"wp-block-buttons is-content-justification-center is-layout-flex wp-container-core-buttons-is-layout-1 wp-block-buttons-is-layout-flex\">\n<div class=\"wp-block-button\"><a class=\"wp-block-button__link wp-element-button\" href=\"https:\/\/vestibulares.estrategia.com\/portal\/enem-e-vestibulares\/enem\/calendario-enem\/\" target=\"_blank\">Confira o calend&aacute;rio Enem<\/a><\/div>\n<\/div><p><strong>Veja tamb&eacute;m:<br><\/strong><a href=\"https:\/\/vestibulares.estrategia.com\/portal\/enem\/como-calcular-nota-enem\/\" target=\"_blank\">+ Como calcular a nota do Enem?<\/a><\/p><p>\n\n\n\n<div class=\"cta-medio\" style=\"background-image: url(https:\/\/vestibulares.estrategia.com\/portal\/wp-content\/uploads\/2024\/08\/curso-enem-1-estrategia-vestibulares-ctamedio.jpg);\"><h3>Pacote Enem TOP <\/h3> <p>Estude com o Estrat\u00e9gia Vestibulares<\/p><div class=\"cta-botao\"><a id=\"cta-medio\" href=\"https:\/\/vestibulares.estrategia.com\/curso\/enem-top\/\" target=\"_blank\" style=\"background:rgb(255,150,0)\">Saiba mais<\/a><\/div><\/div>\n\n\n\n<\/p><div id=\"ez-toc-container\" class=\"ez-toc-v2_0_76 counter-hierarchy ez-toc-counter ez-toc-transparent ez-toc-container-direction\">\n<div class=\"ez-toc-title-container\"><p class=\"ez-toc-title\" style=\"cursor:inherit\">Navegue pelo conte\u00fado<\/p>\n<\/div><nav><ul class='ez-toc-list ez-toc-list-level-1 ' ><li class='ez-toc-page-1 ez-toc-heading-level-2'><a class=\"ez-toc-link ez-toc-heading-1\" href=\"https:\/\/vestibulares.estrategia.com\/portal\/enem-e-vestibulares\/cefet-mg-sisu-cursos-vagas-como-ingressar-e-muito-mais\/#Sobre-o-Cefet-MG\" >Sobre o Cefet-MG<\/a><\/li><li class='ez-toc-page-1 ez-toc-heading-level-2'><a class=\"ez-toc-link ez-toc-heading-2\" href=\"https:\/\/vestibulares.estrategia.com\/portal\/enem-e-vestibulares\/cefet-mg-sisu-cursos-vagas-como-ingressar-e-muito-mais\/#Calendario-Cefet-MG-Enem-e-Sisu\" >Calend&aacute;rio Cefet-MG, Enem e Sisu<\/a><\/li><li class='ez-toc-page-1 ez-toc-heading-level-2'><a class=\"ez-toc-link ez-toc-heading-3\" href=\"https:\/\/vestibulares.estrategia.com\/portal\/enem-e-vestibulares\/cefet-mg-sisu-cursos-vagas-como-ingressar-e-muito-mais\/#Como-ingressar-na-Cefet-MG\" >Como ingressar na Cefet-MG<\/a><\/li><li class='ez-toc-page-1 ez-toc-heading-level-2'><a class=\"ez-toc-link ez-toc-heading-4\" href=\"https:\/\/vestibulares.estrategia.com\/portal\/enem-e-vestibulares\/cefet-mg-sisu-cursos-vagas-como-ingressar-e-muito-mais\/#Como-funciona-o-Sisu\" >Como funciona o Sisu?<\/a><\/li><li class='ez-toc-page-1 ez-toc-heading-level-2'><a class=\"ez-toc-link ez-toc-heading-5\" href=\"https:\/\/vestibulares.estrategia.com\/portal\/enem-e-vestibulares\/cefet-mg-sisu-cursos-vagas-como-ingressar-e-muito-mais\/#Quais-sao-as-modalidades-de-concorrencia\" >Quais s&atilde;o as modalidades de concorr&ecirc;ncia?<\/a><\/li><li class='ez-toc-page-1 ez-toc-heading-level-2'><a class=\"ez-toc-link ez-toc-heading-6\" href=\"https:\/\/vestibulares.estrategia.com\/portal\/enem-e-vestibulares\/cefet-mg-sisu-cursos-vagas-como-ingressar-e-muito-mais\/#Lei-de-cotas-Sisu\" >Lei de cotas Sisu<\/a><\/li><li class='ez-toc-page-1 ez-toc-heading-level-2'><a class=\"ez-toc-link ez-toc-heading-7\" href=\"https:\/\/vestibulares.estrategia.com\/portal\/enem-e-vestibulares\/cefet-mg-sisu-cursos-vagas-como-ingressar-e-muito-mais\/#Resultado-e-abertura-das-inscricoes-do-Sisu\" >Resultado e abertura das inscri&ccedil;&otilde;es do Sisu<\/a><\/li><li class='ez-toc-page-1 ez-toc-heading-level-2'><a class=\"ez-toc-link ez-toc-heading-8\" href=\"https:\/\/vestibulares.estrategia.com\/portal\/enem-e-vestibulares\/cefet-mg-sisu-cursos-vagas-como-ingressar-e-muito-mais\/#Acoes-afirmativas-Cefet-MG\" >A&ccedil;&otilde;es afirmativas Cefet-MG<\/a><\/li><li class='ez-toc-page-1 ez-toc-heading-level-2'><a class=\"ez-toc-link ez-toc-heading-9\" href=\"https:\/\/vestibulares.estrategia.com\/portal\/enem-e-vestibulares\/cefet-mg-sisu-cursos-vagas-como-ingressar-e-muito-mais\/#Como-e-o-Enem\" >Como &eacute; o Enem?<\/a><\/li><li class='ez-toc-page-1 ez-toc-heading-level-2'><a class=\"ez-toc-link ez-toc-heading-10\" href=\"https:\/\/vestibulares.estrategia.com\/portal\/enem-e-vestibulares\/cefet-mg-sisu-cursos-vagas-como-ingressar-e-muito-mais\/#Locais-de-prova\" >Locais de prova<\/a><\/li><li class='ez-toc-page-1 ez-toc-heading-level-2'><a class=\"ez-toc-link ez-toc-heading-11\" href=\"https:\/\/vestibulares.estrategia.com\/portal\/enem-e-vestibulares\/cefet-mg-sisu-cursos-vagas-como-ingressar-e-muito-mais\/#O-que-levar-no-dia-da-prova\" >O que levar no dia da prova?<\/a><\/li><li class='ez-toc-page-1 ez-toc-heading-level-2'><a class=\"ez-toc-link ez-toc-heading-12\" href=\"https:\/\/vestibulares.estrategia.com\/portal\/enem-e-vestibulares\/cefet-mg-sisu-cursos-vagas-como-ingressar-e-muito-mais\/#Como-funciona-a-prova-do-Enem\" >Como funciona a prova do Enem?<\/a><\/li><li class='ez-toc-page-1 ez-toc-heading-level-2'><a class=\"ez-toc-link ez-toc-heading-13\" href=\"https:\/\/vestibulares.estrategia.com\/portal\/enem-e-vestibulares\/cefet-mg-sisu-cursos-vagas-como-ingressar-e-muito-mais\/#Como-calcular-a-nota-do-Enem\" >Como calcular a nota do Enem?<\/a><\/li><li class='ez-toc-page-1 ez-toc-heading-level-2'><a class=\"ez-toc-link ez-toc-heading-14\" href=\"https:\/\/vestibulares.estrategia.com\/portal\/enem-e-vestibulares\/cefet-mg-sisu-cursos-vagas-como-ingressar-e-muito-mais\/#Como-funciona-a-redacao-do-Enem\" >Como funciona a reda&ccedil;&atilde;o do Enem<\/a><\/li><li class='ez-toc-page-1 ez-toc-heading-level-2'><a class=\"ez-toc-link ez-toc-heading-15\" href=\"https:\/\/vestibulares.estrategia.com\/portal\/enem-e-vestibulares\/cefet-mg-sisu-cursos-vagas-como-ingressar-e-muito-mais\/#Como-a-redacao-e-avaliada-pela-banca\" >Como a reda&ccedil;&atilde;o &eacute; avaliada pela banca?<\/a><\/li><li class='ez-toc-page-1 ez-toc-heading-level-2'><a class=\"ez-toc-link ez-toc-heading-16\" href=\"https:\/\/vestibulares.estrategia.com\/portal\/enem-e-vestibulares\/cefet-mg-sisu-cursos-vagas-como-ingressar-e-muito-mais\/#Veja-os-ultimos-temas-de-redacao-do-Enem\" >Veja os &uacute;ltimos temas de reda&ccedil;&atilde;o do Enem<\/a><\/li><li class='ez-toc-page-1 ez-toc-heading-level-2'><a class=\"ez-toc-link ez-toc-heading-17\" href=\"https:\/\/vestibulares.estrategia.com\/portal\/enem-e-vestibulares\/cefet-mg-sisu-cursos-vagas-como-ingressar-e-muito-mais\/#Matriz-de-Referencia-Enem\" >Matriz de Refer&ecirc;ncia Enem<\/a><\/li><li class='ez-toc-page-1 ez-toc-heading-level-2'><a class=\"ez-toc-link ez-toc-heading-18\" href=\"https:\/\/vestibulares.estrategia.com\/portal\/enem-e-vestibulares\/cefet-mg-sisu-cursos-vagas-como-ingressar-e-muito-mais\/#Provas-de-Habilidades-Especificas-Cefet-MG\" >Provas de Habilidades Espec&iacute;ficas Cefet-MG<\/a><\/li><li class='ez-toc-page-1 ez-toc-heading-level-2'><a class=\"ez-toc-link ez-toc-heading-19\" href=\"https:\/\/vestibulares.estrategia.com\/portal\/enem-e-vestibulares\/cefet-mg-sisu-cursos-vagas-como-ingressar-e-muito-mais\/#Como-se-matricular-no-Cefet-MG\" >Como se matricular no Cefet-MG<\/a><\/li><li class='ez-toc-page-1 ez-toc-heading-level-2'><a class=\"ez-toc-link ez-toc-heading-20\" href=\"https:\/\/vestibulares.estrategia.com\/portal\/enem-e-vestibulares\/cefet-mg-sisu-cursos-vagas-como-ingressar-e-muito-mais\/#Notas-de-corte-Cefet-MG\" >Notas de corte Cefet-MG<\/a><\/li><li class='ez-toc-page-1 ez-toc-heading-level-2'><a class=\"ez-toc-link ez-toc-heading-21\" href=\"https:\/\/vestibulares.estrategia.com\/portal\/enem-e-vestibulares\/cefet-mg-sisu-cursos-vagas-como-ingressar-e-muito-mais\/#Cursos-Cefet-MG\" >Cursos Cefet-MG<\/a><\/li><li class='ez-toc-page-1 ez-toc-heading-level-2'><a class=\"ez-toc-link ez-toc-heading-22\" href=\"https:\/\/vestibulares.estrategia.com\/portal\/enem-e-vestibulares\/cefet-mg-sisu-cursos-vagas-como-ingressar-e-muito-mais\/#Campi-e-estruturas-do-Cefet-MG\" >Campi e estruturas do Cefet-MG<\/a><\/li><li class='ez-toc-page-1 ez-toc-heading-level-2'><a class=\"ez-toc-link ez-toc-heading-23\" href=\"https:\/\/vestibulares.estrategia.com\/portal\/enem-e-vestibulares\/cefet-mg-sisu-cursos-vagas-como-ingressar-e-muito-mais\/#Oportunidades-do-Cefet-MG\" >Oportunidades do Cefet-MG<\/a><\/li><li class='ez-toc-page-1 ez-toc-heading-level-2'><a class=\"ez-toc-link ez-toc-heading-24\" href=\"https:\/\/vestibulares.estrategia.com\/portal\/enem-e-vestibulares\/cefet-mg-sisu-cursos-vagas-como-ingressar-e-muito-mais\/#Auxilios-e-permanencia-estudantil\" >Aux&iacute;lios e perman&ecirc;ncia estudantil<\/a><\/li><li class='ez-toc-page-1 ez-toc-heading-level-2'><a class=\"ez-toc-link ez-toc-heading-25\" href=\"https:\/\/vestibulares.estrategia.com\/portal\/enem-e-vestibulares\/cefet-mg-sisu-cursos-vagas-como-ingressar-e-muito-mais\/#Baixe-gratis-o-e-book-sobre-permanencia-estudantil\" >Baixe gr&aacute;tis o e-book sobre perman&ecirc;ncia estudantil<\/a><\/li><li class='ez-toc-page-1 ez-toc-heading-level-2'><a class=\"ez-toc-link ez-toc-heading-26\" href=\"https:\/\/vestibulares.estrategia.com\/portal\/enem-e-vestibulares\/cefet-mg-sisu-cursos-vagas-como-ingressar-e-muito-mais\/#Confira-os-cursos-Enem-do-Estrategia-Vestibulares\" >Confira os cursos Enem do Estrat&eacute;gia Vestibulares<\/a><\/li><\/ul><\/nav><\/div>\n<h2 class=\"wp-block-heading\" id=\"h-sobre-o-cefet-mg\"><span class=\"ez-toc-section\" id=\"Sobre-o-Cefet-MG\"><\/span>Sobre o Cefet-MG<span class=\"ez-toc-section-end\"><\/span><\/h2><p>Sua origem remete a 1909, quando o ent&atilde;o presidente do Brasil, Nilo Pe&ccedil;anha, criou a Escola de Aprendizes Art&iacute;fices de Minas Gerais, em Belo Horizonte (MG). Na &eacute;poca, como a capital mineira n&atilde;o necessitava de profissionais para a ind&uacute;stria, os alunos eram formados artes&atilde;os. Isso mudou em 1942, com a industrializa&ccedil;&atilde;o da cidade e a inclus&atilde;o de cursos t&eacute;cnicos na grade da escola. <\/p><p>Por&eacute;m, foi apenas em 1978, que a institui&ccedil;&atilde;o tornou-se o Centro Federal de Educa&ccedil;&atilde;o Tecnol&oacute;gica de Minas Gerais, com a aprova&ccedil;&atilde;o de uma lei no Congresso Nacional. O Cefet-MG possui sede em Belo Horizonte (MG) e unidades distribu&iacute;das ao redor do estado mineiro, que s&atilde;o chamadas de Unidade de Ensino Descentralizado (UnED)<\/p><p>Assim como o <a href=\"https:\/\/vestibulares.estrategia.com\/portal\/enem-e-vestibulares\/cefet-rj-sisu-cursos-vagas-como-ingressar-e-muito-mais\/\" target=\"_blank\">Cefet\/RJ<\/a>, o Cefet-MG possui Ensino M&eacute;dio, Ensino T&eacute;cnico e Ensino Superior. Na &uacute;ltima edi&ccedil;&atilde;o do Sisu, o instituto ofereceu mais de 900 vagas para ingresso nos cursos de gradua&ccedil;&atilde;o.<\/p><h2 class=\"wp-block-heading\" id=\"h-calendario-cefet-mg-enem-e-sisu\"><span class=\"ez-toc-section\" id=\"Calendario-Cefet-MG-Enem-e-Sisu\"><\/span>Calend&aacute;rio Cefet-MG, Enem e Sisu<span class=\"ez-toc-section-end\"><\/span><\/h2><h3 class=\"wp-block-heading\" id=\"h-enem-2025\">Enem 2025<\/h3><ul class=\"wp-block-list\">\n<li><strong>Divulga&ccedil;&atilde;o do edital<\/strong><br>23\/05\/2025 &ndash;&nbsp;<a href=\"https:\/\/vestibulares.estrategia.com\/portal\/noticias\/edital-enem-2024-completo-datas-inscricoes-provas-e-resultado\/\" target=\"_blank\">acesse o edital<\/a><\/li>\n\n\n\n<li><strong>Per&iacute;odo de solicita&ccedil;&atilde;o de isen&ccedil;&atilde;o e justificativa de aus&ecirc;ncia<br><\/strong>14 a 25\/04\/2025<\/li>\n\n\n\n<li><strong>Divulga&ccedil;&atilde;o do resultado do pedido de isen&ccedil;&atilde;o e da justificativa de aus&ecirc;ncia<br><\/strong>12\/05\/2025<\/li>\n\n\n\n<li><strong>Recurso da justificativa de aus&ecirc;ncia e permiss&atilde;o de isen&ccedil;&atilde;o da taxa de inscri&ccedil;&atilde;o<br><\/strong>12 a 16\/05\/2025<\/li>\n\n\n\n<li><strong>Resultados do recurso da justificativa de aus&ecirc;ncia e pedido de isen&ccedil;&atilde;o da taxa de inscri&ccedil;&atilde;o<br><\/strong>22\/05\/2025<\/li>\n\n\n\n<li><strong>Per&iacute;odo de inscri&ccedil;&otilde;es do Enem 2025<br><\/strong>26\/05 a 06\/06\/2025<\/li>\n\n\n\n<li><strong>Pagamento da taxa de inscri&ccedil;&atilde;o<\/strong><br>at&eacute; 11\/06\/2025<\/li>\n\n\n\n<li><strong>Divulga&ccedil;&atilde;o do local de prova do Enem 2025<\/strong><br><em>24\/10\/2025<\/em><\/li>\n\n\n\n<li><strong>Provas Enem 2025<\/strong>*<br>09 e 16\/11\/2025<\/li>\n\n\n\n<li><strong>Divulga&ccedil;&atilde;o do gabarito oficial<\/strong><br>at&eacute; o 10&deg; dia &uacute;til ap&oacute;s o 2&deg; dia de aplica&ccedil;&atilde;o<\/li>\n\n\n\n<li><strong>Divulga&ccedil;&atilde;o do resultado<\/strong><br>16\/01\/2026<\/li>\n\n\n\n<li><strong>*Aplica&ccedil;&atilde;o em Bel&eacute;m, Ananindeua e Marituba (PA)<br><\/strong>30\/11 e 07\/12\/2025<\/li>\n<\/ul><h3 class=\"wp-block-heading\" id=\"h-sisu-2026\">Sisu 2026<\/h3><ul class=\"wp-block-list\">\n<li><strong>Divulga&ccedil;&atilde;o do edital:<\/strong>&nbsp;23\/12\/2025;<\/li>\n\n\n\n<li><strong>Per&iacute;odo de inscri&ccedil;&atilde;o:&nbsp;<\/strong>19 a 23\/01\/2026;<\/li>\n\n\n\n<li><strong>Resultado da lista &uacute;nica:&nbsp;<\/strong>29\/01\/2026;<\/li>\n\n\n\n<li><strong>Matr&iacute;culas chamada regular:&nbsp;<\/strong>a partir de 02\/02\/2026;<\/li>\n\n\n\n<li><strong>Per&iacute;odo para participar da lista de espera:&nbsp;<\/strong>29\/01 a 02\/02\/2026.<\/li>\n<\/ul><h2 class=\"wp-block-heading\" id=\"h-como-ingressar-na-cefet-mg\"><span class=\"ez-toc-section\" id=\"Como-ingressar-na-Cefet-MG\"><\/span>Como ingressar na Cefet-MG<span class=\"ez-toc-section-end\"><\/span><\/h2><p>O ingresso para os cursos de gradua&ccedil;&atilde;o do Centro Federal de Educa&ccedil;&atilde;o Tecnol&oacute;gica de Minas Gerais &eacute; feito pelo Sistema de Sele&ccedil;&atilde;o Unificada (<a href=\"https:\/\/vestibulares.estrategia.com\/portal\/enem-e-vestibulares\/sisu\/sisu-o-que-e\/\" target=\"_blank\">Sisu<\/a>), criado pelo Minist&eacute;rio da Educa&ccedil;&atilde;o (MEC), em 2009, para que institui&ccedil;&otilde;es p&uacute;blicas de ensino superior ofere&ccedil;am vagas a candidatos que participaram do Exame Nacional do Ensino M&eacute;dio (<a href=\"https:\/\/vestibulares.estrategia.com\/portal\/enem-e-vestibulares\/enem\/enem\/\" target=\"_blank\">Enem<\/a>).&nbsp;<\/p><p>H&aacute; tamb&eacute;m o ingresso semestral com o uso nota do Enem como forma de sele&ccedil;&atilde;o. O edital &eacute; divulgado no site oficial da <a href=\"https:\/\/www.copeve.cefetmg.br\/\" target=\"_blank\">Copeve\/Cefet-MG<\/a>, que &eacute; a Coordena&ccedil;&atilde;o de Processos Seletivos da institui&ccedil;&atilde;o. <\/p><p>\n\n\n\n<div id=\"new-form\">\n\t<form id=\"forms_layout\">\n\t<input type=\"hidden\" id=\"chave_de\" name=\"chave_de\" value=\"01_EVEST_LEADS_TOTAIS\" \/>\n\t\t<input type=\"hidden\" id=\"mid\" name=\"mid\" value=\"515008983\" \/>\n\t\t<input type=\"hidden\" id=\"Objetivo\" name=\"Objetivo\" value=\"Vestibulares\" \/>\n\t\t<input type=\"hidden\" id=\"Estado_de_Origem_do_IP\" name=\"Estado_de_Origem_do_IP\"  value=\"\" \/>\n\t\t<input type=\"hidden\" id=\"Cidade_de_Origem_do_IP\" name=\"Cidade_de_Origem_do_IP\" value=\"\" \/>\n\t\t<input type=\"hidden\" id=\"Modo_de_entrada\" name=\"Modo_de_entrada\" value=\"Portal\" \/>\n\t\t<input type=\"hidden\" id=\"Pagina_Origem\" name=\"Pagina_Origem\" value=\"\" \/>\n\n\t\t<div class=\"texto\">\n\t\t\t<h3 class=\"news\">Inscreva-se em nossa newsletter\ud83e\udd89<\/h3>\n\t\t\t<p>Receba dicas de estudo gratuitas e saiba em primeira m\u00e3o as novidades sobre o Enem, Sisu, Encceja, Fuvest e outros vestibulares!<\/p>\n\t\t<\/div>\n\t\t<div class=\"campos\">\n\t\t\t<div class=\"first_name labels\">\n\t\t\t\t<input type=\"text\" class=\"input_labels\" id=\"first_name\" name=\"Nome_Completo\" placeholder=\"Nome\" required \/>\n\t\t\t<\/div>\n\t\t\t<div class=\"email labels\">\n\t\t\t\t<input type=\"email\" class=\"input_labels\" id=\"email\" name=\"Email\" placeholder=\"E-mail\" required \/>\n\t\t\t<\/div>\n\t\t\t<button type=\"submit\" class=\"button_layout\">\n\t\t\t\t<div id=\"lblBotao\">Inscreva-se<\/div>\n\t\t\t\t<span id=\"divSpiner\" class=\"loader\" role=\"status\" style=\"display: none;\"><\/span>\t\n\t\t\t<\/button>\n\t\t<\/div><!-- \/campos -->\n\t\t\n\t\t<label class=\"container_checkbox\">Voc\u00ea concorda com a nossa\n\t\t\t<a class=\"politics_privacy_ahref\" target=\"_blank\" href=\"https:\/\/gratis.estrategiaconcursos.com.br\/politica-de-privacidade\/\">Pol\u00edtica de Privacidade<\/a> e aceita receber informa\u00e7\u00f5es adicionais do Estrat\u00e9gia Educacional.\n\t\t\t<input id=\"checkbox_layout\" type=\"checkbox\" checked=\"checked\" required \/>\n\t\t\t<span class=\"checkbox\"><\/span>\n\t\t<\/label>\n\t\t<div id=\"msg\"><\/div>\n\t\t<div id=\"error\" class=\"error\">\n\t\t<\/div>\n\t<\/form>\n<\/div><!-- \/new-form -->\n\n\n\n<\/p><h2 class=\"wp-block-heading\" id=\"h-como-funciona-o-sisu\"><span class=\"ez-toc-section\" id=\"Como-funciona-o-Sisu\"><\/span>Como funciona o Sisu?<span class=\"ez-toc-section-end\"><\/span><\/h2><p>O Sisu &eacute; um sistema virtual que re&uacute;ne institui&ccedil;&otilde;es de Ensino Superior p&uacute;blicas e candidatos que desejam ingressar nessas institui&ccedil;&otilde;es na mesma plataforma. A nota que comp&otilde;e o Sisu &eacute; a nota do Enem do ano vigente e &eacute; dentro do site do programa que o candidato escolhe o curso e a institui&ccedil;&atilde;o pela qual deseja concorrer.<\/p><p>O desempenho do candidato no Enem &eacute; determinante para conquistar uma das vagas existentes na Cefet-MG. Como a ades&atilde;o ao Sisu &eacute; opcional, muitas outras institui&ccedil;&otilde;es acabam realizando processos seletivos pr&oacute;prios. Existem vestibulares que incluem a nota do Enem, mas a maioria opta por fazer provas distintas.<\/p><p>Para se inscrever, o candidato deve acessar o site do Sisu, entrar no sistema com seus dados de acesso e escolher o curso e a institui&ccedil;&atilde;o que deseja concorrer &agrave;s vagas. As inscri&ccedil;&otilde;es s&atilde;o abertas duas vezes ao ano.<\/p><p>Para se inscrever no Sisu, o candidato precisa ter em m&atilde;os o n&uacute;mero de inscri&ccedil;&atilde;o no Enem e senha utilizada para acesso ao sistema. N&atilde;o h&aacute; pagamento de taxa para participar do programa.<\/p><p>Ao final do per&iacute;odo de inscri&ccedil;&atilde;o, o Sisu divulga a primeira lista de chamada com os candidatos mais bem colocados. Candidatos que zeraram a reda&ccedil;&atilde;o do Enem n&atilde;o conseguem participar do programa.<\/p><h2 class=\"wp-block-heading\" id=\"h-quais-sao-as-modalidades-de-concorrencia\"><span class=\"ez-toc-section\" id=\"Quais-sao-as-modalidades-de-concorrencia\"><\/span>Quais s&atilde;o as modalidades de concorr&ecirc;ncia?<span class=\"ez-toc-section-end\"><\/span><\/h2><p>Os candidatos podem se inscrever em tr&ecirc;s modalidades: vagas de ampla concorr&ecirc;ncia, vagas reservadas para quem se enquadra na Lei de Cotas e vagas destinadas &agrave;s outras a&ccedil;&otilde;es afirmativas previstas pela institui&ccedil;&atilde;o.<\/p><p>Durante a chamada regular do Sisu, portanto, o candidato que optar por uma certa modalidade concorrer&aacute; somente com os candidatos que escolheram a mesma op&ccedil;&atilde;o. Assim, o sistema seleciona apenas dentro daquela categoria os que obtiveram as melhores notas no Enem.<\/p><h2 class=\"wp-block-heading\" id=\"h-lei-de-cotas-sisu\"><span class=\"ez-toc-section\" id=\"Lei-de-cotas-Sisu\"><\/span>Lei de cotas Sisu<span class=\"ez-toc-section-end\"><\/span><\/h2><p>A Lei n&ordm; 12.711\/2012 foi atualizada em 2023 (<a href=\"https:\/\/www.planalto.gov.br\/ccivil_03\/_ato2023-2026\/2023\/lei\/L14723.htm\" target=\"_blank\">Lei 14.723\/23<\/a>) e a partir de agora os participantes que t&ecirc;m direito &agrave; reserva de vagas (cotas) concorrem juntos &agrave;s vagas de ampla concorr&ecirc;ncia. A reserva de vagas s&oacute; ser&aacute; usada caso o participante n&atilde;o atinja nota suficiente para conseguir uma vaga em ampla concorr&ecirc;ncia. Al&eacute;m disso, estudantes quilombolas tamb&eacute;m est&atilde;o inclu&iacute;dos na nova lei.<\/p><p>Criada em 2012, a Lei n&ordm; 12.711 possibilita o ingresso exclusivo de estudantes que cursaram o Ensino M&eacute;dio em escolas p&uacute;blicas em 50% das vagas por curso e turno em todas as institui&ccedil;&otilde;es federais de ensino cadastradas no programa. Da totalidade (100%) das vagas, metade delas s&atilde;o destinadas a estudantes com renda familiar mensal de at&eacute; 1,0 (anteriormente o valor era de 1,5) sal&aacute;rio m&iacute;nimo.<\/p><p>H&aacute; ainda a propor&ccedil;&atilde;o de pessoas autodeclaradas pretas, pardas e ind&iacute;genas, que &eacute; dividida de acordo com a composi&ccedil;&atilde;o &eacute;tnica do estado federativo da institui&ccedil;&atilde;o desenvolvido de acordo com com o &uacute;ltimo Censo do Instituto Brasileiro de Geografia e Estat&iacute;stica (IBGE).<\/p><p>&Eacute; necess&aacute;rio participar de uma s&eacute;rie de tr&acirc;mites que envolvem a documenta&ccedil;&atilde;o comprobat&oacute;ria para cada uma das modalidades. Portanto, os candidatos que optarem por tais formas de entrada precisam conferir os pr&oacute;ximos passos de cada institui&ccedil;&atilde;o de ensino.<\/p><ul class=\"wp-block-list\">\n<li><a href=\"https:\/\/vestibulares.estrategia.com\/portal\/enem-e-vestibulares\/vestibulares\/lei-de-cotas-o-que-muda-com-a-atualizacao\/\" target=\"_blank\">Lei de Cotas: o que muda com a atualiza&ccedil;&atilde;o?<\/a><\/li>\n<\/ul><h2 class=\"wp-block-heading\" id=\"h-resultado-e-abertura-das-inscricoes-do-sisu\"><span class=\"ez-toc-section\" id=\"Resultado-e-abertura-das-inscricoes-do-Sisu\"><\/span>Resultado e abertura das inscri&ccedil;&otilde;es do Sisu<span class=\"ez-toc-section-end\"><\/span><\/h2><p>O per&iacute;odo de inscri&ccedil;&otilde;es do Sisu acontece no m&ecirc;s de janeiro e a divulga&ccedil;&atilde;o dos resultados do programa acontece na semana seguinte &agrave;s inscri&ccedil;&otilde;es. Confira o edital do programa no Portal do EV.<\/p><h2 class=\"wp-block-heading\" id=\"h-acoes-afirmativas-cefet-mg\"><span class=\"ez-toc-section\" id=\"Acoes-afirmativas-Cefet-MG\"><\/span>A&ccedil;&otilde;es afirmativas Cefet-MG<span class=\"ez-toc-section-end\"><\/span><\/h2><p>O Cefet-MG participa e segue a Lei de cotas (n&ordm; 12.711), em s&atilde;o destinadas 50% das vagas a candidatos que cursaram de forma integral o Ensino M&eacute;dio em sistemas p&uacute;blicos de ensino. Dessas vagas, 50% s&atilde;o destinadas a candidatos com renda familiar bruta per capita igual ou inferior a 1,0 sal&aacute;rio m&iacute;nimo nacional vigente e os outros 50% das vagas s&atilde;o destinadas para quem tem renda familiar superior a esse n&uacute;mero.<\/p><p>Ap&oacute;s a divis&atilde;o, o percentual de 58,78% das vagas de ambos os grupos &eacute; destinado aos autodeclarados pretos, pardos e ind&iacute;genas. O valor corresponde &agrave; soma dessas popula&ccedil;&otilde;es no Distrito Federal, segundo o censo demogr&aacute;fico de 2010, feito pelo Instituto Brasileiro de Geografia e Estat&iacute;stica (IBGE). Al&eacute;m disso, h&aacute; a reserva de 0,66% das vagas para quilombolas e a porcentagem reservada a pessoas com defici&ecirc;ncia, com 8,43% das vagas.<\/p><h2 class=\"wp-block-heading\" id=\"h-como-e-o-enem\"><span class=\"ez-toc-section\" id=\"Como-e-o-Enem\"><\/span>Como &eacute; o Enem?<span class=\"ez-toc-section-end\"><\/span><\/h2><p>O Enem atual tem uma &uacute;nica etapa, dividida em dois domingos seguidos. O Cefet-MG n&atilde;o possui Prova de Habilidades Espec&iacute;ficas.<\/p><h2 class=\"wp-block-heading\" id=\"h-locais-de-prova\"><span class=\"ez-toc-section\" id=\"Locais-de-prova\"><\/span>Locais de prova<span class=\"ez-toc-section-end\"><\/span><\/h2><p>O local de prova do Enem &eacute; disponibilizado a pouco menos de um m&ecirc;s para o dia da prova, no m&ecirc;s de outubro. Veja como acessar:<\/p><ul class=\"wp-block-list\">\n<li>Acesse a <a href=\"https:\/\/enem.inep.gov.br\/participante\/#!\/\" target=\"_blank\">P&aacute;gina do Participante do Enem<\/a>;<\/li>\n\n\n\n<li>Clique em &ldquo;P&aacute;gina do Participante &ndash; Acessar com Gov.Br&rdquo;;<\/li>\n\n\n\n<li>Fa&ccedil;a o seu login com a sua conta do Gov.Br, o site de acesso &uacute;nico do governo federal;<\/li>\n\n\n\n<li>Clique em &ldquo;Local de prova&rdquo;; e<\/li>\n\n\n\n<li>Com isso, um personagem interativo da P&aacute;gina do Participante lhe enviar&aacute; um bot&atilde;o escrito &ldquo;Local de Prova&rdquo;, clique nele e tenha acesso ao Cart&atilde;o de Confirma&ccedil;&atilde;o com os seus dados pessoais e o local em que voc&ecirc; far&aacute; o Enem.<\/li>\n<\/ul><p>No cart&atilde;o de confirma&ccedil;&atilde;o o candidato encontra informa&ccedil;&otilde;es como local de prova (endere&ccedil;o, n&uacute;mero e sala), n&uacute;mero de inscri&ccedil;&atilde;o, datas e hor&aacute;rios da prova, op&ccedil;&atilde;o de l&iacute;ngua estrangeira escolhida e atendimentos espec&iacute;ficos, caso solicitados.<\/p><p>N&atilde;o &eacute; obrigat&oacute;rio levar o cart&atilde;o de confirma&ccedil;&atilde;o nos dias de prova, mas o documento traz informa&ccedil;&otilde;es de forma acess&iacute;vel para consulta r&aacute;pida. N&atilde;o &eacute; poss&iacute;vel mudar o local de prova e demais informa&ccedil;&otilde;es cadastrais.<\/p><h2 class=\"wp-block-heading\" id=\"h-o-que-levar-no-dia-da-prova\"><span class=\"ez-toc-section\" id=\"O-que-levar-no-dia-da-prova\"><\/span>O que levar no dia da prova?<span class=\"ez-toc-section-end\"><\/span><\/h2><p>De acordo com o edital do Enem, os candidatos devem portar os seguintes itens obrigatoriamente:<\/p><ul class=\"wp-block-list\">\n<li>Caneta esferogr&aacute;fica de tinta preta, em material transparente (obrigat&oacute;rio);<\/li>\n\n\n\n<li>Documento de identifica&ccedil;&atilde;o com foto (obrigat&oacute;rio); e<\/li>\n\n\n\n<li>Declara&ccedil;&atilde;o de Comparecimento impressa (apenas para quem precisa comprovar a presen&ccedil;a no local de prova).<\/li>\n<\/ul><h2 class=\"wp-block-heading\" id=\"h-como-funciona-a-prova-do-enem\"><span class=\"ez-toc-section\" id=\"Como-funciona-a-prova-do-Enem\"><\/span>Como funciona a prova do Enem?<span class=\"ez-toc-section-end\"><\/span><\/h2><p>O atual modelo de prova do Enem cont&eacute;m 180 quest&otilde;es, divididas entre dois domingos consecutivos de aplica&ccedil;&atilde;o. Com dura&ccedil;&atilde;o de 5 horas e 30 minutos, os candidatos respondem &agrave; prova do primeiro dia entre 13h30 e 19h00. J&aacute; no segundo domingo, a prova tem dura&ccedil;&atilde;o de 5 horas, ou seja, pode ser respondida das 13h30 &agrave;s 18h30.<\/p><p>No primeiro dia, &eacute; aplicada a prova de Linguagens, C&oacute;digos e suas Tecnologias, Reda&ccedil;&atilde;o; e Ci&ecirc;ncias Humanas e suas Tecnologias. J&aacute; no segundo dia, a prova &eacute; composta de quest&otilde;es que cobram dos candidatos conhecimentos em Ci&ecirc;ncias da Natureza e suas Tecnologias; e Matem&aacute;tica e suas Tecnologias.<\/p><h2 class=\"wp-block-heading\" id=\"h-como-calcular-a-nota-do-enem\"><span class=\"ez-toc-section\" id=\"Como-calcular-a-nota-do-Enem\"><\/span>Como calcular a nota do Enem?<span class=\"ez-toc-section-end\"><\/span><\/h2><p>O modelo de corre&ccedil;&atilde;o do Enem &eacute; chamado de Teoria de Resposta ao Item (TRI), e o c&aacute;lculo n&atilde;o leva em conta apenas a quantidade de erros e acertos. &Eacute; uma forma mais complexa que os demais vestibulares brasileiros e possui f&oacute;rmula pr&oacute;pria.<\/p><p>Cada &aacute;rea avaliada com o TRI tem uma m&eacute;dia obtida que depende da dificuldade das quest&otilde;es e do n&uacute;mero de quest&otilde;es que o candidato acerta. Para saber mais, acesse nosso artigo sobre o assunto: &ldquo;<a href=\"https:\/\/vestibulares.estrategia.com\/portal\/enem-e-vestibulares\/enem\/nota-enem-tri\/\" target=\"_blank\">TRI: Como funciona a nota no Enem?<\/a>&rdquo;.&nbsp;<\/p><h2 class=\"wp-block-heading\" id=\"h-como-funciona-a-redacao-do-enem\"><span class=\"ez-toc-section\" id=\"Como-funciona-a-redacao-do-Enem\"><\/span>Como funciona a reda&ccedil;&atilde;o do Enem<span class=\"ez-toc-section-end\"><\/span><\/h2><p>A reda&ccedil;&atilde;o do Enem deve ser feita em at&eacute; 30 linhas, escrita &agrave; m&atilde;o, sobre o tema proposto no ano e, como apoio, o exame disponibiliza textos base com informa&ccedil;&otilde;es, dados e reflex&otilde;es sobre o assunto.<\/p><p>O Enem exige que a reda&ccedil;&atilde;o seja feita com o g&ecirc;nero dissertativo-argumentativo, e o tema gira em torno de quest&otilde;es sociais, culturais, pol&iacute;ticas, ou cient&iacute;ficas relevantes, sempre sobre o foco e ponto de vista do Brasil.<\/p><h2 class=\"wp-block-heading\" id=\"h-como-a-redacao-e-avaliada-pela-banca\"><span class=\"ez-toc-section\" id=\"Como-a-redacao-e-avaliada-pela-banca\"><\/span>Como a reda&ccedil;&atilde;o &eacute; avaliada pela banca?<span class=\"ez-toc-section-end\"><\/span><\/h2><p>A avalia&ccedil;&atilde;o da banca do Enem nas reda&ccedil;&otilde;es leva em conta cinco compet&ecirc;ncias, para facilitar a padroniza&ccedil;&atilde;o das notas para todos os concorrentes. <a href=\"https:\/\/vestibulares.estrategia.com\/portal\/materias\/redacao\/competencias-redacao-enem\/\" target=\"_blank\">Veja quais s&atilde;o as compet&ecirc;ncias<\/a>:&nbsp;<\/p><ul class=\"wp-block-list\">\n<li>Dom&iacute;nio da escrita formal da L&iacute;ngua Portuguesa;<\/li>\n\n\n\n<li>Compreens&atilde;o do tema e adequa&ccedil;&atilde;o &agrave; proposta;<\/li>\n\n\n\n<li>Organiza&ccedil;&atilde;o das ideias;<\/li>\n\n\n\n<li>Coes&atilde;o e coer&ecirc;ncia; e<\/li>\n\n\n\n<li>Proposta de interven&ccedil;&atilde;o.<\/li>\n<\/ul><h2 class=\"wp-block-heading\" id=\"h-veja-os-ultimos-temas-de-redacao-do-enem\"><span class=\"ez-toc-section\" id=\"Veja-os-ultimos-temas-de-redacao-do-Enem\"><\/span>Veja os &uacute;ltimos temas de reda&ccedil;&atilde;o do Enem<span class=\"ez-toc-section-end\"><\/span><\/h2><ul class=\"wp-block-list\">\n<li><a href=\"https:\/\/vestibulares.estrategia.com\/portal\/noticias\/tema-redacao-enem-2025\/\" target=\"_blank\">Reda&ccedil;&atilde;o Enem 2025<\/a>&nbsp;&ndash; Perspectivas acerca do envelhecimento na sociedade brasileira<\/li>\n\n\n\n<li><a href=\"https:\/\/vestibulares.estrategia.com\/portal\/noticias\/tema-de-redacao-enem-2024-desafios-para-a-valorizacao-da-heranca-africana-no-brasil\/\" target=\"_blank\">Reda&ccedil;&atilde;o Enem 2024<\/a>&nbsp;&ndash; Desafios da valoriza&ccedil;&atilde;o da heran&ccedil;a africana no Brasil<\/li>\n\n\n\n<li><a href=\"https:\/\/vestibulares.estrategia.com\/portal\/noticias\/tema-de-redacao-enem-2023\/\" target=\"_blank\">Reda&ccedil;&atilde;o Enem 2023<\/a>&nbsp;&ndash; Invisibilidade do trabalho de cuidados realizados pela mulher no Brasil<\/li>\n\n\n\n<li><a href=\"https:\/\/vestibulares.estrategia.com\/portal\/enem-e-vestibulares\/enem\/tema-de-redacao-enem-2022\/\" target=\"_blank\">Reda&ccedil;&atilde;o Enem 2022<\/a>&nbsp;&ndash; &ldquo;Desafios para a valoriza&ccedil;&atilde;o de comunidades e povos tradicionais no Brasil&rdquo;<\/li>\n\n\n\n<li><a href=\"https:\/\/vestibulares.estrategia.com\/portal\/enem-e-vestibulares\/enem\/tema-de-redacao-enem-2021\/\" target=\"_blank\">Reda&ccedil;&atilde;o Enem 2021<\/a> &ndash; Invisibilidade e registro civil: garantia de acesso &agrave; cidadania no Brasil<\/li>\n\n\n\n<li>Reda&ccedil;&atilde;o Enem Impresso 2020 &ndash; O estigma associado &agrave;s doen&ccedil;as mentais na sociedade brasileira<\/li>\n\n\n\n<li><a href=\"https:\/\/vestibulares.estrategia.com\/portal\/redacao\/enem-2019-democratizacao-do-acesso-ao-cinema-no-brasil\/\" target=\"_blank\">Reda&ccedil;&atilde;o Enem 2019<\/a> &ndash; Democratiza&ccedil;&atilde;o do acesso ao cinema no Brasil<\/li>\n\n\n\n<li><a href=\"https:\/\/vestibulares.estrategia.com\/portal\/redacao\/redacao-enem-2018\/\" target=\"_blank\">Reda&ccedil;&atilde;o Enem 2018<\/a> &ndash; Manipula&ccedil;&atilde;o do comportamento do usu&aacute;rio pelo controle de dados na internet<\/li>\n\n\n\n<li>Reda&ccedil;&atilde;o Enem 2017 &ndash; Desafios para forma&ccedil;&atilde;o educacional de surdos no Brasil<\/li>\n\n\n\n<li>Reda&ccedil;&atilde;o Enem 2016 &ndash; Caminhos para combater a intoler&acirc;ncia religiosa no Brasil<\/li>\n\n\n\n<li>Reda&ccedil;&atilde;o Enem 2015 &ndash; A Persist&ecirc;ncia da Viol&ecirc;ncia contra a Mulher na Sociedade Brasileira<\/li>\n\n\n\n<li>Reda&ccedil;&atilde;o Enem 2014 &ndash; Publicidade infantil em quest&atilde;o no Brasil<\/li>\n\n\n\n<li>Reda&ccedil;&atilde;o Enem 2013 &ndash; Os efeitos da implanta&ccedil;&atilde;o da Lei Seca no Brasil<\/li>\n\n\n\n<li>Reda&ccedil;&atilde;o Enem 2012 &ndash; O movimento imigrat&oacute;rio para o Brasil no s&eacute;culo XXI<\/li>\n\n\n\n<li>Reda&ccedil;&atilde;o Enem 2011 &ndash; Viver em rede no s&eacute;culo XXI: os limites entre o p&uacute;blico e o privado<\/li>\n<\/ul><h2 class=\"wp-block-heading\" id=\"h-matriz-de-referencia-enem\"><span class=\"ez-toc-section\" id=\"Matriz-de-Referencia-Enem\"><\/span>Matriz de Refer&ecirc;ncia Enem<span class=\"ez-toc-section-end\"><\/span><\/h2><p>A Matriz de Refer&ecirc;ncia do Enem &eacute; o que outros vestibulares chamam de Conte&uacute;do Program&aacute;tico, que &eacute; referente aos conte&uacute;dos que podem cair na prova de todas as mat&eacute;rias, no caso do Enem, chamados de eixos e compet&ecirc;ncias.<\/p><p>Os eixos cognitivos s&atilde;o referentes a todas as &aacute;reas do conhecimento, e inclui cinco pontos: dominar linguagens, compreender fen&ocirc;menos, enfrentar situa&ccedil;&otilde;es-problema, construir argumenta&ccedil;&atilde;o e elaborar propostas. Veja abaixo as descri&ccedil;&otilde;es de cada uma:<\/p><ul class=\"wp-block-list\">\n<li>Dominar linguagens (DL): dominar a norma culta da L&iacute;ngua Portuguesa e fazer uso das linguagens matem&aacute;tica, art&iacute;stica e cient&iacute;fica e das l&iacute;nguas espanhola e inglesa;<\/li>\n\n\n\n<li>Compreender fen&ocirc;menos (CF): construir e aplicar conceitos das v&aacute;rias &aacute;reas do conhecimento para a compreens&atilde;o de fen&ocirc;menos naturais, de processos hist&oacute;rico-geogr&aacute;ficos, da produ&ccedil;&atilde;o tecnol&oacute;gica e das manifesta&ccedil;&otilde;es art&iacute;sticas;<\/li>\n\n\n\n<li>Enfrentar situa&ccedil;&otilde;es-problema (SP): selecionar, organizar, relacionar, interpretar dados e informa&ccedil;&otilde;es representados de diferentes formas, para tomar decis&otilde;es e enfrentar situa&ccedil;&otilde;es-problema;<\/li>\n\n\n\n<li>Construir argumenta&ccedil;&atilde;o (CA): relacionar informa&ccedil;&otilde;es, representadas em diferentes formas, e conhecimentos dispon&iacute;veis em situa&ccedil;&otilde;es concretas, para construir argumenta&ccedil;&atilde;o consistente;<\/li>\n\n\n\n<li>Elaborar propostas (EP): recorrer aos conhecimentos desenvolvidos na escola para elabora&ccedil;&atilde;o de propostas de interven&ccedil;&atilde;o solid&aacute;ria na realidade, respeitando os valores humanos e considerando a diversidade sociocultural.<\/li>\n<\/ul><p>Confira a <a rel=\"nofollow\" href=\"https:\/\/cdn.blog.estrategiavestibulares.com.br\/vestibulares\/wp-content\/uploads\/2020\/11\/matriz_referencia.pdf\" target=\"_blank\">Matriz de Refer&ecirc;ncia do Enem<\/a><\/p><p>\n\n\n\n<div class=\"estrategia-catalog\"><h3>Estude para o Enem<\/h3><div class=\"carrossel-product\"><div><h4><strong>ENEM TOP - 24 Meses<\/strong><\/h4><div class=\"cat-description\">O ENEM Top \u00e9 o pacote de prepara\u00e7\u00e3o intensiva do Estrat\u00e9gia Vestibulares para o Exame Nacional do Ensino M\u00e9dio. Com ele, voc\u00ea ter\u00e1 acesso a conte\u00fados e ferramentas que aceleram seus estudos e o aproximam da aprova\u00e7\u00e3o nas principais universidades do pa\u00eds.<\/div><div class=\"cat-price\"><span>12x<\/span> R$ 199,75<\/div><div class=\"cat-sale\">No Cart\u00e3o de Cr\u00e9dito ou 10% de desconto no Boleto ou Pix \u00e0 vista: R$ 2.157,30<\/div><br><a href=\"https:\/\/vestibulares.estrategia.com\/curso\/enem-top-24-meses\/?utm_source=portal&amp;utm_medium=post&amp;utm_campaign=evest-x-vd-seo-portal-v-catalogo\" class=\"estrategia-button\" target=\"_blank\">Saiba mais<\/a><\/div><div><h4><strong>ENEM MED Exclusive - 24 Meses<\/strong><\/h4><div class=\"cat-description\">O ENEM Med Exclusive \u00e9 o pacote de prepara\u00e7\u00e3o completa do Estrat\u00e9gia Vestibulares voltado especialmente para quem deseja ingressar em Medicina por meio do Exame Nacional do Ensino M\u00e9dio (ENEM). Com uma metodologia direcionada e materiais selecionados, voc\u00ea poder\u00e1 ter seus estudos realizados de forma integral com especialistas, se aproximando cada vez mais da t\u00e3o sonhada aprova\u00e7\u00e3o em um dos cursos mais concorridos do pa\u00eds.<\/div><div class=\"cat-price\"><span>12x<\/span> R$ 249,75<\/div><div class=\"cat-sale\">No Cart\u00e3o de Cr\u00e9dito ou 10% de desconto no Boleto ou Pix \u00e0 vista: R$ 2.697,30<\/div><br><a href=\"https:\/\/vestibulares.estrategia.com\/curso\/enem-med-exclusive-24-meses\/?utm_source=portal&amp;utm_medium=post&amp;utm_campaign=evest-x-vd-seo-portal-v-catalogo\" class=\"estrategia-button\" target=\"_blank\">Saiba mais<\/a><\/div><div><h4><strong>ENEM MED Exclusive - 12 Meses<\/strong><\/h4><div class=\"cat-description\">O ENEM Med Exclusive \u00e9 o pacote de prepara\u00e7\u00e3o completa do Estrat\u00e9gia Vestibulares voltado especialmente para quem deseja ingressar em Medicina por meio do Exame Nacional do Ensino M\u00e9dio (ENEM). Com uma metodologia direcionada e materiais selecionados, voc\u00ea poder\u00e1 ter seus estudos realizados de forma integral com especialistas, se aproximando cada vez mais da t\u00e3o sonhada aprova\u00e7\u00e3o em um dos cursos mais concorridos do pa\u00eds.<\/div><div class=\"cat-price\"><span>12x<\/span> R$ 174,75<\/div><div class=\"cat-sale\">No Cart\u00e3o de Cr\u00e9dito ou 10% de desconto no Boleto ou Pix \u00e0 vista: R$ 1.887,30<\/div><br><a href=\"https:\/\/vestibulares.estrategia.com\/curso\/enem-med-exclusive-12-meses\/?utm_source=portal&amp;utm_medium=post&amp;utm_campaign=evest-x-vd-seo-portal-v-catalogo\" class=\"estrategia-button\" target=\"_blank\">Saiba mais<\/a><\/div><div><h4><strong>ENEM TOP - 12 Meses<\/strong><\/h4><div class=\"cat-description\">O ENEM Top \u00e9 o pacote de prepara\u00e7\u00e3o intensiva do Estrat\u00e9gia Vestibulares para o Exame Nacional do Ensino M\u00e9dio. Com ele, voc\u00ea ter\u00e1 acesso a conte\u00fados e ferramentas que aceleram seus estudos e o aproximam da aprova\u00e7\u00e3o nas principais universidades do pa\u00eds.<\/div><div class=\"cat-price\"><span>12x<\/span> R$ 141,41<\/div><div class=\"cat-sale\">No Cart\u00e3o de Cr\u00e9dito ou 10% de desconto no Boleto ou Pix \u00e0 vista: R$ 1.527,30<\/div><br><a href=\"https:\/\/vestibulares.estrategia.com\/curso\/enem-top-12-meses\/?utm_source=portal&amp;utm_medium=post&amp;utm_campaign=evest-x-vd-seo-portal-v-catalogo\" class=\"estrategia-button\" target=\"_blank\">Saiba mais<\/a><\/div><div><h4><strong>Curso Interativo ENEM - Gram\u00e1tica e Interpreta\u00e7\u00e3o de Texto - Prof.\u00aa Celina Gil<\/strong><\/h4><div class=\"cat-description\">Curso Interativo ENEM - Gram\u00e1tica e Interpreta\u00e7\u00e3o de Texto - Prof.\u00aa Celina Gil<\/div><div class=\"cat-price\"><span>12x<\/span> R$ 20,83<\/div><div class=\"cat-sale\">No Cart\u00e3o de Cr\u00e9dito ou 10% de desconto no Boleto ou Pix \u00e0 vista: R$ 225,00<\/div><br><a href=\"https:\/\/vestibulares.estrategia.com\/curso\/curso-interativo-enem-gramatica-e-interpretaco-de-texto-prof-celina-gil\/?utm_source=portal&amp;utm_medium=post&amp;utm_campaign=evest-x-vd-seo-portal-v-catalogo\" class=\"estrategia-button\" target=\"_blank\">Saiba mais<\/a><\/div><div><h4><strong>Curso Interativo ENEM - Matem\u00e1tica - Prof. Mar\u00e7al Ferreira<\/strong><\/h4><div class=\"cat-description\">Curso Interativo ENEM - Matem\u00e1tica - Prof. Mar\u00e7al Ferreira<\/div><div class=\"cat-price\"><span>12x<\/span> R$ 20,83<\/div><div class=\"cat-sale\">No Cart\u00e3o de Cr\u00e9dito ou 10% de desconto no Boleto ou Pix \u00e0 vista: R$ 225,00<\/div><br><a href=\"https:\/\/vestibulares.estrategia.com\/curso\/curso-interativo-enem-matematica-prof-marcal-ferreira\/?utm_source=portal&amp;utm_medium=post&amp;utm_campaign=evest-x-vd-seo-portal-v-catalogo\" class=\"estrategia-button\" target=\"_blank\">Saiba mais<\/a><\/div><div><h4><strong>Curso Interativo ENEM - Matem\u00e1tica - Prof. Andrew Cazemiro<\/strong><\/h4><div class=\"cat-description\">Curso Interativo ENEM - Matem\u00e1tica - Prof. Andrew Cazemiro<\/div><div class=\"cat-price\"><span>12x<\/span> R$ 20,83<\/div><div class=\"cat-sale\">No Cart\u00e3o de Cr\u00e9dito ou 10% de desconto no Boleto ou Pix \u00e0 vista: R$ 225,00<\/div><br><a href=\"https:\/\/vestibulares.estrategia.com\/curso\/curso-interativo-enem-matematica-prof-andrew-cazemiro\/?utm_source=portal&amp;utm_medium=post&amp;utm_campaign=evest-x-vd-seo-portal-v-catalogo\" class=\"estrategia-button\" target=\"_blank\">Saiba mais<\/a><\/div><div><h4><strong>Curso Interativo ENEM - Hist\u00f3ria - Prof.\u00aa Al\u00ea Lopes<\/strong><\/h4><div class=\"cat-description\">Curso Interativo ENEM - Hist\u00f3ria - Prof.\u00aa Al\u00ea Lopes<\/div><div class=\"cat-price\"><span>12x<\/span> R$ 41,66<\/div><div class=\"cat-sale\">No Cart\u00e3o de Cr\u00e9dito ou 10% de desconto no Boleto ou Pix \u00e0 vista: R$ 450,00<\/div><br><a href=\"https:\/\/vestibulares.estrategia.com\/curso\/curso-interativo-enem-historia-prof-ale-lopes\/?utm_source=portal&amp;utm_medium=post&amp;utm_campaign=evest-x-vd-seo-portal-v-catalogo\" class=\"estrategia-button\" target=\"_blank\">Saiba mais<\/a><\/div><div><h4><strong>Curso Interativo ENEM - Hist\u00f3ria - Prof. Marco T\u00falio<\/strong><\/h4><div class=\"cat-description\">Curso Interativo ENEM - Hist\u00f3ria - Prof. Marco T\u00falio<\/div><div class=\"cat-price\"><span>12x<\/span> R$ 33,33<\/div><div class=\"cat-sale\">No Cart\u00e3o de Cr\u00e9dito ou 10% de desconto no Boleto ou Pix \u00e0 vista: R$ 360,00<\/div><br><a href=\"https:\/\/vestibulares.estrategia.com\/curso\/curso-interativo-enem-historia-prof-marco-tulio\/?utm_source=portal&amp;utm_medium=post&amp;utm_campaign=evest-x-vd-seo-portal-v-catalogo\" class=\"estrategia-button\" target=\"_blank\">Saiba mais<\/a><\/div><div><h4><strong>Curso Interativo ENEM - Geografia - Prof. Saulo Takami<\/strong><\/h4><div class=\"cat-description\">Curso Interativo ENEM - Geografia - Prof. Saulo Takami<\/div><div class=\"cat-price\"><span>12x<\/span> R$ 33,33<\/div><div class=\"cat-sale\">No Cart\u00e3o de Cr\u00e9dito ou 10% de desconto no Boleto ou Pix \u00e0 vista: R$ 360,00<\/div><br><a href=\"https:\/\/vestibulares.estrategia.com\/curso\/curso-interativo-enem-geografia-prof-saulo-takami\/?utm_source=portal&amp;utm_medium=post&amp;utm_campaign=evest-x-vd-seo-portal-v-catalogo\" class=\"estrategia-button\" target=\"_blank\">Saiba mais<\/a><\/div><\/div><\/div>\n\n\n\n<\/p><h2 class=\"wp-block-heading\" id=\"h-provas-de-habilidades-especificas-cefet-mg\"><span class=\"ez-toc-section\" id=\"Provas-de-Habilidades-Especificas-Cefet-MG\"><\/span>Provas de Habilidades Espec&iacute;ficas Cefet-MG<span class=\"ez-toc-section-end\"><\/span><\/h2><p>O Centro Federal de Educa&ccedil;&atilde;o Tecnol&oacute;gica de Minas Gerais n&atilde;o conta com Provas de Habilidades Espec&iacute;ficas para nenhum de seus cursos de gradua&ccedil;&atilde;o.<\/p><h2 class=\"wp-block-heading\" id=\"h-como-se-matricular-no-cefet-mg\"><span class=\"ez-toc-section\" id=\"Como-se-matricular-no-Cefet-MG\"><\/span>Como se matricular no Cefet-MG<span class=\"ez-toc-section-end\"><\/span><\/h2><p>A pr&eacute;-matr&iacute;cula &eacute; virtual e exige o encaminhamento de toda a documenta&ccedil;&atilde;o para a modalidade de concorr&ecirc;ncia em que o candidato foi aprovado. J&aacute; a matr&iacute;cula &eacute; presencial. O acesso aos documentos necess&aacute;rios e passos para a realiza&ccedil;&atilde;o da pr&eacute;-matr&iacute;cula e matr&iacute;cula &eacute; visto no&nbsp;<a href=\"https:\/\/www.copeve.cefetmg.br\/\" target=\"_blank\">site oficial do Cefet-MG<\/a>.<\/p><h2 class=\"wp-block-heading\" id=\"h-notas-de-corte-cefet-mg\"><span class=\"ez-toc-section\" id=\"Notas-de-corte-Cefet-MG\"><\/span>Notas de corte Cefet-MG<span class=\"ez-toc-section-end\"><\/span><\/h2><p>Confira as notas de corte de todos os cursos do Cefet-MG no Sisu 2025, na modalidade Ampla Concorr&ecirc;ncia:<\/p><figure class=\"wp-block-table is-style-stripes\"><table><thead><tr><th>Curso<\/th><th class=\"has-text-align-center\" data-align=\"center\">Cidade<\/th><th class=\"has-text-align-center\" data-align=\"center\">Turno<\/th><th class=\"has-text-align-center\" data-align=\"center\">Nota de corte<\/th><\/tr><\/thead><tbody><tr><td>ENGENHARIA DE COMPUTA&Ccedil;&Atilde;O<\/td><td class=\"has-text-align-center\" data-align=\"center\">Belo Horizonte<\/td><td class=\"has-text-align-center\" data-align=\"center\">Integral<\/td><td class=\"has-text-align-center\" data-align=\"center\">775,06<\/td><\/tr><tr><td>ENGENHARIA EL&Eacute;TRICA<\/td><td class=\"has-text-align-center\" data-align=\"center\">Belo Horizonte<\/td><td class=\"has-text-align-center\" data-align=\"center\">Integral<\/td><td class=\"has-text-align-center\" data-align=\"center\">746,19<\/td><\/tr><tr><td>ENGENHARIA MEC&Acirc;NICA<\/td><td class=\"has-text-align-center\" data-align=\"center\">Belo Horizonte<\/td><td class=\"has-text-align-center\" data-align=\"center\">Integral<\/td><td class=\"has-text-align-center\" data-align=\"center\">740,02<\/td><\/tr><tr><td>ENGENHARIA DE COMPUTA&Ccedil;&Atilde;O<\/td><td class=\"has-text-align-center\" data-align=\"center\">Tim&oacute;teo<\/td><td class=\"has-text-align-center\" data-align=\"center\">Integral<\/td><td class=\"has-text-align-center\" data-align=\"center\">730,19<\/td><\/tr><tr><td>ENGENHARIA DE COMPUTA&Ccedil;&Atilde;O<\/td><td class=\"has-text-align-center\" data-align=\"center\">Divin&oacute;polis<\/td><td class=\"has-text-align-center\" data-align=\"center\">Integral<\/td><td class=\"has-text-align-center\" data-align=\"center\">727,01<\/td><\/tr><tr><td>ENGENHARIA CIVIL<\/td><td class=\"has-text-align-center\" data-align=\"center\">Belo Horizonte<\/td><td class=\"has-text-align-center\" data-align=\"center\">Noturno<\/td><td class=\"has-text-align-center\" data-align=\"center\">724,38<\/td><\/tr><tr><td>ENGENHARIA QU&Iacute;MICA<\/td><td class=\"has-text-align-center\" data-align=\"center\">Contagem<\/td><td class=\"has-text-align-center\" data-align=\"center\">Integral<\/td><td class=\"has-text-align-center\" data-align=\"center\">716,54<\/td><\/tr><tr><td>ADMINISTRA&Ccedil;&Atilde;O<\/td><td class=\"has-text-align-center\" data-align=\"center\">Belo Horizonte<\/td><td class=\"has-text-align-center\" data-align=\"center\">Noturno<\/td><td class=\"has-text-align-center\" data-align=\"center\">713,81<\/td><\/tr><tr><td>ENGENHARIA MECATR&Ocirc;NICA<\/td><td class=\"has-text-align-center\" data-align=\"center\">Divin&oacute;polis<\/td><td class=\"has-text-align-center\" data-align=\"center\">Integral<\/td><td class=\"has-text-align-center\" data-align=\"center\">707,03<\/td><\/tr><tr><td>ENGENHARIA DE MATERIAIS<\/td><td class=\"has-text-align-center\" data-align=\"center\">Belo Horizonte<\/td><td class=\"has-text-align-center\" data-align=\"center\">Integral<\/td><td class=\"has-text-align-center\" data-align=\"center\">691,88<\/td><\/tr><tr><td>ENGENHARIA DE COMPUTA&Ccedil;&Atilde;O<\/td><td class=\"has-text-align-center\" data-align=\"center\">Leopoldina<\/td><td class=\"has-text-align-center\" data-align=\"center\">Integral<\/td><td class=\"has-text-align-center\" data-align=\"center\">691,17<\/td><\/tr><tr><td>ARQUITETURA E URBANISMO<\/td><td class=\"has-text-align-center\" data-align=\"center\">Tim&oacute;teo<\/td><td class=\"has-text-align-center\" data-align=\"center\">Integral<\/td><td class=\"has-text-align-center\" data-align=\"center\">690,59<\/td><\/tr><tr><td>SISTEMAS DE INFORMA&Ccedil;&Atilde;O<\/td><td class=\"has-text-align-center\" data-align=\"center\">Varginha<\/td><td class=\"has-text-align-center\" data-align=\"center\">Integral<\/td><td class=\"has-text-align-center\" data-align=\"center\">686,63<\/td><\/tr><tr><td>QU&Iacute;MICA TECNOL&Oacute;GICA<\/td><td class=\"has-text-align-center\" data-align=\"center\">Belo Horizonte<\/td><td class=\"has-text-align-center\" data-align=\"center\">Integral<\/td><td class=\"has-text-align-center\" data-align=\"center\">682,46<\/td><\/tr><tr><td>ENGENHARIA AMBIENTAL E SANIT&Aacute;RIA<\/td><td class=\"has-text-align-center\" data-align=\"center\">Belo Horizonte<\/td><td class=\"has-text-align-center\" data-align=\"center\">Integral<\/td><td class=\"has-text-align-center\" data-align=\"center\">679,31<\/td><\/tr><tr><td>DESIGN DE MODA<\/td><td class=\"has-text-align-center\" data-align=\"center\">Divin&oacute;polis<\/td><td class=\"has-text-align-center\" data-align=\"center\">Noturno<\/td><td class=\"has-text-align-center\" data-align=\"center\">678,98<\/td><\/tr><tr><td>ENGENHARIA CIVIL<\/td><td class=\"has-text-align-center\" data-align=\"center\">Varginha<\/td><td class=\"has-text-align-center\" data-align=\"center\">Noturno<\/td><td class=\"has-text-align-center\" data-align=\"center\">672,41<\/td><\/tr><tr><td>ENGENHARIA DE TRANSPORTES<\/td><td class=\"has-text-align-center\" data-align=\"center\">Belo Horizonte<\/td><td class=\"has-text-align-center\" data-align=\"center\">Noturno<\/td><td class=\"has-text-align-center\" data-align=\"center\">668,80<\/td><\/tr><tr><td>ENGENHARIA DE CONTROLE E AUTOMA&Ccedil;&Atilde;O<\/td><td class=\"has-text-align-center\" data-align=\"center\">Leopoldina<\/td><td class=\"has-text-align-center\" data-align=\"center\">Integral<\/td><td class=\"has-text-align-center\" data-align=\"center\">658,49<\/td><\/tr><tr><td>ENGENHARIA CIVIL<\/td><td class=\"has-text-align-center\" data-align=\"center\">Curvelo<\/td><td class=\"has-text-align-center\" data-align=\"center\">Integral<\/td><td class=\"has-text-align-center\" data-align=\"center\">644,94<\/td><\/tr><tr><td>LETRAS<\/td><td class=\"has-text-align-center\" data-align=\"center\">Belo Horizonte<\/td><td class=\"has-text-align-center\" data-align=\"center\">Noturno<\/td><td class=\"has-text-align-center\" data-align=\"center\">644,44<\/td><\/tr><tr><td>ENGENHARIA METAL&Uacute;RGICA<\/td><td class=\"has-text-align-center\" data-align=\"center\">Tim&oacute;teo<\/td><td class=\"has-text-align-center\" data-align=\"center\">Noturno<\/td><td class=\"has-text-align-center\" data-align=\"center\">616,55<\/td><\/tr><tr><td>ENGENHARIA EL&Eacute;TRICA<\/td><td class=\"has-text-align-center\" data-align=\"center\">Nepomuceno<\/td><td class=\"has-text-align-center\" data-align=\"center\">Noturno<\/td><td class=\"has-text-align-center\" data-align=\"center\">598,84<\/td><\/tr><tr><td>ENGENHARIA DE AUTOMA&Ccedil;&Atilde;O INDUSTRIAL<\/td><td class=\"has-text-align-center\" data-align=\"center\">Arax&aacute;<\/td><td class=\"has-text-align-center\" data-align=\"center\">Integral<\/td><td class=\"has-text-align-center\" data-align=\"center\">575,60<\/td><\/tr><tr><td>ENGENHARIA DE MINAS<\/td><td class=\"has-text-align-center\" data-align=\"center\">Arax&aacute;<\/td><td class=\"has-text-align-center\" data-align=\"center\">Integral<\/td><td class=\"has-text-align-center\" data-align=\"center\">0,00<\/td><\/tr><\/tbody><\/table><\/figure><h2 class=\"wp-block-heading\" id=\"h-cursos-cefet-mg\"><span class=\"ez-toc-section\" id=\"Cursos-Cefet-MG\"><\/span>Cursos Cefet-MG<span class=\"ez-toc-section-end\"><\/span><\/h2><p>Confira a lista completa de cursos de gradua&ccedil;&atilde;o oferecidos pelo Centro Federal de Educa&ccedil;&atilde;o Tecnol&oacute;gica de Minas Gerais: <\/p><h3 class=\"wp-block-heading\" id=\"h-campus-araxa\">Campus Arax&aacute;<\/h3><ul class=\"wp-block-list\">\n<li>Engenharia de Automa&ccedil;&atilde;o Industrial; e<\/li>\n\n\n\n<li>Engenharia de Minas.<\/li>\n<\/ul><h3 class=\"wp-block-heading\" id=\"h-campus-i-nova-suica-sede\">Campus I (Nova Su&iacute;&ccedil;a\/Sede)<\/h3><ul class=\"wp-block-list\">\n<li>Engenharia Ambiental e Sanit&aacute;ria;<\/li>\n\n\n\n<li>Engenharia de Materiais;<\/li>\n\n\n\n<li>Engenharia de Transportes;<\/li>\n\n\n\n<li>Letras; e<\/li>\n\n\n\n<li>Qu&iacute;mica Tecnol&oacute;gica.<\/li>\n<\/ul><h3 class=\"wp-block-heading\" id=\"h-campus-ii-nova-gameleira\">Campus II (Nova Gameleira)<\/h3><ul class=\"wp-block-list\">\n<li>Administra&ccedil;&atilde;o;<\/li>\n\n\n\n<li>Engenharia de Computa&ccedil;&atilde;o;<\/li>\n\n\n\n<li>Engenharia de Produ&ccedil;&atilde;o Civil (Engenharia Civil);<\/li>\n\n\n\n<li>Engenharia El&eacute;trica;<\/li>\n\n\n\n<li>Engenharia Mec&acirc;nica; e<\/li>\n\n\n\n<li>Forma&ccedil;&atilde;o Pedag&oacute;gica de Docentes (Programa Especial de Forma&ccedil;&atilde;o de Docentes).<\/li>\n<\/ul><h3 class=\"wp-block-heading\" id=\"h-campus-contagem\">Campus Contagem<\/h3><ul class=\"wp-block-list\">\n<li>Engenharia Qu&iacute;mica.<\/li>\n<\/ul><h3 class=\"wp-block-heading\" id=\"h-campus-curvuelo\">Campus Curvuelo<\/h3><ul class=\"wp-block-list\">\n<li>Engenharia de Energia; e<\/li>\n\n\n\n<li>Engenharia Civil.<\/li>\n<\/ul><h3 class=\"wp-block-heading\" id=\"h-campus-divinopolis\">Campus Divin&oacute;polis<\/h3><ul class=\"wp-block-list\">\n<li>Engenharia de Computa&ccedil;&atilde;o;<\/li>\n\n\n\n<li>Engenharia Mecatr&ocirc;nica; e<\/li>\n\n\n\n<li>Design de Moda.<\/li>\n<\/ul><h3 class=\"wp-block-heading\" id=\"h-campus-leopoldina\">Campus Leopoldina<\/h3><ul class=\"wp-block-list\">\n<li>Engenharia de Computa&ccedil;&atilde;o; e<\/li>\n\n\n\n<li>Engenharia de Controle e Automa&ccedil;&atilde;o.<\/li>\n<\/ul><div class=\"wp-block-buttons is-content-justification-center is-layout-flex wp-container-core-buttons-is-layout-2 wp-block-buttons-is-layout-flex\">\n<div class=\"wp-block-button\"><a class=\"wp-block-button__link wp-element-button\" href=\"https:\/\/vestibulares.estrategia.com\/cursos\/mentorias\/?id=d908fa13-51be-4ec5-8662-1985d480832b\" target=\"_blank\">Mentorias Estrat&eacute;gia Vestibulares<\/a><\/div>\n<\/div><h3 class=\"wp-block-heading\" id=\"h-campus-nepomuceno\">Campus Nepomuceno<\/h3><ul class=\"wp-block-list\">\n<li>Engenharia El&eacute;trica.<\/li>\n<\/ul><h3 class=\"wp-block-heading\" id=\"h-campus-timoteo\">Campus Tim&oacute;teo<\/h3><ul class=\"wp-block-list\">\n<li>Arquitetura e Urbanismo;<\/li>\n\n\n\n<li>Engenharia de Computa&ccedil;&atilde;o; e<\/li>\n\n\n\n<li>Engenharia Metal&uacute;rgica.<\/li>\n<\/ul><h3 class=\"wp-block-heading\" id=\"h-campus-varginha\">Campus Varginha<\/h3><ul class=\"wp-block-list\">\n<li>Engenharia Civil; e<\/li>\n\n\n\n<li>Sistemas de Informa&ccedil;&atilde;o.<\/li>\n<\/ul><h2 class=\"wp-block-heading\" id=\"h-campi-e-estruturas-do-cefet-mg\"><span class=\"ez-toc-section\" id=\"Campi-e-estruturas-do-Cefet-MG\"><\/span>Campi e estruturas do Cefet-MG<span class=\"ez-toc-section-end\"><\/span><\/h2><p>At&eacute; o momento, o Centro Federal de Educa&ccedil;&atilde;o Tecnol&oacute;gica de Minas Gerais (Cefet-MG) conta com 11 campi espalhados pelo estado de Minas Gerais. Confira mais detalhes sobre eles:<\/p><h3 class=\"wp-block-heading\" id=\"h-campus-araxa-0\">Campus Arax&aacute;<\/h3><p>A primeira UnED do Cefet-MG, o campus Arax&aacute; come&ccedil;ou a operar em 1992, onde antes era a Eminas-Arax&aacute;. Esse campus conta com cursos no Ensino M&eacute;dio e Superior, com op&ccedil;&otilde;es de p&oacute;s-gradua&ccedil;&atilde;o.<\/p><h3 class=\"wp-block-heading\" id=\"h-campus-i-campus-nova-suica-sede\">Campus I (Campus Nova Su&iacute;&ccedil;a\/Sede)<\/h3><p>Sede oficial do Cefet-MG, o campus est&aacute; localizado no bairro Nova Su&iacute;&ccedil;a da capital mineira. Atualmente, o campus oferece cinco cursos de gradua&ccedil;&atilde;o, al&eacute;m do Ensino M&eacute;dio e cursos t&eacute;cnicos.<\/p><h3 class=\"wp-block-heading\" id=\"h-campus-ii-campus-nova-gameleira\">Campus II (Campus Nova Gameleira)<\/h3><p>Tamb&eacute;m em Belo Horizonte, o Campus II est&aacute; localizado no bairro Nova Gameleira.  O campus oferece seis cursos de gradua&ccedil;&atilde;o, sendo tr&ecirc;s na &aacute;rea de Engenharia, al&eacute;m de cursos de p&oacute;s-gradua&ccedil;&atilde;o e t&eacute;cnicos atrelados ao Ensino M&eacute;dio.<\/p><h3 class=\"wp-block-heading\" id=\"h-campus-vi-campus-gameleira\">Campus VI (Campus Gameleira)<\/h3><p>Terceiro e &uacute;ltimo campus do Cefet-MG na capital mineira, o local abriga alguns dos projetos desenvolvidos pelo instituto, al&eacute;m do Programa de P&oacute;s-Gradua&ccedil;&atilde;o Multic&ecirc;ntrico em Qu&iacute;mica de Minas Gerais (PPGMQ-MG). Este campus ainda n&atilde;o oferta cursos de gradua&ccedil;&atilde;o.<\/p><h3 class=\"wp-block-heading\" id=\"h-campus-contagem-0\">Campus Contagem<\/h3><p>Na regi&atilde;o metropolitana de Belo Horizonte (MG), o Campus Contagem possui 18 salas de aula, 20 laborat&oacute;rios, biblioteca, audit&oacute;rio principal, restaurante universit&aacute;rio e campo de futebol. Al&eacute;m dos cursos de gradua&ccedil;&atilde;o em Engenharia Qu&iacute;mica, h&aacute; ainda os cursos t&eacute;cnicos integrados ao Ensino M&eacute;dio e cursos na modalidade de Educa&ccedil;&atilde;o a Dist&acirc;ncia (EaD).<\/p><h3 class=\"wp-block-heading\" id=\"h-campus-curvelo\">Campus Curvelo<\/h3><p>Criado em 2010, o Campus Curvelo &eacute; uma UnED do Cefet-MG desenvolvida para atender &agrave;s necessidades de forma&ccedil;&atilde;o profissional da regi&atilde;o central do estado mineiro. Al&eacute;m dos cursos de Engenharia Civil e de Energia, h&aacute; a oferta de cursos t&eacute;cnicos e de p&oacute;s-gradua&ccedil;&atilde;o.<\/p><h3 class=\"wp-block-heading\" id=\"h-campus-divinopolis-0\">Campus Divin&oacute;polis<\/h3><p>Com mais de 30 anos de hist&oacute;ria, o Campus Divin&oacute;polis foi criado para suprir as necessidades de forma&ccedil;&atilde;o profissional do centro-oeste de Minas Gerais. Al&eacute;m dos tradicionais cursos de Engenharia, esse campus tamb&eacute;m oferta a gradua&ccedil;&atilde;o em Design de Moda. <\/p><h3 class=\"wp-block-heading\" id=\"h-campus-leopoldina-0\">Campus Leopoldina <\/h3><p>Na Zona da Mata Mineira, o Campus Leopoldina surgiu em 1987 com cursos t&eacute;cnicos e, posteriormente, incluiu em seu cat&aacute;logo os cursos de gradua&ccedil;&atilde;o e p&oacute;s-gradua&ccedil;&atilde;o. <\/p><h3 class=\"wp-block-heading\" id=\"h-campus-nepomuceno-0\">Campus Nepomuceno <\/h3><p>Outra UnED do Cetef-MG, O Campus Nepomuceno possui laborat&oacute;rios modernos, biblioteca atualizada. audit&oacute;rio, lanchonete e quadra de esportes. Atualmente, oferece apenas um curso de gradua&ccedil;&atilde;o em Engenharia El&eacute;trica. <\/p><h3 class=\"wp-block-heading\" id=\"h-campus-timoteo-0\">Campus Tim&oacute;teo <\/h3><p>&Uacute;nico campus do Cefet-MG com o curso de Arquitetura e Urbanismo, o Campus Tim&oacute;teo fica na regi&atilde;o sudeste do estado mineiro e come&ccedil;ou as suas atividades em 1998. Al&eacute;m dos cursos de gradua&ccedil;&atilde;o, o campus tamb&eacute;m oferta curso t&eacute;cnico e de p&oacute;s-gradua&ccedil;&atilde;o. <\/p><h3 class=\"wp-block-heading\" id=\"h-campus-varginha-0\">Campus Varginha<\/h3><p>Localizado na conhecida cidade de Varginha (MG), o Campus Varginha abriga os cursos de gradua&ccedil;&atilde;o em Engenharia Civil e Sistemas de Informa&ccedil;&atilde;o. Com a expans&atilde;o de 2019 , o campus passou a contar com novos laborat&oacute;rios, inclusive o <em>Laborat&oacute;rio Maker<\/em>, salas de estudo e biblioteca. <\/p><h2 class=\"wp-block-heading\" id=\"h-oportunidades-do-cefet-mg\"><span class=\"ez-toc-section\" id=\"Oportunidades-do-Cefet-MG\"><\/span>Oportunidades do Cefet-MG<span class=\"ez-toc-section-end\"><\/span><\/h2><p>Al&eacute;m dos cursos de gradua&ccedil;&atilde;o, o&nbsp;<a href=\"https:\/\/www.cefetmg.br\/educacao-profissional-tecnica-de-nivel-medio\/\" target=\"_blank\">Cefet-MG<\/a>&nbsp;tamb&eacute;m oferta cursos t&eacute;cnicos integrados ao Ensino M&eacute;dio, al&eacute;m de cursos subsequentes. Para participar do processo seletivo, o interessado deve entrar em contato com o campus desejado para ter mais informa&ccedil;&otilde;es sobre as formas de ingresso.<\/p><h2 class=\"wp-block-heading\" id=\"h-auxilios-e-permanencia-estudantil\"><span class=\"ez-toc-section\" id=\"Auxilios-e-permanencia-estudantil\"><\/span>Aux&iacute;lios e perman&ecirc;ncia estudantil<span class=\"ez-toc-section-end\"><\/span><\/h2><p>A institui&ccedil;&atilde;o oferece uma <a rel=\"nofollow\" href=\"https:\/\/www.dde.cefetmg.br\/wp-content\/uploads\/sites\/255\/2023\/07\/Cartilha-DDE.pdf\" target=\"_blank\">s&eacute;rie de aux&iacute;lios<\/a> para dar suporte a alunos que necessitam de apoio e instrumentos que permitam sua perman&ecirc;ncia como aluno da institui&ccedil;&atilde;o. Veja quais s&atilde;o*:<\/p><ul class=\"wp-block-list\">\n<li><strong>Bolsa de Complementa&ccedil;&atilde;o Educacional&nbsp;(R$700):&nbsp;<\/strong>apoio financeiro continuado e complementa&ccedil;&atilde;o de aprendizagem com o cumprimento de 20 horas semanais em atividades\/projetos correlatos ao curso do estudante. A sele&ccedil;&atilde;o &eacute; socioecon&ocirc;mica e dar-se-&aacute; mediante a exist&ecirc;ncia de projetos conforme edital para esta finalidade.<\/li>\n\n\n\n<li><strong>Bolsa Perman&ecirc;ncia (R$380):<\/strong>&nbsp;aux&iacute;lio financeiro mensal continuado aos estudantes com dificuldades para arcar com suas despesas acad&ecirc;micas, comprometendo sua perman&ecirc;ncia no curso. A sele&ccedil;&atilde;o adota crit&eacute;rios socioecon&ocirc;micos.<\/li>\n\n\n\n<li><strong>Bolsa Emergencial (R$380): <\/strong>aux&iacute;lio financeiro espor&aacute;dico aos estudantes que apresentam condi&ccedil;&atilde;o socioecon&ocirc;mica desfavor&aacute;vel em virtude de situa&ccedil;&otilde;es transit&oacute;rias. A sele&ccedil;&atilde;o adota crit&eacute;rios socioecon&ocirc;micos.<\/li>\n<\/ul><p><em>*Trecho retirado do site oficial do Cefet-MG. <a href=\"https:\/\/www.dde.cefetmg.br\/assistencia-estudantil\/programas\/bolsa-permanencia\/\" target=\"_blank\">Clique aqui e veja mais detalhes sobre as bolsas de perman&ecirc;ncia estudantil. <\/a><\/em><\/p><h2 class=\"wp-block-heading\" id=\"h-baixe-gratis-o-e-book-sobre-permanencia-estudantil\"><span class=\"ez-toc-section\" id=\"Baixe-gratis-o-e-book-sobre-permanencia-estudantil\"><\/span>Baixe gr&aacute;tis o e-book sobre perman&ecirc;ncia estudantil<span class=\"ez-toc-section-end\"><\/span><\/h2><p>O e-book &ldquo;Passei na Federal! E agora?&rdquo; &eacute; um guia completo que re&uacute;ne todas as pol&iacute;ticas de perman&ecirc;ncia estudantil oferecidas por cada uma das universidades federais brasileiras. A equipe do Estrat&eacute;gia Vestibulares separou as informa&ccedil;&otilde;es por regi&atilde;o e voc&ecirc; ainda pode clicar para consultar a p&aacute;gina do &oacute;rg&atilde;o que cuida dos programas de perman&ecirc;ncia em cada institui&ccedil;&atilde;o.<\/p><p>Al&eacute;m disso, voc&ecirc; ter&aacute; breves explica&ccedil;&otilde;es sobre alguns tipos de assist&ecirc;ncia, como aux&iacute;lio transporte, aux&iacute;lio financeiro, aux&iacute;lio material did&aacute;tico, moradia e restaurante universit&aacute;rio e &eacute; poss&iacute;vel saber quais os requisitos s&atilde;o exigidos para ser um benefici&aacute;rio de uma pol&iacute;tica de perman&ecirc;ncia estudantil e como concorrer &agrave;s que est&atilde;o dispon&iacute;veis na universidade que voc&ecirc; deseja ingressar.<\/p><p>Clique no banner abaixo e fa&ccedil;a o download gratuito do e-book<strong>&nbsp;&ldquo;Passei na Federal! E agora?&rdquo;.<\/strong><\/p><figure class=\"wp-block-image size-full\"><a href=\"https:\/\/gratis.estrategiaconcursos.com.br\/ev-ebook-passei-na-federal-2024\/\" target=\"_blank\"><img decoding=\"async\" src=\"https:\/\/vestibulares.estrategia.com\/portal\/wp-content\/uploads\/2024\/05\/BANNER_PORTAL_.jpg\" alt=\"\" class=\"wp-image-117446\"><\/a><\/figure><h2 class=\"wp-block-heading\" id=\"h-confira-os-cursos-enem-do-estrategia-vestibulares\"><span class=\"ez-toc-section\" id=\"Confira-os-cursos-Enem-do-Estrategia-Vestibulares\"><\/span>Confira os cursos Enem do Estrat&eacute;gia Vestibulares<span class=\"ez-toc-section-end\"><\/span><\/h2><p>O Estrat&eacute;gia Vestibulares oferece cursos espec&iacute;ficos para o Enem, desenvolvido de forma exclusiva e voltada para a banca do exame. Saiba mais detalhes sobre o que oferecemos para que voc&ecirc; seja mais um aprovado na universidade dos seus sonhos!<\/p><p>\n\n\n\n<a id=\"cta\" class=\"cta-imagem\" href=\"https:\/\/vestibulares.estrategia.com\/curso\/pacote-enem\/\" target=\"blank\">\n                <img decoding=\"async\" width=\"100%\" src=\"https:\/\/vestibulares.estrategia.com\/portal\/wp-content\/uploads\/2021\/12\/Enem.jpg\" alt=\"CTA curso Enem\" title=\"CTA curso Enem\">\n        <\/a>\n<\/p><\/p>\n","protected":false},"excerpt":{"rendered":"Confira mais detalhes sobre a Centro Federal de Educa\u00e7\u00e3o Tecnol\u00f3gica de Minas Gerais e como entrar no Cefet-MG via Sisu e Enem\n","protected":false},"author":31,"featured_media":125343,"comment_status":"closed","ping_status":"closed","sticky":false,"template":"","format":"standard","meta":{"wl_entities_gutenberg":"","footnotes":""},"categories":[816],"tags":[],"wl_entity_type":[732],"class_list":{"0":"post-125330","1":"post","2":"type-post","3":"status-publish","4":"format-standard","5":"has-post-thumbnail","7":"category-enem-e-vestibulares","8":"wl_entity_type-article"},"acf":[],"yoast_head":"<!-- This site is optimized with the Yoast SEO Premium plugin v25.9 (Yoast SEO v25.9) - https:\/\/yoast.com\/wordpress\/plugins\/seo\/ -->\n<title>Cefet-MG: Sisu, cursos, vagas, como ingressar e muito mais<\/title>\n<meta name=\"description\" content=\"Confira mais detalhes sobre a Centro Federal de Educa\u00e7\u00e3o Tecnol\u00f3gica de Minas Gerais e como entrar no Cefet-MG via Sisu e Enem\" \/>\n<meta name=\"robots\" content=\"index, follow, max-snippet:-1, max-image-preview:large, max-video-preview:-1\" \/>\n<link rel=\"canonical\" href=\"https:\/\/vestibulares.estrategia.com\/portal\/enem-e-vestibulares\/cefet-mg-sisu-cursos-vagas-como-ingressar-e-muito-mais\/\" \/>\n<meta property=\"og:locale\" content=\"pt_BR\" \/>\n<meta property=\"og:type\" content=\"article\" \/>\n<meta property=\"og:title\" content=\"Cefet-MG: Sisu, cursos, vagas, como ingressar e muito mais\" \/>\n<meta property=\"og:description\" content=\"Confira mais detalhes sobre a Centro Federal de Educa\u00e7\u00e3o Tecnol\u00f3gica de Minas Gerais e como entrar no Cefet-MG via Sisu e Enem\" \/>\n<meta property=\"og:url\" content=\"https:\/\/vestibulares.estrategia.com\/portal\/enem-e-vestibulares\/cefet-mg-sisu-cursos-vagas-como-ingressar-e-muito-mais\/\" \/>\n<meta property=\"og:site_name\" content=\"Estrat\u00e9gia Vestibulares\" \/>\n<meta property=\"article:publisher\" content=\"https:\/\/facebook.com\/estrategiavestibulares\" \/>\n<meta property=\"article:published_time\" content=\"2024-09-17T22:37:09+00:00\" \/>\n<meta property=\"article:modified_time\" content=\"2026-01-13T21:17:43+00:00\" \/>\n<meta property=\"og:image\" content=\"https:\/\/vestibulares.estrategia.com\/portal\/wp-content\/uploads\/2024\/09\/cefetmg-sisu.jpg\" \/>\n\t<meta property=\"og:image:width\" content=\"1280\" \/>\n\t<meta property=\"og:image:height\" content=\"720\" \/>\n\t<meta property=\"og:image:type\" content=\"image\/jpeg\" \/>\n<meta name=\"author\" content=\"Isabela Giordan\" \/>\n<meta name=\"twitter:card\" content=\"summary_large_image\" \/>\n<meta name=\"twitter:creator\" content=\"@Estrategiavest\" \/>\n<meta name=\"twitter:site\" content=\"@Estrategiavest\" \/>\n<meta name=\"twitter:label1\" content=\"Escrito por\" \/>\n\t<meta name=\"twitter:data1\" content=\"Isabela Giordan\" \/>\n\t<meta name=\"twitter:label2\" content=\"Est. tempo de leitura\" \/>\n\t<meta name=\"twitter:data2\" content=\"18 minutos\" \/>\n<script type=\"application\/ld+json\" class=\"yoast-schema-graph\">{\"@context\":\"https:\/\/schema.org\",\"@graph\":[{\"@type\":\"Article\",\"@id\":\"https:\/\/vestibulares.estrategia.com\/portal\/enem-e-vestibulares\/cefet-mg-sisu-cursos-vagas-como-ingressar-e-muito-mais\/#article\",\"isPartOf\":{\"@id\":\"https:\/\/vestibulares.estrategia.com\/portal\/enem-e-vestibulares\/cefet-mg-sisu-cursos-vagas-como-ingressar-e-muito-mais\/\"},\"author\":{\"name\":\"Isabela Giordan\",\"@id\":\"https:\/\/vestibulares.estrategia.com\/portal\/#\/schema\/person\/921258b32670b22cbb1ae385e2fcb501\"},\"headline\":\"Cefet-MG: Sisu, cursos, vagas, como ingressar e muito mais\",\"datePublished\":\"2024-09-17T22:37:09+00:00\",\"dateModified\":\"2026-01-13T21:17:43+00:00\",\"mainEntityOfPage\":{\"@id\":\"https:\/\/vestibulares.estrategia.com\/portal\/enem-e-vestibulares\/cefet-mg-sisu-cursos-vagas-como-ingressar-e-muito-mais\/\"},\"wordCount\":3662,\"publisher\":{\"@id\":\"https:\/\/vestibulares.estrategia.com\/portal\/#organization\"},\"image\":{\"@id\":\"https:\/\/vestibulares.estrategia.com\/portal\/enem-e-vestibulares\/cefet-mg-sisu-cursos-vagas-como-ingressar-e-muito-mais\/#primaryimage\"},\"thumbnailUrl\":\"https:\/\/vestibulares.estrategia.com\/portal\/wp-content\/uploads\/2024\/09\/cefetmg-sisu.jpg\",\"articleSection\":[\"Enem e Vestibulares\"],\"inLanguage\":\"pt-BR\"},{\"@type\":\"WebPage\",\"@id\":\"https:\/\/vestibulares.estrategia.com\/portal\/enem-e-vestibulares\/cefet-mg-sisu-cursos-vagas-como-ingressar-e-muito-mais\/\",\"url\":\"https:\/\/vestibulares.estrategia.com\/portal\/enem-e-vestibulares\/cefet-mg-sisu-cursos-vagas-como-ingressar-e-muito-mais\/\",\"name\":\"Cefet-MG: Sisu, cursos, vagas, como ingressar e muito mais\",\"isPartOf\":{\"@id\":\"https:\/\/vestibulares.estrategia.com\/portal\/#website\"},\"primaryImageOfPage\":{\"@id\":\"https:\/\/vestibulares.estrategia.com\/portal\/enem-e-vestibulares\/cefet-mg-sisu-cursos-vagas-como-ingressar-e-muito-mais\/#primaryimage\"},\"image\":{\"@id\":\"https:\/\/vestibulares.estrategia.com\/portal\/enem-e-vestibulares\/cefet-mg-sisu-cursos-vagas-como-ingressar-e-muito-mais\/#primaryimage\"},\"thumbnailUrl\":\"https:\/\/vestibulares.estrategia.com\/portal\/wp-content\/uploads\/2024\/09\/cefetmg-sisu.jpg\",\"datePublished\":\"2024-09-17T22:37:09+00:00\",\"dateModified\":\"2026-01-13T21:17:43+00:00\",\"description\":\"Confira mais detalhes sobre a Centro Federal de Educa\u00e7\u00e3o Tecnol\u00f3gica de Minas Gerais e como entrar no Cefet-MG via Sisu e Enem\",\"breadcrumb\":{\"@id\":\"https:\/\/vestibulares.estrategia.com\/portal\/enem-e-vestibulares\/cefet-mg-sisu-cursos-vagas-como-ingressar-e-muito-mais\/#breadcrumb\"},\"inLanguage\":\"pt-BR\",\"potentialAction\":[{\"@type\":\"ReadAction\",\"target\":[\"https:\/\/vestibulares.estrategia.com\/portal\/enem-e-vestibulares\/cefet-mg-sisu-cursos-vagas-como-ingressar-e-muito-mais\/\"]}]},{\"@type\":\"ImageObject\",\"inLanguage\":\"pt-BR\",\"@id\":\"https:\/\/vestibulares.estrategia.com\/portal\/enem-e-vestibulares\/cefet-mg-sisu-cursos-vagas-como-ingressar-e-muito-mais\/#primaryimage\",\"url\":\"https:\/\/vestibulares.estrategia.com\/portal\/wp-content\/uploads\/2024\/09\/cefetmg-sisu.jpg\",\"contentUrl\":\"https:\/\/vestibulares.estrategia.com\/portal\/wp-content\/uploads\/2024\/09\/cefetmg-sisu.jpg\",\"width\":1280,\"height\":720,\"caption\":\"cefet-mg sisu\"},{\"@type\":\"BreadcrumbList\",\"@id\":\"https:\/\/vestibulares.estrategia.com\/portal\/enem-e-vestibulares\/cefet-mg-sisu-cursos-vagas-como-ingressar-e-muito-mais\/#breadcrumb\",\"itemListElement\":[{\"@type\":\"ListItem\",\"position\":1,\"name\":\"Home\",\"item\":\"https:\/\/vestibulares.estrategia.com\/portal\/\"},{\"@type\":\"ListItem\",\"position\":2,\"name\":\"Enem e Vestibulares\",\"item\":\"https:\/\/vestibulares.estrategia.com\/portal\/enem-e-vestibulares\/\"},{\"@type\":\"ListItem\",\"position\":3,\"name\":\"Cefet-MG: Sisu, cursos, vagas, como ingressar e muito mais\"}]},{\"@type\":\"WebSite\",\"@id\":\"https:\/\/vestibulares.estrategia.com\/portal\/#website\",\"url\":\"https:\/\/vestibulares.estrategia.com\/portal\/\",\"name\":\"Estrat\u00e9gia Vestibulares\",\"description\":\"\",\"publisher\":{\"@id\":\"https:\/\/vestibulares.estrategia.com\/portal\/#organization\"},\"potentialAction\":[{\"@type\":\"SearchAction\",\"target\":{\"@type\":\"EntryPoint\",\"urlTemplate\":\"https:\/\/vestibulares.estrategia.com\/portal\/?s={search_term_string}\"},\"query-input\":{\"@type\":\"PropertyValueSpecification\",\"valueRequired\":true,\"valueName\":\"search_term_string\"}}],\"inLanguage\":\"pt-BR\"},{\"@type\":\"Organization\",\"@id\":\"https:\/\/vestibulares.estrategia.com\/portal\/#organization\",\"name\":\"Estrat\u00e9gia Vestibulares\",\"url\":\"https:\/\/vestibulares.estrategia.com\/portal\/\",\"logo\":{\"@type\":\"ImageObject\",\"inLanguage\":\"pt-BR\",\"@id\":\"https:\/\/vestibulares.estrategia.com\/portal\/#\/schema\/logo\/image\/\",\"url\":\"https:\/\/vestibulares.estrategia.com\/portal\/wp-content\/uploads\/2021\/06\/Logo-Vestibulares@4x.png\",\"contentUrl\":\"https:\/\/vestibulares.estrategia.com\/portal\/wp-content\/uploads\/2021\/06\/Logo-Vestibulares@4x.png\",\"width\":250,\"height\":66,\"caption\":\"Estrat\u00e9gia Vestibulares\"},\"image\":{\"@id\":\"https:\/\/vestibulares.estrategia.com\/portal\/#\/schema\/logo\/image\/\"},\"sameAs\":[\"https:\/\/facebook.com\/estrategiavestibulares\",\"https:\/\/x.com\/Estrategiavest\",\"https:\/\/www.instagram.com\/estrategiavestibulares\",\"https:\/\/www.youtube.com\/channel\/UCGWdZy8ULI-7_5GrABa4vNA\"]},{\"@type\":\"Person\",\"@id\":\"https:\/\/vestibulares.estrategia.com\/portal\/#\/schema\/person\/921258b32670b22cbb1ae385e2fcb501\",\"name\":\"Isabela Giordan\",\"image\":{\"@type\":\"ImageObject\",\"inLanguage\":\"pt-BR\",\"@id\":\"https:\/\/vestibulares.estrategia.com\/portal\/#\/schema\/person\/image\/\",\"url\":\"https:\/\/secure.gravatar.com\/avatar\/474493e24ecabfb752d6ed2de1af8d2f?s=96&d=mm&r=g\",\"contentUrl\":\"https:\/\/secure.gravatar.com\/avatar\/474493e24ecabfb752d6ed2de1af8d2f?s=96&d=mm&r=g\",\"caption\":\"Isabela Giordan\"},\"description\":\"Jornalista de Educa\u00e7\u00e3o e Coordenadora de Jornalismo do Estrat\u00e9gia Vestibulares.\",\"url\":\"https:\/\/vestibulares.estrategia.com\/portal\/author\/isabela\/\"}]}<\/script>\n<!-- \/ Yoast SEO Premium plugin. -->","yoast_head_json":{"title":"Cefet-MG: Sisu, cursos, vagas, como ingressar e muito mais","description":"Confira mais detalhes sobre a Centro Federal de Educa\u00e7\u00e3o Tecnol\u00f3gica de Minas Gerais e como entrar no Cefet-MG via Sisu e Enem","robots":{"index":"index","follow":"follow","max-snippet":"max-snippet:-1","max-image-preview":"max-image-preview:large","max-video-preview":"max-video-preview:-1"},"canonical":"https:\/\/vestibulares.estrategia.com\/portal\/enem-e-vestibulares\/cefet-mg-sisu-cursos-vagas-como-ingressar-e-muito-mais\/","og_locale":"pt_BR","og_type":"article","og_title":"Cefet-MG: Sisu, cursos, vagas, como ingressar e muito mais","og_description":"Confira mais detalhes sobre a Centro Federal de Educa\u00e7\u00e3o Tecnol\u00f3gica de Minas Gerais e como entrar no Cefet-MG via Sisu e Enem","og_url":"https:\/\/vestibulares.estrategia.com\/portal\/enem-e-vestibulares\/cefet-mg-sisu-cursos-vagas-como-ingressar-e-muito-mais\/","og_site_name":"Estrat\u00e9gia Vestibulares","article_publisher":"https:\/\/facebook.com\/estrategiavestibulares","article_published_time":"2024-09-17T22:37:09+00:00","article_modified_time":"2026-01-13T21:17:43+00:00","og_image":[{"width":1280,"height":720,"url":"https:\/\/vestibulares.estrategia.com\/portal\/wp-content\/uploads\/2024\/09\/cefetmg-sisu.jpg","type":"image\/jpeg"}],"author":"Isabela Giordan","twitter_card":"summary_large_image","twitter_creator":"@Estrategiavest","twitter_site":"@Estrategiavest","twitter_misc":{"Escrito por":"Isabela Giordan","Est. tempo de leitura":"18 minutos"},"schema":{"@context":"https:\/\/schema.org","@graph":[{"@type":"Article","@id":"https:\/\/vestibulares.estrategia.com\/portal\/enem-e-vestibulares\/cefet-mg-sisu-cursos-vagas-como-ingressar-e-muito-mais\/#article","isPartOf":{"@id":"https:\/\/vestibulares.estrategia.com\/portal\/enem-e-vestibulares\/cefet-mg-sisu-cursos-vagas-como-ingressar-e-muito-mais\/"},"author":{"name":"Isabela Giordan","@id":"https:\/\/vestibulares.estrategia.com\/portal\/#\/schema\/person\/921258b32670b22cbb1ae385e2fcb501"},"headline":"Cefet-MG: Sisu, cursos, vagas, como ingressar e muito mais","datePublished":"2024-09-17T22:37:09+00:00","dateModified":"2026-01-13T21:17:43+00:00","mainEntityOfPage":{"@id":"https:\/\/vestibulares.estrategia.com\/portal\/enem-e-vestibulares\/cefet-mg-sisu-cursos-vagas-como-ingressar-e-muito-mais\/"},"wordCount":3662,"publisher":{"@id":"https:\/\/vestibulares.estrategia.com\/portal\/#organization"},"image":{"@id":"https:\/\/vestibulares.estrategia.com\/portal\/enem-e-vestibulares\/cefet-mg-sisu-cursos-vagas-como-ingressar-e-muito-mais\/#primaryimage"},"thumbnailUrl":"https:\/\/vestibulares.estrategia.com\/portal\/wp-content\/uploads\/2024\/09\/cefetmg-sisu.jpg","articleSection":["Enem e Vestibulares"],"inLanguage":"pt-BR"},{"@type":"WebPage","@id":"https:\/\/vestibulares.estrategia.com\/portal\/enem-e-vestibulares\/cefet-mg-sisu-cursos-vagas-como-ingressar-e-muito-mais\/","url":"https:\/\/vestibulares.estrategia.com\/portal\/enem-e-vestibulares\/cefet-mg-sisu-cursos-vagas-como-ingressar-e-muito-mais\/","name":"Cefet-MG: Sisu, cursos, vagas, como ingressar e muito mais","isPartOf":{"@id":"https:\/\/vestibulares.estrategia.com\/portal\/#website"},"primaryImageOfPage":{"@id":"https:\/\/vestibulares.estrategia.com\/portal\/enem-e-vestibulares\/cefet-mg-sisu-cursos-vagas-como-ingressar-e-muito-mais\/#primaryimage"},"image":{"@id":"https:\/\/vestibulares.estrategia.com\/portal\/enem-e-vestibulares\/cefet-mg-sisu-cursos-vagas-como-ingressar-e-muito-mais\/#primaryimage"},"thumbnailUrl":"https:\/\/vestibulares.estrategia.com\/portal\/wp-content\/uploads\/2024\/09\/cefetmg-sisu.jpg","datePublished":"2024-09-17T22:37:09+00:00","dateModified":"2026-01-13T21:17:43+00:00","description":"Confira mais detalhes sobre a Centro Federal de Educa\u00e7\u00e3o Tecnol\u00f3gica de Minas Gerais e como entrar no Cefet-MG via Sisu e Enem","breadcrumb":{"@id":"https:\/\/vestibulares.estrategia.com\/portal\/enem-e-vestibulares\/cefet-mg-sisu-cursos-vagas-como-ingressar-e-muito-mais\/#breadcrumb"},"inLanguage":"pt-BR","potentialAction":[{"@type":"ReadAction","target":["https:\/\/vestibulares.estrategia.com\/portal\/enem-e-vestibulares\/cefet-mg-sisu-cursos-vagas-como-ingressar-e-muito-mais\/"]}]},{"@type":"ImageObject","inLanguage":"pt-BR","@id":"https:\/\/vestibulares.estrategia.com\/portal\/enem-e-vestibulares\/cefet-mg-sisu-cursos-vagas-como-ingressar-e-muito-mais\/#primaryimage","url":"https:\/\/vestibulares.estrategia.com\/portal\/wp-content\/uploads\/2024\/09\/cefetmg-sisu.jpg","contentUrl":"https:\/\/vestibulares.estrategia.com\/portal\/wp-content\/uploads\/2024\/09\/cefetmg-sisu.jpg","width":1280,"height":720,"caption":"cefet-mg sisu"},{"@type":"BreadcrumbList","@id":"https:\/\/vestibulares.estrategia.com\/portal\/enem-e-vestibulares\/cefet-mg-sisu-cursos-vagas-como-ingressar-e-muito-mais\/#breadcrumb","itemListElement":[{"@type":"ListItem","position":1,"name":"Home","item":"https:\/\/vestibulares.estrategia.com\/portal\/"},{"@type":"ListItem","position":2,"name":"Enem e Vestibulares","item":"https:\/\/vestibulares.estrategia.com\/portal\/enem-e-vestibulares\/"},{"@type":"ListItem","position":3,"name":"Cefet-MG: Sisu, cursos, vagas, como ingressar e muito mais"}]},{"@type":"WebSite","@id":"https:\/\/vestibulares.estrategia.com\/portal\/#website","url":"https:\/\/vestibulares.estrategia.com\/portal\/","name":"Estrat\u00e9gia Vestibulares","description":"","publisher":{"@id":"https:\/\/vestibulares.estrategia.com\/portal\/#organization"},"potentialAction":[{"@type":"SearchAction","target":{"@type":"EntryPoint","urlTemplate":"https:\/\/vestibulares.estrategia.com\/portal\/?s={search_term_string}"},"query-input":{"@type":"PropertyValueSpecification","valueRequired":true,"valueName":"search_term_string"}}],"inLanguage":"pt-BR"},{"@type":"Organization","@id":"https:\/\/vestibulares.estrategia.com\/portal\/#organization","name":"Estrat\u00e9gia Vestibulares","url":"https:\/\/vestibulares.estrategia.com\/portal\/","logo":{"@type":"ImageObject","inLanguage":"pt-BR","@id":"https:\/\/vestibulares.estrategia.com\/portal\/#\/schema\/logo\/image\/","url":"https:\/\/vestibulares.estrategia.com\/portal\/wp-content\/uploads\/2021\/06\/Logo-Vestibulares@4x.png","contentUrl":"https:\/\/vestibulares.estrategia.com\/portal\/wp-content\/uploads\/2021\/06\/Logo-Vestibulares@4x.png","width":250,"height":66,"caption":"Estrat\u00e9gia Vestibulares"},"image":{"@id":"https:\/\/vestibulares.estrategia.com\/portal\/#\/schema\/logo\/image\/"},"sameAs":["https:\/\/facebook.com\/estrategiavestibulares","https:\/\/x.com\/Estrategiavest","https:\/\/www.instagram.com\/estrategiavestibulares","https:\/\/www.youtube.com\/channel\/UCGWdZy8ULI-7_5GrABa4vNA"]},{"@type":"Person","@id":"https:\/\/vestibulares.estrategia.com\/portal\/#\/schema\/person\/921258b32670b22cbb1ae385e2fcb501","name":"Isabela Giordan","image":{"@type":"ImageObject","inLanguage":"pt-BR","@id":"https:\/\/vestibulares.estrategia.com\/portal\/#\/schema\/person\/image\/","url":"https:\/\/secure.gravatar.com\/avatar\/474493e24ecabfb752d6ed2de1af8d2f?s=96&d=mm&r=g","contentUrl":"https:\/\/secure.gravatar.com\/avatar\/474493e24ecabfb752d6ed2de1af8d2f?s=96&d=mm&r=g","caption":"Isabela Giordan"},"description":"Jornalista de Educa\u00e7\u00e3o e Coordenadora de Jornalismo do Estrat\u00e9gia Vestibulares.","url":"https:\/\/vestibulares.estrategia.com\/portal\/author\/isabela\/"}]}},"_wl_alt_label":[],"wl:entity_url":"https:\/\/data.wordlift.io\/wl110249\/post\/cefet-mg-sisu-cursos-vagas-como-ingressar-e-muito-mais","_links":{"self":[{"href":"https:\/\/vestibulares.estrategia.com\/portal\/wp-json\/wp\/v2\/posts\/125330","targetHints":{"allow":["GET"]}}],"collection":[{"href":"https:\/\/vestibulares.estrategia.com\/portal\/wp-json\/wp\/v2\/posts"}],"about":[{"href":"https:\/\/vestibulares.estrategia.com\/portal\/wp-json\/wp\/v2\/types\/post"}],"author":[{"embeddable":true,"href":"https:\/\/vestibulares.estrategia.com\/portal\/wp-json\/wp\/v2\/users\/31"}],"replies":[{"embeddable":true,"href":"https:\/\/vestibulares.estrategia.com\/portal\/wp-json\/wp\/v2\/comments?post=125330"}],"version-history":[{"count":11,"href":"https:\/\/vestibulares.estrategia.com\/portal\/wp-json\/wp\/v2\/posts\/125330\/revisions"}],"predecessor-version":[{"id":153101,"href":"https:\/\/vestibulares.estrategia.com\/portal\/wp-json\/wp\/v2\/posts\/125330\/revisions\/153101"}],"wp:featuredmedia":[{"embeddable":true,"href":"https:\/\/vestibulares.estrategia.com\/portal\/wp-json\/wp\/v2\/media\/125343"}],"wp:attachment":[{"href":"https:\/\/vestibulares.estrategia.com\/portal\/wp-json\/wp\/v2\/media?parent=125330"}],"wp:term":[{"taxonomy":"category","embeddable":true,"href":"https:\/\/vestibulares.estrategia.com\/portal\/wp-json\/wp\/v2\/categories?post=125330"},{"taxonomy":"post_tag","embeddable":true,"href":"https:\/\/vestibulares.estrategia.com\/portal\/wp-json\/wp\/v2\/tags?post=125330"},{"taxonomy":"wl_entity_type","embeddable":true,"href":"https:\/\/vestibulares.estrategia.com\/portal\/wp-json\/wp\/v2\/wl_entity_type?post=125330"}],"curies":[{"name":"wp","href":"https:\/\/api.w.org\/{rel}","templated":true}]}}