{"id":125506,"date":"2024-09-20T09:13:38","date_gmt":"2024-09-20T12:13:38","guid":{"rendered":"https:\/\/vestibulares.estrategia.com\/portal\/?p=125506"},"modified":"2025-10-27T13:42:48","modified_gmt":"2025-10-27T16:42:48","slug":"citacoes-darcy-ribeiro-para-usar-na-redacao","status":"publish","type":"post","link":"https:\/\/vestibulares.estrategia.com\/portal\/materias\/redacao\/citacoes-darcy-ribeiro-para-usar-na-redacao\/","title":{"rendered":"7 cita\u00e7\u00f5es de Darcy Ribeiro para usar na reda\u00e7\u00e3o"},"content":{"rendered":"<p>Conhecido por seu importante trabalho nas &aacute;reas de antropologia e sociologia no Brasil, Darcy Ribeiro tamb&eacute;m atuou como educador, pol&iacute;tico e defensor dos direitos dos povos ind&iacute;genas. Suas contribui&ccedil;&otilde;es te&oacute;ricas, como o livro &ldquo;O Povo Brasileiro: A Forma&ccedil;&atilde;o e o Sentido do Brasil&rdquo; s&atilde;o estudados nas Ci&ecirc;ncias Humanas e Sociais.<p>Conhe&ccedil;a sete cita&ccedil;&otilde;es de Darcy Ribeiro que podem ser usadas como repert&oacute;rio sociocultural na reda&ccedil;&atilde;o do Enem e dos vestibulares:<\/p><p>\n\n\n\n<div class=\"cta-medio\" style=\"background-image: url(https:\/\/vestibulares.estrategia.com\/portal\/wp-content\/uploads\/2024\/08\/curso-redacao-1-estrategia-vestibulares-ctamedio.png.jpg);\"><h3>Curso de Reda\u00e7\u00e3o<\/h3> <p>Envie reda\u00e7\u00f5es ilimitadas para corre\u00e7\u00e3o<\/p><div class=\"cta-botao\"><a id=\"cta-medio\" href=\"https:\/\/vestibulares.estrategia.com\/curso\/redaco-ilimitada\/\" target=\"_blank\" style=\"background:rgb(255,150,0)\">Saiba mais<\/a><\/div><\/div>\n\n\n\n<\/p><div id=\"ez-toc-container\" class=\"ez-toc-v2_0_76 counter-hierarchy ez-toc-counter ez-toc-transparent ez-toc-container-direction\">\n<div class=\"ez-toc-title-container\"><p class=\"ez-toc-title\" style=\"cursor:inherit\">Navegue pelo conte\u00fado<\/p>\n<\/div><nav><ul class='ez-toc-list ez-toc-list-level-1 ' ><li class='ez-toc-page-1 ez-toc-heading-level-2'><a class=\"ez-toc-link ez-toc-heading-1\" href=\"https:\/\/vestibulares.estrategia.com\/portal\/materias\/redacao\/citacoes-darcy-ribeiro-para-usar-na-redacao\/#Quem-foi-Darcy-Ribeiro\" >Quem foi Darcy Ribeiro?<\/a><\/li><li class='ez-toc-page-1 ez-toc-heading-level-2'><a class=\"ez-toc-link ez-toc-heading-2\" href=\"https:\/\/vestibulares.estrategia.com\/portal\/materias\/redacao\/citacoes-darcy-ribeiro-para-usar-na-redacao\/#Citacoes-de-Darcy-Ribeiro\" >Cita&ccedil;&otilde;es de Darcy Ribeiro<\/a><\/li><li class='ez-toc-page-1 ez-toc-heading-level-2'><a class=\"ez-toc-link ez-toc-heading-3\" href=\"https:\/\/vestibulares.estrategia.com\/portal\/materias\/redacao\/citacoes-darcy-ribeiro-para-usar-na-redacao\/#Confira-mais-citacoes\" >Confira mais cita&ccedil;&otilde;es<\/a><\/li><li class='ez-toc-page-1 ez-toc-heading-level-2'><a class=\"ez-toc-link ez-toc-heading-4\" href=\"https:\/\/vestibulares.estrategia.com\/portal\/materias\/redacao\/citacoes-darcy-ribeiro-para-usar-na-redacao\/#Prepare-se-para-a-redacao-com-o-Estrategia-Vestibulares\" >Prepare-se para a reda&ccedil;&atilde;o com o Estrat&eacute;gia Vestibulares<\/a><\/li><\/ul><\/nav><\/div>\n<h2 class=\"wp-block-heading\" id=\"h-quem-foi-darcy-ribeiro\"><span class=\"ez-toc-section\" id=\"Quem-foi-Darcy-Ribeiro\"><\/span>Quem foi Darcy Ribeiro?<span class=\"ez-toc-section-end\"><\/span><\/h2><p>Nascido em 1922, na cidade mineira de Montes Claros, Darcy Ribeiro foi um antrop&oacute;logo, soci&oacute;logo, indigenista, educador, escritor e pol&iacute;tico, muito conhecido pelos seus trabalhos com educa&ccedil;&atilde;o e com os povos ind&iacute;genas.<\/p><p>Nos anos 1960, Darcy ocupou os cargos de Ministro da Casa Civil e Ministro da Educa&ccedil;&atilde;o, durante o governo de Jo&atilde;o Goulart (1961 &ndash; 1964) e de 1983 a 1987 foi vice-governador do estado do Rio de Janeiro, pelo Partido Democr&aacute;tico Trabalhista (PDT).&nbsp;<\/p><p>Na educa&ccedil;&atilde;o, o antrop&oacute;logo fundou, junto com An&iacute;sio Teixeira &mdash; que empresta o nome ao Instituto Nacional de Estudos e Pesquisas Educacionais An&iacute;sio Teixeira (Inep) &mdash;, a Universidade de Bras&iacute;lia (UnB). J&aacute; no Rio de Janeiro, foi o idealizador da Universidade Estadual do Norte Fluminense (UENF).<\/p><p>Junto aos povos ind&iacute;genas, Darcy redigiu o projeto, como funcion&aacute;rio do Servi&ccedil;o de Prote&ccedil;&atilde;o ao &Iacute;ndio, do Parque Ind&iacute;gena do Xingu, criado em 1961, no estado do Mato Grosso.&nbsp;<\/p><p>Como escritor, Ribeiro tem grandes contribui&ccedil;&otilde;es &agrave; antropologia e &agrave; sociologia brasileira, sendo sua principal obra o livro &ldquo;O Povo Brasileiro: A Forma&ccedil;&atilde;o e o Sentido do Brasil&rdquo;.<\/p><p>Darcy faleceu em 1997, aos 74 anos, vitimado por um c&acirc;ncer de pr&oacute;stata. Na &eacute;poca, ele cumpria mandato como senador pelo estado do Rio de Janeiro.<\/p><h2 class=\"wp-block-heading\" id=\"h-citacoes-de-darcy-ribeiro\"><span class=\"ez-toc-section\" id=\"Citacoes-de-Darcy-Ribeiro\"><\/span>Cita&ccedil;&otilde;es de Darcy Ribeiro<span class=\"ez-toc-section-end\"><\/span><\/h2><p>A seguir, conhe&ccedil;a uma sele&ccedil;&atilde;o de frases do antrop&oacute;logo, e seus respectivos contextos:<\/p><h3 class=\"wp-block-heading\" id=\"h-1-a-crise-da-educacao-no-brasil-nao-e-uma-crise-e-projeto\">1 &ndash; &ldquo;A crise da educa&ccedil;&atilde;o no Brasil n&atilde;o &eacute; uma crise, &eacute; projeto&rdquo;<\/h3><p>Darcy Ribeiro defendia em suas obras e discursos que os problemas e defasagens do sistema de educa&ccedil;&atilde;o brasileiro eram causados liberalmente por pol&iacute;ticas espec&iacute;ficas ou pela falta delas. Sendo assim, um projeto educacional de baixa qualidade.<\/p><h3 class=\"wp-block-heading\" id=\"h-2-se-nossos-governantes-nao-fizerem-escolas-em-20-anos-faltara-dinheiro-para-construirem-presidios\">2 &ndash; &ldquo;Se nossos governantes n&atilde;o fizerem escolas, em 20 anos faltar&aacute; dinheiro para constru&iacute;rem pres&iacute;dios&rdquo;<\/h3><p>Para o antrop&oacute;logo, havia uma liga&ccedil;&atilde;o entre a falta de acesso &agrave; educa&ccedil;&atilde;o e a perpetua&ccedil;&atilde;o de pobreza e exclus&atilde;o social que poderia contribuir para a criminaliza&ccedil;&atilde;o de pessoas e grupos sociais marginalizados.<\/p><h3 class=\"wp-block-heading\" id=\"h-3-nbsp-o-brasil-ultimo-pais-a-acabar-com-a-escravidao-tem-uma-perversidade-intrinseca-na-sua-heranca-que-torna-a-nossa-classe-dominante-enferma-de-desigualdade-de-descaso\">3 &ndash;&nbsp; &ldquo;O Brasil, &uacute;ltimo pa&iacute;s a acabar com a escravid&atilde;o, tem uma perversidade intr&iacute;nseca na sua heran&ccedil;a, que torna a nossa classe dominante enferma de desigualdade, de descaso&rdquo;<\/h3><p>A cita&ccedil;&atilde;o faz parte do livro &ldquo;O Povo Brasileiro: A Forma&ccedil;&atilde;o e o Sentido do Brasil&rdquo;, lan&ccedil;ado em 1995, obra na qual Darcy Ribeiro aborda a hist&oacute;ria da forma&ccedil;&atilde;o dos brasileiros, al&eacute;m das matrizes culturais e dos mecanismos de forma&ccedil;&atilde;o &eacute;tnica do povo brasileiro.<\/p><h3 class=\"wp-block-heading\" id=\"h-4-a-coisa-mais-importante-para-os-brasileiros-e-inventar-o-brasil-que-nos-queremos\">4 &ndash; &ldquo;A coisa mais importante para os brasileiros &eacute; inventar o Brasil que n&oacute;s queremos&rdquo;<\/h3><p>Em 2012, a diretora Isa Grinspum Ferraz lan&ccedil;ou o document&aacute;rio &ldquo;O Povo Brasileiro&rdquo;, composto por dez epis&oacute;dios e baseado no livro hom&ocirc;nimo de Darcy Ribeiro. A obra audiovisual &eacute; composta por uma longa entrevista que o antrop&oacute;logo concedeu &agrave; cineasta antes de falecer, e a frase citada faz parte da entrevista.<\/p><figure class=\"wp-block-embed is-type-video is-provider-youtube wp-block-embed-youtube wp-embed-aspect-16-9 wp-has-aspect-ratio\"><div class=\"wp-block-embed__wrapper\">\n<div class=\"cs-embed cs-embed-responsive\"><iframe title=\"O Povo Brasileiro - Darcy Ribeiro (Completo)\" width=\"1200\" height=\"675\" src=\"https:\/\/www.youtube.com\/embed\/lDs2f52cbwE?feature=oembed\" frameborder=\"0\" allow=\"accelerometer; autoplay; clipboard-write; encrypted-media; gyroscope; picture-in-picture; web-share\" referrerpolicy=\"strict-origin-when-cross-origin\" allowfullscreen><\/iframe><\/div>\n<\/div><\/figure><h3 class=\"wp-block-heading\" id=\"h-5-nos-temos-uma-das-elites-mais-opulentas-antissociais-e-conservadoras-do-mundo\">5 &ndash; &ldquo;N&oacute;s temos uma das elites mais opulentas, antissociais e conservadoras do mundo&rdquo;<\/h3><p>Darcy Ribeiro foi um grande cr&iacute;tico das camadas sociais mais elitizadas do Brasil. Ele defendia que esse setor da popula&ccedil;&atilde;o vivia em uma realidade rica apartada do resto do Pa&iacute;s e que resistia a transforma&ccedil;&otilde;es sociais que possibilitariam a melhora de condi&ccedil;&otilde;es de vida dos mais pobres.<\/p><h3 class=\"wp-block-heading\" id=\"h-6-a-alfabetizacao-e-uma-ponte-da-miseria-para-a-esperanca\">6 &ndash; &ldquo;A alfabetiza&ccedil;&atilde;o &eacute; uma ponte da mis&eacute;ria para a esperan&ccedil;a&rdquo;<\/h3><p>O antrop&oacute;logo entendia o acesso &agrave; educa&ccedil;&atilde;o de qualidade como uma forma de transforma&ccedil;&atilde;o social. Vale lembrar que, no s&eacute;culo XX, quando Darcy Ribeiro viveu e produziu suas ideias, as taxas de analfabetismo e de pobreza no Brasil chegavam a 65,3% e mais de 68,3%, de acordo com Instituto Nacional de Estudos e Pesquisas Educacionais An&iacute;sio Teixeira (Inep) e o Instituto Brasileiro de Geografia e Estat&iacute;stica (IBGE), respectivamente.<\/p><h3 class=\"wp-block-heading\" id=\"h-7-tenho-tao-nitido-o-brasil-que-pode-ser-e-ha-de-ser-que-me-doi-demais-o-brasil-que-e\">7 &ndash; &ldquo;Tenho t&atilde;o n&iacute;tido o Brasil que pode ser, e h&aacute; de ser, que me d&oacute;i demais o Brasil que &eacute;&rdquo;<\/h3><p>A declara&ccedil;&atilde;o citada foi feita por Darcy Ribeiro em 1991, durante seu discurso em um evento da Universidade de Copenhague, na Dinamarca.<\/p><h2 class=\"wp-block-heading\" id=\"h-confira-mais-citacoes\"><span class=\"ez-toc-section\" id=\"Confira-mais-citacoes\"><\/span>Confira mais cita&ccedil;&otilde;es<span class=\"ez-toc-section-end\"><\/span><\/h2><ul class=\"wp-block-list\">\n<li><a href=\"https:\/\/vestibulares.estrategia.com\/portal\/materias\/redacao\/citacoes-milton-santos-redacao\/\" target=\"_blank\">7 cita&ccedil;&otilde;es de Milton Santos para usar na reda&ccedil;&atilde;o<\/a><\/li>\n\n\n\n<li><a href=\"https:\/\/vestibulares.estrategia.com\/portal\/atualidades-e-dicas\/8-citacoes-de-angela-davis-para-usar-na-redacao\/\" target=\"_blank\">8 cita&ccedil;&otilde;es de Angela Davis para usar na reda&ccedil;&atilde;o<\/a><\/li>\n\n\n\n<li><a href=\"https:\/\/vestibulares.estrategia.com\/portal\/materias\/redacao\/citacoes-ailton-krenak-para-usar-na-redacao\/\" target=\"_blank\">9 cita&ccedil;&otilde;es de Ailton Krenak para usar na reda&ccedil;&atilde;o<\/a><\/li>\n\n\n\n<li><a href=\"https:\/\/vestibulares.estrategia.com\/portal\/materias\/redacao\/citacoes-maria-da-penha\/\" target=\"_blank\">7 cita&ccedil;&otilde;es de Maria da Penha para usar como repert&oacute;rio na reda&ccedil;&atilde;o<\/a><\/li>\n\n\n\n<li><a href=\"https:\/\/vestibulares.estrategia.com\/portal\/materias\/redacao\/citacoes-malala-redacao\/\" target=\"_blank\">11 cita&ccedil;&otilde;es de Malala Yousafzai para usar na reda&ccedil;&atilde;o<\/a><\/li>\n\n\n\n<li><a href=\"https:\/\/vestibulares.estrategia.com\/portal\/materias\/redacao\/23-citacoes-de-simone-de-beauvoir-para-usar-na-redacao\/\" target=\"_blank\">23 cita&ccedil;&otilde;es de Simone de Beauvoir para usar na reda&ccedil;&atilde;o<\/a><\/li>\n\n\n\n<li><a href=\"https:\/\/vestibulares.estrategia.com\/portal\/materias\/redacao\/citacoes-carolina-maria-de-jesus\/\" target=\"_blank\">7 cita&ccedil;&otilde;es de Carolina Maria de Jesus para usar na reda&ccedil;&atilde;o<\/a><\/li>\n\n\n\n<li><a href=\"https:\/\/vestibulares.estrategia.com\/portal\/materias\/redacao\/7-citacoes-sobre-desemprego-para-usar-na-redacao\/\" target=\"_blank\">7 cita&ccedil;&otilde;es sobre desemprego para usar na reda&ccedil;&atilde;o<\/a><\/li>\n\n\n\n<li><a href=\"https:\/\/vestibulares.estrategia.com\/portal\/materias\/redacao\/11-citacoes-sobre-economia-para-usar-na-redacao\/\" target=\"_blank\">11 cita&ccedil;&otilde;es sobre economia para usar na reda&ccedil;&atilde;o<\/a><\/li>\n\n\n\n<li><a href=\"https:\/\/vestibulares.estrategia.com\/portal\/materias\/redacao\/citacoes-sobre-igualdade-de-genero\/\" target=\"_blank\">7 cita&ccedil;&otilde;es sobre igualdade de g&ecirc;nero para usar na reda&ccedil;&atilde;o<\/a><\/li>\n\n\n\n<li><a href=\"https:\/\/vestibulares.estrategia.com\/portal\/materias\/redacao\/citacoes-desigualdade-social-redacao\/\" target=\"_blank\">15 cita&ccedil;&otilde;es sobre desigualdade social para usar na reda&ccedil;&atilde;o<\/a><\/li>\n\n\n\n<li><a href=\"https:\/\/vestibulares.estrategia.com\/portal\/materias\/redacao\/7-citacoes-sobre-discriminacao-racial-para-usar-na-redacao\/\" target=\"_blank\">7 cita&ccedil;&otilde;es sobre discrimina&ccedil;&atilde;o racial para usar na reda&ccedil;&atilde;o<\/a><\/li>\n<\/ul><h2 class=\"wp-block-heading\" id=\"h-prepare-se-para-a-redacao-com-o-estrategia-vestibulares\"><span class=\"ez-toc-section\" id=\"Prepare-se-para-a-redacao-com-o-Estrategia-Vestibulares\"><\/span>Prepare-se para a reda&ccedil;&atilde;o com o Estrat&eacute;gia Vestibulares<span class=\"ez-toc-section-end\"><\/span><\/h2><p>Sabia que o Estrat&eacute;gia Vestibulares oferece corre&ccedil;&otilde;es ilimitadas de reda&ccedil;&otilde;es? Voc&ecirc; estuda com nosso material e treina quantas vezes quiser, sempre recebendo o feedback sobre suas produ&ccedil;&otilde;es. N&atilde;o &eacute; incr&iacute;vel?<\/p><p>Com os cursos da Coruja voc&ecirc; se prepara para o vestibular com um material completo e atualizado, aulas din&acirc;micas e funcionais, al&eacute;m de contar com Banco de Quest&otilde;es, revis&otilde;es de v&eacute;spera, salas VIP, monitorias e muito mais.<\/p><p>\n\n\n<a id=\"cta\" class=\"cta-imagem\" href=\"https:\/\/vestibulares.estrategia.com\/curso\/curso-interativo-enem-redaco-prof-fernando-andrade\/\" target=\"blank\">\n                <img decoding=\"async\" width=\"100%\" src=\"https:\/\/vestibulares.estrategia.com\/portal\/wp-content\/uploads\/2021\/07\/Redacao.jpg\" alt=\"Cursos de Reda\u00e7\u00e3o Estrat\u00e9gia Vestibulares\" title=\"Curso de Reda\u00e7\u00e3o Estrat\u00e9gia Vestibulares\">\n        <\/a>\n\n\n<\/p><\/p>\n","protected":false},"excerpt":{"rendered":"Conhe\u00e7a o pensamento do intelectual brasileiro e saiba como os assuntos abordados por ele podem ajudar a construir o seu repert\u00f3rio\n","protected":false},"author":48,"featured_media":125507,"comment_status":"closed","ping_status":"closed","sticky":false,"template":"","format":"standard","meta":{"wl_entities_gutenberg":"","footnotes":""},"categories":[2],"tags":[],"wl_entity_type":[732],"class_list":{"0":"post-125506","1":"post","2":"type-post","3":"status-publish","4":"format-standard","5":"has-post-thumbnail","7":"category-redacao","8":"wl_entity_type-article"},"acf":[],"yoast_head":"<!-- This site is optimized with the Yoast SEO Premium plugin v25.9 (Yoast SEO v25.9) - https:\/\/yoast.com\/wordpress\/plugins\/seo\/ -->\n<title>7 cita\u00e7\u00f5es de Darcy Ribeiro para usar na reda\u00e7\u00e3o<\/title>\n<meta name=\"description\" content=\"Conhe\u00e7a o pensamento do intelectual brasileiro e saiba como os assuntos abordados por ele podem ajudar a construir o seu repert\u00f3rio\" \/>\n<meta name=\"robots\" content=\"index, follow, max-snippet:-1, max-image-preview:large, max-video-preview:-1\" \/>\n<link rel=\"canonical\" href=\"https:\/\/vestibulares.estrategia.com\/portal\/materias\/redacao\/citacoes-darcy-ribeiro-para-usar-na-redacao\/\" \/>\n<meta property=\"og:locale\" content=\"pt_BR\" \/>\n<meta property=\"og:type\" content=\"article\" \/>\n<meta property=\"og:title\" content=\"7 cita\u00e7\u00f5es de Darcy Ribeiro para usar na reda\u00e7\u00e3o\" \/>\n<meta property=\"og:description\" content=\"Conhe\u00e7a o pensamento do intelectual brasileiro e saiba como os assuntos abordados por ele podem ajudar a construir o seu repert\u00f3rio\" \/>\n<meta property=\"og:url\" content=\"https:\/\/vestibulares.estrategia.com\/portal\/materias\/redacao\/citacoes-darcy-ribeiro-para-usar-na-redacao\/\" \/>\n<meta property=\"og:site_name\" content=\"Estrat\u00e9gia Vestibulares\" \/>\n<meta property=\"article:publisher\" content=\"https:\/\/facebook.com\/estrategiavestibulares\" \/>\n<meta property=\"article:published_time\" content=\"2024-09-20T12:13:38+00:00\" \/>\n<meta property=\"article:modified_time\" content=\"2025-10-27T16:42:48+00:00\" \/>\n<meta property=\"og:image\" content=\"https:\/\/vestibulares.estrategia.com\/portal\/wp-content\/uploads\/2024\/09\/citacoes-de-darcy-ribeiro.jpg\" \/>\n\t<meta property=\"og:image:width\" content=\"1280\" \/>\n\t<meta property=\"og:image:height\" content=\"720\" \/>\n\t<meta property=\"og:image:type\" content=\"image\/jpeg\" \/>\n<meta name=\"author\" content=\"Beatriz Santana\" \/>\n<meta name=\"twitter:card\" content=\"summary_large_image\" \/>\n<meta name=\"twitter:creator\" content=\"@Estrategiavest\" \/>\n<meta name=\"twitter:site\" content=\"@Estrategiavest\" \/>\n<meta name=\"twitter:label1\" content=\"Escrito por\" \/>\n\t<meta name=\"twitter:data1\" content=\"Beatriz Santana\" \/>\n\t<meta name=\"twitter:label2\" content=\"Est. tempo de leitura\" \/>\n\t<meta name=\"twitter:data2\" content=\"5 minutos\" \/>\n<script type=\"application\/ld+json\" class=\"yoast-schema-graph\">{\"@context\":\"https:\/\/schema.org\",\"@graph\":[{\"@type\":\"Article\",\"@id\":\"https:\/\/vestibulares.estrategia.com\/portal\/materias\/redacao\/citacoes-darcy-ribeiro-para-usar-na-redacao\/#article\",\"isPartOf\":{\"@id\":\"https:\/\/vestibulares.estrategia.com\/portal\/materias\/redacao\/citacoes-darcy-ribeiro-para-usar-na-redacao\/\"},\"author\":{\"name\":\"Beatriz Santana\",\"@id\":\"https:\/\/vestibulares.estrategia.com\/portal\/#\/schema\/person\/cdd941dcf53839374c0bc8d39bb0230f\"},\"headline\":\"7 cita\u00e7\u00f5es de Darcy Ribeiro para usar na reda\u00e7\u00e3o\",\"datePublished\":\"2024-09-20T12:13:38+00:00\",\"dateModified\":\"2025-10-27T16:42:48+00:00\",\"mainEntityOfPage\":{\"@id\":\"https:\/\/vestibulares.estrategia.com\/portal\/materias\/redacao\/citacoes-darcy-ribeiro-para-usar-na-redacao\/\"},\"wordCount\":1016,\"publisher\":{\"@id\":\"https:\/\/vestibulares.estrategia.com\/portal\/#organization\"},\"image\":{\"@id\":\"https:\/\/vestibulares.estrategia.com\/portal\/materias\/redacao\/citacoes-darcy-ribeiro-para-usar-na-redacao\/#primaryimage\"},\"thumbnailUrl\":\"https:\/\/vestibulares.estrategia.com\/portal\/wp-content\/uploads\/2024\/09\/citacoes-de-darcy-ribeiro.jpg\",\"articleSection\":[\"Reda\u00e7\u00e3o\"],\"inLanguage\":\"pt-BR\"},{\"@type\":\"WebPage\",\"@id\":\"https:\/\/vestibulares.estrategia.com\/portal\/materias\/redacao\/citacoes-darcy-ribeiro-para-usar-na-redacao\/\",\"url\":\"https:\/\/vestibulares.estrategia.com\/portal\/materias\/redacao\/citacoes-darcy-ribeiro-para-usar-na-redacao\/\",\"name\":\"7 cita\u00e7\u00f5es de Darcy Ribeiro para usar na reda\u00e7\u00e3o\",\"isPartOf\":{\"@id\":\"https:\/\/vestibulares.estrategia.com\/portal\/#website\"},\"primaryImageOfPage\":{\"@id\":\"https:\/\/vestibulares.estrategia.com\/portal\/materias\/redacao\/citacoes-darcy-ribeiro-para-usar-na-redacao\/#primaryimage\"},\"image\":{\"@id\":\"https:\/\/vestibulares.estrategia.com\/portal\/materias\/redacao\/citacoes-darcy-ribeiro-para-usar-na-redacao\/#primaryimage\"},\"thumbnailUrl\":\"https:\/\/vestibulares.estrategia.com\/portal\/wp-content\/uploads\/2024\/09\/citacoes-de-darcy-ribeiro.jpg\",\"datePublished\":\"2024-09-20T12:13:38+00:00\",\"dateModified\":\"2025-10-27T16:42:48+00:00\",\"description\":\"Conhe\u00e7a o pensamento do intelectual brasileiro e saiba como os assuntos abordados por ele podem ajudar a construir o seu repert\u00f3rio\",\"breadcrumb\":{\"@id\":\"https:\/\/vestibulares.estrategia.com\/portal\/materias\/redacao\/citacoes-darcy-ribeiro-para-usar-na-redacao\/#breadcrumb\"},\"inLanguage\":\"pt-BR\",\"potentialAction\":[{\"@type\":\"ReadAction\",\"target\":[\"https:\/\/vestibulares.estrategia.com\/portal\/materias\/redacao\/citacoes-darcy-ribeiro-para-usar-na-redacao\/\"]}]},{\"@type\":\"ImageObject\",\"inLanguage\":\"pt-BR\",\"@id\":\"https:\/\/vestibulares.estrategia.com\/portal\/materias\/redacao\/citacoes-darcy-ribeiro-para-usar-na-redacao\/#primaryimage\",\"url\":\"https:\/\/vestibulares.estrategia.com\/portal\/wp-content\/uploads\/2024\/09\/citacoes-de-darcy-ribeiro.jpg\",\"contentUrl\":\"https:\/\/vestibulares.estrategia.com\/portal\/wp-content\/uploads\/2024\/09\/citacoes-de-darcy-ribeiro.jpg\",\"width\":1280,\"height\":720,\"caption\":\"cita\u00e7\u00f5es darcy ribeiro\"},{\"@type\":\"BreadcrumbList\",\"@id\":\"https:\/\/vestibulares.estrategia.com\/portal\/materias\/redacao\/citacoes-darcy-ribeiro-para-usar-na-redacao\/#breadcrumb\",\"itemListElement\":[{\"@type\":\"ListItem\",\"position\":1,\"name\":\"Home\",\"item\":\"https:\/\/vestibulares.estrategia.com\/portal\/\"},{\"@type\":\"ListItem\",\"position\":2,\"name\":\"Mat\u00e9rias\",\"item\":\"https:\/\/vestibulares.estrategia.com\/portal\/materias\/\"},{\"@type\":\"ListItem\",\"position\":3,\"name\":\"Reda\u00e7\u00e3o\",\"item\":\"https:\/\/vestibulares.estrategia.com\/portal\/materias\/redacao\/\"},{\"@type\":\"ListItem\",\"position\":4,\"name\":\"7 cita\u00e7\u00f5es de Darcy Ribeiro para usar na reda\u00e7\u00e3o\"}]},{\"@type\":\"WebSite\",\"@id\":\"https:\/\/vestibulares.estrategia.com\/portal\/#website\",\"url\":\"https:\/\/vestibulares.estrategia.com\/portal\/\",\"name\":\"Estrat\u00e9gia Vestibulares\",\"description\":\"\",\"publisher\":{\"@id\":\"https:\/\/vestibulares.estrategia.com\/portal\/#organization\"},\"potentialAction\":[{\"@type\":\"SearchAction\",\"target\":{\"@type\":\"EntryPoint\",\"urlTemplate\":\"https:\/\/vestibulares.estrategia.com\/portal\/?s={search_term_string}\"},\"query-input\":{\"@type\":\"PropertyValueSpecification\",\"valueRequired\":true,\"valueName\":\"search_term_string\"}}],\"inLanguage\":\"pt-BR\"},{\"@type\":\"Organization\",\"@id\":\"https:\/\/vestibulares.estrategia.com\/portal\/#organization\",\"name\":\"Estrat\u00e9gia Vestibulares\",\"url\":\"https:\/\/vestibulares.estrategia.com\/portal\/\",\"logo\":{\"@type\":\"ImageObject\",\"inLanguage\":\"pt-BR\",\"@id\":\"https:\/\/vestibulares.estrategia.com\/portal\/#\/schema\/logo\/image\/\",\"url\":\"https:\/\/vestibulares.estrategia.com\/portal\/wp-content\/uploads\/2021\/06\/Logo-Vestibulares@4x.png\",\"contentUrl\":\"https:\/\/vestibulares.estrategia.com\/portal\/wp-content\/uploads\/2021\/06\/Logo-Vestibulares@4x.png\",\"width\":250,\"height\":66,\"caption\":\"Estrat\u00e9gia Vestibulares\"},\"image\":{\"@id\":\"https:\/\/vestibulares.estrategia.com\/portal\/#\/schema\/logo\/image\/\"},\"sameAs\":[\"https:\/\/facebook.com\/estrategiavestibulares\",\"https:\/\/x.com\/Estrategiavest\",\"https:\/\/www.instagram.com\/estrategiavestibulares\",\"https:\/\/www.youtube.com\/channel\/UCGWdZy8ULI-7_5GrABa4vNA\"]},{\"@type\":\"Person\",\"@id\":\"https:\/\/vestibulares.estrategia.com\/portal\/#\/schema\/person\/cdd941dcf53839374c0bc8d39bb0230f\",\"name\":\"Beatriz Santana\",\"image\":{\"@type\":\"ImageObject\",\"inLanguage\":\"pt-BR\",\"@id\":\"https:\/\/vestibulares.estrategia.com\/portal\/#\/schema\/person\/image\/\",\"url\":\"https:\/\/vestibulares.estrategia.com\/portal\/wp-content\/uploads\/2022\/01\/WhatsApp-Image-2021-10-21-at-10.19.09-1-150x150.webp\",\"contentUrl\":\"https:\/\/vestibulares.estrategia.com\/portal\/wp-content\/uploads\/2022\/01\/WhatsApp-Image-2021-10-21-at-10.19.09-1-150x150.webp\",\"caption\":\"Beatriz Santana\"},\"description\":\"Jornalista formada pela Unesp\",\"url\":\"https:\/\/vestibulares.estrategia.com\/portal\/author\/beatriz-santana\/\"}]}<\/script>\n<!-- \/ Yoast SEO Premium plugin. -->","yoast_head_json":{"title":"7 cita\u00e7\u00f5es de Darcy Ribeiro para usar na reda\u00e7\u00e3o","description":"Conhe\u00e7a o pensamento do intelectual brasileiro e saiba como os assuntos abordados por ele podem ajudar a construir o seu repert\u00f3rio","robots":{"index":"index","follow":"follow","max-snippet":"max-snippet:-1","max-image-preview":"max-image-preview:large","max-video-preview":"max-video-preview:-1"},"canonical":"https:\/\/vestibulares.estrategia.com\/portal\/materias\/redacao\/citacoes-darcy-ribeiro-para-usar-na-redacao\/","og_locale":"pt_BR","og_type":"article","og_title":"7 cita\u00e7\u00f5es de Darcy Ribeiro para usar na reda\u00e7\u00e3o","og_description":"Conhe\u00e7a o pensamento do intelectual brasileiro e saiba como os assuntos abordados por ele podem ajudar a construir o seu repert\u00f3rio","og_url":"https:\/\/vestibulares.estrategia.com\/portal\/materias\/redacao\/citacoes-darcy-ribeiro-para-usar-na-redacao\/","og_site_name":"Estrat\u00e9gia Vestibulares","article_publisher":"https:\/\/facebook.com\/estrategiavestibulares","article_published_time":"2024-09-20T12:13:38+00:00","article_modified_time":"2025-10-27T16:42:48+00:00","og_image":[{"width":1280,"height":720,"url":"https:\/\/vestibulares.estrategia.com\/portal\/wp-content\/uploads\/2024\/09\/citacoes-de-darcy-ribeiro.jpg","type":"image\/jpeg"}],"author":"Beatriz Santana","twitter_card":"summary_large_image","twitter_creator":"@Estrategiavest","twitter_site":"@Estrategiavest","twitter_misc":{"Escrito por":"Beatriz Santana","Est. tempo de leitura":"5 minutos"},"schema":{"@context":"https:\/\/schema.org","@graph":[{"@type":"Article","@id":"https:\/\/vestibulares.estrategia.com\/portal\/materias\/redacao\/citacoes-darcy-ribeiro-para-usar-na-redacao\/#article","isPartOf":{"@id":"https:\/\/vestibulares.estrategia.com\/portal\/materias\/redacao\/citacoes-darcy-ribeiro-para-usar-na-redacao\/"},"author":{"name":"Beatriz Santana","@id":"https:\/\/vestibulares.estrategia.com\/portal\/#\/schema\/person\/cdd941dcf53839374c0bc8d39bb0230f"},"headline":"7 cita\u00e7\u00f5es de Darcy Ribeiro para usar na reda\u00e7\u00e3o","datePublished":"2024-09-20T12:13:38+00:00","dateModified":"2025-10-27T16:42:48+00:00","mainEntityOfPage":{"@id":"https:\/\/vestibulares.estrategia.com\/portal\/materias\/redacao\/citacoes-darcy-ribeiro-para-usar-na-redacao\/"},"wordCount":1016,"publisher":{"@id":"https:\/\/vestibulares.estrategia.com\/portal\/#organization"},"image":{"@id":"https:\/\/vestibulares.estrategia.com\/portal\/materias\/redacao\/citacoes-darcy-ribeiro-para-usar-na-redacao\/#primaryimage"},"thumbnailUrl":"https:\/\/vestibulares.estrategia.com\/portal\/wp-content\/uploads\/2024\/09\/citacoes-de-darcy-ribeiro.jpg","articleSection":["Reda\u00e7\u00e3o"],"inLanguage":"pt-BR"},{"@type":"WebPage","@id":"https:\/\/vestibulares.estrategia.com\/portal\/materias\/redacao\/citacoes-darcy-ribeiro-para-usar-na-redacao\/","url":"https:\/\/vestibulares.estrategia.com\/portal\/materias\/redacao\/citacoes-darcy-ribeiro-para-usar-na-redacao\/","name":"7 cita\u00e7\u00f5es de Darcy Ribeiro para usar na reda\u00e7\u00e3o","isPartOf":{"@id":"https:\/\/vestibulares.estrategia.com\/portal\/#website"},"primaryImageOfPage":{"@id":"https:\/\/vestibulares.estrategia.com\/portal\/materias\/redacao\/citacoes-darcy-ribeiro-para-usar-na-redacao\/#primaryimage"},"image":{"@id":"https:\/\/vestibulares.estrategia.com\/portal\/materias\/redacao\/citacoes-darcy-ribeiro-para-usar-na-redacao\/#primaryimage"},"thumbnailUrl":"https:\/\/vestibulares.estrategia.com\/portal\/wp-content\/uploads\/2024\/09\/citacoes-de-darcy-ribeiro.jpg","datePublished":"2024-09-20T12:13:38+00:00","dateModified":"2025-10-27T16:42:48+00:00","description":"Conhe\u00e7a o pensamento do intelectual brasileiro e saiba como os assuntos abordados por ele podem ajudar a construir o seu repert\u00f3rio","breadcrumb":{"@id":"https:\/\/vestibulares.estrategia.com\/portal\/materias\/redacao\/citacoes-darcy-ribeiro-para-usar-na-redacao\/#breadcrumb"},"inLanguage":"pt-BR","potentialAction":[{"@type":"ReadAction","target":["https:\/\/vestibulares.estrategia.com\/portal\/materias\/redacao\/citacoes-darcy-ribeiro-para-usar-na-redacao\/"]}]},{"@type":"ImageObject","inLanguage":"pt-BR","@id":"https:\/\/vestibulares.estrategia.com\/portal\/materias\/redacao\/citacoes-darcy-ribeiro-para-usar-na-redacao\/#primaryimage","url":"https:\/\/vestibulares.estrategia.com\/portal\/wp-content\/uploads\/2024\/09\/citacoes-de-darcy-ribeiro.jpg","contentUrl":"https:\/\/vestibulares.estrategia.com\/portal\/wp-content\/uploads\/2024\/09\/citacoes-de-darcy-ribeiro.jpg","width":1280,"height":720,"caption":"cita\u00e7\u00f5es darcy ribeiro"},{"@type":"BreadcrumbList","@id":"https:\/\/vestibulares.estrategia.com\/portal\/materias\/redacao\/citacoes-darcy-ribeiro-para-usar-na-redacao\/#breadcrumb","itemListElement":[{"@type":"ListItem","position":1,"name":"Home","item":"https:\/\/vestibulares.estrategia.com\/portal\/"},{"@type":"ListItem","position":2,"name":"Mat\u00e9rias","item":"https:\/\/vestibulares.estrategia.com\/portal\/materias\/"},{"@type":"ListItem","position":3,"name":"Reda\u00e7\u00e3o","item":"https:\/\/vestibulares.estrategia.com\/portal\/materias\/redacao\/"},{"@type":"ListItem","position":4,"name":"7 cita\u00e7\u00f5es de Darcy Ribeiro para usar na reda\u00e7\u00e3o"}]},{"@type":"WebSite","@id":"https:\/\/vestibulares.estrategia.com\/portal\/#website","url":"https:\/\/vestibulares.estrategia.com\/portal\/","name":"Estrat\u00e9gia Vestibulares","description":"","publisher":{"@id":"https:\/\/vestibulares.estrategia.com\/portal\/#organization"},"potentialAction":[{"@type":"SearchAction","target":{"@type":"EntryPoint","urlTemplate":"https:\/\/vestibulares.estrategia.com\/portal\/?s={search_term_string}"},"query-input":{"@type":"PropertyValueSpecification","valueRequired":true,"valueName":"search_term_string"}}],"inLanguage":"pt-BR"},{"@type":"Organization","@id":"https:\/\/vestibulares.estrategia.com\/portal\/#organization","name":"Estrat\u00e9gia Vestibulares","url":"https:\/\/vestibulares.estrategia.com\/portal\/","logo":{"@type":"ImageObject","inLanguage":"pt-BR","@id":"https:\/\/vestibulares.estrategia.com\/portal\/#\/schema\/logo\/image\/","url":"https:\/\/vestibulares.estrategia.com\/portal\/wp-content\/uploads\/2021\/06\/Logo-Vestibulares@4x.png","contentUrl":"https:\/\/vestibulares.estrategia.com\/portal\/wp-content\/uploads\/2021\/06\/Logo-Vestibulares@4x.png","width":250,"height":66,"caption":"Estrat\u00e9gia Vestibulares"},"image":{"@id":"https:\/\/vestibulares.estrategia.com\/portal\/#\/schema\/logo\/image\/"},"sameAs":["https:\/\/facebook.com\/estrategiavestibulares","https:\/\/x.com\/Estrategiavest","https:\/\/www.instagram.com\/estrategiavestibulares","https:\/\/www.youtube.com\/channel\/UCGWdZy8ULI-7_5GrABa4vNA"]},{"@type":"Person","@id":"https:\/\/vestibulares.estrategia.com\/portal\/#\/schema\/person\/cdd941dcf53839374c0bc8d39bb0230f","name":"Beatriz Santana","image":{"@type":"ImageObject","inLanguage":"pt-BR","@id":"https:\/\/vestibulares.estrategia.com\/portal\/#\/schema\/person\/image\/","url":"https:\/\/vestibulares.estrategia.com\/portal\/wp-content\/uploads\/2022\/01\/WhatsApp-Image-2021-10-21-at-10.19.09-1-150x150.webp","contentUrl":"https:\/\/vestibulares.estrategia.com\/portal\/wp-content\/uploads\/2022\/01\/WhatsApp-Image-2021-10-21-at-10.19.09-1-150x150.webp","caption":"Beatriz Santana"},"description":"Jornalista formada pela Unesp","url":"https:\/\/vestibulares.estrategia.com\/portal\/author\/beatriz-santana\/"}]}},"_wl_alt_label":[],"wl:entity_url":"https:\/\/data.wordlift.io\/wl110249\/post\/citacoes-darcy-ribeiro-para-usar-na-redacao","_links":{"self":[{"href":"https:\/\/vestibulares.estrategia.com\/portal\/wp-json\/wp\/v2\/posts\/125506","targetHints":{"allow":["GET"]}}],"collection":[{"href":"https:\/\/vestibulares.estrategia.com\/portal\/wp-json\/wp\/v2\/posts"}],"about":[{"href":"https:\/\/vestibulares.estrategia.com\/portal\/wp-json\/wp\/v2\/types\/post"}],"author":[{"embeddable":true,"href":"https:\/\/vestibulares.estrategia.com\/portal\/wp-json\/wp\/v2\/users\/48"}],"replies":[{"embeddable":true,"href":"https:\/\/vestibulares.estrategia.com\/portal\/wp-json\/wp\/v2\/comments?post=125506"}],"version-history":[{"count":3,"href":"https:\/\/vestibulares.estrategia.com\/portal\/wp-json\/wp\/v2\/posts\/125506\/revisions"}],"predecessor-version":[{"id":147203,"href":"https:\/\/vestibulares.estrategia.com\/portal\/wp-json\/wp\/v2\/posts\/125506\/revisions\/147203"}],"wp:featuredmedia":[{"embeddable":true,"href":"https:\/\/vestibulares.estrategia.com\/portal\/wp-json\/wp\/v2\/media\/125507"}],"wp:attachment":[{"href":"https:\/\/vestibulares.estrategia.com\/portal\/wp-json\/wp\/v2\/media?parent=125506"}],"wp:term":[{"taxonomy":"category","embeddable":true,"href":"https:\/\/vestibulares.estrategia.com\/portal\/wp-json\/wp\/v2\/categories?post=125506"},{"taxonomy":"post_tag","embeddable":true,"href":"https:\/\/vestibulares.estrategia.com\/portal\/wp-json\/wp\/v2\/tags?post=125506"},{"taxonomy":"wl_entity_type","embeddable":true,"href":"https:\/\/vestibulares.estrategia.com\/portal\/wp-json\/wp\/v2\/wl_entity_type?post=125506"}],"curies":[{"name":"wp","href":"https:\/\/api.w.org\/{rel}","templated":true}]}}