{"id":126037,"date":"2024-09-27T09:00:01","date_gmt":"2024-09-27T12:00:01","guid":{"rendered":"https:\/\/vestibulares.estrategia.com\/portal\/?p=126037"},"modified":"2026-01-13T17:59:09","modified_gmt":"2026-01-13T20:59:09","slug":"ufdpar-sisu-cursos-vagas-como-ingressar-e-muito-mais","status":"publish","type":"post","link":"https:\/\/vestibulares.estrategia.com\/portal\/enem-e-vestibulares\/ufdpar-sisu-cursos-vagas-como-ingressar-e-muito-mais\/","title":{"rendered":"UFDPar: Sisu, cursos, vagas, como ingressar e muito mais"},"content":{"rendered":"<p>Quer ingressar na Universidade Federal do Delta do Parna&iacute;ba (UFDPar), mas n&atilde;o sabe muito bem como fazer e quer conhecer mais sobre o processo e a institui&ccedil;&atilde;o? Ent&atilde;o voc&ecirc; veio ao lugar certo! Confira o artigo que o Estrat&eacute;gia Vestibulares preparou sobre a UFDPar, como ingressar via Sisu e Enem e mais detalhes, abaixo.<div class=\"wp-block-buttons is-content-justification-center is-layout-flex wp-container-core-buttons-is-layout-1 wp-block-buttons-is-layout-flex\">\n<div class=\"wp-block-button\"><a class=\"wp-block-button__link wp-element-button\" href=\"https:\/\/vestibulares.estrategia.com\/portal\/enem-e-vestibulares\/enem\/calendario-enem\/\">Confira o calend&aacute;rio Enem<\/a><\/div>\n<\/div><p>Veja tamb&eacute;m:<br><a href=\"https:\/\/vestibulares.estrategia.com\/portal\/enem-e-vestibulares\/enem\/como-fazer-a-inscricao-do-enem-passo-a-passo-com-imagens\/\">+ Como fazer a inscri&ccedil;&atilde;o do Enem: passo a passo com imagens<\/a><br><a href=\"https:\/\/vestibulares.estrategia.com\/portal\/enem-e-vestibulares\/enem\/como-fazer-a-inscricao-do-enem-passo-a-passo-com-imagens\/\" target=\"_blank\">+ Como calcular a nota do Enem?<\/a><\/p><p>\n\n\n\n<div class=\"cta-medio\" style=\"background-image: url(https:\/\/vestibulares.estrategia.com\/portal\/wp-content\/uploads\/2024\/08\/curso-enem-1-estrategia-vestibulares-ctamedio.jpg);\"><h3>Pacote Enem TOP <\/h3> <p>Estude com o Estrat\u00e9gia Vestibulares<\/p><div class=\"cta-botao\"><a id=\"cta-medio\" href=\"https:\/\/vestibulares.estrategia.com\/curso\/enem-top\/\" target=\"_blank\" style=\"background:rgb(255,150,0)\">Saiba mais<\/a><\/div><\/div>\n\n\n\n<\/p><div id=\"ez-toc-container\" class=\"ez-toc-v2_0_76 counter-hierarchy ez-toc-counter ez-toc-transparent ez-toc-container-direction\">\n<div class=\"ez-toc-title-container\"><p class=\"ez-toc-title\" style=\"cursor:inherit\">Navegue pelo conte\u00fado<\/p>\n<\/div><nav><ul class='ez-toc-list ez-toc-list-level-1 ' ><li class='ez-toc-page-1 ez-toc-heading-level-2'><a class=\"ez-toc-link ez-toc-heading-1\" href=\"https:\/\/vestibulares.estrategia.com\/portal\/enem-e-vestibulares\/ufdpar-sisu-cursos-vagas-como-ingressar-e-muito-mais\/#Sobre-a-UFDPar\" >Sobre a UFDPar<\/a><\/li><li class='ez-toc-page-1 ez-toc-heading-level-2'><a class=\"ez-toc-link ez-toc-heading-2\" href=\"https:\/\/vestibulares.estrategia.com\/portal\/enem-e-vestibulares\/ufdpar-sisu-cursos-vagas-como-ingressar-e-muito-mais\/#Calendario-UFDPar-Enem-e-Sisu\" >Calend&aacute;rio UFDPar, Enem e Sisu<\/a><\/li><li class='ez-toc-page-1 ez-toc-heading-level-2'><a class=\"ez-toc-link ez-toc-heading-3\" href=\"https:\/\/vestibulares.estrategia.com\/portal\/enem-e-vestibulares\/ufdpar-sisu-cursos-vagas-como-ingressar-e-muito-mais\/#Como-ingressar-na-UFDPar\" >Como ingressar na UFDPar<\/a><\/li><li class='ez-toc-page-1 ez-toc-heading-level-2'><a class=\"ez-toc-link ez-toc-heading-4\" href=\"https:\/\/vestibulares.estrategia.com\/portal\/enem-e-vestibulares\/ufdpar-sisu-cursos-vagas-como-ingressar-e-muito-mais\/#Como-funciona-o-Sisu\" >Como funciona o Sisu?<\/a><\/li><li class='ez-toc-page-1 ez-toc-heading-level-2'><a class=\"ez-toc-link ez-toc-heading-5\" href=\"https:\/\/vestibulares.estrategia.com\/portal\/enem-e-vestibulares\/ufdpar-sisu-cursos-vagas-como-ingressar-e-muito-mais\/#Quais-sao-as-modalidades-de-concorrencia\" >Quais s&atilde;o as modalidades de concorr&ecirc;ncia?<\/a><\/li><li class='ez-toc-page-1 ez-toc-heading-level-2'><a class=\"ez-toc-link ez-toc-heading-6\" href=\"https:\/\/vestibulares.estrategia.com\/portal\/enem-e-vestibulares\/ufdpar-sisu-cursos-vagas-como-ingressar-e-muito-mais\/#Lei-de-cotas-Sisu\" >Lei de cotas Sisu<\/a><\/li><li class='ez-toc-page-1 ez-toc-heading-level-2'><a class=\"ez-toc-link ez-toc-heading-7\" href=\"https:\/\/vestibulares.estrategia.com\/portal\/enem-e-vestibulares\/ufdpar-sisu-cursos-vagas-como-ingressar-e-muito-mais\/#Resultado-e-abertura-das-inscricoes-do-Sisu\" >Resultado e abertura das inscri&ccedil;&otilde;es do Sisu<\/a><\/li><li class='ez-toc-page-1 ez-toc-heading-level-2'><a class=\"ez-toc-link ez-toc-heading-8\" href=\"https:\/\/vestibulares.estrategia.com\/portal\/enem-e-vestibulares\/ufdpar-sisu-cursos-vagas-como-ingressar-e-muito-mais\/#Acoes-afirmativas-UFDPar\" >A&ccedil;&otilde;es afirmativas UFDPar<\/a><\/li><li class='ez-toc-page-1 ez-toc-heading-level-2'><a class=\"ez-toc-link ez-toc-heading-9\" href=\"https:\/\/vestibulares.estrategia.com\/portal\/enem-e-vestibulares\/ufdpar-sisu-cursos-vagas-como-ingressar-e-muito-mais\/#Como-e-o-Enem\" >Como &eacute; o Enem?<\/a><\/li><li class='ez-toc-page-1 ez-toc-heading-level-2'><a class=\"ez-toc-link ez-toc-heading-10\" href=\"https:\/\/vestibulares.estrategia.com\/portal\/enem-e-vestibulares\/ufdpar-sisu-cursos-vagas-como-ingressar-e-muito-mais\/#Locais-de-prova\" >Locais de prova<\/a><\/li><li class='ez-toc-page-1 ez-toc-heading-level-2'><a class=\"ez-toc-link ez-toc-heading-11\" href=\"https:\/\/vestibulares.estrategia.com\/portal\/enem-e-vestibulares\/ufdpar-sisu-cursos-vagas-como-ingressar-e-muito-mais\/#O-que-levar-no-dia-da-prova\" >O que levar no dia da prova?<\/a><\/li><li class='ez-toc-page-1 ez-toc-heading-level-2'><a class=\"ez-toc-link ez-toc-heading-12\" href=\"https:\/\/vestibulares.estrategia.com\/portal\/enem-e-vestibulares\/ufdpar-sisu-cursos-vagas-como-ingressar-e-muito-mais\/#Como-funciona-a-prova-do-Enem\" >Como funciona a prova do Enem?<\/a><\/li><li class='ez-toc-page-1 ez-toc-heading-level-2'><a class=\"ez-toc-link ez-toc-heading-13\" href=\"https:\/\/vestibulares.estrategia.com\/portal\/enem-e-vestibulares\/ufdpar-sisu-cursos-vagas-como-ingressar-e-muito-mais\/#Como-calcular-a-nota-do-Enem\" >Como calcular a nota do Enem?<\/a><\/li><li class='ez-toc-page-1 ez-toc-heading-level-2'><a class=\"ez-toc-link ez-toc-heading-14\" href=\"https:\/\/vestibulares.estrategia.com\/portal\/enem-e-vestibulares\/ufdpar-sisu-cursos-vagas-como-ingressar-e-muito-mais\/#Como-funciona-a-redacao-do-Enem\" >Como funciona a reda&ccedil;&atilde;o do Enem<\/a><\/li><li class='ez-toc-page-1 ez-toc-heading-level-2'><a class=\"ez-toc-link ez-toc-heading-15\" href=\"https:\/\/vestibulares.estrategia.com\/portal\/enem-e-vestibulares\/ufdpar-sisu-cursos-vagas-como-ingressar-e-muito-mais\/#Como-a-redacao-e-avaliada-pela-banca\" >Como a reda&ccedil;&atilde;o &eacute; avaliada pela banca?<\/a><\/li><li class='ez-toc-page-1 ez-toc-heading-level-2'><a class=\"ez-toc-link ez-toc-heading-16\" href=\"https:\/\/vestibulares.estrategia.com\/portal\/enem-e-vestibulares\/ufdpar-sisu-cursos-vagas-como-ingressar-e-muito-mais\/#Veja-os-ultimos-temas-de-redacao-do-Enem\" >Veja os &uacute;ltimos temas de reda&ccedil;&atilde;o do Enem<\/a><\/li><li class='ez-toc-page-1 ez-toc-heading-level-2'><a class=\"ez-toc-link ez-toc-heading-17\" href=\"https:\/\/vestibulares.estrategia.com\/portal\/enem-e-vestibulares\/ufdpar-sisu-cursos-vagas-como-ingressar-e-muito-mais\/#Matriz-de-Referencia-Enem\" >Matriz de Refer&ecirc;ncia Enem<\/a><\/li><li class='ez-toc-page-1 ez-toc-heading-level-2'><a class=\"ez-toc-link ez-toc-heading-18\" href=\"https:\/\/vestibulares.estrategia.com\/portal\/enem-e-vestibulares\/ufdpar-sisu-cursos-vagas-como-ingressar-e-muito-mais\/#Provas-de-Habilidades-Especificas-UFDPar\" >Provas de Habilidades Espec&iacute;ficas UFDPar<\/a><\/li><li class='ez-toc-page-1 ez-toc-heading-level-2'><a class=\"ez-toc-link ez-toc-heading-19\" href=\"https:\/\/vestibulares.estrategia.com\/portal\/enem-e-vestibulares\/ufdpar-sisu-cursos-vagas-como-ingressar-e-muito-mais\/#Como-se-matricular-na-UFDPar\" >Como se matricular na UFDPar<\/a><\/li><li class='ez-toc-page-1 ez-toc-heading-level-2'><a class=\"ez-toc-link ez-toc-heading-20\" href=\"https:\/\/vestibulares.estrategia.com\/portal\/enem-e-vestibulares\/ufdpar-sisu-cursos-vagas-como-ingressar-e-muito-mais\/#Notas-de-corte-UFDPar\" >Notas de corte UFDPar<\/a><\/li><li class='ez-toc-page-1 ez-toc-heading-level-2'><a class=\"ez-toc-link ez-toc-heading-21\" href=\"https:\/\/vestibulares.estrategia.com\/portal\/enem-e-vestibulares\/ufdpar-sisu-cursos-vagas-como-ingressar-e-muito-mais\/#Cursos-UFDPar\" >Cursos UFDPar<\/a><\/li><li class='ez-toc-page-1 ez-toc-heading-level-2'><a class=\"ez-toc-link ez-toc-heading-22\" href=\"https:\/\/vestibulares.estrategia.com\/portal\/enem-e-vestibulares\/ufdpar-sisu-cursos-vagas-como-ingressar-e-muito-mais\/#Campi-e-estruturas-da-UFDPar\" >Campi e estruturas da UFDPar<\/a><\/li><li class='ez-toc-page-1 ez-toc-heading-level-2'><a class=\"ez-toc-link ez-toc-heading-23\" href=\"https:\/\/vestibulares.estrategia.com\/portal\/enem-e-vestibulares\/ufdpar-sisu-cursos-vagas-como-ingressar-e-muito-mais\/#Oportunidades-da-UFDPar\" >Oportunidades da UFDPar<\/a><\/li><li class='ez-toc-page-1 ez-toc-heading-level-2'><a class=\"ez-toc-link ez-toc-heading-24\" href=\"https:\/\/vestibulares.estrategia.com\/portal\/enem-e-vestibulares\/ufdpar-sisu-cursos-vagas-como-ingressar-e-muito-mais\/#Auxilios-e-permanencia-estudantil\" >Aux&iacute;lios e perman&ecirc;ncia estudantil<\/a><\/li><li class='ez-toc-page-1 ez-toc-heading-level-2'><a class=\"ez-toc-link ez-toc-heading-25\" href=\"https:\/\/vestibulares.estrategia.com\/portal\/enem-e-vestibulares\/ufdpar-sisu-cursos-vagas-como-ingressar-e-muito-mais\/#Baixe-gratis-o-e-book-sobre-permanencia-estudantil\" >Baixe gr&aacute;tis o e-book sobre perman&ecirc;ncia estudantil<\/a><\/li><li class='ez-toc-page-1 ez-toc-heading-level-2'><a class=\"ez-toc-link ez-toc-heading-26\" href=\"https:\/\/vestibulares.estrategia.com\/portal\/enem-e-vestibulares\/ufdpar-sisu-cursos-vagas-como-ingressar-e-muito-mais\/#Confira-os-cursos-Enem-do-Estrategia-Vestibulares\" >Confira os cursos Enem do Estrat&eacute;gia Vestibulares<\/a><\/li><\/ul><\/nav><\/div>\n<h2 class=\"wp-block-heading\" id=\"h-sobre-a-ufdpar\"><span class=\"ez-toc-section\" id=\"Sobre-a-UFDPar\"><\/span>Sobre a UFDPar<span class=\"ez-toc-section-end\"><\/span><\/h2><p>A Universidade Federal do Delta do Parna&iacute;ba fica localizada na cidade de Parna&iacute;ba, o segundo munic&iacute;pio mais populoso do Estado. A institui&ccedil;&atilde;o foi desmembrada da Universidade Federal do Piau&iacute; (<a href=\"https:\/\/vestibulares.estrategia.com\/portal\/enem-e-vestibulares\/ufpi-sisu-cursos-vagas-como-ingressar-e-muito-mais\/\">UFPI<\/a>) em 2018, mas seu surgimento aconteceu no final da d&eacute;cada de 60, com a Faculdade de Administra&ccedil;&atilde;o do Piau&iacute;.&nbsp;<\/p><p>A institui&ccedil;&atilde;o foi incorporada pela UFPI em 1971, ano em que come&ccedil;ou a ser constru&iacute;do o Campus Ministro Reis Velloso, sede da UFDPar at&eacute; hoje. Ao longo das d&eacute;cadas, o campus foi recebendo novos cursos, at&eacute; 2014, com o in&iacute;cio da gradua&ccedil;&atilde;o em Medicina, o &uacute;ltimo dos 12 cursos existentes na institui&ccedil;&atilde;o.&nbsp;<\/p><p>\n\n\n\n<div id=\"new-form\">\n\t<form id=\"forms_layout\">\n\t<input type=\"hidden\" id=\"chave_de\" name=\"chave_de\" value=\"01_EVEST_LEADS_TOTAIS\" \/>\n\t\t<input type=\"hidden\" id=\"mid\" name=\"mid\" value=\"515008983\" \/>\n\t\t<input type=\"hidden\" id=\"Objetivo\" name=\"Objetivo\" value=\"Vestibulares\" \/>\n\t\t<input type=\"hidden\" id=\"Estado_de_Origem_do_IP\" name=\"Estado_de_Origem_do_IP\"  value=\"\" \/>\n\t\t<input type=\"hidden\" id=\"Cidade_de_Origem_do_IP\" name=\"Cidade_de_Origem_do_IP\" value=\"\" \/>\n\t\t<input type=\"hidden\" id=\"Modo_de_entrada\" name=\"Modo_de_entrada\" value=\"Portal\" \/>\n\t\t<input type=\"hidden\" id=\"Pagina_Origem\" name=\"Pagina_Origem\" value=\"\" \/>\n\n\t\t<div class=\"texto\">\n\t\t\t<h3 class=\"news\">Inscreva-se em nossa newsletter\ud83e\udd89<\/h3>\n\t\t\t<p>Receba dicas de estudo gratuitas e saiba em primeira m\u00e3o as novidades sobre o Enem, Sisu, Encceja, Fuvest e outros vestibulares!<\/p>\n\t\t<\/div>\n\t\t<div class=\"campos\">\n\t\t\t<div class=\"first_name labels\">\n\t\t\t\t<input type=\"text\" class=\"input_labels\" id=\"first_name\" name=\"Nome_Completo\" placeholder=\"Nome\" required \/>\n\t\t\t<\/div>\n\t\t\t<div class=\"email labels\">\n\t\t\t\t<input type=\"email\" class=\"input_labels\" id=\"email\" name=\"Email\" placeholder=\"E-mail\" required \/>\n\t\t\t<\/div>\n\t\t\t<button type=\"submit\" class=\"button_layout\">\n\t\t\t\t<div id=\"lblBotao\">Inscreva-se<\/div>\n\t\t\t\t<span id=\"divSpiner\" class=\"loader\" role=\"status\" style=\"display: none;\"><\/span>\t\n\t\t\t<\/button>\n\t\t<\/div><!-- \/campos -->\n\t\t\n\t\t<label class=\"container_checkbox\">Voc\u00ea concorda com a nossa\n\t\t\t<a class=\"politics_privacy_ahref\" target=\"_blank\" href=\"https:\/\/gratis.estrategiaconcursos.com.br\/politica-de-privacidade\/\">Pol\u00edtica de Privacidade<\/a> e aceita receber informa\u00e7\u00f5es adicionais do Estrat\u00e9gia Educacional.\n\t\t\t<input id=\"checkbox_layout\" type=\"checkbox\" checked=\"checked\" required \/>\n\t\t\t<span class=\"checkbox\"><\/span>\n\t\t<\/label>\n\t\t<div id=\"msg\"><\/div>\n\t\t<div id=\"error\" class=\"error\">\n\t\t<\/div>\n\t<\/form>\n<\/div><!-- \/new-form -->\n\n\n\n<\/p><h2 class=\"wp-block-heading\" id=\"h-calendario-ufdpar-enem-e-sisu\"><span class=\"ez-toc-section\" id=\"Calendario-UFDPar-Enem-e-Sisu\"><\/span>Calend&aacute;rio UFDPar, Enem e Sisu<span class=\"ez-toc-section-end\"><\/span><\/h2><h3 class=\"wp-block-heading\" id=\"h-enem-2025\">Enem 2025<\/h3><ul class=\"wp-block-list\">\n<li><strong>Divulga&ccedil;&atilde;o do edital<\/strong><br>23\/05\/2025 &ndash;&nbsp;<a href=\"https:\/\/vestibulares.estrategia.com\/portal\/noticias\/edital-enem-2024-completo-datas-inscricoes-provas-e-resultado\/\" target=\"_blank\">acesse o edital<\/a><\/li>\n\n\n\n<li><strong>Per&iacute;odo de solicita&ccedil;&atilde;o de isen&ccedil;&atilde;o e justificativa de aus&ecirc;ncia<br><\/strong>14 a 25\/04\/2025<\/li>\n\n\n\n<li><strong>Divulga&ccedil;&atilde;o do resultado do pedido de isen&ccedil;&atilde;o e da justificativa de aus&ecirc;ncia<br><\/strong>12\/05\/2025<\/li>\n\n\n\n<li><strong>Recurso da justificativa de aus&ecirc;ncia e permiss&atilde;o de isen&ccedil;&atilde;o da taxa de inscri&ccedil;&atilde;o<br><\/strong>12 a 16\/05\/2025<\/li>\n\n\n\n<li><strong>Resultados do recurso da justificativa de aus&ecirc;ncia e pedido de isen&ccedil;&atilde;o da taxa de inscri&ccedil;&atilde;o<br><\/strong>22\/05\/2025<\/li>\n\n\n\n<li><strong>Per&iacute;odo de inscri&ccedil;&otilde;es do Enem 2025<br><\/strong>26\/05 a 06\/06\/2025<\/li>\n\n\n\n<li><strong>Pagamento da taxa de inscri&ccedil;&atilde;o<\/strong><br>at&eacute; 11\/06\/2025<\/li>\n\n\n\n<li><strong>Divulga&ccedil;&atilde;o do local de prova do Enem 2025<\/strong><br><em>24\/10\/2025<\/em><\/li>\n\n\n\n<li><strong>Provas Enem 2025<\/strong>*<br>09 e 16\/11\/2025<\/li>\n\n\n\n<li><strong>Divulga&ccedil;&atilde;o do gabarito oficial<\/strong><br>at&eacute; o 10&deg; dia &uacute;til ap&oacute;s o 2&deg; dia de aplica&ccedil;&atilde;o<\/li>\n\n\n\n<li><strong>Divulga&ccedil;&atilde;o do resultado<\/strong><br>16\/01\/2026<\/li>\n\n\n\n<li><strong>*Aplica&ccedil;&atilde;o em Bel&eacute;m, Ananindeua e Marituba (PA)<br><\/strong>30\/11 e 07\/12\/2025<\/li>\n<\/ul><h3 class=\"wp-block-heading\" id=\"h-sisu-2026\">Sisu 2026<\/h3><ul class=\"wp-block-list\">\n<li><strong>Divulga&ccedil;&atilde;o do edital:<\/strong>&nbsp;23\/12\/2025;<\/li>\n\n\n\n<li><strong>Per&iacute;odo de inscri&ccedil;&atilde;o:&nbsp;<\/strong>19 a 23\/01\/2026;<\/li>\n\n\n\n<li><strong>Resultado da lista &uacute;nica:&nbsp;<\/strong>29\/01\/2026;<\/li>\n\n\n\n<li><strong>Matr&iacute;culas chamada regular:&nbsp;<\/strong>a partir de 02\/02\/2026;<\/li>\n\n\n\n<li><strong>Per&iacute;odo para participar da lista de espera:&nbsp;<\/strong>29\/01 a 02\/02\/2026.<\/li>\n<\/ul><h2 class=\"wp-block-heading\" id=\"h-como-ingressar-na-ufdpar\"><span class=\"ez-toc-section\" id=\"Como-ingressar-na-UFDPar\"><\/span>Como ingressar na UFDPar<span class=\"ez-toc-section-end\"><\/span><\/h2><p>O ingresso na Universidade Federal do Delta do Parna&iacute;ba &eacute; feito pelo Sistema de Sele&ccedil;&atilde;o Unificada (<a href=\"https:\/\/vestibulares.estrategia.com\/portal\/enem-e-vestibulares\/sisu\/sisu-o-que-e\/\">Sisu<\/a>), criado pelo Minist&eacute;rio da Educa&ccedil;&atilde;o (MEC), em 2010, para que institui&ccedil;&otilde;es p&uacute;blicas de ensino superior ofere&ccedil;am vagas a candidatos que participaram do Exame Nacional do Ensino M&eacute;dio (<a href=\"https:\/\/vestibulares.estrategia.com\/portal\/enem-e-vestibulares\/enem\/enem\/\">Enem<\/a>).&nbsp;<\/p><h2 class=\"wp-block-heading\" id=\"h-como-funciona-o-sisu\"><span class=\"ez-toc-section\" id=\"Como-funciona-o-Sisu\"><\/span>Como funciona o Sisu?<span class=\"ez-toc-section-end\"><\/span><\/h2><p>O Sisu &eacute; um sistema virtual que re&uacute;ne institui&ccedil;&otilde;es de Ensino Superior p&uacute;blicas e candidatos que desejam ingressar nessas institui&ccedil;&otilde;es na mesma plataforma. A nota que comp&otilde;e o Sisu &eacute; a nota do Enem do ano vigente e &eacute; dentro do site do programa que o candidato escolhe o curso e a institui&ccedil;&atilde;o pela qual deseja concorrer.<\/p><p>O desempenho do candidato no Enem &eacute; determinante para conquistar uma das vagas existentes na UFDPar. Como a ades&atilde;o ao Sisu &eacute; opcional, muitas outras institui&ccedil;&otilde;es acabam realizando processos seletivos pr&oacute;prios. Existem vestibulares que incluem a nota do Enem, mas a maioria opta por fazer provas distintas.&nbsp;<\/p><p>O candidato que deseja se inscrever deve acessar o site do Sisu, entrar no sistema com seus dados de acesso e escolher o curso e a institui&ccedil;&atilde;o que deseja concorrer &agrave;s vagas. As inscri&ccedil;&otilde;es s&atilde;o abertas duas vezes ao ano, mas algumas institui&ccedil;&otilde;es optam por aderir ao programa apenas uma vez por ano.<\/p><p>Para se inscrever no programa, o candidato precisa saber o n&uacute;mero de inscri&ccedil;&atilde;o no Enem e senha utilizada para acesso ao sistema. N&atilde;o h&aacute; pagamento de taxa para participar do Sisu.<\/p><p>Ao fim da inscri&ccedil;&atilde;o, o Sisu divulga a primeira lista de chamada com os candidatos mais bem colocados. Apenas candidatos que n&atilde;o zeraram a Reda&ccedil;&atilde;o podem participar do Sisu.<\/p><h2 class=\"wp-block-heading\" id=\"h-quais-sao-as-modalidades-de-concorrencia\"><span class=\"ez-toc-section\" id=\"Quais-sao-as-modalidades-de-concorrencia\"><\/span>Quais s&atilde;o as modalidades de concorr&ecirc;ncia?<span class=\"ez-toc-section-end\"><\/span><\/h2><p>Os candidatos podem se inscrever em tr&ecirc;s modalidades: vagas de ampla concorr&ecirc;ncia, vagas reservadas para quem se enquadra na Lei de Cotas e vagas destinadas &agrave;s outras a&ccedil;&otilde;es afirmativas previstas pela institui&ccedil;&atilde;o.<\/p><p>Durante a chamada regular do Sisu, portanto, o candidato que optar por uma certa modalidade concorrer&aacute; somente com os candidatos que escolheram a mesma op&ccedil;&atilde;o. Assim, o sistema seleciona apenas dentro daquela categoria os que obtiveram as melhores notas no Enem.<\/p><h2 class=\"wp-block-heading\" id=\"h-lei-de-cotas-sisu\"><span class=\"ez-toc-section\" id=\"Lei-de-cotas-Sisu\"><\/span>Lei de cotas Sisu<span class=\"ez-toc-section-end\"><\/span><\/h2><p>A Lei n&ordm; 12.711\/2012 foi atualizada em 2023 (<a href=\"https:\/\/www.planalto.gov.br\/ccivil_03\/_ato2023-2026\/2023\/lei\/L14723.htm\" target=\"_blank\" rel=\"noopener noreferrer\">Lei 14.723\/23<\/a>) e a partir de agora os participantes que t&ecirc;m direito &agrave; reserva de vagas (cotas) concorrem juntos &agrave;s vagas de ampla concorr&ecirc;ncia. A reserva de vagas s&oacute; ser&aacute; usada caso o participante n&atilde;o atinja nota suficiente para conseguir uma vaga em ampla concorr&ecirc;ncia. Al&eacute;m disso, estudantes quilombolas tamb&eacute;m est&atilde;o inclu&iacute;dos na nova lei.<\/p><p>Criada em 2012, a Lei n&ordm; 12.711 possibilita o ingresso exclusivo de estudantes que cursaram o Ensino M&eacute;dio em escolas p&uacute;blicas em 50% das vagas por curso e turno em todas as institui&ccedil;&otilde;es federais de ensino cadastradas no programa. Da totalidade (100%) das vagas, metade delas s&atilde;o destinadas a estudantes com renda familiar mensal de at&eacute; 1,0 (anteriormente o valor era de 1,5) sal&aacute;rio m&iacute;nimo.<\/p><p>H&aacute; tamb&eacute;m a propor&ccedil;&atilde;o de autodeclarados pretos, pardos e ind&iacute;genas de acordo com a composi&ccedil;&atilde;o &eacute;tnica do Estado federativo da institui&ccedil;&atilde;o de acordo com o &uacute;ltimo Censo do Instituto Brasileiro de Geografia e Estat&iacute;stica (IBGE), que &eacute;, portanto, um n&uacute;mero que varia de acordo com o Estado.<\/p><p>Por conta disso, &eacute; necess&aacute;rio estar atento aos tr&acirc;mites de comprova&ccedil;&atilde;o exigidos pelas institui&ccedil;&otilde;es em cada uma das modalidades escolhidas. O candidato precisa conferir, geralmente no site da universidade, prazos e solicita&ccedil;&otilde;es.<\/p><ul class=\"wp-block-list\">\n<li><a href=\"https:\/\/vestibulares.estrategia.com\/portal\/enem-e-vestibulares\/vestibulares\/lei-de-cotas-o-que-muda-com-a-atualizacao\/\">Lei de Cotas: o que muda com a atualiza&ccedil;&atilde;o?<\/a><\/li>\n<\/ul><h2 class=\"wp-block-heading\" id=\"h-resultado-e-abertura-das-inscricoes-do-sisu\"><span class=\"ez-toc-section\" id=\"Resultado-e-abertura-das-inscricoes-do-Sisu\"><\/span>Resultado e abertura das inscri&ccedil;&otilde;es do Sisu<span class=\"ez-toc-section-end\"><\/span><\/h2><p>O per&iacute;odo de inscri&ccedil;&otilde;es do Sisu acontece no m&ecirc;s de janeiro e a divulga&ccedil;&atilde;o dos resultados do programa acontece na semana seguinte &agrave;s inscri&ccedil;&otilde;es. Confira o edital do programa no Portal do EV.<\/p><h2 class=\"wp-block-heading\" id=\"h-acoes-afirmativas-ufdpar\"><span class=\"ez-toc-section\" id=\"Acoes-afirmativas-UFDPar\"><\/span>A&ccedil;&otilde;es afirmativas UFDPar<span class=\"ez-toc-section-end\"><\/span><\/h2><p>A UFDPar participa e segue a Lei de cotas (n&ordm; 12.711), em s&atilde;o destinadas 50% das vagas a candidatos que cursaram de forma integral o Ensino M&eacute;dio em sistemas p&uacute;blicos de ensino. Dessas vagas, 50% s&atilde;o destinadas a candidatos com renda familiar bruta per capita igual ou inferior a 1,0 sal&aacute;rio m&iacute;nimo nacional vigente e os outros 50% das vagas s&atilde;o destinadas para quem tem renda familiar superior a esse n&uacute;mero.<\/p><p>Ap&oacute;s a divis&atilde;o, o percentual de 77,30% das vagas de ambos os grupos &eacute; destinado aos autodeclarados pretos, pardos e ind&iacute;genas. H&aacute; tamb&eacute;m a distribui&ccedil;&atilde;o de 10,28% e 0,97% das vagas &agrave;s pessoas com defici&ecirc;ncia e quilombolas, respectivamente. Os valores correspondem &agrave; soma dessas popula&ccedil;&otilde;es no Estado do Piau&iacute;, segundo o censo demogr&aacute;fico de 2010, feito pelo Instituto Brasileiro de Geografia e Estat&iacute;stica (IBGE).<\/p><p>Para auxiliar alunos em situa&ccedil;&atilde;o de vulnerabilidade socioecon&ocirc;mica, a UFDPar conta com uma s&eacute;rie de aux&iacute;lios e bolsas, que ser&atilde;o descritas mais abaixo no artigo, dentre eles: aux&iacute;lio perman&ecirc;ncia estudantil, aux&iacute;lio moradia e aux&iacute;lio inclus&atilde;o.<\/p><h2 class=\"wp-block-heading\" id=\"h-como-e-o-enem\"><span class=\"ez-toc-section\" id=\"Como-e-o-Enem\"><\/span>Como &eacute; o Enem?<span class=\"ez-toc-section-end\"><\/span><\/h2><p>O Enem atual tem uma &uacute;nica etapa, dividida em dois domingos seguidos. A UFDPar n&atilde;o conta com Prova de Habilidades Espec&iacute;ficas em seus cursos de gradua&ccedil;&atilde;o.<\/p><h2 class=\"wp-block-heading\" id=\"h-locais-de-prova\"><span class=\"ez-toc-section\" id=\"Locais-de-prova\"><\/span>Locais de prova<span class=\"ez-toc-section-end\"><\/span><\/h2><p>O local de prova do Enem &eacute; disponibilizado a pouco menos de um m&ecirc;s para o dia da prova, no m&ecirc;s de outubro. Veja como acessar:<\/p><ul class=\"wp-block-list\">\n<li>Acesse a <a href=\"https:\/\/enem.inep.gov.br\/participante\/#!\/\" target=\"_blank\" rel=\"noopener noreferrer\">P&aacute;gina do Participante do Enem<\/a>;<\/li>\n\n\n\n<li>Clique em &ldquo;P&aacute;gina do Participante &ndash; Acessar com Gov.Br&rdquo;;<\/li>\n\n\n\n<li>Fa&ccedil;a o seu login com a sua conta do Gov.Br, o site de acesso &uacute;nico do governo federal;<\/li>\n\n\n\n<li>Clique em &ldquo;Local de prova&rdquo;; e<\/li>\n\n\n\n<li>Com isso, um personagem interativo da P&aacute;gina do Participante lhe enviar&aacute; um bot&atilde;o escrito &ldquo;Local de Prova&rdquo;, clique nele e tenha acesso ao Cart&atilde;o de Confirma&ccedil;&atilde;o com os seus dados pessoais e o local em que voc&ecirc; far&aacute; o Enem.<\/li>\n<\/ul><p>Ao observar o cart&atilde;o de confirma&ccedil;&atilde;o &mdash; documento disponibilizado pelo Inep &mdash; o candidato encontra informa&ccedil;&otilde;es como o n&uacute;mero de inscri&ccedil;&atilde;o, local de prova (sala, endere&ccedil;o e n&uacute;mero da carteira), hor&aacute;rios da prova, atendimentos espec&iacute;ficos, se algum for solicitado e escolha de l&iacute;ngua estrangeira.<\/p><p>N&atilde;o &eacute; obrigat&oacute;rio levar o cart&atilde;o de confirma&ccedil;&atilde;o nos dias de prova, entretanto, o documento traz as informa&ccedil;&otilde;es citadas acima de forma r&aacute;pida para consulta dos candidatos. N&atilde;o &eacute; poss&iacute;vel mudar nenhuma informa&ccedil;&atilde;o cadastral depois de realizar a inscri&ccedil;&atilde;o.<\/p><h2 class=\"wp-block-heading\" id=\"h-o-que-levar-no-dia-da-prova\"><span class=\"ez-toc-section\" id=\"O-que-levar-no-dia-da-prova\"><\/span>O que levar no dia da prova?<span class=\"ez-toc-section-end\"><\/span><\/h2><p>De acordo com o edital do Enem, os candidatos devem portar os seguintes itens obrigatoriamente:<\/p><ul class=\"wp-block-list\">\n<li>Caneta esferogr&aacute;fica de tinta preta, em material transparente (obrigat&oacute;rio);<\/li>\n\n\n\n<li>Documento de identifica&ccedil;&atilde;o com foto (obrigat&oacute;rio); e<\/li>\n\n\n\n<li>Declara&ccedil;&atilde;o de Comparecimento impressa (apenas para quem precisa comprovar a presen&ccedil;a no local de prova).<\/li>\n<\/ul><h2 class=\"wp-block-heading\" id=\"h-como-funciona-a-prova-do-enem\"><span class=\"ez-toc-section\" id=\"Como-funciona-a-prova-do-Enem\"><\/span>Como funciona a prova do Enem?<span class=\"ez-toc-section-end\"><\/span><\/h2><p>O atual modelo de prova do Enem cont&eacute;m 180 quest&otilde;es, divididas entre dois domingos consecutivos de aplica&ccedil;&atilde;o. Com dura&ccedil;&atilde;o de 5 horas e 30 minutos, os candidatos respondem &agrave; prova do primeiro dia entre 13h30 e 19h00. J&aacute; no segundo domingo, a prova tem dura&ccedil;&atilde;o de 5 horas, ou seja, pode ser respondida das 13h30 &agrave;s 18h30.<\/p><p>No primeiro dia, &eacute; aplicada a prova de Linguagens, C&oacute;digos e suas Tecnologias, Reda&ccedil;&atilde;o; e Ci&ecirc;ncias Humanas e suas Tecnologias. J&aacute; no segundo dia, a prova &eacute; composta de quest&otilde;es que cobram dos candidatos conhecimentos em Ci&ecirc;ncias da Natureza e suas Tecnologias; e Matem&aacute;tica e suas Tecnologias.&nbsp;<\/p><h2 class=\"wp-block-heading\" id=\"h-como-calcular-a-nota-do-enem\"><span class=\"ez-toc-section\" id=\"Como-calcular-a-nota-do-Enem\"><\/span>Como calcular a nota do Enem?<span class=\"ez-toc-section-end\"><\/span><\/h2><p>O Enem utiliza um modelo de corre&ccedil;&atilde;o chamado&nbsp; &ldquo;Teoria de Resposta ao Item (TRI)&rdquo;. A nota do exame &eacute; fruto de um c&aacute;lculo mais complexo que muitos vestibulares, j&aacute; que ele n&atilde;o leva em conta apenas a quantidade de erros e acertos.&nbsp;<\/p><p>Cada &aacute;rea de conhecimento avaliada sob a &oacute;tica do TRI tem uma m&eacute;dia obtida atrelada &agrave; dificuldade das quest&otilde;es e da quantidade de quest&otilde;es acertadas pelo candidato. Para saber mais, acesse nosso artigo sobre o assunto: &ldquo;<a href=\"https:\/\/vestibulares.estrategia.com\/portal\/enem-e-vestibulares\/enem\/nota-enem-tri\/\">TRI: Como funciona a nota no Enem?<\/a>&rdquo;.&nbsp;<\/p><h2 class=\"wp-block-heading\" id=\"h-como-funciona-a-redacao-do-enem\"><span class=\"ez-toc-section\" id=\"Como-funciona-a-redacao-do-Enem\"><\/span>Como funciona a reda&ccedil;&atilde;o do Enem<span class=\"ez-toc-section-end\"><\/span><\/h2><p>A reda&ccedil;&atilde;o do Enem deve ser feita em at&eacute; 30 linhas, escrita &agrave; m&atilde;o, sobre o tema proposto no ano e, como apoio, o exame disponibiliza textos base com informa&ccedil;&otilde;es, dados e reflex&otilde;es sobre o assunto.<\/p><p>O g&ecirc;nero exigido no Enem &eacute; o dissertativo-argumentativo, e o tema gira em torno de quest&otilde;es sociais, pol&iacute;ticas, culturais ou cient&iacute;ficas relevantes e sobre o ponto de vista do Brasil.&nbsp;<\/p><h2 class=\"wp-block-heading\" id=\"h-como-a-redacao-e-avaliada-pela-banca\"><span class=\"ez-toc-section\" id=\"Como-a-redacao-e-avaliada-pela-banca\"><\/span>Como a reda&ccedil;&atilde;o &eacute; avaliada pela banca?<span class=\"ez-toc-section-end\"><\/span><\/h2><p>A avalia&ccedil;&atilde;o da banca do Enem nas reda&ccedil;&otilde;es leva em conta cinco compet&ecirc;ncias, para facilitar a padroniza&ccedil;&atilde;o das notas para todos os concorrentes. <a href=\"https:\/\/vestibulares.estrategia.com\/portal\/materias\/redacao\/competencias-redacao-enem\/\">Veja quais s&atilde;o as compet&ecirc;ncias<\/a>:&nbsp;<\/p><ul class=\"wp-block-list\">\n<li>Dom&iacute;nio da escrita formal da L&iacute;ngua Portuguesa;<\/li>\n\n\n\n<li>Compreens&atilde;o do tema e adequa&ccedil;&atilde;o &agrave; proposta;<\/li>\n\n\n\n<li>Organiza&ccedil;&atilde;o das ideias;<\/li>\n\n\n\n<li>Coes&atilde;o e coer&ecirc;ncia; e<\/li>\n\n\n\n<li>Proposta de interven&ccedil;&atilde;o.<\/li>\n<\/ul><h2 class=\"wp-block-heading\" id=\"h-veja-os-ultimos-temas-de-redacao-do-enem\"><span class=\"ez-toc-section\" id=\"Veja-os-ultimos-temas-de-redacao-do-Enem\"><\/span>Veja os &uacute;ltimos temas de reda&ccedil;&atilde;o do Enem<span class=\"ez-toc-section-end\"><\/span><\/h2><ul class=\"wp-block-list\">\n<li><a href=\"https:\/\/vestibulares.estrategia.com\/portal\/noticias\/tema-redacao-enem-2025\/\" target=\"_blank\">Reda&ccedil;&atilde;o Enem 2025<\/a>&nbsp;&ndash; Perspectivas acerca do envelhecimento na sociedade brasileira<\/li>\n\n\n\n<li><a href=\"https:\/\/vestibulares.estrategia.com\/portal\/noticias\/tema-de-redacao-enem-2024-desafios-para-a-valorizacao-da-heranca-africana-no-brasil\/\" target=\"_blank\">Reda&ccedil;&atilde;o Enem 2024<\/a>&nbsp;&ndash; Desafios da valoriza&ccedil;&atilde;o da heran&ccedil;a africana no Brasil<\/li>\n\n\n\n<li><a href=\"https:\/\/vestibulares.estrategia.com\/portal\/noticias\/tema-de-redacao-enem-2023\/\" target=\"_blank\">Reda&ccedil;&atilde;o Enem 2023<\/a>&nbsp;&ndash; Invisibilidade do trabalho de cuidados realizados pela mulher no Brasil<\/li>\n\n\n\n<li><a href=\"https:\/\/vestibulares.estrategia.com\/portal\/enem-e-vestibulares\/enem\/tema-de-redacao-enem-2022\/\" target=\"_blank\">Reda&ccedil;&atilde;o Enem 2022<\/a>&nbsp;&ndash; &ldquo;Desafios para a valoriza&ccedil;&atilde;o de comunidades e povos tradicionais no Brasil&rdquo;<\/li>\n\n\n\n<li><a href=\"https:\/\/vestibulares.estrategia.com\/portal\/enem-e-vestibulares\/enem\/tema-de-redacao-enem-2021\/\">Reda&ccedil;&atilde;o Enem 2021<\/a> &ndash; Invisibilidade e registro civil: garantia de acesso &agrave; cidadania no Brasil<\/li>\n\n\n\n<li>Reda&ccedil;&atilde;o Enem Impresso 2020 &ndash; O estigma associado &agrave;s doen&ccedil;as mentais na sociedade brasileira<\/li>\n\n\n\n<li><a href=\"https:\/\/vestibulares.estrategia.com\/portal\/redacao\/enem-2019-democratizacao-do-acesso-ao-cinema-no-brasil\/\">Reda&ccedil;&atilde;o Enem 2019<\/a> &ndash; Democratiza&ccedil;&atilde;o do acesso ao cinema no Brasil<\/li>\n\n\n\n<li><a href=\"https:\/\/vestibulares.estrategia.com\/portal\/redacao\/redacao-enem-2018\/\">Reda&ccedil;&atilde;o Enem 2018<\/a> &ndash; Manipula&ccedil;&atilde;o do comportamento do usu&aacute;rio pelo controle de dados na internet<\/li>\n\n\n\n<li>Reda&ccedil;&atilde;o Enem 2017 &ndash; Desafios para forma&ccedil;&atilde;o educacional de surdos no Brasil<\/li>\n\n\n\n<li>Reda&ccedil;&atilde;o Enem 2016 &ndash; Caminhos para combater a intoler&acirc;ncia religiosa no Brasil<\/li>\n\n\n\n<li>Reda&ccedil;&atilde;o Enem 2015 &ndash; A Persist&ecirc;ncia da Viol&ecirc;ncia contra a Mulher na Sociedade Brasileira<\/li>\n\n\n\n<li>Reda&ccedil;&atilde;o Enem 2014 &ndash; Publicidade infantil em quest&atilde;o no Brasil<\/li>\n\n\n\n<li>Reda&ccedil;&atilde;o Enem 2013 &ndash; Os efeitos da implanta&ccedil;&atilde;o da Lei Seca no Brasil<\/li>\n\n\n\n<li>Reda&ccedil;&atilde;o Enem 2012 &ndash; O movimento imigrat&oacute;rio para o Brasil no s&eacute;culo XXI<\/li>\n\n\n\n<li>Reda&ccedil;&atilde;o Enem 2011 &ndash; Viver em rede no s&eacute;culo XXI: os limites entre o p&uacute;blico e o privado<\/li>\n<\/ul><h2 class=\"wp-block-heading\" id=\"h-matriz-de-referencia-enem\"><span class=\"ez-toc-section\" id=\"Matriz-de-Referencia-Enem\"><\/span>Matriz de Refer&ecirc;ncia Enem<span class=\"ez-toc-section-end\"><\/span><\/h2><p>A Matriz de Refer&ecirc;ncia do Enem &eacute; o que outros vestibulares chamam de Conte&uacute;do Program&aacute;tico, que &eacute; referente aos conte&uacute;dos que podem cair na prova de todas as mat&eacute;rias, no caso do Enem, chamados de eixos e compet&ecirc;ncias.<\/p><p>Os eixos cognitivos s&atilde;o referentes a todas as &aacute;reas do conhecimento, e inclui cinco pontos: dominar linguagens, compreender fen&ocirc;menos, enfrentar situa&ccedil;&otilde;es-problema, construir argumenta&ccedil;&atilde;o e elaborar propostas. Veja abaixo as descri&ccedil;&otilde;es de cada uma:<\/p><ul class=\"wp-block-list\">\n<li>Dominar linguagens (DL): dominar a norma culta da L&iacute;ngua Portuguesa e fazer uso das linguagens matem&aacute;tica, art&iacute;stica e cient&iacute;fica e das l&iacute;nguas espanhola e inglesa;<\/li>\n\n\n\n<li>Compreender fen&ocirc;menos (CF): construir e aplicar conceitos das v&aacute;rias &aacute;reas do conhecimento para a compreens&atilde;o de fen&ocirc;menos naturais, de processos hist&oacute;rico-geogr&aacute;ficos, da produ&ccedil;&atilde;o tecnol&oacute;gica e das manifesta&ccedil;&otilde;es art&iacute;sticas;<\/li>\n\n\n\n<li>Enfrentar situa&ccedil;&otilde;es-problema (SP): selecionar, organizar, relacionar, interpretar dados e informa&ccedil;&otilde;es representados de diferentes formas, para tomar decis&otilde;es e enfrentar situa&ccedil;&otilde;es-problema;<\/li>\n\n\n\n<li>Construir argumenta&ccedil;&atilde;o (CA): relacionar informa&ccedil;&otilde;es, representadas em diferentes formas, e conhecimentos dispon&iacute;veis em situa&ccedil;&otilde;es concretas, para construir argumenta&ccedil;&atilde;o consistente;<\/li>\n\n\n\n<li>Elaborar propostas (EP): recorrer aos conhecimentos desenvolvidos na escola para elabora&ccedil;&atilde;o de propostas de interven&ccedil;&atilde;o solid&aacute;ria na realidade, respeitando os valores humanos e considerando a diversidade sociocultural.<\/li>\n<\/ul><p>Confira a <a rel=\"nofollow noopener noreferrer\" href=\"https:\/\/cdn.blog.estrategiavestibulares.com.br\/vestibulares\/wp-content\/uploads\/2020\/11\/matriz_referencia.pdf\" target=\"_blank\">Matriz de Refer&ecirc;ncia do Enem<\/a><\/p><h2 class=\"wp-block-heading\" id=\"h-provas-de-habilidades-especificas-ufdpar\"><span class=\"ez-toc-section\" id=\"Provas-de-Habilidades-Especificas-UFDPar\"><\/span>Provas de Habilidades Espec&iacute;ficas UFDPar<span class=\"ez-toc-section-end\"><\/span><\/h2><p>N&atilde;o h&aacute; provas de habilidades espec&iacute;ficas nos processos seletivos da UFDPar.<\/p><h2 class=\"wp-block-heading\" id=\"h-como-se-matricular-na-ufdpar\"><span class=\"ez-toc-section\" id=\"Como-se-matricular-na-UFDPar\"><\/span>Como se matricular na UFDPar<span class=\"ez-toc-section-end\"><\/span><\/h2><p>A matr&iacute;cula &eacute; feita on-line e exige um pr&eacute;-cadastro no <a href=\"https:\/\/ufdpar.edu.br\/ufdpar\/noticias-1\/sisu-2024-ufdpar-informacoes-sobre-a-matricula-curricular-dos-candidatos-convocados-na-chamada-regular-do-sisu-2024\" target=\"_blank\" rel=\"noopener noreferrer\">site da institui&ccedil;&atilde;o<\/a>, para preenchimento dos dados pessoais do aluno com sua documenta&ccedil;&atilde;o.&nbsp;<\/p><h2 class=\"wp-block-heading\" id=\"h-notas-de-corte-ufdpar\"><span class=\"ez-toc-section\" id=\"Notas-de-corte-UFDPar\"><\/span>Notas de corte UFDPar<span class=\"ez-toc-section-end\"><\/span><\/h2><p>Confira as notas de corte dos 15 cursos da UFDPar no Sisu 2025:<\/p><figure class=\"wp-block-table is-style-stripes\"><table><thead><tr><th>Curso<\/th><th class=\"has-text-align-center\" data-align=\"center\">Cidade<\/th><th class=\"has-text-align-center\" data-align=\"center\">Turno<\/th><th class=\"has-text-align-center\" data-align=\"center\">Nota de corte<\/th><\/tr><\/thead><tbody><tr><td>MEDICINA<\/td><td class=\"has-text-align-center\" data-align=\"center\">Parna&iacute;ba<\/td><td class=\"has-text-align-center\" data-align=\"center\">Integral<\/td><td class=\"has-text-align-center\" data-align=\"center\">785,84<\/td><\/tr><tr><td>BIOMEDICINA<\/td><td class=\"has-text-align-center\" data-align=\"center\">Parna&iacute;ba<\/td><td class=\"has-text-align-center\" data-align=\"center\">Integral<\/td><td class=\"has-text-align-center\" data-align=\"center\">679,37<\/td><\/tr><tr><td>PSICOLOGIA<\/td><td class=\"has-text-align-center\" data-align=\"center\">Parna&iacute;ba<\/td><td class=\"has-text-align-center\" data-align=\"center\">Integral<\/td><td class=\"has-text-align-center\" data-align=\"center\">678,18<\/td><\/tr><tr><td>FISIOTERAPIA<\/td><td class=\"has-text-align-center\" data-align=\"center\">Parna&iacute;ba<\/td><td class=\"has-text-align-center\" data-align=\"center\">Integral<\/td><td class=\"has-text-align-center\" data-align=\"center\">658,72<\/td><\/tr><tr><td>ADMINISTRA&Ccedil;&Atilde;O<\/td><td class=\"has-text-align-center\" data-align=\"center\">Parna&iacute;ba<\/td><td class=\"has-text-align-center\" data-align=\"center\">Integral<\/td><td class=\"has-text-align-center\" data-align=\"center\">637,74<\/td><\/tr><tr><td>CI&Ecirc;NCIAS CONT&Aacute;BEIS<\/td><td class=\"has-text-align-center\" data-align=\"center\">Parna&iacute;ba<\/td><td class=\"has-text-align-center\" data-align=\"center\">Integral<\/td><td class=\"has-text-align-center\" data-align=\"center\">628,72<\/td><\/tr><tr><td>MATEM&Aacute;TICA<\/td><td class=\"has-text-align-center\" data-align=\"center\">Parna&iacute;ba<\/td><td class=\"has-text-align-center\" data-align=\"center\">Integral<\/td><td class=\"has-text-align-center\" data-align=\"center\">619,42<\/td><\/tr><tr><td>CI&Ecirc;NCIAS BIOL&Oacute;GICAS<\/td><td class=\"has-text-align-center\" data-align=\"center\">Parna&iacute;ba<\/td><td class=\"has-text-align-center\" data-align=\"center\">Noturno<\/td><td class=\"has-text-align-center\" data-align=\"center\">617,37<\/td><\/tr><tr><td>MATEM&Aacute;TICA<\/td><td class=\"has-text-align-center\" data-align=\"center\">Parna&iacute;ba<\/td><td class=\"has-text-align-center\" data-align=\"center\">Noturno<\/td><td class=\"has-text-align-center\" data-align=\"center\">615,42<\/td><\/tr><tr><td>PEDAGOGIA<\/td><td class=\"has-text-align-center\" data-align=\"center\">Parna&iacute;ba<\/td><td class=\"has-text-align-center\" data-align=\"center\">Integral<\/td><td class=\"has-text-align-center\" data-align=\"center\">615,11<\/td><\/tr><tr><td>CI&Ecirc;NCIAS BIOL&Oacute;GICAS<\/td><td class=\"has-text-align-center\" data-align=\"center\">Parna&iacute;ba<\/td><td class=\"has-text-align-center\" data-align=\"center\">Integral<\/td><td class=\"has-text-align-center\" data-align=\"center\">608,22<\/td><\/tr><tr><td>CI&Ecirc;NCIAS ECON&Ocirc;MICAS<\/td><td class=\"has-text-align-center\" data-align=\"center\">Parna&iacute;ba<\/td><td class=\"has-text-align-center\" data-align=\"center\">Integral<\/td><td class=\"has-text-align-center\" data-align=\"center\">601,35<\/td><\/tr><tr><td>TURISMO<\/td><td class=\"has-text-align-center\" data-align=\"center\">Parna&iacute;ba<\/td><td class=\"has-text-align-center\" data-align=\"center\">Noturno<\/td><td class=\"has-text-align-center\" data-align=\"center\">560,97<\/td><\/tr><tr><td>TURISMO<\/td><td class=\"has-text-align-center\" data-align=\"center\">Parna&iacute;ba<\/td><td class=\"has-text-align-center\" data-align=\"center\">Integral<\/td><td class=\"has-text-align-center\" data-align=\"center\">545,59<\/td><\/tr><tr><td>ENGENHARIA DE PESCA<\/td><td class=\"has-text-align-center\" data-align=\"center\">Parna&iacute;ba<\/td><td class=\"has-text-align-center\" data-align=\"center\">Integral<\/td><td class=\"has-text-align-center\" data-align=\"center\">545,53<\/td><\/tr><\/tbody><\/table><\/figure><h2 class=\"wp-block-heading\" id=\"h-cursos-ufdpar\"><span class=\"ez-toc-section\" id=\"Cursos-UFDPar\"><\/span>Cursos UFDPar<span class=\"ez-toc-section-end\"><\/span><\/h2><p>A UFDPar possui 12 cursos de gradua&ccedil;&atilde;o, listados tamb&eacute;m no t&oacute;pico acima. Confira quais s&atilde;o:<\/p><ul class=\"wp-block-list\">\n<li>Administra&ccedil;&atilde;o;<\/li>\n\n\n\n<li>Biomedicina;<\/li>\n\n\n\n<li>Ci&ecirc;ncias Biol&oacute;gicas;<\/li>\n\n\n\n<li>Ci&ecirc;ncias Cont&aacute;beis;<\/li>\n\n\n\n<li>Ci&ecirc;ncias Econ&ocirc;micas;<\/li>\n\n\n\n<li>Engenharia de Pesca;<\/li>\n\n\n\n<li>Fisioterapia;<\/li>\n\n\n\n<li>Matem&aacute;tica;<\/li>\n\n\n\n<li>Medicina;<\/li>\n\n\n\n<li>Pedagogia;<\/li>\n\n\n\n<li>Psicologia; e<\/li>\n\n\n\n<li>Turismo.<\/li>\n<\/ul><h2 class=\"wp-block-heading\" id=\"h-campi-e-estruturas-da-ufdpar\"><span class=\"ez-toc-section\" id=\"Campi-e-estruturas-da-UFDPar\"><\/span>Campi e estruturas da UFDPar<span class=\"ez-toc-section-end\"><\/span><\/h2><p>A UFDPar possui um campus, chamado Campus Ministro Reis Velloso, e mais quatro instala&ccedil;&otilde;es espalhadas pela cidade de Parna&iacute;ba. O campus principal possui os departamentos e instala&ccedil;&otilde;es administrativas, al&eacute;m de quadra de esportes, biblioteca, laborat&oacute;rios, restaurante universit&aacute;rio e salas de aula. H&aacute; a previs&atilde;o de novas instala&ccedil;&otilde;es, como um pr&eacute;dio para o curso de Medicina.<\/p><p>Al&eacute;m do campus, a UFDPar conta tamb&eacute;m com uma esta&ccedil;&atilde;o de piscicultura e aquicultura, cl&iacute;nica escola de Biomedicina, Laborat&oacute;rio P&uacute;blico de An&aacute;lises Cl&iacute;nicas, e Centro Integrado de Especialidades M&eacute;dicas.<\/p><div class=\"wp-block-buttons is-content-justification-center is-layout-flex wp-container-core-buttons-is-layout-2 wp-block-buttons-is-layout-flex\">\n<div class=\"wp-block-button\"><a class=\"wp-block-button__link wp-element-button\" href=\"https:\/\/vestibulares.estrategia.com\/cursos\/mentorias\/?id=d908fa13-51be-4ec5-8662-1985d480832b\" target=\"_blank\" rel=\"noopener noreferrer\">Mentorias Estrat&eacute;gia Vestibulares<\/a><\/div>\n<\/div><h2 class=\"wp-block-heading\" id=\"h-oportunidades-da-ufdpar\"><span class=\"ez-toc-section\" id=\"Oportunidades-da-UFDPar\"><\/span>Oportunidades da UFDPar<span class=\"ez-toc-section-end\"><\/span><\/h2><p>A UFDPar possui, al&eacute;m das instala&ccedil;&otilde;es citadas acima, um Herb&aacute;rio e o Servi&ccedil;o Escola de Fisioterapia, que fica localizado no pr&oacute;prio campus, al&eacute;m da TV UFDPar. Atualmente s&atilde;o dez cursos de p&oacute;s-gradua&ccedil;&atilde;o Lato e Stricto Sensu.<\/p><h2 class=\"wp-block-heading\" id=\"h-auxilios-e-permanencia-estudantil\"><span class=\"ez-toc-section\" id=\"Auxilios-e-permanencia-estudantil\"><\/span>Aux&iacute;lios e perman&ecirc;ncia estudantil<span class=\"ez-toc-section-end\"><\/span><\/h2><p>A Pr&oacute;-Reitoria de Assuntos Estudantis (PRAE) &eacute; respons&aacute;vel pelos aux&iacute;lios e servi&ccedil;os oferecidos &agrave; comunidade de alunos da UFDPar. Por meio dela, s&atilde;o oferecidos servi&ccedil;o m&eacute;dico, pedag&oacute;gico, de psicologia, social e odontol&oacute;gico, restaurante universit&aacute;rio e o N&uacute;cleo de Inclus&atilde;o e Acessibilidade (NIA). Confira os aux&iacute;lios abaixo:<\/p><ul class=\"wp-block-list\">\n<li><strong>Aux&iacute;lio Mobilidade Estudantil:<\/strong> apoio para deslocamento de alunos em situa&ccedil;&atilde;o de vulnerabilidade socioecon&ocirc;mica em &acirc;mbito &acirc;mbito intermunicipal, estadual, nacional e\/ou internacional para uma s&eacute;rie de demandas estudantis;<\/li>\n\n\n\n<li><strong>Aux&iacute;lio Creche: <\/strong>destinado ao discente, pai ou m&atilde;e de crian&ccedil;a de at&eacute; tr&ecirc;s anos e onze meses de idade, em situa&ccedil;&atilde;o de vulnerabilidade socioecon&ocirc;mica, que n&atilde;o possui apoio familiar para o cuidado do(a) filho(a) durante o hor&aacute;rio de aula, com objetivo de minimizar situa&ccedil;&otilde;es de reten&ccedil;&atilde;o e evas&atilde;o;<\/li>\n\n\n\n<li><strong>Aux&iacute;lio Emergencial: <\/strong>concedido pelo per&iacute;odo de 03 (tr&ecirc;s) meses, em car&aacute;ter emergencial, ao discente em situa&ccedil;&atilde;o de extrema vulnerabilidade socioecon&ocirc;mica e\/ou na presen&ccedil;a de agravantes sociais;<\/li>\n\n\n\n<li><strong>Aux&iacute;lio Inclus&atilde;o:<\/strong> destinado ao discente regularmente matriculado na UFDPar que presta aux&iacute;lio acad&ecirc;mico a outro discente que seja p&uacute;blico-alvo da Educa&ccedil;&atilde;o Especial (PAEE), desta IES e que tenha necessidades educacionais especiais;<\/li>\n\n\n\n<li><strong>Aux&iacute;lio Perman&ecirc;ncia Estudantil I e II:<\/strong> benef&iacute;cios destinados a discentes em situa&ccedil;&atilde;o de vulnerabilidade socioecon&ocirc;mica que <strong>I<\/strong> &ndash; n&atilde;o possuem respons&aacute;vel financeiro na cidade de Parna&iacute;ba, e <strong>II <\/strong>&ndash; que reside com seu n&uacute;cleo familiar, mas devido a situa&ccedil;&atilde;o de vulnerabilidade socioecon&ocirc;mica n&atilde;o tem condi&ccedil;&otilde;es de atender &agrave;s suas necessidades b&aacute;sicas;<\/li>\n\n\n\n<li><strong>Aux&iacute;lio Moradia: <\/strong>destinado a discentes em situa&ccedil;&atilde;o de vulnerabilidade socioecon&ocirc;mica, oriundos de outros munic&iacute;pios e\/ou Estados da Federa&ccedil;&atilde;o que n&atilde;o possuam familiares diretos ou respons&aacute;veis legais residentes em Parna&iacute;ba e munic&iacute;pios vizinhos com menos de cinquenta quil&ocirc;metros de dist&acirc;ncia do campus para auxiliar nos gastos com aluguel;<\/li>\n\n\n\n<li><strong>Aux&iacute;lio Tecnologia Assistiva:<\/strong> destinado ao discente com defici&ecirc;ncia para auxiliar na aquisi&ccedil;&atilde;o de produtos, dispositivos, equipamentos e\/ou recursos materiais necess&aacute;rios &agrave; garantia da inclus&atilde;o e acessibilidade nas atividades acad&ecirc;micas; e<strong>&nbsp;<\/strong><\/li>\n\n\n\n<li><strong>Aux&iacute;lio Resid&ecirc;ncia: <\/strong>destinado aos discentes em situa&ccedil;&atilde;o de vulnerabilidade socioecon&ocirc;mica, oriundos de outros munic&iacute;pios e\/ou Estados da Federa&ccedil;&atilde;o, que migraram da Resid&ecirc;ncia Universit&aacute;ria (REU).<\/li>\n<\/ul><h2 class=\"wp-block-heading\" id=\"h-baixe-gratis-o-e-book-sobre-permanencia-estudantil\"><span class=\"ez-toc-section\" id=\"Baixe-gratis-o-e-book-sobre-permanencia-estudantil\"><\/span>Baixe gr&aacute;tis o e-book sobre perman&ecirc;ncia estudantil<span class=\"ez-toc-section-end\"><\/span><\/h2><p>O e-book &ldquo;Passei na Federal! E agora?&rdquo; &eacute; um guia completo que re&uacute;ne todas as pol&iacute;ticas de perman&ecirc;ncia estudantil oferecidas por cada uma das universidades federais brasileiras. A equipe do Estrat&eacute;gia Vestibulares separou as informa&ccedil;&otilde;es por regi&atilde;o e voc&ecirc; ainda pode clicar para consultar a p&aacute;gina do &oacute;rg&atilde;o que cuida dos programas de perman&ecirc;ncia em cada institui&ccedil;&atilde;o.<\/p><p>Al&eacute;m disso, voc&ecirc; ter&aacute; breves explica&ccedil;&otilde;es sobre alguns tipos de assist&ecirc;ncia, como aux&iacute;lio transporte, aux&iacute;lio financeiro, aux&iacute;lio material did&aacute;tico, moradia e restaurante universit&aacute;rio e &eacute; poss&iacute;vel saber quais os requisitos s&atilde;o exigidos para ser um benefici&aacute;rio de uma pol&iacute;tica de perman&ecirc;ncia estudantil e como concorrer &agrave;s que est&atilde;o dispon&iacute;veis na universidade que voc&ecirc; deseja ingressar.<\/p><p>Clique no banner abaixo e fa&ccedil;a o download gratuito do e-book &ldquo;Passei na Federal! E agora?&rdquo;.<\/p><figure class=\"wp-block-image size-full\"><a href=\"https:\/\/gratis.estrategiaconcursos.com.br\/ev-ebook-passei-na-federal-2024\/\" target=\"_blank\"><img decoding=\"async\" src=\"https:\/\/vestibulares.estrategia.com\/portal\/wp-content\/uploads\/2024\/05\/BANNER_PORTAL_.jpg\" alt=\"\" class=\"wp-image-117446\"><\/a><\/figure><h2 class=\"wp-block-heading\" id=\"h-confira-os-cursos-enem-do-estrategia-vestibulares\"><span class=\"ez-toc-section\" id=\"Confira-os-cursos-Enem-do-Estrategia-Vestibulares\"><\/span>Confira os cursos Enem do Estrat&eacute;gia Vestibulares<span class=\"ez-toc-section-end\"><\/span><\/h2><p>Voc&ecirc; tem o sonho de estudar na Unilab? Se sim, o Estrat&eacute;gia Vestibulares pode te ajudar! Al&eacute;m de oferecer aulas di&aacute;rias gratuitas no Youtube sobre todos os temas que caem no Enem, a plataforma tamb&eacute;m oferece um curso preparat&oacute;rio exclusivo sobre o Enem 2024. Confira os benef&iacute;cios:<\/p><ul class=\"wp-block-list\">\n<li>Curso com livros digitais;<\/li>\n\n\n\n<li>Corre&ccedil;&atilde;o ilimitada de&nbsp;<a href=\"https:\/\/vestibulares.estrategia.com\/portal\/enem-e-vestibulares\/vestibulares\/curso-de-redacao-para-o-vestibular-saiba-mais-detalhes-e-como-escolher-o-seu\/\" target=\"_blank\">reda&ccedil;&otilde;es<\/a>;<\/li>\n\n\n\n<li>F&oacute;rum de d&uacute;vidas;<\/li>\n\n\n\n<li><a href=\"https:\/\/vestibulares.estrategia.com\/portal\/eventos\/simulados-vestibulares\/\" target=\"_blank\">Simulados<\/a>&nbsp;com quest&otilde;es in&eacute;ditas;<\/li>\n\n\n\n<li>Quest&otilde;es comentadas;<\/li>\n\n\n\n<li>Mapas mentais; e<\/li>\n\n\n\n<li>Entre muitas outras vantagens.<\/li>\n<\/ul><p>Ficou interessado, assine o curso preparat&oacute;rio para o Enem do Estrat&eacute;gia Vestibulares!<\/p><p>\n\n\n\n<a id=\"cta\" class=\"cta-imagem\" href=\"https:\/\/vestibulares.estrategia.com\/curso\/pacote-enem\/\" target=\"blank\">\n                <img decoding=\"async\" width=\"100%\" src=\"https:\/\/vestibulares.estrategia.com\/portal\/wp-content\/uploads\/2021\/12\/Enem.jpg\" alt=\"CTA curso Enem\" title=\"CTA curso Enem\">\n        <\/a>\n<\/p><\/p>\n","protected":false},"excerpt":{"rendered":"Saiba mais sobre a Universidade Federal do Delta do Parna\u00edba, sua estrutura e como fazer para ingressar na institui\u00e7\u00e3o pelo Sisu\n","protected":false},"author":43,"featured_media":70407,"comment_status":"closed","ping_status":"closed","sticky":false,"template":"","format":"standard","meta":{"wl_entities_gutenberg":"","footnotes":""},"categories":[816],"tags":[],"wl_entity_type":[732],"class_list":{"0":"post-126037","1":"post","2":"type-post","3":"status-publish","4":"format-standard","5":"has-post-thumbnail","7":"category-enem-e-vestibulares","8":"wl_entity_type-article"},"acf":[],"yoast_head":"<!-- This site is optimized with the Yoast SEO Premium plugin v25.9 (Yoast SEO v25.9) - https:\/\/yoast.com\/wordpress\/plugins\/seo\/ -->\n<title>UFDPar: Sisu, cursos, vagas, como ingressar e muito mais<\/title>\n<meta name=\"description\" content=\"Saiba mais sobre a Universidade Federal do Delta do Parna\u00edba, sua estrutura e como fazer para ingressar na institui\u00e7\u00e3o pelo Sisu.\" \/>\n<meta name=\"robots\" content=\"index, follow, max-snippet:-1, max-image-preview:large, max-video-preview:-1\" \/>\n<link rel=\"canonical\" href=\"https:\/\/vestibulares.estrategia.com\/portal\/enem-e-vestibulares\/ufdpar-sisu-cursos-vagas-como-ingressar-e-muito-mais\/\" \/>\n<meta property=\"og:locale\" content=\"pt_BR\" \/>\n<meta property=\"og:type\" content=\"article\" \/>\n<meta property=\"og:title\" content=\"UFDPar: Sisu, cursos, vagas, como ingressar e muito mais\" \/>\n<meta property=\"og:description\" content=\"Saiba mais sobre a Universidade Federal do Delta do Parna\u00edba, sua estrutura e como fazer para ingressar na institui\u00e7\u00e3o pelo Sisu.\" \/>\n<meta property=\"og:url\" content=\"https:\/\/vestibulares.estrategia.com\/portal\/enem-e-vestibulares\/ufdpar-sisu-cursos-vagas-como-ingressar-e-muito-mais\/\" \/>\n<meta property=\"og:site_name\" content=\"Estrat\u00e9gia Vestibulares\" \/>\n<meta property=\"article:publisher\" content=\"https:\/\/facebook.com\/estrategiavestibulares\" \/>\n<meta property=\"article:published_time\" content=\"2024-09-27T12:00:01+00:00\" \/>\n<meta property=\"article:modified_time\" content=\"2026-01-13T20:59:09+00:00\" \/>\n<meta property=\"og:image\" content=\"https:\/\/vestibulares.estrategia.com\/portal\/wp-content\/uploads\/2022\/06\/UFDPARCN2.jpg\" \/>\n\t<meta property=\"og:image:width\" content=\"1920\" \/>\n\t<meta property=\"og:image:height\" content=\"1080\" \/>\n\t<meta property=\"og:image:type\" content=\"image\/jpeg\" \/>\n<meta name=\"author\" content=\"Leonardo Del Sant\" \/>\n<meta name=\"twitter:card\" content=\"summary_large_image\" \/>\n<meta name=\"twitter:creator\" content=\"@Estrategiavest\" \/>\n<meta name=\"twitter:site\" content=\"@Estrategiavest\" \/>\n<meta name=\"twitter:label1\" content=\"Escrito por\" \/>\n\t<meta name=\"twitter:data1\" content=\"Leonardo Del Sant\" \/>\n\t<meta name=\"twitter:label2\" content=\"Est. tempo de leitura\" \/>\n\t<meta name=\"twitter:data2\" content=\"16 minutos\" \/>\n<script type=\"application\/ld+json\" class=\"yoast-schema-graph\">{\"@context\":\"https:\/\/schema.org\",\"@graph\":[{\"@type\":\"Article\",\"@id\":\"https:\/\/vestibulares.estrategia.com\/portal\/enem-e-vestibulares\/ufdpar-sisu-cursos-vagas-como-ingressar-e-muito-mais\/#article\",\"isPartOf\":{\"@id\":\"https:\/\/vestibulares.estrategia.com\/portal\/enem-e-vestibulares\/ufdpar-sisu-cursos-vagas-como-ingressar-e-muito-mais\/\"},\"author\":{\"name\":\"Leonardo Del Sant\",\"@id\":\"https:\/\/vestibulares.estrategia.com\/portal\/#\/schema\/person\/95532619fccae669187ec84703047908\"},\"headline\":\"UFDPar: Sisu, cursos, vagas, como ingressar e muito mais\",\"datePublished\":\"2024-09-27T12:00:01+00:00\",\"dateModified\":\"2026-01-13T20:59:09+00:00\",\"mainEntityOfPage\":{\"@id\":\"https:\/\/vestibulares.estrategia.com\/portal\/enem-e-vestibulares\/ufdpar-sisu-cursos-vagas-como-ingressar-e-muito-mais\/\"},\"wordCount\":3230,\"publisher\":{\"@id\":\"https:\/\/vestibulares.estrategia.com\/portal\/#organization\"},\"image\":{\"@id\":\"https:\/\/vestibulares.estrategia.com\/portal\/enem-e-vestibulares\/ufdpar-sisu-cursos-vagas-como-ingressar-e-muito-mais\/#primaryimage\"},\"thumbnailUrl\":\"https:\/\/vestibulares.estrategia.com\/portal\/wp-content\/uploads\/2022\/06\/UFDPARCN2.jpg\",\"articleSection\":[\"Enem e Vestibulares\"],\"inLanguage\":\"pt-BR\"},{\"@type\":\"WebPage\",\"@id\":\"https:\/\/vestibulares.estrategia.com\/portal\/enem-e-vestibulares\/ufdpar-sisu-cursos-vagas-como-ingressar-e-muito-mais\/\",\"url\":\"https:\/\/vestibulares.estrategia.com\/portal\/enem-e-vestibulares\/ufdpar-sisu-cursos-vagas-como-ingressar-e-muito-mais\/\",\"name\":\"UFDPar: Sisu, cursos, vagas, como ingressar e muito mais\",\"isPartOf\":{\"@id\":\"https:\/\/vestibulares.estrategia.com\/portal\/#website\"},\"primaryImageOfPage\":{\"@id\":\"https:\/\/vestibulares.estrategia.com\/portal\/enem-e-vestibulares\/ufdpar-sisu-cursos-vagas-como-ingressar-e-muito-mais\/#primaryimage\"},\"image\":{\"@id\":\"https:\/\/vestibulares.estrategia.com\/portal\/enem-e-vestibulares\/ufdpar-sisu-cursos-vagas-como-ingressar-e-muito-mais\/#primaryimage\"},\"thumbnailUrl\":\"https:\/\/vestibulares.estrategia.com\/portal\/wp-content\/uploads\/2022\/06\/UFDPARCN2.jpg\",\"datePublished\":\"2024-09-27T12:00:01+00:00\",\"dateModified\":\"2026-01-13T20:59:09+00:00\",\"description\":\"Saiba mais sobre a Universidade Federal do Delta do Parna\u00edba, sua estrutura e como fazer para ingressar na institui\u00e7\u00e3o pelo Sisu.\",\"breadcrumb\":{\"@id\":\"https:\/\/vestibulares.estrategia.com\/portal\/enem-e-vestibulares\/ufdpar-sisu-cursos-vagas-como-ingressar-e-muito-mais\/#breadcrumb\"},\"inLanguage\":\"pt-BR\",\"potentialAction\":[{\"@type\":\"ReadAction\",\"target\":[\"https:\/\/vestibulares.estrategia.com\/portal\/enem-e-vestibulares\/ufdpar-sisu-cursos-vagas-como-ingressar-e-muito-mais\/\"]}]},{\"@type\":\"ImageObject\",\"inLanguage\":\"pt-BR\",\"@id\":\"https:\/\/vestibulares.estrategia.com\/portal\/enem-e-vestibulares\/ufdpar-sisu-cursos-vagas-como-ingressar-e-muito-mais\/#primaryimage\",\"url\":\"https:\/\/vestibulares.estrategia.com\/portal\/wp-content\/uploads\/2022\/06\/UFDPARCN2.jpg\",\"contentUrl\":\"https:\/\/vestibulares.estrategia.com\/portal\/wp-content\/uploads\/2022\/06\/UFDPARCN2.jpg\",\"width\":1920,\"height\":1080,\"caption\":\"ufdpar-sisu-vestibular-enem\"},{\"@type\":\"BreadcrumbList\",\"@id\":\"https:\/\/vestibulares.estrategia.com\/portal\/enem-e-vestibulares\/ufdpar-sisu-cursos-vagas-como-ingressar-e-muito-mais\/#breadcrumb\",\"itemListElement\":[{\"@type\":\"ListItem\",\"position\":1,\"name\":\"Home\",\"item\":\"https:\/\/vestibulares.estrategia.com\/portal\/\"},{\"@type\":\"ListItem\",\"position\":2,\"name\":\"Enem e Vestibulares\",\"item\":\"https:\/\/vestibulares.estrategia.com\/portal\/enem-e-vestibulares\/\"},{\"@type\":\"ListItem\",\"position\":3,\"name\":\"UFDPar: Sisu, cursos, vagas, como ingressar e muito mais\"}]},{\"@type\":\"WebSite\",\"@id\":\"https:\/\/vestibulares.estrategia.com\/portal\/#website\",\"url\":\"https:\/\/vestibulares.estrategia.com\/portal\/\",\"name\":\"Estrat\u00e9gia Vestibulares\",\"description\":\"\",\"publisher\":{\"@id\":\"https:\/\/vestibulares.estrategia.com\/portal\/#organization\"},\"potentialAction\":[{\"@type\":\"SearchAction\",\"target\":{\"@type\":\"EntryPoint\",\"urlTemplate\":\"https:\/\/vestibulares.estrategia.com\/portal\/?s={search_term_string}\"},\"query-input\":{\"@type\":\"PropertyValueSpecification\",\"valueRequired\":true,\"valueName\":\"search_term_string\"}}],\"inLanguage\":\"pt-BR\"},{\"@type\":\"Organization\",\"@id\":\"https:\/\/vestibulares.estrategia.com\/portal\/#organization\",\"name\":\"Estrat\u00e9gia Vestibulares\",\"url\":\"https:\/\/vestibulares.estrategia.com\/portal\/\",\"logo\":{\"@type\":\"ImageObject\",\"inLanguage\":\"pt-BR\",\"@id\":\"https:\/\/vestibulares.estrategia.com\/portal\/#\/schema\/logo\/image\/\",\"url\":\"https:\/\/vestibulares.estrategia.com\/portal\/wp-content\/uploads\/2021\/06\/Logo-Vestibulares@4x.png\",\"contentUrl\":\"https:\/\/vestibulares.estrategia.com\/portal\/wp-content\/uploads\/2021\/06\/Logo-Vestibulares@4x.png\",\"width\":250,\"height\":66,\"caption\":\"Estrat\u00e9gia Vestibulares\"},\"image\":{\"@id\":\"https:\/\/vestibulares.estrategia.com\/portal\/#\/schema\/logo\/image\/\"},\"sameAs\":[\"https:\/\/facebook.com\/estrategiavestibulares\",\"https:\/\/x.com\/Estrategiavest\",\"https:\/\/www.instagram.com\/estrategiavestibulares\",\"https:\/\/www.youtube.com\/channel\/UCGWdZy8ULI-7_5GrABa4vNA\"]},{\"@type\":\"Person\",\"@id\":\"https:\/\/vestibulares.estrategia.com\/portal\/#\/schema\/person\/95532619fccae669187ec84703047908\",\"name\":\"Leonardo Del Sant\",\"image\":{\"@type\":\"ImageObject\",\"inLanguage\":\"pt-BR\",\"@id\":\"https:\/\/vestibulares.estrategia.com\/portal\/#\/schema\/person\/image\/\",\"url\":\"https:\/\/vestibulares.estrategia.com\/portal\/wp-content\/uploads\/2026\/02\/1000082484-150x150.jpeg\",\"contentUrl\":\"https:\/\/vestibulares.estrategia.com\/portal\/wp-content\/uploads\/2026\/02\/1000082484-150x150.jpeg\",\"caption\":\"Leonardo Del Sant\"},\"description\":\"Coordenador de Jornalismo do Estrat\u00e9gia Vestibulares. Trabalhou com escrita para SEO em sites das \u00e1reas de economia, varejo, sa\u00fade, tecnologia e alimenta\u00e7\u00e3o. Formado em jornalismo pela Unesp\/Bauru.\",\"url\":\"https:\/\/vestibulares.estrategia.com\/portal\/author\/leonardo-del-sant\/\"}]}<\/script>\n<!-- \/ Yoast SEO Premium plugin. -->","yoast_head_json":{"title":"UFDPar: Sisu, cursos, vagas, como ingressar e muito mais","description":"Saiba mais sobre a Universidade Federal do Delta do Parna\u00edba, sua estrutura e como fazer para ingressar na institui\u00e7\u00e3o pelo Sisu.","robots":{"index":"index","follow":"follow","max-snippet":"max-snippet:-1","max-image-preview":"max-image-preview:large","max-video-preview":"max-video-preview:-1"},"canonical":"https:\/\/vestibulares.estrategia.com\/portal\/enem-e-vestibulares\/ufdpar-sisu-cursos-vagas-como-ingressar-e-muito-mais\/","og_locale":"pt_BR","og_type":"article","og_title":"UFDPar: Sisu, cursos, vagas, como ingressar e muito mais","og_description":"Saiba mais sobre a Universidade Federal do Delta do Parna\u00edba, sua estrutura e como fazer para ingressar na institui\u00e7\u00e3o pelo Sisu.","og_url":"https:\/\/vestibulares.estrategia.com\/portal\/enem-e-vestibulares\/ufdpar-sisu-cursos-vagas-como-ingressar-e-muito-mais\/","og_site_name":"Estrat\u00e9gia Vestibulares","article_publisher":"https:\/\/facebook.com\/estrategiavestibulares","article_published_time":"2024-09-27T12:00:01+00:00","article_modified_time":"2026-01-13T20:59:09+00:00","og_image":[{"width":1920,"height":1080,"url":"https:\/\/vestibulares.estrategia.com\/portal\/wp-content\/uploads\/2022\/06\/UFDPARCN2.jpg","type":"image\/jpeg"}],"author":"Leonardo Del Sant","twitter_card":"summary_large_image","twitter_creator":"@Estrategiavest","twitter_site":"@Estrategiavest","twitter_misc":{"Escrito por":"Leonardo Del Sant","Est. tempo de leitura":"16 minutos"},"schema":{"@context":"https:\/\/schema.org","@graph":[{"@type":"Article","@id":"https:\/\/vestibulares.estrategia.com\/portal\/enem-e-vestibulares\/ufdpar-sisu-cursos-vagas-como-ingressar-e-muito-mais\/#article","isPartOf":{"@id":"https:\/\/vestibulares.estrategia.com\/portal\/enem-e-vestibulares\/ufdpar-sisu-cursos-vagas-como-ingressar-e-muito-mais\/"},"author":{"name":"Leonardo Del Sant","@id":"https:\/\/vestibulares.estrategia.com\/portal\/#\/schema\/person\/95532619fccae669187ec84703047908"},"headline":"UFDPar: Sisu, cursos, vagas, como ingressar e muito mais","datePublished":"2024-09-27T12:00:01+00:00","dateModified":"2026-01-13T20:59:09+00:00","mainEntityOfPage":{"@id":"https:\/\/vestibulares.estrategia.com\/portal\/enem-e-vestibulares\/ufdpar-sisu-cursos-vagas-como-ingressar-e-muito-mais\/"},"wordCount":3230,"publisher":{"@id":"https:\/\/vestibulares.estrategia.com\/portal\/#organization"},"image":{"@id":"https:\/\/vestibulares.estrategia.com\/portal\/enem-e-vestibulares\/ufdpar-sisu-cursos-vagas-como-ingressar-e-muito-mais\/#primaryimage"},"thumbnailUrl":"https:\/\/vestibulares.estrategia.com\/portal\/wp-content\/uploads\/2022\/06\/UFDPARCN2.jpg","articleSection":["Enem e Vestibulares"],"inLanguage":"pt-BR"},{"@type":"WebPage","@id":"https:\/\/vestibulares.estrategia.com\/portal\/enem-e-vestibulares\/ufdpar-sisu-cursos-vagas-como-ingressar-e-muito-mais\/","url":"https:\/\/vestibulares.estrategia.com\/portal\/enem-e-vestibulares\/ufdpar-sisu-cursos-vagas-como-ingressar-e-muito-mais\/","name":"UFDPar: Sisu, cursos, vagas, como ingressar e muito mais","isPartOf":{"@id":"https:\/\/vestibulares.estrategia.com\/portal\/#website"},"primaryImageOfPage":{"@id":"https:\/\/vestibulares.estrategia.com\/portal\/enem-e-vestibulares\/ufdpar-sisu-cursos-vagas-como-ingressar-e-muito-mais\/#primaryimage"},"image":{"@id":"https:\/\/vestibulares.estrategia.com\/portal\/enem-e-vestibulares\/ufdpar-sisu-cursos-vagas-como-ingressar-e-muito-mais\/#primaryimage"},"thumbnailUrl":"https:\/\/vestibulares.estrategia.com\/portal\/wp-content\/uploads\/2022\/06\/UFDPARCN2.jpg","datePublished":"2024-09-27T12:00:01+00:00","dateModified":"2026-01-13T20:59:09+00:00","description":"Saiba mais sobre a Universidade Federal do Delta do Parna\u00edba, sua estrutura e como fazer para ingressar na institui\u00e7\u00e3o pelo Sisu.","breadcrumb":{"@id":"https:\/\/vestibulares.estrategia.com\/portal\/enem-e-vestibulares\/ufdpar-sisu-cursos-vagas-como-ingressar-e-muito-mais\/#breadcrumb"},"inLanguage":"pt-BR","potentialAction":[{"@type":"ReadAction","target":["https:\/\/vestibulares.estrategia.com\/portal\/enem-e-vestibulares\/ufdpar-sisu-cursos-vagas-como-ingressar-e-muito-mais\/"]}]},{"@type":"ImageObject","inLanguage":"pt-BR","@id":"https:\/\/vestibulares.estrategia.com\/portal\/enem-e-vestibulares\/ufdpar-sisu-cursos-vagas-como-ingressar-e-muito-mais\/#primaryimage","url":"https:\/\/vestibulares.estrategia.com\/portal\/wp-content\/uploads\/2022\/06\/UFDPARCN2.jpg","contentUrl":"https:\/\/vestibulares.estrategia.com\/portal\/wp-content\/uploads\/2022\/06\/UFDPARCN2.jpg","width":1920,"height":1080,"caption":"ufdpar-sisu-vestibular-enem"},{"@type":"BreadcrumbList","@id":"https:\/\/vestibulares.estrategia.com\/portal\/enem-e-vestibulares\/ufdpar-sisu-cursos-vagas-como-ingressar-e-muito-mais\/#breadcrumb","itemListElement":[{"@type":"ListItem","position":1,"name":"Home","item":"https:\/\/vestibulares.estrategia.com\/portal\/"},{"@type":"ListItem","position":2,"name":"Enem e Vestibulares","item":"https:\/\/vestibulares.estrategia.com\/portal\/enem-e-vestibulares\/"},{"@type":"ListItem","position":3,"name":"UFDPar: Sisu, cursos, vagas, como ingressar e muito mais"}]},{"@type":"WebSite","@id":"https:\/\/vestibulares.estrategia.com\/portal\/#website","url":"https:\/\/vestibulares.estrategia.com\/portal\/","name":"Estrat\u00e9gia Vestibulares","description":"","publisher":{"@id":"https:\/\/vestibulares.estrategia.com\/portal\/#organization"},"potentialAction":[{"@type":"SearchAction","target":{"@type":"EntryPoint","urlTemplate":"https:\/\/vestibulares.estrategia.com\/portal\/?s={search_term_string}"},"query-input":{"@type":"PropertyValueSpecification","valueRequired":true,"valueName":"search_term_string"}}],"inLanguage":"pt-BR"},{"@type":"Organization","@id":"https:\/\/vestibulares.estrategia.com\/portal\/#organization","name":"Estrat\u00e9gia Vestibulares","url":"https:\/\/vestibulares.estrategia.com\/portal\/","logo":{"@type":"ImageObject","inLanguage":"pt-BR","@id":"https:\/\/vestibulares.estrategia.com\/portal\/#\/schema\/logo\/image\/","url":"https:\/\/vestibulares.estrategia.com\/portal\/wp-content\/uploads\/2021\/06\/Logo-Vestibulares@4x.png","contentUrl":"https:\/\/vestibulares.estrategia.com\/portal\/wp-content\/uploads\/2021\/06\/Logo-Vestibulares@4x.png","width":250,"height":66,"caption":"Estrat\u00e9gia Vestibulares"},"image":{"@id":"https:\/\/vestibulares.estrategia.com\/portal\/#\/schema\/logo\/image\/"},"sameAs":["https:\/\/facebook.com\/estrategiavestibulares","https:\/\/x.com\/Estrategiavest","https:\/\/www.instagram.com\/estrategiavestibulares","https:\/\/www.youtube.com\/channel\/UCGWdZy8ULI-7_5GrABa4vNA"]},{"@type":"Person","@id":"https:\/\/vestibulares.estrategia.com\/portal\/#\/schema\/person\/95532619fccae669187ec84703047908","name":"Leonardo Del Sant","image":{"@type":"ImageObject","inLanguage":"pt-BR","@id":"https:\/\/vestibulares.estrategia.com\/portal\/#\/schema\/person\/image\/","url":"https:\/\/vestibulares.estrategia.com\/portal\/wp-content\/uploads\/2026\/02\/1000082484-150x150.jpeg","contentUrl":"https:\/\/vestibulares.estrategia.com\/portal\/wp-content\/uploads\/2026\/02\/1000082484-150x150.jpeg","caption":"Leonardo Del Sant"},"description":"Coordenador de Jornalismo do Estrat\u00e9gia Vestibulares. Trabalhou com escrita para SEO em sites das \u00e1reas de economia, varejo, sa\u00fade, tecnologia e alimenta\u00e7\u00e3o. Formado em jornalismo pela Unesp\/Bauru.","url":"https:\/\/vestibulares.estrategia.com\/portal\/author\/leonardo-del-sant\/"}]}},"_wl_alt_label":[],"wl:entity_url":"https:\/\/data.wordlift.io\/wl110249\/post\/ufdpar-sisu-cursos-vagas-como-ingressar-e-muito-mais","_links":{"self":[{"href":"https:\/\/vestibulares.estrategia.com\/portal\/wp-json\/wp\/v2\/posts\/126037","targetHints":{"allow":["GET"]}}],"collection":[{"href":"https:\/\/vestibulares.estrategia.com\/portal\/wp-json\/wp\/v2\/posts"}],"about":[{"href":"https:\/\/vestibulares.estrategia.com\/portal\/wp-json\/wp\/v2\/types\/post"}],"author":[{"embeddable":true,"href":"https:\/\/vestibulares.estrategia.com\/portal\/wp-json\/wp\/v2\/users\/43"}],"replies":[{"embeddable":true,"href":"https:\/\/vestibulares.estrategia.com\/portal\/wp-json\/wp\/v2\/comments?post=126037"}],"version-history":[{"count":5,"href":"https:\/\/vestibulares.estrategia.com\/portal\/wp-json\/wp\/v2\/posts\/126037\/revisions"}],"predecessor-version":[{"id":153089,"href":"https:\/\/vestibulares.estrategia.com\/portal\/wp-json\/wp\/v2\/posts\/126037\/revisions\/153089"}],"wp:featuredmedia":[{"embeddable":true,"href":"https:\/\/vestibulares.estrategia.com\/portal\/wp-json\/wp\/v2\/media\/70407"}],"wp:attachment":[{"href":"https:\/\/vestibulares.estrategia.com\/portal\/wp-json\/wp\/v2\/media?parent=126037"}],"wp:term":[{"taxonomy":"category","embeddable":true,"href":"https:\/\/vestibulares.estrategia.com\/portal\/wp-json\/wp\/v2\/categories?post=126037"},{"taxonomy":"post_tag","embeddable":true,"href":"https:\/\/vestibulares.estrategia.com\/portal\/wp-json\/wp\/v2\/tags?post=126037"},{"taxonomy":"wl_entity_type","embeddable":true,"href":"https:\/\/vestibulares.estrategia.com\/portal\/wp-json\/wp\/v2\/wl_entity_type?post=126037"}],"curies":[{"name":"wp","href":"https:\/\/api.w.org\/{rel}","templated":true}]}}