{"id":126086,"date":"2024-09-27T20:27:20","date_gmt":"2024-09-27T23:27:20","guid":{"rendered":"https:\/\/vestibulares.estrategia.com\/portal\/?p=126086"},"modified":"2024-09-27T20:27:25","modified_gmt":"2024-09-27T23:27:25","slug":"prova-ime-2025-1a-fase-o-que-levar-horarios-e-demais-instrucoes","status":"publish","type":"post","link":"https:\/\/vestibulares.estrategia.com\/portal\/noticias\/prova-ime-2025-1a-fase-o-que-levar-horarios-e-demais-instrucoes\/","title":{"rendered":"Prova IME 2025 1\u00aa fase: o que levar, hor\u00e1rios e demais instru\u00e7\u00f5es"},"content":{"rendered":"<p>O Instituto Militar de Engenharia (<a href=\"https:\/\/vestibulares.estrategia.com\/portal\/vestibulares\/vestibular-ime\/\" target=\"_blank\">IME<\/a>) no pr&oacute;ximo domingo (29) a&nbsp;<strong>1&ordf; fase do Vestibular IME 2025<\/strong>. No total, foram 4.693 inscritos, que concorrer&atilde;o &agrave;s 98 vagas disponibilizadas pelo processo seletivo do instituto.<p>Leia a seguir o que levar, os hor&aacute;rios da 1&ordf; fase do Vestibular IME 2025, quando sai o gabarito, os cursos mais concorridos e outras informa&ccedil;&otilde;es:<\/p><p>\n\n\n\n<div class=\"cta-medio\" style=\"background-image: url(https:\/\/vestibulares.estrategia.com\/portal\/wp-content\/uploads\/2024\/08\/curso-enem-e-vestibulares-2-estrategia-vestibulares-ctamedio.png.jpg);\"><h3>Pacote Vestibulares Platinum<\/h3><p>Conhe\u00e7a nosso curso<\/p><div class=\"cta-botao\"><a id=\"cta-medio\" href=\"https:\/\/vestibulares.estrategia.com\/curso\/vestibulares-platinum\/\" target=\"_blank\" style=\"background:rgb(255,150,0)\">Compre agora<\/a><\/div><\/div>\n\n\n\n<\/p><div id=\"ez-toc-container\" class=\"ez-toc-v2_0_76 counter-hierarchy ez-toc-counter ez-toc-transparent ez-toc-container-direction\">\n<div class=\"ez-toc-title-container\"><p class=\"ez-toc-title\" style=\"cursor:inherit\">Navegue pelo conte\u00fado<\/p>\n<\/div><nav><ul class='ez-toc-list ez-toc-list-level-1 ' ><li class='ez-toc-page-1 ez-toc-heading-level-2'><a class=\"ez-toc-link ez-toc-heading-1\" href=\"https:\/\/vestibulares.estrategia.com\/portal\/noticias\/prova-ime-2025-1a-fase-o-que-levar-horarios-e-demais-instrucoes\/#Qual-e-o-horario-do-Vestibular-IME\" >Qual &eacute; o hor&aacute;rio do Vestibular IME?<\/a><\/li><li class='ez-toc-page-1 ez-toc-heading-level-2'><a class=\"ez-toc-link ez-toc-heading-2\" href=\"https:\/\/vestibulares.estrategia.com\/portal\/noticias\/prova-ime-2025-1a-fase-o-que-levar-horarios-e-demais-instrucoes\/#Qual-e-o-formato-da-prova-da-1a-fase-do-IME-2025\" >Qual &eacute; o formato da prova da 1&ordf; fase do IME 2025?<\/a><\/li><li class='ez-toc-page-1 ez-toc-heading-level-2'><a class=\"ez-toc-link ez-toc-heading-3\" href=\"https:\/\/vestibulares.estrategia.com\/portal\/noticias\/prova-ime-2025-1a-fase-o-que-levar-horarios-e-demais-instrucoes\/#O-que-levar-na-prova-da-segunda-fase-IME-2025\" >O que levar na prova da segunda fase IME 2025?<\/a><\/li><li class='ez-toc-page-1 ez-toc-heading-level-2'><a class=\"ez-toc-link ez-toc-heading-4\" href=\"https:\/\/vestibulares.estrategia.com\/portal\/noticias\/prova-ime-2025-1a-fase-o-que-levar-horarios-e-demais-instrucoes\/#Quando-sai-o-gabarito-e-resultado-do-IME-2025\" >Quando sai o gabarito e resultado do IME 2025?<\/a><\/li><li class='ez-toc-page-1 ez-toc-heading-level-2'><a class=\"ez-toc-link ez-toc-heading-5\" href=\"https:\/\/vestibulares.estrategia.com\/portal\/noticias\/prova-ime-2025-1a-fase-o-que-levar-horarios-e-demais-instrucoes\/#Cidades-que-aplicam-a-prova-IME-2025\" >Cidades que aplicam a prova IME 2025<\/a><\/li><li class='ez-toc-page-1 ez-toc-heading-level-2'><a class=\"ez-toc-link ez-toc-heading-6\" href=\"https:\/\/vestibulares.estrategia.com\/portal\/noticias\/prova-ime-2025-1a-fase-o-que-levar-horarios-e-demais-instrucoes\/#Calendario-IME-2025\" >Calend&aacute;rio IME 2025<\/a><\/li><li class='ez-toc-page-1 ez-toc-heading-level-2'><a class=\"ez-toc-link ez-toc-heading-7\" href=\"https:\/\/vestibulares.estrategia.com\/portal\/noticias\/prova-ime-2025-1a-fase-o-que-levar-horarios-e-demais-instrucoes\/#Conquiste-sua-aprovacao-no-IME-com-o-Estrategia-Vestibulares\" >Conquiste sua aprova&ccedil;&atilde;o no IME com o Estrat&eacute;gia Vestibulares<\/a><\/li><\/ul><\/nav><\/div>\n<h2 class=\"wp-block-heading\" id=\"h-qual-e-o-horario-do-vestibular-ime\"><span class=\"ez-toc-section\" id=\"Qual-e-o-horario-do-Vestibular-IME\"><\/span>Qual &eacute; o hor&aacute;rio do Vestibular IME?<span class=\"ez-toc-section-end\"><\/span><\/h2><p>Os port&otilde;es dos locais de prova da 1&ordf; fase da Prova IME 2025 ser&atilde;o fechados &agrave;s 12h, j&aacute; a prova come&ccedil;ar&aacute; &agrave;s 13h30. A prova ter&aacute; a dura&ccedil;&atilde;o de quatro horas, com o fim da aplica&ccedil;&atilde;o marcado para 17h30.<\/p><div class=\"wp-block-buttons is-content-justification-center is-layout-flex wp-container-core-buttons-is-layout-1 wp-block-buttons-is-layout-flex\">\n<div class=\"wp-block-button\"><a class=\"wp-block-button__link wp-element-button\" rel=\"nofollow noopener noreferrer\" href=\"https:\/\/cdn.blog.estrategiavestibulares.com.br\/vestibulares\/wp-content\/uploads\/2024\/05\/IME-ativa.pdf\" target=\"_blank\">Edital IME 2025<\/a><\/div>\n<\/div><h2 class=\"wp-block-heading\" id=\"h-qual-e-o-formato-da-prova-da-1&ordf;-fase-do-ime-2025\"><span class=\"ez-toc-section\" id=\"Qual-e-o-formato-da-prova-da-1a-fase-do-IME-2025\"><\/span>Qual &eacute; o formato da prova da 1&ordf; fase do IME 2025?<span class=\"ez-toc-section-end\"><\/span><\/h2><p>A 1&ordf; fase do IME 2025 &eacute; formado por 40 quest&otilde;es objetivas das disciplinas de Matem&aacute;tica, F&iacute;sica e Qu&iacute;mica. Veja a distribui&ccedil;&atilde;o das quest&otilde;es:<\/p><figure class=\"wp-block-table is-style-stripes\"><table class=\"has-black-color has-text-color has-background\" style=\"background:linear-gradient(135deg,rgb(252,185,0) 70%,rgb(255,105,0) 100%)\"><thead><tr><th class=\"has-text-align-center\" data-align=\"center\">Mat&eacute;ria<\/th><th class=\"has-text-align-center\" data-align=\"center\">Quest&otilde;es<\/th><\/tr><\/thead><tbody><tr><td class=\"has-text-align-center\" data-align=\"center\">Matem&aacute;tica<\/td><td class=\"has-text-align-center\" data-align=\"center\">15<\/td><\/tr><tr><td class=\"has-text-align-center\" data-align=\"center\">F&iacute;sica<\/td><td class=\"has-text-align-center\" data-align=\"center\">15<\/td><\/tr><tr><td class=\"has-text-align-center\" data-align=\"center\">Qu&iacute;mica<\/td><td class=\"has-text-align-center\" data-align=\"center\">10<\/td><\/tr><\/tbody><\/table><\/figure><h2 class=\"wp-block-heading\" id=\"h-o-que-levar-na-prova-da-segunda-fase-ime-2025\"><span class=\"ez-toc-section\" id=\"O-que-levar-na-prova-da-segunda-fase-IME-2025\"><\/span>O que levar na prova da segunda fase IME 2025?<span class=\"ez-toc-section-end\"><\/span><\/h2><p>O edital IME 2025 pede que o aluno leve consigo obrigatoriamente o Cart&atilde;o de Identifica&ccedil;&atilde;o impresso e um documento original oficial com foto. O candidato pode portar os seguintes materiais para a realiza&ccedil;&atilde;o da prova:<\/p><ul class=\"wp-block-list\">\n<li>L&aacute;pis preto ou lapiseira com grafite na cor preta (apenas para desenhos e rascunho);<\/li>\n\n\n\n<li>Borracha;<\/li>\n\n\n\n<li>Transferidor;<\/li>\n\n\n\n<li>Par de esquadros;<\/li>\n\n\n\n<li>Compasso;<\/li>\n\n\n\n<li>R&eacute;gua milimetrada; e<\/li>\n\n\n\n<li>Canetas esferogr&aacute;ficas de tinta azul fabricadas em material transparente.<\/li>\n<\/ul><p>Lembrando que o material n&atilde;o poder&aacute; conter qualquer tipo de inscri&ccedil;&atilde;o, exceto as de<br>caracteriza&ccedil;&atilde;o (marca, fabricante, modelo) e as de gradua&ccedil;&otilde;es (transferidor, esquadros e r&eacute;gua).<\/p><h2 class=\"wp-block-heading\" id=\"h-quando-sai-o-gabarito-e-resultado-do-ime-2025\"><span class=\"ez-toc-section\" id=\"Quando-sai-o-gabarito-e-resultado-do-IME-2025\"><\/span>Quando sai o gabarito e resultado do IME 2025?<span class=\"ez-toc-section-end\"><\/span><\/h2><p>O gabarito oficial preliminar da 1&ordf; fase ser&aacute; disponibilizado no dia 30 de novembro, no&nbsp;<a href=\"https:\/\/inscricoes.ime.eb.br\/cfg\/\" target=\"_blank\">site oficial do processo seletivo<\/a>, e o prazo de contesta&ccedil;&atilde;o vai at&eacute; o dia 02 de outubro.<\/p><p>O gabarito definitivo ser&aacute; publicado at&eacute; o dia 11 de outubro. J&aacute; o resultado da 1&ordf; fase ser&aacute; publicado at&eacute; 14 de outubro.<\/p><p>O Estrat&eacute;gia Vestibulares realizar&aacute; a corre&ccedil;&atilde;o extraoficial do&nbsp;<a href=\"https:\/\/vestibulares.estrategia.com\/portal\/enem-e-vestibulares\/vestibulares\/gabarito-ime-vestibular\/\" target=\"_blank\">Gabarito IME 2025<\/a>&nbsp;no domingo (29):<\/p><figure class=\"wp-block-embed is-type-video is-provider-youtube wp-block-embed-youtube wp-embed-aspect-16-9 wp-has-aspect-ratio\"><div class=\"wp-block-embed__wrapper\">\n<div class=\"cs-embed cs-embed-responsive\"><iframe title=\"Gabarito IME 1&ordf; Fase 2024: corre&ccedil;&atilde;o de prova ao vivo\" width=\"1200\" height=\"675\" src=\"https:\/\/www.youtube.com\/embed\/GiY3yESSgF0?feature=oembed\" frameborder=\"0\" allow=\"accelerometer; autoplay; clipboard-write; encrypted-media; gyroscope; picture-in-picture; web-share\" referrerpolicy=\"strict-origin-when-cross-origin\" allowfullscreen><\/iframe><\/div>\n<\/div><\/figure><h2 class=\"wp-block-heading\" id=\"h-cidades-que-aplicam-a-prova-ime-2025\"><span class=\"ez-toc-section\" id=\"Cidades-que-aplicam-a-prova-IME-2025\"><\/span>Cidades que aplicam a prova IME 2025<span class=\"ez-toc-section-end\"><\/span><\/h2><p>Os munic&iacute;pios que receber&atilde;o a prova da 1&ordf; fase do IME 2025 s&atilde;o: Rio de Janeiro (RJ), Vila Velha (ES), S&atilde;o Paulo (SP), S&atilde;o Jos&eacute; dos Campos (SP), Campinas (SP), Porto Alegre (RS), Santa Maria (RS), Belo Horizonte (MG), Juiz de Fora (MG), Curitiba (PR), Salvador (BA), Recife (PE), Bel&eacute;m (PA), Campo Grande (MS), Fortaleza (CE), Teresina (PI), Bras&iacute;lia (DF), Goi&acirc;nia (GO) e Manaus (AM).<\/p><h2 class=\"wp-block-heading\" id=\"h-calendario-ime-2025\"><span class=\"ez-toc-section\" id=\"Calendario-IME-2025\"><\/span>Calend&aacute;rio IME 2025<span class=\"ez-toc-section-end\"><\/span><\/h2><ul class=\"wp-block-list\">\n<li><strong>Per&iacute;odo de Inscri&ccedil;&atilde;o:<\/strong>&nbsp;de 29 de maio a 10 de julho de 2024;<\/li>\n\n\n\n<li><strong>Pedidos de isen&ccedil;&atilde;o de taxa:&nbsp;<\/strong>de 03 a 07 de junho de 2024;<\/li>\n\n\n\n<li><strong>Pagamento da inscri&ccedil;&atilde;o:<\/strong>&nbsp;at&eacute; 11 de julho de 2024;<\/li>\n\n\n\n<li><strong>1<sup>a&nbsp;<\/sup>fase &ndash; Prova Objetiva:<\/strong>&nbsp;29 de setembro de 2024;<\/li>\n\n\n\n<li><strong>Gabarito definitivo da Prova Objetiva &ndash; 1<sup>a&nbsp;<\/sup>fase:<\/strong>&nbsp;at&eacute; 11 de outubro de 2024;<\/li>\n\n\n\n<li>D<strong>ivulga&ccedil;&atilde;o dos aprovados para a 2<sup>a<\/sup>&nbsp;fase:&nbsp;<\/strong>at&eacute; 14 de outubro de 2024;<\/li>\n\n\n\n<li><strong>Prova Discursiva de Matem&aacute;tica &ndash; 2<sup>a<\/sup>&nbsp;fase:<\/strong>&nbsp;28 de outubro de 2024;<\/li>\n\n\n\n<li><strong>Prova Discursiva de F&iacute;sica &ndash; 2<sup>a<\/sup>&nbsp;fase:&nbsp;<\/strong>29 de outubro de 2024;<\/li>\n\n\n\n<li><strong>Prova Discursiva de Qu&iacute;mica &ndash; 2<sup>a<\/sup>&nbsp;fase:&nbsp;<\/strong>30 de outubro de 2024;<\/li>\n\n\n\n<li><strong>Prova Discursiva de Portugu&ecirc;s e Ingl&ecirc;s &ndash; 2<sup>a<\/sup>&nbsp;fase:&nbsp;<\/strong>31 de outubro de 2024;<\/li>\n\n\n\n<li><strong>Lista preliminar de aprovados e classificados:<\/strong>&nbsp;at&eacute; 09 de dezembro de 2024;<\/li>\n\n\n\n<li><strong>Lista final de aprovados e classificados:<\/strong>&nbsp;at&eacute; 23 de dezembro de 2024;<\/li>\n\n\n\n<li><strong>Convoca&ccedil;&atilde;o dos aprovados para Inspe&ccedil;&atilde;o de Sa&uacute;de, Exame de Aptid&atilde;o F&iacute;sica, Avalia&ccedil;&atilde;o Psicol&oacute;gica, Procedimento de heteroidentifica&ccedil;&atilde;o e Per&iacute;odo de Adapta&ccedil;&atilde;o:<\/strong>&nbsp;a partir de 23 de dezembro de 2024;<\/li>\n\n\n\n<li><strong>Inspe&ccedil;&atilde;o de Sa&uacute;de, Exame de Aptid&atilde;o F&iacute;sica, Avalia&ccedil;&atilde;o Psicol&oacute;gica, Procedimento de heteroidentifica&ccedil;&atilde;o e Per&iacute;odo de Adapta&ccedil;&atilde;o<\/strong>: de 13 de janeiro a 07 de fevereiro de 2025; e<\/li>\n\n\n\n<li><strong>Matr&iacute;cula:&nbsp;<\/strong>07 de fevereiro de 2025.<\/li>\n<\/ul><h2 class=\"wp-block-heading\" id=\"h-conquiste-sua-aprovacao-no-ime-com-o-estrategia-vestibulares\"><span class=\"ez-toc-section\" id=\"Conquiste-sua-aprovacao-no-IME-com-o-Estrategia-Vestibulares\"><\/span>Conquiste sua aprova&ccedil;&atilde;o no IME com o Estrat&eacute;gia Vestibulares<span class=\"ez-toc-section-end\"><\/span><\/h2><p>Prepare-se para o vestibular da IME com o apoio dos materiais exclusivos do Estrat&eacute;gia Vestibulares. S&atilde;o cursos desenvolvidos especialmente para a banca da institui&ccedil;&atilde;o, em videoaulas e livros digitais, al&eacute;m de suporte din&acirc;mico e outros servi&ccedil;os &agrave; sua disposi&ccedil;&atilde;o. Confira!<\/p><p>\n\n\n\n<a id=\"cta\" class=\"cta-imagem\" href=\"https:\/\/vestibulares.estrategia.com\/curso\/pacote-extensivo-para-ime-2024\/\" target=\"blank\">\n                <img decoding=\"async\" width=\"100%\" src=\"https:\/\/vestibulares.estrategia.com\/portal\/wp-content\/uploads\/2021\/07\/IME.jpg\" alt=\"CTA Curso IME\" title=\"CTA Curso IME\">\n        <\/a>\n\n\n\n<\/p><p><em>Foto de capa: T&acirc;nia R&ecirc;go\/Ag&ecirc;ncia Brasil<\/em><\/p><\/p>\n","protected":false},"excerpt":{"rendered":"Veja mais detalhes da prova do Instituto Militar de Engenharia 2025 1\u00aa fase como os hor\u00e1rios, o que pode levar, gabarito e calend\u00e1rio\n","protected":false},"author":31,"featured_media":126091,"comment_status":"closed","ping_status":"closed","sticky":false,"template":"","format":"standard","meta":{"wl_entities_gutenberg":"","footnotes":""},"categories":[47],"tags":[],"wl_entity_type":[732],"class_list":{"0":"post-126086","1":"post","2":"type-post","3":"status-publish","4":"format-standard","5":"has-post-thumbnail","7":"category-noticias","8":"wl_entity_type-article"},"acf":[],"yoast_head":"<!-- This site is optimized with the Yoast SEO Premium plugin v25.9 (Yoast SEO v25.9) - https:\/\/yoast.com\/wordpress\/plugins\/seo\/ -->\n<title>Prova IME 2025 1\u00aa fase: o que levar, hor\u00e1rios e demais instru\u00e7\u00f5es<\/title>\n<meta name=\"description\" content=\"Veja mais detalhes da prova do Instituto Militar de Engenharia 2025 1\u00aa fase como os hor\u00e1rios, o que pode levar, gabarito e calend\u00e1rio\" \/>\n<meta name=\"robots\" content=\"index, follow, max-snippet:-1, max-image-preview:large, max-video-preview:-1\" \/>\n<link rel=\"canonical\" href=\"https:\/\/vestibulares.estrategia.com\/portal\/noticias\/prova-ime-2025-1a-fase-o-que-levar-horarios-e-demais-instrucoes\/\" \/>\n<meta property=\"og:locale\" content=\"pt_BR\" \/>\n<meta property=\"og:type\" content=\"article\" \/>\n<meta property=\"og:title\" content=\"Prova IME 2025 1\u00aa fase: o que levar, hor\u00e1rios e demais instru\u00e7\u00f5es\" \/>\n<meta property=\"og:description\" content=\"Veja mais detalhes da prova do Instituto Militar de Engenharia 2025 1\u00aa fase como os hor\u00e1rios, o que pode levar, gabarito e calend\u00e1rio\" \/>\n<meta property=\"og:url\" content=\"https:\/\/vestibulares.estrategia.com\/portal\/noticias\/prova-ime-2025-1a-fase-o-que-levar-horarios-e-demais-instrucoes\/\" \/>\n<meta property=\"og:site_name\" content=\"Estrat\u00e9gia Vestibulares\" \/>\n<meta property=\"article:publisher\" content=\"https:\/\/facebook.com\/estrategiavestibulares\" \/>\n<meta property=\"article:published_time\" content=\"2024-09-27T23:27:20+00:00\" \/>\n<meta property=\"article:modified_time\" content=\"2024-09-27T23:27:25+00:00\" \/>\n<meta property=\"og:image\" content=\"https:\/\/vestibulares.estrategia.com\/portal\/wp-content\/uploads\/2024\/09\/prova-ime-2025.jpg\" \/>\n\t<meta property=\"og:image:width\" content=\"1280\" \/>\n\t<meta property=\"og:image:height\" content=\"720\" \/>\n\t<meta property=\"og:image:type\" content=\"image\/jpeg\" \/>\n<meta name=\"author\" content=\"Isabela Giordan\" \/>\n<meta name=\"twitter:card\" content=\"summary_large_image\" \/>\n<meta name=\"twitter:creator\" content=\"@Estrategiavest\" \/>\n<meta name=\"twitter:site\" content=\"@Estrategiavest\" \/>\n<meta name=\"twitter:label1\" content=\"Escrito por\" \/>\n\t<meta name=\"twitter:data1\" content=\"Isabela Giordan\" \/>\n\t<meta name=\"twitter:label2\" content=\"Est. tempo de leitura\" \/>\n\t<meta name=\"twitter:data2\" content=\"4 minutos\" \/>\n<script type=\"application\/ld+json\" class=\"yoast-schema-graph\">{\"@context\":\"https:\/\/schema.org\",\"@graph\":[{\"@type\":\"NewsArticle\",\"@id\":\"https:\/\/vestibulares.estrategia.com\/portal\/noticias\/prova-ime-2025-1a-fase-o-que-levar-horarios-e-demais-instrucoes\/#article\",\"isPartOf\":{\"@id\":\"https:\/\/vestibulares.estrategia.com\/portal\/noticias\/prova-ime-2025-1a-fase-o-que-levar-horarios-e-demais-instrucoes\/\"},\"author\":{\"name\":\"Isabela Giordan\",\"@id\":\"https:\/\/vestibulares.estrategia.com\/portal\/#\/schema\/person\/921258b32670b22cbb1ae385e2fcb501\"},\"headline\":\"Prova IME 2025 1\u00aa fase: o que levar, hor\u00e1rios e demais instru\u00e7\u00f5es\",\"datePublished\":\"2024-09-27T23:27:20+00:00\",\"dateModified\":\"2024-09-27T23:27:25+00:00\",\"mainEntityOfPage\":{\"@id\":\"https:\/\/vestibulares.estrategia.com\/portal\/noticias\/prova-ime-2025-1a-fase-o-que-levar-horarios-e-demais-instrucoes\/\"},\"wordCount\":725,\"publisher\":{\"@id\":\"https:\/\/vestibulares.estrategia.com\/portal\/#organization\"},\"image\":{\"@id\":\"https:\/\/vestibulares.estrategia.com\/portal\/noticias\/prova-ime-2025-1a-fase-o-que-levar-horarios-e-demais-instrucoes\/#primaryimage\"},\"thumbnailUrl\":\"https:\/\/vestibulares.estrategia.com\/portal\/wp-content\/uploads\/2024\/09\/prova-ime-2025.jpg\",\"articleSection\":[\"Not\u00edcias\"],\"inLanguage\":\"pt-BR\"},{\"@type\":\"WebPage\",\"@id\":\"https:\/\/vestibulares.estrategia.com\/portal\/noticias\/prova-ime-2025-1a-fase-o-que-levar-horarios-e-demais-instrucoes\/\",\"url\":\"https:\/\/vestibulares.estrategia.com\/portal\/noticias\/prova-ime-2025-1a-fase-o-que-levar-horarios-e-demais-instrucoes\/\",\"name\":\"Prova IME 2025 1\u00aa fase: o que levar, hor\u00e1rios e demais instru\u00e7\u00f5es\",\"isPartOf\":{\"@id\":\"https:\/\/vestibulares.estrategia.com\/portal\/#website\"},\"primaryImageOfPage\":{\"@id\":\"https:\/\/vestibulares.estrategia.com\/portal\/noticias\/prova-ime-2025-1a-fase-o-que-levar-horarios-e-demais-instrucoes\/#primaryimage\"},\"image\":{\"@id\":\"https:\/\/vestibulares.estrategia.com\/portal\/noticias\/prova-ime-2025-1a-fase-o-que-levar-horarios-e-demais-instrucoes\/#primaryimage\"},\"thumbnailUrl\":\"https:\/\/vestibulares.estrategia.com\/portal\/wp-content\/uploads\/2024\/09\/prova-ime-2025.jpg\",\"datePublished\":\"2024-09-27T23:27:20+00:00\",\"dateModified\":\"2024-09-27T23:27:25+00:00\",\"description\":\"Veja mais detalhes da prova do Instituto Militar de Engenharia 2025 1\u00aa fase como os hor\u00e1rios, o que pode levar, gabarito e calend\u00e1rio\",\"breadcrumb\":{\"@id\":\"https:\/\/vestibulares.estrategia.com\/portal\/noticias\/prova-ime-2025-1a-fase-o-que-levar-horarios-e-demais-instrucoes\/#breadcrumb\"},\"inLanguage\":\"pt-BR\",\"potentialAction\":[{\"@type\":\"ReadAction\",\"target\":[\"https:\/\/vestibulares.estrategia.com\/portal\/noticias\/prova-ime-2025-1a-fase-o-que-levar-horarios-e-demais-instrucoes\/\"]}]},{\"@type\":\"ImageObject\",\"inLanguage\":\"pt-BR\",\"@id\":\"https:\/\/vestibulares.estrategia.com\/portal\/noticias\/prova-ime-2025-1a-fase-o-que-levar-horarios-e-demais-instrucoes\/#primaryimage\",\"url\":\"https:\/\/vestibulares.estrategia.com\/portal\/wp-content\/uploads\/2024\/09\/prova-ime-2025.jpg\",\"contentUrl\":\"https:\/\/vestibulares.estrategia.com\/portal\/wp-content\/uploads\/2024\/09\/prova-ime-2025.jpg\",\"width\":1280,\"height\":720,\"caption\":\"prova ime 2025\"},{\"@type\":\"BreadcrumbList\",\"@id\":\"https:\/\/vestibulares.estrategia.com\/portal\/noticias\/prova-ime-2025-1a-fase-o-que-levar-horarios-e-demais-instrucoes\/#breadcrumb\",\"itemListElement\":[{\"@type\":\"ListItem\",\"position\":1,\"name\":\"Home\",\"item\":\"https:\/\/vestibulares.estrategia.com\/portal\/\"},{\"@type\":\"ListItem\",\"position\":2,\"name\":\"Not\u00edcias\",\"item\":\"https:\/\/vestibulares.estrategia.com\/portal\/noticias\/\"},{\"@type\":\"ListItem\",\"position\":3,\"name\":\"Prova IME 2025 1\u00aa fase: o que levar, hor\u00e1rios e demais instru\u00e7\u00f5es\"}]},{\"@type\":\"WebSite\",\"@id\":\"https:\/\/vestibulares.estrategia.com\/portal\/#website\",\"url\":\"https:\/\/vestibulares.estrategia.com\/portal\/\",\"name\":\"Estrat\u00e9gia Vestibulares\",\"description\":\"\",\"publisher\":{\"@id\":\"https:\/\/vestibulares.estrategia.com\/portal\/#organization\"},\"potentialAction\":[{\"@type\":\"SearchAction\",\"target\":{\"@type\":\"EntryPoint\",\"urlTemplate\":\"https:\/\/vestibulares.estrategia.com\/portal\/?s={search_term_string}\"},\"query-input\":{\"@type\":\"PropertyValueSpecification\",\"valueRequired\":true,\"valueName\":\"search_term_string\"}}],\"inLanguage\":\"pt-BR\"},{\"@type\":\"Organization\",\"@id\":\"https:\/\/vestibulares.estrategia.com\/portal\/#organization\",\"name\":\"Estrat\u00e9gia Vestibulares\",\"url\":\"https:\/\/vestibulares.estrategia.com\/portal\/\",\"logo\":{\"@type\":\"ImageObject\",\"inLanguage\":\"pt-BR\",\"@id\":\"https:\/\/vestibulares.estrategia.com\/portal\/#\/schema\/logo\/image\/\",\"url\":\"https:\/\/vestibulares.estrategia.com\/portal\/wp-content\/uploads\/2021\/06\/Logo-Vestibulares@4x.png\",\"contentUrl\":\"https:\/\/vestibulares.estrategia.com\/portal\/wp-content\/uploads\/2021\/06\/Logo-Vestibulares@4x.png\",\"width\":250,\"height\":66,\"caption\":\"Estrat\u00e9gia Vestibulares\"},\"image\":{\"@id\":\"https:\/\/vestibulares.estrategia.com\/portal\/#\/schema\/logo\/image\/\"},\"sameAs\":[\"https:\/\/facebook.com\/estrategiavestibulares\",\"https:\/\/x.com\/Estrategiavest\",\"https:\/\/www.instagram.com\/estrategiavestibulares\",\"https:\/\/www.youtube.com\/channel\/UCGWdZy8ULI-7_5GrABa4vNA\"]},{\"@type\":\"Person\",\"@id\":\"https:\/\/vestibulares.estrategia.com\/portal\/#\/schema\/person\/921258b32670b22cbb1ae385e2fcb501\",\"name\":\"Isabela Giordan\",\"image\":{\"@type\":\"ImageObject\",\"inLanguage\":\"pt-BR\",\"@id\":\"https:\/\/vestibulares.estrategia.com\/portal\/#\/schema\/person\/image\/\",\"url\":\"https:\/\/secure.gravatar.com\/avatar\/474493e24ecabfb752d6ed2de1af8d2f?s=96&d=mm&r=g\",\"contentUrl\":\"https:\/\/secure.gravatar.com\/avatar\/474493e24ecabfb752d6ed2de1af8d2f?s=96&d=mm&r=g\",\"caption\":\"Isabela Giordan\"},\"description\":\"Jornalista de Educa\u00e7\u00e3o e Coordenadora de Jornalismo do Estrat\u00e9gia Vestibulares.\",\"url\":\"https:\/\/vestibulares.estrategia.com\/portal\/author\/isabela\/\"}]}<\/script>\n<!-- \/ Yoast SEO Premium plugin. -->","yoast_head_json":{"title":"Prova IME 2025 1\u00aa fase: o que levar, hor\u00e1rios e demais instru\u00e7\u00f5es","description":"Veja mais detalhes da prova do Instituto Militar de Engenharia 2025 1\u00aa fase como os hor\u00e1rios, o que pode levar, gabarito e calend\u00e1rio","robots":{"index":"index","follow":"follow","max-snippet":"max-snippet:-1","max-image-preview":"max-image-preview:large","max-video-preview":"max-video-preview:-1"},"canonical":"https:\/\/vestibulares.estrategia.com\/portal\/noticias\/prova-ime-2025-1a-fase-o-que-levar-horarios-e-demais-instrucoes\/","og_locale":"pt_BR","og_type":"article","og_title":"Prova IME 2025 1\u00aa fase: o que levar, hor\u00e1rios e demais instru\u00e7\u00f5es","og_description":"Veja mais detalhes da prova do Instituto Militar de Engenharia 2025 1\u00aa fase como os hor\u00e1rios, o que pode levar, gabarito e calend\u00e1rio","og_url":"https:\/\/vestibulares.estrategia.com\/portal\/noticias\/prova-ime-2025-1a-fase-o-que-levar-horarios-e-demais-instrucoes\/","og_site_name":"Estrat\u00e9gia Vestibulares","article_publisher":"https:\/\/facebook.com\/estrategiavestibulares","article_published_time":"2024-09-27T23:27:20+00:00","article_modified_time":"2024-09-27T23:27:25+00:00","og_image":[{"width":1280,"height":720,"url":"https:\/\/vestibulares.estrategia.com\/portal\/wp-content\/uploads\/2024\/09\/prova-ime-2025.jpg","type":"image\/jpeg"}],"author":"Isabela Giordan","twitter_card":"summary_large_image","twitter_creator":"@Estrategiavest","twitter_site":"@Estrategiavest","twitter_misc":{"Escrito por":"Isabela Giordan","Est. tempo de leitura":"4 minutos"},"schema":{"@context":"https:\/\/schema.org","@graph":[{"@type":"NewsArticle","@id":"https:\/\/vestibulares.estrategia.com\/portal\/noticias\/prova-ime-2025-1a-fase-o-que-levar-horarios-e-demais-instrucoes\/#article","isPartOf":{"@id":"https:\/\/vestibulares.estrategia.com\/portal\/noticias\/prova-ime-2025-1a-fase-o-que-levar-horarios-e-demais-instrucoes\/"},"author":{"name":"Isabela Giordan","@id":"https:\/\/vestibulares.estrategia.com\/portal\/#\/schema\/person\/921258b32670b22cbb1ae385e2fcb501"},"headline":"Prova IME 2025 1\u00aa fase: o que levar, hor\u00e1rios e demais instru\u00e7\u00f5es","datePublished":"2024-09-27T23:27:20+00:00","dateModified":"2024-09-27T23:27:25+00:00","mainEntityOfPage":{"@id":"https:\/\/vestibulares.estrategia.com\/portal\/noticias\/prova-ime-2025-1a-fase-o-que-levar-horarios-e-demais-instrucoes\/"},"wordCount":725,"publisher":{"@id":"https:\/\/vestibulares.estrategia.com\/portal\/#organization"},"image":{"@id":"https:\/\/vestibulares.estrategia.com\/portal\/noticias\/prova-ime-2025-1a-fase-o-que-levar-horarios-e-demais-instrucoes\/#primaryimage"},"thumbnailUrl":"https:\/\/vestibulares.estrategia.com\/portal\/wp-content\/uploads\/2024\/09\/prova-ime-2025.jpg","articleSection":["Not\u00edcias"],"inLanguage":"pt-BR"},{"@type":"WebPage","@id":"https:\/\/vestibulares.estrategia.com\/portal\/noticias\/prova-ime-2025-1a-fase-o-que-levar-horarios-e-demais-instrucoes\/","url":"https:\/\/vestibulares.estrategia.com\/portal\/noticias\/prova-ime-2025-1a-fase-o-que-levar-horarios-e-demais-instrucoes\/","name":"Prova IME 2025 1\u00aa fase: o que levar, hor\u00e1rios e demais instru\u00e7\u00f5es","isPartOf":{"@id":"https:\/\/vestibulares.estrategia.com\/portal\/#website"},"primaryImageOfPage":{"@id":"https:\/\/vestibulares.estrategia.com\/portal\/noticias\/prova-ime-2025-1a-fase-o-que-levar-horarios-e-demais-instrucoes\/#primaryimage"},"image":{"@id":"https:\/\/vestibulares.estrategia.com\/portal\/noticias\/prova-ime-2025-1a-fase-o-que-levar-horarios-e-demais-instrucoes\/#primaryimage"},"thumbnailUrl":"https:\/\/vestibulares.estrategia.com\/portal\/wp-content\/uploads\/2024\/09\/prova-ime-2025.jpg","datePublished":"2024-09-27T23:27:20+00:00","dateModified":"2024-09-27T23:27:25+00:00","description":"Veja mais detalhes da prova do Instituto Militar de Engenharia 2025 1\u00aa fase como os hor\u00e1rios, o que pode levar, gabarito e calend\u00e1rio","breadcrumb":{"@id":"https:\/\/vestibulares.estrategia.com\/portal\/noticias\/prova-ime-2025-1a-fase-o-que-levar-horarios-e-demais-instrucoes\/#breadcrumb"},"inLanguage":"pt-BR","potentialAction":[{"@type":"ReadAction","target":["https:\/\/vestibulares.estrategia.com\/portal\/noticias\/prova-ime-2025-1a-fase-o-que-levar-horarios-e-demais-instrucoes\/"]}]},{"@type":"ImageObject","inLanguage":"pt-BR","@id":"https:\/\/vestibulares.estrategia.com\/portal\/noticias\/prova-ime-2025-1a-fase-o-que-levar-horarios-e-demais-instrucoes\/#primaryimage","url":"https:\/\/vestibulares.estrategia.com\/portal\/wp-content\/uploads\/2024\/09\/prova-ime-2025.jpg","contentUrl":"https:\/\/vestibulares.estrategia.com\/portal\/wp-content\/uploads\/2024\/09\/prova-ime-2025.jpg","width":1280,"height":720,"caption":"prova ime 2025"},{"@type":"BreadcrumbList","@id":"https:\/\/vestibulares.estrategia.com\/portal\/noticias\/prova-ime-2025-1a-fase-o-que-levar-horarios-e-demais-instrucoes\/#breadcrumb","itemListElement":[{"@type":"ListItem","position":1,"name":"Home","item":"https:\/\/vestibulares.estrategia.com\/portal\/"},{"@type":"ListItem","position":2,"name":"Not\u00edcias","item":"https:\/\/vestibulares.estrategia.com\/portal\/noticias\/"},{"@type":"ListItem","position":3,"name":"Prova IME 2025 1\u00aa fase: o que levar, hor\u00e1rios e demais instru\u00e7\u00f5es"}]},{"@type":"WebSite","@id":"https:\/\/vestibulares.estrategia.com\/portal\/#website","url":"https:\/\/vestibulares.estrategia.com\/portal\/","name":"Estrat\u00e9gia Vestibulares","description":"","publisher":{"@id":"https:\/\/vestibulares.estrategia.com\/portal\/#organization"},"potentialAction":[{"@type":"SearchAction","target":{"@type":"EntryPoint","urlTemplate":"https:\/\/vestibulares.estrategia.com\/portal\/?s={search_term_string}"},"query-input":{"@type":"PropertyValueSpecification","valueRequired":true,"valueName":"search_term_string"}}],"inLanguage":"pt-BR"},{"@type":"Organization","@id":"https:\/\/vestibulares.estrategia.com\/portal\/#organization","name":"Estrat\u00e9gia Vestibulares","url":"https:\/\/vestibulares.estrategia.com\/portal\/","logo":{"@type":"ImageObject","inLanguage":"pt-BR","@id":"https:\/\/vestibulares.estrategia.com\/portal\/#\/schema\/logo\/image\/","url":"https:\/\/vestibulares.estrategia.com\/portal\/wp-content\/uploads\/2021\/06\/Logo-Vestibulares@4x.png","contentUrl":"https:\/\/vestibulares.estrategia.com\/portal\/wp-content\/uploads\/2021\/06\/Logo-Vestibulares@4x.png","width":250,"height":66,"caption":"Estrat\u00e9gia Vestibulares"},"image":{"@id":"https:\/\/vestibulares.estrategia.com\/portal\/#\/schema\/logo\/image\/"},"sameAs":["https:\/\/facebook.com\/estrategiavestibulares","https:\/\/x.com\/Estrategiavest","https:\/\/www.instagram.com\/estrategiavestibulares","https:\/\/www.youtube.com\/channel\/UCGWdZy8ULI-7_5GrABa4vNA"]},{"@type":"Person","@id":"https:\/\/vestibulares.estrategia.com\/portal\/#\/schema\/person\/921258b32670b22cbb1ae385e2fcb501","name":"Isabela Giordan","image":{"@type":"ImageObject","inLanguage":"pt-BR","@id":"https:\/\/vestibulares.estrategia.com\/portal\/#\/schema\/person\/image\/","url":"https:\/\/secure.gravatar.com\/avatar\/474493e24ecabfb752d6ed2de1af8d2f?s=96&d=mm&r=g","contentUrl":"https:\/\/secure.gravatar.com\/avatar\/474493e24ecabfb752d6ed2de1af8d2f?s=96&d=mm&r=g","caption":"Isabela Giordan"},"description":"Jornalista de Educa\u00e7\u00e3o e Coordenadora de Jornalismo do Estrat\u00e9gia Vestibulares.","url":"https:\/\/vestibulares.estrategia.com\/portal\/author\/isabela\/"}]}},"_wl_alt_label":[],"wl:entity_url":"https:\/\/data.wordlift.io\/wl110249\/post\/prova-ime-2025-1a-fase-o-que-levar-horarios-e-demais-instrucoes","_links":{"self":[{"href":"https:\/\/vestibulares.estrategia.com\/portal\/wp-json\/wp\/v2\/posts\/126086","targetHints":{"allow":["GET"]}}],"collection":[{"href":"https:\/\/vestibulares.estrategia.com\/portal\/wp-json\/wp\/v2\/posts"}],"about":[{"href":"https:\/\/vestibulares.estrategia.com\/portal\/wp-json\/wp\/v2\/types\/post"}],"author":[{"embeddable":true,"href":"https:\/\/vestibulares.estrategia.com\/portal\/wp-json\/wp\/v2\/users\/31"}],"replies":[{"embeddable":true,"href":"https:\/\/vestibulares.estrategia.com\/portal\/wp-json\/wp\/v2\/comments?post=126086"}],"version-history":[{"count":5,"href":"https:\/\/vestibulares.estrategia.com\/portal\/wp-json\/wp\/v2\/posts\/126086\/revisions"}],"predecessor-version":[{"id":126093,"href":"https:\/\/vestibulares.estrategia.com\/portal\/wp-json\/wp\/v2\/posts\/126086\/revisions\/126093"}],"wp:featuredmedia":[{"embeddable":true,"href":"https:\/\/vestibulares.estrategia.com\/portal\/wp-json\/wp\/v2\/media\/126091"}],"wp:attachment":[{"href":"https:\/\/vestibulares.estrategia.com\/portal\/wp-json\/wp\/v2\/media?parent=126086"}],"wp:term":[{"taxonomy":"category","embeddable":true,"href":"https:\/\/vestibulares.estrategia.com\/portal\/wp-json\/wp\/v2\/categories?post=126086"},{"taxonomy":"post_tag","embeddable":true,"href":"https:\/\/vestibulares.estrategia.com\/portal\/wp-json\/wp\/v2\/tags?post=126086"},{"taxonomy":"wl_entity_type","embeddable":true,"href":"https:\/\/vestibulares.estrategia.com\/portal\/wp-json\/wp\/v2\/wl_entity_type?post=126086"}],"curies":[{"name":"wp","href":"https:\/\/api.w.org\/{rel}","templated":true}]}}