{"id":126234,"date":"2024-09-30T17:00:00","date_gmt":"2024-09-30T20:00:00","guid":{"rendered":"https:\/\/vestibulares.estrategia.com\/portal\/?p=126234"},"modified":"2024-10-15T10:37:13","modified_gmt":"2024-10-15T13:37:13","slug":"franca-antartica-e-franca-equinocial","status":"publish","type":"post","link":"https:\/\/vestibulares.estrategia.com\/portal\/materias\/historia\/franca-antartica-e-franca-equinocial\/","title":{"rendered":"Fran\u00e7a Ant\u00e1rtica e Fran\u00e7a Equinocial: o que foram e contexto hist\u00f3rico"},"content":{"rendered":"<p>Fran&ccedil;a Ant&aacute;rtica e Fran&ccedil;a Equinocial &eacute; o nome dado &agrave;s col&ocirc;nias francesas nas Am&eacute;ricas, durante o per&iacute;odo colonial, nos anos 1500 e 1600. Embora a presen&ccedil;a dos franceses n&atilde;o seja a mais expressiva na hist&oacute;ria do Brasil, tamb&eacute;m &eacute; importante conhecer esse per&iacute;odo hist&oacute;rico e observar as consequ&ecirc;ncias socioculturais legadas por essa na&ccedil;&atilde;o sobre o povo brasileiro. Leia este artigo para conhecer mais.<div id=\"ez-toc-container\" class=\"ez-toc-v2_0_76 counter-hierarchy ez-toc-counter ez-toc-transparent ez-toc-container-direction\">\n<div class=\"ez-toc-title-container\"><p class=\"ez-toc-title\" style=\"cursor:inherit\">Navegue pelo conte\u00fado<\/p>\n<\/div><nav><ul class='ez-toc-list ez-toc-list-level-1 ' ><li class='ez-toc-page-1 ez-toc-heading-level-2'><a class=\"ez-toc-link ez-toc-heading-1\" href=\"https:\/\/vestibulares.estrategia.com\/portal\/materias\/historia\/franca-antartica-e-franca-equinocial\/#Contexto-historico-das-colonias-francesas\" >Contexto hist&oacute;rico das col&ocirc;nias francesas<\/a><\/li><li class='ez-toc-page-1 ez-toc-heading-level-2'><a class=\"ez-toc-link ez-toc-heading-2\" href=\"https:\/\/vestibulares.estrategia.com\/portal\/materias\/historia\/franca-antartica-e-franca-equinocial\/#Franca-Antartica-1555-%E2%80%94-1560\" >Fran&ccedil;a Ant&aacute;rtica (1555 &mdash; 1560)<\/a><\/li><li class='ez-toc-page-1 ez-toc-heading-level-2'><a class=\"ez-toc-link ez-toc-heading-3\" href=\"https:\/\/vestibulares.estrategia.com\/portal\/materias\/historia\/franca-antartica-e-franca-equinocial\/#Franca-Equinocial-1612-%E2%80%94-1615\" >Fran&ccedil;a Equinocial (1612 &mdash; 1615)<\/a><\/li><li class='ez-toc-page-1 ez-toc-heading-level-2'><a class=\"ez-toc-link ez-toc-heading-4\" href=\"https:\/\/vestibulares.estrategia.com\/portal\/materias\/historia\/franca-antartica-e-franca-equinocial\/#Questao-de-vestibular-sobre-Franca-Antartica-e-Franca-Equinocial\" >Quest&atilde;o de vestibular sobre Fran&ccedil;a Ant&aacute;rtica e Fran&ccedil;a Equinocial<\/a><\/li><li class='ez-toc-page-1 ez-toc-heading-level-2'><a class=\"ez-toc-link ez-toc-heading-5\" href=\"https:\/\/vestibulares.estrategia.com\/portal\/materias\/historia\/franca-antartica-e-franca-equinocial\/#Estude-mais-com-a-Coruja\" >Estude mais com a Coruja!<\/a><\/li><\/ul><\/nav><\/div>\n<h2 class=\"wp-block-heading\" id=\"h-contexto-historico-das-colonias-francesas\"><span class=\"ez-toc-section\" id=\"Contexto-historico-das-colonias-francesas\"><\/span>Contexto hist&oacute;rico das col&ocirc;nias francesas<span class=\"ez-toc-section-end\"><\/span><\/h2><p>As col&ocirc;nias francesas no Brasil n&atilde;o ocorreram de forma simult&acirc;nea, est&atilde;o separadas por algumas d&eacute;cadas, mas ambas est&atilde;o inseridas no contexto hist&oacute;rico do <a href=\"https:\/\/www.youtube.com\/watch?v=C-6DLeL5JIo&amp;pp=ygUgQ09MT05JQUwgZXN0cmF0ZWdpYSB2ZXN0aWJ1bGFyZXM%3D\" target=\"_blank\">per&iacute;odo colonial brasileiro<\/a>. De fato, naquela &eacute;poca, as na&ccedil;&otilde;es europeias estavam em movimento para conquistar territ&oacute;rios long&iacute;nquos e, a partir deles, angariar recursos e riquezas.&nbsp;<\/p><p>Os Estados que mais se destacaram no processo de coloniza&ccedil;&atilde;o foram Portugal, Espanha e Inglaterra, principalmente. Outros povos tamb&eacute;m se empenharam, em menor escala, como a Holanda e a Fran&ccedil;a, que tamb&eacute;m estiveram presentes no <a href=\"https:\/\/vestibulares.estrategia.com\/portal\/materias\/historia\/periodo-colonial-do-brasil\/\" target=\"_blank\">Brasil Colonial<\/a>.&nbsp;<\/p><p>Quando os portugueses e espanhois encontraram as regi&otilde;es americanas, mobilizaram-se para proteger esses territ&oacute;rios de poss&iacute;veis invas&otilde;es ou que outros povos dominassem aquela regi&atilde;o. Afinal, a concep&ccedil;&atilde;o da &eacute;poca era de que as terras e grupos ind&iacute;genas encontrados pelos europeus precisavam ser civilizados, cuidados e explorados &mdash; esse &eacute; o cerne do eurocentrismo.<\/p><p>A grande quest&atilde;o &eacute; que a decis&atilde;o entre Portugal e Espanha n&atilde;o foi bem recebida por outras na&ccedil;&otilde;es europeias, que tamb&eacute;m reivindicavam seus &ldquo;direitos&rdquo; sobre outros territ&oacute;rios, onde gostariam de estabelecer col&ocirc;nias. Ent&atilde;o, para lutar e conquistar fontes de riqueza colonial, esses Estados partiram em navega&ccedil;&otilde;es, e foi assim que os franceses chegaram at&eacute; as terras coloniais brasileiras.<\/p><p>Durante o s&eacute;culo XVI, ainda, a Fran&ccedil;a vivia problemas s&oacute;cio-culturais, principalmente em rela&ccedil;&atilde;o &agrave; religi&atilde;o. O embate entre o catolicismo e o protestantismo causava uma instabilidade na na&ccedil;&atilde;o. Para garantir o crescimento da f&eacute; cat&oacute;lica e a progress&atilde;o da religi&atilde;o, a Igreja Cat&oacute;lica perseguiu protestantes, um outro fator que impulsionava os franceses a deixarem a Europa &mdash; isso fortaleceu o desejo em sair do pa&iacute;s e encontrar um novo territ&oacute;rio para se estabelecer.&nbsp;<\/p><h2 class=\"wp-block-heading\" id=\"h-franca-antartica-1555-1560\"><span class=\"ez-toc-section\" id=\"Franca-Antartica-1555-%E2%80%94-1560\"><\/span>Fran&ccedil;a Ant&aacute;rtica (1555 &mdash; 1560)<span class=\"ez-toc-section-end\"><\/span><\/h2><p>A primeira tentativa de coloniza&ccedil;&atilde;o francesa no territ&oacute;rio brasileiro foi a Fran&ccedil;a Ant&aacute;rtica, que aconteceu nos territ&oacute;rios que hoje comp&otilde;em o Rio de Janeiro, mais especificamente nas regi&otilde;es da Ba&iacute;a de Guanabara e da Laje, na capital.&nbsp;<\/p><p>Em 1555 os portugueses ainda estavam em estabelecimento na col&ocirc;nia, ent&atilde;o n&atilde;o tinham um projeto s&oacute;lido para a ocupa&ccedil;&atilde;o de muitas regi&otilde;es, o que tornou-se uma brecha para a consolida&ccedil;&atilde;o da Fran&ccedil;a Ant&aacute;rtica.<\/p><p>Nas estrat&eacute;gias de coloniza&ccedil;&atilde;o aplicadas pelos franceses, destaca-se a uni&atilde;o dos europeus com tribos ind&iacute;genas que j&aacute; habitavam o territ&oacute;rio, como os Tamoios e Tupinamb&aacute;s. Os nativos tinham um conhecimento mais amplo da regi&atilde;o, da fauna e flora, alimenta&ccedil;&atilde;o e h&aacute;bitos mais adequados, assim, o espa&ccedil;o em si tornou-se menos hostil aos europeus.&nbsp;<\/p><p>Afinal, a Europa possui clima e vegeta&ccedil;&atilde;o completamente diferente do que era vivenciado na regi&atilde;o brasileira e, ao possuir um conhecimento dos povos que estavam aqui, ganharam vantagem para ter uma coloniza&ccedil;&atilde;o bem sucedida. Ainda, conquistaram um apoio humano importante &mdash; enquanto que muitos portugueses estavam sofrendo com a resist&ecirc;ncia imposta pelas tribos, pela rela&ccedil;&atilde;o pouqu&iacute;ssimo amistosa entre eles.&nbsp;<\/p><p>Al&eacute;m da boa rela&ccedil;&atilde;o por si s&oacute;, franceses e ind&iacute;genas cultivavam o mesmo objetivo: eliminar os portugueses do territ&oacute;rio. Os primeiros para constru&iacute;rem v&iacute;nculos coloniais mais fortes e abrangentes, os segundos para proteger suas terras de um povo diferente e de tratamento hostil.&nbsp;<\/p><p>Apesar das articula&ccedil;&otilde;es e estrat&eacute;gias, a coloniza&ccedil;&atilde;o portuguesa estava em ascens&atilde;o, com apoio financeiro e cada dia mais coordenada. Ent&atilde;o, o terceiro governador geral do Brasil, Mem de S&aacute;, que tinha o objetivo de gerenciar a vida colonial e as riquezas cunhadas para Portugal, empenhou-se na expuls&atilde;o dos franceses, que deixaram a regi&atilde;o em 1560.&nbsp;<\/p><h2 class=\"wp-block-heading\" id=\"h-franca-equinocial-1612-1615\"><span class=\"ez-toc-section\" id=\"Franca-Equinocial-1612-%E2%80%94-1615\"><\/span>Fran&ccedil;a Equinocial (1612 &mdash; 1615)<span class=\"ez-toc-section-end\"><\/span><\/h2><p>Os franceses n&atilde;o desistiram do objetivo de conquistar terras brasileiras e explorar os recursos aqui presentes: em 1612 voltaram ao continente americano, especificamente na regi&atilde;o do Brasil Colonial, mas agora em um espa&ccedil;o geogr&aacute;fico mais pr&oacute;ximo da linha do Equador, &eacute; a raz&atilde;o do nome &ldquo;Fran&ccedil;a Equinocial&rdquo;.&nbsp;<\/p><p>Novamente a estrat&eacute;gia francesa foi, claramente, alinhar-se com os ind&iacute;genas para utilizar os conhecimentos nativos no estabelecimento e conhecimento da terra, e at&eacute; mesmo para a possibilidade de explorar a regi&atilde;o em um futuro pr&oacute;ximo. A expedi&ccedil;&atilde;o liderada pelo franc&ecirc;s Daniel de La Touche aproximou-se, ent&atilde;o, da tribo de ind&iacute;genas Tupinamb&aacute;s.&nbsp;<\/p><p>A regi&atilde;o dominada, dessa vez, corresponde ao territ&oacute;rio de S&atilde;o Lu&iacute;s (MA), regi&atilde;o norte e nordeste do pa&iacute;s e que se expandiu ao longo da coloniza&ccedil;&atilde;o francesa, ocupando espa&ccedil;os de outros tr&ecirc;s estados, entre eles Amap&aacute; e Par&aacute;.<\/p><p>Apesar dos esfor&ccedil;os em conhecer a regi&atilde;o e construir uma col&ocirc;nia s&oacute;lida, os franceses estavam cercados pela domina&ccedil;&atilde;o portuguesa e tamb&eacute;m espanhola, ent&atilde;o era uma col&ocirc;nia isolada que tornava-se fr&aacute;gil estrategicamente. Em 1615 foram, ent&atilde;o, derrotados por tropas lusitanas e espanholas e tamb&eacute;m por outras tribos ind&iacute;genas, que tinham se alinhado ao poder ib&eacute;rico e discordavam da presen&ccedil;a dos franceses.&nbsp;<\/p><h2 class=\"wp-block-heading\" id=\"h-questao-de-vestibular-sobre-franca-antartica-e-franca-equinocial\"><span class=\"ez-toc-section\" id=\"Questao-de-vestibular-sobre-Franca-Antartica-e-Franca-Equinocial\"><\/span>Quest&atilde;o de vestibular sobre Fran&ccedil;a Ant&aacute;rtica e Fran&ccedil;a Equinocial<span class=\"ez-toc-section-end\"><\/span><\/h2><p>Universidade Estadual do Cear&aacute; &mdash; UECE (2018)<\/p><p>Sobre a presen&ccedil;a de europeus, durante os s&eacute;culos XVI, XVII e XVIII, no territ&oacute;rio que hoje pertence ao Brasil, &eacute; correto afirmar que&nbsp;<\/p><p><strong>A) <\/strong>se restringiu aos portugueses que, desde o <a href=\"https:\/\/vestibulares.estrategia.com\/portal\/materias\/historia\/tratado-de-tordesilhas\/\">Tratado de Tordesilhas<\/a>, eram os &uacute;nicos com direito sobre esta terra plenamente reconhecido pelas demais na&ccedil;&otilde;es europeias.&nbsp;<br><strong>B) <\/strong>diferentemente de outras regi&otilde;es da Am&eacute;rica, nenhuma das cidades do Brasil sofreu ataques de piratas ou cors&aacute;rios de origem europeia.<br><strong>C) <\/strong>devido ao Tratado de Tordesilhas, apenas portugueses e espanh&oacute;is estiveram pelas terras brasileiras durante os s&eacute;culos de nossa coloniza&ccedil;&atilde;o.&nbsp;<br><strong>D) <\/strong>al&eacute;m dos portugueses, em diversas regi&otilde;es do atual territ&oacute;rio brasileiro, nos primeiros s&eacute;culos da col&ocirc;nia, houve presen&ccedil;as de espanh&oacute;is, franceses e holandeses.&nbsp;<\/p><details class=\"wp-block-details is-layout-flow wp-block-details-is-layout-flow\"><summary>Resposta<\/summary>\n<p>Os franceses promoveram invas&otilde;es no Rio de Janeiro, onde fundaram a Fran&ccedil;a Ant&aacute;rtica, e no Maranh&atilde;o, onde foi criada a Fran&ccedil;a Equinocial. Os holandeses, por sua vez, almejaram a tomada da cidade de Salvador, e diante do fracasso, direcionaram for&ccedil;as para a regi&atilde;o nordeste, onde tomaram a cidade de Olinda, na capitania de Pernambuco.<br><br><strong>Alternativa correta: <\/strong>D.&nbsp;<\/p>\n<\/details><h2 class=\"wp-block-heading\" id=\"h-estude-mais-com-a-coruja\"><span class=\"ez-toc-section\" id=\"Estude-mais-com-a-Coruja\"><\/span>Estude mais com a Coruja!<span class=\"ez-toc-section-end\"><\/span><\/h2><p>O Estrat&eacute;gia Vestibulares &eacute; uma plataforma de estudo com milhares de quest&otilde;es de vestibulares respondidas de todo o Pa&iacute;s. O <a href=\"https:\/\/vestibulares.estrategia.com\/curso\/banco-de-questes-anual\/\" target=\"_blank\" rel=\"noopener noreferrer\">Banco de Quest&otilde;es <\/a>abrange todas as disciplinas, com resolu&ccedil;&atilde;o de professores especialistas e muitos v&iacute;deos explicativos.<\/p><p>Nos cursos preparat&oacute;rios da Coruja, voc&ecirc; ter&aacute; acesso a aulas espec&iacute;ficas, de acordo com o conte&uacute;do program&aacute;tico de cada disciplina, com material did&aacute;tico de qualidade, em diferentes plataformas multim&iacute;dias. Clique no banner abaixo e saiba mais!<\/p><\/p>\n","protected":false},"excerpt":{"rendered":"Fran&ccedil;a Ant&aacute;rtica e Fran&ccedil;a Equinocial &eacute; o nome dado &agrave;s col&ocirc;nias francesas nas Am&eacute;ricas, durante o per&iacute;odo colonial,&hellip;\n","protected":false},"author":23,"featured_media":126223,"comment_status":"closed","ping_status":"closed","sticky":false,"template":"","format":"standard","meta":{"wl_entities_gutenberg":"","footnotes":""},"categories":[32],"tags":[],"wl_entity_type":[732],"class_list":{"0":"post-126234","1":"post","2":"type-post","3":"status-publish","4":"format-standard","5":"has-post-thumbnail","7":"category-historia","8":"wl_entity_type-article"},"acf":[],"yoast_head":"<!-- This site is optimized with the Yoast SEO Premium plugin v25.9 (Yoast SEO v25.9) - https:\/\/yoast.com\/wordpress\/plugins\/seo\/ -->\n<title>Fran\u00e7a Ant\u00e1rtica e Fran\u00e7a Equinocial: o que foram e contexto<\/title>\n<meta name=\"description\" content=\"Fran\u00e7a Ant\u00e1rtica e Fran\u00e7a Equinocial s\u00e3o as col\u00f4nias francesas nas Am\u00e9ricas, durante o per\u00edodo colonial, nos anos 1500 e 1600. Conhe\u00e7a!\" \/>\n<meta name=\"robots\" content=\"index, follow, max-snippet:-1, max-image-preview:large, max-video-preview:-1\" \/>\n<link rel=\"canonical\" href=\"https:\/\/vestibulares.estrategia.com\/portal\/materias\/historia\/franca-antartica-e-franca-equinocial\/\" \/>\n<meta property=\"og:locale\" content=\"pt_BR\" \/>\n<meta property=\"og:type\" content=\"article\" \/>\n<meta property=\"og:title\" content=\"Fran\u00e7a Ant\u00e1rtica e Fran\u00e7a Equinocial: o que foram e contexto hist\u00f3rico\" \/>\n<meta property=\"og:description\" content=\"Fran\u00e7a Ant\u00e1rtica e Fran\u00e7a Equinocial s\u00e3o as col\u00f4nias francesas nas Am\u00e9ricas, durante o per\u00edodo colonial, nos anos 1500 e 1600. Conhe\u00e7a!\" \/>\n<meta property=\"og:url\" content=\"https:\/\/vestibulares.estrategia.com\/portal\/materias\/historia\/franca-antartica-e-franca-equinocial\/\" \/>\n<meta property=\"og:site_name\" content=\"Estrat\u00e9gia Vestibulares\" \/>\n<meta property=\"article:publisher\" content=\"https:\/\/facebook.com\/estrategiavestibulares\" \/>\n<meta property=\"article:published_time\" content=\"2024-09-30T20:00:00+00:00\" \/>\n<meta property=\"article:modified_time\" content=\"2024-10-15T13:37:13+00:00\" \/>\n<meta property=\"og:image\" content=\"https:\/\/vestibulares.estrategia.com\/portal\/wp-content\/uploads\/2024\/09\/pexels-atypeek-5781917.jpg\" \/>\n\t<meta property=\"og:image:width\" content=\"1280\" \/>\n\t<meta property=\"og:image:height\" content=\"853\" \/>\n\t<meta property=\"og:image:type\" content=\"image\/jpeg\" \/>\n<meta name=\"author\" content=\"Kauane Elias\" \/>\n<meta name=\"twitter:card\" content=\"summary_large_image\" \/>\n<meta name=\"twitter:creator\" content=\"@Estrategiavest\" \/>\n<meta name=\"twitter:site\" content=\"@Estrategiavest\" \/>\n<meta name=\"twitter:label1\" content=\"Escrito por\" \/>\n\t<meta name=\"twitter:data1\" content=\"Kauane Elias\" \/>\n\t<meta name=\"twitter:label2\" content=\"Est. tempo de leitura\" \/>\n\t<meta name=\"twitter:data2\" content=\"6 minutos\" \/>\n<script type=\"application\/ld+json\" class=\"yoast-schema-graph\">{\"@context\":\"https:\/\/schema.org\",\"@graph\":[{\"@type\":\"Article\",\"@id\":\"https:\/\/vestibulares.estrategia.com\/portal\/materias\/historia\/franca-antartica-e-franca-equinocial\/#article\",\"isPartOf\":{\"@id\":\"https:\/\/vestibulares.estrategia.com\/portal\/materias\/historia\/franca-antartica-e-franca-equinocial\/\"},\"author\":{\"name\":\"Kauane Elias\",\"@id\":\"https:\/\/vestibulares.estrategia.com\/portal\/#\/schema\/person\/c3c8aff2b0e78cda59fba186b818b7b1\"},\"headline\":\"Fran\u00e7a Ant\u00e1rtica e Fran\u00e7a Equinocial: o que foram e contexto hist\u00f3rico\",\"datePublished\":\"2024-09-30T20:00:00+00:00\",\"dateModified\":\"2024-10-15T13:37:13+00:00\",\"mainEntityOfPage\":{\"@id\":\"https:\/\/vestibulares.estrategia.com\/portal\/materias\/historia\/franca-antartica-e-franca-equinocial\/\"},\"wordCount\":1279,\"publisher\":{\"@id\":\"https:\/\/vestibulares.estrategia.com\/portal\/#organization\"},\"image\":{\"@id\":\"https:\/\/vestibulares.estrategia.com\/portal\/materias\/historia\/franca-antartica-e-franca-equinocial\/#primaryimage\"},\"thumbnailUrl\":\"https:\/\/vestibulares.estrategia.com\/portal\/wp-content\/uploads\/2024\/09\/pexels-atypeek-5781917.jpg\",\"articleSection\":[\"Hist\u00f3ria\"],\"inLanguage\":\"pt-BR\"},{\"@type\":\"WebPage\",\"@id\":\"https:\/\/vestibulares.estrategia.com\/portal\/materias\/historia\/franca-antartica-e-franca-equinocial\/\",\"url\":\"https:\/\/vestibulares.estrategia.com\/portal\/materias\/historia\/franca-antartica-e-franca-equinocial\/\",\"name\":\"Fran\u00e7a Ant\u00e1rtica e Fran\u00e7a Equinocial: o que foram e contexto\",\"isPartOf\":{\"@id\":\"https:\/\/vestibulares.estrategia.com\/portal\/#website\"},\"primaryImageOfPage\":{\"@id\":\"https:\/\/vestibulares.estrategia.com\/portal\/materias\/historia\/franca-antartica-e-franca-equinocial\/#primaryimage\"},\"image\":{\"@id\":\"https:\/\/vestibulares.estrategia.com\/portal\/materias\/historia\/franca-antartica-e-franca-equinocial\/#primaryimage\"},\"thumbnailUrl\":\"https:\/\/vestibulares.estrategia.com\/portal\/wp-content\/uploads\/2024\/09\/pexels-atypeek-5781917.jpg\",\"datePublished\":\"2024-09-30T20:00:00+00:00\",\"dateModified\":\"2024-10-15T13:37:13+00:00\",\"description\":\"Fran\u00e7a Ant\u00e1rtica e Fran\u00e7a Equinocial s\u00e3o as col\u00f4nias francesas nas Am\u00e9ricas, durante o per\u00edodo colonial, nos anos 1500 e 1600. Conhe\u00e7a!\",\"breadcrumb\":{\"@id\":\"https:\/\/vestibulares.estrategia.com\/portal\/materias\/historia\/franca-antartica-e-franca-equinocial\/#breadcrumb\"},\"inLanguage\":\"pt-BR\",\"potentialAction\":[{\"@type\":\"ReadAction\",\"target\":[\"https:\/\/vestibulares.estrategia.com\/portal\/materias\/historia\/franca-antartica-e-franca-equinocial\/\"]}]},{\"@type\":\"ImageObject\",\"inLanguage\":\"pt-BR\",\"@id\":\"https:\/\/vestibulares.estrategia.com\/portal\/materias\/historia\/franca-antartica-e-franca-equinocial\/#primaryimage\",\"url\":\"https:\/\/vestibulares.estrategia.com\/portal\/wp-content\/uploads\/2024\/09\/pexels-atypeek-5781917.jpg\",\"contentUrl\":\"https:\/\/vestibulares.estrategia.com\/portal\/wp-content\/uploads\/2024\/09\/pexels-atypeek-5781917.jpg\",\"width\":1280,\"height\":853},{\"@type\":\"BreadcrumbList\",\"@id\":\"https:\/\/vestibulares.estrategia.com\/portal\/materias\/historia\/franca-antartica-e-franca-equinocial\/#breadcrumb\",\"itemListElement\":[{\"@type\":\"ListItem\",\"position\":1,\"name\":\"Home\",\"item\":\"https:\/\/vestibulares.estrategia.com\/portal\/\"},{\"@type\":\"ListItem\",\"position\":2,\"name\":\"Mat\u00e9rias\",\"item\":\"https:\/\/vestibulares.estrategia.com\/portal\/materias\/\"},{\"@type\":\"ListItem\",\"position\":3,\"name\":\"Hist\u00f3ria\",\"item\":\"https:\/\/vestibulares.estrategia.com\/portal\/materias\/historia\/\"},{\"@type\":\"ListItem\",\"position\":4,\"name\":\"Fran\u00e7a Ant\u00e1rtica e Fran\u00e7a Equinocial: o que foram e contexto hist\u00f3rico\"}]},{\"@type\":\"WebSite\",\"@id\":\"https:\/\/vestibulares.estrategia.com\/portal\/#website\",\"url\":\"https:\/\/vestibulares.estrategia.com\/portal\/\",\"name\":\"Estrat\u00e9gia Vestibulares\",\"description\":\"\",\"publisher\":{\"@id\":\"https:\/\/vestibulares.estrategia.com\/portal\/#organization\"},\"potentialAction\":[{\"@type\":\"SearchAction\",\"target\":{\"@type\":\"EntryPoint\",\"urlTemplate\":\"https:\/\/vestibulares.estrategia.com\/portal\/?s={search_term_string}\"},\"query-input\":{\"@type\":\"PropertyValueSpecification\",\"valueRequired\":true,\"valueName\":\"search_term_string\"}}],\"inLanguage\":\"pt-BR\"},{\"@type\":\"Organization\",\"@id\":\"https:\/\/vestibulares.estrategia.com\/portal\/#organization\",\"name\":\"Estrat\u00e9gia Vestibulares\",\"url\":\"https:\/\/vestibulares.estrategia.com\/portal\/\",\"logo\":{\"@type\":\"ImageObject\",\"inLanguage\":\"pt-BR\",\"@id\":\"https:\/\/vestibulares.estrategia.com\/portal\/#\/schema\/logo\/image\/\",\"url\":\"https:\/\/vestibulares.estrategia.com\/portal\/wp-content\/uploads\/2021\/06\/Logo-Vestibulares@4x.png\",\"contentUrl\":\"https:\/\/vestibulares.estrategia.com\/portal\/wp-content\/uploads\/2021\/06\/Logo-Vestibulares@4x.png\",\"width\":250,\"height\":66,\"caption\":\"Estrat\u00e9gia Vestibulares\"},\"image\":{\"@id\":\"https:\/\/vestibulares.estrategia.com\/portal\/#\/schema\/logo\/image\/\"},\"sameAs\":[\"https:\/\/facebook.com\/estrategiavestibulares\",\"https:\/\/x.com\/Estrategiavest\",\"https:\/\/www.instagram.com\/estrategiavestibulares\",\"https:\/\/www.youtube.com\/channel\/UCGWdZy8ULI-7_5GrABa4vNA\"]},{\"@type\":\"Person\",\"@id\":\"https:\/\/vestibulares.estrategia.com\/portal\/#\/schema\/person\/c3c8aff2b0e78cda59fba186b818b7b1\",\"name\":\"Kauane Elias\",\"image\":{\"@type\":\"ImageObject\",\"inLanguage\":\"pt-BR\",\"@id\":\"https:\/\/vestibulares.estrategia.com\/portal\/#\/schema\/person\/image\/\",\"url\":\"https:\/\/secure.gravatar.com\/avatar\/81836e2e844ccd58ea28aa1cf206f0c2?s=96&d=mm&r=g\",\"contentUrl\":\"https:\/\/secure.gravatar.com\/avatar\/81836e2e844ccd58ea28aa1cf206f0c2?s=96&d=mm&r=g\",\"caption\":\"Kauane Elias\"},\"description\":\"Medicina - Unicamp. F\u00e9. \\\"Um mundo melhor come\u00e7a na transforma\u00e7\u00e3o do pr\u00f3prio mundo!\\\"\",\"url\":\"https:\/\/vestibulares.estrategia.com\/portal\/author\/kauane\/\"}]}<\/script>\n<!-- \/ Yoast SEO Premium plugin. -->","yoast_head_json":{"title":"Fran\u00e7a Ant\u00e1rtica e Fran\u00e7a Equinocial: o que foram e contexto","description":"Fran\u00e7a Ant\u00e1rtica e Fran\u00e7a Equinocial s\u00e3o as col\u00f4nias francesas nas Am\u00e9ricas, durante o per\u00edodo colonial, nos anos 1500 e 1600. Conhe\u00e7a!","robots":{"index":"index","follow":"follow","max-snippet":"max-snippet:-1","max-image-preview":"max-image-preview:large","max-video-preview":"max-video-preview:-1"},"canonical":"https:\/\/vestibulares.estrategia.com\/portal\/materias\/historia\/franca-antartica-e-franca-equinocial\/","og_locale":"pt_BR","og_type":"article","og_title":"Fran\u00e7a Ant\u00e1rtica e Fran\u00e7a Equinocial: o que foram e contexto hist\u00f3rico","og_description":"Fran\u00e7a Ant\u00e1rtica e Fran\u00e7a Equinocial s\u00e3o as col\u00f4nias francesas nas Am\u00e9ricas, durante o per\u00edodo colonial, nos anos 1500 e 1600. Conhe\u00e7a!","og_url":"https:\/\/vestibulares.estrategia.com\/portal\/materias\/historia\/franca-antartica-e-franca-equinocial\/","og_site_name":"Estrat\u00e9gia Vestibulares","article_publisher":"https:\/\/facebook.com\/estrategiavestibulares","article_published_time":"2024-09-30T20:00:00+00:00","article_modified_time":"2024-10-15T13:37:13+00:00","og_image":[{"width":1280,"height":853,"url":"https:\/\/vestibulares.estrategia.com\/portal\/wp-content\/uploads\/2024\/09\/pexels-atypeek-5781917.jpg","type":"image\/jpeg"}],"author":"Kauane Elias","twitter_card":"summary_large_image","twitter_creator":"@Estrategiavest","twitter_site":"@Estrategiavest","twitter_misc":{"Escrito por":"Kauane Elias","Est. tempo de leitura":"6 minutos"},"schema":{"@context":"https:\/\/schema.org","@graph":[{"@type":"Article","@id":"https:\/\/vestibulares.estrategia.com\/portal\/materias\/historia\/franca-antartica-e-franca-equinocial\/#article","isPartOf":{"@id":"https:\/\/vestibulares.estrategia.com\/portal\/materias\/historia\/franca-antartica-e-franca-equinocial\/"},"author":{"name":"Kauane Elias","@id":"https:\/\/vestibulares.estrategia.com\/portal\/#\/schema\/person\/c3c8aff2b0e78cda59fba186b818b7b1"},"headline":"Fran\u00e7a Ant\u00e1rtica e Fran\u00e7a Equinocial: o que foram e contexto hist\u00f3rico","datePublished":"2024-09-30T20:00:00+00:00","dateModified":"2024-10-15T13:37:13+00:00","mainEntityOfPage":{"@id":"https:\/\/vestibulares.estrategia.com\/portal\/materias\/historia\/franca-antartica-e-franca-equinocial\/"},"wordCount":1279,"publisher":{"@id":"https:\/\/vestibulares.estrategia.com\/portal\/#organization"},"image":{"@id":"https:\/\/vestibulares.estrategia.com\/portal\/materias\/historia\/franca-antartica-e-franca-equinocial\/#primaryimage"},"thumbnailUrl":"https:\/\/vestibulares.estrategia.com\/portal\/wp-content\/uploads\/2024\/09\/pexels-atypeek-5781917.jpg","articleSection":["Hist\u00f3ria"],"inLanguage":"pt-BR"},{"@type":"WebPage","@id":"https:\/\/vestibulares.estrategia.com\/portal\/materias\/historia\/franca-antartica-e-franca-equinocial\/","url":"https:\/\/vestibulares.estrategia.com\/portal\/materias\/historia\/franca-antartica-e-franca-equinocial\/","name":"Fran\u00e7a Ant\u00e1rtica e Fran\u00e7a Equinocial: o que foram e contexto","isPartOf":{"@id":"https:\/\/vestibulares.estrategia.com\/portal\/#website"},"primaryImageOfPage":{"@id":"https:\/\/vestibulares.estrategia.com\/portal\/materias\/historia\/franca-antartica-e-franca-equinocial\/#primaryimage"},"image":{"@id":"https:\/\/vestibulares.estrategia.com\/portal\/materias\/historia\/franca-antartica-e-franca-equinocial\/#primaryimage"},"thumbnailUrl":"https:\/\/vestibulares.estrategia.com\/portal\/wp-content\/uploads\/2024\/09\/pexels-atypeek-5781917.jpg","datePublished":"2024-09-30T20:00:00+00:00","dateModified":"2024-10-15T13:37:13+00:00","description":"Fran\u00e7a Ant\u00e1rtica e Fran\u00e7a Equinocial s\u00e3o as col\u00f4nias francesas nas Am\u00e9ricas, durante o per\u00edodo colonial, nos anos 1500 e 1600. Conhe\u00e7a!","breadcrumb":{"@id":"https:\/\/vestibulares.estrategia.com\/portal\/materias\/historia\/franca-antartica-e-franca-equinocial\/#breadcrumb"},"inLanguage":"pt-BR","potentialAction":[{"@type":"ReadAction","target":["https:\/\/vestibulares.estrategia.com\/portal\/materias\/historia\/franca-antartica-e-franca-equinocial\/"]}]},{"@type":"ImageObject","inLanguage":"pt-BR","@id":"https:\/\/vestibulares.estrategia.com\/portal\/materias\/historia\/franca-antartica-e-franca-equinocial\/#primaryimage","url":"https:\/\/vestibulares.estrategia.com\/portal\/wp-content\/uploads\/2024\/09\/pexels-atypeek-5781917.jpg","contentUrl":"https:\/\/vestibulares.estrategia.com\/portal\/wp-content\/uploads\/2024\/09\/pexels-atypeek-5781917.jpg","width":1280,"height":853},{"@type":"BreadcrumbList","@id":"https:\/\/vestibulares.estrategia.com\/portal\/materias\/historia\/franca-antartica-e-franca-equinocial\/#breadcrumb","itemListElement":[{"@type":"ListItem","position":1,"name":"Home","item":"https:\/\/vestibulares.estrategia.com\/portal\/"},{"@type":"ListItem","position":2,"name":"Mat\u00e9rias","item":"https:\/\/vestibulares.estrategia.com\/portal\/materias\/"},{"@type":"ListItem","position":3,"name":"Hist\u00f3ria","item":"https:\/\/vestibulares.estrategia.com\/portal\/materias\/historia\/"},{"@type":"ListItem","position":4,"name":"Fran\u00e7a Ant\u00e1rtica e Fran\u00e7a Equinocial: o que foram e contexto hist\u00f3rico"}]},{"@type":"WebSite","@id":"https:\/\/vestibulares.estrategia.com\/portal\/#website","url":"https:\/\/vestibulares.estrategia.com\/portal\/","name":"Estrat\u00e9gia Vestibulares","description":"","publisher":{"@id":"https:\/\/vestibulares.estrategia.com\/portal\/#organization"},"potentialAction":[{"@type":"SearchAction","target":{"@type":"EntryPoint","urlTemplate":"https:\/\/vestibulares.estrategia.com\/portal\/?s={search_term_string}"},"query-input":{"@type":"PropertyValueSpecification","valueRequired":true,"valueName":"search_term_string"}}],"inLanguage":"pt-BR"},{"@type":"Organization","@id":"https:\/\/vestibulares.estrategia.com\/portal\/#organization","name":"Estrat\u00e9gia Vestibulares","url":"https:\/\/vestibulares.estrategia.com\/portal\/","logo":{"@type":"ImageObject","inLanguage":"pt-BR","@id":"https:\/\/vestibulares.estrategia.com\/portal\/#\/schema\/logo\/image\/","url":"https:\/\/vestibulares.estrategia.com\/portal\/wp-content\/uploads\/2021\/06\/Logo-Vestibulares@4x.png","contentUrl":"https:\/\/vestibulares.estrategia.com\/portal\/wp-content\/uploads\/2021\/06\/Logo-Vestibulares@4x.png","width":250,"height":66,"caption":"Estrat\u00e9gia Vestibulares"},"image":{"@id":"https:\/\/vestibulares.estrategia.com\/portal\/#\/schema\/logo\/image\/"},"sameAs":["https:\/\/facebook.com\/estrategiavestibulares","https:\/\/x.com\/Estrategiavest","https:\/\/www.instagram.com\/estrategiavestibulares","https:\/\/www.youtube.com\/channel\/UCGWdZy8ULI-7_5GrABa4vNA"]},{"@type":"Person","@id":"https:\/\/vestibulares.estrategia.com\/portal\/#\/schema\/person\/c3c8aff2b0e78cda59fba186b818b7b1","name":"Kauane Elias","image":{"@type":"ImageObject","inLanguage":"pt-BR","@id":"https:\/\/vestibulares.estrategia.com\/portal\/#\/schema\/person\/image\/","url":"https:\/\/secure.gravatar.com\/avatar\/81836e2e844ccd58ea28aa1cf206f0c2?s=96&d=mm&r=g","contentUrl":"https:\/\/secure.gravatar.com\/avatar\/81836e2e844ccd58ea28aa1cf206f0c2?s=96&d=mm&r=g","caption":"Kauane Elias"},"description":"Medicina - Unicamp. F\u00e9. \"Um mundo melhor come\u00e7a na transforma\u00e7\u00e3o do pr\u00f3prio mundo!\"","url":"https:\/\/vestibulares.estrategia.com\/portal\/author\/kauane\/"}]}},"_wl_alt_label":[],"wl:entity_url":"https:\/\/data.wordlift.io\/wl110249\/post\/franca-antartica-e-franca-equinocial","_links":{"self":[{"href":"https:\/\/vestibulares.estrategia.com\/portal\/wp-json\/wp\/v2\/posts\/126234","targetHints":{"allow":["GET"]}}],"collection":[{"href":"https:\/\/vestibulares.estrategia.com\/portal\/wp-json\/wp\/v2\/posts"}],"about":[{"href":"https:\/\/vestibulares.estrategia.com\/portal\/wp-json\/wp\/v2\/types\/post"}],"author":[{"embeddable":true,"href":"https:\/\/vestibulares.estrategia.com\/portal\/wp-json\/wp\/v2\/users\/23"}],"replies":[{"embeddable":true,"href":"https:\/\/vestibulares.estrategia.com\/portal\/wp-json\/wp\/v2\/comments?post=126234"}],"version-history":[{"count":3,"href":"https:\/\/vestibulares.estrategia.com\/portal\/wp-json\/wp\/v2\/posts\/126234\/revisions"}],"predecessor-version":[{"id":126949,"href":"https:\/\/vestibulares.estrategia.com\/portal\/wp-json\/wp\/v2\/posts\/126234\/revisions\/126949"}],"wp:featuredmedia":[{"embeddable":true,"href":"https:\/\/vestibulares.estrategia.com\/portal\/wp-json\/wp\/v2\/media\/126223"}],"wp:attachment":[{"href":"https:\/\/vestibulares.estrategia.com\/portal\/wp-json\/wp\/v2\/media?parent=126234"}],"wp:term":[{"taxonomy":"category","embeddable":true,"href":"https:\/\/vestibulares.estrategia.com\/portal\/wp-json\/wp\/v2\/categories?post=126234"},{"taxonomy":"post_tag","embeddable":true,"href":"https:\/\/vestibulares.estrategia.com\/portal\/wp-json\/wp\/v2\/tags?post=126234"},{"taxonomy":"wl_entity_type","embeddable":true,"href":"https:\/\/vestibulares.estrategia.com\/portal\/wp-json\/wp\/v2\/wl_entity_type?post=126234"}],"curies":[{"name":"wp","href":"https:\/\/api.w.org\/{rel}","templated":true}]}}