{"id":127091,"date":"2024-10-17T08:28:35","date_gmt":"2024-10-17T11:28:35","guid":{"rendered":"https:\/\/vestibulares.estrategia.com\/portal\/?p=127091"},"modified":"2024-12-30T21:51:17","modified_gmt":"2024-12-31T00:51:17","slug":"relacao-candidato-vaga-ufgd-2025","status":"publish","type":"post","link":"https:\/\/vestibulares.estrategia.com\/portal\/noticias\/relacao-candidato-vaga-ufgd-2025\/","title":{"rendered":"Rela\u00e7\u00e3o candidato-vaga UFGD 2025: veja a concorr\u00eancia do vestibular"},"content":{"rendered":"<p>A Universidade Federal da Grande Dourados (<a href=\"https:\/\/vestibulares.estrategia.com\/portal\/vestibulares\/vestibular-ufgd\/\" target=\"_blank\">UFGD<\/a>)&nbsp;divulgou a rela&ccedil;&atilde;o candidato-vaga na modalidade Ampla Concorr&ecirc;ncia do vestibular 2025. Nesta edi&ccedil;&atilde;o do processo seletivo, s&atilde;o ofertadas 1.459 vagas em cursos de gradua&ccedil;&atilde;o. Confira:<p class=\"wp-block-verse\"><strong>Leia tamb&eacute;m:<br><\/strong>+ <a href=\"https:\/\/vestibulares.estrategia.com\/portal\/materias\/redacao\/temas-de-redacao-do-vestibular-ufgd-nos-ultimos-anos\/\" target=\"_blank\">Temas de reda&ccedil;&atilde;o do vestibular UFGD nos &uacute;ltimos anos<\/a><\/p><p>\n\n\n\n<div class=\"cta-medio\" style=\"background-image: url(https:\/\/vestibulares.estrategia.com\/portal\/wp-content\/uploads\/2024\/08\/curso-ufgd-estrategia-vestibulares-ctamedio.jpg);\"><h3>Pacote UFGD<\/h3> <p>Conhe\u00e7a nosso curso<\/p><div class=\"cta-botao\"><a id=\"cta-medio\" href=\"https:\/\/vestibulares.estrategia.com\/curso\/pacote-ufgd\/\" target=\"_blank\" style=\"background:rgb(255,150,0)\">Saiba mais<\/a><\/div><\/div>\n\n\n\n<\/p><div id=\"ez-toc-container\" class=\"ez-toc-v2_0_76 counter-hierarchy ez-toc-counter ez-toc-transparent ez-toc-container-direction\">\n<div class=\"ez-toc-title-container\"><p class=\"ez-toc-title\" style=\"cursor:inherit\">Navegue pelo conte\u00fado<\/p>\n<\/div><nav><ul class='ez-toc-list ez-toc-list-level-1 ' ><li class='ez-toc-page-1 ez-toc-heading-level-2'><a class=\"ez-toc-link ez-toc-heading-1\" href=\"https:\/\/vestibulares.estrategia.com\/portal\/noticias\/relacao-candidato-vaga-ufgd-2025\/#Relacao-candidato-vaga-UFGD-2025-concorrencia-geral-do-vestibular\" >Rela&ccedil;&atilde;o candidato-vaga UFGD 2025: concorr&ecirc;ncia geral do vestibular<\/a><\/li><li class='ez-toc-page-1 ez-toc-heading-level-2'><a class=\"ez-toc-link ez-toc-heading-2\" href=\"https:\/\/vestibulares.estrategia.com\/portal\/noticias\/relacao-candidato-vaga-ufgd-2025\/#Qual-e-o-formato-do-vestibular-da-UFGD-2025\" >Qual &eacute; o formato do vestibular da UFGD 2025?<\/a><\/li><li class='ez-toc-page-1 ez-toc-heading-level-2'><a class=\"ez-toc-link ez-toc-heading-3\" href=\"https:\/\/vestibulares.estrategia.com\/portal\/noticias\/relacao-candidato-vaga-ufgd-2025\/#Calendario-Vestibular-UFGD-2025\" >Calend&aacute;rio Vestibular UFGD 2025<\/a><\/li><li class='ez-toc-page-1 ez-toc-heading-level-2'><a class=\"ez-toc-link ez-toc-heading-4\" href=\"https:\/\/vestibulares.estrategia.com\/portal\/noticias\/relacao-candidato-vaga-ufgd-2025\/#Como-estudar-para-a-UFGD\" >Como estudar para a UFGD?<\/a><\/li><\/ul><\/nav><\/div>\n<h2 class=\"wp-block-heading\" id=\"h-relacao-candidato-vaga-ufgd-2025-concorrencia-geral-do-vestibular\"><span class=\"ez-toc-section\" id=\"Relacao-candidato-vaga-UFGD-2025-concorrencia-geral-do-vestibular\"><\/span>Rela&ccedil;&atilde;o candidato-vaga UFGD 2025: concorr&ecirc;ncia geral do vestibular<span class=\"ez-toc-section-end\"><\/span><\/h2><p>Confira, a seguir, a&nbsp;<strong>rela&ccedil;&atilde;o candidato-vaga da UFGD 2025 para todos os candidatos<\/strong>&nbsp;e a compara&ccedil;&atilde;o com a &uacute;ltima edi&ccedil;&atilde;o:<\/p><figure class=\"wp-block-table\"><table class=\"has-fixed-layout\"><thead><tr><th class=\"has-text-align-center\" data-align=\"center\">Curso<\/th><th class=\"has-text-align-center\" data-align=\"center\">Rela&ccedil;&atilde;o C\/V 2024<\/th><th class=\"has-text-align-center\" data-align=\"center\">Rela&ccedil;&atilde;o C\/V 2025<\/th><\/tr><\/thead><tbody><tr><td class=\"has-text-align-center\" data-align=\"center\">Medicina Bacharelado &ndash; (IN)<\/td><td class=\"has-text-align-center\" data-align=\"center\">91,57<\/td><td class=\"has-text-align-center\" data-align=\"center\">171,7<\/td><\/tr><tr><td class=\"has-text-align-center\" data-align=\"center\">Direito Bacharelado &ndash; (NSMT)<\/td><td class=\"has-text-align-center\" data-align=\"center\">22<\/td><td class=\"has-text-align-center\" data-align=\"center\">56,36<\/td><\/tr><tr><td class=\"has-text-align-center\" data-align=\"center\">Psicologia Bacharelado ou Bacharelado e Licenciatura &ndash; (IN)<\/td><td class=\"has-text-align-center\" data-align=\"center\">11,15<\/td><td class=\"has-text-align-center\" data-align=\"center\">46,88<\/td><\/tr><tr><td class=\"has-text-align-center\" data-align=\"center\">Agronomia Bacharelado &ndash; (IN)<\/td><td class=\"has-text-align-center\" data-align=\"center\">14,1<\/td><td class=\"has-text-align-center\" data-align=\"center\">33,5<\/td><\/tr><tr><td class=\"has-text-align-center\" data-align=\"center\">Ci&ecirc;ncias Biol&oacute;gicas Bacharelado &ndash; (IN)<\/td><td class=\"has-text-align-center\" data-align=\"center\">9<\/td><td class=\"has-text-align-center\" data-align=\"center\">18,67<\/td><\/tr><tr><td class=\"has-text-align-center\" data-align=\"center\">Administra&ccedil;&atilde;o Bacharelado &ndash; (NSMT)<\/td><td class=\"has-text-align-center\" data-align=\"center\">3,23<\/td><td class=\"has-text-align-center\" data-align=\"center\">14,1<\/td><\/tr><tr><td class=\"has-text-align-center\" data-align=\"center\">Educa&ccedil;&atilde;o F&iacute;sica Licenciatura &ndash; (NSMT)<\/td><td class=\"has-text-align-center\" data-align=\"center\">2,31<\/td><td class=\"has-text-align-center\" data-align=\"center\">12,79<\/td><\/tr><tr><td class=\"has-text-align-center\" data-align=\"center\">Nutri&ccedil;&atilde;o Bacharelado &ndash; (IN)<\/td><td class=\"has-text-align-center\" data-align=\"center\">3,38<\/td><td class=\"has-text-align-center\" data-align=\"center\">11,79<\/td><\/tr><tr><td class=\"has-text-align-center\" data-align=\"center\">Engenharia de Computa&ccedil;&atilde;o Bacharelado &ndash; (IN)<\/td><td class=\"has-text-align-center\" data-align=\"center\">5,13<\/td><td class=\"has-text-align-center\" data-align=\"center\">10,94<\/td><\/tr><tr><td class=\"has-text-align-center\" data-align=\"center\">Rela&ccedil;&otilde;es Internacionais Bacharelado &ndash; (NSMT)<\/td><td class=\"has-text-align-center\" data-align=\"center\">8<\/td><td class=\"has-text-align-center\" data-align=\"center\">10,8<\/td><\/tr><tr><td class=\"has-text-align-center\" data-align=\"center\">Zootecnia Bacharelado &ndash; (IN)<\/td><td class=\"has-text-align-center\" data-align=\"center\">1,62<\/td><td class=\"has-text-align-center\" data-align=\"center\">8,6<\/td><\/tr><tr><td class=\"has-text-align-center\" data-align=\"center\">Ci&ecirc;ncias Cont&aacute;beis Bacharelado &ndash; (NSMT)<\/td><td class=\"has-text-align-center\" data-align=\"center\">1,15<\/td><td class=\"has-text-align-center\" data-align=\"center\">7,8<\/td><\/tr><tr><td class=\"has-text-align-center\" data-align=\"center\">Ci&ecirc;ncias Biol&oacute;gicas Licenciatura &ndash; (IN)<\/td><td class=\"has-text-align-center\" data-align=\"center\">2<\/td><td class=\"has-text-align-center\" data-align=\"center\">7,33<\/td><\/tr><tr><td class=\"has-text-align-center\" data-align=\"center\">Qu&iacute;mica Bacharelado &ndash; (IN)<\/td><td class=\"has-text-align-center\" data-align=\"center\">1<\/td><td class=\"has-text-align-center\" data-align=\"center\">7,33<\/td><\/tr><tr><td class=\"has-text-align-center\" data-align=\"center\">Sistemas de Informa&ccedil;&atilde;o Bacharelado &ndash; (NSMT)<\/td><td class=\"has-text-align-center\" data-align=\"center\">2,82<\/td><td class=\"has-text-align-center\" data-align=\"center\">7,21<\/td><\/tr><tr><td class=\"has-text-align-center\" data-align=\"center\">Engenharia Civil Bacharelado &ndash; (IN)<\/td><td class=\"has-text-align-center\" data-align=\"center\">2,25<\/td><td class=\"has-text-align-center\" data-align=\"center\">6,5<\/td><\/tr><tr><td class=\"has-text-align-center\" data-align=\"center\">Engenharia Mec&acirc;nica Bacharelado &ndash; (IN)<\/td><td class=\"has-text-align-center\" data-align=\"center\">3,29<\/td><td class=\"has-text-align-center\" data-align=\"center\">5,79<\/td><\/tr><tr><td class=\"has-text-align-center\" data-align=\"center\">Letras Libras (Vagas Remanescentes)<\/td><td class=\"has-text-align-center\" data-align=\"center\">&ndash;<\/td><td class=\"has-text-align-center\" data-align=\"center\">5<\/td><\/tr><tr><td class=\"has-text-align-center\" data-align=\"center\">Pedagogia Licenciatura &ndash; (NSMT)<\/td><td class=\"has-text-align-center\" data-align=\"center\">1,08<\/td><td class=\"has-text-align-center\" data-align=\"center\">4,64<\/td><\/tr><tr><td class=\"has-text-align-center\" data-align=\"center\">Engenharia Agr&iacute;cola Bacharelado &ndash; (IN)<\/td><td class=\"has-text-align-center\" data-align=\"center\">1,6<\/td><td class=\"has-text-align-center\" data-align=\"center\">4,3<\/td><\/tr><tr><td class=\"has-text-align-center\" data-align=\"center\">Biotecnologia Bacharelado &ndash; (IN)<\/td><td class=\"has-text-align-center\" data-align=\"center\">2,5<\/td><td class=\"has-text-align-center\" data-align=\"center\">3,08<\/td><\/tr><tr><td class=\"has-text-align-center\" data-align=\"center\">Ci&ecirc;ncias Econ&ocirc;micas Bacharelado &ndash; (NSMT)<\/td><td class=\"has-text-align-center\" data-align=\"center\">2,2<\/td><td class=\"has-text-align-center\" data-align=\"center\">2,8<\/td><\/tr><tr><td class=\"has-text-align-center\" data-align=\"center\">EAD &ndash; Educa&ccedil;&atilde;o F&iacute;sica Licenciatura &ndash; Polo Bela Vista<\/td><td class=\"has-text-align-center\" data-align=\"center\">&ndash;<\/td><td class=\"has-text-align-center\" data-align=\"center\">2,63<\/td><\/tr><tr><td class=\"has-text-align-center\" data-align=\"center\">Engenharia de Produ&ccedil;&atilde;o Bacharelado &ndash; (IN)<\/td><td class=\"has-text-align-center\" data-align=\"center\">1,6<\/td><td class=\"has-text-align-center\" data-align=\"center\">2,45<\/td><\/tr><tr><td class=\"has-text-align-center\" data-align=\"center\">Artes C&ecirc;nicas Licenciatura ou Bacharelado &ndash; (NSMT)<\/td><td class=\"has-text-align-center\" data-align=\"center\">1,14<\/td><td class=\"has-text-align-center\" data-align=\"center\">2,43<\/td><\/tr><tr><td class=\"has-text-align-center\" data-align=\"center\">EAD &ndash; Educa&ccedil;&atilde;o F&iacute;sica Licenciatura &ndash; Polo Paranhos<\/td><td class=\"has-text-align-center\" data-align=\"center\">&ndash;<\/td><td class=\"has-text-align-center\" data-align=\"center\">2,37<\/td><\/tr><tr><td class=\"has-text-align-center\" data-align=\"center\">Engenharia de Energia Bacharelado &ndash; (IN)<\/td><td class=\"has-text-align-center\" data-align=\"center\">0,8<\/td><td class=\"has-text-align-center\" data-align=\"center\">2,1<\/td><\/tr><tr><td class=\"has-text-align-center\" data-align=\"center\">Letras Licenciatura &ndash; (NSMT)<\/td><td class=\"has-text-align-center\" data-align=\"center\">1,13<\/td><td class=\"has-text-align-center\" data-align=\"center\">2,06<\/td><\/tr><tr><td class=\"has-text-align-center\" data-align=\"center\">EAD &ndash; Tecnologia em Gest&atilde;o de Recursos Humanos Tecn&oacute;logo &ndash; Polo Miranda<\/td><td class=\"has-text-align-center\" data-align=\"center\">&ndash;<\/td><td class=\"has-text-align-center\" data-align=\"center\">2<\/td><\/tr><tr><td class=\"has-text-align-center\" data-align=\"center\">Hist&oacute;ria Licenciatura ou Bacharelado &ndash; (NSMT)<\/td><td class=\"has-text-align-center\" data-align=\"center\">1,14<\/td><td class=\"has-text-align-center\" data-align=\"center\">2<\/td><\/tr><tr><td class=\"has-text-align-center\" data-align=\"center\">EAD &ndash; Tecnologia em Gest&atilde;o de Recursos Humanos Tecn&oacute;logo &ndash; Polo Rio Brilhante<\/td><td class=\"has-text-align-center\" data-align=\"center\">&ndash;<\/td><td class=\"has-text-align-center\" data-align=\"center\">1,9<\/td><\/tr><tr><td class=\"has-text-align-center\" data-align=\"center\">EAD &ndash; Tecnologia em Gest&atilde;o de Recursos Humanos Tecn&oacute;logo &ndash; Polo Bataguassu<\/td><td class=\"has-text-align-center\" data-align=\"center\">&ndash;<\/td><td class=\"has-text-align-center\" data-align=\"center\">1,5<\/td><\/tr><tr><td class=\"has-text-align-center\" data-align=\"center\">Matem&aacute;tica Licenciatura &ndash; (MA)<\/td><td class=\"has-text-align-center\" data-align=\"center\">1<\/td><td class=\"has-text-align-center\" data-align=\"center\">1,4<\/td><\/tr><tr><td class=\"has-text-align-center\" data-align=\"center\">EAD &ndash; Ci&ecirc;ncias Biol&oacute;gicas Licenciatura &ndash; Polo Bela Vista<\/td><td class=\"has-text-align-center\" data-align=\"center\">&ndash;<\/td><td class=\"has-text-align-center\" data-align=\"center\">1,32<\/td><\/tr><tr><td class=\"has-text-align-center\" data-align=\"center\">EAD &ndash; Tecnologia em Gest&atilde;o de Recursos Humanos Tecn&oacute;logo &ndash; Polo &Aacute;gua Clara<\/td><td class=\"has-text-align-center\" data-align=\"center\">&ndash;<\/td><td class=\"has-text-align-center\" data-align=\"center\">1,3<\/td><\/tr><tr><td class=\"has-text-align-center\" data-align=\"center\">Engenharia de Alimentos Bacharelado &ndash; (IN)<\/td><td class=\"has-text-align-center\" data-align=\"center\">0,2<\/td><td class=\"has-text-align-center\" data-align=\"center\">1,3<\/td><\/tr><tr><td class=\"has-text-align-center\" data-align=\"center\">Tecnologia em Escrita Criativa<\/td><td class=\"has-text-align-center\" data-align=\"center\">&ndash;<\/td><td class=\"has-text-align-center\" data-align=\"center\">1,25<\/td><\/tr><tr><td class=\"has-text-align-center\" data-align=\"center\">EAD &ndash; Ci&ecirc;ncias Biol&oacute;gicas Licenciatura &ndash; Polo Miranda<\/td><td class=\"has-text-align-center\" data-align=\"center\">&ndash;<\/td><td class=\"has-text-align-center\" data-align=\"center\">1,21<\/td><\/tr><tr><td class=\"has-text-align-center\" data-align=\"center\">EAD &ndash; Educa&ccedil;&atilde;o F&iacute;sica Licienciatura &ndash; Polo Costa Rica<\/td><td class=\"has-text-align-center\" data-align=\"center\">&ndash;<\/td><td class=\"has-text-align-center\" data-align=\"center\">1,19<\/td><\/tr><tr><td class=\"has-text-align-center\" data-align=\"center\">EAD &ndash; Letras Libras com habilita&ccedil;&atilde;o em Tradutor\/Int&eacute;rprete em Libras Bacharelado &ndash; Polo Dourados<\/td><td class=\"has-text-align-center\" data-align=\"center\">&ndash;<\/td><td class=\"has-text-align-center\" data-align=\"center\">1,14<\/td><\/tr><tr><td class=\"has-text-align-center\" data-align=\"center\">Ci&ecirc;ncias Sociais Licenciatura ou Bacharelado &ndash; (MSMT)<\/td><td class=\"has-text-align-center\" data-align=\"center\">0,8<\/td><td class=\"has-text-align-center\" data-align=\"center\">1,14<\/td><\/tr><tr><td class=\"has-text-align-center\" data-align=\"center\">EAD &ndash; Tecnologia em Gest&atilde;o de Recursos Humanos Tecn&oacute;logo &ndash; Polo Costa Rica<\/td><td class=\"has-text-align-center\" data-align=\"center\">&ndash;<\/td><td class=\"has-text-align-center\" data-align=\"center\">1,1<\/td><\/tr><tr><td class=\"has-text-align-center\" data-align=\"center\">Qu&iacute;mica Licenciatura &ndash; MSMT<\/td><td class=\"has-text-align-center\" data-align=\"center\">0<\/td><td class=\"has-text-align-center\" data-align=\"center\">1<\/td><\/tr><tr><td class=\"has-text-align-center\" data-align=\"center\">Geografia Licenciatura ou Bacharelado &ndash; (NSMT)<\/td><td class=\"has-text-align-center\" data-align=\"center\">0,6<\/td><td class=\"has-text-align-center\" data-align=\"center\">0,9<\/td><\/tr><tr><td class=\"has-text-align-center\" data-align=\"center\">Qu&iacute;mica Licenciatura &ndash; (NSMT)<\/td><td class=\"has-text-align-center\" data-align=\"center\">0,43<\/td><td class=\"has-text-align-center\" data-align=\"center\">0,9<\/td><\/tr><tr><td class=\"has-text-align-center\" data-align=\"center\">F&iacute;sica Licenciatura &ndash; (VSMT)<\/td><td class=\"has-text-align-center\" data-align=\"center\">0,57<\/td><td class=\"has-text-align-center\" data-align=\"center\">0,86<\/td><\/tr><tr><td class=\"has-text-align-center\" data-align=\"center\">EAD &ndash; Tecnologia em Gest&atilde;o de Recursos Humanos Tecn&oacute;logo &ndash; Polo Camapu&atilde;<\/td><td class=\"has-text-align-center\" data-align=\"center\">&ndash;<\/td><td class=\"has-text-align-center\" data-align=\"center\">0,8<\/td><\/tr><tr><td class=\"has-text-align-center\" data-align=\"center\">Gest&atilde;o Ambiental Bacharelado &ndash; (IN)<\/td><td class=\"has-text-align-center\" data-align=\"center\">0<\/td><td class=\"has-text-align-center\" data-align=\"center\">0,7<\/td><\/tr><tr><td class=\"has-text-align-center\" data-align=\"center\">Matem&aacute;tica 2&ordm; Semestre Licenciatura &ndash; (NSMT)<\/td><td class=\"has-text-align-center\" data-align=\"center\">0,43<\/td><td class=\"has-text-align-center\" data-align=\"center\">0,5<\/td><\/tr><tr><td class=\"has-text-align-center\" data-align=\"center\">EAD &ndash; Ci&ecirc;ncias Biol&oacute;gicas Licenciatura &ndash; Polo Porto Murtinho<\/td><td class=\"has-text-align-center\" data-align=\"center\">&ndash;<\/td><td class=\"has-text-align-center\" data-align=\"center\">0,38<\/td><\/tr><tr><td class=\"has-text-align-center\" data-align=\"center\">EAD &ndash; Educa&ccedil;&atilde;o F&iacute;sica Licenciatura &ndash; Polo S&atilde;o Gabriel do Oeste<\/td><td class=\"has-text-align-center\" data-align=\"center\">&ndash;<\/td><td class=\"has-text-align-center\" data-align=\"center\">0,38<\/td><\/tr><tr><td class=\"has-text-align-center\" data-align=\"center\">Letras Libras (Vagas Priorit&aacute;rias)<\/td><td class=\"has-text-align-center\" data-align=\"center\">&ndash;<\/td><td class=\"has-text-align-center\" data-align=\"center\">0,37<\/td><\/tr><tr><td class=\"has-text-align-center\" data-align=\"center\">EAD &ndash; Ci&ecirc;ncias Biol&oacute;gicas Licenciatura &ndash; Polo Costa Rica<\/td><td class=\"has-text-align-center\" data-align=\"center\">&ndash;<\/td><td class=\"has-text-align-center\" data-align=\"center\">0,25<\/td><\/tr><tr><td class=\"has-text-align-center\" data-align=\"center\">Engenharia de Aquicultura Bacharelado &ndash; (IN)<\/td><td class=\"has-text-align-center\" data-align=\"center\">0,14<\/td><td class=\"has-text-align-center\" data-align=\"center\">0,14<\/td><\/tr><\/tbody><\/table><\/figure><p>\n\n\n\n<div class=\"estrategia-catalog\"><p>Categoria \"REGI&Atilde;O CENTRO-OESTE\" n\u00e3o encontrada no cat\u00e1logo.<\/p><\/div>\n\n\n\n<\/p><h2 class=\"wp-block-heading\" id=\"h-qual-e-o-formato-do-vestibular-da-ufgd-2025\"><span class=\"ez-toc-section\" id=\"Qual-e-o-formato-do-vestibular-da-UFGD-2025\"><\/span>Qual &eacute; o formato do vestibular da UFGD 2025?<span class=\"ez-toc-section-end\"><\/span><\/h2><p>O Vestibular UFGD &eacute; aplicado em apenas uma fase, que ocorre em um &uacute;nico dia. A prova &eacute; composta por uma proposta de reda&ccedil;&atilde;o e 60 quest&otilde;es de m&uacute;ltipla-escolha, distribu&iacute;das da seguintes forma:<\/p><p>A prova objetiva possui 60 quest&otilde;es, distribu&iacute;das da seguinte forma:<\/p><figure class=\"wp-block-table is-style-stripes\"><table><tbody><tr><td class=\"has-text-align-center\" data-align=\"center\"><strong>&Aacute;rea do conhecimento<\/strong><\/td><td class=\"has-text-align-center\" data-align=\"center\"><strong>Quest&otilde;es<\/strong><\/td><\/tr><tr><td class=\"has-text-align-center\" data-align=\"center\">Linguagens, C&oacute;digos e suas Tecnologias<\/td><td class=\"has-text-align-center\" data-align=\"center\">20<\/td><\/tr><tr><td class=\"has-text-align-center\" data-align=\"center\">Ci&ecirc;ncias Humanas e suas Tecnologias<\/td><td class=\"has-text-align-center\" data-align=\"center\">14<\/td><\/tr><tr><td class=\"has-text-align-center\" data-align=\"center\">Ci&ecirc;ncias da Natureza e suas Tecnologias<\/td><td class=\"has-text-align-center\" data-align=\"center\">18<\/td><\/tr><tr><td class=\"has-text-align-center\" data-align=\"center\">Matem&aacute;tica e suas Tecnologias<\/td><td class=\"has-text-align-center\" data-align=\"center\">8<\/td><\/tr><\/tbody><\/table><\/figure><h2 class=\"wp-block-heading\" id=\"h-calendario-vestibular-ufgd-2025\"><span class=\"ez-toc-section\" id=\"Calendario-Vestibular-UFGD-2025\"><\/span>Calend&aacute;rio Vestibular UFGD 2025<span class=\"ez-toc-section-end\"><\/span><\/h2><ul class=\"wp-block-list\">\n<li><strong>Publica&ccedil;&atilde;o do edital:<\/strong>&nbsp;11\/07\/2024;<\/li>\n\n\n\n<li><strong>Inscri&ccedil;&otilde;es:<\/strong>&nbsp;15\/07 a 13\/09\/2024;<\/li>\n\n\n\n<li><strong>Solicita&ccedil;&atilde;o de isen&ccedil;&atilde;o de taxa:&nbsp;<\/strong>15\/07 a 25\/08\/2024;<\/li>\n\n\n\n<li><strong>Resultado da an&aacute;lise de isen&ccedil;&atilde;o:<\/strong>&nbsp;03\/09\/2024;<\/li>\n\n\n\n<li><strong>Prazo final para pagamento da inscri&ccedil;&atilde;o:<\/strong>&nbsp;16\/09\/2024;<\/li>\n\n\n\n<li><strong>Locais de prova:<\/strong>&nbsp;15\/10\/2024;<\/li>\n\n\n\n<li><strong>Prova:<\/strong>&nbsp;20\/10\/2024;<\/li>\n\n\n\n<li><strong>Divulga&ccedil;&atilde;o do gabarito preliminar:<\/strong>&nbsp;21\/10\/2024;<\/li>\n\n\n\n<li><strong>Divulga&ccedil;&atilde;o do gabarito definitivo:<\/strong>&nbsp;13\/11\/2024;<\/li>\n\n\n\n<li><strong>Resultado preliminar:<\/strong>&nbsp;13\/12\/2024;<\/li>\n\n\n\n<li><strong>Resultado final:&nbsp;<\/strong>19\/12\/2024;<\/li>\n\n\n\n<li><strong>Matr&iacute;cula e primeira chamada:<\/strong>&nbsp;10\/01\/2025.<\/li>\n<\/ul><h2 class=\"wp-block-heading\" id=\"h-como-estudar-para-a-ufgd\"><span class=\"ez-toc-section\" id=\"Como-estudar-para-a-UFGD\"><\/span>Como estudar para a UFGD?<span class=\"ez-toc-section-end\"><\/span><\/h2><p>Al&eacute;m de&nbsp;<strong>oferecer diariamente aulas gratuitas no&nbsp;<a href=\"https:\/\/www.youtube.com\/channel\/UCGWdZy8ULI-7_5GrABa4vNA\" target=\"_blank\">YouTube<\/a><\/strong>&nbsp;sobre todas as mat&eacute;rias que caem no vestibular da UFGD, para aqueles que querem investir nos estudos, a plataforma tamb&eacute;m oferece um curso preparat&oacute;rio exclusivo sobre a UFGD, com professores especialistas na prova e com diversos benef&iacute;cios. D&aacute; s&oacute; uma olhada:&nbsp;<\/p><ul class=\"wp-block-list\">\n<li>Curso com livros digitais;<\/li>\n\n\n\n<li>Corre&ccedil;&atilde;o ilimitada de&nbsp;<a href=\"https:\/\/vestibulares.estrategia.com\/portal\/enem-e-vestibulares\/vestibulares\/curso-de-redacao-para-o-vestibular-saiba-mais-detalhes-e-como-escolher-o-seu\/\" target=\"_blank\">reda&ccedil;&otilde;es<\/a>;<\/li>\n\n\n\n<li>F&oacute;rum de d&uacute;vidas;<\/li>\n\n\n\n<li><a href=\"https:\/\/vestibulares.estrategia.com\/portal\/eventos\/simulados-vestibulares\/\" target=\"_blank\">Simulados<\/a>&nbsp;com quest&otilde;es in&eacute;ditas;<\/li>\n\n\n\n<li>Quest&otilde;es comentadas;<\/li>\n\n\n\n<li>Mapas mentais; e<\/li>\n\n\n\n<li>Entre muitas outras vantagens.<\/li>\n<\/ul><p>Ficou interessado? Ent&atilde;o, clique no banner e veja tudo sobre os cursos oferecidos pelo Estrat&eacute;gia Vestibulares!<\/p><p>\n\n\n\n<a id=\"cta\" class=\"cta-imagem\" href=\"https:\/\/vestibulares.estrategia.com\/curso\/pacote-ufgd\/\" target=\"blank\">\n                <img decoding=\"async\" width=\"100%\" src=\"https:\/\/vestibulares.estrategia.com\/portal\/wp-content\/uploads\/2021\/12\/UFGD.jpg\" alt=\"CTA Curso UFGD\" title=\"CTA CURSO UFGD\">\n        <\/a>\n\n\n<\/p><\/p>\n","protected":false},"excerpt":{"rendered":"Nesta edi\u00e7\u00e3o do processo seletivo, s\u00e3o ofertadas 1.459 vagas em cursos de gradua\u00e7\u00e3o presenciais e a dist\u00e2ncia; confira \n","protected":false},"author":48,"featured_media":98140,"comment_status":"closed","ping_status":"closed","sticky":false,"template":"","format":"standard","meta":{"wl_entities_gutenberg":"","footnotes":""},"categories":[47],"tags":[],"wl_entity_type":[732],"class_list":{"0":"post-127091","1":"post","2":"type-post","3":"status-publish","4":"format-standard","5":"has-post-thumbnail","7":"category-noticias","8":"wl_entity_type-article"},"acf":[],"yoast_head":"<!-- This site is optimized with the Yoast SEO Premium plugin v25.9 (Yoast SEO v25.9) - https:\/\/yoast.com\/wordpress\/plugins\/seo\/ -->\n<title>Rela\u00e7\u00e3o candidato-vaga UFGD 2025: veja a concorr\u00eancia do vestibular<\/title>\n<meta name=\"description\" content=\"Nesta edi\u00e7\u00e3o do processo seletivo, s\u00e3o ofertadas 1.459 vagas em cursos de gradua\u00e7\u00e3o presenciais e a dist\u00e2ncia; confira\" \/>\n<meta name=\"robots\" content=\"index, follow, max-snippet:-1, max-image-preview:large, max-video-preview:-1\" \/>\n<link rel=\"canonical\" href=\"https:\/\/vestibulares.estrategia.com\/portal\/noticias\/relacao-candidato-vaga-ufgd-2025\/\" \/>\n<meta property=\"og:locale\" content=\"pt_BR\" \/>\n<meta property=\"og:type\" content=\"article\" \/>\n<meta property=\"og:title\" content=\"Rela\u00e7\u00e3o candidato-vaga UFGD 2025: veja a concorr\u00eancia do vestibular\" \/>\n<meta property=\"og:description\" content=\"Nesta edi\u00e7\u00e3o do processo seletivo, s\u00e3o ofertadas 1.459 vagas em cursos de gradua\u00e7\u00e3o presenciais e a dist\u00e2ncia; confira\" \/>\n<meta property=\"og:url\" content=\"https:\/\/vestibulares.estrategia.com\/portal\/noticias\/relacao-candidato-vaga-ufgd-2025\/\" \/>\n<meta property=\"og:site_name\" content=\"Estrat\u00e9gia Vestibulares\" \/>\n<meta property=\"article:publisher\" content=\"https:\/\/facebook.com\/estrategiavestibulares\" \/>\n<meta property=\"article:published_time\" content=\"2024-10-17T11:28:35+00:00\" \/>\n<meta property=\"article:modified_time\" content=\"2024-12-31T00:51:17+00:00\" \/>\n<meta property=\"og:image\" content=\"https:\/\/vestibulares.estrategia.com\/portal\/wp-content\/uploads\/2023\/08\/vestibular-ufgd-ev.jpg\" \/>\n\t<meta property=\"og:image:width\" content=\"960\" \/>\n\t<meta property=\"og:image:height\" content=\"540\" \/>\n\t<meta property=\"og:image:type\" content=\"image\/jpeg\" \/>\n<meta name=\"author\" content=\"Beatriz Santana\" \/>\n<meta name=\"twitter:card\" content=\"summary_large_image\" \/>\n<meta name=\"twitter:creator\" content=\"@Estrategiavest\" \/>\n<meta name=\"twitter:site\" content=\"@Estrategiavest\" \/>\n<meta name=\"twitter:label1\" content=\"Escrito por\" \/>\n\t<meta name=\"twitter:data1\" content=\"Beatriz Santana\" \/>\n\t<meta name=\"twitter:label2\" content=\"Est. tempo de leitura\" \/>\n\t<meta name=\"twitter:data2\" content=\"4 minutos\" \/>\n<script type=\"application\/ld+json\" class=\"yoast-schema-graph\">{\"@context\":\"https:\/\/schema.org\",\"@graph\":[{\"@type\":\"NewsArticle\",\"@id\":\"https:\/\/vestibulares.estrategia.com\/portal\/noticias\/relacao-candidato-vaga-ufgd-2025\/#article\",\"isPartOf\":{\"@id\":\"https:\/\/vestibulares.estrategia.com\/portal\/noticias\/relacao-candidato-vaga-ufgd-2025\/\"},\"author\":{\"name\":\"Beatriz Santana\",\"@id\":\"https:\/\/vestibulares.estrategia.com\/portal\/#\/schema\/person\/cdd941dcf53839374c0bc8d39bb0230f\"},\"headline\":\"Rela\u00e7\u00e3o candidato-vaga UFGD 2025: veja a concorr\u00eancia do vestibular\",\"datePublished\":\"2024-10-17T11:28:35+00:00\",\"dateModified\":\"2024-12-31T00:51:17+00:00\",\"mainEntityOfPage\":{\"@id\":\"https:\/\/vestibulares.estrategia.com\/portal\/noticias\/relacao-candidato-vaga-ufgd-2025\/\"},\"wordCount\":751,\"publisher\":{\"@id\":\"https:\/\/vestibulares.estrategia.com\/portal\/#organization\"},\"image\":{\"@id\":\"https:\/\/vestibulares.estrategia.com\/portal\/noticias\/relacao-candidato-vaga-ufgd-2025\/#primaryimage\"},\"thumbnailUrl\":\"https:\/\/vestibulares.estrategia.com\/portal\/wp-content\/uploads\/2023\/08\/vestibular-ufgd-ev.jpg\",\"articleSection\":[\"Not\u00edcias\"],\"inLanguage\":\"pt-BR\"},{\"@type\":\"WebPage\",\"@id\":\"https:\/\/vestibulares.estrategia.com\/portal\/noticias\/relacao-candidato-vaga-ufgd-2025\/\",\"url\":\"https:\/\/vestibulares.estrategia.com\/portal\/noticias\/relacao-candidato-vaga-ufgd-2025\/\",\"name\":\"Rela\u00e7\u00e3o candidato-vaga UFGD 2025: veja a concorr\u00eancia do vestibular\",\"isPartOf\":{\"@id\":\"https:\/\/vestibulares.estrategia.com\/portal\/#website\"},\"primaryImageOfPage\":{\"@id\":\"https:\/\/vestibulares.estrategia.com\/portal\/noticias\/relacao-candidato-vaga-ufgd-2025\/#primaryimage\"},\"image\":{\"@id\":\"https:\/\/vestibulares.estrategia.com\/portal\/noticias\/relacao-candidato-vaga-ufgd-2025\/#primaryimage\"},\"thumbnailUrl\":\"https:\/\/vestibulares.estrategia.com\/portal\/wp-content\/uploads\/2023\/08\/vestibular-ufgd-ev.jpg\",\"datePublished\":\"2024-10-17T11:28:35+00:00\",\"dateModified\":\"2024-12-31T00:51:17+00:00\",\"description\":\"Nesta edi\u00e7\u00e3o do processo seletivo, s\u00e3o ofertadas 1.459 vagas em cursos de gradua\u00e7\u00e3o presenciais e a dist\u00e2ncia; confira\",\"breadcrumb\":{\"@id\":\"https:\/\/vestibulares.estrategia.com\/portal\/noticias\/relacao-candidato-vaga-ufgd-2025\/#breadcrumb\"},\"inLanguage\":\"pt-BR\",\"potentialAction\":[{\"@type\":\"ReadAction\",\"target\":[\"https:\/\/vestibulares.estrategia.com\/portal\/noticias\/relacao-candidato-vaga-ufgd-2025\/\"]}]},{\"@type\":\"ImageObject\",\"inLanguage\":\"pt-BR\",\"@id\":\"https:\/\/vestibulares.estrategia.com\/portal\/noticias\/relacao-candidato-vaga-ufgd-2025\/#primaryimage\",\"url\":\"https:\/\/vestibulares.estrategia.com\/portal\/wp-content\/uploads\/2023\/08\/vestibular-ufgd-ev.jpg\",\"contentUrl\":\"https:\/\/vestibulares.estrategia.com\/portal\/wp-content\/uploads\/2023\/08\/vestibular-ufgd-ev.jpg\",\"width\":960,\"height\":540,\"caption\":\"UFGD Estrat\u00e9gia Vestibulares\"},{\"@type\":\"BreadcrumbList\",\"@id\":\"https:\/\/vestibulares.estrategia.com\/portal\/noticias\/relacao-candidato-vaga-ufgd-2025\/#breadcrumb\",\"itemListElement\":[{\"@type\":\"ListItem\",\"position\":1,\"name\":\"Home\",\"item\":\"https:\/\/vestibulares.estrategia.com\/portal\/\"},{\"@type\":\"ListItem\",\"position\":2,\"name\":\"Not\u00edcias\",\"item\":\"https:\/\/vestibulares.estrategia.com\/portal\/noticias\/\"},{\"@type\":\"ListItem\",\"position\":3,\"name\":\"Rela\u00e7\u00e3o candidato-vaga UFGD 2025: veja a concorr\u00eancia do vestibular\"}]},{\"@type\":\"WebSite\",\"@id\":\"https:\/\/vestibulares.estrategia.com\/portal\/#website\",\"url\":\"https:\/\/vestibulares.estrategia.com\/portal\/\",\"name\":\"Estrat\u00e9gia Vestibulares\",\"description\":\"\",\"publisher\":{\"@id\":\"https:\/\/vestibulares.estrategia.com\/portal\/#organization\"},\"potentialAction\":[{\"@type\":\"SearchAction\",\"target\":{\"@type\":\"EntryPoint\",\"urlTemplate\":\"https:\/\/vestibulares.estrategia.com\/portal\/?s={search_term_string}\"},\"query-input\":{\"@type\":\"PropertyValueSpecification\",\"valueRequired\":true,\"valueName\":\"search_term_string\"}}],\"inLanguage\":\"pt-BR\"},{\"@type\":\"Organization\",\"@id\":\"https:\/\/vestibulares.estrategia.com\/portal\/#organization\",\"name\":\"Estrat\u00e9gia Vestibulares\",\"url\":\"https:\/\/vestibulares.estrategia.com\/portal\/\",\"logo\":{\"@type\":\"ImageObject\",\"inLanguage\":\"pt-BR\",\"@id\":\"https:\/\/vestibulares.estrategia.com\/portal\/#\/schema\/logo\/image\/\",\"url\":\"https:\/\/vestibulares.estrategia.com\/portal\/wp-content\/uploads\/2021\/06\/Logo-Vestibulares@4x.png\",\"contentUrl\":\"https:\/\/vestibulares.estrategia.com\/portal\/wp-content\/uploads\/2021\/06\/Logo-Vestibulares@4x.png\",\"width\":250,\"height\":66,\"caption\":\"Estrat\u00e9gia Vestibulares\"},\"image\":{\"@id\":\"https:\/\/vestibulares.estrategia.com\/portal\/#\/schema\/logo\/image\/\"},\"sameAs\":[\"https:\/\/facebook.com\/estrategiavestibulares\",\"https:\/\/x.com\/Estrategiavest\",\"https:\/\/www.instagram.com\/estrategiavestibulares\",\"https:\/\/www.youtube.com\/channel\/UCGWdZy8ULI-7_5GrABa4vNA\"]},{\"@type\":\"Person\",\"@id\":\"https:\/\/vestibulares.estrategia.com\/portal\/#\/schema\/person\/cdd941dcf53839374c0bc8d39bb0230f\",\"name\":\"Beatriz Santana\",\"image\":{\"@type\":\"ImageObject\",\"inLanguage\":\"pt-BR\",\"@id\":\"https:\/\/vestibulares.estrategia.com\/portal\/#\/schema\/person\/image\/\",\"url\":\"https:\/\/vestibulares.estrategia.com\/portal\/wp-content\/uploads\/2022\/01\/WhatsApp-Image-2021-10-21-at-10.19.09-1-150x150.webp\",\"contentUrl\":\"https:\/\/vestibulares.estrategia.com\/portal\/wp-content\/uploads\/2022\/01\/WhatsApp-Image-2021-10-21-at-10.19.09-1-150x150.webp\",\"caption\":\"Beatriz Santana\"},\"description\":\"Jornalista formada pela Unesp\",\"url\":\"https:\/\/vestibulares.estrategia.com\/portal\/author\/beatriz-santana\/\"}]}<\/script>\n<!-- \/ Yoast SEO Premium plugin. -->","yoast_head_json":{"title":"Rela\u00e7\u00e3o candidato-vaga UFGD 2025: veja a concorr\u00eancia do vestibular","description":"Nesta edi\u00e7\u00e3o do processo seletivo, s\u00e3o ofertadas 1.459 vagas em cursos de gradua\u00e7\u00e3o presenciais e a dist\u00e2ncia; confira","robots":{"index":"index","follow":"follow","max-snippet":"max-snippet:-1","max-image-preview":"max-image-preview:large","max-video-preview":"max-video-preview:-1"},"canonical":"https:\/\/vestibulares.estrategia.com\/portal\/noticias\/relacao-candidato-vaga-ufgd-2025\/","og_locale":"pt_BR","og_type":"article","og_title":"Rela\u00e7\u00e3o candidato-vaga UFGD 2025: veja a concorr\u00eancia do vestibular","og_description":"Nesta edi\u00e7\u00e3o do processo seletivo, s\u00e3o ofertadas 1.459 vagas em cursos de gradua\u00e7\u00e3o presenciais e a dist\u00e2ncia; confira","og_url":"https:\/\/vestibulares.estrategia.com\/portal\/noticias\/relacao-candidato-vaga-ufgd-2025\/","og_site_name":"Estrat\u00e9gia Vestibulares","article_publisher":"https:\/\/facebook.com\/estrategiavestibulares","article_published_time":"2024-10-17T11:28:35+00:00","article_modified_time":"2024-12-31T00:51:17+00:00","og_image":[{"width":960,"height":540,"url":"https:\/\/vestibulares.estrategia.com\/portal\/wp-content\/uploads\/2023\/08\/vestibular-ufgd-ev.jpg","type":"image\/jpeg"}],"author":"Beatriz Santana","twitter_card":"summary_large_image","twitter_creator":"@Estrategiavest","twitter_site":"@Estrategiavest","twitter_misc":{"Escrito por":"Beatriz Santana","Est. tempo de leitura":"4 minutos"},"schema":{"@context":"https:\/\/schema.org","@graph":[{"@type":"NewsArticle","@id":"https:\/\/vestibulares.estrategia.com\/portal\/noticias\/relacao-candidato-vaga-ufgd-2025\/#article","isPartOf":{"@id":"https:\/\/vestibulares.estrategia.com\/portal\/noticias\/relacao-candidato-vaga-ufgd-2025\/"},"author":{"name":"Beatriz Santana","@id":"https:\/\/vestibulares.estrategia.com\/portal\/#\/schema\/person\/cdd941dcf53839374c0bc8d39bb0230f"},"headline":"Rela\u00e7\u00e3o candidato-vaga UFGD 2025: veja a concorr\u00eancia do vestibular","datePublished":"2024-10-17T11:28:35+00:00","dateModified":"2024-12-31T00:51:17+00:00","mainEntityOfPage":{"@id":"https:\/\/vestibulares.estrategia.com\/portal\/noticias\/relacao-candidato-vaga-ufgd-2025\/"},"wordCount":751,"publisher":{"@id":"https:\/\/vestibulares.estrategia.com\/portal\/#organization"},"image":{"@id":"https:\/\/vestibulares.estrategia.com\/portal\/noticias\/relacao-candidato-vaga-ufgd-2025\/#primaryimage"},"thumbnailUrl":"https:\/\/vestibulares.estrategia.com\/portal\/wp-content\/uploads\/2023\/08\/vestibular-ufgd-ev.jpg","articleSection":["Not\u00edcias"],"inLanguage":"pt-BR"},{"@type":"WebPage","@id":"https:\/\/vestibulares.estrategia.com\/portal\/noticias\/relacao-candidato-vaga-ufgd-2025\/","url":"https:\/\/vestibulares.estrategia.com\/portal\/noticias\/relacao-candidato-vaga-ufgd-2025\/","name":"Rela\u00e7\u00e3o candidato-vaga UFGD 2025: veja a concorr\u00eancia do vestibular","isPartOf":{"@id":"https:\/\/vestibulares.estrategia.com\/portal\/#website"},"primaryImageOfPage":{"@id":"https:\/\/vestibulares.estrategia.com\/portal\/noticias\/relacao-candidato-vaga-ufgd-2025\/#primaryimage"},"image":{"@id":"https:\/\/vestibulares.estrategia.com\/portal\/noticias\/relacao-candidato-vaga-ufgd-2025\/#primaryimage"},"thumbnailUrl":"https:\/\/vestibulares.estrategia.com\/portal\/wp-content\/uploads\/2023\/08\/vestibular-ufgd-ev.jpg","datePublished":"2024-10-17T11:28:35+00:00","dateModified":"2024-12-31T00:51:17+00:00","description":"Nesta edi\u00e7\u00e3o do processo seletivo, s\u00e3o ofertadas 1.459 vagas em cursos de gradua\u00e7\u00e3o presenciais e a dist\u00e2ncia; confira","breadcrumb":{"@id":"https:\/\/vestibulares.estrategia.com\/portal\/noticias\/relacao-candidato-vaga-ufgd-2025\/#breadcrumb"},"inLanguage":"pt-BR","potentialAction":[{"@type":"ReadAction","target":["https:\/\/vestibulares.estrategia.com\/portal\/noticias\/relacao-candidato-vaga-ufgd-2025\/"]}]},{"@type":"ImageObject","inLanguage":"pt-BR","@id":"https:\/\/vestibulares.estrategia.com\/portal\/noticias\/relacao-candidato-vaga-ufgd-2025\/#primaryimage","url":"https:\/\/vestibulares.estrategia.com\/portal\/wp-content\/uploads\/2023\/08\/vestibular-ufgd-ev.jpg","contentUrl":"https:\/\/vestibulares.estrategia.com\/portal\/wp-content\/uploads\/2023\/08\/vestibular-ufgd-ev.jpg","width":960,"height":540,"caption":"UFGD Estrat\u00e9gia Vestibulares"},{"@type":"BreadcrumbList","@id":"https:\/\/vestibulares.estrategia.com\/portal\/noticias\/relacao-candidato-vaga-ufgd-2025\/#breadcrumb","itemListElement":[{"@type":"ListItem","position":1,"name":"Home","item":"https:\/\/vestibulares.estrategia.com\/portal\/"},{"@type":"ListItem","position":2,"name":"Not\u00edcias","item":"https:\/\/vestibulares.estrategia.com\/portal\/noticias\/"},{"@type":"ListItem","position":3,"name":"Rela\u00e7\u00e3o candidato-vaga UFGD 2025: veja a concorr\u00eancia do vestibular"}]},{"@type":"WebSite","@id":"https:\/\/vestibulares.estrategia.com\/portal\/#website","url":"https:\/\/vestibulares.estrategia.com\/portal\/","name":"Estrat\u00e9gia Vestibulares","description":"","publisher":{"@id":"https:\/\/vestibulares.estrategia.com\/portal\/#organization"},"potentialAction":[{"@type":"SearchAction","target":{"@type":"EntryPoint","urlTemplate":"https:\/\/vestibulares.estrategia.com\/portal\/?s={search_term_string}"},"query-input":{"@type":"PropertyValueSpecification","valueRequired":true,"valueName":"search_term_string"}}],"inLanguage":"pt-BR"},{"@type":"Organization","@id":"https:\/\/vestibulares.estrategia.com\/portal\/#organization","name":"Estrat\u00e9gia Vestibulares","url":"https:\/\/vestibulares.estrategia.com\/portal\/","logo":{"@type":"ImageObject","inLanguage":"pt-BR","@id":"https:\/\/vestibulares.estrategia.com\/portal\/#\/schema\/logo\/image\/","url":"https:\/\/vestibulares.estrategia.com\/portal\/wp-content\/uploads\/2021\/06\/Logo-Vestibulares@4x.png","contentUrl":"https:\/\/vestibulares.estrategia.com\/portal\/wp-content\/uploads\/2021\/06\/Logo-Vestibulares@4x.png","width":250,"height":66,"caption":"Estrat\u00e9gia Vestibulares"},"image":{"@id":"https:\/\/vestibulares.estrategia.com\/portal\/#\/schema\/logo\/image\/"},"sameAs":["https:\/\/facebook.com\/estrategiavestibulares","https:\/\/x.com\/Estrategiavest","https:\/\/www.instagram.com\/estrategiavestibulares","https:\/\/www.youtube.com\/channel\/UCGWdZy8ULI-7_5GrABa4vNA"]},{"@type":"Person","@id":"https:\/\/vestibulares.estrategia.com\/portal\/#\/schema\/person\/cdd941dcf53839374c0bc8d39bb0230f","name":"Beatriz Santana","image":{"@type":"ImageObject","inLanguage":"pt-BR","@id":"https:\/\/vestibulares.estrategia.com\/portal\/#\/schema\/person\/image\/","url":"https:\/\/vestibulares.estrategia.com\/portal\/wp-content\/uploads\/2022\/01\/WhatsApp-Image-2021-10-21-at-10.19.09-1-150x150.webp","contentUrl":"https:\/\/vestibulares.estrategia.com\/portal\/wp-content\/uploads\/2022\/01\/WhatsApp-Image-2021-10-21-at-10.19.09-1-150x150.webp","caption":"Beatriz Santana"},"description":"Jornalista formada pela Unesp","url":"https:\/\/vestibulares.estrategia.com\/portal\/author\/beatriz-santana\/"}]}},"_wl_alt_label":[],"wl:entity_url":"https:\/\/data.wordlift.io\/wl110249\/post\/relacao-candidato-vaga-ufgd-2025","_links":{"self":[{"href":"https:\/\/vestibulares.estrategia.com\/portal\/wp-json\/wp\/v2\/posts\/127091","targetHints":{"allow":["GET"]}}],"collection":[{"href":"https:\/\/vestibulares.estrategia.com\/portal\/wp-json\/wp\/v2\/posts"}],"about":[{"href":"https:\/\/vestibulares.estrategia.com\/portal\/wp-json\/wp\/v2\/types\/post"}],"author":[{"embeddable":true,"href":"https:\/\/vestibulares.estrategia.com\/portal\/wp-json\/wp\/v2\/users\/48"}],"replies":[{"embeddable":true,"href":"https:\/\/vestibulares.estrategia.com\/portal\/wp-json\/wp\/v2\/comments?post=127091"}],"version-history":[{"count":5,"href":"https:\/\/vestibulares.estrategia.com\/portal\/wp-json\/wp\/v2\/posts\/127091\/revisions"}],"predecessor-version":[{"id":132896,"href":"https:\/\/vestibulares.estrategia.com\/portal\/wp-json\/wp\/v2\/posts\/127091\/revisions\/132896"}],"wp:featuredmedia":[{"embeddable":true,"href":"https:\/\/vestibulares.estrategia.com\/portal\/wp-json\/wp\/v2\/media\/98140"}],"wp:attachment":[{"href":"https:\/\/vestibulares.estrategia.com\/portal\/wp-json\/wp\/v2\/media?parent=127091"}],"wp:term":[{"taxonomy":"category","embeddable":true,"href":"https:\/\/vestibulares.estrategia.com\/portal\/wp-json\/wp\/v2\/categories?post=127091"},{"taxonomy":"post_tag","embeddable":true,"href":"https:\/\/vestibulares.estrategia.com\/portal\/wp-json\/wp\/v2\/tags?post=127091"},{"taxonomy":"wl_entity_type","embeddable":true,"href":"https:\/\/vestibulares.estrategia.com\/portal\/wp-json\/wp\/v2\/wl_entity_type?post=127091"}],"curies":[{"name":"wp","href":"https:\/\/api.w.org\/{rel}","templated":true}]}}