{"id":127795,"date":"2024-10-24T09:13:11","date_gmt":"2024-10-24T12:13:11","guid":{"rendered":"https:\/\/vestibulares.estrategia.com\/portal\/?p=127795"},"modified":"2025-02-05T17:28:44","modified_gmt":"2025-02-05T20:28:44","slug":"como-e-a-redacao-do-provao-paulista-seriado","status":"publish","type":"post","link":"https:\/\/vestibulares.estrategia.com\/portal\/materias\/redacao\/como-e-a-redacao-do-provao-paulista-seriado\/","title":{"rendered":"Como \u00e9 a reda\u00e7\u00e3o do Prov\u00e3o Paulista Seriado?"},"content":{"rendered":"<p class=\"wp-block-paragraph\">O <a href=\"https:\/\/vestibulares.estrategia.com\/portal\/enem-e-vestibulares\/vestibulares\/provao-paulista-seriado-calendario-como-funciona-vagas-redacao-e-mais\/\" target=\"_blank\">Prov&atilde;o Paulista Seriado<\/a> &eacute; o vestibular seriado que oferece aos estudantes de escolas p&uacute;blicas vagas para ingressar nas <span id=\"urn:enhancement-10e6d535-4dd1-43f6-bb65-b1ca7e609e40\" class=\"textannotation disambiguated wl-thing\" itemid=\"https:\/\/data.wordlift.io\/wl110249\/entity\/universidades\">universidades<\/span> estaduais paulistas e na Fatec.&nbsp;<p class=\"wp-block-paragraph\">Os estudantes do <span id=\"urn:enhancement-e389e633-712c-40e2-8772-29fd2a47f2e1\" class=\"textannotation disambiguated wl-thing\" itemid=\"https:\/\/data.wordlift.io\/wl110249\/entity\/ensino-medio\">Ensino M&eacute;dio<\/span> da rede p&uacute;blica de S&atilde;o Paulo est&atilde;o automaticamente inscritos nas provas, enquanto os de outros estados precisam realizar a inscri&ccedil;&atilde;o para participar dos exames que s&atilde;o aplicados ao fim de cada s&eacute;rie do <span id=\"urn:enhancement-658cb4d0-23cc-46ee-b87d-e2845f80e5ed\" class=\"textannotation disambiguated wl-thing\" itemid=\"https:\/\/data.wordlift.io\/wl110249\/entity\/ensino-medio\">Ensino M&eacute;dio<\/span>.&nbsp;<\/p><p class=\"wp-block-paragraph\">Nas tr&ecirc;s etapas de provas, os participantes respondem a quest&otilde;es de m&uacute;ltipla escolha, e na prova da terceira etapa, aplicada apenas aos participantes do 3&ordm; ano do <span id=\"urn:enhancement-a3f14b0e-c2e0-4a60-a68d-48e18f3165d1\" class=\"textannotation disambiguated wl-thing\" itemid=\"https:\/\/data.wordlift.io\/wl110249\/entity\/ensino-medio\">Ensino M&eacute;dio<\/span>, h&aacute; tamb&eacute;m uma <span id=\"urn:enhancement-703cdf0c-7b1e-4b36-845a-0de70527d573\" class=\"textannotation disambiguated wl-thing\" itemid=\"https:\/\/data.wordlift.io\/wl110249\/entity\/redacao\">reda&ccedil;&atilde;o<\/span>.<\/p><p class=\"wp-block-paragraph\">A seguir, entenda cada etapa da produ&ccedil;&atilde;o do texto at&eacute; sua corre&ccedil;&atilde;o e saiba como &eacute; a <span id=\"urn:enhancement-f6f80e23-bc61-4280-9f51-c08aa1fbe17b\" class=\"textannotation disambiguated wl-thing\" itemid=\"https:\/\/data.wordlift.io\/wl110249\/entity\/redacao\">reda&ccedil;&atilde;o<\/span> do <span id=\"urn:enhancement-132c80da-2baf-46a7-9b2a-1ace9d805d19\" class=\"textannotation disambiguated wl-thing\" itemid=\"https:\/\/data.wordlift.io\/wl110249\/entity\/provao-paulista\">Prov&atilde;o Paulista<\/span> Seriado.<\/p><p class=\"wp-block-verse wp-block-paragraph\"><strong>Leia tamb&eacute;m:<\/strong><br>+ <a href=\"https:\/\/vestibulares.estrategia.com\/portal\/enem-e-vestibulares\/vestibulares\/vestibular-seriado-o-que-e-como-funciona-e-quais-as-diferencas-do-vestibular-tradicional\/\" target=\"_blank\">Vestibular seriado: o que &eacute;, como funciona e quais as diferen&ccedil;as do vestibular tradicional<br><\/a>+ <a href=\"https:\/\/vestibulares.estrategia.com\/portal\/enem-e-vestibulares\/vestibulares\/curso-de-redacao-para-o-vestibular-saiba-mais-detalhes-e-como-escolher-o-seu\/\" target=\"_blank\">Curso de Reda&ccedil;&atilde;o para o vestibular: saiba mais detalhes e como escolher o seu<\/a><\/p><p class=\"wp-block-paragraph\"><div class=\"cta-medio\" style=\"background-image: url(https:\/\/vestibulares.estrategia.com\/portal\/wp-content\/uploads\/2024\/08\/curso-redacao-1-estrategia-vestibulares-ctamedio.png.jpg);\"><h3>Curso de Reda\u00e7\u00e3o<\/h3> <p>Envie reda\u00e7\u00f5es ilimitadas para corre\u00e7\u00e3o<\/p><div class=\"cta-botao\"><a id=\"cta-medio\" href=\"https:\/\/vestibulares.estrategia.com\/curso\/redaco-ilimitada\/\" target=\"_blank\" style=\"background:rgb(255,150,0)\">Saiba mais<\/a><\/div><\/div>\n\n\n\n<\/p><div id=\"ez-toc-container\" class=\"ez-toc-v2_0_86 counter-hierarchy ez-toc-counter ez-toc-transparent ez-toc-container-direction\">\n<div class=\"ez-toc-title-container\"><p class=\"ez-toc-title\" style=\"cursor:inherit\">Navegue pelo conte\u00fado<\/p>\n<\/div><nav><ul class='ez-toc-list ez-toc-list-level-1 ' ><li class='ez-toc-page-1 ez-toc-heading-level-2'><a class=\"ez-toc-link ez-toc-heading-1\" href=\"https:\/\/vestibulares.estrategia.com\/portal\/materias\/redacao\/como-e-a-redacao-do-provao-paulista-seriado\/#Qual-e-o-genero-exigido-na-redacao-do-Provao-Paulista-Seriado\" >Qual &eacute; o g&ecirc;nero exigido na reda&ccedil;&atilde;o do Prov&atilde;o Paulista Seriado?<\/a><\/li><li class='ez-toc-page-1 ez-toc-heading-level-2'><a class=\"ez-toc-link ez-toc-heading-2\" href=\"https:\/\/vestibulares.estrategia.com\/portal\/materias\/redacao\/como-e-a-redacao-do-provao-paulista-seriado\/#Como-organizar-o-texto-dissertativo-argumentativo\" >Como organizar o texto dissertativo-argumentativo?<\/a><\/li><li class='ez-toc-page-1 ez-toc-heading-level-2'><a class=\"ez-toc-link ez-toc-heading-3\" href=\"https:\/\/vestibulares.estrategia.com\/portal\/materias\/redacao\/como-e-a-redacao-do-provao-paulista-seriado\/#Como-e-a-correcao-da-redacao-do-Provao-Paulista-Seriado\" >Como &eacute; a corre&ccedil;&atilde;o da reda&ccedil;&atilde;o do Prov&atilde;o Paulista Seriado?<\/a><\/li><li class='ez-toc-page-1 ez-toc-heading-level-2'><a class=\"ez-toc-link ez-toc-heading-4\" href=\"https:\/\/vestibulares.estrategia.com\/portal\/materias\/redacao\/como-e-a-redacao-do-provao-paulista-seriado\/#Quando-uma-redacao-pode-receber-nota-zero-no-Provao-Paulista-Seriado\" >Quando uma reda&ccedil;&atilde;o pode receber nota zero no Prov&atilde;o Paulista Seriado?<\/a><\/li><li class='ez-toc-page-1 ez-toc-heading-level-2'><a class=\"ez-toc-link ez-toc-heading-5\" href=\"https:\/\/vestibulares.estrategia.com\/portal\/materias\/redacao\/como-e-a-redacao-do-provao-paulista-seriado\/#Qual-sera-o-tema-da-redacao-do-Provao-Paulista-Seriado\" >Qual ser&aacute; o tema da reda&ccedil;&atilde;o do Prov&atilde;o Paulista Seriado?<\/a><\/li><li class='ez-toc-page-1 ez-toc-heading-level-2'><a class=\"ez-toc-link ez-toc-heading-6\" href=\"https:\/\/vestibulares.estrategia.com\/portal\/materias\/redacao\/como-e-a-redacao-do-provao-paulista-seriado\/#Baixe-gratis-o-e-book-sobre-vestibulares-seriados\" >Baixe gr&aacute;tis o e-book sobre vestibulares seriados<\/a><\/li><li class='ez-toc-page-1 ez-toc-heading-level-2'><a class=\"ez-toc-link ez-toc-heading-7\" href=\"https:\/\/vestibulares.estrategia.com\/portal\/materias\/redacao\/como-e-a-redacao-do-provao-paulista-seriado\/#Estude-para-o-Provao-Paulista-com-o-Estrategia-Vestibulares\" >Estude para o Prov&atilde;o Paulista com o Estrat&eacute;gia Vestibulares<\/a><\/li><\/ul><\/nav><\/div>\n<h2 class=\"wp-block-heading\" id=\"h-qual-e-o-genero-exigido-na-redacao-do-provao-paulista-seriado\"><span class=\"ez-toc-section\" id=\"Qual-e-o-genero-exigido-na-redacao-do-Provao-Paulista-Seriado\"><\/span>Qual &eacute; o g&ecirc;nero exigido na reda&ccedil;&atilde;o do Prov&atilde;o Paulista Seriado?<span class=\"ez-toc-section-end\"><\/span><\/h2><p class=\"wp-block-paragraph\">Uma <span id=\"urn:enhancement-5af0b24b-35fd-4dc7-a7a2-140c06089b10\" class=\"textannotation disambiguated wl-thing\" itemid=\"https:\/\/data.wordlift.io\/wl110249\/entity\/redacao\">reda&ccedil;&atilde;o<\/span> pode ser produzida a partir de diferentes <span id=\"urn:enhancement-5eadc1c7-a0ae-4234-91f2-274a0eb1adc8\" class=\"textannotation disambiguated wl-thing\" itemid=\"https:\/\/data.wordlift.io\/wl110249\/entity\/generos-textuais\">g&ecirc;neros textuais<\/span>, como, por exemplo, o dissertativo, descritivo, carta, artigo de opini&atilde;o, narrativo e muitos outros. Na prova de <span id=\"urn:enhancement-099b6ae0-6ba9-44ea-91c1-fb48bd56c354\" class=\"textannotation disambiguated wl-thing\" itemid=\"https:\/\/data.wordlift.io\/wl110249\/entity\/redacao\">reda&ccedil;&atilde;o<\/span> do <span id=\"urn:enhancement-ba64dc88-bbfd-4c02-b490-f82fb25016cb\" class=\"textannotation disambiguated wl-thing\" itemid=\"https:\/\/data.wordlift.io\/wl110249\/entity\/provao-paulista\">Prov&atilde;o Paulista<\/span>, por sua vez, &eacute; cobrado dos participantes a produ&ccedil;&atilde;o de um texto <strong>dissertativo-argumentativo<\/strong>.<\/p><p class=\"wp-block-paragraph\">Para contribuir com a escrita da <span id=\"urn:enhancement-a404eb18-d1cf-4012-bde0-fc9adc3c10cc\" class=\"textannotation disambiguated wl-thing\" itemid=\"https:\/\/data.wordlift.io\/wl110249\/entity\/redacao\">reda&ccedil;&atilde;o<\/span>, a prova oferece textos motivadores sobre o tema solicitado, que apesar de n&atilde;o poderem ser copiados, ajudam a organizar ideias sobre o debate a ser feito.<\/p><h2 class=\"wp-block-heading\" id=\"h-como-organizar-o-texto-dissertativo-argumentativo\"><span class=\"ez-toc-section\" id=\"Como-organizar-o-texto-dissertativo-argumentativo\"><\/span>Como organizar o texto dissertativo-argumentativo?<span class=\"ez-toc-section-end\"><\/span><\/h2><p class=\"wp-block-paragraph\">Entenda o que a banca avaliadora espera da estrutura de uma <span id=\"urn:enhancement-1cdc13b7-61a8-47c7-866c-bdd4e5d224bd\" class=\"textannotation disambiguated wl-creative-work\" itemid=\"https:\/\/data.wordlift.io\/wl110249\/entity\/redacao-dissertativa-argumentativa\">reda&ccedil;&atilde;o dissertativa-argumentativa<\/span>:<\/p><h3 class=\"wp-block-heading\" id=\"h-introducao\">Introdu&ccedil;&atilde;o<\/h3><p class=\"wp-block-paragraph\">Na introdu&ccedil;&atilde;o, o candidato deve apresentar a tese e o posicionamento sobre o tema proposto. A apresenta&ccedil;&atilde;o do tema deve ser realizada com uma contextualiza&ccedil;&atilde;o, utilizando repert&oacute;rios culturais para relacionar com a proposta de <span id=\"urn:enhancement-8a17a0e3-651d-4b70-8dc9-89625f96862a\" class=\"textannotation disambiguated wl-thing\" itemid=\"https:\/\/data.wordlift.io\/wl110249\/entity\/redacao\">reda&ccedil;&atilde;o<\/span>.<\/p><h3 class=\"wp-block-heading\" id=\"h-desenvolvimento\">Desenvolvimento<\/h3><p class=\"wp-block-paragraph\">Aprofundando a tese explanada na introdu&ccedil;&atilde;o, desenvolvendo o ponto de vista do candidato com argumenta&ccedil;&atilde;o, o desenvolvimento deve ser claro e objetivo. Al&eacute;m disso, n&atilde;o se esque&ccedil;a de utilizar t&oacute;pico frasal, repert&oacute;rio sociocultural e a argumenta&ccedil;&atilde;o em si.<\/p><h3 class=\"wp-block-heading\" id=\"h-conclusao\">Conclus&atilde;o<\/h3><p class=\"wp-block-paragraph\">Para finalizar o texto, na conclus&atilde;o o candidato deve propor interven&ccedil;&otilde;es que contribuam para a melhoria da problem&aacute;tica. As solu&ccedil;&otilde;es ou medidas para conter a problem&aacute;tica devem ser detalhadas, apresentando agente (quem realizar&aacute; a a&ccedil;&atilde;o), a&ccedil;&atilde;o (o que ser&aacute; realizado), meio (como ser&aacute; realizado) e objetivo (para que ser&aacute; realizado).<\/p><p class=\"wp-block-paragraph\"><div id=\"new-form\">\n\t<form id=\"forms_layout\">\n\t<input type=\"hidden\" id=\"chave_de\" name=\"chave_de\" value=\"01_EVEST_LEADS_TOTAIS\" \/>\n\t\t<input type=\"hidden\" id=\"mid\" name=\"mid\" value=\"515008983\" \/>\n\t\t<input type=\"hidden\" id=\"Objetivo\" name=\"Objetivo\" value=\"Vestibulares\" \/>\n\t\t<input type=\"hidden\" id=\"Estado_de_Origem_do_IP\" name=\"Estado_de_Origem_do_IP\"  value=\"\" \/>\n\t\t<input type=\"hidden\" id=\"Cidade_de_Origem_do_IP\" name=\"Cidade_de_Origem_do_IP\" value=\"\" \/>\n\t\t<input type=\"hidden\" id=\"Modo_de_entrada\" name=\"Modo_de_entrada\" value=\"Portal\" \/>\n\t\t<input type=\"hidden\" id=\"Pagina_Origem\" name=\"Pagina_Origem\" value=\"\" \/>\n\n\t\t<div class=\"texto\">\n\t\t\t<h3 class=\"news\">Inscreva-se em nossa newsletter\ud83e\udd89<\/h3>\n\t\t\t<p>Receba dicas de estudo gratuitas e saiba em primeira m\u00e3o as novidades sobre o Enem, Sisu, Encceja, Fuvest e outros vestibulares!<\/p>\n\t\t<\/div>\n\t\t<div class=\"campos\">\n\t\t\t<div class=\"first_name labels\">\n\t\t\t\t<input type=\"text\" class=\"input_labels\" id=\"first_name\" name=\"Nome_Completo\" placeholder=\"Nome\" required \/>\n\t\t\t<\/div>\n\t\t\t<div class=\"email labels\">\n\t\t\t\t<input type=\"email\" class=\"input_labels\" id=\"email\" name=\"Email\" placeholder=\"E-mail\" required \/>\n\t\t\t<\/div>\n\t\t\t<button type=\"submit\" class=\"button_layout\">\n\t\t\t\t<div id=\"lblBotao\">Inscreva-se<\/div>\n\t\t\t\t<span id=\"divSpiner\" class=\"loader\" role=\"status\" style=\"display: none;\"><\/span>\t\n\t\t\t<\/button>\n\t\t<\/div><!-- \/campos -->\n\t\t\n\t\t<label class=\"container_checkbox\">Voc\u00ea concorda com a nossa\n\t\t\t<a class=\"politics_privacy_ahref\" target=\"_blank\" href=\"https:\/\/gratis.estrategiaconcursos.com.br\/politica-de-privacidade\/\">Pol\u00edtica de Privacidade<\/a> e aceita receber informa\u00e7\u00f5es adicionais do Estrat\u00e9gia Educacional.\n\t\t\t<input id=\"checkbox_layout\" type=\"checkbox\" checked=\"checked\" required \/>\n\t\t\t<span class=\"checkbox\"><\/span>\n\t\t<\/label>\n\t\t<div id=\"msg\"><\/div>\n\t\t<div id=\"error\" class=\"error\">\n\t\t<\/div>\n\t<\/form>\n<\/div><!-- \/new-form -->\n\n\n\n<\/p><h2 class=\"wp-block-heading\" id=\"h-como-e-a-correcao-da-redacao-do-provao-paulista-seriado\"><span class=\"ez-toc-section\" id=\"Como-e-a-correcao-da-redacao-do-Provao-Paulista-Seriado\"><\/span>Como &eacute; a corre&ccedil;&atilde;o da reda&ccedil;&atilde;o do Prov&atilde;o Paulista Seriado?<span class=\"ez-toc-section-end\"><\/span><\/h2><p class=\"wp-block-paragraph\">O texto produzido na <span id=\"urn:enhancement-d3fa0a7e-ce07-414d-8a32-8056bf73d4a7\" class=\"textannotation disambiguated wl-thing\" itemid=\"https:\/\/data.wordlift.io\/wl110249\/entity\/redacao\">reda&ccedil;&atilde;o<\/span> do <span id=\"urn:enhancement-f1778c72-adc4-4b0a-bc95-68ab2db77b36\" class=\"textannotation disambiguated wl-thing\" itemid=\"https:\/\/data.wordlift.io\/wl110249\/entity\/provao-paulista\">Prov&atilde;o Paulista<\/span> Seriado &eacute; corrigido levando em considera&ccedil;&atilde;o quatro crit&eacute;rios:<strong> tema, estrutura, <span id=\"urn:enhancement-79403f3a-da0e-44db-82bc-03464d035d37\" class=\"textannotation disambiguated wl-thing\" itemid=\"https:\/\/data.wordlift.io\/wl110249\/entity\/expressoes-algebricas\">express&atilde;o<\/span> e proposta<\/strong>.&nbsp;<\/p><p class=\"wp-block-paragraph\">A avalia&ccedil;&atilde;o dos crit&eacute;rios &eacute; feita por dois examinadores independentes e, quando h&aacute; discrep&acirc;ncia em rela&ccedil;&atilde;o &agrave;s notas, um terceiro examinador avalia a prova, se a discrep&acirc;ncia permanecer, os coordenadores da banca avaliam o texto. Entenda o que &eacute; esperado em cada crit&eacute;rio de avalia&ccedil;&atilde;o:<\/p><h3 class=\"wp-block-heading\" id=\"h-tema-nbsp\">Tema&nbsp;<\/h3><p class=\"wp-block-paragraph\">Avalia-se, neste crit&eacute;rio, se o texto do candidato atende ao tema proposto. A fuga completa ao tema proposto &eacute; motivo suficiente para que a <span id=\"urn:enhancement-740da7d4-5cf1-41b9-a62a-17d935da2738\" class=\"textannotation disambiguated wl-thing\" itemid=\"https:\/\/data.wordlift.io\/wl110249\/entity\/redacao\">reda&ccedil;&atilde;o<\/span> n&atilde;o seja corrigida em qualquer outro de seus aspectos, recebendo nota zero total.<\/p><h3 class=\"wp-block-heading\" id=\"h-estrutura-genero-tipo-de-texto-e-coerencia\">Estrutura (g&ecirc;nero\/tipo de texto e coer&ecirc;ncia)<\/h3><p class=\"wp-block-paragraph\">Observa-se como o candidato sustenta a sua tese, em termos argumentativos, e como essa argumenta&ccedil;&atilde;o est&aacute; organizada, considerando-se a macroestrutura do texto dissertativo (introdu&ccedil;&atilde;o, desenvolvimento e conclus&atilde;o). Na coer&ecirc;ncia, ser&atilde;o observados o n&iacute;vel de compreens&atilde;o (por parte do candidato) dos textos de apoio da proposta, o conhecimento de mundo (repert&oacute;rio) do candidato, a pertin&ecirc;ncia dos argumentos mobilizados para a defesa do ponto de vista adotado e a capacidade do candidato para desenvolver, relacionar e encadear satisfatoriamente as informa&ccedil;&otilde;es e ideias abordadas no texto.<\/p><h3 class=\"wp-block-heading\" id=\"h-expressao-coesao-e-modalidade\">Express&atilde;o (coes&atilde;o e modalidade)<\/h3><p class=\"wp-block-paragraph\">Avalia-se a utiliza&ccedil;&atilde;o dos recursos coesivos da <span id=\"urn:enhancement-7426838a-5601-44ab-b37a-4cd69cfd141e\" class=\"textannotation disambiguated wl-thing\" itemid=\"https:\/\/data.wordlift.io\/wl110249\/entity\/lingua\">l&iacute;ngua<\/span> (an&aacute;foras, cat&aacute;foras, substitui&ccedil;&otilde;es, conjun&ccedil;&otilde;es etc.), respons&aacute;veis por tornar mais clara e precisa a rela&ccedil;&atilde;o entre palavras, ora&ccedil;&otilde;es, per&iacute;odos e par&aacute;grafos do texto.&nbsp;<\/p><h3 class=\"wp-block-heading\" id=\"h-proposta-de-intervencao\">Proposta de interven&ccedil;&atilde;o<\/h3><p class=\"wp-block-paragraph\">Considera-se a elabora&ccedil;&atilde;o de proposta de interven&ccedil;&atilde;o, detalhada, relacionada ao tema e articulada &agrave; discuss&atilde;o desenvolvida no texto. A proposta de interven&ccedil;&atilde;o deve claramente indicar uma a&ccedil;&atilde;o a ser realizada para resolver a situa&ccedil;&atilde;o-problema discutida no texto. Al&eacute;m disso, essa a&ccedil;&atilde;o\/ solu&ccedil;&atilde;o deve ser composta pelos agentes <span id=\"urn:enhancement-71730fba-2fdd-4152-b3b8-abf23ac57a1e\" class=\"textannotation disambiguated wl-thing\" itemid=\"https:\/\/data.wordlift.io\/wl110249\/entity\/ciencias-sociais\">sociais<\/span> respons&aacute;veis por sua execu&ccedil;&atilde;o, pelo modo como ela ser&aacute; posta em pr&aacute;tica e pelo seu efeito pretendido, al&eacute;m de apresentar um detalhamento que complemente algum desses elementos j&aacute; mencionados (exemplifica&ccedil;&atilde;o, explica&ccedil;&atilde;o etc.) O respeito aos direitos humanos tamb&eacute;m &eacute; imprescind&iacute;vel.<\/p><h2 class=\"wp-block-heading\" id=\"h-quando-uma-redacao-pode-receber-nota-zero-no-provao-paulista-seriado\"><span class=\"ez-toc-section\" id=\"Quando-uma-redacao-pode-receber-nota-zero-no-Provao-Paulista-Seriado\"><\/span>Quando uma reda&ccedil;&atilde;o pode receber nota zero no Prov&atilde;o Paulista Seriado?<span class=\"ez-toc-section-end\"><\/span><\/h2><p class=\"wp-block-paragraph\">Al&eacute;m de estabelecer os crit&eacute;rios de corre&ccedil;&atilde;o da <span id=\"urn:enhancement-8bf05044-6ae6-4217-b3ec-8b0513063564\" class=\"textannotation disambiguated wl-thing\" itemid=\"https:\/\/data.wordlift.io\/wl110249\/entity\/redacao\">reda&ccedil;&atilde;o<\/span>, o edital do <span id=\"urn:enhancement-5317c846-93a2-486c-97a4-c8c900ddd8b6\" class=\"textannotation disambiguated wl-thing\" itemid=\"https:\/\/data.wordlift.io\/wl110249\/entity\/provao-paulista\">Prov&atilde;o Paulista<\/span> Seriado tamb&eacute;m lista ocasi&otilde;es nas quais o texto receber&aacute; a nota zero. S&atilde;o elas:<\/p><ul class=\"wp-block-list\">\n<li>Fuga do tema ou do g&ecirc;nero;<\/li>\n\n\n\n<li>N&atilde;o respeitar os direitos humanos (nota zero no crit&eacute;rio &ldquo;proposta de interven&ccedil;&atilde;o&rdquo;);<\/li>\n\n\n\n<li>Apresentar nome, rubrica, assinatura, sinal, iniciais ou marcas que permitam a identifica&ccedil;&atilde;o do candidato;<\/li>\n\n\n\n<li>Estiver em branco;<\/li>\n\n\n\n<li>Apresentar textos sob forma n&atilde;o articulada verbalmente (apenas com desenhos, n&uacute;meros e\/ou palavras soltas);<\/li>\n\n\n\n<li>For escrita em outra l&iacute;ngua que n&atilde;o a portuguesa;<\/li>\n\n\n\n<li>Apresentar letra ileg&iacute;vel e\/ou incompreens&iacute;vel;<\/li>\n\n\n\n<li>Apresentar o texto definitivo fora do espa&ccedil;o reservado para tal;<\/li>\n\n\n\n<li>Apresentar sete linhas ou menos (sem contar o t&iacute;tulo);<\/li>\n\n\n\n<li>Apresentar menos de oito linhas AUTORAIS (n&atilde;o copiadas da prova, dos textos de apoio, de modelos prontos de reda&ccedil;&atilde;o ou de outras fontes) cont&iacute;nuas e\/ou for composta PREDOMINANTEMENTE por c&oacute;pia de trechos da colet&acirc;nea ou de quaisquer outras partes da prova e\/ou por reprodu&ccedil;&otilde;es (pl&aacute;gio) de textos divulgados em m&iacute;dias digitais (sobretudo internet) ou impressas;<\/li>\n\n\n\n<li>For id&ecirc;ntica ou muito semelhante a outra(s) reda&ccedil;&atilde;o(&otilde;es) deste processo seletivo ou de outro(s);<\/li>\n\n\n\n<li>Apresentar formas propositais de anula&ccedil;&atilde;o, como improp&eacute;rios, trechos jocosos ou a recusa expl&iacute;cita em cumprir o tema proposto.<\/li>\n<\/ul><p class=\"wp-block-paragraph\"><div class=\"estrategia-catalog\"><p>Categoria \"Reda&ccedil;&atilde;o Ilimitada\" n\u00e3o encontrada no cat\u00e1logo.<\/p><\/div>\n\n\n\n<\/p><h2 class=\"wp-block-heading\" id=\"h-qual-sera-o-tema-da-redacao-do-provao-paulista-seriado\"><span class=\"ez-toc-section\" id=\"Qual-sera-o-tema-da-redacao-do-Provao-Paulista-Seriado\"><\/span>Qual ser&aacute; o tema da reda&ccedil;&atilde;o do Prov&atilde;o Paulista Seriado?<span class=\"ez-toc-section-end\"><\/span><\/h2><p class=\"wp-block-paragraph\">Assim como nos outros vestibulares e processos seletivos de ingresso no <span id=\"urn:enhancement-665bac19-28e5-4ac6-84a0-31be9f6f4cbf\" class=\"textannotation disambiguated wl-thing\" itemid=\"https:\/\/data.wordlift.io\/wl110249\/entity\/ensino-superior\">Ensino Superior<\/span>, o tema da <span id=\"urn:enhancement-e4e87ab0-3997-4984-9a8e-78b61b1915ca\" class=\"textannotation disambiguated wl-thing\" itemid=\"https:\/\/data.wordlift.io\/wl110249\/entity\/redacao\">reda&ccedil;&atilde;o<\/span> proposto s&oacute; &eacute; revelado no momento da aplica&ccedil;&atilde;o da prova.<\/p><h3 class=\"wp-block-heading\" id=\"h-temas-de-redacoes-passadas-do-provao-paulista-seriado\">Temas de reda&ccedil;&otilde;es passadas do Prov&atilde;o Paulista Seriado<\/h3><p class=\"wp-block-paragraph\">Com apenas uma edi&ccedil;&atilde;o do <span id=\"urn:enhancement-030894ca-07fd-4688-a6fa-c74853e4b846\" class=\"textannotation disambiguated wl-thing\" itemid=\"https:\/\/data.wordlift.io\/wl110249\/entity\/provao-paulista\">Prov&atilde;o Paulista<\/span> Seriado aplicada, h&aacute; dois temas diferentes de <span id=\"urn:enhancement-75f20aea-5bdb-45dc-8c46-57851415b18a\" class=\"textannotation disambiguated wl-thing\" itemid=\"https:\/\/data.wordlift.io\/wl110249\/entity\/redacao\">reda&ccedil;&atilde;o<\/span> que j&aacute; foram propostos aos candidatos: o primeira na aplica&ccedil;&atilde;o regular do exame e o segundo na reaplica&ccedil;&atilde;o:<\/p><ul class=\"wp-block-list\">\n<li><strong>Tema de reda&ccedil;&atilde;o Prov&atilde;o Paulista Seriado 2023:<\/strong><a href=\"https:\/\/vestibulares.estrategia.com\/portal\/noticias\/provao-paulista-seriado-2024-tema-de-redacao\/\" target=\"_blank\"> &ldquo;O combate &agrave; fome no Brasil: entre a responsabilidade do Estado e a atua&ccedil;&atilde;o da sociedade civil&rdquo;<\/a><\/li>\n\n\n\n<li><strong>Tema de reda&ccedil;&atilde;o Prov&atilde;o Paulista 2023 (reaplica&ccedil;&atilde;o):<\/strong> <a href=\"https:\/\/vestibulares.estrategia.com\/portal\/noticias\/tema-de-redacao-provao-paulista-2024-reaplicacao-aborda-o-acolhimento-de-pessoas-em-situacao-de-rua\/\" target=\"_blank\">Acolhimento de pessoas em situa&ccedil;&atilde;o de rua<\/a><\/li>\n<\/ul><h2 class=\"wp-block-heading\" id=\"h-baixe-gratis-o-e-book-sobre-vestibulares-seriados\"><span class=\"ez-toc-section\" id=\"Baixe-gratis-o-e-book-sobre-vestibulares-seriados\"><\/span>Baixe gr&aacute;tis o e-book sobre vestibulares seriados<span class=\"ez-toc-section-end\"><\/span><\/h2><p class=\"wp-block-paragraph\">O e-book<strong> &ldquo;Vestibulares seriados: conhe&ccedil;a uma <span id=\"urn:enhancement-fa1a5ed3-a2b2-492d-ab2b-469df2ef9d7c\" class=\"textannotation disambiguated wl-thing\" itemid=\"https:\/\/data.wordlift.io\/wl110249\/entity\/geometria\">forma<\/span> alternativa de ingressar na <span id=\"urn:enhancement-b5e21b33-ce00-465d-a782-060bc055c8dd\" class=\"textannotation disambiguated wl-thing\" itemid=\"https:\/\/data.wordlift.io\/wl110249\/entity\/universidades\">universidade<\/span>&rdquo;<\/strong> &eacute; um guia completo sobre os principais vestibulares seriados do Brasil.&nbsp;<\/p><p class=\"wp-block-paragraph\">Nele, voc&ecirc; encontrar&aacute; informa&ccedil;&otilde;es sobre os processos seletivos de <span id=\"urn:enhancement-e18f0bbe-2e22-486b-8bc1-6c5dc8d394ef\" class=\"textannotation disambiguated wl-thing\" itemid=\"https:\/\/data.wordlift.io\/wl110249\/entity\/universidades\">universidades<\/span> de Norte a Sul do pa&iacute;s, divididos por regi&atilde;o. Alguns dos assuntos detalhados no e-book s&atilde;o: requisitos para participar, normas da sele&ccedil;&atilde;o, formato da prova, <span id=\"urn:enhancement-4d909266-245c-45a0-a78e-69edcc3eecdd\" class=\"textannotation disambiguated wl-creative-work\" itemid=\"https:\/\/data.wordlift.io\/wl110249\/entity\/calculo\">c&aacute;lculo<\/span> da nota final e cronograma frequente.<\/p><p class=\"wp-block-paragraph\">O material te ajudar&aacute; a entender melhor cada vestibular seriado e a descobrir qual deles melhor se encaixa em sua realidade. Clique no banner abaixo e fa&ccedil;a o download do livro digital de <span id=\"urn:enhancement-972244ad-ac8b-4e1c-86f2-976e8b235342\" class=\"textannotation disambiguated wl-thing\" itemid=\"https:\/\/data.wordlift.io\/wl110249\/entity\/geometria\">forma<\/span> totalmente gratuita!<\/p><figure class=\"wp-block-image\"><a href=\"https:\/\/gratis.estrategiaconcursos.com.br\/ev-vestibulares-seriados-3o-e-book-jornalismo-2024\/\" target=\"_blank\" rel=\"noopener noreferrer\"><img decoding=\"async\" width=\"1024\" height=\"521\" src=\"https:\/\/vestibulares.estrategia.com\/portal\/wp-content\/uploads\/2024\/07\/EV-Genericas-Mail-1-1-1-1024x521.jpg\" alt=\"ebook-vestibulares-seriados\" class=\"wp-image-122110\" srcset=\"https:\/\/vestibulares.estrategia.com\/portal\/wp-content\/uploads\/2024\/07\/EV-Genericas-Mail-1-1-1-1024x521.jpg 1024w, https:\/\/vestibulares.estrategia.com\/portal\/wp-content\/uploads\/2024\/07\/EV-Genericas-Mail-1-1-1-768x391.jpg 768w, https:\/\/vestibulares.estrategia.com\/portal\/wp-content\/uploads\/2024\/07\/EV-Genericas-Mail-1-1-1-800x407.jpg 800w, https:\/\/vestibulares.estrategia.com\/portal\/wp-content\/uploads\/2024\/07\/EV-Genericas-Mail-1-1-1-1160x590.jpg 1160w, https:\/\/vestibulares.estrategia.com\/portal\/wp-content\/uploads\/2024\/07\/EV-Genericas-Mail-1-1-1.jpg 1280w\" sizes=\"(max-width: 1024px) 100vw, 1024px\" \/><\/a><\/figure><h2 class=\"wp-block-heading\" id=\"h-estude-para-o-provao-paulista-com-o-estrategia-vestibulares\"><span class=\"ez-toc-section\" id=\"Estude-para-o-Provao-Paulista-com-o-Estrategia-Vestibulares\"><\/span>Estude para o Prov&atilde;o Paulista com o Estrat&eacute;gia Vestibulares<span class=\"ez-toc-section-end\"><\/span><\/h2><p class=\"wp-block-paragraph\">Para te ajudar nos estudos, o <span id=\"urn:enhancement-32f420b6-d7a8-4b0e-a273-386f321be76e\" class=\"textannotation disambiguated wl-organization\" itemid=\"https:\/\/data.wordlift.io\/wl110249\/entity\/estrategia_vestibulares\">Estrat&eacute;gia Vestibulares<\/span> oferece diariamente aulas gratuitas no YouTube sobre todas as mat&eacute;rias que caem no <span id=\"urn:enhancement-1100cfaa-bf81-4d1a-853d-01db44b8176b\" class=\"textannotation disambiguated wl-thing\" itemid=\"https:\/\/data.wordlift.io\/wl110249\/entity\/provao-paulista\">Prov&atilde;o Paulista<\/span> Seriado, no <span id=\"urn:enhancement-beb454af-a370-434e-8bce-55bfb6f31798\" class=\"textannotation disambiguated wl-event\" itemid=\"https:\/\/data.wordlift.io\/wl110249\/entity\/enem\">Enem<\/span> e em diversos vestibulares!<\/p><p class=\"wp-block-paragraph\">Al&eacute;m disso, para aqueles que querem investir nos estudos, a plataforma tamb&eacute;m oferece um curso preparat&oacute;rio exclusivo para mais de 70 vestibulares, com professores especialistas nas provas e diversos benef&iacute;cios. D&aacute; s&oacute; uma olhada:&nbsp;<\/p><ul class=\"wp-block-list\">\n<li>Curso com livros digitais;<\/li>\n\n\n\n<li>Corre&ccedil;&atilde;o ilimitada de <a href=\"https:\/\/vestibulares.estrategia.com\/portal\/enem-e-vestibulares\/vestibulares\/curso-de-redacao-para-o-vestibular-saiba-mais-detalhes-e-como-escolher-o-seu\/\" target=\"_blank\">reda&ccedil;&otilde;es<\/a>;<\/li>\n\n\n\n<li>F&oacute;rum de d&uacute;vidas;<\/li>\n\n\n\n<li><a href=\"https:\/\/vestibulares.estrategia.com\/portal\/eventos\/simulados-vestibulares\/\" target=\"_blank\">Simulados<\/a> com quest&otilde;es in&eacute;ditas;<\/li>\n\n\n\n<li>Quest&otilde;es comentadas;<\/li>\n\n\n\n<li>Mapas mentais; e<\/li>\n\n\n\n<li>Entre muitas outras vantagens.<\/li>\n<\/ul><p class=\"wp-block-paragraph\">Ficou interessado? Ent&atilde;o, clique no banner e veja tudo sobre os cursos oferecidos pelo <span id=\"urn:enhancement-3b29993d-3a04-45e3-af6c-69e8a19433a5\" class=\"textannotation disambiguated wl-organization\" itemid=\"https:\/\/data.wordlift.io\/wl110249\/entity\/estrategia_vestibulares\">Estrat&eacute;gia Vestibulares<\/span>!<\/p><p class=\"wp-block-paragraph\"><a id=\"cta\" class=\"cta-imagem\" href=\"https:\/\/vestibulares.estrategia.com\/cursos\/\" target=\"blank\">\n                <img decoding=\"async\" width=\"100%\" src=\"https:\/\/vestibulares.estrategia.com\/portal\/wp-content\/uploads\/2021\/12\/EV1.jpg\" alt=\"CTA - Estrat\u00e9gia Vestibulares 1\" title=\"CTA - Estrat\u00e9gia Vestibulares 1\">\n        <\/a>\n\n\n\n\n<\/p><\/p>\n","protected":false},"excerpt":{"rendered":"O g\u00eanero cobrado \u00e9 o dissertativo-argumentativo; entenda como produzir a reda\u00e7\u00e3o e quais os crit\u00e9rios de corre\u00e7\u00e3o\n","protected":false},"author":48,"featured_media":127796,"comment_status":"closed","ping_status":"closed","sticky":false,"template":"","format":"standard","meta":{"footnotes":""},"categories":[2],"tags":[],"class_list":["post-127795","post","type-post","status-publish","format-standard","has-post-thumbnail","category-redacao"],"acf":[],"yoast_head":"<!-- This site is optimized with the Yoast SEO Premium plugin v25.9 (Yoast SEO v28.2) - https:\/\/yoast.com\/product\/yoast-seo-premium-wordpress\/ -->\n<title>Como \u00e9 a reda\u00e7\u00e3o do Prov\u00e3o Paulista Seriado?<\/title>\n<meta name=\"description\" content=\"O g\u00eanero cobrado \u00e9 o dissertativo-argumentativo; entenda como produzir a reda\u00e7\u00e3o e quais os crit\u00e9rios de corre\u00e7\u00e3o\" \/>\n<meta name=\"robots\" content=\"index, follow, max-snippet:-1, max-image-preview:large, max-video-preview:-1\" \/>\n<link rel=\"canonical\" href=\"https:\/\/vestibulares.estrategia.com\/portal\/materias\/redacao\/como-e-a-redacao-do-provao-paulista-seriado\/\" \/>\n<meta property=\"og:locale\" content=\"pt_BR\" \/>\n<meta property=\"og:type\" content=\"article\" \/>\n<meta property=\"og:title\" content=\"Como \u00e9 a reda\u00e7\u00e3o do Prov\u00e3o Paulista Seriado?\" \/>\n<meta property=\"og:description\" content=\"O g\u00eanero cobrado \u00e9 o dissertativo-argumentativo; entenda como produzir a reda\u00e7\u00e3o e quais os crit\u00e9rios de corre\u00e7\u00e3o\" \/>\n<meta property=\"og:url\" content=\"https:\/\/vestibulares.estrategia.com\/portal\/materias\/redacao\/como-e-a-redacao-do-provao-paulista-seriado\/\" \/>\n<meta property=\"og:site_name\" content=\"Estrat\u00e9gia Vestibulares\" \/>\n<meta property=\"article:publisher\" content=\"https:\/\/facebook.com\/estrategiavestibulares\" \/>\n<meta property=\"article:published_time\" content=\"2024-10-24T12:13:11+00:00\" \/>\n<meta property=\"article:modified_time\" content=\"2025-02-05T20:28:44+00:00\" \/>\n<meta property=\"og:image\" content=\"https:\/\/vestibulares.estrategia.com\/portal\/wp-content\/uploads\/2024\/10\/como-e-a-redacao-do-provao-paulista.jpg\" \/>\n\t<meta property=\"og:image:width\" content=\"1280\" \/>\n\t<meta property=\"og:image:height\" content=\"720\" \/>\n\t<meta property=\"og:image:type\" content=\"image\/jpeg\" \/>\n<meta name=\"author\" content=\"Beatriz Santana\" \/>\n<meta name=\"twitter:card\" content=\"summary_large_image\" \/>\n<meta name=\"twitter:creator\" content=\"@Estrategiavest\" \/>\n<meta name=\"twitter:site\" content=\"@Estrategiavest\" \/>\n<meta name=\"twitter:label1\" content=\"Escrito por\" \/>\n\t<meta name=\"twitter:data1\" content=\"Beatriz Santana\" \/>\n\t<meta name=\"twitter:label2\" content=\"Est. tempo de leitura\" \/>\n\t<meta name=\"twitter:data2\" content=\"7 minutos\" \/>\n<script type=\"application\/ld+json\" class=\"yoast-schema-graph\">{\"@context\":\"https:\\\/\\\/schema.org\",\"@graph\":[{\"@type\":\"Article\",\"@id\":\"https:\\\/\\\/vestibulares.estrategia.com\\\/portal\\\/materias\\\/redacao\\\/como-e-a-redacao-do-provao-paulista-seriado\\\/#article\",\"isPartOf\":{\"@id\":\"https:\\\/\\\/vestibulares.estrategia.com\\\/portal\\\/materias\\\/redacao\\\/como-e-a-redacao-do-provao-paulista-seriado\\\/\"},\"author\":{\"name\":\"Beatriz Santana\",\"@id\":\"https:\\\/\\\/vestibulares.estrategia.com\\\/portal\\\/#\\\/schema\\\/person\\\/cdd941dcf53839374c0bc8d39bb0230f\"},\"headline\":\"Como \u00e9 a reda\u00e7\u00e3o do Prov\u00e3o Paulista Seriado?\",\"datePublished\":\"2024-10-24T12:13:11+00:00\",\"dateModified\":\"2025-02-05T20:28:44+00:00\",\"mainEntityOfPage\":{\"@id\":\"https:\\\/\\\/vestibulares.estrategia.com\\\/portal\\\/materias\\\/redacao\\\/como-e-a-redacao-do-provao-paulista-seriado\\\/\"},\"wordCount\":1506,\"publisher\":{\"@id\":\"https:\\\/\\\/vestibulares.estrategia.com\\\/portal\\\/#organization\"},\"image\":{\"@id\":\"https:\\\/\\\/vestibulares.estrategia.com\\\/portal\\\/materias\\\/redacao\\\/como-e-a-redacao-do-provao-paulista-seriado\\\/#primaryimage\"},\"thumbnailUrl\":\"https:\\\/\\\/vestibulares.estrategia.com\\\/portal\\\/wp-content\\\/uploads\\\/2024\\\/10\\\/como-e-a-redacao-do-provao-paulista.jpg\",\"articleSection\":[\"Reda\u00e7\u00e3o\"],\"inLanguage\":\"pt-BR\"},{\"@type\":\"WebPage\",\"@id\":\"https:\\\/\\\/vestibulares.estrategia.com\\\/portal\\\/materias\\\/redacao\\\/como-e-a-redacao-do-provao-paulista-seriado\\\/\",\"url\":\"https:\\\/\\\/vestibulares.estrategia.com\\\/portal\\\/materias\\\/redacao\\\/como-e-a-redacao-do-provao-paulista-seriado\\\/\",\"name\":\"Como \u00e9 a reda\u00e7\u00e3o do Prov\u00e3o Paulista Seriado?\",\"isPartOf\":{\"@id\":\"https:\\\/\\\/vestibulares.estrategia.com\\\/portal\\\/#website\"},\"primaryImageOfPage\":{\"@id\":\"https:\\\/\\\/vestibulares.estrategia.com\\\/portal\\\/materias\\\/redacao\\\/como-e-a-redacao-do-provao-paulista-seriado\\\/#primaryimage\"},\"image\":{\"@id\":\"https:\\\/\\\/vestibulares.estrategia.com\\\/portal\\\/materias\\\/redacao\\\/como-e-a-redacao-do-provao-paulista-seriado\\\/#primaryimage\"},\"thumbnailUrl\":\"https:\\\/\\\/vestibulares.estrategia.com\\\/portal\\\/wp-content\\\/uploads\\\/2024\\\/10\\\/como-e-a-redacao-do-provao-paulista.jpg\",\"datePublished\":\"2024-10-24T12:13:11+00:00\",\"dateModified\":\"2025-02-05T20:28:44+00:00\",\"description\":\"O g\u00eanero cobrado \u00e9 o dissertativo-argumentativo; entenda como produzir a reda\u00e7\u00e3o e quais os crit\u00e9rios de corre\u00e7\u00e3o\",\"breadcrumb\":{\"@id\":\"https:\\\/\\\/vestibulares.estrategia.com\\\/portal\\\/materias\\\/redacao\\\/como-e-a-redacao-do-provao-paulista-seriado\\\/#breadcrumb\"},\"inLanguage\":\"pt-BR\",\"potentialAction\":[{\"@type\":\"ReadAction\",\"target\":[\"https:\\\/\\\/vestibulares.estrategia.com\\\/portal\\\/materias\\\/redacao\\\/como-e-a-redacao-do-provao-paulista-seriado\\\/\"]}]},{\"@type\":\"ImageObject\",\"inLanguage\":\"pt-BR\",\"@id\":\"https:\\\/\\\/vestibulares.estrategia.com\\\/portal\\\/materias\\\/redacao\\\/como-e-a-redacao-do-provao-paulista-seriado\\\/#primaryimage\",\"url\":\"https:\\\/\\\/vestibulares.estrategia.com\\\/portal\\\/wp-content\\\/uploads\\\/2024\\\/10\\\/como-e-a-redacao-do-provao-paulista.jpg\",\"contentUrl\":\"https:\\\/\\\/vestibulares.estrategia.com\\\/portal\\\/wp-content\\\/uploads\\\/2024\\\/10\\\/como-e-a-redacao-do-provao-paulista.jpg\",\"width\":1280,\"height\":720,\"caption\":\"como \u00e9 a reda\u00e7\u00e3o do prov\u00e3o paulista\"},{\"@type\":\"BreadcrumbList\",\"@id\":\"https:\\\/\\\/vestibulares.estrategia.com\\\/portal\\\/materias\\\/redacao\\\/como-e-a-redacao-do-provao-paulista-seriado\\\/#breadcrumb\",\"itemListElement\":[{\"@type\":\"ListItem\",\"position\":1,\"name\":\"Home\",\"item\":\"https:\\\/\\\/vestibulares.estrategia.com\\\/portal\\\/\"},{\"@type\":\"ListItem\",\"position\":2,\"name\":\"Mat\u00e9rias\",\"item\":\"https:\\\/\\\/vestibulares.estrategia.com\\\/portal\\\/materias\\\/\"},{\"@type\":\"ListItem\",\"position\":3,\"name\":\"Reda\u00e7\u00e3o\",\"item\":\"https:\\\/\\\/vestibulares.estrategia.com\\\/portal\\\/materias\\\/redacao\\\/\"},{\"@type\":\"ListItem\",\"position\":4,\"name\":\"Como \u00e9 a reda\u00e7\u00e3o do Prov\u00e3o Paulista Seriado?\"}]},{\"@type\":\"WebSite\",\"@id\":\"https:\\\/\\\/vestibulares.estrategia.com\\\/portal\\\/#website\",\"url\":\"https:\\\/\\\/vestibulares.estrategia.com\\\/portal\\\/\",\"name\":\"Estrat\u00e9gia Vestibulares\",\"description\":\"\",\"publisher\":{\"@id\":\"https:\\\/\\\/vestibulares.estrategia.com\\\/portal\\\/#organization\"},\"potentialAction\":[{\"@type\":\"SearchAction\",\"target\":{\"@type\":\"EntryPoint\",\"urlTemplate\":\"https:\\\/\\\/vestibulares.estrategia.com\\\/portal\\\/?s={search_term_string}\"},\"query-input\":{\"@type\":\"PropertyValueSpecification\",\"valueRequired\":true,\"valueName\":\"search_term_string\"}}],\"inLanguage\":\"pt-BR\"},{\"@type\":\"Organization\",\"@id\":\"https:\\\/\\\/vestibulares.estrategia.com\\\/portal\\\/#organization\",\"name\":\"Estrat\u00e9gia Vestibulares\",\"url\":\"https:\\\/\\\/vestibulares.estrategia.com\\\/portal\\\/\",\"logo\":{\"@type\":\"ImageObject\",\"inLanguage\":\"pt-BR\",\"@id\":\"https:\\\/\\\/vestibulares.estrategia.com\\\/portal\\\/#\\\/schema\\\/logo\\\/image\\\/\",\"url\":\"https:\\\/\\\/vestibulares.estrategia.com\\\/portal\\\/wp-content\\\/uploads\\\/2021\\\/06\\\/Logo-Vestibulares@4x.png\",\"contentUrl\":\"https:\\\/\\\/vestibulares.estrategia.com\\\/portal\\\/wp-content\\\/uploads\\\/2021\\\/06\\\/Logo-Vestibulares@4x.png\",\"width\":250,\"height\":66,\"caption\":\"Estrat\u00e9gia Vestibulares\"},\"image\":{\"@id\":\"https:\\\/\\\/vestibulares.estrategia.com\\\/portal\\\/#\\\/schema\\\/logo\\\/image\\\/\"},\"sameAs\":[\"https:\\\/\\\/facebook.com\\\/estrategiavestibulares\",\"https:\\\/\\\/x.com\\\/Estrategiavest\",\"https:\\\/\\\/www.instagram.com\\\/estrategiavestibulares\",\"https:\\\/\\\/www.youtube.com\\\/channel\\\/UCGWdZy8ULI-7_5GrABa4vNA\"]},{\"@type\":\"Person\",\"@id\":\"https:\\\/\\\/vestibulares.estrategia.com\\\/portal\\\/#\\\/schema\\\/person\\\/cdd941dcf53839374c0bc8d39bb0230f\",\"name\":\"Beatriz Santana\",\"image\":{\"@type\":\"ImageObject\",\"inLanguage\":\"pt-BR\",\"@id\":\"https:\\\/\\\/vestibulares.estrategia.com\\\/portal\\\/wp-content\\\/uploads\\\/2022\\\/01\\\/WhatsApp-Image-2021-10-21-at-10.19.09-1-150x150.webp\",\"url\":\"https:\\\/\\\/vestibulares.estrategia.com\\\/portal\\\/wp-content\\\/uploads\\\/2022\\\/01\\\/WhatsApp-Image-2021-10-21-at-10.19.09-1-150x150.webp\",\"contentUrl\":\"https:\\\/\\\/vestibulares.estrategia.com\\\/portal\\\/wp-content\\\/uploads\\\/2022\\\/01\\\/WhatsApp-Image-2021-10-21-at-10.19.09-1-150x150.webp\",\"caption\":\"Beatriz Santana\"},\"description\":\"Jornalista formada pela Unesp\",\"url\":\"https:\\\/\\\/vestibulares.estrategia.com\\\/portal\\\/author\\\/beatriz-santana\\\/\"}]}<\/script>\n<!-- \/ Yoast SEO Premium plugin. -->","yoast_head_json":{"title":"Como \u00e9 a reda\u00e7\u00e3o do Prov\u00e3o Paulista Seriado?","description":"O g\u00eanero cobrado \u00e9 o dissertativo-argumentativo; entenda como produzir a reda\u00e7\u00e3o e quais os crit\u00e9rios de corre\u00e7\u00e3o","robots":{"index":"index","follow":"follow","max-snippet":"max-snippet:-1","max-image-preview":"max-image-preview:large","max-video-preview":"max-video-preview:-1"},"canonical":"https:\/\/vestibulares.estrategia.com\/portal\/materias\/redacao\/como-e-a-redacao-do-provao-paulista-seriado\/","og_locale":"pt_BR","og_type":"article","og_title":"Como \u00e9 a reda\u00e7\u00e3o do Prov\u00e3o Paulista Seriado?","og_description":"O g\u00eanero cobrado \u00e9 o dissertativo-argumentativo; entenda como produzir a reda\u00e7\u00e3o e quais os crit\u00e9rios de corre\u00e7\u00e3o","og_url":"https:\/\/vestibulares.estrategia.com\/portal\/materias\/redacao\/como-e-a-redacao-do-provao-paulista-seriado\/","og_site_name":"Estrat\u00e9gia Vestibulares","article_publisher":"https:\/\/facebook.com\/estrategiavestibulares","article_published_time":"2024-10-24T12:13:11+00:00","article_modified_time":"2025-02-05T20:28:44+00:00","og_image":[{"width":1280,"height":720,"url":"https:\/\/vestibulares.estrategia.com\/portal\/wp-content\/uploads\/2024\/10\/como-e-a-redacao-do-provao-paulista.jpg","type":"image\/jpeg"}],"author":"Beatriz Santana","twitter_card":"summary_large_image","twitter_creator":"@Estrategiavest","twitter_site":"@Estrategiavest","twitter_misc":{"Escrito por":"Beatriz Santana","Est. tempo de leitura":"7 minutos"},"schema":{"@context":"https:\/\/schema.org","@graph":[{"@type":"Article","@id":"https:\/\/vestibulares.estrategia.com\/portal\/materias\/redacao\/como-e-a-redacao-do-provao-paulista-seriado\/#article","isPartOf":{"@id":"https:\/\/vestibulares.estrategia.com\/portal\/materias\/redacao\/como-e-a-redacao-do-provao-paulista-seriado\/"},"author":{"name":"Beatriz Santana","@id":"https:\/\/vestibulares.estrategia.com\/portal\/#\/schema\/person\/cdd941dcf53839374c0bc8d39bb0230f"},"headline":"Como \u00e9 a reda\u00e7\u00e3o do Prov\u00e3o Paulista Seriado?","datePublished":"2024-10-24T12:13:11+00:00","dateModified":"2025-02-05T20:28:44+00:00","mainEntityOfPage":{"@id":"https:\/\/vestibulares.estrategia.com\/portal\/materias\/redacao\/como-e-a-redacao-do-provao-paulista-seriado\/"},"wordCount":1506,"publisher":{"@id":"https:\/\/vestibulares.estrategia.com\/portal\/#organization"},"image":{"@id":"https:\/\/vestibulares.estrategia.com\/portal\/materias\/redacao\/como-e-a-redacao-do-provao-paulista-seriado\/#primaryimage"},"thumbnailUrl":"https:\/\/vestibulares.estrategia.com\/portal\/wp-content\/uploads\/2024\/10\/como-e-a-redacao-do-provao-paulista.jpg","articleSection":["Reda\u00e7\u00e3o"],"inLanguage":"pt-BR"},{"@type":"WebPage","@id":"https:\/\/vestibulares.estrategia.com\/portal\/materias\/redacao\/como-e-a-redacao-do-provao-paulista-seriado\/","url":"https:\/\/vestibulares.estrategia.com\/portal\/materias\/redacao\/como-e-a-redacao-do-provao-paulista-seriado\/","name":"Como \u00e9 a reda\u00e7\u00e3o do Prov\u00e3o Paulista Seriado?","isPartOf":{"@id":"https:\/\/vestibulares.estrategia.com\/portal\/#website"},"primaryImageOfPage":{"@id":"https:\/\/vestibulares.estrategia.com\/portal\/materias\/redacao\/como-e-a-redacao-do-provao-paulista-seriado\/#primaryimage"},"image":{"@id":"https:\/\/vestibulares.estrategia.com\/portal\/materias\/redacao\/como-e-a-redacao-do-provao-paulista-seriado\/#primaryimage"},"thumbnailUrl":"https:\/\/vestibulares.estrategia.com\/portal\/wp-content\/uploads\/2024\/10\/como-e-a-redacao-do-provao-paulista.jpg","datePublished":"2024-10-24T12:13:11+00:00","dateModified":"2025-02-05T20:28:44+00:00","description":"O g\u00eanero cobrado \u00e9 o dissertativo-argumentativo; entenda como produzir a reda\u00e7\u00e3o e quais os crit\u00e9rios de corre\u00e7\u00e3o","breadcrumb":{"@id":"https:\/\/vestibulares.estrategia.com\/portal\/materias\/redacao\/como-e-a-redacao-do-provao-paulista-seriado\/#breadcrumb"},"inLanguage":"pt-BR","potentialAction":[{"@type":"ReadAction","target":["https:\/\/vestibulares.estrategia.com\/portal\/materias\/redacao\/como-e-a-redacao-do-provao-paulista-seriado\/"]}]},{"@type":"ImageObject","inLanguage":"pt-BR","@id":"https:\/\/vestibulares.estrategia.com\/portal\/materias\/redacao\/como-e-a-redacao-do-provao-paulista-seriado\/#primaryimage","url":"https:\/\/vestibulares.estrategia.com\/portal\/wp-content\/uploads\/2024\/10\/como-e-a-redacao-do-provao-paulista.jpg","contentUrl":"https:\/\/vestibulares.estrategia.com\/portal\/wp-content\/uploads\/2024\/10\/como-e-a-redacao-do-provao-paulista.jpg","width":1280,"height":720,"caption":"como \u00e9 a reda\u00e7\u00e3o do prov\u00e3o paulista"},{"@type":"BreadcrumbList","@id":"https:\/\/vestibulares.estrategia.com\/portal\/materias\/redacao\/como-e-a-redacao-do-provao-paulista-seriado\/#breadcrumb","itemListElement":[{"@type":"ListItem","position":1,"name":"Home","item":"https:\/\/vestibulares.estrategia.com\/portal\/"},{"@type":"ListItem","position":2,"name":"Mat\u00e9rias","item":"https:\/\/vestibulares.estrategia.com\/portal\/materias\/"},{"@type":"ListItem","position":3,"name":"Reda\u00e7\u00e3o","item":"https:\/\/vestibulares.estrategia.com\/portal\/materias\/redacao\/"},{"@type":"ListItem","position":4,"name":"Como \u00e9 a reda\u00e7\u00e3o do Prov\u00e3o Paulista Seriado?"}]},{"@type":"WebSite","@id":"https:\/\/vestibulares.estrategia.com\/portal\/#website","url":"https:\/\/vestibulares.estrategia.com\/portal\/","name":"Estrat\u00e9gia Vestibulares","description":"","publisher":{"@id":"https:\/\/vestibulares.estrategia.com\/portal\/#organization"},"potentialAction":[{"@type":"SearchAction","target":{"@type":"EntryPoint","urlTemplate":"https:\/\/vestibulares.estrategia.com\/portal\/?s={search_term_string}"},"query-input":{"@type":"PropertyValueSpecification","valueRequired":true,"valueName":"search_term_string"}}],"inLanguage":"pt-BR"},{"@type":"Organization","@id":"https:\/\/vestibulares.estrategia.com\/portal\/#organization","name":"Estrat\u00e9gia Vestibulares","url":"https:\/\/vestibulares.estrategia.com\/portal\/","logo":{"@type":"ImageObject","inLanguage":"pt-BR","@id":"https:\/\/vestibulares.estrategia.com\/portal\/#\/schema\/logo\/image\/","url":"https:\/\/vestibulares.estrategia.com\/portal\/wp-content\/uploads\/2021\/06\/Logo-Vestibulares@4x.png","contentUrl":"https:\/\/vestibulares.estrategia.com\/portal\/wp-content\/uploads\/2021\/06\/Logo-Vestibulares@4x.png","width":250,"height":66,"caption":"Estrat\u00e9gia Vestibulares"},"image":{"@id":"https:\/\/vestibulares.estrategia.com\/portal\/#\/schema\/logo\/image\/"},"sameAs":["https:\/\/facebook.com\/estrategiavestibulares","https:\/\/x.com\/Estrategiavest","https:\/\/www.instagram.com\/estrategiavestibulares","https:\/\/www.youtube.com\/channel\/UCGWdZy8ULI-7_5GrABa4vNA"]},{"@type":"Person","@id":"https:\/\/vestibulares.estrategia.com\/portal\/#\/schema\/person\/cdd941dcf53839374c0bc8d39bb0230f","name":"Beatriz Santana","image":{"@type":"ImageObject","inLanguage":"pt-BR","@id":"https:\/\/vestibulares.estrategia.com\/portal\/wp-content\/uploads\/2022\/01\/WhatsApp-Image-2021-10-21-at-10.19.09-1-150x150.webp","url":"https:\/\/vestibulares.estrategia.com\/portal\/wp-content\/uploads\/2022\/01\/WhatsApp-Image-2021-10-21-at-10.19.09-1-150x150.webp","contentUrl":"https:\/\/vestibulares.estrategia.com\/portal\/wp-content\/uploads\/2022\/01\/WhatsApp-Image-2021-10-21-at-10.19.09-1-150x150.webp","caption":"Beatriz Santana"},"description":"Jornalista formada pela Unesp","url":"https:\/\/vestibulares.estrategia.com\/portal\/author\/beatriz-santana\/"}]}},"_links":{"self":[{"href":"https:\/\/vestibulares.estrategia.com\/portal\/wp-json\/wp\/v2\/posts\/127795","targetHints":{"allow":["GET"]}}],"collection":[{"href":"https:\/\/vestibulares.estrategia.com\/portal\/wp-json\/wp\/v2\/posts"}],"about":[{"href":"https:\/\/vestibulares.estrategia.com\/portal\/wp-json\/wp\/v2\/types\/post"}],"author":[{"embeddable":true,"href":"https:\/\/vestibulares.estrategia.com\/portal\/wp-json\/wp\/v2\/users\/48"}],"replies":[{"embeddable":true,"href":"https:\/\/vestibulares.estrategia.com\/portal\/wp-json\/wp\/v2\/comments?post=127795"}],"version-history":[{"count":5,"href":"https:\/\/vestibulares.estrategia.com\/portal\/wp-json\/wp\/v2\/posts\/127795\/revisions"}],"predecessor-version":[{"id":134735,"href":"https:\/\/vestibulares.estrategia.com\/portal\/wp-json\/wp\/v2\/posts\/127795\/revisions\/134735"}],"wp:featuredmedia":[{"embeddable":true,"href":"https:\/\/vestibulares.estrategia.com\/portal\/wp-json\/wp\/v2\/media\/127796"}],"wp:attachment":[{"href":"https:\/\/vestibulares.estrategia.com\/portal\/wp-json\/wp\/v2\/media?parent=127795"}],"wp:term":[{"taxonomy":"category","embeddable":true,"href":"https:\/\/vestibulares.estrategia.com\/portal\/wp-json\/wp\/v2\/categories?post=127795"},{"taxonomy":"post_tag","embeddable":true,"href":"https:\/\/vestibulares.estrategia.com\/portal\/wp-json\/wp\/v2\/tags?post=127795"}],"curies":[{"name":"wp","href":"https:\/\/api.w.org\/{rel}","templated":true}]}}