{"id":128198,"date":"2024-10-31T17:22:41","date_gmt":"2024-10-31T20:22:41","guid":{"rendered":"https:\/\/vestibulares.estrategia.com\/portal\/?p=128198"},"modified":"2024-12-30T21:55:12","modified_gmt":"2024-12-31T00:55:12","slug":"como-citar-a-constituicao-federal-de-1988-na-redacao","status":"publish","type":"post","link":"https:\/\/vestibulares.estrategia.com\/portal\/materias\/redacao\/como-citar-a-constituicao-federal-de-1988-na-redacao\/","title":{"rendered":"Como citar a Constitui\u00e7\u00e3o Federal de 1988 na reda\u00e7\u00e3o?"},"content":{"rendered":"<p>A Constitui&ccedil;&atilde;o Federal &eacute; o conjunto de leis que determinam o funcionamento de um pa&iacute;s. &Eacute; ela que guia a cria&ccedil;&atilde;o de outras legisla&ccedil;&otilde;es e serve como garantia dos direitos e deveres de cada cidad&atilde;o.&nbsp;<p>Em pa&iacute;ses democr&aacute;ticos, a Constitui&ccedil;&atilde;o Federal &eacute; elaborada por uma assembleia composta de representantes eleitos pelo povo. Esse processo de cria&ccedil;&atilde;o da <em>Carta Magna<\/em>, como a Constitui&ccedil;&atilde;o tamb&eacute;m &eacute; conhecida, reflete os valores e prioridades considerados fundamentais para a na&ccedil;&atilde;o.<\/p><p>No Brasil, a atual Constitui&ccedil;&atilde;o Federal, criada em 1988, assegura, entre outros, os direitos &agrave; vida, &agrave; moradia, &agrave; sa&uacute;de e &agrave; educa&ccedil;&atilde;o. O documento tamb&eacute;m aborda temas como os direitos dos povos ind&iacute;genas e quilombolas, previd&ecirc;ncia social, or&ccedil;amento, impostos e diversas outras quest&otilde;es.<\/p><p>A Constitui&ccedil;&atilde;o Federal de 1988 &eacute; um &oacute;timo exemplo de <strong>repert&oacute;rio sociocultural a ser usado nos vestibulares e no Enem<\/strong>. Por isso, o <strong>Portal Estrat&eacute;gia Vestibulares <\/strong>separou algumas formas de cit&aacute;-la na reda&ccedil;&atilde;o, o que te ajudar&aacute; a demonstrar um dom&iacute;nio de argumentos legais e de direitos fundamentais. Confira abaixo!<\/p><p>&#128226;<strong><em> <\/em>Veja tamb&eacute;m:<br><\/strong>+ <a href=\"https:\/\/vestibulares.estrategia.com\/portal\/materias\/redacao\/19-citacoes-de-livros-que-podem-ser-usadas-como-repertorio-nas-redacoes\/\" target=\"_blank\">19 cita&ccedil;&otilde;es de livros que podem ser usadas como repert&oacute;rio nas reda&ccedil;&otilde;es<strong><br><\/strong><\/a>+ <a href=\"https:\/\/vestibulares.estrategia.com\/portal\/materias\/redacao\/repertorio-sociocultural-para-redacao-7-citacoes-coringa\/\" target=\"_blank\">Repert&oacute;rio Sociocultural: 7 cita&ccedil;&otilde;es coringa para usar na reda&ccedil;&atilde;o<br><\/a>+ <a href=\"https:\/\/vestibulares.estrategia.com\/portal\/materias\/redacao\/redacao-nota-1000-10-redacoes-ultima-edicao-enem\/\" target=\"_blank\">Reda&ccedil;&atilde;o nota 1000: leia 10 reda&ccedil;&otilde;es da &uacute;ltima edi&ccedil;&atilde;o do Enem<br><\/a>+ <a href=\"https:\/\/vestibulares.estrategia.com\/portal\/enem-e-vestibulares\/enem\/tema-de-redacao-enem-2024-veja-os-palpites-dos-professores-do-estrategia-vestibulares\/\" target=\"_blank\">Tema de reda&ccedil;&atilde;o Enem 2024: veja os palpites dos professores do Estrat&eacute;gia Vestibulares<br><\/a>+ <a href=\"https:\/\/vestibulares.estrategia.com\/portal\/enem-e-vestibulares\/enem\/enem-2024-7-possiveis-temas-de-redacao-e-como-se-preparar-para-a-prova\/\" target=\"_blank\">Enem 2024: 7 poss&iacute;veis temas de reda&ccedil;&atilde;o e como se preparar para a prova<\/a><\/p><p>\n\n\n\n<div class=\"cta-medio\" style=\"background-image: url(https:\/\/vestibulares.estrategia.com\/portal\/wp-content\/uploads\/2024\/08\/curso-enem-1-estrategia-vestibulares-ctamedio.jpg);\"><h3>Pacote Enem TOP <\/h3> <p>Estude com o Estrat\u00e9gia Vestibulares<\/p><div class=\"cta-botao\"><a id=\"cta-medio\" href=\"https:\/\/vestibulares.estrategia.com\/curso\/enem-top\/\" target=\"_blank\" style=\"background:rgb(255,150,0)\">Saiba mais<\/a><\/div><\/div>\n\n\n\n<\/p><div id=\"ez-toc-container\" class=\"ez-toc-v2_0_76 counter-hierarchy ez-toc-counter ez-toc-transparent ez-toc-container-direction\">\n<div class=\"ez-toc-title-container\"><p class=\"ez-toc-title\" style=\"cursor:inherit\">Navegue pelo conte\u00fado<\/p>\n<\/div><nav><ul class='ez-toc-list ez-toc-list-level-1 ' ><li class='ez-toc-page-1 ez-toc-heading-level-2'><a class=\"ez-toc-link ez-toc-heading-1\" href=\"https:\/\/vestibulares.estrategia.com\/portal\/materias\/redacao\/como-citar-a-constituicao-federal-de-1988-na-redacao\/#O-que-e-a-Constituicao-Federal-de-1988\" >O que &eacute; a Constitui&ccedil;&atilde;o Federal de 1988?<\/a><\/li><li class='ez-toc-page-1 ez-toc-heading-level-2'><a class=\"ez-toc-link ez-toc-heading-2\" href=\"https:\/\/vestibulares.estrategia.com\/portal\/materias\/redacao\/como-citar-a-constituicao-federal-de-1988-na-redacao\/#Como-citar-a-Constituicao-Federal-de-1988-na-redacao\" >Como citar a Constitui&ccedil;&atilde;o Federal de 1988 na reda&ccedil;&atilde;o?<\/a><\/li><li class='ez-toc-page-1 ez-toc-heading-level-2'><a class=\"ez-toc-link ez-toc-heading-3\" href=\"https:\/\/vestibulares.estrategia.com\/portal\/materias\/redacao\/como-citar-a-constituicao-federal-de-1988-na-redacao\/#Cuidado-na-inclusao-de-leis-como-ponto-central-de-uma-argumentacao\" >Cuidado na inclus&atilde;o de leis como ponto central de uma argumenta&ccedil;&atilde;o<\/a><\/li><li class='ez-toc-page-1 ez-toc-heading-level-2'><a class=\"ez-toc-link ez-toc-heading-4\" href=\"https:\/\/vestibulares.estrategia.com\/portal\/materias\/redacao\/como-citar-a-constituicao-federal-de-1988-na-redacao\/#Confira-mais-citacoes\" >Confira mais cita&ccedil;&otilde;es<\/a><\/li><li class='ez-toc-page-1 ez-toc-heading-level-2'><a class=\"ez-toc-link ez-toc-heading-5\" href=\"https:\/\/vestibulares.estrategia.com\/portal\/materias\/redacao\/como-citar-a-constituicao-federal-de-1988-na-redacao\/#Arrase-na-redacao-com-o-Estrategia-Vestibulares\" >Arrase na reda&ccedil;&atilde;o com o Estrat&eacute;gia Vestibulares<\/a><\/li><\/ul><\/nav><\/div>\n<h2 class=\"wp-block-heading\" id=\"h-o-que-e-a-constituicao-federal-de-1988\"><span class=\"ez-toc-section\" id=\"O-que-e-a-Constituicao-Federal-de-1988\"><\/span>O que &eacute; a Constitui&ccedil;&atilde;o Federal de 1988?<span class=\"ez-toc-section-end\"><\/span><\/h2><p>A <a href=\"https:\/\/www.planalto.gov.br\/ccivil_03\/constituicao\/constituicao.htm\" target=\"_blank\">Constitui&ccedil;&atilde;o Federal de 1988<\/a> &eacute; a que rege o Brasil atualmente. Ela foi criada para substituir a antidemocr&aacute;tica Carta promulgada pelos militares em 1967, ap&oacute;s o fim da Ditadura Militar.<\/p><p>A assembleia que redigiu a Constitui&ccedil;&atilde;o foi formada em janeiro de 1987 e concluiu seus trabalhos em outubro de 1988. A maior preocupa&ccedil;&atilde;o dos constituintes era afastar a mem&oacute;ria ditatorial e garantir na Carta institui&ccedil;&otilde;es democr&aacute;ticas que assegurassem os direitos individuais dos cidad&atilde;os, por isso, ela tamb&eacute;m &eacute; conhecida como a <em>&ldquo;Constitui&ccedil;&atilde;o Cidad&atilde;&rdquo;.<\/em><\/p><p>A Constitui&ccedil;&atilde;o Federal atual j&aacute; &eacute; a que mais tempo est&aacute; em vigor, dentro do regime republicano brasileiro. Ela tamb&eacute;m &eacute; a mais longa que o Pa&iacute;s j&aacute; teve, com 250 artigos principais e 98 artigos de disposi&ccedil;&otilde;es transit&oacute;rias. Conhe&ccedil;a alguns pontos:<\/p><ul class=\"wp-block-list\">\n<li>Estabelece elei&ccedil;&otilde;es diretas, em dois turnos, para presid&ecirc;ncia da Rep&uacute;blica, governos estaduais e prefeituras com mais de 200 mil eleitores;<\/li>\n\n\n\n<li>O voto &eacute; obrigat&oacute;rio para pessoas de 18 a 70 anos e facultativo para analfabetos, jovens de 16 a 18 anos e pessoas com mais de 70 anos;<\/li>\n\n\n\n<li>Substituiu a jornada de trabalho de 48 horas semanais por 44 horas;<\/li>\n\n\n\n<li>Cria a licen&ccedil;a maternidade de 120 dias e a licen&ccedil;a paternidade de 5 dias.<\/li>\n<\/ul><p>&#128226;<strong><em> <\/em>Veja tamb&eacute;m:<\/strong><br><a href=\"https:\/\/vestibulares.estrategia.com\/portal\/materias\/historia\/constituicoes-federais-do-brasil\/\">+ Constitui&ccedil;&atilde;o Federal: conhe&ccedil;a as 7 que o Brasil j&aacute; teve<\/a><br><a href=\"https:\/\/vestibulares.estrategia.com\/portal\/enem-e-vestibulares\/vestibulares\/repertorio-redacao-temas-leis\/\">+ Repert&oacute;rio para reda&ccedil;&atilde;o: temas a partir de leis<\/a><br><a href=\"https:\/\/vestibulares.estrategia.com\/portal\/materias\/redacao\/9-citacoes-sobre-democracia-para-usar-na-redacao\/\">+ 9 cita&ccedil;&otilde;es sobre democracia para usar na reda&ccedil;&atilde;o<\/a><br><a href=\"https:\/\/vestibulares.estrategia.com\/portal\/atualidades-e-dicas\/democracia-desenvolva-repertorios-socioculturais-para-o-vestibular\/\">+ Democracia: desenvolva repert&oacute;rios socioculturais para o vestibular<\/a><br><a href=\"https:\/\/vestibulares.estrategia.com\/portal\/atualidades-e-dicas\/o-que-e-democracia\/\">+ O que &eacute; democracia: quais s&atilde;o os tipos e como o sistema funciona?<\/a><\/p><p>\n\n\n\n<div id=\"new-form\">\n\t<form id=\"forms_layout\">\n\t<input type=\"hidden\" id=\"chave_de\" name=\"chave_de\" value=\"01_EVEST_LEADS_TOTAIS\" \/>\n\t\t<input type=\"hidden\" id=\"mid\" name=\"mid\" value=\"515008983\" \/>\n\t\t<input type=\"hidden\" id=\"Objetivo\" name=\"Objetivo\" value=\"Vestibulares\" \/>\n\t\t<input type=\"hidden\" id=\"Estado_de_Origem_do_IP\" name=\"Estado_de_Origem_do_IP\"  value=\"\" \/>\n\t\t<input type=\"hidden\" id=\"Cidade_de_Origem_do_IP\" name=\"Cidade_de_Origem_do_IP\" value=\"\" \/>\n\t\t<input type=\"hidden\" id=\"Modo_de_entrada\" name=\"Modo_de_entrada\" value=\"Portal\" \/>\n\t\t<input type=\"hidden\" id=\"Pagina_Origem\" name=\"Pagina_Origem\" value=\"\" \/>\n\n\t\t<div class=\"texto\">\n\t\t\t<h3 class=\"news\">Inscreva-se em nossa newsletter\ud83e\udd89<\/h3>\n\t\t\t<p>Receba dicas de estudo gratuitas e saiba em primeira m\u00e3o as novidades sobre o Enem, Sisu, Encceja, Fuvest e outros vestibulares!<\/p>\n\t\t<\/div>\n\t\t<div class=\"campos\">\n\t\t\t<div class=\"first_name labels\">\n\t\t\t\t<input type=\"text\" class=\"input_labels\" id=\"first_name\" name=\"Nome_Completo\" placeholder=\"Nome\" required \/>\n\t\t\t<\/div>\n\t\t\t<div class=\"email labels\">\n\t\t\t\t<input type=\"email\" class=\"input_labels\" id=\"email\" name=\"Email\" placeholder=\"E-mail\" required \/>\n\t\t\t<\/div>\n\t\t\t<button type=\"submit\" class=\"button_layout\">\n\t\t\t\t<div id=\"lblBotao\">Inscreva-se<\/div>\n\t\t\t\t<span id=\"divSpiner\" class=\"loader\" role=\"status\" style=\"display: none;\"><\/span>\t\n\t\t\t<\/button>\n\t\t<\/div><!-- \/campos -->\n\t\t\n\t\t<label class=\"container_checkbox\">Voc\u00ea concorda com a nossa\n\t\t\t<a class=\"politics_privacy_ahref\" target=\"_blank\" href=\"https:\/\/gratis.estrategiaconcursos.com.br\/politica-de-privacidade\/\">Pol\u00edtica de Privacidade<\/a> e aceita receber informa\u00e7\u00f5es adicionais do Estrat\u00e9gia Educacional.\n\t\t\t<input id=\"checkbox_layout\" type=\"checkbox\" checked=\"checked\" required \/>\n\t\t\t<span class=\"checkbox\"><\/span>\n\t\t<\/label>\n\t\t<div id=\"msg\"><\/div>\n\t\t<div id=\"error\" class=\"error\">\n\t\t<\/div>\n\t<\/form>\n<\/div><!-- \/new-form -->\n\n\n\n<\/p><h2 class=\"wp-block-heading\" id=\"h-como-citar-a-constituicao-federal-de-1988-na-redacao\"><span class=\"ez-toc-section\" id=\"Como-citar-a-Constituicao-Federal-de-1988-na-redacao\"><\/span>Como citar a Constitui&ccedil;&atilde;o Federal de 1988 na reda&ccedil;&atilde;o?<span class=\"ez-toc-section-end\"><\/span><\/h2><p>Alguns artigos da Constitui&ccedil;&atilde;o Federal s&atilde;o &oacute;timos para fortalecer argumentos em reda&ccedil;&otilde;es de temas sociais e de cidadania, ajudando a demonstrar conhecimento dos direitos constitucionais brasileiros e a import&acirc;ncia de pol&iacute;ticas p&uacute;blicas.<\/p><p>Para te ajudar a utilizar as cita&ccedil;&otilde;es da Constitui&ccedil;&atilde;o Federal na reda&ccedil;&atilde;o, o <strong>Portal Estrat&eacute;gia Vestibulares<\/strong> separou os principais artigos e incisos por temas que podem aparecer no Enem e vestibulares. Cada tema inclui os direitos e deveres fundamentais garantidos pela <em>Carta<\/em>. Confira abaixo:<\/p><h3 class=\"wp-block-heading\" id=\"h-direitos-fundamentais-e-igualdade\">Direitos Fundamentais e Igualdade<\/h3><p>Esses artigos e incisos destacam direitos b&aacute;sicos, como a igualdade e a dignidade, que podem embasar discuss&otilde;es sobre direitos humanos, cidadania e pol&iacute;ticas inclusivas.<\/p><ul class=\"wp-block-list\">\n<li><strong>Artigo 5&ordm;<\/strong>, Caput: &ldquo;Todos s&atilde;o iguais perante a lei, sem distin&ccedil;&atilde;o de qualquer natureza, garantindo-se aos brasileiros e aos estrangeiros residentes no Pa&iacute;s a inviolabilidade do direito &agrave; vida, &agrave; liberdade, &agrave; igualdade, &agrave; seguran&ccedil;a e &agrave; propriedade.&rdquo;<\/li>\n\n\n\n<li><strong>Artigo 5&ordm;<\/strong>, Inciso I: &ldquo;Homens e mulheres s&atilde;o iguais em direitos e obriga&ccedil;&otilde;es, nos termos desta Constitui&ccedil;&atilde;o.&rdquo;<\/li>\n\n\n\n<li><strong>Artigo 5&ordm;<\/strong>, Inciso III: &ldquo;Ningu&eacute;m ser&aacute; submetido a tortura nem a tratamento desumano ou degradante.&rdquo;<\/li>\n<\/ul><h3 class=\"wp-block-heading\" id=\"h-liberdade-de-expressao-e-comunicacao\">Liberdade de Express&atilde;o e Comunica&ccedil;&atilde;o<\/h3><p>Para temas que abordam a liberdade de express&atilde;o, de imprensa ou de comunica&ccedil;&atilde;o social, os artigos abaixo refor&ccedil;am a import&acirc;ncia desses direitos em uma sociedade democr&aacute;tica.<\/p><ul class=\"wp-block-list\">\n<li><strong>Artigo 5&ordm;<\/strong>, Inciso IV: &ldquo;&Eacute; livre a manifesta&ccedil;&atilde;o do pensamento, sendo vedado o anonimato.&rdquo;<\/li>\n\n\n\n<li><strong>Artigo 5&ordm;<\/strong>, Inciso IX: &ldquo;&Eacute; livre a express&atilde;o da atividade intelectual, art&iacute;stica, cient&iacute;fica e de comunica&ccedil;&atilde;o, independentemente de censura ou licen&ccedil;a.&rdquo;<\/li>\n\n\n\n<li><strong>Artigo 5&ordm;<\/strong>, Inciso XIV: &ldquo;&Eacute; assegurado a todos o acesso &agrave; informa&ccedil;&atilde;o e resguardado o sigilo da fonte, quando necess&aacute;rio ao exerc&iacute;cio profissional.&rdquo;<\/li>\n\n\n\n<li><strong>Artigo 220:<\/strong> &ldquo;A manifesta&ccedil;&atilde;o do pensamento, a cria&ccedil;&atilde;o, a express&atilde;o e a informa&ccedil;&atilde;o, sob qualquer forma, processo ou ve&iacute;culo, n&atilde;o sofrer&atilde;o qualquer restri&ccedil;&atilde;o, observado o disposto nesta Constitui&ccedil;&atilde;o.&rdquo;\n<ul class=\"wp-block-list\">\n<li>Par&aacute;grafo 1&ordm;: &ldquo;Nenhuma lei conter&aacute; dispositivo que possa constituir embara&ccedil;o &agrave; plena liberdade de informa&ccedil;&atilde;o jornal&iacute;stica em qualquer ve&iacute;culo de comunica&ccedil;&atilde;o social.&rdquo;<\/li>\n\n\n\n<li>Par&aacute;grafo 2&ordm;: &ldquo;&Eacute; vedada toda e qualquer censura de natureza pol&iacute;tica, ideol&oacute;gica e art&iacute;stica.&rdquo;<\/li>\n<\/ul>\n<\/li>\n<\/ul><h3 class=\"wp-block-heading\" id=\"h-direitos-sociais-saude-educacao-e-moradia\">Direitos Sociais: Sa&uacute;de, Educa&ccedil;&atilde;o e Moradia<\/h3><p>A Constitui&ccedil;&atilde;o Federal reconhece direitos sociais essenciais ao bem-estar e &agrave; dignidade dos cidad&atilde;os. Esses artigos s&atilde;o &uacute;teis para reda&ccedil;&otilde;es que discutem o papel do Estado em &aacute;reas como sa&uacute;de, educa&ccedil;&atilde;o e habita&ccedil;&atilde;o.<\/p><ul class=\"wp-block-list\">\n<li><strong>Artigo 6&ordm;:<\/strong> &ldquo;S&atilde;o direitos sociais a educa&ccedil;&atilde;o, a sa&uacute;de, a alimenta&ccedil;&atilde;o, o trabalho, a moradia, o transporte, o lazer, a seguran&ccedil;a, a previd&ecirc;ncia social, a prote&ccedil;&atilde;o &agrave; maternidade e &agrave; inf&acirc;ncia, a assist&ecirc;ncia aos desamparados.&rdquo;<\/li>\n\n\n\n<li><strong>Artigo 196:<\/strong> &ldquo;A sa&uacute;de &eacute; direito de todos e dever do Estado, garantido mediante pol&iacute;ticas sociais e econ&ocirc;micas que visem &agrave; redu&ccedil;&atilde;o do risco de doen&ccedil;a e de outros agravos e ao acesso universal e igualit&aacute;rio &agrave;s a&ccedil;&otilde;es e servi&ccedil;os para sua promo&ccedil;&atilde;o, prote&ccedil;&atilde;o e recupera&ccedil;&atilde;o.&rdquo;<\/li>\n\n\n\n<li><strong>Artigo 205: <\/strong>&ldquo;A educa&ccedil;&atilde;o, direito de todos e dever do Estado e da fam&iacute;lia, ser&aacute; promovida e incentivada com a colabora&ccedil;&atilde;o da sociedade, visando ao pleno desenvolvimento da pessoa, seu preparo para o exerc&iacute;cio da cidadania e sua qualifica&ccedil;&atilde;o para o trabalho.&rdquo;<\/li>\n\n\n\n<li><strong>Artigo 208: <\/strong>O dever do Estado com a educa&ccedil;&atilde;o ser&aacute; efetivado mediante:\n<ul class=\"wp-block-list\">\n<li>Inciso I: Educa&ccedil;&atilde;o b&aacute;sica obrigat&oacute;ria e gratuita dos 4 aos 17 anos de idade.<\/li>\n\n\n\n<li>Inciso II: Progressiva universaliza&ccedil;&atilde;o do ensino m&eacute;dio gratuito.<\/li>\n\n\n\n<li>Inciso III: Atendimento educacional especializado aos portadores de defici&ecirc;ncia.<\/li>\n\n\n\n<li>Inciso IV: Atendimento em creche e pr&eacute;-escola para crian&ccedil;as de zero a cinco anos.<\/li>\n\n\n\n<li>Inciso V: Acesso aos n&iacute;veis mais elevados de ensino segundo a capacidade de cada um.<\/li>\n\n\n\n<li>Inciso VI: Ensino noturno adequado &agrave;s condi&ccedil;&otilde;es do educando.<\/li>\n\n\n\n<li>Inciso VII: Atendimento ao educando atrav&eacute;s de programas suplementares.<\/li>\n<\/ul>\n<\/li>\n<\/ul><h3 class=\"wp-block-heading\" id=\"h-direitos-indigenas-e-quilombolas\">Direitos Ind&iacute;genas e Quilombolas<\/h3><p>Esses artigos podem ser usados em temas que abordam a inclus&atilde;o e a prote&ccedil;&atilde;o dos direitos dos povos origin&aacute;rios e das comunidades quilombolas.<\/p><ul class=\"wp-block-list\">\n<li><strong>Artigo 231: <\/strong>&ldquo;S&atilde;o reconhecidos aos &iacute;ndios sua organiza&ccedil;&atilde;o social, costumes, l&iacute;nguas, cren&ccedil;as e tradi&ccedil;&otilde;es, e os direitos origin&aacute;rios sobre as terras que tradicionalmente ocupam, competindo &agrave; Uni&atilde;o demarc&aacute;-las, proteger e fazer respeitar todos os seus bens.&rdquo;<\/li>\n\n\n\n<li><strong>Artigo 68 do Ato das Disposi&ccedil;&otilde;es Constitucionais Transit&oacute;rias:<\/strong> &ldquo;Aos remanescentes das comunidades dos quilombos que estejam ocupando suas terras &eacute; reconhecida a propriedade definitiva, devendo o Estado emitir-lhes os t&iacute;tulos respectivos.&rdquo;<\/li>\n<\/ul><h3 class=\"wp-block-heading\" id=\"h-protecao-ambiental\">Prote&ccedil;&atilde;o Ambiental<\/h3><p>Para temas sobre sustentabilidade e meio ambiente, o artigo 225 refor&ccedil;a a responsabilidade do poder p&uacute;blico e da coletividade na preserva&ccedil;&atilde;o ambiental.<\/p><ul class=\"wp-block-list\">\n<li><strong>Artigo 225:<\/strong> &ldquo;Todos t&ecirc;m direito ao meio ambiente ecologicamente equilibrado, bem de uso comum do povo e essencial &agrave; sadia qualidade de vida, impondo-se ao poder p&uacute;blico e &agrave; coletividade o dever de defend&ecirc;-lo e preserv&aacute;-lo.&rdquo;\n<ul class=\"wp-block-list\">\n<li>Inciso I: Preservar e restaurar processos ecol&oacute;gicos essenciais.<\/li>\n\n\n\n<li>Inciso II: Preservar a diversidade e a integridade do patrim&ocirc;nio gen&eacute;tico do Pa&iacute;s.<\/li>\n\n\n\n<li>Inciso III: Definir espa&ccedil;os territoriais e seus componentes a serem protegidos.<\/li>\n\n\n\n<li>Inciso IV: Exigir estudo pr&eacute;vio de impacto ambiental para obras potencialmente prejudiciais ao meio ambiente.<\/li>\n\n\n\n<li>Inciso VI: Promover a educa&ccedil;&atilde;o ambiental em todos os n&iacute;veis de ensino.<\/li>\n<\/ul>\n<\/li>\n<\/ul><p>\n\n\n\n<div class=\"estrategia-catalog\"><h3>Estude para o Enem<\/h3><div class=\"carrossel-product\"><div><h4><strong>ENEM TOP - 24 Meses<\/strong><\/h4><div class=\"cat-description\">O ENEM Top \u00e9 o pacote de prepara\u00e7\u00e3o intensiva do Estrat\u00e9gia Vestibulares para o Exame Nacional do Ensino M\u00e9dio. Com ele, voc\u00ea ter\u00e1 acesso a conte\u00fados e ferramentas que aceleram seus estudos e o aproximam da aprova\u00e7\u00e3o nas principais universidades do pa\u00eds.<\/div><div class=\"cat-price\"><span>12x<\/span> R$ 199,75<\/div><div class=\"cat-sale\">No Cart\u00e3o de Cr\u00e9dito ou 10% de desconto no Boleto ou Pix \u00e0 vista: R$ 2.157,30<\/div><br><a href=\"https:\/\/vestibulares.estrategia.com\/curso\/enem-top-24-meses\/?utm_source=portal&amp;utm_medium=post&amp;utm_campaign=evest-x-vd-seo-portal-v-catalogo\" class=\"estrategia-button\" target=\"_blank\">Saiba mais<\/a><\/div><div><h4><strong>ENEM MED Exclusive - 24 Meses<\/strong><\/h4><div class=\"cat-description\">O ENEM Med Exclusive \u00e9 o pacote de prepara\u00e7\u00e3o completa do Estrat\u00e9gia Vestibulares voltado especialmente para quem deseja ingressar em Medicina por meio do Exame Nacional do Ensino M\u00e9dio (ENEM). Com uma metodologia direcionada e materiais selecionados, voc\u00ea poder\u00e1 ter seus estudos realizados de forma integral com especialistas, se aproximando cada vez mais da t\u00e3o sonhada aprova\u00e7\u00e3o em um dos cursos mais concorridos do pa\u00eds.<\/div><div class=\"cat-price\"><span>12x<\/span> R$ 249,75<\/div><div class=\"cat-sale\">No Cart\u00e3o de Cr\u00e9dito ou 10% de desconto no Boleto ou Pix \u00e0 vista: R$ 2.697,30<\/div><br><a href=\"https:\/\/vestibulares.estrategia.com\/curso\/enem-med-exclusive-24-meses\/?utm_source=portal&amp;utm_medium=post&amp;utm_campaign=evest-x-vd-seo-portal-v-catalogo\" class=\"estrategia-button\" target=\"_blank\">Saiba mais<\/a><\/div><div><h4><strong>ENEM MED Exclusive - 12 Meses<\/strong><\/h4><div class=\"cat-description\">O ENEM Med Exclusive \u00e9 o pacote de prepara\u00e7\u00e3o completa do Estrat\u00e9gia Vestibulares voltado especialmente para quem deseja ingressar em Medicina por meio do Exame Nacional do Ensino M\u00e9dio (ENEM). Com uma metodologia direcionada e materiais selecionados, voc\u00ea poder\u00e1 ter seus estudos realizados de forma integral com especialistas, se aproximando cada vez mais da t\u00e3o sonhada aprova\u00e7\u00e3o em um dos cursos mais concorridos do pa\u00eds.<\/div><div class=\"cat-price\"><span>12x<\/span> R$ 174,75<\/div><div class=\"cat-sale\">No Cart\u00e3o de Cr\u00e9dito ou 10% de desconto no Boleto ou Pix \u00e0 vista: R$ 1.887,30<\/div><br><a href=\"https:\/\/vestibulares.estrategia.com\/curso\/enem-med-exclusive-12-meses\/?utm_source=portal&amp;utm_medium=post&amp;utm_campaign=evest-x-vd-seo-portal-v-catalogo\" class=\"estrategia-button\" target=\"_blank\">Saiba mais<\/a><\/div><div><h4><strong>ENEM TOP - 12 Meses<\/strong><\/h4><div class=\"cat-description\">O ENEM Top \u00e9 o pacote de prepara\u00e7\u00e3o intensiva do Estrat\u00e9gia Vestibulares para o Exame Nacional do Ensino M\u00e9dio. Com ele, voc\u00ea ter\u00e1 acesso a conte\u00fados e ferramentas que aceleram seus estudos e o aproximam da aprova\u00e7\u00e3o nas principais universidades do pa\u00eds.<\/div><div class=\"cat-price\"><span>12x<\/span> R$ 141,41<\/div><div class=\"cat-sale\">No Cart\u00e3o de Cr\u00e9dito ou 10% de desconto no Boleto ou Pix \u00e0 vista: R$ 1.527,30<\/div><br><a href=\"https:\/\/vestibulares.estrategia.com\/curso\/enem-top-12-meses\/?utm_source=portal&amp;utm_medium=post&amp;utm_campaign=evest-x-vd-seo-portal-v-catalogo\" class=\"estrategia-button\" target=\"_blank\">Saiba mais<\/a><\/div><div><h4><strong>Curso Interativo ENEM - Gram\u00e1tica e Interpreta\u00e7\u00e3o de Texto - Prof.\u00aa Celina Gil<\/strong><\/h4><div class=\"cat-description\">Curso Interativo ENEM - Gram\u00e1tica e Interpreta\u00e7\u00e3o de Texto - Prof.\u00aa Celina Gil<\/div><div class=\"cat-price\"><span>12x<\/span> R$ 20,83<\/div><div class=\"cat-sale\">No Cart\u00e3o de Cr\u00e9dito ou 10% de desconto no Boleto ou Pix \u00e0 vista: R$ 225,00<\/div><br><a href=\"https:\/\/vestibulares.estrategia.com\/curso\/curso-interativo-enem-gramatica-e-interpretaco-de-texto-prof-celina-gil\/?utm_source=portal&amp;utm_medium=post&amp;utm_campaign=evest-x-vd-seo-portal-v-catalogo\" class=\"estrategia-button\" target=\"_blank\">Saiba mais<\/a><\/div><div><h4><strong>Curso Interativo ENEM - Matem\u00e1tica - Prof. Mar\u00e7al Ferreira<\/strong><\/h4><div class=\"cat-description\">Curso Interativo ENEM - Matem\u00e1tica - Prof. Mar\u00e7al Ferreira<\/div><div class=\"cat-price\"><span>12x<\/span> R$ 20,83<\/div><div class=\"cat-sale\">No Cart\u00e3o de Cr\u00e9dito ou 10% de desconto no Boleto ou Pix \u00e0 vista: R$ 225,00<\/div><br><a href=\"https:\/\/vestibulares.estrategia.com\/curso\/curso-interativo-enem-matematica-prof-marcal-ferreira\/?utm_source=portal&amp;utm_medium=post&amp;utm_campaign=evest-x-vd-seo-portal-v-catalogo\" class=\"estrategia-button\" target=\"_blank\">Saiba mais<\/a><\/div><div><h4><strong>Curso Interativo ENEM - Matem\u00e1tica - Prof. Andrew Cazemiro<\/strong><\/h4><div class=\"cat-description\">Curso Interativo ENEM - Matem\u00e1tica - Prof. Andrew Cazemiro<\/div><div class=\"cat-price\"><span>12x<\/span> R$ 20,83<\/div><div class=\"cat-sale\">No Cart\u00e3o de Cr\u00e9dito ou 10% de desconto no Boleto ou Pix \u00e0 vista: R$ 225,00<\/div><br><a href=\"https:\/\/vestibulares.estrategia.com\/curso\/curso-interativo-enem-matematica-prof-andrew-cazemiro\/?utm_source=portal&amp;utm_medium=post&amp;utm_campaign=evest-x-vd-seo-portal-v-catalogo\" class=\"estrategia-button\" target=\"_blank\">Saiba mais<\/a><\/div><div><h4><strong>Curso Interativo ENEM - Hist\u00f3ria - Prof.\u00aa Al\u00ea Lopes<\/strong><\/h4><div class=\"cat-description\">Curso Interativo ENEM - Hist\u00f3ria - Prof.\u00aa Al\u00ea Lopes<\/div><div class=\"cat-price\"><span>12x<\/span> R$ 41,66<\/div><div class=\"cat-sale\">No Cart\u00e3o de Cr\u00e9dito ou 10% de desconto no Boleto ou Pix \u00e0 vista: R$ 450,00<\/div><br><a href=\"https:\/\/vestibulares.estrategia.com\/curso\/curso-interativo-enem-historia-prof-ale-lopes\/?utm_source=portal&amp;utm_medium=post&amp;utm_campaign=evest-x-vd-seo-portal-v-catalogo\" class=\"estrategia-button\" target=\"_blank\">Saiba mais<\/a><\/div><div><h4><strong>Curso Interativo ENEM - Hist\u00f3ria - Prof. Marco T\u00falio<\/strong><\/h4><div class=\"cat-description\">Curso Interativo ENEM - Hist\u00f3ria - Prof. Marco T\u00falio<\/div><div class=\"cat-price\"><span>12x<\/span> R$ 33,33<\/div><div class=\"cat-sale\">No Cart\u00e3o de Cr\u00e9dito ou 10% de desconto no Boleto ou Pix \u00e0 vista: R$ 360,00<\/div><br><a href=\"https:\/\/vestibulares.estrategia.com\/curso\/curso-interativo-enem-historia-prof-marco-tulio\/?utm_source=portal&amp;utm_medium=post&amp;utm_campaign=evest-x-vd-seo-portal-v-catalogo\" class=\"estrategia-button\" target=\"_blank\">Saiba mais<\/a><\/div><div><h4><strong>Curso Interativo ENEM - Geografia - Prof. Saulo Takami<\/strong><\/h4><div class=\"cat-description\">Curso Interativo ENEM - Geografia - Prof. Saulo Takami<\/div><div class=\"cat-price\"><span>12x<\/span> R$ 33,33<\/div><div class=\"cat-sale\">No Cart\u00e3o de Cr\u00e9dito ou 10% de desconto no Boleto ou Pix \u00e0 vista: R$ 360,00<\/div><br><a href=\"https:\/\/vestibulares.estrategia.com\/curso\/curso-interativo-enem-geografia-prof-saulo-takami\/?utm_source=portal&amp;utm_medium=post&amp;utm_campaign=evest-x-vd-seo-portal-v-catalogo\" class=\"estrategia-button\" target=\"_blank\">Saiba mais<\/a><\/div><\/div><\/div>\n\n\n\n<\/p><h2 class=\"wp-block-heading\" id=\"h-cuidado-na-inclusao-de-leis-como-ponto-central-de-uma-argumentacao\"><span class=\"ez-toc-section\" id=\"Cuidado-na-inclusao-de-leis-como-ponto-central-de-uma-argumentacao\"><\/span>Cuidado na inclus&atilde;o de leis como ponto central de uma argumenta&ccedil;&atilde;o<span class=\"ez-toc-section-end\"><\/span><\/h2><p>O professor de reda&ccedil;&atilde;o Wagner Santos pontua que deve-se ter cuidado ao usar as leis na sua reda&ccedil;&atilde;o. &ldquo;Muitas vezes voc&ecirc;s acham que o repert&oacute;rio fundamentado em lei &eacute; de autoridade e que serve como repert&oacute;rio principal de um argumento&rdquo;.&nbsp;<\/p><p>&ldquo;Muito cuidado com rela&ccedil;&atilde;o a isso porque quando voc&ecirc; se utiliza de um repert&oacute;rio de lei para sustentar o seu argumento, a gente &mdash; os revisores &mdash; vai entender que voc&ecirc; est&aacute; indicando um elemento que n&atilde;o acontece porque a lei manda que se aja de uma determinada forma, mas as pessoas acabam n&atilde;o agindo&rdquo;, afirma o professor.<\/p><p>Afinal de contas, nem sempre a lei &eacute; cumprida, o que torna o argumento fr&aacute;gil. A ideia passada &eacute; que voc&ecirc; use o repert&oacute;rio de leis como contextualiza&ccedil;&atilde;o. O professor d&aacute; um exemplo utilizando Durkheim, fil&oacute;sofo contratualista franc&ecirc;s.<\/p><p>&ldquo;Ao trazer essa lei para dentro do seu desenvolvimento, que voc&ecirc; utilize junto com outra ideia. Se voc&ecirc; pega por exemplo a ideia de que a constitui&ccedil;&atilde;o n&atilde;o est&aacute; sendo cumprida voc&ecirc; pode vir com um &mdash; exemplo &mdash; contratualista e dizer por exemplo: &lsquo;segundo Durkheim se o contrato social envolve duas partes: estado e cidad&atilde;o e essa &eacute; a parte do estado que n&atilde;o est&aacute; sendo cumprida&rdquo;, finaliza.<\/p><figure class=\"wp-block-embed is-type-video is-provider-youtube wp-block-embed-youtube wp-embed-aspect-16-9 wp-has-aspect-ratio\"><div class=\"wp-block-embed__wrapper\">\n<div class=\"cs-embed cs-embed-responsive\"><iframe title=\"Repert&oacute;rio para reda&ccedil;&atilde;o: Leis\" width=\"1200\" height=\"675\" src=\"https:\/\/www.youtube.com\/embed\/QRboXj1tB6g?feature=oembed\" frameborder=\"0\" allow=\"accelerometer; autoplay; clipboard-write; encrypted-media; gyroscope; picture-in-picture; web-share\" referrerpolicy=\"strict-origin-when-cross-origin\" allowfullscreen><\/iframe><\/div>\n<\/div><\/figure><h2 class=\"wp-block-heading\" id=\"h-confira-mais-citacoes\"><span class=\"ez-toc-section\" id=\"Confira-mais-citacoes\"><\/span>Confira mais cita&ccedil;&otilde;es<span class=\"ez-toc-section-end\"><\/span><\/h2><ul class=\"wp-block-list\">\n<li><a href=\"https:\/\/vestibulares.estrategia.com\/portal\/materias\/redacao\/15-citacoes-de-martin-luther-king-que-podem-ser-usadas-na-redacao\/\" target=\"_blank\">15 cita&ccedil;&otilde;es de Martin Luther King que podem ser usadas na reda&ccedil;&atilde;o<\/a><\/li>\n\n\n\n<li><a href=\"https:\/\/vestibulares.estrategia.com\/portal\/atualidades-e-dicas\/8-citacoes-de-angela-davis-para-usar-na-redacao\/\" target=\"_blank\">8 cita&ccedil;&otilde;es de Angela Davis para usar na reda&ccedil;&atilde;o<\/a><\/li>\n\n\n\n<li><a href=\"https:\/\/vestibulares.estrategia.com\/portal\/materias\/redacao\/citacoes-maria-da-penha\/\" target=\"_blank\">7 cita&ccedil;&otilde;es de Maria da Penha para usar como repert&oacute;rio na reda&ccedil;&atilde;o<\/a><\/li>\n\n\n\n<li><a href=\"https:\/\/vestibulares.estrategia.com\/portal\/materias\/redacao\/7-citacoes-sobre-desemprego-para-usar-na-redacao\/\" target=\"_blank\">7 cita&ccedil;&otilde;es sobre desemprego para usar na reda&ccedil;&atilde;o<\/a><\/li>\n\n\n\n<li><a href=\"https:\/\/vestibulares.estrategia.com\/portal\/materias\/redacao\/11-citacoes-sobre-economia-para-usar-na-redacao\/\" target=\"_blank\">11 cita&ccedil;&otilde;es sobre economia para usar na reda&ccedil;&atilde;o<\/a><\/li>\n\n\n\n<li><a href=\"https:\/\/vestibulares.estrategia.com\/portal\/materias\/redacao\/citacoes-sobre-igualdade-de-genero\/\" target=\"_blank\">7 cita&ccedil;&otilde;es sobre igualdade de g&ecirc;nero para usar na reda&ccedil;&atilde;o<\/a><\/li>\n\n\n\n<li><a href=\"https:\/\/vestibulares.estrategia.com\/portal\/materias\/redacao\/citacoes-desigualdade-social-redacao\/\" target=\"_blank\">15 cita&ccedil;&otilde;es sobre desigualdade social para usar na reda&ccedil;&atilde;o<\/a><\/li>\n\n\n\n<li><a href=\"https:\/\/vestibulares.estrategia.com\/portal\/materias\/redacao\/7-citacoes-sobre-discriminacao-racial-para-usar-na-redacao\/\" target=\"_blank\">7 cita&ccedil;&otilde;es sobre discrimina&ccedil;&atilde;o racial para usar na reda&ccedil;&atilde;o<\/a><\/li>\n\n\n\n<li><a href=\"https:\/\/vestibulares.estrategia.com\/portal\/materias\/redacao\/9-citacoes-sobre-arte-para-usar-como-repertorio-sociocultural-na-redacao\/\" target=\"_blank\">9 cita&ccedil;&otilde;es sobre arte para usar como repert&oacute;rio sociocultural na reda&ccedil;&atilde;o&nbsp;<\/a><\/li>\n\n\n\n<li><a href=\"https:\/\/vestibulares.estrategia.com\/portal\/materias\/redacao\/9-citacoes-de-mulheres-importantes-para-usar-na-redacao\/\" target=\"_blank\">9 cita&ccedil;&otilde;es de mulheres importantes para usar na reda&ccedil;&atilde;o<\/a><\/li>\n\n\n\n<li><a href=\"https:\/\/vestibulares.estrategia.com\/portal\/materias\/redacao\/7-citacoes-sobre-deficit-habitacional-para-usar-na-redacao\/#Confira-mais-citacoes\" target=\"_blank\">7 cita&ccedil;&otilde;es sobre d&eacute;ficit habitacional para usar na reda&ccedil;&atilde;o<\/a><\/li>\n\n\n\n<li><a href=\"https:\/\/vestibulares.estrategia.com\/portal\/materias\/redacao\/9-citacoes-de-conceicao-evaristo-para-usar-na-redacao\/\" target=\"_blank\">9 cita&ccedil;&otilde;es de Concei&ccedil;&atilde;o Evaristo para usar na reda&ccedil;&atilde;o<\/a><\/li>\n\n\n\n<li><a href=\"https:\/\/vestibulares.estrategia.com\/portal\/materias\/redacao\/dia-nacional-da-visibilidade-trans-13-citacoes-de-laerte-coutinho-para-usar-na-redacao\/\" target=\"_blank\">Dia Nacional da Visibilidade Trans: 13 cita&ccedil;&otilde;es de Laerte Coutinho para usar na reda&ccedil;&atilde;o<\/a><\/li>\n\n\n\n<li><a href=\"https:\/\/vestibulares.estrategia.com\/portal\/materias\/redacao\/47-citacoes-de-clarice-lispector-para-usar-na-redacao-e-como-repertorio-sociocultural\/\" target=\"_blank\">47 cita&ccedil;&otilde;es de Clarice Lispector para usar na reda&ccedil;&atilde;o e como repert&oacute;rio sociocultural<\/a><\/li>\n<\/ul><h2 class=\"wp-block-heading\" id=\"h-arrase-na-redacao-com-o-estrategia-vestibulares\"><span class=\"ez-toc-section\" id=\"Arrase-na-redacao-com-o-Estrategia-Vestibulares\"><\/span>Arrase na reda&ccedil;&atilde;o com o Estrat&eacute;gia Vestibulares<span class=\"ez-toc-section-end\"><\/span><\/h2><p>Voc&ecirc; quer ter todas as suas reda&ccedil;&otilde;es corrigidas e com feedback? Saiba que o Estrat&eacute;gia Vestibulares oferece isso! Aqui voc&ecirc; pode enviar um n&uacute;mero ilimitado de reda&ccedil;&otilde;es para serem corrigidas por nossos professores, que respondem com dicas de onde e como melhorar.<\/p><p>Al&eacute;m disso, a Coruja oferece aulas din&acirc;micas, um Banco de Quest&otilde;es super completo, salas VIP, monitorias e cursos focados em diversas bancas de vestibulares do Brasil. Clique no banner e conhe&ccedil;a melhor o Estrat&eacute;gia Vestibulares!<\/p><p>\n\n\n<a id=\"cta\" class=\"cta-imagem\" href=\"https:\/\/vestibulares.estrategia.com\/curso\/curso-interativo-enem-redaco-prof-fernando-andrade\/\" target=\"blank\">\n                <img decoding=\"async\" width=\"100%\" src=\"https:\/\/vestibulares.estrategia.com\/portal\/wp-content\/uploads\/2021\/07\/Redacao.jpg\" alt=\"Cursos de Reda\u00e7\u00e3o Estrat\u00e9gia Vestibulares\" title=\"Curso de Reda\u00e7\u00e3o Estrat\u00e9gia Vestibulares\">\n        <\/a>\n<\/p><\/p>\n","protected":false},"excerpt":{"rendered":"Os artigos da Constitui\u00e7\u00e3o Federal s\u00e3o \u00f3timos para fortalecer argumentos em reda\u00e7\u00f5es de temas sociais e de cidadania; saiba como citar o documento nos vestibulares e no Enem\n","protected":false},"author":51,"featured_media":128203,"comment_status":"closed","ping_status":"closed","sticky":false,"template":"","format":"standard","meta":{"wl_entities_gutenberg":"","footnotes":""},"categories":[2],"tags":[],"wl_entity_type":[732],"class_list":{"0":"post-128198","1":"post","2":"type-post","3":"status-publish","4":"format-standard","5":"has-post-thumbnail","7":"category-redacao","8":"wl_entity_type-article"},"acf":[],"yoast_head":"<!-- This site is optimized with the Yoast SEO Premium plugin v25.9 (Yoast SEO v25.9) - https:\/\/yoast.com\/wordpress\/plugins\/seo\/ -->\n<title>Como citar a Constitui\u00e7\u00e3o Federal de 1988 na reda\u00e7\u00e3o?<\/title>\n<meta name=\"description\" content=\"Saiba mais sobre a Constitui\u00e7\u00e3o Federal de 1988 e descubra formas de cit\u00e1-la na reda\u00e7\u00e3o dos vestibulares e Enem!\" \/>\n<meta name=\"robots\" content=\"index, follow, max-snippet:-1, max-image-preview:large, max-video-preview:-1\" \/>\n<link rel=\"canonical\" href=\"https:\/\/vestibulares.estrategia.com\/portal\/materias\/redacao\/como-citar-a-constituicao-federal-de-1988-na-redacao\/\" \/>\n<meta property=\"og:locale\" content=\"pt_BR\" \/>\n<meta property=\"og:type\" content=\"article\" \/>\n<meta property=\"og:title\" content=\"Como citar a Constitui\u00e7\u00e3o Federal de 1988 na reda\u00e7\u00e3o?\" \/>\n<meta property=\"og:description\" content=\"Saiba mais sobre a Constitui\u00e7\u00e3o Federal de 1988 e descubra formas de cit\u00e1-la na reda\u00e7\u00e3o dos vestibulares e Enem!\" \/>\n<meta property=\"og:url\" content=\"https:\/\/vestibulares.estrategia.com\/portal\/materias\/redacao\/como-citar-a-constituicao-federal-de-1988-na-redacao\/\" \/>\n<meta property=\"og:site_name\" content=\"Estrat\u00e9gia Vestibulares\" \/>\n<meta property=\"article:publisher\" content=\"https:\/\/facebook.com\/estrategiavestibulares\" \/>\n<meta property=\"article:published_time\" content=\"2024-10-31T20:22:41+00:00\" \/>\n<meta property=\"article:modified_time\" content=\"2024-12-31T00:55:12+00:00\" \/>\n<meta property=\"og:image\" content=\"https:\/\/vestibulares.estrategia.com\/portal\/wp-content\/uploads\/2024\/10\/constituicao-federal-redacao.jpg\" \/>\n\t<meta property=\"og:image:width\" content=\"1200\" \/>\n\t<meta property=\"og:image:height\" content=\"800\" \/>\n\t<meta property=\"og:image:type\" content=\"image\/jpeg\" \/>\n<meta name=\"author\" content=\"Larrani Ferreira\" \/>\n<meta name=\"twitter:card\" content=\"summary_large_image\" \/>\n<meta name=\"twitter:creator\" content=\"@Estrategiavest\" \/>\n<meta name=\"twitter:site\" content=\"@Estrategiavest\" \/>\n<meta name=\"twitter:label1\" content=\"Escrito por\" \/>\n\t<meta name=\"twitter:data1\" content=\"Larrani Ferreira\" \/>\n\t<meta name=\"twitter:label2\" content=\"Est. tempo de leitura\" \/>\n\t<meta name=\"twitter:data2\" content=\"10 minutos\" \/>\n<script type=\"application\/ld+json\" class=\"yoast-schema-graph\">{\"@context\":\"https:\/\/schema.org\",\"@graph\":[{\"@type\":\"Article\",\"@id\":\"https:\/\/vestibulares.estrategia.com\/portal\/materias\/redacao\/como-citar-a-constituicao-federal-de-1988-na-redacao\/#article\",\"isPartOf\":{\"@id\":\"https:\/\/vestibulares.estrategia.com\/portal\/materias\/redacao\/como-citar-a-constituicao-federal-de-1988-na-redacao\/\"},\"author\":{\"name\":\"Larrani Ferreira\",\"@id\":\"https:\/\/vestibulares.estrategia.com\/portal\/#\/schema\/person\/98d0c0e22d6d89b480aa1929f0e64ec5\"},\"headline\":\"Como citar a Constitui\u00e7\u00e3o Federal de 1988 na reda\u00e7\u00e3o?\",\"datePublished\":\"2024-10-31T20:22:41+00:00\",\"dateModified\":\"2024-12-31T00:55:12+00:00\",\"mainEntityOfPage\":{\"@id\":\"https:\/\/vestibulares.estrategia.com\/portal\/materias\/redacao\/como-citar-a-constituicao-federal-de-1988-na-redacao\/\"},\"wordCount\":1956,\"publisher\":{\"@id\":\"https:\/\/vestibulares.estrategia.com\/portal\/#organization\"},\"image\":{\"@id\":\"https:\/\/vestibulares.estrategia.com\/portal\/materias\/redacao\/como-citar-a-constituicao-federal-de-1988-na-redacao\/#primaryimage\"},\"thumbnailUrl\":\"https:\/\/vestibulares.estrategia.com\/portal\/wp-content\/uploads\/2024\/10\/constituicao-federal-redacao.jpg\",\"articleSection\":[\"Reda\u00e7\u00e3o\"],\"inLanguage\":\"pt-BR\"},{\"@type\":\"WebPage\",\"@id\":\"https:\/\/vestibulares.estrategia.com\/portal\/materias\/redacao\/como-citar-a-constituicao-federal-de-1988-na-redacao\/\",\"url\":\"https:\/\/vestibulares.estrategia.com\/portal\/materias\/redacao\/como-citar-a-constituicao-federal-de-1988-na-redacao\/\",\"name\":\"Como citar a Constitui\u00e7\u00e3o Federal de 1988 na reda\u00e7\u00e3o?\",\"isPartOf\":{\"@id\":\"https:\/\/vestibulares.estrategia.com\/portal\/#website\"},\"primaryImageOfPage\":{\"@id\":\"https:\/\/vestibulares.estrategia.com\/portal\/materias\/redacao\/como-citar-a-constituicao-federal-de-1988-na-redacao\/#primaryimage\"},\"image\":{\"@id\":\"https:\/\/vestibulares.estrategia.com\/portal\/materias\/redacao\/como-citar-a-constituicao-federal-de-1988-na-redacao\/#primaryimage\"},\"thumbnailUrl\":\"https:\/\/vestibulares.estrategia.com\/portal\/wp-content\/uploads\/2024\/10\/constituicao-federal-redacao.jpg\",\"datePublished\":\"2024-10-31T20:22:41+00:00\",\"dateModified\":\"2024-12-31T00:55:12+00:00\",\"description\":\"Saiba mais sobre a Constitui\u00e7\u00e3o Federal de 1988 e descubra formas de cit\u00e1-la na reda\u00e7\u00e3o dos vestibulares e Enem!\",\"breadcrumb\":{\"@id\":\"https:\/\/vestibulares.estrategia.com\/portal\/materias\/redacao\/como-citar-a-constituicao-federal-de-1988-na-redacao\/#breadcrumb\"},\"inLanguage\":\"pt-BR\",\"potentialAction\":[{\"@type\":\"ReadAction\",\"target\":[\"https:\/\/vestibulares.estrategia.com\/portal\/materias\/redacao\/como-citar-a-constituicao-federal-de-1988-na-redacao\/\"]}]},{\"@type\":\"ImageObject\",\"inLanguage\":\"pt-BR\",\"@id\":\"https:\/\/vestibulares.estrategia.com\/portal\/materias\/redacao\/como-citar-a-constituicao-federal-de-1988-na-redacao\/#primaryimage\",\"url\":\"https:\/\/vestibulares.estrategia.com\/portal\/wp-content\/uploads\/2024\/10\/constituicao-federal-redacao.jpg\",\"contentUrl\":\"https:\/\/vestibulares.estrategia.com\/portal\/wp-content\/uploads\/2024\/10\/constituicao-federal-redacao.jpg\",\"width\":1200,\"height\":800,\"caption\":\"Foto: Ana Marina Coutinho (SGCOM\/UFRJ)\"},{\"@type\":\"BreadcrumbList\",\"@id\":\"https:\/\/vestibulares.estrategia.com\/portal\/materias\/redacao\/como-citar-a-constituicao-federal-de-1988-na-redacao\/#breadcrumb\",\"itemListElement\":[{\"@type\":\"ListItem\",\"position\":1,\"name\":\"Home\",\"item\":\"https:\/\/vestibulares.estrategia.com\/portal\/\"},{\"@type\":\"ListItem\",\"position\":2,\"name\":\"Mat\u00e9rias\",\"item\":\"https:\/\/vestibulares.estrategia.com\/portal\/materias\/\"},{\"@type\":\"ListItem\",\"position\":3,\"name\":\"Reda\u00e7\u00e3o\",\"item\":\"https:\/\/vestibulares.estrategia.com\/portal\/materias\/redacao\/\"},{\"@type\":\"ListItem\",\"position\":4,\"name\":\"Como citar a Constitui\u00e7\u00e3o Federal de 1988 na reda\u00e7\u00e3o?\"}]},{\"@type\":\"WebSite\",\"@id\":\"https:\/\/vestibulares.estrategia.com\/portal\/#website\",\"url\":\"https:\/\/vestibulares.estrategia.com\/portal\/\",\"name\":\"Estrat\u00e9gia Vestibulares\",\"description\":\"\",\"publisher\":{\"@id\":\"https:\/\/vestibulares.estrategia.com\/portal\/#organization\"},\"potentialAction\":[{\"@type\":\"SearchAction\",\"target\":{\"@type\":\"EntryPoint\",\"urlTemplate\":\"https:\/\/vestibulares.estrategia.com\/portal\/?s={search_term_string}\"},\"query-input\":{\"@type\":\"PropertyValueSpecification\",\"valueRequired\":true,\"valueName\":\"search_term_string\"}}],\"inLanguage\":\"pt-BR\"},{\"@type\":\"Organization\",\"@id\":\"https:\/\/vestibulares.estrategia.com\/portal\/#organization\",\"name\":\"Estrat\u00e9gia Vestibulares\",\"url\":\"https:\/\/vestibulares.estrategia.com\/portal\/\",\"logo\":{\"@type\":\"ImageObject\",\"inLanguage\":\"pt-BR\",\"@id\":\"https:\/\/vestibulares.estrategia.com\/portal\/#\/schema\/logo\/image\/\",\"url\":\"https:\/\/vestibulares.estrategia.com\/portal\/wp-content\/uploads\/2021\/06\/Logo-Vestibulares@4x.png\",\"contentUrl\":\"https:\/\/vestibulares.estrategia.com\/portal\/wp-content\/uploads\/2021\/06\/Logo-Vestibulares@4x.png\",\"width\":250,\"height\":66,\"caption\":\"Estrat\u00e9gia Vestibulares\"},\"image\":{\"@id\":\"https:\/\/vestibulares.estrategia.com\/portal\/#\/schema\/logo\/image\/\"},\"sameAs\":[\"https:\/\/facebook.com\/estrategiavestibulares\",\"https:\/\/x.com\/Estrategiavest\",\"https:\/\/www.instagram.com\/estrategiavestibulares\",\"https:\/\/www.youtube.com\/channel\/UCGWdZy8ULI-7_5GrABa4vNA\"]},{\"@type\":\"Person\",\"@id\":\"https:\/\/vestibulares.estrategia.com\/portal\/#\/schema\/person\/98d0c0e22d6d89b480aa1929f0e64ec5\",\"name\":\"Larrani Ferreira\",\"image\":{\"@type\":\"ImageObject\",\"inLanguage\":\"pt-BR\",\"@id\":\"https:\/\/vestibulares.estrategia.com\/portal\/#\/schema\/person\/image\/\",\"url\":\"https:\/\/vestibulares.estrategia.com\/portal\/wp-content\/uploads\/2026\/02\/WhatsApp-Image-2026-02-05-at-14.26.13-150x150.jpeg\",\"contentUrl\":\"https:\/\/vestibulares.estrategia.com\/portal\/wp-content\/uploads\/2026\/02\/WhatsApp-Image-2026-02-05-at-14.26.13-150x150.jpeg\",\"caption\":\"Larrani Ferreira\"},\"description\":\"Jornalista e Mestranda em Comunica\u00e7\u00e3o Intercultural nas Organiza\u00e7\u00f5es\",\"url\":\"https:\/\/vestibulares.estrategia.com\/portal\/author\/larranioliveira\/\"}]}<\/script>\n<!-- \/ Yoast SEO Premium plugin. -->","yoast_head_json":{"title":"Como citar a Constitui\u00e7\u00e3o Federal de 1988 na reda\u00e7\u00e3o?","description":"Saiba mais sobre a Constitui\u00e7\u00e3o Federal de 1988 e descubra formas de cit\u00e1-la na reda\u00e7\u00e3o dos vestibulares e Enem!","robots":{"index":"index","follow":"follow","max-snippet":"max-snippet:-1","max-image-preview":"max-image-preview:large","max-video-preview":"max-video-preview:-1"},"canonical":"https:\/\/vestibulares.estrategia.com\/portal\/materias\/redacao\/como-citar-a-constituicao-federal-de-1988-na-redacao\/","og_locale":"pt_BR","og_type":"article","og_title":"Como citar a Constitui\u00e7\u00e3o Federal de 1988 na reda\u00e7\u00e3o?","og_description":"Saiba mais sobre a Constitui\u00e7\u00e3o Federal de 1988 e descubra formas de cit\u00e1-la na reda\u00e7\u00e3o dos vestibulares e Enem!","og_url":"https:\/\/vestibulares.estrategia.com\/portal\/materias\/redacao\/como-citar-a-constituicao-federal-de-1988-na-redacao\/","og_site_name":"Estrat\u00e9gia Vestibulares","article_publisher":"https:\/\/facebook.com\/estrategiavestibulares","article_published_time":"2024-10-31T20:22:41+00:00","article_modified_time":"2024-12-31T00:55:12+00:00","og_image":[{"width":1200,"height":800,"url":"https:\/\/vestibulares.estrategia.com\/portal\/wp-content\/uploads\/2024\/10\/constituicao-federal-redacao.jpg","type":"image\/jpeg"}],"author":"Larrani Ferreira","twitter_card":"summary_large_image","twitter_creator":"@Estrategiavest","twitter_site":"@Estrategiavest","twitter_misc":{"Escrito por":"Larrani Ferreira","Est. tempo de leitura":"10 minutos"},"schema":{"@context":"https:\/\/schema.org","@graph":[{"@type":"Article","@id":"https:\/\/vestibulares.estrategia.com\/portal\/materias\/redacao\/como-citar-a-constituicao-federal-de-1988-na-redacao\/#article","isPartOf":{"@id":"https:\/\/vestibulares.estrategia.com\/portal\/materias\/redacao\/como-citar-a-constituicao-federal-de-1988-na-redacao\/"},"author":{"name":"Larrani Ferreira","@id":"https:\/\/vestibulares.estrategia.com\/portal\/#\/schema\/person\/98d0c0e22d6d89b480aa1929f0e64ec5"},"headline":"Como citar a Constitui\u00e7\u00e3o Federal de 1988 na reda\u00e7\u00e3o?","datePublished":"2024-10-31T20:22:41+00:00","dateModified":"2024-12-31T00:55:12+00:00","mainEntityOfPage":{"@id":"https:\/\/vestibulares.estrategia.com\/portal\/materias\/redacao\/como-citar-a-constituicao-federal-de-1988-na-redacao\/"},"wordCount":1956,"publisher":{"@id":"https:\/\/vestibulares.estrategia.com\/portal\/#organization"},"image":{"@id":"https:\/\/vestibulares.estrategia.com\/portal\/materias\/redacao\/como-citar-a-constituicao-federal-de-1988-na-redacao\/#primaryimage"},"thumbnailUrl":"https:\/\/vestibulares.estrategia.com\/portal\/wp-content\/uploads\/2024\/10\/constituicao-federal-redacao.jpg","articleSection":["Reda\u00e7\u00e3o"],"inLanguage":"pt-BR"},{"@type":"WebPage","@id":"https:\/\/vestibulares.estrategia.com\/portal\/materias\/redacao\/como-citar-a-constituicao-federal-de-1988-na-redacao\/","url":"https:\/\/vestibulares.estrategia.com\/portal\/materias\/redacao\/como-citar-a-constituicao-federal-de-1988-na-redacao\/","name":"Como citar a Constitui\u00e7\u00e3o Federal de 1988 na reda\u00e7\u00e3o?","isPartOf":{"@id":"https:\/\/vestibulares.estrategia.com\/portal\/#website"},"primaryImageOfPage":{"@id":"https:\/\/vestibulares.estrategia.com\/portal\/materias\/redacao\/como-citar-a-constituicao-federal-de-1988-na-redacao\/#primaryimage"},"image":{"@id":"https:\/\/vestibulares.estrategia.com\/portal\/materias\/redacao\/como-citar-a-constituicao-federal-de-1988-na-redacao\/#primaryimage"},"thumbnailUrl":"https:\/\/vestibulares.estrategia.com\/portal\/wp-content\/uploads\/2024\/10\/constituicao-federal-redacao.jpg","datePublished":"2024-10-31T20:22:41+00:00","dateModified":"2024-12-31T00:55:12+00:00","description":"Saiba mais sobre a Constitui\u00e7\u00e3o Federal de 1988 e descubra formas de cit\u00e1-la na reda\u00e7\u00e3o dos vestibulares e Enem!","breadcrumb":{"@id":"https:\/\/vestibulares.estrategia.com\/portal\/materias\/redacao\/como-citar-a-constituicao-federal-de-1988-na-redacao\/#breadcrumb"},"inLanguage":"pt-BR","potentialAction":[{"@type":"ReadAction","target":["https:\/\/vestibulares.estrategia.com\/portal\/materias\/redacao\/como-citar-a-constituicao-federal-de-1988-na-redacao\/"]}]},{"@type":"ImageObject","inLanguage":"pt-BR","@id":"https:\/\/vestibulares.estrategia.com\/portal\/materias\/redacao\/como-citar-a-constituicao-federal-de-1988-na-redacao\/#primaryimage","url":"https:\/\/vestibulares.estrategia.com\/portal\/wp-content\/uploads\/2024\/10\/constituicao-federal-redacao.jpg","contentUrl":"https:\/\/vestibulares.estrategia.com\/portal\/wp-content\/uploads\/2024\/10\/constituicao-federal-redacao.jpg","width":1200,"height":800,"caption":"Foto: Ana Marina Coutinho (SGCOM\/UFRJ)"},{"@type":"BreadcrumbList","@id":"https:\/\/vestibulares.estrategia.com\/portal\/materias\/redacao\/como-citar-a-constituicao-federal-de-1988-na-redacao\/#breadcrumb","itemListElement":[{"@type":"ListItem","position":1,"name":"Home","item":"https:\/\/vestibulares.estrategia.com\/portal\/"},{"@type":"ListItem","position":2,"name":"Mat\u00e9rias","item":"https:\/\/vestibulares.estrategia.com\/portal\/materias\/"},{"@type":"ListItem","position":3,"name":"Reda\u00e7\u00e3o","item":"https:\/\/vestibulares.estrategia.com\/portal\/materias\/redacao\/"},{"@type":"ListItem","position":4,"name":"Como citar a Constitui\u00e7\u00e3o Federal de 1988 na reda\u00e7\u00e3o?"}]},{"@type":"WebSite","@id":"https:\/\/vestibulares.estrategia.com\/portal\/#website","url":"https:\/\/vestibulares.estrategia.com\/portal\/","name":"Estrat\u00e9gia Vestibulares","description":"","publisher":{"@id":"https:\/\/vestibulares.estrategia.com\/portal\/#organization"},"potentialAction":[{"@type":"SearchAction","target":{"@type":"EntryPoint","urlTemplate":"https:\/\/vestibulares.estrategia.com\/portal\/?s={search_term_string}"},"query-input":{"@type":"PropertyValueSpecification","valueRequired":true,"valueName":"search_term_string"}}],"inLanguage":"pt-BR"},{"@type":"Organization","@id":"https:\/\/vestibulares.estrategia.com\/portal\/#organization","name":"Estrat\u00e9gia Vestibulares","url":"https:\/\/vestibulares.estrategia.com\/portal\/","logo":{"@type":"ImageObject","inLanguage":"pt-BR","@id":"https:\/\/vestibulares.estrategia.com\/portal\/#\/schema\/logo\/image\/","url":"https:\/\/vestibulares.estrategia.com\/portal\/wp-content\/uploads\/2021\/06\/Logo-Vestibulares@4x.png","contentUrl":"https:\/\/vestibulares.estrategia.com\/portal\/wp-content\/uploads\/2021\/06\/Logo-Vestibulares@4x.png","width":250,"height":66,"caption":"Estrat\u00e9gia Vestibulares"},"image":{"@id":"https:\/\/vestibulares.estrategia.com\/portal\/#\/schema\/logo\/image\/"},"sameAs":["https:\/\/facebook.com\/estrategiavestibulares","https:\/\/x.com\/Estrategiavest","https:\/\/www.instagram.com\/estrategiavestibulares","https:\/\/www.youtube.com\/channel\/UCGWdZy8ULI-7_5GrABa4vNA"]},{"@type":"Person","@id":"https:\/\/vestibulares.estrategia.com\/portal\/#\/schema\/person\/98d0c0e22d6d89b480aa1929f0e64ec5","name":"Larrani Ferreira","image":{"@type":"ImageObject","inLanguage":"pt-BR","@id":"https:\/\/vestibulares.estrategia.com\/portal\/#\/schema\/person\/image\/","url":"https:\/\/vestibulares.estrategia.com\/portal\/wp-content\/uploads\/2026\/02\/WhatsApp-Image-2026-02-05-at-14.26.13-150x150.jpeg","contentUrl":"https:\/\/vestibulares.estrategia.com\/portal\/wp-content\/uploads\/2026\/02\/WhatsApp-Image-2026-02-05-at-14.26.13-150x150.jpeg","caption":"Larrani Ferreira"},"description":"Jornalista e Mestranda em Comunica\u00e7\u00e3o Intercultural nas Organiza\u00e7\u00f5es","url":"https:\/\/vestibulares.estrategia.com\/portal\/author\/larranioliveira\/"}]}},"_wl_alt_label":[],"wl:entity_url":"https:\/\/data.wordlift.io\/wl110249\/post\/como-citar-a-constituicao-federal-de-1988-na-redacao","_links":{"self":[{"href":"https:\/\/vestibulares.estrategia.com\/portal\/wp-json\/wp\/v2\/posts\/128198","targetHints":{"allow":["GET"]}}],"collection":[{"href":"https:\/\/vestibulares.estrategia.com\/portal\/wp-json\/wp\/v2\/posts"}],"about":[{"href":"https:\/\/vestibulares.estrategia.com\/portal\/wp-json\/wp\/v2\/types\/post"}],"author":[{"embeddable":true,"href":"https:\/\/vestibulares.estrategia.com\/portal\/wp-json\/wp\/v2\/users\/51"}],"replies":[{"embeddable":true,"href":"https:\/\/vestibulares.estrategia.com\/portal\/wp-json\/wp\/v2\/comments?post=128198"}],"version-history":[{"count":3,"href":"https:\/\/vestibulares.estrategia.com\/portal\/wp-json\/wp\/v2\/posts\/128198\/revisions"}],"predecessor-version":[{"id":132915,"href":"https:\/\/vestibulares.estrategia.com\/portal\/wp-json\/wp\/v2\/posts\/128198\/revisions\/132915"}],"wp:featuredmedia":[{"embeddable":true,"href":"https:\/\/vestibulares.estrategia.com\/portal\/wp-json\/wp\/v2\/media\/128203"}],"wp:attachment":[{"href":"https:\/\/vestibulares.estrategia.com\/portal\/wp-json\/wp\/v2\/media?parent=128198"}],"wp:term":[{"taxonomy":"category","embeddable":true,"href":"https:\/\/vestibulares.estrategia.com\/portal\/wp-json\/wp\/v2\/categories?post=128198"},{"taxonomy":"post_tag","embeddable":true,"href":"https:\/\/vestibulares.estrategia.com\/portal\/wp-json\/wp\/v2\/tags?post=128198"},{"taxonomy":"wl_entity_type","embeddable":true,"href":"https:\/\/vestibulares.estrategia.com\/portal\/wp-json\/wp\/v2\/wl_entity_type?post=128198"}],"curies":[{"name":"wp","href":"https:\/\/api.w.org\/{rel}","templated":true}]}}