{"id":128837,"date":"2024-11-03T23:51:53","date_gmt":"2024-11-04T02:51:53","guid":{"rendered":"https:\/\/vestibulares.estrategia.com\/portal\/?p=128837"},"modified":"2025-10-27T09:53:59","modified_gmt":"2025-10-27T12:53:59","slug":"13-citacoes-sobre-heranca-africana-para-usar-na-redacao","status":"publish","type":"post","link":"https:\/\/vestibulares.estrategia.com\/portal\/materias\/redacao\/13-citacoes-sobre-heranca-africana-para-usar-na-redacao\/","title":{"rendered":"13 cita\u00e7\u00f5es sobre heran\u00e7a africana para usar na reda\u00e7\u00e3o"},"content":{"rendered":"<p>O Inep aplicou no dia 03 de novembro o<strong> Enem 2024<\/strong>, o maior vestibular do Brasil. Mais de 4 milh&otilde;es de candidatos responderam a 90 quest&otilde;es objetivas sobre as &aacute;reas de Linguagens e Ci&ecirc;ncias Humanas, al&eacute;m de elaborar uma reda&ccedil;&atilde;o dissertativa-argumentativa. <p>O tema de reda&ccedil;&atilde;o do Enem 2024 &ldquo;<a href=\"https:\/\/vestibulares.estrategia.com\/portal\/noticias\/tema-de-redacao-enem-2024-desafios-para-a-valorizacao-da-heranca-africana-no-brasil\/\" target=\"_blank\">Desafios para a valoriza&ccedil;&atilde;o da heran&ccedil;a africana no Brasil<\/a>&ldquo;. &ldquo;A minha impress&atilde;o foi que a banca escolheu um tema que &eacute; interessante aos participantes, que n&atilde;o &eacute; dif&iacute;cil&rdquo;, comenta Fernando Andrade, professor de reda&ccedil;&atilde;o do Estrat&eacute;gia Vestibulares.<\/p><p>Ainda de acordo com o professor, o candidato poderia abordar a n&atilde;o valoriza&ccedil;&atilde;o da heran&ccedil;a negra, pois essa era a indica&ccedil;&atilde;o do tema: &ldquo;Outra coisa interessante &eacute; que, por n&atilde;o ter um recorte, n&atilde;o v&atilde;o haver muitos desvios, porque a proposta &eacute; muito clara.&rdquo;<\/p><p><strong>Saiba mais:<br><\/strong>+ <a href=\"https:\/\/vestibulares.estrategia.com\/portal\/enem-e-vestibulares\/enem\/heranca-africana-repertorios-socioculturais-redacao-enem-2024\/\" target=\"_blank\">Heran&ccedil;a africana: veja repert&oacute;rios socioculturais do tema de reda&ccedil;&atilde;o do Enem 2024<\/a><br>+ <a href=\"https:\/\/vestibulares.estrategia.com\/portal\/enem-e-vestibulares\/enem\/redacao-enem-2024-o-que-e-heranca-africana-e-qual-a-sua-importancia-para-o-brasil\/\" target=\"_blank\">Reda&ccedil;&atilde;o Enem 2024: o que &eacute; heran&ccedil;a africana e qual a sua import&acirc;ncia para o Brasil<\/a><\/p><p>\n\n\n\n<div class=\"cta-medio\" style=\"background-image: url(https:\/\/vestibulares.estrategia.com\/portal\/wp-content\/uploads\/2024\/08\/curso-enem-1-estrategia-vestibulares-ctamedio.jpg);\"><h3>Pacote Enem TOP <\/h3> <p>Estude com o Estrat\u00e9gia Vestibulares<\/p><div class=\"cta-botao\"><a id=\"cta-medio\" href=\"https:\/\/vestibulares.estrategia.com\/curso\/enem-top\/\" target=\"_blank\" style=\"background:rgb(255,150,0)\">Saiba mais<\/a><\/div><\/div>\n\n\n\n<\/p><div id=\"ez-toc-container\" class=\"ez-toc-v2_0_76 counter-hierarchy ez-toc-counter ez-toc-transparent ez-toc-container-direction\">\n<div class=\"ez-toc-title-container\"><p class=\"ez-toc-title\" style=\"cursor:inherit\">Navegue pelo conte\u00fado<\/p>\n<\/div><nav><ul class='ez-toc-list ez-toc-list-level-1 ' ><li class='ez-toc-page-1 ez-toc-heading-level-2'><a class=\"ez-toc-link ez-toc-heading-1\" href=\"https:\/\/vestibulares.estrategia.com\/portal\/materias\/redacao\/13-citacoes-sobre-heranca-africana-para-usar-na-redacao\/#Citacoes-sobre-heranca-africana-para-usar-na-redacao\" >Cita&ccedil;&otilde;es sobre heran&ccedil;a africana para usar na reda&ccedil;&atilde;o<\/a><\/li><li class='ez-toc-page-1 ez-toc-heading-level-2'><a class=\"ez-toc-link ez-toc-heading-2\" href=\"https:\/\/vestibulares.estrategia.com\/portal\/materias\/redacao\/13-citacoes-sobre-heranca-africana-para-usar-na-redacao\/#Como-e-a-redacao-do-Enem\" >Como &eacute; a reda&ccedil;&atilde;o do Enem?<\/a><\/li><li class='ez-toc-page-1 ez-toc-heading-level-2'><a class=\"ez-toc-link ez-toc-heading-3\" href=\"https:\/\/vestibulares.estrategia.com\/portal\/materias\/redacao\/13-citacoes-sobre-heranca-africana-para-usar-na-redacao\/#Historico-de-temas-de-redacao-do-Enem\" >Hist&oacute;rico de temas de reda&ccedil;&atilde;o do Enem<\/a><\/li><li class='ez-toc-page-1 ez-toc-heading-level-2'><a class=\"ez-toc-link ez-toc-heading-4\" href=\"https:\/\/vestibulares.estrategia.com\/portal\/materias\/redacao\/13-citacoes-sobre-heranca-africana-para-usar-na-redacao\/#Calendario-Enem-2024\" >Calend&aacute;rio Enem 2024<\/a><\/li><li class='ez-toc-page-1 ez-toc-heading-level-2'><a class=\"ez-toc-link ez-toc-heading-5\" href=\"https:\/\/vestibulares.estrategia.com\/portal\/materias\/redacao\/13-citacoes-sobre-heranca-africana-para-usar-na-redacao\/#Onde-usar-a-nota-do-Enem\" >Onde usar a nota do Enem?<\/a><\/li><li class='ez-toc-page-1 ez-toc-heading-level-2'><a class=\"ez-toc-link ez-toc-heading-6\" href=\"https:\/\/vestibulares.estrategia.com\/portal\/materias\/redacao\/13-citacoes-sobre-heranca-africana-para-usar-na-redacao\/#Saiba-o-que-estudar-para-o-Enem-por-disciplina\" >Saiba o que estudar para o Enem por disciplina<\/a><\/li><li class='ez-toc-page-1 ez-toc-heading-level-2'><a class=\"ez-toc-link ez-toc-heading-7\" href=\"https:\/\/vestibulares.estrategia.com\/portal\/materias\/redacao\/13-citacoes-sobre-heranca-africana-para-usar-na-redacao\/#Estude-redacao-com-o-Estrategia-Vestibulares\" >Estude reda&ccedil;&atilde;o com o Estrat&eacute;gia Vestibulares<\/a><\/li><li class='ez-toc-page-1 ez-toc-heading-level-2'><a class=\"ez-toc-link ez-toc-heading-8\" href=\"https:\/\/vestibulares.estrategia.com\/portal\/materias\/redacao\/13-citacoes-sobre-heranca-africana-para-usar-na-redacao\/#Saiba-mais-sobre-a-redacao-do-Enem\" >Saiba mais sobre a reda&ccedil;&atilde;o do Enem<\/a><\/li><\/ul><\/nav><\/div>\n<h2 class=\"wp-block-heading\" id=\"h-citacoes-sobre-heranca-africana-para-usar-na-redacao\"><span class=\"ez-toc-section\" id=\"Citacoes-sobre-heranca-africana-para-usar-na-redacao\"><\/span>Cita&ccedil;&otilde;es sobre heran&ccedil;a africana para usar na reda&ccedil;&atilde;o<span class=\"ez-toc-section-end\"><\/span><\/h2><p>Veja abaixo cita&ccedil;&otilde;es de pesquisadores e famosos que debatem a quest&atilde;o da heran&ccedil;a africana e que poderiam ter sido utilizadas como repert&oacute;rio sociocultural na reda&ccedil;&atilde;o do Enem 2024:<\/p><h3 class=\"wp-block-heading\">&nbsp;&ldquo;No Brasil existe um tipo de apartheid: n&atilde;o &eacute; feio ser racista, &eacute; feio dizer que voc&ecirc; &eacute; racista&rdquo; &mdash; Milton Santos<\/h3><p>A ideia defendida pelo ge&oacute;grafo sobre racismo no Brasil, aponta que h&aacute; resist&ecirc;ncia dos brancos em admitir que h&aacute; preconceito contra negros no pa&iacute;s. O que, para ele, torna &rdquo;toda discuss&atilde;o ou enfrentamento do problema uma situa&ccedil;&atilde;o escorregadia&rdquo;.<\/p><h3 class=\"wp-block-heading\">&ldquo;Quando a mulher negra se movimenta, toda a estrutura da sociedade se movimenta com ela.&rdquo; &mdash; Angela Davis<\/h3><p>Em outra passagem pelo Brasil, dessa vez em 2017, quando Davis esteve na Universidade Federal da Bahia (UFBA) para um evento do Dia da Mulher Negra Latino-Caribenha, ela usou a cita&ccedil;&atilde;o para tratar da posi&ccedil;&atilde;o social de mulheres negras no capitalismo.&nbsp;<\/p><p>Para a fil&oacute;sofa, mulheres negras est&atilde;o na base social capitalista, e ao conseguirem deixar essa posi&ccedil;&atilde;o gerar&atilde;o mudan&ccedil;as estruturais na pir&acirc;mide social.<\/p><h3 class=\"wp-block-heading\" id=\"h-a-informacao-sobre-o-que-acontece-nao-vem-da-interacao-entre-as-pessoas-mas-do-que-e-veiculado-pela-midia-uma-interpretacao-interessada-senao-interesseira-dos-fatos-milton-santos\">&ldquo;A informa&ccedil;&atilde;o sobre o que acontece n&atilde;o vem da intera&ccedil;&atilde;o entre as pessoas, mas do que &eacute; veiculado pela m&iacute;dia, uma interpreta&ccedil;&atilde;o interessada, sen&atilde;o interesseira, dos fatos.&rdquo; &mdash; Milton Santos<\/h3><p>A cita&ccedil;&atilde;o vem do livro &ldquo;Por uma outra globaliza&ccedil;&atilde;o&rdquo;, publicado por Milton Santos no ano 2000. Na obra, o ge&oacute;grafo tr&ecirc;s defini&ccedil;&otilde;es para a &ldquo;globaliza&ccedil;&atilde;o&rdquo;, sendo elas a &ldquo;globaliza&ccedil;&atilde;o como f&aacute;bula&rdquo;, que &eacute; o mundo como nos fazem v&ecirc;-lo; a &ldquo;globaliza&ccedil;&atilde;o como perversidade&rdquo;, que seria a realidade do mundo; e &ldquo;uma outra globaliza&ccedil;&atilde;o&rdquo; que traz a ideia de como o mundo poderia ser.<\/p><h3 class=\"wp-block-heading\" id=\"h-ser-negro-no-brasil-e-com-frequencia-ser-objeto-de-um-olhar-enviesado-milton-santos\">&ldquo;Ser negro no Brasil &eacute;, com frequ&ecirc;ncia, ser objeto de um olhar enviesado.&rdquo; &mdash; Milton Santos<\/h3><p>A afirma&ccedil;&atilde;o do ge&oacute;grafo aparece em um texto publicado no Jornal GGN, em 2001, no qual ele trata sobre como superar o &ldquo;<a href=\"https:\/\/outraspalavras.net\/outrasmidias\/milton-santos-como-superar-o-apartheid-a-brasileira\/\" target=\"_blank\" rel=\"noopener noreferrer\">apartheid &agrave; brasileira<\/a>&rdquo;, abordando temas como escravid&atilde;o e racismo.<\/p><h3 class=\"wp-block-heading\" id=\"h-para-mim-uma-pessoa-negra-que-tem-consciencia-de-sua-negritude-esta-na-luta-contra-o-racismo-lelia-gonzalez\">&ldquo;Para mim, uma pessoa negra que tem consci&ecirc;ncia de sua negritude est&aacute; na luta contra o racismo.&rdquo; &mdash; L&eacute;lia Gonzalez<\/h3><p>De volta ao debate sobre a conquista de se entender como uma pessoa negra e compreender todos os significados atrelados &agrave; essa identidade, L&eacute;lia aponta que esse reconhecimento da pr&oacute;pria negritude s&oacute; se desenvolve junto &agrave; organiza&ccedil;&atilde;o pol&iacute;tica contra o racismo.<\/p><h3 class=\"wp-block-heading\" id=\"h-estamos-cansados-de-saber-que-nem-na-escola-nem-nos-livros-onde-mandam-a-gente-estudar-nao-se-fala-da-efetiva-contribuicao-das-classes-populares-da-mulher-do-negro-do-indio-na-nossa-formacao-historica-e-cultural-lelia-gonzalez\">&ldquo;Estamos cansados de saber que nem na escola, nem nos livros onde mandam a gente estudar, n&atilde;o se fala da efetiva contribui&ccedil;&atilde;o das classes populares, da mulher, do negro do &iacute;ndio na nossa forma&ccedil;&atilde;o hist&oacute;rica e cultural.&rdquo; &mdash; L&eacute;lia Gonzalez<\/h3><p>Al&eacute;m de livros e produ&ccedil;&otilde;es acad&ecirc;micas, L&eacute;lia escreveu para jornais e revistas. A cita&ccedil;&atilde;o, por exemplo, &eacute; parte de um texto publicado pelo jornal &ldquo;<a href=\"https:\/\/www.fcc.org.br\/fcc\/mulherio-home\/\" target=\"_blank\" rel=\"noopener noreferrer\">Mulherio<\/a>&rdquo;, em 1982. Na passagem, ela ainda acrescenta ao pensamento &ldquo;E o que &eacute; que fica? A impress&atilde;o de que s&oacute; homens, os homens brancos, social e economicamente privilegiados, foram os &uacute;nicos a construir este pa&iacute;s. A essa mentira tripla d&aacute;-se o nome de sexismo, racismo e elitismo&rdquo;.<\/p><h3 class=\"wp-block-heading\" id=\"h-a-voz-de-minha-filha-recolhe-todas-as-nossas-vozes-recolhe-em-si-as-vozes-mudas-caladas-engasgadas-nas-gargantas-poemas-de-recordacao-e-outros-movimentos-p-10-11-conceicao-evaristo\">&ldquo;A voz de minha filha recolhe todas as nossas vozes, recolhe em si as vozes mudas caladas, engasgadas nas gargantas.&rdquo; &mdash; Poemas de recorda&ccedil;&atilde;o e outros movimentos, p. 10-11 &ndash; Concei&ccedil;&atilde;o Evaristo<\/h3><p>Eleita como imortal pela Academia Mineira de Letras, ganhadora do Pr&ecirc;mio Jabuti de Literatura e uma das mais importantes escritoras sobre a realidade das mulheres negras no Brasil, Concei&ccedil;&atilde;o Evaristo tamb&eacute;m &eacute; professora universit&aacute;ria e tem suas obras cobradas como leitura obrigat&oacute;ria em diversos vestibulares, incluindo na sele&ccedil;&atilde;o da Universidade de S&atilde;o Paulo (<a href=\"https:\/\/vestibulares.estrategia.com\/portal\/enem-e-vestibulares\/vestibulares\/vestibular-fuvest\/\" target=\"_blank\">USP<\/a>).<\/p><p>Esta &eacute; uma frase retirada das p&aacute;ginas 10-11 do livro &ldquo;Poemas de recorda&ccedil;&atilde;o e outros movimentos&rdquo;, publicado pela escritora em 2008.<\/p><h3 class=\"wp-block-heading\" id=\"h-a-questao-do-negro-no-brasil-e-sempre-secundarizada-ha-esse-mito-de-democracia-racial-que-acomoda-as-instituicoes-para-nao-lidarem-profundamente-com-nossa-existencia-e-memoria-se-ate-no-ensino-basico-precisamos-de-lei-para-obrigar-aulas-de-historia-afro-brasileira-imagina-no-turismo-nbsp-emily-borges\">&ldquo;A quest&atilde;o do negro no Brasil &eacute; sempre secundarizada. H&aacute; esse mito de democracia racial, que acomoda as institui&ccedil;&otilde;es para n&atilde;o lidarem profundamente com nossa exist&ecirc;ncia e mem&oacute;ria. Se at&eacute; no ensino b&aacute;sico precisamos de lei para obrigar aulas de hist&oacute;ria afro-brasileira, imagina no turismo.&rdquo;&nbsp; &mdash; Emily Borges<\/h3><p>Emily Borges &eacute; turism&oacute;loga e s&oacute;cia da ag&ecirc;ncia Etnias. A frase foi dita em entrevista para o jornal <a href=\"https:\/\/oglobo.globo.com\/economia\/noticia\/2023\/11\/20\/afroturismo-como-a-embratur-quer-usar-heranca-negra-do-brasil-para-atrair-turistas-e-tirar-atraso-nessa-area.ghtml\" target=\"_blank\">O Globo<\/a> em novembro de 2023.<\/p><h3 class=\"wp-block-heading\" id=\"h-o-estudo-da-cultura-e-da-historia-africanas-e-importantissimo-para-entender-melhor-as-contribuicoes-dos-africanos-e-dos-povos-indigenas-tambem-para-a-construcao-do-brasil-colonial-e-do-subsequente-estado-brasileiro-akin-ogundiran\">&ldquo;O estudo da cultura e da hist&oacute;ria africanas &eacute; important&iacute;ssimo para entender melhor as contribui&ccedil;&otilde;es dos africanos e dos povos ind&iacute;genas tamb&eacute;m para a constru&ccedil;&atilde;o do Brasil colonial e do subsequente Estado brasileiro.&rdquo; &mdash; Akin Ogundiran<\/h3><p>O nigeriano Akin Ogundiran &eacute; antrop&oacute;logo, historiador cultural e um dos maiores arque&oacute;logos da &Aacute;frica no mundo. Atualmente, Ogundiran &eacute; professor da Universidade Northwestern, nos Estados Unidos, e respons&aacute;vel pela pesquisa sobre o Imp&eacute;rio Oy&oacute;, na costa ocidental do continente africano, local que foi palco do tr&aacute;fico transatl&acirc;ntico de negros. <\/p><p>Em entrevista ao jornal <a href=\"https:\/\/oglobo.globo.com\/economia\/noticia\/2023\/11\/20\/sem-estudar-a-africa-nao-podemos-entender-a-humanidade-diz-arqueologo-nigeriano-que-destaca-potencial-da-cultura-negra-no-mundo.ghtml\" target=\"_blank\">O Globo<\/a>, o pesquisador falou sobre a di&aacute;spora africana e a rela&ccedil;&atilde;o com o Brasil.<\/p><h3 class=\"wp-block-heading\" id=\"h-a-tecnologia-e-o-conhecimento-que-permitiram-a-construcao-do-brasil-e-de-seus-muitos-ciclos-economicos-eram-africanos-laurentino-gomes\">&ldquo;A tecnologia e o conhecimento que permitiram a constru&ccedil;&atilde;o do Brasil e de seus muitos ciclos econ&ocirc;micos eram africanos.&rdquo; &mdash; Laurentino Gomes<\/h3><p>Laurentino Gomes &eacute; um jornalista e escritor brasileiro, o paranaense &eacute; reconhecido por seus livros que retratam temas culturais e hist&oacute;ricos do Pa&iacute;s. Sua &uacute;ltima obra foi a trilogia &ldquo;Escravid&atilde;o&rdquo;, lan&ccedil;ada entre os anos de 2019 e 2022, em que aborda os fatos hist&oacute;ricos dos anos de escravid&atilde;o no Brasil. A frase do jornalista foi retirada de uma entrevista ao site da <a href=\"https:\/\/www.bbc.com\/portuguese\/brasil-57575496\" target=\"_blank\">BBC Brasil<\/a>.<\/p><h3 class=\"wp-block-heading\" id=\"h-a-africa-brasileira-existe-a-questao-e-a-visibilidade-joel-rufino\">&ldquo;A &Aacute;frica brasileira existe, a quest&atilde;o &eacute; a visibilidade.&rdquo; &mdash; Joel Rufino<\/h3><p>Professor, historiador, escritor e intelectual da causa negra, Joel Rufino foi o bi&oacute;grafo de Zumbi dos Palmares, em 1985. O escritor recebeu diversos pr&ecirc;mio em vida, entre eles, o Pr&ecirc;mio Jabuti de literatura em 1979 e 2008, o Pr&ecirc;mio Or&iacute;genes Lessa, em 2000, e o Pr&ecirc;mio Liter&aacute;rio Nacional Pen Clube do Brasil, em 2014, al&eacute;m de ter sido indicado ao &ldquo;Nobel&rdquo; da literatura infantil, o Pr&ecirc;mio Hans Christian Andersen, nos anos de 2004, 2006 e 2014.<\/p><p>&ldquo;Os africanos que se espalharam pelo mundo, especialmente pelas Am&eacute;ricas e pelo Brasil, em particular, foram condenados &agrave; reinven&ccedil;&atilde;o. J&aacute; n&atilde;o puderam prosseguir com seus valores, l&iacute;ngua, religi&otilde;es e vis&otilde;es de mundo, como em seu continente de origem&rdquo;, apontou em participa&ccedil;&atilde;o da 2&ordf; Bienal do Livro de Bras&iacute;lia, em 2014. Rufino faleceu em 2015, aos 74 anos, ap&oacute;s um complica&ccedil;&atilde;o m&eacute;dica.<\/p><h3 class=\"wp-block-heading\" id=\"h-saber-se-negra-e-viver-a-experiencia-de-ter-sido-massacrada-em-sua-identidade-confundida-em-suas-expectativas-submetida-a-exigencias-compelida-a-expectativas-alienadas-neusa-santos-souza\">&ldquo;Saber-se negra &eacute; viver a experi&ecirc;ncia de ter sido massacrada em sua identidade, confundida em suas expectativas, submetida a exig&ecirc;ncias, compelida a expectativas alienadas.&rdquo; &mdash; Neusa Santos Souza<\/h3><p>Neusa Santos Souza foi uma psicanalista lacaniana, psiquiatra e escritora brasileira. Lan&ccedil;ou em 1983 o livro &ldquo;Tornar-se Negro&rdquo; que, de acordo com a Sociedade Brasileira de Medicina da Fam&iacute;lia e Comunidade, analisou &rdquo; a vida emocional dos negros, com reflex&otilde;es sobre o custo emocional da nega&ccedil;&atilde;o da pr&oacute;pria cultura e do pr&oacute;prio corpo, considerada a primeira refer&ecirc;ncia sobre a quest&atilde;o racial na psicologia.&rdquo;<\/p><p>Sua obra &eacute; considerada refer&ecirc;ncia nos estudos sobre os aspectos psicanal&iacute;ticos e sociol&oacute;gicos da popula&ccedil;&atilde;o negra brasileira. A Funda&ccedil;&atilde;o Zumbi dos Palmares considera sua publica&ccedil;&atilde;o de 1983 &ldquo;a primeira refer&ecirc;ncia sobre a quest&atilde;o racial na psicologia&rdquo;. Neusa faleceu aos 60 anos, em 2008.<\/p><h3 class=\"wp-block-heading\" id=\"h-quando-nao-discrimina-o-negro-a-elite-dominante-o-festeja-com-um-paternalismo-hipocrita-ao-passo-que-apropria-e-ganha-lucros-sobre-suas-criacoes-culturais-sem-respeitar-ou-remunerar-com-dignidade-a-sua-producao-abdias-do-nascimento\">&ldquo;Quando n&atilde;o discrimina o negro, a elite dominante o festeja com um paternalismo hip&oacute;crita ao passo que apropria e ganha lucros sobre suas cria&ccedil;&otilde;es culturais sem respeitar ou remunerar com dignidade a sua produ&ccedil;&atilde;o.&rdquo; &mdash; Abdias do Nascimento<\/h3><p>Considerado um dos ativistas negros mais longevos da hist&oacute;ria brasileira, Abdias do Nascimento teve diversas profiss&otilde;es em sua vida, tais como, ator, poeta, escritor, artista pl&aacute;stico, dramaturgo, professor universit&aacute;rio, deputado, senador e secret&aacute;rio do governo do Estado do Rio de Janeiro.  <\/p><p>Nascimento tamb&eacute;m, como citado inicialmente, atuou como ativista dos direitos civis e humanos da popula&ccedil;&atilde;o negra brasileira. A cita&ccedil;&atilde;o foi retirada de uma entrevista ao site Brasil de Fato, em 2010, meses antes de sua morte aos 97 anos.<\/p><h2 class=\"wp-block-heading\" id=\"h-como-e-a-redacao-do-enem\"><span class=\"ez-toc-section\" id=\"Como-e-a-redacao-do-Enem\"><\/span>Como &eacute; a reda&ccedil;&atilde;o do Enem?<span class=\"ez-toc-section-end\"><\/span><\/h2><p>A reda&ccedil;&atilde;o do Enem segue o&nbsp;<strong>g&ecirc;nero textual dissertativo-argumentativo<\/strong>, ou seja, apresenta um ponto de vista por meio de argumentos.&nbsp; A estrutura &eacute; simples, sendo dividida em tr&ecirc;s partes:<\/p><ul class=\"wp-block-list\">\n<li><strong>Introdu&ccedil;&atilde;o:<\/strong>&nbsp;apresentar o tema e o posicionamento sobre o tema proposto.<\/li>\n\n\n\n<li><strong>Desenvolvimento:&nbsp;<\/strong>aprofundamento dos os argumentos citados na introdu&ccedil;&atilde;o, fortalecendo o ponto de vista que o candidato defende.<\/li>\n\n\n\n<li><strong>Conclus&atilde;o:&nbsp;<\/strong>criar interven&ccedil;&otilde;es que contribuam para a melhoria da problem&aacute;tica.<\/li>\n<\/ul><p>Al&eacute;m disso,&nbsp;<strong>a reda&ccedil;&atilde;o do Enem &eacute; avaliada por meio de cinco compet&ecirc;ncias, com o objetivo tornar a avalia&ccedil;&atilde;o padronizada para todos os concorrentes<\/strong>. A seguir, confira o que cada uma das compet&ecirc;ncias pede do candidato:<\/p><ul class=\"wp-block-list\">\n<li><strong>Compet&ecirc;ncia 1:&nbsp;<\/strong>Dom&iacute;nio da escrito formal da L&iacute;ngua Portuguesa<\/li>\n\n\n\n<li><strong>Compet&ecirc;ncia 2:&nbsp;<\/strong>Compreender o tema e n&atilde;o fugir da proposta<\/li>\n\n\n\n<li><strong>Compet&ecirc;ncia 3:&nbsp;<\/strong>Organiza&ccedil;&atilde;o das ideias<\/li>\n\n\n\n<li><strong>Compet&ecirc;ncia 4:&nbsp;<\/strong>Coes&atilde;o e coer&ecirc;ncia<\/li>\n\n\n\n<li><strong>Compet&ecirc;ncia 5:&nbsp;<\/strong>Proposta de Interven&ccedil;&atilde;o<\/li>\n<\/ul><p>+&nbsp;<a href=\"https:\/\/vestibulares.estrategia.com\/portal\/redacao\/redacao-enem-competencia-1-erros-mais-comuns\/\">Compet&ecirc;ncia 1 da reda&ccedil;&atilde;o do Enem<\/a>;<br>+&nbsp;<a href=\"https:\/\/vestibulares.estrategia.com\/portal\/redacao\/erros-competencia-2-enem\/\">Compet&ecirc;ncia 2 da reda&ccedil;&atilde;o do Enem<\/a>;<br>+&nbsp;<a href=\"https:\/\/vestibulares.estrategia.com\/portal\/materias\/redacao\/redacao-enem-competencia-3-erros-mais-comuns\/\">Compet&ecirc;ncia 3 da reda&ccedil;&atilde;o do Enem<\/a>;<br>+&nbsp;<a href=\"https:\/\/vestibulares.estrategia.com\/portal\/materias\/redacao\/redacao-do-enem-veja-os-erros-mais-comuns-da-competencia-4\/\">Compet&ecirc;ncia 4 da reda&ccedil;&atilde;o do Enem<\/a>; e<br>+&nbsp;<a href=\"https:\/\/vestibulares.estrategia.com\/portal\/materias\/redacao\/redacao-do-enem-veja-os-erros-mais-comuns-da-competencia-5\/\">Compet&ecirc;ncia 5 da reda&ccedil;&atilde;o do Enem<\/a>.<\/p><h2 class=\"wp-block-heading\" id=\"h-historico-de-temas-de-redacao-do-enem\"><span class=\"ez-toc-section\" id=\"Historico-de-temas-de-redacao-do-Enem\"><\/span>Hist&oacute;rico de temas de reda&ccedil;&atilde;o do Enem<span class=\"ez-toc-section-end\"><\/span><\/h2><p>Veja abaixo o hist&oacute;rico de temas de reda&ccedil;&atilde;o do Enem:<\/p><ul class=\"wp-block-list\">\n<li><a href=\"https:\/\/vestibulares.estrategia.com\/portal\/noticias\/tema-de-redacao-enem-2024-desafios-para-a-valorizacao-da-heranca-africana-no-brasil\/\" target=\"_blank\">Reda&ccedil;&atilde;o do Enem 2024<\/a> <em>&ndash; Desafios para a valoriza&ccedil;&atilde;o da heran&ccedil;a africana no Brasil<\/em><\/li>\n\n\n\n<li><a href=\"https:\/\/vestibulares.estrategia.com\/portal\/noticias\/tema-de-redacao-enem-2023\/\" target=\"_blank\">Reda&ccedil;&atilde;o Enem 2023<\/a>&nbsp;&ndash;&nbsp;<em>Invisibilidade do trabalho de cuidados realizados pela mulher no Brasil<\/em><\/li>\n\n\n\n<li><a href=\"https:\/\/vestibulares.estrategia.com\/portal\/enem-e-vestibulares\/enem\/tema-de-redacao-enem-2022\/\" target=\"_blank\">Reda&ccedil;&atilde;o Enem 2022<\/a>&nbsp;&ndash;&nbsp;<em>Desafios para a valoriza&ccedil;&atilde;o de comunidades e povos tradicionais no Brasil<\/em><\/li>\n\n\n\n<li><a href=\"https:\/\/vestibulares.estrategia.com\/portal\/enem\/tema-de-redacao-enem-2021\/\" target=\"_blank\">Reda&ccedil;&atilde;o Enem 2021&nbsp;<\/a>&ndash;<em> Invisibilidade e registro civil: garantia de acesso &agrave; cidadania no Brasil<\/em><\/li>\n\n\n\n<li>Reda&ccedil;&atilde;o Enem 2020 &ndash;&nbsp;<em>O estigma associado &agrave;s doen&ccedil;as mentais na sociedade brasileira<\/em><\/li>\n\n\n\n<li><a href=\"https:\/\/vestibulares.estrategia.com\/portal\/redacao\/enem-2019-democratizacao-do-acesso-ao-cinema-no-brasil\/\" target=\"_blank\">Reda&ccedil;&atilde;o Enem 2019<\/a>&nbsp;&ndash;&nbsp;<em>Democratiza&ccedil;&atilde;o do acesso ao cinema no Brasil<\/em><\/li>\n\n\n\n<li><a href=\"https:\/\/vestibulares.estrategia.com\/portal\/redacao\/redacao-enem-2018\/\" target=\"_blank\">Reda&ccedil;&atilde;o Enem 2018<\/a>&nbsp;&ndash;&nbsp;<em>Manipula&ccedil;&atilde;o do comportamento do usu&aacute;rio pelo controle de dados na internet<\/em><\/li>\n\n\n\n<li>Reda&ccedil;&atilde;o Enem 2017&nbsp;&ndash;&nbsp;<em>Desafios para forma&ccedil;&atilde;o educacional de surdos no Brasil<\/em><\/li>\n\n\n\n<li>Reda&ccedil;&atilde;o Enem 2016&nbsp;&ndash;&nbsp;<em>Caminhos para combater a intoler&acirc;ncia religiosa no Brasil<\/em><\/li>\n\n\n\n<li>Reda&ccedil;&atilde;o Enem 2015&nbsp;&ndash;&nbsp;<em>A Persist&ecirc;ncia da Viol&ecirc;ncia contra a Mulher na Sociedade Brasileira<\/em><\/li>\n\n\n\n<li>Reda&ccedil;&atilde;o Enem 2014&nbsp;&ndash;&nbsp;<em>Publicidade infantil em quest&atilde;o no Brasil<\/em><\/li>\n\n\n\n<li>Reda&ccedil;&atilde;o Enem 2013&nbsp;&ndash;&nbsp;<em>Os efeitos da implanta&ccedil;&atilde;o da Lei Seca no Brasil<\/em><\/li>\n\n\n\n<li>Reda&ccedil;&atilde;o Enem 2012&nbsp;&ndash;&nbsp;<em>O movimento imigrat&oacute;rio para o Brasil no s&eacute;culo XXI<\/em><\/li>\n\n\n\n<li>Reda&ccedil;&atilde;o Enem 2011&nbsp;&ndash;&nbsp;<em>Viver em rede no s&eacute;culo XXI: os limites entre o p&uacute;blico e o privado<\/em><\/li>\n<\/ul><h2 class=\"wp-block-heading\" id=\"h-calendario-enem-2024\"><span class=\"ez-toc-section\" id=\"Calendario-Enem-2024\"><\/span>Calend&aacute;rio Enem 2024<span class=\"ez-toc-section-end\"><\/span><\/h2><ul class=\"wp-block-list\">\n<li><strong>Divulga&ccedil;&atilde;o do edital<\/strong><br>10\/05\/2024 &ndash;&nbsp;<a href=\"https:\/\/vestibulares.estrategia.com\/portal\/noticias\/edital-enem-2024-completo-datas-inscricoes-provas-e-resultado\/\" target=\"_blank\">acesse o edital<\/a><\/li>\n\n\n\n<li><strong>Per&iacute;odo de solicita&ccedil;&atilde;o de isen&ccedil;&atilde;o e justificativa de aus&ecirc;ncia<br><\/strong>15 a 26\/04\/2024<\/li>\n\n\n\n<li><strong>Divulga&ccedil;&atilde;o do resultado do pedido de isen&ccedil;&atilde;o e da justificativa de aus&ecirc;ncia<br><\/strong>13\/05\/2024<\/li>\n\n\n\n<li><strong>Recurso da justificativa de aus&ecirc;ncia e permiss&atilde;o de isen&ccedil;&atilde;o da taxa de inscri&ccedil;&atilde;o<br><\/strong>13 a 17\/05\/2024<\/li>\n\n\n\n<li><strong>Resultados do recurso da justificativa de aus&ecirc;ncia e pedido de isen&ccedil;&atilde;o da taxa de inscri&ccedil;&atilde;o<br><\/strong>24\/05\/2024<\/li>\n\n\n\n<li><strong>Per&iacute;odo de inscri&ccedil;&otilde;es do Enem 2024<br><\/strong>27\/5 a 14\/6\/2024<\/li>\n\n\n\n<li><strong>Pagamento da taxa de inscri&ccedil;&atilde;o<\/strong><br>27\/5 a 19\/6\/2024<\/li>\n\n\n\n<li><strong>Divulga&ccedil;&atilde;o do local de prova do Enem 2024<\/strong><br>22\/10\/2024<\/li>\n\n\n\n<li><strong>Provas Enem 2024<\/strong><br>03\/11 e 10\/11\/2024<\/li>\n\n\n\n<li><strong>Divulga&ccedil;&atilde;o do gabarito oficial<\/strong><br>20\/11\/2024<\/li>\n\n\n\n<li><strong>Divulga&ccedil;&atilde;o do resultado<\/strong><br>13\/01\/2025<\/li>\n<\/ul><h2 class=\"wp-block-heading\"><span class=\"ez-toc-section\" id=\"Onde-usar-a-nota-do-Enem\"><\/span>Onde usar a nota do Enem?<span class=\"ez-toc-section-end\"><\/span><\/h2><p>A nota do Enem pode garantir ingresso em universidades p&uacute;blicas, privadas e at&eacute; mesmo em institui&ccedil;&otilde;es do exterior:<\/p><ul class=\"wp-block-list\">\n<li><strong>Sistema de Sele&ccedil;&atilde;o Unificada (<a href=\"https:\/\/vestibulares.estrategia.com\/portal\/guias\/sisu-o-que-e\/\" target=\"_blank\">Sisu<\/a>)<\/strong>: programa de acesso a todas as universidades e institutos federais brasileiros e tamb&eacute;m para diversas outras universidades estaduais.<\/li>\n\n\n\n<li><strong>Programa Universidade Para Todos (<a href=\"https:\/\/vestibulares.estrategia.com\/portal\/guias\/prouni\/\" target=\"_blank\">Prouni<\/a>):<\/strong>&nbsp;programa do governo que oferece bolsas de estudo de 50% e 100% em faculdades e universidades privadas brasileiras para estudantes do Ensino M&eacute;dio p&uacute;blico.<\/li>\n\n\n\n<li><strong>Fundo de Financiamento Estudantil (<a href=\"https:\/\/vestibulares.estrategia.com\/portal\/guias\/fies\/\" target=\"_blank\">Fies<\/a>):&nbsp;<\/strong>programa voltado para o financiamento das mensalidades em faculdades e universidades privadas.<\/li>\n\n\n\n<li><strong><a href=\"https:\/\/vestibulares.estrategia.com\/portal\/enem\/enem-portugal\/\" target=\"_blank\">Enem Portugal<\/a>:<\/strong>&nbsp;uma parceria do Instituto Nacional de Estudos e Pesquisas Educacionais An&iacute;sio de Teixeira com o Minist&eacute;rio da Educa&ccedil;&atilde;o portugu&ecirc;s. Atualmente, mais de&nbsp;50 universidades portuguesas aceitam a nota do Enem<strong>&nbsp;<\/strong>como forma de ingresso.<\/li>\n<\/ul><h2 class=\"wp-block-heading\" id=\"h-saiba-o-que-estudar-para-o-enem-por-disciplina\"><span class=\"ez-toc-section\" id=\"Saiba-o-que-estudar-para-o-Enem-por-disciplina\"><\/span>Saiba o que estudar para o Enem por disciplina<span class=\"ez-toc-section-end\"><\/span><\/h2><p>Confira abaixo a lista com os<strong>&nbsp;temas que mais caem em cada mat&eacute;ria cobrada no Enem<\/strong>, de acordo com os professores do Estrat&eacute;gia Vestibulares:<\/p><ul class=\"wp-block-list\">\n<li><a href=\"https:\/\/vestibulares.estrategia.com\/portal\/enem-e-vestibulares\/enem\/o-que-mais-cai-de-lingua-portuguesa-no-enem\/\">O que m<\/a><a href=\"https:\/\/vestibulares.estrategia.com\/portal\/enem-e-vestibulares\/enem\/o-que-mais-cai-de-lingua-portuguesa-no-enem\/\" target=\"_blank\">ais cai de L&iacute;ngua Portuguesa no Enem?<\/a><\/li>\n\n\n\n<li><a href=\"https:\/\/vestibulares.estrategia.com\/portal\/enem-e-vestibulares\/enem\/o-que-mais-cai-de-ingles-no-enem\/\" target=\"_blank\">O que mais cai de Ingl&ecirc;s no Enem?<\/a><\/li>\n\n\n\n<li><a href=\"https:\/\/vestibulares.estrategia.com\/portal\/enem-e-vestibulares\/enem\/o-que-mais-cai-de-espanhol-no-enem\/\" target=\"_blank\">O que mais cai de Espanhol no Enem?<\/a><\/li>\n\n\n\n<li><a href=\"https:\/\/vestibulares.estrategia.com\/portal\/enem-e-vestibulares\/o-que-mais-cai-de-artes-no-enem\/\" target=\"_blank\">O que mais cai de Artes no Enem?<\/a><\/li>\n\n\n\n<li><a href=\"https:\/\/vestibulares.estrategia.com\/portal\/enem-e-vestibulares\/o-que-mais-cai-de-historia-no-enem\/\" target=\"_blank\">O que mais cai de Hist&oacute;ria no Enem?<\/a><\/li>\n\n\n\n<li><a href=\"https:\/\/vestibulares.estrategia.com\/portal\/enem-e-vestibulares\/o-que-mais-cai-de-geografia-no-enem\/\" target=\"_blank\">O que mais cai de Geografia no Enem?<\/a><\/li>\n\n\n\n<li><a href=\"https:\/\/vestibulares.estrategia.com\/portal\/enem-e-vestibulares\/o-que-mais-cai-de-sociologia-no-enem\/\" target=\"_blank\">O que mais cai de Sociologia no Enem?<\/a><\/li>\n\n\n\n<li><a href=\"https:\/\/vestibulares.estrategia.com\/portal\/enem-e-vestibulares\/vestibulares\/o-que-mais-cai-de-matematica-no-enem\/\" target=\"_blank\">O que mais cai de Matem&aacute;tica no Enem?<\/a><\/li>\n\n\n\n<li><a href=\"https:\/\/vestibulares.estrategia.com\/portal\/enem-e-vestibulares\/enem\/o-que-mais-cai-de-quimica-no-enem\/\" target=\"_blank\">O que mais cai de Qu&iacute;mica no Enem?<\/a><\/li>\n\n\n\n<li><a href=\"https:\/\/vestibulares.estrategia.com\/portal\/enem-e-vestibulares\/o-que-mais-cai-de-biologia-no-enem\/\" target=\"_blank\">O que mais cai de Biologia no Enem?<\/a><\/li>\n\n\n\n<li><a href=\"https:\/\/vestibulares.estrategia.com\/portal\/enem-e-vestibulares\/enem\/o-que-mais-cai-de-fisica-no-enem\/\" target=\"_blank\">O que mais cai de F&iacute;sica no Enem?<\/a><\/li>\n<\/ul><h2 class=\"wp-block-heading\"><span class=\"ez-toc-section\" id=\"Estude-redacao-com-o-Estrategia-Vestibulares\"><\/span>Estude reda&ccedil;&atilde;o com o Estrat&eacute;gia Vestibulares<span class=\"ez-toc-section-end\"><\/span><\/h2><p>Gostou das indica&ccedil;&otilde;es de cita&ccedil;&otilde;es por temas para usar na sua reda&ccedil;&atilde;o? Ent&atilde;o, melhore ainda mais a sua produ&ccedil;&atilde;o textual com os cursos do Estrat&eacute;gia Vestibulares!<\/p><p>Al&eacute;m ter de aulas com professores especialistas em reda&ccedil;&atilde;o, voc&ecirc; ainda pode enviar quantas reda&ccedil;&otilde;es voc&ecirc; quiser para a corre&ccedil;&atilde;o. Ficou interessado? Ent&atilde;o, clique no bot&atilde;o abaixo e saiba mais sobre o curso:<\/p><p>\n\n\n<a id=\"cta\" class=\"cta-imagem\" href=\"https:\/\/vestibulares.estrategia.com\/curso\/curso-interativo-enem-redaco-prof-fernando-andrade\/\" target=\"blank\">\n                <img decoding=\"async\" width=\"100%\" src=\"https:\/\/vestibulares.estrategia.com\/portal\/wp-content\/uploads\/2021\/07\/Redacao.jpg\" alt=\"Cursos de Reda\u00e7\u00e3o Estrat\u00e9gia Vestibulares\" title=\"Curso de Reda\u00e7\u00e3o Estrat\u00e9gia Vestibulares\">\n        <\/a>\n\n\n\n<\/p><h2 class=\"wp-block-heading\"><span class=\"ez-toc-section\" id=\"Saiba-mais-sobre-a-redacao-do-Enem\"><\/span>Saiba mais sobre a reda&ccedil;&atilde;o do Enem<span class=\"ez-toc-section-end\"><\/span><\/h2><ul class=\"wp-block-list\">\n<li><a href=\"https:\/\/vestibulares.estrategia.com\/portal\/redacao\/modelo-redacao-nota-mil-enem\/\" target=\"_blank\">Modelo de reda&ccedil;&atilde;o nota mil no Enem<\/a><\/li>\n\n\n\n<li><a href=\"https:\/\/vestibulares.estrategia.com\/portal\/redacao\/redacao-enem-competencia-1-erros-mais-comuns\/\" target=\"_blank\">Reda&ccedil;&atilde;o do Enem: veja os erros mais comuns da Compet&ecirc;ncia 1<\/a>&nbsp;<\/li>\n\n\n\n<li><a href=\"https:\/\/vestibulares.estrategia.com\/portal\/redacao\/redacao-enem-erros-competencia-2\/\" target=\"_blank\">Reda&ccedil;&atilde;o do Enem: veja os erros mais comuns da Compet&ecirc;ncia 2<\/a><\/li>\n\n\n\n<li><a href=\"https:\/\/vestibulares.estrategia.com\/portal\/redacao\/redacao-enem-competencia-3-erros-mais-comuns\/\" target=\"_blank\">Reda&ccedil;&atilde;o do Enem: veja os erros mais comuns da Compet&ecirc;ncia 3<\/a><\/li>\n\n\n\n<li><a href=\"https:\/\/vestibulares.estrategia.com\/portal\/materias\/redacao\/redacao-do-enem-veja-os-erros-mais-comuns-da-competencia-4\/\" target=\"_blank\">Reda&ccedil;&atilde;o do Enem: veja os erros mais comuns da Compet&ecirc;ncia 4<\/a><\/li>\n\n\n\n<li><a href=\"https:\/\/vestibulares.estrategia.com\/portal\/redacao\/redacao-enem-competencia-3-erros-mais-comuns\/\" target=\"_blank\">Reda&ccedil;&atilde;o do Enem: veja os erros mais comuns da Compet&ecirc;ncia 5<\/a><\/li>\n\n\n\n<li><a href=\"https:\/\/vestibulares.estrategia.com\/portal\/redacao\/competencias-redacao-enem\/\" target=\"_blank\">Quais s&atilde;o as 5 compet&ecirc;ncias da reda&ccedil;&atilde;o do Enem?<\/a><\/li>\n\n\n\n<li><a href=\"https:\/\/vestibulares.estrategia.com\/portal\/redacao\/correcao-de-redacao\/\" target=\"_blank\">Corre&ccedil;&atilde;o de Reda&ccedil;&atilde;o Ilimitada: envie todas as reda&ccedil;&otilde;es que voc&ecirc; produzir<\/a>&nbsp;<\/li>\n\n\n\n<li><a href=\"https:\/\/vestibulares.estrategia.com\/portal\/enem-e-vestibulares\/enem\/tema-de-redacao-enem-2024-veja-os-palpites-dos-professores-do-estrategia-vestibulares\/\" target=\"_blank\">Tema de reda&ccedil;&atilde;o Enem: veja os palpites dos professores do Estrat&eacute;gia Vestibulares<\/a><\/li>\n\n\n\n<li><a href=\"https:\/\/vestibulares.estrategia.com\/portal\/redacao\/redacao-dissertativa-argumentativa\/\">Reda&ccedil;&atilde;o dissertativa-argumentativa: veja o que &eacute;, como escrever e exemplos<\/a><\/li>\n\n\n\n<li><a href=\"https:\/\/vestibulares.estrategia.com\/portal\/materias\/redacao\/repertorio-sociocultural-para-redacao-7-citacoes-coringa\/\" target=\"_blank\">Repert&oacute;rio Sociocultural: 7 cita&ccedil;&otilde;es coringa para usar na reda&ccedil;&atilde;o<\/a><\/li>\n\n\n\n<li><a href=\"https:\/\/vestibulares.estrategia.com\/portal\/materias\/redacao\/redacao-nota-1000-10-redacoes-ultima-edicao-enem\/\" target=\"_blank\">Reda&ccedil;&atilde;o nota 1000: leia 10 reda&ccedil;&otilde;es da &uacute;ltima edi&ccedil;&atilde;o do Enem<\/a><\/li>\n<\/ul><\/p>\n","protected":false},"excerpt":{"rendered":"O tema de reda\u00e7\u00e3o do Enem 2024 cobrou a discuss\u00e3o da valoriza\u00e7\u00e3o da heran\u00e7a africana no Brasil; veja cita\u00e7\u00f5es poderiam que ter sido utilizadas\n","protected":false},"author":31,"featured_media":128874,"comment_status":"closed","ping_status":"closed","sticky":false,"template":"","format":"standard","meta":{"wl_entities_gutenberg":"","footnotes":""},"categories":[2],"tags":[],"wl_entity_type":[732],"class_list":{"0":"post-128837","1":"post","2":"type-post","3":"status-publish","4":"format-standard","5":"has-post-thumbnail","7":"category-redacao","8":"wl_entity_type-article"},"acf":[],"yoast_head":"<!-- This site is optimized with the Yoast SEO Premium plugin v25.9 (Yoast SEO v25.9) - https:\/\/yoast.com\/wordpress\/plugins\/seo\/ -->\n<title>13 cita\u00e7\u00f5es sobre heran\u00e7a africana para usar na reda\u00e7\u00e3o<\/title>\n<meta name=\"description\" content=\"O tema de reda\u00e7\u00e3o do Enem 2024 cobrou a discuss\u00e3o da valoriza\u00e7\u00e3o da heran\u00e7a africana no Brasil; veja cita\u00e7\u00f5es poderiam que ter sido utilizadas\" \/>\n<meta name=\"robots\" content=\"index, follow, max-snippet:-1, max-image-preview:large, max-video-preview:-1\" \/>\n<link rel=\"canonical\" href=\"https:\/\/vestibulares.estrategia.com\/portal\/materias\/redacao\/13-citacoes-sobre-heranca-africana-para-usar-na-redacao\/\" \/>\n<meta property=\"og:locale\" content=\"pt_BR\" \/>\n<meta property=\"og:type\" content=\"article\" \/>\n<meta property=\"og:title\" content=\"13 cita\u00e7\u00f5es sobre heran\u00e7a africana para usar na reda\u00e7\u00e3o\" \/>\n<meta property=\"og:description\" content=\"O tema de reda\u00e7\u00e3o do Enem 2024 cobrou a discuss\u00e3o da valoriza\u00e7\u00e3o da heran\u00e7a africana no Brasil; veja cita\u00e7\u00f5es poderiam que ter sido utilizadas\" \/>\n<meta property=\"og:url\" content=\"https:\/\/vestibulares.estrategia.com\/portal\/materias\/redacao\/13-citacoes-sobre-heranca-africana-para-usar-na-redacao\/\" \/>\n<meta property=\"og:site_name\" content=\"Estrat\u00e9gia Vestibulares\" \/>\n<meta property=\"article:publisher\" content=\"https:\/\/facebook.com\/estrategiavestibulares\" \/>\n<meta property=\"article:published_time\" content=\"2024-11-04T02:51:53+00:00\" \/>\n<meta property=\"article:modified_time\" content=\"2025-10-27T12:53:59+00:00\" \/>\n<meta property=\"og:image\" content=\"https:\/\/vestibulares.estrategia.com\/portal\/wp-content\/uploads\/2024\/11\/citacoes-heranca-africana-redacao-enem-2024.jpg\" \/>\n\t<meta property=\"og:image:width\" content=\"1280\" \/>\n\t<meta property=\"og:image:height\" content=\"720\" \/>\n\t<meta property=\"og:image:type\" content=\"image\/jpeg\" \/>\n<meta name=\"author\" content=\"Isabela Giordan\" \/>\n<meta name=\"twitter:card\" content=\"summary_large_image\" \/>\n<meta name=\"twitter:creator\" content=\"@Estrategiavest\" \/>\n<meta name=\"twitter:site\" content=\"@Estrategiavest\" \/>\n<meta name=\"twitter:label1\" content=\"Escrito por\" \/>\n\t<meta name=\"twitter:data1\" content=\"Isabela Giordan\" \/>\n\t<meta name=\"twitter:label2\" content=\"Est. tempo de leitura\" \/>\n\t<meta name=\"twitter:data2\" content=\"13 minutos\" \/>\n<script type=\"application\/ld+json\" class=\"yoast-schema-graph\">{\"@context\":\"https:\/\/schema.org\",\"@graph\":[{\"@type\":\"Article\",\"@id\":\"https:\/\/vestibulares.estrategia.com\/portal\/materias\/redacao\/13-citacoes-sobre-heranca-africana-para-usar-na-redacao\/#article\",\"isPartOf\":{\"@id\":\"https:\/\/vestibulares.estrategia.com\/portal\/materias\/redacao\/13-citacoes-sobre-heranca-africana-para-usar-na-redacao\/\"},\"author\":{\"name\":\"Isabela Giordan\",\"@id\":\"https:\/\/vestibulares.estrategia.com\/portal\/#\/schema\/person\/921258b32670b22cbb1ae385e2fcb501\"},\"headline\":\"13 cita\u00e7\u00f5es sobre heran\u00e7a africana para usar na reda\u00e7\u00e3o\",\"datePublished\":\"2024-11-04T02:51:53+00:00\",\"dateModified\":\"2025-10-27T12:53:59+00:00\",\"mainEntityOfPage\":{\"@id\":\"https:\/\/vestibulares.estrategia.com\/portal\/materias\/redacao\/13-citacoes-sobre-heranca-africana-para-usar-na-redacao\/\"},\"wordCount\":2605,\"publisher\":{\"@id\":\"https:\/\/vestibulares.estrategia.com\/portal\/#organization\"},\"image\":{\"@id\":\"https:\/\/vestibulares.estrategia.com\/portal\/materias\/redacao\/13-citacoes-sobre-heranca-africana-para-usar-na-redacao\/#primaryimage\"},\"thumbnailUrl\":\"https:\/\/vestibulares.estrategia.com\/portal\/wp-content\/uploads\/2024\/11\/citacoes-heranca-africana-redacao-enem-2024.jpg\",\"articleSection\":[\"Reda\u00e7\u00e3o\"],\"inLanguage\":\"pt-BR\"},{\"@type\":\"WebPage\",\"@id\":\"https:\/\/vestibulares.estrategia.com\/portal\/materias\/redacao\/13-citacoes-sobre-heranca-africana-para-usar-na-redacao\/\",\"url\":\"https:\/\/vestibulares.estrategia.com\/portal\/materias\/redacao\/13-citacoes-sobre-heranca-africana-para-usar-na-redacao\/\",\"name\":\"13 cita\u00e7\u00f5es sobre heran\u00e7a africana para usar na reda\u00e7\u00e3o\",\"isPartOf\":{\"@id\":\"https:\/\/vestibulares.estrategia.com\/portal\/#website\"},\"primaryImageOfPage\":{\"@id\":\"https:\/\/vestibulares.estrategia.com\/portal\/materias\/redacao\/13-citacoes-sobre-heranca-africana-para-usar-na-redacao\/#primaryimage\"},\"image\":{\"@id\":\"https:\/\/vestibulares.estrategia.com\/portal\/materias\/redacao\/13-citacoes-sobre-heranca-africana-para-usar-na-redacao\/#primaryimage\"},\"thumbnailUrl\":\"https:\/\/vestibulares.estrategia.com\/portal\/wp-content\/uploads\/2024\/11\/citacoes-heranca-africana-redacao-enem-2024.jpg\",\"datePublished\":\"2024-11-04T02:51:53+00:00\",\"dateModified\":\"2025-10-27T12:53:59+00:00\",\"description\":\"O tema de reda\u00e7\u00e3o do Enem 2024 cobrou a discuss\u00e3o da valoriza\u00e7\u00e3o da heran\u00e7a africana no Brasil; veja cita\u00e7\u00f5es poderiam que ter sido utilizadas\",\"breadcrumb\":{\"@id\":\"https:\/\/vestibulares.estrategia.com\/portal\/materias\/redacao\/13-citacoes-sobre-heranca-africana-para-usar-na-redacao\/#breadcrumb\"},\"inLanguage\":\"pt-BR\",\"potentialAction\":[{\"@type\":\"ReadAction\",\"target\":[\"https:\/\/vestibulares.estrategia.com\/portal\/materias\/redacao\/13-citacoes-sobre-heranca-africana-para-usar-na-redacao\/\"]}]},{\"@type\":\"ImageObject\",\"inLanguage\":\"pt-BR\",\"@id\":\"https:\/\/vestibulares.estrategia.com\/portal\/materias\/redacao\/13-citacoes-sobre-heranca-africana-para-usar-na-redacao\/#primaryimage\",\"url\":\"https:\/\/vestibulares.estrategia.com\/portal\/wp-content\/uploads\/2024\/11\/citacoes-heranca-africana-redacao-enem-2024.jpg\",\"contentUrl\":\"https:\/\/vestibulares.estrategia.com\/portal\/wp-content\/uploads\/2024\/11\/citacoes-heranca-africana-redacao-enem-2024.jpg\",\"width\":1280,\"height\":720,\"caption\":\"cita\u00e7\u00f5es heran\u00e7a africana\"},{\"@type\":\"BreadcrumbList\",\"@id\":\"https:\/\/vestibulares.estrategia.com\/portal\/materias\/redacao\/13-citacoes-sobre-heranca-africana-para-usar-na-redacao\/#breadcrumb\",\"itemListElement\":[{\"@type\":\"ListItem\",\"position\":1,\"name\":\"Home\",\"item\":\"https:\/\/vestibulares.estrategia.com\/portal\/\"},{\"@type\":\"ListItem\",\"position\":2,\"name\":\"Mat\u00e9rias\",\"item\":\"https:\/\/vestibulares.estrategia.com\/portal\/materias\/\"},{\"@type\":\"ListItem\",\"position\":3,\"name\":\"Reda\u00e7\u00e3o\",\"item\":\"https:\/\/vestibulares.estrategia.com\/portal\/materias\/redacao\/\"},{\"@type\":\"ListItem\",\"position\":4,\"name\":\"13 cita\u00e7\u00f5es sobre heran\u00e7a africana para usar na reda\u00e7\u00e3o\"}]},{\"@type\":\"WebSite\",\"@id\":\"https:\/\/vestibulares.estrategia.com\/portal\/#website\",\"url\":\"https:\/\/vestibulares.estrategia.com\/portal\/\",\"name\":\"Estrat\u00e9gia Vestibulares\",\"description\":\"\",\"publisher\":{\"@id\":\"https:\/\/vestibulares.estrategia.com\/portal\/#organization\"},\"potentialAction\":[{\"@type\":\"SearchAction\",\"target\":{\"@type\":\"EntryPoint\",\"urlTemplate\":\"https:\/\/vestibulares.estrategia.com\/portal\/?s={search_term_string}\"},\"query-input\":{\"@type\":\"PropertyValueSpecification\",\"valueRequired\":true,\"valueName\":\"search_term_string\"}}],\"inLanguage\":\"pt-BR\"},{\"@type\":\"Organization\",\"@id\":\"https:\/\/vestibulares.estrategia.com\/portal\/#organization\",\"name\":\"Estrat\u00e9gia Vestibulares\",\"url\":\"https:\/\/vestibulares.estrategia.com\/portal\/\",\"logo\":{\"@type\":\"ImageObject\",\"inLanguage\":\"pt-BR\",\"@id\":\"https:\/\/vestibulares.estrategia.com\/portal\/#\/schema\/logo\/image\/\",\"url\":\"https:\/\/vestibulares.estrategia.com\/portal\/wp-content\/uploads\/2021\/06\/Logo-Vestibulares@4x.png\",\"contentUrl\":\"https:\/\/vestibulares.estrategia.com\/portal\/wp-content\/uploads\/2021\/06\/Logo-Vestibulares@4x.png\",\"width\":250,\"height\":66,\"caption\":\"Estrat\u00e9gia Vestibulares\"},\"image\":{\"@id\":\"https:\/\/vestibulares.estrategia.com\/portal\/#\/schema\/logo\/image\/\"},\"sameAs\":[\"https:\/\/facebook.com\/estrategiavestibulares\",\"https:\/\/x.com\/Estrategiavest\",\"https:\/\/www.instagram.com\/estrategiavestibulares\",\"https:\/\/www.youtube.com\/channel\/UCGWdZy8ULI-7_5GrABa4vNA\"]},{\"@type\":\"Person\",\"@id\":\"https:\/\/vestibulares.estrategia.com\/portal\/#\/schema\/person\/921258b32670b22cbb1ae385e2fcb501\",\"name\":\"Isabela Giordan\",\"image\":{\"@type\":\"ImageObject\",\"inLanguage\":\"pt-BR\",\"@id\":\"https:\/\/vestibulares.estrategia.com\/portal\/#\/schema\/person\/image\/\",\"url\":\"https:\/\/secure.gravatar.com\/avatar\/474493e24ecabfb752d6ed2de1af8d2f?s=96&d=mm&r=g\",\"contentUrl\":\"https:\/\/secure.gravatar.com\/avatar\/474493e24ecabfb752d6ed2de1af8d2f?s=96&d=mm&r=g\",\"caption\":\"Isabela Giordan\"},\"description\":\"Jornalista de Educa\u00e7\u00e3o e Coordenadora de Jornalismo do Estrat\u00e9gia Vestibulares.\",\"url\":\"https:\/\/vestibulares.estrategia.com\/portal\/author\/isabela\/\"}]}<\/script>\n<!-- \/ Yoast SEO Premium plugin. -->","yoast_head_json":{"title":"13 cita\u00e7\u00f5es sobre heran\u00e7a africana para usar na reda\u00e7\u00e3o","description":"O tema de reda\u00e7\u00e3o do Enem 2024 cobrou a discuss\u00e3o da valoriza\u00e7\u00e3o da heran\u00e7a africana no Brasil; veja cita\u00e7\u00f5es poderiam que ter sido utilizadas","robots":{"index":"index","follow":"follow","max-snippet":"max-snippet:-1","max-image-preview":"max-image-preview:large","max-video-preview":"max-video-preview:-1"},"canonical":"https:\/\/vestibulares.estrategia.com\/portal\/materias\/redacao\/13-citacoes-sobre-heranca-africana-para-usar-na-redacao\/","og_locale":"pt_BR","og_type":"article","og_title":"13 cita\u00e7\u00f5es sobre heran\u00e7a africana para usar na reda\u00e7\u00e3o","og_description":"O tema de reda\u00e7\u00e3o do Enem 2024 cobrou a discuss\u00e3o da valoriza\u00e7\u00e3o da heran\u00e7a africana no Brasil; veja cita\u00e7\u00f5es poderiam que ter sido utilizadas","og_url":"https:\/\/vestibulares.estrategia.com\/portal\/materias\/redacao\/13-citacoes-sobre-heranca-africana-para-usar-na-redacao\/","og_site_name":"Estrat\u00e9gia Vestibulares","article_publisher":"https:\/\/facebook.com\/estrategiavestibulares","article_published_time":"2024-11-04T02:51:53+00:00","article_modified_time":"2025-10-27T12:53:59+00:00","og_image":[{"width":1280,"height":720,"url":"https:\/\/vestibulares.estrategia.com\/portal\/wp-content\/uploads\/2024\/11\/citacoes-heranca-africana-redacao-enem-2024.jpg","type":"image\/jpeg"}],"author":"Isabela Giordan","twitter_card":"summary_large_image","twitter_creator":"@Estrategiavest","twitter_site":"@Estrategiavest","twitter_misc":{"Escrito por":"Isabela Giordan","Est. tempo de leitura":"13 minutos"},"schema":{"@context":"https:\/\/schema.org","@graph":[{"@type":"Article","@id":"https:\/\/vestibulares.estrategia.com\/portal\/materias\/redacao\/13-citacoes-sobre-heranca-africana-para-usar-na-redacao\/#article","isPartOf":{"@id":"https:\/\/vestibulares.estrategia.com\/portal\/materias\/redacao\/13-citacoes-sobre-heranca-africana-para-usar-na-redacao\/"},"author":{"name":"Isabela Giordan","@id":"https:\/\/vestibulares.estrategia.com\/portal\/#\/schema\/person\/921258b32670b22cbb1ae385e2fcb501"},"headline":"13 cita\u00e7\u00f5es sobre heran\u00e7a africana para usar na reda\u00e7\u00e3o","datePublished":"2024-11-04T02:51:53+00:00","dateModified":"2025-10-27T12:53:59+00:00","mainEntityOfPage":{"@id":"https:\/\/vestibulares.estrategia.com\/portal\/materias\/redacao\/13-citacoes-sobre-heranca-africana-para-usar-na-redacao\/"},"wordCount":2605,"publisher":{"@id":"https:\/\/vestibulares.estrategia.com\/portal\/#organization"},"image":{"@id":"https:\/\/vestibulares.estrategia.com\/portal\/materias\/redacao\/13-citacoes-sobre-heranca-africana-para-usar-na-redacao\/#primaryimage"},"thumbnailUrl":"https:\/\/vestibulares.estrategia.com\/portal\/wp-content\/uploads\/2024\/11\/citacoes-heranca-africana-redacao-enem-2024.jpg","articleSection":["Reda\u00e7\u00e3o"],"inLanguage":"pt-BR"},{"@type":"WebPage","@id":"https:\/\/vestibulares.estrategia.com\/portal\/materias\/redacao\/13-citacoes-sobre-heranca-africana-para-usar-na-redacao\/","url":"https:\/\/vestibulares.estrategia.com\/portal\/materias\/redacao\/13-citacoes-sobre-heranca-africana-para-usar-na-redacao\/","name":"13 cita\u00e7\u00f5es sobre heran\u00e7a africana para usar na reda\u00e7\u00e3o","isPartOf":{"@id":"https:\/\/vestibulares.estrategia.com\/portal\/#website"},"primaryImageOfPage":{"@id":"https:\/\/vestibulares.estrategia.com\/portal\/materias\/redacao\/13-citacoes-sobre-heranca-africana-para-usar-na-redacao\/#primaryimage"},"image":{"@id":"https:\/\/vestibulares.estrategia.com\/portal\/materias\/redacao\/13-citacoes-sobre-heranca-africana-para-usar-na-redacao\/#primaryimage"},"thumbnailUrl":"https:\/\/vestibulares.estrategia.com\/portal\/wp-content\/uploads\/2024\/11\/citacoes-heranca-africana-redacao-enem-2024.jpg","datePublished":"2024-11-04T02:51:53+00:00","dateModified":"2025-10-27T12:53:59+00:00","description":"O tema de reda\u00e7\u00e3o do Enem 2024 cobrou a discuss\u00e3o da valoriza\u00e7\u00e3o da heran\u00e7a africana no Brasil; veja cita\u00e7\u00f5es poderiam que ter sido utilizadas","breadcrumb":{"@id":"https:\/\/vestibulares.estrategia.com\/portal\/materias\/redacao\/13-citacoes-sobre-heranca-africana-para-usar-na-redacao\/#breadcrumb"},"inLanguage":"pt-BR","potentialAction":[{"@type":"ReadAction","target":["https:\/\/vestibulares.estrategia.com\/portal\/materias\/redacao\/13-citacoes-sobre-heranca-africana-para-usar-na-redacao\/"]}]},{"@type":"ImageObject","inLanguage":"pt-BR","@id":"https:\/\/vestibulares.estrategia.com\/portal\/materias\/redacao\/13-citacoes-sobre-heranca-africana-para-usar-na-redacao\/#primaryimage","url":"https:\/\/vestibulares.estrategia.com\/portal\/wp-content\/uploads\/2024\/11\/citacoes-heranca-africana-redacao-enem-2024.jpg","contentUrl":"https:\/\/vestibulares.estrategia.com\/portal\/wp-content\/uploads\/2024\/11\/citacoes-heranca-africana-redacao-enem-2024.jpg","width":1280,"height":720,"caption":"cita\u00e7\u00f5es heran\u00e7a africana"},{"@type":"BreadcrumbList","@id":"https:\/\/vestibulares.estrategia.com\/portal\/materias\/redacao\/13-citacoes-sobre-heranca-africana-para-usar-na-redacao\/#breadcrumb","itemListElement":[{"@type":"ListItem","position":1,"name":"Home","item":"https:\/\/vestibulares.estrategia.com\/portal\/"},{"@type":"ListItem","position":2,"name":"Mat\u00e9rias","item":"https:\/\/vestibulares.estrategia.com\/portal\/materias\/"},{"@type":"ListItem","position":3,"name":"Reda\u00e7\u00e3o","item":"https:\/\/vestibulares.estrategia.com\/portal\/materias\/redacao\/"},{"@type":"ListItem","position":4,"name":"13 cita\u00e7\u00f5es sobre heran\u00e7a africana para usar na reda\u00e7\u00e3o"}]},{"@type":"WebSite","@id":"https:\/\/vestibulares.estrategia.com\/portal\/#website","url":"https:\/\/vestibulares.estrategia.com\/portal\/","name":"Estrat\u00e9gia Vestibulares","description":"","publisher":{"@id":"https:\/\/vestibulares.estrategia.com\/portal\/#organization"},"potentialAction":[{"@type":"SearchAction","target":{"@type":"EntryPoint","urlTemplate":"https:\/\/vestibulares.estrategia.com\/portal\/?s={search_term_string}"},"query-input":{"@type":"PropertyValueSpecification","valueRequired":true,"valueName":"search_term_string"}}],"inLanguage":"pt-BR"},{"@type":"Organization","@id":"https:\/\/vestibulares.estrategia.com\/portal\/#organization","name":"Estrat\u00e9gia Vestibulares","url":"https:\/\/vestibulares.estrategia.com\/portal\/","logo":{"@type":"ImageObject","inLanguage":"pt-BR","@id":"https:\/\/vestibulares.estrategia.com\/portal\/#\/schema\/logo\/image\/","url":"https:\/\/vestibulares.estrategia.com\/portal\/wp-content\/uploads\/2021\/06\/Logo-Vestibulares@4x.png","contentUrl":"https:\/\/vestibulares.estrategia.com\/portal\/wp-content\/uploads\/2021\/06\/Logo-Vestibulares@4x.png","width":250,"height":66,"caption":"Estrat\u00e9gia Vestibulares"},"image":{"@id":"https:\/\/vestibulares.estrategia.com\/portal\/#\/schema\/logo\/image\/"},"sameAs":["https:\/\/facebook.com\/estrategiavestibulares","https:\/\/x.com\/Estrategiavest","https:\/\/www.instagram.com\/estrategiavestibulares","https:\/\/www.youtube.com\/channel\/UCGWdZy8ULI-7_5GrABa4vNA"]},{"@type":"Person","@id":"https:\/\/vestibulares.estrategia.com\/portal\/#\/schema\/person\/921258b32670b22cbb1ae385e2fcb501","name":"Isabela Giordan","image":{"@type":"ImageObject","inLanguage":"pt-BR","@id":"https:\/\/vestibulares.estrategia.com\/portal\/#\/schema\/person\/image\/","url":"https:\/\/secure.gravatar.com\/avatar\/474493e24ecabfb752d6ed2de1af8d2f?s=96&d=mm&r=g","contentUrl":"https:\/\/secure.gravatar.com\/avatar\/474493e24ecabfb752d6ed2de1af8d2f?s=96&d=mm&r=g","caption":"Isabela Giordan"},"description":"Jornalista de Educa\u00e7\u00e3o e Coordenadora de Jornalismo do Estrat\u00e9gia Vestibulares.","url":"https:\/\/vestibulares.estrategia.com\/portal\/author\/isabela\/"}]}},"_wl_alt_label":[],"wl:entity_url":"https:\/\/data.wordlift.io\/wl110249\/post\/13-citacoes-sobre-heranca-africana-para-usar-na-redacao","_links":{"self":[{"href":"https:\/\/vestibulares.estrategia.com\/portal\/wp-json\/wp\/v2\/posts\/128837","targetHints":{"allow":["GET"]}}],"collection":[{"href":"https:\/\/vestibulares.estrategia.com\/portal\/wp-json\/wp\/v2\/posts"}],"about":[{"href":"https:\/\/vestibulares.estrategia.com\/portal\/wp-json\/wp\/v2\/types\/post"}],"author":[{"embeddable":true,"href":"https:\/\/vestibulares.estrategia.com\/portal\/wp-json\/wp\/v2\/users\/31"}],"replies":[{"embeddable":true,"href":"https:\/\/vestibulares.estrategia.com\/portal\/wp-json\/wp\/v2\/comments?post=128837"}],"version-history":[{"count":4,"href":"https:\/\/vestibulares.estrategia.com\/portal\/wp-json\/wp\/v2\/posts\/128837\/revisions"}],"predecessor-version":[{"id":147149,"href":"https:\/\/vestibulares.estrategia.com\/portal\/wp-json\/wp\/v2\/posts\/128837\/revisions\/147149"}],"wp:featuredmedia":[{"embeddable":true,"href":"https:\/\/vestibulares.estrategia.com\/portal\/wp-json\/wp\/v2\/media\/128874"}],"wp:attachment":[{"href":"https:\/\/vestibulares.estrategia.com\/portal\/wp-json\/wp\/v2\/media?parent=128837"}],"wp:term":[{"taxonomy":"category","embeddable":true,"href":"https:\/\/vestibulares.estrategia.com\/portal\/wp-json\/wp\/v2\/categories?post=128837"},{"taxonomy":"post_tag","embeddable":true,"href":"https:\/\/vestibulares.estrategia.com\/portal\/wp-json\/wp\/v2\/tags?post=128837"},{"taxonomy":"wl_entity_type","embeddable":true,"href":"https:\/\/vestibulares.estrategia.com\/portal\/wp-json\/wp\/v2\/wl_entity_type?post=128837"}],"curies":[{"name":"wp","href":"https:\/\/api.w.org\/{rel}","templated":true}]}}