{"id":130982,"date":"2024-11-27T11:01:16","date_gmt":"2024-11-27T14:01:16","guid":{"rendered":"https:\/\/vestibulares.estrategia.com\/portal\/?p=130982"},"modified":"2025-02-20T14:42:04","modified_gmt":"2025-02-20T17:42:04","slug":"expansao-territorial-brasileira-a-atividade-mineradora-seus-ciclos-e-desenvolvimentos","status":"publish","type":"post","link":"https:\/\/vestibulares.estrategia.com\/portal\/materias\/historia\/expansao-territorial-brasileira-a-atividade-mineradora-seus-ciclos-e-desenvolvimentos\/","title":{"rendered":"Expans\u00e3o Territorial Brasileira: a atividade mineradora, seus ciclos e desenvolvimentos"},"content":{"rendered":"<p>A minera&ccedil;&atilde;o foi uma atividade essencial para expans&atilde;o territorial do Brasil colonial. Com a descoberta de ouro no final do s&eacute;culo XVII, diversas expedi&ccedil;&otilde;es avan&ccedil;aram em busca de metais preciosos, ocupando o interior do pa&iacute;s.<p>Essas expedi&ccedil;&otilde;es ampliaram as fronteiras da col&ocirc;nia e provocaram o deslocamento do centro econ&ocirc;mico do Nordeste do pa&iacute;s para o Sudeste. Al&eacute;m disso, promoveram o surgimento de vilas e cidades que transformaram a organiza&ccedil;&atilde;o econ&ocirc;mica e social do Brasil Col&ocirc;nia.&nbsp;<\/p><p>Neste texto, exploraremos as principais caracter&iacute;sticas do <a href=\"https:\/\/vestibulares.estrategia.com\/portal\/materias\/geografia\/ciclos-economicos-do-brasil\/\" target=\"_blank\">Ciclo do Ouro<\/a> no Brasil, desde as expedi&ccedil;&otilde;es explorat&oacute;rias at&eacute; a inconfid&ecirc;ncia mineira. Acompanhe abaixo.&nbsp;<\/p><p>\n\n\n\n<div class=\"cta-medio\" style=\"background-image: url(https:\/\/vestibulares.estrategia.com\/portal\/wp-content\/uploads\/2024\/08\/curso-enem-e-vestibulares-2-estrategia-vestibulares-ctamedio.png.jpg);\"><h3>Pacote Vestibulares Platinum<\/h3><p>Conhe\u00e7a nosso curso<\/p><div class=\"cta-botao\"><a id=\"cta-medio\" href=\"https:\/\/vestibulares.estrategia.com\/curso\/vestibulares-platinum\/\" target=\"_blank\" style=\"background:rgb(255,150,0)\">Compre agora<\/a><\/div><\/div>\n\n\n\n<\/p><div id=\"ez-toc-container\" class=\"ez-toc-v2_0_76 counter-hierarchy ez-toc-counter ez-toc-transparent ez-toc-container-direction\">\n<div class=\"ez-toc-title-container\"><p class=\"ez-toc-title\" style=\"cursor:inherit\">Navegue pelo conte\u00fado<\/p>\n<\/div><nav><ul class='ez-toc-list ez-toc-list-level-1 ' ><li class='ez-toc-page-1 ez-toc-heading-level-2'><a class=\"ez-toc-link ez-toc-heading-1\" href=\"https:\/\/vestibulares.estrategia.com\/portal\/materias\/historia\/expansao-territorial-brasileira-a-atividade-mineradora-seus-ciclos-e-desenvolvimentos\/#O-Bandeirismo-e-as-Entradas-Novas-Fontes-de-Riqueza-e-a-Busca-por-Metais-Preciosos\" >O Bandeirismo e as Entradas: Novas Fontes de Riqueza e a Busca por Metais Preciosos<\/a><\/li><li class='ez-toc-page-1 ez-toc-heading-level-2'><a class=\"ez-toc-link ez-toc-heading-2\" href=\"https:\/\/vestibulares.estrategia.com\/portal\/materias\/historia\/expansao-territorial-brasileira-a-atividade-mineradora-seus-ciclos-e-desenvolvimentos\/#A-Economia-Mineradora-Ciclo-do-Ouro-e-o-Auge-da-Exploracao\" >A Economia Mineradora: Ciclo do Ouro e o Auge da Explora&ccedil;&atilde;o<\/a><\/li><li class='ez-toc-page-1 ez-toc-heading-level-2'><a class=\"ez-toc-link ez-toc-heading-3\" href=\"https:\/\/vestibulares.estrategia.com\/portal\/materias\/historia\/expansao-territorial-brasileira-a-atividade-mineradora-seus-ciclos-e-desenvolvimentos\/#A-Sociedade-Mineradora-Estrutura-Social-e-Vida-Urbana\" >A Sociedade Mineradora: Estrutura Social e Vida Urbana<\/a><\/li><li class='ez-toc-page-1 ez-toc-heading-level-2'><a class=\"ez-toc-link ez-toc-heading-4\" href=\"https:\/\/vestibulares.estrategia.com\/portal\/materias\/historia\/expansao-territorial-brasileira-a-atividade-mineradora-seus-ciclos-e-desenvolvimentos\/#Consequencias-da-Mineracao-Expansao-Territorial-e-Mudanca-do-Centro-Economico\" >Consequ&ecirc;ncias da Minera&ccedil;&atilde;o: Expans&atilde;o Territorial e Mudan&ccedil;a do Centro Econ&ocirc;mico<\/a><\/li><li class='ez-toc-page-1 ez-toc-heading-level-2'><a class=\"ez-toc-link ez-toc-heading-5\" href=\"https:\/\/vestibulares.estrategia.com\/portal\/materias\/historia\/expansao-territorial-brasileira-a-atividade-mineradora-seus-ciclos-e-desenvolvimentos\/#Principais-conflitos-e-revoltas-no-Ciclo-do-Ouro\" >Principais conflitos e revoltas no Ciclo do Ouro<\/a><\/li><li class='ez-toc-page-1 ez-toc-heading-level-2'><a class=\"ez-toc-link ez-toc-heading-6\" href=\"https:\/\/vestibulares.estrategia.com\/portal\/materias\/historia\/expansao-territorial-brasileira-a-atividade-mineradora-seus-ciclos-e-desenvolvimentos\/#Legado-Cultural-A-Arte-Barroca-e-a-Literatura\" >Legado Cultural: A Arte Barroca e a Literatura<\/a><\/li><li class='ez-toc-page-1 ez-toc-heading-level-2'><a class=\"ez-toc-link ez-toc-heading-7\" href=\"https:\/\/vestibulares.estrategia.com\/portal\/materias\/historia\/expansao-territorial-brasileira-a-atividade-mineradora-seus-ciclos-e-desenvolvimentos\/#Questao-sobre-o-Ciclo-do-Ouro-no-Vestibular\" >Quest&atilde;o sobre o Ciclo do Ouro no Vestibular<\/a><\/li><li class='ez-toc-page-1 ez-toc-heading-level-2'><a class=\"ez-toc-link ez-toc-heading-8\" href=\"https:\/\/vestibulares.estrategia.com\/portal\/materias\/historia\/expansao-territorial-brasileira-a-atividade-mineradora-seus-ciclos-e-desenvolvimentos\/#Se-prepare-para-o-vestibular-com-o-Estrategia\" >Se prepare para o vestibular com o Estrat&eacute;gia!<\/a><\/li><\/ul><\/nav><\/div>\n<h2 class=\"wp-block-heading\" id=\"h-o-bandeirismo-e-as-entradas-novas-fontes-de-riqueza-e-a-busca-por-metais-preciosos\"><span class=\"ez-toc-section\" id=\"O-Bandeirismo-e-as-Entradas-Novas-Fontes-de-Riqueza-e-a-Busca-por-Metais-Preciosos\"><\/span>O Bandeirismo e as Entradas: Novas Fontes de Riqueza e a Busca por Metais Preciosos<span class=\"ez-toc-section-end\"><\/span><\/h2><p>Entradas e Bandeiras foram expedi&ccedil;&otilde;es cruciais para a ocupa&ccedil;&atilde;o do interior do Brasil durante o per&iacute;odo colonial. Elas foram motivadas principalmente pelo decl&iacute;nio da economia a&ccedil;ucareira no final do s&eacute;culo XVII e pela descoberta de metais e pedras preciosas na Am&eacute;rica espanhola.<\/p><p>As <strong>entradas<\/strong> eram expedi&ccedil;&otilde;es organizadas pela Coroa Portuguesa, ou seja, tinham car&aacute;ter oficial e foram as primeiras a surgir, a partir do s&eacute;culo XVI. Os principais objetivos eram explorar o interior do Brasil e expandir os limites territoriais da col&ocirc;nia, garantindo a posse de terras.<\/p><p>J&aacute; as <strong>bandeiras<\/strong> surgiram um pouco depois, entre o final do s&eacute;culo XVI e in&iacute;cio do s&eacute;culo XVII. Eram expedi&ccedil;&otilde;es privadas, principalmente lideradas por paulistas, que capturavam ind&iacute;genas para escraviza&ccedil;&atilde;o e buscavam metais preciosos.<\/p><p>Esses grupos, tiveram imensa contribui&ccedil;&atilde;o para a ocupa&ccedil;&atilde;o de regi&otilde;es anteriormente inexploradas de S&atilde;o Paulo, Minas Gerais, Goi&aacute;s e Mato Grosso. A descoberta de ouro no final do s&eacute;culo XVII, foi um resultado importante e um marco decisivo, que transformou o cen&aacute;rio econ&ocirc;mico e social do Brasil colonial.<\/p><h2 class=\"wp-block-heading\" id=\"h-a-economia-mineradora-ciclo-do-ouro-e-o-auge-da-exploracao\"><span class=\"ez-toc-section\" id=\"A-Economia-Mineradora-Ciclo-do-Ouro-e-o-Auge-da-Exploracao\"><\/span>A Economia Mineradora: Ciclo do Ouro e o Auge da Explora&ccedil;&atilde;o<span class=\"ez-toc-section-end\"><\/span><\/h2><p>Na passagem do s&eacute;culo XVII para o XVIII, inicia-se o Ciclo do Ouro, per&iacute;odo que marcou o auge da explora&ccedil;&atilde;o mineral no Brasil colonial. A descoberta de grandes jazidas de ouro nas regi&otilde;es que hoje correspondem a Minas Gerais, Goi&aacute;s e Mato Grosso atraiu milhares de migrantes.<\/p><p>Com a descoberta das jazidas, a Coroa portuguesa autorizou a livre exporta&ccedil;&atilde;o de ouro, mas mediante o pagamento de um imposto chamado quinto; ou seja, recolhia 20% de todo o ouro extra&iacute;do. Foi criada tamb&eacute;m a Intend&ecirc;ncia das Minas para que toda descoberta fosse comunicada e fiscalizada.<\/p><p>Para evitar o contrabando e garantir o pagamento do quinto, foram instaladas as Casas de Fundi&ccedil;&atilde;o, respons&aacute;veis por transformar o ouro extra&iacute;do em barras timbradas e &ldquo;quintadas&rdquo;. A minera&ccedil;&atilde;o tornou-se o principal motor da economia colonial, substituindo a decadente produ&ccedil;&atilde;o de a&ccedil;&uacute;car.<\/p><p>O desenvolvimento das atividades mineradoras levou &agrave; cria&ccedil;&atilde;o de diversas cidades e vilas nas regi&otilde;es das minas, que se tornaram polos de com&eacute;rcio e centros administrativos importantes. Nessas cidades, surgiram mercados locais din&acirc;micos que ofereciam produtos e servi&ccedil;os para a popula&ccedil;&atilde;o local.<\/p><p>Incluindo o quinto, ao menos doze sistemas de impostos distintos foram adotados em diferentes momentos. Um dos mais destacados foi a derrama, criada em 1765, em que o governo estipulava uma cota m&iacute;nima de arrecada&ccedil;&atilde;o e, caso n&atilde;o fosse atingida, confiscava todo o ouro dispon&iacute;vel para completar o valor.<\/p><h2 class=\"wp-block-heading\" id=\"h-a-sociedade-mineradora-estrutura-social-e-vida-urbana\"><span class=\"ez-toc-section\" id=\"A-Sociedade-Mineradora-Estrutura-Social-e-Vida-Urbana\"><\/span>A Sociedade Mineradora: Estrutura Social e Vida Urbana<span class=\"ez-toc-section-end\"><\/span><\/h2><p>A minera&ccedil;&atilde;o impulsionou a cria&ccedil;&atilde;o de cidades e vilas nas regi&otilde;es das minas, como Ouro Preto, que se tornaram p&oacute;los comerciais e administrativos. Esse processo trouxe grande diversifica&ccedil;&atilde;o social e estimulou novas rela&ccedil;&otilde;es de trabalho, inclusive com o uso de m&atilde;o de obra escrava.<\/p><p>Com as novas rela&ccedil;&otilde;es de trabalho, surgiu a possibilidade de escravos comprarem sua liberdade. Isso ocorreu porque, ao trabalharem por tarefa, podiam guardar uma pequena parte do ouro. Embora a chance de liberta&ccedil;&atilde;o fosse m&iacute;nima devido ao alto custo, ela existia.<\/p><p>Contudo, a sociedade mineradora refletia as mesmas divis&otilde;es sociais do per&iacute;odo colonial, sendo profundamente hierarquizada. No topo da pir&acirc;mide social estavam os grandes mineradores e comerciantes; abaixo deles, os mineradores m&eacute;dios e pequenos, soldados, artes&atilde;os e trabalhadores livres; e, na base, os escravos que realizavam os trabalhos mais &aacute;rduos.<\/p><p>A vida urbana nas regi&otilde;es mineradoras era mais din&acirc;mica e marcada por maior intera&ccedil;&atilde;o social, em compara&ccedil;&atilde;o &agrave; estrutura a&ccedil;ucareira, o que contribuiu para a forma&ccedil;&atilde;o de uma sociedade mais diversificada. As cidades das minas eram movimentadas e contavam com vida religiosa e cultural que reunia diversos segmentos da popula&ccedil;&atilde;o.<\/p><h2 class=\"wp-block-heading\" id=\"h-consequencias-da-mineracao-expansao-territorial-e-mudanca-do-centro-economico\"><span class=\"ez-toc-section\" id=\"Consequencias-da-Mineracao-Expansao-Territorial-e-Mudanca-do-Centro-Economico\"><\/span>Consequ&ecirc;ncias da Minera&ccedil;&atilde;o: Expans&atilde;o Territorial e Mudan&ccedil;a do Centro Econ&ocirc;mico<span class=\"ez-toc-section-end\"><\/span><\/h2><p>O Ciclo do Ouro teve um impacto importante em v&aacute;rias &aacute;reas da vida colonial, como a expans&atilde;o territorial e o povoamento do interior do Brasil. As atividades dos bandeirantes e a corrida pelo ouro estenderam as fronteiras do pa&iacute;s, que eram originalmente delimitadas pelo Tratado de Tordesilhas, al&eacute;m de promover o povoamento do interior.<\/p><p>A fronteira foi ampliada para o oeste e o interior, consolidando a ocupa&ccedil;&atilde;o de &aacute;reas que n&atilde;o faziam parte do territ&oacute;rio originalmente delimitado e estabelecendo as bases para a atual configura&ccedil;&atilde;o territorial do Brasil.&nbsp;<\/p><p>A atra&ccedil;&atilde;o exercida pelas minas foi t&atilde;o grande que o fluxo migrat&oacute;rio fez com que a regi&atilde;o Centro-Sul, antes pouco habitada, chegasse, em certo momento, a concentrar cerca de 50% da popula&ccedil;&atilde;o brasileira.<\/p><p>A mudan&ccedil;a do centro econ&ocirc;mico do Nordeste para o Sudeste da col&ocirc;nia fez com que as antigas elites a&ccedil;ucareiras perdessem seu prest&iacute;gio e poder econ&ocirc;mico. A import&acirc;ncia da atividade mineradora foi um dos motivadores para que, em 1763, a capital fosse transferida de Salvador para o Rio de Janeiro. Uma das inten&ccedil;&otilde;es era facilitar a administra&ccedil;&atilde;o e melhorar o controle das riquezas geradas.<\/p><h2 class=\"wp-block-heading\" id=\"h-principais-conflitos-e-revoltas-no-ciclo-do-ouro\"><span class=\"ez-toc-section\" id=\"Principais-conflitos-e-revoltas-no-Ciclo-do-Ouro\"><\/span>Principais conflitos e revoltas no Ciclo do Ouro<span class=\"ez-toc-section-end\"><\/span><\/h2><p>A descoberta de min&eacute;rios no interior do territ&oacute;rio provocou in&uacute;meras disputas pela posse das terras. Essas disputas ocorreram principalmente entre os bandeirantes (paulistas), pioneiros na explora&ccedil;&atilde;o do ouro, e os emboabas (portugueses e colonos de outras regi&otilde;es).<\/p><p>Esse confronto culminou na Guerra dos Emboabas (1707-1709) e resultou na vit&oacute;ria dos colonos rec&eacute;m-chegados, expulsando os paulistas das minas de Minas Gerais. Como compensa&ccedil;&atilde;o, os paulistas receberam o direito de explorar novas &aacute;reas no interior, como Goi&aacute;s e Mato Grosso.<\/p><p>Outro grande conflito foi a Inconfid&ecirc;ncia Mineira, que surgiu do descontentamento dos mineradores com o aumento da press&atilde;o fiscal. Entre as causas estavam o excesso de impostos, a decad&ecirc;ncia da minera&ccedil;&atilde;o e as influ&ecirc;ncias do Iluminismo e da independ&ecirc;ncia dos Estados Unidos.<\/p><p>Os inconfidentes desejavam a independ&ecirc;ncia da regi&atilde;o mineira em rela&ccedil;&atilde;o &agrave; metr&oacute;pole. No entanto, tiveram seus planos frustrados pela descoberta da conspira&ccedil;&atilde;o, o que resultou na pris&atilde;o e execu&ccedil;&atilde;o de alguns deles, como Tiradentes.<\/p><h2 class=\"wp-block-heading\" id=\"h-legado-cultural-a-arte-barroca-e-a-literatura\"><span class=\"ez-toc-section\" id=\"Legado-Cultural-A-Arte-Barroca-e-a-Literatura\"><\/span>Legado Cultural: A Arte Barroca e a Literatura<span class=\"ez-toc-section-end\"><\/span><\/h2><p>A intensa vida religiosa e cultural nas regi&otilde;es de minera&ccedil;&atilde;o resultou na constru&ccedil;&atilde;o de igrejas e capelas e em festas religiosas que reuniam diferentes segmentos da popula&ccedil;&atilde;o, deixando um importante legado cultural, especialmente na arte barroca.<\/p><p>As constru&ccedil;&otilde;es religiosas e os edif&iacute;cios p&uacute;blicos impulsionaram a arte barroca, com destaque para o escultor Aleijadinho e o pintor Manuel da Costa Ata&iacute;de, que marcaram o per&iacute;odo com suas obras sofisticadas.<\/p><p><a href=\"https:\/\/vestibulares.estrategia.com\/portal\/materias\/literatura\/barroco-no-brasil\/\">+ Barroco no Brasil: principais artistas e obras<\/a><\/p><p>Na literatura, autores como Tom&aacute;s Ant&ocirc;nio Gonzaga e Cl&aacute;udio Manuel da Costa exploraram temas cl&aacute;ssicos e a realidade social e pol&iacute;tica da &eacute;poca.<\/p><p>Assim, o Ciclo do Ouro n&atilde;o apenas transformou a economia e a sociedade brasileiras, mas tamb&eacute;m contribuiu para a constru&ccedil;&atilde;o de uma identidade cultural e para o desenvolvimento art&iacute;stico no Brasil colonial.<\/p><h2 class=\"wp-block-heading\" id=\"h-questao-sobre-o-ciclo-do-ouro-no-vestibular\"><span class=\"ez-toc-section\" id=\"Questao-sobre-o-Ciclo-do-Ouro-no-Vestibular\"><\/span>Quest&atilde;o sobre o Ciclo do Ouro no Vestibular<span class=\"ez-toc-section-end\"><\/span><\/h2><h3 class=\"wp-block-heading\" id=\"h-unesp-2021\">Unesp (2021)<\/h3><p>A explora&ccedil;&atilde;o do ouro, na regi&atilde;o das Minas Gerais durante o s&eacute;culo XVIII, implicou um conjunto de transforma&ccedil;&otilde;es no perfil geral da Am&eacute;rica portuguesa, tais como:<\/p><p><strong>A)<\/strong> a redu&ccedil;&atilde;o no emprego da m&atilde;o de obra escrava e a facilita&ccedil;&atilde;o da entrada de imigrantes na col&ocirc;nia.<br><strong>B)<\/strong> a implementa&ccedil;&atilde;o do regime de intend&ecirc;ncias e a forma&ccedil;&atilde;o de nova estrutura administrativa na col&ocirc;nia.<br><strong>C)<\/strong> a concentra&ccedil;&atilde;o das atividades econ&ocirc;micas no interior da col&ocirc;nia e o abandono do com&eacute;rcio agroexportador.<br><strong>D)<\/strong> o aumento dos interc&acirc;mbios comerciais com a Am&eacute;rica hisp&acirc;nica e a constitui&ccedil;&atilde;o de um mercado aur&iacute;fero no continente.<br><strong>E)<\/strong> o contato direto da Inglaterra com as riquezas do territ&oacute;rio brasileiro e a dificuldade portuguesa de manter o monop&oacute;lio comercial.<\/p><details class=\"wp-block-details is-layout-flow wp-block-details-is-layout-flow\"><summary><strong>Alternativa correta:<\/strong><\/summary>\n<p><strong>B<\/strong><\/p>\n<\/details><h2 class=\"wp-block-heading\" id=\"h-se-prepare-para-o-vestibular-com-o-estrategia\"><span class=\"ez-toc-section\" id=\"Se-prepare-para-o-vestibular-com-o-Estrategia\"><\/span>Se prepare para o vestibular com o Estrat&eacute;gia!<span class=\"ez-toc-section-end\"><\/span><\/h2><p>Nos cursos preparat&oacute;rios da Coruja, os alunos s&atilde;o treinados para conectar diferentes &aacute;reas do conhecimento e aplicar essas informa&ccedil;&otilde;es em simulados e provas. As aulas s&atilde;o ministradas por professores especialistas, com materiais did&aacute;ticos em diversos formatos (PDF, v&iacute;deo e &aacute;udio), al&eacute;m de contar com simulados exclusivos. Clique no banner e comece seus estudos com o Estrat&eacute;gia Vestibulares!<\/p><p>\n\n\n\n<a id=\"cta\" class=\"cta-imagem\" href=\"https:\/\/vestibulares.estrategia.com\/cursos\/\" target=\"blank\">\n                <img decoding=\"async\" width=\"100%\" src=\"https:\/\/vestibulares.estrategia.com\/portal\/wp-content\/uploads\/2021\/12\/EV2.jpg\" alt=\"CTA - Estrat\u00e9gia Vestibulares 2\" title=\"CTA - Estrat\u00e9gia Vestibulares 2\">\n        <\/a>\n\n\n\n\n<\/p><\/p>\n","protected":false},"excerpt":{"rendered":"Confira mais sobre a expans\u00e3o territorial brasileira, especificamente na sua atividade mineradora, seus ciclos e caracter\u00edsticas\n","protected":false},"author":59,"featured_media":130983,"comment_status":"closed","ping_status":"closed","sticky":false,"template":"","format":"standard","meta":{"wl_entities_gutenberg":"","footnotes":""},"categories":[32],"tags":[],"wl_entity_type":[732],"class_list":{"0":"post-130982","1":"post","2":"type-post","3":"status-publish","4":"format-standard","5":"has-post-thumbnail","7":"category-historia","8":"wl_entity_type-article"},"acf":[],"yoast_head":"<!-- This site is optimized with the Yoast SEO Premium plugin v25.9 (Yoast SEO v25.9) - https:\/\/yoast.com\/wordpress\/plugins\/seo\/ -->\n<title>Expans\u00e3o Territorial Brasileira: a atividade mineradora e seus ciclos<\/title>\n<meta name=\"description\" content=\"Confira mais sobre a expans\u00e3o territorial brasileira, especificamente na sua atividade mineradora, seus ciclos e caracter\u00edsticas!\" \/>\n<meta name=\"robots\" content=\"index, follow, max-snippet:-1, max-image-preview:large, max-video-preview:-1\" \/>\n<link rel=\"canonical\" href=\"https:\/\/vestibulares.estrategia.com\/portal\/materias\/historia\/expansao-territorial-brasileira-a-atividade-mineradora-seus-ciclos-e-desenvolvimentos\/\" \/>\n<meta property=\"og:locale\" content=\"pt_BR\" \/>\n<meta property=\"og:type\" content=\"article\" \/>\n<meta property=\"og:title\" content=\"Expans\u00e3o Territorial Brasileira: a atividade mineradora, seus ciclos e desenvolvimentos\" \/>\n<meta property=\"og:description\" content=\"Confira mais sobre a expans\u00e3o territorial brasileira, especificamente na sua atividade mineradora, seus ciclos e caracter\u00edsticas!\" \/>\n<meta property=\"og:url\" content=\"https:\/\/vestibulares.estrategia.com\/portal\/materias\/historia\/expansao-territorial-brasileira-a-atividade-mineradora-seus-ciclos-e-desenvolvimentos\/\" \/>\n<meta property=\"og:site_name\" content=\"Estrat\u00e9gia Vestibulares\" \/>\n<meta property=\"article:publisher\" content=\"https:\/\/facebook.com\/estrategiavestibulares\" \/>\n<meta property=\"article:published_time\" content=\"2024-11-27T14:01:16+00:00\" \/>\n<meta property=\"article:modified_time\" content=\"2025-02-20T17:42:04+00:00\" \/>\n<meta property=\"og:image\" content=\"https:\/\/vestibulares.estrategia.com\/portal\/wp-content\/uploads\/2024\/11\/marble-quarry-7703099_1280-1.jpg\" \/>\n\t<meta property=\"og:image:width\" content=\"1280\" \/>\n\t<meta property=\"og:image:height\" content=\"853\" \/>\n\t<meta property=\"og:image:type\" content=\"image\/jpeg\" \/>\n<meta name=\"author\" content=\"Gabriel Magno\" \/>\n<meta name=\"twitter:card\" content=\"summary_large_image\" \/>\n<meta name=\"twitter:creator\" content=\"@Estrategiavest\" \/>\n<meta name=\"twitter:site\" content=\"@Estrategiavest\" \/>\n<meta name=\"twitter:label1\" content=\"Escrito por\" \/>\n\t<meta name=\"twitter:data1\" content=\"Gabriel Magno\" \/>\n\t<meta name=\"twitter:label2\" content=\"Est. tempo de leitura\" \/>\n\t<meta name=\"twitter:data2\" content=\"8 minutos\" \/>\n<script type=\"application\/ld+json\" class=\"yoast-schema-graph\">{\"@context\":\"https:\/\/schema.org\",\"@graph\":[{\"@type\":\"Article\",\"@id\":\"https:\/\/vestibulares.estrategia.com\/portal\/materias\/historia\/expansao-territorial-brasileira-a-atividade-mineradora-seus-ciclos-e-desenvolvimentos\/#article\",\"isPartOf\":{\"@id\":\"https:\/\/vestibulares.estrategia.com\/portal\/materias\/historia\/expansao-territorial-brasileira-a-atividade-mineradora-seus-ciclos-e-desenvolvimentos\/\"},\"author\":{\"name\":\"Gabriel Magno\",\"@id\":\"https:\/\/vestibulares.estrategia.com\/portal\/#\/schema\/person\/bfc3f33e8ed031c4a7a1cbe0cd8135f4\"},\"headline\":\"Expans\u00e3o Territorial Brasileira: a atividade mineradora, seus ciclos e desenvolvimentos\",\"datePublished\":\"2024-11-27T14:01:16+00:00\",\"dateModified\":\"2025-02-20T17:42:04+00:00\",\"mainEntityOfPage\":{\"@id\":\"https:\/\/vestibulares.estrategia.com\/portal\/materias\/historia\/expansao-territorial-brasileira-a-atividade-mineradora-seus-ciclos-e-desenvolvimentos\/\"},\"wordCount\":1601,\"publisher\":{\"@id\":\"https:\/\/vestibulares.estrategia.com\/portal\/#organization\"},\"image\":{\"@id\":\"https:\/\/vestibulares.estrategia.com\/portal\/materias\/historia\/expansao-territorial-brasileira-a-atividade-mineradora-seus-ciclos-e-desenvolvimentos\/#primaryimage\"},\"thumbnailUrl\":\"https:\/\/vestibulares.estrategia.com\/portal\/wp-content\/uploads\/2024\/11\/marble-quarry-7703099_1280-1.jpg\",\"articleSection\":[\"Hist\u00f3ria\"],\"inLanguage\":\"pt-BR\"},{\"@type\":\"WebPage\",\"@id\":\"https:\/\/vestibulares.estrategia.com\/portal\/materias\/historia\/expansao-territorial-brasileira-a-atividade-mineradora-seus-ciclos-e-desenvolvimentos\/\",\"url\":\"https:\/\/vestibulares.estrategia.com\/portal\/materias\/historia\/expansao-territorial-brasileira-a-atividade-mineradora-seus-ciclos-e-desenvolvimentos\/\",\"name\":\"Expans\u00e3o Territorial Brasileira: a atividade mineradora e seus ciclos\",\"isPartOf\":{\"@id\":\"https:\/\/vestibulares.estrategia.com\/portal\/#website\"},\"primaryImageOfPage\":{\"@id\":\"https:\/\/vestibulares.estrategia.com\/portal\/materias\/historia\/expansao-territorial-brasileira-a-atividade-mineradora-seus-ciclos-e-desenvolvimentos\/#primaryimage\"},\"image\":{\"@id\":\"https:\/\/vestibulares.estrategia.com\/portal\/materias\/historia\/expansao-territorial-brasileira-a-atividade-mineradora-seus-ciclos-e-desenvolvimentos\/#primaryimage\"},\"thumbnailUrl\":\"https:\/\/vestibulares.estrategia.com\/portal\/wp-content\/uploads\/2024\/11\/marble-quarry-7703099_1280-1.jpg\",\"datePublished\":\"2024-11-27T14:01:16+00:00\",\"dateModified\":\"2025-02-20T17:42:04+00:00\",\"description\":\"Confira mais sobre a expans\u00e3o territorial brasileira, especificamente na sua atividade mineradora, seus ciclos e caracter\u00edsticas!\",\"breadcrumb\":{\"@id\":\"https:\/\/vestibulares.estrategia.com\/portal\/materias\/historia\/expansao-territorial-brasileira-a-atividade-mineradora-seus-ciclos-e-desenvolvimentos\/#breadcrumb\"},\"inLanguage\":\"pt-BR\",\"potentialAction\":[{\"@type\":\"ReadAction\",\"target\":[\"https:\/\/vestibulares.estrategia.com\/portal\/materias\/historia\/expansao-territorial-brasileira-a-atividade-mineradora-seus-ciclos-e-desenvolvimentos\/\"]}]},{\"@type\":\"ImageObject\",\"inLanguage\":\"pt-BR\",\"@id\":\"https:\/\/vestibulares.estrategia.com\/portal\/materias\/historia\/expansao-territorial-brasileira-a-atividade-mineradora-seus-ciclos-e-desenvolvimentos\/#primaryimage\",\"url\":\"https:\/\/vestibulares.estrategia.com\/portal\/wp-content\/uploads\/2024\/11\/marble-quarry-7703099_1280-1.jpg\",\"contentUrl\":\"https:\/\/vestibulares.estrategia.com\/portal\/wp-content\/uploads\/2024\/11\/marble-quarry-7703099_1280-1.jpg\",\"width\":1280,\"height\":853,\"caption\":\"expans\u00e3o-territorial-brasileira-atividade-mineradora-vestibular\"},{\"@type\":\"BreadcrumbList\",\"@id\":\"https:\/\/vestibulares.estrategia.com\/portal\/materias\/historia\/expansao-territorial-brasileira-a-atividade-mineradora-seus-ciclos-e-desenvolvimentos\/#breadcrumb\",\"itemListElement\":[{\"@type\":\"ListItem\",\"position\":1,\"name\":\"Home\",\"item\":\"https:\/\/vestibulares.estrategia.com\/portal\/\"},{\"@type\":\"ListItem\",\"position\":2,\"name\":\"Mat\u00e9rias\",\"item\":\"https:\/\/vestibulares.estrategia.com\/portal\/materias\/\"},{\"@type\":\"ListItem\",\"position\":3,\"name\":\"Hist\u00f3ria\",\"item\":\"https:\/\/vestibulares.estrategia.com\/portal\/materias\/historia\/\"},{\"@type\":\"ListItem\",\"position\":4,\"name\":\"Expans\u00e3o Territorial Brasileira: a atividade mineradora, seus ciclos e desenvolvimentos\"}]},{\"@type\":\"WebSite\",\"@id\":\"https:\/\/vestibulares.estrategia.com\/portal\/#website\",\"url\":\"https:\/\/vestibulares.estrategia.com\/portal\/\",\"name\":\"Estrat\u00e9gia Vestibulares\",\"description\":\"\",\"publisher\":{\"@id\":\"https:\/\/vestibulares.estrategia.com\/portal\/#organization\"},\"potentialAction\":[{\"@type\":\"SearchAction\",\"target\":{\"@type\":\"EntryPoint\",\"urlTemplate\":\"https:\/\/vestibulares.estrategia.com\/portal\/?s={search_term_string}\"},\"query-input\":{\"@type\":\"PropertyValueSpecification\",\"valueRequired\":true,\"valueName\":\"search_term_string\"}}],\"inLanguage\":\"pt-BR\"},{\"@type\":\"Organization\",\"@id\":\"https:\/\/vestibulares.estrategia.com\/portal\/#organization\",\"name\":\"Estrat\u00e9gia Vestibulares\",\"url\":\"https:\/\/vestibulares.estrategia.com\/portal\/\",\"logo\":{\"@type\":\"ImageObject\",\"inLanguage\":\"pt-BR\",\"@id\":\"https:\/\/vestibulares.estrategia.com\/portal\/#\/schema\/logo\/image\/\",\"url\":\"https:\/\/vestibulares.estrategia.com\/portal\/wp-content\/uploads\/2021\/06\/Logo-Vestibulares@4x.png\",\"contentUrl\":\"https:\/\/vestibulares.estrategia.com\/portal\/wp-content\/uploads\/2021\/06\/Logo-Vestibulares@4x.png\",\"width\":250,\"height\":66,\"caption\":\"Estrat\u00e9gia Vestibulares\"},\"image\":{\"@id\":\"https:\/\/vestibulares.estrategia.com\/portal\/#\/schema\/logo\/image\/\"},\"sameAs\":[\"https:\/\/facebook.com\/estrategiavestibulares\",\"https:\/\/x.com\/Estrategiavest\",\"https:\/\/www.instagram.com\/estrategiavestibulares\",\"https:\/\/www.youtube.com\/channel\/UCGWdZy8ULI-7_5GrABa4vNA\"]},{\"@type\":\"Person\",\"@id\":\"https:\/\/vestibulares.estrategia.com\/portal\/#\/schema\/person\/bfc3f33e8ed031c4a7a1cbe0cd8135f4\",\"name\":\"Gabriel Magno\",\"image\":{\"@type\":\"ImageObject\",\"inLanguage\":\"pt-BR\",\"@id\":\"https:\/\/vestibulares.estrategia.com\/portal\/#\/schema\/person\/image\/\",\"url\":\"https:\/\/vestibulares.estrategia.com\/portal\/wp-content\/uploads\/2024\/12\/WhatsApp-Image-2023-04-21-at-11.26.23-150x150.jpeg\",\"contentUrl\":\"https:\/\/vestibulares.estrategia.com\/portal\/wp-content\/uploads\/2024\/12\/WhatsApp-Image-2023-04-21-at-11.26.23-150x150.jpeg\",\"caption\":\"Gabriel Magno\"},\"description\":\"Engenheiro Civil e Acad\u00eamico de Medicina pela Universidade de Pernambuco\",\"url\":\"https:\/\/vestibulares.estrategia.com\/portal\/author\/gabriel-magno\/\"}]}<\/script>\n<!-- \/ Yoast SEO Premium plugin. -->","yoast_head_json":{"title":"Expans\u00e3o Territorial Brasileira: a atividade mineradora e seus ciclos","description":"Confira mais sobre a expans\u00e3o territorial brasileira, especificamente na sua atividade mineradora, seus ciclos e caracter\u00edsticas!","robots":{"index":"index","follow":"follow","max-snippet":"max-snippet:-1","max-image-preview":"max-image-preview:large","max-video-preview":"max-video-preview:-1"},"canonical":"https:\/\/vestibulares.estrategia.com\/portal\/materias\/historia\/expansao-territorial-brasileira-a-atividade-mineradora-seus-ciclos-e-desenvolvimentos\/","og_locale":"pt_BR","og_type":"article","og_title":"Expans\u00e3o Territorial Brasileira: a atividade mineradora, seus ciclos e desenvolvimentos","og_description":"Confira mais sobre a expans\u00e3o territorial brasileira, especificamente na sua atividade mineradora, seus ciclos e caracter\u00edsticas!","og_url":"https:\/\/vestibulares.estrategia.com\/portal\/materias\/historia\/expansao-territorial-brasileira-a-atividade-mineradora-seus-ciclos-e-desenvolvimentos\/","og_site_name":"Estrat\u00e9gia Vestibulares","article_publisher":"https:\/\/facebook.com\/estrategiavestibulares","article_published_time":"2024-11-27T14:01:16+00:00","article_modified_time":"2025-02-20T17:42:04+00:00","og_image":[{"width":1280,"height":853,"url":"https:\/\/vestibulares.estrategia.com\/portal\/wp-content\/uploads\/2024\/11\/marble-quarry-7703099_1280-1.jpg","type":"image\/jpeg"}],"author":"Gabriel Magno","twitter_card":"summary_large_image","twitter_creator":"@Estrategiavest","twitter_site":"@Estrategiavest","twitter_misc":{"Escrito por":"Gabriel Magno","Est. tempo de leitura":"8 minutos"},"schema":{"@context":"https:\/\/schema.org","@graph":[{"@type":"Article","@id":"https:\/\/vestibulares.estrategia.com\/portal\/materias\/historia\/expansao-territorial-brasileira-a-atividade-mineradora-seus-ciclos-e-desenvolvimentos\/#article","isPartOf":{"@id":"https:\/\/vestibulares.estrategia.com\/portal\/materias\/historia\/expansao-territorial-brasileira-a-atividade-mineradora-seus-ciclos-e-desenvolvimentos\/"},"author":{"name":"Gabriel Magno","@id":"https:\/\/vestibulares.estrategia.com\/portal\/#\/schema\/person\/bfc3f33e8ed031c4a7a1cbe0cd8135f4"},"headline":"Expans\u00e3o Territorial Brasileira: a atividade mineradora, seus ciclos e desenvolvimentos","datePublished":"2024-11-27T14:01:16+00:00","dateModified":"2025-02-20T17:42:04+00:00","mainEntityOfPage":{"@id":"https:\/\/vestibulares.estrategia.com\/portal\/materias\/historia\/expansao-territorial-brasileira-a-atividade-mineradora-seus-ciclos-e-desenvolvimentos\/"},"wordCount":1601,"publisher":{"@id":"https:\/\/vestibulares.estrategia.com\/portal\/#organization"},"image":{"@id":"https:\/\/vestibulares.estrategia.com\/portal\/materias\/historia\/expansao-territorial-brasileira-a-atividade-mineradora-seus-ciclos-e-desenvolvimentos\/#primaryimage"},"thumbnailUrl":"https:\/\/vestibulares.estrategia.com\/portal\/wp-content\/uploads\/2024\/11\/marble-quarry-7703099_1280-1.jpg","articleSection":["Hist\u00f3ria"],"inLanguage":"pt-BR"},{"@type":"WebPage","@id":"https:\/\/vestibulares.estrategia.com\/portal\/materias\/historia\/expansao-territorial-brasileira-a-atividade-mineradora-seus-ciclos-e-desenvolvimentos\/","url":"https:\/\/vestibulares.estrategia.com\/portal\/materias\/historia\/expansao-territorial-brasileira-a-atividade-mineradora-seus-ciclos-e-desenvolvimentos\/","name":"Expans\u00e3o Territorial Brasileira: a atividade mineradora e seus ciclos","isPartOf":{"@id":"https:\/\/vestibulares.estrategia.com\/portal\/#website"},"primaryImageOfPage":{"@id":"https:\/\/vestibulares.estrategia.com\/portal\/materias\/historia\/expansao-territorial-brasileira-a-atividade-mineradora-seus-ciclos-e-desenvolvimentos\/#primaryimage"},"image":{"@id":"https:\/\/vestibulares.estrategia.com\/portal\/materias\/historia\/expansao-territorial-brasileira-a-atividade-mineradora-seus-ciclos-e-desenvolvimentos\/#primaryimage"},"thumbnailUrl":"https:\/\/vestibulares.estrategia.com\/portal\/wp-content\/uploads\/2024\/11\/marble-quarry-7703099_1280-1.jpg","datePublished":"2024-11-27T14:01:16+00:00","dateModified":"2025-02-20T17:42:04+00:00","description":"Confira mais sobre a expans\u00e3o territorial brasileira, especificamente na sua atividade mineradora, seus ciclos e caracter\u00edsticas!","breadcrumb":{"@id":"https:\/\/vestibulares.estrategia.com\/portal\/materias\/historia\/expansao-territorial-brasileira-a-atividade-mineradora-seus-ciclos-e-desenvolvimentos\/#breadcrumb"},"inLanguage":"pt-BR","potentialAction":[{"@type":"ReadAction","target":["https:\/\/vestibulares.estrategia.com\/portal\/materias\/historia\/expansao-territorial-brasileira-a-atividade-mineradora-seus-ciclos-e-desenvolvimentos\/"]}]},{"@type":"ImageObject","inLanguage":"pt-BR","@id":"https:\/\/vestibulares.estrategia.com\/portal\/materias\/historia\/expansao-territorial-brasileira-a-atividade-mineradora-seus-ciclos-e-desenvolvimentos\/#primaryimage","url":"https:\/\/vestibulares.estrategia.com\/portal\/wp-content\/uploads\/2024\/11\/marble-quarry-7703099_1280-1.jpg","contentUrl":"https:\/\/vestibulares.estrategia.com\/portal\/wp-content\/uploads\/2024\/11\/marble-quarry-7703099_1280-1.jpg","width":1280,"height":853,"caption":"expans\u00e3o-territorial-brasileira-atividade-mineradora-vestibular"},{"@type":"BreadcrumbList","@id":"https:\/\/vestibulares.estrategia.com\/portal\/materias\/historia\/expansao-territorial-brasileira-a-atividade-mineradora-seus-ciclos-e-desenvolvimentos\/#breadcrumb","itemListElement":[{"@type":"ListItem","position":1,"name":"Home","item":"https:\/\/vestibulares.estrategia.com\/portal\/"},{"@type":"ListItem","position":2,"name":"Mat\u00e9rias","item":"https:\/\/vestibulares.estrategia.com\/portal\/materias\/"},{"@type":"ListItem","position":3,"name":"Hist\u00f3ria","item":"https:\/\/vestibulares.estrategia.com\/portal\/materias\/historia\/"},{"@type":"ListItem","position":4,"name":"Expans\u00e3o Territorial Brasileira: a atividade mineradora, seus ciclos e desenvolvimentos"}]},{"@type":"WebSite","@id":"https:\/\/vestibulares.estrategia.com\/portal\/#website","url":"https:\/\/vestibulares.estrategia.com\/portal\/","name":"Estrat\u00e9gia Vestibulares","description":"","publisher":{"@id":"https:\/\/vestibulares.estrategia.com\/portal\/#organization"},"potentialAction":[{"@type":"SearchAction","target":{"@type":"EntryPoint","urlTemplate":"https:\/\/vestibulares.estrategia.com\/portal\/?s={search_term_string}"},"query-input":{"@type":"PropertyValueSpecification","valueRequired":true,"valueName":"search_term_string"}}],"inLanguage":"pt-BR"},{"@type":"Organization","@id":"https:\/\/vestibulares.estrategia.com\/portal\/#organization","name":"Estrat\u00e9gia Vestibulares","url":"https:\/\/vestibulares.estrategia.com\/portal\/","logo":{"@type":"ImageObject","inLanguage":"pt-BR","@id":"https:\/\/vestibulares.estrategia.com\/portal\/#\/schema\/logo\/image\/","url":"https:\/\/vestibulares.estrategia.com\/portal\/wp-content\/uploads\/2021\/06\/Logo-Vestibulares@4x.png","contentUrl":"https:\/\/vestibulares.estrategia.com\/portal\/wp-content\/uploads\/2021\/06\/Logo-Vestibulares@4x.png","width":250,"height":66,"caption":"Estrat\u00e9gia Vestibulares"},"image":{"@id":"https:\/\/vestibulares.estrategia.com\/portal\/#\/schema\/logo\/image\/"},"sameAs":["https:\/\/facebook.com\/estrategiavestibulares","https:\/\/x.com\/Estrategiavest","https:\/\/www.instagram.com\/estrategiavestibulares","https:\/\/www.youtube.com\/channel\/UCGWdZy8ULI-7_5GrABa4vNA"]},{"@type":"Person","@id":"https:\/\/vestibulares.estrategia.com\/portal\/#\/schema\/person\/bfc3f33e8ed031c4a7a1cbe0cd8135f4","name":"Gabriel Magno","image":{"@type":"ImageObject","inLanguage":"pt-BR","@id":"https:\/\/vestibulares.estrategia.com\/portal\/#\/schema\/person\/image\/","url":"https:\/\/vestibulares.estrategia.com\/portal\/wp-content\/uploads\/2024\/12\/WhatsApp-Image-2023-04-21-at-11.26.23-150x150.jpeg","contentUrl":"https:\/\/vestibulares.estrategia.com\/portal\/wp-content\/uploads\/2024\/12\/WhatsApp-Image-2023-04-21-at-11.26.23-150x150.jpeg","caption":"Gabriel Magno"},"description":"Engenheiro Civil e Acad\u00eamico de Medicina pela Universidade de Pernambuco","url":"https:\/\/vestibulares.estrategia.com\/portal\/author\/gabriel-magno\/"}]}},"_wl_alt_label":[],"wl:entity_url":"https:\/\/data.wordlift.io\/wl110249\/post\/expansao-territorial-brasileira-a-atividade-mineradora-seus-ciclos-e-desenvolvimentos","_links":{"self":[{"href":"https:\/\/vestibulares.estrategia.com\/portal\/wp-json\/wp\/v2\/posts\/130982","targetHints":{"allow":["GET"]}}],"collection":[{"href":"https:\/\/vestibulares.estrategia.com\/portal\/wp-json\/wp\/v2\/posts"}],"about":[{"href":"https:\/\/vestibulares.estrategia.com\/portal\/wp-json\/wp\/v2\/types\/post"}],"author":[{"embeddable":true,"href":"https:\/\/vestibulares.estrategia.com\/portal\/wp-json\/wp\/v2\/users\/59"}],"replies":[{"embeddable":true,"href":"https:\/\/vestibulares.estrategia.com\/portal\/wp-json\/wp\/v2\/comments?post=130982"}],"version-history":[{"count":4,"href":"https:\/\/vestibulares.estrategia.com\/portal\/wp-json\/wp\/v2\/posts\/130982\/revisions"}],"predecessor-version":[{"id":135466,"href":"https:\/\/vestibulares.estrategia.com\/portal\/wp-json\/wp\/v2\/posts\/130982\/revisions\/135466"}],"wp:featuredmedia":[{"embeddable":true,"href":"https:\/\/vestibulares.estrategia.com\/portal\/wp-json\/wp\/v2\/media\/130983"}],"wp:attachment":[{"href":"https:\/\/vestibulares.estrategia.com\/portal\/wp-json\/wp\/v2\/media?parent=130982"}],"wp:term":[{"taxonomy":"category","embeddable":true,"href":"https:\/\/vestibulares.estrategia.com\/portal\/wp-json\/wp\/v2\/categories?post=130982"},{"taxonomy":"post_tag","embeddable":true,"href":"https:\/\/vestibulares.estrategia.com\/portal\/wp-json\/wp\/v2\/tags?post=130982"},{"taxonomy":"wl_entity_type","embeddable":true,"href":"https:\/\/vestibulares.estrategia.com\/portal\/wp-json\/wp\/v2\/wl_entity_type?post=130982"}],"curies":[{"name":"wp","href":"https:\/\/api.w.org\/{rel}","templated":true}]}}