{"id":132021,"date":"2024-12-13T00:30:00","date_gmt":"2024-12-13T03:30:00","guid":{"rendered":"https:\/\/vestibulares.estrategia.com\/portal\/?p=132021"},"modified":"2024-12-15T18:19:48","modified_gmt":"2024-12-15T21:19:48","slug":"prova-fuvest-2025-veja-o-que-levar-horarios-e-instrucoes-para-a-2a-fase","status":"publish","type":"post","link":"https:\/\/vestibulares.estrategia.com\/portal\/noticias\/prova-fuvest-2025-veja-o-que-levar-horarios-e-instrucoes-para-a-2a-fase\/","title":{"rendered":"Prova Fuvest 2025: veja o que levar, hor\u00e1rios e instru\u00e7\u00f5es para a 2\u00aa fase"},"content":{"rendered":"<p>A Funda&ccedil;&atilde;o Universit&aacute;ria para o Vestibular (Fuvest), respons&aacute;vel pela elabora&ccedil;&atilde;o e aplica&ccedil;&atilde;o do processo seletivo de ingresso na Universidade de S&atilde;o Paulo (<a href=\"https:\/\/vestibulares.estrategia.com\/portal\/enem-e-vestibulares\/vestibulares\/vestibular-fuvest\/\" target=\"_blank\">USP<\/a>), aplicar&aacute; nos pr&oacute;ximos dias 15 e 16 de dezembro a 2&ordf; fase da edi&ccedil;&atilde;o 2025 do vestibular. Nesta etapa, milhares de candidatos realizar&atilde;o provas discursivas para disputar as 8.147 vagas dispon&iacute;veis em cursos de gradua&ccedil;&atilde;o.<p>Se voc&ecirc; &eacute; um dos classificados para esta fase do vestibular, veio ao lugar certo! Confira as &uacute;ltimas informa&ccedil;&otilde;es importantes da prova da 2&ordf; fase da Fuvest 2025: o que levar, hor&aacute;rios, instru&ccedil;&otilde;es e mais:<\/p><p>\n\n\n\n<div class=\"cta-medio\" style=\"background-image: url(https:\/\/vestibulares.estrategia.com\/portal\/wp-content\/uploads\/2024\/08\/curso-usp-fuvest-medicina-estrategia-vestibulares-ctamedio.jpg);\"><h3>Pacote Fuvest<\/h3> <p>Conhe\u00e7a nosso curso<\/p><div class=\"cta-botao\"><a id=\"cta-medio\" href=\"https:\/\/vestibulares.estrategia.com\/curso\/pacote-fuvest\/\" target=\"_blank\" style=\"background:rgb(255,150,0)\">Saiba mais<\/a><\/div><\/div>\n\n\n\n<\/p><div id=\"ez-toc-container\" class=\"ez-toc-v2_0_76 counter-hierarchy ez-toc-counter ez-toc-transparent ez-toc-container-direction\">\n<div class=\"ez-toc-title-container\"><p class=\"ez-toc-title\" style=\"cursor:inherit\">Navegue pelo conte\u00fado<\/p>\n<\/div><nav><ul class='ez-toc-list ez-toc-list-level-1 ' ><li class='ez-toc-page-1 ez-toc-heading-level-2'><a class=\"ez-toc-link ez-toc-heading-1\" href=\"https:\/\/vestibulares.estrategia.com\/portal\/noticias\/prova-fuvest-2025-veja-o-que-levar-horarios-e-instrucoes-para-a-2a-fase\/#Qual-e-o-horario-da-2a-fase-do-Vestibular-Fuvest-2025\" >Qual &eacute; o hor&aacute;rio da 2&ordf; fase do Vestibular Fuvest 2025?<\/a><\/li><li class='ez-toc-page-1 ez-toc-heading-level-2'><a class=\"ez-toc-link ez-toc-heading-2\" href=\"https:\/\/vestibulares.estrategia.com\/portal\/noticias\/prova-fuvest-2025-veja-o-que-levar-horarios-e-instrucoes-para-a-2a-fase\/#Qual-e-o-formato-da-2a-fase-da-Fuvest-2025\" >Qual &eacute; o formato da 2&ordf; fase da Fuvest 2025?<\/a><\/li><li class='ez-toc-page-1 ez-toc-heading-level-2'><a class=\"ez-toc-link ez-toc-heading-3\" href=\"https:\/\/vestibulares.estrategia.com\/portal\/noticias\/prova-fuvest-2025-veja-o-que-levar-horarios-e-instrucoes-para-a-2a-fase\/#O-que-levar-na-prova-da-2a-fase-da-Fuvest-2025\" >O que levar na prova da 2&ordf; fase da Fuvest 2025?<\/a><\/li><li class='ez-toc-page-1 ez-toc-heading-level-2'><a class=\"ez-toc-link ez-toc-heading-4\" href=\"https:\/\/vestibulares.estrategia.com\/portal\/noticias\/prova-fuvest-2025-veja-o-que-levar-horarios-e-instrucoes-para-a-2a-fase\/#Quando-sai-o-gabarito-e-o-resultado-da-2a-fase-do-Vestibular-Fuvest-2025\" >Quando sai o gabarito e o resultado da 2&ordf; fase do Vestibular Fuvest 2025?<\/a><\/li><li class='ez-toc-page-1 ez-toc-heading-level-2'><a class=\"ez-toc-link ez-toc-heading-5\" href=\"https:\/\/vestibulares.estrategia.com\/portal\/noticias\/prova-fuvest-2025-veja-o-que-levar-horarios-e-instrucoes-para-a-2a-fase\/#Correcao-ao-vivo-1o-dia\" >Corre&ccedil;&atilde;o ao vivo 1&ordm; dia<\/a><\/li><li class='ez-toc-page-1 ez-toc-heading-level-2'><a class=\"ez-toc-link ez-toc-heading-6\" href=\"https:\/\/vestibulares.estrategia.com\/portal\/noticias\/prova-fuvest-2025-veja-o-que-levar-horarios-e-instrucoes-para-a-2a-fase\/#Correcao-ao-vivo-2o-dia\" >Corre&ccedil;&atilde;o ao vivo 2&ordm; dia<\/a><\/li><li class='ez-toc-page-1 ez-toc-heading-level-2'><a class=\"ez-toc-link ez-toc-heading-7\" href=\"https:\/\/vestibulares.estrategia.com\/portal\/noticias\/prova-fuvest-2025-veja-o-que-levar-horarios-e-instrucoes-para-a-2a-fase\/#Cidades-que-aplicam-a-prova-da-2a-fase-da-Fuvest-2025\" >Cidades que aplicam a prova da 2&ordf; fase da Fuvest 2025<\/a><\/li><li class='ez-toc-page-1 ez-toc-heading-level-2'><a class=\"ez-toc-link ez-toc-heading-8\" href=\"https:\/\/vestibulares.estrategia.com\/portal\/noticias\/prova-fuvest-2025-veja-o-que-levar-horarios-e-instrucoes-para-a-2a-fase\/#Principais-cursos-da-USP\" >Principais cursos da USP<\/a><\/li><li class='ez-toc-page-1 ez-toc-heading-level-2'><a class=\"ez-toc-link ez-toc-heading-9\" href=\"https:\/\/vestibulares.estrategia.com\/portal\/noticias\/prova-fuvest-2025-veja-o-que-levar-horarios-e-instrucoes-para-a-2a-fase\/#Calendario-Fuvest-2025\" >Calend&aacute;rio Fuvest 2025<\/a><\/li><li class='ez-toc-page-1 ez-toc-heading-level-2'><a class=\"ez-toc-link ez-toc-heading-10\" href=\"https:\/\/vestibulares.estrategia.com\/portal\/noticias\/prova-fuvest-2025-veja-o-que-levar-horarios-e-instrucoes-para-a-2a-fase\/#Como-estudar-para-o-Vestibular-Fuvest\" >Como estudar para o Vestibular Fuvest?<\/a><\/li><\/ul><\/nav><\/div>\n<h2 class=\"wp-block-heading\" id=\"h-qual-e-o-horario-da-2&ordf;-fase-do-vestibular-fuvest-2025\"><span class=\"ez-toc-section\" id=\"Qual-e-o-horario-da-2a-fase-do-Vestibular-Fuvest-2025\"><\/span>Qual &eacute; o hor&aacute;rio da 2&ordf; fase do Vestibular Fuvest 2025?<span class=\"ez-toc-section-end\"><\/span><\/h2><p>A prova da 1&ordf; fase do Vestibular Fuvest 2024 ter&aacute; in&iacute;cio &agrave;s 13h e t&eacute;rmino &agrave;s 17h, contabilizando quatro horas de aplica&ccedil;&atilde;o. De acordo com o edital, os port&otilde;es dos locais de prova ser&atilde;o abertos &agrave;s 12h, fechados &agrave;s 13h, e reabertos &agrave;s 15h, hor&aacute;rio em que os participantes j&aacute; poder&atilde;o sair.<\/p><h2 class=\"wp-block-heading\" id=\"h-qual-e-o-formato-da-2&ordf;-fase-da-fuvest-2025\"><span class=\"ez-toc-section\" id=\"Qual-e-o-formato-da-2a-fase-da-Fuvest-2025\"><\/span>Qual &eacute; o formato da 2&ordf; fase da Fuvest 2025?<span class=\"ez-toc-section-end\"><\/span><\/h2><p>Dividida em dois dias, a 2&ordf; fase do Vestibular Fuvest 2025 &eacute; composta, no total, por uma reda&ccedil;&atilde;o e mais 22 quest&otilde;es discursivas, divididas da seguinte forma:<\/p><ul class=\"wp-block-list\">\n<li><strong>1&ordm; dia de provas:<\/strong>&nbsp;10 quest&otilde;es discursivas de L&iacute;ngua Portuguesa sobre interpreta&ccedil;&atilde;o de textos, gram&aacute;tica e literatura, considerando a lista obrigat&oacute;ria de livros, e uma reda&ccedil;&atilde;o dissertativa-argumentativa;<\/li>\n\n\n\n<li><strong>2&ordm; dia de provas:&nbsp;<\/strong>12 quest&otilde;es discursivas, divididas entre duas a quatro disciplinas diferentes, espec&iacute;ficas ao curso inscrito.<\/li>\n<\/ul><p>Para o curso de Medicina, por exemplo, as disciplinas espec&iacute;ficas que compor&atilde;o as quest&otilde;es do segundo dia s&atilde;o Biologia, F&iacute;sica e Qu&iacute;mica (quatro quest&otilde;es de cada). &Eacute; poss&iacute;vel conferir as disciplinas espec&iacute;ficas de cada um dos cursos no&nbsp;<a href=\"https:\/\/bin.fuvest.br\/carreiras\/\" target=\"_blank\">Guia de Carreiras e Cursos<\/a>.<\/p><p>Al&eacute;m disso, alguns cursos tamb&eacute;m t&ecirc;m uma prova adicional na 2&ordf; fase do vestibular. &Eacute; a chamada Prova de Compet&ecirc;ncias Espec&iacute;ficas, que tem formato variado de acordo com o curso, e avalia conhecimentos pr&eacute;vios necess&aacute;rios para ingresso neste tipo de gradua&ccedil;&atilde;o. Os cursos com Prova de Compet&ecirc;ncias Espec&iacute;ficas s&atilde;o Artes C&ecirc;nicas, Artes Visuais e M&uacute;sica.<\/p><h2 class=\"wp-block-heading\" id=\"h-o-que-levar-na-prova-da-2&ordf;-fase-da-fuvest-2025\"><span class=\"ez-toc-section\" id=\"O-que-levar-na-prova-da-2a-fase-da-Fuvest-2025\"><\/span>O que levar na prova da 2&ordf; fase da Fuvest 2025?<span class=\"ez-toc-section-end\"><\/span><\/h2><p>De acordo com a Fuvest, &eacute; necess&aacute;rio que os candidatos compare&ccedil;am aos locais de prova portando documento original com foto, nas vers&otilde;es f&iacute;sica ou digital, e caneta esferogr&aacute;fica de tinta azul ou preta, fabricada em material transparente.<\/p><p>Tamb&eacute;m ser&aacute; permitida a entrada com garrafas de &aacute;gua, alimentos leves, l&aacute;pis, lapiseira, borracha, apontador e r&eacute;gua transparente.<\/p><p>Por outro lado, a Fuvest tamb&eacute;m informou uma lista de objetos que ter&atilde;o seu uso proibido nos locais de prova. S&atilde;o eles:<\/p><ul class=\"wp-block-list\">\n<li>Rel&oacute;gio individual de qualquer tipo;<\/li>\n\n\n\n<li>Equipamento eletr&ocirc;nico, como calculadora, telefone celular, computador, tablet, reprodutor de &aacute;udio, m&aacute;quina fotogr&aacute;fica, filmadora, equipamento eletr&ocirc;nico do tipo vest&iacute;vel (como smartwatch, &oacute;culos eletr&ocirc;nicos, ponto eletr&ocirc;nico) etc.;<\/li>\n\n\n\n<li>Material impresso ou para anota&ccedil;&otilde;es;<\/li>\n\n\n\n<li>Corretivo de qualquer material ou esp&eacute;cie;<\/li>\n\n\n\n<li>Caneta hidrogr&aacute;fica ou outras, diferentes de caneta esferogr&aacute;fica;<\/li>\n\n\n\n<li>Caneta marca-texto, compasso ou l&aacute;pis com tabuada;&nbsp;<\/li>\n\n\n\n<li>Gorro, bon&eacute;, chap&eacute;u ou similares, &oacute;culos de sol;&nbsp;<\/li>\n\n\n\n<li>Protetor auricular, fone de ouvido ou similares;&nbsp;<\/li>\n\n\n\n<li>Quaisquer outros materiais estranhos &agrave; realiza&ccedil;&atilde;o da prova.<\/li>\n<\/ul><h2 class=\"wp-block-heading\" id=\"h-quando-sai-o-gabarito-e-o-resultado-da-2&ordf;-fase-do-vestibular-fuvest-2025\"><span class=\"ez-toc-section\" id=\"Quando-sai-o-gabarito-e-o-resultado-da-2a-fase-do-Vestibular-Fuvest-2025\"><\/span>Quando sai o gabarito e o resultado da 2&ordf; fase do Vestibular Fuvest 2025?<span class=\"ez-toc-section-end\"><\/span><\/h2><p>A Fuvest n&atilde;o informou a data de divulga&ccedil;&atilde;o do gabarito da 2&ordf; fase do vestibular. Entretanto, nos anos anteriores, a banca disponibilizou o documento em seu site logo ap&oacute;s o fim da aplica&ccedil;&atilde;o das provas. O resultado final ser&aacute; publicado no dia 24 de janeiro de 2025.<\/p><p>A equipe de professores do Estrat&eacute;gia Vestibulares estar&aacute; reunida ap&oacute;s cada um dos dias de provas, realizando a corre&ccedil;&atilde;o ao vivo da 2&ordf; fase da Fuvest. Voc&ecirc; pode acompanhar, gratuitamente, pelo canal do Youtube e pelo Portal.<\/p><h2 class=\"wp-block-heading\" id=\"h-correcao-ao-vivo-1&ordm;-dia\"><span class=\"ez-toc-section\" id=\"Correcao-ao-vivo-1o-dia\"><\/span>Corre&ccedil;&atilde;o ao vivo 1&ordm; dia<span class=\"ez-toc-section-end\"><\/span><\/h2><figure class=\"wp-block-embed is-type-video is-provider-youtube wp-block-embed-youtube wp-embed-aspect-16-9 wp-has-aspect-ratio\"><div class=\"wp-block-embed__wrapper\">\n<div class=\"cs-embed cs-embed-responsive\"><iframe title=\"Gabarito FUVEST 2025 2&ordf; FASE &ndash; 1&ordm; Dia Corre&ccedil;&atilde;o de prova AO VIVO\" width=\"1200\" height=\"675\" src=\"https:\/\/www.youtube.com\/embed\/OtzUsPAabBs?feature=oembed\" frameborder=\"0\" allow=\"accelerometer; autoplay; clipboard-write; encrypted-media; gyroscope; picture-in-picture; web-share\" referrerpolicy=\"strict-origin-when-cross-origin\" allowfullscreen><\/iframe><\/div>\n<\/div><\/figure><h2 class=\"wp-block-heading\" id=\"h-correcao-ao-vivo-2&ordm;-dia\"><span class=\"ez-toc-section\" id=\"Correcao-ao-vivo-2o-dia\"><\/span>Corre&ccedil;&atilde;o ao vivo 2&ordm; dia<span class=\"ez-toc-section-end\"><\/span><\/h2><figure class=\"wp-block-embed is-type-video is-provider-youtube wp-block-embed-youtube wp-embed-aspect-16-9 wp-has-aspect-ratio\"><div class=\"wp-block-embed__wrapper\">\n<div class=\"cs-embed cs-embed-responsive\"><iframe title=\"Gabarito FUVEST 2025 2&ordf; FASE &ndash; 2&ordm; Dia Corre&ccedil;&atilde;o de prova AO VIVO\" width=\"1200\" height=\"675\" src=\"https:\/\/www.youtube.com\/embed\/VQk3M5h0ptY?feature=oembed\" frameborder=\"0\" allow=\"accelerometer; autoplay; clipboard-write; encrypted-media; gyroscope; picture-in-picture; web-share\" referrerpolicy=\"strict-origin-when-cross-origin\" allowfullscreen><\/iframe><\/div>\n<\/div><\/figure><p class=\"wp-block-verse\"><strong>Acesse tamb&eacute;m:<br><\/strong>+ <a href=\"https:\/\/vestibulares.estrategia.com\/portal\/noticias\/gabarito-fuvest-2025-vestibular-usp\/\" target=\"_blank\">Gabarito Fuvest 2025: corre&ccedil;&atilde;o da 2&ordf; fase do Vestibular da USP<\/a><\/p><h2 class=\"wp-block-heading\" id=\"h-cidades-que-aplicam-a-prova-da-2&ordf;-fase-da-fuvest-2025\"><span class=\"ez-toc-section\" id=\"Cidades-que-aplicam-a-prova-da-2a-fase-da-Fuvest-2025\"><\/span>Cidades que aplicam a prova da 2&ordf; fase da Fuvest 2025<span class=\"ez-toc-section-end\"><\/span><\/h2><p>A Fuvest aplicar&aacute; as provas da 2&ordf; do vestibular 2025 em 32 cidades diferentes do estado de S&atilde;o Paulo, nas regi&otilde;es do litoral, interior e na regi&atilde;o metropolitana da capital. Confira:<\/p><p><strong>Regi&atilde;o Metropolitana<\/strong><\/p><ul class=\"wp-block-list\">\n<li>S&atilde;o Paulo;<\/li>\n\n\n\n<li>Barueri;<\/li>\n\n\n\n<li>Guarulhos;<\/li>\n\n\n\n<li>Mogi das Cruzes;<\/li>\n\n\n\n<li>Osasco;<\/li>\n\n\n\n<li>Santo Andr&eacute;;<\/li>\n\n\n\n<li>S&atilde;o Bernardo do Campo;<\/li>\n\n\n\n<li>S&atilde;o Caetano do Sul; e<\/li>\n\n\n\n<li>Tabo&atilde;o da Serra.<\/li>\n<\/ul><p><strong>Interior<\/strong><\/p><ul class=\"wp-block-list\">\n<li>Ara&ccedil;atuba;<\/li>\n\n\n\n<li>Barretos;<\/li>\n\n\n\n<li>Bauru;<\/li>\n\n\n\n<li>Botucatu;<\/li>\n\n\n\n<li>Campinas;<\/li>\n\n\n\n<li>Fernand&oacute;polis;<\/li>\n\n\n\n<li>Franca;<\/li>\n\n\n\n<li>Ja&uacute;;<\/li>\n\n\n\n<li>Jundia&iacute;;<\/li>\n\n\n\n<li>Limeira;<\/li>\n\n\n\n<li>Lorena;<\/li>\n\n\n\n<li>Mar&iacute;lia;<\/li>\n\n\n\n<li>Piracicaba;<\/li>\n\n\n\n<li>Pirassununga;<\/li>\n\n\n\n<li>Presidente Prudente;<\/li>\n\n\n\n<li>Registro;<\/li>\n\n\n\n<li>Ribeir&atilde;o Preto;<\/li>\n\n\n\n<li>Sorocaba;<\/li>\n\n\n\n<li>S&atilde;o Carlos;<\/li>\n\n\n\n<li>S&atilde;o Jos&eacute; do Rio Preto;<\/li>\n\n\n\n<li>S&atilde;o Jos&eacute; dos Campos; e<\/li>\n\n\n\n<li>Taubat&eacute;.<\/li>\n<\/ul><p><strong>Litoral<\/strong><\/p><ul class=\"wp-block-list\">\n<li>Santos.<\/li>\n<\/ul><h2 class=\"wp-block-heading\" id=\"h-principais-cursos-da-usp\"><span class=\"ez-toc-section\" id=\"Principais-cursos-da-USP\"><\/span>Principais cursos da USP<span class=\"ez-toc-section-end\"><\/span><\/h2><p>A USP oferta mais de 170 op&ccedil;&otilde;es de cursos de gradua&ccedil;&atilde;o, e dentre eles alguns dos mais famosos s&atilde;o Medicina, no Campus Pinheiros, e Direito, ofertado no Largo S&atilde;o Francisco.&nbsp;<\/p><p>Em mar&ccedil;o deste ano, outros 16 cursos da universidade foram eleitos entre os 50 melhores do mundo, pelo&nbsp;<em><a href=\"https:\/\/jornal.usp.br\/institucional\/usp-e-a-92a-melhor-universidade-do-mundo-no-qs-world-university-ranking\/\" target=\"_blank\" rel=\"noopener noreferrer\">QS World University Ranking by Subject<\/a><\/em>: Odontologia (13&ordf; posi&ccedil;&atilde;o); Antropologia (23&ordf;); Engenharia de Petr&oacute;leo (24&ordf;); Agricultura e Silvicultura (32&ordf;); Engenharia de Minas (34&ordf;); Enfermagem (34&ordf;); Engenharia Civil e de Estruturas (38&ordf;); Arquitetura (39&ordf;); Pol&iacute;tica Social e Administra&ccedil;&atilde;o (42&ordf;); Sociologia (43&ordf;); Arqueologia (44&ordf;); Esportes (44&ordf;); Farm&aacute;cia e Farmacologia (44&ordf;); Ci&ecirc;ncias Ambientais (44&ordf;); Direito (45&ordf;); e L&iacute;nguas Modernas (46&ordf;).<\/p><h2 class=\"wp-block-heading\" id=\"h-calendario-fuvest-2025\"><span class=\"ez-toc-section\" id=\"Calendario-Fuvest-2025\"><\/span>Calend&aacute;rio Fuvest 2025<span class=\"ez-toc-section-end\"><\/span><\/h2><ul class=\"wp-block-list\">\n<li><strong>Divulga&ccedil;&atilde;o do edital<\/strong>:&nbsp;13\/08\/2024 &ndash;&nbsp;<a rel=\"nofollow noopener noreferrer\" href=\"https:\/\/cdn.blog.estrategiavestibulares.com.br\/vestibulares\/wp-content\/uploads\/2024\/08\/fuvest-2025-edital.pdf\" target=\"_blank\">Veja o edital<\/a>;<\/li>\n\n\n\n<li><strong>Solicita&ccedil;&atilde;o de redu&ccedil;&atilde;o ou isen&ccedil;&atilde;o da taxa de inscri&ccedil;&atilde;o:&nbsp;<\/strong><em>14\/05 a 12\/07\/2024<\/em>;<\/li>\n\n\n\n<li><strong>Inscri&ccedil;&otilde;es Fuvest 2025:&nbsp;<\/strong><em>19\/08 a 08\/10\/2024<\/em>;<\/li>\n\n\n\n<li><strong>Pagamento da taxa de inscri&ccedil;&atilde;o:&nbsp;<\/strong><em>at&eacute; 08\/10\/2024<\/em>;<\/li>\n\n\n\n<li><strong>Divulga&ccedil;&atilde;o dos locais de prova da 1&ordf; fase:&nbsp;<\/strong><em>01\/11\/2024<\/em>;<\/li>\n\n\n\n<li><strong>1&ordf; Fase Fuvest 2025:&nbsp;<\/strong><em>17\/11\/2024<\/em>;<\/li>\n\n\n\n<li><strong>Divulga&ccedil;&atilde;o dos locais de prova da 2&ordf; fase e do resultado da 1&ordf; fase:&nbsp;<\/strong><em>02\/12\/2024;<\/em><\/li>\n\n\n\n<li><strong>2&ordf; Fase Fuvest 2025:&nbsp;<\/strong><em>15 e 16\/12\/2024<\/em>;<\/li>\n\n\n\n<li><strong>Provas de habilidades espec&iacute;ficas:&nbsp;<\/strong><em>entre 09\/12\/2024 e 09\/01\/2025, a depender da carreira;<\/em><\/li>\n\n\n\n<li><strong>Divulga&ccedil;&atilde;o do resultado da Fuvest 2025<\/strong>:&nbsp;<em>24\/01\/2025<\/em>; e<\/li>\n\n\n\n<li><strong>Matr&iacute;cula n&atilde;o-presencial da 1&ordf; chamada:&nbsp;<\/strong><em>Ainda n&atilde;o foi divulgado<\/em>.<\/li>\n<\/ul><h2 class=\"wp-block-heading\" id=\"h-como-estudar-para-o-vestibular-fuvest\"><span class=\"ez-toc-section\" id=\"Como-estudar-para-o-Vestibular-Fuvest\"><\/span>Como estudar para o Vestibular Fuvest?<span class=\"ez-toc-section-end\"><\/span><\/h2><p>Se voc&ecirc; quer focar nos estudos e garantir uma vaga na USP, o Estrat&eacute;gia Vestibulares pode te ajudar!<\/p><p>Al&eacute;m de oferecer diariamente aulas gratuitas no&nbsp;<a href=\"https:\/\/www.youtube.com\/channel\/UCGWdZy8ULI-7_5GrABa4vNA\" target=\"_blank\">YouTube<\/a>&nbsp;sobre todas as mat&eacute;rias que caem no vestibular da Fuvest, para aqueles que querem investir nos estudos, a plataforma tamb&eacute;m oferece um curso preparat&oacute;rio exclusivo sobre a sele&ccedil;&atilde;o da Fuvest, com professores especialistas na prova e com diversos benef&iacute;cios. D&aacute; s&oacute; uma olhada:&nbsp;<\/p><ul class=\"wp-block-list\">\n<li>Curso com livros digitais;<\/li>\n\n\n\n<li>Corre&ccedil;&atilde;o ilimitada de<a href=\"https:\/\/vestibulares.estrategia.com\/portal\/enem-e-vestibulares\/vestibulares\/curso-de-redacao-para-o-vestibular-saiba-mais-detalhes-e-como-escolher-o-seu\/\" target=\"_blank\">&nbsp;reda&ccedil;&otilde;es<\/a>;<\/li>\n\n\n\n<li>F&oacute;rum de d&uacute;vidas;<\/li>\n\n\n\n<li><a href=\"https:\/\/vestibulares.estrategia.com\/portal\/eventos\/simulados-vestibulares\/\" target=\"_blank\">Simulados<\/a>&nbsp;com quest&otilde;es in&eacute;ditas;<\/li>\n\n\n\n<li>Quest&otilde;es comentadas;<\/li>\n\n\n\n<li>Mapas mentais; e<\/li>\n\n\n\n<li>Entre muitas outras vantagens.<\/li>\n<\/ul><p>Ficou interessado? Ent&atilde;o, clique no banner e veja tudo sobre os cursos oferecidos pelo Estrat&eacute;gia Vestibulares!<\/p><p>\n\n\n\n\n\n<a id=\"cta\" class=\"cta-imagem\" href=\"https:\/\/vestibulares.estrategia.com\/curso\/pacote-para-fuvest\/\" target=\"blank\">\n                <img decoding=\"async\" width=\"100%\" src=\"https:\/\/vestibulares.estrategia.com\/portal\/wp-content\/uploads\/2021\/12\/Fuvest.jpg\" alt=\"CTA Curso Fuvest\" title=\"CTA Curso Fuvest\">\n        <\/a>\n<\/p><\/p>\n","protected":false},"excerpt":{"rendered":"Confira hor\u00e1rios, o que pode o n\u00e3o levar e mais detalhes da prova da Fuvest 2\u00aa fase 2025, o vestibular da USP\n","protected":false},"author":43,"featured_media":115375,"comment_status":"closed","ping_status":"closed","sticky":false,"template":"","format":"standard","meta":{"wl_entities_gutenberg":"","footnotes":""},"categories":[47],"tags":[],"wl_entity_type":[732],"class_list":{"0":"post-132021","1":"post","2":"type-post","3":"status-publish","4":"format-standard","5":"has-post-thumbnail","7":"category-noticias","8":"wl_entity_type-article"},"acf":[],"yoast_head":"<!-- This site is optimized with the Yoast SEO Premium plugin v25.9 (Yoast SEO v25.9) - https:\/\/yoast.com\/wordpress\/plugins\/seo\/ -->\n<title>Prova Fuvest 2025: veja o que levar, hor\u00e1rios e instru\u00e7\u00f5es para a 2\u00aa fase<\/title>\n<meta name=\"description\" content=\"Confira hor\u00e1rios, o que pode o n\u00e3o levar e mais detalhes da prova da Fuvest 2\u00aa fase 2025, o vestibular da USP.\" \/>\n<meta name=\"robots\" content=\"index, follow, max-snippet:-1, max-image-preview:large, max-video-preview:-1\" \/>\n<link rel=\"canonical\" href=\"https:\/\/vestibulares.estrategia.com\/portal\/noticias\/prova-fuvest-2025-veja-o-que-levar-horarios-e-instrucoes-para-a-2a-fase\/\" \/>\n<meta property=\"og:locale\" content=\"pt_BR\" \/>\n<meta property=\"og:type\" content=\"article\" \/>\n<meta property=\"og:title\" content=\"Prova Fuvest 2025: veja o que levar, hor\u00e1rios e instru\u00e7\u00f5es para a 2\u00aa fase\" \/>\n<meta property=\"og:description\" content=\"Confira hor\u00e1rios, o que pode o n\u00e3o levar e mais detalhes da prova da Fuvest 2\u00aa fase 2025, o vestibular da USP.\" \/>\n<meta property=\"og:url\" content=\"https:\/\/vestibulares.estrategia.com\/portal\/noticias\/prova-fuvest-2025-veja-o-que-levar-horarios-e-instrucoes-para-a-2a-fase\/\" \/>\n<meta property=\"og:site_name\" content=\"Estrat\u00e9gia Vestibulares\" \/>\n<meta property=\"article:publisher\" content=\"https:\/\/facebook.com\/estrategiavestibulares\" \/>\n<meta property=\"article:published_time\" content=\"2024-12-13T03:30:00+00:00\" \/>\n<meta property=\"article:modified_time\" content=\"2024-12-15T21:19:48+00:00\" \/>\n<meta property=\"og:image\" content=\"https:\/\/vestibulares.estrategia.com\/portal\/wp-content\/uploads\/2024\/04\/Temas-de-redacao-do-Vestibular-Fuvest.jpg\" \/>\n\t<meta property=\"og:image:width\" content=\"1200\" \/>\n\t<meta property=\"og:image:height\" content=\"675\" \/>\n\t<meta property=\"og:image:type\" content=\"image\/jpeg\" \/>\n<meta name=\"author\" content=\"Leonardo Del Sant\" \/>\n<meta name=\"twitter:card\" content=\"summary_large_image\" \/>\n<meta name=\"twitter:creator\" content=\"@Estrategiavest\" \/>\n<meta name=\"twitter:site\" content=\"@Estrategiavest\" \/>\n<meta name=\"twitter:label1\" content=\"Escrito por\" \/>\n\t<meta name=\"twitter:data1\" content=\"Leonardo Del Sant\" \/>\n\t<meta name=\"twitter:label2\" content=\"Est. tempo de leitura\" \/>\n\t<meta name=\"twitter:data2\" content=\"6 minutos\" \/>\n<script type=\"application\/ld+json\" class=\"yoast-schema-graph\">{\"@context\":\"https:\/\/schema.org\",\"@graph\":[{\"@type\":\"NewsArticle\",\"@id\":\"https:\/\/vestibulares.estrategia.com\/portal\/noticias\/prova-fuvest-2025-veja-o-que-levar-horarios-e-instrucoes-para-a-2a-fase\/#article\",\"isPartOf\":{\"@id\":\"https:\/\/vestibulares.estrategia.com\/portal\/noticias\/prova-fuvest-2025-veja-o-que-levar-horarios-e-instrucoes-para-a-2a-fase\/\"},\"author\":{\"name\":\"Leonardo Del Sant\",\"@id\":\"https:\/\/vestibulares.estrategia.com\/portal\/#\/schema\/person\/95532619fccae669187ec84703047908\"},\"headline\":\"Prova Fuvest 2025: veja o que levar, hor\u00e1rios e instru\u00e7\u00f5es para a 2\u00aa fase\",\"datePublished\":\"2024-12-13T03:30:00+00:00\",\"dateModified\":\"2024-12-15T21:19:48+00:00\",\"mainEntityOfPage\":{\"@id\":\"https:\/\/vestibulares.estrategia.com\/portal\/noticias\/prova-fuvest-2025-veja-o-que-levar-horarios-e-instrucoes-para-a-2a-fase\/\"},\"wordCount\":1169,\"publisher\":{\"@id\":\"https:\/\/vestibulares.estrategia.com\/portal\/#organization\"},\"image\":{\"@id\":\"https:\/\/vestibulares.estrategia.com\/portal\/noticias\/prova-fuvest-2025-veja-o-que-levar-horarios-e-instrucoes-para-a-2a-fase\/#primaryimage\"},\"thumbnailUrl\":\"https:\/\/vestibulares.estrategia.com\/portal\/wp-content\/uploads\/2024\/04\/Temas-de-redacao-do-Vestibular-Fuvest.jpg\",\"articleSection\":[\"Not\u00edcias\"],\"inLanguage\":\"pt-BR\"},{\"@type\":\"WebPage\",\"@id\":\"https:\/\/vestibulares.estrategia.com\/portal\/noticias\/prova-fuvest-2025-veja-o-que-levar-horarios-e-instrucoes-para-a-2a-fase\/\",\"url\":\"https:\/\/vestibulares.estrategia.com\/portal\/noticias\/prova-fuvest-2025-veja-o-que-levar-horarios-e-instrucoes-para-a-2a-fase\/\",\"name\":\"Prova Fuvest 2025: veja o que levar, hor\u00e1rios e instru\u00e7\u00f5es para a 2\u00aa fase\",\"isPartOf\":{\"@id\":\"https:\/\/vestibulares.estrategia.com\/portal\/#website\"},\"primaryImageOfPage\":{\"@id\":\"https:\/\/vestibulares.estrategia.com\/portal\/noticias\/prova-fuvest-2025-veja-o-que-levar-horarios-e-instrucoes-para-a-2a-fase\/#primaryimage\"},\"image\":{\"@id\":\"https:\/\/vestibulares.estrategia.com\/portal\/noticias\/prova-fuvest-2025-veja-o-que-levar-horarios-e-instrucoes-para-a-2a-fase\/#primaryimage\"},\"thumbnailUrl\":\"https:\/\/vestibulares.estrategia.com\/portal\/wp-content\/uploads\/2024\/04\/Temas-de-redacao-do-Vestibular-Fuvest.jpg\",\"datePublished\":\"2024-12-13T03:30:00+00:00\",\"dateModified\":\"2024-12-15T21:19:48+00:00\",\"description\":\"Confira hor\u00e1rios, o que pode o n\u00e3o levar e mais detalhes da prova da Fuvest 2\u00aa fase 2025, o vestibular da USP.\",\"breadcrumb\":{\"@id\":\"https:\/\/vestibulares.estrategia.com\/portal\/noticias\/prova-fuvest-2025-veja-o-que-levar-horarios-e-instrucoes-para-a-2a-fase\/#breadcrumb\"},\"inLanguage\":\"pt-BR\",\"potentialAction\":[{\"@type\":\"ReadAction\",\"target\":[\"https:\/\/vestibulares.estrategia.com\/portal\/noticias\/prova-fuvest-2025-veja-o-que-levar-horarios-e-instrucoes-para-a-2a-fase\/\"]}]},{\"@type\":\"ImageObject\",\"inLanguage\":\"pt-BR\",\"@id\":\"https:\/\/vestibulares.estrategia.com\/portal\/noticias\/prova-fuvest-2025-veja-o-que-levar-horarios-e-instrucoes-para-a-2a-fase\/#primaryimage\",\"url\":\"https:\/\/vestibulares.estrategia.com\/portal\/wp-content\/uploads\/2024\/04\/Temas-de-redacao-do-Vestibular-Fuvest.jpg\",\"contentUrl\":\"https:\/\/vestibulares.estrategia.com\/portal\/wp-content\/uploads\/2024\/04\/Temas-de-redacao-do-Vestibular-Fuvest.jpg\",\"width\":1200,\"height\":675,\"caption\":\"Temas de reda\u00e7\u00e3o do Vestibular Fuvest\"},{\"@type\":\"BreadcrumbList\",\"@id\":\"https:\/\/vestibulares.estrategia.com\/portal\/noticias\/prova-fuvest-2025-veja-o-que-levar-horarios-e-instrucoes-para-a-2a-fase\/#breadcrumb\",\"itemListElement\":[{\"@type\":\"ListItem\",\"position\":1,\"name\":\"Home\",\"item\":\"https:\/\/vestibulares.estrategia.com\/portal\/\"},{\"@type\":\"ListItem\",\"position\":2,\"name\":\"Not\u00edcias\",\"item\":\"https:\/\/vestibulares.estrategia.com\/portal\/noticias\/\"},{\"@type\":\"ListItem\",\"position\":3,\"name\":\"Prova Fuvest 2025: veja o que levar, hor\u00e1rios e instru\u00e7\u00f5es para a 2\u00aa fase\"}]},{\"@type\":\"WebSite\",\"@id\":\"https:\/\/vestibulares.estrategia.com\/portal\/#website\",\"url\":\"https:\/\/vestibulares.estrategia.com\/portal\/\",\"name\":\"Estrat\u00e9gia Vestibulares\",\"description\":\"\",\"publisher\":{\"@id\":\"https:\/\/vestibulares.estrategia.com\/portal\/#organization\"},\"potentialAction\":[{\"@type\":\"SearchAction\",\"target\":{\"@type\":\"EntryPoint\",\"urlTemplate\":\"https:\/\/vestibulares.estrategia.com\/portal\/?s={search_term_string}\"},\"query-input\":{\"@type\":\"PropertyValueSpecification\",\"valueRequired\":true,\"valueName\":\"search_term_string\"}}],\"inLanguage\":\"pt-BR\"},{\"@type\":\"Organization\",\"@id\":\"https:\/\/vestibulares.estrategia.com\/portal\/#organization\",\"name\":\"Estrat\u00e9gia Vestibulares\",\"url\":\"https:\/\/vestibulares.estrategia.com\/portal\/\",\"logo\":{\"@type\":\"ImageObject\",\"inLanguage\":\"pt-BR\",\"@id\":\"https:\/\/vestibulares.estrategia.com\/portal\/#\/schema\/logo\/image\/\",\"url\":\"https:\/\/vestibulares.estrategia.com\/portal\/wp-content\/uploads\/2021\/06\/Logo-Vestibulares@4x.png\",\"contentUrl\":\"https:\/\/vestibulares.estrategia.com\/portal\/wp-content\/uploads\/2021\/06\/Logo-Vestibulares@4x.png\",\"width\":250,\"height\":66,\"caption\":\"Estrat\u00e9gia Vestibulares\"},\"image\":{\"@id\":\"https:\/\/vestibulares.estrategia.com\/portal\/#\/schema\/logo\/image\/\"},\"sameAs\":[\"https:\/\/facebook.com\/estrategiavestibulares\",\"https:\/\/x.com\/Estrategiavest\",\"https:\/\/www.instagram.com\/estrategiavestibulares\",\"https:\/\/www.youtube.com\/channel\/UCGWdZy8ULI-7_5GrABa4vNA\"]},{\"@type\":\"Person\",\"@id\":\"https:\/\/vestibulares.estrategia.com\/portal\/#\/schema\/person\/95532619fccae669187ec84703047908\",\"name\":\"Leonardo Del Sant\",\"image\":{\"@type\":\"ImageObject\",\"inLanguage\":\"pt-BR\",\"@id\":\"https:\/\/vestibulares.estrategia.com\/portal\/#\/schema\/person\/image\/\",\"url\":\"https:\/\/vestibulares.estrategia.com\/portal\/wp-content\/uploads\/2026\/02\/1000082484-150x150.jpeg\",\"contentUrl\":\"https:\/\/vestibulares.estrategia.com\/portal\/wp-content\/uploads\/2026\/02\/1000082484-150x150.jpeg\",\"caption\":\"Leonardo Del Sant\"},\"description\":\"Coordenador de Jornalismo do Estrat\u00e9gia Vestibulares. Trabalhou com escrita para SEO em sites das \u00e1reas de economia, varejo, sa\u00fade, tecnologia e alimenta\u00e7\u00e3o. Formado em jornalismo pela Unesp\/Bauru.\",\"url\":\"https:\/\/vestibulares.estrategia.com\/portal\/author\/leonardo-del-sant\/\"}]}<\/script>\n<!-- \/ Yoast SEO Premium plugin. -->","yoast_head_json":{"title":"Prova Fuvest 2025: veja o que levar, hor\u00e1rios e instru\u00e7\u00f5es para a 2\u00aa fase","description":"Confira hor\u00e1rios, o que pode o n\u00e3o levar e mais detalhes da prova da Fuvest 2\u00aa fase 2025, o vestibular da USP.","robots":{"index":"index","follow":"follow","max-snippet":"max-snippet:-1","max-image-preview":"max-image-preview:large","max-video-preview":"max-video-preview:-1"},"canonical":"https:\/\/vestibulares.estrategia.com\/portal\/noticias\/prova-fuvest-2025-veja-o-que-levar-horarios-e-instrucoes-para-a-2a-fase\/","og_locale":"pt_BR","og_type":"article","og_title":"Prova Fuvest 2025: veja o que levar, hor\u00e1rios e instru\u00e7\u00f5es para a 2\u00aa fase","og_description":"Confira hor\u00e1rios, o que pode o n\u00e3o levar e mais detalhes da prova da Fuvest 2\u00aa fase 2025, o vestibular da USP.","og_url":"https:\/\/vestibulares.estrategia.com\/portal\/noticias\/prova-fuvest-2025-veja-o-que-levar-horarios-e-instrucoes-para-a-2a-fase\/","og_site_name":"Estrat\u00e9gia Vestibulares","article_publisher":"https:\/\/facebook.com\/estrategiavestibulares","article_published_time":"2024-12-13T03:30:00+00:00","article_modified_time":"2024-12-15T21:19:48+00:00","og_image":[{"width":1200,"height":675,"url":"https:\/\/vestibulares.estrategia.com\/portal\/wp-content\/uploads\/2024\/04\/Temas-de-redacao-do-Vestibular-Fuvest.jpg","type":"image\/jpeg"}],"author":"Leonardo Del Sant","twitter_card":"summary_large_image","twitter_creator":"@Estrategiavest","twitter_site":"@Estrategiavest","twitter_misc":{"Escrito por":"Leonardo Del Sant","Est. tempo de leitura":"6 minutos"},"schema":{"@context":"https:\/\/schema.org","@graph":[{"@type":"NewsArticle","@id":"https:\/\/vestibulares.estrategia.com\/portal\/noticias\/prova-fuvest-2025-veja-o-que-levar-horarios-e-instrucoes-para-a-2a-fase\/#article","isPartOf":{"@id":"https:\/\/vestibulares.estrategia.com\/portal\/noticias\/prova-fuvest-2025-veja-o-que-levar-horarios-e-instrucoes-para-a-2a-fase\/"},"author":{"name":"Leonardo Del Sant","@id":"https:\/\/vestibulares.estrategia.com\/portal\/#\/schema\/person\/95532619fccae669187ec84703047908"},"headline":"Prova Fuvest 2025: veja o que levar, hor\u00e1rios e instru\u00e7\u00f5es para a 2\u00aa fase","datePublished":"2024-12-13T03:30:00+00:00","dateModified":"2024-12-15T21:19:48+00:00","mainEntityOfPage":{"@id":"https:\/\/vestibulares.estrategia.com\/portal\/noticias\/prova-fuvest-2025-veja-o-que-levar-horarios-e-instrucoes-para-a-2a-fase\/"},"wordCount":1169,"publisher":{"@id":"https:\/\/vestibulares.estrategia.com\/portal\/#organization"},"image":{"@id":"https:\/\/vestibulares.estrategia.com\/portal\/noticias\/prova-fuvest-2025-veja-o-que-levar-horarios-e-instrucoes-para-a-2a-fase\/#primaryimage"},"thumbnailUrl":"https:\/\/vestibulares.estrategia.com\/portal\/wp-content\/uploads\/2024\/04\/Temas-de-redacao-do-Vestibular-Fuvest.jpg","articleSection":["Not\u00edcias"],"inLanguage":"pt-BR"},{"@type":"WebPage","@id":"https:\/\/vestibulares.estrategia.com\/portal\/noticias\/prova-fuvest-2025-veja-o-que-levar-horarios-e-instrucoes-para-a-2a-fase\/","url":"https:\/\/vestibulares.estrategia.com\/portal\/noticias\/prova-fuvest-2025-veja-o-que-levar-horarios-e-instrucoes-para-a-2a-fase\/","name":"Prova Fuvest 2025: veja o que levar, hor\u00e1rios e instru\u00e7\u00f5es para a 2\u00aa fase","isPartOf":{"@id":"https:\/\/vestibulares.estrategia.com\/portal\/#website"},"primaryImageOfPage":{"@id":"https:\/\/vestibulares.estrategia.com\/portal\/noticias\/prova-fuvest-2025-veja-o-que-levar-horarios-e-instrucoes-para-a-2a-fase\/#primaryimage"},"image":{"@id":"https:\/\/vestibulares.estrategia.com\/portal\/noticias\/prova-fuvest-2025-veja-o-que-levar-horarios-e-instrucoes-para-a-2a-fase\/#primaryimage"},"thumbnailUrl":"https:\/\/vestibulares.estrategia.com\/portal\/wp-content\/uploads\/2024\/04\/Temas-de-redacao-do-Vestibular-Fuvest.jpg","datePublished":"2024-12-13T03:30:00+00:00","dateModified":"2024-12-15T21:19:48+00:00","description":"Confira hor\u00e1rios, o que pode o n\u00e3o levar e mais detalhes da prova da Fuvest 2\u00aa fase 2025, o vestibular da USP.","breadcrumb":{"@id":"https:\/\/vestibulares.estrategia.com\/portal\/noticias\/prova-fuvest-2025-veja-o-que-levar-horarios-e-instrucoes-para-a-2a-fase\/#breadcrumb"},"inLanguage":"pt-BR","potentialAction":[{"@type":"ReadAction","target":["https:\/\/vestibulares.estrategia.com\/portal\/noticias\/prova-fuvest-2025-veja-o-que-levar-horarios-e-instrucoes-para-a-2a-fase\/"]}]},{"@type":"ImageObject","inLanguage":"pt-BR","@id":"https:\/\/vestibulares.estrategia.com\/portal\/noticias\/prova-fuvest-2025-veja-o-que-levar-horarios-e-instrucoes-para-a-2a-fase\/#primaryimage","url":"https:\/\/vestibulares.estrategia.com\/portal\/wp-content\/uploads\/2024\/04\/Temas-de-redacao-do-Vestibular-Fuvest.jpg","contentUrl":"https:\/\/vestibulares.estrategia.com\/portal\/wp-content\/uploads\/2024\/04\/Temas-de-redacao-do-Vestibular-Fuvest.jpg","width":1200,"height":675,"caption":"Temas de reda\u00e7\u00e3o do Vestibular Fuvest"},{"@type":"BreadcrumbList","@id":"https:\/\/vestibulares.estrategia.com\/portal\/noticias\/prova-fuvest-2025-veja-o-que-levar-horarios-e-instrucoes-para-a-2a-fase\/#breadcrumb","itemListElement":[{"@type":"ListItem","position":1,"name":"Home","item":"https:\/\/vestibulares.estrategia.com\/portal\/"},{"@type":"ListItem","position":2,"name":"Not\u00edcias","item":"https:\/\/vestibulares.estrategia.com\/portal\/noticias\/"},{"@type":"ListItem","position":3,"name":"Prova Fuvest 2025: veja o que levar, hor\u00e1rios e instru\u00e7\u00f5es para a 2\u00aa fase"}]},{"@type":"WebSite","@id":"https:\/\/vestibulares.estrategia.com\/portal\/#website","url":"https:\/\/vestibulares.estrategia.com\/portal\/","name":"Estrat\u00e9gia Vestibulares","description":"","publisher":{"@id":"https:\/\/vestibulares.estrategia.com\/portal\/#organization"},"potentialAction":[{"@type":"SearchAction","target":{"@type":"EntryPoint","urlTemplate":"https:\/\/vestibulares.estrategia.com\/portal\/?s={search_term_string}"},"query-input":{"@type":"PropertyValueSpecification","valueRequired":true,"valueName":"search_term_string"}}],"inLanguage":"pt-BR"},{"@type":"Organization","@id":"https:\/\/vestibulares.estrategia.com\/portal\/#organization","name":"Estrat\u00e9gia Vestibulares","url":"https:\/\/vestibulares.estrategia.com\/portal\/","logo":{"@type":"ImageObject","inLanguage":"pt-BR","@id":"https:\/\/vestibulares.estrategia.com\/portal\/#\/schema\/logo\/image\/","url":"https:\/\/vestibulares.estrategia.com\/portal\/wp-content\/uploads\/2021\/06\/Logo-Vestibulares@4x.png","contentUrl":"https:\/\/vestibulares.estrategia.com\/portal\/wp-content\/uploads\/2021\/06\/Logo-Vestibulares@4x.png","width":250,"height":66,"caption":"Estrat\u00e9gia Vestibulares"},"image":{"@id":"https:\/\/vestibulares.estrategia.com\/portal\/#\/schema\/logo\/image\/"},"sameAs":["https:\/\/facebook.com\/estrategiavestibulares","https:\/\/x.com\/Estrategiavest","https:\/\/www.instagram.com\/estrategiavestibulares","https:\/\/www.youtube.com\/channel\/UCGWdZy8ULI-7_5GrABa4vNA"]},{"@type":"Person","@id":"https:\/\/vestibulares.estrategia.com\/portal\/#\/schema\/person\/95532619fccae669187ec84703047908","name":"Leonardo Del Sant","image":{"@type":"ImageObject","inLanguage":"pt-BR","@id":"https:\/\/vestibulares.estrategia.com\/portal\/#\/schema\/person\/image\/","url":"https:\/\/vestibulares.estrategia.com\/portal\/wp-content\/uploads\/2026\/02\/1000082484-150x150.jpeg","contentUrl":"https:\/\/vestibulares.estrategia.com\/portal\/wp-content\/uploads\/2026\/02\/1000082484-150x150.jpeg","caption":"Leonardo Del Sant"},"description":"Coordenador de Jornalismo do Estrat\u00e9gia Vestibulares. Trabalhou com escrita para SEO em sites das \u00e1reas de economia, varejo, sa\u00fade, tecnologia e alimenta\u00e7\u00e3o. Formado em jornalismo pela Unesp\/Bauru.","url":"https:\/\/vestibulares.estrategia.com\/portal\/author\/leonardo-del-sant\/"}]}},"_wl_alt_label":[],"wl:entity_url":"https:\/\/data.wordlift.io\/wl110249\/post\/prova-fuvest-2025-veja-o-que-levar-horarios-e-instrucoes-para-a-1a-fase-132021","_links":{"self":[{"href":"https:\/\/vestibulares.estrategia.com\/portal\/wp-json\/wp\/v2\/posts\/132021","targetHints":{"allow":["GET"]}}],"collection":[{"href":"https:\/\/vestibulares.estrategia.com\/portal\/wp-json\/wp\/v2\/posts"}],"about":[{"href":"https:\/\/vestibulares.estrategia.com\/portal\/wp-json\/wp\/v2\/types\/post"}],"author":[{"embeddable":true,"href":"https:\/\/vestibulares.estrategia.com\/portal\/wp-json\/wp\/v2\/users\/43"}],"replies":[{"embeddable":true,"href":"https:\/\/vestibulares.estrategia.com\/portal\/wp-json\/wp\/v2\/comments?post=132021"}],"version-history":[{"count":3,"href":"https:\/\/vestibulares.estrategia.com\/portal\/wp-json\/wp\/v2\/posts\/132021\/revisions"}],"predecessor-version":[{"id":132238,"href":"https:\/\/vestibulares.estrategia.com\/portal\/wp-json\/wp\/v2\/posts\/132021\/revisions\/132238"}],"wp:featuredmedia":[{"embeddable":true,"href":"https:\/\/vestibulares.estrategia.com\/portal\/wp-json\/wp\/v2\/media\/115375"}],"wp:attachment":[{"href":"https:\/\/vestibulares.estrategia.com\/portal\/wp-json\/wp\/v2\/media?parent=132021"}],"wp:term":[{"taxonomy":"category","embeddable":true,"href":"https:\/\/vestibulares.estrategia.com\/portal\/wp-json\/wp\/v2\/categories?post=132021"},{"taxonomy":"post_tag","embeddable":true,"href":"https:\/\/vestibulares.estrategia.com\/portal\/wp-json\/wp\/v2\/tags?post=132021"},{"taxonomy":"wl_entity_type","embeddable":true,"href":"https:\/\/vestibulares.estrategia.com\/portal\/wp-json\/wp\/v2\/wl_entity_type?post=132021"}],"curies":[{"name":"wp","href":"https:\/\/api.w.org\/{rel}","templated":true}]}}