{"id":133406,"date":"2025-01-13T19:45:02","date_gmt":"2025-01-13T22:45:02","guid":{"rendered":"https:\/\/vestibulares.estrategia.com\/portal\/?p=133406"},"modified":"2025-01-17T11:51:00","modified_gmt":"2025-01-17T14:51:00","slug":"sisu-2025-confira-os-termos-de-adesao-ao-sistema","status":"publish","type":"post","link":"https:\/\/vestibulares.estrategia.com\/portal\/enem-e-vestibulares\/sisu\/sisu-2025-confira-os-termos-de-adesao-ao-sistema\/","title":{"rendered":"Sisu 2025: confira os termos de ades\u00e3o ao sistema"},"content":{"rendered":"<p>O termo de ades&atilde;o ao Sisu &eacute; um documento oficial que as institui&ccedil;&otilde;es de ensino superior preenchem para participar do Sistema de Sele&ccedil;&atilde;o Unificada (Sisu). Por meio deste termo, as universidades e institutos federais estabelecem as condi&ccedil;&otilde;es para o preenchimento das vagas que disponibilizam aos estudantes.&nbsp;<p>Ele funciona como uma esp&eacute;cie de contrato entre a institui&ccedil;&atilde;o e o Minist&eacute;rio da Educa&ccedil;&atilde;o (MEC), definindo regras e detalhes que orientam tanto a institui&ccedil;&atilde;o quanto os candidatos durante o processo.<\/p><p>Nele, as institui&ccedil;&otilde;es especificam os cursos e turnos oferecidos, o n&uacute;mero total de vagas, as modalidades de concorr&ecirc;ncia e os crit&eacute;rios de sele&ccedil;&atilde;o. Entre essas modalidades, est&atilde;o inclu&iacute;das a ampla concorr&ecirc;ncia e as a&ccedil;&otilde;es afirmativas, que englobam, por exemplo, o sistema de cotas para estudantes de escolas p&uacute;blicas, negros, pardos, ind&iacute;genas ou pessoas com defici&ecirc;ncia.<\/p><p>Al&eacute;m disso, o termo define as notas m&iacute;nimas exigidas em cada &aacute;rea do conhecimento do Exame Nacional do Ensino M&eacute;dio (Enem), que o estudante precisa alcan&ccedil;ar para se candidatar a determinado curso.<\/p><p>A maioria das universidades brasileiras j&aacute; divulgaram o termo de ades&atilde;o ao Sisu 2025. Por isso, o <strong>Portal Estrat&eacute;gia Vestibulares <\/strong>listou os documentos j&aacute; dispon&iacute;veis para te deixar por dentro das informa&ccedil;&otilde;es de ingresso na sua universidade dos sonhos. Confira!<\/p><p>\n\n\n\n<div class=\"cta-medio\" style=\"background-image: url(https:\/\/vestibulares.estrategia.com\/portal\/wp-content\/uploads\/2024\/08\/curso-enem-1-estrategia-vestibulares-ctamedio.jpg);\"><h3>Pacote Enem TOP <\/h3> <p>Estude com o Estrat\u00e9gia Vestibulares<\/p><div class=\"cta-botao\"><a id=\"cta-medio\" href=\"https:\/\/vestibulares.estrategia.com\/curso\/enem-top\/\" target=\"_blank\" style=\"background:rgb(255,150,0)\">Saiba mais<\/a><\/div><\/div>\n\n\n\n<\/p><div id=\"ez-toc-container\" class=\"ez-toc-v2_0_76 counter-hierarchy ez-toc-counter ez-toc-transparent ez-toc-container-direction\">\n<div class=\"ez-toc-title-container\"><p class=\"ez-toc-title\" style=\"cursor:inherit\">Navegue pelo conte\u00fado<\/p>\n<\/div><nav><ul class='ez-toc-list ez-toc-list-level-1 ' ><li class='ez-toc-page-1 ez-toc-heading-level-2'><a class=\"ez-toc-link ez-toc-heading-1\" href=\"https:\/\/vestibulares.estrategia.com\/portal\/enem-e-vestibulares\/sisu\/sisu-2025-confira-os-termos-de-adesao-ao-sistema\/#UEPB\" >UEPB<\/a><\/li><li class='ez-toc-page-1 ez-toc-heading-level-2'><a class=\"ez-toc-link ez-toc-heading-2\" href=\"https:\/\/vestibulares.estrategia.com\/portal\/enem-e-vestibulares\/sisu\/sisu-2025-confira-os-termos-de-adesao-ao-sistema\/#UFU\" >UFU<\/a><\/li><li class='ez-toc-page-1 ez-toc-heading-level-2'><a class=\"ez-toc-link ez-toc-heading-3\" href=\"https:\/\/vestibulares.estrategia.com\/portal\/enem-e-vestibulares\/sisu\/sisu-2025-confira-os-termos-de-adesao-ao-sistema\/#UFJ\" >UFJ<\/a><\/li><li class='ez-toc-page-1 ez-toc-heading-level-2'><a class=\"ez-toc-link ez-toc-heading-4\" href=\"https:\/\/vestibulares.estrategia.com\/portal\/enem-e-vestibulares\/sisu\/sisu-2025-confira-os-termos-de-adesao-ao-sistema\/#UFSM\" >UFSM<\/a><\/li><li class='ez-toc-page-1 ez-toc-heading-level-2'><a class=\"ez-toc-link ez-toc-heading-5\" href=\"https:\/\/vestibulares.estrategia.com\/portal\/enem-e-vestibulares\/sisu\/sisu-2025-confira-os-termos-de-adesao-ao-sistema\/#UFCSPA\" >UFCSPA<\/a><\/li><li class='ez-toc-page-1 ez-toc-heading-level-2'><a class=\"ez-toc-link ez-toc-heading-6\" href=\"https:\/\/vestibulares.estrategia.com\/portal\/enem-e-vestibulares\/sisu\/sisu-2025-confira-os-termos-de-adesao-ao-sistema\/#Unifesp\" >Unifesp<\/a><\/li><li class='ez-toc-page-1 ez-toc-heading-level-2'><a class=\"ez-toc-link ez-toc-heading-7\" href=\"https:\/\/vestibulares.estrategia.com\/portal\/enem-e-vestibulares\/sisu\/sisu-2025-confira-os-termos-de-adesao-ao-sistema\/#UFRRJ\" >UFRRJ&nbsp;<\/a><\/li><li class='ez-toc-page-1 ez-toc-heading-level-2'><a class=\"ez-toc-link ez-toc-heading-8\" href=\"https:\/\/vestibulares.estrategia.com\/portal\/enem-e-vestibulares\/sisu\/sisu-2025-confira-os-termos-de-adesao-ao-sistema\/#Uneb\" >Uneb<\/a><\/li><li class='ez-toc-page-1 ez-toc-heading-level-2'><a class=\"ez-toc-link ez-toc-heading-9\" href=\"https:\/\/vestibulares.estrategia.com\/portal\/enem-e-vestibulares\/sisu\/sisu-2025-confira-os-termos-de-adesao-ao-sistema\/#UFMA\" >UFMA&nbsp;<\/a><\/li><li class='ez-toc-page-1 ez-toc-heading-level-2'><a class=\"ez-toc-link ez-toc-heading-10\" href=\"https:\/\/vestibulares.estrategia.com\/portal\/enem-e-vestibulares\/sisu\/sisu-2025-confira-os-termos-de-adesao-ao-sistema\/#Ufes\" >Ufes<\/a><\/li><li class='ez-toc-page-1 ez-toc-heading-level-2'><a class=\"ez-toc-link ez-toc-heading-11\" href=\"https:\/\/vestibulares.estrategia.com\/portal\/enem-e-vestibulares\/sisu\/sisu-2025-confira-os-termos-de-adesao-ao-sistema\/#Ufam\" >Ufam<\/a><\/li><li class='ez-toc-page-1 ez-toc-heading-level-2'><a class=\"ez-toc-link ez-toc-heading-12\" href=\"https:\/\/vestibulares.estrategia.com\/portal\/enem-e-vestibulares\/sisu\/sisu-2025-confira-os-termos-de-adesao-ao-sistema\/#Ufob\" >Ufob<\/a><\/li><li class='ez-toc-page-1 ez-toc-heading-level-2'><a class=\"ez-toc-link ez-toc-heading-13\" href=\"https:\/\/vestibulares.estrategia.com\/portal\/enem-e-vestibulares\/sisu\/sisu-2025-confira-os-termos-de-adesao-ao-sistema\/#UEFS\" >UEFS<\/a><\/li><li class='ez-toc-page-1 ez-toc-heading-level-2'><a class=\"ez-toc-link ez-toc-heading-14\" href=\"https:\/\/vestibulares.estrategia.com\/portal\/enem-e-vestibulares\/sisu\/sisu-2025-confira-os-termos-de-adesao-ao-sistema\/#UFSB\" >UFSB<\/a><\/li><li class='ez-toc-page-1 ez-toc-heading-level-2'><a class=\"ez-toc-link ez-toc-heading-15\" href=\"https:\/\/vestibulares.estrategia.com\/portal\/enem-e-vestibulares\/sisu\/sisu-2025-confira-os-termos-de-adesao-ao-sistema\/#UFCA\" >UFCA<\/a><\/li><li class='ez-toc-page-1 ez-toc-heading-level-2'><a class=\"ez-toc-link ez-toc-heading-16\" href=\"https:\/\/vestibulares.estrategia.com\/portal\/enem-e-vestibulares\/sisu\/sisu-2025-confira-os-termos-de-adesao-ao-sistema\/#UFCat\" >UFCat<\/a><\/li><li class='ez-toc-page-1 ez-toc-heading-level-2'><a class=\"ez-toc-link ez-toc-heading-17\" href=\"https:\/\/vestibulares.estrategia.com\/portal\/enem-e-vestibulares\/sisu\/sisu-2025-confira-os-termos-de-adesao-ao-sistema\/#UFMT\" >UFMT<\/a><\/li><li class='ez-toc-page-1 ez-toc-heading-level-2'><a class=\"ez-toc-link ez-toc-heading-18\" href=\"https:\/\/vestibulares.estrategia.com\/portal\/enem-e-vestibulares\/sisu\/sisu-2025-confira-os-termos-de-adesao-ao-sistema\/#UFCG\" >UFCG<\/a><\/li><li class='ez-toc-page-1 ez-toc-heading-level-2'><a class=\"ez-toc-link ez-toc-heading-19\" href=\"https:\/\/vestibulares.estrategia.com\/portal\/enem-e-vestibulares\/sisu\/sisu-2025-confira-os-termos-de-adesao-ao-sistema\/#Unemat\" >Unemat<\/a><\/li><li class='ez-toc-page-1 ez-toc-heading-level-2'><a class=\"ez-toc-link ez-toc-heading-20\" href=\"https:\/\/vestibulares.estrategia.com\/portal\/enem-e-vestibulares\/sisu\/sisu-2025-confira-os-termos-de-adesao-ao-sistema\/#UFR\" >UFR<\/a><\/li><li class='ez-toc-page-1 ez-toc-heading-level-2'><a class=\"ez-toc-link ez-toc-heading-21\" href=\"https:\/\/vestibulares.estrategia.com\/portal\/enem-e-vestibulares\/sisu\/sisu-2025-confira-os-termos-de-adesao-ao-sistema\/#UFMS\" >UFMS<\/a><\/li><li class='ez-toc-page-1 ez-toc-heading-level-2'><a class=\"ez-toc-link ez-toc-heading-22\" href=\"https:\/\/vestibulares.estrategia.com\/portal\/enem-e-vestibulares\/sisu\/sisu-2025-confira-os-termos-de-adesao-ao-sistema\/#UFVJM\" >UFVJM<\/a><\/li><li class='ez-toc-page-1 ez-toc-heading-level-2'><a class=\"ez-toc-link ez-toc-heading-23\" href=\"https:\/\/vestibulares.estrategia.com\/portal\/enem-e-vestibulares\/sisu\/sisu-2025-confira-os-termos-de-adesao-ao-sistema\/#Unifal-MG\" >Unifal-MG<\/a><\/li><li class='ez-toc-page-1 ez-toc-heading-level-2'><a class=\"ez-toc-link ez-toc-heading-24\" href=\"https:\/\/vestibulares.estrategia.com\/portal\/enem-e-vestibulares\/sisu\/sisu-2025-confira-os-termos-de-adesao-ao-sistema\/#UFJF\" >UFJF<\/a><\/li><li class='ez-toc-page-1 ez-toc-heading-level-2'><a class=\"ez-toc-link ez-toc-heading-25\" href=\"https:\/\/vestibulares.estrategia.com\/portal\/enem-e-vestibulares\/sisu\/sisu-2025-confira-os-termos-de-adesao-ao-sistema\/#UFSJ\" >UFSJ<\/a><\/li><li class='ez-toc-page-1 ez-toc-heading-level-2'><a class=\"ez-toc-link ez-toc-heading-26\" href=\"https:\/\/vestibulares.estrategia.com\/portal\/enem-e-vestibulares\/sisu\/sisu-2025-confira-os-termos-de-adesao-ao-sistema\/#UFV\" >UFV<\/a><\/li><li class='ez-toc-page-1 ez-toc-heading-level-2'><a class=\"ez-toc-link ez-toc-heading-27\" href=\"https:\/\/vestibulares.estrategia.com\/portal\/enem-e-vestibulares\/sisu\/sisu-2025-confira-os-termos-de-adesao-ao-sistema\/#UFLA\" >UFLA<\/a><\/li><li class='ez-toc-page-1 ez-toc-heading-level-2'><a class=\"ez-toc-link ez-toc-heading-28\" href=\"https:\/\/vestibulares.estrategia.com\/portal\/enem-e-vestibulares\/sisu\/sisu-2025-confira-os-termos-de-adesao-ao-sistema\/#Ufop\" >Ufop<\/a><\/li><li class='ez-toc-page-1 ez-toc-heading-level-2'><a class=\"ez-toc-link ez-toc-heading-29\" href=\"https:\/\/vestibulares.estrategia.com\/portal\/enem-e-vestibulares\/sisu\/sisu-2025-confira-os-termos-de-adesao-ao-sistema\/#Uemg\" >Uemg<\/a><\/li><li class='ez-toc-page-1 ez-toc-heading-level-2'><a class=\"ez-toc-link ez-toc-heading-30\" href=\"https:\/\/vestibulares.estrategia.com\/portal\/enem-e-vestibulares\/sisu\/sisu-2025-confira-os-termos-de-adesao-ao-sistema\/#UFTM\" >UFTM<\/a><\/li><li class='ez-toc-page-1 ez-toc-heading-level-2'><a class=\"ez-toc-link ez-toc-heading-31\" href=\"https:\/\/vestibulares.estrategia.com\/portal\/enem-e-vestibulares\/sisu\/sisu-2025-confira-os-termos-de-adesao-ao-sistema\/#Unimontes\" >Unimontes<\/a><\/li><li class='ez-toc-page-1 ez-toc-heading-level-2'><a class=\"ez-toc-link ez-toc-heading-32\" href=\"https:\/\/vestibulares.estrategia.com\/portal\/enem-e-vestibulares\/sisu\/sisu-2025-confira-os-termos-de-adesao-ao-sistema\/#UFPB\" >UFPB<\/a><\/li><li class='ez-toc-page-1 ez-toc-heading-level-2'><a class=\"ez-toc-link ez-toc-heading-33\" href=\"https:\/\/vestibulares.estrategia.com\/portal\/enem-e-vestibulares\/sisu\/sisu-2025-confira-os-termos-de-adesao-ao-sistema\/#UFPE\" >UFPE<\/a><\/li><li class='ez-toc-page-1 ez-toc-heading-level-2'><a class=\"ez-toc-link ez-toc-heading-34\" href=\"https:\/\/vestibulares.estrategia.com\/portal\/enem-e-vestibulares\/sisu\/sisu-2025-confira-os-termos-de-adesao-ao-sistema\/#UFPR\" >UFPR<\/a><\/li><li class='ez-toc-page-1 ez-toc-heading-level-2'><a class=\"ez-toc-link ez-toc-heading-35\" href=\"https:\/\/vestibulares.estrategia.com\/portal\/enem-e-vestibulares\/sisu\/sisu-2025-confira-os-termos-de-adesao-ao-sistema\/#Univasf\" >Univasf<\/a><\/li><li class='ez-toc-page-1 ez-toc-heading-level-2'><a class=\"ez-toc-link ez-toc-heading-36\" href=\"https:\/\/vestibulares.estrategia.com\/portal\/enem-e-vestibulares\/sisu\/sisu-2025-confira-os-termos-de-adesao-ao-sistema\/#UFRJ\" >UFRJ<\/a><\/li><li class='ez-toc-page-1 ez-toc-heading-level-2'><a class=\"ez-toc-link ez-toc-heading-37\" href=\"https:\/\/vestibulares.estrategia.com\/portal\/enem-e-vestibulares\/sisu\/sisu-2025-confira-os-termos-de-adesao-ao-sistema\/#UFPI\" >UFPI<\/a><\/li><li class='ez-toc-page-1 ez-toc-heading-level-2'><a class=\"ez-toc-link ez-toc-heading-38\" href=\"https:\/\/vestibulares.estrategia.com\/portal\/enem-e-vestibulares\/sisu\/sisu-2025-confira-os-termos-de-adesao-ao-sistema\/#UFRN\" >UFRN<\/a><\/li><li class='ez-toc-page-1 ez-toc-heading-level-2'><a class=\"ez-toc-link ez-toc-heading-39\" href=\"https:\/\/vestibulares.estrategia.com\/portal\/enem-e-vestibulares\/sisu\/sisu-2025-confira-os-termos-de-adesao-ao-sistema\/#Ufersa\" >Ufersa<\/a><\/li><li class='ez-toc-page-1 ez-toc-heading-level-2'><a class=\"ez-toc-link ez-toc-heading-40\" href=\"https:\/\/vestibulares.estrategia.com\/portal\/enem-e-vestibulares\/sisu\/sisu-2025-confira-os-termos-de-adesao-ao-sistema\/#Unipampa\" >Unipampa<\/a><\/li><li class='ez-toc-page-1 ez-toc-heading-level-2'><a class=\"ez-toc-link ez-toc-heading-41\" href=\"https:\/\/vestibulares.estrategia.com\/portal\/enem-e-vestibulares\/sisu\/sisu-2025-confira-os-termos-de-adesao-ao-sistema\/#UFRGS\" >UFRGS<\/a><\/li><li class='ez-toc-page-1 ez-toc-heading-level-2'><a class=\"ez-toc-link ez-toc-heading-42\" href=\"https:\/\/vestibulares.estrategia.com\/portal\/enem-e-vestibulares\/sisu\/sisu-2025-confira-os-termos-de-adesao-ao-sistema\/#UFPel\" >UFPel<\/a><\/li><li class='ez-toc-page-1 ez-toc-heading-level-2'><a class=\"ez-toc-link ez-toc-heading-43\" href=\"https:\/\/vestibulares.estrategia.com\/portal\/enem-e-vestibulares\/sisu\/sisu-2025-confira-os-termos-de-adesao-ao-sistema\/#UFSC\" >UFSC<\/a><\/li><li class='ez-toc-page-1 ez-toc-heading-level-2'><a class=\"ez-toc-link ez-toc-heading-44\" href=\"https:\/\/vestibulares.estrategia.com\/portal\/enem-e-vestibulares\/sisu\/sisu-2025-confira-os-termos-de-adesao-ao-sistema\/#UFRR\" >UFRR<\/a><\/li><li class='ez-toc-page-1 ez-toc-heading-level-2'><a class=\"ez-toc-link ez-toc-heading-45\" href=\"https:\/\/vestibulares.estrategia.com\/portal\/enem-e-vestibulares\/sisu\/sisu-2025-confira-os-termos-de-adesao-ao-sistema\/#UFSCar\" >UFSCar<\/a><\/li><li class='ez-toc-page-1 ez-toc-heading-level-2'><a class=\"ez-toc-link ez-toc-heading-46\" href=\"https:\/\/vestibulares.estrategia.com\/portal\/enem-e-vestibulares\/sisu\/sisu-2025-confira-os-termos-de-adesao-ao-sistema\/#UFSE\" >UFSE<\/a><\/li><li class='ez-toc-page-1 ez-toc-heading-level-2'><a class=\"ez-toc-link ez-toc-heading-47\" href=\"https:\/\/vestibulares.estrategia.com\/portal\/enem-e-vestibulares\/sisu\/sisu-2025-confira-os-termos-de-adesao-ao-sistema\/#UFT\" >UFT<\/a><\/li><li class='ez-toc-page-1 ez-toc-heading-level-2'><a class=\"ez-toc-link ez-toc-heading-48\" href=\"https:\/\/vestibulares.estrategia.com\/portal\/enem-e-vestibulares\/sisu\/sisu-2025-confira-os-termos-de-adesao-ao-sistema\/#Uenp\" >Uenp<\/a><\/li><li class='ez-toc-page-1 ez-toc-heading-level-2'><a class=\"ez-toc-link ez-toc-heading-49\" href=\"https:\/\/vestibulares.estrategia.com\/portal\/enem-e-vestibulares\/sisu\/sisu-2025-confira-os-termos-de-adesao-ao-sistema\/#UnDF\" >UnDF<\/a><\/li><li class='ez-toc-page-1 ez-toc-heading-level-2'><a class=\"ez-toc-link ez-toc-heading-50\" href=\"https:\/\/vestibulares.estrategia.com\/portal\/enem-e-vestibulares\/sisu\/sisu-2025-confira-os-termos-de-adesao-ao-sistema\/#UFMG\" >UFMG<\/a><\/li><li class='ez-toc-page-1 ez-toc-heading-level-2'><a class=\"ez-toc-link ez-toc-heading-51\" href=\"https:\/\/vestibulares.estrategia.com\/portal\/enem-e-vestibulares\/sisu\/sisu-2025-confira-os-termos-de-adesao-ao-sistema\/#UFF\" >UFF<\/a><\/li><li class='ez-toc-page-1 ez-toc-heading-level-2'><a class=\"ez-toc-link ez-toc-heading-52\" href=\"https:\/\/vestibulares.estrategia.com\/portal\/enem-e-vestibulares\/sisu\/sisu-2025-confira-os-termos-de-adesao-ao-sistema\/#UFS\" >UFS<\/a><\/li><li class='ez-toc-page-1 ez-toc-heading-level-2'><a class=\"ez-toc-link ez-toc-heading-53\" href=\"https:\/\/vestibulares.estrategia.com\/portal\/enem-e-vestibulares\/sisu\/sisu-2025-confira-os-termos-de-adesao-ao-sistema\/#Lei-de-cotas-Sisu\" >Lei de cotas Sisu<\/a><\/li><li class='ez-toc-page-1 ez-toc-heading-level-2'><a class=\"ez-toc-link ez-toc-heading-54\" href=\"https:\/\/vestibulares.estrategia.com\/portal\/enem-e-vestibulares\/sisu\/sisu-2025-confira-os-termos-de-adesao-ao-sistema\/#Acoes-afirmativas\" >A&ccedil;&otilde;es afirmativas<\/a><\/li><li class='ez-toc-page-1 ez-toc-heading-level-2'><a class=\"ez-toc-link ez-toc-heading-55\" href=\"https:\/\/vestibulares.estrategia.com\/portal\/enem-e-vestibulares\/sisu\/sisu-2025-confira-os-termos-de-adesao-ao-sistema\/#Guia-do-Enem\" >Guia do Enem<\/a><\/li><li class='ez-toc-page-1 ez-toc-heading-level-2'><a class=\"ez-toc-link ez-toc-heading-56\" href=\"https:\/\/vestibulares.estrategia.com\/portal\/enem-e-vestibulares\/sisu\/sisu-2025-confira-os-termos-de-adesao-ao-sistema\/#Calendario-Sisu-2025\" >Calend&aacute;rio Sisu 2025<\/a><\/li><li class='ez-toc-page-1 ez-toc-heading-level-2'><a class=\"ez-toc-link ez-toc-heading-57\" href=\"https:\/\/vestibulares.estrategia.com\/portal\/enem-e-vestibulares\/sisu\/sisu-2025-confira-os-termos-de-adesao-ao-sistema\/#Confira-os-cursos-Enem-do-Estrategia-Vestibulares\" >Confira os cursos Enem do Estrat&eacute;gia Vestibulares<\/a><\/li><\/ul><\/nav><\/div>\n<h2 class=\"wp-block-heading\" id=\"h-uepb\"><span class=\"ez-toc-section\" id=\"UEPB\"><\/span>UEPB<span class=\"ez-toc-section-end\"><\/span><\/h2><ul class=\"wp-block-list\">\n<li>93 cursos participantes do Sisu<\/li>\n\n\n\n<li><strong>Total de vagas ofertadas no Sisu:<\/strong> 5.938 vagas<\/li>\n\n\n\n<li><strong>Vagas reservadas PPI (pretos, pardos e ind&iacute;genas):<\/strong> 64,27%&nbsp;<\/li>\n\n\n\n<li><strong>Vagas reservadas PCDs (Pessoas com defici&ecirc;ncia):<\/strong> 9,77%<\/li>\n\n\n\n<li><strong>Vagas reservadas quilombolas:<\/strong> 0,42%<\/li>\n<\/ul><div class=\"wp-block-buttons is-content-justification-center is-layout-flex wp-container-core-buttons-is-layout-1 wp-block-buttons-is-layout-flex\">\n<div class=\"wp-block-button\"><a class=\"wp-block-button__link wp-element-button\" rel=\"nofollow\" href=\"https:\/\/vestibulares.estrategia.com\/portal\/wp-content\/uploads\/2025\/01\/termo-de-adesao-sisu-uepb.pdf\" target=\"_blank\">termo de ades&atilde;o uepb<\/a><\/div>\n<\/div><h2 class=\"wp-block-heading\" id=\"h-ufu\"><span class=\"ez-toc-section\" id=\"UFU\"><\/span>UFU<span class=\"ez-toc-section-end\"><\/span><\/h2><ul class=\"wp-block-list\">\n<li>94 cursos participantes do Sisu<\/li>\n\n\n\n<li><strong>Total de vagas ofertadas no Sisu:<\/strong> 3.204 vagas<\/li>\n\n\n\n<li><strong>Vagas reservadas PPI (pretos, pardos e ind&iacute;genas):<\/strong> 58,78%<\/li>\n\n\n\n<li><strong>Vagas reservadas PCDs (Pessoas com defici&ecirc;ncia):<\/strong> 8,43%<\/li>\n\n\n\n<li><strong>Vagas reservadas quilombolas:<\/strong> 0,66%<\/li>\n<\/ul><div class=\"wp-block-buttons is-content-justification-center is-layout-flex wp-container-core-buttons-is-layout-2 wp-block-buttons-is-layout-flex\">\n<div class=\"wp-block-button\"><a class=\"wp-block-button__link wp-element-button\" rel=\"nofollow\" href=\"https:\/\/vestibulares.estrategia.com\/portal\/wp-content\/uploads\/2025\/01\/termo-de-adesao-sisu-ufu.pdf\" target=\"_blank\">termo de ades&atilde;o ufu<\/a><\/div>\n<\/div><h2 class=\"wp-block-heading\" id=\"h-ufj\"><span class=\"ez-toc-section\" id=\"UFJ\"><\/span>UFJ<span class=\"ez-toc-section-end\"><\/span><\/h2><ul class=\"wp-block-list\">\n<li>26 cursos participantes do Sisu<\/li>\n\n\n\n<li><strong>Total de vagas ofertadas no Sisu:<\/strong> 1.080 vagas<\/li>\n\n\n\n<li><strong>Vagas reservadas PPI (pretos, pardos e ind&iacute;genas):<\/strong> 63,65%<\/li>\n\n\n\n<li><strong>Vagas reservadas PCDs (Pessoas com defici&ecirc;ncia):<\/strong> 7,74%<\/li>\n\n\n\n<li><strong>Vagas reservadas quilombolas:<\/strong> 0,43%<\/li>\n<\/ul><div class=\"wp-block-buttons is-content-justification-center is-layout-flex wp-container-core-buttons-is-layout-3 wp-block-buttons-is-layout-flex\">\n<div class=\"wp-block-button\"><a class=\"wp-block-button__link wp-element-button\" rel=\"nofollow\" href=\"https:\/\/vestibulares.estrategia.com\/portal\/wp-content\/uploads\/2025\/01\/termo-de-adesao-sisu-ufj.pdf\" target=\"_blank\">termo de ades&atilde;o ufj<\/a><\/div>\n<\/div><h2 class=\"wp-block-heading\" id=\"h-ufsm\"><span class=\"ez-toc-section\" id=\"UFSM\"><\/span>UFSM<span class=\"ez-toc-section-end\"><\/span><\/h2><ul class=\"wp-block-list\">\n<li>109 cursos participantes do Sisu<\/li>\n\n\n\n<li><strong>Total de vagas ofertadas no Sisu:<\/strong> 3.297 vagas<\/li>\n\n\n\n<li><strong>Vagas reservadas PPI (pretos, pardos e ind&iacute;genas):<\/strong> 21,52%<\/li>\n\n\n\n<li><strong>Vagas reservadas PCDs (Pessoas com defici&ecirc;ncia):<\/strong> 8,78%<\/li>\n\n\n\n<li><strong>Vagas reservadas quilombolas:<\/strong> 0,16%<\/li>\n<\/ul><div class=\"wp-block-buttons is-content-justification-center is-layout-flex wp-container-core-buttons-is-layout-4 wp-block-buttons-is-layout-flex\">\n<div class=\"wp-block-button\"><a class=\"wp-block-button__link wp-element-button\" rel=\"nofollow\" href=\"https:\/\/vestibulares.estrategia.com\/portal\/wp-content\/uploads\/2025\/01\/termo-de-adesao-sisu-ufsm.pdf\" target=\"_blank\">termo de ades&atilde;o ufsm<\/a><\/div>\n<\/div><h2 class=\"wp-block-heading\" id=\"h-ufcspa\"><span class=\"ez-toc-section\" id=\"UFCSPA\"><\/span>UFCSPA<span class=\"ez-toc-section-end\"><\/span><\/h2><ul class=\"wp-block-list\">\n<li>15 cursos participantes do Sisu<\/li>\n\n\n\n<li><strong>Total de vagas ofertadas no Sisu:<\/strong> 650 vagas<\/li>\n\n\n\n<li><strong>Vagas reservadas PPI (pretos, pardos e ind&iacute;genas):<\/strong> 21,52%<\/li>\n\n\n\n<li><strong>Vagas reservadas PCDs (Pessoas com defici&ecirc;ncia):<\/strong> 8,78%<\/li>\n\n\n\n<li><strong>Vagas reservadas quilombolas:<\/strong> 0,16%<\/li>\n<\/ul><div class=\"wp-block-buttons is-content-justification-center is-layout-flex wp-container-core-buttons-is-layout-5 wp-block-buttons-is-layout-flex\">\n<div class=\"wp-block-button\"><a class=\"wp-block-button__link wp-element-button\" rel=\"nofollow\" href=\"https:\/\/vestibulares.estrategia.com\/portal\/wp-content\/uploads\/2025\/01\/termo-de-adesao-sisu-ufcspa.pdf\" target=\"_blank\">termo de ades&atilde;o ufcspa<\/a><\/div>\n<\/div><h2 class=\"wp-block-heading\" id=\"h-unifesp\"><span class=\"ez-toc-section\" id=\"Unifesp\"><\/span>Unifesp<span class=\"ez-toc-section-end\"><\/span><\/h2><ul class=\"wp-block-list\">\n<li>57 cursos participantes do Sisu<\/li>\n\n\n\n<li><strong>Total de vagas ofertadas no Sisu:<\/strong> 3.008 vagas<\/li>\n\n\n\n<li><strong>Vagas reservadas PPI (pretos, pardos e ind&iacute;genas):<\/strong> 41,07%<\/li>\n\n\n\n<li><strong>Vagas reservadas PCDs (Pessoas com defici&ecirc;ncia):<\/strong> 7,29%<\/li>\n\n\n\n<li><strong>Vagas reservadas quilombolas:<\/strong> 0,02%<\/li>\n<\/ul><div class=\"wp-block-buttons is-content-justification-center is-layout-flex wp-container-core-buttons-is-layout-6 wp-block-buttons-is-layout-flex\">\n<div class=\"wp-block-button\"><a class=\"wp-block-button__link wp-element-button\" rel=\"nofollow\" href=\"https:\/\/vestibulares.estrategia.com\/portal\/wp-content\/uploads\/2025\/01\/termo-de-adesao-sisu-unifesp.pdf\" target=\"_blank\">termo de ades&atilde;o unifesp<\/a><\/div>\n<\/div><h2 class=\"wp-block-heading\" id=\"h-ufrrj-nbsp\"><span class=\"ez-toc-section\" id=\"UFRRJ\"><\/span>UFRRJ&nbsp;<span class=\"ez-toc-section-end\"><\/span><\/h2><ul class=\"wp-block-list\">\n<li>60 cursos participantes do Sisu<\/li>\n\n\n\n<li><strong>Total de vagas ofertadas no Sisu:<\/strong> 2.560 vagas<\/li>\n\n\n\n<li><strong>Vagas reservadas PPI (pretos, pardos e ind&iacute;genas): <\/strong>57,89%<\/li>\n\n\n\n<li><strong>Vagas reservadas PCDs (Pessoas com defici&ecirc;ncia):<\/strong> 8,11%<\/li>\n\n\n\n<li><strong>Vagas reservadas quilombolas:<\/strong> 0,13%<\/li>\n<\/ul><div class=\"wp-block-buttons is-content-justification-center is-layout-flex wp-container-core-buttons-is-layout-7 wp-block-buttons-is-layout-flex\">\n<div class=\"wp-block-button\"><a class=\"wp-block-button__link wp-element-button\" rel=\"nofollow\" href=\"https:\/\/vestibulares.estrategia.com\/portal\/wp-content\/uploads\/2025\/01\/termo-de-adesao-sisu-ufrrj.pdf\" target=\"_blank\">termo de ades&atilde;o ufrrj<\/a><\/div>\n<\/div><h2 class=\"wp-block-heading\" id=\"h-uneb\"><span class=\"ez-toc-section\" id=\"Uneb\"><\/span>Uneb<span class=\"ez-toc-section-end\"><\/span><\/h2><ul class=\"wp-block-list\">\n<li>134 cursos participantes do Sisu<\/li>\n\n\n\n<li><strong>Total de vagas ofertadas no Sisu:<\/strong> 2.348 vagas<\/li>\n\n\n\n<li><strong>Vagas reservadas PPI (pretos, pardos e ind&iacute;genas): <\/strong>81,31%<\/li>\n\n\n\n<li><strong>Vagas reservadas PCDs (Pessoas com defici&ecirc;ncia):<\/strong> 8,65%<\/li>\n\n\n\n<li><strong>Vagas reservadas quilombolas:<\/strong> 2,81%<\/li>\n<\/ul><div class=\"wp-block-buttons is-content-justification-center is-layout-flex wp-container-core-buttons-is-layout-8 wp-block-buttons-is-layout-flex\">\n<div class=\"wp-block-button\"><a class=\"wp-block-button__link wp-element-button\" rel=\"nofollow\" href=\"https:\/\/vestibulares.estrategia.com\/portal\/wp-content\/uploads\/2025\/01\/termo-de-adesao-sisu-uneb.pdf\" target=\"_blank\">termo de ades&atilde;o uneb<\/a><\/div>\n<\/div><h2 class=\"wp-block-heading\" id=\"h-ufma-nbsp\"><span class=\"ez-toc-section\" id=\"UFMA\"><\/span>UFMA&nbsp;<span class=\"ez-toc-section-end\"><\/span><\/h2><ul class=\"wp-block-list\">\n<li>96 cursos participantes do Sisu<\/li>\n\n\n\n<li><strong>Total de vagas ofertadas no Sisu:<\/strong> 5.914 vagas<\/li>\n\n\n\n<li><strong>Vagas reservadas PPI (pretos, pardos e ind&iacute;genas): <\/strong>79,84%<\/li>\n\n\n\n<li><strong>Vagas reservadas PCDs (Pessoas com defici&ecirc;ncia):<\/strong> 9,11%<\/li>\n\n\n\n<li><strong>Vagas reservadas quilombolas:<\/strong> 3,97%<\/li>\n<\/ul><div class=\"wp-block-buttons is-content-justification-center is-layout-flex wp-container-core-buttons-is-layout-9 wp-block-buttons-is-layout-flex\">\n<div class=\"wp-block-button\"><a class=\"wp-block-button__link wp-element-button\" rel=\"nofollow\" href=\"https:\/\/vestibulares.estrategia.com\/portal\/wp-content\/uploads\/2025\/01\/termo-de-adesao-sisu-ufma.pdf\" target=\"_blank\">termo de ades&atilde;o ufma<\/a><\/div>\n<\/div><h2 class=\"wp-block-heading\" id=\"h-ufes\"><span class=\"ez-toc-section\" id=\"Ufes\"><\/span>Ufes<span class=\"ez-toc-section-end\"><\/span><\/h2><ul class=\"wp-block-list\">\n<li>99 cursos participantes do Sisu<\/li>\n\n\n\n<li><strong>Total de vagas ofertadas no Sisu:<\/strong> 4.997 vagas<\/li>\n\n\n\n<li><strong>Vagas reservadas PPI (pretos, pardos e ind&iacute;genas): <\/strong>61,38%<\/li>\n\n\n\n<li><strong>Vagas reservadas PCDs (Pessoas com defici&ecirc;ncia):<\/strong> 8,26%<\/li>\n\n\n\n<li><strong>Vagas reservadas quilombolas:<\/strong> 0,41%<\/li>\n<\/ul><div class=\"wp-block-buttons is-content-justification-center is-layout-flex wp-container-core-buttons-is-layout-10 wp-block-buttons-is-layout-flex\">\n<div class=\"wp-block-button\"><a class=\"wp-block-button__link wp-element-button\" rel=\"nofollow\" href=\"https:\/\/vestibulares.estrategia.com\/portal\/wp-content\/uploads\/2025\/01\/termo-de-adesao-sisu-ufes.pdf\" target=\"_blank\">termo de ades&atilde;o ufes<\/a><\/div>\n<\/div><h2 class=\"wp-block-heading\" id=\"h-ufam\"><span class=\"ez-toc-section\" id=\"Ufam\"><\/span>Ufam<span class=\"ez-toc-section-end\"><\/span><\/h2><ul class=\"wp-block-list\">\n<li>111 cursos participantes do Sisu<\/li>\n\n\n\n<li><strong>Total de vagas ofertadas no Sisu:<\/strong> 2.515 vagas<\/li>\n\n\n\n<li><strong>Vagas reservadas pretos e pardos: <\/strong>73,70%<\/li>\n\n\n\n<li><strong>Vagas reservadas<\/strong> <strong>ind&iacute;genas: <\/strong>12,46%<\/li>\n\n\n\n<li><strong>Vagas reservadas PCDs (Pessoas com defici&ecirc;ncia):<\/strong> 7,15%<\/li>\n\n\n\n<li><strong>Vagas reservadas quilombolas:<\/strong> 0,07%<\/li>\n<\/ul><div class=\"wp-block-buttons is-content-justification-center is-layout-flex wp-container-core-buttons-is-layout-11 wp-block-buttons-is-layout-flex\">\n<div class=\"wp-block-button\"><a class=\"wp-block-button__link wp-element-button\" rel=\"nofollow\" href=\"https:\/\/vestibulares.estrategia.com\/portal\/wp-content\/uploads\/2025\/01\/termo-de-adesao-sisu-ufam.pdf\" target=\"_blank\">termo de ades&atilde;o ufam<\/a><\/div>\n<\/div><p>\n\n\n\n<div id=\"new-form\">\n\t<form id=\"forms_layout\">\n\t<input type=\"hidden\" id=\"chave_de\" name=\"chave_de\" value=\"01_EVEST_LEADS_TOTAIS\" \/>\n\t\t<input type=\"hidden\" id=\"mid\" name=\"mid\" value=\"515008983\" \/>\n\t\t<input type=\"hidden\" id=\"Objetivo\" name=\"Objetivo\" value=\"Vestibulares\" \/>\n\t\t<input type=\"hidden\" id=\"Estado_de_Origem_do_IP\" name=\"Estado_de_Origem_do_IP\"  value=\"\" \/>\n\t\t<input type=\"hidden\" id=\"Cidade_de_Origem_do_IP\" name=\"Cidade_de_Origem_do_IP\" value=\"\" \/>\n\t\t<input type=\"hidden\" id=\"Modo_de_entrada\" name=\"Modo_de_entrada\" value=\"Portal\" \/>\n\t\t<input type=\"hidden\" id=\"Pagina_Origem\" name=\"Pagina_Origem\" value=\"\" \/>\n\n\t\t<div class=\"texto\">\n\t\t\t<h3 class=\"news\">Inscreva-se em nossa newsletter\ud83e\udd89<\/h3>\n\t\t\t<p>Receba dicas de estudo gratuitas e saiba em primeira m\u00e3o as novidades sobre o Enem, Sisu, Encceja, Fuvest e outros vestibulares!<\/p>\n\t\t<\/div>\n\t\t<div class=\"campos\">\n\t\t\t<div class=\"first_name labels\">\n\t\t\t\t<input type=\"text\" class=\"input_labels\" id=\"first_name\" name=\"Nome_Completo\" placeholder=\"Nome\" required \/>\n\t\t\t<\/div>\n\t\t\t<div class=\"email labels\">\n\t\t\t\t<input type=\"email\" class=\"input_labels\" id=\"email\" name=\"Email\" placeholder=\"E-mail\" required \/>\n\t\t\t<\/div>\n\t\t\t<button type=\"submit\" class=\"button_layout\">\n\t\t\t\t<div id=\"lblBotao\">Inscreva-se<\/div>\n\t\t\t\t<span id=\"divSpiner\" class=\"loader\" role=\"status\" style=\"display: none;\"><\/span>\t\n\t\t\t<\/button>\n\t\t<\/div><!-- \/campos -->\n\t\t\n\t\t<label class=\"container_checkbox\">Voc\u00ea concorda com a nossa\n\t\t\t<a class=\"politics_privacy_ahref\" target=\"_blank\" href=\"https:\/\/gratis.estrategiaconcursos.com.br\/politica-de-privacidade\/\">Pol\u00edtica de Privacidade<\/a> e aceita receber informa\u00e7\u00f5es adicionais do Estrat\u00e9gia Educacional.\n\t\t\t<input id=\"checkbox_layout\" type=\"checkbox\" checked=\"checked\" required \/>\n\t\t\t<span class=\"checkbox\"><\/span>\n\t\t<\/label>\n\t\t<div id=\"msg\"><\/div>\n\t\t<div id=\"error\" class=\"error\">\n\t\t<\/div>\n\t<\/form>\n<\/div><!-- \/new-form -->\n\n\n\n<\/p><h2 class=\"wp-block-heading\" id=\"h-ufob\"><span class=\"ez-toc-section\" id=\"Ufob\"><\/span>Ufob<span class=\"ez-toc-section-end\"><\/span><\/h2><ul class=\"wp-block-list\">\n<li>30 cursos participantes do Sisu<\/li>\n\n\n\n<li><strong>Total de vagas ofertadas no Sisu: <\/strong>987 vagas<\/li>\n\n\n\n<li><strong>Vagas reservadas PPI (pretos, pardos e ind&iacute;genas): <\/strong>81,31%<\/li>\n\n\n\n<li><strong>Vagas reservadas PCDs (Pessoas com defici&ecirc;ncia):<\/strong> 8,65%<\/li>\n\n\n\n<li><strong>Vagas reservadas quilombolas:<\/strong> 2,81%<\/li>\n<\/ul><div class=\"wp-block-buttons is-content-justification-center is-layout-flex wp-container-core-buttons-is-layout-12 wp-block-buttons-is-layout-flex\">\n<div class=\"wp-block-button\"><a class=\"wp-block-button__link wp-element-button\" rel=\"nofollow\" href=\"https:\/\/vestibulares.estrategia.com\/portal\/wp-content\/uploads\/2025\/01\/termo-de-adesao-sisu-ufob.pdf\" target=\"_blank\">termo de ades&atilde;o ufob<\/a><\/div>\n<\/div><h2 class=\"wp-block-heading\" id=\"h-uefs\"><span class=\"ez-toc-section\" id=\"UEFS\"><\/span>UEFS<span class=\"ez-toc-section-end\"><\/span><\/h2><ul class=\"wp-block-list\">\n<li>31 cursos participantes do Sisu<\/li>\n\n\n\n<li><strong>Total de vagas ofertadas no Sisu: <\/strong>2.167 vagas<\/li>\n\n\n\n<li><strong>Vagas reservadas PPI (pretos, pardos e ind&iacute;genas): <\/strong>81,31%<\/li>\n\n\n\n<li><strong>Vagas reservadas PCDs (Pessoas com defici&ecirc;ncia):<\/strong> 8,65%<\/li>\n\n\n\n<li><strong>Vagas reservadas quilombolas:<\/strong> 2,81%<\/li>\n<\/ul><div class=\"wp-block-buttons is-content-justification-center is-layout-flex wp-container-core-buttons-is-layout-13 wp-block-buttons-is-layout-flex\">\n<div class=\"wp-block-button\"><a class=\"wp-block-button__link wp-element-button\" rel=\"nofollow\" href=\"https:\/\/vestibulares.estrategia.com\/portal\/wp-content\/uploads\/2025\/01\/termo-de-adesao-sisu-uefs.pdf\" target=\"_blank\">termo de ades&atilde;o uefs<\/a><\/div>\n<\/div><h2 class=\"wp-block-heading\" id=\"h-ufsb\"><span class=\"ez-toc-section\" id=\"UFSB\"><\/span>UFSB<span class=\"ez-toc-section-end\"><\/span><\/h2><ul class=\"wp-block-list\">\n<li>50 cursos participantes do Sisu<\/li>\n\n\n\n<li><strong>Total de vagas ofertadas no Sisu: <\/strong>2.168 vagas<\/li>\n\n\n\n<li><strong>Vagas reservadas PPI (pretos, pardos e ind&iacute;genas): <\/strong>81,31%<\/li>\n\n\n\n<li><strong>Vagas reservadas PCDs (Pessoas com defici&ecirc;ncia):<\/strong> 8,65%<\/li>\n\n\n\n<li><strong>Vagas reservadas quilombolas:<\/strong> 2,81%<\/li>\n<\/ul><div class=\"wp-block-buttons is-content-justification-center is-layout-flex wp-container-core-buttons-is-layout-14 wp-block-buttons-is-layout-flex\">\n<div class=\"wp-block-button\"><a class=\"wp-block-button__link wp-element-button\" rel=\"nofollow\" href=\"https:\/\/vestibulares.estrategia.com\/portal\/wp-content\/uploads\/2025\/01\/termo-de-adesao-sisu-ufsb.pdf\" target=\"_blank\">termo de ades&atilde;o ufsb<\/a><\/div>\n<\/div><h2 class=\"wp-block-heading\" id=\"h-ufca\"><span class=\"ez-toc-section\" id=\"UFCA\"><\/span>UFCA<span class=\"ez-toc-section-end\"><\/span><\/h2><ul class=\"wp-block-list\">\n<li>26 cursos participantes do Sisu<\/li>\n\n\n\n<li><strong>Total de vagas ofertadas no Sisu: <\/strong>1.293 vagas<\/li>\n\n\n\n<li><strong>Vagas reservadas PPI (pretos, pardos e ind&iacute;genas): <\/strong>72,12%<\/li>\n\n\n\n<li><strong>Vagas reservadas PCDs (Pessoas com defici&ecirc;ncia):<\/strong> 9,93%<\/li>\n\n\n\n<li><strong>Vagas reservadas quilombolas:<\/strong> 0,27%<\/li>\n<\/ul><div class=\"wp-block-buttons is-content-justification-center is-layout-flex wp-container-core-buttons-is-layout-15 wp-block-buttons-is-layout-flex\">\n<div class=\"wp-block-button\"><a class=\"wp-block-button__link wp-element-button\" rel=\"nofollow\" href=\"https:\/\/vestibulares.estrategia.com\/portal\/wp-content\/uploads\/2025\/01\/termo-de-adesao-sisu-ufca.pdf\" target=\"_blank\">termo de ades&atilde;o ufca<\/a><\/div>\n<\/div><h2 class=\"wp-block-heading\" id=\"h-ufcat\"><span class=\"ez-toc-section\" id=\"UFCat\"><\/span>UFCat<span class=\"ez-toc-section-end\"><\/span><\/h2><ul class=\"wp-block-list\">\n<li>28 cursos participantes do Sisu<\/li>\n\n\n\n<li><strong>Total de vagas ofertadas no Sisu: <\/strong>1.080 vagas<\/li>\n\n\n\n<li><strong>Vagas reservadas PPI (pretos, pardos e ind&iacute;genas): <\/strong>63,65%<\/li>\n\n\n\n<li><strong>Vagas reservadas PCDs (Pessoas com defici&ecirc;ncia):<\/strong> 7,74%<\/li>\n\n\n\n<li><strong>Vagas reservadas quilombolas:<\/strong> 0,43%<\/li>\n<\/ul><div class=\"wp-block-buttons is-content-justification-center is-layout-flex wp-container-core-buttons-is-layout-16 wp-block-buttons-is-layout-flex\">\n<div class=\"wp-block-button\"><a class=\"wp-block-button__link wp-element-button\" rel=\"nofollow\" href=\"https:\/\/vestibulares.estrategia.com\/portal\/wp-content\/uploads\/2025\/01\/termo-de-adesao-sisu-ufcat.pdf\" target=\"_blank\">termo de ades&atilde;o ufcat<\/a><\/div>\n<\/div><h2 class=\"wp-block-heading\" id=\"h-ufmt\"><span class=\"ez-toc-section\" id=\"UFMT\"><\/span>UFMT<span class=\"ez-toc-section-end\"><\/span><\/h2><ul class=\"wp-block-list\">\n<li>93 cursos participantes do Sisu<\/li>\n\n\n\n<li><strong>Total de vagas ofertadas no Sisu: <\/strong>4.959 vagas<\/li>\n\n\n\n<li><strong>Vagas reservadas PPI (pretos, pardos e ind&iacute;genas): <\/strong>67,46%<\/li>\n\n\n\n<li><strong>Vagas reservadas PCDs (Pessoas com defici&ecirc;ncia):<\/strong> 6,87%<\/li>\n\n\n\n<li><strong>Vagas reservadas quilombolas:<\/strong> 0,32%<\/li>\n<\/ul><div class=\"wp-block-buttons is-content-justification-center is-layout-flex wp-container-core-buttons-is-layout-17 wp-block-buttons-is-layout-flex\">\n<div class=\"wp-block-button\"><a class=\"wp-block-button__link wp-element-button\" rel=\"nofollow\" href=\"https:\/\/vestibulares.estrategia.com\/portal\/wp-content\/uploads\/2025\/01\/termo-de-adesao-sisu-ufmt.pdf\" target=\"_blank\">termo de ades&atilde;o ufmt<\/a><\/div>\n<\/div><h2 class=\"wp-block-heading\" id=\"h-ufcg\"><span class=\"ez-toc-section\" id=\"UFCG\"><\/span>UFCG<span class=\"ez-toc-section-end\"><\/span><\/h2><ul class=\"wp-block-list\">\n<li>92 cursos participantes do Sisu<\/li>\n\n\n\n<li><strong>Total de vagas ofertadas no Sisu: <\/strong>4.635 vagas<\/li>\n\n\n\n<li><strong>Vagas reservadas PPI (pretos, pardos e ind&iacute;genas): <\/strong>64,27%<\/li>\n\n\n\n<li><strong>Vagas reservadas PCDs (Pessoas com defici&ecirc;ncia):<\/strong> 9,77%<\/li>\n\n\n\n<li><strong>Vagas reservadas quilombolas:<\/strong> 0,42%<\/li>\n<\/ul><div class=\"wp-block-buttons is-content-justification-center is-layout-flex wp-container-core-buttons-is-layout-18 wp-block-buttons-is-layout-flex\">\n<div class=\"wp-block-button\"><a class=\"wp-block-button__link wp-element-button\" rel=\"nofollow\" href=\"https:\/\/vestibulares.estrategia.com\/portal\/wp-content\/uploads\/2025\/01\/termo-de-adesao-sisu-ufcg.pdf\" target=\"_blank\">termo de ades&atilde;o ufcg<\/a><\/div>\n<\/div><h2 class=\"wp-block-heading\" id=\"h-unemat\"><span class=\"ez-toc-section\" id=\"Unemat\"><\/span>Unemat<span class=\"ez-toc-section-end\"><\/span><\/h2><ul class=\"wp-block-list\">\n<li>58 cursos participantes do Sisu<\/li>\n\n\n\n<li><strong>Total de vagas ofertadas no Sisu: <\/strong>2.310 vagas<\/li>\n\n\n\n<li><strong>Vagas reservadas PPI (pretos, pardos e ind&iacute;genas): <\/strong>67,46%<\/li>\n\n\n\n<li><strong>Vagas reservadas PCDs (Pessoas com defici&ecirc;ncia):<\/strong> 6,87%<\/li>\n\n\n\n<li><strong>Vagas reservadas quilombolas:<\/strong> 0,32%<\/li>\n<\/ul><div class=\"wp-block-buttons is-content-justification-center is-layout-flex wp-container-core-buttons-is-layout-19 wp-block-buttons-is-layout-flex\">\n<div class=\"wp-block-button\"><a class=\"wp-block-button__link wp-element-button\" rel=\"nofollow\" href=\"https:\/\/vestibulares.estrategia.com\/portal\/wp-content\/uploads\/2025\/01\/termo-de-adesao-sisu-unemat.pdf\" target=\"_blank\">termo de ades&atilde;o unemat<\/a><\/div>\n<\/div><h2 class=\"wp-block-heading\" id=\"h-ufr\"><span class=\"ez-toc-section\" id=\"UFR\"><\/span>UFR<span class=\"ez-toc-section-end\"><\/span><\/h2><ul class=\"wp-block-list\">\n<li>25 cursos participantes do Sisu<\/li>\n\n\n\n<li><strong>Total de vagas ofertadas no Sisu: <\/strong>1.372 vagas<\/li>\n\n\n\n<li><strong>Vagas reservadas PPI (pretos, pardos e ind&iacute;genas): <\/strong>67,46%<\/li>\n\n\n\n<li><strong>Vagas reservadas PCDs (Pessoas com defici&ecirc;ncia):<\/strong> 6,87%<\/li>\n\n\n\n<li><strong>Vagas reservadas quilombolas:<\/strong> 0,32%<\/li>\n<\/ul><div class=\"wp-block-buttons is-content-justification-center is-layout-flex wp-container-core-buttons-is-layout-20 wp-block-buttons-is-layout-flex\">\n<div class=\"wp-block-button\"><a class=\"wp-block-button__link wp-element-button\" rel=\"nofollow\" href=\"https:\/\/vestibulares.estrategia.com\/portal\/wp-content\/uploads\/2025\/01\/termo-de-adesao-sisu-ufr.pdf\" target=\"_blank\">termo de ades&atilde;o ufr<\/a><\/div>\n<\/div><h2 class=\"wp-block-heading\" id=\"h-ufms\"><span class=\"ez-toc-section\" id=\"UFMS\"><\/span>UFMS<span class=\"ez-toc-section-end\"><\/span><\/h2><ul class=\"wp-block-list\">\n<li>125 cursos participantes do Sisu<\/li>\n\n\n\n<li><strong>Total de vagas ofertadas no Sisu: <\/strong>1.725 vagas<\/li>\n\n\n\n<li><strong>Vagas reservadas pretos e pardos<\/strong>: 53,43%<\/li>\n\n\n\n<li><strong>Vagas reservadas<\/strong> <strong>ind&iacute;genas: <\/strong>4,22%<\/li>\n\n\n\n<li><strong>Vagas reservadas PCDs (Pessoas com defici&ecirc;ncia):<\/strong> 7,43%<\/li>\n\n\n\n<li><strong>Vagas reservadas quilombolas:<\/strong> 0,09%<\/li>\n<\/ul><div class=\"wp-block-buttons is-content-justification-center is-layout-flex wp-container-core-buttons-is-layout-21 wp-block-buttons-is-layout-flex\">\n<div class=\"wp-block-button\"><a class=\"wp-block-button__link wp-element-button\" rel=\"nofollow\" href=\"https:\/\/vestibulares.estrategia.com\/portal\/wp-content\/uploads\/2025\/01\/termo-de-adesao-sisu-ufms.pdf\" target=\"_blank\">termo de ades&atilde;o ufms<\/a><\/div>\n<\/div><h2 class=\"wp-block-heading\" id=\"h-ufvjm\"><span class=\"ez-toc-section\" id=\"UFVJM\"><\/span>UFVJM<span class=\"ez-toc-section-end\"><\/span><\/h2><ul class=\"wp-block-list\">\n<li>44 cursos participantes do Sisu<\/li>\n\n\n\n<li><strong>Total de vagas ofertadas no Sisu: <\/strong>1.299 vagas<\/li>\n\n\n\n<li><strong>Vagas reservadas PPI (pretos, pardos e ind&iacute;genas): <\/strong>58,78%<\/li>\n\n\n\n<li><strong>Vagas reservadas PCDs (Pessoas com defici&ecirc;ncia):<\/strong> 8,43%<\/li>\n\n\n\n<li><strong>Vagas reservadas quilombolas:<\/strong> 0,66%<\/li>\n<\/ul><div class=\"wp-block-buttons is-content-justification-center is-layout-flex wp-container-core-buttons-is-layout-22 wp-block-buttons-is-layout-flex\">\n<div class=\"wp-block-button\"><a class=\"wp-block-button__link wp-element-button\" rel=\"nofollow\" href=\"https:\/\/vestibulares.estrategia.com\/portal\/wp-content\/uploads\/2025\/01\/termo-de-adesao-sisu-ufvjm.pdf\" target=\"_blank\">termo de ades&atilde;o ufvjm<\/a><\/div>\n<\/div><h2 class=\"wp-block-heading\" id=\"h-unifal-mg\"><span class=\"ez-toc-section\" id=\"Unifal-MG\"><\/span>Unifal-MG<span class=\"ez-toc-section-end\"><\/span><\/h2><ul class=\"wp-block-list\">\n<li>41 cursos participantes do Sisu<\/li>\n\n\n\n<li><strong>Total de vagas ofertadas no Sisu: <\/strong>1.689 vagas<\/li>\n\n\n\n<li><strong>Vagas reservadas PPI (pretos, pardos e ind&iacute;genas): <\/strong>58,78%<\/li>\n\n\n\n<li><strong>Vagas reservadas PCDs (Pessoas com defici&ecirc;ncia):<\/strong> 8,43%<\/li>\n\n\n\n<li><strong>Vagas reservadas quilombolas:<\/strong> 0,66%<\/li>\n<\/ul><div class=\"wp-block-buttons is-content-justification-center is-layout-flex wp-container-core-buttons-is-layout-23 wp-block-buttons-is-layout-flex\">\n<div class=\"wp-block-button\"><a class=\"wp-block-button__link wp-element-button\" rel=\"nofollow\" href=\"https:\/\/vestibulares.estrategia.com\/portal\/wp-content\/uploads\/2025\/01\/termo-de-adesao-sisu-unifal.pdf\" target=\"_blank\">termo de ades&atilde;o unifal-mg<\/a><\/div>\n<\/div><h2 class=\"wp-block-heading\" id=\"h-ufjf\"><span class=\"ez-toc-section\" id=\"UFJF\"><\/span>UFJF<span class=\"ez-toc-section-end\"><\/span><\/h2><ul class=\"wp-block-list\">\n<li>74 cursos participantes do Sisu<\/li>\n\n\n\n<li><strong>Total de vagas ofertadas no Sisu: <\/strong>2.251 vagas<\/li>\n\n\n\n<li><strong>Vagas reservadas PPI (pretos, pardos e ind&iacute;genas): <\/strong>58,78%<\/li>\n\n\n\n<li><strong>Vagas reservadas PCDs (Pessoas com defici&ecirc;ncia):<\/strong> 8,43%<\/li>\n\n\n\n<li><strong>Vagas reservadas quilombolas:<\/strong> 0,66%<\/li>\n<\/ul><div class=\"wp-block-buttons is-content-justification-center is-layout-flex wp-container-core-buttons-is-layout-24 wp-block-buttons-is-layout-flex\">\n<div class=\"wp-block-button\"><a class=\"wp-block-button__link wp-element-button\" rel=\"nofollow\" href=\"https:\/\/vestibulares.estrategia.com\/portal\/wp-content\/uploads\/2025\/01\/termo-de-adesao-sisu-ufjf.pdf\" target=\"_blank\">termo de ades&atilde;o ufjf<\/a><\/div>\n<\/div><h2 class=\"wp-block-heading\" id=\"h-ufsj\"><span class=\"ez-toc-section\" id=\"UFSJ\"><\/span>UFSJ<span class=\"ez-toc-section-end\"><\/span><\/h2><ul class=\"wp-block-list\">\n<li>58 cursos participantes do Sisu<\/li>\n\n\n\n<li><strong>Total de vagas ofertadas no Sisu: <\/strong>2.755 vagas<\/li>\n\n\n\n<li><strong>Vagas reservadas PPI (pretos, pardos e ind&iacute;genas): <\/strong>58,78%<\/li>\n\n\n\n<li><strong>Vagas reservadas PCDs (Pessoas com defici&ecirc;ncia):<\/strong> 8,43%<\/li>\n\n\n\n<li><strong>Vagas reservadas quilombolas:<\/strong> 0,66%<\/li>\n<\/ul><div class=\"wp-block-buttons is-content-justification-center is-layout-flex wp-container-core-buttons-is-layout-25 wp-block-buttons-is-layout-flex\">\n<div class=\"wp-block-button\"><a class=\"wp-block-button__link wp-element-button\" rel=\"nofollow\" href=\"https:\/\/vestibulares.estrategia.com\/portal\/wp-content\/uploads\/2025\/01\/termo-de-adesao-sisu-ufsj.pdf\" target=\"_blank\">termo de ades&atilde;o ufsj<\/a><\/div>\n<\/div><h2 class=\"wp-block-heading\" id=\"h-ufv\"><span class=\"ez-toc-section\" id=\"UFV\"><\/span>UFV<span class=\"ez-toc-section-end\"><\/span><\/h2><ul class=\"wp-block-list\">\n<li>66 cursos participantes do Sisu<\/li>\n\n\n\n<li><strong>Total de vagas ofertadas no Sisu: <\/strong>3.265 vagas<\/li>\n\n\n\n<li><strong>Vagas reservadas PPI (pretos, pardos e ind&iacute;genas): <\/strong>58,78%<\/li>\n\n\n\n<li><strong>Vagas reservadas PCDs (Pessoas com defici&ecirc;ncia):<\/strong> 8,43%<\/li>\n\n\n\n<li><strong>Vagas reservadas quilombolas:<\/strong> 0,66%<\/li>\n<\/ul><div class=\"wp-block-buttons is-content-justification-center is-layout-flex wp-container-core-buttons-is-layout-26 wp-block-buttons-is-layout-flex\">\n<div class=\"wp-block-button\"><a class=\"wp-block-button__link wp-element-button\" rel=\"nofollow\" href=\"https:\/\/vestibulares.estrategia.com\/portal\/wp-content\/uploads\/2025\/01\/termo-de-adesao-sisu-ufv.pdf\" target=\"_blank\">termo de ades&atilde;o ufv<\/a><\/div>\n<\/div><h2 class=\"wp-block-heading\" id=\"h-ufla\"><span class=\"ez-toc-section\" id=\"UFLA\"><\/span>UFLA<span class=\"ez-toc-section-end\"><\/span><\/h2><ul class=\"wp-block-list\">\n<li>33 cursos participantes do Sisu<\/li>\n\n\n\n<li><strong>Total de vagas ofertadas no Sisu: <\/strong>2.005 vagas<\/li>\n\n\n\n<li><strong>Vagas reservadas PPI (pretos, pardos e ind&iacute;genas): <\/strong>58,78%<\/li>\n\n\n\n<li><strong>Vagas reservadas PCDs (Pessoas com defici&ecirc;ncia):<\/strong> 8,43%<\/li>\n\n\n\n<li><strong>Vagas reservadas quilombolas:<\/strong> 0,66%<\/li>\n<\/ul><div class=\"wp-block-buttons is-content-justification-center is-layout-flex wp-container-core-buttons-is-layout-27 wp-block-buttons-is-layout-flex\">\n<div class=\"wp-block-button\"><a class=\"wp-block-button__link wp-element-button\" rel=\"nofollow\" href=\"https:\/\/vestibulares.estrategia.com\/portal\/wp-content\/uploads\/2025\/01\/termo-de-adesao-sisu-ufla.pdf\" target=\"_blank\">termo de ades&atilde;o ufla<\/a><\/div>\n<\/div><h2 class=\"wp-block-heading\" id=\"h-ufop\"><span class=\"ez-toc-section\" id=\"Ufop\"><\/span>Ufop<span class=\"ez-toc-section-end\"><\/span><\/h2><ul class=\"wp-block-list\">\n<li>71 cursos participantes do Sisu<\/li>\n\n\n\n<li><strong>Total de vagas ofertadas no Sisu: <\/strong>2.799 vagas<\/li>\n\n\n\n<li><strong>Vagas reservadas PPI (pretos, pardos e ind&iacute;genas): <\/strong>58,78%<\/li>\n\n\n\n<li><strong>Vagas reservadas PCDs (Pessoas com defici&ecirc;ncia):<\/strong> 8,43%<\/li>\n\n\n\n<li><strong>Vagas reservadas quilombolas:<\/strong> 0,66%<\/li>\n<\/ul><div class=\"wp-block-buttons is-content-justification-center is-layout-flex wp-container-core-buttons-is-layout-28 wp-block-buttons-is-layout-flex\">\n<div class=\"wp-block-button\"><a class=\"wp-block-button__link wp-element-button\" rel=\"nofollow\" href=\"https:\/\/vestibulares.estrategia.com\/portal\/wp-content\/uploads\/2025\/01\/termo-de-adesao-sisu-ufop.pdf\" target=\"_blank\">termo de ades&atilde;o ufob<\/a><\/div>\n<\/div><h2 class=\"wp-block-heading\" id=\"h-uemg\"><span class=\"ez-toc-section\" id=\"Uemg\"><\/span>Uemg<span class=\"ez-toc-section-end\"><\/span><\/h2><ul class=\"wp-block-list\">\n<li>151 cursos participantes do Sisu<\/li>\n\n\n\n<li><strong>Total de vagas ofertadas no Sisu: <\/strong>1.531 vagas<\/li>\n\n\n\n<li><strong>Vagas reservadas PPI (pretos, pardos e ind&iacute;genas): <\/strong>58,78%<\/li>\n\n\n\n<li><strong>Vagas reservadas PCDs (Pessoas com defici&ecirc;ncia):<\/strong> 8,43%<\/li>\n\n\n\n<li><strong>Vagas reservadas quilombolas:<\/strong> 0,66%<\/li>\n<\/ul><div class=\"wp-block-buttons is-content-justification-center is-layout-flex wp-container-core-buttons-is-layout-29 wp-block-buttons-is-layout-flex\">\n<div class=\"wp-block-button\"><a class=\"wp-block-button__link wp-element-button\" rel=\"nofollow\" href=\"https:\/\/vestibulares.estrategia.com\/portal\/wp-content\/uploads\/2025\/01\/termo-de-adesao-sisu-uemg.pdf\" target=\"_blank\">term de ades&atilde;o uemg<\/a><\/div>\n<\/div><h2 class=\"wp-block-heading\" id=\"h-uftm\"><span class=\"ez-toc-section\" id=\"UFTM\"><\/span>UFTM<span class=\"ez-toc-section-end\"><\/span><\/h2><ul class=\"wp-block-list\">\n<li>27 cursos participantes do Sisu<\/li>\n\n\n\n<li><strong>Total de vagas ofertadas no Sisu: <\/strong>944 vagas<\/li>\n\n\n\n<li><strong>Vagas reservadas PPI (pretos, pardos e ind&iacute;genas): <\/strong>58,78%<\/li>\n\n\n\n<li><strong>Vagas reservadas PCDs (Pessoas com defici&ecirc;ncia):<\/strong> 8,43%<\/li>\n\n\n\n<li><strong>Vagas reservadas quilombolas:<\/strong> 0,66%<\/li>\n<\/ul><div class=\"wp-block-buttons is-content-justification-center is-layout-flex wp-container-core-buttons-is-layout-30 wp-block-buttons-is-layout-flex\">\n<div class=\"wp-block-button\"><a class=\"wp-block-button__link wp-element-button\" rel=\"nofollow\" href=\"https:\/\/vestibulares.estrategia.com\/portal\/wp-content\/uploads\/2025\/01\/termo-de-adesao-sisu-uftm.pdf\" target=\"_blank\">termo de ades&atilde;o uftm<\/a><\/div>\n<\/div><h2 class=\"wp-block-heading\" id=\"h-unimontes\"><span class=\"ez-toc-section\" id=\"Unimontes\"><\/span>Unimontes<span class=\"ez-toc-section-end\"><\/span><\/h2><ul class=\"wp-block-list\">\n<li>68 cursos participantes do Sisu<\/li>\n\n\n\n<li><strong>Total de vagas ofertadas no Sisu: <\/strong>520 vagas<\/li>\n\n\n\n<li><strong>Vagas reservadas PPI (pretos, pardos e ind&iacute;genas): <\/strong>58,78%<\/li>\n\n\n\n<li><strong>Vagas reservadas PCDs (Pessoas com defici&ecirc;ncia):<\/strong> 8,43%<\/li>\n\n\n\n<li><strong>Vagas reservadas quilombolas:<\/strong> 0,66%<\/li>\n<\/ul><div class=\"wp-block-buttons is-content-justification-center is-layout-flex wp-container-core-buttons-is-layout-31 wp-block-buttons-is-layout-flex\">\n<div class=\"wp-block-button\"><a class=\"wp-block-button__link wp-element-button\" rel=\"nofollow\" href=\"https:\/\/vestibulares.estrategia.com\/portal\/wp-content\/uploads\/2025\/01\/termo-de-adesao-sisu-unimontes.pdf\" target=\"_blank\">termo de ades&atilde;o unimontes<\/a><\/div>\n<\/div><h2 class=\"wp-block-heading\" id=\"h-ufpb\"><span class=\"ez-toc-section\" id=\"UFPB\"><\/span>UFPB<span class=\"ez-toc-section-end\"><\/span><\/h2><ul class=\"wp-block-list\">\n<li>123 cursos participantes do Sisu<\/li>\n\n\n\n<li><strong>Total de vagas ofertadas no Sisu: <\/strong>7.845 vagas<\/li>\n\n\n\n<li><strong>Vagas reservadas PPI (pretos, pardos e ind&iacute;genas): <\/strong>64,27%<\/li>\n\n\n\n<li><strong>Vagas reservadas PCDs (Pessoas com defici&ecirc;ncia):<\/strong> 9,77%<\/li>\n\n\n\n<li><strong>Vagas reservadas quilombolas:<\/strong> 0,42%<\/li>\n<\/ul><div class=\"wp-block-buttons is-content-justification-center is-layout-flex wp-container-core-buttons-is-layout-32 wp-block-buttons-is-layout-flex\">\n<div class=\"wp-block-button\"><a class=\"wp-block-button__link wp-element-button\" rel=\"nofollow\" href=\"https:\/\/vestibulares.estrategia.com\/portal\/wp-content\/uploads\/2025\/01\/termo-de-adesao-sisu-ufpb.pdf\" target=\"_blank\">termo de ades&atilde;o ufpb<\/a><\/div>\n<\/div><h2 class=\"wp-block-heading\" id=\"h-ufpe\"><span class=\"ez-toc-section\" id=\"UFPE\"><\/span>UFPE<span class=\"ez-toc-section-end\"><\/span><\/h2><ul class=\"wp-block-list\">\n<li>115 cursos participantes do Sisu<\/li>\n\n\n\n<li><strong>Total de vagas ofertadas no Sisu: <\/strong>7.052 vagas<\/li>\n\n\n\n<li><strong>Vagas reservadas PPI pretos e pardos: <\/strong>65,31%<\/li>\n\n\n\n<li><strong>Vagas reservadas ind&iacute;genas:<\/strong> 1,18%<\/li>\n\n\n\n<li><strong>Vagas reservadas PCDs (Pessoas com defici&ecirc;ncia):<\/strong> 9,84%<\/li>\n\n\n\n<li><strong>Vagas reservadas quilombolas:<\/strong> 0,87%<\/li>\n<\/ul><div class=\"wp-block-buttons is-content-justification-center is-layout-flex wp-container-core-buttons-is-layout-33 wp-block-buttons-is-layout-flex\">\n<div class=\"wp-block-button\"><a class=\"wp-block-button__link wp-element-button\" rel=\"nofollow\" href=\"https:\/\/vestibulares.estrategia.com\/portal\/wp-content\/uploads\/2025\/01\/termo-de-adesao-sisu-ufpe.pdf\" target=\"_blank\">termo de ades&atilde;o ufpe<\/a><\/div>\n<\/div><h2 class=\"wp-block-heading\" id=\"h-ufpr\"><span class=\"ez-toc-section\" id=\"UFPR\"><\/span>UFPR<span class=\"ez-toc-section-end\"><\/span><\/h2><ul class=\"wp-block-list\">\n<li>121 cursos participantes do Sisu<\/li>\n\n\n\n<li><strong>Total de vagas ofertadas no Sisu: <\/strong>1.314 vagas<\/li>\n\n\n\n<li><strong>Vagas reservadas PPI (pretos, pardos e ind&iacute;genas): <\/strong>34,57%<\/li>\n\n\n\n<li><strong>Vagas reservadas PCDs (Pessoas com defici&ecirc;ncia):<\/strong> 7,92%<\/li>\n\n\n\n<li><strong>Vagas reservadas quilombolas:<\/strong> 0,06%<\/li>\n<\/ul><div class=\"wp-block-buttons is-content-justification-center is-layout-flex wp-container-core-buttons-is-layout-34 wp-block-buttons-is-layout-flex\">\n<div class=\"wp-block-button\"><a class=\"wp-block-button__link wp-element-button\" rel=\"nofollow\" href=\"https:\/\/vestibulares.estrategia.com\/portal\/wp-content\/uploads\/2025\/01\/termo-de-adesao-sisu-ufpr.pdf\" target=\"_blank\">term de ades&atilde;o ufpr<\/a><\/div>\n<\/div><h2 class=\"wp-block-heading\" id=\"h-univasf\"><span class=\"ez-toc-section\" id=\"Univasf\"><\/span>Univasf<span class=\"ez-toc-section-end\"><\/span><\/h2><ul class=\"wp-block-list\">\n<li>33 cursos participantes do Sisu<\/li>\n\n\n\n<li><strong>Total de vagas ofertadas no Sisu: <\/strong>1.740 vagas<\/li>\n\n\n\n<li><strong>Vagas reservadas PPI (pretos, pardos e ind&iacute;genas): <\/strong>66,49%<\/li>\n\n\n\n<li><strong>Vagas reservadas PCDs (Pessoas com defici&ecirc;ncia):<\/strong> 9,84%<\/li>\n\n\n\n<li><strong>Vagas reservadas quilombolas:<\/strong> 0,87%<\/li>\n<\/ul><div class=\"wp-block-buttons is-content-justification-center is-layout-flex wp-container-core-buttons-is-layout-35 wp-block-buttons-is-layout-flex\">\n<div class=\"wp-block-button\"><a class=\"wp-block-button__link wp-element-button\" rel=\"nofollow\" href=\"https:\/\/vestibulares.estrategia.com\/portal\/wp-content\/uploads\/2025\/01\/termo-de-adesao-sisu-univasf.pdf\" target=\"_blank\">termo de ades&atilde;o univasf<\/a><\/div>\n<\/div><h2 class=\"wp-block-heading\" id=\"h-ufrj\"><span class=\"ez-toc-section\" id=\"UFRJ\"><\/span>UFRJ<span class=\"ez-toc-section-end\"><\/span><\/h2><ul class=\"wp-block-list\">\n<li>150 cursos participantes do Sisu<\/li>\n\n\n\n<li><strong>Total de vagas ofertadas no Sisu: <\/strong>9.050 vagas<\/li>\n\n\n\n<li><strong>Vagas reservadas PPI (pretos, pardos e ind&iacute;genas): <\/strong>57,89%&nbsp;<\/li>\n\n\n\n<li><strong>Vagas reservadas PCDs (Pessoas com defici&ecirc;ncia):<\/strong> 8,11%<\/li>\n\n\n\n<li><strong>Vagas reservadas quilombolas:<\/strong> 0,13%<\/li>\n<\/ul><div class=\"wp-block-buttons is-content-justification-center is-layout-flex wp-container-core-buttons-is-layout-36 wp-block-buttons-is-layout-flex\">\n<div class=\"wp-block-button\"><a class=\"wp-block-button__link wp-element-button\" rel=\"nofollow\" href=\"https:\/\/vestibulares.estrategia.com\/portal\/wp-content\/uploads\/2025\/01\/termo-de-adesao-sisu-ufrj.pdf\" target=\"_blank\">termo de ades&atilde;o ufrj<\/a><\/div>\n<\/div><h2 class=\"wp-block-heading\" id=\"h-ufpi\"><span class=\"ez-toc-section\" id=\"UFPI\"><\/span>UFPI<span class=\"ez-toc-section-end\"><\/span><\/h2><ul class=\"wp-block-list\">\n<li>89 cursos participantes do Sisu<\/li>\n\n\n\n<li><strong>Total de vagas ofertadas no Sisu: <\/strong>5.334 vagas<\/li>\n\n\n\n<li><strong>Vagas reservadas PPI (pretos, pardos e ind&iacute;genas): <\/strong>77,30%<\/li>\n\n\n\n<li><strong>Vagas reservadas PCDs (Pessoas com defici&ecirc;ncia):<\/strong> 10,29%<\/li>\n\n\n\n<li><strong>Vagas reservadas quilombolas:<\/strong> 0,97%<\/li>\n<\/ul><div class=\"wp-block-buttons is-content-justification-center is-layout-flex wp-container-core-buttons-is-layout-37 wp-block-buttons-is-layout-flex\">\n<div class=\"wp-block-button\"><a class=\"wp-block-button__link wp-element-button\" rel=\"nofollow\" href=\"https:\/\/vestibulares.estrategia.com\/portal\/wp-content\/uploads\/2025\/01\/termo-de-adesao-sisu-ufpi.pdf\" target=\"_blank\">termo de ades&atilde;o ufpi<\/a><\/div>\n<\/div><h2 class=\"wp-block-heading\" id=\"h-ufrn\"><span class=\"ez-toc-section\" id=\"UFRN\"><\/span>UFRN<span class=\"ez-toc-section-end\"><\/span><\/h2><ul class=\"wp-block-list\">\n<li>121 cursos participantes do Sisu<\/li>\n\n\n\n<li><strong>Total de vagas ofertadas no Sisu: <\/strong>7.231 vagas<\/li>\n\n\n\n<li><strong>Vagas reservadas PPI (pretos, pardos e ind&iacute;genas): <\/strong>60,42%<\/li>\n\n\n\n<li><strong>Vagas reservadas PCDs (Pessoas com defici&ecirc;ncia):<\/strong> 9,97%<\/li>\n\n\n\n<li><strong>Vagas reservadas quilombolas:<\/strong> 0,68%<\/li>\n<\/ul><div class=\"wp-block-buttons is-content-justification-center is-layout-flex wp-container-core-buttons-is-layout-38 wp-block-buttons-is-layout-flex\">\n<div class=\"wp-block-button\"><a class=\"wp-block-button__link wp-element-button\" rel=\"nofollow\" href=\"https:\/\/vestibulares.estrategia.com\/portal\/wp-content\/uploads\/2025\/01\/termo-de-adesao-sisu-ufrn.pdf\" target=\"_blank\">termo de ades&atilde;o ufrn<\/a><\/div>\n<\/div><h2 class=\"wp-block-heading\" id=\"h-ufersa\"><span class=\"ez-toc-section\" id=\"Ufersa\"><\/span>Ufersa<span class=\"ez-toc-section-end\"><\/span><\/h2><ul class=\"wp-block-list\">\n<li>30 cursos participantes do Sisu<\/li>\n\n\n\n<li><strong>Total de vagas ofertadas no Sisu: <\/strong>2.755 vagas<\/li>\n\n\n\n<li><strong>Vagas reservadas PPI (pretos, pardos e ind&iacute;genas): <\/strong>60,42%<\/li>\n\n\n\n<li><strong>Vagas reservadas PCDs (Pessoas com defici&ecirc;ncia):<\/strong> 9,97%<\/li>\n\n\n\n<li><strong>Vagas reservadas quilombolas:<\/strong> 0,68%<\/li>\n<\/ul><div class=\"wp-block-buttons is-content-justification-center is-layout-flex wp-container-core-buttons-is-layout-39 wp-block-buttons-is-layout-flex\">\n<div class=\"wp-block-button\"><a class=\"wp-block-button__link wp-element-button\" rel=\"nofollow\" href=\"https:\/\/vestibulares.estrategia.com\/portal\/wp-content\/uploads\/2025\/01\/termo-de-adesao-sisu-ufersa.pdf\" target=\"_blank\">termo de ades&atilde;o ufersa<\/a><\/div>\n<\/div><h2 class=\"wp-block-heading\" id=\"h-unipampa\"><span class=\"ez-toc-section\" id=\"Unipampa\"><\/span>Unipampa<span class=\"ez-toc-section-end\"><\/span><\/h2><ul class=\"wp-block-list\">\n<li>68 cursos participantes do Sisu<\/li>\n\n\n\n<li><strong>Total de vagas ofertadas no Sisu: <\/strong>2.050 vagas<\/li>\n\n\n\n<li><strong>Vagas reservadas PPI (pretos, pardos e ind&iacute;genas): <\/strong>21,52%<\/li>\n\n\n\n<li><strong>Vagas reservadas PCDs (Pessoas com defici&ecirc;ncia):<\/strong> 8,78%<\/li>\n\n\n\n<li><strong>Vagas reservadas quilombolas:<\/strong> 0,16%<\/li>\n<\/ul><div class=\"wp-block-buttons is-content-justification-center is-layout-flex wp-container-core-buttons-is-layout-40 wp-block-buttons-is-layout-flex\">\n<div class=\"wp-block-button\"><a class=\"wp-block-button__link wp-element-button\" rel=\"nofollow\" href=\"https:\/\/vestibulares.estrategia.com\/portal\/wp-content\/uploads\/2025\/01\/termo-de-adesao-sisu-unipampa.pdf\" target=\"_blank\">termo de ades&atilde;o unipampa<\/a><\/div>\n<\/div><h2 class=\"wp-block-heading\" id=\"h-ufrgs\"><span class=\"ez-toc-section\" id=\"UFRGS\"><\/span>UFRGS<span class=\"ez-toc-section-end\"><\/span><\/h2><ul class=\"wp-block-list\">\n<li>100 cursos participantes do Sisu<\/li>\n\n\n\n<li><strong>Total de vagas ofertadas no Sisu: <\/strong>1.718 vagas<\/li>\n\n\n\n<li><strong>Vagas reservadas PPI (pretos, pardos e ind&iacute;genas): <\/strong>21,52%<\/li>\n\n\n\n<li><strong>Vagas reservadas PCDs (Pessoas com defici&ecirc;ncia):<\/strong> 8,78%<\/li>\n\n\n\n<li><strong>Vagas reservadas quilombolas:<\/strong> 0,16%<\/li>\n<\/ul><div class=\"wp-block-buttons is-content-justification-center is-layout-flex wp-container-core-buttons-is-layout-41 wp-block-buttons-is-layout-flex\">\n<div class=\"wp-block-button\"><a class=\"wp-block-button__link wp-element-button\" rel=\"nofollow\" href=\"https:\/\/vestibulares.estrategia.com\/portal\/wp-content\/uploads\/2025\/01\/termo-de-adesao-sisu-ufrgs.pdf\" target=\"_blank\">termo de ades&atilde;o ufrgs<\/a><\/div>\n<\/div><h2 class=\"wp-block-heading\" id=\"h-ufpel\"><span class=\"ez-toc-section\" id=\"UFPel\"><\/span>UFPel<span class=\"ez-toc-section-end\"><\/span><\/h2><ul class=\"wp-block-list\">\n<li>96 cursos participantes do Sisu<\/li>\n\n\n\n<li><strong>Total de vagas ofertadas no Sisu: <\/strong>3.526 vagas<\/li>\n\n\n\n<li><strong>Vagas reservadas PPI (pretos, pardos e ind&iacute;genas): <\/strong>21,52%<\/li>\n\n\n\n<li><strong>Vagas reservadas PCDs (Pessoas com defici&ecirc;ncia):<\/strong> 8,78%<\/li>\n\n\n\n<li><strong>Vagas reservadas quilombolas:<\/strong> 0,16%<\/li>\n<\/ul><div class=\"wp-block-buttons is-content-justification-center is-layout-flex wp-container-core-buttons-is-layout-42 wp-block-buttons-is-layout-flex\">\n<div class=\"wp-block-button\"><a class=\"wp-block-button__link wp-element-button\" rel=\"nofollow\" href=\"https:\/\/vestibulares.estrategia.com\/portal\/wp-content\/uploads\/2025\/01\/termo-de-adesao-sisu-ufpel.pdf\" target=\"_blank\">termo de ades&atilde;o ufpel<\/a><\/div>\n<\/div><h2 class=\"wp-block-heading\" id=\"h-ufsc\"><span class=\"ez-toc-section\" id=\"UFSC\"><\/span>UFSC<span class=\"ez-toc-section-end\"><\/span><\/h2><ul class=\"wp-block-list\">\n<li>100 cursos participantes do Sisu<\/li>\n\n\n\n<li><strong>Total de vagas ofertadas no Sisu: <\/strong>1.935 vagas<\/li>\n\n\n\n<li><strong>Vagas reservadas PPI (pretos, pardos e ind&iacute;genas): <\/strong>23,58%<\/li>\n\n\n\n<li><strong>Vagas reservadas PCDs (Pessoas com defici&ecirc;ncia):<\/strong> 7,70%<\/li>\n\n\n\n<li><strong>Vagas reservadas quilombolas:<\/strong> 0,06%<\/li>\n<\/ul><div class=\"wp-block-buttons is-content-justification-center is-layout-flex wp-container-core-buttons-is-layout-43 wp-block-buttons-is-layout-flex\">\n<div class=\"wp-block-button\"><a class=\"wp-block-button__link wp-element-button\" rel=\"nofollow\" href=\"https:\/\/vestibulares.estrategia.com\/portal\/wp-content\/uploads\/2025\/01\/termo-de-adesao-sisu-ufsc.pdf\" target=\"_blank\">termo de ades&atilde;o ufsc<\/a><\/div>\n<\/div><p>\n\n\n\n<div class=\"estrategia-catalog\"><h3>Cursos Selecionados<\/h3><div class=\"carrossel-product\"><div><h4>ENEM TOP - 12 Meses<\/h4><div class=\"cat-description\">O ENEM Top \u00e9 o pacote de prepara\u00e7\u00e3o intensiva do Estrat\u00e9gia Vestibulares para o Exame Nacional do Ensino M\u00e9dio. Com ele, voc\u00ea ter\u00e1 acesso a conte\u00fados e ferramentas que aceleram seus estudos e o aproximam da aprova\u00e7\u00e3o nas principais universidades do pa\u00eds.<\/div><div class=\"cat-price\"><span>12x<\/span> R$ 141,41<\/div><div class=\"cat-sale\">No Cart\u00e3o de Cr\u00e9dito ou 10% de desconto no Boleto ou Pix \u00e0 vista: R$ 1.527,30<\/div><a href=\"https:\/\/vestibulares.estrategia.com\/curso\/enem-top-12-meses\/?utm_source=portal&amp;utm_medium=post&amp;utm_campaign=evest-x-vd-seo-portal-v-catalogo\" class=\"estrategia-button\" target=\"_blank\">Saiba mais<\/a><\/div><div><h4>ENEM MED Exclusive - 12 Meses<\/h4><div class=\"cat-description\">O ENEM Med Exclusive \u00e9 o pacote de prepara\u00e7\u00e3o completa do Estrat\u00e9gia Vestibulares voltado especialmente para quem deseja ingressar em Medicina por meio do Exame Nacional do Ensino M\u00e9dio (ENEM). Com uma metodologia direcionada e materiais selecionados, voc\u00ea poder\u00e1 ter seus estudos realizados de forma integral com especialistas, se aproximando cada vez mais da t\u00e3o sonhada aprova\u00e7\u00e3o em um dos cursos mais concorridos do pa\u00eds.<\/div><div class=\"cat-price\"><span>12x<\/span> R$ 174,75<\/div><div class=\"cat-sale\">No Cart\u00e3o de Cr\u00e9dito ou 10% de desconto no Boleto ou Pix \u00e0 vista: R$ 1.887,30<\/div><a href=\"https:\/\/vestibulares.estrategia.com\/curso\/enem-med-exclusive-12-meses\/?utm_source=portal&amp;utm_medium=post&amp;utm_campaign=evest-x-vd-seo-portal-v-catalogo\" class=\"estrategia-button\" target=\"_blank\">Saiba mais<\/a><\/div><div><h4>Curso Interativo ENEM - F\u00edsica - Prof. Henrique Goulart<\/h4><div class=\"cat-description\">Curso Interativo ENEM - F\u00edsica - Prof. Henrique Goulart<\/div><div class=\"cat-price\"><span>12x<\/span> R$ 20,83<\/div><div class=\"cat-sale\">No Cart\u00e3o de Cr\u00e9dito ou 10% de desconto no Boleto ou Pix \u00e0 vista: R$ 225,00<\/div><a href=\"https:\/\/vestibulares.estrategia.com\/curso\/curso-interativo-enem-fisica-prof-henrique-goulart\/?utm_source=portal&amp;utm_medium=post&amp;utm_campaign=evest-x-vd-seo-portal-v-catalogo\" class=\"estrategia-button\" target=\"_blank\">Saiba mais<\/a><\/div><div><h4>Curso Interativo ENEM - Geografia - Prof.\u00aa Priscila Lima<\/h4><div class=\"cat-description\">Curso Interativo ENEM - Geografia - Prof.\u00aa Priscila Lima<\/div><div class=\"cat-price\"><span>12x<\/span> R$ 20,83<\/div><div class=\"cat-sale\">No Cart\u00e3o de Cr\u00e9dito ou 10% de desconto no Boleto ou Pix \u00e0 vista: R$ 225,00<\/div><a href=\"https:\/\/vestibulares.estrategia.com\/curso\/curso-interativo-enem-geografia-prof-priscila-lima\/?utm_source=portal&amp;utm_medium=post&amp;utm_campaign=evest-x-vd-seo-portal-v-catalogo\" class=\"estrategia-button\" target=\"_blank\">Saiba mais<\/a><\/div><div><h4>Curso Interativo ENEM - Qu\u00edmica - Prof. Guilherme Alves<\/h4><div class=\"cat-description\">Curso Interativo ENEM - Qu\u00edmica - Prof. Guilherme Alves<\/div><div class=\"cat-price\"><span>12x<\/span> R$ 33,33<\/div><div class=\"cat-sale\">No Cart\u00e3o de Cr\u00e9dito ou 10% de desconto no Boleto ou Pix \u00e0 vista: R$ 360,00<\/div><a href=\"https:\/\/vestibulares.estrategia.com\/curso\/curso-interativo-enem-quimica-prof-guilherme-alves\/?utm_source=portal&amp;utm_medium=post&amp;utm_campaign=evest-x-vd-seo-portal-v-catalogo\" class=\"estrategia-button\" target=\"_blank\">Saiba mais<\/a><\/div><div><h4>Curso Interativo ENEM - Geografia - Prof. Saulo Takami<\/h4><div class=\"cat-description\">Curso Interativo ENEM - Geografia - Prof. Saulo Takami<\/div><div class=\"cat-price\"><span>12x<\/span> R$ 33,33<\/div><div class=\"cat-sale\">No Cart\u00e3o de Cr\u00e9dito ou 10% de desconto no Boleto ou Pix \u00e0 vista: R$ 360,00<\/div><a href=\"https:\/\/vestibulares.estrategia.com\/curso\/curso-interativo-enem-geografia-prof-saulo-takami\/?utm_source=portal&amp;utm_medium=post&amp;utm_campaign=evest-x-vd-seo-portal-v-catalogo\" class=\"estrategia-button\" target=\"_blank\">Saiba mais<\/a><\/div><div><h4>Curso Interativo ENEM - Literatura - Prof.\u00aa Luana Signorelli<\/h4><div class=\"cat-description\">Curso Interativo ENEM - Literatura - Prof.\u00aa Luana Signorelli<\/div><div class=\"cat-price\"><span>12x<\/span> R$ 33,33<\/div><div class=\"cat-sale\">No Cart\u00e3o de Cr\u00e9dito ou 10% de desconto no Boleto ou Pix \u00e0 vista: R$ 360,00<\/div><a href=\"https:\/\/vestibulares.estrategia.com\/curso\/curso-interativo-enem-literatura-prof-luana-signorelli\/?utm_source=portal&amp;utm_medium=post&amp;utm_campaign=evest-x-vd-seo-portal-v-catalogo\" class=\"estrategia-button\" target=\"_blank\">Saiba mais<\/a><\/div><div><h4>Curso Interativo ENEM - Sociologia - Prof.\u00aa Al\u00ea Lopes<\/h4><div class=\"cat-description\">Curso Interativo ENEM - Sociologia - Prof.\u00aa Al\u00ea Lopes<\/div><div class=\"cat-price\"><span>12x<\/span> R$ 20,83<\/div><div class=\"cat-sale\">No Cart\u00e3o de Cr\u00e9dito ou 10% de desconto no Boleto ou Pix \u00e0 vista: R$ 225,00<\/div><a href=\"https:\/\/vestibulares.estrategia.com\/curso\/curso-interativo-enem-sociologia-prof-ale-lopes\/?utm_source=portal&amp;utm_medium=post&amp;utm_campaign=evest-x-vd-seo-portal-v-catalogo\" class=\"estrategia-button\" target=\"_blank\">Saiba mais<\/a><\/div><div><h4>Curso Interativo ENEM - Biologia - Prof.\u00aa Bruna Klassa<\/h4><div class=\"cat-description\">Curso Interativo ENEM - Biologia - Prof.\u00aa Bruna Klassa<\/div><div class=\"cat-price\"><span>12x<\/span> R$ 20,83<\/div><div class=\"cat-sale\">No Cart\u00e3o de Cr\u00e9dito ou 10% de desconto no Boleto ou Pix \u00e0 vista: R$ 225,00<\/div><a href=\"https:\/\/vestibulares.estrategia.com\/curso\/curso-interativo-enem-biologia-prof-bruna-klassa\/?utm_source=portal&amp;utm_medium=post&amp;utm_campaign=evest-x-vd-seo-portal-v-catalogo\" class=\"estrategia-button\" target=\"_blank\">Saiba mais<\/a><\/div><div><h4>Curso Interativo ENEM - Qu\u00edmica - Prof. Gabriel Prazeres<\/h4><div class=\"cat-description\">Curso Interativo ENEM - Qu\u00edmica - Prof. Gabriel Prazeres<\/div><div class=\"cat-price\"><span>12x<\/span> R$ 33,33<\/div><div class=\"cat-sale\">No Cart\u00e3o de Cr\u00e9dito ou 10% de desconto no Boleto ou Pix \u00e0 vista: R$ 360,00<\/div><a href=\"https:\/\/vestibulares.estrategia.com\/curso\/curso-interativo-enem-quimica-prof-gabriel-prazeres\/?utm_source=portal&amp;utm_medium=post&amp;utm_campaign=evest-x-vd-seo-portal-v-catalogo\" class=\"estrategia-button\" target=\"_blank\">Saiba mais<\/a><\/div><div><h4>Curso Interativo ENEM - Filosofia - Prof. Fernando Andrade<\/h4><div class=\"cat-description\">Curso Interativo ENEM - Filosofia - Prof. Fernando Andrade<\/div><div class=\"cat-price\"><span>12x<\/span> R$ 20,83<\/div><div class=\"cat-sale\">No Cart\u00e3o de Cr\u00e9dito ou 10% de desconto no Boleto ou Pix \u00e0 vista: R$ 225,00<\/div><a href=\"https:\/\/vestibulares.estrategia.com\/curso\/curso-interativo-enem-filosofia-prof-fernando-andrade\/?utm_source=portal&amp;utm_medium=post&amp;utm_campaign=evest-x-vd-seo-portal-v-catalogo\" class=\"estrategia-button\" target=\"_blank\">Saiba mais<\/a><\/div><div><h4>Curso Interativo ENEM - Artes - Prof.\u00aa Celina Gil<\/h4><div class=\"cat-description\">Curso Interativo ENEM - Artes - Prof.\u00aa Celina Gil<\/div><div class=\"cat-price\"><span>12x<\/span> R$ 20,83<\/div><div class=\"cat-sale\">No Cart\u00e3o de Cr\u00e9dito ou 10% de desconto no Boleto ou Pix \u00e0 vista: R$ 225,00<\/div><a href=\"https:\/\/vestibulares.estrategia.com\/curso\/curso-de-artes-para-enem-prof-celina-gil\/?utm_source=portal&amp;utm_medium=post&amp;utm_campaign=evest-x-vd-seo-portal-v-catalogo\" class=\"estrategia-button\" target=\"_blank\">Saiba mais<\/a><\/div><div><h4>Curso Interativo ENEM - Matem\u00e1tica - Prof. Mar\u00e7al Ferreira<\/h4><div class=\"cat-description\">Curso Interativo ENEM - Matem\u00e1tica - Prof. Mar\u00e7al Ferreira<\/div><div class=\"cat-price\"><span>12x<\/span> R$ 20,83<\/div><div class=\"cat-sale\">No Cart\u00e3o de Cr\u00e9dito ou 10% de desconto no Boleto ou Pix \u00e0 vista: R$ 225,00<\/div><a href=\"https:\/\/vestibulares.estrategia.com\/curso\/curso-interativo-enem-matematica-prof-marcal-ferreira\/?utm_source=portal&amp;utm_medium=post&amp;utm_campaign=evest-x-vd-seo-portal-v-catalogo\" class=\"estrategia-button\" target=\"_blank\">Saiba mais<\/a><\/div><div><h4>Curso Interativo ENEM - Biologia - Prof. Daniel Reis<\/h4><div class=\"cat-description\">Curso Interativo ENEM - Biologia - Prof. Daniel Reis<\/div><div class=\"cat-price\"><span>12x<\/span> R$ 33,33<\/div><div class=\"cat-sale\">No Cart\u00e3o de Cr\u00e9dito ou 10% de desconto no Boleto ou Pix \u00e0 vista: R$ 360,00<\/div><a href=\"https:\/\/vestibulares.estrategia.com\/curso\/curso-interativo-enem-biologia-prof-daniel-reis\/?utm_source=portal&amp;utm_medium=post&amp;utm_campaign=evest-x-vd-seo-portal-v-catalogo\" class=\"estrategia-button\" target=\"_blank\">Saiba mais<\/a><\/div><div><h4>Curso Interativo ENEM - Ingl\u00eas - Prof.\u00aa Andrea Belo<\/h4><div class=\"cat-description\">Curso Interativo ENEM - Ingl\u00eas - Prof.\u00aa Andrea Belo<\/div><div class=\"cat-price\"><span>12x<\/span> R$ 41,66<\/div><div class=\"cat-sale\">No Cart\u00e3o de Cr\u00e9dito ou 10% de desconto no Boleto ou Pix \u00e0 vista: R$ 450,00<\/div><a href=\"https:\/\/vestibulares.estrategia.com\/curso\/curso-interativo-enem-ingles-prof-andrea-belo\/?utm_source=portal&amp;utm_medium=post&amp;utm_campaign=evest-x-vd-seo-portal-v-catalogo\" class=\"estrategia-button\" target=\"_blank\">Saiba mais<\/a><\/div><div><h4>Curso Interativo ENEM - Gram\u00e1tica e Interpreta\u00e7\u00e3o de Texto - Prof.\u00aa Celina Gil<\/h4><div class=\"cat-description\">Curso Interativo ENEM - Gram\u00e1tica e Interpreta\u00e7\u00e3o de Texto - Prof.\u00aa Celina Gil<\/div><div class=\"cat-price\"><span>12x<\/span> R$ 20,83<\/div><div class=\"cat-sale\">No Cart\u00e3o de Cr\u00e9dito ou 10% de desconto no Boleto ou Pix \u00e0 vista: R$ 225,00<\/div><a href=\"https:\/\/vestibulares.estrategia.com\/curso\/curso-interativo-enem-gramatica-e-interpretaco-de-texto-prof-celina-gil\/?utm_source=portal&amp;utm_medium=post&amp;utm_campaign=evest-x-vd-seo-portal-v-catalogo\" class=\"estrategia-button\" target=\"_blank\">Saiba mais<\/a><\/div><div><h4>Curso Interativo ENEM - Hist\u00f3ria - Prof. Marco T\u00falio<\/h4><div class=\"cat-description\">Curso Interativo ENEM - Hist\u00f3ria - Prof. Marco T\u00falio<\/div><div class=\"cat-price\"><span>12x<\/span> R$ 33,33<\/div><div class=\"cat-sale\">No Cart\u00e3o de Cr\u00e9dito ou 10% de desconto no Boleto ou Pix \u00e0 vista: R$ 360,00<\/div><a href=\"https:\/\/vestibulares.estrategia.com\/curso\/curso-interativo-enem-historia-prof-marco-tulio\/?utm_source=portal&amp;utm_medium=post&amp;utm_campaign=evest-x-vd-seo-portal-v-catalogo\" class=\"estrategia-button\" target=\"_blank\">Saiba mais<\/a><\/div><div><h4>Curso Interativo ENEM - Reda\u00e7\u00e3o - Prof. Fernando Andrade<\/h4><div class=\"cat-description\">Curso Interativo ENEM - Reda\u00e7\u00e3o - Prof. Fernando Andrade<\/div><div class=\"cat-price\"><span>12x<\/span> R$ 33,33<\/div><div class=\"cat-sale\">No Cart\u00e3o de Cr\u00e9dito ou 10% de desconto no Boleto ou Pix \u00e0 vista: R$ 360,00<\/div><a href=\"https:\/\/vestibulares.estrategia.com\/curso\/curso-interativo-enem-redaco-prof-fernando-andrade\/?utm_source=portal&amp;utm_medium=post&amp;utm_campaign=evest-x-vd-seo-portal-v-catalogo\" class=\"estrategia-button\" target=\"_blank\">Saiba mais<\/a><\/div><div><h4>Curso Interativo ENEM - Biologia - Prof.\u00aa Carol Negrin<\/h4><div class=\"cat-description\">Curso Interativo ENEM - Biologia - Prof.\u00aa Carol Negrin<\/div><div class=\"cat-price\"><span>12x<\/span> R$ 33,33<\/div><div class=\"cat-sale\">No Cart\u00e3o de Cr\u00e9dito ou 10% de desconto no Boleto ou Pix \u00e0 vista: R$ 360,00<\/div><a href=\"https:\/\/vestibulares.estrategia.com\/curso\/curso-interativo-enem-biologia-prof-carol-negrin\/?utm_source=portal&amp;utm_medium=post&amp;utm_campaign=evest-x-vd-seo-portal-v-catalogo\" class=\"estrategia-button\" target=\"_blank\">Saiba mais<\/a><\/div><div><h4>Curso Interativo ENEM - Filosofia - Prof.\u00aa Gabi Garcia<\/h4><div class=\"cat-description\">Curso Interativo ENEM - Filosofia - Prof.\u00aa Gabi Garcia<\/div><div class=\"cat-price\"><span>12x<\/span> R$ 20,83<\/div><div class=\"cat-sale\">No Cart\u00e3o de Cr\u00e9dito ou 10% de desconto no Boleto ou Pix \u00e0 vista: R$ 225,00<\/div><a href=\"https:\/\/vestibulares.estrategia.com\/curso\/curso-interativo-enem-filosofia-prof-gabi-garcia\/?utm_source=portal&amp;utm_medium=post&amp;utm_campaign=evest-x-vd-seo-portal-v-catalogo\" class=\"estrategia-button\" target=\"_blank\">Saiba mais<\/a><\/div><div><h4>Curso Interativo ENEM - F\u00edsica - Prof. Lucas Costa<\/h4><div class=\"cat-description\">Curso Interativo ENEM - F\u00edsica - Prof. Lucas Costa<\/div><div class=\"cat-price\"><span>12x<\/span> R$ 33,33<\/div><div class=\"cat-sale\">No Cart\u00e3o de Cr\u00e9dito ou 10% de desconto no Boleto ou Pix \u00e0 vista: R$ 360,00<\/div><a href=\"https:\/\/vestibulares.estrategia.com\/curso\/curso-interativo-enem-fisica-prof-lucas-costa\/?utm_source=portal&amp;utm_medium=post&amp;utm_campaign=evest-x-vd-seo-portal-v-catalogo\" class=\"estrategia-button\" target=\"_blank\">Saiba mais<\/a><\/div><div><h4>Curso Interativo ENEM - Hist\u00f3ria - Prof.\u00aa Al\u00ea Lopes<\/h4><div class=\"cat-description\">Curso Interativo ENEM - Hist\u00f3ria - Prof.\u00aa Al\u00ea Lopes<\/div><div class=\"cat-price\"><span>12x<\/span> R$ 41,66<\/div><div class=\"cat-sale\">No Cart\u00e3o de Cr\u00e9dito ou 10% de desconto no Boleto ou Pix \u00e0 vista: R$ 450,00<\/div><a href=\"https:\/\/vestibulares.estrategia.com\/curso\/curso-interativo-enem-historia-prof-ale-lopes\/?utm_source=portal&amp;utm_medium=post&amp;utm_campaign=evest-x-vd-seo-portal-v-catalogo\" class=\"estrategia-button\" target=\"_blank\">Saiba mais<\/a><\/div><div><h4>Curso Interativo ENEM - Espanhol - Prof.\u00aa Nailla Malta<\/h4><div class=\"cat-description\">Curso Interativo ENEM - Espanhol - Prof.\u00aa Nailla Malta<\/div><div class=\"cat-price\"><span>12x<\/span> R$ 20,83<\/div><div class=\"cat-sale\">No Cart\u00e3o de Cr\u00e9dito ou 10% de desconto no Boleto ou Pix \u00e0 vista: R$ 225,00<\/div><a href=\"https:\/\/vestibulares.estrategia.com\/curso\/curso-interativo-enem-espanhol-prof-nailla-malta\/?utm_source=portal&amp;utm_medium=post&amp;utm_campaign=evest-x-vd-seo-portal-v-catalogo\" class=\"estrategia-button\" target=\"_blank\">Saiba mais<\/a><\/div><div><h4>Curso Interativo ENEM - Matem\u00e1tica - Prof. Andrew Cazemiro<\/h4><div class=\"cat-description\">Curso Interativo ENEM - Matem\u00e1tica - Prof. Andrew Cazemiro<\/div><div class=\"cat-price\"><span>12x<\/span> R$ 20,83<\/div><div class=\"cat-sale\">No Cart\u00e3o de Cr\u00e9dito ou 10% de desconto no Boleto ou Pix \u00e0 vista: R$ 225,00<\/div><a href=\"https:\/\/vestibulares.estrategia.com\/curso\/curso-interativo-enem-matematica-prof-andrew-cazemiro\/?utm_source=portal&amp;utm_medium=post&amp;utm_campaign=evest-x-vd-seo-portal-v-catalogo\" class=\"estrategia-button\" target=\"_blank\">Saiba mais<\/a><\/div><\/div><\/div>\n\n\n\n<\/p><h2 class=\"wp-block-heading\" id=\"h-ufrr\"><span class=\"ez-toc-section\" id=\"UFRR\"><\/span>UFRR<span class=\"ez-toc-section-end\"><\/span><\/h2><ul class=\"wp-block-list\">\n<li>38 cursos participantes do Sisu<\/li>\n\n\n\n<li><strong>Total de vagas ofertadas no Sisu: <\/strong>719 vagas<\/li>\n\n\n\n<li><strong>Vagas reservadas PPI (pretos, pardos e ind&iacute;genas): <\/strong>80,32%<\/li>\n\n\n\n<li><strong>Vagas reservadas PCDs (Pessoas com defici&ecirc;ncia):<\/strong> 6,81%<\/li>\n\n\n\n<li><strong>Vagas reservadas quilombolas:<\/strong> 0,00%<\/li>\n<\/ul><div class=\"wp-block-buttons is-content-justification-center is-layout-flex wp-container-core-buttons-is-layout-44 wp-block-buttons-is-layout-flex\">\n<div class=\"wp-block-button\"><a class=\"wp-block-button__link wp-element-button\" rel=\"nofollow\" href=\"https:\/\/vestibulares.estrategia.com\/portal\/wp-content\/uploads\/2025\/01\/termo-de-adesao-sisu-ufrr.pdf\" target=\"_blank\">termo de ades&atilde;o ufrr<\/a><\/div>\n<\/div><h2 class=\"wp-block-heading\" id=\"h-ufscar\"><span class=\"ez-toc-section\" id=\"UFSCar\"><\/span>UFSCar<span class=\"ez-toc-section-end\"><\/span><\/h2><ul class=\"wp-block-list\">\n<li>66 cursos participantes do Sisu<\/li>\n\n\n\n<li><strong>Total de vagas ofertadas no Sisu: <\/strong>2.917 vagas<\/li>\n\n\n\n<li><strong>Vagas reservadas PPI (pretos, pardos e ind&iacute;genas): <\/strong>41,07%<\/li>\n\n\n\n<li><strong>Vagas reservadas PCDs (Pessoas com defici&ecirc;ncia):<\/strong> 7,29%<\/li>\n\n\n\n<li><strong>Vagas reservadas quilombolas:<\/strong> 0,02%<\/li>\n<\/ul><div class=\"wp-block-buttons is-content-justification-center is-layout-flex wp-container-core-buttons-is-layout-45 wp-block-buttons-is-layout-flex\">\n<div class=\"wp-block-button\"><a class=\"wp-block-button__link wp-element-button\" rel=\"nofollow\" href=\"https:\/\/vestibulares.estrategia.com\/portal\/wp-content\/uploads\/2025\/01\/termo-de-adesao-sisu-ufscar.pdf\" target=\"_blank\">termo de ades&atilde;o ufscar<\/a><\/div>\n<\/div><h2 class=\"wp-block-heading\" id=\"h-ufse\"><span class=\"ez-toc-section\" id=\"UFSE\"><\/span>UFSE<span class=\"ez-toc-section-end\"><\/span><\/h2><ul class=\"wp-block-list\">\n<li>108 cursos participantes do Sisu<\/li>\n\n\n\n<li><strong>Total de vagas ofertadas no Sisu: <\/strong>5.640 vagas<\/li>\n\n\n\n<li><strong>Vagas reservadas PPI (pretos, pardos e ind&iacute;genas): <\/strong>74,67%<\/li>\n\n\n\n<li><strong>Vagas reservadas PCDs (Pessoas com defici&ecirc;ncia):<\/strong> 8,75%<\/li>\n\n\n\n<li><strong>Vagas reservadas quilombolas:<\/strong> 1,27%<\/li>\n<\/ul><div class=\"wp-block-buttons is-content-justification-center is-layout-flex wp-container-core-buttons-is-layout-46 wp-block-buttons-is-layout-flex\">\n<div class=\"wp-block-button\"><a class=\"wp-block-button__link wp-element-button\" rel=\"nofollow\" href=\"https:\/\/vestibulares.estrategia.com\/portal\/wp-content\/uploads\/2025\/01\/termo-de-adesao-sisu-ufse.pdf\" target=\"_blank\">termo de ades&atilde;o ufse<\/a><\/div>\n<\/div><h2 class=\"wp-block-heading\" id=\"h-uft\"><span class=\"ez-toc-section\" id=\"UFT\"><\/span>UFT<span class=\"ez-toc-section-end\"><\/span><\/h2><ul class=\"wp-block-list\">\n<li>37 cursos participantes do Sisu<\/li>\n\n\n\n<li><strong>Total de vagas ofertadas no Sisu:<\/strong> 728 vagas<\/li>\n\n\n\n<li><strong>Vagas reservadas PPI (pretos, pardos e ind&iacute;genas): <\/strong>76,65%<\/li>\n<\/ul><div class=\"wp-block-buttons is-content-justification-center is-layout-flex wp-container-core-buttons-is-layout-47 wp-block-buttons-is-layout-flex\">\n<div class=\"wp-block-button\"><a class=\"wp-block-button__link wp-element-button\" rel=\"nofollow\" href=\"https:\/\/vestibulares.estrategia.com\/portal\/wp-content\/uploads\/2025\/01\/termo-de-adesao-sisu-uft.pdf\" target=\"_blank\">termo de ades&atilde;o uft<\/a><\/div>\n<\/div><h2 class=\"wp-block-heading\" id=\"h-uenp\"><span class=\"ez-toc-section\" id=\"Uenp\"><\/span>Uenp<span class=\"ez-toc-section-end\"><\/span><\/h2><ul class=\"wp-block-list\">\n<li>29 cursos participantes do Sisu<\/li>\n\n\n\n<li><strong>Total de vagas ofertadas no Sisu:<\/strong> 361 vagas<\/li>\n\n\n\n<li><strong>Vagas reservadas PPI (pretos, pardos e ind&iacute;genas): <\/strong>34,57%<\/li>\n\n\n\n<li><strong>Vagas reservadas PCDs (Pessoas com defici&ecirc;ncia):<\/strong> 7,76%<\/li>\n\n\n\n<li><strong>Vagas reservadas quilombolas:<\/strong> 0,87%<\/li>\n<\/ul><div class=\"wp-block-buttons is-content-justification-center is-layout-flex wp-container-core-buttons-is-layout-48 wp-block-buttons-is-layout-flex\">\n<div class=\"wp-block-button\"><a class=\"wp-block-button__link wp-element-button\" rel=\"nofollow\" href=\"https:\/\/vestibulares.estrategia.com\/portal\/wp-content\/uploads\/2025\/01\/termo-de-adesao-sisu-uenp.pdf\" target=\"_blank\">termo de ades&atilde;o uenp<\/a><\/div>\n<\/div><h2 class=\"wp-block-heading\" id=\"h-undf\"><span class=\"ez-toc-section\" id=\"UnDF\"><\/span>UnDF<span class=\"ez-toc-section-end\"><\/span><\/h2><ul class=\"wp-block-list\">\n<li>2 cursos participantes do Sisu<\/li>\n\n\n\n<li><strong>Total de vagas ofertadas no Sisu:<\/strong> 160 vagas<\/li>\n\n\n\n<li><strong>Vagas reservadas PPI (pretos, pardos e ind&iacute;genas): <\/strong>59,58%&nbsp;<\/li>\n\n\n\n<li><strong>Vagas reservadas PCDs (Pessoas com defici&ecirc;ncia):<\/strong> 6,51%<\/li>\n\n\n\n<li><strong>Vagas reservadas quilombolas:<\/strong> 0,01%<\/li>\n<\/ul><div class=\"wp-block-buttons is-content-justification-center is-layout-flex wp-container-core-buttons-is-layout-49 wp-block-buttons-is-layout-flex\">\n<div class=\"wp-block-button\"><a class=\"wp-block-button__link wp-element-button\" rel=\"nofollow\" href=\"https:\/\/vestibulares.estrategia.com\/portal\/wp-content\/uploads\/2025\/01\/termo-de-adesao-sisu-undf.pdf\" target=\"_blank\">termo de ades&atilde;o undf<\/a><\/div>\n<\/div><h2 class=\"wp-block-heading\" id=\"h-ufmg\"><span class=\"ez-toc-section\" id=\"UFMG\"><\/span>UFMG<span class=\"ez-toc-section-end\"><\/span><\/h2><ul class=\"wp-block-list\">\n<li>92 cursos participantes do Sisu<\/li>\n\n\n\n<li><strong>Total de vagas ofertadas no Sisu:<\/strong> 6.512 vagas<\/li>\n\n\n\n<li><strong>Vagas reservadas PPI (pretos, pardos e ind&iacute;genas): <\/strong>58,78%<\/li>\n\n\n\n<li><strong>Vagas reservadas PCDs (Pessoas com defici&ecirc;ncia):<\/strong> 8,43%<\/li>\n\n\n\n<li><strong>Vagas reservadas quilombolas:<\/strong> 0,66%<\/li>\n<\/ul><div class=\"wp-block-buttons is-content-justification-center is-layout-flex wp-container-core-buttons-is-layout-50 wp-block-buttons-is-layout-flex\">\n<div class=\"wp-block-button\"><a class=\"wp-block-button__link wp-element-button\" rel=\"nofollow\" href=\"https:\/\/vestibulares.estrategia.com\/portal\/wp-content\/uploads\/2025\/01\/termo-de-adesao-sisu-ufmg.pdf\" target=\"_blank\">termo de ades&atilde;o ufmg<\/a><\/div>\n<\/div><h2 class=\"wp-block-heading\" id=\"h-uff\"><span class=\"ez-toc-section\" id=\"UFF\"><\/span>UFF<span class=\"ez-toc-section-end\"><\/span><\/h2><ul class=\"wp-block-list\">\n<li>137 cursos participantes do Sisu<\/li>\n\n\n\n<li><strong>Total de vagas ofertadas no Sisu:<\/strong> 8.683 vagas<\/li>\n\n\n\n<li><strong>Vagas reservadas PPI (pretos, pardos e ind&iacute;genas): <\/strong>57,89%<\/li>\n\n\n\n<li><strong>Vagas reservadas PCDs (Pessoas com defici&ecirc;ncia):<\/strong> 8,11%<\/li>\n\n\n\n<li><strong>Vagas reservadas quilombolas:<\/strong> 0,13%<\/li>\n<\/ul><div class=\"wp-block-buttons is-content-justification-center is-layout-flex wp-container-core-buttons-is-layout-51 wp-block-buttons-is-layout-flex\">\n<div class=\"wp-block-button\"><a class=\"wp-block-button__link wp-element-button\" rel=\"nofollow\" href=\"https:\/\/vestibulares.estrategia.com\/portal\/wp-content\/uploads\/2025\/01\/termo-de-adesao-sisu-uff.pdf\" target=\"_blank\">TERMO DE ADES&Atilde;O UFF<\/a><\/div>\n<\/div><h2 class=\"wp-block-heading\" id=\"h-ufs\"><span class=\"ez-toc-section\" id=\"UFS\"><\/span>UFS<span class=\"ez-toc-section-end\"><\/span><\/h2><ul class=\"wp-block-list\">\n<li>108 cursos participantes do Sisu<\/li>\n\n\n\n<li><strong>Total de vagas ofertadas no Sisu:<\/strong> 5.640 vagas<\/li>\n\n\n\n<li><strong>Vagas reservadas PPI (pretos, pardos e ind&iacute;genas): <\/strong>74,67%<\/li>\n\n\n\n<li><strong>Vagas reservadas PCDs (Pessoas com defici&ecirc;ncia):<\/strong> 8,75%<\/li>\n\n\n\n<li><strong>Vagas reservadas quilombolas:<\/strong> 1,27%<\/li>\n<\/ul><div class=\"wp-block-buttons is-content-justification-center is-layout-flex wp-container-core-buttons-is-layout-52 wp-block-buttons-is-layout-flex\">\n<div class=\"wp-block-button\"><a class=\"wp-block-button__link wp-element-button\" rel=\"nofollow\" href=\"https:\/\/vestibulares.estrategia.com\/portal\/wp-content\/uploads\/2025\/01\/termo-de-adesao-sisu-ufs.pdf\" target=\"_blank\">TERMO DE ADES&Atilde;O UFS<\/a><\/div>\n<\/div><h2 class=\"wp-block-heading\" id=\"h-lei-de-cotas-sisu\"><span class=\"ez-toc-section\" id=\"Lei-de-cotas-Sisu\"><\/span>Lei de cotas Sisu<span class=\"ez-toc-section-end\"><\/span><\/h2><p>A Lei n&ordm; 12.711\/2012 foi atualizada em 2023 (<a href=\"https:\/\/www.planalto.gov.br\/ccivil_03\/_ato2023-2026\/2023\/lei\/L14723.htm\" target=\"_blank\" rel=\"noopener noreferrer\">Lei 14.723\/23<\/a>) e a partir de agora os participantes que t&ecirc;m direito &agrave; reserva de vagas (cotas) concorrem juntos &agrave;s vagas de ampla concorr&ecirc;ncia. A reserva de vagas s&oacute; ser&aacute; usada caso o participante n&atilde;o atinja nota suficiente para conseguir uma vaga em ampla concorr&ecirc;ncia. Al&eacute;m disso, estudantes quilombolas tamb&eacute;m est&atilde;o inclu&iacute;dos na nova lei.<\/p><p>A lei de cotas permite que os estudantes que cursaram ensino m&eacute;dio em escolas p&uacute;blicas tenham 50% das vagas por curso e turno em todas as institui&ccedil;&otilde;es federais de ensino. Estudantes com renda familiar mensal de at&eacute; 1,0 sal&aacute;rio m&iacute;nimo (anteriormente o valor era de 1,5) correspondem a metade dessas vagas.<\/p><p>H&aacute; tamb&eacute;m a propor&ccedil;&atilde;o de autodeclarados pretos, pardos e ind&iacute;genas de acordo com a composi&ccedil;&atilde;o &eacute;tnica do Estado federativo da institui&ccedil;&atilde;o de acordo com o &uacute;ltimo Censo do Instituto Brasileiro de Geografia e Estat&iacute;stica (IBGE), que &eacute;, portanto, um n&uacute;mero que varia de acordo com o estado.<\/p><p>&Eacute; necess&aacute;rio participar de uma s&eacute;rie de tr&acirc;mites que envolvem a documenta&ccedil;&atilde;o comprobat&oacute;ria para cada uma das modalidades. Portanto, os candidatos que optarem por tais formas de entrada precisam conferir os pr&oacute;ximos passos de cada institui&ccedil;&atilde;o de ensino.<\/p><p>+ <a href=\"https:\/\/vestibulares.estrategia.com\/portal\/enem-e-vestibulares\/vestibulares\/lei-de-cotas-o-que-muda-com-a-atualizacao\/\">Lei de Cotas: o que muda com a atualiza&ccedil;&atilde;o?<\/a><\/p><h2 class=\"wp-block-heading\" id=\"h-acoes-afirmativas\"><span class=\"ez-toc-section\" id=\"Acoes-afirmativas\"><\/span>A&ccedil;&otilde;es afirmativas<span class=\"ez-toc-section-end\"><\/span><\/h2><p>Ap&oacute;s a aplica&ccedil;&atilde;o da Lei de Cotas (n&ordm; 12.711\/2012) e da divis&atilde;o inicial, as vagas s&atilde;o redistribu&iacute;das considerando crit&eacute;rios adicionais, como autodeclara&ccedil;&atilde;o de pertencimento a grupos raciais ou &eacute;tnicos, como pretos, pardos e ind&iacute;genas (PPI).<\/p><p>O percentual reservado para esses grupos &eacute; baseado na propor&ccedil;&atilde;o dessas popula&ccedil;&otilde;es no local de funcionamento da institui&ccedil;&atilde;o, utilizando como refer&ecirc;ncia os dados mais recentes do censo demogr&aacute;fico oficial do pa&iacute;s.&nbsp;<\/p><p>Al&eacute;m disso, uma parte das vagas tamb&eacute;m pode ser destinada a pessoas com defici&ecirc;ncia ou a outros grupos espec&iacute;ficos, como comunidades quilombolas, dependendo das particularidades da regi&atilde;o.<\/p><p>Por exemplo, na Universidade Federal do Tocantins (UFT), assim como em todas as outras universidades do Estado, o percentual de vagas reservadas PPI &eacute; de 76,65%. Isso porque o valor corresponde &agrave; soma dessas popula&ccedil;&otilde;es no Estado do Tocantins, segundo o censo demogr&aacute;fico de 2010, feito pelo Instituto Brasileiro de Geografia e Estat&iacute;stica (IBGE).&nbsp;<\/p><h2 class=\"wp-block-heading\" id=\"h-guia-do-enem\"><span class=\"ez-toc-section\" id=\"Guia-do-Enem\"><\/span>Guia do Enem<span class=\"ez-toc-section-end\"><\/span><\/h2><p>Voc&ecirc; sabia que o Enem &eacute; o segundo maior vestibular do mundo? A prova perde apenas para o Gaokao, da China. Ou seja, essa &eacute; uma das maiores oportunidades para conseguir a sua vaga dos sonhos em uma universidade, seja ela p&uacute;blica ou privada.&nbsp;<\/p><p>Para te ajudar, o Portal do EV desenvolveu o <a href=\"https:\/\/gratis.estrategiaconcursos.com.br\/guia-do-enem-e-book\/?utm_source=blog&amp;utm_medium=organic&amp;utm_campaign=blog-to-product\" target=\"_blank\" rel=\"noopener noreferrer\">Guia do Enem<\/a>, com tudo o que voc&ecirc; precisa saber sobre a sobre a prova; desde a inscri&ccedil;&atilde;o, o que estudar, poss&iacute;veis temas de reda&ccedil;&atilde;o e at&eacute; indica&ccedil;&otilde;es de onde voc&ecirc; pode usar a sua nota para conquistar o sonho de ingressar em uma universidade de qualidade.&nbsp;<\/p><p>Veja algumas das informa&ccedil;&otilde;es que voc&ecirc; encontrar&aacute; no Guia do Enem:<\/p><ul class=\"wp-block-list\">\n<li>Enem Impresso x Enem Digital<\/li>\n\n\n\n<li>Calend&aacute;rio do Enem<\/li>\n\n\n\n<li>TRI: como funciona a nota do Enem<\/li>\n\n\n\n<li>Checklist: veja o que mais cai no Enem por disciplina<\/li>\n\n\n\n<li>Como desenvolver repert&oacute;rio sociocultural para a reda&ccedil;&atilde;o?<\/li>\n\n\n\n<li>Exemplos de reda&ccedil;&atilde;o nota 1.000<\/li>\n<\/ul><div class=\"wp-block-buttons is-content-justification-center is-layout-flex wp-container-core-buttons-is-layout-53 wp-block-buttons-is-layout-flex\">\n<div class=\"wp-block-button\"><a class=\"wp-block-button__link wp-element-button\" href=\"https:\/\/gratis.estrategiaconcursos.com.br\/ev-e-book-gratuito-guia-enem\/\" target=\"_blank\">guia do enem<\/a><\/div>\n<\/div><h2 class=\"wp-block-heading\" id=\"h-calendario-sisu-2025\"><span class=\"ez-toc-section\" id=\"Calendario-Sisu-2025\"><\/span>Calend&aacute;rio Sisu 2025<span class=\"ez-toc-section-end\"><\/span><\/h2><ul class=\"wp-block-list\">\n<li><strong>Divulga&ccedil;&atilde;o do edital:<\/strong>&nbsp;26\/12\/2024;<\/li>\n\n\n\n<li><strong>Per&iacute;odo de inscri&ccedil;&atilde;o:&nbsp;<\/strong>17 a 21\/01\/2025;<\/li>\n\n\n\n<li><strong>Resultado da lista &uacute;nica:&nbsp;<\/strong>26\/01\/2025;<\/li>\n\n\n\n<li><strong>Per&iacute;odo para participar da lista de espera:&nbsp;<\/strong>26 a 31\/01\/2025.<\/li>\n<\/ul><h2 class=\"wp-block-heading\" id=\"h-confira-os-cursos-enem-do-estrategia-vestibulares\"><span class=\"ez-toc-section\" id=\"Confira-os-cursos-Enem-do-Estrategia-Vestibulares\"><\/span>Confira os cursos Enem do Estrat&eacute;gia Vestibulares<span class=\"ez-toc-section-end\"><\/span><\/h2><p>Voc&ecirc; tem o sonho de estudar em uma universidade p&uacute;blica? Se sim, o Estrat&eacute;gia Vestibulares pode te ajudar! Al&eacute;m de oferecer aulas di&aacute;rias gratuitas no Youtube sobre todos os temas que caem no Enem, a plataforma tamb&eacute;m oferece um curso preparat&oacute;rio exclusivo sobre o Enem. Confira os benef&iacute;cios:<\/p><ul class=\"wp-block-list\">\n<li>Curso com livros digitais;<\/li>\n\n\n\n<li>Corre&ccedil;&atilde;o ilimitada de <a href=\"https:\/\/vestibulares.estrategia.com\/portal\/enem-e-vestibulares\/vestibulares\/curso-de-redacao-para-o-vestibular-saiba-mais-detalhes-e-como-escolher-o-seu\/\">reda&ccedil;&otilde;es<\/a>;<\/li>\n\n\n\n<li>F&oacute;rum de d&uacute;vidas;<\/li>\n\n\n\n<li><a href=\"https:\/\/vestibulares.estrategia.com\/portal\/eventos\/simulados-vestibulares\/\">Simulados<\/a> com quest&otilde;es in&eacute;ditas;<\/li>\n\n\n\n<li>Quest&otilde;es comentadas;<\/li>\n\n\n\n<li>Mapas mentais; e<\/li>\n\n\n\n<li>Entre muitas outras vantagens.<\/li>\n<\/ul><p>Ficou interessado, assine o curso preparat&oacute;rio para o Enem do Estrat&eacute;gia Vestibulares!<\/p><p>\n\n\n\n<a id=\"cta\" class=\"cta-imagem\" href=\"https:\/\/vestibulares.estrategia.com\/curso\/pacote-enem\/\" target=\"blank\">\n                <img decoding=\"async\" width=\"100%\" src=\"https:\/\/vestibulares.estrategia.com\/portal\/wp-content\/uploads\/2021\/12\/Enem.jpg\" alt=\"CTA curso Enem\" title=\"CTA curso Enem\">\n        <\/a>\n<\/p><\/p>\n","protected":false},"excerpt":{"rendered":" Os termos de ades\u00e3o trazem os cursos e turnos oferecidos, o n\u00famero total de vagas, as modalidades de concorr\u00eancia e os crit\u00e9rios de sele\u00e7\u00e3o; confira\n","protected":false},"author":51,"featured_media":133459,"comment_status":"closed","ping_status":"closed","sticky":false,"template":"","format":"standard","meta":{"wl_entities_gutenberg":"","footnotes":""},"categories":[822],"tags":[],"wl_entity_type":[732],"class_list":{"0":"post-133406","1":"post","2":"type-post","3":"status-publish","4":"format-standard","5":"has-post-thumbnail","7":"category-sisu","8":"wl_entity_type-article"},"acf":[],"yoast_head":"<!-- This site is optimized with the Yoast SEO Premium plugin v25.9 (Yoast SEO v25.9) - https:\/\/yoast.com\/wordpress\/plugins\/seo\/ -->\n<title>Sisu 2025: confira os termos de ades\u00e3o ao sistema<\/title>\n<meta name=\"description\" content=\"A maioria das universidades brasileiras j\u00e1 divulgaram o termo de ades\u00e3o ao Sisu 2025. Confira todos eles no Portal Estrat\u00e9gia Vestibulares!\" \/>\n<meta name=\"robots\" content=\"index, follow, max-snippet:-1, max-image-preview:large, max-video-preview:-1\" \/>\n<link rel=\"canonical\" href=\"https:\/\/vestibulares.estrategia.com\/portal\/enem-e-vestibulares\/sisu\/sisu-2025-confira-os-termos-de-adesao-ao-sistema\/\" \/>\n<meta property=\"og:locale\" content=\"pt_BR\" \/>\n<meta property=\"og:type\" content=\"article\" \/>\n<meta property=\"og:title\" content=\"Sisu 2025: confira os termos de ades\u00e3o ao sistema\" \/>\n<meta property=\"og:description\" content=\"A maioria das universidades brasileiras j\u00e1 divulgaram o termo de ades\u00e3o ao Sisu 2025. Confira todos eles no Portal Estrat\u00e9gia Vestibulares!\" \/>\n<meta property=\"og:url\" content=\"https:\/\/vestibulares.estrategia.com\/portal\/enem-e-vestibulares\/sisu\/sisu-2025-confira-os-termos-de-adesao-ao-sistema\/\" \/>\n<meta property=\"og:site_name\" content=\"Estrat\u00e9gia Vestibulares\" \/>\n<meta property=\"article:publisher\" content=\"https:\/\/facebook.com\/estrategiavestibulares\" \/>\n<meta property=\"article:published_time\" content=\"2025-01-13T22:45:02+00:00\" \/>\n<meta property=\"article:modified_time\" content=\"2025-01-17T14:51:00+00:00\" \/>\n<meta property=\"og:image\" content=\"https:\/\/vestibulares.estrategia.com\/portal\/wp-content\/uploads\/2025\/01\/sisu-2025-termo-de-adesao.png\" \/>\n\t<meta property=\"og:image:width\" content=\"980\" \/>\n\t<meta property=\"og:image:height\" content=\"675\" \/>\n\t<meta property=\"og:image:type\" content=\"image\/png\" \/>\n<meta name=\"author\" content=\"Larrani Ferreira\" \/>\n<meta name=\"twitter:card\" content=\"summary_large_image\" \/>\n<meta name=\"twitter:creator\" content=\"@Estrategiavest\" \/>\n<meta name=\"twitter:site\" content=\"@Estrategiavest\" \/>\n<meta name=\"twitter:label1\" content=\"Escrito por\" \/>\n\t<meta name=\"twitter:data1\" content=\"Larrani Ferreira\" \/>\n\t<meta name=\"twitter:label2\" content=\"Est. tempo de leitura\" \/>\n\t<meta name=\"twitter:data2\" content=\"15 minutos\" \/>\n<script type=\"application\/ld+json\" class=\"yoast-schema-graph\">{\"@context\":\"https:\/\/schema.org\",\"@graph\":[{\"@type\":\"Article\",\"@id\":\"https:\/\/vestibulares.estrategia.com\/portal\/enem-e-vestibulares\/sisu\/sisu-2025-confira-os-termos-de-adesao-ao-sistema\/#article\",\"isPartOf\":{\"@id\":\"https:\/\/vestibulares.estrategia.com\/portal\/enem-e-vestibulares\/sisu\/sisu-2025-confira-os-termos-de-adesao-ao-sistema\/\"},\"author\":{\"name\":\"Larrani Ferreira\",\"@id\":\"https:\/\/vestibulares.estrategia.com\/portal\/#\/schema\/person\/98d0c0e22d6d89b480aa1929f0e64ec5\"},\"headline\":\"Sisu 2025: confira os termos de ades\u00e3o ao sistema\",\"datePublished\":\"2025-01-13T22:45:02+00:00\",\"dateModified\":\"2025-01-17T14:51:00+00:00\",\"mainEntityOfPage\":{\"@id\":\"https:\/\/vestibulares.estrategia.com\/portal\/enem-e-vestibulares\/sisu\/sisu-2025-confira-os-termos-de-adesao-ao-sistema\/\"},\"wordCount\":3021,\"publisher\":{\"@id\":\"https:\/\/vestibulares.estrategia.com\/portal\/#organization\"},\"image\":{\"@id\":\"https:\/\/vestibulares.estrategia.com\/portal\/enem-e-vestibulares\/sisu\/sisu-2025-confira-os-termos-de-adesao-ao-sistema\/#primaryimage\"},\"thumbnailUrl\":\"https:\/\/vestibulares.estrategia.com\/portal\/wp-content\/uploads\/2025\/01\/sisu-2025-termo-de-adesao.png\",\"articleSection\":[\"Sisu\"],\"inLanguage\":\"pt-BR\"},{\"@type\":\"WebPage\",\"@id\":\"https:\/\/vestibulares.estrategia.com\/portal\/enem-e-vestibulares\/sisu\/sisu-2025-confira-os-termos-de-adesao-ao-sistema\/\",\"url\":\"https:\/\/vestibulares.estrategia.com\/portal\/enem-e-vestibulares\/sisu\/sisu-2025-confira-os-termos-de-adesao-ao-sistema\/\",\"name\":\"Sisu 2025: confira os termos de ades\u00e3o ao sistema\",\"isPartOf\":{\"@id\":\"https:\/\/vestibulares.estrategia.com\/portal\/#website\"},\"primaryImageOfPage\":{\"@id\":\"https:\/\/vestibulares.estrategia.com\/portal\/enem-e-vestibulares\/sisu\/sisu-2025-confira-os-termos-de-adesao-ao-sistema\/#primaryimage\"},\"image\":{\"@id\":\"https:\/\/vestibulares.estrategia.com\/portal\/enem-e-vestibulares\/sisu\/sisu-2025-confira-os-termos-de-adesao-ao-sistema\/#primaryimage\"},\"thumbnailUrl\":\"https:\/\/vestibulares.estrategia.com\/portal\/wp-content\/uploads\/2025\/01\/sisu-2025-termo-de-adesao.png\",\"datePublished\":\"2025-01-13T22:45:02+00:00\",\"dateModified\":\"2025-01-17T14:51:00+00:00\",\"description\":\"A maioria das universidades brasileiras j\u00e1 divulgaram o termo de ades\u00e3o ao Sisu 2025. Confira todos eles no Portal Estrat\u00e9gia Vestibulares!\",\"breadcrumb\":{\"@id\":\"https:\/\/vestibulares.estrategia.com\/portal\/enem-e-vestibulares\/sisu\/sisu-2025-confira-os-termos-de-adesao-ao-sistema\/#breadcrumb\"},\"inLanguage\":\"pt-BR\",\"potentialAction\":[{\"@type\":\"ReadAction\",\"target\":[\"https:\/\/vestibulares.estrategia.com\/portal\/enem-e-vestibulares\/sisu\/sisu-2025-confira-os-termos-de-adesao-ao-sistema\/\"]}]},{\"@type\":\"ImageObject\",\"inLanguage\":\"pt-BR\",\"@id\":\"https:\/\/vestibulares.estrategia.com\/portal\/enem-e-vestibulares\/sisu\/sisu-2025-confira-os-termos-de-adesao-ao-sistema\/#primaryimage\",\"url\":\"https:\/\/vestibulares.estrategia.com\/portal\/wp-content\/uploads\/2025\/01\/sisu-2025-termo-de-adesao.png\",\"contentUrl\":\"https:\/\/vestibulares.estrategia.com\/portal\/wp-content\/uploads\/2025\/01\/sisu-2025-termo-de-adesao.png\",\"width\":980,\"height\":675,\"caption\":\"Imagem: UFF\/Divulga\u00e7\u00e3o\"},{\"@type\":\"BreadcrumbList\",\"@id\":\"https:\/\/vestibulares.estrategia.com\/portal\/enem-e-vestibulares\/sisu\/sisu-2025-confira-os-termos-de-adesao-ao-sistema\/#breadcrumb\",\"itemListElement\":[{\"@type\":\"ListItem\",\"position\":1,\"name\":\"Home\",\"item\":\"https:\/\/vestibulares.estrategia.com\/portal\/\"},{\"@type\":\"ListItem\",\"position\":2,\"name\":\"Enem e Vestibulares\",\"item\":\"https:\/\/vestibulares.estrategia.com\/portal\/enem-e-vestibulares\/\"},{\"@type\":\"ListItem\",\"position\":3,\"name\":\"Sisu\",\"item\":\"https:\/\/vestibulares.estrategia.com\/portal\/enem-e-vestibulares\/sisu\/\"},{\"@type\":\"ListItem\",\"position\":4,\"name\":\"Sisu 2025: confira os termos de ades\u00e3o ao sistema\"}]},{\"@type\":\"WebSite\",\"@id\":\"https:\/\/vestibulares.estrategia.com\/portal\/#website\",\"url\":\"https:\/\/vestibulares.estrategia.com\/portal\/\",\"name\":\"Estrat\u00e9gia Vestibulares\",\"description\":\"\",\"publisher\":{\"@id\":\"https:\/\/vestibulares.estrategia.com\/portal\/#organization\"},\"potentialAction\":[{\"@type\":\"SearchAction\",\"target\":{\"@type\":\"EntryPoint\",\"urlTemplate\":\"https:\/\/vestibulares.estrategia.com\/portal\/?s={search_term_string}\"},\"query-input\":{\"@type\":\"PropertyValueSpecification\",\"valueRequired\":true,\"valueName\":\"search_term_string\"}}],\"inLanguage\":\"pt-BR\"},{\"@type\":\"Organization\",\"@id\":\"https:\/\/vestibulares.estrategia.com\/portal\/#organization\",\"name\":\"Estrat\u00e9gia Vestibulares\",\"url\":\"https:\/\/vestibulares.estrategia.com\/portal\/\",\"logo\":{\"@type\":\"ImageObject\",\"inLanguage\":\"pt-BR\",\"@id\":\"https:\/\/vestibulares.estrategia.com\/portal\/#\/schema\/logo\/image\/\",\"url\":\"https:\/\/vestibulares.estrategia.com\/portal\/wp-content\/uploads\/2021\/06\/Logo-Vestibulares@4x.png\",\"contentUrl\":\"https:\/\/vestibulares.estrategia.com\/portal\/wp-content\/uploads\/2021\/06\/Logo-Vestibulares@4x.png\",\"width\":250,\"height\":66,\"caption\":\"Estrat\u00e9gia Vestibulares\"},\"image\":{\"@id\":\"https:\/\/vestibulares.estrategia.com\/portal\/#\/schema\/logo\/image\/\"},\"sameAs\":[\"https:\/\/facebook.com\/estrategiavestibulares\",\"https:\/\/x.com\/Estrategiavest\",\"https:\/\/www.instagram.com\/estrategiavestibulares\",\"https:\/\/www.youtube.com\/channel\/UCGWdZy8ULI-7_5GrABa4vNA\"]},{\"@type\":\"Person\",\"@id\":\"https:\/\/vestibulares.estrategia.com\/portal\/#\/schema\/person\/98d0c0e22d6d89b480aa1929f0e64ec5\",\"name\":\"Larrani Ferreira\",\"image\":{\"@type\":\"ImageObject\",\"inLanguage\":\"pt-BR\",\"@id\":\"https:\/\/vestibulares.estrategia.com\/portal\/#\/schema\/person\/image\/\",\"url\":\"https:\/\/vestibulares.estrategia.com\/portal\/wp-content\/uploads\/2026\/02\/WhatsApp-Image-2026-02-05-at-14.26.13-150x150.jpeg\",\"contentUrl\":\"https:\/\/vestibulares.estrategia.com\/portal\/wp-content\/uploads\/2026\/02\/WhatsApp-Image-2026-02-05-at-14.26.13-150x150.jpeg\",\"caption\":\"Larrani Ferreira\"},\"description\":\"Jornalista e Mestranda em Comunica\u00e7\u00e3o Intercultural nas Organiza\u00e7\u00f5es\",\"url\":\"https:\/\/vestibulares.estrategia.com\/portal\/author\/larranioliveira\/\"}]}<\/script>\n<!-- \/ Yoast SEO Premium plugin. -->","yoast_head_json":{"title":"Sisu 2025: confira os termos de ades\u00e3o ao sistema","description":"A maioria das universidades brasileiras j\u00e1 divulgaram o termo de ades\u00e3o ao Sisu 2025. Confira todos eles no Portal Estrat\u00e9gia Vestibulares!","robots":{"index":"index","follow":"follow","max-snippet":"max-snippet:-1","max-image-preview":"max-image-preview:large","max-video-preview":"max-video-preview:-1"},"canonical":"https:\/\/vestibulares.estrategia.com\/portal\/enem-e-vestibulares\/sisu\/sisu-2025-confira-os-termos-de-adesao-ao-sistema\/","og_locale":"pt_BR","og_type":"article","og_title":"Sisu 2025: confira os termos de ades\u00e3o ao sistema","og_description":"A maioria das universidades brasileiras j\u00e1 divulgaram o termo de ades\u00e3o ao Sisu 2025. Confira todos eles no Portal Estrat\u00e9gia Vestibulares!","og_url":"https:\/\/vestibulares.estrategia.com\/portal\/enem-e-vestibulares\/sisu\/sisu-2025-confira-os-termos-de-adesao-ao-sistema\/","og_site_name":"Estrat\u00e9gia Vestibulares","article_publisher":"https:\/\/facebook.com\/estrategiavestibulares","article_published_time":"2025-01-13T22:45:02+00:00","article_modified_time":"2025-01-17T14:51:00+00:00","og_image":[{"width":980,"height":675,"url":"https:\/\/vestibulares.estrategia.com\/portal\/wp-content\/uploads\/2025\/01\/sisu-2025-termo-de-adesao.png","type":"image\/png"}],"author":"Larrani Ferreira","twitter_card":"summary_large_image","twitter_creator":"@Estrategiavest","twitter_site":"@Estrategiavest","twitter_misc":{"Escrito por":"Larrani Ferreira","Est. tempo de leitura":"15 minutos"},"schema":{"@context":"https:\/\/schema.org","@graph":[{"@type":"Article","@id":"https:\/\/vestibulares.estrategia.com\/portal\/enem-e-vestibulares\/sisu\/sisu-2025-confira-os-termos-de-adesao-ao-sistema\/#article","isPartOf":{"@id":"https:\/\/vestibulares.estrategia.com\/portal\/enem-e-vestibulares\/sisu\/sisu-2025-confira-os-termos-de-adesao-ao-sistema\/"},"author":{"name":"Larrani Ferreira","@id":"https:\/\/vestibulares.estrategia.com\/portal\/#\/schema\/person\/98d0c0e22d6d89b480aa1929f0e64ec5"},"headline":"Sisu 2025: confira os termos de ades\u00e3o ao sistema","datePublished":"2025-01-13T22:45:02+00:00","dateModified":"2025-01-17T14:51:00+00:00","mainEntityOfPage":{"@id":"https:\/\/vestibulares.estrategia.com\/portal\/enem-e-vestibulares\/sisu\/sisu-2025-confira-os-termos-de-adesao-ao-sistema\/"},"wordCount":3021,"publisher":{"@id":"https:\/\/vestibulares.estrategia.com\/portal\/#organization"},"image":{"@id":"https:\/\/vestibulares.estrategia.com\/portal\/enem-e-vestibulares\/sisu\/sisu-2025-confira-os-termos-de-adesao-ao-sistema\/#primaryimage"},"thumbnailUrl":"https:\/\/vestibulares.estrategia.com\/portal\/wp-content\/uploads\/2025\/01\/sisu-2025-termo-de-adesao.png","articleSection":["Sisu"],"inLanguage":"pt-BR"},{"@type":"WebPage","@id":"https:\/\/vestibulares.estrategia.com\/portal\/enem-e-vestibulares\/sisu\/sisu-2025-confira-os-termos-de-adesao-ao-sistema\/","url":"https:\/\/vestibulares.estrategia.com\/portal\/enem-e-vestibulares\/sisu\/sisu-2025-confira-os-termos-de-adesao-ao-sistema\/","name":"Sisu 2025: confira os termos de ades\u00e3o ao sistema","isPartOf":{"@id":"https:\/\/vestibulares.estrategia.com\/portal\/#website"},"primaryImageOfPage":{"@id":"https:\/\/vestibulares.estrategia.com\/portal\/enem-e-vestibulares\/sisu\/sisu-2025-confira-os-termos-de-adesao-ao-sistema\/#primaryimage"},"image":{"@id":"https:\/\/vestibulares.estrategia.com\/portal\/enem-e-vestibulares\/sisu\/sisu-2025-confira-os-termos-de-adesao-ao-sistema\/#primaryimage"},"thumbnailUrl":"https:\/\/vestibulares.estrategia.com\/portal\/wp-content\/uploads\/2025\/01\/sisu-2025-termo-de-adesao.png","datePublished":"2025-01-13T22:45:02+00:00","dateModified":"2025-01-17T14:51:00+00:00","description":"A maioria das universidades brasileiras j\u00e1 divulgaram o termo de ades\u00e3o ao Sisu 2025. Confira todos eles no Portal Estrat\u00e9gia Vestibulares!","breadcrumb":{"@id":"https:\/\/vestibulares.estrategia.com\/portal\/enem-e-vestibulares\/sisu\/sisu-2025-confira-os-termos-de-adesao-ao-sistema\/#breadcrumb"},"inLanguage":"pt-BR","potentialAction":[{"@type":"ReadAction","target":["https:\/\/vestibulares.estrategia.com\/portal\/enem-e-vestibulares\/sisu\/sisu-2025-confira-os-termos-de-adesao-ao-sistema\/"]}]},{"@type":"ImageObject","inLanguage":"pt-BR","@id":"https:\/\/vestibulares.estrategia.com\/portal\/enem-e-vestibulares\/sisu\/sisu-2025-confira-os-termos-de-adesao-ao-sistema\/#primaryimage","url":"https:\/\/vestibulares.estrategia.com\/portal\/wp-content\/uploads\/2025\/01\/sisu-2025-termo-de-adesao.png","contentUrl":"https:\/\/vestibulares.estrategia.com\/portal\/wp-content\/uploads\/2025\/01\/sisu-2025-termo-de-adesao.png","width":980,"height":675,"caption":"Imagem: UFF\/Divulga\u00e7\u00e3o"},{"@type":"BreadcrumbList","@id":"https:\/\/vestibulares.estrategia.com\/portal\/enem-e-vestibulares\/sisu\/sisu-2025-confira-os-termos-de-adesao-ao-sistema\/#breadcrumb","itemListElement":[{"@type":"ListItem","position":1,"name":"Home","item":"https:\/\/vestibulares.estrategia.com\/portal\/"},{"@type":"ListItem","position":2,"name":"Enem e Vestibulares","item":"https:\/\/vestibulares.estrategia.com\/portal\/enem-e-vestibulares\/"},{"@type":"ListItem","position":3,"name":"Sisu","item":"https:\/\/vestibulares.estrategia.com\/portal\/enem-e-vestibulares\/sisu\/"},{"@type":"ListItem","position":4,"name":"Sisu 2025: confira os termos de ades\u00e3o ao sistema"}]},{"@type":"WebSite","@id":"https:\/\/vestibulares.estrategia.com\/portal\/#website","url":"https:\/\/vestibulares.estrategia.com\/portal\/","name":"Estrat\u00e9gia Vestibulares","description":"","publisher":{"@id":"https:\/\/vestibulares.estrategia.com\/portal\/#organization"},"potentialAction":[{"@type":"SearchAction","target":{"@type":"EntryPoint","urlTemplate":"https:\/\/vestibulares.estrategia.com\/portal\/?s={search_term_string}"},"query-input":{"@type":"PropertyValueSpecification","valueRequired":true,"valueName":"search_term_string"}}],"inLanguage":"pt-BR"},{"@type":"Organization","@id":"https:\/\/vestibulares.estrategia.com\/portal\/#organization","name":"Estrat\u00e9gia Vestibulares","url":"https:\/\/vestibulares.estrategia.com\/portal\/","logo":{"@type":"ImageObject","inLanguage":"pt-BR","@id":"https:\/\/vestibulares.estrategia.com\/portal\/#\/schema\/logo\/image\/","url":"https:\/\/vestibulares.estrategia.com\/portal\/wp-content\/uploads\/2021\/06\/Logo-Vestibulares@4x.png","contentUrl":"https:\/\/vestibulares.estrategia.com\/portal\/wp-content\/uploads\/2021\/06\/Logo-Vestibulares@4x.png","width":250,"height":66,"caption":"Estrat\u00e9gia Vestibulares"},"image":{"@id":"https:\/\/vestibulares.estrategia.com\/portal\/#\/schema\/logo\/image\/"},"sameAs":["https:\/\/facebook.com\/estrategiavestibulares","https:\/\/x.com\/Estrategiavest","https:\/\/www.instagram.com\/estrategiavestibulares","https:\/\/www.youtube.com\/channel\/UCGWdZy8ULI-7_5GrABa4vNA"]},{"@type":"Person","@id":"https:\/\/vestibulares.estrategia.com\/portal\/#\/schema\/person\/98d0c0e22d6d89b480aa1929f0e64ec5","name":"Larrani Ferreira","image":{"@type":"ImageObject","inLanguage":"pt-BR","@id":"https:\/\/vestibulares.estrategia.com\/portal\/#\/schema\/person\/image\/","url":"https:\/\/vestibulares.estrategia.com\/portal\/wp-content\/uploads\/2026\/02\/WhatsApp-Image-2026-02-05-at-14.26.13-150x150.jpeg","contentUrl":"https:\/\/vestibulares.estrategia.com\/portal\/wp-content\/uploads\/2026\/02\/WhatsApp-Image-2026-02-05-at-14.26.13-150x150.jpeg","caption":"Larrani Ferreira"},"description":"Jornalista e Mestranda em Comunica\u00e7\u00e3o Intercultural nas Organiza\u00e7\u00f5es","url":"https:\/\/vestibulares.estrategia.com\/portal\/author\/larranioliveira\/"}]}},"_wl_alt_label":[],"wl:entity_url":"https:\/\/data.wordlift.io\/wl110249\/post\/sisu-2025-confira-os-termos-de-adesao-ao-sistema-133406","_links":{"self":[{"href":"https:\/\/vestibulares.estrategia.com\/portal\/wp-json\/wp\/v2\/posts\/133406","targetHints":{"allow":["GET"]}}],"collection":[{"href":"https:\/\/vestibulares.estrategia.com\/portal\/wp-json\/wp\/v2\/posts"}],"about":[{"href":"https:\/\/vestibulares.estrategia.com\/portal\/wp-json\/wp\/v2\/types\/post"}],"author":[{"embeddable":true,"href":"https:\/\/vestibulares.estrategia.com\/portal\/wp-json\/wp\/v2\/users\/51"}],"replies":[{"embeddable":true,"href":"https:\/\/vestibulares.estrategia.com\/portal\/wp-json\/wp\/v2\/comments?post=133406"}],"version-history":[{"count":13,"href":"https:\/\/vestibulares.estrategia.com\/portal\/wp-json\/wp\/v2\/posts\/133406\/revisions"}],"predecessor-version":[{"id":133828,"href":"https:\/\/vestibulares.estrategia.com\/portal\/wp-json\/wp\/v2\/posts\/133406\/revisions\/133828"}],"wp:featuredmedia":[{"embeddable":true,"href":"https:\/\/vestibulares.estrategia.com\/portal\/wp-json\/wp\/v2\/media\/133459"}],"wp:attachment":[{"href":"https:\/\/vestibulares.estrategia.com\/portal\/wp-json\/wp\/v2\/media?parent=133406"}],"wp:term":[{"taxonomy":"category","embeddable":true,"href":"https:\/\/vestibulares.estrategia.com\/portal\/wp-json\/wp\/v2\/categories?post=133406"},{"taxonomy":"post_tag","embeddable":true,"href":"https:\/\/vestibulares.estrategia.com\/portal\/wp-json\/wp\/v2\/tags?post=133406"},{"taxonomy":"wl_entity_type","embeddable":true,"href":"https:\/\/vestibulares.estrategia.com\/portal\/wp-json\/wp\/v2\/wl_entity_type?post=133406"}],"curies":[{"name":"wp","href":"https:\/\/api.w.org\/{rel}","templated":true}]}}