{"id":133597,"date":"2025-01-17T17:20:41","date_gmt":"2025-01-17T20:20:41","guid":{"rendered":"https:\/\/vestibulares.estrategia.com\/portal\/?p=133597"},"modified":"2025-01-24T15:05:58","modified_gmt":"2025-01-24T18:05:58","slug":"oracoes-subordinadas-na-sintaxe-do-periodo-composto-entenda-como-funcionam","status":"publish","type":"post","link":"https:\/\/vestibulares.estrategia.com\/portal\/materias\/portugues\/oracoes-subordinadas-na-sintaxe-do-periodo-composto-entenda-como-funcionam\/","title":{"rendered":"Ora\u00e7\u00f5es Subordinadas na Sintaxe do Per\u00edodo Composto: entenda como funcionam"},"content":{"rendered":"<p>As adjetivas na sintaxe do <a href=\"https:\/\/vestibulares.estrategia.com\/portal\/materias\/portugues\/sintaxe-do-periodo-composto-importancia-conceito-e-tipos\/\">per&iacute;odo composto<\/a> podem ser classificadas em dois tipos: <strong>restritivas<\/strong> ou <strong>explicativas<\/strong>. De forma bem simplificada, as restritivas n&atilde;o t&ecirc;m v&iacute;rgula e se referem a uma parte, ao passo que as explicativas t&ecirc;m v&iacute;rgula e se referem a um todo.<p>Ambas s&atilde;o muito usadas na nossa l&iacute;ngua portuguesa e desempenham papel importante na constru&ccedil;&atilde;o de sentido, ao escrever uma reda&ccedil;&atilde;o de vestibular e, domin&aacute;-las, permite com que fa&ccedil;amos uma interpreta&ccedil;&atilde;o de textos mais apurada.&nbsp;<\/p><p>Neste artigo, voc&ecirc; entender&aacute; como identificar e classificar cada uma, como diferenci&aacute;-las, suas fun&ccedil;&otilde;es, como encontrar o pronome relativo que introduz as ora&ccedil;&otilde;es subordinadas e como esse assunto pode ser cobrado na prova.<\/p><p>\n\n\n\n<div class=\"cta-medio\" style=\"background-image: url(https:\/\/vestibulares.estrategia.com\/portal\/wp-content\/uploads\/2024\/08\/curso-enem-1-estrategia-vestibulares-ctamedio.jpg);\"><h3>Pacote Enem TOP <\/h3> <p>Estude com o Estrat\u00e9gia Vestibulares<\/p><div class=\"cta-botao\"><a id=\"cta-medio\" href=\"https:\/\/vestibulares.estrategia.com\/curso\/enem-top\/\" target=\"_blank\" style=\"background:rgb(255,150,0)\">Saiba mais<\/a><\/div><\/div>\n\n\n\n<\/p><div id=\"ez-toc-container\" class=\"ez-toc-v2_0_76 counter-hierarchy ez-toc-counter ez-toc-transparent ez-toc-container-direction\">\n<div class=\"ez-toc-title-container\"><p class=\"ez-toc-title\" style=\"cursor:inherit\">Navegue pelo conte\u00fado<\/p>\n<\/div><nav><ul class='ez-toc-list ez-toc-list-level-1 ' ><li class='ez-toc-page-1 ez-toc-heading-level-2'><a class=\"ez-toc-link ez-toc-heading-1\" href=\"https:\/\/vestibulares.estrategia.com\/portal\/materias\/portugues\/oracoes-subordinadas-na-sintaxe-do-periodo-composto-entenda-como-funcionam\/#O-que-sao\" >O que s&atilde;o?<\/a><\/li><li class='ez-toc-page-1 ez-toc-heading-level-2'><a class=\"ez-toc-link ez-toc-heading-2\" href=\"https:\/\/vestibulares.estrategia.com\/portal\/materias\/portugues\/oracoes-subordinadas-na-sintaxe-do-periodo-composto-entenda-como-funcionam\/#Periodo-composto-oracao-subordinada-adjetiva-restritiva\" >Per&iacute;odo composto: ora&ccedil;&atilde;o subordinada adjetiva restritiva<\/a><\/li><li class='ez-toc-page-1 ez-toc-heading-level-2'><a class=\"ez-toc-link ez-toc-heading-3\" href=\"https:\/\/vestibulares.estrategia.com\/portal\/materias\/portugues\/oracoes-subordinadas-na-sintaxe-do-periodo-composto-entenda-como-funcionam\/#Periodo-composto-oracao-subordinada-adjetiva-explicativa\" >Per&iacute;odo composto: ora&ccedil;&atilde;o subordinada adjetiva explicativa<\/a><\/li><li class='ez-toc-page-1 ez-toc-heading-level-2'><a class=\"ez-toc-link ez-toc-heading-4\" href=\"https:\/\/vestibulares.estrategia.com\/portal\/materias\/portugues\/oracoes-subordinadas-na-sintaxe-do-periodo-composto-entenda-como-funcionam\/#Pronome-relativo-como-encontrar\" >Pronome relativo: como encontrar<\/a><\/li><li class='ez-toc-page-1 ez-toc-heading-level-2'><a class=\"ez-toc-link ez-toc-heading-5\" href=\"https:\/\/vestibulares.estrategia.com\/portal\/materias\/portugues\/oracoes-subordinadas-na-sintaxe-do-periodo-composto-entenda-como-funcionam\/#Confira-um-exercicio-sobre-o-assunto\" >Confira um exerc&iacute;cio sobre o assunto<\/a><\/li><li class='ez-toc-page-1 ez-toc-heading-level-2'><a class=\"ez-toc-link ez-toc-heading-6\" href=\"https:\/\/vestibulares.estrategia.com\/portal\/materias\/portugues\/oracoes-subordinadas-na-sintaxe-do-periodo-composto-entenda-como-funcionam\/#Estude-para-as-provas-com-a-Coruja\" >Estude para as provas com a Coruja!<\/a><\/li><\/ul><\/nav><\/div>\n<h2 class=\"wp-block-heading\" id=\"h-o-que-sao\"><span class=\"ez-toc-section\" id=\"O-que-sao\"><\/span>O que s&atilde;o?<span class=\"ez-toc-section-end\"><\/span><\/h2><p>As ora&ccedil;&otilde;es subordinadas adjetivas equivalem a adjetivos pois exercem, em rela&ccedil;&atilde;o &agrave; ora&ccedil;&atilde;o principal, a fun&ccedil;&atilde;o de adjunto adnominal de algum substantivo ou pronome da ora&ccedil;&atilde;o principal.&nbsp;<\/p><p>Essas ora&ccedil;&otilde;es t&ecirc;m a fun&ccedil;&atilde;o de caracterizar ou detalhar um substantivo ou pronome presente na ora&ccedil;&atilde;o principal, funcionando como um &ldquo;adjetivo em forma de ora&ccedil;&atilde;o&rdquo;. Elas dependem estruturalmente da ora&ccedil;&atilde;o principal e s&atilde;o introduzidas por pronomes relativos.<\/p><p>As ora&ccedil;&otilde;es subordinadas adjetivas desempenham uma fun&ccedil;&atilde;o primordial na estrutura&ccedil;&atilde;o de frases mais elaboradas, ampliando ou restringindo informa&ccedil;&otilde;es contidas na ora&ccedil;&atilde;o principal.&nbsp;Introduzidas por pronomes relativos, como <strong>que<\/strong>, <strong>quem<\/strong>, <strong>quando<\/strong>, <strong>cujo<\/strong>,<strong> cuja<\/strong>, <strong>o qual<\/strong>, <strong>a qual<\/strong>, <strong>onde<\/strong>, essas ora&ccedil;&otilde;es podem ser classificadas em restritivas e explicativas &mdash; como mencionado anteriormente &mdash;, dependendo da fun&ccedil;&atilde;o que exercem no contexto da frase.<\/p><h2 class=\"wp-block-heading\" id=\"h-periodo-composto-oracao-subordinada-adjetiva-restritiva\"><span class=\"ez-toc-section\" id=\"Periodo-composto-oracao-subordinada-adjetiva-restritiva\"><\/span>Per&iacute;odo composto: ora&ccedil;&atilde;o subordinada adjetiva restritiva<span class=\"ez-toc-section-end\"><\/span><\/h2><p>As ora&ccedil;&otilde;es subordinadas adjetivas restritivas delimitam ou especificam o sentido do termo ao qual se referem, indicando uma informa&ccedil;&atilde;o essencial para a compreens&atilde;o da frase. Sem essa ora&ccedil;&atilde;o, o significado pode ficar incompleto ou at&eacute; amb&iacute;guo.<\/p><p>Veja alguns exemplos abaixo.<\/p><p><strong>&ldquo;Os alunos que estudaram bastante foram aprovados na Fuvest.&rdquo;<\/strong><\/p><p>Nesse caso, apenas os alunos que estudaram foram aprovados. A ora&ccedil;&atilde;o subordinada restringe o grupo ao qual se refere.<\/p><p><strong>&ldquo;Os livros que comprei ontem chegaram hoje.&rdquo;<\/strong><\/p><p>Perceba que a ora&ccedil;&atilde;o subordinada adjetiva &ldquo;que comprei ontem&rdquo; especifica quais livros chegaram. N&atilde;o estamos falando de todos os livros, mas apenas dos que foram comprados ontem. O pronome <strong>&ldquo;que&rdquo;<\/strong> refere-se ao substantivo livros e atua como objeto direto da ora&ccedil;&atilde;o subordinada (&ldquo;comprei o qu&ecirc;?&rdquo;).<\/p><p>Se retirarmos a subordinada, a frase fica: &ldquo;Os livros chegaram hoje.&rdquo; Logo, &eacute; mais gen&eacute;rico e n&atilde;o deixa claro quais livros est&atilde;o sendo mencionados.<\/p><p><strong>&ldquo;A casa onde moramos precisa de reformas.&rdquo;<\/strong><\/p><p>A ora&ccedil;&atilde;o subordinada adjetiva &ldquo;onde moramos&rdquo; restringe o significado de casa, indicando qual delas precisa de reformas. N&atilde;o se trata de qualquer casa, mas da casa em que vivemos. J&aacute; o pronome relativo<strong> &ldquo;onde&rdquo;<\/strong> refere-se ao substantivo casa e indica o local da a&ccedil;&atilde;o da ora&ccedil;&atilde;o subordinada (&ldquo;moramos onde?&rdquo;).<\/p><p>Sem a subordinada, a frase &ldquo;A casa precisa de reformas.&rdquo; n&atilde;o esclarece qual casa est&aacute; sendo mencionada.<\/p><h2 class=\"wp-block-heading\" id=\"h-periodo-composto-oracao-subordinada-adjetiva-explicativa\"><span class=\"ez-toc-section\" id=\"Periodo-composto-oracao-subordinada-adjetiva-explicativa\"><\/span>Per&iacute;odo composto: ora&ccedil;&atilde;o subordinada adjetiva explicativa<span class=\"ez-toc-section-end\"><\/span><\/h2><p>As ora&ccedil;&otilde;es subordinadas adjetivas explicativas, por sua vez, podem acrescentar qualidades e informa&ccedil;&otilde;es complementares, que n&atilde;o s&atilde;o essenciais para a compreens&atilde;o da ideia principal. Um modo f&aacute;cil de identificar o tipo de ora&ccedil;&atilde;o adjetiva &eacute; observar a pontua&ccedil;&atilde;o, ou seja, a exist&ecirc;ncia de v&iacute;rgula ou n&atilde;o.<\/p><p>As explicativas aparecem dentro de duas &ndash; ou mais &ndash; ora&ccedil;&otilde;es que t&ecirc;m depend&ecirc;ncia de sentido uma da outra para que se tenha sentido completo no per&iacute;odo composto, na ora&ccedil;&atilde;o.<\/p><p>A fun&ccedil;&atilde;o dela &eacute; basicamente caracterizar a ora&ccedil;&atilde;o principal; elas <strong>n&atilde;o<\/strong> s&atilde;o ligadas por conjun&ccedil;&otilde;es, mas sim por pronomes relativos (que, quem, quando, cujo, cuja, o qual, a qual, onde).<\/p><p>Veja como analis&aacute;-las a partir dos exemplos a seguir.<\/p><p><strong>&ldquo;Os livros, que s&atilde;o fascinantes, est&atilde;o na estante.&rdquo;<\/strong><\/p><p>Observe que o pronome <strong>&ldquo;que&rdquo;<\/strong> adiciona um coment&aacute;rio sobre os livros, mas n&atilde;o limita o grupo.<\/p><p><strong>&ldquo;O Brasil, que &eacute; conhecido por sua diversidade cultural, atrai turistas do mundo inteiro.&rdquo;<\/strong><\/p><p>A ora&ccedil;&atilde;o subordinada adjetiva &ldquo;que &eacute; conhecido por sua diversidade cultural&rdquo; fornece um coment&aacute;rio adicional sobre o Brasil, mas n&atilde;o &eacute; indispens&aacute;vel para compreender a ideia central.<\/p><p>O pronome relativo <strong>&ldquo;que&rdquo;<\/strong> refere-se ao substantivo Brasil e funciona como sujeito da subordinada &ldquo;que &eacute; conhecido por sua diversidade cultural?&rdquo;.<\/p><p>Sem a ora&ccedil;&atilde;o subordinada, a frase ainda faz sentido: &ldquo;O Brasil atrai turistas do mundo inteiro.&rdquo;<\/p><p><strong>&ldquo;A Amaz&ocirc;nia, que &eacute; a maior floresta tropical do mundo, enfrenta desmatamento.&rdquo;<\/strong><\/p><p>A ora&ccedil;&atilde;o subordinada adjetiva &ldquo;que &eacute; a maior floresta tropical do mundo&rdquo; adiciona uma informa&ccedil;&atilde;o relevante, mas n&atilde;o essencial, sobre a Amaz&ocirc;nia.<\/p><p>O pronome relativo <strong>&ldquo;que&rdquo;<\/strong> refere-se ao substantivo Amaz&ocirc;nia e funciona como sujeito da ora&ccedil;&atilde;o subordinada (&ldquo;quem &eacute; a maior floresta tropical do mundo?&rdquo;).<\/p><p>Sem a subordinada, o sentido principal permanece: &ldquo;A Amaz&ocirc;nia enfrenta desmatamento.&rdquo;<\/p><h2 class=\"wp-block-heading\" id=\"h-pronome-relativo-como-encontrar\"><span class=\"ez-toc-section\" id=\"Pronome-relativo-como-encontrar\"><\/span>Pronome relativo: como encontrar<span class=\"ez-toc-section-end\"><\/span><\/h2><p>O pronome relativo sempre estar&aacute; atrelado ao substantivo ou pronome da ora&ccedil;&atilde;o principal. A dica &eacute; procurar o termo que se relaciona com ele e entender sua fun&ccedil;&atilde;o dentro da subordinada. Vejamos o seguinte exemplo.<\/p><p><strong>&ldquo;Os jogadores de handebol, que s&atilde;o iniciantes, n&atilde;o recebem sal&aacute;rios&rdquo;.&nbsp;<\/strong><\/p><p>Observe que &ldquo;que s&atilde;o iniciantes&rdquo; &eacute; a subordinada; est&aacute; no meio, encaixada na ora&ccedil;&atilde;o principal &ldquo;Os jogadores de handebol n&atilde;o recebem sal&aacute;rios&rdquo;. O que est&aacute; ligando uma ora&ccedil;&atilde;o &agrave; outra &eacute; o termo &ldquo;que&rdquo;.&nbsp;<\/p><p>E como saber se ele &eacute; um pronome relativo ou uma conjun&ccedil;&atilde;o? Outra dica &eacute; tentar substituir esse &ldquo;que&rdquo; por &ldquo;os quais&rdquo; ou &ldquo;as quais&rdquo;. Temos agora: &ldquo;Os jogadores de handebol, os quais s&atilde;o iniciantes, n&atilde;o recebem sal&aacute;rios&rdquo;. Manteve o sentido, logo, esse &ldquo;que&rdquo; &eacute; um pronome relativo.<\/p><h2 class=\"wp-block-heading\" id=\"h-confira-um-exercicio-sobre-o-assunto\"><span class=\"ez-toc-section\" id=\"Confira-um-exercicio-sobre-o-assunto\"><\/span>Confira um exerc&iacute;cio sobre o assunto<span class=\"ez-toc-section-end\"><\/span><\/h2><h3 class=\"wp-block-heading\" id=\"h-ifpa-2019\">(IFPA\/2019)<\/h3><p>Marque a alternativa em que o trecho destacado corresponde a uma ora&ccedil;&atilde;o subordinada adjetiva.<br><\/p><p><strong>A)<\/strong> N&atilde;o sei se <strong>Padre Bernardino concordar&aacute; comigo.<\/strong><br><strong>B)<\/strong> <strong>Como anoitecesse<\/strong>, recolhi-me um pouco depois e deitei-me.<br><strong>C)<\/strong> Susana, <strong>que n&atilde;o se sentia bem<\/strong>, estava de cama.<br><strong>D)<\/strong> O lavrador revirou os olhos e come&ccedil;ou a tremer <strong>como se tivesse uma sez&atilde;o.<\/strong><br><strong>E)<\/strong> &Eacute; certo <strong>que a presen&ccedil;a do dono o sossegava um pouco<\/strong>.<\/p><details class=\"wp-block-details is-layout-flow wp-block-details-is-layout-flow\"><summary>Resolu&ccedil;&atilde;o<br><br><\/summary>\n<details class=\"wp-block-details is-layout-flow wp-block-details-is-layout-flow\"><summary>No item C) temos uma ora&ccedil;&atilde;o subordinada adjetiva, porque a ora&ccedil;&atilde;o subordinada (que n&atilde;o se sentia bem) depende da ora&ccedil;&atilde;o principal (Susana estava de cama) e a modifica.<br>Essa ora&ccedil;&atilde;o subordinada que modifica a ora&ccedil;&atilde;o principal tem a fun&ccedil;&atilde;o de adjetivo, pois ela caracteriza o substantivo &ldquo;Susana&rdquo;, e por esse motivo &eacute; classificada como ora&ccedil;&atilde;o subordinada adjetiva<br><strong>Gabarito:<\/strong> C<br><\/summary>\n<p><\/p>\n<\/details>\n<\/details><h2 class=\"wp-block-heading\" id=\"h-estude-para-as-provas-com-a-coruja\"><span class=\"ez-toc-section\" id=\"Estude-para-as-provas-com-a-Coruja\"><\/span>Estude para as provas com a Coruja!<span class=\"ez-toc-section-end\"><\/span><\/h2><p>Nos pacotes do Estrat&eacute;gia Vestibulares, voc&ecirc; pode acessar trilhas estrat&eacute;gicas, que s&atilde;o compostas por cronogramas completos e detalhados para te guiar sobre o que, como e quando estudar.&nbsp;<\/p><p>Al&eacute;m disso, os Livros Digitais Interativos (LDIs) te auxiliam durante todo o processo de aprendizagem &mdash; voc&ecirc; pode ler, grifar e anotar e, quando precisar revisar, todas as informa&ccedil;&otilde;es estar&atilde;o dispon&iacute;veis.<\/p><p>A Coruja te fornece tudo isso associado com aulas focadas, que te d&atilde;o a base de conhecimento necess&aacute;rio em todas as disciplinas. Clique no banner e saiba mais.<\/p><p>\n\n\n\n<a id=\"cta\" class=\"cta-imagem\" href=\"https:\/\/vestibulares.estrategia.com\/cursos\/\" target=\"blank\">\n                <img decoding=\"async\" width=\"100%\" src=\"https:\/\/vestibulares.estrategia.com\/portal\/wp-content\/uploads\/2021\/12\/EV2.jpg\" alt=\"CTA - Estrat\u00e9gia Vestibulares 2\" title=\"CTA - Estrat\u00e9gia Vestibulares 2\">\n        <\/a>\n\n\n\n\n<\/p><\/p>\n","protected":false},"excerpt":{"rendered":"Ora\u00e7\u00f5es Subordinadas na Sintaxe do Per\u00edodo Composto: aprenda como funcionam, como diferenciar cada uma e como pode cair na prova\n","protected":false},"author":60,"featured_media":133668,"comment_status":"closed","ping_status":"closed","sticky":false,"template":"","format":"standard","meta":{"wl_entities_gutenberg":"","footnotes":""},"categories":[27],"tags":[],"wl_entity_type":[732],"class_list":{"0":"post-133597","1":"post","2":"type-post","3":"status-publish","4":"format-standard","5":"has-post-thumbnail","7":"category-portugues","8":"wl_entity_type-article"},"acf":[],"yoast_head":"<!-- This site is optimized with the Yoast SEO Premium plugin v25.9 (Yoast SEO v25.9) - https:\/\/yoast.com\/wordpress\/plugins\/seo\/ -->\n<title>Ora\u00e7\u00f5es Subordinadas na sintaxe do per\u00edodo composto: o que s\u00e3o<\/title>\n<meta name=\"description\" content=\"Ora\u00e7\u00f5es Subordinadas na Sintaxe do Per\u00edodo Composto: aprenda como funcionam, como diferenciar cada uma e como pode cair na prova.\" \/>\n<meta name=\"robots\" content=\"index, follow, max-snippet:-1, max-image-preview:large, max-video-preview:-1\" \/>\n<link rel=\"canonical\" href=\"https:\/\/vestibulares.estrategia.com\/portal\/materias\/portugues\/oracoes-subordinadas-na-sintaxe-do-periodo-composto-entenda-como-funcionam\/\" \/>\n<meta property=\"og:locale\" content=\"pt_BR\" \/>\n<meta property=\"og:type\" content=\"article\" \/>\n<meta property=\"og:title\" content=\"Ora\u00e7\u00f5es Subordinadas na Sintaxe do Per\u00edodo Composto: entenda como funcionam\" \/>\n<meta property=\"og:description\" content=\"Ora\u00e7\u00f5es Subordinadas na Sintaxe do Per\u00edodo Composto: aprenda como funcionam, como diferenciar cada uma e como pode cair na prova.\" \/>\n<meta property=\"og:url\" content=\"https:\/\/vestibulares.estrategia.com\/portal\/materias\/portugues\/oracoes-subordinadas-na-sintaxe-do-periodo-composto-entenda-como-funcionam\/\" \/>\n<meta property=\"og:site_name\" content=\"Estrat\u00e9gia Vestibulares\" \/>\n<meta property=\"article:publisher\" content=\"https:\/\/facebook.com\/estrategiavestibulares\" \/>\n<meta property=\"article:published_time\" content=\"2025-01-17T20:20:41+00:00\" \/>\n<meta property=\"article:modified_time\" content=\"2025-01-24T18:05:58+00:00\" \/>\n<meta property=\"og:image\" content=\"https:\/\/vestibulares.estrategia.com\/portal\/wp-content\/uploads\/2025\/01\/livro2.jpg\" \/>\n\t<meta property=\"og:image:width\" content=\"1920\" \/>\n\t<meta property=\"og:image:height\" content=\"1080\" \/>\n\t<meta property=\"og:image:type\" content=\"image\/jpeg\" \/>\n<meta name=\"author\" content=\"Henrique Alonso\" \/>\n<meta name=\"twitter:card\" content=\"summary_large_image\" \/>\n<meta name=\"twitter:creator\" content=\"@Estrategiavest\" \/>\n<meta name=\"twitter:site\" content=\"@Estrategiavest\" \/>\n<meta name=\"twitter:label1\" content=\"Escrito por\" \/>\n\t<meta name=\"twitter:data1\" content=\"Henrique Alonso\" \/>\n\t<meta name=\"twitter:label2\" content=\"Est. tempo de leitura\" \/>\n\t<meta name=\"twitter:data2\" content=\"6 minutos\" \/>\n<script type=\"application\/ld+json\" class=\"yoast-schema-graph\">{\"@context\":\"https:\/\/schema.org\",\"@graph\":[{\"@type\":\"Article\",\"@id\":\"https:\/\/vestibulares.estrategia.com\/portal\/materias\/portugues\/oracoes-subordinadas-na-sintaxe-do-periodo-composto-entenda-como-funcionam\/#article\",\"isPartOf\":{\"@id\":\"https:\/\/vestibulares.estrategia.com\/portal\/materias\/portugues\/oracoes-subordinadas-na-sintaxe-do-periodo-composto-entenda-como-funcionam\/\"},\"author\":{\"name\":\"Henrique Alonso\",\"@id\":\"https:\/\/vestibulares.estrategia.com\/portal\/#\/schema\/person\/58a24ec617c4366facab83777fb769a2\"},\"headline\":\"Ora\u00e7\u00f5es Subordinadas na Sintaxe do Per\u00edodo Composto: entenda como funcionam\",\"datePublished\":\"2025-01-17T20:20:41+00:00\",\"dateModified\":\"2025-01-24T18:05:58+00:00\",\"mainEntityOfPage\":{\"@id\":\"https:\/\/vestibulares.estrategia.com\/portal\/materias\/portugues\/oracoes-subordinadas-na-sintaxe-do-periodo-composto-entenda-como-funcionam\/\"},\"wordCount\":1243,\"publisher\":{\"@id\":\"https:\/\/vestibulares.estrategia.com\/portal\/#organization\"},\"image\":{\"@id\":\"https:\/\/vestibulares.estrategia.com\/portal\/materias\/portugues\/oracoes-subordinadas-na-sintaxe-do-periodo-composto-entenda-como-funcionam\/#primaryimage\"},\"thumbnailUrl\":\"https:\/\/vestibulares.estrategia.com\/portal\/wp-content\/uploads\/2025\/01\/livro2.jpg\",\"articleSection\":[\"Portugu\u00eas\"],\"inLanguage\":\"pt-BR\"},{\"@type\":\"WebPage\",\"@id\":\"https:\/\/vestibulares.estrategia.com\/portal\/materias\/portugues\/oracoes-subordinadas-na-sintaxe-do-periodo-composto-entenda-como-funcionam\/\",\"url\":\"https:\/\/vestibulares.estrategia.com\/portal\/materias\/portugues\/oracoes-subordinadas-na-sintaxe-do-periodo-composto-entenda-como-funcionam\/\",\"name\":\"Ora\u00e7\u00f5es Subordinadas na sintaxe do per\u00edodo composto: o que s\u00e3o\",\"isPartOf\":{\"@id\":\"https:\/\/vestibulares.estrategia.com\/portal\/#website\"},\"primaryImageOfPage\":{\"@id\":\"https:\/\/vestibulares.estrategia.com\/portal\/materias\/portugues\/oracoes-subordinadas-na-sintaxe-do-periodo-composto-entenda-como-funcionam\/#primaryimage\"},\"image\":{\"@id\":\"https:\/\/vestibulares.estrategia.com\/portal\/materias\/portugues\/oracoes-subordinadas-na-sintaxe-do-periodo-composto-entenda-como-funcionam\/#primaryimage\"},\"thumbnailUrl\":\"https:\/\/vestibulares.estrategia.com\/portal\/wp-content\/uploads\/2025\/01\/livro2.jpg\",\"datePublished\":\"2025-01-17T20:20:41+00:00\",\"dateModified\":\"2025-01-24T18:05:58+00:00\",\"description\":\"Ora\u00e7\u00f5es Subordinadas na Sintaxe do Per\u00edodo Composto: aprenda como funcionam, como diferenciar cada uma e como pode cair na prova.\",\"breadcrumb\":{\"@id\":\"https:\/\/vestibulares.estrategia.com\/portal\/materias\/portugues\/oracoes-subordinadas-na-sintaxe-do-periodo-composto-entenda-como-funcionam\/#breadcrumb\"},\"inLanguage\":\"pt-BR\",\"potentialAction\":[{\"@type\":\"ReadAction\",\"target\":[\"https:\/\/vestibulares.estrategia.com\/portal\/materias\/portugues\/oracoes-subordinadas-na-sintaxe-do-periodo-composto-entenda-como-funcionam\/\"]}]},{\"@type\":\"ImageObject\",\"inLanguage\":\"pt-BR\",\"@id\":\"https:\/\/vestibulares.estrategia.com\/portal\/materias\/portugues\/oracoes-subordinadas-na-sintaxe-do-periodo-composto-entenda-como-funcionam\/#primaryimage\",\"url\":\"https:\/\/vestibulares.estrategia.com\/portal\/wp-content\/uploads\/2025\/01\/livro2.jpg\",\"contentUrl\":\"https:\/\/vestibulares.estrategia.com\/portal\/wp-content\/uploads\/2025\/01\/livro2.jpg\",\"width\":1920,\"height\":1080,\"caption\":\"ora\u00e7\u00f5es-subordinadas-sintaxe-per\u00edodo-composto-vestibular\"},{\"@type\":\"BreadcrumbList\",\"@id\":\"https:\/\/vestibulares.estrategia.com\/portal\/materias\/portugues\/oracoes-subordinadas-na-sintaxe-do-periodo-composto-entenda-como-funcionam\/#breadcrumb\",\"itemListElement\":[{\"@type\":\"ListItem\",\"position\":1,\"name\":\"Home\",\"item\":\"https:\/\/vestibulares.estrategia.com\/portal\/\"},{\"@type\":\"ListItem\",\"position\":2,\"name\":\"Mat\u00e9rias\",\"item\":\"https:\/\/vestibulares.estrategia.com\/portal\/materias\/\"},{\"@type\":\"ListItem\",\"position\":3,\"name\":\"Portugu\u00eas\",\"item\":\"https:\/\/vestibulares.estrategia.com\/portal\/materias\/portugues\/\"},{\"@type\":\"ListItem\",\"position\":4,\"name\":\"Ora\u00e7\u00f5es Subordinadas na Sintaxe do Per\u00edodo Composto: entenda como funcionam\"}]},{\"@type\":\"WebSite\",\"@id\":\"https:\/\/vestibulares.estrategia.com\/portal\/#website\",\"url\":\"https:\/\/vestibulares.estrategia.com\/portal\/\",\"name\":\"Estrat\u00e9gia Vestibulares\",\"description\":\"\",\"publisher\":{\"@id\":\"https:\/\/vestibulares.estrategia.com\/portal\/#organization\"},\"potentialAction\":[{\"@type\":\"SearchAction\",\"target\":{\"@type\":\"EntryPoint\",\"urlTemplate\":\"https:\/\/vestibulares.estrategia.com\/portal\/?s={search_term_string}\"},\"query-input\":{\"@type\":\"PropertyValueSpecification\",\"valueRequired\":true,\"valueName\":\"search_term_string\"}}],\"inLanguage\":\"pt-BR\"},{\"@type\":\"Organization\",\"@id\":\"https:\/\/vestibulares.estrategia.com\/portal\/#organization\",\"name\":\"Estrat\u00e9gia Vestibulares\",\"url\":\"https:\/\/vestibulares.estrategia.com\/portal\/\",\"logo\":{\"@type\":\"ImageObject\",\"inLanguage\":\"pt-BR\",\"@id\":\"https:\/\/vestibulares.estrategia.com\/portal\/#\/schema\/logo\/image\/\",\"url\":\"https:\/\/vestibulares.estrategia.com\/portal\/wp-content\/uploads\/2021\/06\/Logo-Vestibulares@4x.png\",\"contentUrl\":\"https:\/\/vestibulares.estrategia.com\/portal\/wp-content\/uploads\/2021\/06\/Logo-Vestibulares@4x.png\",\"width\":250,\"height\":66,\"caption\":\"Estrat\u00e9gia Vestibulares\"},\"image\":{\"@id\":\"https:\/\/vestibulares.estrategia.com\/portal\/#\/schema\/logo\/image\/\"},\"sameAs\":[\"https:\/\/facebook.com\/estrategiavestibulares\",\"https:\/\/x.com\/Estrategiavest\",\"https:\/\/www.instagram.com\/estrategiavestibulares\",\"https:\/\/www.youtube.com\/channel\/UCGWdZy8ULI-7_5GrABa4vNA\"]},{\"@type\":\"Person\",\"@id\":\"https:\/\/vestibulares.estrategia.com\/portal\/#\/schema\/person\/58a24ec617c4366facab83777fb769a2\",\"name\":\"Henrique Alonso\",\"image\":{\"@type\":\"ImageObject\",\"inLanguage\":\"pt-BR\",\"@id\":\"https:\/\/vestibulares.estrategia.com\/portal\/#\/schema\/person\/image\/\",\"url\":\"https:\/\/secure.gravatar.com\/avatar\/e01a1a4f8b28b8300d39c594a037436e?s=96&d=mm&r=g\",\"contentUrl\":\"https:\/\/secure.gravatar.com\/avatar\/e01a1a4f8b28b8300d39c594a037436e?s=96&d=mm&r=g\",\"caption\":\"Henrique Alonso\"},\"description\":\"Acad\u00eamico de letras-ingl\u00eas na FFLCH-USP\",\"url\":\"https:\/\/vestibulares.estrategia.com\/portal\/author\/henrique-alonso\/\"}]}<\/script>\n<!-- \/ Yoast SEO Premium plugin. -->","yoast_head_json":{"title":"Ora\u00e7\u00f5es Subordinadas na sintaxe do per\u00edodo composto: o que s\u00e3o","description":"Ora\u00e7\u00f5es Subordinadas na Sintaxe do Per\u00edodo Composto: aprenda como funcionam, como diferenciar cada uma e como pode cair na prova.","robots":{"index":"index","follow":"follow","max-snippet":"max-snippet:-1","max-image-preview":"max-image-preview:large","max-video-preview":"max-video-preview:-1"},"canonical":"https:\/\/vestibulares.estrategia.com\/portal\/materias\/portugues\/oracoes-subordinadas-na-sintaxe-do-periodo-composto-entenda-como-funcionam\/","og_locale":"pt_BR","og_type":"article","og_title":"Ora\u00e7\u00f5es Subordinadas na Sintaxe do Per\u00edodo Composto: entenda como funcionam","og_description":"Ora\u00e7\u00f5es Subordinadas na Sintaxe do Per\u00edodo Composto: aprenda como funcionam, como diferenciar cada uma e como pode cair na prova.","og_url":"https:\/\/vestibulares.estrategia.com\/portal\/materias\/portugues\/oracoes-subordinadas-na-sintaxe-do-periodo-composto-entenda-como-funcionam\/","og_site_name":"Estrat\u00e9gia Vestibulares","article_publisher":"https:\/\/facebook.com\/estrategiavestibulares","article_published_time":"2025-01-17T20:20:41+00:00","article_modified_time":"2025-01-24T18:05:58+00:00","og_image":[{"width":1920,"height":1080,"url":"https:\/\/vestibulares.estrategia.com\/portal\/wp-content\/uploads\/2025\/01\/livro2.jpg","type":"image\/jpeg"}],"author":"Henrique Alonso","twitter_card":"summary_large_image","twitter_creator":"@Estrategiavest","twitter_site":"@Estrategiavest","twitter_misc":{"Escrito por":"Henrique Alonso","Est. tempo de leitura":"6 minutos"},"schema":{"@context":"https:\/\/schema.org","@graph":[{"@type":"Article","@id":"https:\/\/vestibulares.estrategia.com\/portal\/materias\/portugues\/oracoes-subordinadas-na-sintaxe-do-periodo-composto-entenda-como-funcionam\/#article","isPartOf":{"@id":"https:\/\/vestibulares.estrategia.com\/portal\/materias\/portugues\/oracoes-subordinadas-na-sintaxe-do-periodo-composto-entenda-como-funcionam\/"},"author":{"name":"Henrique Alonso","@id":"https:\/\/vestibulares.estrategia.com\/portal\/#\/schema\/person\/58a24ec617c4366facab83777fb769a2"},"headline":"Ora\u00e7\u00f5es Subordinadas na Sintaxe do Per\u00edodo Composto: entenda como funcionam","datePublished":"2025-01-17T20:20:41+00:00","dateModified":"2025-01-24T18:05:58+00:00","mainEntityOfPage":{"@id":"https:\/\/vestibulares.estrategia.com\/portal\/materias\/portugues\/oracoes-subordinadas-na-sintaxe-do-periodo-composto-entenda-como-funcionam\/"},"wordCount":1243,"publisher":{"@id":"https:\/\/vestibulares.estrategia.com\/portal\/#organization"},"image":{"@id":"https:\/\/vestibulares.estrategia.com\/portal\/materias\/portugues\/oracoes-subordinadas-na-sintaxe-do-periodo-composto-entenda-como-funcionam\/#primaryimage"},"thumbnailUrl":"https:\/\/vestibulares.estrategia.com\/portal\/wp-content\/uploads\/2025\/01\/livro2.jpg","articleSection":["Portugu\u00eas"],"inLanguage":"pt-BR"},{"@type":"WebPage","@id":"https:\/\/vestibulares.estrategia.com\/portal\/materias\/portugues\/oracoes-subordinadas-na-sintaxe-do-periodo-composto-entenda-como-funcionam\/","url":"https:\/\/vestibulares.estrategia.com\/portal\/materias\/portugues\/oracoes-subordinadas-na-sintaxe-do-periodo-composto-entenda-como-funcionam\/","name":"Ora\u00e7\u00f5es Subordinadas na sintaxe do per\u00edodo composto: o que s\u00e3o","isPartOf":{"@id":"https:\/\/vestibulares.estrategia.com\/portal\/#website"},"primaryImageOfPage":{"@id":"https:\/\/vestibulares.estrategia.com\/portal\/materias\/portugues\/oracoes-subordinadas-na-sintaxe-do-periodo-composto-entenda-como-funcionam\/#primaryimage"},"image":{"@id":"https:\/\/vestibulares.estrategia.com\/portal\/materias\/portugues\/oracoes-subordinadas-na-sintaxe-do-periodo-composto-entenda-como-funcionam\/#primaryimage"},"thumbnailUrl":"https:\/\/vestibulares.estrategia.com\/portal\/wp-content\/uploads\/2025\/01\/livro2.jpg","datePublished":"2025-01-17T20:20:41+00:00","dateModified":"2025-01-24T18:05:58+00:00","description":"Ora\u00e7\u00f5es Subordinadas na Sintaxe do Per\u00edodo Composto: aprenda como funcionam, como diferenciar cada uma e como pode cair na prova.","breadcrumb":{"@id":"https:\/\/vestibulares.estrategia.com\/portal\/materias\/portugues\/oracoes-subordinadas-na-sintaxe-do-periodo-composto-entenda-como-funcionam\/#breadcrumb"},"inLanguage":"pt-BR","potentialAction":[{"@type":"ReadAction","target":["https:\/\/vestibulares.estrategia.com\/portal\/materias\/portugues\/oracoes-subordinadas-na-sintaxe-do-periodo-composto-entenda-como-funcionam\/"]}]},{"@type":"ImageObject","inLanguage":"pt-BR","@id":"https:\/\/vestibulares.estrategia.com\/portal\/materias\/portugues\/oracoes-subordinadas-na-sintaxe-do-periodo-composto-entenda-como-funcionam\/#primaryimage","url":"https:\/\/vestibulares.estrategia.com\/portal\/wp-content\/uploads\/2025\/01\/livro2.jpg","contentUrl":"https:\/\/vestibulares.estrategia.com\/portal\/wp-content\/uploads\/2025\/01\/livro2.jpg","width":1920,"height":1080,"caption":"ora\u00e7\u00f5es-subordinadas-sintaxe-per\u00edodo-composto-vestibular"},{"@type":"BreadcrumbList","@id":"https:\/\/vestibulares.estrategia.com\/portal\/materias\/portugues\/oracoes-subordinadas-na-sintaxe-do-periodo-composto-entenda-como-funcionam\/#breadcrumb","itemListElement":[{"@type":"ListItem","position":1,"name":"Home","item":"https:\/\/vestibulares.estrategia.com\/portal\/"},{"@type":"ListItem","position":2,"name":"Mat\u00e9rias","item":"https:\/\/vestibulares.estrategia.com\/portal\/materias\/"},{"@type":"ListItem","position":3,"name":"Portugu\u00eas","item":"https:\/\/vestibulares.estrategia.com\/portal\/materias\/portugues\/"},{"@type":"ListItem","position":4,"name":"Ora\u00e7\u00f5es Subordinadas na Sintaxe do Per\u00edodo Composto: entenda como funcionam"}]},{"@type":"WebSite","@id":"https:\/\/vestibulares.estrategia.com\/portal\/#website","url":"https:\/\/vestibulares.estrategia.com\/portal\/","name":"Estrat\u00e9gia Vestibulares","description":"","publisher":{"@id":"https:\/\/vestibulares.estrategia.com\/portal\/#organization"},"potentialAction":[{"@type":"SearchAction","target":{"@type":"EntryPoint","urlTemplate":"https:\/\/vestibulares.estrategia.com\/portal\/?s={search_term_string}"},"query-input":{"@type":"PropertyValueSpecification","valueRequired":true,"valueName":"search_term_string"}}],"inLanguage":"pt-BR"},{"@type":"Organization","@id":"https:\/\/vestibulares.estrategia.com\/portal\/#organization","name":"Estrat\u00e9gia Vestibulares","url":"https:\/\/vestibulares.estrategia.com\/portal\/","logo":{"@type":"ImageObject","inLanguage":"pt-BR","@id":"https:\/\/vestibulares.estrategia.com\/portal\/#\/schema\/logo\/image\/","url":"https:\/\/vestibulares.estrategia.com\/portal\/wp-content\/uploads\/2021\/06\/Logo-Vestibulares@4x.png","contentUrl":"https:\/\/vestibulares.estrategia.com\/portal\/wp-content\/uploads\/2021\/06\/Logo-Vestibulares@4x.png","width":250,"height":66,"caption":"Estrat\u00e9gia Vestibulares"},"image":{"@id":"https:\/\/vestibulares.estrategia.com\/portal\/#\/schema\/logo\/image\/"},"sameAs":["https:\/\/facebook.com\/estrategiavestibulares","https:\/\/x.com\/Estrategiavest","https:\/\/www.instagram.com\/estrategiavestibulares","https:\/\/www.youtube.com\/channel\/UCGWdZy8ULI-7_5GrABa4vNA"]},{"@type":"Person","@id":"https:\/\/vestibulares.estrategia.com\/portal\/#\/schema\/person\/58a24ec617c4366facab83777fb769a2","name":"Henrique Alonso","image":{"@type":"ImageObject","inLanguage":"pt-BR","@id":"https:\/\/vestibulares.estrategia.com\/portal\/#\/schema\/person\/image\/","url":"https:\/\/secure.gravatar.com\/avatar\/e01a1a4f8b28b8300d39c594a037436e?s=96&d=mm&r=g","contentUrl":"https:\/\/secure.gravatar.com\/avatar\/e01a1a4f8b28b8300d39c594a037436e?s=96&d=mm&r=g","caption":"Henrique Alonso"},"description":"Acad\u00eamico de letras-ingl\u00eas na FFLCH-USP","url":"https:\/\/vestibulares.estrategia.com\/portal\/author\/henrique-alonso\/"}]}},"_wl_alt_label":[],"wl:entity_url":"https:\/\/data.wordlift.io\/wl110249\/post\/oracoes-subordinadas-na-sintaxe-do-periodo-composto-entenda-como-funcionam-133597","_links":{"self":[{"href":"https:\/\/vestibulares.estrategia.com\/portal\/wp-json\/wp\/v2\/posts\/133597","targetHints":{"allow":["GET"]}}],"collection":[{"href":"https:\/\/vestibulares.estrategia.com\/portal\/wp-json\/wp\/v2\/posts"}],"about":[{"href":"https:\/\/vestibulares.estrategia.com\/portal\/wp-json\/wp\/v2\/types\/post"}],"author":[{"embeddable":true,"href":"https:\/\/vestibulares.estrategia.com\/portal\/wp-json\/wp\/v2\/users\/60"}],"replies":[{"embeddable":true,"href":"https:\/\/vestibulares.estrategia.com\/portal\/wp-json\/wp\/v2\/comments?post=133597"}],"version-history":[{"count":5,"href":"https:\/\/vestibulares.estrategia.com\/portal\/wp-json\/wp\/v2\/posts\/133597\/revisions"}],"predecessor-version":[{"id":134287,"href":"https:\/\/vestibulares.estrategia.com\/portal\/wp-json\/wp\/v2\/posts\/133597\/revisions\/134287"}],"wp:featuredmedia":[{"embeddable":true,"href":"https:\/\/vestibulares.estrategia.com\/portal\/wp-json\/wp\/v2\/media\/133668"}],"wp:attachment":[{"href":"https:\/\/vestibulares.estrategia.com\/portal\/wp-json\/wp\/v2\/media?parent=133597"}],"wp:term":[{"taxonomy":"category","embeddable":true,"href":"https:\/\/vestibulares.estrategia.com\/portal\/wp-json\/wp\/v2\/categories?post=133597"},{"taxonomy":"post_tag","embeddable":true,"href":"https:\/\/vestibulares.estrategia.com\/portal\/wp-json\/wp\/v2\/tags?post=133597"},{"taxonomy":"wl_entity_type","embeddable":true,"href":"https:\/\/vestibulares.estrategia.com\/portal\/wp-json\/wp\/v2\/wl_entity_type?post=133597"}],"curies":[{"name":"wp","href":"https:\/\/api.w.org\/{rel}","templated":true}]}}