{"id":133924,"date":"2025-01-20T12:15:08","date_gmt":"2025-01-20T15:15:08","guid":{"rendered":"https:\/\/vestibulares.estrategia.com\/portal\/?p=133924"},"modified":"2025-01-24T11:41:45","modified_gmt":"2025-01-24T14:41:45","slug":"vestibular-urca-2025-confira-os-cadernos-de-prova-e-os-gabaritos","status":"publish","type":"post","link":"https:\/\/vestibulares.estrategia.com\/portal\/noticias\/vestibular-urca-2025-confira-os-cadernos-de-prova-e-os-gabaritos\/","title":{"rendered":"Vestibular Urca 2025: confira os cadernos de prova e os gabaritos"},"content":{"rendered":"<p class=\"wp-block-paragraph\">A <span id=\"urn:enhancement-3c716bea-e682-4d15-a35c-d3ed1a19df94\" class=\"textannotation disambiguated wl-organization\" itemid=\"https:\/\/data.wordlift.io\/wl110249\/entity\/universidade-regional-do-cariri\">Universidade Regional do Cariri<\/span> (<a href=\"https:\/\/vestibulares.estrategia.com\/portal\/vestibulares\/vestibular-urca\/\" target=\"_blank\">Urca<\/a>) divulgou nesta segunda-feira (20) os cadernos de prova e os gabaritos preliminares do <span id=\"urn:enhancement-5d259a00-4aad-4e61-81f2-4e7ddd1b59a6\" class=\"textannotation disambiguated wl-thing\" itemid=\"https:\/\/data.wordlift.io\/wl110249\/entity\/vestibular\">vestibular<\/span> 2025, aplicado nos dias 18 e 19 de janeiro. Nesta edi&ccedil;&atilde;o do <span id=\"urn:enhancement-3b5dfd26-6928-43c3-aeb3-277f28db05dd\" class=\"textannotation disambiguated wl-thing\" itemid=\"https:\/\/data.wordlift.io\/wl110249\/entity\/vestibular\">processo seletivo<\/span>, s&atilde;o ofertadas 1.245 vagas em <span id=\"urn:enhancement-dd82abb8-05e2-4a3c-8cf4-c8300abd7937\" class=\"textannotation disambiguated wl-thing\" itemid=\"https:\/\/data.wordlift.io\/wl110249\/entity\/cursos-de-graduacao\">cursos de gradua&ccedil;&atilde;o<\/span>, sendo 20 delas para o Bacharelado em <span id=\"urn:enhancement-bf6dce39-5ce6-4f59-ab32-c4324622e983\" class=\"textannotation disambiguated wl-creative-work\" itemid=\"https:\/\/data.wordlift.io\/wl110249\/entity\/fisica\">F&iacute;sica<\/span>. Confira!<p class=\"wp-block-verse wp-block-paragraph\"><strong>Leia tamb&eacute;m:<br><\/strong>+<a href=\"https:\/\/vestibulares.estrategia.com\/portal\/noticias\/tema-redacao-vestibular-urca-2025\/\" target=\"_blank\"> Tema de reda&ccedil;&atilde;o Vestibular Urca 2025 aborda seguran&ccedil;a p&uacute;blica<\/a><\/p><p class=\"wp-block-paragraph\"><div class=\"cta-medio\" style=\"background-image: url(https:\/\/vestibulares.estrategia.com\/portal\/wp-content\/uploads\/2024\/08\/curso-urca-estrategia-vestibulares-ctamedio.jpg);\"><h3>Pacote Urca<\/h3> <p>Conhe\u00e7a nosso curso<\/p><div class=\"cta-botao\"><a id=\"cta-medio\" href=\"https:\/\/vestibulares.estrategia.com\/curso\/pacote-urca\/\" target=\"_blank\" style=\"background:rgb(255,150,0)\">Saiba mais<\/a><\/div><\/div>\n\n\n\n<\/p><div id=\"ez-toc-container\" class=\"ez-toc-v2_0_86 counter-hierarchy ez-toc-counter ez-toc-transparent ez-toc-container-direction\">\n<div class=\"ez-toc-title-container\"><p class=\"ez-toc-title\" style=\"cursor:inherit\">Navegue pelo conte\u00fado<\/p>\n<\/div><nav><ul class='ez-toc-list ez-toc-list-level-1 ' ><li class='ez-toc-page-1 ez-toc-heading-level-2'><a class=\"ez-toc-link ez-toc-heading-1\" href=\"https:\/\/vestibulares.estrategia.com\/portal\/noticias\/vestibular-urca-2025-confira-os-cadernos-de-prova-e-os-gabaritos\/#Cadernos-de-prova-e-gabaritos-preliminares\" >Cadernos de prova e gabaritos preliminares<\/a><\/li><li class='ez-toc-page-1 ez-toc-heading-level-2'><a class=\"ez-toc-link ez-toc-heading-2\" href=\"https:\/\/vestibulares.estrategia.com\/portal\/noticias\/vestibular-urca-2025-confira-os-cadernos-de-prova-e-os-gabaritos\/#Calendario-Vestibular-Urca-2025-e-Bacharelado-em-Fisica-20242\" >Calend&aacute;rio Vestibular Urca 2025 e Bacharelado em F&iacute;sica 2024\/2<\/a><\/li><li class='ez-toc-page-1 ez-toc-heading-level-2'><a class=\"ez-toc-link ez-toc-heading-3\" href=\"https:\/\/vestibulares.estrategia.com\/portal\/noticias\/vestibular-urca-2025-confira-os-cadernos-de-prova-e-os-gabaritos\/#Como-estudar-para-o-vestibular-da-Urca\" >Como estudar para o vestibular da Urca?<\/a><\/li><\/ul><\/nav><\/div>\n<h2 class=\"wp-block-heading\" id=\"h-cadernos-de-prova-e-gabaritos-preliminares\"><span class=\"ez-toc-section\" id=\"Cadernos-de-prova-e-gabaritos-preliminares\"><\/span>Cadernos de prova e gabaritos preliminares<span class=\"ez-toc-section-end\"><\/span><\/h2><p class=\"wp-block-paragraph\">No primeiro dia de prova, os candidatos responderam&nbsp;60 quest&otilde;es objetivas&nbsp;das disciplinas de <span id=\"urn:enhancement-6c29cd29-72a6-4f2d-ae63-3db695107f88\" class=\"textannotation disambiguated wl-thing\" itemid=\"https:\/\/data.wordlift.io\/wl110249\/entity\/quimica\">Qu&iacute;mica<\/span>, <span id=\"urn:enhancement-106bb7c3-59c9-4bfd-91eb-53fc1a063783\" class=\"textannotation disambiguated wl-creative-work\" itemid=\"https:\/\/data.wordlift.io\/wl110249\/entity\/matematica\">Matem&aacute;tica<\/span>, <span id=\"urn:enhancement-51df5f52-b07f-4adf-b691-c23cef0e9174\" class=\"textannotation disambiguated wl-creative-work\" itemid=\"https:\/\/data.wordlift.io\/wl110249\/entity\/fisica\">F&iacute;sica<\/span> e <span id=\"urn:enhancement-dce89a87-a3dd-4d1a-8889-fb68991065c6\" class=\"textannotation disambiguated wl-thing\" itemid=\"https:\/\/data.wordlift.io\/wl110249\/entity\/biologia\">Biologia<\/span>. <\/p><p class=\"wp-block-paragraph\">J&aacute; no segundo dia, foram cobradas 60 quest&otilde;es objetivas de <span id=\"urn:enhancement-d4313726-ad79-4702-99af-a20ce3133337\" class=\"textannotation disambiguated wl-thing\" itemid=\"https:\/\/data.wordlift.io\/wl110249\/entity\/geografia\">Geografia<\/span>, <span id=\"urn:enhancement-dc61ca75-60f9-4f89-b7be-3e0f1182a985\" class=\"textannotation disambiguated wl-thing\" itemid=\"https:\/\/data.wordlift.io\/wl110249\/entity\/historia\">Hist&oacute;ria<\/span>, <span id=\"urn:enhancement-93d2b29f-9df1-4951-8bec-e6570fd24ba1\" class=\"textannotation disambiguated wl-thing\" itemid=\"https:\/\/data.wordlift.io\/wl110249\/entity\/lingua-portuguesa\">L&iacute;ngua Portuguesa<\/span>, L&iacute;ngua Estrangeira (<span id=\"urn:enhancement-283b005f-fe84-463e-937d-079291e5f4a6\" class=\"textannotation disambiguated wl-thing\" itemid=\"https:\/\/data.wordlift.io\/wl110249\/entity\/ingles\">Ingl&ecirc;s<\/span> ou <span id=\"urn:enhancement-51bf3376-2773-4cc2-9d5d-8b8922fc27cb\" class=\"textannotation disambiguated wl-thing\" itemid=\"https:\/\/data.wordlift.io\/wl110249\/entity\/espanhol\">Espanhol<\/span>) e uma <span id=\"urn:enhancement-2a2d97d3-18fe-436b-b931-efc762fdcf07\" class=\"textannotation disambiguated wl-thing\" itemid=\"https:\/\/data.wordlift.io\/wl110249\/entity\/redacao\">reda&ccedil;&atilde;o<\/span>. Confira abaixo os cadernos de prova e os gabaritos preliminares:<\/p><ul class=\"wp-block-list\">\n<li><a rel=\"nofollow noopener noreferrer\" href=\"https:\/\/vestibulares.estrategia.com\/portal\/wp-content\/uploads\/2025\/01\/urca-2025-caderno-de-prova-1-dia.pdf\" target=\"_blank\">1&ordm; dia &ndash; Caderno de prova<\/a>;<\/li>\n\n\n\n<li><a rel=\"nofollow noopener noreferrer\" href=\"https:\/\/vestibulares.estrategia.com\/portal\/wp-content\/uploads\/2025\/01\/urca-2025-gabarito-preliminar-1-dia.pdf\" target=\"_blank\">1&ordm; dia &ndash; Gabarito preliminar<\/a>;<\/li>\n\n\n\n<li><a rel=\"nofollow noopener noreferrer\" href=\"https:\/\/vestibulares.estrategia.com\/portal\/wp-content\/uploads\/2025\/01\/urca-2025-caderno-de-prova-2-dia-ingles.pdf\" target=\"_blank\">2&ordm; dia &ndash; Caderno de prova (Ingl&ecirc;s)<\/a>;<\/li>\n\n\n\n<li><a rel=\"nofollow noopener noreferrer\" href=\"https:\/\/vestibulares.estrategia.com\/portal\/wp-content\/uploads\/2025\/01\/urca-2025-caderno-de-prova-2-dia-espanhol.pdf\" target=\"_blank\">2&ordm; dia &ndash; Caderno de prova (Espanhol)<\/a>;<\/li>\n\n\n\n<li><a rel=\"nofollow noopener noreferrer\" href=\"https:\/\/vestibulares.estrategia.com\/portal\/wp-content\/uploads\/2025\/01\/urca-2025-gabarito-preliminar-2-dia.pdf\" target=\"_blank\">2&ordm; dia &ndash; Gabarito preliminar<\/a>.<\/li>\n<\/ul><p class=\"wp-block-paragraph\"><div id=\"new-form\">\n\t<form id=\"forms_layout\">\n\t<input type=\"hidden\" id=\"chave_de\" name=\"chave_de\" value=\"01_EVEST_LEADS_TOTAIS\" \/>\n\t\t<input type=\"hidden\" id=\"mid\" name=\"mid\" value=\"515008983\" \/>\n\t\t<input type=\"hidden\" id=\"Objetivo\" name=\"Objetivo\" value=\"Vestibulares\" \/>\n\t\t<input type=\"hidden\" id=\"Estado_de_Origem_do_IP\" name=\"Estado_de_Origem_do_IP\"  value=\"\" \/>\n\t\t<input type=\"hidden\" id=\"Cidade_de_Origem_do_IP\" name=\"Cidade_de_Origem_do_IP\" value=\"\" \/>\n\t\t<input type=\"hidden\" id=\"Modo_de_entrada\" name=\"Modo_de_entrada\" value=\"Portal\" \/>\n\t\t<input type=\"hidden\" id=\"Pagina_Origem\" name=\"Pagina_Origem\" value=\"\" \/>\n\n\t\t<div class=\"texto\">\n\t\t\t<h3 class=\"news\">Inscreva-se em nossa newsletter\ud83e\udd89<\/h3>\n\t\t\t<p>Receba dicas de estudo gratuitas e saiba em primeira m\u00e3o as novidades sobre o Enem, Sisu, Encceja, Fuvest e outros vestibulares!<\/p>\n\t\t<\/div>\n\t\t<div class=\"campos\">\n\t\t\t<div class=\"first_name labels\">\n\t\t\t\t<input type=\"text\" class=\"input_labels\" id=\"first_name\" name=\"Nome_Completo\" placeholder=\"Nome\" required \/>\n\t\t\t<\/div>\n\t\t\t<div class=\"email labels\">\n\t\t\t\t<input type=\"email\" class=\"input_labels\" id=\"email\" name=\"Email\" placeholder=\"E-mail\" required \/>\n\t\t\t<\/div>\n\t\t\t<button type=\"submit\" class=\"button_layout\">\n\t\t\t\t<div id=\"lblBotao\">Inscreva-se<\/div>\n\t\t\t\t<span id=\"divSpiner\" class=\"loader\" role=\"status\" style=\"display: none;\"><\/span>\t\n\t\t\t<\/button>\n\t\t<\/div><!-- \/campos -->\n\t\t\n\t\t<label class=\"container_checkbox\">Voc\u00ea concorda com a nossa\n\t\t\t<a class=\"politics_privacy_ahref\" target=\"_blank\" href=\"https:\/\/gratis.estrategiaconcursos.com.br\/politica-de-privacidade\/\">Pol\u00edtica de Privacidade<\/a> e aceita receber informa\u00e7\u00f5es adicionais do Estrat\u00e9gia Educacional.\n\t\t\t<input id=\"checkbox_layout\" type=\"checkbox\" checked=\"checked\" required \/>\n\t\t\t<span class=\"checkbox\"><\/span>\n\t\t<\/label>\n\t\t<div id=\"msg\"><\/div>\n\t\t<div id=\"error\" class=\"error\">\n\t\t<\/div>\n\t<\/form>\n<\/div><!-- \/new-form -->\n\n\n\n<\/p><h2 class=\"wp-block-heading\" id=\"h-calendario-vestibular-urca-2025-e-bacharelado-em-fisica-2024-2\"><span class=\"ez-toc-section\" id=\"Calendario-Vestibular-Urca-2025-e-Bacharelado-em-Fisica-20242\"><\/span>Calend&aacute;rio Vestibular Urca 2025 e Bacharelado em F&iacute;sica 2024\/2<span class=\"ez-toc-section-end\"><\/span><\/h2><ul class=\"wp-block-list\">\n<li><strong>Publica&ccedil;&atilde;o do edital:&nbsp;<\/strong>25\/10\/2024;<\/li>\n\n\n\n<li><strong>Inscri&ccedil;&otilde;es:<\/strong>&nbsp;28\/10 a 03\/12\/2024;<\/li>\n\n\n\n<li><strong>Pagamento da taxa:&nbsp;<\/strong>at&eacute; 04\/12\/2024;<\/li>\n\n\n\n<li><strong>Solicita&ccedil;&atilde;o de isen&ccedil;&atilde;o da taxa:&nbsp;<\/strong>09 a 15\/09\/2024;<\/li>\n\n\n\n<li><strong>Locais de prova:<\/strong>&nbsp;14\/01\/2025;<\/li>\n\n\n\n<li><strong>Provas:<\/strong>&nbsp;18 e 19\/01\/2025;<\/li>\n\n\n\n<li><strong>Gabarito preliminar:<\/strong>\n<ul class=\"wp-block-list\">\n<li>1&ordm; dia de prova: &agrave;s 08h de 19\/01\/2025;<\/li>\n\n\n\n<li>2&ordm; dia de prova: &agrave;s 19h de 19\/01\/2025;<\/li>\n<\/ul>\n<\/li>\n\n\n\n<li><strong>Resultado final campus Iguatu:<\/strong>&nbsp;12\/02\/2025;<\/li>\n\n\n\n<li><strong>Resultado outros campi:<\/strong>&nbsp;08\/04\/2025.<\/li>\n<\/ul><h2 class=\"wp-block-heading\" id=\"como-estudar-para-o-vestibular-da-ufpr\"><span class=\"ez-toc-section\" id=\"Como-estudar-para-o-vestibular-da-Urca\"><\/span>Como estudar para o vestibular da Urca?<span class=\"ez-toc-section-end\"><\/span><\/h2><p class=\"wp-block-paragraph\">Se voc&ecirc; quer focar nos estudos e garantir uma vaga na Urca no pr&oacute;ximo ano, o <span id=\"urn:enhancement-b6655816-26a2-4bb7-a2c5-3db975f157d0\" class=\"textannotation disambiguated wl-organization\" itemid=\"https:\/\/data.wordlift.io\/wl110249\/entity\/estrategia_vestibulares\">Estrat&eacute;gia Vestibulares<\/span> pode te ajudar!<\/p><p class=\"wp-block-paragraph\">Al&eacute;m de&nbsp;<strong>oferecer diariamente aulas gratuitas no&nbsp;<a href=\"https:\/\/www.youtube.com\/channel\/UCGWdZy8ULI-7_5GrABa4vNA\" target=\"_blank\">YouTube<\/a><\/strong>&nbsp;sobre todas as mat&eacute;rias que caem no <span id=\"urn:enhancement-342e1e46-230f-4e7e-b8bf-7e302f18ed74\" class=\"textannotation disambiguated wl-thing\" itemid=\"https:\/\/data.wordlift.io\/wl110249\/entity\/vestibular\">vestibular<\/span> da Urca, para aqueles que querem investir nos estudos, a plataforma tamb&eacute;m oferece um curso preparat&oacute;rio exclusivo sobre o <span id=\"urn:enhancement-5033fdd8-a99e-4f22-b0b5-26a3e80b2669\" class=\"textannotation disambiguated wl-thing\" itemid=\"https:\/\/data.wordlift.io\/wl110249\/entity\/vestibular\">vestibular<\/span> da Urca 2025, com professores <span id=\"urn:enhancement-b899f3d8-6841-432a-8139-45f0d14779c1\" class=\"textannotation disambiguated wl-thing\" itemid=\"https:\/\/data.wordlift.io\/wl110249\/entity\/especializacao\">especialistas<\/span> na prova e com diversos benef&iacute;cios. D&aacute; s&oacute; uma olhada:&nbsp;<\/p><ul class=\"wp-block-list\">\n<li>Curso com livros digitais;<\/li>\n\n\n\n<li>Corre&ccedil;&atilde;o ilimitada de&nbsp;<a href=\"https:\/\/vestibulares.estrategia.com\/portal\/enem-e-vestibulares\/vestibulares\/curso-de-redacao-para-o-vestibular-saiba-mais-detalhes-e-como-escolher-o-seu\/\" target=\"_blank\">reda&ccedil;&otilde;es<\/a>;<\/li>\n\n\n\n<li>F&oacute;rum de d&uacute;vidas;<\/li>\n\n\n\n<li><a href=\"https:\/\/vestibulares.estrategia.com\/portal\/eventos\/simulados-vestibulares\/\" target=\"_blank\">Simulados<\/a>&nbsp;com quest&otilde;es in&eacute;ditas;<\/li>\n\n\n\n<li>Quest&otilde;es comentadas;<\/li>\n\n\n\n<li>Mapas mentais; e<\/li>\n\n\n\n<li>Entre muitas outras vantagens.<\/li>\n<\/ul><p class=\"wp-block-paragraph\"><a id=\"cta\" class=\"cta-imagem\" href=\"https:\/\/vestibulares.estrategia.com\/curso\/pacote-urca\/\" target=\"blank\">\n                <img decoding=\"async\" width=\"100%\" src=\"https:\/\/vestibulares.estrategia.com\/portal\/wp-content\/uploads\/2021\/12\/Urca.jpg\" alt=\"CTA - Curso URCA\" title=\"CTA - Curso URCA\">\n        <\/a>\n\n\n\n\n<\/p><\/p>\n","protected":false},"excerpt":{"rendered":"As provas foram aplicadas no \u00faltimo final de semana, nos dias 18 e 19 de janeiro; confira os gabaritos preliminares\n","protected":false},"author":51,"featured_media":120780,"comment_status":"closed","ping_status":"closed","sticky":false,"template":"","format":"standard","meta":{"footnotes":""},"categories":[47],"tags":[],"class_list":["post-133924","post","type-post","status-publish","format-standard","has-post-thumbnail","category-noticias"],"acf":[],"yoast_head":"<!-- This site is optimized with the Yoast SEO Premium plugin v25.9 (Yoast SEO v28.2) - https:\/\/yoast.com\/product\/yoast-seo-premium-wordpress\/ -->\n<title>Vestibular Urca 2025: confira os cadernos de prova e os gabaritos<\/title>\n<meta name=\"description\" content=\"A Universidade Regional do Cariri (Urca) divulgou nesta segunda-feira (20) os cadernos de prova e os gabaritos do vestibular 2025.\" \/>\n<meta name=\"robots\" content=\"index, follow, max-snippet:-1, max-image-preview:large, max-video-preview:-1\" \/>\n<link rel=\"canonical\" href=\"https:\/\/vestibulares.estrategia.com\/portal\/noticias\/vestibular-urca-2025-confira-os-cadernos-de-prova-e-os-gabaritos\/\" \/>\n<meta property=\"og:locale\" content=\"pt_BR\" \/>\n<meta property=\"og:type\" content=\"article\" \/>\n<meta property=\"og:title\" content=\"Vestibular Urca 2025: confira os cadernos de prova e os gabaritos\" \/>\n<meta property=\"og:description\" content=\"A Universidade Regional do Cariri (Urca) divulgou nesta segunda-feira (20) os cadernos de prova e os gabaritos do vestibular 2025.\" \/>\n<meta property=\"og:url\" content=\"https:\/\/vestibulares.estrategia.com\/portal\/noticias\/vestibular-urca-2025-confira-os-cadernos-de-prova-e-os-gabaritos\/\" \/>\n<meta property=\"og:site_name\" content=\"Estrat\u00e9gia Vestibulares\" \/>\n<meta property=\"article:publisher\" content=\"https:\/\/facebook.com\/estrategiavestibulares\" \/>\n<meta property=\"article:published_time\" content=\"2025-01-20T15:15:08+00:00\" \/>\n<meta property=\"article:modified_time\" content=\"2025-01-24T14:41:45+00:00\" \/>\n<meta property=\"og:image\" content=\"https:\/\/vestibulares.estrategia.com\/portal\/wp-content\/uploads\/2024\/07\/vestibular-urca-ev.webp\" \/>\n\t<meta property=\"og:image:width\" content=\"960\" \/>\n\t<meta property=\"og:image:height\" content=\"540\" \/>\n\t<meta property=\"og:image:type\" content=\"image\/webp\" \/>\n<meta name=\"author\" content=\"Larrani Ferreira\" \/>\n<meta name=\"twitter:card\" content=\"summary_large_image\" \/>\n<meta name=\"twitter:creator\" content=\"@Estrategiavest\" \/>\n<meta name=\"twitter:site\" content=\"@Estrategiavest\" \/>\n<meta name=\"twitter:label1\" content=\"Escrito por\" \/>\n\t<meta name=\"twitter:data1\" content=\"Larrani Ferreira\" \/>\n\t<meta name=\"twitter:label2\" content=\"Est. tempo de leitura\" \/>\n\t<meta name=\"twitter:data2\" content=\"2 minutos\" \/>\n<script type=\"application\/ld+json\" class=\"yoast-schema-graph\">{\"@context\":\"https:\\\/\\\/schema.org\",\"@graph\":[{\"@type\":\"NewsArticle\",\"@id\":\"https:\\\/\\\/vestibulares.estrategia.com\\\/portal\\\/noticias\\\/vestibular-urca-2025-confira-os-cadernos-de-prova-e-os-gabaritos\\\/#article\",\"isPartOf\":{\"@id\":\"https:\\\/\\\/vestibulares.estrategia.com\\\/portal\\\/noticias\\\/vestibular-urca-2025-confira-os-cadernos-de-prova-e-os-gabaritos\\\/\"},\"author\":{\"name\":\"Larrani Ferreira\",\"@id\":\"https:\\\/\\\/vestibulares.estrategia.com\\\/portal\\\/#\\\/schema\\\/person\\\/98d0c0e22d6d89b480aa1929f0e64ec5\"},\"headline\":\"Vestibular Urca 2025: confira os cadernos de prova e os gabaritos\",\"datePublished\":\"2025-01-20T15:15:08+00:00\",\"dateModified\":\"2025-01-24T14:41:45+00:00\",\"mainEntityOfPage\":{\"@id\":\"https:\\\/\\\/vestibulares.estrategia.com\\\/portal\\\/noticias\\\/vestibular-urca-2025-confira-os-cadernos-de-prova-e-os-gabaritos\\\/\"},\"wordCount\":356,\"publisher\":{\"@id\":\"https:\\\/\\\/vestibulares.estrategia.com\\\/portal\\\/#organization\"},\"image\":{\"@id\":\"https:\\\/\\\/vestibulares.estrategia.com\\\/portal\\\/noticias\\\/vestibular-urca-2025-confira-os-cadernos-de-prova-e-os-gabaritos\\\/#primaryimage\"},\"thumbnailUrl\":\"https:\\\/\\\/vestibulares.estrategia.com\\\/portal\\\/wp-content\\\/uploads\\\/2024\\\/07\\\/vestibular-urca-ev.webp\",\"articleSection\":[\"Not\u00edcias\"],\"inLanguage\":\"pt-BR\"},{\"@type\":\"WebPage\",\"@id\":\"https:\\\/\\\/vestibulares.estrategia.com\\\/portal\\\/noticias\\\/vestibular-urca-2025-confira-os-cadernos-de-prova-e-os-gabaritos\\\/\",\"url\":\"https:\\\/\\\/vestibulares.estrategia.com\\\/portal\\\/noticias\\\/vestibular-urca-2025-confira-os-cadernos-de-prova-e-os-gabaritos\\\/\",\"name\":\"Vestibular Urca 2025: confira os cadernos de prova e os gabaritos\",\"isPartOf\":{\"@id\":\"https:\\\/\\\/vestibulares.estrategia.com\\\/portal\\\/#website\"},\"primaryImageOfPage\":{\"@id\":\"https:\\\/\\\/vestibulares.estrategia.com\\\/portal\\\/noticias\\\/vestibular-urca-2025-confira-os-cadernos-de-prova-e-os-gabaritos\\\/#primaryimage\"},\"image\":{\"@id\":\"https:\\\/\\\/vestibulares.estrategia.com\\\/portal\\\/noticias\\\/vestibular-urca-2025-confira-os-cadernos-de-prova-e-os-gabaritos\\\/#primaryimage\"},\"thumbnailUrl\":\"https:\\\/\\\/vestibulares.estrategia.com\\\/portal\\\/wp-content\\\/uploads\\\/2024\\\/07\\\/vestibular-urca-ev.webp\",\"datePublished\":\"2025-01-20T15:15:08+00:00\",\"dateModified\":\"2025-01-24T14:41:45+00:00\",\"description\":\"A Universidade Regional do Cariri (Urca) divulgou nesta segunda-feira (20) os cadernos de prova e os gabaritos do vestibular 2025.\",\"breadcrumb\":{\"@id\":\"https:\\\/\\\/vestibulares.estrategia.com\\\/portal\\\/noticias\\\/vestibular-urca-2025-confira-os-cadernos-de-prova-e-os-gabaritos\\\/#breadcrumb\"},\"inLanguage\":\"pt-BR\",\"potentialAction\":[{\"@type\":\"ReadAction\",\"target\":[\"https:\\\/\\\/vestibulares.estrategia.com\\\/portal\\\/noticias\\\/vestibular-urca-2025-confira-os-cadernos-de-prova-e-os-gabaritos\\\/\"]}]},{\"@type\":\"ImageObject\",\"inLanguage\":\"pt-BR\",\"@id\":\"https:\\\/\\\/vestibulares.estrategia.com\\\/portal\\\/noticias\\\/vestibular-urca-2025-confira-os-cadernos-de-prova-e-os-gabaritos\\\/#primaryimage\",\"url\":\"https:\\\/\\\/vestibulares.estrategia.com\\\/portal\\\/wp-content\\\/uploads\\\/2024\\\/07\\\/vestibular-urca-ev.webp\",\"contentUrl\":\"https:\\\/\\\/vestibulares.estrategia.com\\\/portal\\\/wp-content\\\/uploads\\\/2024\\\/07\\\/vestibular-urca-ev.webp\",\"width\":960,\"height\":540,\"caption\":\"Urca Estrat\u00e9gia Vestibulares\"},{\"@type\":\"BreadcrumbList\",\"@id\":\"https:\\\/\\\/vestibulares.estrategia.com\\\/portal\\\/noticias\\\/vestibular-urca-2025-confira-os-cadernos-de-prova-e-os-gabaritos\\\/#breadcrumb\",\"itemListElement\":[{\"@type\":\"ListItem\",\"position\":1,\"name\":\"Home\",\"item\":\"https:\\\/\\\/vestibulares.estrategia.com\\\/portal\\\/\"},{\"@type\":\"ListItem\",\"position\":2,\"name\":\"Not\u00edcias\",\"item\":\"https:\\\/\\\/vestibulares.estrategia.com\\\/portal\\\/noticias\\\/\"},{\"@type\":\"ListItem\",\"position\":3,\"name\":\"Vestibular Urca 2025: confira os cadernos de prova e os gabaritos\"}]},{\"@type\":\"WebSite\",\"@id\":\"https:\\\/\\\/vestibulares.estrategia.com\\\/portal\\\/#website\",\"url\":\"https:\\\/\\\/vestibulares.estrategia.com\\\/portal\\\/\",\"name\":\"Estrat\u00e9gia Vestibulares\",\"description\":\"\",\"publisher\":{\"@id\":\"https:\\\/\\\/vestibulares.estrategia.com\\\/portal\\\/#organization\"},\"potentialAction\":[{\"@type\":\"SearchAction\",\"target\":{\"@type\":\"EntryPoint\",\"urlTemplate\":\"https:\\\/\\\/vestibulares.estrategia.com\\\/portal\\\/?s={search_term_string}\"},\"query-input\":{\"@type\":\"PropertyValueSpecification\",\"valueRequired\":true,\"valueName\":\"search_term_string\"}}],\"inLanguage\":\"pt-BR\"},{\"@type\":\"Organization\",\"@id\":\"https:\\\/\\\/vestibulares.estrategia.com\\\/portal\\\/#organization\",\"name\":\"Estrat\u00e9gia Vestibulares\",\"url\":\"https:\\\/\\\/vestibulares.estrategia.com\\\/portal\\\/\",\"logo\":{\"@type\":\"ImageObject\",\"inLanguage\":\"pt-BR\",\"@id\":\"https:\\\/\\\/vestibulares.estrategia.com\\\/portal\\\/#\\\/schema\\\/logo\\\/image\\\/\",\"url\":\"https:\\\/\\\/vestibulares.estrategia.com\\\/portal\\\/wp-content\\\/uploads\\\/2021\\\/06\\\/Logo-Vestibulares@4x.png\",\"contentUrl\":\"https:\\\/\\\/vestibulares.estrategia.com\\\/portal\\\/wp-content\\\/uploads\\\/2021\\\/06\\\/Logo-Vestibulares@4x.png\",\"width\":250,\"height\":66,\"caption\":\"Estrat\u00e9gia Vestibulares\"},\"image\":{\"@id\":\"https:\\\/\\\/vestibulares.estrategia.com\\\/portal\\\/#\\\/schema\\\/logo\\\/image\\\/\"},\"sameAs\":[\"https:\\\/\\\/facebook.com\\\/estrategiavestibulares\",\"https:\\\/\\\/x.com\\\/Estrategiavest\",\"https:\\\/\\\/www.instagram.com\\\/estrategiavestibulares\",\"https:\\\/\\\/www.youtube.com\\\/channel\\\/UCGWdZy8ULI-7_5GrABa4vNA\"]},{\"@type\":\"Person\",\"@id\":\"https:\\\/\\\/vestibulares.estrategia.com\\\/portal\\\/#\\\/schema\\\/person\\\/98d0c0e22d6d89b480aa1929f0e64ec5\",\"name\":\"Larrani Ferreira\",\"image\":{\"@type\":\"ImageObject\",\"inLanguage\":\"pt-BR\",\"@id\":\"https:\\\/\\\/vestibulares.estrategia.com\\\/portal\\\/wp-content\\\/uploads\\\/2026\\\/02\\\/WhatsApp-Image-2026-02-05-at-14.26.13-150x150.jpeg\",\"url\":\"https:\\\/\\\/vestibulares.estrategia.com\\\/portal\\\/wp-content\\\/uploads\\\/2026\\\/02\\\/WhatsApp-Image-2026-02-05-at-14.26.13-150x150.jpeg\",\"contentUrl\":\"https:\\\/\\\/vestibulares.estrategia.com\\\/portal\\\/wp-content\\\/uploads\\\/2026\\\/02\\\/WhatsApp-Image-2026-02-05-at-14.26.13-150x150.jpeg\",\"caption\":\"Larrani Ferreira\"},\"description\":\"Jornalista e Mestranda em Comunica\u00e7\u00e3o Intercultural nas Organiza\u00e7\u00f5es\",\"url\":\"https:\\\/\\\/vestibulares.estrategia.com\\\/portal\\\/author\\\/larranioliveira\\\/\"}]}<\/script>\n<!-- \/ Yoast SEO Premium plugin. -->","yoast_head_json":{"title":"Vestibular Urca 2025: confira os cadernos de prova e os gabaritos","description":"A Universidade Regional do Cariri (Urca) divulgou nesta segunda-feira (20) os cadernos de prova e os gabaritos do vestibular 2025.","robots":{"index":"index","follow":"follow","max-snippet":"max-snippet:-1","max-image-preview":"max-image-preview:large","max-video-preview":"max-video-preview:-1"},"canonical":"https:\/\/vestibulares.estrategia.com\/portal\/noticias\/vestibular-urca-2025-confira-os-cadernos-de-prova-e-os-gabaritos\/","og_locale":"pt_BR","og_type":"article","og_title":"Vestibular Urca 2025: confira os cadernos de prova e os gabaritos","og_description":"A Universidade Regional do Cariri (Urca) divulgou nesta segunda-feira (20) os cadernos de prova e os gabaritos do vestibular 2025.","og_url":"https:\/\/vestibulares.estrategia.com\/portal\/noticias\/vestibular-urca-2025-confira-os-cadernos-de-prova-e-os-gabaritos\/","og_site_name":"Estrat\u00e9gia Vestibulares","article_publisher":"https:\/\/facebook.com\/estrategiavestibulares","article_published_time":"2025-01-20T15:15:08+00:00","article_modified_time":"2025-01-24T14:41:45+00:00","og_image":[{"width":960,"height":540,"url":"https:\/\/vestibulares.estrategia.com\/portal\/wp-content\/uploads\/2024\/07\/vestibular-urca-ev.webp","type":"image\/webp"}],"author":"Larrani Ferreira","twitter_card":"summary_large_image","twitter_creator":"@Estrategiavest","twitter_site":"@Estrategiavest","twitter_misc":{"Escrito por":"Larrani Ferreira","Est. tempo de leitura":"2 minutos"},"schema":{"@context":"https:\/\/schema.org","@graph":[{"@type":"NewsArticle","@id":"https:\/\/vestibulares.estrategia.com\/portal\/noticias\/vestibular-urca-2025-confira-os-cadernos-de-prova-e-os-gabaritos\/#article","isPartOf":{"@id":"https:\/\/vestibulares.estrategia.com\/portal\/noticias\/vestibular-urca-2025-confira-os-cadernos-de-prova-e-os-gabaritos\/"},"author":{"name":"Larrani Ferreira","@id":"https:\/\/vestibulares.estrategia.com\/portal\/#\/schema\/person\/98d0c0e22d6d89b480aa1929f0e64ec5"},"headline":"Vestibular Urca 2025: confira os cadernos de prova e os gabaritos","datePublished":"2025-01-20T15:15:08+00:00","dateModified":"2025-01-24T14:41:45+00:00","mainEntityOfPage":{"@id":"https:\/\/vestibulares.estrategia.com\/portal\/noticias\/vestibular-urca-2025-confira-os-cadernos-de-prova-e-os-gabaritos\/"},"wordCount":356,"publisher":{"@id":"https:\/\/vestibulares.estrategia.com\/portal\/#organization"},"image":{"@id":"https:\/\/vestibulares.estrategia.com\/portal\/noticias\/vestibular-urca-2025-confira-os-cadernos-de-prova-e-os-gabaritos\/#primaryimage"},"thumbnailUrl":"https:\/\/vestibulares.estrategia.com\/portal\/wp-content\/uploads\/2024\/07\/vestibular-urca-ev.webp","articleSection":["Not\u00edcias"],"inLanguage":"pt-BR"},{"@type":"WebPage","@id":"https:\/\/vestibulares.estrategia.com\/portal\/noticias\/vestibular-urca-2025-confira-os-cadernos-de-prova-e-os-gabaritos\/","url":"https:\/\/vestibulares.estrategia.com\/portal\/noticias\/vestibular-urca-2025-confira-os-cadernos-de-prova-e-os-gabaritos\/","name":"Vestibular Urca 2025: confira os cadernos de prova e os gabaritos","isPartOf":{"@id":"https:\/\/vestibulares.estrategia.com\/portal\/#website"},"primaryImageOfPage":{"@id":"https:\/\/vestibulares.estrategia.com\/portal\/noticias\/vestibular-urca-2025-confira-os-cadernos-de-prova-e-os-gabaritos\/#primaryimage"},"image":{"@id":"https:\/\/vestibulares.estrategia.com\/portal\/noticias\/vestibular-urca-2025-confira-os-cadernos-de-prova-e-os-gabaritos\/#primaryimage"},"thumbnailUrl":"https:\/\/vestibulares.estrategia.com\/portal\/wp-content\/uploads\/2024\/07\/vestibular-urca-ev.webp","datePublished":"2025-01-20T15:15:08+00:00","dateModified":"2025-01-24T14:41:45+00:00","description":"A Universidade Regional do Cariri (Urca) divulgou nesta segunda-feira (20) os cadernos de prova e os gabaritos do vestibular 2025.","breadcrumb":{"@id":"https:\/\/vestibulares.estrategia.com\/portal\/noticias\/vestibular-urca-2025-confira-os-cadernos-de-prova-e-os-gabaritos\/#breadcrumb"},"inLanguage":"pt-BR","potentialAction":[{"@type":"ReadAction","target":["https:\/\/vestibulares.estrategia.com\/portal\/noticias\/vestibular-urca-2025-confira-os-cadernos-de-prova-e-os-gabaritos\/"]}]},{"@type":"ImageObject","inLanguage":"pt-BR","@id":"https:\/\/vestibulares.estrategia.com\/portal\/noticias\/vestibular-urca-2025-confira-os-cadernos-de-prova-e-os-gabaritos\/#primaryimage","url":"https:\/\/vestibulares.estrategia.com\/portal\/wp-content\/uploads\/2024\/07\/vestibular-urca-ev.webp","contentUrl":"https:\/\/vestibulares.estrategia.com\/portal\/wp-content\/uploads\/2024\/07\/vestibular-urca-ev.webp","width":960,"height":540,"caption":"Urca Estrat\u00e9gia Vestibulares"},{"@type":"BreadcrumbList","@id":"https:\/\/vestibulares.estrategia.com\/portal\/noticias\/vestibular-urca-2025-confira-os-cadernos-de-prova-e-os-gabaritos\/#breadcrumb","itemListElement":[{"@type":"ListItem","position":1,"name":"Home","item":"https:\/\/vestibulares.estrategia.com\/portal\/"},{"@type":"ListItem","position":2,"name":"Not\u00edcias","item":"https:\/\/vestibulares.estrategia.com\/portal\/noticias\/"},{"@type":"ListItem","position":3,"name":"Vestibular Urca 2025: confira os cadernos de prova e os gabaritos"}]},{"@type":"WebSite","@id":"https:\/\/vestibulares.estrategia.com\/portal\/#website","url":"https:\/\/vestibulares.estrategia.com\/portal\/","name":"Estrat\u00e9gia Vestibulares","description":"","publisher":{"@id":"https:\/\/vestibulares.estrategia.com\/portal\/#organization"},"potentialAction":[{"@type":"SearchAction","target":{"@type":"EntryPoint","urlTemplate":"https:\/\/vestibulares.estrategia.com\/portal\/?s={search_term_string}"},"query-input":{"@type":"PropertyValueSpecification","valueRequired":true,"valueName":"search_term_string"}}],"inLanguage":"pt-BR"},{"@type":"Organization","@id":"https:\/\/vestibulares.estrategia.com\/portal\/#organization","name":"Estrat\u00e9gia Vestibulares","url":"https:\/\/vestibulares.estrategia.com\/portal\/","logo":{"@type":"ImageObject","inLanguage":"pt-BR","@id":"https:\/\/vestibulares.estrategia.com\/portal\/#\/schema\/logo\/image\/","url":"https:\/\/vestibulares.estrategia.com\/portal\/wp-content\/uploads\/2021\/06\/Logo-Vestibulares@4x.png","contentUrl":"https:\/\/vestibulares.estrategia.com\/portal\/wp-content\/uploads\/2021\/06\/Logo-Vestibulares@4x.png","width":250,"height":66,"caption":"Estrat\u00e9gia Vestibulares"},"image":{"@id":"https:\/\/vestibulares.estrategia.com\/portal\/#\/schema\/logo\/image\/"},"sameAs":["https:\/\/facebook.com\/estrategiavestibulares","https:\/\/x.com\/Estrategiavest","https:\/\/www.instagram.com\/estrategiavestibulares","https:\/\/www.youtube.com\/channel\/UCGWdZy8ULI-7_5GrABa4vNA"]},{"@type":"Person","@id":"https:\/\/vestibulares.estrategia.com\/portal\/#\/schema\/person\/98d0c0e22d6d89b480aa1929f0e64ec5","name":"Larrani Ferreira","image":{"@type":"ImageObject","inLanguage":"pt-BR","@id":"https:\/\/vestibulares.estrategia.com\/portal\/wp-content\/uploads\/2026\/02\/WhatsApp-Image-2026-02-05-at-14.26.13-150x150.jpeg","url":"https:\/\/vestibulares.estrategia.com\/portal\/wp-content\/uploads\/2026\/02\/WhatsApp-Image-2026-02-05-at-14.26.13-150x150.jpeg","contentUrl":"https:\/\/vestibulares.estrategia.com\/portal\/wp-content\/uploads\/2026\/02\/WhatsApp-Image-2026-02-05-at-14.26.13-150x150.jpeg","caption":"Larrani Ferreira"},"description":"Jornalista e Mestranda em Comunica\u00e7\u00e3o Intercultural nas Organiza\u00e7\u00f5es","url":"https:\/\/vestibulares.estrategia.com\/portal\/author\/larranioliveira\/"}]}},"_links":{"self":[{"href":"https:\/\/vestibulares.estrategia.com\/portal\/wp-json\/wp\/v2\/posts\/133924","targetHints":{"allow":["GET"]}}],"collection":[{"href":"https:\/\/vestibulares.estrategia.com\/portal\/wp-json\/wp\/v2\/posts"}],"about":[{"href":"https:\/\/vestibulares.estrategia.com\/portal\/wp-json\/wp\/v2\/types\/post"}],"author":[{"embeddable":true,"href":"https:\/\/vestibulares.estrategia.com\/portal\/wp-json\/wp\/v2\/users\/51"}],"replies":[{"embeddable":true,"href":"https:\/\/vestibulares.estrategia.com\/portal\/wp-json\/wp\/v2\/comments?post=133924"}],"version-history":[{"count":5,"href":"https:\/\/vestibulares.estrategia.com\/portal\/wp-json\/wp\/v2\/posts\/133924\/revisions"}],"predecessor-version":[{"id":134256,"href":"https:\/\/vestibulares.estrategia.com\/portal\/wp-json\/wp\/v2\/posts\/133924\/revisions\/134256"}],"wp:featuredmedia":[{"embeddable":true,"href":"https:\/\/vestibulares.estrategia.com\/portal\/wp-json\/wp\/v2\/media\/120780"}],"wp:attachment":[{"href":"https:\/\/vestibulares.estrategia.com\/portal\/wp-json\/wp\/v2\/media?parent=133924"}],"wp:term":[{"taxonomy":"category","embeddable":true,"href":"https:\/\/vestibulares.estrategia.com\/portal\/wp-json\/wp\/v2\/categories?post=133924"},{"taxonomy":"post_tag","embeddable":true,"href":"https:\/\/vestibulares.estrategia.com\/portal\/wp-json\/wp\/v2\/tags?post=133924"}],"curies":[{"name":"wp","href":"https:\/\/api.w.org\/{rel}","templated":true}]}}